{"id":6312,"date":"2021-10-27T10:00:35","date_gmt":"2021-10-27T08:00:35","guid":{"rendered":"https:\/\/www.anovapeneira.gal\/?p=6312"},"modified":"2021-10-26T08:39:58","modified_gmt":"2021-10-26T06:39:58","slug":"o-dilema","status":"publish","type":"post","link":"https:\/\/www.anovapeneira.gal\/index.php\/2021\/10\/27\/o-dilema\/","title":{"rendered":"O dilema"},"content":{"rendered":"\n<figure class=\"wp-block-image size-large is-resized\"><img loading=\"lazy\" decoding=\"async\" src=\"https:\/\/www.anovapeneira.gal\/wp-content\/uploads\/2020\/12\/opinion_mario_lopez_rico.jpg\" alt=\"\" class=\"wp-image-4493\" width=\"95\" height=\"115\"\/><figcaption>Mario L\u00f3pez Rico. CERNA<\/figcaption><\/figure>\n\n\n\n<p>Escrib\u00eda eu neste mesmo xornal hai uns meses:<\/p>\n\n\n\n<p>\u201cTemos unha poboaci\u00f3n envellecida, a nosa xente nova est\u00e1 a marchar -m\u00e1is preparada que nunca-, buscarse a vida al\u00e9n das nosas fronteiras, unha aut\u00e9ntica enxurrada de futuro que se perde, o rico mundo rural, a gandar\u00eda e agricultura esmorecendo, os montes ench\u00e9ndose de eucaliptos, as f\u00e1bricas a pechar nun proceso de desindustrializaci\u00f3n brutal, desapareceu o pouco que hab\u00eda parecido a unha banca galega como as caixas de aforros. Non estamos ante nada pasaxeiro, \u00e9 estrutural ese desaxuste de Galiza no Estado Espa\u00f1ol. Non hai corpo que aguante a sangr\u00eda que sofre o noso Pa\u00eds. Sinceramente, pouco ou nada se albisca, dun futuro mellor de non mudar radicalmente as cousas.\u201d<\/p>\n\n\n\n<p>Nada cambiou dende que ti\u00f1a escrito isto, \u00e9 m\u00e1is, eses procesos agud\u00edzanse e as estat\u00edsticas falan de dunha aceleraci\u00f3n desta desfeita. Isto s\u00f3 pode ser invertido cun acceso urxente e a moi curto prazo do nacionalismo ao Goberno da Xunta, mesmo coas escasas competencias dunha autonom\u00eda outorgada algo pode facerse a\u00ednda que s\u00f3 sexa frear a demolici\u00f3n sistem\u00e1tica levada a cabo polo PP.<\/p>\n\n\n\n<p>Poder\u00e1 o nacionalismo non repetir o circulo vicioso que o levou no 1997 a ser segunda forza e agora de novo no 2020, integrar e aproveitar todo o potencial dos que se reclamen da defensa do Pa\u00eds?<\/p>\n\n\n\n<p>E aqu\u00ed est\u00e1 de novo o grande dilema end\u00e9mico do nacionalismo galego: como chegarmos \u00e1 parte da sociedade galega \u00e1 que nunca chegamos sen deixar de sermos n\u00f3s o instrumento que dicimos ser para a liberaci\u00f3n nacional e social de Galiza, unha escolla entre sobrevivir cun 20% aproximado de apoio electoral da cidadan\u00eda preservando as esencias ideol\u00f3xicas ou inverter todo ese capital humano, organizado ou non, na procura dese 35% m\u00ednimo que din os expertos que poden permitir acadar status de forza de goberno?<\/p>\n\n\n\n<p>Por po\u00f1er un s\u00edmil espacial, teremos a enerx\u00eda suficiente para po\u00f1er un \u00f3rbita o foguete que alumee un goberno galego soberanista?<\/p>\n\n\n\n<p>Este \u00e9 o dilema para min: Cando e como facemos o lanzamento?<\/p>\n\n\n\n<p>Haber\u00e1 quen diga que se trata de acumular previamente forzas, enerx\u00eda, que neste momento non se ten, agardar tempos mellores e mentres tanto \u201cocupar\u201d espazos nas instituci\u00f3ns pero sen cambios substanciais, iso si, mantendo un discurso claro, purista e que pode reforzar a resistencia en montantes non moi extensos da sociedade que ter\u00edan que mobilizar. Creo que isto ten bastante que ver coa vella disxuntiva do \u201cque facer\u201d cando a revoluci\u00f3n non se albisca moi propia na praxe dos partidos comunistas da Europa occidental e dito sexa de paso &#8230; non s\u00f3 dos PC\u2019s cl\u00e1sicos.<\/p>\n\n\n\n<p>Outros poden pensar que se debe facer un grande esforzo de seduci\u00f3n urxente deses cidad\u00e1ns que non apoian o nacionalismo pero que poder\u00edan sumarse como medio para sa\u00edr deste marasmo de explotaci\u00f3n neoliberal demencial na que nos atopamos e na procura de f\u00f3rmulas republicanas para as naci\u00f3ns do estado. Lanzamento urxente do foguete espacial antes de que a sangr\u00eda nos deixe sen pa\u00eds que defender ou nunha situaci\u00f3n de prostraci\u00f3n total. Alg\u00fans tent\u00e1molo cos procesos de Encontro Irmandi\u00f1o, despois Anova e f\u00f3rmulas electorais como AGE e xa doutro xeito En Marea. Creo que o cami\u00f1o deb\u00eda ter sido ese para engrosar o caudal \u201cpatri\u00f3tico\u201d a sumar aos da outra v\u00eda que poderiamos nomear resistencialista, pero topamos precisamente con persoas e organizaci\u00f3ns que estaban a practicar o antes citado de revolucionarios sen revoluci\u00f3n e alg\u00fan material humano trepa e pestilente.<\/p>\n\n\n\n<p>Moitos agora andan (andamos) anunciando procesos de reflexi\u00f3n, pois ben, como dic\u00edan os do Maio franc\u00e9s: Sexamos realistas, esixamos o impos\u00edbel.<\/p>\n\n\n\n<p>E digo eu po\u00f1emos toda a carne no asador xa.<\/p>\n","protected":false},"excerpt":{"rendered":"<div class=\"mh-excerpt\"><p>\u201cTemos unha poboaci\u00f3n envellecida, a nosa xente nova est\u00e1 a marchar -m\u00e1is preparada que nunca-, buscarse a vida al\u00e9n das nosas fronteiras, unha aut\u00e9ntica enxurrada de futuro que se perde, o rico mundo rural, a gandar\u00eda e agricultura esmorecendo, os montes ench\u00e9ndose de eucaliptos, as f\u00e1bricas a pechar nun proceso de desindustrializaci\u00f3n brutal, desapareceu o pouco que hab\u00eda parecido a unha banca galega como as caixas de aforros. Non estamos ante nada pasaxeiro, \u00e9 estrutural ese desaxuste de Galiza no Estado Espa\u00f1ol. Non hai corpo que aguante a sangr\u00eda que sofre o noso Pa\u00eds. Sinceramente, pouco ou nada se albisca, dun futuro mellor de non mudar radicalmente as cousas.\u201d <a class=\"mh-excerpt-more\" href=\"https:\/\/www.anovapeneira.gal\/index.php\/2021\/10\/27\/o-dilema\/\" title=\"O dilema\">[&#8230;]<\/a><\/p>\n<\/div>","protected":false},"author":39,"featured_media":584,"comment_status":"open","ping_status":"open","sticky":false,"template":"","format":"standard","meta":{"_exactmetrics_skip_tracking":false,"_exactmetrics_sitenote_active":false,"_exactmetrics_sitenote_note":"","_exactmetrics_sitenote_category":0,"footnotes":""},"categories":[7],"tags":[58],"class_list":{"0":"post-6312","1":"post","2":"type-post","3":"status-publish","4":"format-standard","5":"has-post-thumbnail","7":"category-artigos-de-opinion","8":"tag-opinion"},"yoast_head":"<!-- This site is optimized with the Yoast SEO plugin v27.4 - https:\/\/yoast.com\/product\/yoast-seo-wordpress\/ -->\n<title>O dilema -<\/title>\n<meta name=\"description\" content=\"\u201cTemos unha poboaci\u00f3n envellecida, a nosa xente nova est\u00e1 a marchar -m\u00e1is preparada que nunca-, buscarse a vida al\u00e9n das nosas fronteiras, unha aut\u00e9ntica enxurrada de futuro que se perde, o rico mundo rural, a gandar\u00eda e agricultura esmorecendo, os montes ench\u00e9ndose de eucaliptos, as f\u00e1bricas a pechar nun proceso de desindustrializaci\u00f3n brutal, desapareceu o pouco que hab\u00eda parecido a unha banca galega como as caixas de aforros. Non estamos ante nada pasaxeiro, \u00e9 estrutural ese desaxuste de Galiza no Estado Espa\u00f1ol. Non hai corpo que aguante a sangr\u00eda que sofre o noso Pa\u00eds. Sinceramente, pouco ou nada se albisca, dun futuro mellor de non mudar radicalmente as cousas.\u201d\" \/>\n<meta name=\"robots\" content=\"index, follow, max-snippet:-1, max-image-preview:large, max-video-preview:-1\" \/>\n<link rel=\"canonical\" href=\"https:\/\/www.anovapeneira.gal\/index.php\/2021\/10\/27\/o-dilema\/\" \/>\n<meta property=\"og:locale\" content=\"gl_ES\" \/>\n<meta property=\"og:type\" content=\"article\" \/>\n<meta property=\"og:title\" content=\"O dilema -\" \/>\n<meta property=\"og:description\" content=\"\u201cTemos unha poboaci\u00f3n envellecida, a nosa xente nova est\u00e1 a marchar -m\u00e1is preparada que nunca-, buscarse a vida al\u00e9n das nosas fronteiras, unha aut\u00e9ntica enxurrada de futuro que se perde, o rico mundo rural, a gandar\u00eda e agricultura esmorecendo, os montes ench\u00e9ndose de eucaliptos, as f\u00e1bricas a pechar nun proceso de desindustrializaci\u00f3n brutal, desapareceu o pouco que hab\u00eda parecido a unha banca galega como as caixas de aforros. Non estamos ante nada pasaxeiro, \u00e9 estrutural ese desaxuste de Galiza no Estado Espa\u00f1ol. Non hai corpo que aguante a sangr\u00eda que sofre o noso Pa\u00eds. Sinceramente, pouco ou nada se albisca, dun futuro mellor de non mudar radicalmente as cousas.\u201d\" \/>\n<meta property=\"og:url\" content=\"https:\/\/www.anovapeneira.gal\/index.php\/2021\/10\/27\/o-dilema\/\" \/>\n<meta property=\"article:publisher\" content=\"https:\/\/www.facebook.com\/anovapeneira\" \/>\n<meta property=\"article:published_time\" content=\"2021-10-27T08:00:35+00:00\" \/>\n<meta property=\"og:image\" content=\"https:\/\/www.anovapeneira.gal\/wp-content\/uploads\/2019\/07\/ARTIGO_DE_OPINION_A_NOVA_PENEIRA.jpg\" \/>\n\t<meta property=\"og:image:width\" content=\"720\" \/>\n\t<meta property=\"og:image:height\" content=\"473\" \/>\n\t<meta property=\"og:image:type\" content=\"image\/jpeg\" \/>\n<meta name=\"author\" content=\"Mario L\u00f3pez Rico\" \/>\n<meta name=\"twitter:card\" content=\"summary_large_image\" \/>\n<meta name=\"twitter:creator\" content=\"@APeneira\" \/>\n<meta name=\"twitter:site\" content=\"@APeneira\" \/>\n<meta name=\"twitter:label1\" content=\"Escrito por\" \/>\n\t<meta name=\"twitter:data1\" content=\"Mario L\u00f3pez Rico\" \/>\n\t<meta name=\"twitter:label2\" content=\"Tempo de lectura\" \/>\n\t<meta name=\"twitter:data2\" content=\"3 minutos\" \/>\n<script type=\"application\/ld+json\" class=\"yoast-schema-graph\">{\"@context\":\"https:\\\/\\\/schema.org\",\"@graph\":[{\"@type\":\"Article\",\"@id\":\"https:\\\/\\\/www.anovapeneira.gal\\\/index.php\\\/2021\\\/10\\\/27\\\/o-dilema\\\/#article\",\"isPartOf\":{\"@id\":\"https:\\\/\\\/www.anovapeneira.gal\\\/index.php\\\/2021\\\/10\\\/27\\\/o-dilema\\\/\"},\"author\":{\"name\":\"Mario L\u00f3pez Rico\",\"@id\":\"https:\\\/\\\/www.anovapeneira.gal\\\/#\\\/schema\\\/person\\\/750877bedf6179a353c4dfaa2c5ea45f\"},\"headline\":\"O dilema\",\"datePublished\":\"2021-10-27T08:00:35+00:00\",\"mainEntityOfPage\":{\"@id\":\"https:\\\/\\\/www.anovapeneira.gal\\\/index.php\\\/2021\\\/10\\\/27\\\/o-dilema\\\/\"},\"wordCount\":662,\"commentCount\":0,\"publisher\":{\"@id\":\"https:\\\/\\\/www.anovapeneira.gal\\\/#organization\"},\"image\":{\"@id\":\"https:\\\/\\\/www.anovapeneira.gal\\\/index.php\\\/2021\\\/10\\\/27\\\/o-dilema\\\/#primaryimage\"},\"thumbnailUrl\":\"https:\\\/\\\/www.anovapeneira.gal\\\/wp-content\\\/uploads\\\/2019\\\/07\\\/ARTIGO_DE_OPINION_A_NOVA_PENEIRA.jpg\",\"keywords\":[\"Opini\u00f3n\"],\"articleSection\":[\"Artigos de opini\u00f3n\"],\"inLanguage\":\"gl-ES\",\"potentialAction\":[{\"@type\":\"CommentAction\",\"name\":\"Comment\",\"target\":[\"https:\\\/\\\/www.anovapeneira.gal\\\/index.php\\\/2021\\\/10\\\/27\\\/o-dilema\\\/#respond\"]}]},{\"@type\":\"WebPage\",\"@id\":\"https:\\\/\\\/www.anovapeneira.gal\\\/index.php\\\/2021\\\/10\\\/27\\\/o-dilema\\\/\",\"url\":\"https:\\\/\\\/www.anovapeneira.gal\\\/index.php\\\/2021\\\/10\\\/27\\\/o-dilema\\\/\",\"name\":\"O dilema -\",\"isPartOf\":{\"@id\":\"https:\\\/\\\/www.anovapeneira.gal\\\/#website\"},\"primaryImageOfPage\":{\"@id\":\"https:\\\/\\\/www.anovapeneira.gal\\\/index.php\\\/2021\\\/10\\\/27\\\/o-dilema\\\/#primaryimage\"},\"image\":{\"@id\":\"https:\\\/\\\/www.anovapeneira.gal\\\/index.php\\\/2021\\\/10\\\/27\\\/o-dilema\\\/#primaryimage\"},\"thumbnailUrl\":\"https:\\\/\\\/www.anovapeneira.gal\\\/wp-content\\\/uploads\\\/2019\\\/07\\\/ARTIGO_DE_OPINION_A_NOVA_PENEIRA.jpg\",\"datePublished\":\"2021-10-27T08:00:35+00:00\",\"description\":\"\u201cTemos unha poboaci\u00f3n envellecida, a nosa xente nova est\u00e1 a marchar -m\u00e1is preparada que nunca-, buscarse a vida al\u00e9n das nosas fronteiras, unha aut\u00e9ntica enxurrada de futuro que se perde, o rico mundo rural, a gandar\u00eda e agricultura esmorecendo, os montes ench\u00e9ndose de eucaliptos, as f\u00e1bricas a pechar nun proceso de desindustrializaci\u00f3n brutal, desapareceu o pouco que hab\u00eda parecido a unha banca galega como as caixas de aforros. Non estamos ante nada pasaxeiro, \u00e9 estrutural ese desaxuste de Galiza no Estado Espa\u00f1ol. Non hai corpo que aguante a sangr\u00eda que sofre o noso Pa\u00eds. Sinceramente, pouco ou nada se albisca, dun futuro mellor de non mudar radicalmente as cousas.\u201d\",\"breadcrumb\":{\"@id\":\"https:\\\/\\\/www.anovapeneira.gal\\\/index.php\\\/2021\\\/10\\\/27\\\/o-dilema\\\/#breadcrumb\"},\"inLanguage\":\"gl-ES\",\"potentialAction\":[{\"@type\":\"ReadAction\",\"target\":[\"https:\\\/\\\/www.anovapeneira.gal\\\/index.php\\\/2021\\\/10\\\/27\\\/o-dilema\\\/\"]}]},{\"@type\":\"ImageObject\",\"inLanguage\":\"gl-ES\",\"@id\":\"https:\\\/\\\/www.anovapeneira.gal\\\/index.php\\\/2021\\\/10\\\/27\\\/o-dilema\\\/#primaryimage\",\"url\":\"https:\\\/\\\/www.anovapeneira.gal\\\/wp-content\\\/uploads\\\/2019\\\/07\\\/ARTIGO_DE_OPINION_A_NOVA_PENEIRA.jpg\",\"contentUrl\":\"https:\\\/\\\/www.anovapeneira.gal\\\/wp-content\\\/uploads\\\/2019\\\/07\\\/ARTIGO_DE_OPINION_A_NOVA_PENEIRA.jpg\",\"width\":720,\"height\":473,\"caption\":\"Artigo de opini\u00f3n A Nova Peneira\"},{\"@type\":\"BreadcrumbList\",\"@id\":\"https:\\\/\\\/www.anovapeneira.gal\\\/index.php\\\/2021\\\/10\\\/27\\\/o-dilema\\\/#breadcrumb\",\"itemListElement\":[{\"@type\":\"ListItem\",\"position\":1,\"name\":\"Portada\",\"item\":\"https:\\\/\\\/www.anovapeneira.gal\\\/\"},{\"@type\":\"ListItem\",\"position\":2,\"name\":\"O dilema\"}]},{\"@type\":\"WebSite\",\"@id\":\"https:\\\/\\\/www.anovapeneira.gal\\\/#website\",\"url\":\"https:\\\/\\\/www.anovapeneira.gal\\\/\",\"name\":\"\",\"description\":\"Xornal galego de informaci\u00f3n xeral Publicaci\u00f3n mensual de novas de Galicia e en especial dos Concellos da sur da provincia de Pontevedra.\",\"publisher\":{\"@id\":\"https:\\\/\\\/www.anovapeneira.gal\\\/#organization\"},\"potentialAction\":[{\"@type\":\"SearchAction\",\"target\":{\"@type\":\"EntryPoint\",\"urlTemplate\":\"https:\\\/\\\/www.anovapeneira.gal\\\/?s={search_term_string}\"},\"query-input\":{\"@type\":\"PropertyValueSpecification\",\"valueRequired\":true,\"valueName\":\"search_term_string\"}}],\"inLanguage\":\"gl-ES\"},{\"@type\":\"Organization\",\"@id\":\"https:\\\/\\\/www.anovapeneira.gal\\\/#organization\",\"name\":\"A Nova Peneira\",\"url\":\"https:\\\/\\\/www.anovapeneira.gal\\\/\",\"logo\":{\"@type\":\"ImageObject\",\"inLanguage\":\"gl-ES\",\"@id\":\"https:\\\/\\\/www.anovapeneira.gal\\\/#\\\/schema\\\/logo\\\/image\\\/\",\"url\":\"http:\\\/\\\/www.anovapeneira.gal\\\/wp-content\\\/uploads\\\/2019\\\/06\\\/logo_a_nova_peneira_portal_web.png\",\"contentUrl\":\"http:\\\/\\\/www.anovapeneira.gal\\\/wp-content\\\/uploads\\\/2019\\\/06\\\/logo_a_nova_peneira_portal_web.png\",\"width\":300,\"height\":100,\"caption\":\"A Nova Peneira\"},\"image\":{\"@id\":\"https:\\\/\\\/www.anovapeneira.gal\\\/#\\\/schema\\\/logo\\\/image\\\/\"},\"sameAs\":[\"https:\\\/\\\/www.facebook.com\\\/anovapeneira\",\"https:\\\/\\\/x.com\\\/APeneira\"]},{\"@type\":\"Person\",\"@id\":\"https:\\\/\\\/www.anovapeneira.gal\\\/#\\\/schema\\\/person\\\/750877bedf6179a353c4dfaa2c5ea45f\",\"name\":\"Mario L\u00f3pez Rico\",\"image\":{\"@type\":\"ImageObject\",\"inLanguage\":\"gl-ES\",\"@id\":\"https:\\\/\\\/secure.gravatar.com\\\/avatar\\\/8b9d152c162f93598b2080425376e9c610eedaa4c0d1755d96d4801d394bc668?s=96&d=mm&r=g\",\"url\":\"https:\\\/\\\/secure.gravatar.com\\\/avatar\\\/8b9d152c162f93598b2080425376e9c610eedaa4c0d1755d96d4801d394bc668?s=96&d=mm&r=g\",\"contentUrl\":\"https:\\\/\\\/secure.gravatar.com\\\/avatar\\\/8b9d152c162f93598b2080425376e9c610eedaa4c0d1755d96d4801d394bc668?s=96&d=mm&r=g\",\"caption\":\"Mario L\u00f3pez Rico\"},\"url\":\"https:\\\/\\\/www.anovapeneira.gal\\\/index.php\\\/author\\\/mariolrico\\\/\"}]}<\/script>\n<!-- \/ Yoast SEO plugin. -->","yoast_head_json":{"title":"O dilema -","description":"\u201cTemos unha poboaci\u00f3n envellecida, a nosa xente nova est\u00e1 a marchar -m\u00e1is preparada que nunca-, buscarse a vida al\u00e9n das nosas fronteiras, unha aut\u00e9ntica enxurrada de futuro que se perde, o rico mundo rural, a gandar\u00eda e agricultura esmorecendo, os montes ench\u00e9ndose de eucaliptos, as f\u00e1bricas a pechar nun proceso de desindustrializaci\u00f3n brutal, desapareceu o pouco que hab\u00eda parecido a unha banca galega como as caixas de aforros. Non estamos ante nada pasaxeiro, \u00e9 estrutural ese desaxuste de Galiza no Estado Espa\u00f1ol. Non hai corpo que aguante a sangr\u00eda que sofre o noso Pa\u00eds. Sinceramente, pouco ou nada se albisca, dun futuro mellor de non mudar radicalmente as cousas.\u201d","robots":{"index":"index","follow":"follow","max-snippet":"max-snippet:-1","max-image-preview":"max-image-preview:large","max-video-preview":"max-video-preview:-1"},"canonical":"https:\/\/www.anovapeneira.gal\/index.php\/2021\/10\/27\/o-dilema\/","og_locale":"gl_ES","og_type":"article","og_title":"O dilema -","og_description":"\u201cTemos unha poboaci\u00f3n envellecida, a nosa xente nova est\u00e1 a marchar -m\u00e1is preparada que nunca-, buscarse a vida al\u00e9n das nosas fronteiras, unha aut\u00e9ntica enxurrada de futuro que se perde, o rico mundo rural, a gandar\u00eda e agricultura esmorecendo, os montes ench\u00e9ndose de eucaliptos, as f\u00e1bricas a pechar nun proceso de desindustrializaci\u00f3n brutal, desapareceu o pouco que hab\u00eda parecido a unha banca galega como as caixas de aforros. Non estamos ante nada pasaxeiro, \u00e9 estrutural ese desaxuste de Galiza no Estado Espa\u00f1ol. Non hai corpo que aguante a sangr\u00eda que sofre o noso Pa\u00eds. Sinceramente, pouco ou nada se albisca, dun futuro mellor de non mudar radicalmente as cousas.\u201d","og_url":"https:\/\/www.anovapeneira.gal\/index.php\/2021\/10\/27\/o-dilema\/","article_publisher":"https:\/\/www.facebook.com\/anovapeneira","article_published_time":"2021-10-27T08:00:35+00:00","og_image":[{"width":720,"height":473,"url":"https:\/\/www.anovapeneira.gal\/wp-content\/uploads\/2019\/07\/ARTIGO_DE_OPINION_A_NOVA_PENEIRA.jpg","type":"image\/jpeg"}],"author":"Mario L\u00f3pez Rico","twitter_card":"summary_large_image","twitter_creator":"@APeneira","twitter_site":"@APeneira","twitter_misc":{"Escrito por":"Mario L\u00f3pez Rico","Tempo de lectura":"3 minutos"},"schema":{"@context":"https:\/\/schema.org","@graph":[{"@type":"Article","@id":"https:\/\/www.anovapeneira.gal\/index.php\/2021\/10\/27\/o-dilema\/#article","isPartOf":{"@id":"https:\/\/www.anovapeneira.gal\/index.php\/2021\/10\/27\/o-dilema\/"},"author":{"name":"Mario L\u00f3pez Rico","@id":"https:\/\/www.anovapeneira.gal\/#\/schema\/person\/750877bedf6179a353c4dfaa2c5ea45f"},"headline":"O dilema","datePublished":"2021-10-27T08:00:35+00:00","mainEntityOfPage":{"@id":"https:\/\/www.anovapeneira.gal\/index.php\/2021\/10\/27\/o-dilema\/"},"wordCount":662,"commentCount":0,"publisher":{"@id":"https:\/\/www.anovapeneira.gal\/#organization"},"image":{"@id":"https:\/\/www.anovapeneira.gal\/index.php\/2021\/10\/27\/o-dilema\/#primaryimage"},"thumbnailUrl":"https:\/\/www.anovapeneira.gal\/wp-content\/uploads\/2019\/07\/ARTIGO_DE_OPINION_A_NOVA_PENEIRA.jpg","keywords":["Opini\u00f3n"],"articleSection":["Artigos de opini\u00f3n"],"inLanguage":"gl-ES","potentialAction":[{"@type":"CommentAction","name":"Comment","target":["https:\/\/www.anovapeneira.gal\/index.php\/2021\/10\/27\/o-dilema\/#respond"]}]},{"@type":"WebPage","@id":"https:\/\/www.anovapeneira.gal\/index.php\/2021\/10\/27\/o-dilema\/","url":"https:\/\/www.anovapeneira.gal\/index.php\/2021\/10\/27\/o-dilema\/","name":"O dilema -","isPartOf":{"@id":"https:\/\/www.anovapeneira.gal\/#website"},"primaryImageOfPage":{"@id":"https:\/\/www.anovapeneira.gal\/index.php\/2021\/10\/27\/o-dilema\/#primaryimage"},"image":{"@id":"https:\/\/www.anovapeneira.gal\/index.php\/2021\/10\/27\/o-dilema\/#primaryimage"},"thumbnailUrl":"https:\/\/www.anovapeneira.gal\/wp-content\/uploads\/2019\/07\/ARTIGO_DE_OPINION_A_NOVA_PENEIRA.jpg","datePublished":"2021-10-27T08:00:35+00:00","description":"\u201cTemos unha poboaci\u00f3n envellecida, a nosa xente nova est\u00e1 a marchar -m\u00e1is preparada que nunca-, buscarse a vida al\u00e9n das nosas fronteiras, unha aut\u00e9ntica enxurrada de futuro que se perde, o rico mundo rural, a gandar\u00eda e agricultura esmorecendo, os montes ench\u00e9ndose de eucaliptos, as f\u00e1bricas a pechar nun proceso de desindustrializaci\u00f3n brutal, desapareceu o pouco que hab\u00eda parecido a unha banca galega como as caixas de aforros. Non estamos ante nada pasaxeiro, \u00e9 estrutural ese desaxuste de Galiza no Estado Espa\u00f1ol. Non hai corpo que aguante a sangr\u00eda que sofre o noso Pa\u00eds. Sinceramente, pouco ou nada se albisca, dun futuro mellor de non mudar radicalmente as cousas.\u201d","breadcrumb":{"@id":"https:\/\/www.anovapeneira.gal\/index.php\/2021\/10\/27\/o-dilema\/#breadcrumb"},"inLanguage":"gl-ES","potentialAction":[{"@type":"ReadAction","target":["https:\/\/www.anovapeneira.gal\/index.php\/2021\/10\/27\/o-dilema\/"]}]},{"@type":"ImageObject","inLanguage":"gl-ES","@id":"https:\/\/www.anovapeneira.gal\/index.php\/2021\/10\/27\/o-dilema\/#primaryimage","url":"https:\/\/www.anovapeneira.gal\/wp-content\/uploads\/2019\/07\/ARTIGO_DE_OPINION_A_NOVA_PENEIRA.jpg","contentUrl":"https:\/\/www.anovapeneira.gal\/wp-content\/uploads\/2019\/07\/ARTIGO_DE_OPINION_A_NOVA_PENEIRA.jpg","width":720,"height":473,"caption":"Artigo de opini\u00f3n A Nova Peneira"},{"@type":"BreadcrumbList","@id":"https:\/\/www.anovapeneira.gal\/index.php\/2021\/10\/27\/o-dilema\/#breadcrumb","itemListElement":[{"@type":"ListItem","position":1,"name":"Portada","item":"https:\/\/www.anovapeneira.gal\/"},{"@type":"ListItem","position":2,"name":"O dilema"}]},{"@type":"WebSite","@id":"https:\/\/www.anovapeneira.gal\/#website","url":"https:\/\/www.anovapeneira.gal\/","name":"","description":"Xornal galego de informaci\u00f3n xeral Publicaci\u00f3n mensual de novas de Galicia e en especial dos Concellos da sur da provincia de Pontevedra.","publisher":{"@id":"https:\/\/www.anovapeneira.gal\/#organization"},"potentialAction":[{"@type":"SearchAction","target":{"@type":"EntryPoint","urlTemplate":"https:\/\/www.anovapeneira.gal\/?s={search_term_string}"},"query-input":{"@type":"PropertyValueSpecification","valueRequired":true,"valueName":"search_term_string"}}],"inLanguage":"gl-ES"},{"@type":"Organization","@id":"https:\/\/www.anovapeneira.gal\/#organization","name":"A Nova Peneira","url":"https:\/\/www.anovapeneira.gal\/","logo":{"@type":"ImageObject","inLanguage":"gl-ES","@id":"https:\/\/www.anovapeneira.gal\/#\/schema\/logo\/image\/","url":"http:\/\/www.anovapeneira.gal\/wp-content\/uploads\/2019\/06\/logo_a_nova_peneira_portal_web.png","contentUrl":"http:\/\/www.anovapeneira.gal\/wp-content\/uploads\/2019\/06\/logo_a_nova_peneira_portal_web.png","width":300,"height":100,"caption":"A Nova Peneira"},"image":{"@id":"https:\/\/www.anovapeneira.gal\/#\/schema\/logo\/image\/"},"sameAs":["https:\/\/www.facebook.com\/anovapeneira","https:\/\/x.com\/APeneira"]},{"@type":"Person","@id":"https:\/\/www.anovapeneira.gal\/#\/schema\/person\/750877bedf6179a353c4dfaa2c5ea45f","name":"Mario L\u00f3pez Rico","image":{"@type":"ImageObject","inLanguage":"gl-ES","@id":"https:\/\/secure.gravatar.com\/avatar\/8b9d152c162f93598b2080425376e9c610eedaa4c0d1755d96d4801d394bc668?s=96&d=mm&r=g","url":"https:\/\/secure.gravatar.com\/avatar\/8b9d152c162f93598b2080425376e9c610eedaa4c0d1755d96d4801d394bc668?s=96&d=mm&r=g","contentUrl":"https:\/\/secure.gravatar.com\/avatar\/8b9d152c162f93598b2080425376e9c610eedaa4c0d1755d96d4801d394bc668?s=96&d=mm&r=g","caption":"Mario L\u00f3pez Rico"},"url":"https:\/\/www.anovapeneira.gal\/index.php\/author\/mariolrico\/"}]}},"jetpack_featured_media_url":"https:\/\/www.anovapeneira.gal\/wp-content\/uploads\/2019\/07\/ARTIGO_DE_OPINION_A_NOVA_PENEIRA.jpg","_links":{"self":[{"href":"https:\/\/www.anovapeneira.gal\/index.php\/wp-json\/wp\/v2\/posts\/6312","targetHints":{"allow":["GET"]}}],"collection":[{"href":"https:\/\/www.anovapeneira.gal\/index.php\/wp-json\/wp\/v2\/posts"}],"about":[{"href":"https:\/\/www.anovapeneira.gal\/index.php\/wp-json\/wp\/v2\/types\/post"}],"author":[{"embeddable":true,"href":"https:\/\/www.anovapeneira.gal\/index.php\/wp-json\/wp\/v2\/users\/39"}],"replies":[{"embeddable":true,"href":"https:\/\/www.anovapeneira.gal\/index.php\/wp-json\/wp\/v2\/comments?post=6312"}],"version-history":[{"count":1,"href":"https:\/\/www.anovapeneira.gal\/index.php\/wp-json\/wp\/v2\/posts\/6312\/revisions"}],"predecessor-version":[{"id":6313,"href":"https:\/\/www.anovapeneira.gal\/index.php\/wp-json\/wp\/v2\/posts\/6312\/revisions\/6313"}],"wp:featuredmedia":[{"embeddable":true,"href":"https:\/\/www.anovapeneira.gal\/index.php\/wp-json\/wp\/v2\/media\/584"}],"wp:attachment":[{"href":"https:\/\/www.anovapeneira.gal\/index.php\/wp-json\/wp\/v2\/media?parent=6312"}],"wp:term":[{"taxonomy":"category","embeddable":true,"href":"https:\/\/www.anovapeneira.gal\/index.php\/wp-json\/wp\/v2\/categories?post=6312"},{"taxonomy":"post_tag","embeddable":true,"href":"https:\/\/www.anovapeneira.gal\/index.php\/wp-json\/wp\/v2\/tags?post=6312"}],"curies":[{"name":"wp","href":"https:\/\/api.w.org\/{rel}","templated":true}]}}