{"id":6314,"date":"2021-10-27T12:00:29","date_gmt":"2021-10-27T10:00:29","guid":{"rendered":"https:\/\/www.anovapeneira.gal\/?p=6314"},"modified":"2021-10-26T08:43:56","modified_gmt":"2021-10-26T06:43:56","slug":"x-festa-de-afirmacion-e-dignidade","status":"publish","type":"post","link":"https:\/\/www.anovapeneira.gal\/index.php\/2021\/10\/27\/x-festa-de-afirmacion-e-dignidade\/","title":{"rendered":"X Festa de Afirmaci\u00f3n e Dignidade"},"content":{"rendered":"\n<figure class=\"wp-block-image size-large is-resized\"><img loading=\"lazy\" decoding=\"async\" src=\"http:\/\/www.anovapeneira.gal\/wp-content\/uploads\/2019\/07\/Baldomero_Iglesias_Dobarrio_Mero.jpg\" alt=\"Baldomero Iglesias Dobarrio Mero artigos de opini\u00f3n A Nova Peneira\" class=\"wp-image-482\" width=\"95\" height=\"111\"\/><figcaption>Baldomero Iglesias Dobarrio, Mero<\/figcaption><\/figure>\n\n\n\n<p>Nun lugar m\u00edtico da nosa xeograf\u00eda como \u00e9 O Pedregal de Irima, onde a primeira fonte do Pai Mi\u00f1o amosa as augas por baixo duns grandes penedos, e sentimos o bulir ilusionado dun correr feito m\u00fasicas e amores, onde Prisciliano garda a s\u00faa ara de pr\u00e9dica, tivo lugar a d\u00e9cima Festa de Afirmaci\u00f3n e Dignidade. Festa de conciliaci\u00f3n e de vontade, para o respecto pola terra e a cultura que nos veu dada, sab\u00e9ndonos donos para as\u00ed celebrar a memoria agradecida da orixe, do que somos, e que resume moito do que fomos e debemos chegar a ser, coa pelexa eficaz para chegar a un mundo mellor e m\u00e1is de todas as persoas, animais e cousas. Celebraci\u00f3n que concilia a Irmandade Manuel Mar\u00eda da Terra Cha e a Asociaci\u00f3n Xermolos nunha data pr\u00f3xima ao solsticio de inverno, este ano o foi o s\u00e1bado 25 de novembro e chegamos sen darnos conta que \u00e9 o cami\u00f1o quen nos leva e trae, ano tras ano a este lugar virxinal e de paz e sosego, de encontro e de mirarnos aos ollos para entendernos. Aqu\u00ed, con auga fresca en manancial, onde animais e plantas te\u00f1en acubillo e protecci\u00f3n, onde compartimos xuntos espazo sen l\u00edmite de verdor e na distancia. Lugar abeirado en pedras grandes, redondas e pulidas polo sol, pola auga da choiva, polo vento, polas erosi\u00f3ns do tempo que as envolven en misteriosas lendas que son pouso de f\u00e9rtil verdade.<\/p>\n\n\n\n<p>Desde esta perspectiva, lese o Manifesto entre unha boa morea de xente. Pousada lectura de cada int\u00e9rprete do texto que vai matizando os aconteceres e na vergo\u00f1a de que prive sempre o beneficio por riba doutras calidades m\u00e1is humanas, un canto \u00e1 Natureza.&nbsp; Este ano, para esta reflexi\u00f3n que sempre facemos, non foi menos. Chegamos \u00e1 conclusi\u00f3n de que debemos ser o pa\u00eds do mundo que m\u00e1is negacionistas ten. Somos capaces mesmo de negarnos a n\u00f3s mesmos! Levamos fac\u00e9ndoo s\u00e9culos da nosa incontada Historia. A mesma lenda deste Pedregal de Irima que nos di que non ten dereito a vivir quen disimule ou esqueza a orixe, invita a volver pola honra da procedencia. Iso tam\u00e9n provoca unha nova presenza de aldraxadores, de terraplanistas que nos infectan e destr\u00faen detr\u00e1s dun rexistro de perfil contable e de beneficios enganosos.<\/p>\n\n\n\n<p>Por iso afirm\u00e1monos, en contra dos que se negan. Deberemos recuperar o cami\u00f1o e a dignidade, mais tam\u00e9n de digna cota. Loitar ata conseguir facer da Nosa Casa o pa\u00eds que conte\u00f1a unha Constituci\u00f3n Lexislativa que nos incl\u00faa a todas e todos, con dous fundamentais artigos vertebradores de toda lei que nos conduza. Cun primeiro apartado no que todas as cidad\u00e1s e cidad\u00e1ns te\u00f1amos dereito irrenunciable e deber de non acatar ningunha lei que resulte inxusta e non contemple a proporci\u00f3n e as circunstancias debidas \u00e1 totalidade. E unha segunda premisa, xusto na que toda a xente te\u00f1a dereito e deber de loitar contra esas leis inxustas, en tempo e forma, en aplicaci\u00f3n e amparo de trampulleiros, esclarecendo as raz\u00f3ns da s\u00faa inxustiza, sen que por iso poidan ser perseguidos ou reprimidas.<\/p>\n\n\n\n<p>Sabemos empezaremos de novo a senda, tantas veces como faga falta, coa empat\u00eda necesaria para cargar forzas e loitar&nbsp; por ese mundo necesario que sabemos certo e posible, que de momento so\u00f1amos. Sabendo ademais que de nada vale lamentarse e doerse, non: &#8220;&#8230;de chorar tanto, s\u00f3 quedan mocos&#8221;, dic\u00eda aquel dito da rapazada no patio do colexio. E \u00e9 certo! C\u00f3mpre revolverse tam\u00e9n contra aquilo que anquilosado non funciona, que segue marcando as normas sen m\u00e1is beneficio que alimentar compracencias. C\u00f3mpre facelo sen pr\u00e9sas, pero ben. Sabendo o que queremos e po\u00f1endo os medios para facelas. Hai que constru\u00edr un porvir de amenceres e liberdades, de esforzo e irmandade, de acollemento e loita por seguir sendo donos de n\u00f3s, do Noso.<\/p>\n\n\n\n<p>Aprendida a lecci\u00f3n do continuo abuso de recursos, da irracional globalizaci\u00f3n de perdas, deberemos aprender a re-localizarnos e ser capaces de valorar as pequenas cousas, de decrecer en ambici\u00f3ns e aprender a resolvernos sen depender da elites econ\u00f3micas que nos abandonan cando enchen. E nesa loita pola Dignidade queremos vivir a Nosa Historia sen dependencias, na soberana condici\u00f3n do que \u00e9 noso, honrando \u00e1 Mai, desde este lugar mesmo que agora mesmo nos habita, berce dos so\u00f1os e dos anceios, afirm\u00e1ndonos en propiedade do noso eido fundamental da existencia, \u00fanica Patria. Non entendemos outra orixe nin procedencia diferente, de lonxincuas voces e tan diversas.<\/p>\n\n\n\n<p>Sabemos que hai alternativas na ciencia e na memoria, na ecolox\u00eda, no acomodo e no respecto, na moderaci\u00f3n, nese vivir que sabemos deixa vivir. Ese modo que tanto nos negan e no que nos fixeron fracasar tantas veces diante da ameaza e o medo.<\/p>\n\n\n\n<p>N\u00f3s celebr\u00e1monos en afirmaci\u00f3n e dignidade compartindo palabras, m\u00fasicas e so\u00f1os, deixando falar aos sen voz e tam\u00e9n andan na mesma angueira. Sa\u00fade e cante o merlo!<\/p>\n","protected":false},"excerpt":{"rendered":"<div class=\"mh-excerpt\"><p>Nun lugar m\u00edtico da nosa xeograf\u00eda como \u00e9 O Pedregal de Irima, onde a primeira fonte do Pai Mi\u00f1o amosa as augas por baixo duns grandes penedos, e sentimos o bulir ilusionado dun correr feito m\u00fasicas e amores, onde Prisciliano garda a s\u00faa ara de pr\u00e9dica, tivo lugar a d\u00e9cima Festa de Afirmaci\u00f3n e Dignidade <a class=\"mh-excerpt-more\" href=\"https:\/\/www.anovapeneira.gal\/index.php\/2021\/10\/27\/x-festa-de-afirmacion-e-dignidade\/\" title=\"X Festa de Afirmaci\u00f3n e Dignidade\">[&#8230;]<\/a><\/p>\n<\/div>","protected":false},"author":5,"featured_media":584,"comment_status":"open","ping_status":"open","sticky":false,"template":"","format":"standard","meta":{"_exactmetrics_skip_tracking":false,"_exactmetrics_sitenote_active":false,"_exactmetrics_sitenote_note":"","_exactmetrics_sitenote_category":0,"footnotes":""},"categories":[7],"tags":[58],"class_list":{"0":"post-6314","1":"post","2":"type-post","3":"status-publish","4":"format-standard","5":"has-post-thumbnail","7":"category-artigos-de-opinion","8":"tag-opinion"},"yoast_head":"<!-- This site is optimized with the Yoast SEO plugin v27.4 - https:\/\/yoast.com\/product\/yoast-seo-wordpress\/ -->\n<title>X Festa de Afirmaci\u00f3n e Dignidade -<\/title>\n<meta name=\"description\" content=\"Nun lugar m\u00edtico da nosa xeograf\u00eda como \u00e9 O Pedregal de Irima, onde a primeira fonte do Pai Mi\u00f1o amosa as augas por baixo duns grandes penedos, e sentimos o bulir ilusionado dun correr feito m\u00fasicas e amores, onde Prisciliano garda a s\u00faa ara de pr\u00e9dica, tivo lugar a d\u00e9cima Festa de Afirmaci\u00f3n e Dignidade\" \/>\n<meta name=\"robots\" content=\"index, follow, max-snippet:-1, max-image-preview:large, max-video-preview:-1\" \/>\n<link rel=\"canonical\" href=\"https:\/\/www.anovapeneira.gal\/index.php\/2021\/10\/27\/x-festa-de-afirmacion-e-dignidade\/\" \/>\n<meta property=\"og:locale\" content=\"gl_ES\" \/>\n<meta property=\"og:type\" content=\"article\" \/>\n<meta property=\"og:title\" content=\"X Festa de Afirmaci\u00f3n e Dignidade -\" \/>\n<meta property=\"og:description\" content=\"Nun lugar m\u00edtico da nosa xeograf\u00eda como \u00e9 O Pedregal de Irima, onde a primeira fonte do Pai Mi\u00f1o amosa as augas por baixo duns grandes penedos, e sentimos o bulir ilusionado dun correr feito m\u00fasicas e amores, onde Prisciliano garda a s\u00faa ara de pr\u00e9dica, tivo lugar a d\u00e9cima Festa de Afirmaci\u00f3n e Dignidade\" \/>\n<meta property=\"og:url\" content=\"https:\/\/www.anovapeneira.gal\/index.php\/2021\/10\/27\/x-festa-de-afirmacion-e-dignidade\/\" \/>\n<meta property=\"article:publisher\" content=\"https:\/\/www.facebook.com\/anovapeneira\" \/>\n<meta property=\"article:published_time\" content=\"2021-10-27T10:00:29+00:00\" \/>\n<meta property=\"og:image\" content=\"https:\/\/www.anovapeneira.gal\/wp-content\/uploads\/2019\/07\/ARTIGO_DE_OPINION_A_NOVA_PENEIRA.jpg\" \/>\n\t<meta property=\"og:image:width\" content=\"720\" \/>\n\t<meta property=\"og:image:height\" content=\"473\" \/>\n\t<meta property=\"og:image:type\" content=\"image\/jpeg\" \/>\n<meta name=\"author\" content=\"Baldomero Iglesias Dobarrio, Mero\" \/>\n<meta name=\"twitter:card\" content=\"summary_large_image\" \/>\n<meta name=\"twitter:creator\" content=\"@APeneira\" \/>\n<meta name=\"twitter:site\" content=\"@APeneira\" \/>\n<meta name=\"twitter:label1\" content=\"Escrito por\" \/>\n\t<meta name=\"twitter:data1\" content=\"Baldomero Iglesias Dobarrio, Mero\" \/>\n\t<meta name=\"twitter:label2\" content=\"Tempo de lectura\" \/>\n\t<meta name=\"twitter:data2\" content=\"4 minutos\" \/>\n<script type=\"application\/ld+json\" class=\"yoast-schema-graph\">{\"@context\":\"https:\\\/\\\/schema.org\",\"@graph\":[{\"@type\":\"Article\",\"@id\":\"https:\\\/\\\/www.anovapeneira.gal\\\/index.php\\\/2021\\\/10\\\/27\\\/x-festa-de-afirmacion-e-dignidade\\\/#article\",\"isPartOf\":{\"@id\":\"https:\\\/\\\/www.anovapeneira.gal\\\/index.php\\\/2021\\\/10\\\/27\\\/x-festa-de-afirmacion-e-dignidade\\\/\"},\"author\":{\"name\":\"Baldomero Iglesias Dobarrio, Mero\",\"@id\":\"https:\\\/\\\/www.anovapeneira.gal\\\/#\\\/schema\\\/person\\\/b051ed40cfc100e281476674783b32fc\"},\"headline\":\"X Festa de Afirmaci\u00f3n e Dignidade\",\"datePublished\":\"2021-10-27T10:00:29+00:00\",\"mainEntityOfPage\":{\"@id\":\"https:\\\/\\\/www.anovapeneira.gal\\\/index.php\\\/2021\\\/10\\\/27\\\/x-festa-de-afirmacion-e-dignidade\\\/\"},\"wordCount\":881,\"commentCount\":0,\"publisher\":{\"@id\":\"https:\\\/\\\/www.anovapeneira.gal\\\/#organization\"},\"image\":{\"@id\":\"https:\\\/\\\/www.anovapeneira.gal\\\/index.php\\\/2021\\\/10\\\/27\\\/x-festa-de-afirmacion-e-dignidade\\\/#primaryimage\"},\"thumbnailUrl\":\"https:\\\/\\\/www.anovapeneira.gal\\\/wp-content\\\/uploads\\\/2019\\\/07\\\/ARTIGO_DE_OPINION_A_NOVA_PENEIRA.jpg\",\"keywords\":[\"Opini\u00f3n\"],\"articleSection\":[\"Artigos de opini\u00f3n\"],\"inLanguage\":\"gl-ES\",\"potentialAction\":[{\"@type\":\"CommentAction\",\"name\":\"Comment\",\"target\":[\"https:\\\/\\\/www.anovapeneira.gal\\\/index.php\\\/2021\\\/10\\\/27\\\/x-festa-de-afirmacion-e-dignidade\\\/#respond\"]}]},{\"@type\":\"WebPage\",\"@id\":\"https:\\\/\\\/www.anovapeneira.gal\\\/index.php\\\/2021\\\/10\\\/27\\\/x-festa-de-afirmacion-e-dignidade\\\/\",\"url\":\"https:\\\/\\\/www.anovapeneira.gal\\\/index.php\\\/2021\\\/10\\\/27\\\/x-festa-de-afirmacion-e-dignidade\\\/\",\"name\":\"X Festa de Afirmaci\u00f3n e Dignidade -\",\"isPartOf\":{\"@id\":\"https:\\\/\\\/www.anovapeneira.gal\\\/#website\"},\"primaryImageOfPage\":{\"@id\":\"https:\\\/\\\/www.anovapeneira.gal\\\/index.php\\\/2021\\\/10\\\/27\\\/x-festa-de-afirmacion-e-dignidade\\\/#primaryimage\"},\"image\":{\"@id\":\"https:\\\/\\\/www.anovapeneira.gal\\\/index.php\\\/2021\\\/10\\\/27\\\/x-festa-de-afirmacion-e-dignidade\\\/#primaryimage\"},\"thumbnailUrl\":\"https:\\\/\\\/www.anovapeneira.gal\\\/wp-content\\\/uploads\\\/2019\\\/07\\\/ARTIGO_DE_OPINION_A_NOVA_PENEIRA.jpg\",\"datePublished\":\"2021-10-27T10:00:29+00:00\",\"description\":\"Nun lugar m\u00edtico da nosa xeograf\u00eda como \u00e9 O Pedregal de Irima, onde a primeira fonte do Pai Mi\u00f1o amosa as augas por baixo duns grandes penedos, e sentimos o bulir ilusionado dun correr feito m\u00fasicas e amores, onde Prisciliano garda a s\u00faa ara de pr\u00e9dica, tivo lugar a d\u00e9cima Festa de Afirmaci\u00f3n e Dignidade\",\"breadcrumb\":{\"@id\":\"https:\\\/\\\/www.anovapeneira.gal\\\/index.php\\\/2021\\\/10\\\/27\\\/x-festa-de-afirmacion-e-dignidade\\\/#breadcrumb\"},\"inLanguage\":\"gl-ES\",\"potentialAction\":[{\"@type\":\"ReadAction\",\"target\":[\"https:\\\/\\\/www.anovapeneira.gal\\\/index.php\\\/2021\\\/10\\\/27\\\/x-festa-de-afirmacion-e-dignidade\\\/\"]}]},{\"@type\":\"ImageObject\",\"inLanguage\":\"gl-ES\",\"@id\":\"https:\\\/\\\/www.anovapeneira.gal\\\/index.php\\\/2021\\\/10\\\/27\\\/x-festa-de-afirmacion-e-dignidade\\\/#primaryimage\",\"url\":\"https:\\\/\\\/www.anovapeneira.gal\\\/wp-content\\\/uploads\\\/2019\\\/07\\\/ARTIGO_DE_OPINION_A_NOVA_PENEIRA.jpg\",\"contentUrl\":\"https:\\\/\\\/www.anovapeneira.gal\\\/wp-content\\\/uploads\\\/2019\\\/07\\\/ARTIGO_DE_OPINION_A_NOVA_PENEIRA.jpg\",\"width\":720,\"height\":473,\"caption\":\"Artigo de opini\u00f3n A Nova Peneira\"},{\"@type\":\"BreadcrumbList\",\"@id\":\"https:\\\/\\\/www.anovapeneira.gal\\\/index.php\\\/2021\\\/10\\\/27\\\/x-festa-de-afirmacion-e-dignidade\\\/#breadcrumb\",\"itemListElement\":[{\"@type\":\"ListItem\",\"position\":1,\"name\":\"Portada\",\"item\":\"https:\\\/\\\/www.anovapeneira.gal\\\/\"},{\"@type\":\"ListItem\",\"position\":2,\"name\":\"X Festa de Afirmaci\u00f3n e Dignidade\"}]},{\"@type\":\"WebSite\",\"@id\":\"https:\\\/\\\/www.anovapeneira.gal\\\/#website\",\"url\":\"https:\\\/\\\/www.anovapeneira.gal\\\/\",\"name\":\"\",\"description\":\"Xornal galego de informaci\u00f3n xeral Publicaci\u00f3n mensual de novas de Galicia e en especial dos Concellos da sur da provincia de Pontevedra.\",\"publisher\":{\"@id\":\"https:\\\/\\\/www.anovapeneira.gal\\\/#organization\"},\"potentialAction\":[{\"@type\":\"SearchAction\",\"target\":{\"@type\":\"EntryPoint\",\"urlTemplate\":\"https:\\\/\\\/www.anovapeneira.gal\\\/?s={search_term_string}\"},\"query-input\":{\"@type\":\"PropertyValueSpecification\",\"valueRequired\":true,\"valueName\":\"search_term_string\"}}],\"inLanguage\":\"gl-ES\"},{\"@type\":\"Organization\",\"@id\":\"https:\\\/\\\/www.anovapeneira.gal\\\/#organization\",\"name\":\"A Nova Peneira\",\"url\":\"https:\\\/\\\/www.anovapeneira.gal\\\/\",\"logo\":{\"@type\":\"ImageObject\",\"inLanguage\":\"gl-ES\",\"@id\":\"https:\\\/\\\/www.anovapeneira.gal\\\/#\\\/schema\\\/logo\\\/image\\\/\",\"url\":\"http:\\\/\\\/www.anovapeneira.gal\\\/wp-content\\\/uploads\\\/2019\\\/06\\\/logo_a_nova_peneira_portal_web.png\",\"contentUrl\":\"http:\\\/\\\/www.anovapeneira.gal\\\/wp-content\\\/uploads\\\/2019\\\/06\\\/logo_a_nova_peneira_portal_web.png\",\"width\":300,\"height\":100,\"caption\":\"A Nova Peneira\"},\"image\":{\"@id\":\"https:\\\/\\\/www.anovapeneira.gal\\\/#\\\/schema\\\/logo\\\/image\\\/\"},\"sameAs\":[\"https:\\\/\\\/www.facebook.com\\\/anovapeneira\",\"https:\\\/\\\/x.com\\\/APeneira\"]},{\"@type\":\"Person\",\"@id\":\"https:\\\/\\\/www.anovapeneira.gal\\\/#\\\/schema\\\/person\\\/b051ed40cfc100e281476674783b32fc\",\"name\":\"Baldomero Iglesias Dobarrio, Mero\",\"image\":{\"@type\":\"ImageObject\",\"inLanguage\":\"gl-ES\",\"@id\":\"https:\\\/\\\/secure.gravatar.com\\\/avatar\\\/ca78fc089f8cf28197f88de2c9ac213e2f7d2097d8e359d9359b8778b539c59d?s=96&d=mm&r=g\",\"url\":\"https:\\\/\\\/secure.gravatar.com\\\/avatar\\\/ca78fc089f8cf28197f88de2c9ac213e2f7d2097d8e359d9359b8778b539c59d?s=96&d=mm&r=g\",\"contentUrl\":\"https:\\\/\\\/secure.gravatar.com\\\/avatar\\\/ca78fc089f8cf28197f88de2c9ac213e2f7d2097d8e359d9359b8778b539c59d?s=96&d=mm&r=g\",\"caption\":\"Baldomero Iglesias Dobarrio, Mero\"},\"sameAs\":[\"http:\\\/\\\/anovapeneira.gal\"],\"url\":\"https:\\\/\\\/www.anovapeneira.gal\\\/index.php\\\/author\\\/opinionmero\\\/\"}]}<\/script>\n<!-- \/ Yoast SEO plugin. -->","yoast_head_json":{"title":"X Festa de Afirmaci\u00f3n e Dignidade -","description":"Nun lugar m\u00edtico da nosa xeograf\u00eda como \u00e9 O Pedregal de Irima, onde a primeira fonte do Pai Mi\u00f1o amosa as augas por baixo duns grandes penedos, e sentimos o bulir ilusionado dun correr feito m\u00fasicas e amores, onde Prisciliano garda a s\u00faa ara de pr\u00e9dica, tivo lugar a d\u00e9cima Festa de Afirmaci\u00f3n e Dignidade","robots":{"index":"index","follow":"follow","max-snippet":"max-snippet:-1","max-image-preview":"max-image-preview:large","max-video-preview":"max-video-preview:-1"},"canonical":"https:\/\/www.anovapeneira.gal\/index.php\/2021\/10\/27\/x-festa-de-afirmacion-e-dignidade\/","og_locale":"gl_ES","og_type":"article","og_title":"X Festa de Afirmaci\u00f3n e Dignidade -","og_description":"Nun lugar m\u00edtico da nosa xeograf\u00eda como \u00e9 O Pedregal de Irima, onde a primeira fonte do Pai Mi\u00f1o amosa as augas por baixo duns grandes penedos, e sentimos o bulir ilusionado dun correr feito m\u00fasicas e amores, onde Prisciliano garda a s\u00faa ara de pr\u00e9dica, tivo lugar a d\u00e9cima Festa de Afirmaci\u00f3n e Dignidade","og_url":"https:\/\/www.anovapeneira.gal\/index.php\/2021\/10\/27\/x-festa-de-afirmacion-e-dignidade\/","article_publisher":"https:\/\/www.facebook.com\/anovapeneira","article_published_time":"2021-10-27T10:00:29+00:00","og_image":[{"width":720,"height":473,"url":"https:\/\/www.anovapeneira.gal\/wp-content\/uploads\/2019\/07\/ARTIGO_DE_OPINION_A_NOVA_PENEIRA.jpg","type":"image\/jpeg"}],"author":"Baldomero Iglesias Dobarrio, Mero","twitter_card":"summary_large_image","twitter_creator":"@APeneira","twitter_site":"@APeneira","twitter_misc":{"Escrito por":"Baldomero Iglesias Dobarrio, Mero","Tempo de lectura":"4 minutos"},"schema":{"@context":"https:\/\/schema.org","@graph":[{"@type":"Article","@id":"https:\/\/www.anovapeneira.gal\/index.php\/2021\/10\/27\/x-festa-de-afirmacion-e-dignidade\/#article","isPartOf":{"@id":"https:\/\/www.anovapeneira.gal\/index.php\/2021\/10\/27\/x-festa-de-afirmacion-e-dignidade\/"},"author":{"name":"Baldomero Iglesias Dobarrio, Mero","@id":"https:\/\/www.anovapeneira.gal\/#\/schema\/person\/b051ed40cfc100e281476674783b32fc"},"headline":"X Festa de Afirmaci\u00f3n e Dignidade","datePublished":"2021-10-27T10:00:29+00:00","mainEntityOfPage":{"@id":"https:\/\/www.anovapeneira.gal\/index.php\/2021\/10\/27\/x-festa-de-afirmacion-e-dignidade\/"},"wordCount":881,"commentCount":0,"publisher":{"@id":"https:\/\/www.anovapeneira.gal\/#organization"},"image":{"@id":"https:\/\/www.anovapeneira.gal\/index.php\/2021\/10\/27\/x-festa-de-afirmacion-e-dignidade\/#primaryimage"},"thumbnailUrl":"https:\/\/www.anovapeneira.gal\/wp-content\/uploads\/2019\/07\/ARTIGO_DE_OPINION_A_NOVA_PENEIRA.jpg","keywords":["Opini\u00f3n"],"articleSection":["Artigos de opini\u00f3n"],"inLanguage":"gl-ES","potentialAction":[{"@type":"CommentAction","name":"Comment","target":["https:\/\/www.anovapeneira.gal\/index.php\/2021\/10\/27\/x-festa-de-afirmacion-e-dignidade\/#respond"]}]},{"@type":"WebPage","@id":"https:\/\/www.anovapeneira.gal\/index.php\/2021\/10\/27\/x-festa-de-afirmacion-e-dignidade\/","url":"https:\/\/www.anovapeneira.gal\/index.php\/2021\/10\/27\/x-festa-de-afirmacion-e-dignidade\/","name":"X Festa de Afirmaci\u00f3n e Dignidade -","isPartOf":{"@id":"https:\/\/www.anovapeneira.gal\/#website"},"primaryImageOfPage":{"@id":"https:\/\/www.anovapeneira.gal\/index.php\/2021\/10\/27\/x-festa-de-afirmacion-e-dignidade\/#primaryimage"},"image":{"@id":"https:\/\/www.anovapeneira.gal\/index.php\/2021\/10\/27\/x-festa-de-afirmacion-e-dignidade\/#primaryimage"},"thumbnailUrl":"https:\/\/www.anovapeneira.gal\/wp-content\/uploads\/2019\/07\/ARTIGO_DE_OPINION_A_NOVA_PENEIRA.jpg","datePublished":"2021-10-27T10:00:29+00:00","description":"Nun lugar m\u00edtico da nosa xeograf\u00eda como \u00e9 O Pedregal de Irima, onde a primeira fonte do Pai Mi\u00f1o amosa as augas por baixo duns grandes penedos, e sentimos o bulir ilusionado dun correr feito m\u00fasicas e amores, onde Prisciliano garda a s\u00faa ara de pr\u00e9dica, tivo lugar a d\u00e9cima Festa de Afirmaci\u00f3n e Dignidade","breadcrumb":{"@id":"https:\/\/www.anovapeneira.gal\/index.php\/2021\/10\/27\/x-festa-de-afirmacion-e-dignidade\/#breadcrumb"},"inLanguage":"gl-ES","potentialAction":[{"@type":"ReadAction","target":["https:\/\/www.anovapeneira.gal\/index.php\/2021\/10\/27\/x-festa-de-afirmacion-e-dignidade\/"]}]},{"@type":"ImageObject","inLanguage":"gl-ES","@id":"https:\/\/www.anovapeneira.gal\/index.php\/2021\/10\/27\/x-festa-de-afirmacion-e-dignidade\/#primaryimage","url":"https:\/\/www.anovapeneira.gal\/wp-content\/uploads\/2019\/07\/ARTIGO_DE_OPINION_A_NOVA_PENEIRA.jpg","contentUrl":"https:\/\/www.anovapeneira.gal\/wp-content\/uploads\/2019\/07\/ARTIGO_DE_OPINION_A_NOVA_PENEIRA.jpg","width":720,"height":473,"caption":"Artigo de opini\u00f3n A Nova Peneira"},{"@type":"BreadcrumbList","@id":"https:\/\/www.anovapeneira.gal\/index.php\/2021\/10\/27\/x-festa-de-afirmacion-e-dignidade\/#breadcrumb","itemListElement":[{"@type":"ListItem","position":1,"name":"Portada","item":"https:\/\/www.anovapeneira.gal\/"},{"@type":"ListItem","position":2,"name":"X Festa de Afirmaci\u00f3n e Dignidade"}]},{"@type":"WebSite","@id":"https:\/\/www.anovapeneira.gal\/#website","url":"https:\/\/www.anovapeneira.gal\/","name":"","description":"Xornal galego de informaci\u00f3n xeral Publicaci\u00f3n mensual de novas de Galicia e en especial dos Concellos da sur da provincia de Pontevedra.","publisher":{"@id":"https:\/\/www.anovapeneira.gal\/#organization"},"potentialAction":[{"@type":"SearchAction","target":{"@type":"EntryPoint","urlTemplate":"https:\/\/www.anovapeneira.gal\/?s={search_term_string}"},"query-input":{"@type":"PropertyValueSpecification","valueRequired":true,"valueName":"search_term_string"}}],"inLanguage":"gl-ES"},{"@type":"Organization","@id":"https:\/\/www.anovapeneira.gal\/#organization","name":"A Nova Peneira","url":"https:\/\/www.anovapeneira.gal\/","logo":{"@type":"ImageObject","inLanguage":"gl-ES","@id":"https:\/\/www.anovapeneira.gal\/#\/schema\/logo\/image\/","url":"http:\/\/www.anovapeneira.gal\/wp-content\/uploads\/2019\/06\/logo_a_nova_peneira_portal_web.png","contentUrl":"http:\/\/www.anovapeneira.gal\/wp-content\/uploads\/2019\/06\/logo_a_nova_peneira_portal_web.png","width":300,"height":100,"caption":"A Nova Peneira"},"image":{"@id":"https:\/\/www.anovapeneira.gal\/#\/schema\/logo\/image\/"},"sameAs":["https:\/\/www.facebook.com\/anovapeneira","https:\/\/x.com\/APeneira"]},{"@type":"Person","@id":"https:\/\/www.anovapeneira.gal\/#\/schema\/person\/b051ed40cfc100e281476674783b32fc","name":"Baldomero Iglesias Dobarrio, Mero","image":{"@type":"ImageObject","inLanguage":"gl-ES","@id":"https:\/\/secure.gravatar.com\/avatar\/ca78fc089f8cf28197f88de2c9ac213e2f7d2097d8e359d9359b8778b539c59d?s=96&d=mm&r=g","url":"https:\/\/secure.gravatar.com\/avatar\/ca78fc089f8cf28197f88de2c9ac213e2f7d2097d8e359d9359b8778b539c59d?s=96&d=mm&r=g","contentUrl":"https:\/\/secure.gravatar.com\/avatar\/ca78fc089f8cf28197f88de2c9ac213e2f7d2097d8e359d9359b8778b539c59d?s=96&d=mm&r=g","caption":"Baldomero Iglesias Dobarrio, Mero"},"sameAs":["http:\/\/anovapeneira.gal"],"url":"https:\/\/www.anovapeneira.gal\/index.php\/author\/opinionmero\/"}]}},"jetpack_featured_media_url":"https:\/\/www.anovapeneira.gal\/wp-content\/uploads\/2019\/07\/ARTIGO_DE_OPINION_A_NOVA_PENEIRA.jpg","_links":{"self":[{"href":"https:\/\/www.anovapeneira.gal\/index.php\/wp-json\/wp\/v2\/posts\/6314","targetHints":{"allow":["GET"]}}],"collection":[{"href":"https:\/\/www.anovapeneira.gal\/index.php\/wp-json\/wp\/v2\/posts"}],"about":[{"href":"https:\/\/www.anovapeneira.gal\/index.php\/wp-json\/wp\/v2\/types\/post"}],"author":[{"embeddable":true,"href":"https:\/\/www.anovapeneira.gal\/index.php\/wp-json\/wp\/v2\/users\/5"}],"replies":[{"embeddable":true,"href":"https:\/\/www.anovapeneira.gal\/index.php\/wp-json\/wp\/v2\/comments?post=6314"}],"version-history":[{"count":1,"href":"https:\/\/www.anovapeneira.gal\/index.php\/wp-json\/wp\/v2\/posts\/6314\/revisions"}],"predecessor-version":[{"id":6315,"href":"https:\/\/www.anovapeneira.gal\/index.php\/wp-json\/wp\/v2\/posts\/6314\/revisions\/6315"}],"wp:featuredmedia":[{"embeddable":true,"href":"https:\/\/www.anovapeneira.gal\/index.php\/wp-json\/wp\/v2\/media\/584"}],"wp:attachment":[{"href":"https:\/\/www.anovapeneira.gal\/index.php\/wp-json\/wp\/v2\/media?parent=6314"}],"wp:term":[{"taxonomy":"category","embeddable":true,"href":"https:\/\/www.anovapeneira.gal\/index.php\/wp-json\/wp\/v2\/categories?post=6314"},{"taxonomy":"post_tag","embeddable":true,"href":"https:\/\/www.anovapeneira.gal\/index.php\/wp-json\/wp\/v2\/tags?post=6314"}],"curies":[{"name":"wp","href":"https:\/\/api.w.org\/{rel}","templated":true}]}}