{"id":6318,"date":"2021-10-29T10:00:11","date_gmt":"2021-10-29T08:00:11","guid":{"rendered":"https:\/\/www.anovapeneira.gal\/?p=6318"},"modified":"2021-10-26T20:46:34","modified_gmt":"2021-10-26T18:46:34","slug":"o-bng-lamenta-a-falta-de-proxecto-para-a-praza-de-abastos-da-guarda","status":"publish","type":"post","link":"https:\/\/www.anovapeneira.gal\/index.php\/2021\/10\/29\/o-bng-lamenta-a-falta-de-proxecto-para-a-praza-de-abastos-da-guarda\/","title":{"rendered":"O BNG lamenta a falta de proxecto  para a praza de abastos da Guarda"},"content":{"rendered":"\n<p><strong>Anxo Baz: \u201c A ausencia de proxecto do goberno municipal do PSOE l\u00e9vaos a ir dilapidando recursos, facendo remendo sobre remendo, sen un proxecto global para cami\u00f1ar cara a un mercado de excelencia\u201d<\/strong><\/p>\n\n\n\n<p>No mes de maio do 2020 o BNG levou ao pleno do Concello da Guarda a proposta de elaboraci\u00f3n dun proxecto de reforma integral da Praza que nos permitira optar ao reco\u00f1ecemento de mercado de excelencia por parte da Xunta de Galiza . A nosa proposta foi aprobada.<\/p>\n\n\n\n<p>Meses despois o grupo de goberno do PSOE, facendo caso omiso do acordo plenario, anunciou a reforma do pavimento da parte superior, un acceso a terraza e a mellora dun posto por un importe total de 40.000 \u20ac. Nese momento o BNG cualificou este anuncio como un remendo m\u00e1is que desvirtuaba radicalmente o acordo plenario comprometendo un proxecto de futuro para a Praza.<\/p>\n\n\n\n<p>A falta de criterio e a improvisaci\u00f3n chegan ao extremo de que o acceso a terraza presenta barreiras arquitect\u00f3nicas.<\/p>\n\n\n\n<p>Desde o ano 2013 os parcheos realizados na Praza de Abastos superan os 332.000\u20ac. O grupo de goberno do PSOE nunha recente comparecencia nos medios de comunicaci\u00f3n volven anunciar unha nova reforma \u201cest\u00e9tica\u201d por valor de 100.000 \u20ac.<\/p>\n\n\n\n<p>Sen d\u00fabida con estas inversi\u00f3ns racionalizadas, cun proxecto ben definido, que simplemente non existe, a Praza poder\u00eda dar un salto cualitativo. Cunha cuant\u00eda non moi superior Tomi\u00f1o logrou un mercado de excelencia e o Rosal cunha inversi\u00f3n bastante menor vai cami\u00f1o del.<\/p>\n\n\n\n<p>O portavoz municipal do BNG Anxo Baz manifestou\u201d aausencia de proxecto do goberno municipal l\u00e9vaos a ir dilapidando recursos, facendo remendo sobre remendo, sen un proxecto global para cami\u00f1ar cara a un mercado de excelencia. As consecuencias est\u00e1n a vista, lonxe de dinamizar a praza en vez de abrirse postos pech\u00e1ronse varios\u201d.<\/p>\n","protected":false},"excerpt":{"rendered":"<div class=\"mh-excerpt\"><p>Anxo Baz: \u201c A ausencia de proxecto do goberno municipal do PSOE l\u00e9vaos a ir dilapidando recursos, facendo remendo sobre remendo, sen un proxecto global para cami\u00f1ar cara a un mercado de excelencia\u201d <a class=\"mh-excerpt-more\" href=\"https:\/\/www.anovapeneira.gal\/index.php\/2021\/10\/29\/o-bng-lamenta-a-falta-de-proxecto-para-a-praza-de-abastos-da-guarda\/\" title=\"O BNG lamenta a falta de proxecto  para a praza de abastos da Guarda\">[&#8230;]<\/a><\/p>\n<\/div>","protected":false},"author":3,"featured_media":6319,"comment_status":"open","ping_status":"open","sticky":false,"template":"","format":"standard","meta":{"_exactmetrics_skip_tracking":false,"_exactmetrics_sitenote_active":false,"_exactmetrics_sitenote_note":"","_exactmetrics_sitenote_category":0,"footnotes":""},"categories":[21],"tags":[238],"class_list":{"0":"post-6318","1":"post","2":"type-post","3":"status-publish","4":"format-standard","5":"has-post-thumbnail","7":"category-baixo-mino","8":"tag-concello-da-guarda"},"yoast_head":"<!-- This site is optimized with the Yoast SEO plugin v27.4 - https:\/\/yoast.com\/product\/yoast-seo-wordpress\/ -->\n<title>O BNG lamenta a falta de proxecto para a praza de abastos da Guarda -<\/title>\n<meta name=\"description\" content=\"Anxo Baz: \u201c A ausencia de proxecto do goberno municipal do PSOE l\u00e9vaos a ir dilapidando recursos, facendo remendo sobre remendo, sen un proxecto global para cami\u00f1ar cara a un mercado de excelencia\u201d\" \/>\n<meta name=\"robots\" content=\"index, follow, max-snippet:-1, max-image-preview:large, max-video-preview:-1\" \/>\n<link rel=\"canonical\" href=\"https:\/\/www.anovapeneira.gal\/index.php\/2021\/10\/29\/o-bng-lamenta-a-falta-de-proxecto-para-a-praza-de-abastos-da-guarda\/\" \/>\n<meta property=\"og:locale\" content=\"gl_ES\" \/>\n<meta property=\"og:type\" content=\"article\" \/>\n<meta property=\"og:title\" content=\"O BNG lamenta a falta de proxecto para a praza de abastos da Guarda -\" \/>\n<meta property=\"og:description\" content=\"Anxo Baz: \u201c A ausencia de proxecto do goberno municipal do PSOE l\u00e9vaos a ir dilapidando recursos, facendo remendo sobre remendo, sen un proxecto global para cami\u00f1ar cara a un mercado de excelencia\u201d\" \/>\n<meta property=\"og:url\" content=\"https:\/\/www.anovapeneira.gal\/index.php\/2021\/10\/29\/o-bng-lamenta-a-falta-de-proxecto-para-a-praza-de-abastos-da-guarda\/\" \/>\n<meta property=\"article:publisher\" content=\"https:\/\/www.facebook.com\/anovapeneira\" \/>\n<meta property=\"article:published_time\" content=\"2021-10-29T08:00:11+00:00\" \/>\n<meta property=\"og:image\" content=\"https:\/\/www.anovapeneira.gal\/wp-content\/uploads\/2021\/10\/anxo_baz_abastos.jpg\" \/>\n\t<meta property=\"og:image:width\" content=\"720\" \/>\n\t<meta property=\"og:image:height\" content=\"432\" \/>\n\t<meta property=\"og:image:type\" content=\"image\/jpeg\" \/>\n<meta name=\"author\" content=\"Redacci\u00f3n A Nova Peneira\" \/>\n<meta name=\"twitter:card\" content=\"summary_large_image\" \/>\n<meta name=\"twitter:creator\" content=\"@APeneira\" \/>\n<meta name=\"twitter:site\" content=\"@APeneira\" \/>\n<meta name=\"twitter:label1\" content=\"Escrito por\" \/>\n\t<meta name=\"twitter:data1\" content=\"Redacci\u00f3n A Nova Peneira\" \/>\n\t<meta name=\"twitter:label2\" content=\"Tempo de lectura\" \/>\n\t<meta name=\"twitter:data2\" content=\"2 minutos\" \/>\n<script type=\"application\/ld+json\" class=\"yoast-schema-graph\">{\"@context\":\"https:\\\/\\\/schema.org\",\"@graph\":[{\"@type\":\"Article\",\"@id\":\"https:\\\/\\\/www.anovapeneira.gal\\\/index.php\\\/2021\\\/10\\\/29\\\/o-bng-lamenta-a-falta-de-proxecto-para-a-praza-de-abastos-da-guarda\\\/#article\",\"isPartOf\":{\"@id\":\"https:\\\/\\\/www.anovapeneira.gal\\\/index.php\\\/2021\\\/10\\\/29\\\/o-bng-lamenta-a-falta-de-proxecto-para-a-praza-de-abastos-da-guarda\\\/\"},\"author\":{\"name\":\"Redacci\u00f3n A Nova Peneira\",\"@id\":\"https:\\\/\\\/www.anovapeneira.gal\\\/#\\\/schema\\\/person\\\/b93e3f8932e3f8da96334607eb6ac6aa\"},\"headline\":\"O BNG lamenta a falta de proxecto para a praza de abastos da Guarda\",\"datePublished\":\"2021-10-29T08:00:11+00:00\",\"mainEntityOfPage\":{\"@id\":\"https:\\\/\\\/www.anovapeneira.gal\\\/index.php\\\/2021\\\/10\\\/29\\\/o-bng-lamenta-a-falta-de-proxecto-para-a-praza-de-abastos-da-guarda\\\/\"},\"wordCount\":320,\"commentCount\":0,\"publisher\":{\"@id\":\"https:\\\/\\\/www.anovapeneira.gal\\\/#organization\"},\"image\":{\"@id\":\"https:\\\/\\\/www.anovapeneira.gal\\\/index.php\\\/2021\\\/10\\\/29\\\/o-bng-lamenta-a-falta-de-proxecto-para-a-praza-de-abastos-da-guarda\\\/#primaryimage\"},\"thumbnailUrl\":\"https:\\\/\\\/www.anovapeneira.gal\\\/wp-content\\\/uploads\\\/2021\\\/10\\\/anxo_baz_abastos.jpg\",\"keywords\":[\"Concello da Guarda\"],\"articleSection\":[\"Baixo Mi\u00f1o\"],\"inLanguage\":\"gl-ES\",\"potentialAction\":[{\"@type\":\"CommentAction\",\"name\":\"Comment\",\"target\":[\"https:\\\/\\\/www.anovapeneira.gal\\\/index.php\\\/2021\\\/10\\\/29\\\/o-bng-lamenta-a-falta-de-proxecto-para-a-praza-de-abastos-da-guarda\\\/#respond\"]}]},{\"@type\":\"WebPage\",\"@id\":\"https:\\\/\\\/www.anovapeneira.gal\\\/index.php\\\/2021\\\/10\\\/29\\\/o-bng-lamenta-a-falta-de-proxecto-para-a-praza-de-abastos-da-guarda\\\/\",\"url\":\"https:\\\/\\\/www.anovapeneira.gal\\\/index.php\\\/2021\\\/10\\\/29\\\/o-bng-lamenta-a-falta-de-proxecto-para-a-praza-de-abastos-da-guarda\\\/\",\"name\":\"O BNG lamenta a falta de proxecto para a praza de abastos da Guarda -\",\"isPartOf\":{\"@id\":\"https:\\\/\\\/www.anovapeneira.gal\\\/#website\"},\"primaryImageOfPage\":{\"@id\":\"https:\\\/\\\/www.anovapeneira.gal\\\/index.php\\\/2021\\\/10\\\/29\\\/o-bng-lamenta-a-falta-de-proxecto-para-a-praza-de-abastos-da-guarda\\\/#primaryimage\"},\"image\":{\"@id\":\"https:\\\/\\\/www.anovapeneira.gal\\\/index.php\\\/2021\\\/10\\\/29\\\/o-bng-lamenta-a-falta-de-proxecto-para-a-praza-de-abastos-da-guarda\\\/#primaryimage\"},\"thumbnailUrl\":\"https:\\\/\\\/www.anovapeneira.gal\\\/wp-content\\\/uploads\\\/2021\\\/10\\\/anxo_baz_abastos.jpg\",\"datePublished\":\"2021-10-29T08:00:11+00:00\",\"description\":\"Anxo Baz: \u201c A ausencia de proxecto do goberno municipal do PSOE l\u00e9vaos a ir dilapidando recursos, facendo remendo sobre remendo, sen un proxecto global para cami\u00f1ar cara a un mercado de excelencia\u201d\",\"breadcrumb\":{\"@id\":\"https:\\\/\\\/www.anovapeneira.gal\\\/index.php\\\/2021\\\/10\\\/29\\\/o-bng-lamenta-a-falta-de-proxecto-para-a-praza-de-abastos-da-guarda\\\/#breadcrumb\"},\"inLanguage\":\"gl-ES\",\"potentialAction\":[{\"@type\":\"ReadAction\",\"target\":[\"https:\\\/\\\/www.anovapeneira.gal\\\/index.php\\\/2021\\\/10\\\/29\\\/o-bng-lamenta-a-falta-de-proxecto-para-a-praza-de-abastos-da-guarda\\\/\"]}]},{\"@type\":\"ImageObject\",\"inLanguage\":\"gl-ES\",\"@id\":\"https:\\\/\\\/www.anovapeneira.gal\\\/index.php\\\/2021\\\/10\\\/29\\\/o-bng-lamenta-a-falta-de-proxecto-para-a-praza-de-abastos-da-guarda\\\/#primaryimage\",\"url\":\"https:\\\/\\\/www.anovapeneira.gal\\\/wp-content\\\/uploads\\\/2021\\\/10\\\/anxo_baz_abastos.jpg\",\"contentUrl\":\"https:\\\/\\\/www.anovapeneira.gal\\\/wp-content\\\/uploads\\\/2021\\\/10\\\/anxo_baz_abastos.jpg\",\"width\":720,\"height\":432,\"caption\":\"Anxo Baz BNG a Guarda\"},{\"@type\":\"BreadcrumbList\",\"@id\":\"https:\\\/\\\/www.anovapeneira.gal\\\/index.php\\\/2021\\\/10\\\/29\\\/o-bng-lamenta-a-falta-de-proxecto-para-a-praza-de-abastos-da-guarda\\\/#breadcrumb\",\"itemListElement\":[{\"@type\":\"ListItem\",\"position\":1,\"name\":\"Portada\",\"item\":\"https:\\\/\\\/www.anovapeneira.gal\\\/\"},{\"@type\":\"ListItem\",\"position\":2,\"name\":\"O BNG lamenta a falta de proxecto para a praza de abastos da Guarda\"}]},{\"@type\":\"WebSite\",\"@id\":\"https:\\\/\\\/www.anovapeneira.gal\\\/#website\",\"url\":\"https:\\\/\\\/www.anovapeneira.gal\\\/\",\"name\":\"\",\"description\":\"Xornal galego de informaci\u00f3n xeral Publicaci\u00f3n mensual de novas de Galicia e en especial dos Concellos da sur da provincia de Pontevedra.\",\"publisher\":{\"@id\":\"https:\\\/\\\/www.anovapeneira.gal\\\/#organization\"},\"potentialAction\":[{\"@type\":\"SearchAction\",\"target\":{\"@type\":\"EntryPoint\",\"urlTemplate\":\"https:\\\/\\\/www.anovapeneira.gal\\\/?s={search_term_string}\"},\"query-input\":{\"@type\":\"PropertyValueSpecification\",\"valueRequired\":true,\"valueName\":\"search_term_string\"}}],\"inLanguage\":\"gl-ES\"},{\"@type\":\"Organization\",\"@id\":\"https:\\\/\\\/www.anovapeneira.gal\\\/#organization\",\"name\":\"A Nova Peneira\",\"url\":\"https:\\\/\\\/www.anovapeneira.gal\\\/\",\"logo\":{\"@type\":\"ImageObject\",\"inLanguage\":\"gl-ES\",\"@id\":\"https:\\\/\\\/www.anovapeneira.gal\\\/#\\\/schema\\\/logo\\\/image\\\/\",\"url\":\"http:\\\/\\\/www.anovapeneira.gal\\\/wp-content\\\/uploads\\\/2019\\\/06\\\/logo_a_nova_peneira_portal_web.png\",\"contentUrl\":\"http:\\\/\\\/www.anovapeneira.gal\\\/wp-content\\\/uploads\\\/2019\\\/06\\\/logo_a_nova_peneira_portal_web.png\",\"width\":300,\"height\":100,\"caption\":\"A Nova Peneira\"},\"image\":{\"@id\":\"https:\\\/\\\/www.anovapeneira.gal\\\/#\\\/schema\\\/logo\\\/image\\\/\"},\"sameAs\":[\"https:\\\/\\\/www.facebook.com\\\/anovapeneira\",\"https:\\\/\\\/x.com\\\/APeneira\"]},{\"@type\":\"Person\",\"@id\":\"https:\\\/\\\/www.anovapeneira.gal\\\/#\\\/schema\\\/person\\\/b93e3f8932e3f8da96334607eb6ac6aa\",\"name\":\"Redacci\u00f3n A Nova Peneira\",\"image\":{\"@type\":\"ImageObject\",\"inLanguage\":\"gl-ES\",\"@id\":\"https:\\\/\\\/secure.gravatar.com\\\/avatar\\\/c052a2551a06e23fac63626232eaa90abd78dbcf1700fc46a2b2c89fd27b735f?s=96&d=mm&r=g\",\"url\":\"https:\\\/\\\/secure.gravatar.com\\\/avatar\\\/c052a2551a06e23fac63626232eaa90abd78dbcf1700fc46a2b2c89fd27b735f?s=96&d=mm&r=g\",\"contentUrl\":\"https:\\\/\\\/secure.gravatar.com\\\/avatar\\\/c052a2551a06e23fac63626232eaa90abd78dbcf1700fc46a2b2c89fd27b735f?s=96&d=mm&r=g\",\"caption\":\"Redacci\u00f3n A Nova Peneira\"},\"sameAs\":[\"http:\\\/\\\/www.anovapeneira.gal\\\/\"],\"url\":\"https:\\\/\\\/www.anovapeneira.gal\\\/index.php\\\/author\\\/redactor\\\/\"}]}<\/script>\n<!-- \/ Yoast SEO plugin. -->","yoast_head_json":{"title":"O BNG lamenta a falta de proxecto para a praza de abastos da Guarda -","description":"Anxo Baz: \u201c A ausencia de proxecto do goberno municipal do PSOE l\u00e9vaos a ir dilapidando recursos, facendo remendo sobre remendo, sen un proxecto global para cami\u00f1ar cara a un mercado de excelencia\u201d","robots":{"index":"index","follow":"follow","max-snippet":"max-snippet:-1","max-image-preview":"max-image-preview:large","max-video-preview":"max-video-preview:-1"},"canonical":"https:\/\/www.anovapeneira.gal\/index.php\/2021\/10\/29\/o-bng-lamenta-a-falta-de-proxecto-para-a-praza-de-abastos-da-guarda\/","og_locale":"gl_ES","og_type":"article","og_title":"O BNG lamenta a falta de proxecto para a praza de abastos da Guarda -","og_description":"Anxo Baz: \u201c A ausencia de proxecto do goberno municipal do PSOE l\u00e9vaos a ir dilapidando recursos, facendo remendo sobre remendo, sen un proxecto global para cami\u00f1ar cara a un mercado de excelencia\u201d","og_url":"https:\/\/www.anovapeneira.gal\/index.php\/2021\/10\/29\/o-bng-lamenta-a-falta-de-proxecto-para-a-praza-de-abastos-da-guarda\/","article_publisher":"https:\/\/www.facebook.com\/anovapeneira","article_published_time":"2021-10-29T08:00:11+00:00","og_image":[{"width":720,"height":432,"url":"https:\/\/www.anovapeneira.gal\/wp-content\/uploads\/2021\/10\/anxo_baz_abastos.jpg","type":"image\/jpeg"}],"author":"Redacci\u00f3n A Nova Peneira","twitter_card":"summary_large_image","twitter_creator":"@APeneira","twitter_site":"@APeneira","twitter_misc":{"Escrito por":"Redacci\u00f3n A Nova Peneira","Tempo de lectura":"2 minutos"},"schema":{"@context":"https:\/\/schema.org","@graph":[{"@type":"Article","@id":"https:\/\/www.anovapeneira.gal\/index.php\/2021\/10\/29\/o-bng-lamenta-a-falta-de-proxecto-para-a-praza-de-abastos-da-guarda\/#article","isPartOf":{"@id":"https:\/\/www.anovapeneira.gal\/index.php\/2021\/10\/29\/o-bng-lamenta-a-falta-de-proxecto-para-a-praza-de-abastos-da-guarda\/"},"author":{"name":"Redacci\u00f3n A Nova Peneira","@id":"https:\/\/www.anovapeneira.gal\/#\/schema\/person\/b93e3f8932e3f8da96334607eb6ac6aa"},"headline":"O BNG lamenta a falta de proxecto para a praza de abastos da Guarda","datePublished":"2021-10-29T08:00:11+00:00","mainEntityOfPage":{"@id":"https:\/\/www.anovapeneira.gal\/index.php\/2021\/10\/29\/o-bng-lamenta-a-falta-de-proxecto-para-a-praza-de-abastos-da-guarda\/"},"wordCount":320,"commentCount":0,"publisher":{"@id":"https:\/\/www.anovapeneira.gal\/#organization"},"image":{"@id":"https:\/\/www.anovapeneira.gal\/index.php\/2021\/10\/29\/o-bng-lamenta-a-falta-de-proxecto-para-a-praza-de-abastos-da-guarda\/#primaryimage"},"thumbnailUrl":"https:\/\/www.anovapeneira.gal\/wp-content\/uploads\/2021\/10\/anxo_baz_abastos.jpg","keywords":["Concello da Guarda"],"articleSection":["Baixo Mi\u00f1o"],"inLanguage":"gl-ES","potentialAction":[{"@type":"CommentAction","name":"Comment","target":["https:\/\/www.anovapeneira.gal\/index.php\/2021\/10\/29\/o-bng-lamenta-a-falta-de-proxecto-para-a-praza-de-abastos-da-guarda\/#respond"]}]},{"@type":"WebPage","@id":"https:\/\/www.anovapeneira.gal\/index.php\/2021\/10\/29\/o-bng-lamenta-a-falta-de-proxecto-para-a-praza-de-abastos-da-guarda\/","url":"https:\/\/www.anovapeneira.gal\/index.php\/2021\/10\/29\/o-bng-lamenta-a-falta-de-proxecto-para-a-praza-de-abastos-da-guarda\/","name":"O BNG lamenta a falta de proxecto para a praza de abastos da Guarda -","isPartOf":{"@id":"https:\/\/www.anovapeneira.gal\/#website"},"primaryImageOfPage":{"@id":"https:\/\/www.anovapeneira.gal\/index.php\/2021\/10\/29\/o-bng-lamenta-a-falta-de-proxecto-para-a-praza-de-abastos-da-guarda\/#primaryimage"},"image":{"@id":"https:\/\/www.anovapeneira.gal\/index.php\/2021\/10\/29\/o-bng-lamenta-a-falta-de-proxecto-para-a-praza-de-abastos-da-guarda\/#primaryimage"},"thumbnailUrl":"https:\/\/www.anovapeneira.gal\/wp-content\/uploads\/2021\/10\/anxo_baz_abastos.jpg","datePublished":"2021-10-29T08:00:11+00:00","description":"Anxo Baz: \u201c A ausencia de proxecto do goberno municipal do PSOE l\u00e9vaos a ir dilapidando recursos, facendo remendo sobre remendo, sen un proxecto global para cami\u00f1ar cara a un mercado de excelencia\u201d","breadcrumb":{"@id":"https:\/\/www.anovapeneira.gal\/index.php\/2021\/10\/29\/o-bng-lamenta-a-falta-de-proxecto-para-a-praza-de-abastos-da-guarda\/#breadcrumb"},"inLanguage":"gl-ES","potentialAction":[{"@type":"ReadAction","target":["https:\/\/www.anovapeneira.gal\/index.php\/2021\/10\/29\/o-bng-lamenta-a-falta-de-proxecto-para-a-praza-de-abastos-da-guarda\/"]}]},{"@type":"ImageObject","inLanguage":"gl-ES","@id":"https:\/\/www.anovapeneira.gal\/index.php\/2021\/10\/29\/o-bng-lamenta-a-falta-de-proxecto-para-a-praza-de-abastos-da-guarda\/#primaryimage","url":"https:\/\/www.anovapeneira.gal\/wp-content\/uploads\/2021\/10\/anxo_baz_abastos.jpg","contentUrl":"https:\/\/www.anovapeneira.gal\/wp-content\/uploads\/2021\/10\/anxo_baz_abastos.jpg","width":720,"height":432,"caption":"Anxo Baz BNG a Guarda"},{"@type":"BreadcrumbList","@id":"https:\/\/www.anovapeneira.gal\/index.php\/2021\/10\/29\/o-bng-lamenta-a-falta-de-proxecto-para-a-praza-de-abastos-da-guarda\/#breadcrumb","itemListElement":[{"@type":"ListItem","position":1,"name":"Portada","item":"https:\/\/www.anovapeneira.gal\/"},{"@type":"ListItem","position":2,"name":"O BNG lamenta a falta de proxecto para a praza de abastos da Guarda"}]},{"@type":"WebSite","@id":"https:\/\/www.anovapeneira.gal\/#website","url":"https:\/\/www.anovapeneira.gal\/","name":"","description":"Xornal galego de informaci\u00f3n xeral Publicaci\u00f3n mensual de novas de Galicia e en especial dos Concellos da sur da provincia de Pontevedra.","publisher":{"@id":"https:\/\/www.anovapeneira.gal\/#organization"},"potentialAction":[{"@type":"SearchAction","target":{"@type":"EntryPoint","urlTemplate":"https:\/\/www.anovapeneira.gal\/?s={search_term_string}"},"query-input":{"@type":"PropertyValueSpecification","valueRequired":true,"valueName":"search_term_string"}}],"inLanguage":"gl-ES"},{"@type":"Organization","@id":"https:\/\/www.anovapeneira.gal\/#organization","name":"A Nova Peneira","url":"https:\/\/www.anovapeneira.gal\/","logo":{"@type":"ImageObject","inLanguage":"gl-ES","@id":"https:\/\/www.anovapeneira.gal\/#\/schema\/logo\/image\/","url":"http:\/\/www.anovapeneira.gal\/wp-content\/uploads\/2019\/06\/logo_a_nova_peneira_portal_web.png","contentUrl":"http:\/\/www.anovapeneira.gal\/wp-content\/uploads\/2019\/06\/logo_a_nova_peneira_portal_web.png","width":300,"height":100,"caption":"A Nova Peneira"},"image":{"@id":"https:\/\/www.anovapeneira.gal\/#\/schema\/logo\/image\/"},"sameAs":["https:\/\/www.facebook.com\/anovapeneira","https:\/\/x.com\/APeneira"]},{"@type":"Person","@id":"https:\/\/www.anovapeneira.gal\/#\/schema\/person\/b93e3f8932e3f8da96334607eb6ac6aa","name":"Redacci\u00f3n A Nova Peneira","image":{"@type":"ImageObject","inLanguage":"gl-ES","@id":"https:\/\/secure.gravatar.com\/avatar\/c052a2551a06e23fac63626232eaa90abd78dbcf1700fc46a2b2c89fd27b735f?s=96&d=mm&r=g","url":"https:\/\/secure.gravatar.com\/avatar\/c052a2551a06e23fac63626232eaa90abd78dbcf1700fc46a2b2c89fd27b735f?s=96&d=mm&r=g","contentUrl":"https:\/\/secure.gravatar.com\/avatar\/c052a2551a06e23fac63626232eaa90abd78dbcf1700fc46a2b2c89fd27b735f?s=96&d=mm&r=g","caption":"Redacci\u00f3n A Nova Peneira"},"sameAs":["http:\/\/www.anovapeneira.gal\/"],"url":"https:\/\/www.anovapeneira.gal\/index.php\/author\/redactor\/"}]}},"jetpack_featured_media_url":"https:\/\/www.anovapeneira.gal\/wp-content\/uploads\/2021\/10\/anxo_baz_abastos.jpg","_links":{"self":[{"href":"https:\/\/www.anovapeneira.gal\/index.php\/wp-json\/wp\/v2\/posts\/6318","targetHints":{"allow":["GET"]}}],"collection":[{"href":"https:\/\/www.anovapeneira.gal\/index.php\/wp-json\/wp\/v2\/posts"}],"about":[{"href":"https:\/\/www.anovapeneira.gal\/index.php\/wp-json\/wp\/v2\/types\/post"}],"author":[{"embeddable":true,"href":"https:\/\/www.anovapeneira.gal\/index.php\/wp-json\/wp\/v2\/users\/3"}],"replies":[{"embeddable":true,"href":"https:\/\/www.anovapeneira.gal\/index.php\/wp-json\/wp\/v2\/comments?post=6318"}],"version-history":[{"count":1,"href":"https:\/\/www.anovapeneira.gal\/index.php\/wp-json\/wp\/v2\/posts\/6318\/revisions"}],"predecessor-version":[{"id":6320,"href":"https:\/\/www.anovapeneira.gal\/index.php\/wp-json\/wp\/v2\/posts\/6318\/revisions\/6320"}],"wp:featuredmedia":[{"embeddable":true,"href":"https:\/\/www.anovapeneira.gal\/index.php\/wp-json\/wp\/v2\/media\/6319"}],"wp:attachment":[{"href":"https:\/\/www.anovapeneira.gal\/index.php\/wp-json\/wp\/v2\/media?parent=6318"}],"wp:term":[{"taxonomy":"category","embeddable":true,"href":"https:\/\/www.anovapeneira.gal\/index.php\/wp-json\/wp\/v2\/categories?post=6318"},{"taxonomy":"post_tag","embeddable":true,"href":"https:\/\/www.anovapeneira.gal\/index.php\/wp-json\/wp\/v2\/tags?post=6318"}],"curies":[{"name":"wp","href":"https:\/\/api.w.org\/{rel}","templated":true}]}}