{"id":6328,"date":"2021-11-01T10:00:21","date_gmt":"2021-11-01T09:00:21","guid":{"rendered":"https:\/\/www.anovapeneira.gal\/?p=6328"},"modified":"2021-10-27T18:49:49","modified_gmt":"2021-10-27T16:49:49","slug":"colectivo-de-despedidas-ca","status":"publish","type":"post","link":"https:\/\/www.anovapeneira.gal\/index.php\/2021\/11\/01\/colectivo-de-despedidas-ca\/","title":{"rendered":"Colectivo de despedidas C&#038;A"},"content":{"rendered":"\n<p><strong>C&amp;A \u00e9 unha empresa holandesa que estaba instalada na r\u00faa do Pr\u00edncipe da cidade de Vigo desde o ano 1.988 de maneira ininterrompida. A maior\u00eda das s\u00faas traballadoras levaban prestando os seus servizos nesa empresa desde ese mesmo ano ou desde moi pouco tempo despois. Por\u00e9n a principios deste ano a compa\u00f1\u00eda decide pechar esa tenda, e manda \u00e1 r\u00faa a un colectivo de mulleres que entraron na empresa sendo pouco m\u00e1is que unhas nenas e que hoxe ,pasados os 50 anos de idade, van ter enormemente dif\u00edcil reincorporarse ao mercado laboral.<\/strong><\/p>\n\n\n\n<p><strong>Elas manifestan sentirse estafadas pois cando lles comunican o despedimento xa ti\u00f1a que saberse que C&amp;A abrir\u00eda unha tenda no novo centro comercial de Vialia, que estaba naquel momento a piques de inaugurar, por\u00e9n nin lles din nada, nin lles ofrecen pasar a traballar nese local e incluso ante a s\u00faa pregunta referente que se a compa\u00f1\u00eda ten previsto abrir ese local explicitamente lles menten e lles din que non.<\/strong><\/p>\n\n\n\n<p><strong>Non entenden tampouco como \u00e9 posible que o resto de compa\u00f1\u00edas que trasladan os seus locais de Pr\u00edncipe a Vialia levan ao persoal pero no seu caso elas son despedidas para contratar a persoas moito m\u00e1is novas. Unha vez toman conciencia de que, ao seu xu\u00edzo, foron enganadas deciden contratar a uns avogados e demandar a empresa pedindo a nulidade dos despedimentos. O pr\u00f3ximo 2 de decembro te\u00f1en o xu\u00edzo. Desde as nosas p\u00e1xinas expresamos toda a nosa solidariedade con elas e a esperanza de que a xustiza lles dea a raz\u00f3n. N\u00f3s conversamos con elas .Vela\u00ed vai o resultado<\/strong><\/p>\n\n\n\n<p>\u201c<strong>Sent\u00edmonos estafadas pola empresa\u201d<\/strong><\/p>\n\n\n\n<p><strong>Non podedes imaxinar o duro que foi baleirar os nosos armarios despois de 32 anos\u201d<\/strong><\/p>\n\n\n\n<p><strong>Canto tempo levabades traballando en C&amp;A?<\/strong><\/p>\n\n\n\n<blockquote class=\"wp-block-quote is-layout-flow wp-block-quote-is-layout-flow\"><p>Desde 1.988 a maior\u00eda. Algunha entramos un pouqui\u00f1o m\u00e1is tarde. En calquera caso todas levabamos en torno a 30 anos, m\u00ednimo, traballando na empresa<\/p><\/blockquote>\n\n\n\n<p><strong>Caramba. Tres d\u00e9cadas ininterrompidas?<\/strong><\/p>\n\n\n\n<blockquote class=\"wp-block-quote is-layout-flow wp-block-quote-is-layout-flow\"><p>Si, ininterrompidamente na mesma empresa e no mesmo local<\/p><\/blockquote>\n\n\n\n<p><strong>Supo\u00f1o que en tanto tempo viviriades distintas conxunturas no que se refire \u00e1 situaci\u00f3n das vendas da empresa?<\/strong><\/p>\n\n\n\n<blockquote class=\"wp-block-quote is-layout-flow wp-block-quote-is-layout-flow\"><p>Si claro. Houbo \u00e9pocas moi boas, boas , regulares, malas e moi malas<\/p><\/blockquote>\n\n\n\n<p><strong>A que segmentos econ\u00f3micos \u00eda dirixida a roupa que vendiades?<\/strong><\/p>\n\n\n\n<blockquote class=\"wp-block-quote is-layout-flow wp-block-quote-is-layout-flow\"><p>A persoas de econom\u00eda media. \u00c9 roupa accesible a case todos os petos e de moi boa calidade. A relaci\u00f3n calidade prezo era excelente<\/p><\/blockquote>\n\n\n\n<p><strong>Imaxino que teriades clientes de moitos anos?<\/strong><\/p>\n\n\n\n<blockquote class=\"wp-block-quote is-layout-flow wp-block-quote-is-layout-flow\"><p>E tanto que si. Ata 3 xeraci\u00f3ns. Clientas que mercaron para elas, logo para os seus fillos e ultimamente estaban fac\u00e9ndoo para os seus netos<\/p><\/blockquote>\n\n\n\n<p><strong>A quen pertence a compa\u00f1\u00eda?<\/strong><\/p>\n\n\n\n<blockquote class=\"wp-block-quote is-layout-flow wp-block-quote-is-layout-flow\"><p>\u00c9 holandesa. Inicialmente foi unha empresa familiar e agora forma parte dun holding<\/p><\/blockquote>\n\n\n\n<p><strong>Cantas tendas hai en Galicia?<\/strong><\/p>\n\n\n\n<blockquote class=\"wp-block-quote is-layout-flow wp-block-quote-is-layout-flow\"><p>Hai en Lugo, Coru\u00f1a , Ourense e en Vigo hai unha en Gran V\u00eda e agora a nova que abriron<\/p><\/blockquote>\n\n\n\n<p><strong>Cando comezastes a ter os primeiros indicios de que o voso local, o de Pr\u00edncipe, pod\u00eda pechar?<\/strong><\/p>\n\n\n\n<blockquote class=\"wp-block-quote is-layout-flow wp-block-quote-is-layout-flow\"><p>Non tivemos ning\u00fan indicio previo a non ser que hab\u00eda menos cantidade de roupa<\/p><\/blockquote>\n\n\n\n<p><strong>E non preguntabades o motivo da escaseza de x\u00e9nero?<\/strong><\/p>\n\n\n\n<blockquote class=\"wp-block-quote is-layout-flow wp-block-quote-is-layout-flow\"><p>Si claro, pero nos dic\u00edan que eran problemas de transporte resultantes da pandemia e que era com\u00fan a todas as tendas do grupo<\/p><\/blockquote>\n\n\n\n<p><strong>Ese problema foi grave, nalgunha ocasi\u00f3n non puidestes atender a demanda de clientes por carecer de x\u00e9nero?<\/strong><\/p>\n\n\n\n<blockquote class=\"wp-block-quote is-layout-flow wp-block-quote-is-layout-flow\"><p>Si, nalg\u00fan caso si<\/p><\/blockquote>\n\n\n\n<p><strong>Os resultados econ\u00f3micos da vosa tenda , a consecuencia da pandemia, eran anormalmente malos?<\/strong><\/p>\n\n\n\n<blockquote class=\"wp-block-quote is-layout-flow wp-block-quote-is-layout-flow\"><p>Eran malos si, pero igual de malos que no resto de tendas de Espa\u00f1a<\/p><\/blockquote>\n\n\n\n<p><strong>Ent\u00f3n dici\u00e1desme que al\u00e9n da escaseza de mercador\u00eda non ti\u00f1ades ning\u00fan indicio de que a vontade da direcci\u00f3n era pechar, e como foi o proceso?<\/strong><\/p>\n\n\n\n<blockquote class=\"wp-block-quote is-layout-flow wp-block-quote-is-layout-flow\"><p>Dun d\u00eda para outro<\/p><\/blockquote>\n\n\n\n<p><strong>Dun d\u00eda para outro\u00a1\u00a1<\/strong><\/p>\n\n\n\n<blockquote class=\"wp-block-quote is-layout-flow wp-block-quote-is-layout-flow\"><p>Si, a finais de xaneiro, conv\u00f3canos a unha xuntanza para o d\u00eda seguinte a todas ,incluso \u00e1s persoas que non lles tocaba traballar ou que puidesen estar de baixa. A xuntanza \u00e9 para o 100% do persoal<\/p><\/blockquote>\n\n\n\n<p><strong>Quen est\u00e1 nesa reuni\u00f3n?<\/strong><\/p>\n\n\n\n<blockquote class=\"wp-block-quote is-layout-flow wp-block-quote-is-layout-flow\"><p>A directora de recursos humanos de Iberia( As tendas de Espa\u00f1a e Portugal),o segundo de abordo de recursos humanos, e a directora de Galicia e norte de Portugal<\/p><\/blockquote>\n\n\n\n<p><strong>V\u00f3s non tedes representaci\u00f3n sindical na empresa?<\/strong><\/p>\n\n\n\n<blockquote class=\"wp-block-quote is-layout-flow wp-block-quote-is-layout-flow\"><p>Si, unha delegada de FETICO que tam\u00e9n est\u00e1 na reuni\u00f3n<\/p><\/blockquote>\n\n\n\n<p><strong>Describ\u00eddeme como foi a reuni\u00f3n?<\/strong><\/p>\n\n\n\n<blockquote class=\"wp-block-quote is-layout-flow wp-block-quote-is-layout-flow\"><p>Foi a finais de xaneiro e nela dinnos que nun mes e poucos d\u00edas pechaban a tenda. Desp\u00eddenos a todas, inclu\u00edda \u00e1 xerente, polo que eles din que son causas organizativas e produtivas ao abeiro do artigo 52 C do estatuto dos traballadores<\/p><\/blockquote>\n\n\n\n<p><strong>Que vos ofrecen?<\/strong><\/p>\n\n\n\n<blockquote class=\"wp-block-quote is-layout-flow wp-block-quote-is-layout-flow\"><p>20 d\u00edas e 24 mensualidades, o que marca a lei. Logo despois dunha suposta negociaci\u00f3n co sindicato subiron a indemnizaci\u00f3n a 33<\/p><\/blockquote>\n\n\n\n<p><strong>Supo\u00f1o que o panorama ser\u00eda desolador?<\/strong><\/p>\n\n\n\n<blockquote class=\"wp-block-quote is-layout-flow wp-block-quote-is-layout-flow\"><p>Absolutamente. O impacto foi brutal. E foi algo tan inesperado que a dor e a angustia penetraron ata o m\u00e1is profundo .As b\u00e1goas de todas asolagaron aquel local en aquel momento tan horrible. A situaci\u00f3n de todas as tendas era moi semellante e non entendiamos por que somos n\u00f3s os que temos que pechar. Logo reflexionando entre n\u00f3s conclu\u00edmos que se cadra influ\u00edu o feito de que lles caducaba o aluguer do local e ter\u00edan que volvelo negociar<\/p><\/blockquote>\n\n\n\n<p><strong>Nese momento xa era inminente a apertura de Vialia. V\u00f3s sabiades que C&amp;A \u00eda abrir unha tenda nova nese centro comercial?<\/strong><\/p>\n\n\n\n<blockquote class=\"wp-block-quote is-layout-flow wp-block-quote-is-layout-flow\"><p>Non, non o sabiamos. E incluso foi algo que preguntamos directamente<\/p><\/blockquote>\n\n\n\n<p><strong>E ante unha pregunta tan clara que v\u00f3s contestaron?<\/strong><\/p>\n\n\n\n<blockquote class=\"wp-block-quote is-layout-flow wp-block-quote-is-layout-flow\"><p>Que non, que non \u00edan abrir tenda algunha. Neg\u00e1ronnolo explicitamente<\/p><\/blockquote>\n\n\n\n<p><strong>Vaia, pois semella que vos soltaron unha trola?<\/strong><\/p>\n\n\n\n<blockquote class=\"wp-block-quote is-layout-flow wp-block-quote-is-layout-flow\"><p>Iso parece, pois a decisi\u00f3n de abrir unha tenda das dimensi\u00f3ns da nosa non se toma cun mes de antelaci\u00f3n. \u00c9 algo estudado e proxectado desde moito antes<\/p><\/blockquote>\n\n\n\n<p><strong>Cando vos despiden non vos ofrecen a posibilidade de recolocarvos nalgunha outra tenda pr\u00f3xima?<\/strong><\/p>\n\n\n\n<blockquote class=\"wp-block-quote is-layout-flow wp-block-quote-is-layout-flow\"><p>A \u00fanica posibilidade m\u00e1is ou menos digna era un posto en Ourense que colleu unha compa\u00f1eira. Logo hai outra serie de ofertas imposibles de asumir, contratos menores de 20 horas en Madrid, de 16 horas en Mallorca&#8230;.Xa me dir\u00e1s como persoas de 50 anos con familias e vidas estruturadas podemos ir a traballar a media xornada ou menos a Madrid ou a Mallorca. Delirante vaia<\/p><\/blockquote>\n\n\n\n<p><strong>No momento de ter executado o despedimento xa decidides organizarvos como colectivo?<\/strong><\/p>\n\n\n\n<blockquote class=\"wp-block-quote is-layout-flow wp-block-quote-is-layout-flow\"><p>Non. Seguimos mantendo o contacto entre n\u00f3s porque somos amigas, porque xa levamos moit\u00edsimo tempo xuntas e temos pasado m\u00e1is tempo entre n\u00f3s case que o que pasamos coas nosas familias. Pero en ning\u00fan momento decidimos organizarnos como colectivo pois n\u00f3s confiabamos na empresa. E cando nos din que pechan o local pero que non van abrir ning\u00fan outro estabamos seguras de que nos estaban dicindo a verdade<\/p><\/blockquote>\n\n\n\n<p><strong>Pero non foi as\u00ed?<\/strong><\/p>\n\n\n\n<blockquote class=\"wp-block-quote is-layout-flow wp-block-quote-is-layout-flow\"><p>Efectivamente. Pouco despois co\u00f1ecemos que hab\u00eda unha oferta en infojobs para 12 persoas para C&amp;A Vialia<\/p><\/blockquote>\n\n\n\n<p><strong>12 persoas\u00a1\u00a1\u00a1 xusto o n\u00famero de persoas que sodes v\u00f3s\u00a1\u00a1\u00a1 parece incrible?<\/strong><\/p>\n\n\n\n<blockquote class=\"wp-block-quote is-layout-flow wp-block-quote-is-layout-flow\"><p>Pois si, e foi nese momento, cando comprendemos que se nos tomou o pelo, cando decidimos organizarnos como colectivo e reclamar a nulidade dos despedimentos<\/p><\/blockquote>\n\n\n\n<p><strong>Cales son os vosos sentimentos neste momento?<\/strong><\/p>\n\n\n\n<blockquote class=\"wp-block-quote is-layout-flow wp-block-quote-is-layout-flow\"><p>Sent\u00edmonos enganadas, sentimos que a empresa tomou a decisi\u00f3n conscientemente de librarse de n\u00f3s para contratar a rapazas moito m\u00e1is novas por un salario bastante inferior ao que n\u00f3s ti\u00f1amos. Non te podes imaxinar o duro que foi baleirar os nosos armarios de 32 anos .N\u00f3s asinamos os despedimentos pero enganadas, asin\u00e1molo coa conciencia de que non se \u00eda abrir ningunha outra tenda de C&amp;A. Se tiveramos sabido que era inminente a apertura da tenda nova non teriamos asinado baixo ning\u00fan concepto<\/p><\/blockquote>\n\n\n\n<p><strong>Houbo empresas que estaban en Pr\u00edncipe que tam\u00e9n se foron para Vialia. Sabedes que fixeron co persoal?<\/strong><\/p>\n\n\n\n<blockquote class=\"wp-block-quote is-layout-flow wp-block-quote-is-layout-flow\"><p>Si, todas e cada unha, con excepci\u00f3n da nosa que nos despediu, traslad\u00e1ronse ao novo centro comercial co persoal que ti\u00f1an en Pr\u00edncipe<\/p><\/blockquote>\n\n\n\n<p><strong>Como vos estades defendendo?<\/strong><\/p>\n\n\n\n<blockquote class=\"wp-block-quote is-layout-flow wp-block-quote-is-layout-flow\"><p>Contratamos un despacho de avogados, Vento avogados, que son os que nos representan. Levamos \u00e1 empresa a xu\u00edzo, que \u00e9 o 2 de decembro, e reclamamos a nulidade dos despedimentos, por outra parte tam\u00e9n realizamos concentraci\u00f3ns na porta de Vialia .<\/p><\/blockquote>\n\n\n\n<p><strong>E non tedes asesoramento sindical?<\/strong><\/p>\n\n\n\n<blockquote class=\"wp-block-quote is-layout-flow wp-block-quote-is-layout-flow\"><p>Si, tam\u00e9n nos est\u00e1 asesorando V\u00edtor Mari\u00f1o do sindicato CUT<\/p><\/blockquote>\n","protected":false},"excerpt":{"rendered":"<div class=\"mh-excerpt\"><p>C&#038;A \u00e9 unha empresa holandesa que estaba instalada na r\u00faa do Pr\u00edncipe da cidade de Vigo desde o ano 1.988 de maneira ininterrompida.  <a class=\"mh-excerpt-more\" href=\"https:\/\/www.anovapeneira.gal\/index.php\/2021\/11\/01\/colectivo-de-despedidas-ca\/\" title=\"Colectivo de despedidas C&#038;A\">[&#8230;]<\/a><\/p>\n<\/div>","protected":false},"author":3,"featured_media":6329,"comment_status":"open","ping_status":"open","sticky":false,"template":"","format":"standard","meta":{"_exactmetrics_skip_tracking":false,"_exactmetrics_sitenote_active":false,"_exactmetrics_sitenote_note":"","_exactmetrics_sitenote_category":0,"footnotes":""},"categories":[497],"tags":[227],"class_list":{"0":"post-6328","1":"post","2":"type-post","3":"status-publish","4":"format-standard","5":"has-post-thumbnail","7":"category-vigo-reportaxes","8":"tag-concello-de-vigo"},"yoast_head":"<!-- This site is optimized with the Yoast SEO plugin v27.4 - https:\/\/yoast.com\/product\/yoast-seo-wordpress\/ -->\n<title>Colectivo de despedidas C&amp;A -<\/title>\n<meta name=\"description\" content=\"C&amp;A \u00e9 unha empresa holandesa que estaba instalada na r\u00faa do Pr\u00edncipe da cidade de Vigo desde o ano 1.988 de maneira ininterrompida\" \/>\n<meta name=\"robots\" content=\"index, follow, max-snippet:-1, max-image-preview:large, max-video-preview:-1\" \/>\n<link rel=\"canonical\" href=\"https:\/\/www.anovapeneira.gal\/index.php\/2021\/11\/01\/colectivo-de-despedidas-ca\/\" \/>\n<meta property=\"og:locale\" content=\"gl_ES\" \/>\n<meta property=\"og:type\" content=\"article\" \/>\n<meta property=\"og:title\" content=\"Colectivo de despedidas C&amp;A -\" \/>\n<meta property=\"og:description\" content=\"C&amp;A \u00e9 unha empresa holandesa que estaba instalada na r\u00faa do Pr\u00edncipe da cidade de Vigo desde o ano 1.988 de maneira ininterrompida\" \/>\n<meta property=\"og:url\" content=\"https:\/\/www.anovapeneira.gal\/index.php\/2021\/11\/01\/colectivo-de-despedidas-ca\/\" \/>\n<meta property=\"article:publisher\" content=\"https:\/\/www.facebook.com\/anovapeneira\" \/>\n<meta property=\"article:published_time\" content=\"2021-11-01T09:00:21+00:00\" \/>\n<meta property=\"og:image\" content=\"https:\/\/www.anovapeneira.gal\/wp-content\/uploads\/2021\/10\/cya_vigo.jpg\" \/>\n\t<meta property=\"og:image:width\" content=\"720\" \/>\n\t<meta property=\"og:image:height\" content=\"432\" \/>\n\t<meta property=\"og:image:type\" content=\"image\/jpeg\" \/>\n<meta name=\"author\" content=\"Redacci\u00f3n A Nova Peneira\" \/>\n<meta name=\"twitter:card\" content=\"summary_large_image\" \/>\n<meta name=\"twitter:creator\" content=\"@APeneira\" \/>\n<meta name=\"twitter:site\" content=\"@APeneira\" \/>\n<meta name=\"twitter:label1\" content=\"Escrito por\" \/>\n\t<meta name=\"twitter:data1\" content=\"Redacci\u00f3n A Nova Peneira\" \/>\n\t<meta name=\"twitter:label2\" content=\"Tempo de lectura\" \/>\n\t<meta name=\"twitter:data2\" content=\"6 minutos\" \/>\n<script type=\"application\/ld+json\" class=\"yoast-schema-graph\">{\"@context\":\"https:\\\/\\\/schema.org\",\"@graph\":[{\"@type\":\"Article\",\"@id\":\"https:\\\/\\\/www.anovapeneira.gal\\\/index.php\\\/2021\\\/11\\\/01\\\/colectivo-de-despedidas-ca\\\/#article\",\"isPartOf\":{\"@id\":\"https:\\\/\\\/www.anovapeneira.gal\\\/index.php\\\/2021\\\/11\\\/01\\\/colectivo-de-despedidas-ca\\\/\"},\"author\":{\"name\":\"Redacci\u00f3n A Nova Peneira\",\"@id\":\"https:\\\/\\\/www.anovapeneira.gal\\\/#\\\/schema\\\/person\\\/b93e3f8932e3f8da96334607eb6ac6aa\"},\"headline\":\"Colectivo de despedidas C&#038;A\",\"datePublished\":\"2021-11-01T09:00:21+00:00\",\"mainEntityOfPage\":{\"@id\":\"https:\\\/\\\/www.anovapeneira.gal\\\/index.php\\\/2021\\\/11\\\/01\\\/colectivo-de-despedidas-ca\\\/\"},\"wordCount\":1458,\"commentCount\":0,\"publisher\":{\"@id\":\"https:\\\/\\\/www.anovapeneira.gal\\\/#organization\"},\"image\":{\"@id\":\"https:\\\/\\\/www.anovapeneira.gal\\\/index.php\\\/2021\\\/11\\\/01\\\/colectivo-de-despedidas-ca\\\/#primaryimage\"},\"thumbnailUrl\":\"https:\\\/\\\/www.anovapeneira.gal\\\/wp-content\\\/uploads\\\/2021\\\/10\\\/cya_vigo.jpg\",\"keywords\":[\"Concello de Vigo\"],\"articleSection\":[\"Vigo\"],\"inLanguage\":\"gl-ES\",\"potentialAction\":[{\"@type\":\"CommentAction\",\"name\":\"Comment\",\"target\":[\"https:\\\/\\\/www.anovapeneira.gal\\\/index.php\\\/2021\\\/11\\\/01\\\/colectivo-de-despedidas-ca\\\/#respond\"]}]},{\"@type\":\"WebPage\",\"@id\":\"https:\\\/\\\/www.anovapeneira.gal\\\/index.php\\\/2021\\\/11\\\/01\\\/colectivo-de-despedidas-ca\\\/\",\"url\":\"https:\\\/\\\/www.anovapeneira.gal\\\/index.php\\\/2021\\\/11\\\/01\\\/colectivo-de-despedidas-ca\\\/\",\"name\":\"Colectivo de despedidas C&A -\",\"isPartOf\":{\"@id\":\"https:\\\/\\\/www.anovapeneira.gal\\\/#website\"},\"primaryImageOfPage\":{\"@id\":\"https:\\\/\\\/www.anovapeneira.gal\\\/index.php\\\/2021\\\/11\\\/01\\\/colectivo-de-despedidas-ca\\\/#primaryimage\"},\"image\":{\"@id\":\"https:\\\/\\\/www.anovapeneira.gal\\\/index.php\\\/2021\\\/11\\\/01\\\/colectivo-de-despedidas-ca\\\/#primaryimage\"},\"thumbnailUrl\":\"https:\\\/\\\/www.anovapeneira.gal\\\/wp-content\\\/uploads\\\/2021\\\/10\\\/cya_vigo.jpg\",\"datePublished\":\"2021-11-01T09:00:21+00:00\",\"description\":\"C&A \u00e9 unha empresa holandesa que estaba instalada na r\u00faa do Pr\u00edncipe da cidade de Vigo desde o ano 1.988 de maneira ininterrompida\",\"breadcrumb\":{\"@id\":\"https:\\\/\\\/www.anovapeneira.gal\\\/index.php\\\/2021\\\/11\\\/01\\\/colectivo-de-despedidas-ca\\\/#breadcrumb\"},\"inLanguage\":\"gl-ES\",\"potentialAction\":[{\"@type\":\"ReadAction\",\"target\":[\"https:\\\/\\\/www.anovapeneira.gal\\\/index.php\\\/2021\\\/11\\\/01\\\/colectivo-de-despedidas-ca\\\/\"]}]},{\"@type\":\"ImageObject\",\"inLanguage\":\"gl-ES\",\"@id\":\"https:\\\/\\\/www.anovapeneira.gal\\\/index.php\\\/2021\\\/11\\\/01\\\/colectivo-de-despedidas-ca\\\/#primaryimage\",\"url\":\"https:\\\/\\\/www.anovapeneira.gal\\\/wp-content\\\/uploads\\\/2021\\\/10\\\/cya_vigo.jpg\",\"contentUrl\":\"https:\\\/\\\/www.anovapeneira.gal\\\/wp-content\\\/uploads\\\/2021\\\/10\\\/cya_vigo.jpg\",\"width\":720,\"height\":432,\"caption\":\"Colectivo despedidas C&A\"},{\"@type\":\"BreadcrumbList\",\"@id\":\"https:\\\/\\\/www.anovapeneira.gal\\\/index.php\\\/2021\\\/11\\\/01\\\/colectivo-de-despedidas-ca\\\/#breadcrumb\",\"itemListElement\":[{\"@type\":\"ListItem\",\"position\":1,\"name\":\"Portada\",\"item\":\"https:\\\/\\\/www.anovapeneira.gal\\\/\"},{\"@type\":\"ListItem\",\"position\":2,\"name\":\"Colectivo de despedidas C&#038;A\"}]},{\"@type\":\"WebSite\",\"@id\":\"https:\\\/\\\/www.anovapeneira.gal\\\/#website\",\"url\":\"https:\\\/\\\/www.anovapeneira.gal\\\/\",\"name\":\"\",\"description\":\"Xornal galego de informaci\u00f3n xeral Publicaci\u00f3n mensual de novas de Galicia e en especial dos Concellos da sur da provincia de Pontevedra.\",\"publisher\":{\"@id\":\"https:\\\/\\\/www.anovapeneira.gal\\\/#organization\"},\"potentialAction\":[{\"@type\":\"SearchAction\",\"target\":{\"@type\":\"EntryPoint\",\"urlTemplate\":\"https:\\\/\\\/www.anovapeneira.gal\\\/?s={search_term_string}\"},\"query-input\":{\"@type\":\"PropertyValueSpecification\",\"valueRequired\":true,\"valueName\":\"search_term_string\"}}],\"inLanguage\":\"gl-ES\"},{\"@type\":\"Organization\",\"@id\":\"https:\\\/\\\/www.anovapeneira.gal\\\/#organization\",\"name\":\"A Nova Peneira\",\"url\":\"https:\\\/\\\/www.anovapeneira.gal\\\/\",\"logo\":{\"@type\":\"ImageObject\",\"inLanguage\":\"gl-ES\",\"@id\":\"https:\\\/\\\/www.anovapeneira.gal\\\/#\\\/schema\\\/logo\\\/image\\\/\",\"url\":\"http:\\\/\\\/www.anovapeneira.gal\\\/wp-content\\\/uploads\\\/2019\\\/06\\\/logo_a_nova_peneira_portal_web.png\",\"contentUrl\":\"http:\\\/\\\/www.anovapeneira.gal\\\/wp-content\\\/uploads\\\/2019\\\/06\\\/logo_a_nova_peneira_portal_web.png\",\"width\":300,\"height\":100,\"caption\":\"A Nova Peneira\"},\"image\":{\"@id\":\"https:\\\/\\\/www.anovapeneira.gal\\\/#\\\/schema\\\/logo\\\/image\\\/\"},\"sameAs\":[\"https:\\\/\\\/www.facebook.com\\\/anovapeneira\",\"https:\\\/\\\/x.com\\\/APeneira\"]},{\"@type\":\"Person\",\"@id\":\"https:\\\/\\\/www.anovapeneira.gal\\\/#\\\/schema\\\/person\\\/b93e3f8932e3f8da96334607eb6ac6aa\",\"name\":\"Redacci\u00f3n A Nova Peneira\",\"image\":{\"@type\":\"ImageObject\",\"inLanguage\":\"gl-ES\",\"@id\":\"https:\\\/\\\/secure.gravatar.com\\\/avatar\\\/c052a2551a06e23fac63626232eaa90abd78dbcf1700fc46a2b2c89fd27b735f?s=96&d=mm&r=g\",\"url\":\"https:\\\/\\\/secure.gravatar.com\\\/avatar\\\/c052a2551a06e23fac63626232eaa90abd78dbcf1700fc46a2b2c89fd27b735f?s=96&d=mm&r=g\",\"contentUrl\":\"https:\\\/\\\/secure.gravatar.com\\\/avatar\\\/c052a2551a06e23fac63626232eaa90abd78dbcf1700fc46a2b2c89fd27b735f?s=96&d=mm&r=g\",\"caption\":\"Redacci\u00f3n A Nova Peneira\"},\"sameAs\":[\"http:\\\/\\\/www.anovapeneira.gal\\\/\"],\"url\":\"https:\\\/\\\/www.anovapeneira.gal\\\/index.php\\\/author\\\/redactor\\\/\"}]}<\/script>\n<!-- \/ Yoast SEO plugin. -->","yoast_head_json":{"title":"Colectivo de despedidas C&A -","description":"C&A \u00e9 unha empresa holandesa que estaba instalada na r\u00faa do Pr\u00edncipe da cidade de Vigo desde o ano 1.988 de maneira ininterrompida","robots":{"index":"index","follow":"follow","max-snippet":"max-snippet:-1","max-image-preview":"max-image-preview:large","max-video-preview":"max-video-preview:-1"},"canonical":"https:\/\/www.anovapeneira.gal\/index.php\/2021\/11\/01\/colectivo-de-despedidas-ca\/","og_locale":"gl_ES","og_type":"article","og_title":"Colectivo de despedidas C&A -","og_description":"C&A \u00e9 unha empresa holandesa que estaba instalada na r\u00faa do Pr\u00edncipe da cidade de Vigo desde o ano 1.988 de maneira ininterrompida","og_url":"https:\/\/www.anovapeneira.gal\/index.php\/2021\/11\/01\/colectivo-de-despedidas-ca\/","article_publisher":"https:\/\/www.facebook.com\/anovapeneira","article_published_time":"2021-11-01T09:00:21+00:00","og_image":[{"width":720,"height":432,"url":"https:\/\/www.anovapeneira.gal\/wp-content\/uploads\/2021\/10\/cya_vigo.jpg","type":"image\/jpeg"}],"author":"Redacci\u00f3n A Nova Peneira","twitter_card":"summary_large_image","twitter_creator":"@APeneira","twitter_site":"@APeneira","twitter_misc":{"Escrito por":"Redacci\u00f3n A Nova Peneira","Tempo de lectura":"6 minutos"},"schema":{"@context":"https:\/\/schema.org","@graph":[{"@type":"Article","@id":"https:\/\/www.anovapeneira.gal\/index.php\/2021\/11\/01\/colectivo-de-despedidas-ca\/#article","isPartOf":{"@id":"https:\/\/www.anovapeneira.gal\/index.php\/2021\/11\/01\/colectivo-de-despedidas-ca\/"},"author":{"name":"Redacci\u00f3n A Nova Peneira","@id":"https:\/\/www.anovapeneira.gal\/#\/schema\/person\/b93e3f8932e3f8da96334607eb6ac6aa"},"headline":"Colectivo de despedidas C&#038;A","datePublished":"2021-11-01T09:00:21+00:00","mainEntityOfPage":{"@id":"https:\/\/www.anovapeneira.gal\/index.php\/2021\/11\/01\/colectivo-de-despedidas-ca\/"},"wordCount":1458,"commentCount":0,"publisher":{"@id":"https:\/\/www.anovapeneira.gal\/#organization"},"image":{"@id":"https:\/\/www.anovapeneira.gal\/index.php\/2021\/11\/01\/colectivo-de-despedidas-ca\/#primaryimage"},"thumbnailUrl":"https:\/\/www.anovapeneira.gal\/wp-content\/uploads\/2021\/10\/cya_vigo.jpg","keywords":["Concello de Vigo"],"articleSection":["Vigo"],"inLanguage":"gl-ES","potentialAction":[{"@type":"CommentAction","name":"Comment","target":["https:\/\/www.anovapeneira.gal\/index.php\/2021\/11\/01\/colectivo-de-despedidas-ca\/#respond"]}]},{"@type":"WebPage","@id":"https:\/\/www.anovapeneira.gal\/index.php\/2021\/11\/01\/colectivo-de-despedidas-ca\/","url":"https:\/\/www.anovapeneira.gal\/index.php\/2021\/11\/01\/colectivo-de-despedidas-ca\/","name":"Colectivo de despedidas C&A -","isPartOf":{"@id":"https:\/\/www.anovapeneira.gal\/#website"},"primaryImageOfPage":{"@id":"https:\/\/www.anovapeneira.gal\/index.php\/2021\/11\/01\/colectivo-de-despedidas-ca\/#primaryimage"},"image":{"@id":"https:\/\/www.anovapeneira.gal\/index.php\/2021\/11\/01\/colectivo-de-despedidas-ca\/#primaryimage"},"thumbnailUrl":"https:\/\/www.anovapeneira.gal\/wp-content\/uploads\/2021\/10\/cya_vigo.jpg","datePublished":"2021-11-01T09:00:21+00:00","description":"C&A \u00e9 unha empresa holandesa que estaba instalada na r\u00faa do Pr\u00edncipe da cidade de Vigo desde o ano 1.988 de maneira ininterrompida","breadcrumb":{"@id":"https:\/\/www.anovapeneira.gal\/index.php\/2021\/11\/01\/colectivo-de-despedidas-ca\/#breadcrumb"},"inLanguage":"gl-ES","potentialAction":[{"@type":"ReadAction","target":["https:\/\/www.anovapeneira.gal\/index.php\/2021\/11\/01\/colectivo-de-despedidas-ca\/"]}]},{"@type":"ImageObject","inLanguage":"gl-ES","@id":"https:\/\/www.anovapeneira.gal\/index.php\/2021\/11\/01\/colectivo-de-despedidas-ca\/#primaryimage","url":"https:\/\/www.anovapeneira.gal\/wp-content\/uploads\/2021\/10\/cya_vigo.jpg","contentUrl":"https:\/\/www.anovapeneira.gal\/wp-content\/uploads\/2021\/10\/cya_vigo.jpg","width":720,"height":432,"caption":"Colectivo despedidas C&A"},{"@type":"BreadcrumbList","@id":"https:\/\/www.anovapeneira.gal\/index.php\/2021\/11\/01\/colectivo-de-despedidas-ca\/#breadcrumb","itemListElement":[{"@type":"ListItem","position":1,"name":"Portada","item":"https:\/\/www.anovapeneira.gal\/"},{"@type":"ListItem","position":2,"name":"Colectivo de despedidas C&#038;A"}]},{"@type":"WebSite","@id":"https:\/\/www.anovapeneira.gal\/#website","url":"https:\/\/www.anovapeneira.gal\/","name":"","description":"Xornal galego de informaci\u00f3n xeral Publicaci\u00f3n mensual de novas de Galicia e en especial dos Concellos da sur da provincia de Pontevedra.","publisher":{"@id":"https:\/\/www.anovapeneira.gal\/#organization"},"potentialAction":[{"@type":"SearchAction","target":{"@type":"EntryPoint","urlTemplate":"https:\/\/www.anovapeneira.gal\/?s={search_term_string}"},"query-input":{"@type":"PropertyValueSpecification","valueRequired":true,"valueName":"search_term_string"}}],"inLanguage":"gl-ES"},{"@type":"Organization","@id":"https:\/\/www.anovapeneira.gal\/#organization","name":"A Nova Peneira","url":"https:\/\/www.anovapeneira.gal\/","logo":{"@type":"ImageObject","inLanguage":"gl-ES","@id":"https:\/\/www.anovapeneira.gal\/#\/schema\/logo\/image\/","url":"http:\/\/www.anovapeneira.gal\/wp-content\/uploads\/2019\/06\/logo_a_nova_peneira_portal_web.png","contentUrl":"http:\/\/www.anovapeneira.gal\/wp-content\/uploads\/2019\/06\/logo_a_nova_peneira_portal_web.png","width":300,"height":100,"caption":"A Nova Peneira"},"image":{"@id":"https:\/\/www.anovapeneira.gal\/#\/schema\/logo\/image\/"},"sameAs":["https:\/\/www.facebook.com\/anovapeneira","https:\/\/x.com\/APeneira"]},{"@type":"Person","@id":"https:\/\/www.anovapeneira.gal\/#\/schema\/person\/b93e3f8932e3f8da96334607eb6ac6aa","name":"Redacci\u00f3n A Nova Peneira","image":{"@type":"ImageObject","inLanguage":"gl-ES","@id":"https:\/\/secure.gravatar.com\/avatar\/c052a2551a06e23fac63626232eaa90abd78dbcf1700fc46a2b2c89fd27b735f?s=96&d=mm&r=g","url":"https:\/\/secure.gravatar.com\/avatar\/c052a2551a06e23fac63626232eaa90abd78dbcf1700fc46a2b2c89fd27b735f?s=96&d=mm&r=g","contentUrl":"https:\/\/secure.gravatar.com\/avatar\/c052a2551a06e23fac63626232eaa90abd78dbcf1700fc46a2b2c89fd27b735f?s=96&d=mm&r=g","caption":"Redacci\u00f3n A Nova Peneira"},"sameAs":["http:\/\/www.anovapeneira.gal\/"],"url":"https:\/\/www.anovapeneira.gal\/index.php\/author\/redactor\/"}]}},"jetpack_featured_media_url":"https:\/\/www.anovapeneira.gal\/wp-content\/uploads\/2021\/10\/cya_vigo.jpg","_links":{"self":[{"href":"https:\/\/www.anovapeneira.gal\/index.php\/wp-json\/wp\/v2\/posts\/6328","targetHints":{"allow":["GET"]}}],"collection":[{"href":"https:\/\/www.anovapeneira.gal\/index.php\/wp-json\/wp\/v2\/posts"}],"about":[{"href":"https:\/\/www.anovapeneira.gal\/index.php\/wp-json\/wp\/v2\/types\/post"}],"author":[{"embeddable":true,"href":"https:\/\/www.anovapeneira.gal\/index.php\/wp-json\/wp\/v2\/users\/3"}],"replies":[{"embeddable":true,"href":"https:\/\/www.anovapeneira.gal\/index.php\/wp-json\/wp\/v2\/comments?post=6328"}],"version-history":[{"count":1,"href":"https:\/\/www.anovapeneira.gal\/index.php\/wp-json\/wp\/v2\/posts\/6328\/revisions"}],"predecessor-version":[{"id":6330,"href":"https:\/\/www.anovapeneira.gal\/index.php\/wp-json\/wp\/v2\/posts\/6328\/revisions\/6330"}],"wp:featuredmedia":[{"embeddable":true,"href":"https:\/\/www.anovapeneira.gal\/index.php\/wp-json\/wp\/v2\/media\/6329"}],"wp:attachment":[{"href":"https:\/\/www.anovapeneira.gal\/index.php\/wp-json\/wp\/v2\/media?parent=6328"}],"wp:term":[{"taxonomy":"category","embeddable":true,"href":"https:\/\/www.anovapeneira.gal\/index.php\/wp-json\/wp\/v2\/categories?post=6328"},{"taxonomy":"post_tag","embeddable":true,"href":"https:\/\/www.anovapeneira.gal\/index.php\/wp-json\/wp\/v2\/tags?post=6328"}],"curies":[{"name":"wp","href":"https:\/\/api.w.org\/{rel}","templated":true}]}}