{"id":6331,"date":"2021-11-01T12:00:12","date_gmt":"2021-11-01T11:00:12","guid":{"rendered":"https:\/\/www.anovapeneira.gal\/?p=6331"},"modified":"2021-10-27T18:52:42","modified_gmt":"2021-10-27T16:52:42","slug":"un-novo-parque-eolico-no-morrazo","status":"publish","type":"post","link":"https:\/\/www.anovapeneira.gal\/index.php\/2021\/11\/01\/un-novo-parque-eolico-no-morrazo\/","title":{"rendered":"Un novo parque e\u00f3lico no Morrazo?"},"content":{"rendered":"\n<figure class=\"wp-block-image size-large is-resized\"><img loading=\"lazy\" decoding=\"async\" src=\"http:\/\/www.anovapeneira.gal\/wp-content\/uploads\/2019\/07\/pedro_cortegoso_opinion_a_nova_peneira_bn.jpg\" alt=\"Pedro M. Cortegoso Gago Artigo Opini\u00f3n A Nova Peneira\" class=\"wp-image-464\" width=\"95\" height=\"111\"\/><figcaption>Pedro M. Cortegoso Gago Traballador do Centro de Sa\u00fade de Moa\u00f1a<\/figcaption><\/figure>\n\n\n\n<p>Fai uns d\u00edas soubemos polos medios de comunicaci\u00f3n que o parque e\u00f3lico de Pedras Negras, proxectado no Morrazo, non se ia facer por desistir no seu empe\u00f1o a empresa de capital italiano&nbsp;Enel Green Power Espa\u00f1a. Lament\u00e1bel que tiveramos que saber isto pola prensa despois de estar esperando anos pola contestaci\u00f3n da Xunta \u00e1s alegaci\u00f3ns presentadas contra o proxecto.<\/p>\n\n\n\n<p>Por\u00e9n, a alegr\u00eda desta nova durou pouco e seica hai outro proxecto en marcha que vai afectar aos concellos de Mar\u00edn e Bueu. Parece ser que detr\u00e1s est\u00e1 a empresa ACS, &#8220;falando&#8221; con varias comunidades de montes da zona,&nbsp;<strong>coa pretensi\u00f3n de colocar catro enormes aeroxeradores en Ard\u00e1n e uns cantos m\u00e1is (non sabemos o n\u00famero exacto) en Cela e Ermelo<\/strong>.<\/p>\n\n\n\n<p>Como puxo de manifesto o Observatorio E\u00f3lico de Galiza, nos \u00faltimos tempos a burbulla e\u00f3lica esta enchendo os montes galegos de empresas especuladoras na busca de terreos sen sequera ter rexistrado ning\u00fan proxecto. Buscan terreos a prezos baixos<\/p>\n\n\n\n<p>Nos novos parques e\u00f3licos proxectados os aeroxeradores son dun tama\u00f1o moi superior aos xa instalados nos montes galegos, chegando a unha altura de case 200 metros e unhas bases de formig\u00f3n de grandes dimensi\u00f3ns. Isto sup\u00f3n un enorme impacto visual e unha enorme degradaci\u00f3n paisax\u00edstica.<\/p>\n\n\n\n<p>O que non contan estas empresas que van por Galiza adiante vendendo &#8220;clandestinamente&#8221; estes proxectos son os enormes impactos que causan sobre a sa\u00fade das persoas e sobre o territorios:<\/p>\n\n\n\n<ul class=\"wp-block-list\"><li>Non contan que de levarse adiante o parque e\u00f3lico toda a zona de influencia do mesmos cambia a cualificaci\u00f3n urban\u00edstica.<\/li><li>Os terreos e as vivendas pr\u00f3ximos perder\u00e1n gran parte do seu valor actual.<\/li><li>Provocan un gran impacto na paisaxe.<\/li><li>Afectan aos acu\u00edferos: fontes, r\u00edos, tra\u00eddas, etc.<\/li><li>Estes aeroxeradores provocan un ru\u00eddo constante e alteran os sistemas de telecomunicaci\u00f3n (tv, radio, etc).<\/li><li>Provocan o chamado &#8220;efecto discoteca&#8221; polo movemento nocturno das aspas.<\/li><li>Causan graves problemas \u00e1 fauna salvaxe, fundamentalmente aves e morcegos.<\/li><\/ul>\n\n\n\n<ul class=\"wp-block-list\"><li>Non cr\u00edan postos de traballo, isto \u00e9 unha gran mentira que se repite constantemente como argumento para xustificar estes proxectos.<\/li><li>Agudizan o despoboamento do rural, a ningu\u00e9n lle gusta vivir \u00e1 beira dun parque e\u00f3lico. O 90% dos concellos con parques e\u00f3licos perderon poboaci\u00f3n.<\/li><\/ul>\n\n\n\n<p>A maiores destes impactos, o proceso de construci\u00f3n sup\u00f3n un gran movemento de terras, desmontes e apertura de pistas para os cami\u00f3ns de grande tonelaxe, a edificaci\u00f3n de subestaci\u00f3ns, li\u00f1as de evacuaci\u00f3n, etc. Isto supor\u00eda a desfeita do monte entre Ard\u00e1n, Cela e Ermelo. Montes do Morrazo que te\u00f1en unha protecci\u00f3n ambiental nas normas provinciais.<\/p>\n\n\n\n<p>En definitiva un parque e\u00f3lico nos montes de Mar\u00edn e Bueu s\u00f3 beneficiar\u00eda \u00e1 empresa que o instala, mentres os n\u00f3s teremos que soportar os impactos negativos sobre o ecosistema e a nosa sa\u00fade.<\/p>\n\n\n\n<p>Mar\u00edn, 20 de outubro de 2021<\/p>\n\n\n\n<p>Asdo.: Pedro M. Cortegoso Gago<\/p>\n\n\n\n<p>Veci\u00f1o de Mar\u00edn<\/p>\n","protected":false},"excerpt":{"rendered":"<div class=\"mh-excerpt\"><p>Fai uns d\u00edas soubemos polos medios de comunicaci\u00f3n que o parque e\u00f3lico de Pedras Negras, proxectado no Morrazo, non se ia facer por desistir no seu empe\u00f1o a empresa de capital italiano Enel Green Power Espa\u00f1a <a class=\"mh-excerpt-more\" href=\"https:\/\/www.anovapeneira.gal\/index.php\/2021\/11\/01\/un-novo-parque-eolico-no-morrazo\/\" title=\"Un novo parque e\u00f3lico no Morrazo?\">[&#8230;]<\/a><\/p>\n<\/div>","protected":false},"author":4,"featured_media":584,"comment_status":"open","ping_status":"open","sticky":false,"template":"","format":"standard","meta":{"_exactmetrics_skip_tracking":false,"_exactmetrics_sitenote_active":false,"_exactmetrics_sitenote_note":"","_exactmetrics_sitenote_category":0,"footnotes":""},"categories":[7],"tags":[144],"class_list":{"0":"post-6331","1":"post","2":"type-post","3":"status-publish","4":"format-standard","5":"has-post-thumbnail","7":"category-artigos-de-opinion","8":"tag-concello-de-marin"},"yoast_head":"<!-- This site is optimized with the Yoast SEO plugin v27.4 - https:\/\/yoast.com\/product\/yoast-seo-wordpress\/ -->\n<title>Un novo parque e\u00f3lico no Morrazo? -<\/title>\n<meta name=\"description\" content=\"Fai uns d\u00edas soubemos polos medios de comunicaci\u00f3n que o parque e\u00f3lico de Pedras Negras, proxectado no Morrazo, non se ia facer por desistir no seu empe\u00f1o a empresa de capital italiano Enel Green Power Espa\u00f1a\" \/>\n<meta name=\"robots\" content=\"index, follow, max-snippet:-1, max-image-preview:large, max-video-preview:-1\" \/>\n<link rel=\"canonical\" href=\"https:\/\/www.anovapeneira.gal\/index.php\/2021\/11\/01\/un-novo-parque-eolico-no-morrazo\/\" \/>\n<meta property=\"og:locale\" content=\"gl_ES\" \/>\n<meta property=\"og:type\" content=\"article\" \/>\n<meta property=\"og:title\" content=\"Un novo parque e\u00f3lico no Morrazo? -\" \/>\n<meta property=\"og:description\" content=\"Fai uns d\u00edas soubemos polos medios de comunicaci\u00f3n que o parque e\u00f3lico de Pedras Negras, proxectado no Morrazo, non se ia facer por desistir no seu empe\u00f1o a empresa de capital italiano Enel Green Power Espa\u00f1a\" \/>\n<meta property=\"og:url\" content=\"https:\/\/www.anovapeneira.gal\/index.php\/2021\/11\/01\/un-novo-parque-eolico-no-morrazo\/\" \/>\n<meta property=\"article:publisher\" content=\"https:\/\/www.facebook.com\/anovapeneira\" \/>\n<meta property=\"article:published_time\" content=\"2021-11-01T11:00:12+00:00\" \/>\n<meta property=\"og:image\" content=\"https:\/\/www.anovapeneira.gal\/wp-content\/uploads\/2019\/07\/ARTIGO_DE_OPINION_A_NOVA_PENEIRA.jpg\" \/>\n\t<meta property=\"og:image:width\" content=\"720\" \/>\n\t<meta property=\"og:image:height\" content=\"473\" \/>\n\t<meta property=\"og:image:type\" content=\"image\/jpeg\" \/>\n<meta name=\"author\" content=\"Pedro M. Cortegoso Gago\" \/>\n<meta name=\"twitter:card\" content=\"summary_large_image\" \/>\n<meta name=\"twitter:image\" content=\"https:\/\/www.anovapeneira.gal\/wp-content\/uploads\/2019\/07\/ARTIGO_DE_OPINION_A_NOVA_PENEIRA.jpg\" \/>\n<meta name=\"twitter:creator\" content=\"@APeneira\" \/>\n<meta name=\"twitter:site\" content=\"@APeneira\" \/>\n<meta name=\"twitter:label1\" content=\"Escrito por\" \/>\n\t<meta name=\"twitter:data1\" content=\"Pedro M. Cortegoso Gago\" \/>\n\t<meta name=\"twitter:label2\" content=\"Tempo de lectura\" \/>\n\t<meta name=\"twitter:data2\" content=\"3 minutos\" \/>\n<script type=\"application\/ld+json\" class=\"yoast-schema-graph\">{\"@context\":\"https:\\\/\\\/schema.org\",\"@graph\":[{\"@type\":\"Article\",\"@id\":\"https:\\\/\\\/www.anovapeneira.gal\\\/index.php\\\/2021\\\/11\\\/01\\\/un-novo-parque-eolico-no-morrazo\\\/#article\",\"isPartOf\":{\"@id\":\"https:\\\/\\\/www.anovapeneira.gal\\\/index.php\\\/2021\\\/11\\\/01\\\/un-novo-parque-eolico-no-morrazo\\\/\"},\"author\":{\"name\":\"Pedro M. Cortegoso Gago\",\"@id\":\"https:\\\/\\\/www.anovapeneira.gal\\\/#\\\/schema\\\/person\\\/c04a9c9f722c9446e71ae434c0353337\"},\"headline\":\"Un novo parque e\u00f3lico no Morrazo?\",\"datePublished\":\"2021-11-01T11:00:12+00:00\",\"mainEntityOfPage\":{\"@id\":\"https:\\\/\\\/www.anovapeneira.gal\\\/index.php\\\/2021\\\/11\\\/01\\\/un-novo-parque-eolico-no-morrazo\\\/\"},\"wordCount\":523,\"commentCount\":0,\"publisher\":{\"@id\":\"https:\\\/\\\/www.anovapeneira.gal\\\/#organization\"},\"image\":{\"@id\":\"https:\\\/\\\/www.anovapeneira.gal\\\/index.php\\\/2021\\\/11\\\/01\\\/un-novo-parque-eolico-no-morrazo\\\/#primaryimage\"},\"thumbnailUrl\":\"https:\\\/\\\/www.anovapeneira.gal\\\/wp-content\\\/uploads\\\/2019\\\/07\\\/ARTIGO_DE_OPINION_A_NOVA_PENEIRA.jpg\",\"keywords\":[\"Concello de Mar\u00edn\"],\"articleSection\":[\"Artigos de opini\u00f3n\"],\"inLanguage\":\"gl-ES\",\"potentialAction\":[{\"@type\":\"CommentAction\",\"name\":\"Comment\",\"target\":[\"https:\\\/\\\/www.anovapeneira.gal\\\/index.php\\\/2021\\\/11\\\/01\\\/un-novo-parque-eolico-no-morrazo\\\/#respond\"]}]},{\"@type\":\"WebPage\",\"@id\":\"https:\\\/\\\/www.anovapeneira.gal\\\/index.php\\\/2021\\\/11\\\/01\\\/un-novo-parque-eolico-no-morrazo\\\/\",\"url\":\"https:\\\/\\\/www.anovapeneira.gal\\\/index.php\\\/2021\\\/11\\\/01\\\/un-novo-parque-eolico-no-morrazo\\\/\",\"name\":\"Un novo parque e\u00f3lico no Morrazo? -\",\"isPartOf\":{\"@id\":\"https:\\\/\\\/www.anovapeneira.gal\\\/#website\"},\"primaryImageOfPage\":{\"@id\":\"https:\\\/\\\/www.anovapeneira.gal\\\/index.php\\\/2021\\\/11\\\/01\\\/un-novo-parque-eolico-no-morrazo\\\/#primaryimage\"},\"image\":{\"@id\":\"https:\\\/\\\/www.anovapeneira.gal\\\/index.php\\\/2021\\\/11\\\/01\\\/un-novo-parque-eolico-no-morrazo\\\/#primaryimage\"},\"thumbnailUrl\":\"https:\\\/\\\/www.anovapeneira.gal\\\/wp-content\\\/uploads\\\/2019\\\/07\\\/ARTIGO_DE_OPINION_A_NOVA_PENEIRA.jpg\",\"datePublished\":\"2021-11-01T11:00:12+00:00\",\"description\":\"Fai uns d\u00edas soubemos polos medios de comunicaci\u00f3n que o parque e\u00f3lico de Pedras Negras, proxectado no Morrazo, non se ia facer por desistir no seu empe\u00f1o a empresa de capital italiano Enel Green Power Espa\u00f1a\",\"breadcrumb\":{\"@id\":\"https:\\\/\\\/www.anovapeneira.gal\\\/index.php\\\/2021\\\/11\\\/01\\\/un-novo-parque-eolico-no-morrazo\\\/#breadcrumb\"},\"inLanguage\":\"gl-ES\",\"potentialAction\":[{\"@type\":\"ReadAction\",\"target\":[\"https:\\\/\\\/www.anovapeneira.gal\\\/index.php\\\/2021\\\/11\\\/01\\\/un-novo-parque-eolico-no-morrazo\\\/\"]}]},{\"@type\":\"ImageObject\",\"inLanguage\":\"gl-ES\",\"@id\":\"https:\\\/\\\/www.anovapeneira.gal\\\/index.php\\\/2021\\\/11\\\/01\\\/un-novo-parque-eolico-no-morrazo\\\/#primaryimage\",\"url\":\"https:\\\/\\\/www.anovapeneira.gal\\\/wp-content\\\/uploads\\\/2019\\\/07\\\/ARTIGO_DE_OPINION_A_NOVA_PENEIRA.jpg\",\"contentUrl\":\"https:\\\/\\\/www.anovapeneira.gal\\\/wp-content\\\/uploads\\\/2019\\\/07\\\/ARTIGO_DE_OPINION_A_NOVA_PENEIRA.jpg\",\"width\":720,\"height\":473,\"caption\":\"Artigo de opini\u00f3n A Nova Peneira\"},{\"@type\":\"BreadcrumbList\",\"@id\":\"https:\\\/\\\/www.anovapeneira.gal\\\/index.php\\\/2021\\\/11\\\/01\\\/un-novo-parque-eolico-no-morrazo\\\/#breadcrumb\",\"itemListElement\":[{\"@type\":\"ListItem\",\"position\":1,\"name\":\"Portada\",\"item\":\"https:\\\/\\\/www.anovapeneira.gal\\\/\"},{\"@type\":\"ListItem\",\"position\":2,\"name\":\"Un novo parque e\u00f3lico no Morrazo?\"}]},{\"@type\":\"WebSite\",\"@id\":\"https:\\\/\\\/www.anovapeneira.gal\\\/#website\",\"url\":\"https:\\\/\\\/www.anovapeneira.gal\\\/\",\"name\":\"\",\"description\":\"Xornal galego de informaci\u00f3n xeral Publicaci\u00f3n mensual de novas de Galicia e en especial dos Concellos da sur da provincia de Pontevedra.\",\"publisher\":{\"@id\":\"https:\\\/\\\/www.anovapeneira.gal\\\/#organization\"},\"potentialAction\":[{\"@type\":\"SearchAction\",\"target\":{\"@type\":\"EntryPoint\",\"urlTemplate\":\"https:\\\/\\\/www.anovapeneira.gal\\\/?s={search_term_string}\"},\"query-input\":{\"@type\":\"PropertyValueSpecification\",\"valueRequired\":true,\"valueName\":\"search_term_string\"}}],\"inLanguage\":\"gl-ES\"},{\"@type\":\"Organization\",\"@id\":\"https:\\\/\\\/www.anovapeneira.gal\\\/#organization\",\"name\":\"A Nova Peneira\",\"url\":\"https:\\\/\\\/www.anovapeneira.gal\\\/\",\"logo\":{\"@type\":\"ImageObject\",\"inLanguage\":\"gl-ES\",\"@id\":\"https:\\\/\\\/www.anovapeneira.gal\\\/#\\\/schema\\\/logo\\\/image\\\/\",\"url\":\"http:\\\/\\\/www.anovapeneira.gal\\\/wp-content\\\/uploads\\\/2019\\\/06\\\/logo_a_nova_peneira_portal_web.png\",\"contentUrl\":\"http:\\\/\\\/www.anovapeneira.gal\\\/wp-content\\\/uploads\\\/2019\\\/06\\\/logo_a_nova_peneira_portal_web.png\",\"width\":300,\"height\":100,\"caption\":\"A Nova Peneira\"},\"image\":{\"@id\":\"https:\\\/\\\/www.anovapeneira.gal\\\/#\\\/schema\\\/logo\\\/image\\\/\"},\"sameAs\":[\"https:\\\/\\\/www.facebook.com\\\/anovapeneira\",\"https:\\\/\\\/x.com\\\/APeneira\"]},{\"@type\":\"Person\",\"@id\":\"https:\\\/\\\/www.anovapeneira.gal\\\/#\\\/schema\\\/person\\\/c04a9c9f722c9446e71ae434c0353337\",\"name\":\"Pedro M. Cortegoso Gago\",\"image\":{\"@type\":\"ImageObject\",\"inLanguage\":\"gl-ES\",\"@id\":\"https:\\\/\\\/secure.gravatar.com\\\/avatar\\\/1613b27278a972c04db5c2f04fb2cbfa9edb58d6c3e2547817ecb8240eb58381?s=96&d=mm&r=g\",\"url\":\"https:\\\/\\\/secure.gravatar.com\\\/avatar\\\/1613b27278a972c04db5c2f04fb2cbfa9edb58d6c3e2547817ecb8240eb58381?s=96&d=mm&r=g\",\"contentUrl\":\"https:\\\/\\\/secure.gravatar.com\\\/avatar\\\/1613b27278a972c04db5c2f04fb2cbfa9edb58d6c3e2547817ecb8240eb58381?s=96&d=mm&r=g\",\"caption\":\"Pedro M. Cortegoso Gago\"},\"sameAs\":[\"http:\\\/\\\/anovapeneira.gal\"],\"url\":\"https:\\\/\\\/www.anovapeneira.gal\\\/index.php\\\/author\\\/opinionpcortegoso\\\/\"}]}<\/script>\n<!-- \/ Yoast SEO plugin. -->","yoast_head_json":{"title":"Un novo parque e\u00f3lico no Morrazo? -","description":"Fai uns d\u00edas soubemos polos medios de comunicaci\u00f3n que o parque e\u00f3lico de Pedras Negras, proxectado no Morrazo, non se ia facer por desistir no seu empe\u00f1o a empresa de capital italiano Enel Green Power Espa\u00f1a","robots":{"index":"index","follow":"follow","max-snippet":"max-snippet:-1","max-image-preview":"max-image-preview:large","max-video-preview":"max-video-preview:-1"},"canonical":"https:\/\/www.anovapeneira.gal\/index.php\/2021\/11\/01\/un-novo-parque-eolico-no-morrazo\/","og_locale":"gl_ES","og_type":"article","og_title":"Un novo parque e\u00f3lico no Morrazo? -","og_description":"Fai uns d\u00edas soubemos polos medios de comunicaci\u00f3n que o parque e\u00f3lico de Pedras Negras, proxectado no Morrazo, non se ia facer por desistir no seu empe\u00f1o a empresa de capital italiano Enel Green Power Espa\u00f1a","og_url":"https:\/\/www.anovapeneira.gal\/index.php\/2021\/11\/01\/un-novo-parque-eolico-no-morrazo\/","article_publisher":"https:\/\/www.facebook.com\/anovapeneira","article_published_time":"2021-11-01T11:00:12+00:00","og_image":[{"width":720,"height":473,"url":"https:\/\/www.anovapeneira.gal\/wp-content\/uploads\/2019\/07\/ARTIGO_DE_OPINION_A_NOVA_PENEIRA.jpg","type":"image\/jpeg"}],"author":"Pedro M. Cortegoso Gago","twitter_card":"summary_large_image","twitter_image":"https:\/\/www.anovapeneira.gal\/wp-content\/uploads\/2019\/07\/ARTIGO_DE_OPINION_A_NOVA_PENEIRA.jpg","twitter_creator":"@APeneira","twitter_site":"@APeneira","twitter_misc":{"Escrito por":"Pedro M. Cortegoso Gago","Tempo de lectura":"3 minutos"},"schema":{"@context":"https:\/\/schema.org","@graph":[{"@type":"Article","@id":"https:\/\/www.anovapeneira.gal\/index.php\/2021\/11\/01\/un-novo-parque-eolico-no-morrazo\/#article","isPartOf":{"@id":"https:\/\/www.anovapeneira.gal\/index.php\/2021\/11\/01\/un-novo-parque-eolico-no-morrazo\/"},"author":{"name":"Pedro M. Cortegoso Gago","@id":"https:\/\/www.anovapeneira.gal\/#\/schema\/person\/c04a9c9f722c9446e71ae434c0353337"},"headline":"Un novo parque e\u00f3lico no Morrazo?","datePublished":"2021-11-01T11:00:12+00:00","mainEntityOfPage":{"@id":"https:\/\/www.anovapeneira.gal\/index.php\/2021\/11\/01\/un-novo-parque-eolico-no-morrazo\/"},"wordCount":523,"commentCount":0,"publisher":{"@id":"https:\/\/www.anovapeneira.gal\/#organization"},"image":{"@id":"https:\/\/www.anovapeneira.gal\/index.php\/2021\/11\/01\/un-novo-parque-eolico-no-morrazo\/#primaryimage"},"thumbnailUrl":"https:\/\/www.anovapeneira.gal\/wp-content\/uploads\/2019\/07\/ARTIGO_DE_OPINION_A_NOVA_PENEIRA.jpg","keywords":["Concello de Mar\u00edn"],"articleSection":["Artigos de opini\u00f3n"],"inLanguage":"gl-ES","potentialAction":[{"@type":"CommentAction","name":"Comment","target":["https:\/\/www.anovapeneira.gal\/index.php\/2021\/11\/01\/un-novo-parque-eolico-no-morrazo\/#respond"]}]},{"@type":"WebPage","@id":"https:\/\/www.anovapeneira.gal\/index.php\/2021\/11\/01\/un-novo-parque-eolico-no-morrazo\/","url":"https:\/\/www.anovapeneira.gal\/index.php\/2021\/11\/01\/un-novo-parque-eolico-no-morrazo\/","name":"Un novo parque e\u00f3lico no Morrazo? -","isPartOf":{"@id":"https:\/\/www.anovapeneira.gal\/#website"},"primaryImageOfPage":{"@id":"https:\/\/www.anovapeneira.gal\/index.php\/2021\/11\/01\/un-novo-parque-eolico-no-morrazo\/#primaryimage"},"image":{"@id":"https:\/\/www.anovapeneira.gal\/index.php\/2021\/11\/01\/un-novo-parque-eolico-no-morrazo\/#primaryimage"},"thumbnailUrl":"https:\/\/www.anovapeneira.gal\/wp-content\/uploads\/2019\/07\/ARTIGO_DE_OPINION_A_NOVA_PENEIRA.jpg","datePublished":"2021-11-01T11:00:12+00:00","description":"Fai uns d\u00edas soubemos polos medios de comunicaci\u00f3n que o parque e\u00f3lico de Pedras Negras, proxectado no Morrazo, non se ia facer por desistir no seu empe\u00f1o a empresa de capital italiano Enel Green Power Espa\u00f1a","breadcrumb":{"@id":"https:\/\/www.anovapeneira.gal\/index.php\/2021\/11\/01\/un-novo-parque-eolico-no-morrazo\/#breadcrumb"},"inLanguage":"gl-ES","potentialAction":[{"@type":"ReadAction","target":["https:\/\/www.anovapeneira.gal\/index.php\/2021\/11\/01\/un-novo-parque-eolico-no-morrazo\/"]}]},{"@type":"ImageObject","inLanguage":"gl-ES","@id":"https:\/\/www.anovapeneira.gal\/index.php\/2021\/11\/01\/un-novo-parque-eolico-no-morrazo\/#primaryimage","url":"https:\/\/www.anovapeneira.gal\/wp-content\/uploads\/2019\/07\/ARTIGO_DE_OPINION_A_NOVA_PENEIRA.jpg","contentUrl":"https:\/\/www.anovapeneira.gal\/wp-content\/uploads\/2019\/07\/ARTIGO_DE_OPINION_A_NOVA_PENEIRA.jpg","width":720,"height":473,"caption":"Artigo de opini\u00f3n A Nova Peneira"},{"@type":"BreadcrumbList","@id":"https:\/\/www.anovapeneira.gal\/index.php\/2021\/11\/01\/un-novo-parque-eolico-no-morrazo\/#breadcrumb","itemListElement":[{"@type":"ListItem","position":1,"name":"Portada","item":"https:\/\/www.anovapeneira.gal\/"},{"@type":"ListItem","position":2,"name":"Un novo parque e\u00f3lico no Morrazo?"}]},{"@type":"WebSite","@id":"https:\/\/www.anovapeneira.gal\/#website","url":"https:\/\/www.anovapeneira.gal\/","name":"","description":"Xornal galego de informaci\u00f3n xeral Publicaci\u00f3n mensual de novas de Galicia e en especial dos Concellos da sur da provincia de Pontevedra.","publisher":{"@id":"https:\/\/www.anovapeneira.gal\/#organization"},"potentialAction":[{"@type":"SearchAction","target":{"@type":"EntryPoint","urlTemplate":"https:\/\/www.anovapeneira.gal\/?s={search_term_string}"},"query-input":{"@type":"PropertyValueSpecification","valueRequired":true,"valueName":"search_term_string"}}],"inLanguage":"gl-ES"},{"@type":"Organization","@id":"https:\/\/www.anovapeneira.gal\/#organization","name":"A Nova Peneira","url":"https:\/\/www.anovapeneira.gal\/","logo":{"@type":"ImageObject","inLanguage":"gl-ES","@id":"https:\/\/www.anovapeneira.gal\/#\/schema\/logo\/image\/","url":"http:\/\/www.anovapeneira.gal\/wp-content\/uploads\/2019\/06\/logo_a_nova_peneira_portal_web.png","contentUrl":"http:\/\/www.anovapeneira.gal\/wp-content\/uploads\/2019\/06\/logo_a_nova_peneira_portal_web.png","width":300,"height":100,"caption":"A Nova Peneira"},"image":{"@id":"https:\/\/www.anovapeneira.gal\/#\/schema\/logo\/image\/"},"sameAs":["https:\/\/www.facebook.com\/anovapeneira","https:\/\/x.com\/APeneira"]},{"@type":"Person","@id":"https:\/\/www.anovapeneira.gal\/#\/schema\/person\/c04a9c9f722c9446e71ae434c0353337","name":"Pedro M. Cortegoso Gago","image":{"@type":"ImageObject","inLanguage":"gl-ES","@id":"https:\/\/secure.gravatar.com\/avatar\/1613b27278a972c04db5c2f04fb2cbfa9edb58d6c3e2547817ecb8240eb58381?s=96&d=mm&r=g","url":"https:\/\/secure.gravatar.com\/avatar\/1613b27278a972c04db5c2f04fb2cbfa9edb58d6c3e2547817ecb8240eb58381?s=96&d=mm&r=g","contentUrl":"https:\/\/secure.gravatar.com\/avatar\/1613b27278a972c04db5c2f04fb2cbfa9edb58d6c3e2547817ecb8240eb58381?s=96&d=mm&r=g","caption":"Pedro M. Cortegoso Gago"},"sameAs":["http:\/\/anovapeneira.gal"],"url":"https:\/\/www.anovapeneira.gal\/index.php\/author\/opinionpcortegoso\/"}]}},"jetpack_featured_media_url":"https:\/\/www.anovapeneira.gal\/wp-content\/uploads\/2019\/07\/ARTIGO_DE_OPINION_A_NOVA_PENEIRA.jpg","_links":{"self":[{"href":"https:\/\/www.anovapeneira.gal\/index.php\/wp-json\/wp\/v2\/posts\/6331","targetHints":{"allow":["GET"]}}],"collection":[{"href":"https:\/\/www.anovapeneira.gal\/index.php\/wp-json\/wp\/v2\/posts"}],"about":[{"href":"https:\/\/www.anovapeneira.gal\/index.php\/wp-json\/wp\/v2\/types\/post"}],"author":[{"embeddable":true,"href":"https:\/\/www.anovapeneira.gal\/index.php\/wp-json\/wp\/v2\/users\/4"}],"replies":[{"embeddable":true,"href":"https:\/\/www.anovapeneira.gal\/index.php\/wp-json\/wp\/v2\/comments?post=6331"}],"version-history":[{"count":1,"href":"https:\/\/www.anovapeneira.gal\/index.php\/wp-json\/wp\/v2\/posts\/6331\/revisions"}],"predecessor-version":[{"id":6332,"href":"https:\/\/www.anovapeneira.gal\/index.php\/wp-json\/wp\/v2\/posts\/6331\/revisions\/6332"}],"wp:featuredmedia":[{"embeddable":true,"href":"https:\/\/www.anovapeneira.gal\/index.php\/wp-json\/wp\/v2\/media\/584"}],"wp:attachment":[{"href":"https:\/\/www.anovapeneira.gal\/index.php\/wp-json\/wp\/v2\/media?parent=6331"}],"wp:term":[{"taxonomy":"category","embeddable":true,"href":"https:\/\/www.anovapeneira.gal\/index.php\/wp-json\/wp\/v2\/categories?post=6331"},{"taxonomy":"post_tag","embeddable":true,"href":"https:\/\/www.anovapeneira.gal\/index.php\/wp-json\/wp\/v2\/tags?post=6331"}],"curies":[{"name":"wp","href":"https:\/\/api.w.org\/{rel}","templated":true}]}}