{"id":6333,"date":"2021-11-02T10:00:50","date_gmt":"2021-11-02T09:00:50","guid":{"rendered":"https:\/\/www.anovapeneira.gal\/?p=6333"},"modified":"2021-10-27T18:57:11","modified_gmt":"2021-10-27T16:57:11","slug":"o-concello-de-bueu-homenaxea-as-e-aos-mellores-deportistas-c-clubs-da-vila","status":"publish","type":"post","link":"https:\/\/www.anovapeneira.gal\/index.php\/2021\/11\/02\/o-concello-de-bueu-homenaxea-as-e-aos-mellores-deportistas-c-clubs-da-vila\/","title":{"rendered":"O  Concello de Bueu homenaxea \u00e1s e aos mellores deportistas c clubs da vila"},"content":{"rendered":"\n<ul class=\"wp-block-list\"><li><strong>O Centro Social do Mar acolleu este s\u00e1bado a Gala do Deporte, un evento moi emocionante que se recuperou logo de seis anos de par\u00f3n<\/strong><\/li><li><strong>F\u00e9lix Juncal, alcalde de Bueu, salientou a importancia do deporte de base e o gran traballo social que levan a cabo os clubs e entidades da vila<\/strong><\/li><li><strong>O Concello entregou dez premios cos que se valoraron os \u00e9xitos colleitados nas tempadas do 2018 ao 2021<\/strong><\/li><\/ul>\n\n\n\n<p><strong>Bueu, a 25 de outubro de 2021<\/strong><\/p>\n\n\n\n<p>O Concello de Bueu homenaxeou e agradeceu a actividade dos e das deportistas, as\u00ed como dos clubs e entidades deportivas da vila nunha gala encheu este s\u00e1bado o Centro Social e que serviu tam\u00e9n para reco\u00f1ecer a importancia deste sector na sociedade. F\u00e9lix Juncal, alcalde de Bueu, salientou que \u201csinto moita felicidade e tam\u00e9n agradecemento cara aos clubs e todas as persoas que realizan este labor social, que fai que as nosas fillas e fillos dispo\u00f1an de medios e de recursos para levar adiante diversas pr\u00e1cticas deportivas, mais que tam\u00e9n contrib\u00fae a revitalizar a nosa vila, a enchela de eventos, de celebraci\u00f3ns, de \u00e9xitos, de ilusi\u00f3ns compartidas\u201d. Juncal aludiu ao esforzo extra que tiveron que realizar as persoas dos clubs nun ano tan complicado e atravesado pola Covid-19, \u201ccoa adaptaci\u00f3n a estritos protocolos de seguridade e hixiene\u201d.<\/p>\n\n\n\n<p>Os premios da gala entreg\u00e1ronse en diversas categor\u00edas: Zulema Gonz\u00e1lez, do Club de Loita do Morrazo, f\u00edxose co de mellor deportista feminina base, e \u00c1ngel Moledo, do Club do Mar Bueu- Teccarsa levou o de mellor deportista masculino base; Beatriz Fern\u00e1ndez, do Club de Atletismo Corredoiras ga\u00f1ou na categor\u00eda de mellor deportista feminina absoluta, e Jos\u00e9 L\u00f3pez, do Bueu Atl\u00e9tico Balonm\u00e1n, na de mellor deportista masculino absoluto; Andr\u00e9s R\u00edos Villar, do Club do Mar Bueu \u2013 Teccarsa foi elixido mellor deportista promesa e Roberto Riob\u00f3, do Club de Atletismo Corredoiras, mellor deportista veterano. Ademais, o Club do Mar Bueu \u2013 Teccarsa f\u00edxose co reco\u00f1ecemento de mellor entidade deportiva, e Jos\u00e9 Ferral, tam\u00e9n do club, mellor adestrador.<\/p>\n\n\n\n<p>Ademais, o Comit\u00e9 de Valoraci\u00f3n decidiu reco\u00f1ecer \u00e1 triatleta Natalia Castro co premio \u00e1 excelencia deportiva, e tam\u00e9n a Francisco Campos, presidente da ADFS Bueu, pola s\u00faa vida entregada ao deporte.<\/p>\n\n\n\n<p>A gala foi presentada polo xornalista deportivo Fran Ca\u00f1otas e contou coa m\u00fasica do grupo local Juyma Est\u00e9vez Tr\u00edo. Nela participaron os diversos clubs e entidades deportivas, as\u00ed como familiares e amizades, e membros da corporaci\u00f3n local bueuesa. Durante a s\u00faa intervenci\u00f3n, Ricardo Verde, concelleiro de deportes, destacou que \u201celes e elas son historia viva deste pobo, as\u00ed que esta gala non deixa de ser m\u00e1is que un pequeno reco\u00f1ecemento ao enorme traballo que levan a cabo a diario dende os clubs e asociaci\u00f3ns deportivas\u201d.<\/p>\n\n\n\n<p>Os ga\u00f1adores e ga\u00f1adoras, aos que se lles entregaron uns trofeos elaborados pola Asociaci\u00f3n Juan XXIII, foron elixidos por un xurado composto por representantes da corporaci\u00f3n municipal, que valoraron as propostas e os m\u00e9ritos das persoas nominadas por parte de cada club. Precisamente, a gran novidade foi que se tiveron en conta os m\u00e9ritos de tres tempadas, concretamente as que van dende o 2018 ao 2020, dado os efectos da pandemia.<\/p>\n","protected":false},"excerpt":{"rendered":"<div class=\"mh-excerpt\"><p>O Concello de Bueu homenaxeou e agradeceu a actividade dos e das deportistas, as\u00ed como dos clubs e entidades deportivas da vila nunha gala encheu este s\u00e1bado o Centro Social e que serviu tam\u00e9n para reco\u00f1ecer a importancia deste sector na sociedade <a class=\"mh-excerpt-more\" href=\"https:\/\/www.anovapeneira.gal\/index.php\/2021\/11\/02\/o-concello-de-bueu-homenaxea-as-e-aos-mellores-deportistas-c-clubs-da-vila\/\" title=\"O  Concello de Bueu homenaxea \u00e1s e aos mellores deportistas c clubs da vila\">[&#8230;]<\/a><\/p>\n<\/div>","protected":false},"author":3,"featured_media":6335,"comment_status":"open","ping_status":"open","sticky":false,"template":"","format":"standard","meta":{"_exactmetrics_skip_tracking":false,"_exactmetrics_sitenote_active":false,"_exactmetrics_sitenote_note":"","_exactmetrics_sitenote_category":0,"footnotes":""},"categories":[22],"tags":[440],"class_list":{"0":"post-6333","1":"post","2":"type-post","3":"status-publish","4":"format-standard","5":"has-post-thumbnail","7":"category-morrazo","8":"tag-concello-de-bueu"},"yoast_head":"<!-- This site is optimized with the Yoast SEO plugin v27.4 - https:\/\/yoast.com\/product\/yoast-seo-wordpress\/ -->\n<title>O Concello de Bueu homenaxea \u00e1s e aos mellores deportistas c clubs da vila -<\/title>\n<meta name=\"description\" content=\"O Concello de Bueu homenaxeou e agradeceu a actividade dos e das deportistas, as\u00ed como dos clubs e entidades deportivas da vila nunha gala encheu este s\u00e1bado o Centro Social e que serviu tam\u00e9n para reco\u00f1ecer a importancia deste sector na sociedade\" \/>\n<meta name=\"robots\" content=\"index, follow, max-snippet:-1, max-image-preview:large, max-video-preview:-1\" \/>\n<link rel=\"canonical\" href=\"https:\/\/www.anovapeneira.gal\/index.php\/2021\/11\/02\/o-concello-de-bueu-homenaxea-as-e-aos-mellores-deportistas-c-clubs-da-vila\/\" \/>\n<meta property=\"og:locale\" content=\"gl_ES\" \/>\n<meta property=\"og:type\" content=\"article\" \/>\n<meta property=\"og:title\" content=\"O Concello de Bueu homenaxea \u00e1s e aos mellores deportistas c clubs da vila -\" \/>\n<meta property=\"og:description\" content=\"O Concello de Bueu homenaxeou e agradeceu a actividade dos e das deportistas, as\u00ed como dos clubs e entidades deportivas da vila nunha gala encheu este s\u00e1bado o Centro Social e que serviu tam\u00e9n para reco\u00f1ecer a importancia deste sector na sociedade\" \/>\n<meta property=\"og:url\" content=\"https:\/\/www.anovapeneira.gal\/index.php\/2021\/11\/02\/o-concello-de-bueu-homenaxea-as-e-aos-mellores-deportistas-c-clubs-da-vila\/\" \/>\n<meta property=\"article:publisher\" content=\"https:\/\/www.facebook.com\/anovapeneira\" \/>\n<meta property=\"article:published_time\" content=\"2021-11-02T09:00:50+00:00\" \/>\n<meta property=\"og:image\" content=\"https:\/\/www.anovapeneira.gal\/wp-content\/uploads\/2021\/10\/gala_do_deporte_bueu.jpg\" \/>\n\t<meta property=\"og:image:width\" content=\"720\" \/>\n\t<meta property=\"og:image:height\" content=\"432\" \/>\n\t<meta property=\"og:image:type\" content=\"image\/jpeg\" \/>\n<meta name=\"author\" content=\"Redacci\u00f3n A Nova Peneira\" \/>\n<meta name=\"twitter:card\" content=\"summary_large_image\" \/>\n<meta name=\"twitter:creator\" content=\"@APeneira\" \/>\n<meta name=\"twitter:site\" content=\"@APeneira\" \/>\n<meta name=\"twitter:label1\" content=\"Escrito por\" \/>\n\t<meta name=\"twitter:data1\" content=\"Redacci\u00f3n A Nova Peneira\" \/>\n\t<meta name=\"twitter:label2\" content=\"Tempo de lectura\" \/>\n\t<meta name=\"twitter:data2\" content=\"3 minutos\" \/>\n<script type=\"application\/ld+json\" class=\"yoast-schema-graph\">{\"@context\":\"https:\\\/\\\/schema.org\",\"@graph\":[{\"@type\":\"Article\",\"@id\":\"https:\\\/\\\/www.anovapeneira.gal\\\/index.php\\\/2021\\\/11\\\/02\\\/o-concello-de-bueu-homenaxea-as-e-aos-mellores-deportistas-c-clubs-da-vila\\\/#article\",\"isPartOf\":{\"@id\":\"https:\\\/\\\/www.anovapeneira.gal\\\/index.php\\\/2021\\\/11\\\/02\\\/o-concello-de-bueu-homenaxea-as-e-aos-mellores-deportistas-c-clubs-da-vila\\\/\"},\"author\":{\"name\":\"Redacci\u00f3n A Nova Peneira\",\"@id\":\"https:\\\/\\\/www.anovapeneira.gal\\\/#\\\/schema\\\/person\\\/b93e3f8932e3f8da96334607eb6ac6aa\"},\"headline\":\"O Concello de Bueu homenaxea \u00e1s e aos mellores deportistas c clubs da vila\",\"datePublished\":\"2021-11-02T09:00:50+00:00\",\"mainEntityOfPage\":{\"@id\":\"https:\\\/\\\/www.anovapeneira.gal\\\/index.php\\\/2021\\\/11\\\/02\\\/o-concello-de-bueu-homenaxea-as-e-aos-mellores-deportistas-c-clubs-da-vila\\\/\"},\"wordCount\":571,\"commentCount\":0,\"publisher\":{\"@id\":\"https:\\\/\\\/www.anovapeneira.gal\\\/#organization\"},\"image\":{\"@id\":\"https:\\\/\\\/www.anovapeneira.gal\\\/index.php\\\/2021\\\/11\\\/02\\\/o-concello-de-bueu-homenaxea-as-e-aos-mellores-deportistas-c-clubs-da-vila\\\/#primaryimage\"},\"thumbnailUrl\":\"https:\\\/\\\/www.anovapeneira.gal\\\/wp-content\\\/uploads\\\/2021\\\/10\\\/gala_do_deporte_bueu.jpg\",\"keywords\":[\"Concello de Bueu\"],\"articleSection\":[\"Morrazo\"],\"inLanguage\":\"gl-ES\",\"potentialAction\":[{\"@type\":\"CommentAction\",\"name\":\"Comment\",\"target\":[\"https:\\\/\\\/www.anovapeneira.gal\\\/index.php\\\/2021\\\/11\\\/02\\\/o-concello-de-bueu-homenaxea-as-e-aos-mellores-deportistas-c-clubs-da-vila\\\/#respond\"]}]},{\"@type\":\"WebPage\",\"@id\":\"https:\\\/\\\/www.anovapeneira.gal\\\/index.php\\\/2021\\\/11\\\/02\\\/o-concello-de-bueu-homenaxea-as-e-aos-mellores-deportistas-c-clubs-da-vila\\\/\",\"url\":\"https:\\\/\\\/www.anovapeneira.gal\\\/index.php\\\/2021\\\/11\\\/02\\\/o-concello-de-bueu-homenaxea-as-e-aos-mellores-deportistas-c-clubs-da-vila\\\/\",\"name\":\"O Concello de Bueu homenaxea \u00e1s e aos mellores deportistas c clubs da vila -\",\"isPartOf\":{\"@id\":\"https:\\\/\\\/www.anovapeneira.gal\\\/#website\"},\"primaryImageOfPage\":{\"@id\":\"https:\\\/\\\/www.anovapeneira.gal\\\/index.php\\\/2021\\\/11\\\/02\\\/o-concello-de-bueu-homenaxea-as-e-aos-mellores-deportistas-c-clubs-da-vila\\\/#primaryimage\"},\"image\":{\"@id\":\"https:\\\/\\\/www.anovapeneira.gal\\\/index.php\\\/2021\\\/11\\\/02\\\/o-concello-de-bueu-homenaxea-as-e-aos-mellores-deportistas-c-clubs-da-vila\\\/#primaryimage\"},\"thumbnailUrl\":\"https:\\\/\\\/www.anovapeneira.gal\\\/wp-content\\\/uploads\\\/2021\\\/10\\\/gala_do_deporte_bueu.jpg\",\"datePublished\":\"2021-11-02T09:00:50+00:00\",\"description\":\"O Concello de Bueu homenaxeou e agradeceu a actividade dos e das deportistas, as\u00ed como dos clubs e entidades deportivas da vila nunha gala encheu este s\u00e1bado o Centro Social e que serviu tam\u00e9n para reco\u00f1ecer a importancia deste sector na sociedade\",\"breadcrumb\":{\"@id\":\"https:\\\/\\\/www.anovapeneira.gal\\\/index.php\\\/2021\\\/11\\\/02\\\/o-concello-de-bueu-homenaxea-as-e-aos-mellores-deportistas-c-clubs-da-vila\\\/#breadcrumb\"},\"inLanguage\":\"gl-ES\",\"potentialAction\":[{\"@type\":\"ReadAction\",\"target\":[\"https:\\\/\\\/www.anovapeneira.gal\\\/index.php\\\/2021\\\/11\\\/02\\\/o-concello-de-bueu-homenaxea-as-e-aos-mellores-deportistas-c-clubs-da-vila\\\/\"]}]},{\"@type\":\"ImageObject\",\"inLanguage\":\"gl-ES\",\"@id\":\"https:\\\/\\\/www.anovapeneira.gal\\\/index.php\\\/2021\\\/11\\\/02\\\/o-concello-de-bueu-homenaxea-as-e-aos-mellores-deportistas-c-clubs-da-vila\\\/#primaryimage\",\"url\":\"https:\\\/\\\/www.anovapeneira.gal\\\/wp-content\\\/uploads\\\/2021\\\/10\\\/gala_do_deporte_bueu.jpg\",\"contentUrl\":\"https:\\\/\\\/www.anovapeneira.gal\\\/wp-content\\\/uploads\\\/2021\\\/10\\\/gala_do_deporte_bueu.jpg\",\"width\":720,\"height\":432,\"caption\":\"Gala do deporte Concello de Bueu\"},{\"@type\":\"BreadcrumbList\",\"@id\":\"https:\\\/\\\/www.anovapeneira.gal\\\/index.php\\\/2021\\\/11\\\/02\\\/o-concello-de-bueu-homenaxea-as-e-aos-mellores-deportistas-c-clubs-da-vila\\\/#breadcrumb\",\"itemListElement\":[{\"@type\":\"ListItem\",\"position\":1,\"name\":\"Portada\",\"item\":\"https:\\\/\\\/www.anovapeneira.gal\\\/\"},{\"@type\":\"ListItem\",\"position\":2,\"name\":\"O Concello de Bueu homenaxea \u00e1s e aos mellores deportistas c clubs da vila\"}]},{\"@type\":\"WebSite\",\"@id\":\"https:\\\/\\\/www.anovapeneira.gal\\\/#website\",\"url\":\"https:\\\/\\\/www.anovapeneira.gal\\\/\",\"name\":\"\",\"description\":\"Xornal galego de informaci\u00f3n xeral Publicaci\u00f3n mensual de novas de Galicia e en especial dos Concellos da sur da provincia de Pontevedra.\",\"publisher\":{\"@id\":\"https:\\\/\\\/www.anovapeneira.gal\\\/#organization\"},\"potentialAction\":[{\"@type\":\"SearchAction\",\"target\":{\"@type\":\"EntryPoint\",\"urlTemplate\":\"https:\\\/\\\/www.anovapeneira.gal\\\/?s={search_term_string}\"},\"query-input\":{\"@type\":\"PropertyValueSpecification\",\"valueRequired\":true,\"valueName\":\"search_term_string\"}}],\"inLanguage\":\"gl-ES\"},{\"@type\":\"Organization\",\"@id\":\"https:\\\/\\\/www.anovapeneira.gal\\\/#organization\",\"name\":\"A Nova Peneira\",\"url\":\"https:\\\/\\\/www.anovapeneira.gal\\\/\",\"logo\":{\"@type\":\"ImageObject\",\"inLanguage\":\"gl-ES\",\"@id\":\"https:\\\/\\\/www.anovapeneira.gal\\\/#\\\/schema\\\/logo\\\/image\\\/\",\"url\":\"http:\\\/\\\/www.anovapeneira.gal\\\/wp-content\\\/uploads\\\/2019\\\/06\\\/logo_a_nova_peneira_portal_web.png\",\"contentUrl\":\"http:\\\/\\\/www.anovapeneira.gal\\\/wp-content\\\/uploads\\\/2019\\\/06\\\/logo_a_nova_peneira_portal_web.png\",\"width\":300,\"height\":100,\"caption\":\"A Nova Peneira\"},\"image\":{\"@id\":\"https:\\\/\\\/www.anovapeneira.gal\\\/#\\\/schema\\\/logo\\\/image\\\/\"},\"sameAs\":[\"https:\\\/\\\/www.facebook.com\\\/anovapeneira\",\"https:\\\/\\\/x.com\\\/APeneira\"]},{\"@type\":\"Person\",\"@id\":\"https:\\\/\\\/www.anovapeneira.gal\\\/#\\\/schema\\\/person\\\/b93e3f8932e3f8da96334607eb6ac6aa\",\"name\":\"Redacci\u00f3n A Nova Peneira\",\"image\":{\"@type\":\"ImageObject\",\"inLanguage\":\"gl-ES\",\"@id\":\"https:\\\/\\\/secure.gravatar.com\\\/avatar\\\/c052a2551a06e23fac63626232eaa90abd78dbcf1700fc46a2b2c89fd27b735f?s=96&d=mm&r=g\",\"url\":\"https:\\\/\\\/secure.gravatar.com\\\/avatar\\\/c052a2551a06e23fac63626232eaa90abd78dbcf1700fc46a2b2c89fd27b735f?s=96&d=mm&r=g\",\"contentUrl\":\"https:\\\/\\\/secure.gravatar.com\\\/avatar\\\/c052a2551a06e23fac63626232eaa90abd78dbcf1700fc46a2b2c89fd27b735f?s=96&d=mm&r=g\",\"caption\":\"Redacci\u00f3n A Nova Peneira\"},\"sameAs\":[\"http:\\\/\\\/www.anovapeneira.gal\\\/\"],\"url\":\"https:\\\/\\\/www.anovapeneira.gal\\\/index.php\\\/author\\\/redactor\\\/\"}]}<\/script>\n<!-- \/ Yoast SEO plugin. -->","yoast_head_json":{"title":"O Concello de Bueu homenaxea \u00e1s e aos mellores deportistas c clubs da vila -","description":"O Concello de Bueu homenaxeou e agradeceu a actividade dos e das deportistas, as\u00ed como dos clubs e entidades deportivas da vila nunha gala encheu este s\u00e1bado o Centro Social e que serviu tam\u00e9n para reco\u00f1ecer a importancia deste sector na sociedade","robots":{"index":"index","follow":"follow","max-snippet":"max-snippet:-1","max-image-preview":"max-image-preview:large","max-video-preview":"max-video-preview:-1"},"canonical":"https:\/\/www.anovapeneira.gal\/index.php\/2021\/11\/02\/o-concello-de-bueu-homenaxea-as-e-aos-mellores-deportistas-c-clubs-da-vila\/","og_locale":"gl_ES","og_type":"article","og_title":"O Concello de Bueu homenaxea \u00e1s e aos mellores deportistas c clubs da vila -","og_description":"O Concello de Bueu homenaxeou e agradeceu a actividade dos e das deportistas, as\u00ed como dos clubs e entidades deportivas da vila nunha gala encheu este s\u00e1bado o Centro Social e que serviu tam\u00e9n para reco\u00f1ecer a importancia deste sector na sociedade","og_url":"https:\/\/www.anovapeneira.gal\/index.php\/2021\/11\/02\/o-concello-de-bueu-homenaxea-as-e-aos-mellores-deportistas-c-clubs-da-vila\/","article_publisher":"https:\/\/www.facebook.com\/anovapeneira","article_published_time":"2021-11-02T09:00:50+00:00","og_image":[{"width":720,"height":432,"url":"https:\/\/www.anovapeneira.gal\/wp-content\/uploads\/2021\/10\/gala_do_deporte_bueu.jpg","type":"image\/jpeg"}],"author":"Redacci\u00f3n A Nova Peneira","twitter_card":"summary_large_image","twitter_creator":"@APeneira","twitter_site":"@APeneira","twitter_misc":{"Escrito por":"Redacci\u00f3n A Nova Peneira","Tempo de lectura":"3 minutos"},"schema":{"@context":"https:\/\/schema.org","@graph":[{"@type":"Article","@id":"https:\/\/www.anovapeneira.gal\/index.php\/2021\/11\/02\/o-concello-de-bueu-homenaxea-as-e-aos-mellores-deportistas-c-clubs-da-vila\/#article","isPartOf":{"@id":"https:\/\/www.anovapeneira.gal\/index.php\/2021\/11\/02\/o-concello-de-bueu-homenaxea-as-e-aos-mellores-deportistas-c-clubs-da-vila\/"},"author":{"name":"Redacci\u00f3n A Nova Peneira","@id":"https:\/\/www.anovapeneira.gal\/#\/schema\/person\/b93e3f8932e3f8da96334607eb6ac6aa"},"headline":"O Concello de Bueu homenaxea \u00e1s e aos mellores deportistas c clubs da vila","datePublished":"2021-11-02T09:00:50+00:00","mainEntityOfPage":{"@id":"https:\/\/www.anovapeneira.gal\/index.php\/2021\/11\/02\/o-concello-de-bueu-homenaxea-as-e-aos-mellores-deportistas-c-clubs-da-vila\/"},"wordCount":571,"commentCount":0,"publisher":{"@id":"https:\/\/www.anovapeneira.gal\/#organization"},"image":{"@id":"https:\/\/www.anovapeneira.gal\/index.php\/2021\/11\/02\/o-concello-de-bueu-homenaxea-as-e-aos-mellores-deportistas-c-clubs-da-vila\/#primaryimage"},"thumbnailUrl":"https:\/\/www.anovapeneira.gal\/wp-content\/uploads\/2021\/10\/gala_do_deporte_bueu.jpg","keywords":["Concello de Bueu"],"articleSection":["Morrazo"],"inLanguage":"gl-ES","potentialAction":[{"@type":"CommentAction","name":"Comment","target":["https:\/\/www.anovapeneira.gal\/index.php\/2021\/11\/02\/o-concello-de-bueu-homenaxea-as-e-aos-mellores-deportistas-c-clubs-da-vila\/#respond"]}]},{"@type":"WebPage","@id":"https:\/\/www.anovapeneira.gal\/index.php\/2021\/11\/02\/o-concello-de-bueu-homenaxea-as-e-aos-mellores-deportistas-c-clubs-da-vila\/","url":"https:\/\/www.anovapeneira.gal\/index.php\/2021\/11\/02\/o-concello-de-bueu-homenaxea-as-e-aos-mellores-deportistas-c-clubs-da-vila\/","name":"O Concello de Bueu homenaxea \u00e1s e aos mellores deportistas c clubs da vila -","isPartOf":{"@id":"https:\/\/www.anovapeneira.gal\/#website"},"primaryImageOfPage":{"@id":"https:\/\/www.anovapeneira.gal\/index.php\/2021\/11\/02\/o-concello-de-bueu-homenaxea-as-e-aos-mellores-deportistas-c-clubs-da-vila\/#primaryimage"},"image":{"@id":"https:\/\/www.anovapeneira.gal\/index.php\/2021\/11\/02\/o-concello-de-bueu-homenaxea-as-e-aos-mellores-deportistas-c-clubs-da-vila\/#primaryimage"},"thumbnailUrl":"https:\/\/www.anovapeneira.gal\/wp-content\/uploads\/2021\/10\/gala_do_deporte_bueu.jpg","datePublished":"2021-11-02T09:00:50+00:00","description":"O Concello de Bueu homenaxeou e agradeceu a actividade dos e das deportistas, as\u00ed como dos clubs e entidades deportivas da vila nunha gala encheu este s\u00e1bado o Centro Social e que serviu tam\u00e9n para reco\u00f1ecer a importancia deste sector na sociedade","breadcrumb":{"@id":"https:\/\/www.anovapeneira.gal\/index.php\/2021\/11\/02\/o-concello-de-bueu-homenaxea-as-e-aos-mellores-deportistas-c-clubs-da-vila\/#breadcrumb"},"inLanguage":"gl-ES","potentialAction":[{"@type":"ReadAction","target":["https:\/\/www.anovapeneira.gal\/index.php\/2021\/11\/02\/o-concello-de-bueu-homenaxea-as-e-aos-mellores-deportistas-c-clubs-da-vila\/"]}]},{"@type":"ImageObject","inLanguage":"gl-ES","@id":"https:\/\/www.anovapeneira.gal\/index.php\/2021\/11\/02\/o-concello-de-bueu-homenaxea-as-e-aos-mellores-deportistas-c-clubs-da-vila\/#primaryimage","url":"https:\/\/www.anovapeneira.gal\/wp-content\/uploads\/2021\/10\/gala_do_deporte_bueu.jpg","contentUrl":"https:\/\/www.anovapeneira.gal\/wp-content\/uploads\/2021\/10\/gala_do_deporte_bueu.jpg","width":720,"height":432,"caption":"Gala do deporte Concello de Bueu"},{"@type":"BreadcrumbList","@id":"https:\/\/www.anovapeneira.gal\/index.php\/2021\/11\/02\/o-concello-de-bueu-homenaxea-as-e-aos-mellores-deportistas-c-clubs-da-vila\/#breadcrumb","itemListElement":[{"@type":"ListItem","position":1,"name":"Portada","item":"https:\/\/www.anovapeneira.gal\/"},{"@type":"ListItem","position":2,"name":"O Concello de Bueu homenaxea \u00e1s e aos mellores deportistas c clubs da vila"}]},{"@type":"WebSite","@id":"https:\/\/www.anovapeneira.gal\/#website","url":"https:\/\/www.anovapeneira.gal\/","name":"","description":"Xornal galego de informaci\u00f3n xeral Publicaci\u00f3n mensual de novas de Galicia e en especial dos Concellos da sur da provincia de Pontevedra.","publisher":{"@id":"https:\/\/www.anovapeneira.gal\/#organization"},"potentialAction":[{"@type":"SearchAction","target":{"@type":"EntryPoint","urlTemplate":"https:\/\/www.anovapeneira.gal\/?s={search_term_string}"},"query-input":{"@type":"PropertyValueSpecification","valueRequired":true,"valueName":"search_term_string"}}],"inLanguage":"gl-ES"},{"@type":"Organization","@id":"https:\/\/www.anovapeneira.gal\/#organization","name":"A Nova Peneira","url":"https:\/\/www.anovapeneira.gal\/","logo":{"@type":"ImageObject","inLanguage":"gl-ES","@id":"https:\/\/www.anovapeneira.gal\/#\/schema\/logo\/image\/","url":"http:\/\/www.anovapeneira.gal\/wp-content\/uploads\/2019\/06\/logo_a_nova_peneira_portal_web.png","contentUrl":"http:\/\/www.anovapeneira.gal\/wp-content\/uploads\/2019\/06\/logo_a_nova_peneira_portal_web.png","width":300,"height":100,"caption":"A Nova Peneira"},"image":{"@id":"https:\/\/www.anovapeneira.gal\/#\/schema\/logo\/image\/"},"sameAs":["https:\/\/www.facebook.com\/anovapeneira","https:\/\/x.com\/APeneira"]},{"@type":"Person","@id":"https:\/\/www.anovapeneira.gal\/#\/schema\/person\/b93e3f8932e3f8da96334607eb6ac6aa","name":"Redacci\u00f3n A Nova Peneira","image":{"@type":"ImageObject","inLanguage":"gl-ES","@id":"https:\/\/secure.gravatar.com\/avatar\/c052a2551a06e23fac63626232eaa90abd78dbcf1700fc46a2b2c89fd27b735f?s=96&d=mm&r=g","url":"https:\/\/secure.gravatar.com\/avatar\/c052a2551a06e23fac63626232eaa90abd78dbcf1700fc46a2b2c89fd27b735f?s=96&d=mm&r=g","contentUrl":"https:\/\/secure.gravatar.com\/avatar\/c052a2551a06e23fac63626232eaa90abd78dbcf1700fc46a2b2c89fd27b735f?s=96&d=mm&r=g","caption":"Redacci\u00f3n A Nova Peneira"},"sameAs":["http:\/\/www.anovapeneira.gal\/"],"url":"https:\/\/www.anovapeneira.gal\/index.php\/author\/redactor\/"}]}},"jetpack_featured_media_url":"https:\/\/www.anovapeneira.gal\/wp-content\/uploads\/2021\/10\/gala_do_deporte_bueu.jpg","_links":{"self":[{"href":"https:\/\/www.anovapeneira.gal\/index.php\/wp-json\/wp\/v2\/posts\/6333","targetHints":{"allow":["GET"]}}],"collection":[{"href":"https:\/\/www.anovapeneira.gal\/index.php\/wp-json\/wp\/v2\/posts"}],"about":[{"href":"https:\/\/www.anovapeneira.gal\/index.php\/wp-json\/wp\/v2\/types\/post"}],"author":[{"embeddable":true,"href":"https:\/\/www.anovapeneira.gal\/index.php\/wp-json\/wp\/v2\/users\/3"}],"replies":[{"embeddable":true,"href":"https:\/\/www.anovapeneira.gal\/index.php\/wp-json\/wp\/v2\/comments?post=6333"}],"version-history":[{"count":1,"href":"https:\/\/www.anovapeneira.gal\/index.php\/wp-json\/wp\/v2\/posts\/6333\/revisions"}],"predecessor-version":[{"id":6334,"href":"https:\/\/www.anovapeneira.gal\/index.php\/wp-json\/wp\/v2\/posts\/6333\/revisions\/6334"}],"wp:featuredmedia":[{"embeddable":true,"href":"https:\/\/www.anovapeneira.gal\/index.php\/wp-json\/wp\/v2\/media\/6335"}],"wp:attachment":[{"href":"https:\/\/www.anovapeneira.gal\/index.php\/wp-json\/wp\/v2\/media?parent=6333"}],"wp:term":[{"taxonomy":"category","embeddable":true,"href":"https:\/\/www.anovapeneira.gal\/index.php\/wp-json\/wp\/v2\/categories?post=6333"},{"taxonomy":"post_tag","embeddable":true,"href":"https:\/\/www.anovapeneira.gal\/index.php\/wp-json\/wp\/v2\/tags?post=6333"}],"curies":[{"name":"wp","href":"https:\/\/api.w.org\/{rel}","templated":true}]}}