{"id":6336,"date":"2021-11-02T12:00:09","date_gmt":"2021-11-02T11:00:09","guid":{"rendered":"https:\/\/www.anovapeneira.gal\/?p=6336"},"modified":"2021-10-28T19:27:36","modified_gmt":"2021-10-28T17:27:36","slug":"crean-un-viveiro-de-empresas-no-poligono-de-monte-faquina","status":"publish","type":"post","link":"https:\/\/www.anovapeneira.gal\/index.php\/2021\/11\/02\/crean-un-viveiro-de-empresas-no-poligono-de-monte-faquina\/","title":{"rendered":"Crean un viveiro de empresas no pol\u00edgono de Monte Faqui\u00f1a"},"content":{"rendered":"\n<ul class=\"wp-block-list\"><li><strong>A Comunidade de Montes de Tameiga crea un viveiro de empresas nunha das grandes instalaci\u00f3ns do pol\u00edgono de Monte Faqui\u00f1a para propiciar o desenvolvemento da pequena empresa familiar.<\/strong><\/li><li><strong>A comunidade anuncia que se pecharon as negociaci\u00f3ns para que dous novos proxectos empresariais relacionados coa alimentaci\u00f3n se desenvolvan en Monte Faqui\u00f1a. Ambos, aparellados de importantes inversi\u00f3ns, xerar\u00e1n postos de traballo.<\/strong><\/li><\/ul>\n\n\n\n<p>A Comunidade de Montes de Tameiga quere fomentar as iniciativas emprendedoras da veci\u00f1anza da parroquia. Para acadar isto, constituiron un viveiro de empresas radicado nunha das grandes instalaci\u00f3ns industriais do pol\u00edgono Monte Faqui\u00f1a. Nestas instalaci\u00f3ns ofreceranse unhas condici\u00f3ns especiais para que estos proxectos empresariais veci\u00f1ais poidan madurar. Espazo a medida, aluguer reducido e at\u00e9 electricidade a baixo coste grazas as plantas fotovoltaicas instaladas pola comunidade de montes nos tellados de varias naves industriais.<\/p>\n\n\n\n<p>Este proxecto ser\u00e1 presentado e explicado con detalle na nova xuntanza do &#8220;Comit\u00e9 Consultivo de Monte Faqui\u00f1a&#8221; que se celebrar\u00e1 este venres 29 de outubro no auditorio do centro social As Pedri\u00f1as en Tameiga. O comit\u00e9 consultivo est\u00e1 formado por representantes das empresas aloxadas no pol\u00edgono, da veci\u00f1anza de Tameiga e das administraci\u00f3ns local e provincial e ten como obxectivo recoller as propostas para mellorar o pol\u00edgono e adecualo \u00e1s necesidades tanto das empresas usuarias sen prexuizo da calidade de vida da veci\u00f1anza aleda\u00f1a.<\/p>\n\n\n\n<p>Ademais desde a Comunidade de Montes de Tameiga anuncian que hai d\u00faas novas empresas relacionadas coa alimentaci\u00f3n instaladas no pol\u00edgono industrial de Monte Faqui\u00f1a e que ambos proxectos industriais conlevar\u00e1n importantes inversi\u00f3ns e a creaci\u00f3n de postos de traballo.<\/p>\n\n\n\n<p>Sinalan que nestes momentos acadouse a taxa m\u00e1is alta de ocupaci\u00f3n e actividade na historia do pol\u00edgono de Monte Faqui\u00f1a. A\u00ednda as\u00ed dende a xunta reitora da comunidade indican que seguen traballando para acadar unha ocupaci\u00f3n total do pol\u00edgono e obter as\u00ed o m\u00e1ximo rendimento, xa que lembran os rendimentos deste pol\u00edgono redundan nunha maior obra social e cultural da comunidade. &#8220;Estamos en contacto con d\u00faas grandes empresas para que se instalen no parque industrial de Monte Faqui\u00f1a e agardamos pronto frutifiquen as negociaci\u00f3ns. Hai m\u00e1is petici\u00f3ns para instalarse no noso pol\u00edgono, pero buscamos empresas que non impliquen unha perda da calidade de vida da veci\u00f1anza porque xeren excesivo tr\u00e1fico pesado ou contaminaci\u00f3n&#8221; explica C\u00e9sar Lago, presidente da Comunidade de Montes de Tameiga.<\/p>\n","protected":false},"excerpt":{"rendered":"<div class=\"mh-excerpt\"><p>A Comunidade de Montes de Tameiga crea un viveiro de empresas nunha das grandes instalaci\u00f3ns do pol\u00edgono de Monte Faqui\u00f1a para propiciar o desenvolvemento da pequena empresa familiar <a class=\"mh-excerpt-more\" href=\"https:\/\/www.anovapeneira.gal\/index.php\/2021\/11\/02\/crean-un-viveiro-de-empresas-no-poligono-de-monte-faquina\/\" title=\"Crean un viveiro de empresas no pol\u00edgono de Monte Faqui\u00f1a\">[&#8230;]<\/a><\/p>\n<\/div>","protected":false},"author":3,"featured_media":6337,"comment_status":"open","ping_status":"open","sticky":false,"template":"","format":"standard","meta":{"_exactmetrics_skip_tracking":false,"_exactmetrics_sitenote_active":false,"_exactmetrics_sitenote_note":"","_exactmetrics_sitenote_category":0,"footnotes":""},"categories":[23],"tags":[218],"class_list":{"0":"post-6336","1":"post","2":"type-post","3":"status-publish","4":"format-standard","5":"has-post-thumbnail","7":"category-a-lourina","8":"tag-concello-de-mos"},"yoast_head":"<!-- This site is optimized with the Yoast SEO plugin v27.4 - https:\/\/yoast.com\/product\/yoast-seo-wordpress\/ -->\n<title>Crean un viveiro de empresas no pol\u00edgono de Monte Faqui\u00f1a -<\/title>\n<meta name=\"description\" content=\"A Comunidade de Montes de Tameiga crea un viveiro de empresas nunha das grandes instalaci\u00f3ns do pol\u00edgono de Monte Faqui\u00f1a para propiciar o desenvolvemento da pequena empresa familiar\" \/>\n<meta name=\"robots\" content=\"index, follow, max-snippet:-1, max-image-preview:large, max-video-preview:-1\" \/>\n<link rel=\"canonical\" href=\"https:\/\/www.anovapeneira.gal\/index.php\/2021\/11\/02\/crean-un-viveiro-de-empresas-no-poligono-de-monte-faquina\/\" \/>\n<meta property=\"og:locale\" content=\"gl_ES\" \/>\n<meta property=\"og:type\" content=\"article\" \/>\n<meta property=\"og:title\" content=\"Crean un viveiro de empresas no pol\u00edgono de Monte Faqui\u00f1a -\" \/>\n<meta property=\"og:description\" content=\"A Comunidade de Montes de Tameiga crea un viveiro de empresas nunha das grandes instalaci\u00f3ns do pol\u00edgono de Monte Faqui\u00f1a para propiciar o desenvolvemento da pequena empresa familiar\" \/>\n<meta property=\"og:url\" content=\"https:\/\/www.anovapeneira.gal\/index.php\/2021\/11\/02\/crean-un-viveiro-de-empresas-no-poligono-de-monte-faquina\/\" \/>\n<meta property=\"article:publisher\" content=\"https:\/\/www.facebook.com\/anovapeneira\" \/>\n<meta property=\"article:published_time\" content=\"2021-11-02T11:00:09+00:00\" \/>\n<meta property=\"og:image\" content=\"https:\/\/www.anovapeneira.gal\/wp-content\/uploads\/2021\/10\/viveiro-de-empresas-monte-faquina.jpg\" \/>\n\t<meta property=\"og:image:width\" content=\"720\" \/>\n\t<meta property=\"og:image:height\" content=\"432\" \/>\n\t<meta property=\"og:image:type\" content=\"image\/jpeg\" \/>\n<meta name=\"author\" content=\"Redacci\u00f3n A Nova Peneira\" \/>\n<meta name=\"twitter:card\" content=\"summary_large_image\" \/>\n<meta name=\"twitter:creator\" content=\"@APeneira\" \/>\n<meta name=\"twitter:site\" content=\"@APeneira\" \/>\n<meta name=\"twitter:label1\" content=\"Escrito por\" \/>\n\t<meta name=\"twitter:data1\" content=\"Redacci\u00f3n A Nova Peneira\" \/>\n\t<meta name=\"twitter:label2\" content=\"Tempo de lectura\" \/>\n\t<meta name=\"twitter:data2\" content=\"2 minutos\" \/>\n<script type=\"application\/ld+json\" class=\"yoast-schema-graph\">{\"@context\":\"https:\\\/\\\/schema.org\",\"@graph\":[{\"@type\":\"Article\",\"@id\":\"https:\\\/\\\/www.anovapeneira.gal\\\/index.php\\\/2021\\\/11\\\/02\\\/crean-un-viveiro-de-empresas-no-poligono-de-monte-faquina\\\/#article\",\"isPartOf\":{\"@id\":\"https:\\\/\\\/www.anovapeneira.gal\\\/index.php\\\/2021\\\/11\\\/02\\\/crean-un-viveiro-de-empresas-no-poligono-de-monte-faquina\\\/\"},\"author\":{\"name\":\"Redacci\u00f3n A Nova Peneira\",\"@id\":\"https:\\\/\\\/www.anovapeneira.gal\\\/#\\\/schema\\\/person\\\/b93e3f8932e3f8da96334607eb6ac6aa\"},\"headline\":\"Crean un viveiro de empresas no pol\u00edgono de Monte Faqui\u00f1a\",\"datePublished\":\"2021-11-02T11:00:09+00:00\",\"mainEntityOfPage\":{\"@id\":\"https:\\\/\\\/www.anovapeneira.gal\\\/index.php\\\/2021\\\/11\\\/02\\\/crean-un-viveiro-de-empresas-no-poligono-de-monte-faquina\\\/\"},\"wordCount\":438,\"commentCount\":0,\"publisher\":{\"@id\":\"https:\\\/\\\/www.anovapeneira.gal\\\/#organization\"},\"image\":{\"@id\":\"https:\\\/\\\/www.anovapeneira.gal\\\/index.php\\\/2021\\\/11\\\/02\\\/crean-un-viveiro-de-empresas-no-poligono-de-monte-faquina\\\/#primaryimage\"},\"thumbnailUrl\":\"https:\\\/\\\/www.anovapeneira.gal\\\/wp-content\\\/uploads\\\/2021\\\/10\\\/viveiro-de-empresas-monte-faquina.jpg\",\"keywords\":[\"Concello de Mos\"],\"articleSection\":[\"A Louri\u00f1a\"],\"inLanguage\":\"gl-ES\",\"potentialAction\":[{\"@type\":\"CommentAction\",\"name\":\"Comment\",\"target\":[\"https:\\\/\\\/www.anovapeneira.gal\\\/index.php\\\/2021\\\/11\\\/02\\\/crean-un-viveiro-de-empresas-no-poligono-de-monte-faquina\\\/#respond\"]}]},{\"@type\":\"WebPage\",\"@id\":\"https:\\\/\\\/www.anovapeneira.gal\\\/index.php\\\/2021\\\/11\\\/02\\\/crean-un-viveiro-de-empresas-no-poligono-de-monte-faquina\\\/\",\"url\":\"https:\\\/\\\/www.anovapeneira.gal\\\/index.php\\\/2021\\\/11\\\/02\\\/crean-un-viveiro-de-empresas-no-poligono-de-monte-faquina\\\/\",\"name\":\"Crean un viveiro de empresas no pol\u00edgono de Monte Faqui\u00f1a -\",\"isPartOf\":{\"@id\":\"https:\\\/\\\/www.anovapeneira.gal\\\/#website\"},\"primaryImageOfPage\":{\"@id\":\"https:\\\/\\\/www.anovapeneira.gal\\\/index.php\\\/2021\\\/11\\\/02\\\/crean-un-viveiro-de-empresas-no-poligono-de-monte-faquina\\\/#primaryimage\"},\"image\":{\"@id\":\"https:\\\/\\\/www.anovapeneira.gal\\\/index.php\\\/2021\\\/11\\\/02\\\/crean-un-viveiro-de-empresas-no-poligono-de-monte-faquina\\\/#primaryimage\"},\"thumbnailUrl\":\"https:\\\/\\\/www.anovapeneira.gal\\\/wp-content\\\/uploads\\\/2021\\\/10\\\/viveiro-de-empresas-monte-faquina.jpg\",\"datePublished\":\"2021-11-02T11:00:09+00:00\",\"description\":\"A Comunidade de Montes de Tameiga crea un viveiro de empresas nunha das grandes instalaci\u00f3ns do pol\u00edgono de Monte Faqui\u00f1a para propiciar o desenvolvemento da pequena empresa familiar\",\"breadcrumb\":{\"@id\":\"https:\\\/\\\/www.anovapeneira.gal\\\/index.php\\\/2021\\\/11\\\/02\\\/crean-un-viveiro-de-empresas-no-poligono-de-monte-faquina\\\/#breadcrumb\"},\"inLanguage\":\"gl-ES\",\"potentialAction\":[{\"@type\":\"ReadAction\",\"target\":[\"https:\\\/\\\/www.anovapeneira.gal\\\/index.php\\\/2021\\\/11\\\/02\\\/crean-un-viveiro-de-empresas-no-poligono-de-monte-faquina\\\/\"]}]},{\"@type\":\"ImageObject\",\"inLanguage\":\"gl-ES\",\"@id\":\"https:\\\/\\\/www.anovapeneira.gal\\\/index.php\\\/2021\\\/11\\\/02\\\/crean-un-viveiro-de-empresas-no-poligono-de-monte-faquina\\\/#primaryimage\",\"url\":\"https:\\\/\\\/www.anovapeneira.gal\\\/wp-content\\\/uploads\\\/2021\\\/10\\\/viveiro-de-empresas-monte-faquina.jpg\",\"contentUrl\":\"https:\\\/\\\/www.anovapeneira.gal\\\/wp-content\\\/uploads\\\/2021\\\/10\\\/viveiro-de-empresas-monte-faquina.jpg\",\"width\":720,\"height\":432,\"caption\":\"viveiro de empresas no pol\u00edgono de Monte Faqui\u00f1a\"},{\"@type\":\"BreadcrumbList\",\"@id\":\"https:\\\/\\\/www.anovapeneira.gal\\\/index.php\\\/2021\\\/11\\\/02\\\/crean-un-viveiro-de-empresas-no-poligono-de-monte-faquina\\\/#breadcrumb\",\"itemListElement\":[{\"@type\":\"ListItem\",\"position\":1,\"name\":\"Portada\",\"item\":\"https:\\\/\\\/www.anovapeneira.gal\\\/\"},{\"@type\":\"ListItem\",\"position\":2,\"name\":\"Crean un viveiro de empresas no pol\u00edgono de Monte Faqui\u00f1a\"}]},{\"@type\":\"WebSite\",\"@id\":\"https:\\\/\\\/www.anovapeneira.gal\\\/#website\",\"url\":\"https:\\\/\\\/www.anovapeneira.gal\\\/\",\"name\":\"\",\"description\":\"Xornal galego de informaci\u00f3n xeral Publicaci\u00f3n mensual de novas de Galicia e en especial dos Concellos da sur da provincia de Pontevedra.\",\"publisher\":{\"@id\":\"https:\\\/\\\/www.anovapeneira.gal\\\/#organization\"},\"potentialAction\":[{\"@type\":\"SearchAction\",\"target\":{\"@type\":\"EntryPoint\",\"urlTemplate\":\"https:\\\/\\\/www.anovapeneira.gal\\\/?s={search_term_string}\"},\"query-input\":{\"@type\":\"PropertyValueSpecification\",\"valueRequired\":true,\"valueName\":\"search_term_string\"}}],\"inLanguage\":\"gl-ES\"},{\"@type\":\"Organization\",\"@id\":\"https:\\\/\\\/www.anovapeneira.gal\\\/#organization\",\"name\":\"A Nova Peneira\",\"url\":\"https:\\\/\\\/www.anovapeneira.gal\\\/\",\"logo\":{\"@type\":\"ImageObject\",\"inLanguage\":\"gl-ES\",\"@id\":\"https:\\\/\\\/www.anovapeneira.gal\\\/#\\\/schema\\\/logo\\\/image\\\/\",\"url\":\"http:\\\/\\\/www.anovapeneira.gal\\\/wp-content\\\/uploads\\\/2019\\\/06\\\/logo_a_nova_peneira_portal_web.png\",\"contentUrl\":\"http:\\\/\\\/www.anovapeneira.gal\\\/wp-content\\\/uploads\\\/2019\\\/06\\\/logo_a_nova_peneira_portal_web.png\",\"width\":300,\"height\":100,\"caption\":\"A Nova Peneira\"},\"image\":{\"@id\":\"https:\\\/\\\/www.anovapeneira.gal\\\/#\\\/schema\\\/logo\\\/image\\\/\"},\"sameAs\":[\"https:\\\/\\\/www.facebook.com\\\/anovapeneira\",\"https:\\\/\\\/x.com\\\/APeneira\"]},{\"@type\":\"Person\",\"@id\":\"https:\\\/\\\/www.anovapeneira.gal\\\/#\\\/schema\\\/person\\\/b93e3f8932e3f8da96334607eb6ac6aa\",\"name\":\"Redacci\u00f3n A Nova Peneira\",\"image\":{\"@type\":\"ImageObject\",\"inLanguage\":\"gl-ES\",\"@id\":\"https:\\\/\\\/secure.gravatar.com\\\/avatar\\\/c052a2551a06e23fac63626232eaa90abd78dbcf1700fc46a2b2c89fd27b735f?s=96&d=mm&r=g\",\"url\":\"https:\\\/\\\/secure.gravatar.com\\\/avatar\\\/c052a2551a06e23fac63626232eaa90abd78dbcf1700fc46a2b2c89fd27b735f?s=96&d=mm&r=g\",\"contentUrl\":\"https:\\\/\\\/secure.gravatar.com\\\/avatar\\\/c052a2551a06e23fac63626232eaa90abd78dbcf1700fc46a2b2c89fd27b735f?s=96&d=mm&r=g\",\"caption\":\"Redacci\u00f3n A Nova Peneira\"},\"sameAs\":[\"http:\\\/\\\/www.anovapeneira.gal\\\/\"],\"url\":\"https:\\\/\\\/www.anovapeneira.gal\\\/index.php\\\/author\\\/redactor\\\/\"}]}<\/script>\n<!-- \/ Yoast SEO plugin. -->","yoast_head_json":{"title":"Crean un viveiro de empresas no pol\u00edgono de Monte Faqui\u00f1a -","description":"A Comunidade de Montes de Tameiga crea un viveiro de empresas nunha das grandes instalaci\u00f3ns do pol\u00edgono de Monte Faqui\u00f1a para propiciar o desenvolvemento da pequena empresa familiar","robots":{"index":"index","follow":"follow","max-snippet":"max-snippet:-1","max-image-preview":"max-image-preview:large","max-video-preview":"max-video-preview:-1"},"canonical":"https:\/\/www.anovapeneira.gal\/index.php\/2021\/11\/02\/crean-un-viveiro-de-empresas-no-poligono-de-monte-faquina\/","og_locale":"gl_ES","og_type":"article","og_title":"Crean un viveiro de empresas no pol\u00edgono de Monte Faqui\u00f1a -","og_description":"A Comunidade de Montes de Tameiga crea un viveiro de empresas nunha das grandes instalaci\u00f3ns do pol\u00edgono de Monte Faqui\u00f1a para propiciar o desenvolvemento da pequena empresa familiar","og_url":"https:\/\/www.anovapeneira.gal\/index.php\/2021\/11\/02\/crean-un-viveiro-de-empresas-no-poligono-de-monte-faquina\/","article_publisher":"https:\/\/www.facebook.com\/anovapeneira","article_published_time":"2021-11-02T11:00:09+00:00","og_image":[{"width":720,"height":432,"url":"https:\/\/www.anovapeneira.gal\/wp-content\/uploads\/2021\/10\/viveiro-de-empresas-monte-faquina.jpg","type":"image\/jpeg"}],"author":"Redacci\u00f3n A Nova Peneira","twitter_card":"summary_large_image","twitter_creator":"@APeneira","twitter_site":"@APeneira","twitter_misc":{"Escrito por":"Redacci\u00f3n A Nova Peneira","Tempo de lectura":"2 minutos"},"schema":{"@context":"https:\/\/schema.org","@graph":[{"@type":"Article","@id":"https:\/\/www.anovapeneira.gal\/index.php\/2021\/11\/02\/crean-un-viveiro-de-empresas-no-poligono-de-monte-faquina\/#article","isPartOf":{"@id":"https:\/\/www.anovapeneira.gal\/index.php\/2021\/11\/02\/crean-un-viveiro-de-empresas-no-poligono-de-monte-faquina\/"},"author":{"name":"Redacci\u00f3n A Nova Peneira","@id":"https:\/\/www.anovapeneira.gal\/#\/schema\/person\/b93e3f8932e3f8da96334607eb6ac6aa"},"headline":"Crean un viveiro de empresas no pol\u00edgono de Monte Faqui\u00f1a","datePublished":"2021-11-02T11:00:09+00:00","mainEntityOfPage":{"@id":"https:\/\/www.anovapeneira.gal\/index.php\/2021\/11\/02\/crean-un-viveiro-de-empresas-no-poligono-de-monte-faquina\/"},"wordCount":438,"commentCount":0,"publisher":{"@id":"https:\/\/www.anovapeneira.gal\/#organization"},"image":{"@id":"https:\/\/www.anovapeneira.gal\/index.php\/2021\/11\/02\/crean-un-viveiro-de-empresas-no-poligono-de-monte-faquina\/#primaryimage"},"thumbnailUrl":"https:\/\/www.anovapeneira.gal\/wp-content\/uploads\/2021\/10\/viveiro-de-empresas-monte-faquina.jpg","keywords":["Concello de Mos"],"articleSection":["A Louri\u00f1a"],"inLanguage":"gl-ES","potentialAction":[{"@type":"CommentAction","name":"Comment","target":["https:\/\/www.anovapeneira.gal\/index.php\/2021\/11\/02\/crean-un-viveiro-de-empresas-no-poligono-de-monte-faquina\/#respond"]}]},{"@type":"WebPage","@id":"https:\/\/www.anovapeneira.gal\/index.php\/2021\/11\/02\/crean-un-viveiro-de-empresas-no-poligono-de-monte-faquina\/","url":"https:\/\/www.anovapeneira.gal\/index.php\/2021\/11\/02\/crean-un-viveiro-de-empresas-no-poligono-de-monte-faquina\/","name":"Crean un viveiro de empresas no pol\u00edgono de Monte Faqui\u00f1a -","isPartOf":{"@id":"https:\/\/www.anovapeneira.gal\/#website"},"primaryImageOfPage":{"@id":"https:\/\/www.anovapeneira.gal\/index.php\/2021\/11\/02\/crean-un-viveiro-de-empresas-no-poligono-de-monte-faquina\/#primaryimage"},"image":{"@id":"https:\/\/www.anovapeneira.gal\/index.php\/2021\/11\/02\/crean-un-viveiro-de-empresas-no-poligono-de-monte-faquina\/#primaryimage"},"thumbnailUrl":"https:\/\/www.anovapeneira.gal\/wp-content\/uploads\/2021\/10\/viveiro-de-empresas-monte-faquina.jpg","datePublished":"2021-11-02T11:00:09+00:00","description":"A Comunidade de Montes de Tameiga crea un viveiro de empresas nunha das grandes instalaci\u00f3ns do pol\u00edgono de Monte Faqui\u00f1a para propiciar o desenvolvemento da pequena empresa familiar","breadcrumb":{"@id":"https:\/\/www.anovapeneira.gal\/index.php\/2021\/11\/02\/crean-un-viveiro-de-empresas-no-poligono-de-monte-faquina\/#breadcrumb"},"inLanguage":"gl-ES","potentialAction":[{"@type":"ReadAction","target":["https:\/\/www.anovapeneira.gal\/index.php\/2021\/11\/02\/crean-un-viveiro-de-empresas-no-poligono-de-monte-faquina\/"]}]},{"@type":"ImageObject","inLanguage":"gl-ES","@id":"https:\/\/www.anovapeneira.gal\/index.php\/2021\/11\/02\/crean-un-viveiro-de-empresas-no-poligono-de-monte-faquina\/#primaryimage","url":"https:\/\/www.anovapeneira.gal\/wp-content\/uploads\/2021\/10\/viveiro-de-empresas-monte-faquina.jpg","contentUrl":"https:\/\/www.anovapeneira.gal\/wp-content\/uploads\/2021\/10\/viveiro-de-empresas-monte-faquina.jpg","width":720,"height":432,"caption":"viveiro de empresas no pol\u00edgono de Monte Faqui\u00f1a"},{"@type":"BreadcrumbList","@id":"https:\/\/www.anovapeneira.gal\/index.php\/2021\/11\/02\/crean-un-viveiro-de-empresas-no-poligono-de-monte-faquina\/#breadcrumb","itemListElement":[{"@type":"ListItem","position":1,"name":"Portada","item":"https:\/\/www.anovapeneira.gal\/"},{"@type":"ListItem","position":2,"name":"Crean un viveiro de empresas no pol\u00edgono de Monte Faqui\u00f1a"}]},{"@type":"WebSite","@id":"https:\/\/www.anovapeneira.gal\/#website","url":"https:\/\/www.anovapeneira.gal\/","name":"","description":"Xornal galego de informaci\u00f3n xeral Publicaci\u00f3n mensual de novas de Galicia e en especial dos Concellos da sur da provincia de Pontevedra.","publisher":{"@id":"https:\/\/www.anovapeneira.gal\/#organization"},"potentialAction":[{"@type":"SearchAction","target":{"@type":"EntryPoint","urlTemplate":"https:\/\/www.anovapeneira.gal\/?s={search_term_string}"},"query-input":{"@type":"PropertyValueSpecification","valueRequired":true,"valueName":"search_term_string"}}],"inLanguage":"gl-ES"},{"@type":"Organization","@id":"https:\/\/www.anovapeneira.gal\/#organization","name":"A Nova Peneira","url":"https:\/\/www.anovapeneira.gal\/","logo":{"@type":"ImageObject","inLanguage":"gl-ES","@id":"https:\/\/www.anovapeneira.gal\/#\/schema\/logo\/image\/","url":"http:\/\/www.anovapeneira.gal\/wp-content\/uploads\/2019\/06\/logo_a_nova_peneira_portal_web.png","contentUrl":"http:\/\/www.anovapeneira.gal\/wp-content\/uploads\/2019\/06\/logo_a_nova_peneira_portal_web.png","width":300,"height":100,"caption":"A Nova Peneira"},"image":{"@id":"https:\/\/www.anovapeneira.gal\/#\/schema\/logo\/image\/"},"sameAs":["https:\/\/www.facebook.com\/anovapeneira","https:\/\/x.com\/APeneira"]},{"@type":"Person","@id":"https:\/\/www.anovapeneira.gal\/#\/schema\/person\/b93e3f8932e3f8da96334607eb6ac6aa","name":"Redacci\u00f3n A Nova Peneira","image":{"@type":"ImageObject","inLanguage":"gl-ES","@id":"https:\/\/secure.gravatar.com\/avatar\/c052a2551a06e23fac63626232eaa90abd78dbcf1700fc46a2b2c89fd27b735f?s=96&d=mm&r=g","url":"https:\/\/secure.gravatar.com\/avatar\/c052a2551a06e23fac63626232eaa90abd78dbcf1700fc46a2b2c89fd27b735f?s=96&d=mm&r=g","contentUrl":"https:\/\/secure.gravatar.com\/avatar\/c052a2551a06e23fac63626232eaa90abd78dbcf1700fc46a2b2c89fd27b735f?s=96&d=mm&r=g","caption":"Redacci\u00f3n A Nova Peneira"},"sameAs":["http:\/\/www.anovapeneira.gal\/"],"url":"https:\/\/www.anovapeneira.gal\/index.php\/author\/redactor\/"}]}},"jetpack_featured_media_url":"https:\/\/www.anovapeneira.gal\/wp-content\/uploads\/2021\/10\/viveiro-de-empresas-monte-faquina.jpg","_links":{"self":[{"href":"https:\/\/www.anovapeneira.gal\/index.php\/wp-json\/wp\/v2\/posts\/6336","targetHints":{"allow":["GET"]}}],"collection":[{"href":"https:\/\/www.anovapeneira.gal\/index.php\/wp-json\/wp\/v2\/posts"}],"about":[{"href":"https:\/\/www.anovapeneira.gal\/index.php\/wp-json\/wp\/v2\/types\/post"}],"author":[{"embeddable":true,"href":"https:\/\/www.anovapeneira.gal\/index.php\/wp-json\/wp\/v2\/users\/3"}],"replies":[{"embeddable":true,"href":"https:\/\/www.anovapeneira.gal\/index.php\/wp-json\/wp\/v2\/comments?post=6336"}],"version-history":[{"count":1,"href":"https:\/\/www.anovapeneira.gal\/index.php\/wp-json\/wp\/v2\/posts\/6336\/revisions"}],"predecessor-version":[{"id":6338,"href":"https:\/\/www.anovapeneira.gal\/index.php\/wp-json\/wp\/v2\/posts\/6336\/revisions\/6338"}],"wp:featuredmedia":[{"embeddable":true,"href":"https:\/\/www.anovapeneira.gal\/index.php\/wp-json\/wp\/v2\/media\/6337"}],"wp:attachment":[{"href":"https:\/\/www.anovapeneira.gal\/index.php\/wp-json\/wp\/v2\/media?parent=6336"}],"wp:term":[{"taxonomy":"category","embeddable":true,"href":"https:\/\/www.anovapeneira.gal\/index.php\/wp-json\/wp\/v2\/categories?post=6336"},{"taxonomy":"post_tag","embeddable":true,"href":"https:\/\/www.anovapeneira.gal\/index.php\/wp-json\/wp\/v2\/tags?post=6336"}],"curies":[{"name":"wp","href":"https:\/\/api.w.org\/{rel}","templated":true}]}}