{"id":6339,"date":"2021-11-02T14:00:27","date_gmt":"2021-11-02T13:00:27","guid":{"rendered":"https:\/\/www.anovapeneira.gal\/?p=6339"},"modified":"2021-10-28T19:40:17","modified_gmt":"2021-10-28T17:40:17","slug":"as-asociacions-que-reciban-subvencions-do-concello-seran-obrigadas-a-colaborar-co-concello-nas-actividades-que-este-organice","status":"publish","type":"post","link":"https:\/\/www.anovapeneira.gal\/index.php\/2021\/11\/02\/as-asociacions-que-reciban-subvencions-do-concello-seran-obrigadas-a-colaborar-co-concello-nas-actividades-que-este-organice\/","title":{"rendered":"As asociaci\u00f3ns que reciban subvenci\u00f3ns do Concello ser\u00e1n obrigadas a colaborar co Concello nas actividades que este organice"},"content":{"rendered":"\n<h2 class=\"wp-block-heading\">Alternativa por Mondariz pide a retirada desta obriga, inclu\u00edda nas bases que acaba de publicar o goberno municipal, e insta a recuperar o modelo de subvenci\u00f3ns nominativas con criterios objetivos&nbsp;<\/h2>\n\n\n\n<p>O grupo de goberno BNG-PSOE v\u00e9n de publicar no Bolet\u00edn Oficial da Provincia (05.10.2021) as \u201cBases reguladoras para a convocatoria de subvenci\u00f3ns \u00e1s asociaci\u00f3ns do \u00e1mbito veci\u00f1al, para actividades socio-culturais realizadas durante o ano 2021\u201d.&nbsp;<\/p>\n\n\n\n<p>O art. 9 destas bases establecen que \u201cas entidades subvencionadas ao amparo destas bases quedar\u00e1n obrigadas a colaborar co Concello naquelas actividades que este organice cando lle sexa requirido\u201d, o que sup\u00f3n unha obriga impropia, xa que as asociaci\u00f3ns \u201cnon poden ser obrigadas a colaborar coa administraci\u00f3n nas actividades que esta organice. Outra cousa \u00e9 que, de forma voluntaria, queiran facelo, pero non por imperativo legal\u201d, sost\u00e9n Xo\u00e1n C. Montes Bugar\u00edn, portavoz de AporM.&nbsp;<\/p>\n\n\n\n<p><strong>Subvenci\u00f3ns nominativas\u00a0<\/strong><\/p>\n\n\n\n<p>O portavoz do grupo m\u00e1is votado nas elecci\u00f3ns municipais e con maior representaci\u00f3n na corporaci\u00f3n, insta ao goberno municipal a retomar o sistema de subvenci\u00f3ns nominativas \u201cpara evitar a burocratizaci\u00f3n na xesti\u00f3n das axudas\u201d, un sistema que estivo vixente no mandato anterior, cando era alcalde Montes Bugar\u00edn. \u201cEste sistema era \u00e1xil, ao tempo que obxectivo, e proba diso \u00e9 que non provocou queixas por parte de ningunha asociaci\u00f3n veci\u00f1al ou cultural. O asociacionismo mondariz\u00e1n non ten persoal administrativo, polo que o sistema que quere instaurar o Concello non se corresponde coa nosa realidade social\u201d.&nbsp;<\/p>\n\n\n\n<p><strong>Recorte de ayudas\u00a0<\/strong><\/p>\n\n\n\n<p>Calis fai un chamamento ao goberno para recuperar as subvenci\u00f3ns nominativas que percib\u00edan as asociaci\u00f3ns culturais e deportivas de Mondariz, que sufriron unha imporante baixa coa chegada \u00e1 alcald\u00eda de BNG e PSOE. \u201cA modo de exemplo, a Banda de M\u00fasica pasou de recibir 11.000 \u20ac anuais no mandato anterior a 9.900 \u20ac, o que sup\u00f3n un obst\u00e1culo m\u00e1is para a directiva, que traballa arreo por manter a actividade da banda en Mondariz\u201d, destacou o portavoz de AporM.<\/p>\n","protected":false},"excerpt":{"rendered":"<div class=\"mh-excerpt\"><p>Alternativa por Mondariz pide a retirada desta obriga, inclu\u00edda nas bases que acaba de publicar o goberno municipal, e insta a recuperar o modelo de subvenci\u00f3ns nominativas con criterios objetivos  <a class=\"mh-excerpt-more\" href=\"https:\/\/www.anovapeneira.gal\/index.php\/2021\/11\/02\/as-asociacions-que-reciban-subvencions-do-concello-seran-obrigadas-a-colaborar-co-concello-nas-actividades-que-este-organice\/\" title=\"As asociaci\u00f3ns que reciban subvenci\u00f3ns do Concello ser\u00e1n obrigadas a colaborar co Concello nas actividades que este organice\">[&#8230;]<\/a><\/p>\n<\/div>","protected":false},"author":3,"featured_media":6341,"comment_status":"open","ping_status":"open","sticky":false,"template":"","format":"standard","meta":{"_exactmetrics_skip_tracking":false,"_exactmetrics_sitenote_active":false,"_exactmetrics_sitenote_note":"","_exactmetrics_sitenote_category":0,"footnotes":""},"categories":[25],"tags":[405],"class_list":{"0":"post-6339","1":"post","2":"type-post","3":"status-publish","4":"format-standard","5":"has-post-thumbnail","7":"category-condado","8":"tag-concello-de-mondariz"},"yoast_head":"<!-- This site is optimized with the Yoast SEO plugin v27.4 - https:\/\/yoast.com\/product\/yoast-seo-wordpress\/ -->\n<title>As asociaci\u00f3ns que reciban subvenci\u00f3ns do Concello ser\u00e1n obrigadas a colaborar co Concello nas actividades que este organice -<\/title>\n<meta name=\"description\" content=\"Alternativa por Mondariz pide a retirada desta obriga, inclu\u00edda nas bases que acaba de publicar o goberno municipal, e insta a recuperar o modelo de subvenci\u00f3ns nominativas con criterios objetivos\" \/>\n<meta name=\"robots\" content=\"index, follow, max-snippet:-1, max-image-preview:large, max-video-preview:-1\" \/>\n<link rel=\"canonical\" href=\"https:\/\/www.anovapeneira.gal\/index.php\/2021\/11\/02\/as-asociacions-que-reciban-subvencions-do-concello-seran-obrigadas-a-colaborar-co-concello-nas-actividades-que-este-organice\/\" \/>\n<meta property=\"og:locale\" content=\"gl_ES\" \/>\n<meta property=\"og:type\" content=\"article\" \/>\n<meta property=\"og:title\" content=\"As asociaci\u00f3ns que reciban subvenci\u00f3ns do Concello ser\u00e1n obrigadas a colaborar co Concello nas actividades que este organice -\" \/>\n<meta property=\"og:description\" content=\"Alternativa por Mondariz pide a retirada desta obriga, inclu\u00edda nas bases que acaba de publicar o goberno municipal, e insta a recuperar o modelo de subvenci\u00f3ns nominativas con criterios objetivos\" \/>\n<meta property=\"og:url\" content=\"https:\/\/www.anovapeneira.gal\/index.php\/2021\/11\/02\/as-asociacions-que-reciban-subvencions-do-concello-seran-obrigadas-a-colaborar-co-concello-nas-actividades-que-este-organice\/\" \/>\n<meta property=\"article:publisher\" content=\"https:\/\/www.facebook.com\/anovapeneira\" \/>\n<meta property=\"article:published_time\" content=\"2021-11-02T13:00:27+00:00\" \/>\n<meta property=\"og:image\" content=\"https:\/\/www.anovapeneira.gal\/wp-content\/uploads\/2021\/10\/alternativa_por_mondariz.jpg\" \/>\n\t<meta property=\"og:image:width\" content=\"720\" \/>\n\t<meta property=\"og:image:height\" content=\"432\" \/>\n\t<meta property=\"og:image:type\" content=\"image\/jpeg\" \/>\n<meta name=\"author\" content=\"Redacci\u00f3n A Nova Peneira\" \/>\n<meta name=\"twitter:card\" content=\"summary_large_image\" \/>\n<meta name=\"twitter:creator\" content=\"@APeneira\" \/>\n<meta name=\"twitter:site\" content=\"@APeneira\" \/>\n<meta name=\"twitter:label1\" content=\"Escrito por\" \/>\n\t<meta name=\"twitter:data1\" content=\"Redacci\u00f3n A Nova Peneira\" \/>\n\t<meta name=\"twitter:label2\" content=\"Tempo de lectura\" \/>\n\t<meta name=\"twitter:data2\" content=\"2 minutos\" \/>\n<script type=\"application\/ld+json\" class=\"yoast-schema-graph\">{\"@context\":\"https:\\\/\\\/schema.org\",\"@graph\":[{\"@type\":\"Article\",\"@id\":\"https:\\\/\\\/www.anovapeneira.gal\\\/index.php\\\/2021\\\/11\\\/02\\\/as-asociacions-que-reciban-subvencions-do-concello-seran-obrigadas-a-colaborar-co-concello-nas-actividades-que-este-organice\\\/#article\",\"isPartOf\":{\"@id\":\"https:\\\/\\\/www.anovapeneira.gal\\\/index.php\\\/2021\\\/11\\\/02\\\/as-asociacions-que-reciban-subvencions-do-concello-seran-obrigadas-a-colaborar-co-concello-nas-actividades-que-este-organice\\\/\"},\"author\":{\"name\":\"Redacci\u00f3n A Nova Peneira\",\"@id\":\"https:\\\/\\\/www.anovapeneira.gal\\\/#\\\/schema\\\/person\\\/b93e3f8932e3f8da96334607eb6ac6aa\"},\"headline\":\"As asociaci\u00f3ns que reciban subvenci\u00f3ns do Concello ser\u00e1n obrigadas a colaborar co Concello nas actividades que este organice\",\"datePublished\":\"2021-11-02T13:00:27+00:00\",\"mainEntityOfPage\":{\"@id\":\"https:\\\/\\\/www.anovapeneira.gal\\\/index.php\\\/2021\\\/11\\\/02\\\/as-asociacions-que-reciban-subvencions-do-concello-seran-obrigadas-a-colaborar-co-concello-nas-actividades-que-este-organice\\\/\"},\"wordCount\":365,\"commentCount\":0,\"publisher\":{\"@id\":\"https:\\\/\\\/www.anovapeneira.gal\\\/#organization\"},\"image\":{\"@id\":\"https:\\\/\\\/www.anovapeneira.gal\\\/index.php\\\/2021\\\/11\\\/02\\\/as-asociacions-que-reciban-subvencions-do-concello-seran-obrigadas-a-colaborar-co-concello-nas-actividades-que-este-organice\\\/#primaryimage\"},\"thumbnailUrl\":\"https:\\\/\\\/www.anovapeneira.gal\\\/wp-content\\\/uploads\\\/2021\\\/10\\\/alternativa_por_mondariz.jpg\",\"keywords\":[\"Concello de Mondariz\"],\"articleSection\":[\"Condado\"],\"inLanguage\":\"gl-ES\",\"potentialAction\":[{\"@type\":\"CommentAction\",\"name\":\"Comment\",\"target\":[\"https:\\\/\\\/www.anovapeneira.gal\\\/index.php\\\/2021\\\/11\\\/02\\\/as-asociacions-que-reciban-subvencions-do-concello-seran-obrigadas-a-colaborar-co-concello-nas-actividades-que-este-organice\\\/#respond\"]}]},{\"@type\":\"WebPage\",\"@id\":\"https:\\\/\\\/www.anovapeneira.gal\\\/index.php\\\/2021\\\/11\\\/02\\\/as-asociacions-que-reciban-subvencions-do-concello-seran-obrigadas-a-colaborar-co-concello-nas-actividades-que-este-organice\\\/\",\"url\":\"https:\\\/\\\/www.anovapeneira.gal\\\/index.php\\\/2021\\\/11\\\/02\\\/as-asociacions-que-reciban-subvencions-do-concello-seran-obrigadas-a-colaborar-co-concello-nas-actividades-que-este-organice\\\/\",\"name\":\"As asociaci\u00f3ns que reciban subvenci\u00f3ns do Concello ser\u00e1n obrigadas a colaborar co Concello nas actividades que este organice -\",\"isPartOf\":{\"@id\":\"https:\\\/\\\/www.anovapeneira.gal\\\/#website\"},\"primaryImageOfPage\":{\"@id\":\"https:\\\/\\\/www.anovapeneira.gal\\\/index.php\\\/2021\\\/11\\\/02\\\/as-asociacions-que-reciban-subvencions-do-concello-seran-obrigadas-a-colaborar-co-concello-nas-actividades-que-este-organice\\\/#primaryimage\"},\"image\":{\"@id\":\"https:\\\/\\\/www.anovapeneira.gal\\\/index.php\\\/2021\\\/11\\\/02\\\/as-asociacions-que-reciban-subvencions-do-concello-seran-obrigadas-a-colaborar-co-concello-nas-actividades-que-este-organice\\\/#primaryimage\"},\"thumbnailUrl\":\"https:\\\/\\\/www.anovapeneira.gal\\\/wp-content\\\/uploads\\\/2021\\\/10\\\/alternativa_por_mondariz.jpg\",\"datePublished\":\"2021-11-02T13:00:27+00:00\",\"description\":\"Alternativa por Mondariz pide a retirada desta obriga, inclu\u00edda nas bases que acaba de publicar o goberno municipal, e insta a recuperar o modelo de subvenci\u00f3ns nominativas con criterios objetivos\",\"breadcrumb\":{\"@id\":\"https:\\\/\\\/www.anovapeneira.gal\\\/index.php\\\/2021\\\/11\\\/02\\\/as-asociacions-que-reciban-subvencions-do-concello-seran-obrigadas-a-colaborar-co-concello-nas-actividades-que-este-organice\\\/#breadcrumb\"},\"inLanguage\":\"gl-ES\",\"potentialAction\":[{\"@type\":\"ReadAction\",\"target\":[\"https:\\\/\\\/www.anovapeneira.gal\\\/index.php\\\/2021\\\/11\\\/02\\\/as-asociacions-que-reciban-subvencions-do-concello-seran-obrigadas-a-colaborar-co-concello-nas-actividades-que-este-organice\\\/\"]}]},{\"@type\":\"ImageObject\",\"inLanguage\":\"gl-ES\",\"@id\":\"https:\\\/\\\/www.anovapeneira.gal\\\/index.php\\\/2021\\\/11\\\/02\\\/as-asociacions-que-reciban-subvencions-do-concello-seran-obrigadas-a-colaborar-co-concello-nas-actividades-que-este-organice\\\/#primaryimage\",\"url\":\"https:\\\/\\\/www.anovapeneira.gal\\\/wp-content\\\/uploads\\\/2021\\\/10\\\/alternativa_por_mondariz.jpg\",\"contentUrl\":\"https:\\\/\\\/www.anovapeneira.gal\\\/wp-content\\\/uploads\\\/2021\\\/10\\\/alternativa_por_mondariz.jpg\",\"width\":720,\"height\":432,\"caption\":\"Alternativa por Mondariz\"},{\"@type\":\"BreadcrumbList\",\"@id\":\"https:\\\/\\\/www.anovapeneira.gal\\\/index.php\\\/2021\\\/11\\\/02\\\/as-asociacions-que-reciban-subvencions-do-concello-seran-obrigadas-a-colaborar-co-concello-nas-actividades-que-este-organice\\\/#breadcrumb\",\"itemListElement\":[{\"@type\":\"ListItem\",\"position\":1,\"name\":\"Portada\",\"item\":\"https:\\\/\\\/www.anovapeneira.gal\\\/\"},{\"@type\":\"ListItem\",\"position\":2,\"name\":\"As asociaci\u00f3ns que reciban subvenci\u00f3ns do Concello ser\u00e1n obrigadas a colaborar co Concello nas actividades que este organice\"}]},{\"@type\":\"WebSite\",\"@id\":\"https:\\\/\\\/www.anovapeneira.gal\\\/#website\",\"url\":\"https:\\\/\\\/www.anovapeneira.gal\\\/\",\"name\":\"\",\"description\":\"Xornal galego de informaci\u00f3n xeral Publicaci\u00f3n mensual de novas de Galicia e en especial dos Concellos da sur da provincia de Pontevedra.\",\"publisher\":{\"@id\":\"https:\\\/\\\/www.anovapeneira.gal\\\/#organization\"},\"potentialAction\":[{\"@type\":\"SearchAction\",\"target\":{\"@type\":\"EntryPoint\",\"urlTemplate\":\"https:\\\/\\\/www.anovapeneira.gal\\\/?s={search_term_string}\"},\"query-input\":{\"@type\":\"PropertyValueSpecification\",\"valueRequired\":true,\"valueName\":\"search_term_string\"}}],\"inLanguage\":\"gl-ES\"},{\"@type\":\"Organization\",\"@id\":\"https:\\\/\\\/www.anovapeneira.gal\\\/#organization\",\"name\":\"A Nova Peneira\",\"url\":\"https:\\\/\\\/www.anovapeneira.gal\\\/\",\"logo\":{\"@type\":\"ImageObject\",\"inLanguage\":\"gl-ES\",\"@id\":\"https:\\\/\\\/www.anovapeneira.gal\\\/#\\\/schema\\\/logo\\\/image\\\/\",\"url\":\"http:\\\/\\\/www.anovapeneira.gal\\\/wp-content\\\/uploads\\\/2019\\\/06\\\/logo_a_nova_peneira_portal_web.png\",\"contentUrl\":\"http:\\\/\\\/www.anovapeneira.gal\\\/wp-content\\\/uploads\\\/2019\\\/06\\\/logo_a_nova_peneira_portal_web.png\",\"width\":300,\"height\":100,\"caption\":\"A Nova Peneira\"},\"image\":{\"@id\":\"https:\\\/\\\/www.anovapeneira.gal\\\/#\\\/schema\\\/logo\\\/image\\\/\"},\"sameAs\":[\"https:\\\/\\\/www.facebook.com\\\/anovapeneira\",\"https:\\\/\\\/x.com\\\/APeneira\"]},{\"@type\":\"Person\",\"@id\":\"https:\\\/\\\/www.anovapeneira.gal\\\/#\\\/schema\\\/person\\\/b93e3f8932e3f8da96334607eb6ac6aa\",\"name\":\"Redacci\u00f3n A Nova Peneira\",\"image\":{\"@type\":\"ImageObject\",\"inLanguage\":\"gl-ES\",\"@id\":\"https:\\\/\\\/secure.gravatar.com\\\/avatar\\\/c052a2551a06e23fac63626232eaa90abd78dbcf1700fc46a2b2c89fd27b735f?s=96&d=mm&r=g\",\"url\":\"https:\\\/\\\/secure.gravatar.com\\\/avatar\\\/c052a2551a06e23fac63626232eaa90abd78dbcf1700fc46a2b2c89fd27b735f?s=96&d=mm&r=g\",\"contentUrl\":\"https:\\\/\\\/secure.gravatar.com\\\/avatar\\\/c052a2551a06e23fac63626232eaa90abd78dbcf1700fc46a2b2c89fd27b735f?s=96&d=mm&r=g\",\"caption\":\"Redacci\u00f3n A Nova Peneira\"},\"sameAs\":[\"http:\\\/\\\/www.anovapeneira.gal\\\/\"],\"url\":\"https:\\\/\\\/www.anovapeneira.gal\\\/index.php\\\/author\\\/redactor\\\/\"}]}<\/script>\n<!-- \/ Yoast SEO plugin. -->","yoast_head_json":{"title":"As asociaci\u00f3ns que reciban subvenci\u00f3ns do Concello ser\u00e1n obrigadas a colaborar co Concello nas actividades que este organice -","description":"Alternativa por Mondariz pide a retirada desta obriga, inclu\u00edda nas bases que acaba de publicar o goberno municipal, e insta a recuperar o modelo de subvenci\u00f3ns nominativas con criterios objetivos","robots":{"index":"index","follow":"follow","max-snippet":"max-snippet:-1","max-image-preview":"max-image-preview:large","max-video-preview":"max-video-preview:-1"},"canonical":"https:\/\/www.anovapeneira.gal\/index.php\/2021\/11\/02\/as-asociacions-que-reciban-subvencions-do-concello-seran-obrigadas-a-colaborar-co-concello-nas-actividades-que-este-organice\/","og_locale":"gl_ES","og_type":"article","og_title":"As asociaci\u00f3ns que reciban subvenci\u00f3ns do Concello ser\u00e1n obrigadas a colaborar co Concello nas actividades que este organice -","og_description":"Alternativa por Mondariz pide a retirada desta obriga, inclu\u00edda nas bases que acaba de publicar o goberno municipal, e insta a recuperar o modelo de subvenci\u00f3ns nominativas con criterios objetivos","og_url":"https:\/\/www.anovapeneira.gal\/index.php\/2021\/11\/02\/as-asociacions-que-reciban-subvencions-do-concello-seran-obrigadas-a-colaborar-co-concello-nas-actividades-que-este-organice\/","article_publisher":"https:\/\/www.facebook.com\/anovapeneira","article_published_time":"2021-11-02T13:00:27+00:00","og_image":[{"width":720,"height":432,"url":"https:\/\/www.anovapeneira.gal\/wp-content\/uploads\/2021\/10\/alternativa_por_mondariz.jpg","type":"image\/jpeg"}],"author":"Redacci\u00f3n A Nova Peneira","twitter_card":"summary_large_image","twitter_creator":"@APeneira","twitter_site":"@APeneira","twitter_misc":{"Escrito por":"Redacci\u00f3n A Nova Peneira","Tempo de lectura":"2 minutos"},"schema":{"@context":"https:\/\/schema.org","@graph":[{"@type":"Article","@id":"https:\/\/www.anovapeneira.gal\/index.php\/2021\/11\/02\/as-asociacions-que-reciban-subvencions-do-concello-seran-obrigadas-a-colaborar-co-concello-nas-actividades-que-este-organice\/#article","isPartOf":{"@id":"https:\/\/www.anovapeneira.gal\/index.php\/2021\/11\/02\/as-asociacions-que-reciban-subvencions-do-concello-seran-obrigadas-a-colaborar-co-concello-nas-actividades-que-este-organice\/"},"author":{"name":"Redacci\u00f3n A Nova Peneira","@id":"https:\/\/www.anovapeneira.gal\/#\/schema\/person\/b93e3f8932e3f8da96334607eb6ac6aa"},"headline":"As asociaci\u00f3ns que reciban subvenci\u00f3ns do Concello ser\u00e1n obrigadas a colaborar co Concello nas actividades que este organice","datePublished":"2021-11-02T13:00:27+00:00","mainEntityOfPage":{"@id":"https:\/\/www.anovapeneira.gal\/index.php\/2021\/11\/02\/as-asociacions-que-reciban-subvencions-do-concello-seran-obrigadas-a-colaborar-co-concello-nas-actividades-que-este-organice\/"},"wordCount":365,"commentCount":0,"publisher":{"@id":"https:\/\/www.anovapeneira.gal\/#organization"},"image":{"@id":"https:\/\/www.anovapeneira.gal\/index.php\/2021\/11\/02\/as-asociacions-que-reciban-subvencions-do-concello-seran-obrigadas-a-colaborar-co-concello-nas-actividades-que-este-organice\/#primaryimage"},"thumbnailUrl":"https:\/\/www.anovapeneira.gal\/wp-content\/uploads\/2021\/10\/alternativa_por_mondariz.jpg","keywords":["Concello de Mondariz"],"articleSection":["Condado"],"inLanguage":"gl-ES","potentialAction":[{"@type":"CommentAction","name":"Comment","target":["https:\/\/www.anovapeneira.gal\/index.php\/2021\/11\/02\/as-asociacions-que-reciban-subvencions-do-concello-seran-obrigadas-a-colaborar-co-concello-nas-actividades-que-este-organice\/#respond"]}]},{"@type":"WebPage","@id":"https:\/\/www.anovapeneira.gal\/index.php\/2021\/11\/02\/as-asociacions-que-reciban-subvencions-do-concello-seran-obrigadas-a-colaborar-co-concello-nas-actividades-que-este-organice\/","url":"https:\/\/www.anovapeneira.gal\/index.php\/2021\/11\/02\/as-asociacions-que-reciban-subvencions-do-concello-seran-obrigadas-a-colaborar-co-concello-nas-actividades-que-este-organice\/","name":"As asociaci\u00f3ns que reciban subvenci\u00f3ns do Concello ser\u00e1n obrigadas a colaborar co Concello nas actividades que este organice -","isPartOf":{"@id":"https:\/\/www.anovapeneira.gal\/#website"},"primaryImageOfPage":{"@id":"https:\/\/www.anovapeneira.gal\/index.php\/2021\/11\/02\/as-asociacions-que-reciban-subvencions-do-concello-seran-obrigadas-a-colaborar-co-concello-nas-actividades-que-este-organice\/#primaryimage"},"image":{"@id":"https:\/\/www.anovapeneira.gal\/index.php\/2021\/11\/02\/as-asociacions-que-reciban-subvencions-do-concello-seran-obrigadas-a-colaborar-co-concello-nas-actividades-que-este-organice\/#primaryimage"},"thumbnailUrl":"https:\/\/www.anovapeneira.gal\/wp-content\/uploads\/2021\/10\/alternativa_por_mondariz.jpg","datePublished":"2021-11-02T13:00:27+00:00","description":"Alternativa por Mondariz pide a retirada desta obriga, inclu\u00edda nas bases que acaba de publicar o goberno municipal, e insta a recuperar o modelo de subvenci\u00f3ns nominativas con criterios objetivos","breadcrumb":{"@id":"https:\/\/www.anovapeneira.gal\/index.php\/2021\/11\/02\/as-asociacions-que-reciban-subvencions-do-concello-seran-obrigadas-a-colaborar-co-concello-nas-actividades-que-este-organice\/#breadcrumb"},"inLanguage":"gl-ES","potentialAction":[{"@type":"ReadAction","target":["https:\/\/www.anovapeneira.gal\/index.php\/2021\/11\/02\/as-asociacions-que-reciban-subvencions-do-concello-seran-obrigadas-a-colaborar-co-concello-nas-actividades-que-este-organice\/"]}]},{"@type":"ImageObject","inLanguage":"gl-ES","@id":"https:\/\/www.anovapeneira.gal\/index.php\/2021\/11\/02\/as-asociacions-que-reciban-subvencions-do-concello-seran-obrigadas-a-colaborar-co-concello-nas-actividades-que-este-organice\/#primaryimage","url":"https:\/\/www.anovapeneira.gal\/wp-content\/uploads\/2021\/10\/alternativa_por_mondariz.jpg","contentUrl":"https:\/\/www.anovapeneira.gal\/wp-content\/uploads\/2021\/10\/alternativa_por_mondariz.jpg","width":720,"height":432,"caption":"Alternativa por Mondariz"},{"@type":"BreadcrumbList","@id":"https:\/\/www.anovapeneira.gal\/index.php\/2021\/11\/02\/as-asociacions-que-reciban-subvencions-do-concello-seran-obrigadas-a-colaborar-co-concello-nas-actividades-que-este-organice\/#breadcrumb","itemListElement":[{"@type":"ListItem","position":1,"name":"Portada","item":"https:\/\/www.anovapeneira.gal\/"},{"@type":"ListItem","position":2,"name":"As asociaci\u00f3ns que reciban subvenci\u00f3ns do Concello ser\u00e1n obrigadas a colaborar co Concello nas actividades que este organice"}]},{"@type":"WebSite","@id":"https:\/\/www.anovapeneira.gal\/#website","url":"https:\/\/www.anovapeneira.gal\/","name":"","description":"Xornal galego de informaci\u00f3n xeral Publicaci\u00f3n mensual de novas de Galicia e en especial dos Concellos da sur da provincia de Pontevedra.","publisher":{"@id":"https:\/\/www.anovapeneira.gal\/#organization"},"potentialAction":[{"@type":"SearchAction","target":{"@type":"EntryPoint","urlTemplate":"https:\/\/www.anovapeneira.gal\/?s={search_term_string}"},"query-input":{"@type":"PropertyValueSpecification","valueRequired":true,"valueName":"search_term_string"}}],"inLanguage":"gl-ES"},{"@type":"Organization","@id":"https:\/\/www.anovapeneira.gal\/#organization","name":"A Nova Peneira","url":"https:\/\/www.anovapeneira.gal\/","logo":{"@type":"ImageObject","inLanguage":"gl-ES","@id":"https:\/\/www.anovapeneira.gal\/#\/schema\/logo\/image\/","url":"http:\/\/www.anovapeneira.gal\/wp-content\/uploads\/2019\/06\/logo_a_nova_peneira_portal_web.png","contentUrl":"http:\/\/www.anovapeneira.gal\/wp-content\/uploads\/2019\/06\/logo_a_nova_peneira_portal_web.png","width":300,"height":100,"caption":"A Nova Peneira"},"image":{"@id":"https:\/\/www.anovapeneira.gal\/#\/schema\/logo\/image\/"},"sameAs":["https:\/\/www.facebook.com\/anovapeneira","https:\/\/x.com\/APeneira"]},{"@type":"Person","@id":"https:\/\/www.anovapeneira.gal\/#\/schema\/person\/b93e3f8932e3f8da96334607eb6ac6aa","name":"Redacci\u00f3n A Nova Peneira","image":{"@type":"ImageObject","inLanguage":"gl-ES","@id":"https:\/\/secure.gravatar.com\/avatar\/c052a2551a06e23fac63626232eaa90abd78dbcf1700fc46a2b2c89fd27b735f?s=96&d=mm&r=g","url":"https:\/\/secure.gravatar.com\/avatar\/c052a2551a06e23fac63626232eaa90abd78dbcf1700fc46a2b2c89fd27b735f?s=96&d=mm&r=g","contentUrl":"https:\/\/secure.gravatar.com\/avatar\/c052a2551a06e23fac63626232eaa90abd78dbcf1700fc46a2b2c89fd27b735f?s=96&d=mm&r=g","caption":"Redacci\u00f3n A Nova Peneira"},"sameAs":["http:\/\/www.anovapeneira.gal\/"],"url":"https:\/\/www.anovapeneira.gal\/index.php\/author\/redactor\/"}]}},"jetpack_featured_media_url":"https:\/\/www.anovapeneira.gal\/wp-content\/uploads\/2021\/10\/alternativa_por_mondariz.jpg","_links":{"self":[{"href":"https:\/\/www.anovapeneira.gal\/index.php\/wp-json\/wp\/v2\/posts\/6339","targetHints":{"allow":["GET"]}}],"collection":[{"href":"https:\/\/www.anovapeneira.gal\/index.php\/wp-json\/wp\/v2\/posts"}],"about":[{"href":"https:\/\/www.anovapeneira.gal\/index.php\/wp-json\/wp\/v2\/types\/post"}],"author":[{"embeddable":true,"href":"https:\/\/www.anovapeneira.gal\/index.php\/wp-json\/wp\/v2\/users\/3"}],"replies":[{"embeddable":true,"href":"https:\/\/www.anovapeneira.gal\/index.php\/wp-json\/wp\/v2\/comments?post=6339"}],"version-history":[{"count":2,"href":"https:\/\/www.anovapeneira.gal\/index.php\/wp-json\/wp\/v2\/posts\/6339\/revisions"}],"predecessor-version":[{"id":6343,"href":"https:\/\/www.anovapeneira.gal\/index.php\/wp-json\/wp\/v2\/posts\/6339\/revisions\/6343"}],"wp:featuredmedia":[{"embeddable":true,"href":"https:\/\/www.anovapeneira.gal\/index.php\/wp-json\/wp\/v2\/media\/6341"}],"wp:attachment":[{"href":"https:\/\/www.anovapeneira.gal\/index.php\/wp-json\/wp\/v2\/media?parent=6339"}],"wp:term":[{"taxonomy":"category","embeddable":true,"href":"https:\/\/www.anovapeneira.gal\/index.php\/wp-json\/wp\/v2\/categories?post=6339"},{"taxonomy":"post_tag","embeddable":true,"href":"https:\/\/www.anovapeneira.gal\/index.php\/wp-json\/wp\/v2\/tags?post=6339"}],"curies":[{"name":"wp","href":"https:\/\/api.w.org\/{rel}","templated":true}]}}