{"id":6347,"date":"2021-11-03T12:00:50","date_gmt":"2021-11-03T11:00:50","guid":{"rendered":"https:\/\/www.anovapeneira.gal\/?p=6347"},"modified":"2021-10-28T20:18:20","modified_gmt":"2021-10-28T18:18:20","slug":"bng-reclama-que-a-lei-do-audiovisual-garanta-a-presenza-do-galego-nas-plataformas-dixitais","status":"publish","type":"post","link":"https:\/\/www.anovapeneira.gal\/index.php\/2021\/11\/03\/bng-reclama-que-a-lei-do-audiovisual-garanta-a-presenza-do-galego-nas-plataformas-dixitais\/","title":{"rendered":"BNG reclama que a Lei do audiovisual garanta a presenza do galego nas plataformas dixitais"},"content":{"rendered":"\n<h2 class=\"wp-block-heading\"><strong>O deputado N\u00e9stor Rego rexistra una iniciativa no congreso e avanza emendas ao proxecto de Lei<\/strong><\/h2>\n\n\n\n<h4 class=\"wp-block-heading\"><strong>A frente nacionalista defende que texto final reco\u00f1eza&nbsp;a pluralidade ling\u00fc\u00edstica como principio b\u00e1sico, igualando contidos e porcentaxes m\u00ednimas en galego e castel\u00e1n<\/strong><\/h4>\n\n\n\n<p><strong>Madrid, 26 de outubro de 2021.\u00a0<\/strong><\/p>\n\n\n\n<p>O BNG rexistra una nova iniciativa, que se v\u00e9n a sumar \u00e1s xa defendidas no Congreso e no Parlamento da Galiza, para reclamar ao Goberno espa\u00f1ol a modificaci\u00f3n do texto do anteproxecto de Lei Xeral da Comunicaci\u00f3n audiovisual de forma que reco\u00f1eza\u00a0a pluralidade ling\u00fc\u00edstica como principio b\u00e1sico, igualando contidos e porcentaxes m\u00ednimas en galego e castel\u00e1n na dobraxe, lexendaxe e audiodescrici\u00f3ns, as\u00ed como no financiamento anticipado de produci\u00f3ns audiovisuais nas canles e plataformas de televisi\u00f3n lineais ou baixo demanda. O deputado N\u00e9stor Rego avanza que se non as\u00ed for, a frente nacionalista presentar\u00e1 emendas ao texto legal.<\/p>\n\n\n\n<p>Na s\u00faa iniciativa, o BNG destaca que a plena normalizaci\u00f3n da lingua galega \u00e9 un obxectivo que Galiza ten como sociedade e que para iso \u00e9 imprescind\u00edbel que o galego estea presente na totalidade das plataformas audiovisuais que a inmensa maior\u00eda da nosa sociedade emprega. Considera, no entanto, que a normalizaci\u00f3n da nosa lingua en espazos como Netflix, HBO ou Amazon Prime se ve ameazada polas previsi\u00f3n do anteproxecto da Lei Xeral de comunicaci\u00f3n Audiovisual que anunciou o Goberno espa\u00f1ol. O proxecto de lei recolle que 30% das obras do cat\u00e1logo das plataformas de contidos deber estar dedicado a obras europeas e que dentro dese 30%, polo menos un 50% destas &#8220;ser\u00e1 reservado para produci\u00f3ns en castel\u00e1n ou nalgunha das outras linguas do Estado.&#8221;<\/p>\n\n\n\n<p>Para o deputado nacionalista, N\u00e9stor Rego, a inexistencia de porcentaxes espec\u00edficas para as linguas diferentes do espa\u00f1ol &#8220;significa que non hai ningunha garant\u00eda para que a lingua galega, como o catal\u00e1n ou o eusquera, sexa realmente inclu\u00edda nesas plataformas&#8221; e salienta que a redacci\u00f3n do anteproxecto &#8220;desoe todas as petici\u00f3ns e reclamaci\u00f3ns das diferentes instituci\u00f3ns e entidades do Estado espa\u00f1ol que recomendaban que 50% da cota dos traballos fose para aqueles feitos en galego, euskara ou catal\u00e1n&#8221;.<\/p>\n\n\n\n<p>Dun xeito semellante, o problema est\u00e9ndese tam\u00e9n ao debate do financiamiento, na medida en que no anteproxecto de lei se indica que os fornecedores do servizo de comunicaci\u00f3n audiovisual televisivo con ingresos superiores a 50 mill\u00f3ns de euros deber\u00e1n financiar obras europeas con 5% dese di\u00f1eiro, dos que un m\u00ednimo de 70% deber\u00e1 ir dirixida a obras de produtores independentes en lingua espa\u00f1ola ou nalgunha das linguas oficiais das comunidades aut\u00f3nomas. &#8220;De novo a falta de concreci\u00f3n xoga a favor do espa\u00f1ol -que acaparar\u00e1 a inmensa mayor\u00eda das axudas- en detrimento das produci\u00f3ns en galego ou noutras linguas oficiais&#8221;, sinala Rego, que acrecenta que o goberno espa\u00f1ol &#8220;volveu a facer caso omiso das reclamaci\u00f3ns do sector audiovisual galego, vasco e catal\u00e1n que reclamaban que esa porcentaxe de 5% pasase a 10%&#8221;.<\/p>\n\n\n\n<p>O deputado do BNG lembra que o pasado d\u00eda 12 de maio o Parlamento da Galiza aprobou por unanimidade a chamada &#8220;Iniciativa Xabar\u00edn&#8221;, que ten como principal obxectivo precisamente o de asegurar e garantir a presenza do galego nas plataformas audiovisuais. Nela, xunto con outros puntos, recl\u00e1mase que a nova Lei Xeral do Audiovisual &#8220;reco\u00f1eza a pluralidade ling\u00fc\u00edstica como principio b\u00e1sico, igualando contidos e porcentaxes m\u00ednimas en galego e castel\u00e1n na dobraxe, lexendaxe e audiodescrici\u00f3ns, as\u00ed como no financiamento anticipado de produci\u00f3ns audiovisuais nas canles e plataformas de televisi\u00f3n lineais ou baixo demanda&#8221;. Reclama, adem\u00e1is que a&nbsp; Corporaci\u00f3n de Radio Televisi\u00f3n Espa\u00f1ola &#8220;emita todos os seus contidos con opci\u00f3n dobrada ao galego nomeadamente na programaci\u00f3n da canle espec\u00edfica infantil e xuvenil e nos contidos da s\u00faa App&#8221;.<\/p>\n\n\n\n<p>N\u00e9stor Rego apoia a necesidade de actuar nos datos fornecidos pola Mesa pola Normalizaci\u00f3n Ling\u00fc\u00edstica, principal entidade social que traballa pola normalizaci\u00f3n do galego e impulsora da &#8216;Iniciativa Xabar\u00edn&#8217;, que destaca que dos 25872 t\u00edtulos entre series e filmes dispo\u00f1\u00edbeis nas principais plataformas de televisi\u00f3n, practicamente todos contan con versi\u00f3n orixinal ou dobrada para o espa\u00f1ol e lexendado en espa\u00f1ol ou ingl\u00e9s mais s\u00f3 25 est\u00e1n en versi\u00f3n orixinal galega e ningunha conta con opci\u00f3n dobrada ou lexendada \u00e1 nosa lingua.<\/p>\n\n\n\n<p>&#8220;As\u00ed pois, \u00e9 fundamental para dar verdadeiras oportunidades de normalizaci\u00f3n \u00e1 nosa lingua, actuar nun dos \u00e1mbitos de consumo cultural m\u00e1is empregados polo p\u00fablico en xeral e a mocidade e infancia e particular e en que a situaci\u00f3n de exclusi\u00f3n do galego \u00e9 m\u00e1is notoria&#8221; subli\u00f1a o deputado nacionalista. Por iso o BNG reclama ao Goberno vontade pol\u00edtica para avanzar nun texto da Lei Xeral de Comunicaci\u00f3n Audiovisual que garanta a presenza efectiva do galego e das otras linguas oficiais ao mesmo nivel que o espa\u00f1ol.<\/p>\n\n\n\n<p><\/p>\n\n\n\n<figure class=\"wp-block-video\"><video controls src=\"blob:https:\/\/www.anovapeneira.gal\/525cce9f-c37a-481b-88d0-1a0f7e7786bc\"><\/video><\/figure>\n","protected":false},"excerpt":{"rendered":"<div class=\"mh-excerpt\"><p>O deputado N\u00e9stor Rego rexistra una iniciativa no congreso e avanza emendas ao proxecto de Lei <a class=\"mh-excerpt-more\" href=\"https:\/\/www.anovapeneira.gal\/index.php\/2021\/11\/03\/bng-reclama-que-a-lei-do-audiovisual-garanta-a-presenza-do-galego-nas-plataformas-dixitais\/\" title=\"BNG reclama que a Lei do audiovisual garanta a presenza do galego nas plataformas dixitais\">[&#8230;]<\/a><\/p>\n<\/div>","protected":false},"author":3,"featured_media":6348,"comment_status":"open","ping_status":"open","sticky":false,"template":"","format":"standard","meta":{"_exactmetrics_skip_tracking":false,"_exactmetrics_sitenote_active":false,"_exactmetrics_sitenote_note":"","_exactmetrics_sitenote_category":0,"footnotes":""},"categories":[263],"tags":[631],"class_list":{"0":"post-6347","1":"post","2":"type-post","3":"status-publish","4":"format-standard","5":"has-post-thumbnail","7":"category-novas","8":"tag-nestor-rego"},"yoast_head":"<!-- This site is optimized with the Yoast SEO plugin v27.4 - https:\/\/yoast.com\/product\/yoast-seo-wordpress\/ -->\n<title>BNG reclama que a Lei do audiovisual garanta a presenza do galego nas plataformas dixitais -<\/title>\n<meta name=\"description\" content=\"O deputado N\u00e9stor Rego rexistra una iniciativa no congreso e avanza emendas ao proxecto de Lei\" \/>\n<meta name=\"robots\" content=\"index, follow, max-snippet:-1, max-image-preview:large, max-video-preview:-1\" \/>\n<link rel=\"canonical\" href=\"https:\/\/www.anovapeneira.gal\/index.php\/2021\/11\/03\/bng-reclama-que-a-lei-do-audiovisual-garanta-a-presenza-do-galego-nas-plataformas-dixitais\/\" \/>\n<meta property=\"og:locale\" content=\"gl_ES\" \/>\n<meta property=\"og:type\" content=\"article\" \/>\n<meta property=\"og:title\" content=\"BNG reclama que a Lei do audiovisual garanta a presenza do galego nas plataformas dixitais -\" \/>\n<meta property=\"og:description\" content=\"O deputado N\u00e9stor Rego rexistra una iniciativa no congreso e avanza emendas ao proxecto de Lei\" \/>\n<meta property=\"og:url\" content=\"https:\/\/www.anovapeneira.gal\/index.php\/2021\/11\/03\/bng-reclama-que-a-lei-do-audiovisual-garanta-a-presenza-do-galego-nas-plataformas-dixitais\/\" \/>\n<meta property=\"article:publisher\" content=\"https:\/\/www.facebook.com\/anovapeneira\" \/>\n<meta property=\"article:published_time\" content=\"2021-11-03T11:00:50+00:00\" \/>\n<meta property=\"og:image\" content=\"https:\/\/www.anovapeneira.gal\/wp-content\/uploads\/2021\/10\/nestor_Rego_congreso.jpg\" \/>\n\t<meta property=\"og:image:width\" content=\"720\" \/>\n\t<meta property=\"og:image:height\" content=\"432\" \/>\n\t<meta property=\"og:image:type\" content=\"image\/jpeg\" \/>\n<meta name=\"author\" content=\"Redacci\u00f3n A Nova Peneira\" \/>\n<meta name=\"twitter:card\" content=\"summary_large_image\" \/>\n<meta name=\"twitter:creator\" content=\"@APeneira\" \/>\n<meta name=\"twitter:site\" content=\"@APeneira\" \/>\n<meta name=\"twitter:label1\" content=\"Escrito por\" \/>\n\t<meta name=\"twitter:data1\" content=\"Redacci\u00f3n A Nova Peneira\" \/>\n\t<meta name=\"twitter:label2\" content=\"Tempo de lectura\" \/>\n\t<meta name=\"twitter:data2\" content=\"4 minutos\" \/>\n<script type=\"application\/ld+json\" class=\"yoast-schema-graph\">{\"@context\":\"https:\\\/\\\/schema.org\",\"@graph\":[{\"@type\":\"Article\",\"@id\":\"https:\\\/\\\/www.anovapeneira.gal\\\/index.php\\\/2021\\\/11\\\/03\\\/bng-reclama-que-a-lei-do-audiovisual-garanta-a-presenza-do-galego-nas-plataformas-dixitais\\\/#article\",\"isPartOf\":{\"@id\":\"https:\\\/\\\/www.anovapeneira.gal\\\/index.php\\\/2021\\\/11\\\/03\\\/bng-reclama-que-a-lei-do-audiovisual-garanta-a-presenza-do-galego-nas-plataformas-dixitais\\\/\"},\"author\":{\"name\":\"Redacci\u00f3n A Nova Peneira\",\"@id\":\"https:\\\/\\\/www.anovapeneira.gal\\\/#\\\/schema\\\/person\\\/b93e3f8932e3f8da96334607eb6ac6aa\"},\"headline\":\"BNG reclama que a Lei do audiovisual garanta a presenza do galego nas plataformas dixitais\",\"datePublished\":\"2021-11-03T11:00:50+00:00\",\"mainEntityOfPage\":{\"@id\":\"https:\\\/\\\/www.anovapeneira.gal\\\/index.php\\\/2021\\\/11\\\/03\\\/bng-reclama-que-a-lei-do-audiovisual-garanta-a-presenza-do-galego-nas-plataformas-dixitais\\\/\"},\"wordCount\":868,\"commentCount\":0,\"publisher\":{\"@id\":\"https:\\\/\\\/www.anovapeneira.gal\\\/#organization\"},\"image\":{\"@id\":\"https:\\\/\\\/www.anovapeneira.gal\\\/index.php\\\/2021\\\/11\\\/03\\\/bng-reclama-que-a-lei-do-audiovisual-garanta-a-presenza-do-galego-nas-plataformas-dixitais\\\/#primaryimage\"},\"thumbnailUrl\":\"https:\\\/\\\/www.anovapeneira.gal\\\/wp-content\\\/uploads\\\/2021\\\/10\\\/nestor_Rego_congreso.jpg\",\"keywords\":[\"N\u00e9stor Rego\"],\"articleSection\":[\"Novas\"],\"inLanguage\":\"gl-ES\",\"potentialAction\":[{\"@type\":\"CommentAction\",\"name\":\"Comment\",\"target\":[\"https:\\\/\\\/www.anovapeneira.gal\\\/index.php\\\/2021\\\/11\\\/03\\\/bng-reclama-que-a-lei-do-audiovisual-garanta-a-presenza-do-galego-nas-plataformas-dixitais\\\/#respond\"]}]},{\"@type\":\"WebPage\",\"@id\":\"https:\\\/\\\/www.anovapeneira.gal\\\/index.php\\\/2021\\\/11\\\/03\\\/bng-reclama-que-a-lei-do-audiovisual-garanta-a-presenza-do-galego-nas-plataformas-dixitais\\\/\",\"url\":\"https:\\\/\\\/www.anovapeneira.gal\\\/index.php\\\/2021\\\/11\\\/03\\\/bng-reclama-que-a-lei-do-audiovisual-garanta-a-presenza-do-galego-nas-plataformas-dixitais\\\/\",\"name\":\"BNG reclama que a Lei do audiovisual garanta a presenza do galego nas plataformas dixitais -\",\"isPartOf\":{\"@id\":\"https:\\\/\\\/www.anovapeneira.gal\\\/#website\"},\"primaryImageOfPage\":{\"@id\":\"https:\\\/\\\/www.anovapeneira.gal\\\/index.php\\\/2021\\\/11\\\/03\\\/bng-reclama-que-a-lei-do-audiovisual-garanta-a-presenza-do-galego-nas-plataformas-dixitais\\\/#primaryimage\"},\"image\":{\"@id\":\"https:\\\/\\\/www.anovapeneira.gal\\\/index.php\\\/2021\\\/11\\\/03\\\/bng-reclama-que-a-lei-do-audiovisual-garanta-a-presenza-do-galego-nas-plataformas-dixitais\\\/#primaryimage\"},\"thumbnailUrl\":\"https:\\\/\\\/www.anovapeneira.gal\\\/wp-content\\\/uploads\\\/2021\\\/10\\\/nestor_Rego_congreso.jpg\",\"datePublished\":\"2021-11-03T11:00:50+00:00\",\"description\":\"O deputado N\u00e9stor Rego rexistra una iniciativa no congreso e avanza emendas ao proxecto de Lei\",\"breadcrumb\":{\"@id\":\"https:\\\/\\\/www.anovapeneira.gal\\\/index.php\\\/2021\\\/11\\\/03\\\/bng-reclama-que-a-lei-do-audiovisual-garanta-a-presenza-do-galego-nas-plataformas-dixitais\\\/#breadcrumb\"},\"inLanguage\":\"gl-ES\",\"potentialAction\":[{\"@type\":\"ReadAction\",\"target\":[\"https:\\\/\\\/www.anovapeneira.gal\\\/index.php\\\/2021\\\/11\\\/03\\\/bng-reclama-que-a-lei-do-audiovisual-garanta-a-presenza-do-galego-nas-plataformas-dixitais\\\/\"]}]},{\"@type\":\"ImageObject\",\"inLanguage\":\"gl-ES\",\"@id\":\"https:\\\/\\\/www.anovapeneira.gal\\\/index.php\\\/2021\\\/11\\\/03\\\/bng-reclama-que-a-lei-do-audiovisual-garanta-a-presenza-do-galego-nas-plataformas-dixitais\\\/#primaryimage\",\"url\":\"https:\\\/\\\/www.anovapeneira.gal\\\/wp-content\\\/uploads\\\/2021\\\/10\\\/nestor_Rego_congreso.jpg\",\"contentUrl\":\"https:\\\/\\\/www.anovapeneira.gal\\\/wp-content\\\/uploads\\\/2021\\\/10\\\/nestor_Rego_congreso.jpg\",\"width\":720,\"height\":432,\"caption\":\"N\u00e9stor Rego\"},{\"@type\":\"BreadcrumbList\",\"@id\":\"https:\\\/\\\/www.anovapeneira.gal\\\/index.php\\\/2021\\\/11\\\/03\\\/bng-reclama-que-a-lei-do-audiovisual-garanta-a-presenza-do-galego-nas-plataformas-dixitais\\\/#breadcrumb\",\"itemListElement\":[{\"@type\":\"ListItem\",\"position\":1,\"name\":\"Portada\",\"item\":\"https:\\\/\\\/www.anovapeneira.gal\\\/\"},{\"@type\":\"ListItem\",\"position\":2,\"name\":\"BNG reclama que a Lei do audiovisual garanta a presenza do galego nas plataformas dixitais\"}]},{\"@type\":\"WebSite\",\"@id\":\"https:\\\/\\\/www.anovapeneira.gal\\\/#website\",\"url\":\"https:\\\/\\\/www.anovapeneira.gal\\\/\",\"name\":\"\",\"description\":\"Xornal galego de informaci\u00f3n xeral Publicaci\u00f3n mensual de novas de Galicia e en especial dos Concellos da sur da provincia de Pontevedra.\",\"publisher\":{\"@id\":\"https:\\\/\\\/www.anovapeneira.gal\\\/#organization\"},\"potentialAction\":[{\"@type\":\"SearchAction\",\"target\":{\"@type\":\"EntryPoint\",\"urlTemplate\":\"https:\\\/\\\/www.anovapeneira.gal\\\/?s={search_term_string}\"},\"query-input\":{\"@type\":\"PropertyValueSpecification\",\"valueRequired\":true,\"valueName\":\"search_term_string\"}}],\"inLanguage\":\"gl-ES\"},{\"@type\":\"Organization\",\"@id\":\"https:\\\/\\\/www.anovapeneira.gal\\\/#organization\",\"name\":\"A Nova Peneira\",\"url\":\"https:\\\/\\\/www.anovapeneira.gal\\\/\",\"logo\":{\"@type\":\"ImageObject\",\"inLanguage\":\"gl-ES\",\"@id\":\"https:\\\/\\\/www.anovapeneira.gal\\\/#\\\/schema\\\/logo\\\/image\\\/\",\"url\":\"http:\\\/\\\/www.anovapeneira.gal\\\/wp-content\\\/uploads\\\/2019\\\/06\\\/logo_a_nova_peneira_portal_web.png\",\"contentUrl\":\"http:\\\/\\\/www.anovapeneira.gal\\\/wp-content\\\/uploads\\\/2019\\\/06\\\/logo_a_nova_peneira_portal_web.png\",\"width\":300,\"height\":100,\"caption\":\"A Nova Peneira\"},\"image\":{\"@id\":\"https:\\\/\\\/www.anovapeneira.gal\\\/#\\\/schema\\\/logo\\\/image\\\/\"},\"sameAs\":[\"https:\\\/\\\/www.facebook.com\\\/anovapeneira\",\"https:\\\/\\\/x.com\\\/APeneira\"]},{\"@type\":\"Person\",\"@id\":\"https:\\\/\\\/www.anovapeneira.gal\\\/#\\\/schema\\\/person\\\/b93e3f8932e3f8da96334607eb6ac6aa\",\"name\":\"Redacci\u00f3n A Nova Peneira\",\"image\":{\"@type\":\"ImageObject\",\"inLanguage\":\"gl-ES\",\"@id\":\"https:\\\/\\\/secure.gravatar.com\\\/avatar\\\/c052a2551a06e23fac63626232eaa90abd78dbcf1700fc46a2b2c89fd27b735f?s=96&d=mm&r=g\",\"url\":\"https:\\\/\\\/secure.gravatar.com\\\/avatar\\\/c052a2551a06e23fac63626232eaa90abd78dbcf1700fc46a2b2c89fd27b735f?s=96&d=mm&r=g\",\"contentUrl\":\"https:\\\/\\\/secure.gravatar.com\\\/avatar\\\/c052a2551a06e23fac63626232eaa90abd78dbcf1700fc46a2b2c89fd27b735f?s=96&d=mm&r=g\",\"caption\":\"Redacci\u00f3n A Nova Peneira\"},\"sameAs\":[\"http:\\\/\\\/www.anovapeneira.gal\\\/\"],\"url\":\"https:\\\/\\\/www.anovapeneira.gal\\\/index.php\\\/author\\\/redactor\\\/\"}]}<\/script>\n<!-- \/ Yoast SEO plugin. -->","yoast_head_json":{"title":"BNG reclama que a Lei do audiovisual garanta a presenza do galego nas plataformas dixitais -","description":"O deputado N\u00e9stor Rego rexistra una iniciativa no congreso e avanza emendas ao proxecto de Lei","robots":{"index":"index","follow":"follow","max-snippet":"max-snippet:-1","max-image-preview":"max-image-preview:large","max-video-preview":"max-video-preview:-1"},"canonical":"https:\/\/www.anovapeneira.gal\/index.php\/2021\/11\/03\/bng-reclama-que-a-lei-do-audiovisual-garanta-a-presenza-do-galego-nas-plataformas-dixitais\/","og_locale":"gl_ES","og_type":"article","og_title":"BNG reclama que a Lei do audiovisual garanta a presenza do galego nas plataformas dixitais -","og_description":"O deputado N\u00e9stor Rego rexistra una iniciativa no congreso e avanza emendas ao proxecto de Lei","og_url":"https:\/\/www.anovapeneira.gal\/index.php\/2021\/11\/03\/bng-reclama-que-a-lei-do-audiovisual-garanta-a-presenza-do-galego-nas-plataformas-dixitais\/","article_publisher":"https:\/\/www.facebook.com\/anovapeneira","article_published_time":"2021-11-03T11:00:50+00:00","og_image":[{"width":720,"height":432,"url":"https:\/\/www.anovapeneira.gal\/wp-content\/uploads\/2021\/10\/nestor_Rego_congreso.jpg","type":"image\/jpeg"}],"author":"Redacci\u00f3n A Nova Peneira","twitter_card":"summary_large_image","twitter_creator":"@APeneira","twitter_site":"@APeneira","twitter_misc":{"Escrito por":"Redacci\u00f3n A Nova Peneira","Tempo de lectura":"4 minutos"},"schema":{"@context":"https:\/\/schema.org","@graph":[{"@type":"Article","@id":"https:\/\/www.anovapeneira.gal\/index.php\/2021\/11\/03\/bng-reclama-que-a-lei-do-audiovisual-garanta-a-presenza-do-galego-nas-plataformas-dixitais\/#article","isPartOf":{"@id":"https:\/\/www.anovapeneira.gal\/index.php\/2021\/11\/03\/bng-reclama-que-a-lei-do-audiovisual-garanta-a-presenza-do-galego-nas-plataformas-dixitais\/"},"author":{"name":"Redacci\u00f3n A Nova Peneira","@id":"https:\/\/www.anovapeneira.gal\/#\/schema\/person\/b93e3f8932e3f8da96334607eb6ac6aa"},"headline":"BNG reclama que a Lei do audiovisual garanta a presenza do galego nas plataformas dixitais","datePublished":"2021-11-03T11:00:50+00:00","mainEntityOfPage":{"@id":"https:\/\/www.anovapeneira.gal\/index.php\/2021\/11\/03\/bng-reclama-que-a-lei-do-audiovisual-garanta-a-presenza-do-galego-nas-plataformas-dixitais\/"},"wordCount":868,"commentCount":0,"publisher":{"@id":"https:\/\/www.anovapeneira.gal\/#organization"},"image":{"@id":"https:\/\/www.anovapeneira.gal\/index.php\/2021\/11\/03\/bng-reclama-que-a-lei-do-audiovisual-garanta-a-presenza-do-galego-nas-plataformas-dixitais\/#primaryimage"},"thumbnailUrl":"https:\/\/www.anovapeneira.gal\/wp-content\/uploads\/2021\/10\/nestor_Rego_congreso.jpg","keywords":["N\u00e9stor Rego"],"articleSection":["Novas"],"inLanguage":"gl-ES","potentialAction":[{"@type":"CommentAction","name":"Comment","target":["https:\/\/www.anovapeneira.gal\/index.php\/2021\/11\/03\/bng-reclama-que-a-lei-do-audiovisual-garanta-a-presenza-do-galego-nas-plataformas-dixitais\/#respond"]}]},{"@type":"WebPage","@id":"https:\/\/www.anovapeneira.gal\/index.php\/2021\/11\/03\/bng-reclama-que-a-lei-do-audiovisual-garanta-a-presenza-do-galego-nas-plataformas-dixitais\/","url":"https:\/\/www.anovapeneira.gal\/index.php\/2021\/11\/03\/bng-reclama-que-a-lei-do-audiovisual-garanta-a-presenza-do-galego-nas-plataformas-dixitais\/","name":"BNG reclama que a Lei do audiovisual garanta a presenza do galego nas plataformas dixitais -","isPartOf":{"@id":"https:\/\/www.anovapeneira.gal\/#website"},"primaryImageOfPage":{"@id":"https:\/\/www.anovapeneira.gal\/index.php\/2021\/11\/03\/bng-reclama-que-a-lei-do-audiovisual-garanta-a-presenza-do-galego-nas-plataformas-dixitais\/#primaryimage"},"image":{"@id":"https:\/\/www.anovapeneira.gal\/index.php\/2021\/11\/03\/bng-reclama-que-a-lei-do-audiovisual-garanta-a-presenza-do-galego-nas-plataformas-dixitais\/#primaryimage"},"thumbnailUrl":"https:\/\/www.anovapeneira.gal\/wp-content\/uploads\/2021\/10\/nestor_Rego_congreso.jpg","datePublished":"2021-11-03T11:00:50+00:00","description":"O deputado N\u00e9stor Rego rexistra una iniciativa no congreso e avanza emendas ao proxecto de Lei","breadcrumb":{"@id":"https:\/\/www.anovapeneira.gal\/index.php\/2021\/11\/03\/bng-reclama-que-a-lei-do-audiovisual-garanta-a-presenza-do-galego-nas-plataformas-dixitais\/#breadcrumb"},"inLanguage":"gl-ES","potentialAction":[{"@type":"ReadAction","target":["https:\/\/www.anovapeneira.gal\/index.php\/2021\/11\/03\/bng-reclama-que-a-lei-do-audiovisual-garanta-a-presenza-do-galego-nas-plataformas-dixitais\/"]}]},{"@type":"ImageObject","inLanguage":"gl-ES","@id":"https:\/\/www.anovapeneira.gal\/index.php\/2021\/11\/03\/bng-reclama-que-a-lei-do-audiovisual-garanta-a-presenza-do-galego-nas-plataformas-dixitais\/#primaryimage","url":"https:\/\/www.anovapeneira.gal\/wp-content\/uploads\/2021\/10\/nestor_Rego_congreso.jpg","contentUrl":"https:\/\/www.anovapeneira.gal\/wp-content\/uploads\/2021\/10\/nestor_Rego_congreso.jpg","width":720,"height":432,"caption":"N\u00e9stor Rego"},{"@type":"BreadcrumbList","@id":"https:\/\/www.anovapeneira.gal\/index.php\/2021\/11\/03\/bng-reclama-que-a-lei-do-audiovisual-garanta-a-presenza-do-galego-nas-plataformas-dixitais\/#breadcrumb","itemListElement":[{"@type":"ListItem","position":1,"name":"Portada","item":"https:\/\/www.anovapeneira.gal\/"},{"@type":"ListItem","position":2,"name":"BNG reclama que a Lei do audiovisual garanta a presenza do galego nas plataformas dixitais"}]},{"@type":"WebSite","@id":"https:\/\/www.anovapeneira.gal\/#website","url":"https:\/\/www.anovapeneira.gal\/","name":"","description":"Xornal galego de informaci\u00f3n xeral Publicaci\u00f3n mensual de novas de Galicia e en especial dos Concellos da sur da provincia de Pontevedra.","publisher":{"@id":"https:\/\/www.anovapeneira.gal\/#organization"},"potentialAction":[{"@type":"SearchAction","target":{"@type":"EntryPoint","urlTemplate":"https:\/\/www.anovapeneira.gal\/?s={search_term_string}"},"query-input":{"@type":"PropertyValueSpecification","valueRequired":true,"valueName":"search_term_string"}}],"inLanguage":"gl-ES"},{"@type":"Organization","@id":"https:\/\/www.anovapeneira.gal\/#organization","name":"A Nova Peneira","url":"https:\/\/www.anovapeneira.gal\/","logo":{"@type":"ImageObject","inLanguage":"gl-ES","@id":"https:\/\/www.anovapeneira.gal\/#\/schema\/logo\/image\/","url":"http:\/\/www.anovapeneira.gal\/wp-content\/uploads\/2019\/06\/logo_a_nova_peneira_portal_web.png","contentUrl":"http:\/\/www.anovapeneira.gal\/wp-content\/uploads\/2019\/06\/logo_a_nova_peneira_portal_web.png","width":300,"height":100,"caption":"A Nova Peneira"},"image":{"@id":"https:\/\/www.anovapeneira.gal\/#\/schema\/logo\/image\/"},"sameAs":["https:\/\/www.facebook.com\/anovapeneira","https:\/\/x.com\/APeneira"]},{"@type":"Person","@id":"https:\/\/www.anovapeneira.gal\/#\/schema\/person\/b93e3f8932e3f8da96334607eb6ac6aa","name":"Redacci\u00f3n A Nova Peneira","image":{"@type":"ImageObject","inLanguage":"gl-ES","@id":"https:\/\/secure.gravatar.com\/avatar\/c052a2551a06e23fac63626232eaa90abd78dbcf1700fc46a2b2c89fd27b735f?s=96&d=mm&r=g","url":"https:\/\/secure.gravatar.com\/avatar\/c052a2551a06e23fac63626232eaa90abd78dbcf1700fc46a2b2c89fd27b735f?s=96&d=mm&r=g","contentUrl":"https:\/\/secure.gravatar.com\/avatar\/c052a2551a06e23fac63626232eaa90abd78dbcf1700fc46a2b2c89fd27b735f?s=96&d=mm&r=g","caption":"Redacci\u00f3n A Nova Peneira"},"sameAs":["http:\/\/www.anovapeneira.gal\/"],"url":"https:\/\/www.anovapeneira.gal\/index.php\/author\/redactor\/"}]}},"jetpack_featured_media_url":"https:\/\/www.anovapeneira.gal\/wp-content\/uploads\/2021\/10\/nestor_Rego_congreso.jpg","_links":{"self":[{"href":"https:\/\/www.anovapeneira.gal\/index.php\/wp-json\/wp\/v2\/posts\/6347","targetHints":{"allow":["GET"]}}],"collection":[{"href":"https:\/\/www.anovapeneira.gal\/index.php\/wp-json\/wp\/v2\/posts"}],"about":[{"href":"https:\/\/www.anovapeneira.gal\/index.php\/wp-json\/wp\/v2\/types\/post"}],"author":[{"embeddable":true,"href":"https:\/\/www.anovapeneira.gal\/index.php\/wp-json\/wp\/v2\/users\/3"}],"replies":[{"embeddable":true,"href":"https:\/\/www.anovapeneira.gal\/index.php\/wp-json\/wp\/v2\/comments?post=6347"}],"version-history":[{"count":3,"href":"https:\/\/www.anovapeneira.gal\/index.php\/wp-json\/wp\/v2\/posts\/6347\/revisions"}],"predecessor-version":[{"id":6352,"href":"https:\/\/www.anovapeneira.gal\/index.php\/wp-json\/wp\/v2\/posts\/6347\/revisions\/6352"}],"wp:featuredmedia":[{"embeddable":true,"href":"https:\/\/www.anovapeneira.gal\/index.php\/wp-json\/wp\/v2\/media\/6348"}],"wp:attachment":[{"href":"https:\/\/www.anovapeneira.gal\/index.php\/wp-json\/wp\/v2\/media?parent=6347"}],"wp:term":[{"taxonomy":"category","embeddable":true,"href":"https:\/\/www.anovapeneira.gal\/index.php\/wp-json\/wp\/v2\/categories?post=6347"},{"taxonomy":"post_tag","embeddable":true,"href":"https:\/\/www.anovapeneira.gal\/index.php\/wp-json\/wp\/v2\/tags?post=6347"}],"curies":[{"name":"wp","href":"https:\/\/api.w.org\/{rel}","templated":true}]}}