{"id":6361,"date":"2021-11-04T10:00:55","date_gmt":"2021-11-04T09:00:55","guid":{"rendered":"https:\/\/www.anovapeneira.gal\/?p=6361"},"modified":"2021-11-02T16:16:14","modified_gmt":"2021-11-02T15:16:14","slug":"a-mesa-espera-que-o-acordo-entre-o-goberno-espanol-e-erc-garanta-a-igualdade-para-o-galego-na-lei-do-audiovisual","status":"publish","type":"post","link":"https:\/\/www.anovapeneira.gal\/index.php\/2021\/11\/04\/a-mesa-espera-que-o-acordo-entre-o-goberno-espanol-e-erc-garanta-a-igualdade-para-o-galego-na-lei-do-audiovisual\/","title":{"rendered":"A Mesa espera que o acordo entre o Goberno espa\u00f1ol e ERC garanta a igualdade para o galego na Lei do Audiovisual"},"content":{"rendered":"\n<p><strong>Santiago de Compostela, 29 de outubro de 2021<\/strong><\/p>\n\n\n\n<p>A Mesa pola Normalizaci\u00f3n Ling\u00fc\u00edstica d\u00e1 os parab\u00e9ns ao Goberno espa\u00f1ol e a ERC polo acordo anunciado co que blindar\u00e1n a igualdade das distintas linguas do Estado na Lei do Audiovisual e recorda que as forzas pol\u00edticas galegas amosaron en m\u00faltiples ocasi\u00f3ns a s\u00faa unanimidade neste sentido.<\/p>\n\n\n\n<p>&#8220;Onte mesmo&#8221;, recorda o presidente da Mesa, Marcos Maceira, &#8220;o Concello de Santiago aprobou por unanimidade a moci\u00f3n Xabar\u00edn 2.0. pola defensa do galego na Lei do Audiovisual que se est\u00e1 a debater no Estado e axi\u00f1a far\u00e1n o mesmo o resto dos Concellos do pa\u00eds, como xa fixeron tam\u00e9n todas as forzas pol\u00edticas do Parlamento Galego en d\u00faas ocasi\u00f3ns e como recordou o BNG no Congreso en datas recentes&#8221;. A entidade de defensa da lingua espera, polo tanto, que o galego reciba un tratamento igualitario nas cotas que se estabelezan.<\/p>\n\n\n\n<p>Adxuntamos unha fotograf\u00eda da concentraci\u00f3n celebrada na tarde de onte na praza do Obradoiro, con motivo da votaci\u00f3n da moci\u00f3n Xabar\u00edn 2.0. no Concello de Santiago. Tedes m\u00e1is imaxes&nbsp;<a href=\"https:\/\/www.dropbox.com\/sh\/03qokegy0lf4lbv\/AAAqpPpBHCUZQrJqf5kQFsWha?dl=0\" target=\"_blank\" rel=\"noreferrer noopener\">aqu\u00ed<\/a>.<\/p>\n\n\n\n<p>Agradecemos a difusi\u00f3n e quedamos ao voso dispor para calquera aclaraci\u00f3n.<\/p>\n","protected":false},"excerpt":{"rendered":"<div class=\"mh-excerpt\"><p>A Mesa pola Normalizaci\u00f3n Ling\u00fc\u00edstica d\u00e1 os parab\u00e9ns ao Goberno espa\u00f1ol e a ERC polo acordo anunciado co que blindar\u00e1n a igualdade das distintas linguas do Estado na Lei do Audiovisual e recorda que as forzas pol\u00edticas galegas amosaron en m\u00faltiples ocasi\u00f3ns a s\u00faa unanimidade neste sentido <a class=\"mh-excerpt-more\" href=\"https:\/\/www.anovapeneira.gal\/index.php\/2021\/11\/04\/a-mesa-espera-que-o-acordo-entre-o-goberno-espanol-e-erc-garanta-a-igualdade-para-o-galego-na-lei-do-audiovisual\/\" title=\"A Mesa espera que o acordo entre o Goberno espa\u00f1ol e ERC garanta a igualdade para o galego na Lei do Audiovisual\">[&#8230;]<\/a><\/p>\n<\/div>","protected":false},"author":3,"featured_media":6362,"comment_status":"open","ping_status":"open","sticky":false,"template":"","format":"standard","meta":{"_exactmetrics_skip_tracking":false,"_exactmetrics_sitenote_active":false,"_exactmetrics_sitenote_note":"","_exactmetrics_sitenote_category":0,"footnotes":""},"categories":[264,263],"tags":[684],"class_list":{"0":"post-6361","1":"post","2":"type-post","3":"status-publish","4":"format-standard","5":"has-post-thumbnail","7":"category-entrevistas-galicia","8":"category-novas","9":"tag-mesa-pola-normalizacion-linguistica-para-galicia"},"yoast_head":"<!-- This site is optimized with the Yoast SEO plugin v27.4 - https:\/\/yoast.com\/product\/yoast-seo-wordpress\/ -->\n<title>A Mesa espera que o acordo entre o Goberno espa\u00f1ol e ERC garanta a igualdade para o galego na Lei do Audiovisual -<\/title>\n<meta name=\"description\" content=\"A Mesa pola Normalizaci\u00f3n Ling\u00fc\u00edstica d\u00e1 os parab\u00e9ns ao Goberno espa\u00f1ol e a ERC polo acordo anunciado co que blindar\u00e1n a igualdade das distintas linguas do Estado na Lei do Audiovisual e recorda que as forzas pol\u00edticas galegas amosaron en m\u00faltiples ocasi\u00f3ns a s\u00faa unanimidade neste sentido\" \/>\n<meta name=\"robots\" content=\"index, follow, max-snippet:-1, max-image-preview:large, max-video-preview:-1\" \/>\n<link rel=\"canonical\" href=\"https:\/\/www.anovapeneira.gal\/index.php\/2021\/11\/04\/a-mesa-espera-que-o-acordo-entre-o-goberno-espanol-e-erc-garanta-a-igualdade-para-o-galego-na-lei-do-audiovisual\/\" \/>\n<meta property=\"og:locale\" content=\"gl_ES\" \/>\n<meta property=\"og:type\" content=\"article\" \/>\n<meta property=\"og:title\" content=\"A Mesa espera que o acordo entre o Goberno espa\u00f1ol e ERC garanta a igualdade para o galego na Lei do Audiovisual -\" \/>\n<meta property=\"og:description\" content=\"A Mesa pola Normalizaci\u00f3n Ling\u00fc\u00edstica d\u00e1 os parab\u00e9ns ao Goberno espa\u00f1ol e a ERC polo acordo anunciado co que blindar\u00e1n a igualdade das distintas linguas do Estado na Lei do Audiovisual e recorda que as forzas pol\u00edticas galegas amosaron en m\u00faltiples ocasi\u00f3ns a s\u00faa unanimidade neste sentido\" \/>\n<meta property=\"og:url\" content=\"https:\/\/www.anovapeneira.gal\/index.php\/2021\/11\/04\/a-mesa-espera-que-o-acordo-entre-o-goberno-espanol-e-erc-garanta-a-igualdade-para-o-galego-na-lei-do-audiovisual\/\" \/>\n<meta property=\"article:publisher\" content=\"https:\/\/www.facebook.com\/anovapeneira\" \/>\n<meta property=\"article:published_time\" content=\"2021-11-04T09:00:55+00:00\" \/>\n<meta property=\"og:image\" content=\"https:\/\/www.anovapeneira.gal\/wp-content\/uploads\/2021\/11\/galego_no_audiovisual_Mocion-SCQ.jpg\" \/>\n\t<meta property=\"og:image:width\" content=\"1500\" \/>\n\t<meta property=\"og:image:height\" content=\"790\" \/>\n\t<meta property=\"og:image:type\" content=\"image\/jpeg\" \/>\n<meta name=\"author\" content=\"Redacci\u00f3n A Nova Peneira\" \/>\n<meta name=\"twitter:card\" content=\"summary_large_image\" \/>\n<meta name=\"twitter:creator\" content=\"@APeneira\" \/>\n<meta name=\"twitter:site\" content=\"@APeneira\" \/>\n<meta name=\"twitter:label1\" content=\"Escrito por\" \/>\n\t<meta name=\"twitter:data1\" content=\"Redacci\u00f3n A Nova Peneira\" \/>\n\t<meta name=\"twitter:label2\" content=\"Tempo de lectura\" \/>\n\t<meta name=\"twitter:data2\" content=\"1 minuto\" \/>\n<script type=\"application\/ld+json\" class=\"yoast-schema-graph\">{\"@context\":\"https:\\\/\\\/schema.org\",\"@graph\":[{\"@type\":\"Article\",\"@id\":\"https:\\\/\\\/www.anovapeneira.gal\\\/index.php\\\/2021\\\/11\\\/04\\\/a-mesa-espera-que-o-acordo-entre-o-goberno-espanol-e-erc-garanta-a-igualdade-para-o-galego-na-lei-do-audiovisual\\\/#article\",\"isPartOf\":{\"@id\":\"https:\\\/\\\/www.anovapeneira.gal\\\/index.php\\\/2021\\\/11\\\/04\\\/a-mesa-espera-que-o-acordo-entre-o-goberno-espanol-e-erc-garanta-a-igualdade-para-o-galego-na-lei-do-audiovisual\\\/\"},\"author\":{\"name\":\"Redacci\u00f3n A Nova Peneira\",\"@id\":\"https:\\\/\\\/www.anovapeneira.gal\\\/#\\\/schema\\\/person\\\/b93e3f8932e3f8da96334607eb6ac6aa\"},\"headline\":\"A Mesa espera que o acordo entre o Goberno espa\u00f1ol e ERC garanta a igualdade para o galego na Lei do Audiovisual\",\"datePublished\":\"2021-11-04T09:00:55+00:00\",\"mainEntityOfPage\":{\"@id\":\"https:\\\/\\\/www.anovapeneira.gal\\\/index.php\\\/2021\\\/11\\\/04\\\/a-mesa-espera-que-o-acordo-entre-o-goberno-espanol-e-erc-garanta-a-igualdade-para-o-galego-na-lei-do-audiovisual\\\/\"},\"wordCount\":233,\"commentCount\":0,\"publisher\":{\"@id\":\"https:\\\/\\\/www.anovapeneira.gal\\\/#organization\"},\"image\":{\"@id\":\"https:\\\/\\\/www.anovapeneira.gal\\\/index.php\\\/2021\\\/11\\\/04\\\/a-mesa-espera-que-o-acordo-entre-o-goberno-espanol-e-erc-garanta-a-igualdade-para-o-galego-na-lei-do-audiovisual\\\/#primaryimage\"},\"thumbnailUrl\":\"https:\\\/\\\/www.anovapeneira.gal\\\/wp-content\\\/uploads\\\/2021\\\/11\\\/galego_no_audiovisual_Mocion-SCQ.jpg\",\"keywords\":[\"Mesa pola normalizaci\u00f3n ling\u00fc\u00edstica para Galicia\"],\"articleSection\":[\"Entrevistas\",\"Novas\"],\"inLanguage\":\"gl-ES\",\"potentialAction\":[{\"@type\":\"CommentAction\",\"name\":\"Comment\",\"target\":[\"https:\\\/\\\/www.anovapeneira.gal\\\/index.php\\\/2021\\\/11\\\/04\\\/a-mesa-espera-que-o-acordo-entre-o-goberno-espanol-e-erc-garanta-a-igualdade-para-o-galego-na-lei-do-audiovisual\\\/#respond\"]}]},{\"@type\":\"WebPage\",\"@id\":\"https:\\\/\\\/www.anovapeneira.gal\\\/index.php\\\/2021\\\/11\\\/04\\\/a-mesa-espera-que-o-acordo-entre-o-goberno-espanol-e-erc-garanta-a-igualdade-para-o-galego-na-lei-do-audiovisual\\\/\",\"url\":\"https:\\\/\\\/www.anovapeneira.gal\\\/index.php\\\/2021\\\/11\\\/04\\\/a-mesa-espera-que-o-acordo-entre-o-goberno-espanol-e-erc-garanta-a-igualdade-para-o-galego-na-lei-do-audiovisual\\\/\",\"name\":\"A Mesa espera que o acordo entre o Goberno espa\u00f1ol e ERC garanta a igualdade para o galego na Lei do Audiovisual -\",\"isPartOf\":{\"@id\":\"https:\\\/\\\/www.anovapeneira.gal\\\/#website\"},\"primaryImageOfPage\":{\"@id\":\"https:\\\/\\\/www.anovapeneira.gal\\\/index.php\\\/2021\\\/11\\\/04\\\/a-mesa-espera-que-o-acordo-entre-o-goberno-espanol-e-erc-garanta-a-igualdade-para-o-galego-na-lei-do-audiovisual\\\/#primaryimage\"},\"image\":{\"@id\":\"https:\\\/\\\/www.anovapeneira.gal\\\/index.php\\\/2021\\\/11\\\/04\\\/a-mesa-espera-que-o-acordo-entre-o-goberno-espanol-e-erc-garanta-a-igualdade-para-o-galego-na-lei-do-audiovisual\\\/#primaryimage\"},\"thumbnailUrl\":\"https:\\\/\\\/www.anovapeneira.gal\\\/wp-content\\\/uploads\\\/2021\\\/11\\\/galego_no_audiovisual_Mocion-SCQ.jpg\",\"datePublished\":\"2021-11-04T09:00:55+00:00\",\"description\":\"A Mesa pola Normalizaci\u00f3n Ling\u00fc\u00edstica d\u00e1 os parab\u00e9ns ao Goberno espa\u00f1ol e a ERC polo acordo anunciado co que blindar\u00e1n a igualdade das distintas linguas do Estado na Lei do Audiovisual e recorda que as forzas pol\u00edticas galegas amosaron en m\u00faltiples ocasi\u00f3ns a s\u00faa unanimidade neste sentido\",\"breadcrumb\":{\"@id\":\"https:\\\/\\\/www.anovapeneira.gal\\\/index.php\\\/2021\\\/11\\\/04\\\/a-mesa-espera-que-o-acordo-entre-o-goberno-espanol-e-erc-garanta-a-igualdade-para-o-galego-na-lei-do-audiovisual\\\/#breadcrumb\"},\"inLanguage\":\"gl-ES\",\"potentialAction\":[{\"@type\":\"ReadAction\",\"target\":[\"https:\\\/\\\/www.anovapeneira.gal\\\/index.php\\\/2021\\\/11\\\/04\\\/a-mesa-espera-que-o-acordo-entre-o-goberno-espanol-e-erc-garanta-a-igualdade-para-o-galego-na-lei-do-audiovisual\\\/\"]}]},{\"@type\":\"ImageObject\",\"inLanguage\":\"gl-ES\",\"@id\":\"https:\\\/\\\/www.anovapeneira.gal\\\/index.php\\\/2021\\\/11\\\/04\\\/a-mesa-espera-que-o-acordo-entre-o-goberno-espanol-e-erc-garanta-a-igualdade-para-o-galego-na-lei-do-audiovisual\\\/#primaryimage\",\"url\":\"https:\\\/\\\/www.anovapeneira.gal\\\/wp-content\\\/uploads\\\/2021\\\/11\\\/galego_no_audiovisual_Mocion-SCQ.jpg\",\"contentUrl\":\"https:\\\/\\\/www.anovapeneira.gal\\\/wp-content\\\/uploads\\\/2021\\\/11\\\/galego_no_audiovisual_Mocion-SCQ.jpg\",\"width\":1500,\"height\":790,\"caption\":\"A Mesa espera que o acordo entre o Goberno espa\u00f1ol e ERC garanta a igualdade para o galego na Lei do Audiovisual\"},{\"@type\":\"BreadcrumbList\",\"@id\":\"https:\\\/\\\/www.anovapeneira.gal\\\/index.php\\\/2021\\\/11\\\/04\\\/a-mesa-espera-que-o-acordo-entre-o-goberno-espanol-e-erc-garanta-a-igualdade-para-o-galego-na-lei-do-audiovisual\\\/#breadcrumb\",\"itemListElement\":[{\"@type\":\"ListItem\",\"position\":1,\"name\":\"Portada\",\"item\":\"https:\\\/\\\/www.anovapeneira.gal\\\/\"},{\"@type\":\"ListItem\",\"position\":2,\"name\":\"A Mesa espera que o acordo entre o Goberno espa\u00f1ol e ERC garanta a igualdade para o galego na Lei do Audiovisual\"}]},{\"@type\":\"WebSite\",\"@id\":\"https:\\\/\\\/www.anovapeneira.gal\\\/#website\",\"url\":\"https:\\\/\\\/www.anovapeneira.gal\\\/\",\"name\":\"\",\"description\":\"Xornal galego de informaci\u00f3n xeral Publicaci\u00f3n mensual de novas de Galicia e en especial dos Concellos da sur da provincia de Pontevedra.\",\"publisher\":{\"@id\":\"https:\\\/\\\/www.anovapeneira.gal\\\/#organization\"},\"potentialAction\":[{\"@type\":\"SearchAction\",\"target\":{\"@type\":\"EntryPoint\",\"urlTemplate\":\"https:\\\/\\\/www.anovapeneira.gal\\\/?s={search_term_string}\"},\"query-input\":{\"@type\":\"PropertyValueSpecification\",\"valueRequired\":true,\"valueName\":\"search_term_string\"}}],\"inLanguage\":\"gl-ES\"},{\"@type\":\"Organization\",\"@id\":\"https:\\\/\\\/www.anovapeneira.gal\\\/#organization\",\"name\":\"A Nova Peneira\",\"url\":\"https:\\\/\\\/www.anovapeneira.gal\\\/\",\"logo\":{\"@type\":\"ImageObject\",\"inLanguage\":\"gl-ES\",\"@id\":\"https:\\\/\\\/www.anovapeneira.gal\\\/#\\\/schema\\\/logo\\\/image\\\/\",\"url\":\"http:\\\/\\\/www.anovapeneira.gal\\\/wp-content\\\/uploads\\\/2019\\\/06\\\/logo_a_nova_peneira_portal_web.png\",\"contentUrl\":\"http:\\\/\\\/www.anovapeneira.gal\\\/wp-content\\\/uploads\\\/2019\\\/06\\\/logo_a_nova_peneira_portal_web.png\",\"width\":300,\"height\":100,\"caption\":\"A Nova Peneira\"},\"image\":{\"@id\":\"https:\\\/\\\/www.anovapeneira.gal\\\/#\\\/schema\\\/logo\\\/image\\\/\"},\"sameAs\":[\"https:\\\/\\\/www.facebook.com\\\/anovapeneira\",\"https:\\\/\\\/x.com\\\/APeneira\"]},{\"@type\":\"Person\",\"@id\":\"https:\\\/\\\/www.anovapeneira.gal\\\/#\\\/schema\\\/person\\\/b93e3f8932e3f8da96334607eb6ac6aa\",\"name\":\"Redacci\u00f3n A Nova Peneira\",\"image\":{\"@type\":\"ImageObject\",\"inLanguage\":\"gl-ES\",\"@id\":\"https:\\\/\\\/secure.gravatar.com\\\/avatar\\\/c052a2551a06e23fac63626232eaa90abd78dbcf1700fc46a2b2c89fd27b735f?s=96&d=mm&r=g\",\"url\":\"https:\\\/\\\/secure.gravatar.com\\\/avatar\\\/c052a2551a06e23fac63626232eaa90abd78dbcf1700fc46a2b2c89fd27b735f?s=96&d=mm&r=g\",\"contentUrl\":\"https:\\\/\\\/secure.gravatar.com\\\/avatar\\\/c052a2551a06e23fac63626232eaa90abd78dbcf1700fc46a2b2c89fd27b735f?s=96&d=mm&r=g\",\"caption\":\"Redacci\u00f3n A Nova Peneira\"},\"sameAs\":[\"http:\\\/\\\/www.anovapeneira.gal\\\/\"],\"url\":\"https:\\\/\\\/www.anovapeneira.gal\\\/index.php\\\/author\\\/redactor\\\/\"}]}<\/script>\n<!-- \/ Yoast SEO plugin. -->","yoast_head_json":{"title":"A Mesa espera que o acordo entre o Goberno espa\u00f1ol e ERC garanta a igualdade para o galego na Lei do Audiovisual -","description":"A Mesa pola Normalizaci\u00f3n Ling\u00fc\u00edstica d\u00e1 os parab\u00e9ns ao Goberno espa\u00f1ol e a ERC polo acordo anunciado co que blindar\u00e1n a igualdade das distintas linguas do Estado na Lei do Audiovisual e recorda que as forzas pol\u00edticas galegas amosaron en m\u00faltiples ocasi\u00f3ns a s\u00faa unanimidade neste sentido","robots":{"index":"index","follow":"follow","max-snippet":"max-snippet:-1","max-image-preview":"max-image-preview:large","max-video-preview":"max-video-preview:-1"},"canonical":"https:\/\/www.anovapeneira.gal\/index.php\/2021\/11\/04\/a-mesa-espera-que-o-acordo-entre-o-goberno-espanol-e-erc-garanta-a-igualdade-para-o-galego-na-lei-do-audiovisual\/","og_locale":"gl_ES","og_type":"article","og_title":"A Mesa espera que o acordo entre o Goberno espa\u00f1ol e ERC garanta a igualdade para o galego na Lei do Audiovisual -","og_description":"A Mesa pola Normalizaci\u00f3n Ling\u00fc\u00edstica d\u00e1 os parab\u00e9ns ao Goberno espa\u00f1ol e a ERC polo acordo anunciado co que blindar\u00e1n a igualdade das distintas linguas do Estado na Lei do Audiovisual e recorda que as forzas pol\u00edticas galegas amosaron en m\u00faltiples ocasi\u00f3ns a s\u00faa unanimidade neste sentido","og_url":"https:\/\/www.anovapeneira.gal\/index.php\/2021\/11\/04\/a-mesa-espera-que-o-acordo-entre-o-goberno-espanol-e-erc-garanta-a-igualdade-para-o-galego-na-lei-do-audiovisual\/","article_publisher":"https:\/\/www.facebook.com\/anovapeneira","article_published_time":"2021-11-04T09:00:55+00:00","og_image":[{"width":1500,"height":790,"url":"https:\/\/www.anovapeneira.gal\/wp-content\/uploads\/2021\/11\/galego_no_audiovisual_Mocion-SCQ.jpg","type":"image\/jpeg"}],"author":"Redacci\u00f3n A Nova Peneira","twitter_card":"summary_large_image","twitter_creator":"@APeneira","twitter_site":"@APeneira","twitter_misc":{"Escrito por":"Redacci\u00f3n A Nova Peneira","Tempo de lectura":"1 minuto"},"schema":{"@context":"https:\/\/schema.org","@graph":[{"@type":"Article","@id":"https:\/\/www.anovapeneira.gal\/index.php\/2021\/11\/04\/a-mesa-espera-que-o-acordo-entre-o-goberno-espanol-e-erc-garanta-a-igualdade-para-o-galego-na-lei-do-audiovisual\/#article","isPartOf":{"@id":"https:\/\/www.anovapeneira.gal\/index.php\/2021\/11\/04\/a-mesa-espera-que-o-acordo-entre-o-goberno-espanol-e-erc-garanta-a-igualdade-para-o-galego-na-lei-do-audiovisual\/"},"author":{"name":"Redacci\u00f3n A Nova Peneira","@id":"https:\/\/www.anovapeneira.gal\/#\/schema\/person\/b93e3f8932e3f8da96334607eb6ac6aa"},"headline":"A Mesa espera que o acordo entre o Goberno espa\u00f1ol e ERC garanta a igualdade para o galego na Lei do Audiovisual","datePublished":"2021-11-04T09:00:55+00:00","mainEntityOfPage":{"@id":"https:\/\/www.anovapeneira.gal\/index.php\/2021\/11\/04\/a-mesa-espera-que-o-acordo-entre-o-goberno-espanol-e-erc-garanta-a-igualdade-para-o-galego-na-lei-do-audiovisual\/"},"wordCount":233,"commentCount":0,"publisher":{"@id":"https:\/\/www.anovapeneira.gal\/#organization"},"image":{"@id":"https:\/\/www.anovapeneira.gal\/index.php\/2021\/11\/04\/a-mesa-espera-que-o-acordo-entre-o-goberno-espanol-e-erc-garanta-a-igualdade-para-o-galego-na-lei-do-audiovisual\/#primaryimage"},"thumbnailUrl":"https:\/\/www.anovapeneira.gal\/wp-content\/uploads\/2021\/11\/galego_no_audiovisual_Mocion-SCQ.jpg","keywords":["Mesa pola normalizaci\u00f3n ling\u00fc\u00edstica para Galicia"],"articleSection":["Entrevistas","Novas"],"inLanguage":"gl-ES","potentialAction":[{"@type":"CommentAction","name":"Comment","target":["https:\/\/www.anovapeneira.gal\/index.php\/2021\/11\/04\/a-mesa-espera-que-o-acordo-entre-o-goberno-espanol-e-erc-garanta-a-igualdade-para-o-galego-na-lei-do-audiovisual\/#respond"]}]},{"@type":"WebPage","@id":"https:\/\/www.anovapeneira.gal\/index.php\/2021\/11\/04\/a-mesa-espera-que-o-acordo-entre-o-goberno-espanol-e-erc-garanta-a-igualdade-para-o-galego-na-lei-do-audiovisual\/","url":"https:\/\/www.anovapeneira.gal\/index.php\/2021\/11\/04\/a-mesa-espera-que-o-acordo-entre-o-goberno-espanol-e-erc-garanta-a-igualdade-para-o-galego-na-lei-do-audiovisual\/","name":"A Mesa espera que o acordo entre o Goberno espa\u00f1ol e ERC garanta a igualdade para o galego na Lei do Audiovisual -","isPartOf":{"@id":"https:\/\/www.anovapeneira.gal\/#website"},"primaryImageOfPage":{"@id":"https:\/\/www.anovapeneira.gal\/index.php\/2021\/11\/04\/a-mesa-espera-que-o-acordo-entre-o-goberno-espanol-e-erc-garanta-a-igualdade-para-o-galego-na-lei-do-audiovisual\/#primaryimage"},"image":{"@id":"https:\/\/www.anovapeneira.gal\/index.php\/2021\/11\/04\/a-mesa-espera-que-o-acordo-entre-o-goberno-espanol-e-erc-garanta-a-igualdade-para-o-galego-na-lei-do-audiovisual\/#primaryimage"},"thumbnailUrl":"https:\/\/www.anovapeneira.gal\/wp-content\/uploads\/2021\/11\/galego_no_audiovisual_Mocion-SCQ.jpg","datePublished":"2021-11-04T09:00:55+00:00","description":"A Mesa pola Normalizaci\u00f3n Ling\u00fc\u00edstica d\u00e1 os parab\u00e9ns ao Goberno espa\u00f1ol e a ERC polo acordo anunciado co que blindar\u00e1n a igualdade das distintas linguas do Estado na Lei do Audiovisual e recorda que as forzas pol\u00edticas galegas amosaron en m\u00faltiples ocasi\u00f3ns a s\u00faa unanimidade neste sentido","breadcrumb":{"@id":"https:\/\/www.anovapeneira.gal\/index.php\/2021\/11\/04\/a-mesa-espera-que-o-acordo-entre-o-goberno-espanol-e-erc-garanta-a-igualdade-para-o-galego-na-lei-do-audiovisual\/#breadcrumb"},"inLanguage":"gl-ES","potentialAction":[{"@type":"ReadAction","target":["https:\/\/www.anovapeneira.gal\/index.php\/2021\/11\/04\/a-mesa-espera-que-o-acordo-entre-o-goberno-espanol-e-erc-garanta-a-igualdade-para-o-galego-na-lei-do-audiovisual\/"]}]},{"@type":"ImageObject","inLanguage":"gl-ES","@id":"https:\/\/www.anovapeneira.gal\/index.php\/2021\/11\/04\/a-mesa-espera-que-o-acordo-entre-o-goberno-espanol-e-erc-garanta-a-igualdade-para-o-galego-na-lei-do-audiovisual\/#primaryimage","url":"https:\/\/www.anovapeneira.gal\/wp-content\/uploads\/2021\/11\/galego_no_audiovisual_Mocion-SCQ.jpg","contentUrl":"https:\/\/www.anovapeneira.gal\/wp-content\/uploads\/2021\/11\/galego_no_audiovisual_Mocion-SCQ.jpg","width":1500,"height":790,"caption":"A Mesa espera que o acordo entre o Goberno espa\u00f1ol e ERC garanta a igualdade para o galego na Lei do Audiovisual"},{"@type":"BreadcrumbList","@id":"https:\/\/www.anovapeneira.gal\/index.php\/2021\/11\/04\/a-mesa-espera-que-o-acordo-entre-o-goberno-espanol-e-erc-garanta-a-igualdade-para-o-galego-na-lei-do-audiovisual\/#breadcrumb","itemListElement":[{"@type":"ListItem","position":1,"name":"Portada","item":"https:\/\/www.anovapeneira.gal\/"},{"@type":"ListItem","position":2,"name":"A Mesa espera que o acordo entre o Goberno espa\u00f1ol e ERC garanta a igualdade para o galego na Lei do Audiovisual"}]},{"@type":"WebSite","@id":"https:\/\/www.anovapeneira.gal\/#website","url":"https:\/\/www.anovapeneira.gal\/","name":"","description":"Xornal galego de informaci\u00f3n xeral Publicaci\u00f3n mensual de novas de Galicia e en especial dos Concellos da sur da provincia de Pontevedra.","publisher":{"@id":"https:\/\/www.anovapeneira.gal\/#organization"},"potentialAction":[{"@type":"SearchAction","target":{"@type":"EntryPoint","urlTemplate":"https:\/\/www.anovapeneira.gal\/?s={search_term_string}"},"query-input":{"@type":"PropertyValueSpecification","valueRequired":true,"valueName":"search_term_string"}}],"inLanguage":"gl-ES"},{"@type":"Organization","@id":"https:\/\/www.anovapeneira.gal\/#organization","name":"A Nova Peneira","url":"https:\/\/www.anovapeneira.gal\/","logo":{"@type":"ImageObject","inLanguage":"gl-ES","@id":"https:\/\/www.anovapeneira.gal\/#\/schema\/logo\/image\/","url":"http:\/\/www.anovapeneira.gal\/wp-content\/uploads\/2019\/06\/logo_a_nova_peneira_portal_web.png","contentUrl":"http:\/\/www.anovapeneira.gal\/wp-content\/uploads\/2019\/06\/logo_a_nova_peneira_portal_web.png","width":300,"height":100,"caption":"A Nova Peneira"},"image":{"@id":"https:\/\/www.anovapeneira.gal\/#\/schema\/logo\/image\/"},"sameAs":["https:\/\/www.facebook.com\/anovapeneira","https:\/\/x.com\/APeneira"]},{"@type":"Person","@id":"https:\/\/www.anovapeneira.gal\/#\/schema\/person\/b93e3f8932e3f8da96334607eb6ac6aa","name":"Redacci\u00f3n A Nova Peneira","image":{"@type":"ImageObject","inLanguage":"gl-ES","@id":"https:\/\/secure.gravatar.com\/avatar\/c052a2551a06e23fac63626232eaa90abd78dbcf1700fc46a2b2c89fd27b735f?s=96&d=mm&r=g","url":"https:\/\/secure.gravatar.com\/avatar\/c052a2551a06e23fac63626232eaa90abd78dbcf1700fc46a2b2c89fd27b735f?s=96&d=mm&r=g","contentUrl":"https:\/\/secure.gravatar.com\/avatar\/c052a2551a06e23fac63626232eaa90abd78dbcf1700fc46a2b2c89fd27b735f?s=96&d=mm&r=g","caption":"Redacci\u00f3n A Nova Peneira"},"sameAs":["http:\/\/www.anovapeneira.gal\/"],"url":"https:\/\/www.anovapeneira.gal\/index.php\/author\/redactor\/"}]}},"jetpack_featured_media_url":"https:\/\/www.anovapeneira.gal\/wp-content\/uploads\/2021\/11\/galego_no_audiovisual_Mocion-SCQ.jpg","_links":{"self":[{"href":"https:\/\/www.anovapeneira.gal\/index.php\/wp-json\/wp\/v2\/posts\/6361","targetHints":{"allow":["GET"]}}],"collection":[{"href":"https:\/\/www.anovapeneira.gal\/index.php\/wp-json\/wp\/v2\/posts"}],"about":[{"href":"https:\/\/www.anovapeneira.gal\/index.php\/wp-json\/wp\/v2\/types\/post"}],"author":[{"embeddable":true,"href":"https:\/\/www.anovapeneira.gal\/index.php\/wp-json\/wp\/v2\/users\/3"}],"replies":[{"embeddable":true,"href":"https:\/\/www.anovapeneira.gal\/index.php\/wp-json\/wp\/v2\/comments?post=6361"}],"version-history":[{"count":1,"href":"https:\/\/www.anovapeneira.gal\/index.php\/wp-json\/wp\/v2\/posts\/6361\/revisions"}],"predecessor-version":[{"id":6363,"href":"https:\/\/www.anovapeneira.gal\/index.php\/wp-json\/wp\/v2\/posts\/6361\/revisions\/6363"}],"wp:featuredmedia":[{"embeddable":true,"href":"https:\/\/www.anovapeneira.gal\/index.php\/wp-json\/wp\/v2\/media\/6362"}],"wp:attachment":[{"href":"https:\/\/www.anovapeneira.gal\/index.php\/wp-json\/wp\/v2\/media?parent=6361"}],"wp:term":[{"taxonomy":"category","embeddable":true,"href":"https:\/\/www.anovapeneira.gal\/index.php\/wp-json\/wp\/v2\/categories?post=6361"},{"taxonomy":"post_tag","embeddable":true,"href":"https:\/\/www.anovapeneira.gal\/index.php\/wp-json\/wp\/v2\/tags?post=6361"}],"curies":[{"name":"wp","href":"https:\/\/api.w.org\/{rel}","templated":true}]}}