{"id":6371,"date":"2021-11-05T12:00:54","date_gmt":"2021-11-05T11:00:54","guid":{"rendered":"https:\/\/www.anovapeneira.gal\/?p=6371"},"modified":"2021-11-02T16:27:25","modified_gmt":"2021-11-02T15:27:25","slug":"dous-centenares-de-nenos-e-nenas-apuntanse-a-clases-extraescolares-presenciais","status":"publish","type":"post","link":"https:\/\/www.anovapeneira.gal\/index.php\/2021\/11\/05\/dous-centenares-de-nenos-e-nenas-apuntanse-a-clases-extraescolares-presenciais\/","title":{"rendered":"Dous centenares de nenos e nenas ap\u00fantanse a clases extraescolares presenciais"},"content":{"rendered":"\n<h2 class=\"wp-block-heading\"><strong>Entre as novas propostas at\u00f3panse <\/strong><em><strong>predeporte<\/strong><\/em><strong> para educaci\u00f3n infantil e<\/strong> <em><strong>kung fu e xadrez<\/strong><\/em><strong> para alumnado de primaria<\/strong><\/h2>\n\n\n\n<p><strong>Tomi\u00f1o, 29 de outubro de 2021<\/strong><\/p>\n\n\n\n<p>Tras \u00e1 volta \u00e1 normalidade, cerca de 200 nenos e nenas se apuntaron \u00e1s actividades presenciais ofertadas polo Concello de Tomi\u00f1o de forma totalmente gratu\u00edta.<\/p>\n\n\n\n<p>Como cada ano, ao inicio do curso escolar, dende a Conceller\u00eda de Educaci\u00f3n do Concello de Tomi\u00f1o, of\u00e9rtanse unha serie de propostas de actividades a escoller polas ANPAs (Asociaci\u00f3ns de nais e pais do alumnado), para ser inclu\u00eddas na oferta extraescolar de cada centro, anim\u00e1ndoselles ao mesmo tempo a propo\u00f1er novas actividades que lles interesen ou que consideren que poden ser demandadas polo alumando.<\/p>\n\n\n\n<p>Este curso \u2013segundo informa a concelleira de Educaci\u00f3n, Cristina Mart\u00ednez- ademais das actividades que xa se vi\u00f1an realizando en anos anteriores, of\u00e9rtanse novas propostas, como <em>Predeporte<\/em> para educaci\u00f3n infantil e <em>Kung Fu<\/em> e Xadrez para educaci\u00f3n primaria.<\/p>\n\n\n\n<p>A pesar de que o curso pasado, debido a situaci\u00f3n sanitaria, non se puideron por en marcha as actividades, este ano decidiuse, despois de ter contacto cas ANPAS e cos equipos directivos dos centros, volver pouco a pouco \u00e1 normalidade e comezar coas actividades extraescolares a principios de outubro, como se vi\u00f1a facendo habitualmente. Iso si; antes de iniciar as actividades, falouse cos monitores\/as sobre a importancia de cumprir e manter as medidas de seguridade que se recollen no \u201cProtocolo de adaptaci\u00f3n ao contexto COVID-19 nos centros de ensino\u201d.<\/p>\n\n\n\n<p>Entre as actividades escollidas para este curso escolar figuran as seguintes:<\/p>\n\n\n\n<p><strong>1. EMOCI\u00d3NATE<\/strong><\/p>\n\n\n\n<p>Esta actividade pretende ensinar aos nenos e nenas as competencias emocionais que lles permitan enfrontarse \u00e1 vida diaria. Entre os contidos que se traballan est\u00e1n o co\u00f1ecemento e avaliaci\u00f3n das emoci\u00f3ns (positivas e negativas), a empat\u00eda, resoluci\u00f3n de problemas e conflitos ou as habilidades de comunicaci\u00f3n.<\/p>\n\n\n\n<p><strong>2. LINGUA DE SIGNOS<\/strong><\/p>\n\n\n\n<p>Nesta actividade os rapaces e rapazas experimentan unha nova canle de comunicaci\u00f3n, sendo conscientes da utilidade da Lingua de Signos. A utilizaci\u00f3n deste tipo de linguaxe no seu d\u00eda a d\u00eda serviralles para que poidan expresar os seus desexos e necesidades dunha maneira diferente.<\/p>\n\n\n\n<p><strong>3. PREDEPORTE<\/strong><\/p>\n\n\n\n<p>Esta actividade presenta unha iniciaci\u00f3n ao deporte para os m\u00e1is pequenos, descubrindo os diferentes deportes tradicionais a trav\u00e9s do xogo. A clase de <em>predeporte<\/em> inicia ao neno\/a na pr\u00e1ctica do exercicio f\u00edsico nun ambiente l\u00fadico, combinando as actividades deportivas coas l\u00fadicas e formativas.<\/p>\n\n\n\n<p><strong>4. MULTIDEPORTE<\/strong><\/p>\n\n\n\n<p>O multideporte bas\u00e9ase en descubrir os diferentes deportes a trav\u00e9s do xogo. O neno\/a desenv\u00f3lvese nun ambiente de liberdade, adquire responsabilidade, auto disciplina e a consideraci\u00f3n polos demais. Tam\u00e9n aborda valores como o respecto e a confianza de traballar en equipo.<\/p>\n\n\n\n<p><strong>5. XADREZ<\/strong><\/p>\n\n\n\n<p>Os contidos desta actividade son de car\u00e1cter xen\u00e9rico, xa que son etapas con car\u00e1cter de iniciaci\u00f3n nas que se sentan as bases para aprender novas habilidades e destrezas. Co\u00f1eceranse os movementos b\u00e1sicos das figuras do xadrez, as\u00ed como posibles estratexias.<\/p>\n\n\n\n<p><strong>6. KUNG FU<\/strong><\/p>\n\n\n\n<p>Contrib\u00fae \u00f3 desenrolo integral do neno\/a; isto \u00e9 fomentar valores como a auto disciplina, o respecto, a solidariedade, a colaboraci\u00f3n e a mellora actitudinal en xeral. Tam\u00e9n se pretende unha mellora das calidades f\u00edsicas e coordinativas.<\/p>\n\n\n\n<p>Nas actividades onde a demanda de inscrici\u00f3n era m\u00e1is alta, desdobrouse ao alumnado en dous grupos, segundo as idades, facendo m\u00e1is sinxelo para os monitores\/as a planificaci\u00f3n das diferentes clases.<\/p>\n","protected":false},"excerpt":{"rendered":"<div class=\"mh-excerpt\"><p>Entre as novas propostas at\u00f3panse predeporte para educaci\u00f3n infantil e kung fu e xadrez para alumnado de primaria <a class=\"mh-excerpt-more\" href=\"https:\/\/www.anovapeneira.gal\/index.php\/2021\/11\/05\/dous-centenares-de-nenos-e-nenas-apuntanse-a-clases-extraescolares-presenciais\/\" title=\"Dous centenares de nenos e nenas ap\u00fantanse a clases extraescolares presenciais\">[&#8230;]<\/a><\/p>\n<\/div>","protected":false},"author":3,"featured_media":6372,"comment_status":"open","ping_status":"open","sticky":false,"template":"","format":"standard","meta":{"_exactmetrics_skip_tracking":false,"_exactmetrics_sitenote_active":false,"_exactmetrics_sitenote_note":"","_exactmetrics_sitenote_category":0,"footnotes":""},"categories":[21],"tags":[81],"class_list":{"0":"post-6371","1":"post","2":"type-post","3":"status-publish","4":"format-standard","5":"has-post-thumbnail","7":"category-baixo-mino","8":"tag-concello-de-tomino"},"yoast_head":"<!-- This site is optimized with the Yoast SEO plugin v27.4 - https:\/\/yoast.com\/product\/yoast-seo-wordpress\/ -->\n<title>Dous centenares de nenos e nenas ap\u00fantanse a clases extraescolares presenciais -<\/title>\n<meta name=\"description\" content=\"Entre as novas propostas at\u00f3panse predeporte para educaci\u00f3n infantil e kung fu e xadrez para alumnado de primaria\" \/>\n<meta name=\"robots\" content=\"index, follow, max-snippet:-1, max-image-preview:large, max-video-preview:-1\" \/>\n<link rel=\"canonical\" href=\"https:\/\/www.anovapeneira.gal\/index.php\/2021\/11\/05\/dous-centenares-de-nenos-e-nenas-apuntanse-a-clases-extraescolares-presenciais\/\" \/>\n<meta property=\"og:locale\" content=\"gl_ES\" \/>\n<meta property=\"og:type\" content=\"article\" \/>\n<meta property=\"og:title\" content=\"Dous centenares de nenos e nenas ap\u00fantanse a clases extraescolares presenciais -\" \/>\n<meta property=\"og:description\" content=\"Entre as novas propostas at\u00f3panse predeporte para educaci\u00f3n infantil e kung fu e xadrez para alumnado de primaria\" \/>\n<meta property=\"og:url\" content=\"https:\/\/www.anovapeneira.gal\/index.php\/2021\/11\/05\/dous-centenares-de-nenos-e-nenas-apuntanse-a-clases-extraescolares-presenciais\/\" \/>\n<meta property=\"article:publisher\" content=\"https:\/\/www.facebook.com\/anovapeneira\" \/>\n<meta property=\"article:published_time\" content=\"2021-11-05T11:00:54+00:00\" \/>\n<meta property=\"og:image\" content=\"https:\/\/www.anovapeneira.gal\/wp-content\/uploads\/2021\/11\/obradoiro_emocionante_tominho.jpg\" \/>\n\t<meta property=\"og:image:width\" content=\"1500\" \/>\n\t<meta property=\"og:image:height\" content=\"790\" \/>\n\t<meta property=\"og:image:type\" content=\"image\/jpeg\" \/>\n<meta name=\"author\" content=\"Redacci\u00f3n A Nova Peneira\" \/>\n<meta name=\"twitter:card\" content=\"summary_large_image\" \/>\n<meta name=\"twitter:creator\" content=\"@APeneira\" \/>\n<meta name=\"twitter:site\" content=\"@APeneira\" \/>\n<meta name=\"twitter:label1\" content=\"Escrito por\" \/>\n\t<meta name=\"twitter:data1\" content=\"Redacci\u00f3n A Nova Peneira\" \/>\n\t<meta name=\"twitter:label2\" content=\"Tempo de lectura\" \/>\n\t<meta name=\"twitter:data2\" content=\"3 minutos\" \/>\n<script type=\"application\/ld+json\" class=\"yoast-schema-graph\">{\"@context\":\"https:\\\/\\\/schema.org\",\"@graph\":[{\"@type\":\"Article\",\"@id\":\"https:\\\/\\\/www.anovapeneira.gal\\\/index.php\\\/2021\\\/11\\\/05\\\/dous-centenares-de-nenos-e-nenas-apuntanse-a-clases-extraescolares-presenciais\\\/#article\",\"isPartOf\":{\"@id\":\"https:\\\/\\\/www.anovapeneira.gal\\\/index.php\\\/2021\\\/11\\\/05\\\/dous-centenares-de-nenos-e-nenas-apuntanse-a-clases-extraescolares-presenciais\\\/\"},\"author\":{\"name\":\"Redacci\u00f3n A Nova Peneira\",\"@id\":\"https:\\\/\\\/www.anovapeneira.gal\\\/#\\\/schema\\\/person\\\/b93e3f8932e3f8da96334607eb6ac6aa\"},\"headline\":\"Dous centenares de nenos e nenas ap\u00fantanse a clases extraescolares presenciais\",\"datePublished\":\"2021-11-05T11:00:54+00:00\",\"mainEntityOfPage\":{\"@id\":\"https:\\\/\\\/www.anovapeneira.gal\\\/index.php\\\/2021\\\/11\\\/05\\\/dous-centenares-de-nenos-e-nenas-apuntanse-a-clases-extraescolares-presenciais\\\/\"},\"wordCount\":607,\"commentCount\":0,\"publisher\":{\"@id\":\"https:\\\/\\\/www.anovapeneira.gal\\\/#organization\"},\"image\":{\"@id\":\"https:\\\/\\\/www.anovapeneira.gal\\\/index.php\\\/2021\\\/11\\\/05\\\/dous-centenares-de-nenos-e-nenas-apuntanse-a-clases-extraescolares-presenciais\\\/#primaryimage\"},\"thumbnailUrl\":\"https:\\\/\\\/www.anovapeneira.gal\\\/wp-content\\\/uploads\\\/2021\\\/11\\\/obradoiro_emocionante_tominho.jpg\",\"keywords\":[\"Concello de Tomi\u00f1o\"],\"articleSection\":[\"Baixo Mi\u00f1o\"],\"inLanguage\":\"gl-ES\",\"potentialAction\":[{\"@type\":\"CommentAction\",\"name\":\"Comment\",\"target\":[\"https:\\\/\\\/www.anovapeneira.gal\\\/index.php\\\/2021\\\/11\\\/05\\\/dous-centenares-de-nenos-e-nenas-apuntanse-a-clases-extraescolares-presenciais\\\/#respond\"]}]},{\"@type\":\"WebPage\",\"@id\":\"https:\\\/\\\/www.anovapeneira.gal\\\/index.php\\\/2021\\\/11\\\/05\\\/dous-centenares-de-nenos-e-nenas-apuntanse-a-clases-extraescolares-presenciais\\\/\",\"url\":\"https:\\\/\\\/www.anovapeneira.gal\\\/index.php\\\/2021\\\/11\\\/05\\\/dous-centenares-de-nenos-e-nenas-apuntanse-a-clases-extraescolares-presenciais\\\/\",\"name\":\"Dous centenares de nenos e nenas ap\u00fantanse a clases extraescolares presenciais -\",\"isPartOf\":{\"@id\":\"https:\\\/\\\/www.anovapeneira.gal\\\/#website\"},\"primaryImageOfPage\":{\"@id\":\"https:\\\/\\\/www.anovapeneira.gal\\\/index.php\\\/2021\\\/11\\\/05\\\/dous-centenares-de-nenos-e-nenas-apuntanse-a-clases-extraescolares-presenciais\\\/#primaryimage\"},\"image\":{\"@id\":\"https:\\\/\\\/www.anovapeneira.gal\\\/index.php\\\/2021\\\/11\\\/05\\\/dous-centenares-de-nenos-e-nenas-apuntanse-a-clases-extraescolares-presenciais\\\/#primaryimage\"},\"thumbnailUrl\":\"https:\\\/\\\/www.anovapeneira.gal\\\/wp-content\\\/uploads\\\/2021\\\/11\\\/obradoiro_emocionante_tominho.jpg\",\"datePublished\":\"2021-11-05T11:00:54+00:00\",\"description\":\"Entre as novas propostas at\u00f3panse predeporte para educaci\u00f3n infantil e kung fu e xadrez para alumnado de primaria\",\"breadcrumb\":{\"@id\":\"https:\\\/\\\/www.anovapeneira.gal\\\/index.php\\\/2021\\\/11\\\/05\\\/dous-centenares-de-nenos-e-nenas-apuntanse-a-clases-extraescolares-presenciais\\\/#breadcrumb\"},\"inLanguage\":\"gl-ES\",\"potentialAction\":[{\"@type\":\"ReadAction\",\"target\":[\"https:\\\/\\\/www.anovapeneira.gal\\\/index.php\\\/2021\\\/11\\\/05\\\/dous-centenares-de-nenos-e-nenas-apuntanse-a-clases-extraescolares-presenciais\\\/\"]}]},{\"@type\":\"ImageObject\",\"inLanguage\":\"gl-ES\",\"@id\":\"https:\\\/\\\/www.anovapeneira.gal\\\/index.php\\\/2021\\\/11\\\/05\\\/dous-centenares-de-nenos-e-nenas-apuntanse-a-clases-extraescolares-presenciais\\\/#primaryimage\",\"url\":\"https:\\\/\\\/www.anovapeneira.gal\\\/wp-content\\\/uploads\\\/2021\\\/11\\\/obradoiro_emocionante_tominho.jpg\",\"contentUrl\":\"https:\\\/\\\/www.anovapeneira.gal\\\/wp-content\\\/uploads\\\/2021\\\/11\\\/obradoiro_emocionante_tominho.jpg\",\"width\":1500,\"height\":790,\"caption\":\"Dous centenares de nenos e nenas ap\u00fantanse a clases extraescolares presenciais\"},{\"@type\":\"BreadcrumbList\",\"@id\":\"https:\\\/\\\/www.anovapeneira.gal\\\/index.php\\\/2021\\\/11\\\/05\\\/dous-centenares-de-nenos-e-nenas-apuntanse-a-clases-extraescolares-presenciais\\\/#breadcrumb\",\"itemListElement\":[{\"@type\":\"ListItem\",\"position\":1,\"name\":\"Portada\",\"item\":\"https:\\\/\\\/www.anovapeneira.gal\\\/\"},{\"@type\":\"ListItem\",\"position\":2,\"name\":\"Dous centenares de nenos e nenas ap\u00fantanse a clases extraescolares presenciais\"}]},{\"@type\":\"WebSite\",\"@id\":\"https:\\\/\\\/www.anovapeneira.gal\\\/#website\",\"url\":\"https:\\\/\\\/www.anovapeneira.gal\\\/\",\"name\":\"\",\"description\":\"Xornal galego de informaci\u00f3n xeral Publicaci\u00f3n mensual de novas de Galicia e en especial dos Concellos da sur da provincia de Pontevedra.\",\"publisher\":{\"@id\":\"https:\\\/\\\/www.anovapeneira.gal\\\/#organization\"},\"potentialAction\":[{\"@type\":\"SearchAction\",\"target\":{\"@type\":\"EntryPoint\",\"urlTemplate\":\"https:\\\/\\\/www.anovapeneira.gal\\\/?s={search_term_string}\"},\"query-input\":{\"@type\":\"PropertyValueSpecification\",\"valueRequired\":true,\"valueName\":\"search_term_string\"}}],\"inLanguage\":\"gl-ES\"},{\"@type\":\"Organization\",\"@id\":\"https:\\\/\\\/www.anovapeneira.gal\\\/#organization\",\"name\":\"A Nova Peneira\",\"url\":\"https:\\\/\\\/www.anovapeneira.gal\\\/\",\"logo\":{\"@type\":\"ImageObject\",\"inLanguage\":\"gl-ES\",\"@id\":\"https:\\\/\\\/www.anovapeneira.gal\\\/#\\\/schema\\\/logo\\\/image\\\/\",\"url\":\"http:\\\/\\\/www.anovapeneira.gal\\\/wp-content\\\/uploads\\\/2019\\\/06\\\/logo_a_nova_peneira_portal_web.png\",\"contentUrl\":\"http:\\\/\\\/www.anovapeneira.gal\\\/wp-content\\\/uploads\\\/2019\\\/06\\\/logo_a_nova_peneira_portal_web.png\",\"width\":300,\"height\":100,\"caption\":\"A Nova Peneira\"},\"image\":{\"@id\":\"https:\\\/\\\/www.anovapeneira.gal\\\/#\\\/schema\\\/logo\\\/image\\\/\"},\"sameAs\":[\"https:\\\/\\\/www.facebook.com\\\/anovapeneira\",\"https:\\\/\\\/x.com\\\/APeneira\"]},{\"@type\":\"Person\",\"@id\":\"https:\\\/\\\/www.anovapeneira.gal\\\/#\\\/schema\\\/person\\\/b93e3f8932e3f8da96334607eb6ac6aa\",\"name\":\"Redacci\u00f3n A Nova Peneira\",\"image\":{\"@type\":\"ImageObject\",\"inLanguage\":\"gl-ES\",\"@id\":\"https:\\\/\\\/secure.gravatar.com\\\/avatar\\\/c052a2551a06e23fac63626232eaa90abd78dbcf1700fc46a2b2c89fd27b735f?s=96&d=mm&r=g\",\"url\":\"https:\\\/\\\/secure.gravatar.com\\\/avatar\\\/c052a2551a06e23fac63626232eaa90abd78dbcf1700fc46a2b2c89fd27b735f?s=96&d=mm&r=g\",\"contentUrl\":\"https:\\\/\\\/secure.gravatar.com\\\/avatar\\\/c052a2551a06e23fac63626232eaa90abd78dbcf1700fc46a2b2c89fd27b735f?s=96&d=mm&r=g\",\"caption\":\"Redacci\u00f3n A Nova Peneira\"},\"sameAs\":[\"http:\\\/\\\/www.anovapeneira.gal\\\/\"],\"url\":\"https:\\\/\\\/www.anovapeneira.gal\\\/index.php\\\/author\\\/redactor\\\/\"}]}<\/script>\n<!-- \/ Yoast SEO plugin. -->","yoast_head_json":{"title":"Dous centenares de nenos e nenas ap\u00fantanse a clases extraescolares presenciais -","description":"Entre as novas propostas at\u00f3panse predeporte para educaci\u00f3n infantil e kung fu e xadrez para alumnado de primaria","robots":{"index":"index","follow":"follow","max-snippet":"max-snippet:-1","max-image-preview":"max-image-preview:large","max-video-preview":"max-video-preview:-1"},"canonical":"https:\/\/www.anovapeneira.gal\/index.php\/2021\/11\/05\/dous-centenares-de-nenos-e-nenas-apuntanse-a-clases-extraescolares-presenciais\/","og_locale":"gl_ES","og_type":"article","og_title":"Dous centenares de nenos e nenas ap\u00fantanse a clases extraescolares presenciais -","og_description":"Entre as novas propostas at\u00f3panse predeporte para educaci\u00f3n infantil e kung fu e xadrez para alumnado de primaria","og_url":"https:\/\/www.anovapeneira.gal\/index.php\/2021\/11\/05\/dous-centenares-de-nenos-e-nenas-apuntanse-a-clases-extraescolares-presenciais\/","article_publisher":"https:\/\/www.facebook.com\/anovapeneira","article_published_time":"2021-11-05T11:00:54+00:00","og_image":[{"width":1500,"height":790,"url":"https:\/\/www.anovapeneira.gal\/wp-content\/uploads\/2021\/11\/obradoiro_emocionante_tominho.jpg","type":"image\/jpeg"}],"author":"Redacci\u00f3n A Nova Peneira","twitter_card":"summary_large_image","twitter_creator":"@APeneira","twitter_site":"@APeneira","twitter_misc":{"Escrito por":"Redacci\u00f3n A Nova Peneira","Tempo de lectura":"3 minutos"},"schema":{"@context":"https:\/\/schema.org","@graph":[{"@type":"Article","@id":"https:\/\/www.anovapeneira.gal\/index.php\/2021\/11\/05\/dous-centenares-de-nenos-e-nenas-apuntanse-a-clases-extraescolares-presenciais\/#article","isPartOf":{"@id":"https:\/\/www.anovapeneira.gal\/index.php\/2021\/11\/05\/dous-centenares-de-nenos-e-nenas-apuntanse-a-clases-extraescolares-presenciais\/"},"author":{"name":"Redacci\u00f3n A Nova Peneira","@id":"https:\/\/www.anovapeneira.gal\/#\/schema\/person\/b93e3f8932e3f8da96334607eb6ac6aa"},"headline":"Dous centenares de nenos e nenas ap\u00fantanse a clases extraescolares presenciais","datePublished":"2021-11-05T11:00:54+00:00","mainEntityOfPage":{"@id":"https:\/\/www.anovapeneira.gal\/index.php\/2021\/11\/05\/dous-centenares-de-nenos-e-nenas-apuntanse-a-clases-extraescolares-presenciais\/"},"wordCount":607,"commentCount":0,"publisher":{"@id":"https:\/\/www.anovapeneira.gal\/#organization"},"image":{"@id":"https:\/\/www.anovapeneira.gal\/index.php\/2021\/11\/05\/dous-centenares-de-nenos-e-nenas-apuntanse-a-clases-extraescolares-presenciais\/#primaryimage"},"thumbnailUrl":"https:\/\/www.anovapeneira.gal\/wp-content\/uploads\/2021\/11\/obradoiro_emocionante_tominho.jpg","keywords":["Concello de Tomi\u00f1o"],"articleSection":["Baixo Mi\u00f1o"],"inLanguage":"gl-ES","potentialAction":[{"@type":"CommentAction","name":"Comment","target":["https:\/\/www.anovapeneira.gal\/index.php\/2021\/11\/05\/dous-centenares-de-nenos-e-nenas-apuntanse-a-clases-extraescolares-presenciais\/#respond"]}]},{"@type":"WebPage","@id":"https:\/\/www.anovapeneira.gal\/index.php\/2021\/11\/05\/dous-centenares-de-nenos-e-nenas-apuntanse-a-clases-extraescolares-presenciais\/","url":"https:\/\/www.anovapeneira.gal\/index.php\/2021\/11\/05\/dous-centenares-de-nenos-e-nenas-apuntanse-a-clases-extraescolares-presenciais\/","name":"Dous centenares de nenos e nenas ap\u00fantanse a clases extraescolares presenciais -","isPartOf":{"@id":"https:\/\/www.anovapeneira.gal\/#website"},"primaryImageOfPage":{"@id":"https:\/\/www.anovapeneira.gal\/index.php\/2021\/11\/05\/dous-centenares-de-nenos-e-nenas-apuntanse-a-clases-extraescolares-presenciais\/#primaryimage"},"image":{"@id":"https:\/\/www.anovapeneira.gal\/index.php\/2021\/11\/05\/dous-centenares-de-nenos-e-nenas-apuntanse-a-clases-extraescolares-presenciais\/#primaryimage"},"thumbnailUrl":"https:\/\/www.anovapeneira.gal\/wp-content\/uploads\/2021\/11\/obradoiro_emocionante_tominho.jpg","datePublished":"2021-11-05T11:00:54+00:00","description":"Entre as novas propostas at\u00f3panse predeporte para educaci\u00f3n infantil e kung fu e xadrez para alumnado de primaria","breadcrumb":{"@id":"https:\/\/www.anovapeneira.gal\/index.php\/2021\/11\/05\/dous-centenares-de-nenos-e-nenas-apuntanse-a-clases-extraescolares-presenciais\/#breadcrumb"},"inLanguage":"gl-ES","potentialAction":[{"@type":"ReadAction","target":["https:\/\/www.anovapeneira.gal\/index.php\/2021\/11\/05\/dous-centenares-de-nenos-e-nenas-apuntanse-a-clases-extraescolares-presenciais\/"]}]},{"@type":"ImageObject","inLanguage":"gl-ES","@id":"https:\/\/www.anovapeneira.gal\/index.php\/2021\/11\/05\/dous-centenares-de-nenos-e-nenas-apuntanse-a-clases-extraescolares-presenciais\/#primaryimage","url":"https:\/\/www.anovapeneira.gal\/wp-content\/uploads\/2021\/11\/obradoiro_emocionante_tominho.jpg","contentUrl":"https:\/\/www.anovapeneira.gal\/wp-content\/uploads\/2021\/11\/obradoiro_emocionante_tominho.jpg","width":1500,"height":790,"caption":"Dous centenares de nenos e nenas ap\u00fantanse a clases extraescolares presenciais"},{"@type":"BreadcrumbList","@id":"https:\/\/www.anovapeneira.gal\/index.php\/2021\/11\/05\/dous-centenares-de-nenos-e-nenas-apuntanse-a-clases-extraescolares-presenciais\/#breadcrumb","itemListElement":[{"@type":"ListItem","position":1,"name":"Portada","item":"https:\/\/www.anovapeneira.gal\/"},{"@type":"ListItem","position":2,"name":"Dous centenares de nenos e nenas ap\u00fantanse a clases extraescolares presenciais"}]},{"@type":"WebSite","@id":"https:\/\/www.anovapeneira.gal\/#website","url":"https:\/\/www.anovapeneira.gal\/","name":"","description":"Xornal galego de informaci\u00f3n xeral Publicaci\u00f3n mensual de novas de Galicia e en especial dos Concellos da sur da provincia de Pontevedra.","publisher":{"@id":"https:\/\/www.anovapeneira.gal\/#organization"},"potentialAction":[{"@type":"SearchAction","target":{"@type":"EntryPoint","urlTemplate":"https:\/\/www.anovapeneira.gal\/?s={search_term_string}"},"query-input":{"@type":"PropertyValueSpecification","valueRequired":true,"valueName":"search_term_string"}}],"inLanguage":"gl-ES"},{"@type":"Organization","@id":"https:\/\/www.anovapeneira.gal\/#organization","name":"A Nova Peneira","url":"https:\/\/www.anovapeneira.gal\/","logo":{"@type":"ImageObject","inLanguage":"gl-ES","@id":"https:\/\/www.anovapeneira.gal\/#\/schema\/logo\/image\/","url":"http:\/\/www.anovapeneira.gal\/wp-content\/uploads\/2019\/06\/logo_a_nova_peneira_portal_web.png","contentUrl":"http:\/\/www.anovapeneira.gal\/wp-content\/uploads\/2019\/06\/logo_a_nova_peneira_portal_web.png","width":300,"height":100,"caption":"A Nova Peneira"},"image":{"@id":"https:\/\/www.anovapeneira.gal\/#\/schema\/logo\/image\/"},"sameAs":["https:\/\/www.facebook.com\/anovapeneira","https:\/\/x.com\/APeneira"]},{"@type":"Person","@id":"https:\/\/www.anovapeneira.gal\/#\/schema\/person\/b93e3f8932e3f8da96334607eb6ac6aa","name":"Redacci\u00f3n A Nova Peneira","image":{"@type":"ImageObject","inLanguage":"gl-ES","@id":"https:\/\/secure.gravatar.com\/avatar\/c052a2551a06e23fac63626232eaa90abd78dbcf1700fc46a2b2c89fd27b735f?s=96&d=mm&r=g","url":"https:\/\/secure.gravatar.com\/avatar\/c052a2551a06e23fac63626232eaa90abd78dbcf1700fc46a2b2c89fd27b735f?s=96&d=mm&r=g","contentUrl":"https:\/\/secure.gravatar.com\/avatar\/c052a2551a06e23fac63626232eaa90abd78dbcf1700fc46a2b2c89fd27b735f?s=96&d=mm&r=g","caption":"Redacci\u00f3n A Nova Peneira"},"sameAs":["http:\/\/www.anovapeneira.gal\/"],"url":"https:\/\/www.anovapeneira.gal\/index.php\/author\/redactor\/"}]}},"jetpack_featured_media_url":"https:\/\/www.anovapeneira.gal\/wp-content\/uploads\/2021\/11\/obradoiro_emocionante_tominho.jpg","_links":{"self":[{"href":"https:\/\/www.anovapeneira.gal\/index.php\/wp-json\/wp\/v2\/posts\/6371","targetHints":{"allow":["GET"]}}],"collection":[{"href":"https:\/\/www.anovapeneira.gal\/index.php\/wp-json\/wp\/v2\/posts"}],"about":[{"href":"https:\/\/www.anovapeneira.gal\/index.php\/wp-json\/wp\/v2\/types\/post"}],"author":[{"embeddable":true,"href":"https:\/\/www.anovapeneira.gal\/index.php\/wp-json\/wp\/v2\/users\/3"}],"replies":[{"embeddable":true,"href":"https:\/\/www.anovapeneira.gal\/index.php\/wp-json\/wp\/v2\/comments?post=6371"}],"version-history":[{"count":1,"href":"https:\/\/www.anovapeneira.gal\/index.php\/wp-json\/wp\/v2\/posts\/6371\/revisions"}],"predecessor-version":[{"id":6373,"href":"https:\/\/www.anovapeneira.gal\/index.php\/wp-json\/wp\/v2\/posts\/6371\/revisions\/6373"}],"wp:featuredmedia":[{"embeddable":true,"href":"https:\/\/www.anovapeneira.gal\/index.php\/wp-json\/wp\/v2\/media\/6372"}],"wp:attachment":[{"href":"https:\/\/www.anovapeneira.gal\/index.php\/wp-json\/wp\/v2\/media?parent=6371"}],"wp:term":[{"taxonomy":"category","embeddable":true,"href":"https:\/\/www.anovapeneira.gal\/index.php\/wp-json\/wp\/v2\/categories?post=6371"},{"taxonomy":"post_tag","embeddable":true,"href":"https:\/\/www.anovapeneira.gal\/index.php\/wp-json\/wp\/v2\/tags?post=6371"}],"curies":[{"name":"wp","href":"https:\/\/api.w.org\/{rel}","templated":true}]}}