{"id":6376,"date":"2021-11-08T12:00:11","date_gmt":"2021-11-08T11:00:11","guid":{"rendered":"https:\/\/www.anovapeneira.gal\/?p=6376"},"modified":"2021-11-05T12:57:26","modified_gmt":"2021-11-05T11:57:26","slug":"presentan-alternativas-aos-emisarios-submarinos","status":"publish","type":"post","link":"https:\/\/www.anovapeneira.gal\/index.php\/2021\/11\/08\/presentan-alternativas-aos-emisarios-submarinos\/","title":{"rendered":"Presentan alternativas aos emisarios submari\u00f1os"},"content":{"rendered":"\n<ul class=\"wp-block-list\"><li><strong>Ecoloxistas en Acci\u00f3n R\u00edas Baixas presenta o documento&nbsp;<a href=\"https:\/\/drive.google.com\/file\/d\/1UniMBN_9WoEtQFZKLxQWP3s0GqTJH-vP\/view?usp=sharing\" target=\"_blank\" rel=\"noreferrer noopener\">\u00abEmisarios submari\u00f1os: breve gu\u00eda\u00bb<\/a>. Nel faise un percorrido xeral polos emisarios submari\u00f1os, desde que son ata as alternativas propostas ao seu uso por parte da organizaci\u00f3n ecoloxista.<\/strong><\/li><\/ul>\n\n\n\n<p>A capacidade de depuraci\u00f3n do mar para alg\u00fans tipos de contaminantes levou durante anos a usar este medio como \u00faltimo receptor para dispersar os contaminantes producidos polo ser humano, terra dentro, e que son vertidos polos emisarios submari\u00f1os. Un emisario submari\u00f1o \u00e9 unha tubaxe que conduce a auga das Estaci\u00f3ns Depuradoras de Augas Residuais (EDAR), situadas na costa, ata o mar, a suficiente distancia e profundidade, tras recibir tratamento primario nas EDAR. Son, por tanto, o punto final no sistema de saneamento ou evacuaci\u00f3n. Segundo a informaci\u00f3n do GeoPortal, no ano 2019 rexistr\u00e1ronse 394 EDAR litorais de m\u00e1is de 2000 habitantes equivalentes, 69 deles en Galicia.<br><br>O obxetivo destes \u00e9 a dispersi\u00f3n dos contaminantes emitidos a trav\u00e9s a fin de evitar un risco para a sa\u00fade humana e dos ecosistemas, xa que o os\u00edxeno disolto, a s\u00faa alta salinidade e a exposici\u00f3n \u00e1 radiaci\u00f3n solar, confiren \u00e1 auga do mar o poder\u00a0 bactericida capaz de eliminar as bacterias e substancias contaminantes expulsadas polo efluente. Pero, denuncia ecoloxistas en Acci\u00f3n o efluente ao medio mari\u00f1o das EDAR real\u00edzase en moitos casos mediante emisarios submari\u00f1os con graves deficiencias debidas tanto ao mal estado dos emisarios como a insuficiente calidade da auga que sae das EDAR.<br><br>A organizaci\u00f3n ecoloxista sinala que son frecuentes as alertas pola aparici\u00f3n de &#8220;manchas marr\u00f3ns&#8221; nas costas, xa sexa pola ausencia dos emisarios submarinos ou pola s\u00faa rotura. Isto, ademais, xera cr\u00edticas\u00a0 por parte da cidadan\u00eda, que est\u00e1 a pagar unha taxa de depuraci\u00f3n a trav\u00e9s dos seus impostos, mentres pode apreciar con absoluta claridade a contaminaci\u00f3n xerada polo efluente.<br><br>Recalcan que os emisarios submari\u00f1os non son elementos\u00a0 inocuos capaces de facer milagres sen ning\u00fan tipo de afecci\u00f3n ao medio. Non s\u00f3 afectan \u00e1 fauna e a flora, afectan tam\u00e9n as correntes, a temperatura, a salinidade e os usos costeiros, entre outros, sen esquecer tam\u00e9n as consecuencias do seu mantemento ou os danos producidos por episodios de fortes choivas.<br><br>A grandes li\u00f1as, alg\u00fans dos seus efectos m\u00e1is destacables son os seguintes:<br><br>&#x2714;&#xfe0f;Humanos, como danos \u00e1 sa\u00fade p\u00fablica por bacterias fecais e outros contaminantes, ou afecci\u00f3ns a diversas actividades recreativas e deportivas.<br><br>&#x2714;&#xfe0f;Socioecon\u00f3micos, debidos ao seu cheiro, a coloraci\u00f3n das augas, ou a exposici\u00f3n continuada dunha determinada zona a episodios de contaminaci\u00f3n.<br><br>&#x2714;&#xfe0f;Alteraci\u00f3n dos fondos mari\u00f1os e contaminaci\u00f3n mari\u00f1a, debido \u00e1 expulsi\u00f3n de nutrientes que xeran\u00a0 eutrofizaci\u00f3n, \u00e1 emisi\u00f3n doutros contaminantes, etc., que terminan prexudicando \u00e1 cadea\u00a0 tr\u00f3fica e que xeran unha deterioraci\u00f3n dos bens e servizos do ecosistema.<br><br>En Ecoloxistas en Acci\u00f3n R\u00edas Baixas est\u00e1n convencidas de que para manter a biodiversidade das nosas r\u00edas os emisarios submari\u00f1os non poden ser a \u00fanica soluci\u00f3n para as verteduras. Sinalan que hai alternativas para a reutilizaci\u00f3n das augas residuais que permiten garantir \u00e1 cidadan\u00eda un control da calidade do efluente que se verte ao medio.<br><br>Por iso, a organizaci\u00f3n ecoloxista demanda que se aumente substancialmente a reutilizaci\u00f3n das augas residuais depuradas que se verten directamente ao mar, para os diferentes usos, sempre que substit\u00faan recursos procedentes de fontes convencionais. As\u00ed poder\u00edan servir para aliviar a sobreexplotaci\u00f3n que actualmente sofren os r\u00edos e acu\u00edferos costeiros, que ademais\u00a0 cada vez est\u00e1n m\u00e1is prexudicados pola\u00a0 intrusi\u00f3n mari\u00f1a.<\/p>\n\n\n\n<div class=\"wp-block-file\"><a href=\"https:\/\/www.anovapeneira.gal\/wp-content\/uploads\/2021\/11\/GUI\u0301A-EMISARIOS-SUBMARIN\u0303OS.pdf\">GUI\u0301A EMISARIOS SUBMARIN\u0303OS<\/a><a href=\"https:\/\/www.anovapeneira.gal\/wp-content\/uploads\/2021\/11\/GUI\u0301A-EMISARIOS-SUBMARIN\u0303OS.pdf\" class=\"wp-block-file__button\" download>Descarga\t <\/a><\/div>\n","protected":false},"excerpt":{"rendered":"<div class=\"mh-excerpt\"><p>Ecoloxistas en Acci\u00f3n R\u00edas Baixas presenta o documento \u00abEmisarios submari\u00f1os: breve gu\u00eda\u00bb. Nel faise un percorrido xeral polos emisarios submari\u00f1os, desde que son ata as alternativas propostas ao seu uso por parte da organizaci\u00f3n ecoloxista <a class=\"mh-excerpt-more\" href=\"https:\/\/www.anovapeneira.gal\/index.php\/2021\/11\/08\/presentan-alternativas-aos-emisarios-submarinos\/\" title=\"Presentan alternativas aos emisarios submari\u00f1os\">[&#8230;]<\/a><\/p>\n<\/div>","protected":false},"author":3,"featured_media":6382,"comment_status":"open","ping_status":"open","sticky":false,"template":"","format":"standard","meta":{"_exactmetrics_skip_tracking":false,"_exactmetrics_sitenote_active":false,"_exactmetrics_sitenote_note":"","_exactmetrics_sitenote_category":0,"footnotes":""},"categories":[263],"tags":[924],"class_list":{"0":"post-6376","1":"post","2":"type-post","3":"status-publish","4":"format-standard","5":"has-post-thumbnail","7":"category-novas","8":"tag-ecoloxistas-en-accion"},"yoast_head":"<!-- This site is optimized with the Yoast SEO plugin v27.4 - https:\/\/yoast.com\/product\/yoast-seo-wordpress\/ -->\n<title>Presentan alternativas aos emisarios submari\u00f1os -<\/title>\n<meta name=\"description\" content=\"Ecoloxistas en Acci\u00f3n R\u00edas Baixas presenta o documento \u00abEmisarios submari\u00f1os: breve gu\u00eda\u00bb. Nel faise un percorrido xeral polos emisarios submari\u00f1os, desde que son ata as alternativas propostas ao seu uso por parte da organizaci\u00f3n ecoloxista.\" \/>\n<meta name=\"robots\" content=\"index, follow, max-snippet:-1, max-image-preview:large, max-video-preview:-1\" \/>\n<link rel=\"canonical\" href=\"https:\/\/www.anovapeneira.gal\/index.php\/2021\/11\/08\/presentan-alternativas-aos-emisarios-submarinos\/\" \/>\n<meta property=\"og:locale\" content=\"gl_ES\" \/>\n<meta property=\"og:type\" content=\"article\" \/>\n<meta property=\"og:title\" content=\"Presentan alternativas aos emisarios submari\u00f1os -\" \/>\n<meta property=\"og:description\" content=\"Ecoloxistas en Acci\u00f3n R\u00edas Baixas presenta o documento \u00abEmisarios submari\u00f1os: breve gu\u00eda\u00bb. Nel faise un percorrido xeral polos emisarios submari\u00f1os, desde que son ata as alternativas propostas ao seu uso por parte da organizaci\u00f3n ecoloxista.\" \/>\n<meta property=\"og:url\" content=\"https:\/\/www.anovapeneira.gal\/index.php\/2021\/11\/08\/presentan-alternativas-aos-emisarios-submarinos\/\" \/>\n<meta property=\"article:publisher\" content=\"https:\/\/www.facebook.com\/anovapeneira\" \/>\n<meta property=\"article:published_time\" content=\"2021-11-08T11:00:11+00:00\" \/>\n<meta property=\"og:image\" content=\"https:\/\/www.anovapeneira.gal\/wp-content\/uploads\/2021\/11\/alternativas_emisarios_submarinos_2.jpg\" \/>\n\t<meta property=\"og:image:width\" content=\"720\" \/>\n\t<meta property=\"og:image:height\" content=\"432\" \/>\n\t<meta property=\"og:image:type\" content=\"image\/jpeg\" \/>\n<meta name=\"author\" content=\"Redacci\u00f3n A Nova Peneira\" \/>\n<meta name=\"twitter:card\" content=\"summary_large_image\" \/>\n<meta name=\"twitter:creator\" content=\"@APeneira\" \/>\n<meta name=\"twitter:site\" content=\"@APeneira\" \/>\n<meta name=\"twitter:label1\" content=\"Escrito por\" \/>\n\t<meta name=\"twitter:data1\" content=\"Redacci\u00f3n A Nova Peneira\" \/>\n\t<meta name=\"twitter:label2\" content=\"Tempo de lectura\" \/>\n\t<meta name=\"twitter:data2\" content=\"3 minutos\" \/>\n<script type=\"application\/ld+json\" class=\"yoast-schema-graph\">{\"@context\":\"https:\\\/\\\/schema.org\",\"@graph\":[{\"@type\":\"Article\",\"@id\":\"https:\\\/\\\/www.anovapeneira.gal\\\/index.php\\\/2021\\\/11\\\/08\\\/presentan-alternativas-aos-emisarios-submarinos\\\/#article\",\"isPartOf\":{\"@id\":\"https:\\\/\\\/www.anovapeneira.gal\\\/index.php\\\/2021\\\/11\\\/08\\\/presentan-alternativas-aos-emisarios-submarinos\\\/\"},\"author\":{\"name\":\"Redacci\u00f3n A Nova Peneira\",\"@id\":\"https:\\\/\\\/www.anovapeneira.gal\\\/#\\\/schema\\\/person\\\/b93e3f8932e3f8da96334607eb6ac6aa\"},\"headline\":\"Presentan alternativas aos emisarios submari\u00f1os\",\"datePublished\":\"2021-11-08T11:00:11+00:00\",\"mainEntityOfPage\":{\"@id\":\"https:\\\/\\\/www.anovapeneira.gal\\\/index.php\\\/2021\\\/11\\\/08\\\/presentan-alternativas-aos-emisarios-submarinos\\\/\"},\"wordCount\":645,\"commentCount\":0,\"publisher\":{\"@id\":\"https:\\\/\\\/www.anovapeneira.gal\\\/#organization\"},\"image\":{\"@id\":\"https:\\\/\\\/www.anovapeneira.gal\\\/index.php\\\/2021\\\/11\\\/08\\\/presentan-alternativas-aos-emisarios-submarinos\\\/#primaryimage\"},\"thumbnailUrl\":\"https:\\\/\\\/www.anovapeneira.gal\\\/wp-content\\\/uploads\\\/2021\\\/11\\\/alternativas_emisarios_submarinos_2.jpg\",\"keywords\":[\"Ecoloxistas en Acci\u00f3n\"],\"articleSection\":[\"Novas\"],\"inLanguage\":\"gl-ES\",\"potentialAction\":[{\"@type\":\"CommentAction\",\"name\":\"Comment\",\"target\":[\"https:\\\/\\\/www.anovapeneira.gal\\\/index.php\\\/2021\\\/11\\\/08\\\/presentan-alternativas-aos-emisarios-submarinos\\\/#respond\"]}]},{\"@type\":\"WebPage\",\"@id\":\"https:\\\/\\\/www.anovapeneira.gal\\\/index.php\\\/2021\\\/11\\\/08\\\/presentan-alternativas-aos-emisarios-submarinos\\\/\",\"url\":\"https:\\\/\\\/www.anovapeneira.gal\\\/index.php\\\/2021\\\/11\\\/08\\\/presentan-alternativas-aos-emisarios-submarinos\\\/\",\"name\":\"Presentan alternativas aos emisarios submari\u00f1os -\",\"isPartOf\":{\"@id\":\"https:\\\/\\\/www.anovapeneira.gal\\\/#website\"},\"primaryImageOfPage\":{\"@id\":\"https:\\\/\\\/www.anovapeneira.gal\\\/index.php\\\/2021\\\/11\\\/08\\\/presentan-alternativas-aos-emisarios-submarinos\\\/#primaryimage\"},\"image\":{\"@id\":\"https:\\\/\\\/www.anovapeneira.gal\\\/index.php\\\/2021\\\/11\\\/08\\\/presentan-alternativas-aos-emisarios-submarinos\\\/#primaryimage\"},\"thumbnailUrl\":\"https:\\\/\\\/www.anovapeneira.gal\\\/wp-content\\\/uploads\\\/2021\\\/11\\\/alternativas_emisarios_submarinos_2.jpg\",\"datePublished\":\"2021-11-08T11:00:11+00:00\",\"description\":\"Ecoloxistas en Acci\u00f3n R\u00edas Baixas presenta o documento \u00abEmisarios submari\u00f1os: breve gu\u00eda\u00bb. Nel faise un percorrido xeral polos emisarios submari\u00f1os, desde que son ata as alternativas propostas ao seu uso por parte da organizaci\u00f3n ecoloxista.\",\"breadcrumb\":{\"@id\":\"https:\\\/\\\/www.anovapeneira.gal\\\/index.php\\\/2021\\\/11\\\/08\\\/presentan-alternativas-aos-emisarios-submarinos\\\/#breadcrumb\"},\"inLanguage\":\"gl-ES\",\"potentialAction\":[{\"@type\":\"ReadAction\",\"target\":[\"https:\\\/\\\/www.anovapeneira.gal\\\/index.php\\\/2021\\\/11\\\/08\\\/presentan-alternativas-aos-emisarios-submarinos\\\/\"]}]},{\"@type\":\"ImageObject\",\"inLanguage\":\"gl-ES\",\"@id\":\"https:\\\/\\\/www.anovapeneira.gal\\\/index.php\\\/2021\\\/11\\\/08\\\/presentan-alternativas-aos-emisarios-submarinos\\\/#primaryimage\",\"url\":\"https:\\\/\\\/www.anovapeneira.gal\\\/wp-content\\\/uploads\\\/2021\\\/11\\\/alternativas_emisarios_submarinos_2.jpg\",\"contentUrl\":\"https:\\\/\\\/www.anovapeneira.gal\\\/wp-content\\\/uploads\\\/2021\\\/11\\\/alternativas_emisarios_submarinos_2.jpg\",\"width\":720,\"height\":432,\"caption\":\"Presentan alternativas aos emisarios submari\u00f1os\"},{\"@type\":\"BreadcrumbList\",\"@id\":\"https:\\\/\\\/www.anovapeneira.gal\\\/index.php\\\/2021\\\/11\\\/08\\\/presentan-alternativas-aos-emisarios-submarinos\\\/#breadcrumb\",\"itemListElement\":[{\"@type\":\"ListItem\",\"position\":1,\"name\":\"Portada\",\"item\":\"https:\\\/\\\/www.anovapeneira.gal\\\/\"},{\"@type\":\"ListItem\",\"position\":2,\"name\":\"Presentan alternativas aos emisarios submari\u00f1os\"}]},{\"@type\":\"WebSite\",\"@id\":\"https:\\\/\\\/www.anovapeneira.gal\\\/#website\",\"url\":\"https:\\\/\\\/www.anovapeneira.gal\\\/\",\"name\":\"\",\"description\":\"Xornal galego de informaci\u00f3n xeral Publicaci\u00f3n mensual de novas de Galicia e en especial dos Concellos da sur da provincia de Pontevedra.\",\"publisher\":{\"@id\":\"https:\\\/\\\/www.anovapeneira.gal\\\/#organization\"},\"potentialAction\":[{\"@type\":\"SearchAction\",\"target\":{\"@type\":\"EntryPoint\",\"urlTemplate\":\"https:\\\/\\\/www.anovapeneira.gal\\\/?s={search_term_string}\"},\"query-input\":{\"@type\":\"PropertyValueSpecification\",\"valueRequired\":true,\"valueName\":\"search_term_string\"}}],\"inLanguage\":\"gl-ES\"},{\"@type\":\"Organization\",\"@id\":\"https:\\\/\\\/www.anovapeneira.gal\\\/#organization\",\"name\":\"A Nova Peneira\",\"url\":\"https:\\\/\\\/www.anovapeneira.gal\\\/\",\"logo\":{\"@type\":\"ImageObject\",\"inLanguage\":\"gl-ES\",\"@id\":\"https:\\\/\\\/www.anovapeneira.gal\\\/#\\\/schema\\\/logo\\\/image\\\/\",\"url\":\"http:\\\/\\\/www.anovapeneira.gal\\\/wp-content\\\/uploads\\\/2019\\\/06\\\/logo_a_nova_peneira_portal_web.png\",\"contentUrl\":\"http:\\\/\\\/www.anovapeneira.gal\\\/wp-content\\\/uploads\\\/2019\\\/06\\\/logo_a_nova_peneira_portal_web.png\",\"width\":300,\"height\":100,\"caption\":\"A Nova Peneira\"},\"image\":{\"@id\":\"https:\\\/\\\/www.anovapeneira.gal\\\/#\\\/schema\\\/logo\\\/image\\\/\"},\"sameAs\":[\"https:\\\/\\\/www.facebook.com\\\/anovapeneira\",\"https:\\\/\\\/x.com\\\/APeneira\"]},{\"@type\":\"Person\",\"@id\":\"https:\\\/\\\/www.anovapeneira.gal\\\/#\\\/schema\\\/person\\\/b93e3f8932e3f8da96334607eb6ac6aa\",\"name\":\"Redacci\u00f3n A Nova Peneira\",\"image\":{\"@type\":\"ImageObject\",\"inLanguage\":\"gl-ES\",\"@id\":\"https:\\\/\\\/secure.gravatar.com\\\/avatar\\\/c052a2551a06e23fac63626232eaa90abd78dbcf1700fc46a2b2c89fd27b735f?s=96&d=mm&r=g\",\"url\":\"https:\\\/\\\/secure.gravatar.com\\\/avatar\\\/c052a2551a06e23fac63626232eaa90abd78dbcf1700fc46a2b2c89fd27b735f?s=96&d=mm&r=g\",\"contentUrl\":\"https:\\\/\\\/secure.gravatar.com\\\/avatar\\\/c052a2551a06e23fac63626232eaa90abd78dbcf1700fc46a2b2c89fd27b735f?s=96&d=mm&r=g\",\"caption\":\"Redacci\u00f3n A Nova Peneira\"},\"sameAs\":[\"http:\\\/\\\/www.anovapeneira.gal\\\/\"],\"url\":\"https:\\\/\\\/www.anovapeneira.gal\\\/index.php\\\/author\\\/redactor\\\/\"}]}<\/script>\n<!-- \/ Yoast SEO plugin. -->","yoast_head_json":{"title":"Presentan alternativas aos emisarios submari\u00f1os -","description":"Ecoloxistas en Acci\u00f3n R\u00edas Baixas presenta o documento \u00abEmisarios submari\u00f1os: breve gu\u00eda\u00bb. Nel faise un percorrido xeral polos emisarios submari\u00f1os, desde que son ata as alternativas propostas ao seu uso por parte da organizaci\u00f3n ecoloxista.","robots":{"index":"index","follow":"follow","max-snippet":"max-snippet:-1","max-image-preview":"max-image-preview:large","max-video-preview":"max-video-preview:-1"},"canonical":"https:\/\/www.anovapeneira.gal\/index.php\/2021\/11\/08\/presentan-alternativas-aos-emisarios-submarinos\/","og_locale":"gl_ES","og_type":"article","og_title":"Presentan alternativas aos emisarios submari\u00f1os -","og_description":"Ecoloxistas en Acci\u00f3n R\u00edas Baixas presenta o documento \u00abEmisarios submari\u00f1os: breve gu\u00eda\u00bb. Nel faise un percorrido xeral polos emisarios submari\u00f1os, desde que son ata as alternativas propostas ao seu uso por parte da organizaci\u00f3n ecoloxista.","og_url":"https:\/\/www.anovapeneira.gal\/index.php\/2021\/11\/08\/presentan-alternativas-aos-emisarios-submarinos\/","article_publisher":"https:\/\/www.facebook.com\/anovapeneira","article_published_time":"2021-11-08T11:00:11+00:00","og_image":[{"width":720,"height":432,"url":"https:\/\/www.anovapeneira.gal\/wp-content\/uploads\/2021\/11\/alternativas_emisarios_submarinos_2.jpg","type":"image\/jpeg"}],"author":"Redacci\u00f3n A Nova Peneira","twitter_card":"summary_large_image","twitter_creator":"@APeneira","twitter_site":"@APeneira","twitter_misc":{"Escrito por":"Redacci\u00f3n A Nova Peneira","Tempo de lectura":"3 minutos"},"schema":{"@context":"https:\/\/schema.org","@graph":[{"@type":"Article","@id":"https:\/\/www.anovapeneira.gal\/index.php\/2021\/11\/08\/presentan-alternativas-aos-emisarios-submarinos\/#article","isPartOf":{"@id":"https:\/\/www.anovapeneira.gal\/index.php\/2021\/11\/08\/presentan-alternativas-aos-emisarios-submarinos\/"},"author":{"name":"Redacci\u00f3n A Nova Peneira","@id":"https:\/\/www.anovapeneira.gal\/#\/schema\/person\/b93e3f8932e3f8da96334607eb6ac6aa"},"headline":"Presentan alternativas aos emisarios submari\u00f1os","datePublished":"2021-11-08T11:00:11+00:00","mainEntityOfPage":{"@id":"https:\/\/www.anovapeneira.gal\/index.php\/2021\/11\/08\/presentan-alternativas-aos-emisarios-submarinos\/"},"wordCount":645,"commentCount":0,"publisher":{"@id":"https:\/\/www.anovapeneira.gal\/#organization"},"image":{"@id":"https:\/\/www.anovapeneira.gal\/index.php\/2021\/11\/08\/presentan-alternativas-aos-emisarios-submarinos\/#primaryimage"},"thumbnailUrl":"https:\/\/www.anovapeneira.gal\/wp-content\/uploads\/2021\/11\/alternativas_emisarios_submarinos_2.jpg","keywords":["Ecoloxistas en Acci\u00f3n"],"articleSection":["Novas"],"inLanguage":"gl-ES","potentialAction":[{"@type":"CommentAction","name":"Comment","target":["https:\/\/www.anovapeneira.gal\/index.php\/2021\/11\/08\/presentan-alternativas-aos-emisarios-submarinos\/#respond"]}]},{"@type":"WebPage","@id":"https:\/\/www.anovapeneira.gal\/index.php\/2021\/11\/08\/presentan-alternativas-aos-emisarios-submarinos\/","url":"https:\/\/www.anovapeneira.gal\/index.php\/2021\/11\/08\/presentan-alternativas-aos-emisarios-submarinos\/","name":"Presentan alternativas aos emisarios submari\u00f1os -","isPartOf":{"@id":"https:\/\/www.anovapeneira.gal\/#website"},"primaryImageOfPage":{"@id":"https:\/\/www.anovapeneira.gal\/index.php\/2021\/11\/08\/presentan-alternativas-aos-emisarios-submarinos\/#primaryimage"},"image":{"@id":"https:\/\/www.anovapeneira.gal\/index.php\/2021\/11\/08\/presentan-alternativas-aos-emisarios-submarinos\/#primaryimage"},"thumbnailUrl":"https:\/\/www.anovapeneira.gal\/wp-content\/uploads\/2021\/11\/alternativas_emisarios_submarinos_2.jpg","datePublished":"2021-11-08T11:00:11+00:00","description":"Ecoloxistas en Acci\u00f3n R\u00edas Baixas presenta o documento \u00abEmisarios submari\u00f1os: breve gu\u00eda\u00bb. Nel faise un percorrido xeral polos emisarios submari\u00f1os, desde que son ata as alternativas propostas ao seu uso por parte da organizaci\u00f3n ecoloxista.","breadcrumb":{"@id":"https:\/\/www.anovapeneira.gal\/index.php\/2021\/11\/08\/presentan-alternativas-aos-emisarios-submarinos\/#breadcrumb"},"inLanguage":"gl-ES","potentialAction":[{"@type":"ReadAction","target":["https:\/\/www.anovapeneira.gal\/index.php\/2021\/11\/08\/presentan-alternativas-aos-emisarios-submarinos\/"]}]},{"@type":"ImageObject","inLanguage":"gl-ES","@id":"https:\/\/www.anovapeneira.gal\/index.php\/2021\/11\/08\/presentan-alternativas-aos-emisarios-submarinos\/#primaryimage","url":"https:\/\/www.anovapeneira.gal\/wp-content\/uploads\/2021\/11\/alternativas_emisarios_submarinos_2.jpg","contentUrl":"https:\/\/www.anovapeneira.gal\/wp-content\/uploads\/2021\/11\/alternativas_emisarios_submarinos_2.jpg","width":720,"height":432,"caption":"Presentan alternativas aos emisarios submari\u00f1os"},{"@type":"BreadcrumbList","@id":"https:\/\/www.anovapeneira.gal\/index.php\/2021\/11\/08\/presentan-alternativas-aos-emisarios-submarinos\/#breadcrumb","itemListElement":[{"@type":"ListItem","position":1,"name":"Portada","item":"https:\/\/www.anovapeneira.gal\/"},{"@type":"ListItem","position":2,"name":"Presentan alternativas aos emisarios submari\u00f1os"}]},{"@type":"WebSite","@id":"https:\/\/www.anovapeneira.gal\/#website","url":"https:\/\/www.anovapeneira.gal\/","name":"","description":"Xornal galego de informaci\u00f3n xeral Publicaci\u00f3n mensual de novas de Galicia e en especial dos Concellos da sur da provincia de Pontevedra.","publisher":{"@id":"https:\/\/www.anovapeneira.gal\/#organization"},"potentialAction":[{"@type":"SearchAction","target":{"@type":"EntryPoint","urlTemplate":"https:\/\/www.anovapeneira.gal\/?s={search_term_string}"},"query-input":{"@type":"PropertyValueSpecification","valueRequired":true,"valueName":"search_term_string"}}],"inLanguage":"gl-ES"},{"@type":"Organization","@id":"https:\/\/www.anovapeneira.gal\/#organization","name":"A Nova Peneira","url":"https:\/\/www.anovapeneira.gal\/","logo":{"@type":"ImageObject","inLanguage":"gl-ES","@id":"https:\/\/www.anovapeneira.gal\/#\/schema\/logo\/image\/","url":"http:\/\/www.anovapeneira.gal\/wp-content\/uploads\/2019\/06\/logo_a_nova_peneira_portal_web.png","contentUrl":"http:\/\/www.anovapeneira.gal\/wp-content\/uploads\/2019\/06\/logo_a_nova_peneira_portal_web.png","width":300,"height":100,"caption":"A Nova Peneira"},"image":{"@id":"https:\/\/www.anovapeneira.gal\/#\/schema\/logo\/image\/"},"sameAs":["https:\/\/www.facebook.com\/anovapeneira","https:\/\/x.com\/APeneira"]},{"@type":"Person","@id":"https:\/\/www.anovapeneira.gal\/#\/schema\/person\/b93e3f8932e3f8da96334607eb6ac6aa","name":"Redacci\u00f3n A Nova Peneira","image":{"@type":"ImageObject","inLanguage":"gl-ES","@id":"https:\/\/secure.gravatar.com\/avatar\/c052a2551a06e23fac63626232eaa90abd78dbcf1700fc46a2b2c89fd27b735f?s=96&d=mm&r=g","url":"https:\/\/secure.gravatar.com\/avatar\/c052a2551a06e23fac63626232eaa90abd78dbcf1700fc46a2b2c89fd27b735f?s=96&d=mm&r=g","contentUrl":"https:\/\/secure.gravatar.com\/avatar\/c052a2551a06e23fac63626232eaa90abd78dbcf1700fc46a2b2c89fd27b735f?s=96&d=mm&r=g","caption":"Redacci\u00f3n A Nova Peneira"},"sameAs":["http:\/\/www.anovapeneira.gal\/"],"url":"https:\/\/www.anovapeneira.gal\/index.php\/author\/redactor\/"}]}},"jetpack_featured_media_url":"https:\/\/www.anovapeneira.gal\/wp-content\/uploads\/2021\/11\/alternativas_emisarios_submarinos_2.jpg","_links":{"self":[{"href":"https:\/\/www.anovapeneira.gal\/index.php\/wp-json\/wp\/v2\/posts\/6376","targetHints":{"allow":["GET"]}}],"collection":[{"href":"https:\/\/www.anovapeneira.gal\/index.php\/wp-json\/wp\/v2\/posts"}],"about":[{"href":"https:\/\/www.anovapeneira.gal\/index.php\/wp-json\/wp\/v2\/types\/post"}],"author":[{"embeddable":true,"href":"https:\/\/www.anovapeneira.gal\/index.php\/wp-json\/wp\/v2\/users\/3"}],"replies":[{"embeddable":true,"href":"https:\/\/www.anovapeneira.gal\/index.php\/wp-json\/wp\/v2\/comments?post=6376"}],"version-history":[{"count":3,"href":"https:\/\/www.anovapeneira.gal\/index.php\/wp-json\/wp\/v2\/posts\/6376\/revisions"}],"predecessor-version":[{"id":6383,"href":"https:\/\/www.anovapeneira.gal\/index.php\/wp-json\/wp\/v2\/posts\/6376\/revisions\/6383"}],"wp:featuredmedia":[{"embeddable":true,"href":"https:\/\/www.anovapeneira.gal\/index.php\/wp-json\/wp\/v2\/media\/6382"}],"wp:attachment":[{"href":"https:\/\/www.anovapeneira.gal\/index.php\/wp-json\/wp\/v2\/media?parent=6376"}],"wp:term":[{"taxonomy":"category","embeddable":true,"href":"https:\/\/www.anovapeneira.gal\/index.php\/wp-json\/wp\/v2\/categories?post=6376"},{"taxonomy":"post_tag","embeddable":true,"href":"https:\/\/www.anovapeneira.gal\/index.php\/wp-json\/wp\/v2\/tags?post=6376"}],"curies":[{"name":"wp","href":"https:\/\/api.w.org\/{rel}","templated":true}]}}