{"id":638,"date":"2019-07-23T22:06:55","date_gmt":"2019-07-23T20:06:55","guid":{"rendered":"http:\/\/www.anovapeneira.gal\/?p=638"},"modified":"2019-07-24T08:27:48","modified_gmt":"2019-07-24T06:27:48","slug":"toda-a-oposicion-de-mos-unida-fronte-ao-proxecto-do-centro-comercial-nos-montes-de-tameiga","status":"publish","type":"post","link":"https:\/\/www.anovapeneira.gal\/index.php\/2019\/07\/23\/toda-a-oposicion-de-mos-unida-fronte-ao-proxecto-do-centro-comercial-nos-montes-de-tameiga\/","title":{"rendered":"Toda a oposici\u00f3n de mos unida fronte ao proxecto do centro comercial nos montes de Tameiga"},"content":{"rendered":"\n<p>Si amigas e amigos, non se deixen enganar porque ao fin e ao cabo ese \u00e9 o problema real. O pasado 16 de xullo desenvolv\u00edase un  pleno exrotraordinario convocado polo goberno de Mos, ao que s\u00f3 acudiron os representantes do PP e que ti\u00f1a como \u00fanico punto na s\u00faa orde do d\u00eda o tratamento da suposta trama de facturas falsas, o presunto intento de estafa colectiva consistente en cobrar \u00e1 veci\u00f1anza de Mos os recibos dunha inexistente empresa de augas. Ning\u00fan dos tres partidos da oposici\u00f3n acudiu ao pleno parip\u00e9 no que se pediu a dimisi\u00f3n da directiva da comunidade de montes de Tameiga e do portavoz de Ga\u00f1aM\u00f3s \u201cbrazo pol\u00edtico da comunidade de montes\u201d, como se fose algo reprobable que un partido pol\u00edtico asuma unha posici\u00f3n pol\u00edtica nun  asunto que xorde dunha decisi\u00f3n pol\u00edtica.<\/p>\n\n\n\n<p>A comunidade de montes de Tameiga, recollendo o sentir case absoluto dos seus comuneiros e comuneiras mant\u00e9n unha rotunda oposici\u00f3n ao disparatado proxecto de arrasar cos seus montes para constru\u00edr un centro comercial ,e eles van ser o inimigo a bater polo goberno municipal, neste per\u00edodo no que por desgraza para os e as mosenses, conservaron por unhas poucas ducias de votos a 9 acta na corporaci\u00f3n. O tema deste presunto episodio de facturas falsas, sometido a investigaci\u00f3n xudicial pero sen que exista ning\u00fan  imputado, por algo que o sentido com\u00fan indica que quedar\u00e1 en nada, porque nada parece m\u00e1is ca unha pouco afortunada campa\u00f1a publicitaria, non \u00e9 nada m\u00e1is que a escusa que utiliza o PP para disparar contra o seu inimigo:\u201d a comunidade de montes de Tameiga\u201d.<\/p>\n","protected":false},"excerpt":{"rendered":"<div class=\"mh-excerpt\"><p>O pasado 16 de xullo desenvolv\u00edase un  pleno exrotraordinario convocado polo goberno de Mos, ao que s\u00f3 acudiron os representantes do PP e que ti\u00f1a como \u00fanico punto na s\u00faa orde do d\u00eda o tratamento da suposta trama de facturas falsas <a class=\"mh-excerpt-more\" href=\"https:\/\/www.anovapeneira.gal\/index.php\/2019\/07\/23\/toda-a-oposicion-de-mos-unida-fronte-ao-proxecto-do-centro-comercial-nos-montes-de-tameiga\/\" title=\"Toda a oposici\u00f3n de mos unida fronte ao proxecto do centro comercial nos montes de Tameiga\">[&#8230;]<\/a><\/p>\n<\/div>","protected":false},"author":3,"featured_media":634,"comment_status":"open","ping_status":"open","sticky":false,"template":"","format":"standard","meta":{"_exactmetrics_skip_tracking":false,"_exactmetrics_sitenote_active":false,"_exactmetrics_sitenote_note":"","_exactmetrics_sitenote_category":0,"footnotes":""},"categories":[23],"tags":[275,218,276,274,159,273],"class_list":{"0":"post-638","1":"post","2":"type-post","3":"status-publish","4":"format-standard","5":"has-post-thumbnail","7":"category-a-lourina","8":"tag-centro-comercial","9":"tag-concello-de-mos","10":"tag-economia","11":"tag-ganamos","12":"tag-medio-ambiente","13":"tag-montes-de-tameiga"},"yoast_head":"<!-- This site is optimized with the Yoast SEO plugin v27.4 - https:\/\/yoast.com\/product\/yoast-seo-wordpress\/ -->\n<title>Toda a oposici\u00f3n de mos unida fronte ao proxecto do centro comercial nos montes de Tameiga -<\/title>\n<meta name=\"robots\" content=\"index, follow, max-snippet:-1, max-image-preview:large, max-video-preview:-1\" \/>\n<link rel=\"canonical\" href=\"https:\/\/www.anovapeneira.gal\/index.php\/2019\/07\/23\/toda-a-oposicion-de-mos-unida-fronte-ao-proxecto-do-centro-comercial-nos-montes-de-tameiga\/\" \/>\n<meta property=\"og:locale\" content=\"gl_ES\" \/>\n<meta property=\"og:type\" content=\"article\" \/>\n<meta property=\"og:title\" content=\"Toda a oposici\u00f3n de mos unida fronte ao proxecto do centro comercial nos montes de Tameiga -\" \/>\n<meta property=\"og:description\" content=\"O pasado 16 de xullo desenvolv\u00edase un pleno exrotraordinario convocado polo goberno de Mos, ao que s\u00f3 acudiron os representantes do PP e que ti\u00f1a como \u00fanico punto na s\u00faa orde do d\u00eda o tratamento da suposta trama de facturas falsas [...]\" \/>\n<meta property=\"og:url\" content=\"https:\/\/www.anovapeneira.gal\/index.php\/2019\/07\/23\/toda-a-oposicion-de-mos-unida-fronte-ao-proxecto-do-centro-comercial-nos-montes-de-tameiga\/\" \/>\n<meta property=\"article:publisher\" content=\"https:\/\/www.facebook.com\/anovapeneira\" \/>\n<meta property=\"article:published_time\" content=\"2019-07-23T20:06:55+00:00\" \/>\n<meta property=\"article:modified_time\" content=\"2019-07-24T06:27:48+00:00\" \/>\n<meta property=\"og:image\" content=\"https:\/\/www.anovapeneira.gal\/wp-content\/uploads\/2019\/07\/oposicion_CENTRO-centro_COMERCIAL_NOS_MONTES_DE_TAMEIGA_a_nova_peneira.jpg\" \/>\n\t<meta property=\"og:image:width\" content=\"720\" \/>\n\t<meta property=\"og:image:height\" content=\"473\" \/>\n\t<meta property=\"og:image:type\" content=\"image\/jpeg\" \/>\n<meta name=\"author\" content=\"Redacci\u00f3n A Nova Peneira\" \/>\n<meta name=\"twitter:card\" content=\"summary_large_image\" \/>\n<meta name=\"twitter:creator\" content=\"@APeneira\" \/>\n<meta name=\"twitter:site\" content=\"@APeneira\" \/>\n<meta name=\"twitter:label1\" content=\"Escrito por\" \/>\n\t<meta name=\"twitter:data1\" content=\"Redacci\u00f3n A Nova Peneira\" \/>\n\t<meta name=\"twitter:label2\" content=\"Tempo de lectura\" \/>\n\t<meta name=\"twitter:data2\" content=\"1 minuto\" \/>\n<script type=\"application\/ld+json\" class=\"yoast-schema-graph\">{\"@context\":\"https:\\\/\\\/schema.org\",\"@graph\":[{\"@type\":\"Article\",\"@id\":\"https:\\\/\\\/www.anovapeneira.gal\\\/index.php\\\/2019\\\/07\\\/23\\\/toda-a-oposicion-de-mos-unida-fronte-ao-proxecto-do-centro-comercial-nos-montes-de-tameiga\\\/#article\",\"isPartOf\":{\"@id\":\"https:\\\/\\\/www.anovapeneira.gal\\\/index.php\\\/2019\\\/07\\\/23\\\/toda-a-oposicion-de-mos-unida-fronte-ao-proxecto-do-centro-comercial-nos-montes-de-tameiga\\\/\"},\"author\":{\"name\":\"Redacci\u00f3n A Nova Peneira\",\"@id\":\"https:\\\/\\\/www.anovapeneira.gal\\\/#\\\/schema\\\/person\\\/b93e3f8932e3f8da96334607eb6ac6aa\"},\"headline\":\"Toda a oposici\u00f3n de mos unida fronte ao proxecto do centro comercial nos montes de Tameiga\",\"datePublished\":\"2019-07-23T20:06:55+00:00\",\"dateModified\":\"2019-07-24T06:27:48+00:00\",\"mainEntityOfPage\":{\"@id\":\"https:\\\/\\\/www.anovapeneira.gal\\\/index.php\\\/2019\\\/07\\\/23\\\/toda-a-oposicion-de-mos-unida-fronte-ao-proxecto-do-centro-comercial-nos-montes-de-tameiga\\\/\"},\"wordCount\":303,\"commentCount\":0,\"publisher\":{\"@id\":\"https:\\\/\\\/www.anovapeneira.gal\\\/#organization\"},\"image\":{\"@id\":\"https:\\\/\\\/www.anovapeneira.gal\\\/index.php\\\/2019\\\/07\\\/23\\\/toda-a-oposicion-de-mos-unida-fronte-ao-proxecto-do-centro-comercial-nos-montes-de-tameiga\\\/#primaryimage\"},\"thumbnailUrl\":\"https:\\\/\\\/www.anovapeneira.gal\\\/wp-content\\\/uploads\\\/2019\\\/07\\\/oposicion_CENTRO-centro_COMERCIAL_NOS_MONTES_DE_TAMEIGA_a_nova_peneira.jpg\",\"keywords\":[\"Centro Comercial\",\"Concello de Mos\",\"Econom\u00eda\",\"Ga\u00f1aM\u00f3s\",\"Medio Ambiente\",\"Montes de Tameiga\"],\"articleSection\":[\"A Louri\u00f1a\"],\"inLanguage\":\"gl-ES\",\"potentialAction\":[{\"@type\":\"CommentAction\",\"name\":\"Comment\",\"target\":[\"https:\\\/\\\/www.anovapeneira.gal\\\/index.php\\\/2019\\\/07\\\/23\\\/toda-a-oposicion-de-mos-unida-fronte-ao-proxecto-do-centro-comercial-nos-montes-de-tameiga\\\/#respond\"]}]},{\"@type\":\"WebPage\",\"@id\":\"https:\\\/\\\/www.anovapeneira.gal\\\/index.php\\\/2019\\\/07\\\/23\\\/toda-a-oposicion-de-mos-unida-fronte-ao-proxecto-do-centro-comercial-nos-montes-de-tameiga\\\/\",\"url\":\"https:\\\/\\\/www.anovapeneira.gal\\\/index.php\\\/2019\\\/07\\\/23\\\/toda-a-oposicion-de-mos-unida-fronte-ao-proxecto-do-centro-comercial-nos-montes-de-tameiga\\\/\",\"name\":\"Toda a oposici\u00f3n de mos unida fronte ao proxecto do centro comercial nos montes de Tameiga -\",\"isPartOf\":{\"@id\":\"https:\\\/\\\/www.anovapeneira.gal\\\/#website\"},\"primaryImageOfPage\":{\"@id\":\"https:\\\/\\\/www.anovapeneira.gal\\\/index.php\\\/2019\\\/07\\\/23\\\/toda-a-oposicion-de-mos-unida-fronte-ao-proxecto-do-centro-comercial-nos-montes-de-tameiga\\\/#primaryimage\"},\"image\":{\"@id\":\"https:\\\/\\\/www.anovapeneira.gal\\\/index.php\\\/2019\\\/07\\\/23\\\/toda-a-oposicion-de-mos-unida-fronte-ao-proxecto-do-centro-comercial-nos-montes-de-tameiga\\\/#primaryimage\"},\"thumbnailUrl\":\"https:\\\/\\\/www.anovapeneira.gal\\\/wp-content\\\/uploads\\\/2019\\\/07\\\/oposicion_CENTRO-centro_COMERCIAL_NOS_MONTES_DE_TAMEIGA_a_nova_peneira.jpg\",\"datePublished\":\"2019-07-23T20:06:55+00:00\",\"dateModified\":\"2019-07-24T06:27:48+00:00\",\"breadcrumb\":{\"@id\":\"https:\\\/\\\/www.anovapeneira.gal\\\/index.php\\\/2019\\\/07\\\/23\\\/toda-a-oposicion-de-mos-unida-fronte-ao-proxecto-do-centro-comercial-nos-montes-de-tameiga\\\/#breadcrumb\"},\"inLanguage\":\"gl-ES\",\"potentialAction\":[{\"@type\":\"ReadAction\",\"target\":[\"https:\\\/\\\/www.anovapeneira.gal\\\/index.php\\\/2019\\\/07\\\/23\\\/toda-a-oposicion-de-mos-unida-fronte-ao-proxecto-do-centro-comercial-nos-montes-de-tameiga\\\/\"]}]},{\"@type\":\"ImageObject\",\"inLanguage\":\"gl-ES\",\"@id\":\"https:\\\/\\\/www.anovapeneira.gal\\\/index.php\\\/2019\\\/07\\\/23\\\/toda-a-oposicion-de-mos-unida-fronte-ao-proxecto-do-centro-comercial-nos-montes-de-tameiga\\\/#primaryimage\",\"url\":\"https:\\\/\\\/www.anovapeneira.gal\\\/wp-content\\\/uploads\\\/2019\\\/07\\\/oposicion_CENTRO-centro_COMERCIAL_NOS_MONTES_DE_TAMEIGA_a_nova_peneira.jpg\",\"contentUrl\":\"https:\\\/\\\/www.anovapeneira.gal\\\/wp-content\\\/uploads\\\/2019\\\/07\\\/oposicion_CENTRO-centro_COMERCIAL_NOS_MONTES_DE_TAMEIGA_a_nova_peneira.jpg\",\"width\":720,\"height\":473,\"caption\":\"Oposi\u00f3n centro comercial montes da Tameiga Concello de Mos A Nova Peneira\"},{\"@type\":\"BreadcrumbList\",\"@id\":\"https:\\\/\\\/www.anovapeneira.gal\\\/index.php\\\/2019\\\/07\\\/23\\\/toda-a-oposicion-de-mos-unida-fronte-ao-proxecto-do-centro-comercial-nos-montes-de-tameiga\\\/#breadcrumb\",\"itemListElement\":[{\"@type\":\"ListItem\",\"position\":1,\"name\":\"Portada\",\"item\":\"https:\\\/\\\/www.anovapeneira.gal\\\/\"},{\"@type\":\"ListItem\",\"position\":2,\"name\":\"Toda a oposici\u00f3n de mos unida fronte ao proxecto do centro comercial nos montes de Tameiga\"}]},{\"@type\":\"WebSite\",\"@id\":\"https:\\\/\\\/www.anovapeneira.gal\\\/#website\",\"url\":\"https:\\\/\\\/www.anovapeneira.gal\\\/\",\"name\":\"\",\"description\":\"Xornal galego de informaci\u00f3n xeral Publicaci\u00f3n mensual de novas de Galicia e en especial dos Concellos da sur da provincia de Pontevedra.\",\"publisher\":{\"@id\":\"https:\\\/\\\/www.anovapeneira.gal\\\/#organization\"},\"potentialAction\":[{\"@type\":\"SearchAction\",\"target\":{\"@type\":\"EntryPoint\",\"urlTemplate\":\"https:\\\/\\\/www.anovapeneira.gal\\\/?s={search_term_string}\"},\"query-input\":{\"@type\":\"PropertyValueSpecification\",\"valueRequired\":true,\"valueName\":\"search_term_string\"}}],\"inLanguage\":\"gl-ES\"},{\"@type\":\"Organization\",\"@id\":\"https:\\\/\\\/www.anovapeneira.gal\\\/#organization\",\"name\":\"A Nova Peneira\",\"url\":\"https:\\\/\\\/www.anovapeneira.gal\\\/\",\"logo\":{\"@type\":\"ImageObject\",\"inLanguage\":\"gl-ES\",\"@id\":\"https:\\\/\\\/www.anovapeneira.gal\\\/#\\\/schema\\\/logo\\\/image\\\/\",\"url\":\"http:\\\/\\\/www.anovapeneira.gal\\\/wp-content\\\/uploads\\\/2019\\\/06\\\/logo_a_nova_peneira_portal_web.png\",\"contentUrl\":\"http:\\\/\\\/www.anovapeneira.gal\\\/wp-content\\\/uploads\\\/2019\\\/06\\\/logo_a_nova_peneira_portal_web.png\",\"width\":300,\"height\":100,\"caption\":\"A Nova Peneira\"},\"image\":{\"@id\":\"https:\\\/\\\/www.anovapeneira.gal\\\/#\\\/schema\\\/logo\\\/image\\\/\"},\"sameAs\":[\"https:\\\/\\\/www.facebook.com\\\/anovapeneira\",\"https:\\\/\\\/x.com\\\/APeneira\"]},{\"@type\":\"Person\",\"@id\":\"https:\\\/\\\/www.anovapeneira.gal\\\/#\\\/schema\\\/person\\\/b93e3f8932e3f8da96334607eb6ac6aa\",\"name\":\"Redacci\u00f3n A Nova Peneira\",\"image\":{\"@type\":\"ImageObject\",\"inLanguage\":\"gl-ES\",\"@id\":\"https:\\\/\\\/secure.gravatar.com\\\/avatar\\\/c052a2551a06e23fac63626232eaa90abd78dbcf1700fc46a2b2c89fd27b735f?s=96&d=mm&r=g\",\"url\":\"https:\\\/\\\/secure.gravatar.com\\\/avatar\\\/c052a2551a06e23fac63626232eaa90abd78dbcf1700fc46a2b2c89fd27b735f?s=96&d=mm&r=g\",\"contentUrl\":\"https:\\\/\\\/secure.gravatar.com\\\/avatar\\\/c052a2551a06e23fac63626232eaa90abd78dbcf1700fc46a2b2c89fd27b735f?s=96&d=mm&r=g\",\"caption\":\"Redacci\u00f3n A Nova Peneira\"},\"sameAs\":[\"http:\\\/\\\/www.anovapeneira.gal\\\/\"],\"url\":\"https:\\\/\\\/www.anovapeneira.gal\\\/index.php\\\/author\\\/redactor\\\/\"}]}<\/script>\n<!-- \/ Yoast SEO plugin. -->","yoast_head_json":{"title":"Toda a oposici\u00f3n de mos unida fronte ao proxecto do centro comercial nos montes de Tameiga -","robots":{"index":"index","follow":"follow","max-snippet":"max-snippet:-1","max-image-preview":"max-image-preview:large","max-video-preview":"max-video-preview:-1"},"canonical":"https:\/\/www.anovapeneira.gal\/index.php\/2019\/07\/23\/toda-a-oposicion-de-mos-unida-fronte-ao-proxecto-do-centro-comercial-nos-montes-de-tameiga\/","og_locale":"gl_ES","og_type":"article","og_title":"Toda a oposici\u00f3n de mos unida fronte ao proxecto do centro comercial nos montes de Tameiga -","og_description":"O pasado 16 de xullo desenvolv\u00edase un pleno exrotraordinario convocado polo goberno de Mos, ao que s\u00f3 acudiron os representantes do PP e que ti\u00f1a como \u00fanico punto na s\u00faa orde do d\u00eda o tratamento da suposta trama de facturas falsas [...]","og_url":"https:\/\/www.anovapeneira.gal\/index.php\/2019\/07\/23\/toda-a-oposicion-de-mos-unida-fronte-ao-proxecto-do-centro-comercial-nos-montes-de-tameiga\/","article_publisher":"https:\/\/www.facebook.com\/anovapeneira","article_published_time":"2019-07-23T20:06:55+00:00","article_modified_time":"2019-07-24T06:27:48+00:00","og_image":[{"width":720,"height":473,"url":"https:\/\/www.anovapeneira.gal\/wp-content\/uploads\/2019\/07\/oposicion_CENTRO-centro_COMERCIAL_NOS_MONTES_DE_TAMEIGA_a_nova_peneira.jpg","type":"image\/jpeg"}],"author":"Redacci\u00f3n A Nova Peneira","twitter_card":"summary_large_image","twitter_creator":"@APeneira","twitter_site":"@APeneira","twitter_misc":{"Escrito por":"Redacci\u00f3n A Nova Peneira","Tempo de lectura":"1 minuto"},"schema":{"@context":"https:\/\/schema.org","@graph":[{"@type":"Article","@id":"https:\/\/www.anovapeneira.gal\/index.php\/2019\/07\/23\/toda-a-oposicion-de-mos-unida-fronte-ao-proxecto-do-centro-comercial-nos-montes-de-tameiga\/#article","isPartOf":{"@id":"https:\/\/www.anovapeneira.gal\/index.php\/2019\/07\/23\/toda-a-oposicion-de-mos-unida-fronte-ao-proxecto-do-centro-comercial-nos-montes-de-tameiga\/"},"author":{"name":"Redacci\u00f3n A Nova Peneira","@id":"https:\/\/www.anovapeneira.gal\/#\/schema\/person\/b93e3f8932e3f8da96334607eb6ac6aa"},"headline":"Toda a oposici\u00f3n de mos unida fronte ao proxecto do centro comercial nos montes de Tameiga","datePublished":"2019-07-23T20:06:55+00:00","dateModified":"2019-07-24T06:27:48+00:00","mainEntityOfPage":{"@id":"https:\/\/www.anovapeneira.gal\/index.php\/2019\/07\/23\/toda-a-oposicion-de-mos-unida-fronte-ao-proxecto-do-centro-comercial-nos-montes-de-tameiga\/"},"wordCount":303,"commentCount":0,"publisher":{"@id":"https:\/\/www.anovapeneira.gal\/#organization"},"image":{"@id":"https:\/\/www.anovapeneira.gal\/index.php\/2019\/07\/23\/toda-a-oposicion-de-mos-unida-fronte-ao-proxecto-do-centro-comercial-nos-montes-de-tameiga\/#primaryimage"},"thumbnailUrl":"https:\/\/www.anovapeneira.gal\/wp-content\/uploads\/2019\/07\/oposicion_CENTRO-centro_COMERCIAL_NOS_MONTES_DE_TAMEIGA_a_nova_peneira.jpg","keywords":["Centro Comercial","Concello de Mos","Econom\u00eda","Ga\u00f1aM\u00f3s","Medio Ambiente","Montes de Tameiga"],"articleSection":["A Louri\u00f1a"],"inLanguage":"gl-ES","potentialAction":[{"@type":"CommentAction","name":"Comment","target":["https:\/\/www.anovapeneira.gal\/index.php\/2019\/07\/23\/toda-a-oposicion-de-mos-unida-fronte-ao-proxecto-do-centro-comercial-nos-montes-de-tameiga\/#respond"]}]},{"@type":"WebPage","@id":"https:\/\/www.anovapeneira.gal\/index.php\/2019\/07\/23\/toda-a-oposicion-de-mos-unida-fronte-ao-proxecto-do-centro-comercial-nos-montes-de-tameiga\/","url":"https:\/\/www.anovapeneira.gal\/index.php\/2019\/07\/23\/toda-a-oposicion-de-mos-unida-fronte-ao-proxecto-do-centro-comercial-nos-montes-de-tameiga\/","name":"Toda a oposici\u00f3n de mos unida fronte ao proxecto do centro comercial nos montes de Tameiga -","isPartOf":{"@id":"https:\/\/www.anovapeneira.gal\/#website"},"primaryImageOfPage":{"@id":"https:\/\/www.anovapeneira.gal\/index.php\/2019\/07\/23\/toda-a-oposicion-de-mos-unida-fronte-ao-proxecto-do-centro-comercial-nos-montes-de-tameiga\/#primaryimage"},"image":{"@id":"https:\/\/www.anovapeneira.gal\/index.php\/2019\/07\/23\/toda-a-oposicion-de-mos-unida-fronte-ao-proxecto-do-centro-comercial-nos-montes-de-tameiga\/#primaryimage"},"thumbnailUrl":"https:\/\/www.anovapeneira.gal\/wp-content\/uploads\/2019\/07\/oposicion_CENTRO-centro_COMERCIAL_NOS_MONTES_DE_TAMEIGA_a_nova_peneira.jpg","datePublished":"2019-07-23T20:06:55+00:00","dateModified":"2019-07-24T06:27:48+00:00","breadcrumb":{"@id":"https:\/\/www.anovapeneira.gal\/index.php\/2019\/07\/23\/toda-a-oposicion-de-mos-unida-fronte-ao-proxecto-do-centro-comercial-nos-montes-de-tameiga\/#breadcrumb"},"inLanguage":"gl-ES","potentialAction":[{"@type":"ReadAction","target":["https:\/\/www.anovapeneira.gal\/index.php\/2019\/07\/23\/toda-a-oposicion-de-mos-unida-fronte-ao-proxecto-do-centro-comercial-nos-montes-de-tameiga\/"]}]},{"@type":"ImageObject","inLanguage":"gl-ES","@id":"https:\/\/www.anovapeneira.gal\/index.php\/2019\/07\/23\/toda-a-oposicion-de-mos-unida-fronte-ao-proxecto-do-centro-comercial-nos-montes-de-tameiga\/#primaryimage","url":"https:\/\/www.anovapeneira.gal\/wp-content\/uploads\/2019\/07\/oposicion_CENTRO-centro_COMERCIAL_NOS_MONTES_DE_TAMEIGA_a_nova_peneira.jpg","contentUrl":"https:\/\/www.anovapeneira.gal\/wp-content\/uploads\/2019\/07\/oposicion_CENTRO-centro_COMERCIAL_NOS_MONTES_DE_TAMEIGA_a_nova_peneira.jpg","width":720,"height":473,"caption":"Oposi\u00f3n centro comercial montes da Tameiga Concello de Mos A Nova Peneira"},{"@type":"BreadcrumbList","@id":"https:\/\/www.anovapeneira.gal\/index.php\/2019\/07\/23\/toda-a-oposicion-de-mos-unida-fronte-ao-proxecto-do-centro-comercial-nos-montes-de-tameiga\/#breadcrumb","itemListElement":[{"@type":"ListItem","position":1,"name":"Portada","item":"https:\/\/www.anovapeneira.gal\/"},{"@type":"ListItem","position":2,"name":"Toda a oposici\u00f3n de mos unida fronte ao proxecto do centro comercial nos montes de Tameiga"}]},{"@type":"WebSite","@id":"https:\/\/www.anovapeneira.gal\/#website","url":"https:\/\/www.anovapeneira.gal\/","name":"","description":"Xornal galego de informaci\u00f3n xeral Publicaci\u00f3n mensual de novas de Galicia e en especial dos Concellos da sur da provincia de Pontevedra.","publisher":{"@id":"https:\/\/www.anovapeneira.gal\/#organization"},"potentialAction":[{"@type":"SearchAction","target":{"@type":"EntryPoint","urlTemplate":"https:\/\/www.anovapeneira.gal\/?s={search_term_string}"},"query-input":{"@type":"PropertyValueSpecification","valueRequired":true,"valueName":"search_term_string"}}],"inLanguage":"gl-ES"},{"@type":"Organization","@id":"https:\/\/www.anovapeneira.gal\/#organization","name":"A Nova Peneira","url":"https:\/\/www.anovapeneira.gal\/","logo":{"@type":"ImageObject","inLanguage":"gl-ES","@id":"https:\/\/www.anovapeneira.gal\/#\/schema\/logo\/image\/","url":"http:\/\/www.anovapeneira.gal\/wp-content\/uploads\/2019\/06\/logo_a_nova_peneira_portal_web.png","contentUrl":"http:\/\/www.anovapeneira.gal\/wp-content\/uploads\/2019\/06\/logo_a_nova_peneira_portal_web.png","width":300,"height":100,"caption":"A Nova Peneira"},"image":{"@id":"https:\/\/www.anovapeneira.gal\/#\/schema\/logo\/image\/"},"sameAs":["https:\/\/www.facebook.com\/anovapeneira","https:\/\/x.com\/APeneira"]},{"@type":"Person","@id":"https:\/\/www.anovapeneira.gal\/#\/schema\/person\/b93e3f8932e3f8da96334607eb6ac6aa","name":"Redacci\u00f3n A Nova Peneira","image":{"@type":"ImageObject","inLanguage":"gl-ES","@id":"https:\/\/secure.gravatar.com\/avatar\/c052a2551a06e23fac63626232eaa90abd78dbcf1700fc46a2b2c89fd27b735f?s=96&d=mm&r=g","url":"https:\/\/secure.gravatar.com\/avatar\/c052a2551a06e23fac63626232eaa90abd78dbcf1700fc46a2b2c89fd27b735f?s=96&d=mm&r=g","contentUrl":"https:\/\/secure.gravatar.com\/avatar\/c052a2551a06e23fac63626232eaa90abd78dbcf1700fc46a2b2c89fd27b735f?s=96&d=mm&r=g","caption":"Redacci\u00f3n A Nova Peneira"},"sameAs":["http:\/\/www.anovapeneira.gal\/"],"url":"https:\/\/www.anovapeneira.gal\/index.php\/author\/redactor\/"}]}},"jetpack_featured_media_url":"https:\/\/www.anovapeneira.gal\/wp-content\/uploads\/2019\/07\/oposicion_CENTRO-centro_COMERCIAL_NOS_MONTES_DE_TAMEIGA_a_nova_peneira.jpg","_links":{"self":[{"href":"https:\/\/www.anovapeneira.gal\/index.php\/wp-json\/wp\/v2\/posts\/638","targetHints":{"allow":["GET"]}}],"collection":[{"href":"https:\/\/www.anovapeneira.gal\/index.php\/wp-json\/wp\/v2\/posts"}],"about":[{"href":"https:\/\/www.anovapeneira.gal\/index.php\/wp-json\/wp\/v2\/types\/post"}],"author":[{"embeddable":true,"href":"https:\/\/www.anovapeneira.gal\/index.php\/wp-json\/wp\/v2\/users\/3"}],"replies":[{"embeddable":true,"href":"https:\/\/www.anovapeneira.gal\/index.php\/wp-json\/wp\/v2\/comments?post=638"}],"version-history":[{"count":1,"href":"https:\/\/www.anovapeneira.gal\/index.php\/wp-json\/wp\/v2\/posts\/638\/revisions"}],"predecessor-version":[{"id":639,"href":"https:\/\/www.anovapeneira.gal\/index.php\/wp-json\/wp\/v2\/posts\/638\/revisions\/639"}],"wp:featuredmedia":[{"embeddable":true,"href":"https:\/\/www.anovapeneira.gal\/index.php\/wp-json\/wp\/v2\/media\/634"}],"wp:attachment":[{"href":"https:\/\/www.anovapeneira.gal\/index.php\/wp-json\/wp\/v2\/media?parent=638"}],"wp:term":[{"taxonomy":"category","embeddable":true,"href":"https:\/\/www.anovapeneira.gal\/index.php\/wp-json\/wp\/v2\/categories?post=638"},{"taxonomy":"post_tag","embeddable":true,"href":"https:\/\/www.anovapeneira.gal\/index.php\/wp-json\/wp\/v2\/tags?post=638"}],"curies":[{"name":"wp","href":"https:\/\/api.w.org\/{rel}","templated":true}]}}