{"id":6393,"date":"2021-11-10T12:00:21","date_gmt":"2021-11-10T11:00:21","guid":{"rendered":"https:\/\/www.anovapeneira.gal\/?p=6393"},"modified":"2021-11-05T13:22:44","modified_gmt":"2021-11-05T12:22:44","slug":"santiago-acolle-a-proxima-semana-a-asamblea-xeral-da-rede-europea-pola-igualdade-das-linguas","status":"publish","type":"post","link":"https:\/\/www.anovapeneira.gal\/index.php\/2021\/11\/10\/santiago-acolle-a-proxima-semana-a-asamblea-xeral-da-rede-europea-pola-igualdade-das-linguas\/","title":{"rendered":"Santiago acolle a pr\u00f3xima semana a Asamblea Xeral da Rede Europea pola Igualdade das Linguas"},"content":{"rendered":"\n<p><strong>Santiago de Compostela, 4 de novembro de 2021.<\/strong><\/p>\n\n\n\n<p>O Museo do Pobo Galego, en Santiago de Compostela, acoller\u00e1 os d\u00edas 12 e 13 deste mes a Asamblea Xeral da Rede Europea pola Igualdade das Linguas (ELEN), na que participar\u00e1n de maneira presencial 35 delegadas e delegados en representaci\u00f3n de 47 linguas de 24 Estados europeos e que contar\u00e1 coa presenza virtual de Fernand de Varennes, relator especial para as minor\u00edas da Oficina do Alto Comisionado das Naci\u00f3ns Unidas para os Dereitos Humanos.<br><br>A Asamblea Xeral de ELEN, que organiza a Mesa pola Normalizaci\u00f3n Ling\u00fc\u00edstica, contar\u00e1 na s\u00faa sesi\u00f3n inaugural, o venres 12 de novembro, coa actuaci\u00f3n de Guadi Galego e coa presenza de personalidades do pa\u00eds e mais do resto de Europa, como Vesna Crni\u0107-Groti\u0107, presidenta do Comit\u00e9 de Expertos da Carta Europea para as Linguas Rexionais ou Minoritarias.<\/p>\n","protected":false},"excerpt":{"rendered":"<div class=\"mh-excerpt\"><p>Santiago de Compostela, 4 de novembro de 2021. O Museo do Pobo Galego, en Santiago de Compostela, acoller\u00e1 os d\u00edas 12 e 13 deste mes a Asamblea Xeral da Rede Europea pola Igualdade das Linguas <a class=\"mh-excerpt-more\" href=\"https:\/\/www.anovapeneira.gal\/index.php\/2021\/11\/10\/santiago-acolle-a-proxima-semana-a-asamblea-xeral-da-rede-europea-pola-igualdade-das-linguas\/\" title=\"Santiago acolle a pr\u00f3xima semana a Asamblea Xeral da Rede Europea pola Igualdade das Linguas\">[&#8230;]<\/a><\/p>\n<\/div>","protected":false},"author":3,"featured_media":6394,"comment_status":"open","ping_status":"open","sticky":false,"template":"","format":"standard","meta":{"_exactmetrics_skip_tracking":false,"_exactmetrics_sitenote_active":false,"_exactmetrics_sitenote_note":"","_exactmetrics_sitenote_category":0,"footnotes":""},"categories":[263],"tags":[684],"class_list":{"0":"post-6393","1":"post","2":"type-post","3":"status-publish","4":"format-standard","5":"has-post-thumbnail","7":"category-novas","8":"tag-mesa-pola-normalizacion-linguistica-para-galicia"},"yoast_head":"<!-- This site is optimized with the Yoast SEO plugin v27.4 - https:\/\/yoast.com\/product\/yoast-seo-wordpress\/ -->\n<title>Santiago acolle a pr\u00f3xima semana a Asamblea Xeral da Rede Europea pola Igualdade das Linguas -<\/title>\n<meta name=\"description\" content=\"O Museo do Pobo Galego, en Santiago de Compostela, acoller\u00e1 os d\u00edas 12 e 13 deste mes a Asamblea Xeral da Rede Europea pola Igualdade das Linguas (ELEN), na que participar\u00e1n de maneira presencial 35 delegadas e delegados en representaci\u00f3n de 47 linguas de 24 Estados europeos e que contar\u00e1 coa presenza virtual de Fernand de Varennes, relator especial para as minor\u00edas da Oficina do Alto Comisionado das Naci\u00f3ns Unidas para os Dereitos Humanos.\" \/>\n<meta name=\"robots\" content=\"index, follow, max-snippet:-1, max-image-preview:large, max-video-preview:-1\" \/>\n<link rel=\"canonical\" href=\"https:\/\/www.anovapeneira.gal\/index.php\/2021\/11\/10\/santiago-acolle-a-proxima-semana-a-asamblea-xeral-da-rede-europea-pola-igualdade-das-linguas\/\" \/>\n<meta property=\"og:locale\" content=\"gl_ES\" \/>\n<meta property=\"og:type\" content=\"article\" \/>\n<meta property=\"og:title\" content=\"Santiago acolle a pr\u00f3xima semana a Asamblea Xeral da Rede Europea pola Igualdade das Linguas -\" \/>\n<meta property=\"og:description\" content=\"O Museo do Pobo Galego, en Santiago de Compostela, acoller\u00e1 os d\u00edas 12 e 13 deste mes a Asamblea Xeral da Rede Europea pola Igualdade das Linguas (ELEN), na que participar\u00e1n de maneira presencial 35 delegadas e delegados en representaci\u00f3n de 47 linguas de 24 Estados europeos e que contar\u00e1 coa presenza virtual de Fernand de Varennes, relator especial para as minor\u00edas da Oficina do Alto Comisionado das Naci\u00f3ns Unidas para os Dereitos Humanos.\" \/>\n<meta property=\"og:url\" content=\"https:\/\/www.anovapeneira.gal\/index.php\/2021\/11\/10\/santiago-acolle-a-proxima-semana-a-asamblea-xeral-da-rede-europea-pola-igualdade-das-linguas\/\" \/>\n<meta property=\"article:publisher\" content=\"https:\/\/www.facebook.com\/anovapeneira\" \/>\n<meta property=\"article:published_time\" content=\"2021-11-10T11:00:21+00:00\" \/>\n<meta property=\"og:image\" content=\"https:\/\/www.anovapeneira.gal\/wp-content\/uploads\/2021\/11\/ELEN_Dublin.jpg\" \/>\n\t<meta property=\"og:image:width\" content=\"720\" \/>\n\t<meta property=\"og:image:height\" content=\"432\" \/>\n\t<meta property=\"og:image:type\" content=\"image\/jpeg\" \/>\n<meta name=\"author\" content=\"Redacci\u00f3n A Nova Peneira\" \/>\n<meta name=\"twitter:card\" content=\"summary_large_image\" \/>\n<meta name=\"twitter:creator\" content=\"@APeneira\" \/>\n<meta name=\"twitter:site\" content=\"@APeneira\" \/>\n<meta name=\"twitter:label1\" content=\"Escrito por\" \/>\n\t<meta name=\"twitter:data1\" content=\"Redacci\u00f3n A Nova Peneira\" \/>\n\t<meta name=\"twitter:label2\" content=\"Tempo de lectura\" \/>\n\t<meta name=\"twitter:data2\" content=\"1 minuto\" \/>\n<script type=\"application\/ld+json\" class=\"yoast-schema-graph\">{\"@context\":\"https:\\\/\\\/schema.org\",\"@graph\":[{\"@type\":\"Article\",\"@id\":\"https:\\\/\\\/www.anovapeneira.gal\\\/index.php\\\/2021\\\/11\\\/10\\\/santiago-acolle-a-proxima-semana-a-asamblea-xeral-da-rede-europea-pola-igualdade-das-linguas\\\/#article\",\"isPartOf\":{\"@id\":\"https:\\\/\\\/www.anovapeneira.gal\\\/index.php\\\/2021\\\/11\\\/10\\\/santiago-acolle-a-proxima-semana-a-asamblea-xeral-da-rede-europea-pola-igualdade-das-linguas\\\/\"},\"author\":{\"name\":\"Redacci\u00f3n A Nova Peneira\",\"@id\":\"https:\\\/\\\/www.anovapeneira.gal\\\/#\\\/schema\\\/person\\\/b93e3f8932e3f8da96334607eb6ac6aa\"},\"headline\":\"Santiago acolle a pr\u00f3xima semana a Asamblea Xeral da Rede Europea pola Igualdade das Linguas\",\"datePublished\":\"2021-11-10T11:00:21+00:00\",\"mainEntityOfPage\":{\"@id\":\"https:\\\/\\\/www.anovapeneira.gal\\\/index.php\\\/2021\\\/11\\\/10\\\/santiago-acolle-a-proxima-semana-a-asamblea-xeral-da-rede-europea-pola-igualdade-das-linguas\\\/\"},\"wordCount\":159,\"commentCount\":0,\"publisher\":{\"@id\":\"https:\\\/\\\/www.anovapeneira.gal\\\/#organization\"},\"image\":{\"@id\":\"https:\\\/\\\/www.anovapeneira.gal\\\/index.php\\\/2021\\\/11\\\/10\\\/santiago-acolle-a-proxima-semana-a-asamblea-xeral-da-rede-europea-pola-igualdade-das-linguas\\\/#primaryimage\"},\"thumbnailUrl\":\"https:\\\/\\\/www.anovapeneira.gal\\\/wp-content\\\/uploads\\\/2021\\\/11\\\/ELEN_Dublin.jpg\",\"keywords\":[\"Mesa pola normalizaci\u00f3n ling\u00fc\u00edstica para Galicia\"],\"articleSection\":[\"Novas\"],\"inLanguage\":\"gl-ES\",\"potentialAction\":[{\"@type\":\"CommentAction\",\"name\":\"Comment\",\"target\":[\"https:\\\/\\\/www.anovapeneira.gal\\\/index.php\\\/2021\\\/11\\\/10\\\/santiago-acolle-a-proxima-semana-a-asamblea-xeral-da-rede-europea-pola-igualdade-das-linguas\\\/#respond\"]}]},{\"@type\":\"WebPage\",\"@id\":\"https:\\\/\\\/www.anovapeneira.gal\\\/index.php\\\/2021\\\/11\\\/10\\\/santiago-acolle-a-proxima-semana-a-asamblea-xeral-da-rede-europea-pola-igualdade-das-linguas\\\/\",\"url\":\"https:\\\/\\\/www.anovapeneira.gal\\\/index.php\\\/2021\\\/11\\\/10\\\/santiago-acolle-a-proxima-semana-a-asamblea-xeral-da-rede-europea-pola-igualdade-das-linguas\\\/\",\"name\":\"Santiago acolle a pr\u00f3xima semana a Asamblea Xeral da Rede Europea pola Igualdade das Linguas -\",\"isPartOf\":{\"@id\":\"https:\\\/\\\/www.anovapeneira.gal\\\/#website\"},\"primaryImageOfPage\":{\"@id\":\"https:\\\/\\\/www.anovapeneira.gal\\\/index.php\\\/2021\\\/11\\\/10\\\/santiago-acolle-a-proxima-semana-a-asamblea-xeral-da-rede-europea-pola-igualdade-das-linguas\\\/#primaryimage\"},\"image\":{\"@id\":\"https:\\\/\\\/www.anovapeneira.gal\\\/index.php\\\/2021\\\/11\\\/10\\\/santiago-acolle-a-proxima-semana-a-asamblea-xeral-da-rede-europea-pola-igualdade-das-linguas\\\/#primaryimage\"},\"thumbnailUrl\":\"https:\\\/\\\/www.anovapeneira.gal\\\/wp-content\\\/uploads\\\/2021\\\/11\\\/ELEN_Dublin.jpg\",\"datePublished\":\"2021-11-10T11:00:21+00:00\",\"description\":\"O Museo do Pobo Galego, en Santiago de Compostela, acoller\u00e1 os d\u00edas 12 e 13 deste mes a Asamblea Xeral da Rede Europea pola Igualdade das Linguas (ELEN), na que participar\u00e1n de maneira presencial 35 delegadas e delegados en representaci\u00f3n de 47 linguas de 24 Estados europeos e que contar\u00e1 coa presenza virtual de Fernand de Varennes, relator especial para as minor\u00edas da Oficina do Alto Comisionado das Naci\u00f3ns Unidas para os Dereitos Humanos.\",\"breadcrumb\":{\"@id\":\"https:\\\/\\\/www.anovapeneira.gal\\\/index.php\\\/2021\\\/11\\\/10\\\/santiago-acolle-a-proxima-semana-a-asamblea-xeral-da-rede-europea-pola-igualdade-das-linguas\\\/#breadcrumb\"},\"inLanguage\":\"gl-ES\",\"potentialAction\":[{\"@type\":\"ReadAction\",\"target\":[\"https:\\\/\\\/www.anovapeneira.gal\\\/index.php\\\/2021\\\/11\\\/10\\\/santiago-acolle-a-proxima-semana-a-asamblea-xeral-da-rede-europea-pola-igualdade-das-linguas\\\/\"]}]},{\"@type\":\"ImageObject\",\"inLanguage\":\"gl-ES\",\"@id\":\"https:\\\/\\\/www.anovapeneira.gal\\\/index.php\\\/2021\\\/11\\\/10\\\/santiago-acolle-a-proxima-semana-a-asamblea-xeral-da-rede-europea-pola-igualdade-das-linguas\\\/#primaryimage\",\"url\":\"https:\\\/\\\/www.anovapeneira.gal\\\/wp-content\\\/uploads\\\/2021\\\/11\\\/ELEN_Dublin.jpg\",\"contentUrl\":\"https:\\\/\\\/www.anovapeneira.gal\\\/wp-content\\\/uploads\\\/2021\\\/11\\\/ELEN_Dublin.jpg\",\"width\":720,\"height\":432,\"caption\":\"\u00faltima Asamblea Xeral celebrada de xeito presencial en Dubl\u00edn\"},{\"@type\":\"BreadcrumbList\",\"@id\":\"https:\\\/\\\/www.anovapeneira.gal\\\/index.php\\\/2021\\\/11\\\/10\\\/santiago-acolle-a-proxima-semana-a-asamblea-xeral-da-rede-europea-pola-igualdade-das-linguas\\\/#breadcrumb\",\"itemListElement\":[{\"@type\":\"ListItem\",\"position\":1,\"name\":\"Portada\",\"item\":\"https:\\\/\\\/www.anovapeneira.gal\\\/\"},{\"@type\":\"ListItem\",\"position\":2,\"name\":\"Santiago acolle a pr\u00f3xima semana a Asamblea Xeral da Rede Europea pola Igualdade das Linguas\"}]},{\"@type\":\"WebSite\",\"@id\":\"https:\\\/\\\/www.anovapeneira.gal\\\/#website\",\"url\":\"https:\\\/\\\/www.anovapeneira.gal\\\/\",\"name\":\"\",\"description\":\"Xornal galego de informaci\u00f3n xeral Publicaci\u00f3n mensual de novas de Galicia e en especial dos Concellos da sur da provincia de Pontevedra.\",\"publisher\":{\"@id\":\"https:\\\/\\\/www.anovapeneira.gal\\\/#organization\"},\"potentialAction\":[{\"@type\":\"SearchAction\",\"target\":{\"@type\":\"EntryPoint\",\"urlTemplate\":\"https:\\\/\\\/www.anovapeneira.gal\\\/?s={search_term_string}\"},\"query-input\":{\"@type\":\"PropertyValueSpecification\",\"valueRequired\":true,\"valueName\":\"search_term_string\"}}],\"inLanguage\":\"gl-ES\"},{\"@type\":\"Organization\",\"@id\":\"https:\\\/\\\/www.anovapeneira.gal\\\/#organization\",\"name\":\"A Nova Peneira\",\"url\":\"https:\\\/\\\/www.anovapeneira.gal\\\/\",\"logo\":{\"@type\":\"ImageObject\",\"inLanguage\":\"gl-ES\",\"@id\":\"https:\\\/\\\/www.anovapeneira.gal\\\/#\\\/schema\\\/logo\\\/image\\\/\",\"url\":\"http:\\\/\\\/www.anovapeneira.gal\\\/wp-content\\\/uploads\\\/2019\\\/06\\\/logo_a_nova_peneira_portal_web.png\",\"contentUrl\":\"http:\\\/\\\/www.anovapeneira.gal\\\/wp-content\\\/uploads\\\/2019\\\/06\\\/logo_a_nova_peneira_portal_web.png\",\"width\":300,\"height\":100,\"caption\":\"A Nova Peneira\"},\"image\":{\"@id\":\"https:\\\/\\\/www.anovapeneira.gal\\\/#\\\/schema\\\/logo\\\/image\\\/\"},\"sameAs\":[\"https:\\\/\\\/www.facebook.com\\\/anovapeneira\",\"https:\\\/\\\/x.com\\\/APeneira\"]},{\"@type\":\"Person\",\"@id\":\"https:\\\/\\\/www.anovapeneira.gal\\\/#\\\/schema\\\/person\\\/b93e3f8932e3f8da96334607eb6ac6aa\",\"name\":\"Redacci\u00f3n A Nova Peneira\",\"image\":{\"@type\":\"ImageObject\",\"inLanguage\":\"gl-ES\",\"@id\":\"https:\\\/\\\/secure.gravatar.com\\\/avatar\\\/c052a2551a06e23fac63626232eaa90abd78dbcf1700fc46a2b2c89fd27b735f?s=96&d=mm&r=g\",\"url\":\"https:\\\/\\\/secure.gravatar.com\\\/avatar\\\/c052a2551a06e23fac63626232eaa90abd78dbcf1700fc46a2b2c89fd27b735f?s=96&d=mm&r=g\",\"contentUrl\":\"https:\\\/\\\/secure.gravatar.com\\\/avatar\\\/c052a2551a06e23fac63626232eaa90abd78dbcf1700fc46a2b2c89fd27b735f?s=96&d=mm&r=g\",\"caption\":\"Redacci\u00f3n A Nova Peneira\"},\"sameAs\":[\"http:\\\/\\\/www.anovapeneira.gal\\\/\"],\"url\":\"https:\\\/\\\/www.anovapeneira.gal\\\/index.php\\\/author\\\/redactor\\\/\"}]}<\/script>\n<!-- \/ Yoast SEO plugin. -->","yoast_head_json":{"title":"Santiago acolle a pr\u00f3xima semana a Asamblea Xeral da Rede Europea pola Igualdade das Linguas -","description":"O Museo do Pobo Galego, en Santiago de Compostela, acoller\u00e1 os d\u00edas 12 e 13 deste mes a Asamblea Xeral da Rede Europea pola Igualdade das Linguas (ELEN), na que participar\u00e1n de maneira presencial 35 delegadas e delegados en representaci\u00f3n de 47 linguas de 24 Estados europeos e que contar\u00e1 coa presenza virtual de Fernand de Varennes, relator especial para as minor\u00edas da Oficina do Alto Comisionado das Naci\u00f3ns Unidas para os Dereitos Humanos.","robots":{"index":"index","follow":"follow","max-snippet":"max-snippet:-1","max-image-preview":"max-image-preview:large","max-video-preview":"max-video-preview:-1"},"canonical":"https:\/\/www.anovapeneira.gal\/index.php\/2021\/11\/10\/santiago-acolle-a-proxima-semana-a-asamblea-xeral-da-rede-europea-pola-igualdade-das-linguas\/","og_locale":"gl_ES","og_type":"article","og_title":"Santiago acolle a pr\u00f3xima semana a Asamblea Xeral da Rede Europea pola Igualdade das Linguas -","og_description":"O Museo do Pobo Galego, en Santiago de Compostela, acoller\u00e1 os d\u00edas 12 e 13 deste mes a Asamblea Xeral da Rede Europea pola Igualdade das Linguas (ELEN), na que participar\u00e1n de maneira presencial 35 delegadas e delegados en representaci\u00f3n de 47 linguas de 24 Estados europeos e que contar\u00e1 coa presenza virtual de Fernand de Varennes, relator especial para as minor\u00edas da Oficina do Alto Comisionado das Naci\u00f3ns Unidas para os Dereitos Humanos.","og_url":"https:\/\/www.anovapeneira.gal\/index.php\/2021\/11\/10\/santiago-acolle-a-proxima-semana-a-asamblea-xeral-da-rede-europea-pola-igualdade-das-linguas\/","article_publisher":"https:\/\/www.facebook.com\/anovapeneira","article_published_time":"2021-11-10T11:00:21+00:00","og_image":[{"width":720,"height":432,"url":"https:\/\/www.anovapeneira.gal\/wp-content\/uploads\/2021\/11\/ELEN_Dublin.jpg","type":"image\/jpeg"}],"author":"Redacci\u00f3n A Nova Peneira","twitter_card":"summary_large_image","twitter_creator":"@APeneira","twitter_site":"@APeneira","twitter_misc":{"Escrito por":"Redacci\u00f3n A Nova Peneira","Tempo de lectura":"1 minuto"},"schema":{"@context":"https:\/\/schema.org","@graph":[{"@type":"Article","@id":"https:\/\/www.anovapeneira.gal\/index.php\/2021\/11\/10\/santiago-acolle-a-proxima-semana-a-asamblea-xeral-da-rede-europea-pola-igualdade-das-linguas\/#article","isPartOf":{"@id":"https:\/\/www.anovapeneira.gal\/index.php\/2021\/11\/10\/santiago-acolle-a-proxima-semana-a-asamblea-xeral-da-rede-europea-pola-igualdade-das-linguas\/"},"author":{"name":"Redacci\u00f3n A Nova Peneira","@id":"https:\/\/www.anovapeneira.gal\/#\/schema\/person\/b93e3f8932e3f8da96334607eb6ac6aa"},"headline":"Santiago acolle a pr\u00f3xima semana a Asamblea Xeral da Rede Europea pola Igualdade das Linguas","datePublished":"2021-11-10T11:00:21+00:00","mainEntityOfPage":{"@id":"https:\/\/www.anovapeneira.gal\/index.php\/2021\/11\/10\/santiago-acolle-a-proxima-semana-a-asamblea-xeral-da-rede-europea-pola-igualdade-das-linguas\/"},"wordCount":159,"commentCount":0,"publisher":{"@id":"https:\/\/www.anovapeneira.gal\/#organization"},"image":{"@id":"https:\/\/www.anovapeneira.gal\/index.php\/2021\/11\/10\/santiago-acolle-a-proxima-semana-a-asamblea-xeral-da-rede-europea-pola-igualdade-das-linguas\/#primaryimage"},"thumbnailUrl":"https:\/\/www.anovapeneira.gal\/wp-content\/uploads\/2021\/11\/ELEN_Dublin.jpg","keywords":["Mesa pola normalizaci\u00f3n ling\u00fc\u00edstica para Galicia"],"articleSection":["Novas"],"inLanguage":"gl-ES","potentialAction":[{"@type":"CommentAction","name":"Comment","target":["https:\/\/www.anovapeneira.gal\/index.php\/2021\/11\/10\/santiago-acolle-a-proxima-semana-a-asamblea-xeral-da-rede-europea-pola-igualdade-das-linguas\/#respond"]}]},{"@type":"WebPage","@id":"https:\/\/www.anovapeneira.gal\/index.php\/2021\/11\/10\/santiago-acolle-a-proxima-semana-a-asamblea-xeral-da-rede-europea-pola-igualdade-das-linguas\/","url":"https:\/\/www.anovapeneira.gal\/index.php\/2021\/11\/10\/santiago-acolle-a-proxima-semana-a-asamblea-xeral-da-rede-europea-pola-igualdade-das-linguas\/","name":"Santiago acolle a pr\u00f3xima semana a Asamblea Xeral da Rede Europea pola Igualdade das Linguas -","isPartOf":{"@id":"https:\/\/www.anovapeneira.gal\/#website"},"primaryImageOfPage":{"@id":"https:\/\/www.anovapeneira.gal\/index.php\/2021\/11\/10\/santiago-acolle-a-proxima-semana-a-asamblea-xeral-da-rede-europea-pola-igualdade-das-linguas\/#primaryimage"},"image":{"@id":"https:\/\/www.anovapeneira.gal\/index.php\/2021\/11\/10\/santiago-acolle-a-proxima-semana-a-asamblea-xeral-da-rede-europea-pola-igualdade-das-linguas\/#primaryimage"},"thumbnailUrl":"https:\/\/www.anovapeneira.gal\/wp-content\/uploads\/2021\/11\/ELEN_Dublin.jpg","datePublished":"2021-11-10T11:00:21+00:00","description":"O Museo do Pobo Galego, en Santiago de Compostela, acoller\u00e1 os d\u00edas 12 e 13 deste mes a Asamblea Xeral da Rede Europea pola Igualdade das Linguas (ELEN), na que participar\u00e1n de maneira presencial 35 delegadas e delegados en representaci\u00f3n de 47 linguas de 24 Estados europeos e que contar\u00e1 coa presenza virtual de Fernand de Varennes, relator especial para as minor\u00edas da Oficina do Alto Comisionado das Naci\u00f3ns Unidas para os Dereitos Humanos.","breadcrumb":{"@id":"https:\/\/www.anovapeneira.gal\/index.php\/2021\/11\/10\/santiago-acolle-a-proxima-semana-a-asamblea-xeral-da-rede-europea-pola-igualdade-das-linguas\/#breadcrumb"},"inLanguage":"gl-ES","potentialAction":[{"@type":"ReadAction","target":["https:\/\/www.anovapeneira.gal\/index.php\/2021\/11\/10\/santiago-acolle-a-proxima-semana-a-asamblea-xeral-da-rede-europea-pola-igualdade-das-linguas\/"]}]},{"@type":"ImageObject","inLanguage":"gl-ES","@id":"https:\/\/www.anovapeneira.gal\/index.php\/2021\/11\/10\/santiago-acolle-a-proxima-semana-a-asamblea-xeral-da-rede-europea-pola-igualdade-das-linguas\/#primaryimage","url":"https:\/\/www.anovapeneira.gal\/wp-content\/uploads\/2021\/11\/ELEN_Dublin.jpg","contentUrl":"https:\/\/www.anovapeneira.gal\/wp-content\/uploads\/2021\/11\/ELEN_Dublin.jpg","width":720,"height":432,"caption":"\u00faltima Asamblea Xeral celebrada de xeito presencial en Dubl\u00edn"},{"@type":"BreadcrumbList","@id":"https:\/\/www.anovapeneira.gal\/index.php\/2021\/11\/10\/santiago-acolle-a-proxima-semana-a-asamblea-xeral-da-rede-europea-pola-igualdade-das-linguas\/#breadcrumb","itemListElement":[{"@type":"ListItem","position":1,"name":"Portada","item":"https:\/\/www.anovapeneira.gal\/"},{"@type":"ListItem","position":2,"name":"Santiago acolle a pr\u00f3xima semana a Asamblea Xeral da Rede Europea pola Igualdade das Linguas"}]},{"@type":"WebSite","@id":"https:\/\/www.anovapeneira.gal\/#website","url":"https:\/\/www.anovapeneira.gal\/","name":"","description":"Xornal galego de informaci\u00f3n xeral Publicaci\u00f3n mensual de novas de Galicia e en especial dos Concellos da sur da provincia de Pontevedra.","publisher":{"@id":"https:\/\/www.anovapeneira.gal\/#organization"},"potentialAction":[{"@type":"SearchAction","target":{"@type":"EntryPoint","urlTemplate":"https:\/\/www.anovapeneira.gal\/?s={search_term_string}"},"query-input":{"@type":"PropertyValueSpecification","valueRequired":true,"valueName":"search_term_string"}}],"inLanguage":"gl-ES"},{"@type":"Organization","@id":"https:\/\/www.anovapeneira.gal\/#organization","name":"A Nova Peneira","url":"https:\/\/www.anovapeneira.gal\/","logo":{"@type":"ImageObject","inLanguage":"gl-ES","@id":"https:\/\/www.anovapeneira.gal\/#\/schema\/logo\/image\/","url":"http:\/\/www.anovapeneira.gal\/wp-content\/uploads\/2019\/06\/logo_a_nova_peneira_portal_web.png","contentUrl":"http:\/\/www.anovapeneira.gal\/wp-content\/uploads\/2019\/06\/logo_a_nova_peneira_portal_web.png","width":300,"height":100,"caption":"A Nova Peneira"},"image":{"@id":"https:\/\/www.anovapeneira.gal\/#\/schema\/logo\/image\/"},"sameAs":["https:\/\/www.facebook.com\/anovapeneira","https:\/\/x.com\/APeneira"]},{"@type":"Person","@id":"https:\/\/www.anovapeneira.gal\/#\/schema\/person\/b93e3f8932e3f8da96334607eb6ac6aa","name":"Redacci\u00f3n A Nova Peneira","image":{"@type":"ImageObject","inLanguage":"gl-ES","@id":"https:\/\/secure.gravatar.com\/avatar\/c052a2551a06e23fac63626232eaa90abd78dbcf1700fc46a2b2c89fd27b735f?s=96&d=mm&r=g","url":"https:\/\/secure.gravatar.com\/avatar\/c052a2551a06e23fac63626232eaa90abd78dbcf1700fc46a2b2c89fd27b735f?s=96&d=mm&r=g","contentUrl":"https:\/\/secure.gravatar.com\/avatar\/c052a2551a06e23fac63626232eaa90abd78dbcf1700fc46a2b2c89fd27b735f?s=96&d=mm&r=g","caption":"Redacci\u00f3n A Nova Peneira"},"sameAs":["http:\/\/www.anovapeneira.gal\/"],"url":"https:\/\/www.anovapeneira.gal\/index.php\/author\/redactor\/"}]}},"jetpack_featured_media_url":"https:\/\/www.anovapeneira.gal\/wp-content\/uploads\/2021\/11\/ELEN_Dublin.jpg","_links":{"self":[{"href":"https:\/\/www.anovapeneira.gal\/index.php\/wp-json\/wp\/v2\/posts\/6393","targetHints":{"allow":["GET"]}}],"collection":[{"href":"https:\/\/www.anovapeneira.gal\/index.php\/wp-json\/wp\/v2\/posts"}],"about":[{"href":"https:\/\/www.anovapeneira.gal\/index.php\/wp-json\/wp\/v2\/types\/post"}],"author":[{"embeddable":true,"href":"https:\/\/www.anovapeneira.gal\/index.php\/wp-json\/wp\/v2\/users\/3"}],"replies":[{"embeddable":true,"href":"https:\/\/www.anovapeneira.gal\/index.php\/wp-json\/wp\/v2\/comments?post=6393"}],"version-history":[{"count":1,"href":"https:\/\/www.anovapeneira.gal\/index.php\/wp-json\/wp\/v2\/posts\/6393\/revisions"}],"predecessor-version":[{"id":6395,"href":"https:\/\/www.anovapeneira.gal\/index.php\/wp-json\/wp\/v2\/posts\/6393\/revisions\/6395"}],"wp:featuredmedia":[{"embeddable":true,"href":"https:\/\/www.anovapeneira.gal\/index.php\/wp-json\/wp\/v2\/media\/6394"}],"wp:attachment":[{"href":"https:\/\/www.anovapeneira.gal\/index.php\/wp-json\/wp\/v2\/media?parent=6393"}],"wp:term":[{"taxonomy":"category","embeddable":true,"href":"https:\/\/www.anovapeneira.gal\/index.php\/wp-json\/wp\/v2\/categories?post=6393"},{"taxonomy":"post_tag","embeddable":true,"href":"https:\/\/www.anovapeneira.gal\/index.php\/wp-json\/wp\/v2\/tags?post=6393"}],"curies":[{"name":"wp","href":"https:\/\/api.w.org\/{rel}","templated":true}]}}