{"id":6405,"date":"2021-11-12T12:00:23","date_gmt":"2021-11-12T11:00:23","guid":{"rendered":"https:\/\/www.anovapeneira.gal\/?p=6405"},"modified":"2021-11-05T13:45:41","modified_gmt":"2021-11-05T12:45:41","slug":"crease-unha-plataforma-para-demandar-melloras-na-ep2702","status":"publish","type":"post","link":"https:\/\/www.anovapeneira.gal\/index.php\/2021\/11\/12\/crease-unha-plataforma-para-demandar-melloras-na-ep2702\/","title":{"rendered":"Crease unha plataforma para demandar melloras na EP2702"},"content":{"rendered":"\n<h2 class=\"wp-block-heading\">Veci\u00f1os e veci\u00f1as afectados polas deficiencias da estrada provincial EP2702 celebraron unha asemblea o pasado s\u00e1bado 23 de outubro na que acordaron constitu\u00edrse nunha Plataforma para defender as s\u00faas demandas.<\/h2>\n\n\n\n<p><strong>Pazos de Borb\u00e9n, 25 de outubro de 2021<\/strong><\/p>\n\n\n\n<p>O pasado s\u00e1bado 23 de outubro celebrouse en Nespereira unha concorrida xuntanza veci\u00f1al para tratar a situaci\u00f3n da estrada provincial EP2702 Amoedo-Os Valos. Esta v\u00eda presenta un mal estado do firme, un ancho de v\u00eda estreito, numerosas curvas e carece de espazo para pe\u00f3ns. Todo isto, xunto co elevado tr\u00e1fico que soporta, gran parte del veh\u00edculos pesados, fai que transitar por esta estrada supo\u00f1a un perigo para viandantes e condutores.<\/p>\n\n\n\n<p>A Deputaci\u00f3n ten aprobado un proxecto de mellora que contempla un lixeiro ancheamento e unha senda para pe\u00f3ns no tramo que atravesa o n\u00facleo de Nespereira. Sen embargo, estas melloras est\u00e1n no aire pois o Concello de Pazos de Borb\u00e9n non accede a colaborar coa Deputaci\u00f3n. Pola s\u00faa parte, a Deputaci\u00f3n alega que en ning\u00fan caso lle vai conceder un trato privilexiado a Pazos de Borb\u00e9n, e que o concello ter\u00e1 que cumprir os mesmos requisitos que se lle levan anos esixindo a todos os demais, isto \u00e9, xestionar as cesi\u00f3ns dos terreos e financiar unha pequena parte das obras, xa que estas contemplan elementos de urbanizaci\u00f3n que son de competencia local.<\/p>\n\n\n\n<p>Ante o perigo de que a Deputaci\u00f3n termine por asfaltar a estrada sen acometer unha mellora substancial, os numerosos asistentes, principalmente das parroquias de Cepeda e Nespereira pero tam\u00e9n doutros lugares do concello de Pazos de Borb\u00e9n, acordaron constitu\u00edrse nunha \u201cPlataforma para a mellora da EP2702\u201d.<\/p>\n\n\n\n<p>Dende a recente creada Plataforma recalcan que esta v\u00eda atravesa dous dos n\u00facleos m\u00e1is poboados do Concello, Cepeda e Nespereira, e d\u00e1 servizo ao Pol\u00edgono industrial de Amoedo, o que xera un importante tr\u00e1fico de veh\u00edculos pesados. Ademais, \u00e9 usada como v\u00eda de sa\u00edda cara a zona industrial de Porri\u00f1o e cara algunhas \u00e1reas de Vigo, tanto dende gran parte do Concello de Pazos como incluso dende o veci\u00f1o Fornelos.<\/p>\n\n\n\n<p>As primeiras acci\u00f3ns que vai levar adiante a Plataforma son unha campa\u00f1a de recollida de sinaturas e, posteriormente, solicitar reuni\u00f3ns con Concello e Deputaci\u00f3n para trasladarlle as demandas veci\u00f1ais e recibir informaci\u00f3n de primeira man. As persoas asistentes tam\u00e9n amosaron plena disposici\u00f3n a levar adiante protestas en caso de que as s\u00faas xustas demandas non sexan atendidas. Que non son outras que o arranxo da EP2702 con criterios deste s\u00e9culo e non do pasado, isto \u00e9, priorizando a seguridade viaria, o que non se vai conseguir cun simple asfaltado.<\/p>\n","protected":false},"excerpt":{"rendered":"<div class=\"mh-excerpt\"><p>Veci\u00f1os e veci\u00f1as afectados polas deficiencias da estrada provincial EP2702 celebraron unha asemblea o pasado s\u00e1bado 23 de outubro na que acordaron constitu\u00edrse nunha Plataforma para defender as s\u00faas demandas <a class=\"mh-excerpt-more\" href=\"https:\/\/www.anovapeneira.gal\/index.php\/2021\/11\/12\/crease-unha-plataforma-para-demandar-melloras-na-ep2702\/\" title=\"Crease unha plataforma para demandar melloras na EP2702\">[&#8230;]<\/a><\/p>\n<\/div>","protected":false},"author":3,"featured_media":4218,"comment_status":"open","ping_status":"open","sticky":false,"template":"","format":"standard","meta":{"_exactmetrics_skip_tracking":false,"_exactmetrics_sitenote_active":false,"_exactmetrics_sitenote_note":"","_exactmetrics_sitenote_category":0,"footnotes":""},"categories":[24],"tags":[1089],"class_list":{"0":"post-6405","1":"post","2":"type-post","3":"status-publish","4":"format-standard","5":"has-post-thumbnail","7":"category-redondela","8":"tag-concello-de-pazos-de-borben"},"yoast_head":"<!-- This site is optimized with the Yoast SEO plugin v27.4 - https:\/\/yoast.com\/product\/yoast-seo-wordpress\/ -->\n<title>Crease unha plataforma para demandar melloras na EP2702 -<\/title>\n<meta name=\"description\" content=\"Veci\u00f1os e veci\u00f1as afectados polas deficiencias da estrada provincial EP2702 celebraron unha asemblea o pasado s\u00e1bado 23 de outubro na que acordaron constitu\u00edrse nunha Plataforma para defender as s\u00faas demandas\" \/>\n<meta name=\"robots\" content=\"index, follow, max-snippet:-1, max-image-preview:large, max-video-preview:-1\" \/>\n<link rel=\"canonical\" href=\"https:\/\/www.anovapeneira.gal\/index.php\/2021\/11\/12\/crease-unha-plataforma-para-demandar-melloras-na-ep2702\/\" \/>\n<meta property=\"og:locale\" content=\"gl_ES\" \/>\n<meta property=\"og:type\" content=\"article\" \/>\n<meta property=\"og:title\" content=\"Crease unha plataforma para demandar melloras na EP2702 -\" \/>\n<meta property=\"og:description\" content=\"Veci\u00f1os e veci\u00f1as afectados polas deficiencias da estrada provincial EP2702 celebraron unha asemblea o pasado s\u00e1bado 23 de outubro na que acordaron constitu\u00edrse nunha Plataforma para defender as s\u00faas demandas\" \/>\n<meta property=\"og:url\" content=\"https:\/\/www.anovapeneira.gal\/index.php\/2021\/11\/12\/crease-unha-plataforma-para-demandar-melloras-na-ep2702\/\" \/>\n<meta property=\"article:publisher\" content=\"https:\/\/www.facebook.com\/anovapeneira\" \/>\n<meta property=\"article:published_time\" content=\"2021-11-12T11:00:23+00:00\" \/>\n<meta property=\"og:image\" content=\"https:\/\/www.anovapeneira.gal\/wp-content\/uploads\/2020\/11\/estrada_amoedo_os_valos.jpg\" \/>\n\t<meta property=\"og:image:width\" content=\"720\" \/>\n\t<meta property=\"og:image:height\" content=\"432\" \/>\n\t<meta property=\"og:image:type\" content=\"image\/jpeg\" \/>\n<meta name=\"author\" content=\"Redacci\u00f3n A Nova Peneira\" \/>\n<meta name=\"twitter:card\" content=\"summary_large_image\" \/>\n<meta name=\"twitter:creator\" content=\"@APeneira\" \/>\n<meta name=\"twitter:site\" content=\"@APeneira\" \/>\n<meta name=\"twitter:label1\" content=\"Escrito por\" \/>\n\t<meta name=\"twitter:data1\" content=\"Redacci\u00f3n A Nova Peneira\" \/>\n\t<meta name=\"twitter:label2\" content=\"Tempo de lectura\" \/>\n\t<meta name=\"twitter:data2\" content=\"2 minutos\" \/>\n<script type=\"application\/ld+json\" class=\"yoast-schema-graph\">{\"@context\":\"https:\\\/\\\/schema.org\",\"@graph\":[{\"@type\":\"Article\",\"@id\":\"https:\\\/\\\/www.anovapeneira.gal\\\/index.php\\\/2021\\\/11\\\/12\\\/crease-unha-plataforma-para-demandar-melloras-na-ep2702\\\/#article\",\"isPartOf\":{\"@id\":\"https:\\\/\\\/www.anovapeneira.gal\\\/index.php\\\/2021\\\/11\\\/12\\\/crease-unha-plataforma-para-demandar-melloras-na-ep2702\\\/\"},\"author\":{\"name\":\"Redacci\u00f3n A Nova Peneira\",\"@id\":\"https:\\\/\\\/www.anovapeneira.gal\\\/#\\\/schema\\\/person\\\/b93e3f8932e3f8da96334607eb6ac6aa\"},\"headline\":\"Crease unha plataforma para demandar melloras na EP2702\",\"datePublished\":\"2021-11-12T11:00:23+00:00\",\"mainEntityOfPage\":{\"@id\":\"https:\\\/\\\/www.anovapeneira.gal\\\/index.php\\\/2021\\\/11\\\/12\\\/crease-unha-plataforma-para-demandar-melloras-na-ep2702\\\/\"},\"wordCount\":477,\"commentCount\":0,\"publisher\":{\"@id\":\"https:\\\/\\\/www.anovapeneira.gal\\\/#organization\"},\"image\":{\"@id\":\"https:\\\/\\\/www.anovapeneira.gal\\\/index.php\\\/2021\\\/11\\\/12\\\/crease-unha-plataforma-para-demandar-melloras-na-ep2702\\\/#primaryimage\"},\"thumbnailUrl\":\"https:\\\/\\\/www.anovapeneira.gal\\\/wp-content\\\/uploads\\\/2020\\\/11\\\/estrada_amoedo_os_valos.jpg\",\"keywords\":[\"Concello de Pazos de Borb\u00e9n\"],\"articleSection\":[\"Redondela\"],\"inLanguage\":\"gl-ES\",\"potentialAction\":[{\"@type\":\"CommentAction\",\"name\":\"Comment\",\"target\":[\"https:\\\/\\\/www.anovapeneira.gal\\\/index.php\\\/2021\\\/11\\\/12\\\/crease-unha-plataforma-para-demandar-melloras-na-ep2702\\\/#respond\"]}]},{\"@type\":\"WebPage\",\"@id\":\"https:\\\/\\\/www.anovapeneira.gal\\\/index.php\\\/2021\\\/11\\\/12\\\/crease-unha-plataforma-para-demandar-melloras-na-ep2702\\\/\",\"url\":\"https:\\\/\\\/www.anovapeneira.gal\\\/index.php\\\/2021\\\/11\\\/12\\\/crease-unha-plataforma-para-demandar-melloras-na-ep2702\\\/\",\"name\":\"Crease unha plataforma para demandar melloras na EP2702 -\",\"isPartOf\":{\"@id\":\"https:\\\/\\\/www.anovapeneira.gal\\\/#website\"},\"primaryImageOfPage\":{\"@id\":\"https:\\\/\\\/www.anovapeneira.gal\\\/index.php\\\/2021\\\/11\\\/12\\\/crease-unha-plataforma-para-demandar-melloras-na-ep2702\\\/#primaryimage\"},\"image\":{\"@id\":\"https:\\\/\\\/www.anovapeneira.gal\\\/index.php\\\/2021\\\/11\\\/12\\\/crease-unha-plataforma-para-demandar-melloras-na-ep2702\\\/#primaryimage\"},\"thumbnailUrl\":\"https:\\\/\\\/www.anovapeneira.gal\\\/wp-content\\\/uploads\\\/2020\\\/11\\\/estrada_amoedo_os_valos.jpg\",\"datePublished\":\"2021-11-12T11:00:23+00:00\",\"description\":\"Veci\u00f1os e veci\u00f1as afectados polas deficiencias da estrada provincial EP2702 celebraron unha asemblea o pasado s\u00e1bado 23 de outubro na que acordaron constitu\u00edrse nunha Plataforma para defender as s\u00faas demandas\",\"breadcrumb\":{\"@id\":\"https:\\\/\\\/www.anovapeneira.gal\\\/index.php\\\/2021\\\/11\\\/12\\\/crease-unha-plataforma-para-demandar-melloras-na-ep2702\\\/#breadcrumb\"},\"inLanguage\":\"gl-ES\",\"potentialAction\":[{\"@type\":\"ReadAction\",\"target\":[\"https:\\\/\\\/www.anovapeneira.gal\\\/index.php\\\/2021\\\/11\\\/12\\\/crease-unha-plataforma-para-demandar-melloras-na-ep2702\\\/\"]}]},{\"@type\":\"ImageObject\",\"inLanguage\":\"gl-ES\",\"@id\":\"https:\\\/\\\/www.anovapeneira.gal\\\/index.php\\\/2021\\\/11\\\/12\\\/crease-unha-plataforma-para-demandar-melloras-na-ep2702\\\/#primaryimage\",\"url\":\"https:\\\/\\\/www.anovapeneira.gal\\\/wp-content\\\/uploads\\\/2020\\\/11\\\/estrada_amoedo_os_valos.jpg\",\"contentUrl\":\"https:\\\/\\\/www.anovapeneira.gal\\\/wp-content\\\/uploads\\\/2020\\\/11\\\/estrada_amoedo_os_valos.jpg\",\"width\":720,\"height\":432,\"caption\":\"O arranxo da estrada Amoedo-Os Valos acumula atrasos por falta de xesti\u00f3n do Concello\"},{\"@type\":\"BreadcrumbList\",\"@id\":\"https:\\\/\\\/www.anovapeneira.gal\\\/index.php\\\/2021\\\/11\\\/12\\\/crease-unha-plataforma-para-demandar-melloras-na-ep2702\\\/#breadcrumb\",\"itemListElement\":[{\"@type\":\"ListItem\",\"position\":1,\"name\":\"Portada\",\"item\":\"https:\\\/\\\/www.anovapeneira.gal\\\/\"},{\"@type\":\"ListItem\",\"position\":2,\"name\":\"Crease unha plataforma para demandar melloras na EP2702\"}]},{\"@type\":\"WebSite\",\"@id\":\"https:\\\/\\\/www.anovapeneira.gal\\\/#website\",\"url\":\"https:\\\/\\\/www.anovapeneira.gal\\\/\",\"name\":\"\",\"description\":\"Xornal galego de informaci\u00f3n xeral Publicaci\u00f3n mensual de novas de Galicia e en especial dos Concellos da sur da provincia de Pontevedra.\",\"publisher\":{\"@id\":\"https:\\\/\\\/www.anovapeneira.gal\\\/#organization\"},\"potentialAction\":[{\"@type\":\"SearchAction\",\"target\":{\"@type\":\"EntryPoint\",\"urlTemplate\":\"https:\\\/\\\/www.anovapeneira.gal\\\/?s={search_term_string}\"},\"query-input\":{\"@type\":\"PropertyValueSpecification\",\"valueRequired\":true,\"valueName\":\"search_term_string\"}}],\"inLanguage\":\"gl-ES\"},{\"@type\":\"Organization\",\"@id\":\"https:\\\/\\\/www.anovapeneira.gal\\\/#organization\",\"name\":\"A Nova Peneira\",\"url\":\"https:\\\/\\\/www.anovapeneira.gal\\\/\",\"logo\":{\"@type\":\"ImageObject\",\"inLanguage\":\"gl-ES\",\"@id\":\"https:\\\/\\\/www.anovapeneira.gal\\\/#\\\/schema\\\/logo\\\/image\\\/\",\"url\":\"http:\\\/\\\/www.anovapeneira.gal\\\/wp-content\\\/uploads\\\/2019\\\/06\\\/logo_a_nova_peneira_portal_web.png\",\"contentUrl\":\"http:\\\/\\\/www.anovapeneira.gal\\\/wp-content\\\/uploads\\\/2019\\\/06\\\/logo_a_nova_peneira_portal_web.png\",\"width\":300,\"height\":100,\"caption\":\"A Nova Peneira\"},\"image\":{\"@id\":\"https:\\\/\\\/www.anovapeneira.gal\\\/#\\\/schema\\\/logo\\\/image\\\/\"},\"sameAs\":[\"https:\\\/\\\/www.facebook.com\\\/anovapeneira\",\"https:\\\/\\\/x.com\\\/APeneira\"]},{\"@type\":\"Person\",\"@id\":\"https:\\\/\\\/www.anovapeneira.gal\\\/#\\\/schema\\\/person\\\/b93e3f8932e3f8da96334607eb6ac6aa\",\"name\":\"Redacci\u00f3n A Nova Peneira\",\"image\":{\"@type\":\"ImageObject\",\"inLanguage\":\"gl-ES\",\"@id\":\"https:\\\/\\\/secure.gravatar.com\\\/avatar\\\/c052a2551a06e23fac63626232eaa90abd78dbcf1700fc46a2b2c89fd27b735f?s=96&d=mm&r=g\",\"url\":\"https:\\\/\\\/secure.gravatar.com\\\/avatar\\\/c052a2551a06e23fac63626232eaa90abd78dbcf1700fc46a2b2c89fd27b735f?s=96&d=mm&r=g\",\"contentUrl\":\"https:\\\/\\\/secure.gravatar.com\\\/avatar\\\/c052a2551a06e23fac63626232eaa90abd78dbcf1700fc46a2b2c89fd27b735f?s=96&d=mm&r=g\",\"caption\":\"Redacci\u00f3n A Nova Peneira\"},\"sameAs\":[\"http:\\\/\\\/www.anovapeneira.gal\\\/\"],\"url\":\"https:\\\/\\\/www.anovapeneira.gal\\\/index.php\\\/author\\\/redactor\\\/\"}]}<\/script>\n<!-- \/ Yoast SEO plugin. -->","yoast_head_json":{"title":"Crease unha plataforma para demandar melloras na EP2702 -","description":"Veci\u00f1os e veci\u00f1as afectados polas deficiencias da estrada provincial EP2702 celebraron unha asemblea o pasado s\u00e1bado 23 de outubro na que acordaron constitu\u00edrse nunha Plataforma para defender as s\u00faas demandas","robots":{"index":"index","follow":"follow","max-snippet":"max-snippet:-1","max-image-preview":"max-image-preview:large","max-video-preview":"max-video-preview:-1"},"canonical":"https:\/\/www.anovapeneira.gal\/index.php\/2021\/11\/12\/crease-unha-plataforma-para-demandar-melloras-na-ep2702\/","og_locale":"gl_ES","og_type":"article","og_title":"Crease unha plataforma para demandar melloras na EP2702 -","og_description":"Veci\u00f1os e veci\u00f1as afectados polas deficiencias da estrada provincial EP2702 celebraron unha asemblea o pasado s\u00e1bado 23 de outubro na que acordaron constitu\u00edrse nunha Plataforma para defender as s\u00faas demandas","og_url":"https:\/\/www.anovapeneira.gal\/index.php\/2021\/11\/12\/crease-unha-plataforma-para-demandar-melloras-na-ep2702\/","article_publisher":"https:\/\/www.facebook.com\/anovapeneira","article_published_time":"2021-11-12T11:00:23+00:00","og_image":[{"width":720,"height":432,"url":"https:\/\/www.anovapeneira.gal\/wp-content\/uploads\/2020\/11\/estrada_amoedo_os_valos.jpg","type":"image\/jpeg"}],"author":"Redacci\u00f3n A Nova Peneira","twitter_card":"summary_large_image","twitter_creator":"@APeneira","twitter_site":"@APeneira","twitter_misc":{"Escrito por":"Redacci\u00f3n A Nova Peneira","Tempo de lectura":"2 minutos"},"schema":{"@context":"https:\/\/schema.org","@graph":[{"@type":"Article","@id":"https:\/\/www.anovapeneira.gal\/index.php\/2021\/11\/12\/crease-unha-plataforma-para-demandar-melloras-na-ep2702\/#article","isPartOf":{"@id":"https:\/\/www.anovapeneira.gal\/index.php\/2021\/11\/12\/crease-unha-plataforma-para-demandar-melloras-na-ep2702\/"},"author":{"name":"Redacci\u00f3n A Nova Peneira","@id":"https:\/\/www.anovapeneira.gal\/#\/schema\/person\/b93e3f8932e3f8da96334607eb6ac6aa"},"headline":"Crease unha plataforma para demandar melloras na EP2702","datePublished":"2021-11-12T11:00:23+00:00","mainEntityOfPage":{"@id":"https:\/\/www.anovapeneira.gal\/index.php\/2021\/11\/12\/crease-unha-plataforma-para-demandar-melloras-na-ep2702\/"},"wordCount":477,"commentCount":0,"publisher":{"@id":"https:\/\/www.anovapeneira.gal\/#organization"},"image":{"@id":"https:\/\/www.anovapeneira.gal\/index.php\/2021\/11\/12\/crease-unha-plataforma-para-demandar-melloras-na-ep2702\/#primaryimage"},"thumbnailUrl":"https:\/\/www.anovapeneira.gal\/wp-content\/uploads\/2020\/11\/estrada_amoedo_os_valos.jpg","keywords":["Concello de Pazos de Borb\u00e9n"],"articleSection":["Redondela"],"inLanguage":"gl-ES","potentialAction":[{"@type":"CommentAction","name":"Comment","target":["https:\/\/www.anovapeneira.gal\/index.php\/2021\/11\/12\/crease-unha-plataforma-para-demandar-melloras-na-ep2702\/#respond"]}]},{"@type":"WebPage","@id":"https:\/\/www.anovapeneira.gal\/index.php\/2021\/11\/12\/crease-unha-plataforma-para-demandar-melloras-na-ep2702\/","url":"https:\/\/www.anovapeneira.gal\/index.php\/2021\/11\/12\/crease-unha-plataforma-para-demandar-melloras-na-ep2702\/","name":"Crease unha plataforma para demandar melloras na EP2702 -","isPartOf":{"@id":"https:\/\/www.anovapeneira.gal\/#website"},"primaryImageOfPage":{"@id":"https:\/\/www.anovapeneira.gal\/index.php\/2021\/11\/12\/crease-unha-plataforma-para-demandar-melloras-na-ep2702\/#primaryimage"},"image":{"@id":"https:\/\/www.anovapeneira.gal\/index.php\/2021\/11\/12\/crease-unha-plataforma-para-demandar-melloras-na-ep2702\/#primaryimage"},"thumbnailUrl":"https:\/\/www.anovapeneira.gal\/wp-content\/uploads\/2020\/11\/estrada_amoedo_os_valos.jpg","datePublished":"2021-11-12T11:00:23+00:00","description":"Veci\u00f1os e veci\u00f1as afectados polas deficiencias da estrada provincial EP2702 celebraron unha asemblea o pasado s\u00e1bado 23 de outubro na que acordaron constitu\u00edrse nunha Plataforma para defender as s\u00faas demandas","breadcrumb":{"@id":"https:\/\/www.anovapeneira.gal\/index.php\/2021\/11\/12\/crease-unha-plataforma-para-demandar-melloras-na-ep2702\/#breadcrumb"},"inLanguage":"gl-ES","potentialAction":[{"@type":"ReadAction","target":["https:\/\/www.anovapeneira.gal\/index.php\/2021\/11\/12\/crease-unha-plataforma-para-demandar-melloras-na-ep2702\/"]}]},{"@type":"ImageObject","inLanguage":"gl-ES","@id":"https:\/\/www.anovapeneira.gal\/index.php\/2021\/11\/12\/crease-unha-plataforma-para-demandar-melloras-na-ep2702\/#primaryimage","url":"https:\/\/www.anovapeneira.gal\/wp-content\/uploads\/2020\/11\/estrada_amoedo_os_valos.jpg","contentUrl":"https:\/\/www.anovapeneira.gal\/wp-content\/uploads\/2020\/11\/estrada_amoedo_os_valos.jpg","width":720,"height":432,"caption":"O arranxo da estrada Amoedo-Os Valos acumula atrasos por falta de xesti\u00f3n do Concello"},{"@type":"BreadcrumbList","@id":"https:\/\/www.anovapeneira.gal\/index.php\/2021\/11\/12\/crease-unha-plataforma-para-demandar-melloras-na-ep2702\/#breadcrumb","itemListElement":[{"@type":"ListItem","position":1,"name":"Portada","item":"https:\/\/www.anovapeneira.gal\/"},{"@type":"ListItem","position":2,"name":"Crease unha plataforma para demandar melloras na EP2702"}]},{"@type":"WebSite","@id":"https:\/\/www.anovapeneira.gal\/#website","url":"https:\/\/www.anovapeneira.gal\/","name":"","description":"Xornal galego de informaci\u00f3n xeral Publicaci\u00f3n mensual de novas de Galicia e en especial dos Concellos da sur da provincia de Pontevedra.","publisher":{"@id":"https:\/\/www.anovapeneira.gal\/#organization"},"potentialAction":[{"@type":"SearchAction","target":{"@type":"EntryPoint","urlTemplate":"https:\/\/www.anovapeneira.gal\/?s={search_term_string}"},"query-input":{"@type":"PropertyValueSpecification","valueRequired":true,"valueName":"search_term_string"}}],"inLanguage":"gl-ES"},{"@type":"Organization","@id":"https:\/\/www.anovapeneira.gal\/#organization","name":"A Nova Peneira","url":"https:\/\/www.anovapeneira.gal\/","logo":{"@type":"ImageObject","inLanguage":"gl-ES","@id":"https:\/\/www.anovapeneira.gal\/#\/schema\/logo\/image\/","url":"http:\/\/www.anovapeneira.gal\/wp-content\/uploads\/2019\/06\/logo_a_nova_peneira_portal_web.png","contentUrl":"http:\/\/www.anovapeneira.gal\/wp-content\/uploads\/2019\/06\/logo_a_nova_peneira_portal_web.png","width":300,"height":100,"caption":"A Nova Peneira"},"image":{"@id":"https:\/\/www.anovapeneira.gal\/#\/schema\/logo\/image\/"},"sameAs":["https:\/\/www.facebook.com\/anovapeneira","https:\/\/x.com\/APeneira"]},{"@type":"Person","@id":"https:\/\/www.anovapeneira.gal\/#\/schema\/person\/b93e3f8932e3f8da96334607eb6ac6aa","name":"Redacci\u00f3n A Nova Peneira","image":{"@type":"ImageObject","inLanguage":"gl-ES","@id":"https:\/\/secure.gravatar.com\/avatar\/c052a2551a06e23fac63626232eaa90abd78dbcf1700fc46a2b2c89fd27b735f?s=96&d=mm&r=g","url":"https:\/\/secure.gravatar.com\/avatar\/c052a2551a06e23fac63626232eaa90abd78dbcf1700fc46a2b2c89fd27b735f?s=96&d=mm&r=g","contentUrl":"https:\/\/secure.gravatar.com\/avatar\/c052a2551a06e23fac63626232eaa90abd78dbcf1700fc46a2b2c89fd27b735f?s=96&d=mm&r=g","caption":"Redacci\u00f3n A Nova Peneira"},"sameAs":["http:\/\/www.anovapeneira.gal\/"],"url":"https:\/\/www.anovapeneira.gal\/index.php\/author\/redactor\/"}]}},"jetpack_featured_media_url":"https:\/\/www.anovapeneira.gal\/wp-content\/uploads\/2020\/11\/estrada_amoedo_os_valos.jpg","_links":{"self":[{"href":"https:\/\/www.anovapeneira.gal\/index.php\/wp-json\/wp\/v2\/posts\/6405","targetHints":{"allow":["GET"]}}],"collection":[{"href":"https:\/\/www.anovapeneira.gal\/index.php\/wp-json\/wp\/v2\/posts"}],"about":[{"href":"https:\/\/www.anovapeneira.gal\/index.php\/wp-json\/wp\/v2\/types\/post"}],"author":[{"embeddable":true,"href":"https:\/\/www.anovapeneira.gal\/index.php\/wp-json\/wp\/v2\/users\/3"}],"replies":[{"embeddable":true,"href":"https:\/\/www.anovapeneira.gal\/index.php\/wp-json\/wp\/v2\/comments?post=6405"}],"version-history":[{"count":1,"href":"https:\/\/www.anovapeneira.gal\/index.php\/wp-json\/wp\/v2\/posts\/6405\/revisions"}],"predecessor-version":[{"id":6406,"href":"https:\/\/www.anovapeneira.gal\/index.php\/wp-json\/wp\/v2\/posts\/6405\/revisions\/6406"}],"wp:featuredmedia":[{"embeddable":true,"href":"https:\/\/www.anovapeneira.gal\/index.php\/wp-json\/wp\/v2\/media\/4218"}],"wp:attachment":[{"href":"https:\/\/www.anovapeneira.gal\/index.php\/wp-json\/wp\/v2\/media?parent=6405"}],"wp:term":[{"taxonomy":"category","embeddable":true,"href":"https:\/\/www.anovapeneira.gal\/index.php\/wp-json\/wp\/v2\/categories?post=6405"},{"taxonomy":"post_tag","embeddable":true,"href":"https:\/\/www.anovapeneira.gal\/index.php\/wp-json\/wp\/v2\/tags?post=6405"}],"curies":[{"name":"wp","href":"https:\/\/api.w.org\/{rel}","templated":true}]}}