{"id":6407,"date":"2021-11-15T10:00:26","date_gmt":"2021-11-15T09:00:26","guid":{"rendered":"https:\/\/www.anovapeneira.gal\/?p=6407"},"modified":"2021-11-05T13:51:03","modified_gmt":"2021-11-05T12:51:03","slug":"o-mercado-de-nadal-do-rosal-tera-oito-postos-adicados-a-artesania-asociacions-e-vendedores-gastronomicos","status":"publish","type":"post","link":"https:\/\/www.anovapeneira.gal\/index.php\/2021\/11\/15\/o-mercado-de-nadal-do-rosal-tera-oito-postos-adicados-a-artesania-asociacions-e-vendedores-gastronomicos\/","title":{"rendered":"O mercado de Nadal do Rosal ter\u00e1 oito postos adicados a artesan\u00eda, asociaci\u00f3ns e vendedores gastron\u00f3micos"},"content":{"rendered":"\n<h2 class=\"wp-block-heading\"><strong>As persoas interesadas poden presentarse ata o vindeiro 23 de novembro e a selecci\u00f3n ser\u00e1 por orde de inscrici\u00f3n<\/strong><\/h2>\n\n\n\n<p><strong>O Rosal, 05 de novembro de 2021<\/strong><\/p>\n\n\n\n<p>O Concello do Rosal xa est\u00e1 a preparar o Nadal. Este ano organiza un mercado con oito postos para que os artes\u00e1ns, as asociaci\u00f3ns e os vendedores gastron\u00f3micos poidan vender os seus produtos no centro do municipio. Ter\u00e1 lugar os d\u00edas os d\u00edas 4, 5 e 6 de decembro no sal\u00f3n de exposici\u00f3ns do Concello de 11:00 a 14:00 h e de 17:00 a 21:00 h. A alcaldesa, \u00c1nxela Fern\u00e1ndez, destaca que \u201co mercado vai ser un espazo de oportunidades para que as persoas que realizan traballos relacionados coa artesan\u00eda e o dese\u00f1o poidan visibilizar o seu traballo e talento creativo\u201d.<\/p>\n\n\n\n<figure class=\"wp-block-image size-large\"><img loading=\"lazy\" decoding=\"async\" width=\"724\" height=\"1024\" src=\"https:\/\/www.anovapeneira.gal\/wp-content\/uploads\/2021\/11\/MERCADO-DE-NADAL-inscricio\u0301ns-724x1024.jpg\" alt=\"\" class=\"wp-image-6410\" srcset=\"https:\/\/www.anovapeneira.gal\/wp-content\/uploads\/2021\/11\/MERCADO-DE-NADAL-inscricio\u0301ns-724x1024.jpg 724w, https:\/\/www.anovapeneira.gal\/wp-content\/uploads\/2021\/11\/MERCADO-DE-NADAL-inscricio\u0301ns-212x300.jpg 212w, https:\/\/www.anovapeneira.gal\/wp-content\/uploads\/2021\/11\/MERCADO-DE-NADAL-inscricio\u0301ns-768x1086.jpg 768w, https:\/\/www.anovapeneira.gal\/wp-content\/uploads\/2021\/11\/MERCADO-DE-NADAL-inscricio\u0301ns-1086x1536.jpg 1086w, https:\/\/www.anovapeneira.gal\/wp-content\/uploads\/2021\/11\/MERCADO-DE-NADAL-inscricio\u0301ns-1448x2048.jpg 1448w, https:\/\/www.anovapeneira.gal\/wp-content\/uploads\/2021\/11\/MERCADO-DE-NADAL-inscricio\u0301ns-scaled.jpg 1810w\" sizes=\"auto, (max-width: 724px) 100vw, 724px\" \/><\/figure>\n\n\n\n<p>As persoas interesadas poder\u00e1n presentar as s\u00faas solicitudes ata o vindeiro 23 de novembro e a selecci\u00f3n ser\u00e1 por orde de inscrici\u00f3n. Deber\u00e1n entregar no Rexistro do Concello dende o luns 8 de novembro \u00e1s 08.00 horas o DNI, o carn\u00e9 de manipulador de alimentos (s\u00f3 vendedores de produtos gastron\u00f3micos que non te\u00f1an pasado controis de calidade), a solicitude de inscrici\u00f3n sinalando concretamente os produtos que se van vender e unha declaraci\u00f3n de responsabilidade.<\/p>\n\n\n\n<p>O n\u00famero m\u00e1ximo de postos ser\u00e1 de oito conced\u00e9ndose un \u00fanico posto por participante. Cada un deles ter\u00e1 unha dimensi\u00f3n de 4 metros de largo por 1 metro de ancho. Quedar\u00e1 da man de cada persoa a decoraci\u00f3n do posto da forma m\u00e1is atractiva posible adecu\u00e1ndose \u00e1 tem\u00e1tica do Nadal. A alcaldesa anima \u201c\u00e1s asociaci\u00f3ns, aos artes\u00e1ns e aos vendedores de produtos gastron\u00f3micos a sumarse a este mercado para desfrutar do Nadal xuntos e xuntas\u201d.<\/p>\n","protected":false},"excerpt":{"rendered":"<div class=\"mh-excerpt\"><p>As persoas interesadas poden presentarse ata o vindeiro 23 de novembro e a selecci\u00f3n ser\u00e1 por orde de inscrici\u00f3n <a class=\"mh-excerpt-more\" href=\"https:\/\/www.anovapeneira.gal\/index.php\/2021\/11\/15\/o-mercado-de-nadal-do-rosal-tera-oito-postos-adicados-a-artesania-asociacions-e-vendedores-gastronomicos\/\" title=\"O mercado de Nadal do Rosal ter\u00e1 oito postos adicados a artesan\u00eda, asociaci\u00f3ns e vendedores gastron\u00f3micos\">[&#8230;]<\/a><\/p>\n<\/div>","protected":false},"author":3,"featured_media":6409,"comment_status":"open","ping_status":"open","sticky":false,"template":"","format":"standard","meta":{"_exactmetrics_skip_tracking":false,"_exactmetrics_sitenote_active":false,"_exactmetrics_sitenote_note":"","_exactmetrics_sitenote_category":0,"footnotes":""},"categories":[21],"tags":[131],"class_list":{"0":"post-6407","1":"post","2":"type-post","3":"status-publish","4":"format-standard","5":"has-post-thumbnail","7":"category-baixo-mino","8":"tag-concello-do-rosal"},"yoast_head":"<!-- This site is optimized with the Yoast SEO plugin v27.4 - https:\/\/yoast.com\/product\/yoast-seo-wordpress\/ -->\n<title>O mercado de Nadal do Rosal ter\u00e1 oito postos adicados a artesan\u00eda, asociaci\u00f3ns e vendedores gastron\u00f3micos -<\/title>\n<meta name=\"description\" content=\"As persoas interesadas poden presentarse ata o vindeiro 23 de novembro e a selecci\u00f3n ser\u00e1 por orde de inscrici\u00f3n\" \/>\n<meta name=\"robots\" content=\"index, follow, max-snippet:-1, max-image-preview:large, max-video-preview:-1\" \/>\n<link rel=\"canonical\" href=\"https:\/\/www.anovapeneira.gal\/index.php\/2021\/11\/15\/o-mercado-de-nadal-do-rosal-tera-oito-postos-adicados-a-artesania-asociacions-e-vendedores-gastronomicos\/\" \/>\n<meta property=\"og:locale\" content=\"gl_ES\" \/>\n<meta property=\"og:type\" content=\"article\" \/>\n<meta property=\"og:title\" content=\"O mercado de Nadal do Rosal ter\u00e1 oito postos adicados a artesan\u00eda, asociaci\u00f3ns e vendedores gastron\u00f3micos -\" \/>\n<meta property=\"og:description\" content=\"As persoas interesadas poden presentarse ata o vindeiro 23 de novembro e a selecci\u00f3n ser\u00e1 por orde de inscrici\u00f3n\" \/>\n<meta property=\"og:url\" content=\"https:\/\/www.anovapeneira.gal\/index.php\/2021\/11\/15\/o-mercado-de-nadal-do-rosal-tera-oito-postos-adicados-a-artesania-asociacions-e-vendedores-gastronomicos\/\" \/>\n<meta property=\"article:publisher\" content=\"https:\/\/www.facebook.com\/anovapeneira\" \/>\n<meta property=\"article:published_time\" content=\"2021-11-15T09:00:26+00:00\" \/>\n<meta property=\"og:image\" content=\"https:\/\/www.anovapeneira.gal\/wp-content\/uploads\/2021\/11\/Mercado-de-Nadal-rosal.jpg\" \/>\n\t<meta property=\"og:image:width\" content=\"720\" \/>\n\t<meta property=\"og:image:height\" content=\"432\" \/>\n\t<meta property=\"og:image:type\" content=\"image\/jpeg\" \/>\n<meta name=\"author\" content=\"Redacci\u00f3n A Nova Peneira\" \/>\n<meta name=\"twitter:card\" content=\"summary_large_image\" \/>\n<meta name=\"twitter:creator\" content=\"@APeneira\" \/>\n<meta name=\"twitter:site\" content=\"@APeneira\" \/>\n<meta name=\"twitter:label1\" content=\"Escrito por\" \/>\n\t<meta name=\"twitter:data1\" content=\"Redacci\u00f3n A Nova Peneira\" \/>\n\t<meta name=\"twitter:label2\" content=\"Tempo de lectura\" \/>\n\t<meta name=\"twitter:data2\" content=\"2 minutos\" \/>\n<script type=\"application\/ld+json\" class=\"yoast-schema-graph\">{\"@context\":\"https:\\\/\\\/schema.org\",\"@graph\":[{\"@type\":\"Article\",\"@id\":\"https:\\\/\\\/www.anovapeneira.gal\\\/index.php\\\/2021\\\/11\\\/15\\\/o-mercado-de-nadal-do-rosal-tera-oito-postos-adicados-a-artesania-asociacions-e-vendedores-gastronomicos\\\/#article\",\"isPartOf\":{\"@id\":\"https:\\\/\\\/www.anovapeneira.gal\\\/index.php\\\/2021\\\/11\\\/15\\\/o-mercado-de-nadal-do-rosal-tera-oito-postos-adicados-a-artesania-asociacions-e-vendedores-gastronomicos\\\/\"},\"author\":{\"name\":\"Redacci\u00f3n A Nova Peneira\",\"@id\":\"https:\\\/\\\/www.anovapeneira.gal\\\/#\\\/schema\\\/person\\\/b93e3f8932e3f8da96334607eb6ac6aa\"},\"headline\":\"O mercado de Nadal do Rosal ter\u00e1 oito postos adicados a artesan\u00eda, asociaci\u00f3ns e vendedores gastron\u00f3micos\",\"datePublished\":\"2021-11-15T09:00:26+00:00\",\"mainEntityOfPage\":{\"@id\":\"https:\\\/\\\/www.anovapeneira.gal\\\/index.php\\\/2021\\\/11\\\/15\\\/o-mercado-de-nadal-do-rosal-tera-oito-postos-adicados-a-artesania-asociacions-e-vendedores-gastronomicos\\\/\"},\"wordCount\":311,\"commentCount\":0,\"publisher\":{\"@id\":\"https:\\\/\\\/www.anovapeneira.gal\\\/#organization\"},\"image\":{\"@id\":\"https:\\\/\\\/www.anovapeneira.gal\\\/index.php\\\/2021\\\/11\\\/15\\\/o-mercado-de-nadal-do-rosal-tera-oito-postos-adicados-a-artesania-asociacions-e-vendedores-gastronomicos\\\/#primaryimage\"},\"thumbnailUrl\":\"https:\\\/\\\/www.anovapeneira.gal\\\/wp-content\\\/uploads\\\/2021\\\/11\\\/Mercado-de-Nadal-rosal.jpg\",\"keywords\":[\"Concello do Rosal\"],\"articleSection\":[\"Baixo Mi\u00f1o\"],\"inLanguage\":\"gl-ES\",\"potentialAction\":[{\"@type\":\"CommentAction\",\"name\":\"Comment\",\"target\":[\"https:\\\/\\\/www.anovapeneira.gal\\\/index.php\\\/2021\\\/11\\\/15\\\/o-mercado-de-nadal-do-rosal-tera-oito-postos-adicados-a-artesania-asociacions-e-vendedores-gastronomicos\\\/#respond\"]}]},{\"@type\":\"WebPage\",\"@id\":\"https:\\\/\\\/www.anovapeneira.gal\\\/index.php\\\/2021\\\/11\\\/15\\\/o-mercado-de-nadal-do-rosal-tera-oito-postos-adicados-a-artesania-asociacions-e-vendedores-gastronomicos\\\/\",\"url\":\"https:\\\/\\\/www.anovapeneira.gal\\\/index.php\\\/2021\\\/11\\\/15\\\/o-mercado-de-nadal-do-rosal-tera-oito-postos-adicados-a-artesania-asociacions-e-vendedores-gastronomicos\\\/\",\"name\":\"O mercado de Nadal do Rosal ter\u00e1 oito postos adicados a artesan\u00eda, asociaci\u00f3ns e vendedores gastron\u00f3micos -\",\"isPartOf\":{\"@id\":\"https:\\\/\\\/www.anovapeneira.gal\\\/#website\"},\"primaryImageOfPage\":{\"@id\":\"https:\\\/\\\/www.anovapeneira.gal\\\/index.php\\\/2021\\\/11\\\/15\\\/o-mercado-de-nadal-do-rosal-tera-oito-postos-adicados-a-artesania-asociacions-e-vendedores-gastronomicos\\\/#primaryimage\"},\"image\":{\"@id\":\"https:\\\/\\\/www.anovapeneira.gal\\\/index.php\\\/2021\\\/11\\\/15\\\/o-mercado-de-nadal-do-rosal-tera-oito-postos-adicados-a-artesania-asociacions-e-vendedores-gastronomicos\\\/#primaryimage\"},\"thumbnailUrl\":\"https:\\\/\\\/www.anovapeneira.gal\\\/wp-content\\\/uploads\\\/2021\\\/11\\\/Mercado-de-Nadal-rosal.jpg\",\"datePublished\":\"2021-11-15T09:00:26+00:00\",\"description\":\"As persoas interesadas poden presentarse ata o vindeiro 23 de novembro e a selecci\u00f3n ser\u00e1 por orde de inscrici\u00f3n\",\"breadcrumb\":{\"@id\":\"https:\\\/\\\/www.anovapeneira.gal\\\/index.php\\\/2021\\\/11\\\/15\\\/o-mercado-de-nadal-do-rosal-tera-oito-postos-adicados-a-artesania-asociacions-e-vendedores-gastronomicos\\\/#breadcrumb\"},\"inLanguage\":\"gl-ES\",\"potentialAction\":[{\"@type\":\"ReadAction\",\"target\":[\"https:\\\/\\\/www.anovapeneira.gal\\\/index.php\\\/2021\\\/11\\\/15\\\/o-mercado-de-nadal-do-rosal-tera-oito-postos-adicados-a-artesania-asociacions-e-vendedores-gastronomicos\\\/\"]}]},{\"@type\":\"ImageObject\",\"inLanguage\":\"gl-ES\",\"@id\":\"https:\\\/\\\/www.anovapeneira.gal\\\/index.php\\\/2021\\\/11\\\/15\\\/o-mercado-de-nadal-do-rosal-tera-oito-postos-adicados-a-artesania-asociacions-e-vendedores-gastronomicos\\\/#primaryimage\",\"url\":\"https:\\\/\\\/www.anovapeneira.gal\\\/wp-content\\\/uploads\\\/2021\\\/11\\\/Mercado-de-Nadal-rosal.jpg\",\"contentUrl\":\"https:\\\/\\\/www.anovapeneira.gal\\\/wp-content\\\/uploads\\\/2021\\\/11\\\/Mercado-de-Nadal-rosal.jpg\",\"width\":720,\"height\":432,\"caption\":\"O mercado de Nadal do Rosal ter\u00e1 oito postos adicados a artesan\u00eda, asociaci\u00f3ns e vendedores gastron\u00f3micos\"},{\"@type\":\"BreadcrumbList\",\"@id\":\"https:\\\/\\\/www.anovapeneira.gal\\\/index.php\\\/2021\\\/11\\\/15\\\/o-mercado-de-nadal-do-rosal-tera-oito-postos-adicados-a-artesania-asociacions-e-vendedores-gastronomicos\\\/#breadcrumb\",\"itemListElement\":[{\"@type\":\"ListItem\",\"position\":1,\"name\":\"Portada\",\"item\":\"https:\\\/\\\/www.anovapeneira.gal\\\/\"},{\"@type\":\"ListItem\",\"position\":2,\"name\":\"O mercado de Nadal do Rosal ter\u00e1 oito postos adicados a artesan\u00eda, asociaci\u00f3ns e vendedores gastron\u00f3micos\"}]},{\"@type\":\"WebSite\",\"@id\":\"https:\\\/\\\/www.anovapeneira.gal\\\/#website\",\"url\":\"https:\\\/\\\/www.anovapeneira.gal\\\/\",\"name\":\"\",\"description\":\"Xornal galego de informaci\u00f3n xeral Publicaci\u00f3n mensual de novas de Galicia e en especial dos Concellos da sur da provincia de Pontevedra.\",\"publisher\":{\"@id\":\"https:\\\/\\\/www.anovapeneira.gal\\\/#organization\"},\"potentialAction\":[{\"@type\":\"SearchAction\",\"target\":{\"@type\":\"EntryPoint\",\"urlTemplate\":\"https:\\\/\\\/www.anovapeneira.gal\\\/?s={search_term_string}\"},\"query-input\":{\"@type\":\"PropertyValueSpecification\",\"valueRequired\":true,\"valueName\":\"search_term_string\"}}],\"inLanguage\":\"gl-ES\"},{\"@type\":\"Organization\",\"@id\":\"https:\\\/\\\/www.anovapeneira.gal\\\/#organization\",\"name\":\"A Nova Peneira\",\"url\":\"https:\\\/\\\/www.anovapeneira.gal\\\/\",\"logo\":{\"@type\":\"ImageObject\",\"inLanguage\":\"gl-ES\",\"@id\":\"https:\\\/\\\/www.anovapeneira.gal\\\/#\\\/schema\\\/logo\\\/image\\\/\",\"url\":\"http:\\\/\\\/www.anovapeneira.gal\\\/wp-content\\\/uploads\\\/2019\\\/06\\\/logo_a_nova_peneira_portal_web.png\",\"contentUrl\":\"http:\\\/\\\/www.anovapeneira.gal\\\/wp-content\\\/uploads\\\/2019\\\/06\\\/logo_a_nova_peneira_portal_web.png\",\"width\":300,\"height\":100,\"caption\":\"A Nova Peneira\"},\"image\":{\"@id\":\"https:\\\/\\\/www.anovapeneira.gal\\\/#\\\/schema\\\/logo\\\/image\\\/\"},\"sameAs\":[\"https:\\\/\\\/www.facebook.com\\\/anovapeneira\",\"https:\\\/\\\/x.com\\\/APeneira\"]},{\"@type\":\"Person\",\"@id\":\"https:\\\/\\\/www.anovapeneira.gal\\\/#\\\/schema\\\/person\\\/b93e3f8932e3f8da96334607eb6ac6aa\",\"name\":\"Redacci\u00f3n A Nova Peneira\",\"image\":{\"@type\":\"ImageObject\",\"inLanguage\":\"gl-ES\",\"@id\":\"https:\\\/\\\/secure.gravatar.com\\\/avatar\\\/c052a2551a06e23fac63626232eaa90abd78dbcf1700fc46a2b2c89fd27b735f?s=96&d=mm&r=g\",\"url\":\"https:\\\/\\\/secure.gravatar.com\\\/avatar\\\/c052a2551a06e23fac63626232eaa90abd78dbcf1700fc46a2b2c89fd27b735f?s=96&d=mm&r=g\",\"contentUrl\":\"https:\\\/\\\/secure.gravatar.com\\\/avatar\\\/c052a2551a06e23fac63626232eaa90abd78dbcf1700fc46a2b2c89fd27b735f?s=96&d=mm&r=g\",\"caption\":\"Redacci\u00f3n A Nova Peneira\"},\"sameAs\":[\"http:\\\/\\\/www.anovapeneira.gal\\\/\"],\"url\":\"https:\\\/\\\/www.anovapeneira.gal\\\/index.php\\\/author\\\/redactor\\\/\"}]}<\/script>\n<!-- \/ Yoast SEO plugin. -->","yoast_head_json":{"title":"O mercado de Nadal do Rosal ter\u00e1 oito postos adicados a artesan\u00eda, asociaci\u00f3ns e vendedores gastron\u00f3micos -","description":"As persoas interesadas poden presentarse ata o vindeiro 23 de novembro e a selecci\u00f3n ser\u00e1 por orde de inscrici\u00f3n","robots":{"index":"index","follow":"follow","max-snippet":"max-snippet:-1","max-image-preview":"max-image-preview:large","max-video-preview":"max-video-preview:-1"},"canonical":"https:\/\/www.anovapeneira.gal\/index.php\/2021\/11\/15\/o-mercado-de-nadal-do-rosal-tera-oito-postos-adicados-a-artesania-asociacions-e-vendedores-gastronomicos\/","og_locale":"gl_ES","og_type":"article","og_title":"O mercado de Nadal do Rosal ter\u00e1 oito postos adicados a artesan\u00eda, asociaci\u00f3ns e vendedores gastron\u00f3micos -","og_description":"As persoas interesadas poden presentarse ata o vindeiro 23 de novembro e a selecci\u00f3n ser\u00e1 por orde de inscrici\u00f3n","og_url":"https:\/\/www.anovapeneira.gal\/index.php\/2021\/11\/15\/o-mercado-de-nadal-do-rosal-tera-oito-postos-adicados-a-artesania-asociacions-e-vendedores-gastronomicos\/","article_publisher":"https:\/\/www.facebook.com\/anovapeneira","article_published_time":"2021-11-15T09:00:26+00:00","og_image":[{"width":720,"height":432,"url":"https:\/\/www.anovapeneira.gal\/wp-content\/uploads\/2021\/11\/Mercado-de-Nadal-rosal.jpg","type":"image\/jpeg"}],"author":"Redacci\u00f3n A Nova Peneira","twitter_card":"summary_large_image","twitter_creator":"@APeneira","twitter_site":"@APeneira","twitter_misc":{"Escrito por":"Redacci\u00f3n A Nova Peneira","Tempo de lectura":"2 minutos"},"schema":{"@context":"https:\/\/schema.org","@graph":[{"@type":"Article","@id":"https:\/\/www.anovapeneira.gal\/index.php\/2021\/11\/15\/o-mercado-de-nadal-do-rosal-tera-oito-postos-adicados-a-artesania-asociacions-e-vendedores-gastronomicos\/#article","isPartOf":{"@id":"https:\/\/www.anovapeneira.gal\/index.php\/2021\/11\/15\/o-mercado-de-nadal-do-rosal-tera-oito-postos-adicados-a-artesania-asociacions-e-vendedores-gastronomicos\/"},"author":{"name":"Redacci\u00f3n A Nova Peneira","@id":"https:\/\/www.anovapeneira.gal\/#\/schema\/person\/b93e3f8932e3f8da96334607eb6ac6aa"},"headline":"O mercado de Nadal do Rosal ter\u00e1 oito postos adicados a artesan\u00eda, asociaci\u00f3ns e vendedores gastron\u00f3micos","datePublished":"2021-11-15T09:00:26+00:00","mainEntityOfPage":{"@id":"https:\/\/www.anovapeneira.gal\/index.php\/2021\/11\/15\/o-mercado-de-nadal-do-rosal-tera-oito-postos-adicados-a-artesania-asociacions-e-vendedores-gastronomicos\/"},"wordCount":311,"commentCount":0,"publisher":{"@id":"https:\/\/www.anovapeneira.gal\/#organization"},"image":{"@id":"https:\/\/www.anovapeneira.gal\/index.php\/2021\/11\/15\/o-mercado-de-nadal-do-rosal-tera-oito-postos-adicados-a-artesania-asociacions-e-vendedores-gastronomicos\/#primaryimage"},"thumbnailUrl":"https:\/\/www.anovapeneira.gal\/wp-content\/uploads\/2021\/11\/Mercado-de-Nadal-rosal.jpg","keywords":["Concello do Rosal"],"articleSection":["Baixo Mi\u00f1o"],"inLanguage":"gl-ES","potentialAction":[{"@type":"CommentAction","name":"Comment","target":["https:\/\/www.anovapeneira.gal\/index.php\/2021\/11\/15\/o-mercado-de-nadal-do-rosal-tera-oito-postos-adicados-a-artesania-asociacions-e-vendedores-gastronomicos\/#respond"]}]},{"@type":"WebPage","@id":"https:\/\/www.anovapeneira.gal\/index.php\/2021\/11\/15\/o-mercado-de-nadal-do-rosal-tera-oito-postos-adicados-a-artesania-asociacions-e-vendedores-gastronomicos\/","url":"https:\/\/www.anovapeneira.gal\/index.php\/2021\/11\/15\/o-mercado-de-nadal-do-rosal-tera-oito-postos-adicados-a-artesania-asociacions-e-vendedores-gastronomicos\/","name":"O mercado de Nadal do Rosal ter\u00e1 oito postos adicados a artesan\u00eda, asociaci\u00f3ns e vendedores gastron\u00f3micos -","isPartOf":{"@id":"https:\/\/www.anovapeneira.gal\/#website"},"primaryImageOfPage":{"@id":"https:\/\/www.anovapeneira.gal\/index.php\/2021\/11\/15\/o-mercado-de-nadal-do-rosal-tera-oito-postos-adicados-a-artesania-asociacions-e-vendedores-gastronomicos\/#primaryimage"},"image":{"@id":"https:\/\/www.anovapeneira.gal\/index.php\/2021\/11\/15\/o-mercado-de-nadal-do-rosal-tera-oito-postos-adicados-a-artesania-asociacions-e-vendedores-gastronomicos\/#primaryimage"},"thumbnailUrl":"https:\/\/www.anovapeneira.gal\/wp-content\/uploads\/2021\/11\/Mercado-de-Nadal-rosal.jpg","datePublished":"2021-11-15T09:00:26+00:00","description":"As persoas interesadas poden presentarse ata o vindeiro 23 de novembro e a selecci\u00f3n ser\u00e1 por orde de inscrici\u00f3n","breadcrumb":{"@id":"https:\/\/www.anovapeneira.gal\/index.php\/2021\/11\/15\/o-mercado-de-nadal-do-rosal-tera-oito-postos-adicados-a-artesania-asociacions-e-vendedores-gastronomicos\/#breadcrumb"},"inLanguage":"gl-ES","potentialAction":[{"@type":"ReadAction","target":["https:\/\/www.anovapeneira.gal\/index.php\/2021\/11\/15\/o-mercado-de-nadal-do-rosal-tera-oito-postos-adicados-a-artesania-asociacions-e-vendedores-gastronomicos\/"]}]},{"@type":"ImageObject","inLanguage":"gl-ES","@id":"https:\/\/www.anovapeneira.gal\/index.php\/2021\/11\/15\/o-mercado-de-nadal-do-rosal-tera-oito-postos-adicados-a-artesania-asociacions-e-vendedores-gastronomicos\/#primaryimage","url":"https:\/\/www.anovapeneira.gal\/wp-content\/uploads\/2021\/11\/Mercado-de-Nadal-rosal.jpg","contentUrl":"https:\/\/www.anovapeneira.gal\/wp-content\/uploads\/2021\/11\/Mercado-de-Nadal-rosal.jpg","width":720,"height":432,"caption":"O mercado de Nadal do Rosal ter\u00e1 oito postos adicados a artesan\u00eda, asociaci\u00f3ns e vendedores gastron\u00f3micos"},{"@type":"BreadcrumbList","@id":"https:\/\/www.anovapeneira.gal\/index.php\/2021\/11\/15\/o-mercado-de-nadal-do-rosal-tera-oito-postos-adicados-a-artesania-asociacions-e-vendedores-gastronomicos\/#breadcrumb","itemListElement":[{"@type":"ListItem","position":1,"name":"Portada","item":"https:\/\/www.anovapeneira.gal\/"},{"@type":"ListItem","position":2,"name":"O mercado de Nadal do Rosal ter\u00e1 oito postos adicados a artesan\u00eda, asociaci\u00f3ns e vendedores gastron\u00f3micos"}]},{"@type":"WebSite","@id":"https:\/\/www.anovapeneira.gal\/#website","url":"https:\/\/www.anovapeneira.gal\/","name":"","description":"Xornal galego de informaci\u00f3n xeral Publicaci\u00f3n mensual de novas de Galicia e en especial dos Concellos da sur da provincia de Pontevedra.","publisher":{"@id":"https:\/\/www.anovapeneira.gal\/#organization"},"potentialAction":[{"@type":"SearchAction","target":{"@type":"EntryPoint","urlTemplate":"https:\/\/www.anovapeneira.gal\/?s={search_term_string}"},"query-input":{"@type":"PropertyValueSpecification","valueRequired":true,"valueName":"search_term_string"}}],"inLanguage":"gl-ES"},{"@type":"Organization","@id":"https:\/\/www.anovapeneira.gal\/#organization","name":"A Nova Peneira","url":"https:\/\/www.anovapeneira.gal\/","logo":{"@type":"ImageObject","inLanguage":"gl-ES","@id":"https:\/\/www.anovapeneira.gal\/#\/schema\/logo\/image\/","url":"http:\/\/www.anovapeneira.gal\/wp-content\/uploads\/2019\/06\/logo_a_nova_peneira_portal_web.png","contentUrl":"http:\/\/www.anovapeneira.gal\/wp-content\/uploads\/2019\/06\/logo_a_nova_peneira_portal_web.png","width":300,"height":100,"caption":"A Nova Peneira"},"image":{"@id":"https:\/\/www.anovapeneira.gal\/#\/schema\/logo\/image\/"},"sameAs":["https:\/\/www.facebook.com\/anovapeneira","https:\/\/x.com\/APeneira"]},{"@type":"Person","@id":"https:\/\/www.anovapeneira.gal\/#\/schema\/person\/b93e3f8932e3f8da96334607eb6ac6aa","name":"Redacci\u00f3n A Nova Peneira","image":{"@type":"ImageObject","inLanguage":"gl-ES","@id":"https:\/\/secure.gravatar.com\/avatar\/c052a2551a06e23fac63626232eaa90abd78dbcf1700fc46a2b2c89fd27b735f?s=96&d=mm&r=g","url":"https:\/\/secure.gravatar.com\/avatar\/c052a2551a06e23fac63626232eaa90abd78dbcf1700fc46a2b2c89fd27b735f?s=96&d=mm&r=g","contentUrl":"https:\/\/secure.gravatar.com\/avatar\/c052a2551a06e23fac63626232eaa90abd78dbcf1700fc46a2b2c89fd27b735f?s=96&d=mm&r=g","caption":"Redacci\u00f3n A Nova Peneira"},"sameAs":["http:\/\/www.anovapeneira.gal\/"],"url":"https:\/\/www.anovapeneira.gal\/index.php\/author\/redactor\/"}]}},"jetpack_featured_media_url":"https:\/\/www.anovapeneira.gal\/wp-content\/uploads\/2021\/11\/Mercado-de-Nadal-rosal.jpg","_links":{"self":[{"href":"https:\/\/www.anovapeneira.gal\/index.php\/wp-json\/wp\/v2\/posts\/6407","targetHints":{"allow":["GET"]}}],"collection":[{"href":"https:\/\/www.anovapeneira.gal\/index.php\/wp-json\/wp\/v2\/posts"}],"about":[{"href":"https:\/\/www.anovapeneira.gal\/index.php\/wp-json\/wp\/v2\/types\/post"}],"author":[{"embeddable":true,"href":"https:\/\/www.anovapeneira.gal\/index.php\/wp-json\/wp\/v2\/users\/3"}],"replies":[{"embeddable":true,"href":"https:\/\/www.anovapeneira.gal\/index.php\/wp-json\/wp\/v2\/comments?post=6407"}],"version-history":[{"count":3,"href":"https:\/\/www.anovapeneira.gal\/index.php\/wp-json\/wp\/v2\/posts\/6407\/revisions"}],"predecessor-version":[{"id":6413,"href":"https:\/\/www.anovapeneira.gal\/index.php\/wp-json\/wp\/v2\/posts\/6407\/revisions\/6413"}],"wp:featuredmedia":[{"embeddable":true,"href":"https:\/\/www.anovapeneira.gal\/index.php\/wp-json\/wp\/v2\/media\/6409"}],"wp:attachment":[{"href":"https:\/\/www.anovapeneira.gal\/index.php\/wp-json\/wp\/v2\/media?parent=6407"}],"wp:term":[{"taxonomy":"category","embeddable":true,"href":"https:\/\/www.anovapeneira.gal\/index.php\/wp-json\/wp\/v2\/categories?post=6407"},{"taxonomy":"post_tag","embeddable":true,"href":"https:\/\/www.anovapeneira.gal\/index.php\/wp-json\/wp\/v2\/tags?post=6407"}],"curies":[{"name":"wp","href":"https:\/\/api.w.org\/{rel}","templated":true}]}}