{"id":6417,"date":"2021-11-16T10:00:45","date_gmt":"2021-11-16T09:00:45","guid":{"rendered":"https:\/\/www.anovapeneira.gal\/?p=6417"},"modified":"2021-11-07T10:20:25","modified_gmt":"2021-11-07T09:20:25","slug":"o-declive-do-carbon-baixou-as-emisions-de-gei-de-galicia-un-24-entre-1990-e-2019","status":"publish","type":"post","link":"https:\/\/www.anovapeneira.gal\/index.php\/2021\/11\/16\/o-declive-do-carbon-baixou-as-emisions-de-gei-de-galicia-un-24-entre-1990-e-2019\/","title":{"rendered":"O declive do carb\u00f3n baixou as emisi\u00f3ns de GEI de Galicia un 24% entre 1990 e 2019"},"content":{"rendered":"\n<p><strong>&nbsp; At\u00e9 2019 as emisi\u00f3ns de GEI non diminu\u00edron de forma importante con respecto a&nbsp; 1990.<br>\u2022&nbsp; A baixada \u00e9 insuficiente e s\u00f3 foi pos\u00edbel polo recorte das emisi\u00f3ns no sector enerx\u00e9tico motivado pola ca\u00edda da produci\u00f3n el\u00e9ctrica con carb\u00f3n.<br>\u2022&nbsp; Para contribu\u00edr ao obxectivo dos 1,5 graos c\u00f3mpre diminu\u00edr as emisi\u00f3ns polo menos un 65% antes de 2030.<br><br><\/strong>O informe &#8220;As emisi\u00f3ns de Gases de Efecto Invernadoiro (GEI) de Galicia (1990-2019)&#8221;&nbsp; de Ecoloxistas en Acci\u00f3n, a partir dos datos m\u00e1is actualizados procedentes do inventario de emisi\u00f3ns do Ministerio para a Transici\u00f3n Ecol\u00f3xica, aborda a evoluci\u00f3n das emisi\u00f3ns de gases causantes de quecemento global desde o territorio galego. Compl\u00e9tase cunha pequena an\u00e1lise da transici\u00f3n enerx\u00e9tica en Galicia, aspecto chave para a mitigaci\u00f3n da crise clim\u00e1tica.<br><br>Entre as conclusi\u00f3ns do informe salientan as seguintes:<\/p>\n\n\n\n<ul class=\"wp-block-list\"><li>As emisi\u00f3ns de GEI de Galicia reduc\u00edronse un 24% entre 1990 e 2019. \u00c9 unha reduci\u00f3n insuficiente que ademais foi conseguida de forma serodia e despois dun forte crecemento das emisi\u00f3ns entre 1990 e mediados da d\u00e9cada pasada.<\/li><li>O recorte das emisi\u00f3ns de GEI atinxido en Galicia iguala o logrado \u00e1 escala da UE, pero o de Galicia non foi sostido no tempo, o que supuxo maiores emisi\u00f3ns acumuladas. Ademais as emisi\u00f3ns medias por habitante da UE eran superiores \u00e1s de Galicia en 1990.<\/li><li>As tres cuartas partes das emisi\u00f3ns de GEI proceden do uso de combust\u00edbeis f\u00f3siles (petr\u00f3leo, gas, carb\u00f3n). O 21,4% orix\u00ednanse nas industrias do sector enerx\u00e9tico (principalmente nas centrais t\u00e9rmicas de carb\u00f3n e gas f\u00f3sil) mentres que o consumo de enerx\u00eda f\u00f3sil no transporte, na industria e noutros sectores (fogares, comercios, administraci\u00f3n p\u00fablicas, agricultura,&#8230;) \u00e9 respons\u00e1bel do 51,5%.<\/li><li>Practicamente toda a baixada das emisi\u00f3ns totais de GEI de Galicia entre 1990 e 2019 foi debida \u00e1 descarbonizaci\u00f3n parcial do sector el\u00e9ctrico polo aumento da produci\u00f3n renov\u00e1bel e a queda da actividade das centrais de carb\u00f3n das Pontes (Endesa) e Meirama (Naturgy) en 2019. Estas centrais achegaban un terzo do total das emisi\u00f3ns da nosa terra at\u00e9 2018.<\/li><li>As emisi\u00f3ns causadas polo consumo de enerx\u00eda f\u00f3sil no transporte, na industria e noutros sectores (fogares, comercios, administraci\u00f3ns p\u00fablicas, agricultura,&#8230;.) aumentaron un 38% entre 1990 e 2019. O maior incremento (55%) rexistrouse no transporte de persoas e mercador\u00edas, que se converteu na actividade con maiores emisi\u00f3ns de GEI, representando hoxe un 26% do total das emisi\u00f3ns territoriais do noso pa\u00eds.<\/li><li>A transici\u00f3n enerx\u00e9tica deber\u00eda basearse nun forte decrecemento do consumo e nun desenvolvemento renov\u00e1bel con participaci\u00f3n cidad\u00e1.&nbsp; Sen embargo, o consumo galego de enerx\u00eda tende a se estabilizar en valores altos e o crecemento das enerx\u00edas renov\u00e1beis foi demasiado lento at\u00e9 hoxe, estivo protagonizado polo gran capital privado e implicou custos territoriais excesivos.<\/li><li>A falta de ambici\u00f3n da Estratexia de Cambio Clim\u00e1tico e Enerx\u00eda 2050 da Xunta \u00e9 enorme. O obxectivo de reduci\u00f3n de emisi\u00f3ns para 2030 \u00e9 de tan s\u00f3 o 24,6%, polo que xa foi practicamente logrado, a pesar do propio Goberno galego, defensor das centrais de carb\u00f3n. \u00c9 urxente elevar este obxectivo at\u00e9 polo menos o 65% para estar en li\u00f1a co Acordo de Par\u00eds.&nbsp;<\/li><\/ul>\n","protected":false},"excerpt":{"rendered":"<div class=\"mh-excerpt\"><p>O informe &#8220;As emisi\u00f3ns de Gases de Efecto Invernadoiro (GEI) de Galicia (1990-2019)&#8221;  de Ecoloxistas en Acci\u00f3n, a partir dos datos m\u00e1is actualizados procedentes do inventario de emisi\u00f3ns do Ministerio para a Transici\u00f3n Ecol\u00f3xica, aborda a evoluci\u00f3n das emisi\u00f3ns de gases causantes de quecemento global desde o territorio galego <a class=\"mh-excerpt-more\" href=\"https:\/\/www.anovapeneira.gal\/index.php\/2021\/11\/16\/o-declive-do-carbon-baixou-as-emisions-de-gei-de-galicia-un-24-entre-1990-e-2019\/\" title=\"O declive do carb\u00f3n baixou as emisi\u00f3ns de GEI de Galicia un 24% entre 1990 e 2019\">[&#8230;]<\/a><\/p>\n<\/div>","protected":false},"author":3,"featured_media":6418,"comment_status":"open","ping_status":"open","sticky":false,"template":"","format":"standard","meta":{"_exactmetrics_skip_tracking":false,"_exactmetrics_sitenote_active":false,"_exactmetrics_sitenote_note":"","_exactmetrics_sitenote_category":0,"footnotes":""},"categories":[263],"tags":[924],"class_list":{"0":"post-6417","1":"post","2":"type-post","3":"status-publish","4":"format-standard","5":"has-post-thumbnail","7":"category-novas","8":"tag-ecoloxistas-en-accion"},"yoast_head":"<!-- This site is optimized with the Yoast SEO plugin v27.4 - https:\/\/yoast.com\/product\/yoast-seo-wordpress\/ -->\n<title>O declive do carb\u00f3n baixou as emisi\u00f3ns de GEI de Galicia un 24% entre 1990 e 2019 -<\/title>\n<meta name=\"description\" content=\"O informe &quot;As emisi\u00f3ns de Gases de Efecto Invernadoiro (GEI) de Galicia (1990-2019)&quot; de Ecoloxistas en Acci\u00f3n, a partir dos datos m\u00e1is actualizados procedentes do inventario de emisi\u00f3ns do Ministerio para a Transici\u00f3n Ecol\u00f3xica, aborda a evoluci\u00f3n das emisi\u00f3ns de gases causantes de quecemento global desde o territorio galego\" \/>\n<meta name=\"robots\" content=\"index, follow, max-snippet:-1, max-image-preview:large, max-video-preview:-1\" \/>\n<link rel=\"canonical\" href=\"https:\/\/www.anovapeneira.gal\/index.php\/2021\/11\/16\/o-declive-do-carbon-baixou-as-emisions-de-gei-de-galicia-un-24-entre-1990-e-2019\/\" \/>\n<meta property=\"og:locale\" content=\"gl_ES\" \/>\n<meta property=\"og:type\" content=\"article\" \/>\n<meta property=\"og:title\" content=\"O declive do carb\u00f3n baixou as emisi\u00f3ns de GEI de Galicia un 24% entre 1990 e 2019 -\" \/>\n<meta property=\"og:description\" content=\"O informe &quot;As emisi\u00f3ns de Gases de Efecto Invernadoiro (GEI) de Galicia (1990-2019)&quot; de Ecoloxistas en Acci\u00f3n, a partir dos datos m\u00e1is actualizados procedentes do inventario de emisi\u00f3ns do Ministerio para a Transici\u00f3n Ecol\u00f3xica, aborda a evoluci\u00f3n das emisi\u00f3ns de gases causantes de quecemento global desde o territorio galego\" \/>\n<meta property=\"og:url\" content=\"https:\/\/www.anovapeneira.gal\/index.php\/2021\/11\/16\/o-declive-do-carbon-baixou-as-emisions-de-gei-de-galicia-un-24-entre-1990-e-2019\/\" \/>\n<meta property=\"article:publisher\" content=\"https:\/\/www.facebook.com\/anovapeneira\" \/>\n<meta property=\"article:published_time\" content=\"2021-11-16T09:00:45+00:00\" \/>\n<meta property=\"og:image\" content=\"https:\/\/www.anovapeneira.gal\/wp-content\/uploads\/2021\/11\/gases_efecto_invernadero_galicia.jpg\" \/>\n\t<meta property=\"og:image:width\" content=\"720\" \/>\n\t<meta property=\"og:image:height\" content=\"432\" \/>\n\t<meta property=\"og:image:type\" content=\"image\/jpeg\" \/>\n<meta name=\"author\" content=\"Redacci\u00f3n A Nova Peneira\" \/>\n<meta name=\"twitter:card\" content=\"summary_large_image\" \/>\n<meta name=\"twitter:creator\" content=\"@APeneira\" \/>\n<meta name=\"twitter:site\" content=\"@APeneira\" \/>\n<meta name=\"twitter:label1\" content=\"Escrito por\" \/>\n\t<meta name=\"twitter:data1\" content=\"Redacci\u00f3n A Nova Peneira\" \/>\n\t<meta name=\"twitter:label2\" content=\"Tempo de lectura\" \/>\n\t<meta name=\"twitter:data2\" content=\"3 minutos\" \/>\n<script type=\"application\/ld+json\" class=\"yoast-schema-graph\">{\"@context\":\"https:\\\/\\\/schema.org\",\"@graph\":[{\"@type\":\"Article\",\"@id\":\"https:\\\/\\\/www.anovapeneira.gal\\\/index.php\\\/2021\\\/11\\\/16\\\/o-declive-do-carbon-baixou-as-emisions-de-gei-de-galicia-un-24-entre-1990-e-2019\\\/#article\",\"isPartOf\":{\"@id\":\"https:\\\/\\\/www.anovapeneira.gal\\\/index.php\\\/2021\\\/11\\\/16\\\/o-declive-do-carbon-baixou-as-emisions-de-gei-de-galicia-un-24-entre-1990-e-2019\\\/\"},\"author\":{\"name\":\"Redacci\u00f3n A Nova Peneira\",\"@id\":\"https:\\\/\\\/www.anovapeneira.gal\\\/#\\\/schema\\\/person\\\/b93e3f8932e3f8da96334607eb6ac6aa\"},\"headline\":\"O declive do carb\u00f3n baixou as emisi\u00f3ns de GEI de Galicia un 24% entre 1990 e 2019\",\"datePublished\":\"2021-11-16T09:00:45+00:00\",\"mainEntityOfPage\":{\"@id\":\"https:\\\/\\\/www.anovapeneira.gal\\\/index.php\\\/2021\\\/11\\\/16\\\/o-declive-do-carbon-baixou-as-emisions-de-gei-de-galicia-un-24-entre-1990-e-2019\\\/\"},\"wordCount\":581,\"commentCount\":0,\"publisher\":{\"@id\":\"https:\\\/\\\/www.anovapeneira.gal\\\/#organization\"},\"image\":{\"@id\":\"https:\\\/\\\/www.anovapeneira.gal\\\/index.php\\\/2021\\\/11\\\/16\\\/o-declive-do-carbon-baixou-as-emisions-de-gei-de-galicia-un-24-entre-1990-e-2019\\\/#primaryimage\"},\"thumbnailUrl\":\"https:\\\/\\\/www.anovapeneira.gal\\\/wp-content\\\/uploads\\\/2021\\\/11\\\/gases_efecto_invernadero_galicia.jpg\",\"keywords\":[\"Ecoloxistas en Acci\u00f3n\"],\"articleSection\":[\"Novas\"],\"inLanguage\":\"gl-ES\",\"potentialAction\":[{\"@type\":\"CommentAction\",\"name\":\"Comment\",\"target\":[\"https:\\\/\\\/www.anovapeneira.gal\\\/index.php\\\/2021\\\/11\\\/16\\\/o-declive-do-carbon-baixou-as-emisions-de-gei-de-galicia-un-24-entre-1990-e-2019\\\/#respond\"]}]},{\"@type\":\"WebPage\",\"@id\":\"https:\\\/\\\/www.anovapeneira.gal\\\/index.php\\\/2021\\\/11\\\/16\\\/o-declive-do-carbon-baixou-as-emisions-de-gei-de-galicia-un-24-entre-1990-e-2019\\\/\",\"url\":\"https:\\\/\\\/www.anovapeneira.gal\\\/index.php\\\/2021\\\/11\\\/16\\\/o-declive-do-carbon-baixou-as-emisions-de-gei-de-galicia-un-24-entre-1990-e-2019\\\/\",\"name\":\"O declive do carb\u00f3n baixou as emisi\u00f3ns de GEI de Galicia un 24% entre 1990 e 2019 -\",\"isPartOf\":{\"@id\":\"https:\\\/\\\/www.anovapeneira.gal\\\/#website\"},\"primaryImageOfPage\":{\"@id\":\"https:\\\/\\\/www.anovapeneira.gal\\\/index.php\\\/2021\\\/11\\\/16\\\/o-declive-do-carbon-baixou-as-emisions-de-gei-de-galicia-un-24-entre-1990-e-2019\\\/#primaryimage\"},\"image\":{\"@id\":\"https:\\\/\\\/www.anovapeneira.gal\\\/index.php\\\/2021\\\/11\\\/16\\\/o-declive-do-carbon-baixou-as-emisions-de-gei-de-galicia-un-24-entre-1990-e-2019\\\/#primaryimage\"},\"thumbnailUrl\":\"https:\\\/\\\/www.anovapeneira.gal\\\/wp-content\\\/uploads\\\/2021\\\/11\\\/gases_efecto_invernadero_galicia.jpg\",\"datePublished\":\"2021-11-16T09:00:45+00:00\",\"description\":\"O informe \\\"As emisi\u00f3ns de Gases de Efecto Invernadoiro (GEI) de Galicia (1990-2019)\\\" de Ecoloxistas en Acci\u00f3n, a partir dos datos m\u00e1is actualizados procedentes do inventario de emisi\u00f3ns do Ministerio para a Transici\u00f3n Ecol\u00f3xica, aborda a evoluci\u00f3n das emisi\u00f3ns de gases causantes de quecemento global desde o territorio galego\",\"breadcrumb\":{\"@id\":\"https:\\\/\\\/www.anovapeneira.gal\\\/index.php\\\/2021\\\/11\\\/16\\\/o-declive-do-carbon-baixou-as-emisions-de-gei-de-galicia-un-24-entre-1990-e-2019\\\/#breadcrumb\"},\"inLanguage\":\"gl-ES\",\"potentialAction\":[{\"@type\":\"ReadAction\",\"target\":[\"https:\\\/\\\/www.anovapeneira.gal\\\/index.php\\\/2021\\\/11\\\/16\\\/o-declive-do-carbon-baixou-as-emisions-de-gei-de-galicia-un-24-entre-1990-e-2019\\\/\"]}]},{\"@type\":\"ImageObject\",\"inLanguage\":\"gl-ES\",\"@id\":\"https:\\\/\\\/www.anovapeneira.gal\\\/index.php\\\/2021\\\/11\\\/16\\\/o-declive-do-carbon-baixou-as-emisions-de-gei-de-galicia-un-24-entre-1990-e-2019\\\/#primaryimage\",\"url\":\"https:\\\/\\\/www.anovapeneira.gal\\\/wp-content\\\/uploads\\\/2021\\\/11\\\/gases_efecto_invernadero_galicia.jpg\",\"contentUrl\":\"https:\\\/\\\/www.anovapeneira.gal\\\/wp-content\\\/uploads\\\/2021\\\/11\\\/gases_efecto_invernadero_galicia.jpg\",\"width\":720,\"height\":432,\"caption\":\"O declive do carb\u00f3n baixou as emisi\u00f3ns de GEI de Galicia un 24% entre 1990 e 2019\"},{\"@type\":\"BreadcrumbList\",\"@id\":\"https:\\\/\\\/www.anovapeneira.gal\\\/index.php\\\/2021\\\/11\\\/16\\\/o-declive-do-carbon-baixou-as-emisions-de-gei-de-galicia-un-24-entre-1990-e-2019\\\/#breadcrumb\",\"itemListElement\":[{\"@type\":\"ListItem\",\"position\":1,\"name\":\"Portada\",\"item\":\"https:\\\/\\\/www.anovapeneira.gal\\\/\"},{\"@type\":\"ListItem\",\"position\":2,\"name\":\"O declive do carb\u00f3n baixou as emisi\u00f3ns de GEI de Galicia un 24% entre 1990 e 2019\"}]},{\"@type\":\"WebSite\",\"@id\":\"https:\\\/\\\/www.anovapeneira.gal\\\/#website\",\"url\":\"https:\\\/\\\/www.anovapeneira.gal\\\/\",\"name\":\"\",\"description\":\"Xornal galego de informaci\u00f3n xeral Publicaci\u00f3n mensual de novas de Galicia e en especial dos Concellos da sur da provincia de Pontevedra.\",\"publisher\":{\"@id\":\"https:\\\/\\\/www.anovapeneira.gal\\\/#organization\"},\"potentialAction\":[{\"@type\":\"SearchAction\",\"target\":{\"@type\":\"EntryPoint\",\"urlTemplate\":\"https:\\\/\\\/www.anovapeneira.gal\\\/?s={search_term_string}\"},\"query-input\":{\"@type\":\"PropertyValueSpecification\",\"valueRequired\":true,\"valueName\":\"search_term_string\"}}],\"inLanguage\":\"gl-ES\"},{\"@type\":\"Organization\",\"@id\":\"https:\\\/\\\/www.anovapeneira.gal\\\/#organization\",\"name\":\"A Nova Peneira\",\"url\":\"https:\\\/\\\/www.anovapeneira.gal\\\/\",\"logo\":{\"@type\":\"ImageObject\",\"inLanguage\":\"gl-ES\",\"@id\":\"https:\\\/\\\/www.anovapeneira.gal\\\/#\\\/schema\\\/logo\\\/image\\\/\",\"url\":\"http:\\\/\\\/www.anovapeneira.gal\\\/wp-content\\\/uploads\\\/2019\\\/06\\\/logo_a_nova_peneira_portal_web.png\",\"contentUrl\":\"http:\\\/\\\/www.anovapeneira.gal\\\/wp-content\\\/uploads\\\/2019\\\/06\\\/logo_a_nova_peneira_portal_web.png\",\"width\":300,\"height\":100,\"caption\":\"A Nova Peneira\"},\"image\":{\"@id\":\"https:\\\/\\\/www.anovapeneira.gal\\\/#\\\/schema\\\/logo\\\/image\\\/\"},\"sameAs\":[\"https:\\\/\\\/www.facebook.com\\\/anovapeneira\",\"https:\\\/\\\/x.com\\\/APeneira\"]},{\"@type\":\"Person\",\"@id\":\"https:\\\/\\\/www.anovapeneira.gal\\\/#\\\/schema\\\/person\\\/b93e3f8932e3f8da96334607eb6ac6aa\",\"name\":\"Redacci\u00f3n A Nova Peneira\",\"image\":{\"@type\":\"ImageObject\",\"inLanguage\":\"gl-ES\",\"@id\":\"https:\\\/\\\/secure.gravatar.com\\\/avatar\\\/c052a2551a06e23fac63626232eaa90abd78dbcf1700fc46a2b2c89fd27b735f?s=96&d=mm&r=g\",\"url\":\"https:\\\/\\\/secure.gravatar.com\\\/avatar\\\/c052a2551a06e23fac63626232eaa90abd78dbcf1700fc46a2b2c89fd27b735f?s=96&d=mm&r=g\",\"contentUrl\":\"https:\\\/\\\/secure.gravatar.com\\\/avatar\\\/c052a2551a06e23fac63626232eaa90abd78dbcf1700fc46a2b2c89fd27b735f?s=96&d=mm&r=g\",\"caption\":\"Redacci\u00f3n A Nova Peneira\"},\"sameAs\":[\"http:\\\/\\\/www.anovapeneira.gal\\\/\"],\"url\":\"https:\\\/\\\/www.anovapeneira.gal\\\/index.php\\\/author\\\/redactor\\\/\"}]}<\/script>\n<!-- \/ Yoast SEO plugin. -->","yoast_head_json":{"title":"O declive do carb\u00f3n baixou as emisi\u00f3ns de GEI de Galicia un 24% entre 1990 e 2019 -","description":"O informe \"As emisi\u00f3ns de Gases de Efecto Invernadoiro (GEI) de Galicia (1990-2019)\" de Ecoloxistas en Acci\u00f3n, a partir dos datos m\u00e1is actualizados procedentes do inventario de emisi\u00f3ns do Ministerio para a Transici\u00f3n Ecol\u00f3xica, aborda a evoluci\u00f3n das emisi\u00f3ns de gases causantes de quecemento global desde o territorio galego","robots":{"index":"index","follow":"follow","max-snippet":"max-snippet:-1","max-image-preview":"max-image-preview:large","max-video-preview":"max-video-preview:-1"},"canonical":"https:\/\/www.anovapeneira.gal\/index.php\/2021\/11\/16\/o-declive-do-carbon-baixou-as-emisions-de-gei-de-galicia-un-24-entre-1990-e-2019\/","og_locale":"gl_ES","og_type":"article","og_title":"O declive do carb\u00f3n baixou as emisi\u00f3ns de GEI de Galicia un 24% entre 1990 e 2019 -","og_description":"O informe \"As emisi\u00f3ns de Gases de Efecto Invernadoiro (GEI) de Galicia (1990-2019)\" de Ecoloxistas en Acci\u00f3n, a partir dos datos m\u00e1is actualizados procedentes do inventario de emisi\u00f3ns do Ministerio para a Transici\u00f3n Ecol\u00f3xica, aborda a evoluci\u00f3n das emisi\u00f3ns de gases causantes de quecemento global desde o territorio galego","og_url":"https:\/\/www.anovapeneira.gal\/index.php\/2021\/11\/16\/o-declive-do-carbon-baixou-as-emisions-de-gei-de-galicia-un-24-entre-1990-e-2019\/","article_publisher":"https:\/\/www.facebook.com\/anovapeneira","article_published_time":"2021-11-16T09:00:45+00:00","og_image":[{"width":720,"height":432,"url":"https:\/\/www.anovapeneira.gal\/wp-content\/uploads\/2021\/11\/gases_efecto_invernadero_galicia.jpg","type":"image\/jpeg"}],"author":"Redacci\u00f3n A Nova Peneira","twitter_card":"summary_large_image","twitter_creator":"@APeneira","twitter_site":"@APeneira","twitter_misc":{"Escrito por":"Redacci\u00f3n A Nova Peneira","Tempo de lectura":"3 minutos"},"schema":{"@context":"https:\/\/schema.org","@graph":[{"@type":"Article","@id":"https:\/\/www.anovapeneira.gal\/index.php\/2021\/11\/16\/o-declive-do-carbon-baixou-as-emisions-de-gei-de-galicia-un-24-entre-1990-e-2019\/#article","isPartOf":{"@id":"https:\/\/www.anovapeneira.gal\/index.php\/2021\/11\/16\/o-declive-do-carbon-baixou-as-emisions-de-gei-de-galicia-un-24-entre-1990-e-2019\/"},"author":{"name":"Redacci\u00f3n A Nova Peneira","@id":"https:\/\/www.anovapeneira.gal\/#\/schema\/person\/b93e3f8932e3f8da96334607eb6ac6aa"},"headline":"O declive do carb\u00f3n baixou as emisi\u00f3ns de GEI de Galicia un 24% entre 1990 e 2019","datePublished":"2021-11-16T09:00:45+00:00","mainEntityOfPage":{"@id":"https:\/\/www.anovapeneira.gal\/index.php\/2021\/11\/16\/o-declive-do-carbon-baixou-as-emisions-de-gei-de-galicia-un-24-entre-1990-e-2019\/"},"wordCount":581,"commentCount":0,"publisher":{"@id":"https:\/\/www.anovapeneira.gal\/#organization"},"image":{"@id":"https:\/\/www.anovapeneira.gal\/index.php\/2021\/11\/16\/o-declive-do-carbon-baixou-as-emisions-de-gei-de-galicia-un-24-entre-1990-e-2019\/#primaryimage"},"thumbnailUrl":"https:\/\/www.anovapeneira.gal\/wp-content\/uploads\/2021\/11\/gases_efecto_invernadero_galicia.jpg","keywords":["Ecoloxistas en Acci\u00f3n"],"articleSection":["Novas"],"inLanguage":"gl-ES","potentialAction":[{"@type":"CommentAction","name":"Comment","target":["https:\/\/www.anovapeneira.gal\/index.php\/2021\/11\/16\/o-declive-do-carbon-baixou-as-emisions-de-gei-de-galicia-un-24-entre-1990-e-2019\/#respond"]}]},{"@type":"WebPage","@id":"https:\/\/www.anovapeneira.gal\/index.php\/2021\/11\/16\/o-declive-do-carbon-baixou-as-emisions-de-gei-de-galicia-un-24-entre-1990-e-2019\/","url":"https:\/\/www.anovapeneira.gal\/index.php\/2021\/11\/16\/o-declive-do-carbon-baixou-as-emisions-de-gei-de-galicia-un-24-entre-1990-e-2019\/","name":"O declive do carb\u00f3n baixou as emisi\u00f3ns de GEI de Galicia un 24% entre 1990 e 2019 -","isPartOf":{"@id":"https:\/\/www.anovapeneira.gal\/#website"},"primaryImageOfPage":{"@id":"https:\/\/www.anovapeneira.gal\/index.php\/2021\/11\/16\/o-declive-do-carbon-baixou-as-emisions-de-gei-de-galicia-un-24-entre-1990-e-2019\/#primaryimage"},"image":{"@id":"https:\/\/www.anovapeneira.gal\/index.php\/2021\/11\/16\/o-declive-do-carbon-baixou-as-emisions-de-gei-de-galicia-un-24-entre-1990-e-2019\/#primaryimage"},"thumbnailUrl":"https:\/\/www.anovapeneira.gal\/wp-content\/uploads\/2021\/11\/gases_efecto_invernadero_galicia.jpg","datePublished":"2021-11-16T09:00:45+00:00","description":"O informe \"As emisi\u00f3ns de Gases de Efecto Invernadoiro (GEI) de Galicia (1990-2019)\" de Ecoloxistas en Acci\u00f3n, a partir dos datos m\u00e1is actualizados procedentes do inventario de emisi\u00f3ns do Ministerio para a Transici\u00f3n Ecol\u00f3xica, aborda a evoluci\u00f3n das emisi\u00f3ns de gases causantes de quecemento global desde o territorio galego","breadcrumb":{"@id":"https:\/\/www.anovapeneira.gal\/index.php\/2021\/11\/16\/o-declive-do-carbon-baixou-as-emisions-de-gei-de-galicia-un-24-entre-1990-e-2019\/#breadcrumb"},"inLanguage":"gl-ES","potentialAction":[{"@type":"ReadAction","target":["https:\/\/www.anovapeneira.gal\/index.php\/2021\/11\/16\/o-declive-do-carbon-baixou-as-emisions-de-gei-de-galicia-un-24-entre-1990-e-2019\/"]}]},{"@type":"ImageObject","inLanguage":"gl-ES","@id":"https:\/\/www.anovapeneira.gal\/index.php\/2021\/11\/16\/o-declive-do-carbon-baixou-as-emisions-de-gei-de-galicia-un-24-entre-1990-e-2019\/#primaryimage","url":"https:\/\/www.anovapeneira.gal\/wp-content\/uploads\/2021\/11\/gases_efecto_invernadero_galicia.jpg","contentUrl":"https:\/\/www.anovapeneira.gal\/wp-content\/uploads\/2021\/11\/gases_efecto_invernadero_galicia.jpg","width":720,"height":432,"caption":"O declive do carb\u00f3n baixou as emisi\u00f3ns de GEI de Galicia un 24% entre 1990 e 2019"},{"@type":"BreadcrumbList","@id":"https:\/\/www.anovapeneira.gal\/index.php\/2021\/11\/16\/o-declive-do-carbon-baixou-as-emisions-de-gei-de-galicia-un-24-entre-1990-e-2019\/#breadcrumb","itemListElement":[{"@type":"ListItem","position":1,"name":"Portada","item":"https:\/\/www.anovapeneira.gal\/"},{"@type":"ListItem","position":2,"name":"O declive do carb\u00f3n baixou as emisi\u00f3ns de GEI de Galicia un 24% entre 1990 e 2019"}]},{"@type":"WebSite","@id":"https:\/\/www.anovapeneira.gal\/#website","url":"https:\/\/www.anovapeneira.gal\/","name":"","description":"Xornal galego de informaci\u00f3n xeral Publicaci\u00f3n mensual de novas de Galicia e en especial dos Concellos da sur da provincia de Pontevedra.","publisher":{"@id":"https:\/\/www.anovapeneira.gal\/#organization"},"potentialAction":[{"@type":"SearchAction","target":{"@type":"EntryPoint","urlTemplate":"https:\/\/www.anovapeneira.gal\/?s={search_term_string}"},"query-input":{"@type":"PropertyValueSpecification","valueRequired":true,"valueName":"search_term_string"}}],"inLanguage":"gl-ES"},{"@type":"Organization","@id":"https:\/\/www.anovapeneira.gal\/#organization","name":"A Nova Peneira","url":"https:\/\/www.anovapeneira.gal\/","logo":{"@type":"ImageObject","inLanguage":"gl-ES","@id":"https:\/\/www.anovapeneira.gal\/#\/schema\/logo\/image\/","url":"http:\/\/www.anovapeneira.gal\/wp-content\/uploads\/2019\/06\/logo_a_nova_peneira_portal_web.png","contentUrl":"http:\/\/www.anovapeneira.gal\/wp-content\/uploads\/2019\/06\/logo_a_nova_peneira_portal_web.png","width":300,"height":100,"caption":"A Nova Peneira"},"image":{"@id":"https:\/\/www.anovapeneira.gal\/#\/schema\/logo\/image\/"},"sameAs":["https:\/\/www.facebook.com\/anovapeneira","https:\/\/x.com\/APeneira"]},{"@type":"Person","@id":"https:\/\/www.anovapeneira.gal\/#\/schema\/person\/b93e3f8932e3f8da96334607eb6ac6aa","name":"Redacci\u00f3n A Nova Peneira","image":{"@type":"ImageObject","inLanguage":"gl-ES","@id":"https:\/\/secure.gravatar.com\/avatar\/c052a2551a06e23fac63626232eaa90abd78dbcf1700fc46a2b2c89fd27b735f?s=96&d=mm&r=g","url":"https:\/\/secure.gravatar.com\/avatar\/c052a2551a06e23fac63626232eaa90abd78dbcf1700fc46a2b2c89fd27b735f?s=96&d=mm&r=g","contentUrl":"https:\/\/secure.gravatar.com\/avatar\/c052a2551a06e23fac63626232eaa90abd78dbcf1700fc46a2b2c89fd27b735f?s=96&d=mm&r=g","caption":"Redacci\u00f3n A Nova Peneira"},"sameAs":["http:\/\/www.anovapeneira.gal\/"],"url":"https:\/\/www.anovapeneira.gal\/index.php\/author\/redactor\/"}]}},"jetpack_featured_media_url":"https:\/\/www.anovapeneira.gal\/wp-content\/uploads\/2021\/11\/gases_efecto_invernadero_galicia.jpg","_links":{"self":[{"href":"https:\/\/www.anovapeneira.gal\/index.php\/wp-json\/wp\/v2\/posts\/6417","targetHints":{"allow":["GET"]}}],"collection":[{"href":"https:\/\/www.anovapeneira.gal\/index.php\/wp-json\/wp\/v2\/posts"}],"about":[{"href":"https:\/\/www.anovapeneira.gal\/index.php\/wp-json\/wp\/v2\/types\/post"}],"author":[{"embeddable":true,"href":"https:\/\/www.anovapeneira.gal\/index.php\/wp-json\/wp\/v2\/users\/3"}],"replies":[{"embeddable":true,"href":"https:\/\/www.anovapeneira.gal\/index.php\/wp-json\/wp\/v2\/comments?post=6417"}],"version-history":[{"count":1,"href":"https:\/\/www.anovapeneira.gal\/index.php\/wp-json\/wp\/v2\/posts\/6417\/revisions"}],"predecessor-version":[{"id":6419,"href":"https:\/\/www.anovapeneira.gal\/index.php\/wp-json\/wp\/v2\/posts\/6417\/revisions\/6419"}],"wp:featuredmedia":[{"embeddable":true,"href":"https:\/\/www.anovapeneira.gal\/index.php\/wp-json\/wp\/v2\/media\/6418"}],"wp:attachment":[{"href":"https:\/\/www.anovapeneira.gal\/index.php\/wp-json\/wp\/v2\/media?parent=6417"}],"wp:term":[{"taxonomy":"category","embeddable":true,"href":"https:\/\/www.anovapeneira.gal\/index.php\/wp-json\/wp\/v2\/categories?post=6417"},{"taxonomy":"post_tag","embeddable":true,"href":"https:\/\/www.anovapeneira.gal\/index.php\/wp-json\/wp\/v2\/tags?post=6417"}],"curies":[{"name":"wp","href":"https:\/\/api.w.org\/{rel}","templated":true}]}}