{"id":6423,"date":"2021-11-17T10:00:36","date_gmt":"2021-11-17T09:00:36","guid":{"rendered":"https:\/\/www.anovapeneira.gal\/?p=6423"},"modified":"2021-11-07T10:44:16","modified_gmt":"2021-11-07T09:44:16","slug":"luis-gonzalo-segura-ex-tenente-do-exercito-espanol","status":"publish","type":"post","link":"https:\/\/www.anovapeneira.gal\/index.php\/2021\/11\/17\/luis-gonzalo-segura-ex-tenente-do-exercito-espanol\/","title":{"rendered":"Luis Gonzalo Segura ex tenente do ex\u00e9rcito espa\u00f1ol"},"content":{"rendered":"\n<p><strong>Marcos Santos<\/strong><\/p>\n\n\n\n<p><strong>O ex tenente Lu\u00eds Segura estivo recentemente en Redondela presentando o seu libro \u201cEl ej\u00e9rcito de Vox\u201d. Lu\u00eds \u00e9 un vello amigo desta casa e un home dunha lucidez extraordinaria. Lu\u00eds pertence ao selecto grupo de persoas cos que sempre se aprende ao conversar. Asemade pos\u00fae unha valent\u00eda persoal superlativa e unha integridade moral f\u00f3ra do com\u00fan, que lle levou a arriscar o seu benestar persoal en varias ocasi\u00f3ns para defender que o que deberan ser valores humanos universais estean tam\u00e9n no interior das forzas armadas. Para n\u00f3s foi un pracer a s\u00faa visita \u00e1s nosas p\u00e1xinas<\/strong><\/p>\n\n\n\n<p>\u201c<strong>A li\u00f1a de actuaci\u00f3n de Margarita Robles, non \u00e9 diferente da de Mar\u00eda Dolores de Cospedal\u201d<\/strong><\/p>\n\n\n\n<p><strong>Dous anos sen verte por Redondela Luis?<\/strong><\/p>\n\n\n\n<blockquote class=\"wp-block-quote is-layout-flow wp-block-quote-is-layout-flow\"><p>E non creas que foi f\u00e1cil para min. Nesta vila eu s\u00edntome como na mi\u00f1a casa, pero estes dous anos foron moi dif\u00edciles para todos. Tan pronto tiven a oportunidade de volver facer presentaci\u00f3ns Redondela foi unha das primeiras localidades que escoll\u00edn, porque, como che comentei, eu s\u00edntome un choqueiro m\u00e1is<\/p><\/blockquote>\n\n\n\n<p><strong>A querela que che presentou Margarita Robles arquivada non?<\/strong><\/p>\n\n\n\n<blockquote class=\"wp-block-quote is-layout-flow wp-block-quote-is-layout-flow\"><p>Si, outra m\u00e1is. \u00c9 unha desgraza ter que aturar esta serie de denuncias infundadas que serven para o que serven ; desgastarme f\u00edsica, psicol\u00f3xica e economicamente<\/p><\/blockquote>\n\n\n\n<p><strong>E curioso as denuncias que che presentan cando recentemente un grupo supostamente neo nazi d\u00e1 unha charla nun cuartel de Valencia ?<\/strong><\/p>\n\n\n\n<blockquote class=\"wp-block-quote is-layout-flow wp-block-quote-is-layout-flow\"><p>Efectivamente, e sen ning\u00fan tipo de problema. Este tipo de episodios prod\u00facense dentro dos cuarteis con facilidade<\/p><\/blockquote>\n\n\n\n<p><strong>Polo contrario un sarxento que acaba de escribir contra o franquismo \u00e9 posible que acabe sendo expulsado do ex\u00e9rcito, igual ca ti?<\/strong><\/p>\n\n\n\n<blockquote class=\"wp-block-quote is-layout-flow wp-block-quote-is-layout-flow\"><p>Efectivamente, unha situaci\u00f3n terrible. Pero \u00e9 unha tendencia que \u00e9 moi dif\u00edcil de reverter porque os grandes medios de comunicaci\u00f3n, incluso os considerados progresistas, non informan da situaci\u00f3n. Poden comentar algo dun caso pero como se fose un feito illado, pero non transmiten que dentro das forzas armadas temos un problema.<\/p><\/blockquote>\n\n\n\n<p><strong>A sensaci\u00f3n que te\u00f1o \u00e9 que existe certa sensaci\u00f3n de impunidade para a ultra dereita nas forzas armadas?<\/strong><\/p>\n\n\n\n<blockquote class=\"wp-block-quote is-layout-flow wp-block-quote-is-layout-flow\"><p>O que si te\u00f1o claro \u00e9 que o segmentos m\u00e1is reaccionarios do ex\u00e9rcito non est\u00e1n descontentos coa actual ministra de defensa. Esta situaci\u00f3n amosa que a li\u00f1a de actuaci\u00f3n de Margarita Robles non \u00e9 diferente da que tivo Mar\u00eda Dolores de Cospedal<\/p><\/blockquote>\n\n\n\n<p><strong>Eu recordo a Felipe Gonz\u00e1lez a principios dos anos 80 transmitindo tranquilidade \u00e1 c\u00fapula militar&#8230;<\/strong><\/p>\n\n\n\n<blockquote class=\"wp-block-quote is-layout-flow wp-block-quote-is-layout-flow\"><p>E as\u00ed foi, a c\u00fapula militar converteuse nun estamento intocable. M\u00e1is al\u00e1 dalg\u00fan lixeiro matiz non sufriu ning\u00fan tipo de reforma. De feito se tras a morte de Franco tivera experimentado alg\u00fan tipo de reforma o que debera ter pasado \u00e9 que a UMD fose o alicerce do novo ex\u00e9rcito.<\/p><\/blockquote>\n\n\n\n<p><strong>Pero nos anos 90 a UMD foi reco\u00f1ecida?<\/strong><\/p>\n\n\n\n<blockquote class=\"wp-block-quote is-layout-flow wp-block-quote-is-layout-flow\"><p>Non foi mais ca un exercicio de est\u00e9tica t\u00edpico dos gobernos do PSOE. Por exemplo agora acaban de renovar ao poder xudicial, pero que m\u00e1is ten mudar as caras se non se muda de modelo?<\/p><\/blockquote>\n\n\n\n<p><strong>O PP propu\u00f1a mudar o modelo<\/strong><\/p>\n\n\n\n<blockquote class=\"wp-block-quote is-layout-flow wp-block-quote-is-layout-flow\"><p>E eu te\u00f1o que dicir que o modelo que defend\u00eda o PP de que os xu\u00edces se escollan entre eles a min par\u00e9ceme m\u00e1is adecuado c\u00f3 actual. Non me parece o correcto que quede claro, o m\u00e1is aca\u00eddo \u00e9 que sexan escollidos polos cidad\u00e1ns , pero mellor que se escollan entre eles a que os elixan os pol\u00edticos. O poder xudicial ten que ser independente e iso non se consigue con ning\u00fan tipo de cota pol\u00edtica nos \u00f3rganos de goberno dos xu\u00edces<\/p><\/blockquote>\n\n\n\n<p><strong>Falas da independencia do poder xudicial e a min venme \u00e1 mente a presunta chamada dunha fiscal ao em\u00e9rito para supostamente informarlle de que est\u00e1 sendo investigado<\/strong><\/p>\n\n\n\n<blockquote class=\"wp-block-quote is-layout-flow wp-block-quote-is-layout-flow\"><p>Obviamente Espa\u00f1a non \u00e9 unha democracia plena, s\u00f3 o \u00e9 en aparencia. Un rei non ten cabida nunha democracia ag\u00e1s no caso de ser unha figura meramente decorativa, claramente allea ao xogo pol\u00edtico e absolutamente fiscalizado .O Rei goza de inviolabilidade xur\u00eddica, poder\u00eda agora mesmo sa\u00edr \u00e1 r\u00faa cunha pistola asasinar a quen quixera e ser\u00eda xuridicamente inabordable.<\/p><\/blockquote>\n\n\n\n<p><strong>Que opinas de que sexa unha xu\u00edza arxentina a que te\u00f1a que investigar os crimes do franquismo?<\/strong><\/p>\n\n\n\n<blockquote class=\"wp-block-quote is-layout-flow wp-block-quote-is-layout-flow\"><p>Como espa\u00f1ol d\u00e1me moit\u00edsima vergonza. En xeral que Espa\u00f1a siga sen xulgar ao franquismo \u00e9 aberrante e amosa unha vez m\u00e1is que a condici\u00f3n de democracia plena de Espa\u00f1a s\u00f3 \u00e9 unha aparencia.<\/p><\/blockquote>\n\n\n\n<p><strong>C\u00f3ntanos o m\u00e1is relevante da t\u00faa \u00faltima produci\u00f3n literaria :\u201dEl ej\u00e9rcito de Vox\u201d?<\/strong><\/p>\n\n\n\n<blockquote class=\"wp-block-quote is-layout-flow wp-block-quote-is-layout-flow\"><p>O desexable \u00e9 que ese libro nunca fose publicado porque a realidade que describe non existise. Pero por desgraza en Espa\u00f1a si que fai falta pois amosa como existe unha clara relaci\u00f3n entre o ex\u00e9rcito e a ultra dereita<\/p><\/blockquote>\n\n\n\n<p><strong>Que haxa un cuartel nunha zona incide en que Vox te\u00f1a un bo resultado electoral nesa zona?<\/strong><\/p>\n\n\n\n<blockquote class=\"wp-block-quote is-layout-flow wp-block-quote-is-layout-flow\"><p>Si por suposto. Creo que esa tese est\u00e1 amplamente constatada no libro<\/p><\/blockquote>\n\n\n\n<p><strong>Ti cres que Vox debera de ser ilegalizado?<\/strong><\/p>\n\n\n\n<blockquote class=\"wp-block-quote is-layout-flow wp-block-quote-is-layout-flow\"><p>Eu creo que o franquismo e a s\u00faa apolox\u00eda si deben de ser ilegalizados, pero ilegalizar un partido pol\u00edtico non. Eu nunca vou defender que se ilegalice a unha organizaci\u00f3n pol\u00edtica<\/p><\/blockquote>\n\n\n\n<p><strong>Onde podemos mercar o teu libro Luis?<\/strong><\/p>\n\n\n\n<blockquote class=\"wp-block-quote is-layout-flow wp-block-quote-is-layout-flow\"><p>na mi\u00f1a p\u00e1xina web: luisgonzalosegura.es ou p\u00f3dese encargar tam\u00e9n en calquera librer\u00eda<\/p><\/blockquote>\n","protected":false},"excerpt":{"rendered":"<div class=\"mh-excerpt\"><p>O ex tenente Lu\u00eds Segura estivo recentemente en Redondela presentando o seu libro \u201cEl ej\u00e9rcito de Vox\u201d. Lu\u00eds \u00e9 un vello amigo desta casa e un home dunha lucidez extraordinaria. Lu\u00eds pertence ao selecto grupo de persoas cos que sempre se aprende ao conversar <a class=\"mh-excerpt-more\" href=\"https:\/\/www.anovapeneira.gal\/index.php\/2021\/11\/17\/luis-gonzalo-segura-ex-tenente-do-exercito-espanol\/\" title=\"Luis Gonzalo Segura ex tenente do ex\u00e9rcito espa\u00f1ol\">[&#8230;]<\/a><\/p>\n<\/div>","protected":false},"author":6,"featured_media":6424,"comment_status":"open","ping_status":"open","sticky":false,"template":"","format":"standard","meta":{"_exactmetrics_skip_tracking":false,"_exactmetrics_sitenote_active":false,"_exactmetrics_sitenote_note":"","_exactmetrics_sitenote_category":0,"footnotes":""},"categories":[270],"tags":[171],"class_list":{"0":"post-6423","1":"post","2":"type-post","3":"status-publish","4":"format-standard","5":"has-post-thumbnail","7":"category-redondela-entrevistas","8":"tag-concello-de-redondela"},"yoast_head":"<!-- This site is optimized with the Yoast SEO plugin v27.4 - https:\/\/yoast.com\/product\/yoast-seo-wordpress\/ -->\n<title>Luis Gonzalo Segura ex tenente do ex\u00e9rcito espa\u00f1ol -<\/title>\n<meta name=\"description\" content=\"O ex tenente Lu\u00eds Segura estivo recentemente en Redondela presentando o seu libro \u201cEl ej\u00e9rcito de Vox\u201d. Lu\u00eds \u00e9 un vello amigo desta casa e un home dunha lucidez extraordinaria. Lu\u00eds pertence ao selecto grupo de persoas cos que sempre se aprende ao conversar\" \/>\n<meta name=\"robots\" content=\"index, follow, max-snippet:-1, max-image-preview:large, max-video-preview:-1\" \/>\n<link rel=\"canonical\" href=\"https:\/\/www.anovapeneira.gal\/index.php\/2021\/11\/17\/luis-gonzalo-segura-ex-tenente-do-exercito-espanol\/\" \/>\n<meta property=\"og:locale\" content=\"gl_ES\" \/>\n<meta property=\"og:type\" content=\"article\" \/>\n<meta property=\"og:title\" content=\"Luis Gonzalo Segura ex tenente do ex\u00e9rcito espa\u00f1ol -\" \/>\n<meta property=\"og:description\" content=\"O ex tenente Lu\u00eds Segura estivo recentemente en Redondela presentando o seu libro \u201cEl ej\u00e9rcito de Vox\u201d. Lu\u00eds \u00e9 un vello amigo desta casa e un home dunha lucidez extraordinaria. Lu\u00eds pertence ao selecto grupo de persoas cos que sempre se aprende ao conversar\" \/>\n<meta property=\"og:url\" content=\"https:\/\/www.anovapeneira.gal\/index.php\/2021\/11\/17\/luis-gonzalo-segura-ex-tenente-do-exercito-espanol\/\" \/>\n<meta property=\"article:publisher\" content=\"https:\/\/www.facebook.com\/anovapeneira\" \/>\n<meta property=\"article:published_time\" content=\"2021-11-17T09:00:36+00:00\" \/>\n<meta property=\"og:image\" content=\"https:\/\/www.anovapeneira.gal\/wp-content\/uploads\/2021\/11\/Luis_Gonzalo_Segura.jpg\" \/>\n\t<meta property=\"og:image:width\" content=\"720\" \/>\n\t<meta property=\"og:image:height\" content=\"432\" \/>\n\t<meta property=\"og:image:type\" content=\"image\/jpeg\" \/>\n<meta name=\"author\" content=\"Marcos Santos\" \/>\n<meta name=\"twitter:card\" content=\"summary_large_image\" \/>\n<meta name=\"twitter:creator\" content=\"@APeneira\" \/>\n<meta name=\"twitter:site\" content=\"@APeneira\" \/>\n<meta name=\"twitter:label1\" content=\"Escrito por\" \/>\n\t<meta name=\"twitter:data1\" content=\"Marcos Santos\" \/>\n\t<meta name=\"twitter:label2\" content=\"Tempo de lectura\" \/>\n\t<meta name=\"twitter:data2\" content=\"4 minutos\" \/>\n<script type=\"application\/ld+json\" class=\"yoast-schema-graph\">{\"@context\":\"https:\\\/\\\/schema.org\",\"@graph\":[{\"@type\":\"Article\",\"@id\":\"https:\\\/\\\/www.anovapeneira.gal\\\/index.php\\\/2021\\\/11\\\/17\\\/luis-gonzalo-segura-ex-tenente-do-exercito-espanol\\\/#article\",\"isPartOf\":{\"@id\":\"https:\\\/\\\/www.anovapeneira.gal\\\/index.php\\\/2021\\\/11\\\/17\\\/luis-gonzalo-segura-ex-tenente-do-exercito-espanol\\\/\"},\"author\":{\"name\":\"Marcos Santos\",\"@id\":\"https:\\\/\\\/www.anovapeneira.gal\\\/#\\\/schema\\\/person\\\/d9d84823564720e7593293bab054e52d\"},\"headline\":\"Luis Gonzalo Segura ex tenente do ex\u00e9rcito espa\u00f1ol\",\"datePublished\":\"2021-11-17T09:00:36+00:00\",\"mainEntityOfPage\":{\"@id\":\"https:\\\/\\\/www.anovapeneira.gal\\\/index.php\\\/2021\\\/11\\\/17\\\/luis-gonzalo-segura-ex-tenente-do-exercito-espanol\\\/\"},\"wordCount\":944,\"commentCount\":0,\"publisher\":{\"@id\":\"https:\\\/\\\/www.anovapeneira.gal\\\/#organization\"},\"image\":{\"@id\":\"https:\\\/\\\/www.anovapeneira.gal\\\/index.php\\\/2021\\\/11\\\/17\\\/luis-gonzalo-segura-ex-tenente-do-exercito-espanol\\\/#primaryimage\"},\"thumbnailUrl\":\"https:\\\/\\\/www.anovapeneira.gal\\\/wp-content\\\/uploads\\\/2021\\\/11\\\/Luis_Gonzalo_Segura.jpg\",\"keywords\":[\"Concello de Redondela\"],\"articleSection\":[\"Redondela\"],\"inLanguage\":\"gl-ES\",\"potentialAction\":[{\"@type\":\"CommentAction\",\"name\":\"Comment\",\"target\":[\"https:\\\/\\\/www.anovapeneira.gal\\\/index.php\\\/2021\\\/11\\\/17\\\/luis-gonzalo-segura-ex-tenente-do-exercito-espanol\\\/#respond\"]}]},{\"@type\":\"WebPage\",\"@id\":\"https:\\\/\\\/www.anovapeneira.gal\\\/index.php\\\/2021\\\/11\\\/17\\\/luis-gonzalo-segura-ex-tenente-do-exercito-espanol\\\/\",\"url\":\"https:\\\/\\\/www.anovapeneira.gal\\\/index.php\\\/2021\\\/11\\\/17\\\/luis-gonzalo-segura-ex-tenente-do-exercito-espanol\\\/\",\"name\":\"Luis Gonzalo Segura ex tenente do ex\u00e9rcito espa\u00f1ol -\",\"isPartOf\":{\"@id\":\"https:\\\/\\\/www.anovapeneira.gal\\\/#website\"},\"primaryImageOfPage\":{\"@id\":\"https:\\\/\\\/www.anovapeneira.gal\\\/index.php\\\/2021\\\/11\\\/17\\\/luis-gonzalo-segura-ex-tenente-do-exercito-espanol\\\/#primaryimage\"},\"image\":{\"@id\":\"https:\\\/\\\/www.anovapeneira.gal\\\/index.php\\\/2021\\\/11\\\/17\\\/luis-gonzalo-segura-ex-tenente-do-exercito-espanol\\\/#primaryimage\"},\"thumbnailUrl\":\"https:\\\/\\\/www.anovapeneira.gal\\\/wp-content\\\/uploads\\\/2021\\\/11\\\/Luis_Gonzalo_Segura.jpg\",\"datePublished\":\"2021-11-17T09:00:36+00:00\",\"description\":\"O ex tenente Lu\u00eds Segura estivo recentemente en Redondela presentando o seu libro \u201cEl ej\u00e9rcito de Vox\u201d. Lu\u00eds \u00e9 un vello amigo desta casa e un home dunha lucidez extraordinaria. Lu\u00eds pertence ao selecto grupo de persoas cos que sempre se aprende ao conversar\",\"breadcrumb\":{\"@id\":\"https:\\\/\\\/www.anovapeneira.gal\\\/index.php\\\/2021\\\/11\\\/17\\\/luis-gonzalo-segura-ex-tenente-do-exercito-espanol\\\/#breadcrumb\"},\"inLanguage\":\"gl-ES\",\"potentialAction\":[{\"@type\":\"ReadAction\",\"target\":[\"https:\\\/\\\/www.anovapeneira.gal\\\/index.php\\\/2021\\\/11\\\/17\\\/luis-gonzalo-segura-ex-tenente-do-exercito-espanol\\\/\"]}]},{\"@type\":\"ImageObject\",\"inLanguage\":\"gl-ES\",\"@id\":\"https:\\\/\\\/www.anovapeneira.gal\\\/index.php\\\/2021\\\/11\\\/17\\\/luis-gonzalo-segura-ex-tenente-do-exercito-espanol\\\/#primaryimage\",\"url\":\"https:\\\/\\\/www.anovapeneira.gal\\\/wp-content\\\/uploads\\\/2021\\\/11\\\/Luis_Gonzalo_Segura.jpg\",\"contentUrl\":\"https:\\\/\\\/www.anovapeneira.gal\\\/wp-content\\\/uploads\\\/2021\\\/11\\\/Luis_Gonzalo_Segura.jpg\",\"width\":720,\"height\":432,\"caption\":\"Luis Gonzalo Segura ex tenente do ex\u00e9rcito espa\u00f1ol\"},{\"@type\":\"BreadcrumbList\",\"@id\":\"https:\\\/\\\/www.anovapeneira.gal\\\/index.php\\\/2021\\\/11\\\/17\\\/luis-gonzalo-segura-ex-tenente-do-exercito-espanol\\\/#breadcrumb\",\"itemListElement\":[{\"@type\":\"ListItem\",\"position\":1,\"name\":\"Portada\",\"item\":\"https:\\\/\\\/www.anovapeneira.gal\\\/\"},{\"@type\":\"ListItem\",\"position\":2,\"name\":\"Luis Gonzalo Segura ex tenente do ex\u00e9rcito espa\u00f1ol\"}]},{\"@type\":\"WebSite\",\"@id\":\"https:\\\/\\\/www.anovapeneira.gal\\\/#website\",\"url\":\"https:\\\/\\\/www.anovapeneira.gal\\\/\",\"name\":\"\",\"description\":\"Xornal galego de informaci\u00f3n xeral Publicaci\u00f3n mensual de novas de Galicia e en especial dos Concellos da sur da provincia de Pontevedra.\",\"publisher\":{\"@id\":\"https:\\\/\\\/www.anovapeneira.gal\\\/#organization\"},\"potentialAction\":[{\"@type\":\"SearchAction\",\"target\":{\"@type\":\"EntryPoint\",\"urlTemplate\":\"https:\\\/\\\/www.anovapeneira.gal\\\/?s={search_term_string}\"},\"query-input\":{\"@type\":\"PropertyValueSpecification\",\"valueRequired\":true,\"valueName\":\"search_term_string\"}}],\"inLanguage\":\"gl-ES\"},{\"@type\":\"Organization\",\"@id\":\"https:\\\/\\\/www.anovapeneira.gal\\\/#organization\",\"name\":\"A Nova Peneira\",\"url\":\"https:\\\/\\\/www.anovapeneira.gal\\\/\",\"logo\":{\"@type\":\"ImageObject\",\"inLanguage\":\"gl-ES\",\"@id\":\"https:\\\/\\\/www.anovapeneira.gal\\\/#\\\/schema\\\/logo\\\/image\\\/\",\"url\":\"http:\\\/\\\/www.anovapeneira.gal\\\/wp-content\\\/uploads\\\/2019\\\/06\\\/logo_a_nova_peneira_portal_web.png\",\"contentUrl\":\"http:\\\/\\\/www.anovapeneira.gal\\\/wp-content\\\/uploads\\\/2019\\\/06\\\/logo_a_nova_peneira_portal_web.png\",\"width\":300,\"height\":100,\"caption\":\"A Nova Peneira\"},\"image\":{\"@id\":\"https:\\\/\\\/www.anovapeneira.gal\\\/#\\\/schema\\\/logo\\\/image\\\/\"},\"sameAs\":[\"https:\\\/\\\/www.facebook.com\\\/anovapeneira\",\"https:\\\/\\\/x.com\\\/APeneira\"]},{\"@type\":\"Person\",\"@id\":\"https:\\\/\\\/www.anovapeneira.gal\\\/#\\\/schema\\\/person\\\/d9d84823564720e7593293bab054e52d\",\"name\":\"Marcos Santos\",\"image\":{\"@type\":\"ImageObject\",\"inLanguage\":\"gl-ES\",\"@id\":\"https:\\\/\\\/secure.gravatar.com\\\/avatar\\\/0e8017099a7a47c0a9d2275e865fe326484561eb3d70649069e4b8e61a8d2e8c?s=96&d=mm&r=g\",\"url\":\"https:\\\/\\\/secure.gravatar.com\\\/avatar\\\/0e8017099a7a47c0a9d2275e865fe326484561eb3d70649069e4b8e61a8d2e8c?s=96&d=mm&r=g\",\"contentUrl\":\"https:\\\/\\\/secure.gravatar.com\\\/avatar\\\/0e8017099a7a47c0a9d2275e865fe326484561eb3d70649069e4b8e61a8d2e8c?s=96&d=mm&r=g\",\"caption\":\"Marcos Santos\"},\"sameAs\":[\"http:\\\/\\\/anovapeneira.gal\"],\"url\":\"https:\\\/\\\/www.anovapeneira.gal\\\/index.php\\\/author\\\/marcos-santos\\\/\"}]}<\/script>\n<!-- \/ Yoast SEO plugin. -->","yoast_head_json":{"title":"Luis Gonzalo Segura ex tenente do ex\u00e9rcito espa\u00f1ol -","description":"O ex tenente Lu\u00eds Segura estivo recentemente en Redondela presentando o seu libro \u201cEl ej\u00e9rcito de Vox\u201d. Lu\u00eds \u00e9 un vello amigo desta casa e un home dunha lucidez extraordinaria. Lu\u00eds pertence ao selecto grupo de persoas cos que sempre se aprende ao conversar","robots":{"index":"index","follow":"follow","max-snippet":"max-snippet:-1","max-image-preview":"max-image-preview:large","max-video-preview":"max-video-preview:-1"},"canonical":"https:\/\/www.anovapeneira.gal\/index.php\/2021\/11\/17\/luis-gonzalo-segura-ex-tenente-do-exercito-espanol\/","og_locale":"gl_ES","og_type":"article","og_title":"Luis Gonzalo Segura ex tenente do ex\u00e9rcito espa\u00f1ol -","og_description":"O ex tenente Lu\u00eds Segura estivo recentemente en Redondela presentando o seu libro \u201cEl ej\u00e9rcito de Vox\u201d. Lu\u00eds \u00e9 un vello amigo desta casa e un home dunha lucidez extraordinaria. Lu\u00eds pertence ao selecto grupo de persoas cos que sempre se aprende ao conversar","og_url":"https:\/\/www.anovapeneira.gal\/index.php\/2021\/11\/17\/luis-gonzalo-segura-ex-tenente-do-exercito-espanol\/","article_publisher":"https:\/\/www.facebook.com\/anovapeneira","article_published_time":"2021-11-17T09:00:36+00:00","og_image":[{"width":720,"height":432,"url":"https:\/\/www.anovapeneira.gal\/wp-content\/uploads\/2021\/11\/Luis_Gonzalo_Segura.jpg","type":"image\/jpeg"}],"author":"Marcos Santos","twitter_card":"summary_large_image","twitter_creator":"@APeneira","twitter_site":"@APeneira","twitter_misc":{"Escrito por":"Marcos Santos","Tempo de lectura":"4 minutos"},"schema":{"@context":"https:\/\/schema.org","@graph":[{"@type":"Article","@id":"https:\/\/www.anovapeneira.gal\/index.php\/2021\/11\/17\/luis-gonzalo-segura-ex-tenente-do-exercito-espanol\/#article","isPartOf":{"@id":"https:\/\/www.anovapeneira.gal\/index.php\/2021\/11\/17\/luis-gonzalo-segura-ex-tenente-do-exercito-espanol\/"},"author":{"name":"Marcos Santos","@id":"https:\/\/www.anovapeneira.gal\/#\/schema\/person\/d9d84823564720e7593293bab054e52d"},"headline":"Luis Gonzalo Segura ex tenente do ex\u00e9rcito espa\u00f1ol","datePublished":"2021-11-17T09:00:36+00:00","mainEntityOfPage":{"@id":"https:\/\/www.anovapeneira.gal\/index.php\/2021\/11\/17\/luis-gonzalo-segura-ex-tenente-do-exercito-espanol\/"},"wordCount":944,"commentCount":0,"publisher":{"@id":"https:\/\/www.anovapeneira.gal\/#organization"},"image":{"@id":"https:\/\/www.anovapeneira.gal\/index.php\/2021\/11\/17\/luis-gonzalo-segura-ex-tenente-do-exercito-espanol\/#primaryimage"},"thumbnailUrl":"https:\/\/www.anovapeneira.gal\/wp-content\/uploads\/2021\/11\/Luis_Gonzalo_Segura.jpg","keywords":["Concello de Redondela"],"articleSection":["Redondela"],"inLanguage":"gl-ES","potentialAction":[{"@type":"CommentAction","name":"Comment","target":["https:\/\/www.anovapeneira.gal\/index.php\/2021\/11\/17\/luis-gonzalo-segura-ex-tenente-do-exercito-espanol\/#respond"]}]},{"@type":"WebPage","@id":"https:\/\/www.anovapeneira.gal\/index.php\/2021\/11\/17\/luis-gonzalo-segura-ex-tenente-do-exercito-espanol\/","url":"https:\/\/www.anovapeneira.gal\/index.php\/2021\/11\/17\/luis-gonzalo-segura-ex-tenente-do-exercito-espanol\/","name":"Luis Gonzalo Segura ex tenente do ex\u00e9rcito espa\u00f1ol -","isPartOf":{"@id":"https:\/\/www.anovapeneira.gal\/#website"},"primaryImageOfPage":{"@id":"https:\/\/www.anovapeneira.gal\/index.php\/2021\/11\/17\/luis-gonzalo-segura-ex-tenente-do-exercito-espanol\/#primaryimage"},"image":{"@id":"https:\/\/www.anovapeneira.gal\/index.php\/2021\/11\/17\/luis-gonzalo-segura-ex-tenente-do-exercito-espanol\/#primaryimage"},"thumbnailUrl":"https:\/\/www.anovapeneira.gal\/wp-content\/uploads\/2021\/11\/Luis_Gonzalo_Segura.jpg","datePublished":"2021-11-17T09:00:36+00:00","description":"O ex tenente Lu\u00eds Segura estivo recentemente en Redondela presentando o seu libro \u201cEl ej\u00e9rcito de Vox\u201d. Lu\u00eds \u00e9 un vello amigo desta casa e un home dunha lucidez extraordinaria. Lu\u00eds pertence ao selecto grupo de persoas cos que sempre se aprende ao conversar","breadcrumb":{"@id":"https:\/\/www.anovapeneira.gal\/index.php\/2021\/11\/17\/luis-gonzalo-segura-ex-tenente-do-exercito-espanol\/#breadcrumb"},"inLanguage":"gl-ES","potentialAction":[{"@type":"ReadAction","target":["https:\/\/www.anovapeneira.gal\/index.php\/2021\/11\/17\/luis-gonzalo-segura-ex-tenente-do-exercito-espanol\/"]}]},{"@type":"ImageObject","inLanguage":"gl-ES","@id":"https:\/\/www.anovapeneira.gal\/index.php\/2021\/11\/17\/luis-gonzalo-segura-ex-tenente-do-exercito-espanol\/#primaryimage","url":"https:\/\/www.anovapeneira.gal\/wp-content\/uploads\/2021\/11\/Luis_Gonzalo_Segura.jpg","contentUrl":"https:\/\/www.anovapeneira.gal\/wp-content\/uploads\/2021\/11\/Luis_Gonzalo_Segura.jpg","width":720,"height":432,"caption":"Luis Gonzalo Segura ex tenente do ex\u00e9rcito espa\u00f1ol"},{"@type":"BreadcrumbList","@id":"https:\/\/www.anovapeneira.gal\/index.php\/2021\/11\/17\/luis-gonzalo-segura-ex-tenente-do-exercito-espanol\/#breadcrumb","itemListElement":[{"@type":"ListItem","position":1,"name":"Portada","item":"https:\/\/www.anovapeneira.gal\/"},{"@type":"ListItem","position":2,"name":"Luis Gonzalo Segura ex tenente do ex\u00e9rcito espa\u00f1ol"}]},{"@type":"WebSite","@id":"https:\/\/www.anovapeneira.gal\/#website","url":"https:\/\/www.anovapeneira.gal\/","name":"","description":"Xornal galego de informaci\u00f3n xeral Publicaci\u00f3n mensual de novas de Galicia e en especial dos Concellos da sur da provincia de Pontevedra.","publisher":{"@id":"https:\/\/www.anovapeneira.gal\/#organization"},"potentialAction":[{"@type":"SearchAction","target":{"@type":"EntryPoint","urlTemplate":"https:\/\/www.anovapeneira.gal\/?s={search_term_string}"},"query-input":{"@type":"PropertyValueSpecification","valueRequired":true,"valueName":"search_term_string"}}],"inLanguage":"gl-ES"},{"@type":"Organization","@id":"https:\/\/www.anovapeneira.gal\/#organization","name":"A Nova Peneira","url":"https:\/\/www.anovapeneira.gal\/","logo":{"@type":"ImageObject","inLanguage":"gl-ES","@id":"https:\/\/www.anovapeneira.gal\/#\/schema\/logo\/image\/","url":"http:\/\/www.anovapeneira.gal\/wp-content\/uploads\/2019\/06\/logo_a_nova_peneira_portal_web.png","contentUrl":"http:\/\/www.anovapeneira.gal\/wp-content\/uploads\/2019\/06\/logo_a_nova_peneira_portal_web.png","width":300,"height":100,"caption":"A Nova Peneira"},"image":{"@id":"https:\/\/www.anovapeneira.gal\/#\/schema\/logo\/image\/"},"sameAs":["https:\/\/www.facebook.com\/anovapeneira","https:\/\/x.com\/APeneira"]},{"@type":"Person","@id":"https:\/\/www.anovapeneira.gal\/#\/schema\/person\/d9d84823564720e7593293bab054e52d","name":"Marcos Santos","image":{"@type":"ImageObject","inLanguage":"gl-ES","@id":"https:\/\/secure.gravatar.com\/avatar\/0e8017099a7a47c0a9d2275e865fe326484561eb3d70649069e4b8e61a8d2e8c?s=96&d=mm&r=g","url":"https:\/\/secure.gravatar.com\/avatar\/0e8017099a7a47c0a9d2275e865fe326484561eb3d70649069e4b8e61a8d2e8c?s=96&d=mm&r=g","contentUrl":"https:\/\/secure.gravatar.com\/avatar\/0e8017099a7a47c0a9d2275e865fe326484561eb3d70649069e4b8e61a8d2e8c?s=96&d=mm&r=g","caption":"Marcos Santos"},"sameAs":["http:\/\/anovapeneira.gal"],"url":"https:\/\/www.anovapeneira.gal\/index.php\/author\/marcos-santos\/"}]}},"jetpack_featured_media_url":"https:\/\/www.anovapeneira.gal\/wp-content\/uploads\/2021\/11\/Luis_Gonzalo_Segura.jpg","_links":{"self":[{"href":"https:\/\/www.anovapeneira.gal\/index.php\/wp-json\/wp\/v2\/posts\/6423","targetHints":{"allow":["GET"]}}],"collection":[{"href":"https:\/\/www.anovapeneira.gal\/index.php\/wp-json\/wp\/v2\/posts"}],"about":[{"href":"https:\/\/www.anovapeneira.gal\/index.php\/wp-json\/wp\/v2\/types\/post"}],"author":[{"embeddable":true,"href":"https:\/\/www.anovapeneira.gal\/index.php\/wp-json\/wp\/v2\/users\/6"}],"replies":[{"embeddable":true,"href":"https:\/\/www.anovapeneira.gal\/index.php\/wp-json\/wp\/v2\/comments?post=6423"}],"version-history":[{"count":1,"href":"https:\/\/www.anovapeneira.gal\/index.php\/wp-json\/wp\/v2\/posts\/6423\/revisions"}],"predecessor-version":[{"id":6425,"href":"https:\/\/www.anovapeneira.gal\/index.php\/wp-json\/wp\/v2\/posts\/6423\/revisions\/6425"}],"wp:featuredmedia":[{"embeddable":true,"href":"https:\/\/www.anovapeneira.gal\/index.php\/wp-json\/wp\/v2\/media\/6424"}],"wp:attachment":[{"href":"https:\/\/www.anovapeneira.gal\/index.php\/wp-json\/wp\/v2\/media?parent=6423"}],"wp:term":[{"taxonomy":"category","embeddable":true,"href":"https:\/\/www.anovapeneira.gal\/index.php\/wp-json\/wp\/v2\/categories?post=6423"},{"taxonomy":"post_tag","embeddable":true,"href":"https:\/\/www.anovapeneira.gal\/index.php\/wp-json\/wp\/v2\/tags?post=6423"}],"curies":[{"name":"wp","href":"https:\/\/api.w.org\/{rel}","templated":true}]}}