{"id":6426,"date":"2021-11-17T12:00:36","date_gmt":"2021-11-17T11:00:36","guid":{"rendered":"https:\/\/www.anovapeneira.gal\/?p=6426"},"modified":"2021-11-07T10:50:59","modified_gmt":"2021-11-07T09:50:59","slug":"programa-tei-titoria-entre-iguaisunha-iniciativa-de-integracion-e-prevencion-do-acoso-escolar","status":"publish","type":"post","link":"https:\/\/www.anovapeneira.gal\/index.php\/2021\/11\/17\/programa-tei-titoria-entre-iguaisunha-iniciativa-de-integracion-e-prevencion-do-acoso-escolar\/","title":{"rendered":"Programa TEI (TITOR\u00cdA Entre Iguais)Unha Iniciativa De Integraci\u00f3n E Prevenci\u00f3n Do Acoso Escolar"},"content":{"rendered":"\n<p>O venres 5 de novembro de 2021 tivo lugar no IES Salvaterra de Mi\u00f1o a presentaci\u00f3n das parellasTEI. O acto contou coa presenza da alcaldesa de Salvaterra de Mi\u00f1o dona Marta Valc\u00e1rcel e opresidente da ANPA do centro educativo don Marcelo S\u00e1nchez, ademais da direcci\u00f3n, membros doequipo de convivencia e profesorado do centro.<\/p>\n\n\n\n<p>Este programa TEI (Titor\u00eda Entre Iguais) \u00e9 unha estratexia de convivencia enfocada,fundamentalmente, \u00e1 integraci\u00f3n do novo alumnado e \u00e1 prevenci\u00f3n do acoso escolar. O alumnadode 3\u00ba de ESO, con experiencia xa no centro educativo, presta apoio, sobre todo de tipo emocional,pero tam\u00e9n axuda na resoluci\u00f3n de conflitos a alumnado de 1\u00ba de ESO que, a priori, \u00e9 alumnadom\u00e1is vulnerable debido \u00e1 s\u00faa recente incorporaci\u00f3n ao centro escolar.<\/p>\n\n\n\n<p>O programa TEI v\u00e9n funcionando dende hai varios anos no IES Salvaterra de Mi\u00f1o pero, por morda pandemia, non foi posible po\u00f1elo en pr\u00e1ctica na s\u00faa totalidade debido ao confinamento e \u00e1srestrici\u00f3ns impostas no curso 2020-2021. Responsables do centro educativo conf\u00edan en que este anopoida desenvolverse na s\u00faa totalidade e que isto axude \u00e1 mellora da convivencia.<\/p>\n\n\n\n<p>Este programa TEI que, como sinalou a alcaldesa dona Marta Valc\u00e1rcel, \u00e9 unha estratexia pioneiraen centros do concello, v\u00e9n a completar outras estratexias a prol da mellora da convivencia que xase est\u00e1n po\u00f1endo en pr\u00e1ctica nese centro educativo como a mediaci\u00f3n escolar, as pr\u00e1cticasrestaurativas ou unha aula de convivencia activa. A alcaldesa agradeceu que este tipo de iniciativas,que axudan a mellorar a convivencia e a formar cidad\u00e1ns m\u00e1is responsables, sexan postas enpr\u00e1ctica nos centros educativos. Pola s\u00faa parte, don Marcelo S\u00e1nchez tam\u00e9n agradeceu ao centro, ennome das familias, estas actuaci\u00f3ns co alumnado e comentou que dende a confederaci\u00f3n de ANPASrecibe preguntas acerca de como po\u00f1er en pr\u00e1ctica iniciativas coma estas que se est\u00e1n implantandono IES Salvaterra de Mi\u00f1o.<\/p>\n\n\n\n<p>Fontes do centro educativo informaron de que, a pesar de que o programa TEI \u00e9 de recenteimplantaci\u00f3n no IES Salvaterra de Mi\u00f1o, estar\u00edan encantados de que os centros de infantil eprimaria adscritos se uniran a esta iniciativa, o que supor\u00eda crear unhas din\u00e1micas dende idadestemper\u00e1s que favorecer\u00edan os obxectivos pretendidos de integraci\u00f3n e prevenci\u00f3n. Indican, ademais,que \u00e9 un programa que leva implantado dende xa hai anos con \u00e9xito non s\u00f3 en centros educativos detodo o territorio espa\u00f1ol, sen\u00f3n tam\u00e9n en cidades, denominadas cidades TEI, como Gij\u00f3n, M\u00e1laga,Sada, Santander entre outras moitas.<\/p>\n","protected":false},"excerpt":{"rendered":"<div class=\"mh-excerpt\"><p>O venres 5 de novembro de 2021 tivo lugar no IES Salvaterra de Mi\u00f1o a presentaci\u00f3n das parellasTEI. O acto contou coa presenza da alcaldesa de Salvaterra de Mi\u00f1o dona Marta Valc\u00e1rcel e opresidente da ANPA do centro educativo don Marcelo S\u00e1nchez, ademais da direcci\u00f3n, membros doequipo de convivencia e profesorado do centro <a class=\"mh-excerpt-more\" href=\"https:\/\/www.anovapeneira.gal\/index.php\/2021\/11\/17\/programa-tei-titoria-entre-iguaisunha-iniciativa-de-integracion-e-prevencion-do-acoso-escolar\/\" title=\"Programa TEI (TITOR\u00cdA Entre Iguais)Unha Iniciativa De Integraci\u00f3n E Prevenci\u00f3n Do Acoso Escolar\">[&#8230;]<\/a><\/p>\n<\/div>","protected":false},"author":3,"featured_media":6428,"comment_status":"open","ping_status":"open","sticky":false,"template":"","format":"standard","meta":{"_exactmetrics_skip_tracking":false,"_exactmetrics_sitenote_active":false,"_exactmetrics_sitenote_note":"","_exactmetrics_sitenote_category":0,"footnotes":""},"categories":[25],"tags":[186],"class_list":{"0":"post-6426","1":"post","2":"type-post","3":"status-publish","4":"format-standard","5":"has-post-thumbnail","7":"category-condado","8":"tag-concello-de-salvaterra-do-mino"},"yoast_head":"<!-- This site is optimized with the Yoast SEO plugin v27.4 - https:\/\/yoast.com\/product\/yoast-seo-wordpress\/ -->\n<title>Programa TEI (TITOR\u00cdA Entre Iguais)Unha Iniciativa De Integraci\u00f3n E Prevenci\u00f3n Do Acoso Escolar -<\/title>\n<meta name=\"description\" content=\"O venres 5 de novembro de 2021 tivo lugar no IES Salvaterra de Mi\u00f1o a presentaci\u00f3n das parellasTEI. O acto contou coa presenza da alcaldesa de Salvaterra de Mi\u00f1o dona Marta Valc\u00e1rcel e opresidente da ANPA do centro educativo don Marcelo S\u00e1nchez, ademais da direcci\u00f3n, membros doequipo de convivencia e profesorado do centro\" \/>\n<meta name=\"robots\" content=\"index, follow, max-snippet:-1, max-image-preview:large, max-video-preview:-1\" \/>\n<link rel=\"canonical\" href=\"https:\/\/www.anovapeneira.gal\/index.php\/2021\/11\/17\/programa-tei-titoria-entre-iguaisunha-iniciativa-de-integracion-e-prevencion-do-acoso-escolar\/\" \/>\n<meta property=\"og:locale\" content=\"gl_ES\" \/>\n<meta property=\"og:type\" content=\"article\" \/>\n<meta property=\"og:title\" content=\"Programa TEI (TITOR\u00cdA Entre Iguais)Unha Iniciativa De Integraci\u00f3n E Prevenci\u00f3n Do Acoso Escolar -\" \/>\n<meta property=\"og:description\" content=\"O venres 5 de novembro de 2021 tivo lugar no IES Salvaterra de Mi\u00f1o a presentaci\u00f3n das parellasTEI. O acto contou coa presenza da alcaldesa de Salvaterra de Mi\u00f1o dona Marta Valc\u00e1rcel e opresidente da ANPA do centro educativo don Marcelo S\u00e1nchez, ademais da direcci\u00f3n, membros doequipo de convivencia e profesorado do centro\" \/>\n<meta property=\"og:url\" content=\"https:\/\/www.anovapeneira.gal\/index.php\/2021\/11\/17\/programa-tei-titoria-entre-iguaisunha-iniciativa-de-integracion-e-prevencion-do-acoso-escolar\/\" \/>\n<meta property=\"article:publisher\" content=\"https:\/\/www.facebook.com\/anovapeneira\" \/>\n<meta property=\"article:published_time\" content=\"2021-11-17T11:00:36+00:00\" \/>\n<meta property=\"og:image\" content=\"https:\/\/www.anovapeneira.gal\/wp-content\/uploads\/2021\/11\/Programa_TEI_salvaterra.jpg\" \/>\n\t<meta property=\"og:image:width\" content=\"720\" \/>\n\t<meta property=\"og:image:height\" content=\"432\" \/>\n\t<meta property=\"og:image:type\" content=\"image\/jpeg\" \/>\n<meta name=\"author\" content=\"Redacci\u00f3n A Nova Peneira\" \/>\n<meta name=\"twitter:card\" content=\"summary_large_image\" \/>\n<meta name=\"twitter:creator\" content=\"@APeneira\" \/>\n<meta name=\"twitter:site\" content=\"@APeneira\" \/>\n<meta name=\"twitter:label1\" content=\"Escrito por\" \/>\n\t<meta name=\"twitter:data1\" content=\"Redacci\u00f3n A Nova Peneira\" \/>\n\t<meta name=\"twitter:label2\" content=\"Tempo de lectura\" \/>\n\t<meta name=\"twitter:data2\" content=\"2 minutos\" \/>\n<script type=\"application\/ld+json\" class=\"yoast-schema-graph\">{\"@context\":\"https:\\\/\\\/schema.org\",\"@graph\":[{\"@type\":\"Article\",\"@id\":\"https:\\\/\\\/www.anovapeneira.gal\\\/index.php\\\/2021\\\/11\\\/17\\\/programa-tei-titoria-entre-iguaisunha-iniciativa-de-integracion-e-prevencion-do-acoso-escolar\\\/#article\",\"isPartOf\":{\"@id\":\"https:\\\/\\\/www.anovapeneira.gal\\\/index.php\\\/2021\\\/11\\\/17\\\/programa-tei-titoria-entre-iguaisunha-iniciativa-de-integracion-e-prevencion-do-acoso-escolar\\\/\"},\"author\":{\"name\":\"Redacci\u00f3n A Nova Peneira\",\"@id\":\"https:\\\/\\\/www.anovapeneira.gal\\\/#\\\/schema\\\/person\\\/b93e3f8932e3f8da96334607eb6ac6aa\"},\"headline\":\"Programa TEI (TITOR\u00cdA Entre Iguais)Unha Iniciativa De Integraci\u00f3n E Prevenci\u00f3n Do Acoso Escolar\",\"datePublished\":\"2021-11-17T11:00:36+00:00\",\"mainEntityOfPage\":{\"@id\":\"https:\\\/\\\/www.anovapeneira.gal\\\/index.php\\\/2021\\\/11\\\/17\\\/programa-tei-titoria-entre-iguaisunha-iniciativa-de-integracion-e-prevencion-do-acoso-escolar\\\/\"},\"wordCount\":450,\"commentCount\":0,\"publisher\":{\"@id\":\"https:\\\/\\\/www.anovapeneira.gal\\\/#organization\"},\"image\":{\"@id\":\"https:\\\/\\\/www.anovapeneira.gal\\\/index.php\\\/2021\\\/11\\\/17\\\/programa-tei-titoria-entre-iguaisunha-iniciativa-de-integracion-e-prevencion-do-acoso-escolar\\\/#primaryimage\"},\"thumbnailUrl\":\"https:\\\/\\\/www.anovapeneira.gal\\\/wp-content\\\/uploads\\\/2021\\\/11\\\/Programa_TEI_salvaterra.jpg\",\"keywords\":[\"Concello de Salvaterra do Mi\u00f1o\"],\"articleSection\":[\"Condado\"],\"inLanguage\":\"gl-ES\",\"potentialAction\":[{\"@type\":\"CommentAction\",\"name\":\"Comment\",\"target\":[\"https:\\\/\\\/www.anovapeneira.gal\\\/index.php\\\/2021\\\/11\\\/17\\\/programa-tei-titoria-entre-iguaisunha-iniciativa-de-integracion-e-prevencion-do-acoso-escolar\\\/#respond\"]}]},{\"@type\":\"WebPage\",\"@id\":\"https:\\\/\\\/www.anovapeneira.gal\\\/index.php\\\/2021\\\/11\\\/17\\\/programa-tei-titoria-entre-iguaisunha-iniciativa-de-integracion-e-prevencion-do-acoso-escolar\\\/\",\"url\":\"https:\\\/\\\/www.anovapeneira.gal\\\/index.php\\\/2021\\\/11\\\/17\\\/programa-tei-titoria-entre-iguaisunha-iniciativa-de-integracion-e-prevencion-do-acoso-escolar\\\/\",\"name\":\"Programa TEI (TITOR\u00cdA Entre Iguais)Unha Iniciativa De Integraci\u00f3n E Prevenci\u00f3n Do Acoso Escolar -\",\"isPartOf\":{\"@id\":\"https:\\\/\\\/www.anovapeneira.gal\\\/#website\"},\"primaryImageOfPage\":{\"@id\":\"https:\\\/\\\/www.anovapeneira.gal\\\/index.php\\\/2021\\\/11\\\/17\\\/programa-tei-titoria-entre-iguaisunha-iniciativa-de-integracion-e-prevencion-do-acoso-escolar\\\/#primaryimage\"},\"image\":{\"@id\":\"https:\\\/\\\/www.anovapeneira.gal\\\/index.php\\\/2021\\\/11\\\/17\\\/programa-tei-titoria-entre-iguaisunha-iniciativa-de-integracion-e-prevencion-do-acoso-escolar\\\/#primaryimage\"},\"thumbnailUrl\":\"https:\\\/\\\/www.anovapeneira.gal\\\/wp-content\\\/uploads\\\/2021\\\/11\\\/Programa_TEI_salvaterra.jpg\",\"datePublished\":\"2021-11-17T11:00:36+00:00\",\"description\":\"O venres 5 de novembro de 2021 tivo lugar no IES Salvaterra de Mi\u00f1o a presentaci\u00f3n das parellasTEI. O acto contou coa presenza da alcaldesa de Salvaterra de Mi\u00f1o dona Marta Valc\u00e1rcel e opresidente da ANPA do centro educativo don Marcelo S\u00e1nchez, ademais da direcci\u00f3n, membros doequipo de convivencia e profesorado do centro\",\"breadcrumb\":{\"@id\":\"https:\\\/\\\/www.anovapeneira.gal\\\/index.php\\\/2021\\\/11\\\/17\\\/programa-tei-titoria-entre-iguaisunha-iniciativa-de-integracion-e-prevencion-do-acoso-escolar\\\/#breadcrumb\"},\"inLanguage\":\"gl-ES\",\"potentialAction\":[{\"@type\":\"ReadAction\",\"target\":[\"https:\\\/\\\/www.anovapeneira.gal\\\/index.php\\\/2021\\\/11\\\/17\\\/programa-tei-titoria-entre-iguaisunha-iniciativa-de-integracion-e-prevencion-do-acoso-escolar\\\/\"]}]},{\"@type\":\"ImageObject\",\"inLanguage\":\"gl-ES\",\"@id\":\"https:\\\/\\\/www.anovapeneira.gal\\\/index.php\\\/2021\\\/11\\\/17\\\/programa-tei-titoria-entre-iguaisunha-iniciativa-de-integracion-e-prevencion-do-acoso-escolar\\\/#primaryimage\",\"url\":\"https:\\\/\\\/www.anovapeneira.gal\\\/wp-content\\\/uploads\\\/2021\\\/11\\\/Programa_TEI_salvaterra.jpg\",\"contentUrl\":\"https:\\\/\\\/www.anovapeneira.gal\\\/wp-content\\\/uploads\\\/2021\\\/11\\\/Programa_TEI_salvaterra.jpg\",\"width\":720,\"height\":432,\"caption\":\"Programa TEI (TITOR\u00cdA Entre Iguais)Unha Iniciativa De Integraci\u00f3n E Prevenci\u00f3n Do Acoso Escolar\"},{\"@type\":\"BreadcrumbList\",\"@id\":\"https:\\\/\\\/www.anovapeneira.gal\\\/index.php\\\/2021\\\/11\\\/17\\\/programa-tei-titoria-entre-iguaisunha-iniciativa-de-integracion-e-prevencion-do-acoso-escolar\\\/#breadcrumb\",\"itemListElement\":[{\"@type\":\"ListItem\",\"position\":1,\"name\":\"Portada\",\"item\":\"https:\\\/\\\/www.anovapeneira.gal\\\/\"},{\"@type\":\"ListItem\",\"position\":2,\"name\":\"Programa TEI (TITOR\u00cdA Entre Iguais)Unha Iniciativa De Integraci\u00f3n E Prevenci\u00f3n Do Acoso Escolar\"}]},{\"@type\":\"WebSite\",\"@id\":\"https:\\\/\\\/www.anovapeneira.gal\\\/#website\",\"url\":\"https:\\\/\\\/www.anovapeneira.gal\\\/\",\"name\":\"\",\"description\":\"Xornal galego de informaci\u00f3n xeral Publicaci\u00f3n mensual de novas de Galicia e en especial dos Concellos da sur da provincia de Pontevedra.\",\"publisher\":{\"@id\":\"https:\\\/\\\/www.anovapeneira.gal\\\/#organization\"},\"potentialAction\":[{\"@type\":\"SearchAction\",\"target\":{\"@type\":\"EntryPoint\",\"urlTemplate\":\"https:\\\/\\\/www.anovapeneira.gal\\\/?s={search_term_string}\"},\"query-input\":{\"@type\":\"PropertyValueSpecification\",\"valueRequired\":true,\"valueName\":\"search_term_string\"}}],\"inLanguage\":\"gl-ES\"},{\"@type\":\"Organization\",\"@id\":\"https:\\\/\\\/www.anovapeneira.gal\\\/#organization\",\"name\":\"A Nova Peneira\",\"url\":\"https:\\\/\\\/www.anovapeneira.gal\\\/\",\"logo\":{\"@type\":\"ImageObject\",\"inLanguage\":\"gl-ES\",\"@id\":\"https:\\\/\\\/www.anovapeneira.gal\\\/#\\\/schema\\\/logo\\\/image\\\/\",\"url\":\"http:\\\/\\\/www.anovapeneira.gal\\\/wp-content\\\/uploads\\\/2019\\\/06\\\/logo_a_nova_peneira_portal_web.png\",\"contentUrl\":\"http:\\\/\\\/www.anovapeneira.gal\\\/wp-content\\\/uploads\\\/2019\\\/06\\\/logo_a_nova_peneira_portal_web.png\",\"width\":300,\"height\":100,\"caption\":\"A Nova Peneira\"},\"image\":{\"@id\":\"https:\\\/\\\/www.anovapeneira.gal\\\/#\\\/schema\\\/logo\\\/image\\\/\"},\"sameAs\":[\"https:\\\/\\\/www.facebook.com\\\/anovapeneira\",\"https:\\\/\\\/x.com\\\/APeneira\"]},{\"@type\":\"Person\",\"@id\":\"https:\\\/\\\/www.anovapeneira.gal\\\/#\\\/schema\\\/person\\\/b93e3f8932e3f8da96334607eb6ac6aa\",\"name\":\"Redacci\u00f3n A Nova Peneira\",\"image\":{\"@type\":\"ImageObject\",\"inLanguage\":\"gl-ES\",\"@id\":\"https:\\\/\\\/secure.gravatar.com\\\/avatar\\\/c052a2551a06e23fac63626232eaa90abd78dbcf1700fc46a2b2c89fd27b735f?s=96&d=mm&r=g\",\"url\":\"https:\\\/\\\/secure.gravatar.com\\\/avatar\\\/c052a2551a06e23fac63626232eaa90abd78dbcf1700fc46a2b2c89fd27b735f?s=96&d=mm&r=g\",\"contentUrl\":\"https:\\\/\\\/secure.gravatar.com\\\/avatar\\\/c052a2551a06e23fac63626232eaa90abd78dbcf1700fc46a2b2c89fd27b735f?s=96&d=mm&r=g\",\"caption\":\"Redacci\u00f3n A Nova Peneira\"},\"sameAs\":[\"http:\\\/\\\/www.anovapeneira.gal\\\/\"],\"url\":\"https:\\\/\\\/www.anovapeneira.gal\\\/index.php\\\/author\\\/redactor\\\/\"}]}<\/script>\n<!-- \/ Yoast SEO plugin. -->","yoast_head_json":{"title":"Programa TEI (TITOR\u00cdA Entre Iguais)Unha Iniciativa De Integraci\u00f3n E Prevenci\u00f3n Do Acoso Escolar -","description":"O venres 5 de novembro de 2021 tivo lugar no IES Salvaterra de Mi\u00f1o a presentaci\u00f3n das parellasTEI. O acto contou coa presenza da alcaldesa de Salvaterra de Mi\u00f1o dona Marta Valc\u00e1rcel e opresidente da ANPA do centro educativo don Marcelo S\u00e1nchez, ademais da direcci\u00f3n, membros doequipo de convivencia e profesorado do centro","robots":{"index":"index","follow":"follow","max-snippet":"max-snippet:-1","max-image-preview":"max-image-preview:large","max-video-preview":"max-video-preview:-1"},"canonical":"https:\/\/www.anovapeneira.gal\/index.php\/2021\/11\/17\/programa-tei-titoria-entre-iguaisunha-iniciativa-de-integracion-e-prevencion-do-acoso-escolar\/","og_locale":"gl_ES","og_type":"article","og_title":"Programa TEI (TITOR\u00cdA Entre Iguais)Unha Iniciativa De Integraci\u00f3n E Prevenci\u00f3n Do Acoso Escolar -","og_description":"O venres 5 de novembro de 2021 tivo lugar no IES Salvaterra de Mi\u00f1o a presentaci\u00f3n das parellasTEI. O acto contou coa presenza da alcaldesa de Salvaterra de Mi\u00f1o dona Marta Valc\u00e1rcel e opresidente da ANPA do centro educativo don Marcelo S\u00e1nchez, ademais da direcci\u00f3n, membros doequipo de convivencia e profesorado do centro","og_url":"https:\/\/www.anovapeneira.gal\/index.php\/2021\/11\/17\/programa-tei-titoria-entre-iguaisunha-iniciativa-de-integracion-e-prevencion-do-acoso-escolar\/","article_publisher":"https:\/\/www.facebook.com\/anovapeneira","article_published_time":"2021-11-17T11:00:36+00:00","og_image":[{"width":720,"height":432,"url":"https:\/\/www.anovapeneira.gal\/wp-content\/uploads\/2021\/11\/Programa_TEI_salvaterra.jpg","type":"image\/jpeg"}],"author":"Redacci\u00f3n A Nova Peneira","twitter_card":"summary_large_image","twitter_creator":"@APeneira","twitter_site":"@APeneira","twitter_misc":{"Escrito por":"Redacci\u00f3n A Nova Peneira","Tempo de lectura":"2 minutos"},"schema":{"@context":"https:\/\/schema.org","@graph":[{"@type":"Article","@id":"https:\/\/www.anovapeneira.gal\/index.php\/2021\/11\/17\/programa-tei-titoria-entre-iguaisunha-iniciativa-de-integracion-e-prevencion-do-acoso-escolar\/#article","isPartOf":{"@id":"https:\/\/www.anovapeneira.gal\/index.php\/2021\/11\/17\/programa-tei-titoria-entre-iguaisunha-iniciativa-de-integracion-e-prevencion-do-acoso-escolar\/"},"author":{"name":"Redacci\u00f3n A Nova Peneira","@id":"https:\/\/www.anovapeneira.gal\/#\/schema\/person\/b93e3f8932e3f8da96334607eb6ac6aa"},"headline":"Programa TEI (TITOR\u00cdA Entre Iguais)Unha Iniciativa De Integraci\u00f3n E Prevenci\u00f3n Do Acoso Escolar","datePublished":"2021-11-17T11:00:36+00:00","mainEntityOfPage":{"@id":"https:\/\/www.anovapeneira.gal\/index.php\/2021\/11\/17\/programa-tei-titoria-entre-iguaisunha-iniciativa-de-integracion-e-prevencion-do-acoso-escolar\/"},"wordCount":450,"commentCount":0,"publisher":{"@id":"https:\/\/www.anovapeneira.gal\/#organization"},"image":{"@id":"https:\/\/www.anovapeneira.gal\/index.php\/2021\/11\/17\/programa-tei-titoria-entre-iguaisunha-iniciativa-de-integracion-e-prevencion-do-acoso-escolar\/#primaryimage"},"thumbnailUrl":"https:\/\/www.anovapeneira.gal\/wp-content\/uploads\/2021\/11\/Programa_TEI_salvaterra.jpg","keywords":["Concello de Salvaterra do Mi\u00f1o"],"articleSection":["Condado"],"inLanguage":"gl-ES","potentialAction":[{"@type":"CommentAction","name":"Comment","target":["https:\/\/www.anovapeneira.gal\/index.php\/2021\/11\/17\/programa-tei-titoria-entre-iguaisunha-iniciativa-de-integracion-e-prevencion-do-acoso-escolar\/#respond"]}]},{"@type":"WebPage","@id":"https:\/\/www.anovapeneira.gal\/index.php\/2021\/11\/17\/programa-tei-titoria-entre-iguaisunha-iniciativa-de-integracion-e-prevencion-do-acoso-escolar\/","url":"https:\/\/www.anovapeneira.gal\/index.php\/2021\/11\/17\/programa-tei-titoria-entre-iguaisunha-iniciativa-de-integracion-e-prevencion-do-acoso-escolar\/","name":"Programa TEI (TITOR\u00cdA Entre Iguais)Unha Iniciativa De Integraci\u00f3n E Prevenci\u00f3n Do Acoso Escolar -","isPartOf":{"@id":"https:\/\/www.anovapeneira.gal\/#website"},"primaryImageOfPage":{"@id":"https:\/\/www.anovapeneira.gal\/index.php\/2021\/11\/17\/programa-tei-titoria-entre-iguaisunha-iniciativa-de-integracion-e-prevencion-do-acoso-escolar\/#primaryimage"},"image":{"@id":"https:\/\/www.anovapeneira.gal\/index.php\/2021\/11\/17\/programa-tei-titoria-entre-iguaisunha-iniciativa-de-integracion-e-prevencion-do-acoso-escolar\/#primaryimage"},"thumbnailUrl":"https:\/\/www.anovapeneira.gal\/wp-content\/uploads\/2021\/11\/Programa_TEI_salvaterra.jpg","datePublished":"2021-11-17T11:00:36+00:00","description":"O venres 5 de novembro de 2021 tivo lugar no IES Salvaterra de Mi\u00f1o a presentaci\u00f3n das parellasTEI. O acto contou coa presenza da alcaldesa de Salvaterra de Mi\u00f1o dona Marta Valc\u00e1rcel e opresidente da ANPA do centro educativo don Marcelo S\u00e1nchez, ademais da direcci\u00f3n, membros doequipo de convivencia e profesorado do centro","breadcrumb":{"@id":"https:\/\/www.anovapeneira.gal\/index.php\/2021\/11\/17\/programa-tei-titoria-entre-iguaisunha-iniciativa-de-integracion-e-prevencion-do-acoso-escolar\/#breadcrumb"},"inLanguage":"gl-ES","potentialAction":[{"@type":"ReadAction","target":["https:\/\/www.anovapeneira.gal\/index.php\/2021\/11\/17\/programa-tei-titoria-entre-iguaisunha-iniciativa-de-integracion-e-prevencion-do-acoso-escolar\/"]}]},{"@type":"ImageObject","inLanguage":"gl-ES","@id":"https:\/\/www.anovapeneira.gal\/index.php\/2021\/11\/17\/programa-tei-titoria-entre-iguaisunha-iniciativa-de-integracion-e-prevencion-do-acoso-escolar\/#primaryimage","url":"https:\/\/www.anovapeneira.gal\/wp-content\/uploads\/2021\/11\/Programa_TEI_salvaterra.jpg","contentUrl":"https:\/\/www.anovapeneira.gal\/wp-content\/uploads\/2021\/11\/Programa_TEI_salvaterra.jpg","width":720,"height":432,"caption":"Programa TEI (TITOR\u00cdA Entre Iguais)Unha Iniciativa De Integraci\u00f3n E Prevenci\u00f3n Do Acoso Escolar"},{"@type":"BreadcrumbList","@id":"https:\/\/www.anovapeneira.gal\/index.php\/2021\/11\/17\/programa-tei-titoria-entre-iguaisunha-iniciativa-de-integracion-e-prevencion-do-acoso-escolar\/#breadcrumb","itemListElement":[{"@type":"ListItem","position":1,"name":"Portada","item":"https:\/\/www.anovapeneira.gal\/"},{"@type":"ListItem","position":2,"name":"Programa TEI (TITOR\u00cdA Entre Iguais)Unha Iniciativa De Integraci\u00f3n E Prevenci\u00f3n Do Acoso Escolar"}]},{"@type":"WebSite","@id":"https:\/\/www.anovapeneira.gal\/#website","url":"https:\/\/www.anovapeneira.gal\/","name":"","description":"Xornal galego de informaci\u00f3n xeral Publicaci\u00f3n mensual de novas de Galicia e en especial dos Concellos da sur da provincia de Pontevedra.","publisher":{"@id":"https:\/\/www.anovapeneira.gal\/#organization"},"potentialAction":[{"@type":"SearchAction","target":{"@type":"EntryPoint","urlTemplate":"https:\/\/www.anovapeneira.gal\/?s={search_term_string}"},"query-input":{"@type":"PropertyValueSpecification","valueRequired":true,"valueName":"search_term_string"}}],"inLanguage":"gl-ES"},{"@type":"Organization","@id":"https:\/\/www.anovapeneira.gal\/#organization","name":"A Nova Peneira","url":"https:\/\/www.anovapeneira.gal\/","logo":{"@type":"ImageObject","inLanguage":"gl-ES","@id":"https:\/\/www.anovapeneira.gal\/#\/schema\/logo\/image\/","url":"http:\/\/www.anovapeneira.gal\/wp-content\/uploads\/2019\/06\/logo_a_nova_peneira_portal_web.png","contentUrl":"http:\/\/www.anovapeneira.gal\/wp-content\/uploads\/2019\/06\/logo_a_nova_peneira_portal_web.png","width":300,"height":100,"caption":"A Nova Peneira"},"image":{"@id":"https:\/\/www.anovapeneira.gal\/#\/schema\/logo\/image\/"},"sameAs":["https:\/\/www.facebook.com\/anovapeneira","https:\/\/x.com\/APeneira"]},{"@type":"Person","@id":"https:\/\/www.anovapeneira.gal\/#\/schema\/person\/b93e3f8932e3f8da96334607eb6ac6aa","name":"Redacci\u00f3n A Nova Peneira","image":{"@type":"ImageObject","inLanguage":"gl-ES","@id":"https:\/\/secure.gravatar.com\/avatar\/c052a2551a06e23fac63626232eaa90abd78dbcf1700fc46a2b2c89fd27b735f?s=96&d=mm&r=g","url":"https:\/\/secure.gravatar.com\/avatar\/c052a2551a06e23fac63626232eaa90abd78dbcf1700fc46a2b2c89fd27b735f?s=96&d=mm&r=g","contentUrl":"https:\/\/secure.gravatar.com\/avatar\/c052a2551a06e23fac63626232eaa90abd78dbcf1700fc46a2b2c89fd27b735f?s=96&d=mm&r=g","caption":"Redacci\u00f3n A Nova Peneira"},"sameAs":["http:\/\/www.anovapeneira.gal\/"],"url":"https:\/\/www.anovapeneira.gal\/index.php\/author\/redactor\/"}]}},"jetpack_featured_media_url":"https:\/\/www.anovapeneira.gal\/wp-content\/uploads\/2021\/11\/Programa_TEI_salvaterra.jpg","_links":{"self":[{"href":"https:\/\/www.anovapeneira.gal\/index.php\/wp-json\/wp\/v2\/posts\/6426","targetHints":{"allow":["GET"]}}],"collection":[{"href":"https:\/\/www.anovapeneira.gal\/index.php\/wp-json\/wp\/v2\/posts"}],"about":[{"href":"https:\/\/www.anovapeneira.gal\/index.php\/wp-json\/wp\/v2\/types\/post"}],"author":[{"embeddable":true,"href":"https:\/\/www.anovapeneira.gal\/index.php\/wp-json\/wp\/v2\/users\/3"}],"replies":[{"embeddable":true,"href":"https:\/\/www.anovapeneira.gal\/index.php\/wp-json\/wp\/v2\/comments?post=6426"}],"version-history":[{"count":2,"href":"https:\/\/www.anovapeneira.gal\/index.php\/wp-json\/wp\/v2\/posts\/6426\/revisions"}],"predecessor-version":[{"id":6430,"href":"https:\/\/www.anovapeneira.gal\/index.php\/wp-json\/wp\/v2\/posts\/6426\/revisions\/6430"}],"wp:featuredmedia":[{"embeddable":true,"href":"https:\/\/www.anovapeneira.gal\/index.php\/wp-json\/wp\/v2\/media\/6428"}],"wp:attachment":[{"href":"https:\/\/www.anovapeneira.gal\/index.php\/wp-json\/wp\/v2\/media?parent=6426"}],"wp:term":[{"taxonomy":"category","embeddable":true,"href":"https:\/\/www.anovapeneira.gal\/index.php\/wp-json\/wp\/v2\/categories?post=6426"},{"taxonomy":"post_tag","embeddable":true,"href":"https:\/\/www.anovapeneira.gal\/index.php\/wp-json\/wp\/v2\/tags?post=6426"}],"curies":[{"name":"wp","href":"https:\/\/api.w.org\/{rel}","templated":true}]}}