{"id":643,"date":"2019-07-25T08:15:27","date_gmt":"2019-07-25T06:15:27","guid":{"rendered":"http:\/\/www.anovapeneira.gal\/?p=643"},"modified":"2019-07-25T11:15:32","modified_gmt":"2019-07-25T09:15:32","slug":"merchi-martinez-1o-alcaldesa-pedanea-de-camposancos","status":"publish","type":"post","link":"https:\/\/www.anovapeneira.gal\/index.php\/2019\/07\/25\/merchi-martinez-1o-alcaldesa-pedanea-de-camposancos\/","title":{"rendered":"Merchi Mart\u00ednez. 1\u00ba alcaldesa ped\u00e1nea de Camposancos"},"content":{"rendered":"\n<h2 class=\"wp-block-heading\">\u201c<strong>Camposancos est\u00e1 nunha situaci\u00f3n econ\u00f3mica complicada, e n\u00f3s debemos xestionala con rigor e eficiencia\u201d<\/strong><\/h2>\n\n\n\n<h2 class=\"wp-block-heading\"><strong>Merchi  Mart\u00ednez,  campusina, profesora de educaci\u00f3n primaria, foi traballadora no eido da sanidade p\u00fablica e preside actualmente&nbsp; a Entidade Local Menor de Camposancos.<\/strong><\/h2>\n\n\n\n<pre class=\"wp-block-verse\"><strong>Miriam\nRodr\u00edguez<\/strong><\/pre>\n\n\n\n<p><strong>Merchi, presides a Entidade Local Menor de Camposancos, anteriormente fuches vogal do BNG e concelleira na oposici\u00f3n no concello da Guarda, COMO se iniciou a t\u00faa vida pol\u00edtica?<\/strong><\/p>\n\n\n\n<blockquote class=\"wp-block-quote is-layout-flow wp-block-quote-is-layout-flow\"><p>Comezou cando estaba preparando a carreira, cando ti\u00f1a uns 18 anos estiven colaborando no MCG&nbsp; coas mi\u00f1as compa\u00f1eiras e xa ti\u00f1a unha grande inquietude naquela \u00e9poca.<br><br>Logo tiven anos moi complicados, tiven que deixar un pouco de lado&nbsp; a mi\u00f1a participaci\u00f3n, a\u00ednda que na mi\u00f1a casa a mi\u00f1a familia sempre falou moito de pol\u00edtica, de feito un t\u00edo da mi\u00f1a nai faleceu en San Sim\u00f3n, primeiro estivo no c\u00e1rcere de Tui e&nbsp; logo o trasladaron al\u00ed. Desde que era unha nena&nbsp; escoitaba conversas de pol\u00edtica na casa, a\u00ednda que a mi\u00f1a nai insist\u00eda en que se falara baixi\u00f1o polo medo a ser escoitadas e perseguidas.<\/p><\/blockquote>\n\n\n\n<p><strong>Os resultados do pasado 26 de maio deron&nbsp; como resultado na Entidade Local Menor de Camposancos&nbsp; a presidencia ao Bloque Nacionalista Galego, cal cres que foi o motivo deste cambio?<\/strong><\/p>\n\n\n\n<blockquote class=\"wp-block-quote is-layout-flow wp-block-quote-is-layout-flow\"><p>Penso que, entre outras cousas, Camposancos precisaba un cambio urxente. As veci\u00f1as estaban cansas desta pol\u00edtica constante, de non facer nada.<br><br>Hai moitas veci\u00f1as e veci\u00f1os que votaron BNG por primeira vez porque reco\u00f1ecen a nosa labor e saben que traballamos arreo polo benestar e polo futuro de Camposancos.<\/p><\/blockquote>\n\n\n\n<p><strong>Cales van ser as primeiras medidas que vas  impulsar neste mandato?<\/strong><\/p>\n\n\n\n<blockquote class=\"wp-block-quote is-layout-flow wp-block-quote-is-layout-flow\"><p>Camposancos est\u00e1 nunha situaci\u00f3n complicada, e considero que se debe de comezar por unha eficiente distribuci\u00f3n e revisi\u00f3n\u00a0 do patrimonio porque hai alugueres\u00a0 cuns prezos irrisorios e outros que simplemente non se cobran, algo que para a procura da nosa suficiencia econ\u00f3mica debemos solucionar o antes posible.<\/p><p><br>Por outra banda tam\u00e9n\u00a0 preocupa a limpeza de cami\u00f1os, que hai moitos anos que non se limpan e que son espazos entra\u00f1\u00e1beis\u00a0 e vitais para a xente. Tam\u00e9n recuperar fontes e lavadoiros que forman parte do noso patrimonio etnogr\u00e1fico  as\u00ed como tam\u00e9n os grifos, que a meirande deles datan dos anos 70. A xesti\u00f3n da auga \u00e9 tam\u00e9n deficiente porque as infraestruturas est\u00e1n obsoletas<br><br>En definitiva, temos moita tarefa por diante, e imos ter en breve a incorporaci\u00f3n dun novo operario que se vai encargar da limpeza.<\/p><\/blockquote>\n\n\n\n<p><strong>Como agardas que sexan as relaci\u00f3ns entre a Entidade Local Menor e o Concello?<\/strong><\/p>\n\n\n\n<blockquote class=\"wp-block-quote is-layout-flow wp-block-quote-is-layout-flow\"><p>Pois francamente creo que van ser moi positivas dado que temos no&nbsp; Concello  un bipartito co que xa mantiven varias xuntanzas e con moi bos resultados.<\/p><\/blockquote>\n\n\n\n<p><strong>Unha das propostas bandeira do BNG en Camposancos \u00e9 a participaci\u00f3n veci\u00f1al , como se vai a potenciar?<\/strong><\/p>\n\n\n\n<blockquote class=\"wp-block-quote is-layout-flow wp-block-quote-is-layout-flow\"><p>Par\u00e9ceme  moi interesante esta pregunta. O dia do meu nomeamento expliquei que  cada certo tempo imos convocar reuni\u00f3ns veci\u00f1ais, de feito, te\u00f1o  previsto nestes vindeiros dias&nbsp; facer unha reuni\u00f3n onde participen todos  aqueles veci\u00f1os e veci\u00f1as que queiran para explicarlles a situaci\u00f3n  actual da Entidade Local, que poidan dar as s\u00faas opini\u00f3ns para as\u00ed tomar  decisi\u00f3ns amparadas na voz do pobo.<\/p><\/blockquote>\n\n\n\n<p><strong> As entidades locais menores son unha das instituci\u00f3ns m\u00e1is desco\u00f1ecidas no eido da pol\u00edtica municipal, c\u00f3ntanos cales son as funci\u00f3ns e competencias reais da Entidade Local Menor de Camposancos?<\/strong><\/p>\n\n\n\n<blockquote class=\"wp-block-quote is-layout-flow wp-block-quote-is-layout-flow\"><p>Como  Entidade Local Menor \u00e9 reco\u00f1ecida logo da aprobaci\u00f3n de estatuto&nbsp;  municipal de 1924, e, posteriormente constit\u00faese definitivamente&nbsp; na  sesi\u00f3n o 23 de maio de 1925, o seu primeiro alcalde&nbsp; ped\u00e1neo foi Don&nbsp;  Domingo Dom\u00ednguez.<\/p><\/blockquote>\n\n\n\n<blockquote class=\"wp-block-quote is-layout-flow wp-block-quote-is-layout-flow\"><p>En canto a competencias, al\u00e9n da limpeza  e  xesti\u00f3n do patrimonio, tam\u00e9n levamos a xesti\u00f3n de auga propia. Temos  minas na fonte da piollosa, na fonte de san amaro, no barrio de S\u00e1a, 3  na Pasaxe que funcionan por pozos que son bombeados, claro que nestes  tempos estivais, e de seca, acontece que hai&nbsp; solicitar \u00e1 Guarda. Pero  afortunadamente estamos constru\u00edndo 2 pozos novos na Pasaxe, \u00e9 unha obra  importante pero que era moi necesaria para Camposancos xa que isto  evita o pago ao Concello da Guarda durante os ver\u00e1ns&nbsp; de subministro de  auga.<\/p><\/blockquote>\n\n\n\n<blockquote class=\"wp-block-quote is-layout-flow wp-block-quote-is-layout-flow\"><p>E outra das funci\u00f3ns \u00e9 a xesti\u00f3n dos ingresos dos&nbsp; bens&nbsp; e  propiedades do antigo &#8221; Coto&#8221;, que moitas delas est\u00e1n alugadas a  empresas e estaleiros, ao club de tenis, e na zona de praias a  particulares.<\/p><\/blockquote>\n\n\n\n<blockquote class=\"wp-block-quote is-layout-flow wp-block-quote-is-layout-flow\"><p>Por outra banda tam\u00e9n temos a vixilancia e  mantemento de v\u00edas urbanas, cami\u00f1os rurais, montes, fontes e lavadoiros,  execuci\u00f3n de obra e servizo do noso interese realizadas con fondos  propios, e a administraci\u00f3n e defensa do patrimonio. Vaia, funciona coma  un pequeno concello, est\u00e1 formado pola alcaldesa ped\u00e1nea e 2 vogais do  PP, unha vogal do BNG&nbsp; e un vogal do PSOE.<\/p><\/blockquote>\n\n\n\n<blockquote class=\"wp-block-quote is-layout-flow wp-block-quote-is-layout-flow\"><p>Tam\u00e9n levamos adiante  un \u00e1rea de car\u00e1cter social como son os campamentos de ver\u00e1ns para  crianzas, como se pode ver no propio edificio da Entidade Local, o sal\u00f3n  de plenos est\u00e1 sendo empregado para esta actividade, e tam\u00e9n o taller  de memoria para persoas&nbsp; de avanzada idade, que por certo, renunciei ao  meu salario e as dietas para aportalo para a compra dun tractor-chimp\u00edn e  para a continuidade do taller de memoria tan necesario para as veci\u00f1as e  veci\u00f1os de Camposancos.<\/p><\/blockquote>\n\n\n\n<blockquote class=\"wp-block-quote is-layout-flow wp-block-quote-is-layout-flow\"><p>As\u00ed mesmo estou tratando de ver de da  inclusi\u00f3n da \u00e1rea de normalizaci\u00f3n ling\u00fc\u00edstica, te\u00f1o en mente tam\u00e9n  facer un taller de teatro onde participen actores e actrices que sexan  veci\u00f1as e veci\u00f1os de Camposancos.<\/p><\/blockquote>\n\n\n\n<p><strong>En Camposancos,&nbsp; existiu un campo de concentraci\u00f3n durante&nbsp; o franquismo e moitas veci\u00f1as e veci\u00f1os da comarca desco\u00f1ecen isto. Podes contarnos&nbsp; a s\u00faa historia e como repercutiu na t\u00faa parroquia?<\/strong><\/p>\n\n\n\n<blockquote class=\"wp-block-quote is-layout-flow wp-block-quote-is-layout-flow\"><p>Ben, te\u00f1o recordos de moi pequena porque mi\u00f1a nai era das nenas que con 8 ou 9 anos&nbsp; \u00eda buscarlle a roupa aos presos para lavar. Lev\u00e1balle logo o que pod\u00eda de volta na roupa (algo de froita, pan) e te\u00f1o testemu\u00f1as na mi\u00f1a casa diso, hai 2 pulseiras feitas polos presos para a mi\u00f1a nai fermos\u00edsimas, unha est\u00e1 feita de moedas antigas con barcos veleiros en cada moeda, e outra que ti\u00f1a o nome da mi\u00f1a nai gravado <br><br>Houbo sobre todo  moit\u00edsmos presos asturianos, francamente nunhas condici\u00f3ns&nbsp; infrahumanas, chegando a escoitarse moitas veces disparos. A\u00ednda a dia de hoxe nas paredes vense os buracos das balas. A verdade \u00e9 que \u00e9 estarrecedor entrar nese lugar.<br><br>E por certo, gustar\u00edame moito recuperar un cami\u00f1o que fixeron os presos&nbsp; que est\u00e1 hoxe en dia asfaltado. Curiosamente onte mantiven unha reuni\u00f3n con veci\u00f1os e veci\u00f1as da Pasaxe na que me lembraron este cami\u00f1o feito de pedra.<\/p><\/blockquote>\n\n\n\n<p><strong>Primeira alcaldesa ped\u00e1nea da Entidade Local Menor de Camposancos, muller, activista social, feminista e nacionalista. Es consciente de que marcas un antes e un despois na Entidade Local Menor m\u00e1is antiga de Galiza?<\/strong><\/p>\n\n\n\n<blockquote class=\"wp-block-quote is-layout-flow wp-block-quote-is-layout-flow\"><p>Si, penso que marca un fito porque sempre estivo a presenza masculina aqu\u00ed, o m\u00e1is importante para min non \u00e9 so ser a primeira muller, sen\u00f3n ser a primeira muller nacionalista en conseguir a alcald\u00eda de Camposancos.<\/p><\/blockquote>\n","protected":false},"excerpt":{"rendered":"<div class=\"mh-excerpt\"><p>Merchi  Mart\u00ednez,  campusina, profesora de educaci\u00f3n primaria, foi traballadora no eido da sanidade p\u00fablica e preside actualmente  a Entidade Local Menor de Camposancos. <a class=\"mh-excerpt-more\" href=\"https:\/\/www.anovapeneira.gal\/index.php\/2019\/07\/25\/merchi-martinez-1o-alcaldesa-pedanea-de-camposancos\/\" title=\"Merchi Mart\u00ednez. 1\u00ba alcaldesa ped\u00e1nea de Camposancos\">[&#8230;]<\/a><\/p>\n<\/div>","protected":false},"author":3,"featured_media":633,"comment_status":"open","ping_status":"open","sticky":false,"template":"","format":"standard","meta":{"_exactmetrics_skip_tracking":false,"_exactmetrics_sitenote_active":false,"_exactmetrics_sitenote_note":"","_exactmetrics_sitenote_category":0,"footnotes":""},"categories":[266],"tags":[10,277,238,280,199,278],"class_list":{"0":"post-643","1":"post","2":"type-post","3":"status-publish","4":"format-standard","5":"has-post-thumbnail","7":"category-baixo-mino-entrevistas","8":"tag-bng","9":"tag-camposancos","10":"tag-concello-da-guarda","11":"tag-entidade-local-menor","12":"tag-franquismo","13":"tag-mcg"},"yoast_head":"<!-- This site is optimized with the Yoast SEO plugin v27.4 - https:\/\/yoast.com\/product\/yoast-seo-wordpress\/ -->\n<title>Merchi Mart\u00ednez. 1\u00ba alcaldesa ped\u00e1nea de Camposancos -<\/title>\n<meta name=\"robots\" content=\"index, follow, max-snippet:-1, max-image-preview:large, max-video-preview:-1\" \/>\n<link rel=\"canonical\" href=\"https:\/\/www.anovapeneira.gal\/index.php\/2019\/07\/25\/merchi-martinez-1o-alcaldesa-pedanea-de-camposancos\/\" \/>\n<meta property=\"og:locale\" content=\"gl_ES\" \/>\n<meta property=\"og:type\" content=\"article\" \/>\n<meta property=\"og:title\" content=\"Merchi Mart\u00ednez. 1\u00ba alcaldesa ped\u00e1nea de Camposancos -\" \/>\n<meta property=\"og:description\" content=\"Merchi Mart\u00ednez, campusina, profesora de educaci\u00f3n primaria, foi traballadora no eido da sanidade p\u00fablica e preside actualmente a Entidade Local Menor de Camposancos. [...]\" \/>\n<meta property=\"og:url\" content=\"https:\/\/www.anovapeneira.gal\/index.php\/2019\/07\/25\/merchi-martinez-1o-alcaldesa-pedanea-de-camposancos\/\" \/>\n<meta property=\"article:publisher\" content=\"https:\/\/www.facebook.com\/anovapeneira\" \/>\n<meta property=\"article:published_time\" content=\"2019-07-25T06:15:27+00:00\" \/>\n<meta property=\"article:modified_time\" content=\"2019-07-25T09:15:32+00:00\" \/>\n<meta property=\"og:image\" content=\"https:\/\/www.anovapeneira.gal\/wp-content\/uploads\/2019\/07\/merche_camposancos_a_nova_peneira.jpg\" \/>\n\t<meta property=\"og:image:width\" content=\"720\" \/>\n\t<meta property=\"og:image:height\" content=\"473\" \/>\n\t<meta property=\"og:image:type\" content=\"image\/jpeg\" \/>\n<meta name=\"author\" content=\"Redacci\u00f3n A Nova Peneira\" \/>\n<meta name=\"twitter:card\" content=\"summary_large_image\" \/>\n<meta name=\"twitter:creator\" content=\"@APeneira\" \/>\n<meta name=\"twitter:site\" content=\"@APeneira\" \/>\n<meta name=\"twitter:label1\" content=\"Escrito por\" \/>\n\t<meta name=\"twitter:data1\" content=\"Redacci\u00f3n A Nova Peneira\" \/>\n\t<meta name=\"twitter:label2\" content=\"Tempo de lectura\" \/>\n\t<meta name=\"twitter:data2\" content=\"6 minutos\" \/>\n<script type=\"application\/ld+json\" class=\"yoast-schema-graph\">{\"@context\":\"https:\\\/\\\/schema.org\",\"@graph\":[{\"@type\":\"Article\",\"@id\":\"https:\\\/\\\/www.anovapeneira.gal\\\/index.php\\\/2019\\\/07\\\/25\\\/merchi-martinez-1o-alcaldesa-pedanea-de-camposancos\\\/#article\",\"isPartOf\":{\"@id\":\"https:\\\/\\\/www.anovapeneira.gal\\\/index.php\\\/2019\\\/07\\\/25\\\/merchi-martinez-1o-alcaldesa-pedanea-de-camposancos\\\/\"},\"author\":{\"name\":\"Redacci\u00f3n A Nova Peneira\",\"@id\":\"https:\\\/\\\/www.anovapeneira.gal\\\/#\\\/schema\\\/person\\\/b93e3f8932e3f8da96334607eb6ac6aa\"},\"headline\":\"Merchi Mart\u00ednez. 1\u00ba alcaldesa ped\u00e1nea de Camposancos\",\"datePublished\":\"2019-07-25T06:15:27+00:00\",\"dateModified\":\"2019-07-25T09:15:32+00:00\",\"mainEntityOfPage\":{\"@id\":\"https:\\\/\\\/www.anovapeneira.gal\\\/index.php\\\/2019\\\/07\\\/25\\\/merchi-martinez-1o-alcaldesa-pedanea-de-camposancos\\\/\"},\"wordCount\":1285,\"commentCount\":0,\"publisher\":{\"@id\":\"https:\\\/\\\/www.anovapeneira.gal\\\/#organization\"},\"image\":{\"@id\":\"https:\\\/\\\/www.anovapeneira.gal\\\/index.php\\\/2019\\\/07\\\/25\\\/merchi-martinez-1o-alcaldesa-pedanea-de-camposancos\\\/#primaryimage\"},\"thumbnailUrl\":\"https:\\\/\\\/www.anovapeneira.gal\\\/wp-content\\\/uploads\\\/2019\\\/07\\\/merche_camposancos_a_nova_peneira.jpg\",\"keywords\":[\"BNG\",\"Camposancos\",\"Concello da Guarda\",\"Entidade local menor\",\"Franquismo\",\"MCG\"],\"articleSection\":[\"Baixo Mi\u00f1o\"],\"inLanguage\":\"gl-ES\",\"potentialAction\":[{\"@type\":\"CommentAction\",\"name\":\"Comment\",\"target\":[\"https:\\\/\\\/www.anovapeneira.gal\\\/index.php\\\/2019\\\/07\\\/25\\\/merchi-martinez-1o-alcaldesa-pedanea-de-camposancos\\\/#respond\"]}]},{\"@type\":\"WebPage\",\"@id\":\"https:\\\/\\\/www.anovapeneira.gal\\\/index.php\\\/2019\\\/07\\\/25\\\/merchi-martinez-1o-alcaldesa-pedanea-de-camposancos\\\/\",\"url\":\"https:\\\/\\\/www.anovapeneira.gal\\\/index.php\\\/2019\\\/07\\\/25\\\/merchi-martinez-1o-alcaldesa-pedanea-de-camposancos\\\/\",\"name\":\"Merchi Mart\u00ednez. 1\u00ba alcaldesa ped\u00e1nea de Camposancos -\",\"isPartOf\":{\"@id\":\"https:\\\/\\\/www.anovapeneira.gal\\\/#website\"},\"primaryImageOfPage\":{\"@id\":\"https:\\\/\\\/www.anovapeneira.gal\\\/index.php\\\/2019\\\/07\\\/25\\\/merchi-martinez-1o-alcaldesa-pedanea-de-camposancos\\\/#primaryimage\"},\"image\":{\"@id\":\"https:\\\/\\\/www.anovapeneira.gal\\\/index.php\\\/2019\\\/07\\\/25\\\/merchi-martinez-1o-alcaldesa-pedanea-de-camposancos\\\/#primaryimage\"},\"thumbnailUrl\":\"https:\\\/\\\/www.anovapeneira.gal\\\/wp-content\\\/uploads\\\/2019\\\/07\\\/merche_camposancos_a_nova_peneira.jpg\",\"datePublished\":\"2019-07-25T06:15:27+00:00\",\"dateModified\":\"2019-07-25T09:15:32+00:00\",\"breadcrumb\":{\"@id\":\"https:\\\/\\\/www.anovapeneira.gal\\\/index.php\\\/2019\\\/07\\\/25\\\/merchi-martinez-1o-alcaldesa-pedanea-de-camposancos\\\/#breadcrumb\"},\"inLanguage\":\"gl-ES\",\"potentialAction\":[{\"@type\":\"ReadAction\",\"target\":[\"https:\\\/\\\/www.anovapeneira.gal\\\/index.php\\\/2019\\\/07\\\/25\\\/merchi-martinez-1o-alcaldesa-pedanea-de-camposancos\\\/\"]}]},{\"@type\":\"ImageObject\",\"inLanguage\":\"gl-ES\",\"@id\":\"https:\\\/\\\/www.anovapeneira.gal\\\/index.php\\\/2019\\\/07\\\/25\\\/merchi-martinez-1o-alcaldesa-pedanea-de-camposancos\\\/#primaryimage\",\"url\":\"https:\\\/\\\/www.anovapeneira.gal\\\/wp-content\\\/uploads\\\/2019\\\/07\\\/merche_camposancos_a_nova_peneira.jpg\",\"contentUrl\":\"https:\\\/\\\/www.anovapeneira.gal\\\/wp-content\\\/uploads\\\/2019\\\/07\\\/merche_camposancos_a_nova_peneira.jpg\",\"width\":720,\"height\":473,\"caption\":\"Merche Camposancos A Nova Peneira Concello da Guarda\"},{\"@type\":\"BreadcrumbList\",\"@id\":\"https:\\\/\\\/www.anovapeneira.gal\\\/index.php\\\/2019\\\/07\\\/25\\\/merchi-martinez-1o-alcaldesa-pedanea-de-camposancos\\\/#breadcrumb\",\"itemListElement\":[{\"@type\":\"ListItem\",\"position\":1,\"name\":\"Portada\",\"item\":\"https:\\\/\\\/www.anovapeneira.gal\\\/\"},{\"@type\":\"ListItem\",\"position\":2,\"name\":\"Merchi Mart\u00ednez. 1\u00ba alcaldesa ped\u00e1nea de Camposancos\"}]},{\"@type\":\"WebSite\",\"@id\":\"https:\\\/\\\/www.anovapeneira.gal\\\/#website\",\"url\":\"https:\\\/\\\/www.anovapeneira.gal\\\/\",\"name\":\"\",\"description\":\"Xornal galego de informaci\u00f3n xeral Publicaci\u00f3n mensual de novas de Galicia e en especial dos Concellos da sur da provincia de Pontevedra.\",\"publisher\":{\"@id\":\"https:\\\/\\\/www.anovapeneira.gal\\\/#organization\"},\"potentialAction\":[{\"@type\":\"SearchAction\",\"target\":{\"@type\":\"EntryPoint\",\"urlTemplate\":\"https:\\\/\\\/www.anovapeneira.gal\\\/?s={search_term_string}\"},\"query-input\":{\"@type\":\"PropertyValueSpecification\",\"valueRequired\":true,\"valueName\":\"search_term_string\"}}],\"inLanguage\":\"gl-ES\"},{\"@type\":\"Organization\",\"@id\":\"https:\\\/\\\/www.anovapeneira.gal\\\/#organization\",\"name\":\"A Nova Peneira\",\"url\":\"https:\\\/\\\/www.anovapeneira.gal\\\/\",\"logo\":{\"@type\":\"ImageObject\",\"inLanguage\":\"gl-ES\",\"@id\":\"https:\\\/\\\/www.anovapeneira.gal\\\/#\\\/schema\\\/logo\\\/image\\\/\",\"url\":\"http:\\\/\\\/www.anovapeneira.gal\\\/wp-content\\\/uploads\\\/2019\\\/06\\\/logo_a_nova_peneira_portal_web.png\",\"contentUrl\":\"http:\\\/\\\/www.anovapeneira.gal\\\/wp-content\\\/uploads\\\/2019\\\/06\\\/logo_a_nova_peneira_portal_web.png\",\"width\":300,\"height\":100,\"caption\":\"A Nova Peneira\"},\"image\":{\"@id\":\"https:\\\/\\\/www.anovapeneira.gal\\\/#\\\/schema\\\/logo\\\/image\\\/\"},\"sameAs\":[\"https:\\\/\\\/www.facebook.com\\\/anovapeneira\",\"https:\\\/\\\/x.com\\\/APeneira\"]},{\"@type\":\"Person\",\"@id\":\"https:\\\/\\\/www.anovapeneira.gal\\\/#\\\/schema\\\/person\\\/b93e3f8932e3f8da96334607eb6ac6aa\",\"name\":\"Redacci\u00f3n A Nova Peneira\",\"image\":{\"@type\":\"ImageObject\",\"inLanguage\":\"gl-ES\",\"@id\":\"https:\\\/\\\/secure.gravatar.com\\\/avatar\\\/c052a2551a06e23fac63626232eaa90abd78dbcf1700fc46a2b2c89fd27b735f?s=96&d=mm&r=g\",\"url\":\"https:\\\/\\\/secure.gravatar.com\\\/avatar\\\/c052a2551a06e23fac63626232eaa90abd78dbcf1700fc46a2b2c89fd27b735f?s=96&d=mm&r=g\",\"contentUrl\":\"https:\\\/\\\/secure.gravatar.com\\\/avatar\\\/c052a2551a06e23fac63626232eaa90abd78dbcf1700fc46a2b2c89fd27b735f?s=96&d=mm&r=g\",\"caption\":\"Redacci\u00f3n A Nova Peneira\"},\"sameAs\":[\"http:\\\/\\\/www.anovapeneira.gal\\\/\"],\"url\":\"https:\\\/\\\/www.anovapeneira.gal\\\/index.php\\\/author\\\/redactor\\\/\"}]}<\/script>\n<!-- \/ Yoast SEO plugin. -->","yoast_head_json":{"title":"Merchi Mart\u00ednez. 1\u00ba alcaldesa ped\u00e1nea de Camposancos -","robots":{"index":"index","follow":"follow","max-snippet":"max-snippet:-1","max-image-preview":"max-image-preview:large","max-video-preview":"max-video-preview:-1"},"canonical":"https:\/\/www.anovapeneira.gal\/index.php\/2019\/07\/25\/merchi-martinez-1o-alcaldesa-pedanea-de-camposancos\/","og_locale":"gl_ES","og_type":"article","og_title":"Merchi Mart\u00ednez. 1\u00ba alcaldesa ped\u00e1nea de Camposancos -","og_description":"Merchi Mart\u00ednez, campusina, profesora de educaci\u00f3n primaria, foi traballadora no eido da sanidade p\u00fablica e preside actualmente a Entidade Local Menor de Camposancos. [...]","og_url":"https:\/\/www.anovapeneira.gal\/index.php\/2019\/07\/25\/merchi-martinez-1o-alcaldesa-pedanea-de-camposancos\/","article_publisher":"https:\/\/www.facebook.com\/anovapeneira","article_published_time":"2019-07-25T06:15:27+00:00","article_modified_time":"2019-07-25T09:15:32+00:00","og_image":[{"width":720,"height":473,"url":"https:\/\/www.anovapeneira.gal\/wp-content\/uploads\/2019\/07\/merche_camposancos_a_nova_peneira.jpg","type":"image\/jpeg"}],"author":"Redacci\u00f3n A Nova Peneira","twitter_card":"summary_large_image","twitter_creator":"@APeneira","twitter_site":"@APeneira","twitter_misc":{"Escrito por":"Redacci\u00f3n A Nova Peneira","Tempo de lectura":"6 minutos"},"schema":{"@context":"https:\/\/schema.org","@graph":[{"@type":"Article","@id":"https:\/\/www.anovapeneira.gal\/index.php\/2019\/07\/25\/merchi-martinez-1o-alcaldesa-pedanea-de-camposancos\/#article","isPartOf":{"@id":"https:\/\/www.anovapeneira.gal\/index.php\/2019\/07\/25\/merchi-martinez-1o-alcaldesa-pedanea-de-camposancos\/"},"author":{"name":"Redacci\u00f3n A Nova Peneira","@id":"https:\/\/www.anovapeneira.gal\/#\/schema\/person\/b93e3f8932e3f8da96334607eb6ac6aa"},"headline":"Merchi Mart\u00ednez. 1\u00ba alcaldesa ped\u00e1nea de Camposancos","datePublished":"2019-07-25T06:15:27+00:00","dateModified":"2019-07-25T09:15:32+00:00","mainEntityOfPage":{"@id":"https:\/\/www.anovapeneira.gal\/index.php\/2019\/07\/25\/merchi-martinez-1o-alcaldesa-pedanea-de-camposancos\/"},"wordCount":1285,"commentCount":0,"publisher":{"@id":"https:\/\/www.anovapeneira.gal\/#organization"},"image":{"@id":"https:\/\/www.anovapeneira.gal\/index.php\/2019\/07\/25\/merchi-martinez-1o-alcaldesa-pedanea-de-camposancos\/#primaryimage"},"thumbnailUrl":"https:\/\/www.anovapeneira.gal\/wp-content\/uploads\/2019\/07\/merche_camposancos_a_nova_peneira.jpg","keywords":["BNG","Camposancos","Concello da Guarda","Entidade local menor","Franquismo","MCG"],"articleSection":["Baixo Mi\u00f1o"],"inLanguage":"gl-ES","potentialAction":[{"@type":"CommentAction","name":"Comment","target":["https:\/\/www.anovapeneira.gal\/index.php\/2019\/07\/25\/merchi-martinez-1o-alcaldesa-pedanea-de-camposancos\/#respond"]}]},{"@type":"WebPage","@id":"https:\/\/www.anovapeneira.gal\/index.php\/2019\/07\/25\/merchi-martinez-1o-alcaldesa-pedanea-de-camposancos\/","url":"https:\/\/www.anovapeneira.gal\/index.php\/2019\/07\/25\/merchi-martinez-1o-alcaldesa-pedanea-de-camposancos\/","name":"Merchi Mart\u00ednez. 1\u00ba alcaldesa ped\u00e1nea de Camposancos -","isPartOf":{"@id":"https:\/\/www.anovapeneira.gal\/#website"},"primaryImageOfPage":{"@id":"https:\/\/www.anovapeneira.gal\/index.php\/2019\/07\/25\/merchi-martinez-1o-alcaldesa-pedanea-de-camposancos\/#primaryimage"},"image":{"@id":"https:\/\/www.anovapeneira.gal\/index.php\/2019\/07\/25\/merchi-martinez-1o-alcaldesa-pedanea-de-camposancos\/#primaryimage"},"thumbnailUrl":"https:\/\/www.anovapeneira.gal\/wp-content\/uploads\/2019\/07\/merche_camposancos_a_nova_peneira.jpg","datePublished":"2019-07-25T06:15:27+00:00","dateModified":"2019-07-25T09:15:32+00:00","breadcrumb":{"@id":"https:\/\/www.anovapeneira.gal\/index.php\/2019\/07\/25\/merchi-martinez-1o-alcaldesa-pedanea-de-camposancos\/#breadcrumb"},"inLanguage":"gl-ES","potentialAction":[{"@type":"ReadAction","target":["https:\/\/www.anovapeneira.gal\/index.php\/2019\/07\/25\/merchi-martinez-1o-alcaldesa-pedanea-de-camposancos\/"]}]},{"@type":"ImageObject","inLanguage":"gl-ES","@id":"https:\/\/www.anovapeneira.gal\/index.php\/2019\/07\/25\/merchi-martinez-1o-alcaldesa-pedanea-de-camposancos\/#primaryimage","url":"https:\/\/www.anovapeneira.gal\/wp-content\/uploads\/2019\/07\/merche_camposancos_a_nova_peneira.jpg","contentUrl":"https:\/\/www.anovapeneira.gal\/wp-content\/uploads\/2019\/07\/merche_camposancos_a_nova_peneira.jpg","width":720,"height":473,"caption":"Merche Camposancos A Nova Peneira Concello da Guarda"},{"@type":"BreadcrumbList","@id":"https:\/\/www.anovapeneira.gal\/index.php\/2019\/07\/25\/merchi-martinez-1o-alcaldesa-pedanea-de-camposancos\/#breadcrumb","itemListElement":[{"@type":"ListItem","position":1,"name":"Portada","item":"https:\/\/www.anovapeneira.gal\/"},{"@type":"ListItem","position":2,"name":"Merchi Mart\u00ednez. 1\u00ba alcaldesa ped\u00e1nea de Camposancos"}]},{"@type":"WebSite","@id":"https:\/\/www.anovapeneira.gal\/#website","url":"https:\/\/www.anovapeneira.gal\/","name":"","description":"Xornal galego de informaci\u00f3n xeral Publicaci\u00f3n mensual de novas de Galicia e en especial dos Concellos da sur da provincia de Pontevedra.","publisher":{"@id":"https:\/\/www.anovapeneira.gal\/#organization"},"potentialAction":[{"@type":"SearchAction","target":{"@type":"EntryPoint","urlTemplate":"https:\/\/www.anovapeneira.gal\/?s={search_term_string}"},"query-input":{"@type":"PropertyValueSpecification","valueRequired":true,"valueName":"search_term_string"}}],"inLanguage":"gl-ES"},{"@type":"Organization","@id":"https:\/\/www.anovapeneira.gal\/#organization","name":"A Nova Peneira","url":"https:\/\/www.anovapeneira.gal\/","logo":{"@type":"ImageObject","inLanguage":"gl-ES","@id":"https:\/\/www.anovapeneira.gal\/#\/schema\/logo\/image\/","url":"http:\/\/www.anovapeneira.gal\/wp-content\/uploads\/2019\/06\/logo_a_nova_peneira_portal_web.png","contentUrl":"http:\/\/www.anovapeneira.gal\/wp-content\/uploads\/2019\/06\/logo_a_nova_peneira_portal_web.png","width":300,"height":100,"caption":"A Nova Peneira"},"image":{"@id":"https:\/\/www.anovapeneira.gal\/#\/schema\/logo\/image\/"},"sameAs":["https:\/\/www.facebook.com\/anovapeneira","https:\/\/x.com\/APeneira"]},{"@type":"Person","@id":"https:\/\/www.anovapeneira.gal\/#\/schema\/person\/b93e3f8932e3f8da96334607eb6ac6aa","name":"Redacci\u00f3n A Nova Peneira","image":{"@type":"ImageObject","inLanguage":"gl-ES","@id":"https:\/\/secure.gravatar.com\/avatar\/c052a2551a06e23fac63626232eaa90abd78dbcf1700fc46a2b2c89fd27b735f?s=96&d=mm&r=g","url":"https:\/\/secure.gravatar.com\/avatar\/c052a2551a06e23fac63626232eaa90abd78dbcf1700fc46a2b2c89fd27b735f?s=96&d=mm&r=g","contentUrl":"https:\/\/secure.gravatar.com\/avatar\/c052a2551a06e23fac63626232eaa90abd78dbcf1700fc46a2b2c89fd27b735f?s=96&d=mm&r=g","caption":"Redacci\u00f3n A Nova Peneira"},"sameAs":["http:\/\/www.anovapeneira.gal\/"],"url":"https:\/\/www.anovapeneira.gal\/index.php\/author\/redactor\/"}]}},"jetpack_featured_media_url":"https:\/\/www.anovapeneira.gal\/wp-content\/uploads\/2019\/07\/merche_camposancos_a_nova_peneira.jpg","_links":{"self":[{"href":"https:\/\/www.anovapeneira.gal\/index.php\/wp-json\/wp\/v2\/posts\/643","targetHints":{"allow":["GET"]}}],"collection":[{"href":"https:\/\/www.anovapeneira.gal\/index.php\/wp-json\/wp\/v2\/posts"}],"about":[{"href":"https:\/\/www.anovapeneira.gal\/index.php\/wp-json\/wp\/v2\/types\/post"}],"author":[{"embeddable":true,"href":"https:\/\/www.anovapeneira.gal\/index.php\/wp-json\/wp\/v2\/users\/3"}],"replies":[{"embeddable":true,"href":"https:\/\/www.anovapeneira.gal\/index.php\/wp-json\/wp\/v2\/comments?post=643"}],"version-history":[{"count":2,"href":"https:\/\/www.anovapeneira.gal\/index.php\/wp-json\/wp\/v2\/posts\/643\/revisions"}],"predecessor-version":[{"id":749,"href":"https:\/\/www.anovapeneira.gal\/index.php\/wp-json\/wp\/v2\/posts\/643\/revisions\/749"}],"wp:featuredmedia":[{"embeddable":true,"href":"https:\/\/www.anovapeneira.gal\/index.php\/wp-json\/wp\/v2\/media\/633"}],"wp:attachment":[{"href":"https:\/\/www.anovapeneira.gal\/index.php\/wp-json\/wp\/v2\/media?parent=643"}],"wp:term":[{"taxonomy":"category","embeddable":true,"href":"https:\/\/www.anovapeneira.gal\/index.php\/wp-json\/wp\/v2\/categories?post=643"},{"taxonomy":"post_tag","embeddable":true,"href":"https:\/\/www.anovapeneira.gal\/index.php\/wp-json\/wp\/v2\/tags?post=643"}],"curies":[{"name":"wp","href":"https:\/\/api.w.org\/{rel}","templated":true}]}}