{"id":6431,"date":"2021-11-18T10:00:00","date_gmt":"2021-11-18T09:00:00","guid":{"rendered":"https:\/\/www.anovapeneira.gal\/?p=6431"},"modified":"2021-11-07T11:05:12","modified_gmt":"2021-11-07T10:05:12","slug":"sobre-as-primarias-do-psdeg","status":"publish","type":"post","link":"https:\/\/www.anovapeneira.gal\/index.php\/2021\/11\/18\/sobre-as-primarias-do-psdeg\/","title":{"rendered":"Sobre as primarias do PSdeG"},"content":{"rendered":"\n<figure class=\"wp-block-image size-large is-resized\"><img loading=\"lazy\" decoding=\"async\" src=\"https:\/\/www.anovapeneira.gal\/wp-content\/uploads\/2019\/05\/tino_lago_director_a_nova_peneira.jpg\" alt=\"Tino Lago director a Nova Peneira\" class=\"wp-image-189\" width=\"95\" height=\"111\"\/><figcaption>Tino Lago director a Nova Peneira<\/figcaption><\/figure>\n\n\n\n<p>O pasado 30 de outubro o marca galega do PSOE celebraba as s\u00faas primarias para decidiren cal ser\u00eda o seu pr\u00f3ximo SX nos vindeiros catro anos. D\u00faas propostas compet\u00edan para tratar de ga\u00f1ar o favor da maior\u00eda da s\u00faa militancia ; Gonzalo Caballero , SX ata o momento, que aspiraba a revalidar o seu mandato, e Valent\u00edn Gonz\u00e1lez Formoso, presidente da DEP da Coru\u00f1a e alcalde da localidade de As Pontes. Reco\u00f1ezo que segu\u00edn o proceso electoral dos socialistas galegos con moita atenci\u00f3n e interese pois a\u00ednda que a mi\u00f1a forma de entender a realidade est\u00e1 lonxe da deles , son absolutamente consciente de que se sen un PSdeG con certa solvencia e solidez, no actual contexto hist\u00f3rico no vai ser posible derrotar nas urnas ao PP, xa que o BNG s\u00f3 non pode.<\/p>\n\n\n\n<p>O resultado final das votaci\u00f3ns internas do PSdeG obriga , unha vez m\u00e1is ,a que esta organizaci\u00f3n pol\u00edtica cambie o seu l\u00edder pois o candidato aspirante alzouse co triunfo con aproximadamente o 60% dos votos fronte ao arredor do 40% de sufraxios que obtivo o SX sa\u00ednte. Por\u00e9n a an\u00e1lise polo mi\u00fado de como foron os votos l\u00e9vanos, unha vez m\u00e1is, a percibir a tradicional dicotom\u00eda norte sur, a bipolarizaci\u00f3n caracter\u00edstica deste partido en dous eixos que compiten polo poder. O Novo SX ga\u00f1ou con rotundidade meridiana na s\u00faa provincia A Coru\u00f1a, e na provincia de Lugo, na que contou co apoio expl\u00edcito da alcaldesa lucense e coa axuda impl\u00edcita de Besteiro. E o SX sa\u00ednte pola contra ga\u00f1ou ben en Ourense e con rotundidade na provincia de Pontevedra.<\/p>\n\n\n\n<p>A nova executiva, que propo\u00f1a Formoso, vai ter un traballo complicado pois a segmentaci\u00f3n en dous bandos, na que agora est\u00e1 o PSdeG ,con altos niveis de hostilidade interna, que \u00e1s veces recordan ao Bloque pre Amio, deixa un escenario post b\u00e9lico que vai ser moi dif\u00edcil reparar. S\u00f3 con altos niveis de intelixencia emocional, xenerosidade colectiva e vontade de acadar o ben com\u00fan poder\u00e1 ser posible o que agora parece imposible.<\/p>\n\n\n\n<p>Por outra parte Gonzalo Caballero \u00e9 de momento o voceiro do grupo parlamentar socialista en Santiago e polo que manifesta non parece ter ningunha intenci\u00f3n de retirarse aos cuarteis de inverno, co que de non ser capaces de coser feridas a dificultade para xestionar unha situaci\u00f3n de bipolarizaci\u00f3n, na que o SX entrante lidera a executiva e o SX sa\u00ednte o grupo parlamentar, parece extrema e de moi dif\u00edcil sa\u00edda. De feito eu creo que a situaci\u00f3n \u00e9 irresoluble e entendo que o PSdeG precisa vivir unha catarse an\u00e1loga a Amio que lles leve a tender \u00e1 estabilidade org\u00e1nica , \u00e9 de tolos e de suicidas mudar de l\u00edderes constantemente, a obviar as loitas internas polo poder e a tratar de re conectar coa sociedade para sumar novos militantes que queiran comprometerse no traballo pol\u00edtico, e restar afiliados que s\u00f3 busquen facer da pol\u00edtica un medio de vida ou un instrumento para satisfacer as s\u00faas pulsi\u00f3ns narcisistas.<\/p>\n\n\n\n<p>Non o vexo posible no actual escenario, e nada me alegrar\u00eda m\u00e1is que estar equivocado pois nunca tiven o m\u00e1is m\u00ednimo interese en ter raz\u00f3n en nada sen\u00f3n en chegar \u00e1 raz\u00f3n en todo, porque non atopo por ningures a vontade de cauterizar sen\u00f3n a vontade contraria, a de meter o dedo no ollo ao compa\u00f1eiro ou compa\u00f1eira que estaba na outra candidatura. En canto ao novo SX pouco podo dicir pois non o co\u00f1ezo , as persoas do meu entorno que tratan con el dinme que \u00e9 moi bo tipo e que sabe xestionar ben tanto a DEP como o seu concello, pero o que transmitiu na campa\u00f1a en xeral, e no debate con Caballero en particular, \u00e9 dunha mediocridade que asusta: plano, \u00e1tono, simple e cun discurso cargado de t\u00f3picos insubstanciais carentes do m\u00e1is m\u00ednimo contido pol\u00edtico.<\/p>\n\n\n\n<p>Agardo que todo respondera a alg\u00fan tipo de estratexia, cuxas raz\u00f3ns non alcanzo a comprender, e a s\u00faa solvencia intelectual, rigor conceptual e capacidade pol\u00edtica estean reservadas para mellores ocasi\u00f3ns porque como non sexa as\u00ed, si que me vou atrever a afirmar con rotundidade que ata a chegada da catarse o PSdeG vai cami\u00f1ar no deserto( con independencia do gran poder municipal que xestiona, esa \u00e9 outra cuesti\u00f3n) e as primarias socialistas en realidade quen as ga\u00f1ou foi o PP.<\/p>\n","protected":false},"excerpt":{"rendered":"<div class=\"mh-excerpt\"><p>O pasado 30 de outubro o marca galega do PSOE celebraba as s\u00faas primarias para decidiren cal ser\u00eda o seu pr\u00f3ximo SX nos vindeiros catro anos <a class=\"mh-excerpt-more\" href=\"https:\/\/www.anovapeneira.gal\/index.php\/2021\/11\/18\/sobre-as-primarias-do-psdeg\/\" title=\"Sobre as primarias do PSdeG\">[&#8230;]<\/a><\/p>\n<\/div>","protected":false},"author":2,"featured_media":6432,"comment_status":"open","ping_status":"open","sticky":false,"template":"","format":"standard","meta":{"_exactmetrics_skip_tracking":false,"_exactmetrics_sitenote_active":false,"_exactmetrics_sitenote_note":"","_exactmetrics_sitenote_category":0,"footnotes":""},"categories":[61],"tags":[1275],"class_list":{"0":"post-6431","1":"post","2":"type-post","3":"status-publish","4":"format-standard","5":"has-post-thumbnail","7":"category-artigo-editorial","8":"tag-psdeg-psoe"},"yoast_head":"<!-- This site is optimized with the Yoast SEO plugin v27.4 - https:\/\/yoast.com\/product\/yoast-seo-wordpress\/ -->\n<title>Sobre as primarias do PSdeG -<\/title>\n<meta name=\"description\" content=\"O pasado 30 de outubro o marca galega do PSOE celebraba as s\u00faas primarias para decidiren cal ser\u00eda o seu pr\u00f3ximo SX nos vindeiros catro anos\" \/>\n<meta name=\"robots\" content=\"index, follow, max-snippet:-1, max-image-preview:large, max-video-preview:-1\" \/>\n<link rel=\"canonical\" href=\"https:\/\/www.anovapeneira.gal\/index.php\/2021\/11\/18\/sobre-as-primarias-do-psdeg\/\" \/>\n<meta property=\"og:locale\" content=\"gl_ES\" \/>\n<meta property=\"og:type\" content=\"article\" \/>\n<meta property=\"og:title\" content=\"Sobre as primarias do PSdeG -\" \/>\n<meta property=\"og:description\" content=\"O pasado 30 de outubro o marca galega do PSOE celebraba as s\u00faas primarias para decidiren cal ser\u00eda o seu pr\u00f3ximo SX nos vindeiros catro anos\" \/>\n<meta property=\"og:url\" content=\"https:\/\/www.anovapeneira.gal\/index.php\/2021\/11\/18\/sobre-as-primarias-do-psdeg\/\" \/>\n<meta property=\"article:publisher\" content=\"https:\/\/www.facebook.com\/anovapeneira\" \/>\n<meta property=\"article:published_time\" content=\"2021-11-18T09:00:00+00:00\" \/>\n<meta property=\"og:image\" content=\"https:\/\/www.anovapeneira.gal\/wp-content\/uploads\/2021\/11\/Valentin-Gonzalez-Formoso.jpg\" \/>\n\t<meta property=\"og:image:width\" content=\"720\" \/>\n\t<meta property=\"og:image:height\" content=\"432\" \/>\n\t<meta property=\"og:image:type\" content=\"image\/jpeg\" \/>\n<meta name=\"author\" content=\"Tino Lago\" \/>\n<meta name=\"twitter:card\" content=\"summary_large_image\" \/>\n<meta name=\"twitter:image\" content=\"https:\/\/www.anovapeneira.gal\/wp-content\/uploads\/2021\/11\/Valentin-Gonzalez-Formoso.jpg\" \/>\n<meta name=\"twitter:creator\" content=\"@APeneira\" \/>\n<meta name=\"twitter:site\" content=\"@APeneira\" \/>\n<meta name=\"twitter:label1\" content=\"Escrito por\" \/>\n\t<meta name=\"twitter:data1\" content=\"Tino Lago\" \/>\n\t<meta name=\"twitter:label2\" content=\"Tempo de lectura\" \/>\n\t<meta name=\"twitter:data2\" content=\"4 minutos\" \/>\n<script type=\"application\/ld+json\" class=\"yoast-schema-graph\">{\"@context\":\"https:\\\/\\\/schema.org\",\"@graph\":[{\"@type\":\"Article\",\"@id\":\"https:\\\/\\\/www.anovapeneira.gal\\\/index.php\\\/2021\\\/11\\\/18\\\/sobre-as-primarias-do-psdeg\\\/#article\",\"isPartOf\":{\"@id\":\"https:\\\/\\\/www.anovapeneira.gal\\\/index.php\\\/2021\\\/11\\\/18\\\/sobre-as-primarias-do-psdeg\\\/\"},\"author\":{\"name\":\"Tino Lago\",\"@id\":\"https:\\\/\\\/www.anovapeneira.gal\\\/#\\\/schema\\\/person\\\/424dfe65e3070fd8a44d22d2c088762a\"},\"headline\":\"Sobre as primarias do PSdeG\",\"datePublished\":\"2021-11-18T09:00:00+00:00\",\"mainEntityOfPage\":{\"@id\":\"https:\\\/\\\/www.anovapeneira.gal\\\/index.php\\\/2021\\\/11\\\/18\\\/sobre-as-primarias-do-psdeg\\\/\"},\"wordCount\":786,\"commentCount\":0,\"publisher\":{\"@id\":\"https:\\\/\\\/www.anovapeneira.gal\\\/#organization\"},\"image\":{\"@id\":\"https:\\\/\\\/www.anovapeneira.gal\\\/index.php\\\/2021\\\/11\\\/18\\\/sobre-as-primarias-do-psdeg\\\/#primaryimage\"},\"thumbnailUrl\":\"https:\\\/\\\/www.anovapeneira.gal\\\/wp-content\\\/uploads\\\/2021\\\/11\\\/Valentin-Gonzalez-Formoso.jpg\",\"keywords\":[\"PSdeG-PSOE\"],\"articleSection\":[\"Artigo editorial\"],\"inLanguage\":\"gl-ES\",\"potentialAction\":[{\"@type\":\"CommentAction\",\"name\":\"Comment\",\"target\":[\"https:\\\/\\\/www.anovapeneira.gal\\\/index.php\\\/2021\\\/11\\\/18\\\/sobre-as-primarias-do-psdeg\\\/#respond\"]}]},{\"@type\":\"WebPage\",\"@id\":\"https:\\\/\\\/www.anovapeneira.gal\\\/index.php\\\/2021\\\/11\\\/18\\\/sobre-as-primarias-do-psdeg\\\/\",\"url\":\"https:\\\/\\\/www.anovapeneira.gal\\\/index.php\\\/2021\\\/11\\\/18\\\/sobre-as-primarias-do-psdeg\\\/\",\"name\":\"Sobre as primarias do PSdeG -\",\"isPartOf\":{\"@id\":\"https:\\\/\\\/www.anovapeneira.gal\\\/#website\"},\"primaryImageOfPage\":{\"@id\":\"https:\\\/\\\/www.anovapeneira.gal\\\/index.php\\\/2021\\\/11\\\/18\\\/sobre-as-primarias-do-psdeg\\\/#primaryimage\"},\"image\":{\"@id\":\"https:\\\/\\\/www.anovapeneira.gal\\\/index.php\\\/2021\\\/11\\\/18\\\/sobre-as-primarias-do-psdeg\\\/#primaryimage\"},\"thumbnailUrl\":\"https:\\\/\\\/www.anovapeneira.gal\\\/wp-content\\\/uploads\\\/2021\\\/11\\\/Valentin-Gonzalez-Formoso.jpg\",\"datePublished\":\"2021-11-18T09:00:00+00:00\",\"description\":\"O pasado 30 de outubro o marca galega do PSOE celebraba as s\u00faas primarias para decidiren cal ser\u00eda o seu pr\u00f3ximo SX nos vindeiros catro anos\",\"breadcrumb\":{\"@id\":\"https:\\\/\\\/www.anovapeneira.gal\\\/index.php\\\/2021\\\/11\\\/18\\\/sobre-as-primarias-do-psdeg\\\/#breadcrumb\"},\"inLanguage\":\"gl-ES\",\"potentialAction\":[{\"@type\":\"ReadAction\",\"target\":[\"https:\\\/\\\/www.anovapeneira.gal\\\/index.php\\\/2021\\\/11\\\/18\\\/sobre-as-primarias-do-psdeg\\\/\"]}]},{\"@type\":\"ImageObject\",\"inLanguage\":\"gl-ES\",\"@id\":\"https:\\\/\\\/www.anovapeneira.gal\\\/index.php\\\/2021\\\/11\\\/18\\\/sobre-as-primarias-do-psdeg\\\/#primaryimage\",\"url\":\"https:\\\/\\\/www.anovapeneira.gal\\\/wp-content\\\/uploads\\\/2021\\\/11\\\/Valentin-Gonzalez-Formoso.jpg\",\"contentUrl\":\"https:\\\/\\\/www.anovapeneira.gal\\\/wp-content\\\/uploads\\\/2021\\\/11\\\/Valentin-Gonzalez-Formoso.jpg\",\"width\":720,\"height\":432,\"caption\":\"Valent\u00edn Gonz\u00e1lez Formoso\"},{\"@type\":\"BreadcrumbList\",\"@id\":\"https:\\\/\\\/www.anovapeneira.gal\\\/index.php\\\/2021\\\/11\\\/18\\\/sobre-as-primarias-do-psdeg\\\/#breadcrumb\",\"itemListElement\":[{\"@type\":\"ListItem\",\"position\":1,\"name\":\"Portada\",\"item\":\"https:\\\/\\\/www.anovapeneira.gal\\\/\"},{\"@type\":\"ListItem\",\"position\":2,\"name\":\"Sobre as primarias do PSdeG\"}]},{\"@type\":\"WebSite\",\"@id\":\"https:\\\/\\\/www.anovapeneira.gal\\\/#website\",\"url\":\"https:\\\/\\\/www.anovapeneira.gal\\\/\",\"name\":\"\",\"description\":\"Xornal galego de informaci\u00f3n xeral Publicaci\u00f3n mensual de novas de Galicia e en especial dos Concellos da sur da provincia de Pontevedra.\",\"publisher\":{\"@id\":\"https:\\\/\\\/www.anovapeneira.gal\\\/#organization\"},\"potentialAction\":[{\"@type\":\"SearchAction\",\"target\":{\"@type\":\"EntryPoint\",\"urlTemplate\":\"https:\\\/\\\/www.anovapeneira.gal\\\/?s={search_term_string}\"},\"query-input\":{\"@type\":\"PropertyValueSpecification\",\"valueRequired\":true,\"valueName\":\"search_term_string\"}}],\"inLanguage\":\"gl-ES\"},{\"@type\":\"Organization\",\"@id\":\"https:\\\/\\\/www.anovapeneira.gal\\\/#organization\",\"name\":\"A Nova Peneira\",\"url\":\"https:\\\/\\\/www.anovapeneira.gal\\\/\",\"logo\":{\"@type\":\"ImageObject\",\"inLanguage\":\"gl-ES\",\"@id\":\"https:\\\/\\\/www.anovapeneira.gal\\\/#\\\/schema\\\/logo\\\/image\\\/\",\"url\":\"http:\\\/\\\/www.anovapeneira.gal\\\/wp-content\\\/uploads\\\/2019\\\/06\\\/logo_a_nova_peneira_portal_web.png\",\"contentUrl\":\"http:\\\/\\\/www.anovapeneira.gal\\\/wp-content\\\/uploads\\\/2019\\\/06\\\/logo_a_nova_peneira_portal_web.png\",\"width\":300,\"height\":100,\"caption\":\"A Nova Peneira\"},\"image\":{\"@id\":\"https:\\\/\\\/www.anovapeneira.gal\\\/#\\\/schema\\\/logo\\\/image\\\/\"},\"sameAs\":[\"https:\\\/\\\/www.facebook.com\\\/anovapeneira\",\"https:\\\/\\\/x.com\\\/APeneira\"]},{\"@type\":\"Person\",\"@id\":\"https:\\\/\\\/www.anovapeneira.gal\\\/#\\\/schema\\\/person\\\/424dfe65e3070fd8a44d22d2c088762a\",\"name\":\"Tino Lago\",\"image\":{\"@type\":\"ImageObject\",\"inLanguage\":\"gl-ES\",\"@id\":\"https:\\\/\\\/secure.gravatar.com\\\/avatar\\\/b3df6a06e44bab3111583b90f0f33a0379ee5e3d22cbadd232d39f21c30c62be?s=96&d=mm&r=g\",\"url\":\"https:\\\/\\\/secure.gravatar.com\\\/avatar\\\/b3df6a06e44bab3111583b90f0f33a0379ee5e3d22cbadd232d39f21c30c62be?s=96&d=mm&r=g\",\"contentUrl\":\"https:\\\/\\\/secure.gravatar.com\\\/avatar\\\/b3df6a06e44bab3111583b90f0f33a0379ee5e3d22cbadd232d39f21c30c62be?s=96&d=mm&r=g\",\"caption\":\"Tino Lago\"},\"sameAs\":[\"http:\\\/\\\/www.anovapeneira.gal\"],\"url\":\"https:\\\/\\\/www.anovapeneira.gal\\\/index.php\\\/author\\\/director\\\/\"}]}<\/script>\n<!-- \/ Yoast SEO plugin. -->","yoast_head_json":{"title":"Sobre as primarias do PSdeG -","description":"O pasado 30 de outubro o marca galega do PSOE celebraba as s\u00faas primarias para decidiren cal ser\u00eda o seu pr\u00f3ximo SX nos vindeiros catro anos","robots":{"index":"index","follow":"follow","max-snippet":"max-snippet:-1","max-image-preview":"max-image-preview:large","max-video-preview":"max-video-preview:-1"},"canonical":"https:\/\/www.anovapeneira.gal\/index.php\/2021\/11\/18\/sobre-as-primarias-do-psdeg\/","og_locale":"gl_ES","og_type":"article","og_title":"Sobre as primarias do PSdeG -","og_description":"O pasado 30 de outubro o marca galega do PSOE celebraba as s\u00faas primarias para decidiren cal ser\u00eda o seu pr\u00f3ximo SX nos vindeiros catro anos","og_url":"https:\/\/www.anovapeneira.gal\/index.php\/2021\/11\/18\/sobre-as-primarias-do-psdeg\/","article_publisher":"https:\/\/www.facebook.com\/anovapeneira","article_published_time":"2021-11-18T09:00:00+00:00","og_image":[{"width":720,"height":432,"url":"https:\/\/www.anovapeneira.gal\/wp-content\/uploads\/2021\/11\/Valentin-Gonzalez-Formoso.jpg","type":"image\/jpeg"}],"author":"Tino Lago","twitter_card":"summary_large_image","twitter_image":"https:\/\/www.anovapeneira.gal\/wp-content\/uploads\/2021\/11\/Valentin-Gonzalez-Formoso.jpg","twitter_creator":"@APeneira","twitter_site":"@APeneira","twitter_misc":{"Escrito por":"Tino Lago","Tempo de lectura":"4 minutos"},"schema":{"@context":"https:\/\/schema.org","@graph":[{"@type":"Article","@id":"https:\/\/www.anovapeneira.gal\/index.php\/2021\/11\/18\/sobre-as-primarias-do-psdeg\/#article","isPartOf":{"@id":"https:\/\/www.anovapeneira.gal\/index.php\/2021\/11\/18\/sobre-as-primarias-do-psdeg\/"},"author":{"name":"Tino Lago","@id":"https:\/\/www.anovapeneira.gal\/#\/schema\/person\/424dfe65e3070fd8a44d22d2c088762a"},"headline":"Sobre as primarias do PSdeG","datePublished":"2021-11-18T09:00:00+00:00","mainEntityOfPage":{"@id":"https:\/\/www.anovapeneira.gal\/index.php\/2021\/11\/18\/sobre-as-primarias-do-psdeg\/"},"wordCount":786,"commentCount":0,"publisher":{"@id":"https:\/\/www.anovapeneira.gal\/#organization"},"image":{"@id":"https:\/\/www.anovapeneira.gal\/index.php\/2021\/11\/18\/sobre-as-primarias-do-psdeg\/#primaryimage"},"thumbnailUrl":"https:\/\/www.anovapeneira.gal\/wp-content\/uploads\/2021\/11\/Valentin-Gonzalez-Formoso.jpg","keywords":["PSdeG-PSOE"],"articleSection":["Artigo editorial"],"inLanguage":"gl-ES","potentialAction":[{"@type":"CommentAction","name":"Comment","target":["https:\/\/www.anovapeneira.gal\/index.php\/2021\/11\/18\/sobre-as-primarias-do-psdeg\/#respond"]}]},{"@type":"WebPage","@id":"https:\/\/www.anovapeneira.gal\/index.php\/2021\/11\/18\/sobre-as-primarias-do-psdeg\/","url":"https:\/\/www.anovapeneira.gal\/index.php\/2021\/11\/18\/sobre-as-primarias-do-psdeg\/","name":"Sobre as primarias do PSdeG -","isPartOf":{"@id":"https:\/\/www.anovapeneira.gal\/#website"},"primaryImageOfPage":{"@id":"https:\/\/www.anovapeneira.gal\/index.php\/2021\/11\/18\/sobre-as-primarias-do-psdeg\/#primaryimage"},"image":{"@id":"https:\/\/www.anovapeneira.gal\/index.php\/2021\/11\/18\/sobre-as-primarias-do-psdeg\/#primaryimage"},"thumbnailUrl":"https:\/\/www.anovapeneira.gal\/wp-content\/uploads\/2021\/11\/Valentin-Gonzalez-Formoso.jpg","datePublished":"2021-11-18T09:00:00+00:00","description":"O pasado 30 de outubro o marca galega do PSOE celebraba as s\u00faas primarias para decidiren cal ser\u00eda o seu pr\u00f3ximo SX nos vindeiros catro anos","breadcrumb":{"@id":"https:\/\/www.anovapeneira.gal\/index.php\/2021\/11\/18\/sobre-as-primarias-do-psdeg\/#breadcrumb"},"inLanguage":"gl-ES","potentialAction":[{"@type":"ReadAction","target":["https:\/\/www.anovapeneira.gal\/index.php\/2021\/11\/18\/sobre-as-primarias-do-psdeg\/"]}]},{"@type":"ImageObject","inLanguage":"gl-ES","@id":"https:\/\/www.anovapeneira.gal\/index.php\/2021\/11\/18\/sobre-as-primarias-do-psdeg\/#primaryimage","url":"https:\/\/www.anovapeneira.gal\/wp-content\/uploads\/2021\/11\/Valentin-Gonzalez-Formoso.jpg","contentUrl":"https:\/\/www.anovapeneira.gal\/wp-content\/uploads\/2021\/11\/Valentin-Gonzalez-Formoso.jpg","width":720,"height":432,"caption":"Valent\u00edn Gonz\u00e1lez Formoso"},{"@type":"BreadcrumbList","@id":"https:\/\/www.anovapeneira.gal\/index.php\/2021\/11\/18\/sobre-as-primarias-do-psdeg\/#breadcrumb","itemListElement":[{"@type":"ListItem","position":1,"name":"Portada","item":"https:\/\/www.anovapeneira.gal\/"},{"@type":"ListItem","position":2,"name":"Sobre as primarias do PSdeG"}]},{"@type":"WebSite","@id":"https:\/\/www.anovapeneira.gal\/#website","url":"https:\/\/www.anovapeneira.gal\/","name":"","description":"Xornal galego de informaci\u00f3n xeral Publicaci\u00f3n mensual de novas de Galicia e en especial dos Concellos da sur da provincia de Pontevedra.","publisher":{"@id":"https:\/\/www.anovapeneira.gal\/#organization"},"potentialAction":[{"@type":"SearchAction","target":{"@type":"EntryPoint","urlTemplate":"https:\/\/www.anovapeneira.gal\/?s={search_term_string}"},"query-input":{"@type":"PropertyValueSpecification","valueRequired":true,"valueName":"search_term_string"}}],"inLanguage":"gl-ES"},{"@type":"Organization","@id":"https:\/\/www.anovapeneira.gal\/#organization","name":"A Nova Peneira","url":"https:\/\/www.anovapeneira.gal\/","logo":{"@type":"ImageObject","inLanguage":"gl-ES","@id":"https:\/\/www.anovapeneira.gal\/#\/schema\/logo\/image\/","url":"http:\/\/www.anovapeneira.gal\/wp-content\/uploads\/2019\/06\/logo_a_nova_peneira_portal_web.png","contentUrl":"http:\/\/www.anovapeneira.gal\/wp-content\/uploads\/2019\/06\/logo_a_nova_peneira_portal_web.png","width":300,"height":100,"caption":"A Nova Peneira"},"image":{"@id":"https:\/\/www.anovapeneira.gal\/#\/schema\/logo\/image\/"},"sameAs":["https:\/\/www.facebook.com\/anovapeneira","https:\/\/x.com\/APeneira"]},{"@type":"Person","@id":"https:\/\/www.anovapeneira.gal\/#\/schema\/person\/424dfe65e3070fd8a44d22d2c088762a","name":"Tino Lago","image":{"@type":"ImageObject","inLanguage":"gl-ES","@id":"https:\/\/secure.gravatar.com\/avatar\/b3df6a06e44bab3111583b90f0f33a0379ee5e3d22cbadd232d39f21c30c62be?s=96&d=mm&r=g","url":"https:\/\/secure.gravatar.com\/avatar\/b3df6a06e44bab3111583b90f0f33a0379ee5e3d22cbadd232d39f21c30c62be?s=96&d=mm&r=g","contentUrl":"https:\/\/secure.gravatar.com\/avatar\/b3df6a06e44bab3111583b90f0f33a0379ee5e3d22cbadd232d39f21c30c62be?s=96&d=mm&r=g","caption":"Tino Lago"},"sameAs":["http:\/\/www.anovapeneira.gal"],"url":"https:\/\/www.anovapeneira.gal\/index.php\/author\/director\/"}]}},"jetpack_featured_media_url":"https:\/\/www.anovapeneira.gal\/wp-content\/uploads\/2021\/11\/Valentin-Gonzalez-Formoso.jpg","_links":{"self":[{"href":"https:\/\/www.anovapeneira.gal\/index.php\/wp-json\/wp\/v2\/posts\/6431","targetHints":{"allow":["GET"]}}],"collection":[{"href":"https:\/\/www.anovapeneira.gal\/index.php\/wp-json\/wp\/v2\/posts"}],"about":[{"href":"https:\/\/www.anovapeneira.gal\/index.php\/wp-json\/wp\/v2\/types\/post"}],"author":[{"embeddable":true,"href":"https:\/\/www.anovapeneira.gal\/index.php\/wp-json\/wp\/v2\/users\/2"}],"replies":[{"embeddable":true,"href":"https:\/\/www.anovapeneira.gal\/index.php\/wp-json\/wp\/v2\/comments?post=6431"}],"version-history":[{"count":1,"href":"https:\/\/www.anovapeneira.gal\/index.php\/wp-json\/wp\/v2\/posts\/6431\/revisions"}],"predecessor-version":[{"id":6433,"href":"https:\/\/www.anovapeneira.gal\/index.php\/wp-json\/wp\/v2\/posts\/6431\/revisions\/6433"}],"wp:featuredmedia":[{"embeddable":true,"href":"https:\/\/www.anovapeneira.gal\/index.php\/wp-json\/wp\/v2\/media\/6432"}],"wp:attachment":[{"href":"https:\/\/www.anovapeneira.gal\/index.php\/wp-json\/wp\/v2\/media?parent=6431"}],"wp:term":[{"taxonomy":"category","embeddable":true,"href":"https:\/\/www.anovapeneira.gal\/index.php\/wp-json\/wp\/v2\/categories?post=6431"},{"taxonomy":"post_tag","embeddable":true,"href":"https:\/\/www.anovapeneira.gal\/index.php\/wp-json\/wp\/v2\/tags?post=6431"}],"curies":[{"name":"wp","href":"https:\/\/api.w.org\/{rel}","templated":true}]}}