{"id":645,"date":"2019-07-23T07:30:35","date_gmt":"2019-07-23T05:30:35","guid":{"rendered":"http:\/\/www.anovapeneira.gal\/?p=645"},"modified":"2019-07-23T08:10:51","modified_gmt":"2019-07-23T06:10:51","slug":"ana-ponton-portavoz-nacional-do-bng","status":"publish","type":"post","link":"https:\/\/www.anovapeneira.gal\/index.php\/2019\/07\/23\/ana-ponton-portavoz-nacional-do-bng\/","title":{"rendered":"Ana Pont\u00f3n, Portavoz Nacional do BNG"},"content":{"rendered":"\n<h2 class=\"wp-block-heading\"><strong>A piques  dun novo 25\nde Xulio, acheg\u00e1monos ata a capital do noso pa\u00eds a conversar con\nAna Pont\u00f3n sobre a situaci\u00f3n pol\u00edtica en xeral e do Bloque en\nparticular<\/strong><\/h2>\n\n\n\n<h2 class=\"wp-block-heading\">\u201c<strong>As forzas estatais pasan de Galiza, a axenda galega so existir\u00e1 cando o BNG te\u00f1a peso decisivo\u201d<\/strong><\/h2>\n\n\n\n<pre class=\"wp-block-verse\"><strong>G.Figueiredo<\/strong><br><\/pre>\n\n\n\n<p><strong>O 28 de febreiro do 2016 fuches elixida portavoz nacional do Bloque Nacionalista Galego. Como est\u00e1 sendo a experiencia de ser a m\u00e1xima responsable da organizaci\u00f3n pol\u00edtica de referencia do nacionalismo galego?<\/strong><\/p>\n\n\n\n<blockquote class=\"wp-block-quote is-layout-flow wp-block-quote-is-layout-flow\"><p>Estou moi agradecida e \u00e9 unha honra moi grande que os militantes do BNG me te\u00f1an dado o seu apoio para ser a s\u00faa voz. Evidentemente isto non \u00e9 un traballo individual, \u00e9 un traballo de equipo de moitas persoas.<\/p><\/blockquote>\n\n\n\n<blockquote class=\"wp-block-quote is-layout-flow wp-block-quote-is-layout-flow\"><p>No ano 2016 afrontabamos un momento moi importante para o Nacionalismo. F\u00edxose unha aposta moi grande pola renovaci\u00f3n, porque outra xeraci\u00f3n se puxera fronte dun proxecto como \u00e9 o BNG que ten unha historia e unha ra\u00edz moi fonda. Sempre digo que poder traballar para cambiar o teu pa\u00eds \u00e9 un luxo e facelo desde a responsabilidade \u00e9 algo moi gratificante.<\/p><\/blockquote>\n\n\n\n<p><strong>Poucos meses despois\nde ser escollida pola militancia fuches entrevistada no noso xornal e\ndeclarabas: \u201co nacionalismo \u00e9 a alternativa real \u00e1 situaci\u00f3n de\nemerxencia nacional e social que provocaron os gobernos do PP\u201d,\ncomo estou segura de que segues a pensar o mesmo, dille por favor a\nunha lectora ou lector que non o comparta, por que?<\/strong><\/p>\n\n\n\n<blockquote class=\"wp-block-quote is-layout-flow wp-block-quote-is-layout-flow\"><p>Creo que estamos nun momento no que cada vez se ve con m\u00e1is claridade que a alternativa aos problemas de Galiza non vai vir de f\u00f3ra, sen\u00f3n que a temos que constru\u00edr cun proxecto propio que te\u00f1a o seu centro de decisi\u00f3n no pa\u00eds, se non o que se ve e que mantemos unha situaci\u00f3n de agravio e de dependencia que impide o noso desenrolamento pleno. Tanto nos gobernos do PP como do PSOE vemos que o trato con Galiza non var\u00eda. Iso significa que a alternativa temos que constru\u00edla desde o propio pa\u00eds e temos propostas moi claras:<\/p><\/blockquote>\n\n\n\n<blockquote class=\"wp-block-quote is-layout-flow wp-block-quote-is-layout-flow\"><p>-Acabar co espolio enerx\u00e9tico a trav\u00e9s dunha tarifa propia que faga que o prezo sexa xusto.<\/p><\/blockquote>\n\n\n\n<blockquote class=\"wp-block-quote is-layout-flow wp-block-quote-is-layout-flow\"><p>-Galiza en per\u00edodos de crise ou en per\u00edodos de bonanza segue tendo un problema grande de migraci\u00f3n porque non se est\u00e1 apoiando eficientemente o desenrolo econ\u00f3mico no pa\u00eds.<\/p><\/blockquote>\n\n\n\n<blockquote class=\"wp-block-quote is-layout-flow wp-block-quote-is-layout-flow\"><p>-Desde o punto de vista do financiamento, un Estado centralista no que a recadaci\u00f3n dos recursos segue estando no seu centro, sendo eles os que deciden como se distrib\u00fae. N\u00f3s temos feito un c\u00e1lculo e cada ano o Estado se queda con 3.500 Mill\u00f3ns que se recadan en impostos no noso pa\u00eds. Estes cartos ser\u00eda decisivos para impulsar a innovaci\u00f3n, modernizaci\u00f3n das nosas estruturas, para unha boa atenci\u00f3n as persoas maiores, po\u00f1er en marcha pol\u00edticas de desenrolo pleno dos nosos sectores produtivos b\u00e1sicos.<\/p><\/blockquote>\n\n\n\n<blockquote class=\"wp-block-quote is-layout-flow wp-block-quote-is-layout-flow\"><p>\u00c9 dicir, temos moito por ga\u00f1ar se tomamos o control dos nosos recursos, da nosa econom\u00eda. Esta \u00e9 a alternativa que lle propo\u00f1emos as galegas e galegos e que representa o nacionalismo.<\/p><\/blockquote>\n\n\n\n<p><strong>Nas elecci\u00f3ns\nestatais de abril malia experimentar unha suba significativa de\nvotos, o BNG non acadou representaci\u00f3n parlamentaria en Madrid,\nconsideras que coas deputadas e deputados galegos do PP, PS, C,S e\nUnidas Podemos, os intereses do pa\u00eds non est\u00e1n defendidos\nadecuadamente no parlamento do estado?, por que?<\/strong><\/p>\n\n\n\n<blockquote class=\"wp-block-quote is-layout-flow wp-block-quote-is-layout-flow\"><p>O primeiro dicir que nas elecci\u00f3ns xerais tivemos un crecemento moi grande e conseguimos duplicar votos, quedamos moi preto de conseguir esa representaci\u00f3n, sabiamos que era un reto complexo.<\/p><\/blockquote>\n\n\n\n<blockquote class=\"wp-block-quote is-layout-flow wp-block-quote-is-layout-flow\"><p>Agora se demostra o que diciamos en campa\u00f1a, que as forzas estatais pasan de Galiza, non hai axenda galega no Estado, esta s\u00f3 existir\u00e1 cando o BNG te\u00f1a peso decisivo, O PP e PSOE cambian de posici\u00f3n dependendo se gobernan ou non pero o que nos demostran e que non te\u00f1en un compromiso cos problemas que ten Galiza, que son moitos. Falamos das peaxes da AP9, o espolio enerx\u00e9tico, o noso ferrocarril, aeroportos, todos estes temas dependen do estado e a discriminaci\u00f3n e agravio con Galiza e notoria e flagrante<\/p><\/blockquote>\n\n\n\n<p><strong>Como est\u00e1 a situaci\u00f3n\nxudicial dos 19 de Meir\u00e1s?<\/strong><\/p>\n\n\n\n<blockquote class=\"wp-block-quote is-layout-flow wp-block-quote-is-layout-flow\"><p>A demanda que acaba de p\u00f3r o Estado para recuperaci\u00f3n do Pazo de Meir\u00e1s a pon polo traballo e presi\u00f3n que se fixo en Galiza. Lembro cando o BNG levaba a reclamaci\u00f3n do espolio do Pazo hai 15 anos quedabamos s\u00f3s no Parlamento.  <\/p><\/blockquote>\n\n\n\n<blockquote class=\"wp-block-quote is-layout-flow wp-block-quote-is-layout-flow\"><p>O que pasou hai un ano conseguindo o acordo un\u00e1nime para recuperar este Pazo e por todo o traballo de sensibilizaci\u00f3n social, denuncia e implicaci\u00f3n. Entre eles a actuaci\u00f3n que fixeron os 19 de Meir\u00e1s, creo que foi un feito fundamental que lle deu un impacto moi forte a nivel internacional e estatal ao que significaba o Espolio do Pazo de Meir\u00e1s.<\/p><p>Neste momento a situaci\u00f3n est\u00e1 pendente de xu\u00edzo, non se sabe cando se vai celebrar, pero si que a familia Franco e a Fundaci\u00f3n Franco piden en total 237 anos de penas de c\u00e1rcere e multas de m\u00e1is de 500.000\u20ac. Ser\u00eda un escarnio , unha aut\u00e9ntica aberraci\u00f3n que nin unha soa persoa que reclamou a devoluci\u00f3n do pazo poida ser penalizada por isto.<\/p><p><\/p><\/blockquote>\n\n\n\n<p><strong>Este ano ser\u00e1 o\n\u00faltimo ano de ENCE na R\u00eda de Pontevedra?<\/strong><\/p>\n\n\n\n<blockquote class=\"wp-block-quote is-layout-flow wp-block-quote-is-layout-flow\"><p>Gustar\u00edame dicir que si, pero te\u00f1o as mi\u00f1as d\u00fabidas. Isto est\u00e1 pendente dunha resoluci\u00f3n xudicial.  <\/p><\/blockquote>\n\n\n\n<blockquote class=\"wp-block-quote is-layout-flow wp-block-quote-is-layout-flow\"><p>A posici\u00f3n do BNG \u00e9 moi clara, creemos que hai que sacar a ENCE da R\u00eda porque impide o desenvolvemento pleno da mesma, e debemos acabar tam\u00e9n co peso que ten ENCE na pol\u00edtica forestal do noso pa\u00eds, non poden seguir inzando Galiza de eucaliptos para que eles te\u00f1an m\u00e1is beneficios e deixar o noso pa\u00eds nun problema ambiental dun calibre grand\u00edsimo para o presente e futuro de Galiza.<\/p><\/blockquote>\n\n\n\n<p><strong>Cando a petroleira\nmexicana Pemex entrou en Barreras, Feij\u00f3o vendeuno como o negocio do\ns\u00e9culo, agora os mexicanos participantes naquela operaci\u00f3n te\u00f1en\nproblemas coa xustiza por suposta corrupci\u00f3n, cal \u00e9 a valoraci\u00f3n\ndo BNG?<\/strong><\/p>\n\n\n\n<blockquote class=\"wp-block-quote is-layout-flow wp-block-quote-is-layout-flow\"><p>Aqu\u00ed hai d\u00faas partes. Por unha banda est\u00e1n as mentiras t\u00f3xicas de Feij\u00f3o coa s\u00faa propaganda, o anuncio f\u00edxose no medio dunha campa\u00f1a electoral na que se promet\u00edan inversi\u00f3ns multimillonarias con creo que 2.000 ou 3.000 postos de traballo, logo todo quedou en nada.<\/p><\/blockquote>\n\n\n\n<blockquote class=\"wp-block-quote is-layout-flow wp-block-quote-is-layout-flow\"><p>E finalmente est\u00e1 a situaci\u00f3n do futuro de Barreras no que se mal vendeu unha parte da tecnolox\u00eda que era un dos valores engadidos m\u00e1is grandes que ti\u00f1an.<\/p><\/blockquote>\n\n\n\n<p>\n<strong>Como valoras os resultados obtidos pola\ncoalici\u00f3n \u201cAgora Rep\u00fablicas\u201d da que formou parte o BNG nas\nrecentes elecci\u00f3ns ao Parlamento Europeo?<\/strong><\/p>\n\n\n\n<blockquote class=\"wp-block-quote is-layout-flow wp-block-quote-is-layout-flow\"><p>Creo que tivemos un gran resultado electoral que situou ao nacionalismo de estado como un actor determinante.<\/p><\/blockquote>\n\n\n\n<p>\n<strong>\u00c1s veces a pol\u00edtica europea semella que\nqueda un tanto lonxe e non nos decatamos da s\u00faa incidencia real,\npara quen non a co\u00f1eza expl\u00edcanos o m\u00e1is significativo do traballo\npol\u00edtico da Eurodeputada galega do BNG Ana Miranda?<\/strong><\/p>\n\n\n\n<blockquote class=\"wp-block-quote is-layout-flow wp-block-quote-is-layout-flow\"><p> Unha valoraci\u00f3n moi positiva ao seu traballo, tanto polo seu activismo como polos resultados obtidos na defensa de temas moi importantes. Conseguiu soluci\u00f3ns como no caso do Xeito, o envorco que se lle deu a toda a investigaci\u00f3n sobre o Alvia, denuncia constante sobre a situaci\u00f3n das R\u00edas, o apoio a que haxa un marco enerx\u00e9tico para que as nosas empresas poidan ter tarifas que lle permitan competir con Alema\u00f1a ou Francia.<\/p><\/blockquote>\n\n\n\n<p>\n<strong>O cabeza de cartel de Agora Rep\u00fablicas;\nOriol Junqueras, est\u00e1 no c\u00e1rcere: el e os seus compa\u00f1eiros e\ncompa\u00f1eiras son para ti presos pol\u00edticos?, por que?<\/strong><\/p>\n\n\n\n<blockquote class=\"wp-block-quote is-layout-flow wp-block-quote-is-layout-flow\"><p> \u00c9 evidente que no Estado Espa\u00f1ol a situaci\u00f3n que se vive en Catalu\u00f1a demostra os grandes d\u00e9ficits que ten este Estado.  <\/p><\/blockquote>\n\n\n\n<blockquote class=\"wp-block-quote is-layout-flow wp-block-quote-is-layout-flow\"><p>\u00c9 inconcibible que persoas como Oriol Junqueras estean e sigan no c\u00e1rcere despois de tanto tempo. O xu\u00edzo que se deu do Proc\u00e9s tam\u00e9n deixou claro que era un xu\u00edzo de tipo pol\u00edtico onde se estaba cuestionando era o dereito a Autodeterminaci\u00f3n dos pobos.  <\/p><\/blockquote>\n\n\n\n<blockquote class=\"wp-block-quote is-layout-flow wp-block-quote-is-layout-flow\"><p>\u00c9 necesario denunciar esa anormalidade democr\u00e1tica que hai no Estado Espa\u00f1ol. <\/p><p>No Reino Unido Escocia exp\u00f3n con normalidade referendos sobre autodeterminaci\u00f3n, v\u00f3tase e todo o mundo acepta o resultado da votaci\u00f3n. Esa \u00e9 a l\u00f3xica democr\u00e1tica que vai a acabar tendo que impo\u00f1erse no Estado Espa\u00f1ol, o que non  podemos aceptar e que a soluci\u00f3n sexa encarcerar a l\u00edderes pol\u00edticos por defender unha idea democr\u00e1tica .Os pobos existimos e tenos dereito a decidir o noso futuro. O que est\u00e1 a ocorrer no estado espa\u00f1ol \u00e9 moi grave , pero \u00e9 unha derivada m\u00e1is dunha democracia de baixa calidade onde at\u00e1case aos dereitos colectivos e individuais. Temos dereito a unha vivenda digna, ao traballo, a unha morte digna, a ter uns m\u00ednimos vitais, estes son os pozos negros que nos deixou unha transici\u00f3n que est\u00e1 moi lonxe de ser mod\u00e9lica.<\/p><\/blockquote>\n\n\n\n<p><strong>Como valoras o resultado global das elecci\u00f3ns municipais para o BNG no noso pa\u00eds?<\/strong><\/p>\n\n\n\n<blockquote class=\"wp-block-quote is-layout-flow wp-block-quote-is-layout-flow\"><p>Un proceso que sigue constatando que estamo a alza, remontando. Que o BNG est\u00e1 nun novo ciclo.  <\/p><\/blockquote>\n\n\n\n<blockquote class=\"wp-block-quote is-layout-flow wp-block-quote-is-layout-flow\"><p>Ti\u00f1amos o obxectivo de volver a estar en todas as cidades, o facemos con forza e ga\u00f1ando peso desde o punto de vista do goberno. Despois de 20 anos mantemos a Alcald\u00eda de Pontevedra, un ascenso espectacular en Lugo\u2026<\/p><\/blockquote>\n\n\n\n<blockquote class=\"wp-block-quote is-layout-flow wp-block-quote-is-layout-flow\"><p>Creo que nos concellos o BNG ten demostrado e acreditado que hai outra Galiza posible, outra forma de entender a pol\u00edtica e \u00e9 unha base moi solvente de cara as vindeiras elecci\u00f3ns Galegas.  <\/p><\/blockquote>\n\n\n\n<p><strong>Falemos  Ana, da situaci\u00f3n de distintos concellos na nosa \u00e1rea de influencia, e quero comezar por Soutomaior:<\/strong><\/p>\n\n\n\n<blockquote class=\"wp-block-quote is-layout-flow wp-block-quote-is-layout-flow\"><p> A asemblea do BNG en Soutomaior \u00e9 excepcional, calidade humana, traballo pol\u00edtico, cun gran resultado e apoio. Non conseguimos o obxectivo de darlle un cambio a Soutomaior pero estou convencida que nas pr\u00f3ximas elecci\u00f3ns imos  facelo. Para n\u00f3s \u00e9 unha asemblea referencial e \u00e9 un orgullo compartir organizaci\u00f3n con persoas tan entregadas, honestas e traballadoras.<\/p><\/blockquote>\n\n\n\n<blockquote class=\"wp-block-quote is-layout-flow wp-block-quote-is-layout-flow\"><p>Estou convencida de que est\u00e1n pensando xa nas elecci\u00f3n galegas neste 2020 e que vir\u00e1n cunha forza tremenda \u00e1 manifestaci\u00f3n deste 25 de Xullo a Santiago.<\/p><\/blockquote>\n\n\n\n<p><strong>En Mondariz Balneario estivestes s\u00f3 a 3 votos da alcald\u00eda, presuntamente o d\u00eda das elecci\u00f3ns a vila recibiu numerosas visitas de persoas al\u00ed censadas, que non viven no pobo, pero que por alg\u00fan tipo de misteriosa confluencia astral  ese d\u00eda casualmente al\u00ed estaban. Fixo ou vai facer algo o BNG ao respecto?<\/strong><\/p>\n\n\n\n<blockquote class=\"wp-block-quote is-layout-flow wp-block-quote-is-layout-flow\"><p> \u00c9 unha cuesti\u00f3n que est\u00e1n a analizar al\u00ed a asemblea de Mondariz Balneario.  <\/p><\/blockquote>\n\n\n\n<p><strong>En Mondariz Pobo, acadastes a  alcald\u00eda cos votos de d\u00faas concelleiras do PP, expl\u00edcanos a versi\u00f3n do BNG sobre este estra\u00f1o episodio?<\/strong><\/p>\n\n\n\n<blockquote class=\"wp-block-quote is-layout-flow wp-block-quote-is-layout-flow\"><p>A Verdade que \u00e9 unha situaci\u00f3n bastante sorprendente que non nos esperabamos. Iniciamos conversa con Alternativa Por Mondariz e as forzas de esquerdas e non houbo acordo. Fomos ao pleno sen maior\u00eda e levamos a sorpresa. Estas concelleiras do PP explicaron que foi un voto de castigo pola campa\u00f1a tan sucia que fixeron sobre elas.  <\/p><\/blockquote>\n\n\n\n<blockquote class=\"wp-block-quote is-layout-flow wp-block-quote-is-layout-flow\"><p>O que podemos garantir e que o BNG vai desenrolar o seu proxecto electoral sen ning\u00fan tipo de pacto coa dereita e esta sorpresa vai ser positiva para p\u00f3r en marcha un proxecto transformador para o Concello.<\/p><\/blockquote>\n\n\n\n<p>\n<strong>En Bueu ides seguir gobernando con\ncomodidade pero F\u00e9lix Juncal experimentou unha preocupante baixada\nde votos, perdeu 1.000, e de actas perdeu 4,cal \u00e9 a t\u00faa\nexplicaci\u00f3n?<\/strong><\/p>\n\n\n\n<blockquote class=\"wp-block-quote is-layout-flow wp-block-quote-is-layout-flow\"><p>Esta \u00e9 a cuarto mandato de F\u00e9lix, cando un leva tempo no goberno pode sufrir desgaste pero o importante \u00e9 manter a alcald\u00eda cun proxecto s\u00f3lido. Os compa\u00f1eiros e compa\u00f1eiras de Bueu van traballar con forza para recuperar eses 1000 votos porque o seu compromiso con Bueu est\u00e1 intacto.<\/p><\/blockquote>\n\n\n\n<p>\n<strong>E no Rosal, unha alcaldesa con maior\u00eda\nabsoluta de tan s\u00f3 26 anos como a valoras?<\/strong><\/p>\n\n\n\n<blockquote class=\"wp-block-quote is-layout-flow wp-block-quote-is-layout-flow\"><p>Eu quero falar de todo o Baixo Mi\u00f1o, o BNG quedou como primeira forza pol\u00edtica, este \u00e9 un resultado espectacular en toda a comarca. Organizaci\u00f3n s\u00f3lida cun proxecto referencial, o de Tomi\u00f1o, que levan 12 anos demostrando que as cousas se poden facer doutro xeito.  <\/p><\/blockquote>\n\n\n\n<blockquote class=\"wp-block-quote is-layout-flow wp-block-quote-is-layout-flow\"><p>No Rosal d\u00e1se unha combinaci\u00f3n de varios factores. O m\u00e1is importante, un equipo de xente nova e renovada que foi con moit\u00edsimas ganas, pateouse todo o Concello e demostrou que pode ser posible.<\/p><\/blockquote>\n\n\n\n<p><strong>Falemos agora das vindeiras elecci\u00f3ns auton\u00f3micas, con que perspectivas realistas as encara o BNG?<\/strong><\/p>\n\n\n\n<blockquote class=\"wp-block-quote is-layout-flow wp-block-quote-is-layout-flow\"><p>Un reto moi importante, ilusionante que enfrontamos con moit\u00edsimas ganas e sen po\u00f1ernos l\u00edmites.<\/p><\/blockquote>\n\n\n\n<p><strong>E ti persoalmente como est\u00e1s de \u00e1nimos e ilusi\u00f3n para competir pola presidencia da Xunta?<\/strong><\/p>\n\n\n\n<blockquote class=\"wp-block-quote is-layout-flow wp-block-quote-is-layout-flow\"><p>No BNG a\u00ednda non se abriu o debate sobre quen vai ser o candidato ou candidata \u00e1 Presidencia da Xunta. \u00c9 un debate que facemos de maneira democr\u00e1tica, no que se poden formular diferentes alternativas, a decisi\u00f3n hai que tomala unha vez aberto ese proceso.<\/p><\/blockquote>\n\n\n\n<blockquote class=\"wp-block-quote is-layout-flow wp-block-quote-is-layout-flow\"><p>Eu son militante do BNG, podo traballar en moitos \u00e1mbitos, f\u00e1goo desde que te\u00f1o 16 anos. O que podo dicir e que estou moi orgullosa de ser a Portavoz Nacional do BNG .<\/p><\/blockquote>\n\n\n\n<p><strong>A derrota de Feij\u00f3o, e a formaci\u00f3n dun goberno alternativo na que estea o Bloque \u00e9 unha posibilidade veros\u00edmil, a modo de s\u00edntese dinos cales ser\u00edas as li\u00f1as pol\u00edticas b\u00e1sicas que desenvolver\u00eda o bloque se ten oportunidade de gobernar o pa\u00eds?<\/strong><\/p>\n\n\n\n<blockquote class=\"wp-block-quote is-layout-flow wp-block-quote-is-layout-flow\"><p>Un proxecto de pa\u00eds pensado para que en Galiza haxa m\u00e1is oportunidades que, sobre todo, a xente nova poda mirar con esperanza o futuro, non como o que temos agora que moitas persoas viven entre a resignaci\u00f3n e a migraci\u00f3n. Creemos que hai que darlle a volta a esa situaci\u00f3n  e para iso hai que apostar claramente para po\u00f1er o pa\u00eds a producir. Temos moit\u00edsima capacidade e riqueza en Galiza para que os nosos sectores produtivos b\u00e1sicos xeren valor engadido. Unha aposta estrat\u00e9xica polo agro e polo rural sen\u00f3n tam\u00e9n no centro dese valor produtivo \u00e1 innovaci\u00f3n. Queremos unha Galiza onde se garanten servicios p\u00fablicos de calidade na Sanidade e Educaci\u00f3n cunha terceira pata, que necesitamos empoderar Galiza con m\u00e1is poder pol\u00edtico.<\/p><\/blockquote>\n\n\n\n<p>\n<strong>A pen\u00faltima pregunta at\u00ednxeme\npersoalmente: eu vivo nunha parroquia do rural galego, acaban de dar\norde de pechar o colexio no que estudiaron meus pais, meus irm\u00e1ns,\neu, e no que estudou a mi\u00f1a filla ata este curso; que tipo de\npol\u00edticas defende o bloque para que as mulleres e homes que vivimos\nno rural poidamos ter servizos suficientes e dignos para podermos\ndesenvolver un proxecto vital onde nacemos, se as\u00ed o desexamos?<\/strong><\/p>\n\n\n\n<blockquote class=\"wp-block-quote is-layout-flow wp-block-quote-is-layout-flow\"><p>O que non podemos permitir e que siga este proceso de extinci\u00f3n do medio rural galego, este \u00e9 un proceso programado.<\/p><\/blockquote>\n\n\n\n<blockquote class=\"wp-block-quote is-layout-flow wp-block-quote-is-layout-flow\"><p>Esta lexislatura Feij\u00f3o dixo que era a lexislatura do rural, o que estamos vendo e que \u00e9 a do desmantelamento do rural..<\/p><\/blockquote>\n\n\n\n<blockquote class=\"wp-block-quote is-layout-flow wp-block-quote-is-layout-flow\"><p>O que creemos e que hai que facer unha aposta estrat\u00e9xica polo medio rural, por recuperar a actividade, ten que haber un peso agrario e forestal de aproveitamento do monte moi forte e ao mesmo tempo unha estratexia de diversificaci\u00f3n da actividade econ\u00f3mica.<\/p><\/blockquote>\n\n\n\n<p> <strong>E a \u00faltima tam\u00e9n me afecta emocionalmente, en A Nova Peneira estamos moi agradecidas pola t\u00faa compa\u00f1\u00eda nas nosas galas do 2017 e do 2019, agardamos que te sentiras c\u00f3moda e esperamos poder brindar contigo na do 2021.<\/strong><\/p>\n\n\n\n<blockquote class=\"wp-block-quote is-layout-flow wp-block-quote-is-layout-flow\"><p>Encantad\u00edsima sempre de poder acudir pero non podo pechar a axenda dous anos antes, ser\u00eda moi atrevida. Sen\u00f3n son eu, desde logo ser\u00e1 outra persoa a que estar\u00e1 representando ao BNG. Creo que \u00e9 moi importante que existan medios como A Nova Peneira, independentes, que fan prensa desde o local, porque o local \u00e9 un elemento esencial de identidade que axuda a diversificar un pouco o ecosistema medi\u00e1tico galego.<\/p><\/blockquote>\n","protected":false},"excerpt":{"rendered":"<div class=\"mh-excerpt\"><p>As forzas estatais pasan de Galiza, a axenda galega so existir\u00e1 cando o BNG te\u00f1a peso decisivo <a class=\"mh-excerpt-more\" href=\"https:\/\/www.anovapeneira.gal\/index.php\/2019\/07\/23\/ana-ponton-portavoz-nacional-do-bng\/\" title=\"Ana Pont\u00f3n, Portavoz Nacional do BNG\">[&#8230;]<\/a><\/p>\n<\/div>","protected":false},"author":3,"featured_media":630,"comment_status":"open","ping_status":"open","sticky":false,"template":"","format":"standard","meta":{"_exactmetrics_skip_tracking":false,"_exactmetrics_sitenote_active":false,"_exactmetrics_sitenote_note":"","_exactmetrics_sitenote_category":0,"footnotes":""},"categories":[264],"tags":[282,287,281,285,10,284,87,283,286,12],"class_list":{"0":"post-645","1":"post","2":"type-post","3":"status-publish","4":"format-standard","5":"has-post-thumbnail","7":"category-entrevistas-galicia","8":"tag-25-de-xullo","9":"tag-agora-republicas","10":"tag-ana-ponton","11":"tag-barreras","12":"tag-bng","13":"tag-ence","14":"tag-nacionalismo-galego","15":"tag-pazo-de-meiras","16":"tag-pemex","17":"tag-politica"},"yoast_head":"<!-- This site is optimized with the Yoast SEO plugin v27.4 - https:\/\/yoast.com\/product\/yoast-seo-wordpress\/ -->\n<title>Ana Pont\u00f3n, Portavoz Nacional do BNG -<\/title>\n<meta name=\"robots\" content=\"index, follow, max-snippet:-1, max-image-preview:large, max-video-preview:-1\" \/>\n<link rel=\"canonical\" href=\"https:\/\/www.anovapeneira.gal\/index.php\/2019\/07\/23\/ana-ponton-portavoz-nacional-do-bng\/\" \/>\n<meta property=\"og:locale\" content=\"gl_ES\" \/>\n<meta property=\"og:type\" content=\"article\" \/>\n<meta property=\"og:title\" content=\"Ana Pont\u00f3n, Portavoz Nacional do BNG -\" \/>\n<meta property=\"og:description\" content=\"As forzas estatais pasan de Galiza, a axenda galega so existir\u00e1 cando o BNG te\u00f1a peso decisivo [...]\" \/>\n<meta property=\"og:url\" content=\"https:\/\/www.anovapeneira.gal\/index.php\/2019\/07\/23\/ana-ponton-portavoz-nacional-do-bng\/\" \/>\n<meta property=\"article:publisher\" content=\"https:\/\/www.facebook.com\/anovapeneira\" \/>\n<meta property=\"article:published_time\" content=\"2019-07-23T05:30:35+00:00\" \/>\n<meta property=\"article:modified_time\" content=\"2019-07-23T06:10:51+00:00\" \/>\n<meta property=\"og:image\" content=\"https:\/\/www.anovapeneira.gal\/wp-content\/uploads\/2019\/07\/ana_ponton_bng_a_nova_peneira_2.jpg\" \/>\n\t<meta property=\"og:image:width\" content=\"720\" \/>\n\t<meta property=\"og:image:height\" content=\"473\" \/>\n\t<meta property=\"og:image:type\" content=\"image\/jpeg\" \/>\n<meta name=\"author\" content=\"Redacci\u00f3n A Nova Peneira\" \/>\n<meta name=\"twitter:card\" content=\"summary_large_image\" \/>\n<meta name=\"twitter:creator\" content=\"@APeneira\" \/>\n<meta name=\"twitter:site\" content=\"@APeneira\" \/>\n<meta name=\"twitter:label1\" content=\"Escrito por\" \/>\n\t<meta name=\"twitter:data1\" content=\"Redacci\u00f3n A Nova Peneira\" \/>\n\t<meta name=\"twitter:label2\" content=\"Tempo de lectura\" \/>\n\t<meta name=\"twitter:data2\" content=\"14 minutos\" \/>\n<script type=\"application\/ld+json\" class=\"yoast-schema-graph\">{\"@context\":\"https:\\\/\\\/schema.org\",\"@graph\":[{\"@type\":\"Article\",\"@id\":\"https:\\\/\\\/www.anovapeneira.gal\\\/index.php\\\/2019\\\/07\\\/23\\\/ana-ponton-portavoz-nacional-do-bng\\\/#article\",\"isPartOf\":{\"@id\":\"https:\\\/\\\/www.anovapeneira.gal\\\/index.php\\\/2019\\\/07\\\/23\\\/ana-ponton-portavoz-nacional-do-bng\\\/\"},\"author\":{\"name\":\"Redacci\u00f3n A Nova Peneira\",\"@id\":\"https:\\\/\\\/www.anovapeneira.gal\\\/#\\\/schema\\\/person\\\/b93e3f8932e3f8da96334607eb6ac6aa\"},\"headline\":\"Ana Pont\u00f3n, Portavoz Nacional do BNG\",\"datePublished\":\"2019-07-23T05:30:35+00:00\",\"dateModified\":\"2019-07-23T06:10:51+00:00\",\"mainEntityOfPage\":{\"@id\":\"https:\\\/\\\/www.anovapeneira.gal\\\/index.php\\\/2019\\\/07\\\/23\\\/ana-ponton-portavoz-nacional-do-bng\\\/\"},\"wordCount\":2745,\"commentCount\":0,\"publisher\":{\"@id\":\"https:\\\/\\\/www.anovapeneira.gal\\\/#organization\"},\"image\":{\"@id\":\"https:\\\/\\\/www.anovapeneira.gal\\\/index.php\\\/2019\\\/07\\\/23\\\/ana-ponton-portavoz-nacional-do-bng\\\/#primaryimage\"},\"thumbnailUrl\":\"https:\\\/\\\/www.anovapeneira.gal\\\/wp-content\\\/uploads\\\/2019\\\/07\\\/ana_ponton_bng_a_nova_peneira_2.jpg\",\"keywords\":[\"25 de xullo\",\"Agora Rep\u00fablicas\",\"Ana Pont\u00f3n\",\"Barreras\",\"BNG\",\"ENCE\",\"Nacionalismo galego\",\"Pazo de Meir\u00e1s\",\"Pemex\",\"Pol\u00edtica\"],\"articleSection\":[\"Entrevistas\"],\"inLanguage\":\"gl-ES\",\"potentialAction\":[{\"@type\":\"CommentAction\",\"name\":\"Comment\",\"target\":[\"https:\\\/\\\/www.anovapeneira.gal\\\/index.php\\\/2019\\\/07\\\/23\\\/ana-ponton-portavoz-nacional-do-bng\\\/#respond\"]}]},{\"@type\":\"WebPage\",\"@id\":\"https:\\\/\\\/www.anovapeneira.gal\\\/index.php\\\/2019\\\/07\\\/23\\\/ana-ponton-portavoz-nacional-do-bng\\\/\",\"url\":\"https:\\\/\\\/www.anovapeneira.gal\\\/index.php\\\/2019\\\/07\\\/23\\\/ana-ponton-portavoz-nacional-do-bng\\\/\",\"name\":\"Ana Pont\u00f3n, Portavoz Nacional do BNG -\",\"isPartOf\":{\"@id\":\"https:\\\/\\\/www.anovapeneira.gal\\\/#website\"},\"primaryImageOfPage\":{\"@id\":\"https:\\\/\\\/www.anovapeneira.gal\\\/index.php\\\/2019\\\/07\\\/23\\\/ana-ponton-portavoz-nacional-do-bng\\\/#primaryimage\"},\"image\":{\"@id\":\"https:\\\/\\\/www.anovapeneira.gal\\\/index.php\\\/2019\\\/07\\\/23\\\/ana-ponton-portavoz-nacional-do-bng\\\/#primaryimage\"},\"thumbnailUrl\":\"https:\\\/\\\/www.anovapeneira.gal\\\/wp-content\\\/uploads\\\/2019\\\/07\\\/ana_ponton_bng_a_nova_peneira_2.jpg\",\"datePublished\":\"2019-07-23T05:30:35+00:00\",\"dateModified\":\"2019-07-23T06:10:51+00:00\",\"breadcrumb\":{\"@id\":\"https:\\\/\\\/www.anovapeneira.gal\\\/index.php\\\/2019\\\/07\\\/23\\\/ana-ponton-portavoz-nacional-do-bng\\\/#breadcrumb\"},\"inLanguage\":\"gl-ES\",\"potentialAction\":[{\"@type\":\"ReadAction\",\"target\":[\"https:\\\/\\\/www.anovapeneira.gal\\\/index.php\\\/2019\\\/07\\\/23\\\/ana-ponton-portavoz-nacional-do-bng\\\/\"]}]},{\"@type\":\"ImageObject\",\"inLanguage\":\"gl-ES\",\"@id\":\"https:\\\/\\\/www.anovapeneira.gal\\\/index.php\\\/2019\\\/07\\\/23\\\/ana-ponton-portavoz-nacional-do-bng\\\/#primaryimage\",\"url\":\"https:\\\/\\\/www.anovapeneira.gal\\\/wp-content\\\/uploads\\\/2019\\\/07\\\/ana_ponton_bng_a_nova_peneira_2.jpg\",\"contentUrl\":\"https:\\\/\\\/www.anovapeneira.gal\\\/wp-content\\\/uploads\\\/2019\\\/07\\\/ana_ponton_bng_a_nova_peneira_2.jpg\",\"width\":720,\"height\":473,\"caption\":\"Ana Pont\u00f3n BNG A Nova Peneira\"},{\"@type\":\"BreadcrumbList\",\"@id\":\"https:\\\/\\\/www.anovapeneira.gal\\\/index.php\\\/2019\\\/07\\\/23\\\/ana-ponton-portavoz-nacional-do-bng\\\/#breadcrumb\",\"itemListElement\":[{\"@type\":\"ListItem\",\"position\":1,\"name\":\"Portada\",\"item\":\"https:\\\/\\\/www.anovapeneira.gal\\\/\"},{\"@type\":\"ListItem\",\"position\":2,\"name\":\"Ana Pont\u00f3n, Portavoz Nacional do BNG\"}]},{\"@type\":\"WebSite\",\"@id\":\"https:\\\/\\\/www.anovapeneira.gal\\\/#website\",\"url\":\"https:\\\/\\\/www.anovapeneira.gal\\\/\",\"name\":\"\",\"description\":\"Xornal galego de informaci\u00f3n xeral Publicaci\u00f3n mensual de novas de Galicia e en especial dos Concellos da sur da provincia de Pontevedra.\",\"publisher\":{\"@id\":\"https:\\\/\\\/www.anovapeneira.gal\\\/#organization\"},\"potentialAction\":[{\"@type\":\"SearchAction\",\"target\":{\"@type\":\"EntryPoint\",\"urlTemplate\":\"https:\\\/\\\/www.anovapeneira.gal\\\/?s={search_term_string}\"},\"query-input\":{\"@type\":\"PropertyValueSpecification\",\"valueRequired\":true,\"valueName\":\"search_term_string\"}}],\"inLanguage\":\"gl-ES\"},{\"@type\":\"Organization\",\"@id\":\"https:\\\/\\\/www.anovapeneira.gal\\\/#organization\",\"name\":\"A Nova Peneira\",\"url\":\"https:\\\/\\\/www.anovapeneira.gal\\\/\",\"logo\":{\"@type\":\"ImageObject\",\"inLanguage\":\"gl-ES\",\"@id\":\"https:\\\/\\\/www.anovapeneira.gal\\\/#\\\/schema\\\/logo\\\/image\\\/\",\"url\":\"http:\\\/\\\/www.anovapeneira.gal\\\/wp-content\\\/uploads\\\/2019\\\/06\\\/logo_a_nova_peneira_portal_web.png\",\"contentUrl\":\"http:\\\/\\\/www.anovapeneira.gal\\\/wp-content\\\/uploads\\\/2019\\\/06\\\/logo_a_nova_peneira_portal_web.png\",\"width\":300,\"height\":100,\"caption\":\"A Nova Peneira\"},\"image\":{\"@id\":\"https:\\\/\\\/www.anovapeneira.gal\\\/#\\\/schema\\\/logo\\\/image\\\/\"},\"sameAs\":[\"https:\\\/\\\/www.facebook.com\\\/anovapeneira\",\"https:\\\/\\\/x.com\\\/APeneira\"]},{\"@type\":\"Person\",\"@id\":\"https:\\\/\\\/www.anovapeneira.gal\\\/#\\\/schema\\\/person\\\/b93e3f8932e3f8da96334607eb6ac6aa\",\"name\":\"Redacci\u00f3n A Nova Peneira\",\"image\":{\"@type\":\"ImageObject\",\"inLanguage\":\"gl-ES\",\"@id\":\"https:\\\/\\\/secure.gravatar.com\\\/avatar\\\/c052a2551a06e23fac63626232eaa90abd78dbcf1700fc46a2b2c89fd27b735f?s=96&d=mm&r=g\",\"url\":\"https:\\\/\\\/secure.gravatar.com\\\/avatar\\\/c052a2551a06e23fac63626232eaa90abd78dbcf1700fc46a2b2c89fd27b735f?s=96&d=mm&r=g\",\"contentUrl\":\"https:\\\/\\\/secure.gravatar.com\\\/avatar\\\/c052a2551a06e23fac63626232eaa90abd78dbcf1700fc46a2b2c89fd27b735f?s=96&d=mm&r=g\",\"caption\":\"Redacci\u00f3n A Nova Peneira\"},\"sameAs\":[\"http:\\\/\\\/www.anovapeneira.gal\\\/\"],\"url\":\"https:\\\/\\\/www.anovapeneira.gal\\\/index.php\\\/author\\\/redactor\\\/\"}]}<\/script>\n<!-- \/ Yoast SEO plugin. -->","yoast_head_json":{"title":"Ana Pont\u00f3n, Portavoz Nacional do BNG -","robots":{"index":"index","follow":"follow","max-snippet":"max-snippet:-1","max-image-preview":"max-image-preview:large","max-video-preview":"max-video-preview:-1"},"canonical":"https:\/\/www.anovapeneira.gal\/index.php\/2019\/07\/23\/ana-ponton-portavoz-nacional-do-bng\/","og_locale":"gl_ES","og_type":"article","og_title":"Ana Pont\u00f3n, Portavoz Nacional do BNG -","og_description":"As forzas estatais pasan de Galiza, a axenda galega so existir\u00e1 cando o BNG te\u00f1a peso decisivo [...]","og_url":"https:\/\/www.anovapeneira.gal\/index.php\/2019\/07\/23\/ana-ponton-portavoz-nacional-do-bng\/","article_publisher":"https:\/\/www.facebook.com\/anovapeneira","article_published_time":"2019-07-23T05:30:35+00:00","article_modified_time":"2019-07-23T06:10:51+00:00","og_image":[{"width":720,"height":473,"url":"https:\/\/www.anovapeneira.gal\/wp-content\/uploads\/2019\/07\/ana_ponton_bng_a_nova_peneira_2.jpg","type":"image\/jpeg"}],"author":"Redacci\u00f3n A Nova Peneira","twitter_card":"summary_large_image","twitter_creator":"@APeneira","twitter_site":"@APeneira","twitter_misc":{"Escrito por":"Redacci\u00f3n A Nova Peneira","Tempo de lectura":"14 minutos"},"schema":{"@context":"https:\/\/schema.org","@graph":[{"@type":"Article","@id":"https:\/\/www.anovapeneira.gal\/index.php\/2019\/07\/23\/ana-ponton-portavoz-nacional-do-bng\/#article","isPartOf":{"@id":"https:\/\/www.anovapeneira.gal\/index.php\/2019\/07\/23\/ana-ponton-portavoz-nacional-do-bng\/"},"author":{"name":"Redacci\u00f3n A Nova Peneira","@id":"https:\/\/www.anovapeneira.gal\/#\/schema\/person\/b93e3f8932e3f8da96334607eb6ac6aa"},"headline":"Ana Pont\u00f3n, Portavoz Nacional do BNG","datePublished":"2019-07-23T05:30:35+00:00","dateModified":"2019-07-23T06:10:51+00:00","mainEntityOfPage":{"@id":"https:\/\/www.anovapeneira.gal\/index.php\/2019\/07\/23\/ana-ponton-portavoz-nacional-do-bng\/"},"wordCount":2745,"commentCount":0,"publisher":{"@id":"https:\/\/www.anovapeneira.gal\/#organization"},"image":{"@id":"https:\/\/www.anovapeneira.gal\/index.php\/2019\/07\/23\/ana-ponton-portavoz-nacional-do-bng\/#primaryimage"},"thumbnailUrl":"https:\/\/www.anovapeneira.gal\/wp-content\/uploads\/2019\/07\/ana_ponton_bng_a_nova_peneira_2.jpg","keywords":["25 de xullo","Agora Rep\u00fablicas","Ana Pont\u00f3n","Barreras","BNG","ENCE","Nacionalismo galego","Pazo de Meir\u00e1s","Pemex","Pol\u00edtica"],"articleSection":["Entrevistas"],"inLanguage":"gl-ES","potentialAction":[{"@type":"CommentAction","name":"Comment","target":["https:\/\/www.anovapeneira.gal\/index.php\/2019\/07\/23\/ana-ponton-portavoz-nacional-do-bng\/#respond"]}]},{"@type":"WebPage","@id":"https:\/\/www.anovapeneira.gal\/index.php\/2019\/07\/23\/ana-ponton-portavoz-nacional-do-bng\/","url":"https:\/\/www.anovapeneira.gal\/index.php\/2019\/07\/23\/ana-ponton-portavoz-nacional-do-bng\/","name":"Ana Pont\u00f3n, Portavoz Nacional do BNG -","isPartOf":{"@id":"https:\/\/www.anovapeneira.gal\/#website"},"primaryImageOfPage":{"@id":"https:\/\/www.anovapeneira.gal\/index.php\/2019\/07\/23\/ana-ponton-portavoz-nacional-do-bng\/#primaryimage"},"image":{"@id":"https:\/\/www.anovapeneira.gal\/index.php\/2019\/07\/23\/ana-ponton-portavoz-nacional-do-bng\/#primaryimage"},"thumbnailUrl":"https:\/\/www.anovapeneira.gal\/wp-content\/uploads\/2019\/07\/ana_ponton_bng_a_nova_peneira_2.jpg","datePublished":"2019-07-23T05:30:35+00:00","dateModified":"2019-07-23T06:10:51+00:00","breadcrumb":{"@id":"https:\/\/www.anovapeneira.gal\/index.php\/2019\/07\/23\/ana-ponton-portavoz-nacional-do-bng\/#breadcrumb"},"inLanguage":"gl-ES","potentialAction":[{"@type":"ReadAction","target":["https:\/\/www.anovapeneira.gal\/index.php\/2019\/07\/23\/ana-ponton-portavoz-nacional-do-bng\/"]}]},{"@type":"ImageObject","inLanguage":"gl-ES","@id":"https:\/\/www.anovapeneira.gal\/index.php\/2019\/07\/23\/ana-ponton-portavoz-nacional-do-bng\/#primaryimage","url":"https:\/\/www.anovapeneira.gal\/wp-content\/uploads\/2019\/07\/ana_ponton_bng_a_nova_peneira_2.jpg","contentUrl":"https:\/\/www.anovapeneira.gal\/wp-content\/uploads\/2019\/07\/ana_ponton_bng_a_nova_peneira_2.jpg","width":720,"height":473,"caption":"Ana Pont\u00f3n BNG A Nova Peneira"},{"@type":"BreadcrumbList","@id":"https:\/\/www.anovapeneira.gal\/index.php\/2019\/07\/23\/ana-ponton-portavoz-nacional-do-bng\/#breadcrumb","itemListElement":[{"@type":"ListItem","position":1,"name":"Portada","item":"https:\/\/www.anovapeneira.gal\/"},{"@type":"ListItem","position":2,"name":"Ana Pont\u00f3n, Portavoz Nacional do BNG"}]},{"@type":"WebSite","@id":"https:\/\/www.anovapeneira.gal\/#website","url":"https:\/\/www.anovapeneira.gal\/","name":"","description":"Xornal galego de informaci\u00f3n xeral Publicaci\u00f3n mensual de novas de Galicia e en especial dos Concellos da sur da provincia de Pontevedra.","publisher":{"@id":"https:\/\/www.anovapeneira.gal\/#organization"},"potentialAction":[{"@type":"SearchAction","target":{"@type":"EntryPoint","urlTemplate":"https:\/\/www.anovapeneira.gal\/?s={search_term_string}"},"query-input":{"@type":"PropertyValueSpecification","valueRequired":true,"valueName":"search_term_string"}}],"inLanguage":"gl-ES"},{"@type":"Organization","@id":"https:\/\/www.anovapeneira.gal\/#organization","name":"A Nova Peneira","url":"https:\/\/www.anovapeneira.gal\/","logo":{"@type":"ImageObject","inLanguage":"gl-ES","@id":"https:\/\/www.anovapeneira.gal\/#\/schema\/logo\/image\/","url":"http:\/\/www.anovapeneira.gal\/wp-content\/uploads\/2019\/06\/logo_a_nova_peneira_portal_web.png","contentUrl":"http:\/\/www.anovapeneira.gal\/wp-content\/uploads\/2019\/06\/logo_a_nova_peneira_portal_web.png","width":300,"height":100,"caption":"A Nova Peneira"},"image":{"@id":"https:\/\/www.anovapeneira.gal\/#\/schema\/logo\/image\/"},"sameAs":["https:\/\/www.facebook.com\/anovapeneira","https:\/\/x.com\/APeneira"]},{"@type":"Person","@id":"https:\/\/www.anovapeneira.gal\/#\/schema\/person\/b93e3f8932e3f8da96334607eb6ac6aa","name":"Redacci\u00f3n A Nova Peneira","image":{"@type":"ImageObject","inLanguage":"gl-ES","@id":"https:\/\/secure.gravatar.com\/avatar\/c052a2551a06e23fac63626232eaa90abd78dbcf1700fc46a2b2c89fd27b735f?s=96&d=mm&r=g","url":"https:\/\/secure.gravatar.com\/avatar\/c052a2551a06e23fac63626232eaa90abd78dbcf1700fc46a2b2c89fd27b735f?s=96&d=mm&r=g","contentUrl":"https:\/\/secure.gravatar.com\/avatar\/c052a2551a06e23fac63626232eaa90abd78dbcf1700fc46a2b2c89fd27b735f?s=96&d=mm&r=g","caption":"Redacci\u00f3n A Nova Peneira"},"sameAs":["http:\/\/www.anovapeneira.gal\/"],"url":"https:\/\/www.anovapeneira.gal\/index.php\/author\/redactor\/"}]}},"jetpack_featured_media_url":"https:\/\/www.anovapeneira.gal\/wp-content\/uploads\/2019\/07\/ana_ponton_bng_a_nova_peneira_2.jpg","_links":{"self":[{"href":"https:\/\/www.anovapeneira.gal\/index.php\/wp-json\/wp\/v2\/posts\/645","targetHints":{"allow":["GET"]}}],"collection":[{"href":"https:\/\/www.anovapeneira.gal\/index.php\/wp-json\/wp\/v2\/posts"}],"about":[{"href":"https:\/\/www.anovapeneira.gal\/index.php\/wp-json\/wp\/v2\/types\/post"}],"author":[{"embeddable":true,"href":"https:\/\/www.anovapeneira.gal\/index.php\/wp-json\/wp\/v2\/users\/3"}],"replies":[{"embeddable":true,"href":"https:\/\/www.anovapeneira.gal\/index.php\/wp-json\/wp\/v2\/comments?post=645"}],"version-history":[{"count":1,"href":"https:\/\/www.anovapeneira.gal\/index.php\/wp-json\/wp\/v2\/posts\/645\/revisions"}],"predecessor-version":[{"id":646,"href":"https:\/\/www.anovapeneira.gal\/index.php\/wp-json\/wp\/v2\/posts\/645\/revisions\/646"}],"wp:featuredmedia":[{"embeddable":true,"href":"https:\/\/www.anovapeneira.gal\/index.php\/wp-json\/wp\/v2\/media\/630"}],"wp:attachment":[{"href":"https:\/\/www.anovapeneira.gal\/index.php\/wp-json\/wp\/v2\/media?parent=645"}],"wp:term":[{"taxonomy":"category","embeddable":true,"href":"https:\/\/www.anovapeneira.gal\/index.php\/wp-json\/wp\/v2\/categories?post=645"},{"taxonomy":"post_tag","embeddable":true,"href":"https:\/\/www.anovapeneira.gal\/index.php\/wp-json\/wp\/v2\/tags?post=645"}],"curies":[{"name":"wp","href":"https:\/\/api.w.org\/{rel}","templated":true}]}}