{"id":6453,"date":"2021-11-19T12:00:51","date_gmt":"2021-11-19T11:00:51","guid":{"rendered":"https:\/\/www.anovapeneira.gal\/?p=6453"},"modified":"2021-11-09T13:15:10","modified_gmt":"2021-11-09T12:15:10","slug":"as-pegadas-do-capital","status":"publish","type":"post","link":"https:\/\/www.anovapeneira.gal\/index.php\/2021\/11\/19\/as-pegadas-do-capital\/","title":{"rendered":"AS PEGADAS DO CAPITAL"},"content":{"rendered":"\n<figure class=\"wp-block-image size-large is-resized\"><img loading=\"lazy\" decoding=\"async\" src=\"https:\/\/www.anovapeneira.gal\/wp-content\/uploads\/2019\/07\/koki.jpg\" alt=\"Francisco \u00c1lvarez Koki Artigos de opini\u00f3n A Nova Peneira\" class=\"wp-image-498\" width=\"95\" height=\"111\"\/><figcaption>Koki. Correspondente de A Nova Peneira en EEUU<\/figcaption><\/figure>\n\n\n\n<h2 class=\"has-text-align-center wp-block-heading\">Os obreiros das Cachadas en folga<\/h2>\n\n\n\n<h2 class=\"wp-block-heading\">I<\/h2>\n\n\n\n<p>Os obreiros sent\u00e1ronse na r\u00faa,<\/p>\n\n\n\n<p>esixindo os dereitos que a f\u00e1brica lles nega.<\/p>\n\n\n\n<p>No medio da conciencia nosa e t\u00faa,<\/p>\n\n\n\n<p>comidos polo capital que hoxe os anega.<\/p>\n\n\n\n<h2 class=\"wp-block-heading\">II<\/h2>\n\n\n\n<p>Xente insolidaria que mira e pasa.<\/p>\n\n\n\n<p>Ningu\u00e9n ten dor do irm\u00e1n obreiro.<\/p>\n\n\n\n<p>Ningu\u00e9n se cubre, se non chove na s\u00faa casa.<\/p>\n\n\n\n<p>Ma\u00f1\u00e1 podes ser ti compa\u00f1eiro.<\/p>\n\n\n\n<h2 class=\"wp-block-heading\">III<\/h2>\n\n\n\n<p>Un esquirol que non ten nome,<\/p>\n\n\n\n<p>come e defende o capital.<\/p>\n\n\n\n<p>Poida ser que ma\u00f1\u00e1 pases fome,<\/p>\n\n\n\n<p>por non ser hoxe home, tan solo un traidor animal.<\/p>\n\n\n\n<h2 class=\"wp-block-heading\">IV<\/h2>\n\n\n\n<p>O capital ensina as carrilleiras,<\/p>\n\n\n\n<p>ten un embudo de facer cartos roubados,<\/p>\n\n\n\n<p>para para\u00edsos fiscais nas mans estranxeiras,<\/p>\n\n\n\n<p>que son socios de branqueos atoubados.<\/p>\n\n\n\n<h2 class=\"wp-block-heading\">V<\/h2>\n\n\n\n<p>Irm\u00e1ns que estades na loita obreira,<\/p>\n\n\n\n<p>por riba das eternas tiran\u00edas,<\/p>\n\n\n\n<p>meu coraz\u00f3n sinte xenreira,<\/p>\n\n\n\n<p>porque a raz\u00f3n e a mellor das ideolox\u00edas<\/p>\n\n\n\n<h2 class=\"wp-block-heading\">VI<\/h2>\n\n\n\n<p>Estou coa dignidade vosa,<\/p>\n\n\n\n<p>pola defensa do voso traballo.<\/p>\n\n\n\n<p>Polo dereito de acabar coa raposa,<\/p>\n\n\n\n<p>e enterrar do capital o meigallo.<\/p>\n\n\n\n<h2 class=\"wp-block-heading\">VII<\/h2>\n\n\n\n<p>Comeremos callos e beberemos vi\u00f1os.<\/p>\n\n\n\n<p>o noso coraz\u00f3n e unha protesta.<\/p>\n\n\n\n<p>Fronte a inxustiza unha voz de vos veci\u00f1os,<\/p>\n\n\n\n<p>e faremos da dor unha festa.<\/p>\n\n\n\n<p class=\"has-text-align-right\">Nos Eidos , 26 de outubro do 2021<\/p>\n\n\n\n<p class=\"has-text-align-right\">Francisco \u00c1lvarez Koki<\/p>\n","protected":false},"excerpt":{"rendered":"<div class=\"mh-excerpt\"><p>Os obreiros das Cachadas en folga I Os obreiros sent\u00e1ronse na r\u00faa, esixindo os dereitos que a f\u00e1brica lles nega. No medio da conciencia nosa e t\u00faa, comidos polo capital que hoxe os anega. II <a class=\"mh-excerpt-more\" href=\"https:\/\/www.anovapeneira.gal\/index.php\/2021\/11\/19\/as-pegadas-do-capital\/\" title=\"AS PEGADAS DO CAPITAL\">[&#8230;]<\/a><\/p>\n<\/div>","protected":false},"author":7,"featured_media":4479,"comment_status":"open","ping_status":"open","sticky":false,"template":"","format":"standard","meta":{"_exactmetrics_skip_tracking":false,"_exactmetrics_sitenote_active":false,"_exactmetrics_sitenote_note":"","_exactmetrics_sitenote_category":0,"footnotes":""},"categories":[7],"tags":[],"class_list":{"0":"post-6453","1":"post","2":"type-post","3":"status-publish","4":"format-standard","5":"has-post-thumbnail","7":"category-artigos-de-opinion"},"yoast_head":"<!-- This site is optimized with the Yoast SEO plugin v27.4 - https:\/\/yoast.com\/product\/yoast-seo-wordpress\/ -->\n<title>AS PEGADAS DO CAPITAL -<\/title>\n<meta name=\"robots\" content=\"index, follow, max-snippet:-1, max-image-preview:large, max-video-preview:-1\" \/>\n<link rel=\"canonical\" href=\"https:\/\/www.anovapeneira.gal\/index.php\/2021\/11\/19\/as-pegadas-do-capital\/\" \/>\n<meta property=\"og:locale\" content=\"gl_ES\" \/>\n<meta property=\"og:type\" content=\"article\" \/>\n<meta property=\"og:title\" content=\"AS PEGADAS DO CAPITAL -\" \/>\n<meta property=\"og:description\" content=\"Os obreiros das Cachadas en folga I Os obreiros sent\u00e1ronse na r\u00faa, esixindo os dereitos que a f\u00e1brica lles nega. No medio da conciencia nosa e t\u00faa, comidos polo capital que hoxe os anega. II [...]\" \/>\n<meta property=\"og:url\" content=\"https:\/\/www.anovapeneira.gal\/index.php\/2021\/11\/19\/as-pegadas-do-capital\/\" \/>\n<meta property=\"article:publisher\" content=\"https:\/\/www.facebook.com\/anovapeneira\" \/>\n<meta property=\"article:published_time\" content=\"2021-11-19T11:00:51+00:00\" \/>\n<meta property=\"og:image\" content=\"https:\/\/www.anovapeneira.gal\/wp-content\/uploads\/2020\/12\/Bandeira_galega_civil.jpg\" \/>\n\t<meta property=\"og:image:width\" content=\"720\" \/>\n\t<meta property=\"og:image:height\" content=\"432\" \/>\n\t<meta property=\"og:image:type\" content=\"image\/jpeg\" \/>\n<meta name=\"author\" content=\"Francisco \u00c1lvarez Koki\" \/>\n<meta name=\"twitter:card\" content=\"summary_large_image\" \/>\n<meta name=\"twitter:image\" content=\"https:\/\/www.anovapeneira.gal\/wp-content\/uploads\/2020\/12\/Bandeira_galega_civil.jpg\" \/>\n<meta name=\"twitter:creator\" content=\"@APeneira\" \/>\n<meta name=\"twitter:site\" content=\"@APeneira\" \/>\n<meta name=\"twitter:label1\" content=\"Escrito por\" \/>\n\t<meta name=\"twitter:data1\" content=\"Francisco \u00c1lvarez Koki\" \/>\n\t<meta name=\"twitter:label2\" content=\"Tempo de lectura\" \/>\n\t<meta name=\"twitter:data2\" content=\"2 minutos\" \/>\n<script type=\"application\/ld+json\" class=\"yoast-schema-graph\">{\"@context\":\"https:\\\/\\\/schema.org\",\"@graph\":[{\"@type\":\"Article\",\"@id\":\"https:\\\/\\\/www.anovapeneira.gal\\\/index.php\\\/2021\\\/11\\\/19\\\/as-pegadas-do-capital\\\/#article\",\"isPartOf\":{\"@id\":\"https:\\\/\\\/www.anovapeneira.gal\\\/index.php\\\/2021\\\/11\\\/19\\\/as-pegadas-do-capital\\\/\"},\"author\":{\"name\":\"Francisco \u00c1lvarez Koki\",\"@id\":\"https:\\\/\\\/www.anovapeneira.gal\\\/#\\\/schema\\\/person\\\/f92cb9f06b112bf2c8d3c940d5c375a2\"},\"headline\":\"AS PEGADAS DO CAPITAL\",\"datePublished\":\"2021-11-19T11:00:51+00:00\",\"mainEntityOfPage\":{\"@id\":\"https:\\\/\\\/www.anovapeneira.gal\\\/index.php\\\/2021\\\/11\\\/19\\\/as-pegadas-do-capital\\\/\"},\"wordCount\":224,\"commentCount\":0,\"publisher\":{\"@id\":\"https:\\\/\\\/www.anovapeneira.gal\\\/#organization\"},\"image\":{\"@id\":\"https:\\\/\\\/www.anovapeneira.gal\\\/index.php\\\/2021\\\/11\\\/19\\\/as-pegadas-do-capital\\\/#primaryimage\"},\"thumbnailUrl\":\"https:\\\/\\\/www.anovapeneira.gal\\\/wp-content\\\/uploads\\\/2020\\\/12\\\/Bandeira_galega_civil.jpg\",\"articleSection\":[\"Artigos de opini\u00f3n\"],\"inLanguage\":\"gl-ES\",\"potentialAction\":[{\"@type\":\"CommentAction\",\"name\":\"Comment\",\"target\":[\"https:\\\/\\\/www.anovapeneira.gal\\\/index.php\\\/2021\\\/11\\\/19\\\/as-pegadas-do-capital\\\/#respond\"]}]},{\"@type\":\"WebPage\",\"@id\":\"https:\\\/\\\/www.anovapeneira.gal\\\/index.php\\\/2021\\\/11\\\/19\\\/as-pegadas-do-capital\\\/\",\"url\":\"https:\\\/\\\/www.anovapeneira.gal\\\/index.php\\\/2021\\\/11\\\/19\\\/as-pegadas-do-capital\\\/\",\"name\":\"AS PEGADAS DO CAPITAL -\",\"isPartOf\":{\"@id\":\"https:\\\/\\\/www.anovapeneira.gal\\\/#website\"},\"primaryImageOfPage\":{\"@id\":\"https:\\\/\\\/www.anovapeneira.gal\\\/index.php\\\/2021\\\/11\\\/19\\\/as-pegadas-do-capital\\\/#primaryimage\"},\"image\":{\"@id\":\"https:\\\/\\\/www.anovapeneira.gal\\\/index.php\\\/2021\\\/11\\\/19\\\/as-pegadas-do-capital\\\/#primaryimage\"},\"thumbnailUrl\":\"https:\\\/\\\/www.anovapeneira.gal\\\/wp-content\\\/uploads\\\/2020\\\/12\\\/Bandeira_galega_civil.jpg\",\"datePublished\":\"2021-11-19T11:00:51+00:00\",\"breadcrumb\":{\"@id\":\"https:\\\/\\\/www.anovapeneira.gal\\\/index.php\\\/2021\\\/11\\\/19\\\/as-pegadas-do-capital\\\/#breadcrumb\"},\"inLanguage\":\"gl-ES\",\"potentialAction\":[{\"@type\":\"ReadAction\",\"target\":[\"https:\\\/\\\/www.anovapeneira.gal\\\/index.php\\\/2021\\\/11\\\/19\\\/as-pegadas-do-capital\\\/\"]}]},{\"@type\":\"ImageObject\",\"inLanguage\":\"gl-ES\",\"@id\":\"https:\\\/\\\/www.anovapeneira.gal\\\/index.php\\\/2021\\\/11\\\/19\\\/as-pegadas-do-capital\\\/#primaryimage\",\"url\":\"https:\\\/\\\/www.anovapeneira.gal\\\/wp-content\\\/uploads\\\/2020\\\/12\\\/Bandeira_galega_civil.jpg\",\"contentUrl\":\"https:\\\/\\\/www.anovapeneira.gal\\\/wp-content\\\/uploads\\\/2020\\\/12\\\/Bandeira_galega_civil.jpg\",\"width\":720,\"height\":432,\"caption\":\"Bandeira galega civil\"},{\"@type\":\"BreadcrumbList\",\"@id\":\"https:\\\/\\\/www.anovapeneira.gal\\\/index.php\\\/2021\\\/11\\\/19\\\/as-pegadas-do-capital\\\/#breadcrumb\",\"itemListElement\":[{\"@type\":\"ListItem\",\"position\":1,\"name\":\"Portada\",\"item\":\"https:\\\/\\\/www.anovapeneira.gal\\\/\"},{\"@type\":\"ListItem\",\"position\":2,\"name\":\"AS PEGADAS DO CAPITAL\"}]},{\"@type\":\"WebSite\",\"@id\":\"https:\\\/\\\/www.anovapeneira.gal\\\/#website\",\"url\":\"https:\\\/\\\/www.anovapeneira.gal\\\/\",\"name\":\"\",\"description\":\"Xornal galego de informaci\u00f3n xeral Publicaci\u00f3n mensual de novas de Galicia e en especial dos Concellos da sur da provincia de Pontevedra.\",\"publisher\":{\"@id\":\"https:\\\/\\\/www.anovapeneira.gal\\\/#organization\"},\"potentialAction\":[{\"@type\":\"SearchAction\",\"target\":{\"@type\":\"EntryPoint\",\"urlTemplate\":\"https:\\\/\\\/www.anovapeneira.gal\\\/?s={search_term_string}\"},\"query-input\":{\"@type\":\"PropertyValueSpecification\",\"valueRequired\":true,\"valueName\":\"search_term_string\"}}],\"inLanguage\":\"gl-ES\"},{\"@type\":\"Organization\",\"@id\":\"https:\\\/\\\/www.anovapeneira.gal\\\/#organization\",\"name\":\"A Nova Peneira\",\"url\":\"https:\\\/\\\/www.anovapeneira.gal\\\/\",\"logo\":{\"@type\":\"ImageObject\",\"inLanguage\":\"gl-ES\",\"@id\":\"https:\\\/\\\/www.anovapeneira.gal\\\/#\\\/schema\\\/logo\\\/image\\\/\",\"url\":\"http:\\\/\\\/www.anovapeneira.gal\\\/wp-content\\\/uploads\\\/2019\\\/06\\\/logo_a_nova_peneira_portal_web.png\",\"contentUrl\":\"http:\\\/\\\/www.anovapeneira.gal\\\/wp-content\\\/uploads\\\/2019\\\/06\\\/logo_a_nova_peneira_portal_web.png\",\"width\":300,\"height\":100,\"caption\":\"A Nova Peneira\"},\"image\":{\"@id\":\"https:\\\/\\\/www.anovapeneira.gal\\\/#\\\/schema\\\/logo\\\/image\\\/\"},\"sameAs\":[\"https:\\\/\\\/www.facebook.com\\\/anovapeneira\",\"https:\\\/\\\/x.com\\\/APeneira\"]},{\"@type\":\"Person\",\"@id\":\"https:\\\/\\\/www.anovapeneira.gal\\\/#\\\/schema\\\/person\\\/f92cb9f06b112bf2c8d3c940d5c375a2\",\"name\":\"Francisco \u00c1lvarez Koki\",\"image\":{\"@type\":\"ImageObject\",\"inLanguage\":\"gl-ES\",\"@id\":\"https:\\\/\\\/secure.gravatar.com\\\/avatar\\\/97364db51c48aff867225029bf934794a7070fbaf65be818421407d41c9f6802?s=96&d=mm&r=g\",\"url\":\"https:\\\/\\\/secure.gravatar.com\\\/avatar\\\/97364db51c48aff867225029bf934794a7070fbaf65be818421407d41c9f6802?s=96&d=mm&r=g\",\"contentUrl\":\"https:\\\/\\\/secure.gravatar.com\\\/avatar\\\/97364db51c48aff867225029bf934794a7070fbaf65be818421407d41c9f6802?s=96&d=mm&r=g\",\"caption\":\"Francisco \u00c1lvarez Koki\"},\"sameAs\":[\"http:\\\/\\\/anovapeneira.gal\"],\"url\":\"https:\\\/\\\/www.anovapeneira.gal\\\/index.php\\\/author\\\/opinonkoki\\\/\"}]}<\/script>\n<!-- \/ Yoast SEO plugin. -->","yoast_head_json":{"title":"AS PEGADAS DO CAPITAL -","robots":{"index":"index","follow":"follow","max-snippet":"max-snippet:-1","max-image-preview":"max-image-preview:large","max-video-preview":"max-video-preview:-1"},"canonical":"https:\/\/www.anovapeneira.gal\/index.php\/2021\/11\/19\/as-pegadas-do-capital\/","og_locale":"gl_ES","og_type":"article","og_title":"AS PEGADAS DO CAPITAL -","og_description":"Os obreiros das Cachadas en folga I Os obreiros sent\u00e1ronse na r\u00faa, esixindo os dereitos que a f\u00e1brica lles nega. No medio da conciencia nosa e t\u00faa, comidos polo capital que hoxe os anega. II [...]","og_url":"https:\/\/www.anovapeneira.gal\/index.php\/2021\/11\/19\/as-pegadas-do-capital\/","article_publisher":"https:\/\/www.facebook.com\/anovapeneira","article_published_time":"2021-11-19T11:00:51+00:00","og_image":[{"width":720,"height":432,"url":"https:\/\/www.anovapeneira.gal\/wp-content\/uploads\/2020\/12\/Bandeira_galega_civil.jpg","type":"image\/jpeg"}],"author":"Francisco \u00c1lvarez Koki","twitter_card":"summary_large_image","twitter_image":"https:\/\/www.anovapeneira.gal\/wp-content\/uploads\/2020\/12\/Bandeira_galega_civil.jpg","twitter_creator":"@APeneira","twitter_site":"@APeneira","twitter_misc":{"Escrito por":"Francisco \u00c1lvarez Koki","Tempo de lectura":"2 minutos"},"schema":{"@context":"https:\/\/schema.org","@graph":[{"@type":"Article","@id":"https:\/\/www.anovapeneira.gal\/index.php\/2021\/11\/19\/as-pegadas-do-capital\/#article","isPartOf":{"@id":"https:\/\/www.anovapeneira.gal\/index.php\/2021\/11\/19\/as-pegadas-do-capital\/"},"author":{"name":"Francisco \u00c1lvarez Koki","@id":"https:\/\/www.anovapeneira.gal\/#\/schema\/person\/f92cb9f06b112bf2c8d3c940d5c375a2"},"headline":"AS PEGADAS DO CAPITAL","datePublished":"2021-11-19T11:00:51+00:00","mainEntityOfPage":{"@id":"https:\/\/www.anovapeneira.gal\/index.php\/2021\/11\/19\/as-pegadas-do-capital\/"},"wordCount":224,"commentCount":0,"publisher":{"@id":"https:\/\/www.anovapeneira.gal\/#organization"},"image":{"@id":"https:\/\/www.anovapeneira.gal\/index.php\/2021\/11\/19\/as-pegadas-do-capital\/#primaryimage"},"thumbnailUrl":"https:\/\/www.anovapeneira.gal\/wp-content\/uploads\/2020\/12\/Bandeira_galega_civil.jpg","articleSection":["Artigos de opini\u00f3n"],"inLanguage":"gl-ES","potentialAction":[{"@type":"CommentAction","name":"Comment","target":["https:\/\/www.anovapeneira.gal\/index.php\/2021\/11\/19\/as-pegadas-do-capital\/#respond"]}]},{"@type":"WebPage","@id":"https:\/\/www.anovapeneira.gal\/index.php\/2021\/11\/19\/as-pegadas-do-capital\/","url":"https:\/\/www.anovapeneira.gal\/index.php\/2021\/11\/19\/as-pegadas-do-capital\/","name":"AS PEGADAS DO CAPITAL -","isPartOf":{"@id":"https:\/\/www.anovapeneira.gal\/#website"},"primaryImageOfPage":{"@id":"https:\/\/www.anovapeneira.gal\/index.php\/2021\/11\/19\/as-pegadas-do-capital\/#primaryimage"},"image":{"@id":"https:\/\/www.anovapeneira.gal\/index.php\/2021\/11\/19\/as-pegadas-do-capital\/#primaryimage"},"thumbnailUrl":"https:\/\/www.anovapeneira.gal\/wp-content\/uploads\/2020\/12\/Bandeira_galega_civil.jpg","datePublished":"2021-11-19T11:00:51+00:00","breadcrumb":{"@id":"https:\/\/www.anovapeneira.gal\/index.php\/2021\/11\/19\/as-pegadas-do-capital\/#breadcrumb"},"inLanguage":"gl-ES","potentialAction":[{"@type":"ReadAction","target":["https:\/\/www.anovapeneira.gal\/index.php\/2021\/11\/19\/as-pegadas-do-capital\/"]}]},{"@type":"ImageObject","inLanguage":"gl-ES","@id":"https:\/\/www.anovapeneira.gal\/index.php\/2021\/11\/19\/as-pegadas-do-capital\/#primaryimage","url":"https:\/\/www.anovapeneira.gal\/wp-content\/uploads\/2020\/12\/Bandeira_galega_civil.jpg","contentUrl":"https:\/\/www.anovapeneira.gal\/wp-content\/uploads\/2020\/12\/Bandeira_galega_civil.jpg","width":720,"height":432,"caption":"Bandeira galega civil"},{"@type":"BreadcrumbList","@id":"https:\/\/www.anovapeneira.gal\/index.php\/2021\/11\/19\/as-pegadas-do-capital\/#breadcrumb","itemListElement":[{"@type":"ListItem","position":1,"name":"Portada","item":"https:\/\/www.anovapeneira.gal\/"},{"@type":"ListItem","position":2,"name":"AS PEGADAS DO CAPITAL"}]},{"@type":"WebSite","@id":"https:\/\/www.anovapeneira.gal\/#website","url":"https:\/\/www.anovapeneira.gal\/","name":"","description":"Xornal galego de informaci\u00f3n xeral Publicaci\u00f3n mensual de novas de Galicia e en especial dos Concellos da sur da provincia de Pontevedra.","publisher":{"@id":"https:\/\/www.anovapeneira.gal\/#organization"},"potentialAction":[{"@type":"SearchAction","target":{"@type":"EntryPoint","urlTemplate":"https:\/\/www.anovapeneira.gal\/?s={search_term_string}"},"query-input":{"@type":"PropertyValueSpecification","valueRequired":true,"valueName":"search_term_string"}}],"inLanguage":"gl-ES"},{"@type":"Organization","@id":"https:\/\/www.anovapeneira.gal\/#organization","name":"A Nova Peneira","url":"https:\/\/www.anovapeneira.gal\/","logo":{"@type":"ImageObject","inLanguage":"gl-ES","@id":"https:\/\/www.anovapeneira.gal\/#\/schema\/logo\/image\/","url":"http:\/\/www.anovapeneira.gal\/wp-content\/uploads\/2019\/06\/logo_a_nova_peneira_portal_web.png","contentUrl":"http:\/\/www.anovapeneira.gal\/wp-content\/uploads\/2019\/06\/logo_a_nova_peneira_portal_web.png","width":300,"height":100,"caption":"A Nova Peneira"},"image":{"@id":"https:\/\/www.anovapeneira.gal\/#\/schema\/logo\/image\/"},"sameAs":["https:\/\/www.facebook.com\/anovapeneira","https:\/\/x.com\/APeneira"]},{"@type":"Person","@id":"https:\/\/www.anovapeneira.gal\/#\/schema\/person\/f92cb9f06b112bf2c8d3c940d5c375a2","name":"Francisco \u00c1lvarez Koki","image":{"@type":"ImageObject","inLanguage":"gl-ES","@id":"https:\/\/secure.gravatar.com\/avatar\/97364db51c48aff867225029bf934794a7070fbaf65be818421407d41c9f6802?s=96&d=mm&r=g","url":"https:\/\/secure.gravatar.com\/avatar\/97364db51c48aff867225029bf934794a7070fbaf65be818421407d41c9f6802?s=96&d=mm&r=g","contentUrl":"https:\/\/secure.gravatar.com\/avatar\/97364db51c48aff867225029bf934794a7070fbaf65be818421407d41c9f6802?s=96&d=mm&r=g","caption":"Francisco \u00c1lvarez Koki"},"sameAs":["http:\/\/anovapeneira.gal"],"url":"https:\/\/www.anovapeneira.gal\/index.php\/author\/opinonkoki\/"}]}},"jetpack_featured_media_url":"https:\/\/www.anovapeneira.gal\/wp-content\/uploads\/2020\/12\/Bandeira_galega_civil.jpg","_links":{"self":[{"href":"https:\/\/www.anovapeneira.gal\/index.php\/wp-json\/wp\/v2\/posts\/6453","targetHints":{"allow":["GET"]}}],"collection":[{"href":"https:\/\/www.anovapeneira.gal\/index.php\/wp-json\/wp\/v2\/posts"}],"about":[{"href":"https:\/\/www.anovapeneira.gal\/index.php\/wp-json\/wp\/v2\/types\/post"}],"author":[{"embeddable":true,"href":"https:\/\/www.anovapeneira.gal\/index.php\/wp-json\/wp\/v2\/users\/7"}],"replies":[{"embeddable":true,"href":"https:\/\/www.anovapeneira.gal\/index.php\/wp-json\/wp\/v2\/comments?post=6453"}],"version-history":[{"count":1,"href":"https:\/\/www.anovapeneira.gal\/index.php\/wp-json\/wp\/v2\/posts\/6453\/revisions"}],"predecessor-version":[{"id":6454,"href":"https:\/\/www.anovapeneira.gal\/index.php\/wp-json\/wp\/v2\/posts\/6453\/revisions\/6454"}],"wp:featuredmedia":[{"embeddable":true,"href":"https:\/\/www.anovapeneira.gal\/index.php\/wp-json\/wp\/v2\/media\/4479"}],"wp:attachment":[{"href":"https:\/\/www.anovapeneira.gal\/index.php\/wp-json\/wp\/v2\/media?parent=6453"}],"wp:term":[{"taxonomy":"category","embeddable":true,"href":"https:\/\/www.anovapeneira.gal\/index.php\/wp-json\/wp\/v2\/categories?post=6453"},{"taxonomy":"post_tag","embeddable":true,"href":"https:\/\/www.anovapeneira.gal\/index.php\/wp-json\/wp\/v2\/tags?post=6453"}],"curies":[{"name":"wp","href":"https:\/\/api.w.org\/{rel}","templated":true}]}}