{"id":6463,"date":"2021-11-23T10:00:46","date_gmt":"2021-11-23T09:00:46","guid":{"rendered":"https:\/\/www.anovapeneira.gal\/?p=6463"},"modified":"2021-11-10T13:20:11","modified_gmt":"2021-11-10T12:20:11","slug":"a-casa-consistorial-e-a-escola-municipal-de-musica-de-mondariz-en-proceso-de-rehabilitacion-enerxetica-con-fondos-europeos","status":"publish","type":"post","link":"https:\/\/www.anovapeneira.gal\/index.php\/2021\/11\/23\/a-casa-consistorial-e-a-escola-municipal-de-musica-de-mondariz-en-proceso-de-rehabilitacion-enerxetica-con-fondos-europeos\/","title":{"rendered":"A Casa Consistorial e a Escola Municipal de M\u00fasica de Mondariz, en proceso de rehabilitaci\u00f3n enerx\u00e9tica con fondos europeos"},"content":{"rendered":"\n<p><em>O Concello de Mondariz xa licitou as obras para a rehabilitaci\u00f3n enerx\u00e9tica de dous edificios p\u00fablicos municipais, valoradas en m\u00e1is de 350.000 euros e subvencionadas nun 80% polo IDAE con fondos europeos<\/em>&nbsp;As obras de rehabilitaci\u00f3n enerx\u00e9tica da Casa Consistorial e do edificio que acolle a Escola Municipal de M\u00fasica de Mondariz xa foron licitadas e comezar\u00e1n antes de final de ano. En ambos casos, son actuaci\u00f3ns sobre a envolvente t\u00e9rmica que incl\u00faen unha substituci\u00f3n de elementos de carpinter\u00eda para a mellora do illamento e da eficiencia enerx\u00e9tica.&nbsp;&#8220;Estamos planificando o inicio das obras para afectar o menos posible \u00e1 actividade formativa que ten lugar&nbsp;no edificio da Escola Municipal de M\u00fasica de Mondariz&#8221;, sinala o alcalde da localidade, Xos\u00e9 Emilio Barros. &#8220;Mais tr\u00e1tase dunha renovaci\u00f3n estrutural de enorme importancia para esta construci\u00f3n, que data do&nbsp;ano 1970 e presenta notables deficiencias enerx\u00e9ticas e materiais que a d\u00eda de hoxe non se utilizar\u00edan, como a uralita&#8221;.&nbsp;&nbsp;Estes dous proxectos foron presentados ao IDAE (Instituto para a Diversificaci\u00f3n e Aforro de Enerx\u00eda) en 2020, aproveitando as \u00faltimas oportunidades de financiaci\u00f3n europea do per\u00edodo 2014-2020. No primeiro trimestre de 2021, ambos foron confirmados. Est\u00e1n subvencionados nun 80% con fondos europeos correspondentes ao per\u00edodo 2014-2020 e nun 20% con fondos do Plan Concellos 2021 da Deputaci\u00f3n de Pontevedra.&nbsp;O proxecto de rehabilitaci\u00f3n enerx\u00e9tica da Casa Consistorial est\u00e1 valorado en 178.391 euros, dos que 142.713 euros corresponden a fondos europeos. O edificio, constru\u00eddo en 1983, presenta deficiencias enerx\u00e9ticas por mor do car\u00e1cter obsoleto da s\u00faa envolvente de carpinter\u00eda met\u00e1lica. A trav\u00e9s desta actuaci\u00f3n municipal, mellorarase significativamente a demanda enerx\u00e9tica actual, diminu\u00edndo as emisi\u00f3ns de CO2 de 22,2 kgCO2\/m2 a 20,8 kgCO2\/m2, e pasando de cualificaci\u00f3n&nbsp;enerx\u00e9tica&nbsp;G a E.&nbsp;&nbsp;O proxecto de rehabilitaci\u00f3n enerx\u00e9tica do edificio que acolle a Escola Municipal de M\u00fasica de Mondariz ascende a&nbsp;176.661 euros, con 141.329 euros de cofinanciaci\u00f3n europea. Unha vez executadas al obras, est\u00e1 previsto que as emisi\u00f3ns de CO2 dimin\u00faan de 5,8 kgCO2\/m2 a 4,4 kgCO2\/m2, pasando de cualificaci\u00f3n&nbsp;enerx\u00e9tica&nbsp;B a A.<br>&nbsp;&#8220;Tanto o edificio da Casa Consistorial como o da Escola Municipal de M\u00fasica de Mondariz levaban d\u00e9cadas sen recibir investimentos destas caracter\u00edsticas. Foi unha m\u00e1goa que o Concello de Mondariz non aproveitara estas oportunidades de financiaci\u00f3n europea nos primeiros anos do per\u00edodo 2014-2020&#8221;, comenta Barros.<br>Ademais destes proxectos de rehabilitaci\u00f3n enerx\u00e9tica de edificios p\u00fablicos, o Concello de Mondariz sacou adiante outros catro proxectos financiados con axudas europeas a trav\u00e9s do IDAE para modernizar toda a rede municipal de iluminaci\u00f3n p\u00fablica e acadar un aforro superior ao 70% na factura el\u00e9ctrica municipal co cambio a LED. &#8220;Proximamente licitaremos as obras correspondentes \u00e1s parroquias de Vilasobroso, Mouriscados, Meirol e Queimadelos. Este ambicioso proxecto, que foi dividido en catro solicitudes por motivos t\u00e9cnicos e administrativos, sup\u00f3n un investimento conxunto de m\u00e1is de mill\u00f3n e medio de euros en infraestruturas municipais b\u00e1sicas que non deixa a ningunha parroquia atr\u00e1s e mira cara o futuro&#8221;, sinala o alcalde.<\/p>\n","protected":false},"excerpt":{"rendered":"<div class=\"mh-excerpt\"><p>O Concello de Mondariz xa licitou as obras para a rehabilitaci\u00f3n enerx\u00e9tica de dous edificios p\u00fablicos municipais, valoradas en m\u00e1is de 350.000 euros e subvencionadas nun 80% polo IDAE con fondos europeos As obras de rehabilitaci\u00f3n enerx\u00e9tica da Casa Consistorial e do edificio que acolle a Escola Municipal de M\u00fasica de Mondariz xa foron licitadas e comezar\u00e1n antes de final de ano <a class=\"mh-excerpt-more\" href=\"https:\/\/www.anovapeneira.gal\/index.php\/2021\/11\/23\/a-casa-consistorial-e-a-escola-municipal-de-musica-de-mondariz-en-proceso-de-rehabilitacion-enerxetica-con-fondos-europeos\/\" title=\"A Casa Consistorial e a Escola Municipal de M\u00fasica de Mondariz, en proceso de rehabilitaci\u00f3n enerx\u00e9tica con fondos europeos\">[&#8230;]<\/a><\/p>\n<\/div>","protected":false},"author":3,"featured_media":6464,"comment_status":"open","ping_status":"open","sticky":false,"template":"","format":"standard","meta":{"_exactmetrics_skip_tracking":false,"_exactmetrics_sitenote_active":false,"_exactmetrics_sitenote_note":"","_exactmetrics_sitenote_category":0,"footnotes":""},"categories":[25],"tags":[405],"class_list":{"0":"post-6463","1":"post","2":"type-post","3":"status-publish","4":"format-standard","5":"has-post-thumbnail","7":"category-condado","8":"tag-concello-de-mondariz"},"yoast_head":"<!-- This site is optimized with the Yoast SEO plugin v27.4 - https:\/\/yoast.com\/product\/yoast-seo-wordpress\/ -->\n<title>A Casa Consistorial e a Escola Municipal de M\u00fasica de Mondariz, en proceso de rehabilitaci\u00f3n enerx\u00e9tica con fondos europeos -<\/title>\n<meta name=\"robots\" content=\"index, follow, max-snippet:-1, max-image-preview:large, max-video-preview:-1\" \/>\n<link rel=\"canonical\" href=\"https:\/\/www.anovapeneira.gal\/index.php\/2021\/11\/23\/a-casa-consistorial-e-a-escola-municipal-de-musica-de-mondariz-en-proceso-de-rehabilitacion-enerxetica-con-fondos-europeos\/\" \/>\n<meta property=\"og:locale\" content=\"gl_ES\" \/>\n<meta property=\"og:type\" content=\"article\" \/>\n<meta property=\"og:title\" content=\"A Casa Consistorial e a Escola Municipal de M\u00fasica de Mondariz, en proceso de rehabilitaci\u00f3n enerx\u00e9tica con fondos europeos -\" \/>\n<meta property=\"og:description\" content=\"O Concello de Mondariz xa licitou as obras para a rehabilitaci\u00f3n enerx\u00e9tica de dous edificios p\u00fablicos municipais, valoradas en m\u00e1is de 350.000 euros e subvencionadas nun 80% polo IDAE con fondos europeos As obras de rehabilitaci\u00f3n enerx\u00e9tica da Casa Consistorial e do edificio que acolle a Escola Municipal de M\u00fasica de Mondariz xa foron licitadas e comezar\u00e1n antes de final de ano [...]\" \/>\n<meta property=\"og:url\" content=\"https:\/\/www.anovapeneira.gal\/index.php\/2021\/11\/23\/a-casa-consistorial-e-a-escola-municipal-de-musica-de-mondariz-en-proceso-de-rehabilitacion-enerxetica-con-fondos-europeos\/\" \/>\n<meta property=\"article:publisher\" content=\"https:\/\/www.facebook.com\/anovapeneira\" \/>\n<meta property=\"article:published_time\" content=\"2021-11-23T09:00:46+00:00\" \/>\n<meta property=\"og:image\" content=\"https:\/\/www.anovapeneira.gal\/wp-content\/uploads\/2021\/11\/casa_consistorial_mondariz.jpg\" \/>\n\t<meta property=\"og:image:width\" content=\"720\" \/>\n\t<meta property=\"og:image:height\" content=\"432\" \/>\n\t<meta property=\"og:image:type\" content=\"image\/jpeg\" \/>\n<meta name=\"author\" content=\"Redacci\u00f3n A Nova Peneira\" \/>\n<meta name=\"twitter:card\" content=\"summary_large_image\" \/>\n<meta name=\"twitter:creator\" content=\"@APeneira\" \/>\n<meta name=\"twitter:site\" content=\"@APeneira\" \/>\n<meta name=\"twitter:label1\" content=\"Escrito por\" \/>\n\t<meta name=\"twitter:data1\" content=\"Redacci\u00f3n A Nova Peneira\" \/>\n\t<meta name=\"twitter:label2\" content=\"Tempo de lectura\" \/>\n\t<meta name=\"twitter:data2\" content=\"3 minutos\" \/>\n<script type=\"application\/ld+json\" class=\"yoast-schema-graph\">{\"@context\":\"https:\\\/\\\/schema.org\",\"@graph\":[{\"@type\":\"Article\",\"@id\":\"https:\\\/\\\/www.anovapeneira.gal\\\/index.php\\\/2021\\\/11\\\/23\\\/a-casa-consistorial-e-a-escola-municipal-de-musica-de-mondariz-en-proceso-de-rehabilitacion-enerxetica-con-fondos-europeos\\\/#article\",\"isPartOf\":{\"@id\":\"https:\\\/\\\/www.anovapeneira.gal\\\/index.php\\\/2021\\\/11\\\/23\\\/a-casa-consistorial-e-a-escola-municipal-de-musica-de-mondariz-en-proceso-de-rehabilitacion-enerxetica-con-fondos-europeos\\\/\"},\"author\":{\"name\":\"Redacci\u00f3n A Nova Peneira\",\"@id\":\"https:\\\/\\\/www.anovapeneira.gal\\\/#\\\/schema\\\/person\\\/b93e3f8932e3f8da96334607eb6ac6aa\"},\"headline\":\"A Casa Consistorial e a Escola Municipal de M\u00fasica de Mondariz, en proceso de rehabilitaci\u00f3n enerx\u00e9tica con fondos europeos\",\"datePublished\":\"2021-11-23T09:00:46+00:00\",\"mainEntityOfPage\":{\"@id\":\"https:\\\/\\\/www.anovapeneira.gal\\\/index.php\\\/2021\\\/11\\\/23\\\/a-casa-consistorial-e-a-escola-municipal-de-musica-de-mondariz-en-proceso-de-rehabilitacion-enerxetica-con-fondos-europeos\\\/\"},\"wordCount\":582,\"commentCount\":0,\"publisher\":{\"@id\":\"https:\\\/\\\/www.anovapeneira.gal\\\/#organization\"},\"image\":{\"@id\":\"https:\\\/\\\/www.anovapeneira.gal\\\/index.php\\\/2021\\\/11\\\/23\\\/a-casa-consistorial-e-a-escola-municipal-de-musica-de-mondariz-en-proceso-de-rehabilitacion-enerxetica-con-fondos-europeos\\\/#primaryimage\"},\"thumbnailUrl\":\"https:\\\/\\\/www.anovapeneira.gal\\\/wp-content\\\/uploads\\\/2021\\\/11\\\/casa_consistorial_mondariz.jpg\",\"keywords\":[\"Concello de Mondariz\"],\"articleSection\":[\"Condado\"],\"inLanguage\":\"gl-ES\",\"potentialAction\":[{\"@type\":\"CommentAction\",\"name\":\"Comment\",\"target\":[\"https:\\\/\\\/www.anovapeneira.gal\\\/index.php\\\/2021\\\/11\\\/23\\\/a-casa-consistorial-e-a-escola-municipal-de-musica-de-mondariz-en-proceso-de-rehabilitacion-enerxetica-con-fondos-europeos\\\/#respond\"]}]},{\"@type\":\"WebPage\",\"@id\":\"https:\\\/\\\/www.anovapeneira.gal\\\/index.php\\\/2021\\\/11\\\/23\\\/a-casa-consistorial-e-a-escola-municipal-de-musica-de-mondariz-en-proceso-de-rehabilitacion-enerxetica-con-fondos-europeos\\\/\",\"url\":\"https:\\\/\\\/www.anovapeneira.gal\\\/index.php\\\/2021\\\/11\\\/23\\\/a-casa-consistorial-e-a-escola-municipal-de-musica-de-mondariz-en-proceso-de-rehabilitacion-enerxetica-con-fondos-europeos\\\/\",\"name\":\"A Casa Consistorial e a Escola Municipal de M\u00fasica de Mondariz, en proceso de rehabilitaci\u00f3n enerx\u00e9tica con fondos europeos -\",\"isPartOf\":{\"@id\":\"https:\\\/\\\/www.anovapeneira.gal\\\/#website\"},\"primaryImageOfPage\":{\"@id\":\"https:\\\/\\\/www.anovapeneira.gal\\\/index.php\\\/2021\\\/11\\\/23\\\/a-casa-consistorial-e-a-escola-municipal-de-musica-de-mondariz-en-proceso-de-rehabilitacion-enerxetica-con-fondos-europeos\\\/#primaryimage\"},\"image\":{\"@id\":\"https:\\\/\\\/www.anovapeneira.gal\\\/index.php\\\/2021\\\/11\\\/23\\\/a-casa-consistorial-e-a-escola-municipal-de-musica-de-mondariz-en-proceso-de-rehabilitacion-enerxetica-con-fondos-europeos\\\/#primaryimage\"},\"thumbnailUrl\":\"https:\\\/\\\/www.anovapeneira.gal\\\/wp-content\\\/uploads\\\/2021\\\/11\\\/casa_consistorial_mondariz.jpg\",\"datePublished\":\"2021-11-23T09:00:46+00:00\",\"breadcrumb\":{\"@id\":\"https:\\\/\\\/www.anovapeneira.gal\\\/index.php\\\/2021\\\/11\\\/23\\\/a-casa-consistorial-e-a-escola-municipal-de-musica-de-mondariz-en-proceso-de-rehabilitacion-enerxetica-con-fondos-europeos\\\/#breadcrumb\"},\"inLanguage\":\"gl-ES\",\"potentialAction\":[{\"@type\":\"ReadAction\",\"target\":[\"https:\\\/\\\/www.anovapeneira.gal\\\/index.php\\\/2021\\\/11\\\/23\\\/a-casa-consistorial-e-a-escola-municipal-de-musica-de-mondariz-en-proceso-de-rehabilitacion-enerxetica-con-fondos-europeos\\\/\"]}]},{\"@type\":\"ImageObject\",\"inLanguage\":\"gl-ES\",\"@id\":\"https:\\\/\\\/www.anovapeneira.gal\\\/index.php\\\/2021\\\/11\\\/23\\\/a-casa-consistorial-e-a-escola-municipal-de-musica-de-mondariz-en-proceso-de-rehabilitacion-enerxetica-con-fondos-europeos\\\/#primaryimage\",\"url\":\"https:\\\/\\\/www.anovapeneira.gal\\\/wp-content\\\/uploads\\\/2021\\\/11\\\/casa_consistorial_mondariz.jpg\",\"contentUrl\":\"https:\\\/\\\/www.anovapeneira.gal\\\/wp-content\\\/uploads\\\/2021\\\/11\\\/casa_consistorial_mondariz.jpg\",\"width\":720,\"height\":432,\"caption\":\"Casa consistorial Mondariz\"},{\"@type\":\"BreadcrumbList\",\"@id\":\"https:\\\/\\\/www.anovapeneira.gal\\\/index.php\\\/2021\\\/11\\\/23\\\/a-casa-consistorial-e-a-escola-municipal-de-musica-de-mondariz-en-proceso-de-rehabilitacion-enerxetica-con-fondos-europeos\\\/#breadcrumb\",\"itemListElement\":[{\"@type\":\"ListItem\",\"position\":1,\"name\":\"Portada\",\"item\":\"https:\\\/\\\/www.anovapeneira.gal\\\/\"},{\"@type\":\"ListItem\",\"position\":2,\"name\":\"A Casa Consistorial e a Escola Municipal de M\u00fasica de Mondariz, en proceso de rehabilitaci\u00f3n enerx\u00e9tica con fondos europeos\"}]},{\"@type\":\"WebSite\",\"@id\":\"https:\\\/\\\/www.anovapeneira.gal\\\/#website\",\"url\":\"https:\\\/\\\/www.anovapeneira.gal\\\/\",\"name\":\"\",\"description\":\"Xornal galego de informaci\u00f3n xeral Publicaci\u00f3n mensual de novas de Galicia e en especial dos Concellos da sur da provincia de Pontevedra.\",\"publisher\":{\"@id\":\"https:\\\/\\\/www.anovapeneira.gal\\\/#organization\"},\"potentialAction\":[{\"@type\":\"SearchAction\",\"target\":{\"@type\":\"EntryPoint\",\"urlTemplate\":\"https:\\\/\\\/www.anovapeneira.gal\\\/?s={search_term_string}\"},\"query-input\":{\"@type\":\"PropertyValueSpecification\",\"valueRequired\":true,\"valueName\":\"search_term_string\"}}],\"inLanguage\":\"gl-ES\"},{\"@type\":\"Organization\",\"@id\":\"https:\\\/\\\/www.anovapeneira.gal\\\/#organization\",\"name\":\"A Nova Peneira\",\"url\":\"https:\\\/\\\/www.anovapeneira.gal\\\/\",\"logo\":{\"@type\":\"ImageObject\",\"inLanguage\":\"gl-ES\",\"@id\":\"https:\\\/\\\/www.anovapeneira.gal\\\/#\\\/schema\\\/logo\\\/image\\\/\",\"url\":\"http:\\\/\\\/www.anovapeneira.gal\\\/wp-content\\\/uploads\\\/2019\\\/06\\\/logo_a_nova_peneira_portal_web.png\",\"contentUrl\":\"http:\\\/\\\/www.anovapeneira.gal\\\/wp-content\\\/uploads\\\/2019\\\/06\\\/logo_a_nova_peneira_portal_web.png\",\"width\":300,\"height\":100,\"caption\":\"A Nova Peneira\"},\"image\":{\"@id\":\"https:\\\/\\\/www.anovapeneira.gal\\\/#\\\/schema\\\/logo\\\/image\\\/\"},\"sameAs\":[\"https:\\\/\\\/www.facebook.com\\\/anovapeneira\",\"https:\\\/\\\/x.com\\\/APeneira\"]},{\"@type\":\"Person\",\"@id\":\"https:\\\/\\\/www.anovapeneira.gal\\\/#\\\/schema\\\/person\\\/b93e3f8932e3f8da96334607eb6ac6aa\",\"name\":\"Redacci\u00f3n A Nova Peneira\",\"image\":{\"@type\":\"ImageObject\",\"inLanguage\":\"gl-ES\",\"@id\":\"https:\\\/\\\/secure.gravatar.com\\\/avatar\\\/c052a2551a06e23fac63626232eaa90abd78dbcf1700fc46a2b2c89fd27b735f?s=96&d=mm&r=g\",\"url\":\"https:\\\/\\\/secure.gravatar.com\\\/avatar\\\/c052a2551a06e23fac63626232eaa90abd78dbcf1700fc46a2b2c89fd27b735f?s=96&d=mm&r=g\",\"contentUrl\":\"https:\\\/\\\/secure.gravatar.com\\\/avatar\\\/c052a2551a06e23fac63626232eaa90abd78dbcf1700fc46a2b2c89fd27b735f?s=96&d=mm&r=g\",\"caption\":\"Redacci\u00f3n A Nova Peneira\"},\"sameAs\":[\"http:\\\/\\\/www.anovapeneira.gal\\\/\"],\"url\":\"https:\\\/\\\/www.anovapeneira.gal\\\/index.php\\\/author\\\/redactor\\\/\"}]}<\/script>\n<!-- \/ Yoast SEO plugin. -->","yoast_head_json":{"title":"A Casa Consistorial e a Escola Municipal de M\u00fasica de Mondariz, en proceso de rehabilitaci\u00f3n enerx\u00e9tica con fondos europeos -","robots":{"index":"index","follow":"follow","max-snippet":"max-snippet:-1","max-image-preview":"max-image-preview:large","max-video-preview":"max-video-preview:-1"},"canonical":"https:\/\/www.anovapeneira.gal\/index.php\/2021\/11\/23\/a-casa-consistorial-e-a-escola-municipal-de-musica-de-mondariz-en-proceso-de-rehabilitacion-enerxetica-con-fondos-europeos\/","og_locale":"gl_ES","og_type":"article","og_title":"A Casa Consistorial e a Escola Municipal de M\u00fasica de Mondariz, en proceso de rehabilitaci\u00f3n enerx\u00e9tica con fondos europeos -","og_description":"O Concello de Mondariz xa licitou as obras para a rehabilitaci\u00f3n enerx\u00e9tica de dous edificios p\u00fablicos municipais, valoradas en m\u00e1is de 350.000 euros e subvencionadas nun 80% polo IDAE con fondos europeos As obras de rehabilitaci\u00f3n enerx\u00e9tica da Casa Consistorial e do edificio que acolle a Escola Municipal de M\u00fasica de Mondariz xa foron licitadas e comezar\u00e1n antes de final de ano [...]","og_url":"https:\/\/www.anovapeneira.gal\/index.php\/2021\/11\/23\/a-casa-consistorial-e-a-escola-municipal-de-musica-de-mondariz-en-proceso-de-rehabilitacion-enerxetica-con-fondos-europeos\/","article_publisher":"https:\/\/www.facebook.com\/anovapeneira","article_published_time":"2021-11-23T09:00:46+00:00","og_image":[{"width":720,"height":432,"url":"https:\/\/www.anovapeneira.gal\/wp-content\/uploads\/2021\/11\/casa_consistorial_mondariz.jpg","type":"image\/jpeg"}],"author":"Redacci\u00f3n A Nova Peneira","twitter_card":"summary_large_image","twitter_creator":"@APeneira","twitter_site":"@APeneira","twitter_misc":{"Escrito por":"Redacci\u00f3n A Nova Peneira","Tempo de lectura":"3 minutos"},"schema":{"@context":"https:\/\/schema.org","@graph":[{"@type":"Article","@id":"https:\/\/www.anovapeneira.gal\/index.php\/2021\/11\/23\/a-casa-consistorial-e-a-escola-municipal-de-musica-de-mondariz-en-proceso-de-rehabilitacion-enerxetica-con-fondos-europeos\/#article","isPartOf":{"@id":"https:\/\/www.anovapeneira.gal\/index.php\/2021\/11\/23\/a-casa-consistorial-e-a-escola-municipal-de-musica-de-mondariz-en-proceso-de-rehabilitacion-enerxetica-con-fondos-europeos\/"},"author":{"name":"Redacci\u00f3n A Nova Peneira","@id":"https:\/\/www.anovapeneira.gal\/#\/schema\/person\/b93e3f8932e3f8da96334607eb6ac6aa"},"headline":"A Casa Consistorial e a Escola Municipal de M\u00fasica de Mondariz, en proceso de rehabilitaci\u00f3n enerx\u00e9tica con fondos europeos","datePublished":"2021-11-23T09:00:46+00:00","mainEntityOfPage":{"@id":"https:\/\/www.anovapeneira.gal\/index.php\/2021\/11\/23\/a-casa-consistorial-e-a-escola-municipal-de-musica-de-mondariz-en-proceso-de-rehabilitacion-enerxetica-con-fondos-europeos\/"},"wordCount":582,"commentCount":0,"publisher":{"@id":"https:\/\/www.anovapeneira.gal\/#organization"},"image":{"@id":"https:\/\/www.anovapeneira.gal\/index.php\/2021\/11\/23\/a-casa-consistorial-e-a-escola-municipal-de-musica-de-mondariz-en-proceso-de-rehabilitacion-enerxetica-con-fondos-europeos\/#primaryimage"},"thumbnailUrl":"https:\/\/www.anovapeneira.gal\/wp-content\/uploads\/2021\/11\/casa_consistorial_mondariz.jpg","keywords":["Concello de Mondariz"],"articleSection":["Condado"],"inLanguage":"gl-ES","potentialAction":[{"@type":"CommentAction","name":"Comment","target":["https:\/\/www.anovapeneira.gal\/index.php\/2021\/11\/23\/a-casa-consistorial-e-a-escola-municipal-de-musica-de-mondariz-en-proceso-de-rehabilitacion-enerxetica-con-fondos-europeos\/#respond"]}]},{"@type":"WebPage","@id":"https:\/\/www.anovapeneira.gal\/index.php\/2021\/11\/23\/a-casa-consistorial-e-a-escola-municipal-de-musica-de-mondariz-en-proceso-de-rehabilitacion-enerxetica-con-fondos-europeos\/","url":"https:\/\/www.anovapeneira.gal\/index.php\/2021\/11\/23\/a-casa-consistorial-e-a-escola-municipal-de-musica-de-mondariz-en-proceso-de-rehabilitacion-enerxetica-con-fondos-europeos\/","name":"A Casa Consistorial e a Escola Municipal de M\u00fasica de Mondariz, en proceso de rehabilitaci\u00f3n enerx\u00e9tica con fondos europeos -","isPartOf":{"@id":"https:\/\/www.anovapeneira.gal\/#website"},"primaryImageOfPage":{"@id":"https:\/\/www.anovapeneira.gal\/index.php\/2021\/11\/23\/a-casa-consistorial-e-a-escola-municipal-de-musica-de-mondariz-en-proceso-de-rehabilitacion-enerxetica-con-fondos-europeos\/#primaryimage"},"image":{"@id":"https:\/\/www.anovapeneira.gal\/index.php\/2021\/11\/23\/a-casa-consistorial-e-a-escola-municipal-de-musica-de-mondariz-en-proceso-de-rehabilitacion-enerxetica-con-fondos-europeos\/#primaryimage"},"thumbnailUrl":"https:\/\/www.anovapeneira.gal\/wp-content\/uploads\/2021\/11\/casa_consistorial_mondariz.jpg","datePublished":"2021-11-23T09:00:46+00:00","breadcrumb":{"@id":"https:\/\/www.anovapeneira.gal\/index.php\/2021\/11\/23\/a-casa-consistorial-e-a-escola-municipal-de-musica-de-mondariz-en-proceso-de-rehabilitacion-enerxetica-con-fondos-europeos\/#breadcrumb"},"inLanguage":"gl-ES","potentialAction":[{"@type":"ReadAction","target":["https:\/\/www.anovapeneira.gal\/index.php\/2021\/11\/23\/a-casa-consistorial-e-a-escola-municipal-de-musica-de-mondariz-en-proceso-de-rehabilitacion-enerxetica-con-fondos-europeos\/"]}]},{"@type":"ImageObject","inLanguage":"gl-ES","@id":"https:\/\/www.anovapeneira.gal\/index.php\/2021\/11\/23\/a-casa-consistorial-e-a-escola-municipal-de-musica-de-mondariz-en-proceso-de-rehabilitacion-enerxetica-con-fondos-europeos\/#primaryimage","url":"https:\/\/www.anovapeneira.gal\/wp-content\/uploads\/2021\/11\/casa_consistorial_mondariz.jpg","contentUrl":"https:\/\/www.anovapeneira.gal\/wp-content\/uploads\/2021\/11\/casa_consistorial_mondariz.jpg","width":720,"height":432,"caption":"Casa consistorial Mondariz"},{"@type":"BreadcrumbList","@id":"https:\/\/www.anovapeneira.gal\/index.php\/2021\/11\/23\/a-casa-consistorial-e-a-escola-municipal-de-musica-de-mondariz-en-proceso-de-rehabilitacion-enerxetica-con-fondos-europeos\/#breadcrumb","itemListElement":[{"@type":"ListItem","position":1,"name":"Portada","item":"https:\/\/www.anovapeneira.gal\/"},{"@type":"ListItem","position":2,"name":"A Casa Consistorial e a Escola Municipal de M\u00fasica de Mondariz, en proceso de rehabilitaci\u00f3n enerx\u00e9tica con fondos europeos"}]},{"@type":"WebSite","@id":"https:\/\/www.anovapeneira.gal\/#website","url":"https:\/\/www.anovapeneira.gal\/","name":"","description":"Xornal galego de informaci\u00f3n xeral Publicaci\u00f3n mensual de novas de Galicia e en especial dos Concellos da sur da provincia de Pontevedra.","publisher":{"@id":"https:\/\/www.anovapeneira.gal\/#organization"},"potentialAction":[{"@type":"SearchAction","target":{"@type":"EntryPoint","urlTemplate":"https:\/\/www.anovapeneira.gal\/?s={search_term_string}"},"query-input":{"@type":"PropertyValueSpecification","valueRequired":true,"valueName":"search_term_string"}}],"inLanguage":"gl-ES"},{"@type":"Organization","@id":"https:\/\/www.anovapeneira.gal\/#organization","name":"A Nova Peneira","url":"https:\/\/www.anovapeneira.gal\/","logo":{"@type":"ImageObject","inLanguage":"gl-ES","@id":"https:\/\/www.anovapeneira.gal\/#\/schema\/logo\/image\/","url":"http:\/\/www.anovapeneira.gal\/wp-content\/uploads\/2019\/06\/logo_a_nova_peneira_portal_web.png","contentUrl":"http:\/\/www.anovapeneira.gal\/wp-content\/uploads\/2019\/06\/logo_a_nova_peneira_portal_web.png","width":300,"height":100,"caption":"A Nova Peneira"},"image":{"@id":"https:\/\/www.anovapeneira.gal\/#\/schema\/logo\/image\/"},"sameAs":["https:\/\/www.facebook.com\/anovapeneira","https:\/\/x.com\/APeneira"]},{"@type":"Person","@id":"https:\/\/www.anovapeneira.gal\/#\/schema\/person\/b93e3f8932e3f8da96334607eb6ac6aa","name":"Redacci\u00f3n A Nova Peneira","image":{"@type":"ImageObject","inLanguage":"gl-ES","@id":"https:\/\/secure.gravatar.com\/avatar\/c052a2551a06e23fac63626232eaa90abd78dbcf1700fc46a2b2c89fd27b735f?s=96&d=mm&r=g","url":"https:\/\/secure.gravatar.com\/avatar\/c052a2551a06e23fac63626232eaa90abd78dbcf1700fc46a2b2c89fd27b735f?s=96&d=mm&r=g","contentUrl":"https:\/\/secure.gravatar.com\/avatar\/c052a2551a06e23fac63626232eaa90abd78dbcf1700fc46a2b2c89fd27b735f?s=96&d=mm&r=g","caption":"Redacci\u00f3n A Nova Peneira"},"sameAs":["http:\/\/www.anovapeneira.gal\/"],"url":"https:\/\/www.anovapeneira.gal\/index.php\/author\/redactor\/"}]}},"jetpack_featured_media_url":"https:\/\/www.anovapeneira.gal\/wp-content\/uploads\/2021\/11\/casa_consistorial_mondariz.jpg","_links":{"self":[{"href":"https:\/\/www.anovapeneira.gal\/index.php\/wp-json\/wp\/v2\/posts\/6463","targetHints":{"allow":["GET"]}}],"collection":[{"href":"https:\/\/www.anovapeneira.gal\/index.php\/wp-json\/wp\/v2\/posts"}],"about":[{"href":"https:\/\/www.anovapeneira.gal\/index.php\/wp-json\/wp\/v2\/types\/post"}],"author":[{"embeddable":true,"href":"https:\/\/www.anovapeneira.gal\/index.php\/wp-json\/wp\/v2\/users\/3"}],"replies":[{"embeddable":true,"href":"https:\/\/www.anovapeneira.gal\/index.php\/wp-json\/wp\/v2\/comments?post=6463"}],"version-history":[{"count":1,"href":"https:\/\/www.anovapeneira.gal\/index.php\/wp-json\/wp\/v2\/posts\/6463\/revisions"}],"predecessor-version":[{"id":6465,"href":"https:\/\/www.anovapeneira.gal\/index.php\/wp-json\/wp\/v2\/posts\/6463\/revisions\/6465"}],"wp:featuredmedia":[{"embeddable":true,"href":"https:\/\/www.anovapeneira.gal\/index.php\/wp-json\/wp\/v2\/media\/6464"}],"wp:attachment":[{"href":"https:\/\/www.anovapeneira.gal\/index.php\/wp-json\/wp\/v2\/media?parent=6463"}],"wp:term":[{"taxonomy":"category","embeddable":true,"href":"https:\/\/www.anovapeneira.gal\/index.php\/wp-json\/wp\/v2\/categories?post=6463"},{"taxonomy":"post_tag","embeddable":true,"href":"https:\/\/www.anovapeneira.gal\/index.php\/wp-json\/wp\/v2\/tags?post=6463"}],"curies":[{"name":"wp","href":"https:\/\/api.w.org\/{rel}","templated":true}]}}