{"id":6466,"date":"2021-11-23T12:00:47","date_gmt":"2021-11-23T11:00:47","guid":{"rendered":"https:\/\/www.anovapeneira.gal\/?p=6466"},"modified":"2021-11-10T13:27:07","modified_gmt":"2021-11-10T12:27:07","slug":"o-concello-de-nigran-ofrece-seis-andainas-guiadas-polo-municipio-de-aqui-a-final-de-ano","status":"publish","type":"post","link":"https:\/\/www.anovapeneira.gal\/index.php\/2021\/11\/23\/o-concello-de-nigran-ofrece-seis-andainas-guiadas-polo-municipio-de-aqui-a-final-de-ano\/","title":{"rendered":"O Concello de Nigr\u00e1n ofrece seis andainas guiadas polo municipio de aqu\u00ed a final de ano"},"content":{"rendered":"\n<h2 class=\"wp-block-heading\"><strong>Os roteiros, que se estrean este s\u00e1bado 13 de novembro co Cami\u00f1o de Santiago desde A Ramallosa ao Pazo de Abacial, incl\u00faen a pen\u00ednsula de Monteferro ou o Cami\u00f1o en sentido inverso<\/strong><\/h2>\n\n\n\n<p><strong>Para participar \u00e9 preciso inscribirse previamente no 986368734, no mail&nbsp;<em><a href=\"mailto:oficinaturismo@nigran.org\">oficinaturismo@nigran.org<\/a><\/em>&nbsp;ou na propia oficina de Panx\u00f3n<\/strong><\/p>\n\n\n\n<p><strong><em>Nigr\u00e1n, 09 de novembro<\/em><\/strong><\/p>\n\n\n\n<p>O Concello de Nigr\u00e1n ofrecer\u00e1 desde este s\u00e1bado 13 de novembro a fin de ano seis andainas guiadas polo municipio percorrendo o Cami\u00f1o de Santiago pola Costa en ambos sentidos e a pen\u00ednsula de Monteferro. A iniciativa municipal pretende por unha banda promover o patrimonio natural e arquitect\u00f3nico da localidade e, por outra, fomentar o feito de andar como unha actividade saudable mentalmente e f\u00edsicamente. Os tres roteiros dese\u00f1ados, de dificultade media-baixa, son de 5,5 km e se celebrar\u00e1 cada un en d\u00faas datas diferentes.<\/p>\n\n\n\n<p>Deste xeito, as andainas arrancan este s\u00e1bado 13 de novembro \u00e1s 10:00 horas (sempre \u00e1 mesma hora) para percorrer o Cami\u00f1o de Santiago pola Costa desde a ponte da Ramallosa ao Pazo Abacial (repetirase o 6 de decembro); contin\u00faan o s\u00e1bado 27 de novembro realizando o Cami\u00f1o inverso desde Priegue a San Fiz (repetirase o 8 de decembro) e prosigue o 4 de decembro coa Pen\u00ednsula de Monteferro (repetirase o 18 de decembro). En calquera caso, \u00e9 imprescindible anotarse previamente no 986368734, no mail&nbsp;<a href=\"mailto:oficinaturismo@nigran.org\">oficinaturismo@nigran.org<\/a>&nbsp;ou na propia oficina de Panx\u00f3n (de luns a s\u00e1bado de 10:00 a 14:00 e de 16:00 a 20:00 horas) sendo o venres anterior a cadanseu roteiro a data l\u00edmite para inscribirse.<\/p>\n\n\n\n<figure class=\"wp-block-image size-large\"><img loading=\"lazy\" decoding=\"async\" width=\"724\" height=\"1024\" src=\"https:\/\/www.anovapeneira.gal\/wp-content\/uploads\/2021\/11\/roteiro_nigran-724x1024.jpg\" alt=\"\" class=\"wp-image-6469\" srcset=\"https:\/\/www.anovapeneira.gal\/wp-content\/uploads\/2021\/11\/roteiro_nigran-724x1024.jpg 724w, https:\/\/www.anovapeneira.gal\/wp-content\/uploads\/2021\/11\/roteiro_nigran-212x300.jpg 212w, https:\/\/www.anovapeneira.gal\/wp-content\/uploads\/2021\/11\/roteiro_nigran-768x1087.jpg 768w, https:\/\/www.anovapeneira.gal\/wp-content\/uploads\/2021\/11\/roteiro_nigran-1085x1536.jpg 1085w, https:\/\/www.anovapeneira.gal\/wp-content\/uploads\/2021\/11\/roteiro_nigran.jpg 1447w\" sizes=\"auto, (max-width: 724px) 100vw, 724px\" \/><\/figure>\n\n\n\n<p><strong>Roteiro 13 de novembro &#8220;Desde A Ramallosa ao Pazo Abacial&#8221;<\/strong><\/p>\n\n\n\n<p>Percorrido de 5 km aproximadamente polo Cami\u00f1o Portugu\u00e9s de Santiago pola Costa no municipio de Nigr\u00e1n. Un encontro equilibrado coa natureza, cultura e arquitectura, partindo dende a &#8220;Ponte Vella&#8221; na Ramallosa, para proseguir polo cami\u00f1o medieval e visitar o Pazo de P\u00edas, hoxe albergue de peregrinos, seguindo a continuaci\u00f3n polo cami\u00f1o da Cabreira, deixando \u00e1 esquerda a Granxa da Robaleira, ata chegar \u00e1 Igrexa e Cemiterio de San Pedro. Logo da visita continuaremos por un mosaico de terras de cultivo, vivendas, plantaci\u00f3ns forestais e fragmentos de bosque de Ribera, no tramo que corresponde ao Roteiro do R\u00edo Mui\u00f1os e, desde al\u00ed seguiremos ata o Pazo Abacial, punto final do percorrido. A data l\u00edmite de inscrici\u00f3n \u00e9 este venres 12 de novembro.<\/p>\n","protected":false},"excerpt":{"rendered":"<div class=\"mh-excerpt\"><p>Os roteiros, que se estrean este s\u00e1bado 13 de novembro co Cami\u00f1o de Santiago desde A Ramallosa ao Pazo de Abacial, incl\u00faen a pen\u00ednsula de Monteferro ou o Cami\u00f1o en sentido inverso <a class=\"mh-excerpt-more\" href=\"https:\/\/www.anovapeneira.gal\/index.php\/2021\/11\/23\/o-concello-de-nigran-ofrece-seis-andainas-guiadas-polo-municipio-de-aqui-a-final-de-ano\/\" title=\"O Concello de Nigr\u00e1n ofrece seis andainas guiadas polo municipio de aqu\u00ed a final de ano\">[&#8230;]<\/a><\/p>\n<\/div>","protected":false},"author":1,"featured_media":6467,"comment_status":"open","ping_status":"open","sticky":false,"template":"","format":"standard","meta":{"_exactmetrics_skip_tracking":false,"_exactmetrics_sitenote_active":false,"_exactmetrics_sitenote_note":"","_exactmetrics_sitenote_category":0,"footnotes":""},"categories":[1],"tags":[],"class_list":{"0":"post-6466","1":"post","2":"type-post","3":"status-publish","4":"format-standard","5":"has-post-thumbnail","7":"category-sin-categoria"},"yoast_head":"<!-- This site is optimized with the Yoast SEO plugin v27.4 - https:\/\/yoast.com\/product\/yoast-seo-wordpress\/ -->\n<title>O Concello de Nigr\u00e1n ofrece seis andainas guiadas polo municipio de aqu\u00ed a final de ano -<\/title>\n<meta name=\"description\" content=\"Os roteiros, que se estrean este s\u00e1bado 13 de novembro co Cami\u00f1o de Santiago desde A Ramallosa ao Pazo de Abacial, incl\u00faen a pen\u00ednsula de Monteferro ou o Cami\u00f1o en sentido inverso\" \/>\n<meta name=\"robots\" content=\"index, follow, max-snippet:-1, max-image-preview:large, max-video-preview:-1\" \/>\n<link rel=\"canonical\" href=\"https:\/\/www.anovapeneira.gal\/index.php\/2021\/11\/23\/o-concello-de-nigran-ofrece-seis-andainas-guiadas-polo-municipio-de-aqui-a-final-de-ano\/\" \/>\n<meta property=\"og:locale\" content=\"gl_ES\" \/>\n<meta property=\"og:type\" content=\"article\" \/>\n<meta property=\"og:title\" content=\"O Concello de Nigr\u00e1n ofrece seis andainas guiadas polo municipio de aqu\u00ed a final de ano -\" \/>\n<meta property=\"og:description\" content=\"Os roteiros, que se estrean este s\u00e1bado 13 de novembro co Cami\u00f1o de Santiago desde A Ramallosa ao Pazo de Abacial, incl\u00faen a pen\u00ednsula de Monteferro ou o Cami\u00f1o en sentido inverso\" \/>\n<meta property=\"og:url\" content=\"https:\/\/www.anovapeneira.gal\/index.php\/2021\/11\/23\/o-concello-de-nigran-ofrece-seis-andainas-guiadas-polo-municipio-de-aqui-a-final-de-ano\/\" \/>\n<meta property=\"article:publisher\" content=\"https:\/\/www.facebook.com\/anovapeneira\" \/>\n<meta property=\"article:author\" content=\"https:\/\/www.facebook.com\/anovapeneira\/\" \/>\n<meta property=\"article:published_time\" content=\"2021-11-23T11:00:47+00:00\" \/>\n<meta property=\"og:image\" content=\"https:\/\/www.anovapeneira.gal\/wp-content\/uploads\/2021\/11\/Pazo-Abacial.jpg\" \/>\n\t<meta property=\"og:image:width\" content=\"720\" \/>\n\t<meta property=\"og:image:height\" content=\"432\" \/>\n\t<meta property=\"og:image:type\" content=\"image\/jpeg\" \/>\n<meta name=\"author\" content=\"admin\" \/>\n<meta name=\"twitter:card\" content=\"summary_large_image\" \/>\n<meta name=\"twitter:creator\" content=\"@APeneira\" \/>\n<meta name=\"twitter:site\" content=\"@APeneira\" \/>\n<meta name=\"twitter:label1\" content=\"Escrito por\" \/>\n\t<meta name=\"twitter:data1\" content=\"admin\" \/>\n\t<meta name=\"twitter:label2\" content=\"Tempo de lectura\" \/>\n\t<meta name=\"twitter:data2\" content=\"2 minutos\" \/>\n<script type=\"application\/ld+json\" class=\"yoast-schema-graph\">{\"@context\":\"https:\\\/\\\/schema.org\",\"@graph\":[{\"@type\":\"Article\",\"@id\":\"https:\\\/\\\/www.anovapeneira.gal\\\/index.php\\\/2021\\\/11\\\/23\\\/o-concello-de-nigran-ofrece-seis-andainas-guiadas-polo-municipio-de-aqui-a-final-de-ano\\\/#article\",\"isPartOf\":{\"@id\":\"https:\\\/\\\/www.anovapeneira.gal\\\/index.php\\\/2021\\\/11\\\/23\\\/o-concello-de-nigran-ofrece-seis-andainas-guiadas-polo-municipio-de-aqui-a-final-de-ano\\\/\"},\"author\":{\"name\":\"admin\",\"@id\":\"https:\\\/\\\/www.anovapeneira.gal\\\/#\\\/schema\\\/person\\\/fb77575328c93684dae4b0075f90c2cb\"},\"headline\":\"O Concello de Nigr\u00e1n ofrece seis andainas guiadas polo municipio de aqu\u00ed a final de ano\",\"datePublished\":\"2021-11-23T11:00:47+00:00\",\"mainEntityOfPage\":{\"@id\":\"https:\\\/\\\/www.anovapeneira.gal\\\/index.php\\\/2021\\\/11\\\/23\\\/o-concello-de-nigran-ofrece-seis-andainas-guiadas-polo-municipio-de-aqui-a-final-de-ano\\\/\"},\"wordCount\":421,\"commentCount\":0,\"publisher\":{\"@id\":\"https:\\\/\\\/www.anovapeneira.gal\\\/#organization\"},\"image\":{\"@id\":\"https:\\\/\\\/www.anovapeneira.gal\\\/index.php\\\/2021\\\/11\\\/23\\\/o-concello-de-nigran-ofrece-seis-andainas-guiadas-polo-municipio-de-aqui-a-final-de-ano\\\/#primaryimage\"},\"thumbnailUrl\":\"https:\\\/\\\/www.anovapeneira.gal\\\/wp-content\\\/uploads\\\/2021\\\/11\\\/Pazo-Abacial.jpg\",\"articleSection\":[\"Sin categor\u00eda\"],\"inLanguage\":\"gl-ES\",\"potentialAction\":[{\"@type\":\"CommentAction\",\"name\":\"Comment\",\"target\":[\"https:\\\/\\\/www.anovapeneira.gal\\\/index.php\\\/2021\\\/11\\\/23\\\/o-concello-de-nigran-ofrece-seis-andainas-guiadas-polo-municipio-de-aqui-a-final-de-ano\\\/#respond\"]}]},{\"@type\":\"WebPage\",\"@id\":\"https:\\\/\\\/www.anovapeneira.gal\\\/index.php\\\/2021\\\/11\\\/23\\\/o-concello-de-nigran-ofrece-seis-andainas-guiadas-polo-municipio-de-aqui-a-final-de-ano\\\/\",\"url\":\"https:\\\/\\\/www.anovapeneira.gal\\\/index.php\\\/2021\\\/11\\\/23\\\/o-concello-de-nigran-ofrece-seis-andainas-guiadas-polo-municipio-de-aqui-a-final-de-ano\\\/\",\"name\":\"O Concello de Nigr\u00e1n ofrece seis andainas guiadas polo municipio de aqu\u00ed a final de ano -\",\"isPartOf\":{\"@id\":\"https:\\\/\\\/www.anovapeneira.gal\\\/#website\"},\"primaryImageOfPage\":{\"@id\":\"https:\\\/\\\/www.anovapeneira.gal\\\/index.php\\\/2021\\\/11\\\/23\\\/o-concello-de-nigran-ofrece-seis-andainas-guiadas-polo-municipio-de-aqui-a-final-de-ano\\\/#primaryimage\"},\"image\":{\"@id\":\"https:\\\/\\\/www.anovapeneira.gal\\\/index.php\\\/2021\\\/11\\\/23\\\/o-concello-de-nigran-ofrece-seis-andainas-guiadas-polo-municipio-de-aqui-a-final-de-ano\\\/#primaryimage\"},\"thumbnailUrl\":\"https:\\\/\\\/www.anovapeneira.gal\\\/wp-content\\\/uploads\\\/2021\\\/11\\\/Pazo-Abacial.jpg\",\"datePublished\":\"2021-11-23T11:00:47+00:00\",\"description\":\"Os roteiros, que se estrean este s\u00e1bado 13 de novembro co Cami\u00f1o de Santiago desde A Ramallosa ao Pazo de Abacial, incl\u00faen a pen\u00ednsula de Monteferro ou o Cami\u00f1o en sentido inverso\",\"breadcrumb\":{\"@id\":\"https:\\\/\\\/www.anovapeneira.gal\\\/index.php\\\/2021\\\/11\\\/23\\\/o-concello-de-nigran-ofrece-seis-andainas-guiadas-polo-municipio-de-aqui-a-final-de-ano\\\/#breadcrumb\"},\"inLanguage\":\"gl-ES\",\"potentialAction\":[{\"@type\":\"ReadAction\",\"target\":[\"https:\\\/\\\/www.anovapeneira.gal\\\/index.php\\\/2021\\\/11\\\/23\\\/o-concello-de-nigran-ofrece-seis-andainas-guiadas-polo-municipio-de-aqui-a-final-de-ano\\\/\"]}]},{\"@type\":\"ImageObject\",\"inLanguage\":\"gl-ES\",\"@id\":\"https:\\\/\\\/www.anovapeneira.gal\\\/index.php\\\/2021\\\/11\\\/23\\\/o-concello-de-nigran-ofrece-seis-andainas-guiadas-polo-municipio-de-aqui-a-final-de-ano\\\/#primaryimage\",\"url\":\"https:\\\/\\\/www.anovapeneira.gal\\\/wp-content\\\/uploads\\\/2021\\\/11\\\/Pazo-Abacial.jpg\",\"contentUrl\":\"https:\\\/\\\/www.anovapeneira.gal\\\/wp-content\\\/uploads\\\/2021\\\/11\\\/Pazo-Abacial.jpg\",\"width\":720,\"height\":432,\"caption\":\"Pazo Abacial Nigr\u00e1n\"},{\"@type\":\"BreadcrumbList\",\"@id\":\"https:\\\/\\\/www.anovapeneira.gal\\\/index.php\\\/2021\\\/11\\\/23\\\/o-concello-de-nigran-ofrece-seis-andainas-guiadas-polo-municipio-de-aqui-a-final-de-ano\\\/#breadcrumb\",\"itemListElement\":[{\"@type\":\"ListItem\",\"position\":1,\"name\":\"Portada\",\"item\":\"https:\\\/\\\/www.anovapeneira.gal\\\/\"},{\"@type\":\"ListItem\",\"position\":2,\"name\":\"O Concello de Nigr\u00e1n ofrece seis andainas guiadas polo municipio de aqu\u00ed a final de ano\"}]},{\"@type\":\"WebSite\",\"@id\":\"https:\\\/\\\/www.anovapeneira.gal\\\/#website\",\"url\":\"https:\\\/\\\/www.anovapeneira.gal\\\/\",\"name\":\"\",\"description\":\"Xornal galego de informaci\u00f3n xeral Publicaci\u00f3n mensual de novas de Galicia e en especial dos Concellos da sur da provincia de Pontevedra.\",\"publisher\":{\"@id\":\"https:\\\/\\\/www.anovapeneira.gal\\\/#organization\"},\"potentialAction\":[{\"@type\":\"SearchAction\",\"target\":{\"@type\":\"EntryPoint\",\"urlTemplate\":\"https:\\\/\\\/www.anovapeneira.gal\\\/?s={search_term_string}\"},\"query-input\":{\"@type\":\"PropertyValueSpecification\",\"valueRequired\":true,\"valueName\":\"search_term_string\"}}],\"inLanguage\":\"gl-ES\"},{\"@type\":\"Organization\",\"@id\":\"https:\\\/\\\/www.anovapeneira.gal\\\/#organization\",\"name\":\"A Nova Peneira\",\"url\":\"https:\\\/\\\/www.anovapeneira.gal\\\/\",\"logo\":{\"@type\":\"ImageObject\",\"inLanguage\":\"gl-ES\",\"@id\":\"https:\\\/\\\/www.anovapeneira.gal\\\/#\\\/schema\\\/logo\\\/image\\\/\",\"url\":\"http:\\\/\\\/www.anovapeneira.gal\\\/wp-content\\\/uploads\\\/2019\\\/06\\\/logo_a_nova_peneira_portal_web.png\",\"contentUrl\":\"http:\\\/\\\/www.anovapeneira.gal\\\/wp-content\\\/uploads\\\/2019\\\/06\\\/logo_a_nova_peneira_portal_web.png\",\"width\":300,\"height\":100,\"caption\":\"A Nova Peneira\"},\"image\":{\"@id\":\"https:\\\/\\\/www.anovapeneira.gal\\\/#\\\/schema\\\/logo\\\/image\\\/\"},\"sameAs\":[\"https:\\\/\\\/www.facebook.com\\\/anovapeneira\",\"https:\\\/\\\/x.com\\\/APeneira\"]},{\"@type\":\"Person\",\"@id\":\"https:\\\/\\\/www.anovapeneira.gal\\\/#\\\/schema\\\/person\\\/fb77575328c93684dae4b0075f90c2cb\",\"name\":\"admin\",\"image\":{\"@type\":\"ImageObject\",\"inLanguage\":\"gl-ES\",\"@id\":\"https:\\\/\\\/secure.gravatar.com\\\/avatar\\\/df15c36ce375448325e0bc870e91bbee95947a002eb98dcfd6c2b053e18843e9?s=96&d=mm&r=g\",\"url\":\"https:\\\/\\\/secure.gravatar.com\\\/avatar\\\/df15c36ce375448325e0bc870e91bbee95947a002eb98dcfd6c2b053e18843e9?s=96&d=mm&r=g\",\"contentUrl\":\"https:\\\/\\\/secure.gravatar.com\\\/avatar\\\/df15c36ce375448325e0bc870e91bbee95947a002eb98dcfd6c2b053e18843e9?s=96&d=mm&r=g\",\"caption\":\"admin\"},\"description\":\"Xornal galego de informaci\u00f3n xeral Publicaci\u00f3n mensual de novas de Galicia e en especial dos Concellos da sur da provincia de Pontevedra.\",\"sameAs\":[\"http:\\\/\\\/www.anovapeneira.gal\\\/\",\"https:\\\/\\\/www.facebook.com\\\/anovapeneira\\\/\"],\"url\":\"https:\\\/\\\/www.anovapeneira.gal\\\/index.php\\\/author\\\/admin\\\/\"}]}<\/script>\n<!-- \/ Yoast SEO plugin. -->","yoast_head_json":{"title":"O Concello de Nigr\u00e1n ofrece seis andainas guiadas polo municipio de aqu\u00ed a final de ano -","description":"Os roteiros, que se estrean este s\u00e1bado 13 de novembro co Cami\u00f1o de Santiago desde A Ramallosa ao Pazo de Abacial, incl\u00faen a pen\u00ednsula de Monteferro ou o Cami\u00f1o en sentido inverso","robots":{"index":"index","follow":"follow","max-snippet":"max-snippet:-1","max-image-preview":"max-image-preview:large","max-video-preview":"max-video-preview:-1"},"canonical":"https:\/\/www.anovapeneira.gal\/index.php\/2021\/11\/23\/o-concello-de-nigran-ofrece-seis-andainas-guiadas-polo-municipio-de-aqui-a-final-de-ano\/","og_locale":"gl_ES","og_type":"article","og_title":"O Concello de Nigr\u00e1n ofrece seis andainas guiadas polo municipio de aqu\u00ed a final de ano -","og_description":"Os roteiros, que se estrean este s\u00e1bado 13 de novembro co Cami\u00f1o de Santiago desde A Ramallosa ao Pazo de Abacial, incl\u00faen a pen\u00ednsula de Monteferro ou o Cami\u00f1o en sentido inverso","og_url":"https:\/\/www.anovapeneira.gal\/index.php\/2021\/11\/23\/o-concello-de-nigran-ofrece-seis-andainas-guiadas-polo-municipio-de-aqui-a-final-de-ano\/","article_publisher":"https:\/\/www.facebook.com\/anovapeneira","article_author":"https:\/\/www.facebook.com\/anovapeneira\/","article_published_time":"2021-11-23T11:00:47+00:00","og_image":[{"width":720,"height":432,"url":"https:\/\/www.anovapeneira.gal\/wp-content\/uploads\/2021\/11\/Pazo-Abacial.jpg","type":"image\/jpeg"}],"author":"admin","twitter_card":"summary_large_image","twitter_creator":"@APeneira","twitter_site":"@APeneira","twitter_misc":{"Escrito por":"admin","Tempo de lectura":"2 minutos"},"schema":{"@context":"https:\/\/schema.org","@graph":[{"@type":"Article","@id":"https:\/\/www.anovapeneira.gal\/index.php\/2021\/11\/23\/o-concello-de-nigran-ofrece-seis-andainas-guiadas-polo-municipio-de-aqui-a-final-de-ano\/#article","isPartOf":{"@id":"https:\/\/www.anovapeneira.gal\/index.php\/2021\/11\/23\/o-concello-de-nigran-ofrece-seis-andainas-guiadas-polo-municipio-de-aqui-a-final-de-ano\/"},"author":{"name":"admin","@id":"https:\/\/www.anovapeneira.gal\/#\/schema\/person\/fb77575328c93684dae4b0075f90c2cb"},"headline":"O Concello de Nigr\u00e1n ofrece seis andainas guiadas polo municipio de aqu\u00ed a final de ano","datePublished":"2021-11-23T11:00:47+00:00","mainEntityOfPage":{"@id":"https:\/\/www.anovapeneira.gal\/index.php\/2021\/11\/23\/o-concello-de-nigran-ofrece-seis-andainas-guiadas-polo-municipio-de-aqui-a-final-de-ano\/"},"wordCount":421,"commentCount":0,"publisher":{"@id":"https:\/\/www.anovapeneira.gal\/#organization"},"image":{"@id":"https:\/\/www.anovapeneira.gal\/index.php\/2021\/11\/23\/o-concello-de-nigran-ofrece-seis-andainas-guiadas-polo-municipio-de-aqui-a-final-de-ano\/#primaryimage"},"thumbnailUrl":"https:\/\/www.anovapeneira.gal\/wp-content\/uploads\/2021\/11\/Pazo-Abacial.jpg","articleSection":["Sin categor\u00eda"],"inLanguage":"gl-ES","potentialAction":[{"@type":"CommentAction","name":"Comment","target":["https:\/\/www.anovapeneira.gal\/index.php\/2021\/11\/23\/o-concello-de-nigran-ofrece-seis-andainas-guiadas-polo-municipio-de-aqui-a-final-de-ano\/#respond"]}]},{"@type":"WebPage","@id":"https:\/\/www.anovapeneira.gal\/index.php\/2021\/11\/23\/o-concello-de-nigran-ofrece-seis-andainas-guiadas-polo-municipio-de-aqui-a-final-de-ano\/","url":"https:\/\/www.anovapeneira.gal\/index.php\/2021\/11\/23\/o-concello-de-nigran-ofrece-seis-andainas-guiadas-polo-municipio-de-aqui-a-final-de-ano\/","name":"O Concello de Nigr\u00e1n ofrece seis andainas guiadas polo municipio de aqu\u00ed a final de ano -","isPartOf":{"@id":"https:\/\/www.anovapeneira.gal\/#website"},"primaryImageOfPage":{"@id":"https:\/\/www.anovapeneira.gal\/index.php\/2021\/11\/23\/o-concello-de-nigran-ofrece-seis-andainas-guiadas-polo-municipio-de-aqui-a-final-de-ano\/#primaryimage"},"image":{"@id":"https:\/\/www.anovapeneira.gal\/index.php\/2021\/11\/23\/o-concello-de-nigran-ofrece-seis-andainas-guiadas-polo-municipio-de-aqui-a-final-de-ano\/#primaryimage"},"thumbnailUrl":"https:\/\/www.anovapeneira.gal\/wp-content\/uploads\/2021\/11\/Pazo-Abacial.jpg","datePublished":"2021-11-23T11:00:47+00:00","description":"Os roteiros, que se estrean este s\u00e1bado 13 de novembro co Cami\u00f1o de Santiago desde A Ramallosa ao Pazo de Abacial, incl\u00faen a pen\u00ednsula de Monteferro ou o Cami\u00f1o en sentido inverso","breadcrumb":{"@id":"https:\/\/www.anovapeneira.gal\/index.php\/2021\/11\/23\/o-concello-de-nigran-ofrece-seis-andainas-guiadas-polo-municipio-de-aqui-a-final-de-ano\/#breadcrumb"},"inLanguage":"gl-ES","potentialAction":[{"@type":"ReadAction","target":["https:\/\/www.anovapeneira.gal\/index.php\/2021\/11\/23\/o-concello-de-nigran-ofrece-seis-andainas-guiadas-polo-municipio-de-aqui-a-final-de-ano\/"]}]},{"@type":"ImageObject","inLanguage":"gl-ES","@id":"https:\/\/www.anovapeneira.gal\/index.php\/2021\/11\/23\/o-concello-de-nigran-ofrece-seis-andainas-guiadas-polo-municipio-de-aqui-a-final-de-ano\/#primaryimage","url":"https:\/\/www.anovapeneira.gal\/wp-content\/uploads\/2021\/11\/Pazo-Abacial.jpg","contentUrl":"https:\/\/www.anovapeneira.gal\/wp-content\/uploads\/2021\/11\/Pazo-Abacial.jpg","width":720,"height":432,"caption":"Pazo Abacial Nigr\u00e1n"},{"@type":"BreadcrumbList","@id":"https:\/\/www.anovapeneira.gal\/index.php\/2021\/11\/23\/o-concello-de-nigran-ofrece-seis-andainas-guiadas-polo-municipio-de-aqui-a-final-de-ano\/#breadcrumb","itemListElement":[{"@type":"ListItem","position":1,"name":"Portada","item":"https:\/\/www.anovapeneira.gal\/"},{"@type":"ListItem","position":2,"name":"O Concello de Nigr\u00e1n ofrece seis andainas guiadas polo municipio de aqu\u00ed a final de ano"}]},{"@type":"WebSite","@id":"https:\/\/www.anovapeneira.gal\/#website","url":"https:\/\/www.anovapeneira.gal\/","name":"","description":"Xornal galego de informaci\u00f3n xeral Publicaci\u00f3n mensual de novas de Galicia e en especial dos Concellos da sur da provincia de Pontevedra.","publisher":{"@id":"https:\/\/www.anovapeneira.gal\/#organization"},"potentialAction":[{"@type":"SearchAction","target":{"@type":"EntryPoint","urlTemplate":"https:\/\/www.anovapeneira.gal\/?s={search_term_string}"},"query-input":{"@type":"PropertyValueSpecification","valueRequired":true,"valueName":"search_term_string"}}],"inLanguage":"gl-ES"},{"@type":"Organization","@id":"https:\/\/www.anovapeneira.gal\/#organization","name":"A Nova Peneira","url":"https:\/\/www.anovapeneira.gal\/","logo":{"@type":"ImageObject","inLanguage":"gl-ES","@id":"https:\/\/www.anovapeneira.gal\/#\/schema\/logo\/image\/","url":"http:\/\/www.anovapeneira.gal\/wp-content\/uploads\/2019\/06\/logo_a_nova_peneira_portal_web.png","contentUrl":"http:\/\/www.anovapeneira.gal\/wp-content\/uploads\/2019\/06\/logo_a_nova_peneira_portal_web.png","width":300,"height":100,"caption":"A Nova Peneira"},"image":{"@id":"https:\/\/www.anovapeneira.gal\/#\/schema\/logo\/image\/"},"sameAs":["https:\/\/www.facebook.com\/anovapeneira","https:\/\/x.com\/APeneira"]},{"@type":"Person","@id":"https:\/\/www.anovapeneira.gal\/#\/schema\/person\/fb77575328c93684dae4b0075f90c2cb","name":"admin","image":{"@type":"ImageObject","inLanguage":"gl-ES","@id":"https:\/\/secure.gravatar.com\/avatar\/df15c36ce375448325e0bc870e91bbee95947a002eb98dcfd6c2b053e18843e9?s=96&d=mm&r=g","url":"https:\/\/secure.gravatar.com\/avatar\/df15c36ce375448325e0bc870e91bbee95947a002eb98dcfd6c2b053e18843e9?s=96&d=mm&r=g","contentUrl":"https:\/\/secure.gravatar.com\/avatar\/df15c36ce375448325e0bc870e91bbee95947a002eb98dcfd6c2b053e18843e9?s=96&d=mm&r=g","caption":"admin"},"description":"Xornal galego de informaci\u00f3n xeral Publicaci\u00f3n mensual de novas de Galicia e en especial dos Concellos da sur da provincia de Pontevedra.","sameAs":["http:\/\/www.anovapeneira.gal\/","https:\/\/www.facebook.com\/anovapeneira\/"],"url":"https:\/\/www.anovapeneira.gal\/index.php\/author\/admin\/"}]}},"jetpack_featured_media_url":"https:\/\/www.anovapeneira.gal\/wp-content\/uploads\/2021\/11\/Pazo-Abacial.jpg","_links":{"self":[{"href":"https:\/\/www.anovapeneira.gal\/index.php\/wp-json\/wp\/v2\/posts\/6466","targetHints":{"allow":["GET"]}}],"collection":[{"href":"https:\/\/www.anovapeneira.gal\/index.php\/wp-json\/wp\/v2\/posts"}],"about":[{"href":"https:\/\/www.anovapeneira.gal\/index.php\/wp-json\/wp\/v2\/types\/post"}],"author":[{"embeddable":true,"href":"https:\/\/www.anovapeneira.gal\/index.php\/wp-json\/wp\/v2\/users\/1"}],"replies":[{"embeddable":true,"href":"https:\/\/www.anovapeneira.gal\/index.php\/wp-json\/wp\/v2\/comments?post=6466"}],"version-history":[{"count":3,"href":"https:\/\/www.anovapeneira.gal\/index.php\/wp-json\/wp\/v2\/posts\/6466\/revisions"}],"predecessor-version":[{"id":6471,"href":"https:\/\/www.anovapeneira.gal\/index.php\/wp-json\/wp\/v2\/posts\/6466\/revisions\/6471"}],"wp:featuredmedia":[{"embeddable":true,"href":"https:\/\/www.anovapeneira.gal\/index.php\/wp-json\/wp\/v2\/media\/6467"}],"wp:attachment":[{"href":"https:\/\/www.anovapeneira.gal\/index.php\/wp-json\/wp\/v2\/media?parent=6466"}],"wp:term":[{"taxonomy":"category","embeddable":true,"href":"https:\/\/www.anovapeneira.gal\/index.php\/wp-json\/wp\/v2\/categories?post=6466"},{"taxonomy":"post_tag","embeddable":true,"href":"https:\/\/www.anovapeneira.gal\/index.php\/wp-json\/wp\/v2\/tags?post=6466"}],"curies":[{"name":"wp","href":"https:\/\/api.w.org\/{rel}","templated":true}]}}