{"id":6476,"date":"2021-11-24T12:00:27","date_gmt":"2021-11-24T11:00:27","guid":{"rendered":"https:\/\/www.anovapeneira.gal\/?p=6476"},"modified":"2021-11-10T13:45:29","modified_gmt":"2021-11-10T12:45:29","slug":"a-asociacion-de-empresarios-de-redondela-destaca-o-alto-grado-de-calidade-do-emprego-acadado-polas-persoas-participantes-no-programa-integrado-de-emprego-da-entidade","status":"publish","type":"post","link":"https:\/\/www.anovapeneira.gal\/index.php\/2021\/11\/24\/a-asociacion-de-empresarios-de-redondela-destaca-o-alto-grado-de-calidade-do-emprego-acadado-polas-persoas-participantes-no-programa-integrado-de-emprego-da-entidade\/","title":{"rendered":"A ASOCIACI\u00d3N DE EMPRESARIOS DE REDONDELA DESTACA O ALTO GRADO DE CALIDADE DO EMPREGO ACADADO POLAS PERSOAS PARTICIPANTES NO PROGRAMA INTEGRADO DE EMPREGO DA ENTIDADE"},"content":{"rendered":"\n<h2 class=\"wp-block-heading\">O 80% DOS CONTRATOS DAS PERSOAS PARTICIPANTES NO PROGRAMA INTEGRADO DE EMPREGO DA ASOCIACI\u00d3N DE EMPRESARIOS DE REDONDELA 2020\/21 CUMPRE OS CRITER\u00cdOS DE CALIDADE DO EMPREGO ESIXIDOS POLA XUNTA DE GALICIA<\/h2>\n\n\n\n<p>O PORCENTAXE DE INSERCI\u00d3N DOS PARTICIPANTES QUE FINALIZARON O PROGRAMA \u00c9 DO 64% SUPERANDO EN CASE 20 PUNTOS PORCENTUAIS OS OBXECTIVOS INICIAIS.<\/p>\n\n\n\n<p>Entre os colectivos participantes no programa compre destacar os resultados de inserci\u00f3n acadados polas mulleres, un 72,5% dos contratos re\u00fane os criterios de inserci\u00f3n e o 85% foi contratada ao longo do programa.<\/p>\n\n\n\n<p>Outro dos colectivos que destaca en canto a resultados de inserci\u00f3n son os menores de 30 cualificados que acadaron un nivel de inserci\u00f3n do 60% e que demostra o interese das empresas locais por captar talento.<\/p>\n\n\n\n<p>O compromiso coa formaci\u00f3n e o desenvolvemento da autonom\u00eda foi clave en todo o programa, ao que contribu\u00edu de forma destacada o programa de mentorizaci\u00f3n desenvolvido nas primeiras fases, e acadando resultados especialmente destacables no colectivo de menores de 30 sen cualificaci\u00f3n sendo 8 os usuarios que retomaron os<br>estudos para a obtenci\u00f3n da ESO, nivel imprescindible para poder acceder ao mercado de traballo.<\/p>\n\n\n\n<p>O emprendemento tam\u00e9n tivo o seu oco no programa, destacando varias iniciativas de emprendemento e forxando as bases para outras d\u00faas.<\/p>\n\n\n\n<p>A adquisici\u00f3n de experiencia a trav\u00e9s de pr\u00e1cticas non laborais que contou coa colaboraci\u00f3n tanto de importantes coas empresas da comarca e con pequenos empresarios locais foi un instrumento que permitiu optimizar o proceso de sincronizaci\u00f3n entre oferta e demanda de traballo e atender mellor as dificultades que o sector empresarias se est\u00e1 atopando para cubrir postos de traballo.<\/p>\n\n\n\n<p>PATERNON foi unha das empresas destacadas nesta colaboraci\u00f3n, non so contratando a persoal do programa senon tam\u00e9n acollendo sesi\u00f3n pr\u00e1cticas que permitiron aso usuarios adquirir a visi\u00f3n pr\u00e1ctica dos procesos da empresas. As\u00ed os alumnos do itinerario de lox\u00edstica e produci\u00f3n puideron comprender a importancia e funcionamento da xesti\u00f3n lox\u00edstica dentro do proceso produtivo e os alumnos do curso de CRM e ERP puideron ver as funcionalidades da implementaci\u00f3n da aplicaci\u00f3n SAP na empresa e a optimizaci\u00f3n de recursos e capacidade para axustarse \u00e1s necesidades do cliente optimizando a xesti\u00f3n da informaci\u00f3n. Todo unha lecci\u00f3n pr\u00e1ctica que agradecemos a todo o equipo de Partenon e moi especialmente ao seu Responsable de Recursos Humanos JORGE SIEIRO FROIZ.<\/p>\n\n\n\n<p>A Asociaci\u00f3n de Empresarios de Redondela quere agradecer a todas a empresas colaboradoras co programa de emprego a s\u00faa implicaci\u00f3n e compromiso e destacar o importante esforzo inversor que sup\u00f3n tanto para administraci\u00f3n auton\u00f3mica da Xunta de Galicia e moi especialmente para as entidades a posta en marcha programas de emprego que deber\u00eda contar con continuidade para seguir favorecendo o desenvolvemento de capacidades para o emprego do factor produtivo con maior capacidade para xerar valor, as persoas, especialmente nun momento que o actual abocado transformaci\u00f3n e no que a transformaci\u00f3n dixital da man de obra \u00e9 un reto que estes programas xa est\u00e1n a asumir.<\/p>\n","protected":false},"excerpt":{"rendered":"<div class=\"mh-excerpt\"><p>O 80% DOS CONTRATOS DAS PERSOAS PARTICIPANTES NO PROGRAMA INTEGRADO DE EMPREGO DA ASOCIACI\u00d3N DE EMPRESARIOS DE REDONDELA 2020\/21 CUMPRE OS CRITER\u00cdOS DE CALIDADE DO EMPREGO ESIXIDOS POLA XUNTA DE GALICIA <a class=\"mh-excerpt-more\" href=\"https:\/\/www.anovapeneira.gal\/index.php\/2021\/11\/24\/a-asociacion-de-empresarios-de-redondela-destaca-o-alto-grado-de-calidade-do-emprego-acadado-polas-persoas-participantes-no-programa-integrado-de-emprego-da-entidade\/\" title=\"A ASOCIACI\u00d3N DE EMPRESARIOS DE REDONDELA DESTACA O ALTO GRADO DE CALIDADE DO EMPREGO ACADADO POLAS PERSOAS PARTICIPANTES NO PROGRAMA INTEGRADO DE EMPREGO DA ENTIDADE\">[&#8230;]<\/a><\/p>\n<\/div>","protected":false},"author":1,"featured_media":6478,"comment_status":"open","ping_status":"open","sticky":false,"template":"","format":"standard","meta":{"_exactmetrics_skip_tracking":false,"_exactmetrics_sitenote_active":false,"_exactmetrics_sitenote_note":"","_exactmetrics_sitenote_category":0,"footnotes":""},"categories":[24],"tags":[171],"class_list":{"0":"post-6476","1":"post","2":"type-post","3":"status-publish","4":"format-standard","5":"has-post-thumbnail","7":"category-redondela","8":"tag-concello-de-redondela"},"yoast_head":"<!-- This site is optimized with the Yoast SEO plugin v27.4 - https:\/\/yoast.com\/product\/yoast-seo-wordpress\/ -->\n<title>A ASOCIACI\u00d3N DE EMPRESARIOS DE REDONDELA DESTACA O ALTO GRADO DE CALIDADE DO EMPREGO ACADADO POLAS PERSOAS PARTICIPANTES NO PROGRAMA INTEGRADO DE EMPREGO DA ENTIDADE -<\/title>\n<meta name=\"description\" content=\"O 80% DOS CONTRATOS DAS PERSOAS PARTICIPANTES NO PROGRAMA INTEGRADO DE EMPREGO DA ASOCIACI\u00d3N DE EMPRESARIOS DE REDONDELA 2020\/21 CUMPRE OS CRITER\u00cdOS DE CALIDADE DO EMPREGO ESIXIDOS POLA XUNTA DE GALICIA\" \/>\n<meta name=\"robots\" content=\"index, follow, max-snippet:-1, max-image-preview:large, max-video-preview:-1\" \/>\n<link rel=\"canonical\" href=\"https:\/\/www.anovapeneira.gal\/index.php\/2021\/11\/24\/a-asociacion-de-empresarios-de-redondela-destaca-o-alto-grado-de-calidade-do-emprego-acadado-polas-persoas-participantes-no-programa-integrado-de-emprego-da-entidade\/\" \/>\n<meta property=\"og:locale\" content=\"gl_ES\" \/>\n<meta property=\"og:type\" content=\"article\" \/>\n<meta property=\"og:title\" content=\"A ASOCIACI\u00d3N DE EMPRESARIOS DE REDONDELA DESTACA O ALTO GRADO DE CALIDADE DO EMPREGO ACADADO POLAS PERSOAS PARTICIPANTES NO PROGRAMA INTEGRADO DE EMPREGO DA ENTIDADE -\" \/>\n<meta property=\"og:description\" content=\"O 80% DOS CONTRATOS DAS PERSOAS PARTICIPANTES NO PROGRAMA INTEGRADO DE EMPREGO DA ASOCIACI\u00d3N DE EMPRESARIOS DE REDONDELA 2020\/21 CUMPRE OS CRITER\u00cdOS DE CALIDADE DO EMPREGO ESIXIDOS POLA XUNTA DE GALICIA\" \/>\n<meta property=\"og:url\" content=\"https:\/\/www.anovapeneira.gal\/index.php\/2021\/11\/24\/a-asociacion-de-empresarios-de-redondela-destaca-o-alto-grado-de-calidade-do-emprego-acadado-polas-persoas-participantes-no-programa-integrado-de-emprego-da-entidade\/\" \/>\n<meta property=\"article:publisher\" content=\"https:\/\/www.facebook.com\/anovapeneira\" \/>\n<meta property=\"article:author\" content=\"https:\/\/www.facebook.com\/anovapeneira\/\" \/>\n<meta property=\"article:published_time\" content=\"2021-11-24T11:00:27+00:00\" \/>\n<meta property=\"og:image\" content=\"https:\/\/www.anovapeneira.gal\/wp-content\/uploads\/2021\/11\/PARTENON-3-copia.jpg\" \/>\n\t<meta property=\"og:image:width\" content=\"720\" \/>\n\t<meta property=\"og:image:height\" content=\"432\" \/>\n\t<meta property=\"og:image:type\" content=\"image\/jpeg\" \/>\n<meta name=\"author\" content=\"admin\" \/>\n<meta name=\"twitter:card\" content=\"summary_large_image\" \/>\n<meta name=\"twitter:creator\" content=\"@APeneira\" \/>\n<meta name=\"twitter:site\" content=\"@APeneira\" \/>\n<meta name=\"twitter:label1\" content=\"Escrito por\" \/>\n\t<meta name=\"twitter:data1\" content=\"admin\" \/>\n\t<meta name=\"twitter:label2\" content=\"Tempo de lectura\" \/>\n\t<meta name=\"twitter:data2\" content=\"3 minutos\" \/>\n<script type=\"application\/ld+json\" class=\"yoast-schema-graph\">{\"@context\":\"https:\\\/\\\/schema.org\",\"@graph\":[{\"@type\":\"Article\",\"@id\":\"https:\\\/\\\/www.anovapeneira.gal\\\/index.php\\\/2021\\\/11\\\/24\\\/a-asociacion-de-empresarios-de-redondela-destaca-o-alto-grado-de-calidade-do-emprego-acadado-polas-persoas-participantes-no-programa-integrado-de-emprego-da-entidade\\\/#article\",\"isPartOf\":{\"@id\":\"https:\\\/\\\/www.anovapeneira.gal\\\/index.php\\\/2021\\\/11\\\/24\\\/a-asociacion-de-empresarios-de-redondela-destaca-o-alto-grado-de-calidade-do-emprego-acadado-polas-persoas-participantes-no-programa-integrado-de-emprego-da-entidade\\\/\"},\"author\":{\"name\":\"admin\",\"@id\":\"https:\\\/\\\/www.anovapeneira.gal\\\/#\\\/schema\\\/person\\\/fb77575328c93684dae4b0075f90c2cb\"},\"headline\":\"A ASOCIACI\u00d3N DE EMPRESARIOS DE REDONDELA DESTACA O ALTO GRADO DE CALIDADE DO EMPREGO ACADADO POLAS PERSOAS PARTICIPANTES NO PROGRAMA INTEGRADO DE EMPREGO DA ENTIDADE\",\"datePublished\":\"2021-11-24T11:00:27+00:00\",\"mainEntityOfPage\":{\"@id\":\"https:\\\/\\\/www.anovapeneira.gal\\\/index.php\\\/2021\\\/11\\\/24\\\/a-asociacion-de-empresarios-de-redondela-destaca-o-alto-grado-de-calidade-do-emprego-acadado-polas-persoas-participantes-no-programa-integrado-de-emprego-da-entidade\\\/\"},\"wordCount\":548,\"commentCount\":0,\"publisher\":{\"@id\":\"https:\\\/\\\/www.anovapeneira.gal\\\/#organization\"},\"image\":{\"@id\":\"https:\\\/\\\/www.anovapeneira.gal\\\/index.php\\\/2021\\\/11\\\/24\\\/a-asociacion-de-empresarios-de-redondela-destaca-o-alto-grado-de-calidade-do-emprego-acadado-polas-persoas-participantes-no-programa-integrado-de-emprego-da-entidade\\\/#primaryimage\"},\"thumbnailUrl\":\"https:\\\/\\\/www.anovapeneira.gal\\\/wp-content\\\/uploads\\\/2021\\\/11\\\/PARTENON-3-copia.jpg\",\"keywords\":[\"Concello de Redondela\"],\"articleSection\":[\"Redondela\"],\"inLanguage\":\"gl-ES\",\"potentialAction\":[{\"@type\":\"CommentAction\",\"name\":\"Comment\",\"target\":[\"https:\\\/\\\/www.anovapeneira.gal\\\/index.php\\\/2021\\\/11\\\/24\\\/a-asociacion-de-empresarios-de-redondela-destaca-o-alto-grado-de-calidade-do-emprego-acadado-polas-persoas-participantes-no-programa-integrado-de-emprego-da-entidade\\\/#respond\"]}]},{\"@type\":\"WebPage\",\"@id\":\"https:\\\/\\\/www.anovapeneira.gal\\\/index.php\\\/2021\\\/11\\\/24\\\/a-asociacion-de-empresarios-de-redondela-destaca-o-alto-grado-de-calidade-do-emprego-acadado-polas-persoas-participantes-no-programa-integrado-de-emprego-da-entidade\\\/\",\"url\":\"https:\\\/\\\/www.anovapeneira.gal\\\/index.php\\\/2021\\\/11\\\/24\\\/a-asociacion-de-empresarios-de-redondela-destaca-o-alto-grado-de-calidade-do-emprego-acadado-polas-persoas-participantes-no-programa-integrado-de-emprego-da-entidade\\\/\",\"name\":\"A ASOCIACI\u00d3N DE EMPRESARIOS DE REDONDELA DESTACA O ALTO GRADO DE CALIDADE DO EMPREGO ACADADO POLAS PERSOAS PARTICIPANTES NO PROGRAMA INTEGRADO DE EMPREGO DA ENTIDADE -\",\"isPartOf\":{\"@id\":\"https:\\\/\\\/www.anovapeneira.gal\\\/#website\"},\"primaryImageOfPage\":{\"@id\":\"https:\\\/\\\/www.anovapeneira.gal\\\/index.php\\\/2021\\\/11\\\/24\\\/a-asociacion-de-empresarios-de-redondela-destaca-o-alto-grado-de-calidade-do-emprego-acadado-polas-persoas-participantes-no-programa-integrado-de-emprego-da-entidade\\\/#primaryimage\"},\"image\":{\"@id\":\"https:\\\/\\\/www.anovapeneira.gal\\\/index.php\\\/2021\\\/11\\\/24\\\/a-asociacion-de-empresarios-de-redondela-destaca-o-alto-grado-de-calidade-do-emprego-acadado-polas-persoas-participantes-no-programa-integrado-de-emprego-da-entidade\\\/#primaryimage\"},\"thumbnailUrl\":\"https:\\\/\\\/www.anovapeneira.gal\\\/wp-content\\\/uploads\\\/2021\\\/11\\\/PARTENON-3-copia.jpg\",\"datePublished\":\"2021-11-24T11:00:27+00:00\",\"description\":\"O 80% DOS CONTRATOS DAS PERSOAS PARTICIPANTES NO PROGRAMA INTEGRADO DE EMPREGO DA ASOCIACI\u00d3N DE EMPRESARIOS DE REDONDELA 2020\\\/21 CUMPRE OS CRITER\u00cdOS DE CALIDADE DO EMPREGO ESIXIDOS POLA XUNTA DE GALICIA\",\"breadcrumb\":{\"@id\":\"https:\\\/\\\/www.anovapeneira.gal\\\/index.php\\\/2021\\\/11\\\/24\\\/a-asociacion-de-empresarios-de-redondela-destaca-o-alto-grado-de-calidade-do-emprego-acadado-polas-persoas-participantes-no-programa-integrado-de-emprego-da-entidade\\\/#breadcrumb\"},\"inLanguage\":\"gl-ES\",\"potentialAction\":[{\"@type\":\"ReadAction\",\"target\":[\"https:\\\/\\\/www.anovapeneira.gal\\\/index.php\\\/2021\\\/11\\\/24\\\/a-asociacion-de-empresarios-de-redondela-destaca-o-alto-grado-de-calidade-do-emprego-acadado-polas-persoas-participantes-no-programa-integrado-de-emprego-da-entidade\\\/\"]}]},{\"@type\":\"ImageObject\",\"inLanguage\":\"gl-ES\",\"@id\":\"https:\\\/\\\/www.anovapeneira.gal\\\/index.php\\\/2021\\\/11\\\/24\\\/a-asociacion-de-empresarios-de-redondela-destaca-o-alto-grado-de-calidade-do-emprego-acadado-polas-persoas-participantes-no-programa-integrado-de-emprego-da-entidade\\\/#primaryimage\",\"url\":\"https:\\\/\\\/www.anovapeneira.gal\\\/wp-content\\\/uploads\\\/2021\\\/11\\\/PARTENON-3-copia.jpg\",\"contentUrl\":\"https:\\\/\\\/www.anovapeneira.gal\\\/wp-content\\\/uploads\\\/2021\\\/11\\\/PARTENON-3-copia.jpg\",\"width\":720,\"height\":432,\"caption\":\"A ASOCIACI\u00d3N DE EMPRESARIOS DE REDONDELA DESTACA O ALTO GRADO DE CALIDADE DO EMPREGO ACADADO POLAS PERSOAS PARTICIPANTES NO PROGRAMA INTEGRADO DE EMPREGO DA ENTIDADE\"},{\"@type\":\"BreadcrumbList\",\"@id\":\"https:\\\/\\\/www.anovapeneira.gal\\\/index.php\\\/2021\\\/11\\\/24\\\/a-asociacion-de-empresarios-de-redondela-destaca-o-alto-grado-de-calidade-do-emprego-acadado-polas-persoas-participantes-no-programa-integrado-de-emprego-da-entidade\\\/#breadcrumb\",\"itemListElement\":[{\"@type\":\"ListItem\",\"position\":1,\"name\":\"Portada\",\"item\":\"https:\\\/\\\/www.anovapeneira.gal\\\/\"},{\"@type\":\"ListItem\",\"position\":2,\"name\":\"A ASOCIACI\u00d3N DE EMPRESARIOS DE REDONDELA DESTACA O ALTO GRADO DE CALIDADE DO EMPREGO ACADADO POLAS PERSOAS PARTICIPANTES NO PROGRAMA INTEGRADO DE EMPREGO DA ENTIDADE\"}]},{\"@type\":\"WebSite\",\"@id\":\"https:\\\/\\\/www.anovapeneira.gal\\\/#website\",\"url\":\"https:\\\/\\\/www.anovapeneira.gal\\\/\",\"name\":\"\",\"description\":\"Xornal galego de informaci\u00f3n xeral Publicaci\u00f3n mensual de novas de Galicia e en especial dos Concellos da sur da provincia de Pontevedra.\",\"publisher\":{\"@id\":\"https:\\\/\\\/www.anovapeneira.gal\\\/#organization\"},\"potentialAction\":[{\"@type\":\"SearchAction\",\"target\":{\"@type\":\"EntryPoint\",\"urlTemplate\":\"https:\\\/\\\/www.anovapeneira.gal\\\/?s={search_term_string}\"},\"query-input\":{\"@type\":\"PropertyValueSpecification\",\"valueRequired\":true,\"valueName\":\"search_term_string\"}}],\"inLanguage\":\"gl-ES\"},{\"@type\":\"Organization\",\"@id\":\"https:\\\/\\\/www.anovapeneira.gal\\\/#organization\",\"name\":\"A Nova Peneira\",\"url\":\"https:\\\/\\\/www.anovapeneira.gal\\\/\",\"logo\":{\"@type\":\"ImageObject\",\"inLanguage\":\"gl-ES\",\"@id\":\"https:\\\/\\\/www.anovapeneira.gal\\\/#\\\/schema\\\/logo\\\/image\\\/\",\"url\":\"http:\\\/\\\/www.anovapeneira.gal\\\/wp-content\\\/uploads\\\/2019\\\/06\\\/logo_a_nova_peneira_portal_web.png\",\"contentUrl\":\"http:\\\/\\\/www.anovapeneira.gal\\\/wp-content\\\/uploads\\\/2019\\\/06\\\/logo_a_nova_peneira_portal_web.png\",\"width\":300,\"height\":100,\"caption\":\"A Nova Peneira\"},\"image\":{\"@id\":\"https:\\\/\\\/www.anovapeneira.gal\\\/#\\\/schema\\\/logo\\\/image\\\/\"},\"sameAs\":[\"https:\\\/\\\/www.facebook.com\\\/anovapeneira\",\"https:\\\/\\\/x.com\\\/APeneira\"]},{\"@type\":\"Person\",\"@id\":\"https:\\\/\\\/www.anovapeneira.gal\\\/#\\\/schema\\\/person\\\/fb77575328c93684dae4b0075f90c2cb\",\"name\":\"admin\",\"image\":{\"@type\":\"ImageObject\",\"inLanguage\":\"gl-ES\",\"@id\":\"https:\\\/\\\/secure.gravatar.com\\\/avatar\\\/df15c36ce375448325e0bc870e91bbee95947a002eb98dcfd6c2b053e18843e9?s=96&d=mm&r=g\",\"url\":\"https:\\\/\\\/secure.gravatar.com\\\/avatar\\\/df15c36ce375448325e0bc870e91bbee95947a002eb98dcfd6c2b053e18843e9?s=96&d=mm&r=g\",\"contentUrl\":\"https:\\\/\\\/secure.gravatar.com\\\/avatar\\\/df15c36ce375448325e0bc870e91bbee95947a002eb98dcfd6c2b053e18843e9?s=96&d=mm&r=g\",\"caption\":\"admin\"},\"description\":\"Xornal galego de informaci\u00f3n xeral Publicaci\u00f3n mensual de novas de Galicia e en especial dos Concellos da sur da provincia de Pontevedra.\",\"sameAs\":[\"http:\\\/\\\/www.anovapeneira.gal\\\/\",\"https:\\\/\\\/www.facebook.com\\\/anovapeneira\\\/\"],\"url\":\"https:\\\/\\\/www.anovapeneira.gal\\\/index.php\\\/author\\\/admin\\\/\"}]}<\/script>\n<!-- \/ Yoast SEO plugin. -->","yoast_head_json":{"title":"A ASOCIACI\u00d3N DE EMPRESARIOS DE REDONDELA DESTACA O ALTO GRADO DE CALIDADE DO EMPREGO ACADADO POLAS PERSOAS PARTICIPANTES NO PROGRAMA INTEGRADO DE EMPREGO DA ENTIDADE -","description":"O 80% DOS CONTRATOS DAS PERSOAS PARTICIPANTES NO PROGRAMA INTEGRADO DE EMPREGO DA ASOCIACI\u00d3N DE EMPRESARIOS DE REDONDELA 2020\/21 CUMPRE OS CRITER\u00cdOS DE CALIDADE DO EMPREGO ESIXIDOS POLA XUNTA DE GALICIA","robots":{"index":"index","follow":"follow","max-snippet":"max-snippet:-1","max-image-preview":"max-image-preview:large","max-video-preview":"max-video-preview:-1"},"canonical":"https:\/\/www.anovapeneira.gal\/index.php\/2021\/11\/24\/a-asociacion-de-empresarios-de-redondela-destaca-o-alto-grado-de-calidade-do-emprego-acadado-polas-persoas-participantes-no-programa-integrado-de-emprego-da-entidade\/","og_locale":"gl_ES","og_type":"article","og_title":"A ASOCIACI\u00d3N DE EMPRESARIOS DE REDONDELA DESTACA O ALTO GRADO DE CALIDADE DO EMPREGO ACADADO POLAS PERSOAS PARTICIPANTES NO PROGRAMA INTEGRADO DE EMPREGO DA ENTIDADE -","og_description":"O 80% DOS CONTRATOS DAS PERSOAS PARTICIPANTES NO PROGRAMA INTEGRADO DE EMPREGO DA ASOCIACI\u00d3N DE EMPRESARIOS DE REDONDELA 2020\/21 CUMPRE OS CRITER\u00cdOS DE CALIDADE DO EMPREGO ESIXIDOS POLA XUNTA DE GALICIA","og_url":"https:\/\/www.anovapeneira.gal\/index.php\/2021\/11\/24\/a-asociacion-de-empresarios-de-redondela-destaca-o-alto-grado-de-calidade-do-emprego-acadado-polas-persoas-participantes-no-programa-integrado-de-emprego-da-entidade\/","article_publisher":"https:\/\/www.facebook.com\/anovapeneira","article_author":"https:\/\/www.facebook.com\/anovapeneira\/","article_published_time":"2021-11-24T11:00:27+00:00","og_image":[{"width":720,"height":432,"url":"https:\/\/www.anovapeneira.gal\/wp-content\/uploads\/2021\/11\/PARTENON-3-copia.jpg","type":"image\/jpeg"}],"author":"admin","twitter_card":"summary_large_image","twitter_creator":"@APeneira","twitter_site":"@APeneira","twitter_misc":{"Escrito por":"admin","Tempo de lectura":"3 minutos"},"schema":{"@context":"https:\/\/schema.org","@graph":[{"@type":"Article","@id":"https:\/\/www.anovapeneira.gal\/index.php\/2021\/11\/24\/a-asociacion-de-empresarios-de-redondela-destaca-o-alto-grado-de-calidade-do-emprego-acadado-polas-persoas-participantes-no-programa-integrado-de-emprego-da-entidade\/#article","isPartOf":{"@id":"https:\/\/www.anovapeneira.gal\/index.php\/2021\/11\/24\/a-asociacion-de-empresarios-de-redondela-destaca-o-alto-grado-de-calidade-do-emprego-acadado-polas-persoas-participantes-no-programa-integrado-de-emprego-da-entidade\/"},"author":{"name":"admin","@id":"https:\/\/www.anovapeneira.gal\/#\/schema\/person\/fb77575328c93684dae4b0075f90c2cb"},"headline":"A ASOCIACI\u00d3N DE EMPRESARIOS DE REDONDELA DESTACA O ALTO GRADO DE CALIDADE DO EMPREGO ACADADO POLAS PERSOAS PARTICIPANTES NO PROGRAMA INTEGRADO DE EMPREGO DA ENTIDADE","datePublished":"2021-11-24T11:00:27+00:00","mainEntityOfPage":{"@id":"https:\/\/www.anovapeneira.gal\/index.php\/2021\/11\/24\/a-asociacion-de-empresarios-de-redondela-destaca-o-alto-grado-de-calidade-do-emprego-acadado-polas-persoas-participantes-no-programa-integrado-de-emprego-da-entidade\/"},"wordCount":548,"commentCount":0,"publisher":{"@id":"https:\/\/www.anovapeneira.gal\/#organization"},"image":{"@id":"https:\/\/www.anovapeneira.gal\/index.php\/2021\/11\/24\/a-asociacion-de-empresarios-de-redondela-destaca-o-alto-grado-de-calidade-do-emprego-acadado-polas-persoas-participantes-no-programa-integrado-de-emprego-da-entidade\/#primaryimage"},"thumbnailUrl":"https:\/\/www.anovapeneira.gal\/wp-content\/uploads\/2021\/11\/PARTENON-3-copia.jpg","keywords":["Concello de Redondela"],"articleSection":["Redondela"],"inLanguage":"gl-ES","potentialAction":[{"@type":"CommentAction","name":"Comment","target":["https:\/\/www.anovapeneira.gal\/index.php\/2021\/11\/24\/a-asociacion-de-empresarios-de-redondela-destaca-o-alto-grado-de-calidade-do-emprego-acadado-polas-persoas-participantes-no-programa-integrado-de-emprego-da-entidade\/#respond"]}]},{"@type":"WebPage","@id":"https:\/\/www.anovapeneira.gal\/index.php\/2021\/11\/24\/a-asociacion-de-empresarios-de-redondela-destaca-o-alto-grado-de-calidade-do-emprego-acadado-polas-persoas-participantes-no-programa-integrado-de-emprego-da-entidade\/","url":"https:\/\/www.anovapeneira.gal\/index.php\/2021\/11\/24\/a-asociacion-de-empresarios-de-redondela-destaca-o-alto-grado-de-calidade-do-emprego-acadado-polas-persoas-participantes-no-programa-integrado-de-emprego-da-entidade\/","name":"A ASOCIACI\u00d3N DE EMPRESARIOS DE REDONDELA DESTACA O ALTO GRADO DE CALIDADE DO EMPREGO ACADADO POLAS PERSOAS PARTICIPANTES NO PROGRAMA INTEGRADO DE EMPREGO DA ENTIDADE -","isPartOf":{"@id":"https:\/\/www.anovapeneira.gal\/#website"},"primaryImageOfPage":{"@id":"https:\/\/www.anovapeneira.gal\/index.php\/2021\/11\/24\/a-asociacion-de-empresarios-de-redondela-destaca-o-alto-grado-de-calidade-do-emprego-acadado-polas-persoas-participantes-no-programa-integrado-de-emprego-da-entidade\/#primaryimage"},"image":{"@id":"https:\/\/www.anovapeneira.gal\/index.php\/2021\/11\/24\/a-asociacion-de-empresarios-de-redondela-destaca-o-alto-grado-de-calidade-do-emprego-acadado-polas-persoas-participantes-no-programa-integrado-de-emprego-da-entidade\/#primaryimage"},"thumbnailUrl":"https:\/\/www.anovapeneira.gal\/wp-content\/uploads\/2021\/11\/PARTENON-3-copia.jpg","datePublished":"2021-11-24T11:00:27+00:00","description":"O 80% DOS CONTRATOS DAS PERSOAS PARTICIPANTES NO PROGRAMA INTEGRADO DE EMPREGO DA ASOCIACI\u00d3N DE EMPRESARIOS DE REDONDELA 2020\/21 CUMPRE OS CRITER\u00cdOS DE CALIDADE DO EMPREGO ESIXIDOS POLA XUNTA DE GALICIA","breadcrumb":{"@id":"https:\/\/www.anovapeneira.gal\/index.php\/2021\/11\/24\/a-asociacion-de-empresarios-de-redondela-destaca-o-alto-grado-de-calidade-do-emprego-acadado-polas-persoas-participantes-no-programa-integrado-de-emprego-da-entidade\/#breadcrumb"},"inLanguage":"gl-ES","potentialAction":[{"@type":"ReadAction","target":["https:\/\/www.anovapeneira.gal\/index.php\/2021\/11\/24\/a-asociacion-de-empresarios-de-redondela-destaca-o-alto-grado-de-calidade-do-emprego-acadado-polas-persoas-participantes-no-programa-integrado-de-emprego-da-entidade\/"]}]},{"@type":"ImageObject","inLanguage":"gl-ES","@id":"https:\/\/www.anovapeneira.gal\/index.php\/2021\/11\/24\/a-asociacion-de-empresarios-de-redondela-destaca-o-alto-grado-de-calidade-do-emprego-acadado-polas-persoas-participantes-no-programa-integrado-de-emprego-da-entidade\/#primaryimage","url":"https:\/\/www.anovapeneira.gal\/wp-content\/uploads\/2021\/11\/PARTENON-3-copia.jpg","contentUrl":"https:\/\/www.anovapeneira.gal\/wp-content\/uploads\/2021\/11\/PARTENON-3-copia.jpg","width":720,"height":432,"caption":"A ASOCIACI\u00d3N DE EMPRESARIOS DE REDONDELA DESTACA O ALTO GRADO DE CALIDADE DO EMPREGO ACADADO POLAS PERSOAS PARTICIPANTES NO PROGRAMA INTEGRADO DE EMPREGO DA ENTIDADE"},{"@type":"BreadcrumbList","@id":"https:\/\/www.anovapeneira.gal\/index.php\/2021\/11\/24\/a-asociacion-de-empresarios-de-redondela-destaca-o-alto-grado-de-calidade-do-emprego-acadado-polas-persoas-participantes-no-programa-integrado-de-emprego-da-entidade\/#breadcrumb","itemListElement":[{"@type":"ListItem","position":1,"name":"Portada","item":"https:\/\/www.anovapeneira.gal\/"},{"@type":"ListItem","position":2,"name":"A ASOCIACI\u00d3N DE EMPRESARIOS DE REDONDELA DESTACA O ALTO GRADO DE CALIDADE DO EMPREGO ACADADO POLAS PERSOAS PARTICIPANTES NO PROGRAMA INTEGRADO DE EMPREGO DA ENTIDADE"}]},{"@type":"WebSite","@id":"https:\/\/www.anovapeneira.gal\/#website","url":"https:\/\/www.anovapeneira.gal\/","name":"","description":"Xornal galego de informaci\u00f3n xeral Publicaci\u00f3n mensual de novas de Galicia e en especial dos Concellos da sur da provincia de Pontevedra.","publisher":{"@id":"https:\/\/www.anovapeneira.gal\/#organization"},"potentialAction":[{"@type":"SearchAction","target":{"@type":"EntryPoint","urlTemplate":"https:\/\/www.anovapeneira.gal\/?s={search_term_string}"},"query-input":{"@type":"PropertyValueSpecification","valueRequired":true,"valueName":"search_term_string"}}],"inLanguage":"gl-ES"},{"@type":"Organization","@id":"https:\/\/www.anovapeneira.gal\/#organization","name":"A Nova Peneira","url":"https:\/\/www.anovapeneira.gal\/","logo":{"@type":"ImageObject","inLanguage":"gl-ES","@id":"https:\/\/www.anovapeneira.gal\/#\/schema\/logo\/image\/","url":"http:\/\/www.anovapeneira.gal\/wp-content\/uploads\/2019\/06\/logo_a_nova_peneira_portal_web.png","contentUrl":"http:\/\/www.anovapeneira.gal\/wp-content\/uploads\/2019\/06\/logo_a_nova_peneira_portal_web.png","width":300,"height":100,"caption":"A Nova Peneira"},"image":{"@id":"https:\/\/www.anovapeneira.gal\/#\/schema\/logo\/image\/"},"sameAs":["https:\/\/www.facebook.com\/anovapeneira","https:\/\/x.com\/APeneira"]},{"@type":"Person","@id":"https:\/\/www.anovapeneira.gal\/#\/schema\/person\/fb77575328c93684dae4b0075f90c2cb","name":"admin","image":{"@type":"ImageObject","inLanguage":"gl-ES","@id":"https:\/\/secure.gravatar.com\/avatar\/df15c36ce375448325e0bc870e91bbee95947a002eb98dcfd6c2b053e18843e9?s=96&d=mm&r=g","url":"https:\/\/secure.gravatar.com\/avatar\/df15c36ce375448325e0bc870e91bbee95947a002eb98dcfd6c2b053e18843e9?s=96&d=mm&r=g","contentUrl":"https:\/\/secure.gravatar.com\/avatar\/df15c36ce375448325e0bc870e91bbee95947a002eb98dcfd6c2b053e18843e9?s=96&d=mm&r=g","caption":"admin"},"description":"Xornal galego de informaci\u00f3n xeral Publicaci\u00f3n mensual de novas de Galicia e en especial dos Concellos da sur da provincia de Pontevedra.","sameAs":["http:\/\/www.anovapeneira.gal\/","https:\/\/www.facebook.com\/anovapeneira\/"],"url":"https:\/\/www.anovapeneira.gal\/index.php\/author\/admin\/"}]}},"jetpack_featured_media_url":"https:\/\/www.anovapeneira.gal\/wp-content\/uploads\/2021\/11\/PARTENON-3-copia.jpg","_links":{"self":[{"href":"https:\/\/www.anovapeneira.gal\/index.php\/wp-json\/wp\/v2\/posts\/6476","targetHints":{"allow":["GET"]}}],"collection":[{"href":"https:\/\/www.anovapeneira.gal\/index.php\/wp-json\/wp\/v2\/posts"}],"about":[{"href":"https:\/\/www.anovapeneira.gal\/index.php\/wp-json\/wp\/v2\/types\/post"}],"author":[{"embeddable":true,"href":"https:\/\/www.anovapeneira.gal\/index.php\/wp-json\/wp\/v2\/users\/1"}],"replies":[{"embeddable":true,"href":"https:\/\/www.anovapeneira.gal\/index.php\/wp-json\/wp\/v2\/comments?post=6476"}],"version-history":[{"count":2,"href":"https:\/\/www.anovapeneira.gal\/index.php\/wp-json\/wp\/v2\/posts\/6476\/revisions"}],"predecessor-version":[{"id":6479,"href":"https:\/\/www.anovapeneira.gal\/index.php\/wp-json\/wp\/v2\/posts\/6476\/revisions\/6479"}],"wp:featuredmedia":[{"embeddable":true,"href":"https:\/\/www.anovapeneira.gal\/index.php\/wp-json\/wp\/v2\/media\/6478"}],"wp:attachment":[{"href":"https:\/\/www.anovapeneira.gal\/index.php\/wp-json\/wp\/v2\/media?parent=6476"}],"wp:term":[{"taxonomy":"category","embeddable":true,"href":"https:\/\/www.anovapeneira.gal\/index.php\/wp-json\/wp\/v2\/categories?post=6476"},{"taxonomy":"post_tag","embeddable":true,"href":"https:\/\/www.anovapeneira.gal\/index.php\/wp-json\/wp\/v2\/tags?post=6476"}],"curies":[{"name":"wp","href":"https:\/\/api.w.org\/{rel}","templated":true}]}}