{"id":6482,"date":"2021-11-25T10:00:34","date_gmt":"2021-11-25T09:00:34","guid":{"rendered":"https:\/\/www.anovapeneira.gal\/?p=6482"},"modified":"2021-11-11T10:13:47","modified_gmt":"2021-11-11T09:13:47","slug":"digna-rivas-alcaldesa-de-redondela-4","status":"publish","type":"post","link":"https:\/\/www.anovapeneira.gal\/index.php\/2021\/11\/25\/digna-rivas-alcaldesa-de-redondela-4\/","title":{"rendered":"Digna Rivas alcaldesa de Redondela"},"content":{"rendered":"\n<h2 class=\"wp-block-heading\"><strong>Ti\u00f1a ga\u00f1as de poder falar coa alcaldesa de Redondela, pois despois da ruptura do goberno municipal tras a decisi\u00f3n dos concelleiros de AER de abandonalo a\u00ednda non tivera ocasi\u00f3n de facelo. Vela\u00ed vai o que deu de si a nosa ampla conversa, na que tratamos unha ampla gama de temas da actualidade pol\u00edtica local<\/strong><\/h2>\n\n\n\n<p>\u201c<strong>O PP est\u00e1 paralizando voluntariamente o funcionamento de Redondela, e que quede claro non me boicotea a min, boicotea a Redondela\u201d<\/strong><\/p>\n\n\n\n<p><strong>O primeiro que me chama a atenci\u00f3n, Digna, e a enorme enerx\u00eda e entusiasmo co que nos atendes. Rec\u00f3rdasme a unha atleta a piques de comezar unha carreira que est\u00e1 decidida a ga\u00f1ar?<\/strong><\/p>\n\n\n\n<blockquote class=\"wp-block-quote is-layout-flow wp-block-quote-is-layout-flow\"><p>Ha ha ha ha ha. Ben, eu sempre fun unha muller moi traballadora e a verdade \u00e9 que lle po\u00f1o moito entusiasmo a todo o que fago. E se o meu traballo \u00e9, como nesta etapa da mi\u00f1a vida, algo tan importante como o servizo \u00e1s veci\u00f1as e veci\u00f1os do meu pobo pois moito m\u00e1is.<\/p><\/blockquote>\n\n\n\n<p><strong>Te\u00f1o un s\u00faper colega en Chapela, que est\u00e1 moito m\u00e1is \u00e1 esquerda do que est\u00e1s ti, que me di que alucina coa t\u00faa capacidade de traballo pois seica se ten cruzado contigo moitas veces en moitos dos cami\u00f1os da parroquia. Ti es das que patean o concello?<\/strong><\/p>\n\n\n\n<blockquote class=\"wp-block-quote is-layout-flow wp-block-quote-is-layout-flow\"><p>Non tanto como me gustar\u00eda. Pero f\u00e1goo todo o que podo, que insisto sempre \u00e9 menos do que me gustar\u00eda. Te\u00f1o a intenci\u00f3n de recuperar as xuntanzas abertas coa veci\u00f1anza que por desgraza a pandemia obrigounos a suspender.<\/p><\/blockquote>\n\n\n\n<p><strong>Ben, malia que en aparencia se che ve contenta, supo\u00f1o que non podes estar satisfeita de como o inicial goberno bipartito converteuse nun goberno en minor\u00eda do partido socialista?<\/strong><\/p>\n\n\n\n<blockquote class=\"wp-block-quote is-layout-flow wp-block-quote-is-layout-flow\"><p>Non claro que non. Pero se nalg\u00fan momento do meu mandato hai colisi\u00f3n entre a estabilidade pol\u00edtica do meu goberno e a atenci\u00f3n adecuada \u00e1 veci\u00f1anza eu vou escoller, sempre, \u00e1 veci\u00f1anza, por moito coste pol\u00edtico que me supo\u00f1a<\/p><\/blockquote>\n\n\n\n<p><strong>Pero o asunto das algas era tan relevante como para retirarlle as competencias a Roberto?<\/strong><\/p>\n\n\n\n<blockquote class=\"wp-block-quote is-layout-flow wp-block-quote-is-layout-flow\"><p>Para a veci\u00f1anza si. Era moi importante e n\u00f3s deb\u00e9monos aos nosos veci\u00f1os e veci\u00f1as<\/p><\/blockquote>\n\n\n\n<p><strong>O paso do tempo, que soe mitigar os episodios de tensi\u00f3n, fixo que reafirmes ou cuestiones a t\u00faa decisi\u00f3n de retirarlle as competencias a Roberto?<\/strong><\/p>\n\n\n\n<blockquote class=\"wp-block-quote is-layout-flow wp-block-quote-is-layout-flow\"><p>Eu aviseino con antelaci\u00f3n e d\u00edxenlle que se non retiraba as algas tomar\u00eda medidas, que foron quitarlle s\u00f3 as competencias de limpeza de praias , nada m\u00e1is. O resto de competencias da s\u00faa conceller\u00eda mant\u00ed\u00f1aas.<\/p><\/blockquote>\n\n\n\n<p><strong>Ent\u00f3n antes de tomar esa decisi\u00f3n avis\u00e1chelo?<\/strong><\/p>\n\n\n\n<blockquote class=\"wp-block-quote is-layout-flow wp-block-quote-is-layout-flow\"><p>Si<\/p><\/blockquote>\n\n\n\n<p><strong>E el non che fixo caso?<\/strong><\/p>\n\n\n\n<blockquote class=\"wp-block-quote is-layout-flow wp-block-quote-is-layout-flow\"><p>Non, pero xa est\u00e1. El ti\u00f1a a s\u00faa opini\u00f3n, pero claro non podemos facer o que a n\u00f3s nos gusta sen contar coas opini\u00f3ns dos demais<\/p><\/blockquote>\n\n\n\n<p><strong>Volvo coa pregunta anterior: no momento presente segues considerando que quitarlle as competencias de limpeza de praias a Roberto foi unha decisi\u00f3n acertada?<\/strong><\/p>\n\n\n\n<blockquote class=\"wp-block-quote is-layout-flow wp-block-quote-is-layout-flow\"><p>Si, por suposto. Penso que no pleno no que lle expliquei a Roberto as motivaci\u00f3ns desta decisi\u00f3n quedou acreditada a s\u00faa pertinencia<\/p><\/blockquote>\n\n\n\n<p><strong>Como foi a recollida das algas que fixestes?<\/strong><\/p>\n\n\n\n<blockquote class=\"wp-block-quote is-layout-flow wp-block-quote-is-layout-flow\"><p>Manual. O tractor s\u00f3 se utilizou para transportalas como se fixo toda a vida<\/p><\/blockquote>\n\n\n\n<p><strong>Cando tomaches a decisi\u00f3n que tomaches con Roberto valoraches a posibilidade de que AER abandonase o goberno?<\/strong><\/p>\n\n\n\n<blockquote class=\"wp-block-quote is-layout-flow wp-block-quote-is-layout-flow\"><p>Si, claro. Incluso valorei a posibilidade dunha moci\u00f3n de censura<\/p><\/blockquote>\n\n\n\n<p><strong>A t\u00faa comodidade na alcald\u00eda \u00e9 agora maior sen AER, malia que esteas en minor\u00eda?<\/strong><\/p>\n\n\n\n<blockquote class=\"wp-block-quote is-layout-flow wp-block-quote-is-layout-flow\"><p>Non, \u00e9 exactamente igual que antes. Eu non ti\u00f1a ning\u00fan problema con AER. Traballabamos moi ben e non ti\u00f1amos ning\u00fan problema ata que aconteceu o episodio das algas<\/p><\/blockquote>\n\n\n\n<p><strong>Pero supo\u00f1o que a situaci\u00f3n aritm\u00e9tica na que est\u00e1s agora, cun goberno de 7 de 21 , fai que non sexa nada f\u00e1cil a acci\u00f3n de goberno?<\/strong><\/p>\n\n\n\n<blockquote class=\"wp-block-quote is-layout-flow wp-block-quote-is-layout-flow\"><p>\u00c9 moi complicado si. E a actitude da oposici\u00f3n faino terriblemente dif\u00edcil. Cousas tan importantes como os contratos SAF ou os de Limpeza b\u00f3tannolos abaixo e non me deixan m\u00e1is opci\u00f3n que sacalos por xunta de goberno<\/p><\/blockquote>\n\n\n\n<p><strong>Xa, pero a oposici\u00f3n fai oposici\u00f3n, igual que a fixeches ti no seu momento?<\/strong><\/p>\n\n\n\n<blockquote class=\"wp-block-quote is-layout-flow wp-block-quote-is-layout-flow\"><p>Cando n\u00f3s estivemos na oposici\u00f3n nunca boicoteamos temas importantes para a cidadan\u00eda<\/p><\/blockquote>\n\n\n\n<p><strong>Ese suposto boicot do que falas fano, ao teu xu\u00edzo, os 3 grupos de oposici\u00f3n por igual?<\/strong><\/p>\n\n\n\n<blockquote class=\"wp-block-quote is-layout-flow wp-block-quote-is-layout-flow\"><p>O PP.\u00c9 resulta chocante porque por exemplo eses contratos que antes che mencionei nos 8 anos que eles gobernaron os fixeron da mesma forma ca n\u00f3s.<\/p><\/blockquote>\n\n\n\n<p><strong>Ent\u00f3n aquel slogan de \u201cAnte todo Redondela\u201d que ti\u00f1a o PP local, para ti era mentira?<\/strong><\/p>\n\n\n\n<blockquote class=\"wp-block-quote is-layout-flow wp-block-quote-is-layout-flow\"><p>Non vou entrar a\u00ed. O que si quero dicir \u00e9 que o PP non me est\u00e1 paralizando a min, sen\u00f3n a Redondela<\/p><\/blockquote>\n\n\n\n<p><strong>Pois mudo a pregunta logo; ti cres que hai unha vontade expl\u00edcita do PP de Redondela de boicotear o funcionamento normal do Concello de Redondela?<\/strong><\/p>\n\n\n\n<blockquote class=\"wp-block-quote is-layout-flow wp-block-quote-is-layout-flow\"><p>Polos feitos que acontecen si, est\u00e1 claro que si.<\/p><\/blockquote>\n\n\n\n<p><strong>C\u00f3ntanos que pasou coa concelleira Marta Alonso?<\/strong><\/p>\n\n\n\n<blockquote class=\"wp-block-quote is-layout-flow wp-block-quote-is-layout-flow\"><p>Ben, houbo certas discrepancias en relaci\u00f3n \u00e1 polic\u00eda municipal e ela decidiu retirarse. O \u00fanico que debo dicir, ao respecto deste asunto, \u00e9 que estou profundamente agradecida a Marta polo seu traballo. Estamos traballando para mellorar a situaci\u00f3n da polic\u00eda malia os atrancos que nos po\u00f1en os partidos da oposici\u00f3n<\/p><\/blockquote>\n\n\n\n<p><strong>Ent\u00f3n a Marcha de Marta foi unha decisi\u00f3n voluntaria s\u00faa?<\/strong><\/p>\n\n\n\n<blockquote class=\"wp-block-quote is-layout-flow wp-block-quote-is-layout-flow\"><p>Si, si, foi un tema que se falou.<\/p><\/blockquote>\n\n\n\n<p><strong>A polic\u00eda local de Redondela ten o n\u00famero suficiente de axentes para dar un servizo adecuado \u00e1 veci\u00f1anza?<\/strong><\/p>\n\n\n\n<blockquote class=\"wp-block-quote is-layout-flow wp-block-quote-is-layout-flow\"><p>Ningunha polic\u00eda local de ning\u00fan concello ten o n\u00famero suficiente de axentes. O problema non ven polo n\u00famero de axentes sen\u00f3n por certas reivindicaci\u00f3ns laborais que nos fan \u00e1s que estamos tratando de dar resposta cun acordo plenario.<\/p><\/blockquote>\n\n\n\n<p><strong>Cando estabas na oposici\u00f3n criticabas que o PP non trataba con equidade \u00e1s parroquias de Redondela en relaci\u00f3n co casco urbano. Cales foron as acci\u00f3ns de goberno m\u00e1is significativas que fixestes nas parroquias de Redondela?<\/strong><\/p>\n\n\n\n<blockquote class=\"wp-block-quote is-layout-flow wp-block-quote-is-layout-flow\"><p>Bastante menos das que quixera. Te\u00f1o moitos proxectos pendentes para humanizar e asfaltar cami\u00f1os diversos<\/p><\/blockquote>\n\n\n\n<p><strong>Xa, pero dime algo concreto que te\u00f1ades feito?<\/strong><\/p>\n\n\n\n<blockquote class=\"wp-block-quote is-layout-flow wp-block-quote-is-layout-flow\"><p>A senda verde de Chapela que estamos humanizando e temos previsto que xa estea o pr\u00f3ximo mes, o famoso sem\u00e1foro de Cesantes que colocamos despois dunha longu\u00edsima reclamaci\u00f3n veci\u00f1al&#8230;.<\/p><\/blockquote>\n\n\n\n<p><strong>Falando de Chapela que nos dis do edificio de Arealonga?<\/strong><\/p>\n\n\n\n<blockquote class=\"wp-block-quote is-layout-flow wp-block-quote-is-layout-flow\"><p>O problema \u00e9 pola licencia. E ese non deixa de ser un asunto t\u00e9cnico no que n\u00f3s puidemos chegar ata onde puidemos chegar. Non puidemos facer outra cousa<\/p><\/blockquote>\n\n\n\n<p><strong>Ben un inciso antes de que me esqueza, alcaldesa, quero dicirche que para unha persoa, coma min, moi sensibilizada co idioma galego , \u00e9 un pracer ver o ben que funciona o SNL do concello<\/strong><\/p>\n\n\n\n<blockquote class=\"wp-block-quote is-layout-flow wp-block-quote-is-layout-flow\"><p>Moitas grazas, esa \u00e9 unha \u00e1rea que levo eu directamente xunto cun t\u00e9cnico, Xurxo, que \u00e9 un profesional soberbio<\/p><\/blockquote>\n\n\n\n<p><strong>Supo\u00f1o que estar\u00e1s moi orgullosa do colexio de Porto Cabeiro polo premio que ga\u00f1aron o d\u00eda das letras galegas?<\/strong><\/p>\n\n\n\n<blockquote class=\"wp-block-quote is-layout-flow wp-block-quote-is-layout-flow\"><p>Si claro, orgullos\u00edsima. En xeral toda a rede de colexios e institutos p\u00fablicos de Redondela te\u00f1en un nivel sobresa\u00ednte e non s\u00f3 eu, toda a veci\u00f1anza debemos de estar moi orgullosos deles e facer o necesario para preservar e potenciar a educaci\u00f3n p\u00fablica.<\/p><\/blockquote>\n\n\n\n<p><strong>Por fin imos ter o bacharelato de artes en Redondela?<\/strong><\/p>\n\n\n\n<blockquote class=\"wp-block-quote is-layout-flow wp-block-quote-is-layout-flow\"><p>Si, e eu encantada claro.<\/p><\/blockquote>\n\n\n\n<p><strong>Di o PP que cando eles gobernaban erades o concello m\u00e1is transparente e agora seica baixastes ao posto n\u00famero 9.Que pasou?<\/strong><\/p>\n\n\n\n<blockquote class=\"wp-block-quote is-layout-flow wp-block-quote-is-layout-flow\"><p>Ao final s\u00f3 son cifras, pero o importante \u00e9 que somos un concello transparente<strong>.<\/strong><\/p><\/blockquote>\n\n\n\n<p><strong>E sodes un concello transparente?<\/strong><\/p>\n\n\n\n<blockquote class=\"wp-block-quote is-layout-flow wp-block-quote-is-layout-flow\"><p>Si.<\/p><\/blockquote>\n\n\n\n<p><strong>Ti es de Rande Digna, cando van rematar os cheiros fedorentos de Aucosa?<\/strong><\/p>\n\n\n\n<blockquote class=\"wp-block-quote is-layout-flow wp-block-quote-is-layout-flow\"><p>Por min ser\u00eda marabilloso que remataran xa, agora mesmo. A competencia medio ambiental \u00e9 da Xunta de Galicia que son os responsables de que ese problema non se solucione. A posici\u00f3n deste goberno e desta alcaldesa \u00e9 firme e inequ\u00edvoca a prol dos veci\u00f1os e veci\u00f1as de Rande porque te\u00f1en raz\u00f3n<\/p><\/blockquote>\n\n\n\n<p><strong>Que tal \u00e9 a relaci\u00f3n coa Xunta?<\/strong><\/p>\n\n\n\n<blockquote class=\"wp-block-quote is-layout-flow wp-block-quote-is-layout-flow\"><p>A Xunta trata de maneira inxusta a Redondela e para mostra est\u00e1 a situaci\u00f3n da Avda Mendi\u00f1o. Xa no 2.017 nos vend\u00edan que ti\u00f1an o proxecto e 4 anos despois seguimos agardando pola soluci\u00f3n dun espazo tan relevante para Redondela. E a Xunta, por desgraza, de costas a Redondela, non a min, a Redondela<\/p><\/blockquote>\n\n\n\n<p><strong>E coa DEP?<\/strong><\/p>\n\n\n\n<blockquote class=\"wp-block-quote is-layout-flow wp-block-quote-is-layout-flow\"><p>Pois f\u00edxate a diferencia. Pronto nos achegar\u00e1n 1.000.000\u20ac que nos permitir\u00e1n actuar no espazo da r\u00faa Picota, que por certo require de actuaci\u00f3ns urxentes<\/p><\/blockquote>\n\n\n\n<p><strong>No ano e medio que queda para as elecci\u00f3ns temos alg\u00fan proxecto que che ilusione que nos poidas adiantar?<\/strong><\/p>\n\n\n\n<blockquote class=\"wp-block-quote is-layout-flow wp-block-quote-is-layout-flow\"><p>Si claro; o da Picota que che comentei antes, o edificio da casa dos mestres para facer o museo etnogr\u00e1fico, o skate park que imos facer en Chapela, imos actuar na alameda de Chapela, imos humanizar Cidadelle<\/p><\/blockquote>\n\n\n\n<p><strong>Hai un par de Peneiras fixemos un especial de Chapela e falamos con varios representantes veci\u00f1ais. Todos coincid\u00edan en que o volume elevad\u00edsimo de tr\u00e1fico pesado era un dos principais problema da parroquia. Coincides na diagnose?, que soluci\u00f3n ten?<\/strong><\/p>\n\n\n\n<blockquote class=\"wp-block-quote is-layout-flow wp-block-quote-is-layout-flow\"><p>Coincido si. A soluci\u00f3n \u00e9 complicada e o adecuado \u00e9 que se dese\u00f1e unha soluci\u00f3n desde logo<\/p><\/blockquote>\n\n\n\n<p><strong>Rematamos Digna, que vos pasa no PSdeG que non parades de cargarvos l\u00edderes?<\/strong><\/p>\n\n\n\n<blockquote class=\"wp-block-quote is-layout-flow wp-block-quote-is-layout-flow\"><p>O que nos pasa \u00e9 que somos dem\u00f3cratas, as\u00ed de sinxelo, e \u00e9 a nosa militancia a que decide quen debe dirixir o partido. E agardo que o PSdeG salga forte e unido coa capacidade de dese\u00f1ar un proxecto solvente para ga\u00f1ar a maior\u00eda social de Galicia.<\/p><\/blockquote>\n","protected":false},"excerpt":{"rendered":"<div class=\"mh-excerpt\"><p>Ti\u00f1a ga\u00f1as de poder falar coa alcaldesa de Redondela, pois despois da ruptura do goberno municipal tras a decisi\u00f3n dos concelleiros de AER de abandonalo a\u00ednda non tivera ocasi\u00f3n de facelo. Vela\u00ed vai o que deu de si a nosa ampla conversa, na que tratamos unha ampla gama de temas da actualidade pol\u00edtica local <a class=\"mh-excerpt-more\" href=\"https:\/\/www.anovapeneira.gal\/index.php\/2021\/11\/25\/digna-rivas-alcaldesa-de-redondela-4\/\" title=\"Digna Rivas alcaldesa de Redondela\">[&#8230;]<\/a><\/p>\n<\/div>","protected":false},"author":3,"featured_media":6484,"comment_status":"open","ping_status":"open","sticky":false,"template":"","format":"standard","meta":{"_exactmetrics_skip_tracking":false,"_exactmetrics_sitenote_active":false,"_exactmetrics_sitenote_note":"","_exactmetrics_sitenote_category":0,"footnotes":""},"categories":[270],"tags":[171],"class_list":{"0":"post-6482","1":"post","2":"type-post","3":"status-publish","4":"format-standard","5":"has-post-thumbnail","7":"category-redondela-entrevistas","8":"tag-concello-de-redondela"},"yoast_head":"<!-- This site is optimized with the Yoast SEO plugin v27.4 - https:\/\/yoast.com\/product\/yoast-seo-wordpress\/ -->\n<title>Digna Rivas alcaldesa de Redondela -<\/title>\n<meta name=\"description\" content=\"Ti\u00f1a ga\u00f1as de poder falar coa alcaldesa de Redondela, pois despois da ruptura do goberno municipal tras a decisi\u00f3n dos concelleiros de AER de abandonalo a\u00ednda non tivera ocasi\u00f3n de facelo. Vela\u00ed vai o que deu de si a nosa ampla conversa, na que tratamos unha ampla gama de temas da actualidade pol\u00edtica local\" \/>\n<meta name=\"robots\" content=\"index, follow, max-snippet:-1, max-image-preview:large, max-video-preview:-1\" \/>\n<link rel=\"canonical\" href=\"https:\/\/www.anovapeneira.gal\/index.php\/2021\/11\/25\/digna-rivas-alcaldesa-de-redondela-4\/\" \/>\n<meta property=\"og:locale\" content=\"gl_ES\" \/>\n<meta property=\"og:type\" content=\"article\" \/>\n<meta property=\"og:title\" content=\"Digna Rivas alcaldesa de Redondela -\" \/>\n<meta property=\"og:description\" content=\"Ti\u00f1a ga\u00f1as de poder falar coa alcaldesa de Redondela, pois despois da ruptura do goberno municipal tras a decisi\u00f3n dos concelleiros de AER de abandonalo a\u00ednda non tivera ocasi\u00f3n de facelo. Vela\u00ed vai o que deu de si a nosa ampla conversa, na que tratamos unha ampla gama de temas da actualidade pol\u00edtica local\" \/>\n<meta property=\"og:url\" content=\"https:\/\/www.anovapeneira.gal\/index.php\/2021\/11\/25\/digna-rivas-alcaldesa-de-redondela-4\/\" \/>\n<meta property=\"article:publisher\" content=\"https:\/\/www.facebook.com\/anovapeneira\" \/>\n<meta property=\"article:published_time\" content=\"2021-11-25T09:00:34+00:00\" \/>\n<meta property=\"og:image\" content=\"https:\/\/www.anovapeneira.gal\/wp-content\/uploads\/2021\/11\/digna_alcaldesa_redondela.jpg\" \/>\n\t<meta property=\"og:image:width\" content=\"720\" \/>\n\t<meta property=\"og:image:height\" content=\"432\" \/>\n\t<meta property=\"og:image:type\" content=\"image\/jpeg\" \/>\n<meta name=\"author\" content=\"Redacci\u00f3n A Nova Peneira\" \/>\n<meta name=\"twitter:card\" content=\"summary_large_image\" \/>\n<meta name=\"twitter:creator\" content=\"@APeneira\" \/>\n<meta name=\"twitter:site\" content=\"@APeneira\" \/>\n<meta name=\"twitter:label1\" content=\"Escrito por\" \/>\n\t<meta name=\"twitter:data1\" content=\"Redacci\u00f3n A Nova Peneira\" \/>\n\t<meta name=\"twitter:label2\" content=\"Tempo de lectura\" \/>\n\t<meta name=\"twitter:data2\" content=\"7 minutos\" \/>\n<script type=\"application\/ld+json\" class=\"yoast-schema-graph\">{\"@context\":\"https:\\\/\\\/schema.org\",\"@graph\":[{\"@type\":\"Article\",\"@id\":\"https:\\\/\\\/www.anovapeneira.gal\\\/index.php\\\/2021\\\/11\\\/25\\\/digna-rivas-alcaldesa-de-redondela-4\\\/#article\",\"isPartOf\":{\"@id\":\"https:\\\/\\\/www.anovapeneira.gal\\\/index.php\\\/2021\\\/11\\\/25\\\/digna-rivas-alcaldesa-de-redondela-4\\\/\"},\"author\":{\"name\":\"Redacci\u00f3n A Nova Peneira\",\"@id\":\"https:\\\/\\\/www.anovapeneira.gal\\\/#\\\/schema\\\/person\\\/b93e3f8932e3f8da96334607eb6ac6aa\"},\"headline\":\"Digna Rivas alcaldesa de Redondela\",\"datePublished\":\"2021-11-25T09:00:34+00:00\",\"mainEntityOfPage\":{\"@id\":\"https:\\\/\\\/www.anovapeneira.gal\\\/index.php\\\/2021\\\/11\\\/25\\\/digna-rivas-alcaldesa-de-redondela-4\\\/\"},\"wordCount\":1687,\"commentCount\":0,\"publisher\":{\"@id\":\"https:\\\/\\\/www.anovapeneira.gal\\\/#organization\"},\"image\":{\"@id\":\"https:\\\/\\\/www.anovapeneira.gal\\\/index.php\\\/2021\\\/11\\\/25\\\/digna-rivas-alcaldesa-de-redondela-4\\\/#primaryimage\"},\"thumbnailUrl\":\"https:\\\/\\\/www.anovapeneira.gal\\\/wp-content\\\/uploads\\\/2021\\\/11\\\/digna_alcaldesa_redondela.jpg\",\"keywords\":[\"Concello de Redondela\"],\"articleSection\":[\"Redondela\"],\"inLanguage\":\"gl-ES\",\"potentialAction\":[{\"@type\":\"CommentAction\",\"name\":\"Comment\",\"target\":[\"https:\\\/\\\/www.anovapeneira.gal\\\/index.php\\\/2021\\\/11\\\/25\\\/digna-rivas-alcaldesa-de-redondela-4\\\/#respond\"]}]},{\"@type\":\"WebPage\",\"@id\":\"https:\\\/\\\/www.anovapeneira.gal\\\/index.php\\\/2021\\\/11\\\/25\\\/digna-rivas-alcaldesa-de-redondela-4\\\/\",\"url\":\"https:\\\/\\\/www.anovapeneira.gal\\\/index.php\\\/2021\\\/11\\\/25\\\/digna-rivas-alcaldesa-de-redondela-4\\\/\",\"name\":\"Digna Rivas alcaldesa de Redondela -\",\"isPartOf\":{\"@id\":\"https:\\\/\\\/www.anovapeneira.gal\\\/#website\"},\"primaryImageOfPage\":{\"@id\":\"https:\\\/\\\/www.anovapeneira.gal\\\/index.php\\\/2021\\\/11\\\/25\\\/digna-rivas-alcaldesa-de-redondela-4\\\/#primaryimage\"},\"image\":{\"@id\":\"https:\\\/\\\/www.anovapeneira.gal\\\/index.php\\\/2021\\\/11\\\/25\\\/digna-rivas-alcaldesa-de-redondela-4\\\/#primaryimage\"},\"thumbnailUrl\":\"https:\\\/\\\/www.anovapeneira.gal\\\/wp-content\\\/uploads\\\/2021\\\/11\\\/digna_alcaldesa_redondela.jpg\",\"datePublished\":\"2021-11-25T09:00:34+00:00\",\"description\":\"Ti\u00f1a ga\u00f1as de poder falar coa alcaldesa de Redondela, pois despois da ruptura do goberno municipal tras a decisi\u00f3n dos concelleiros de AER de abandonalo a\u00ednda non tivera ocasi\u00f3n de facelo. Vela\u00ed vai o que deu de si a nosa ampla conversa, na que tratamos unha ampla gama de temas da actualidade pol\u00edtica local\",\"breadcrumb\":{\"@id\":\"https:\\\/\\\/www.anovapeneira.gal\\\/index.php\\\/2021\\\/11\\\/25\\\/digna-rivas-alcaldesa-de-redondela-4\\\/#breadcrumb\"},\"inLanguage\":\"gl-ES\",\"potentialAction\":[{\"@type\":\"ReadAction\",\"target\":[\"https:\\\/\\\/www.anovapeneira.gal\\\/index.php\\\/2021\\\/11\\\/25\\\/digna-rivas-alcaldesa-de-redondela-4\\\/\"]}]},{\"@type\":\"ImageObject\",\"inLanguage\":\"gl-ES\",\"@id\":\"https:\\\/\\\/www.anovapeneira.gal\\\/index.php\\\/2021\\\/11\\\/25\\\/digna-rivas-alcaldesa-de-redondela-4\\\/#primaryimage\",\"url\":\"https:\\\/\\\/www.anovapeneira.gal\\\/wp-content\\\/uploads\\\/2021\\\/11\\\/digna_alcaldesa_redondela.jpg\",\"contentUrl\":\"https:\\\/\\\/www.anovapeneira.gal\\\/wp-content\\\/uploads\\\/2021\\\/11\\\/digna_alcaldesa_redondela.jpg\",\"width\":720,\"height\":432,\"caption\":\"Digna Rivas alcaldesa de Redondela\"},{\"@type\":\"BreadcrumbList\",\"@id\":\"https:\\\/\\\/www.anovapeneira.gal\\\/index.php\\\/2021\\\/11\\\/25\\\/digna-rivas-alcaldesa-de-redondela-4\\\/#breadcrumb\",\"itemListElement\":[{\"@type\":\"ListItem\",\"position\":1,\"name\":\"Portada\",\"item\":\"https:\\\/\\\/www.anovapeneira.gal\\\/\"},{\"@type\":\"ListItem\",\"position\":2,\"name\":\"Digna Rivas alcaldesa de Redondela\"}]},{\"@type\":\"WebSite\",\"@id\":\"https:\\\/\\\/www.anovapeneira.gal\\\/#website\",\"url\":\"https:\\\/\\\/www.anovapeneira.gal\\\/\",\"name\":\"\",\"description\":\"Xornal galego de informaci\u00f3n xeral Publicaci\u00f3n mensual de novas de Galicia e en especial dos Concellos da sur da provincia de Pontevedra.\",\"publisher\":{\"@id\":\"https:\\\/\\\/www.anovapeneira.gal\\\/#organization\"},\"potentialAction\":[{\"@type\":\"SearchAction\",\"target\":{\"@type\":\"EntryPoint\",\"urlTemplate\":\"https:\\\/\\\/www.anovapeneira.gal\\\/?s={search_term_string}\"},\"query-input\":{\"@type\":\"PropertyValueSpecification\",\"valueRequired\":true,\"valueName\":\"search_term_string\"}}],\"inLanguage\":\"gl-ES\"},{\"@type\":\"Organization\",\"@id\":\"https:\\\/\\\/www.anovapeneira.gal\\\/#organization\",\"name\":\"A Nova Peneira\",\"url\":\"https:\\\/\\\/www.anovapeneira.gal\\\/\",\"logo\":{\"@type\":\"ImageObject\",\"inLanguage\":\"gl-ES\",\"@id\":\"https:\\\/\\\/www.anovapeneira.gal\\\/#\\\/schema\\\/logo\\\/image\\\/\",\"url\":\"http:\\\/\\\/www.anovapeneira.gal\\\/wp-content\\\/uploads\\\/2019\\\/06\\\/logo_a_nova_peneira_portal_web.png\",\"contentUrl\":\"http:\\\/\\\/www.anovapeneira.gal\\\/wp-content\\\/uploads\\\/2019\\\/06\\\/logo_a_nova_peneira_portal_web.png\",\"width\":300,\"height\":100,\"caption\":\"A Nova Peneira\"},\"image\":{\"@id\":\"https:\\\/\\\/www.anovapeneira.gal\\\/#\\\/schema\\\/logo\\\/image\\\/\"},\"sameAs\":[\"https:\\\/\\\/www.facebook.com\\\/anovapeneira\",\"https:\\\/\\\/x.com\\\/APeneira\"]},{\"@type\":\"Person\",\"@id\":\"https:\\\/\\\/www.anovapeneira.gal\\\/#\\\/schema\\\/person\\\/b93e3f8932e3f8da96334607eb6ac6aa\",\"name\":\"Redacci\u00f3n A Nova Peneira\",\"image\":{\"@type\":\"ImageObject\",\"inLanguage\":\"gl-ES\",\"@id\":\"https:\\\/\\\/secure.gravatar.com\\\/avatar\\\/c052a2551a06e23fac63626232eaa90abd78dbcf1700fc46a2b2c89fd27b735f?s=96&d=mm&r=g\",\"url\":\"https:\\\/\\\/secure.gravatar.com\\\/avatar\\\/c052a2551a06e23fac63626232eaa90abd78dbcf1700fc46a2b2c89fd27b735f?s=96&d=mm&r=g\",\"contentUrl\":\"https:\\\/\\\/secure.gravatar.com\\\/avatar\\\/c052a2551a06e23fac63626232eaa90abd78dbcf1700fc46a2b2c89fd27b735f?s=96&d=mm&r=g\",\"caption\":\"Redacci\u00f3n A Nova Peneira\"},\"sameAs\":[\"http:\\\/\\\/www.anovapeneira.gal\\\/\"],\"url\":\"https:\\\/\\\/www.anovapeneira.gal\\\/index.php\\\/author\\\/redactor\\\/\"}]}<\/script>\n<!-- \/ Yoast SEO plugin. -->","yoast_head_json":{"title":"Digna Rivas alcaldesa de Redondela -","description":"Ti\u00f1a ga\u00f1as de poder falar coa alcaldesa de Redondela, pois despois da ruptura do goberno municipal tras a decisi\u00f3n dos concelleiros de AER de abandonalo a\u00ednda non tivera ocasi\u00f3n de facelo. Vela\u00ed vai o que deu de si a nosa ampla conversa, na que tratamos unha ampla gama de temas da actualidade pol\u00edtica local","robots":{"index":"index","follow":"follow","max-snippet":"max-snippet:-1","max-image-preview":"max-image-preview:large","max-video-preview":"max-video-preview:-1"},"canonical":"https:\/\/www.anovapeneira.gal\/index.php\/2021\/11\/25\/digna-rivas-alcaldesa-de-redondela-4\/","og_locale":"gl_ES","og_type":"article","og_title":"Digna Rivas alcaldesa de Redondela -","og_description":"Ti\u00f1a ga\u00f1as de poder falar coa alcaldesa de Redondela, pois despois da ruptura do goberno municipal tras a decisi\u00f3n dos concelleiros de AER de abandonalo a\u00ednda non tivera ocasi\u00f3n de facelo. Vela\u00ed vai o que deu de si a nosa ampla conversa, na que tratamos unha ampla gama de temas da actualidade pol\u00edtica local","og_url":"https:\/\/www.anovapeneira.gal\/index.php\/2021\/11\/25\/digna-rivas-alcaldesa-de-redondela-4\/","article_publisher":"https:\/\/www.facebook.com\/anovapeneira","article_published_time":"2021-11-25T09:00:34+00:00","og_image":[{"width":720,"height":432,"url":"https:\/\/www.anovapeneira.gal\/wp-content\/uploads\/2021\/11\/digna_alcaldesa_redondela.jpg","type":"image\/jpeg"}],"author":"Redacci\u00f3n A Nova Peneira","twitter_card":"summary_large_image","twitter_creator":"@APeneira","twitter_site":"@APeneira","twitter_misc":{"Escrito por":"Redacci\u00f3n A Nova Peneira","Tempo de lectura":"7 minutos"},"schema":{"@context":"https:\/\/schema.org","@graph":[{"@type":"Article","@id":"https:\/\/www.anovapeneira.gal\/index.php\/2021\/11\/25\/digna-rivas-alcaldesa-de-redondela-4\/#article","isPartOf":{"@id":"https:\/\/www.anovapeneira.gal\/index.php\/2021\/11\/25\/digna-rivas-alcaldesa-de-redondela-4\/"},"author":{"name":"Redacci\u00f3n A Nova Peneira","@id":"https:\/\/www.anovapeneira.gal\/#\/schema\/person\/b93e3f8932e3f8da96334607eb6ac6aa"},"headline":"Digna Rivas alcaldesa de Redondela","datePublished":"2021-11-25T09:00:34+00:00","mainEntityOfPage":{"@id":"https:\/\/www.anovapeneira.gal\/index.php\/2021\/11\/25\/digna-rivas-alcaldesa-de-redondela-4\/"},"wordCount":1687,"commentCount":0,"publisher":{"@id":"https:\/\/www.anovapeneira.gal\/#organization"},"image":{"@id":"https:\/\/www.anovapeneira.gal\/index.php\/2021\/11\/25\/digna-rivas-alcaldesa-de-redondela-4\/#primaryimage"},"thumbnailUrl":"https:\/\/www.anovapeneira.gal\/wp-content\/uploads\/2021\/11\/digna_alcaldesa_redondela.jpg","keywords":["Concello de Redondela"],"articleSection":["Redondela"],"inLanguage":"gl-ES","potentialAction":[{"@type":"CommentAction","name":"Comment","target":["https:\/\/www.anovapeneira.gal\/index.php\/2021\/11\/25\/digna-rivas-alcaldesa-de-redondela-4\/#respond"]}]},{"@type":"WebPage","@id":"https:\/\/www.anovapeneira.gal\/index.php\/2021\/11\/25\/digna-rivas-alcaldesa-de-redondela-4\/","url":"https:\/\/www.anovapeneira.gal\/index.php\/2021\/11\/25\/digna-rivas-alcaldesa-de-redondela-4\/","name":"Digna Rivas alcaldesa de Redondela -","isPartOf":{"@id":"https:\/\/www.anovapeneira.gal\/#website"},"primaryImageOfPage":{"@id":"https:\/\/www.anovapeneira.gal\/index.php\/2021\/11\/25\/digna-rivas-alcaldesa-de-redondela-4\/#primaryimage"},"image":{"@id":"https:\/\/www.anovapeneira.gal\/index.php\/2021\/11\/25\/digna-rivas-alcaldesa-de-redondela-4\/#primaryimage"},"thumbnailUrl":"https:\/\/www.anovapeneira.gal\/wp-content\/uploads\/2021\/11\/digna_alcaldesa_redondela.jpg","datePublished":"2021-11-25T09:00:34+00:00","description":"Ti\u00f1a ga\u00f1as de poder falar coa alcaldesa de Redondela, pois despois da ruptura do goberno municipal tras a decisi\u00f3n dos concelleiros de AER de abandonalo a\u00ednda non tivera ocasi\u00f3n de facelo. Vela\u00ed vai o que deu de si a nosa ampla conversa, na que tratamos unha ampla gama de temas da actualidade pol\u00edtica local","breadcrumb":{"@id":"https:\/\/www.anovapeneira.gal\/index.php\/2021\/11\/25\/digna-rivas-alcaldesa-de-redondela-4\/#breadcrumb"},"inLanguage":"gl-ES","potentialAction":[{"@type":"ReadAction","target":["https:\/\/www.anovapeneira.gal\/index.php\/2021\/11\/25\/digna-rivas-alcaldesa-de-redondela-4\/"]}]},{"@type":"ImageObject","inLanguage":"gl-ES","@id":"https:\/\/www.anovapeneira.gal\/index.php\/2021\/11\/25\/digna-rivas-alcaldesa-de-redondela-4\/#primaryimage","url":"https:\/\/www.anovapeneira.gal\/wp-content\/uploads\/2021\/11\/digna_alcaldesa_redondela.jpg","contentUrl":"https:\/\/www.anovapeneira.gal\/wp-content\/uploads\/2021\/11\/digna_alcaldesa_redondela.jpg","width":720,"height":432,"caption":"Digna Rivas alcaldesa de Redondela"},{"@type":"BreadcrumbList","@id":"https:\/\/www.anovapeneira.gal\/index.php\/2021\/11\/25\/digna-rivas-alcaldesa-de-redondela-4\/#breadcrumb","itemListElement":[{"@type":"ListItem","position":1,"name":"Portada","item":"https:\/\/www.anovapeneira.gal\/"},{"@type":"ListItem","position":2,"name":"Digna Rivas alcaldesa de Redondela"}]},{"@type":"WebSite","@id":"https:\/\/www.anovapeneira.gal\/#website","url":"https:\/\/www.anovapeneira.gal\/","name":"","description":"Xornal galego de informaci\u00f3n xeral Publicaci\u00f3n mensual de novas de Galicia e en especial dos Concellos da sur da provincia de Pontevedra.","publisher":{"@id":"https:\/\/www.anovapeneira.gal\/#organization"},"potentialAction":[{"@type":"SearchAction","target":{"@type":"EntryPoint","urlTemplate":"https:\/\/www.anovapeneira.gal\/?s={search_term_string}"},"query-input":{"@type":"PropertyValueSpecification","valueRequired":true,"valueName":"search_term_string"}}],"inLanguage":"gl-ES"},{"@type":"Organization","@id":"https:\/\/www.anovapeneira.gal\/#organization","name":"A Nova Peneira","url":"https:\/\/www.anovapeneira.gal\/","logo":{"@type":"ImageObject","inLanguage":"gl-ES","@id":"https:\/\/www.anovapeneira.gal\/#\/schema\/logo\/image\/","url":"http:\/\/www.anovapeneira.gal\/wp-content\/uploads\/2019\/06\/logo_a_nova_peneira_portal_web.png","contentUrl":"http:\/\/www.anovapeneira.gal\/wp-content\/uploads\/2019\/06\/logo_a_nova_peneira_portal_web.png","width":300,"height":100,"caption":"A Nova Peneira"},"image":{"@id":"https:\/\/www.anovapeneira.gal\/#\/schema\/logo\/image\/"},"sameAs":["https:\/\/www.facebook.com\/anovapeneira","https:\/\/x.com\/APeneira"]},{"@type":"Person","@id":"https:\/\/www.anovapeneira.gal\/#\/schema\/person\/b93e3f8932e3f8da96334607eb6ac6aa","name":"Redacci\u00f3n A Nova Peneira","image":{"@type":"ImageObject","inLanguage":"gl-ES","@id":"https:\/\/secure.gravatar.com\/avatar\/c052a2551a06e23fac63626232eaa90abd78dbcf1700fc46a2b2c89fd27b735f?s=96&d=mm&r=g","url":"https:\/\/secure.gravatar.com\/avatar\/c052a2551a06e23fac63626232eaa90abd78dbcf1700fc46a2b2c89fd27b735f?s=96&d=mm&r=g","contentUrl":"https:\/\/secure.gravatar.com\/avatar\/c052a2551a06e23fac63626232eaa90abd78dbcf1700fc46a2b2c89fd27b735f?s=96&d=mm&r=g","caption":"Redacci\u00f3n A Nova Peneira"},"sameAs":["http:\/\/www.anovapeneira.gal\/"],"url":"https:\/\/www.anovapeneira.gal\/index.php\/author\/redactor\/"}]}},"jetpack_featured_media_url":"https:\/\/www.anovapeneira.gal\/wp-content\/uploads\/2021\/11\/digna_alcaldesa_redondela.jpg","_links":{"self":[{"href":"https:\/\/www.anovapeneira.gal\/index.php\/wp-json\/wp\/v2\/posts\/6482","targetHints":{"allow":["GET"]}}],"collection":[{"href":"https:\/\/www.anovapeneira.gal\/index.php\/wp-json\/wp\/v2\/posts"}],"about":[{"href":"https:\/\/www.anovapeneira.gal\/index.php\/wp-json\/wp\/v2\/types\/post"}],"author":[{"embeddable":true,"href":"https:\/\/www.anovapeneira.gal\/index.php\/wp-json\/wp\/v2\/users\/3"}],"replies":[{"embeddable":true,"href":"https:\/\/www.anovapeneira.gal\/index.php\/wp-json\/wp\/v2\/comments?post=6482"}],"version-history":[{"count":2,"href":"https:\/\/www.anovapeneira.gal\/index.php\/wp-json\/wp\/v2\/posts\/6482\/revisions"}],"predecessor-version":[{"id":6485,"href":"https:\/\/www.anovapeneira.gal\/index.php\/wp-json\/wp\/v2\/posts\/6482\/revisions\/6485"}],"wp:featuredmedia":[{"embeddable":true,"href":"https:\/\/www.anovapeneira.gal\/index.php\/wp-json\/wp\/v2\/media\/6484"}],"wp:attachment":[{"href":"https:\/\/www.anovapeneira.gal\/index.php\/wp-json\/wp\/v2\/media?parent=6482"}],"wp:term":[{"taxonomy":"category","embeddable":true,"href":"https:\/\/www.anovapeneira.gal\/index.php\/wp-json\/wp\/v2\/categories?post=6482"},{"taxonomy":"post_tag","embeddable":true,"href":"https:\/\/www.anovapeneira.gal\/index.php\/wp-json\/wp\/v2\/tags?post=6482"}],"curies":[{"name":"wp","href":"https:\/\/api.w.org\/{rel}","templated":true}]}}