{"id":6486,"date":"2021-11-25T12:00:06","date_gmt":"2021-11-25T11:00:06","guid":{"rendered":"https:\/\/www.anovapeneira.gal\/?p=6486"},"modified":"2021-11-29T19:36:36","modified_gmt":"2021-11-29T18:36:36","slug":"entre-crises-conxuntura-da-esquerda-en-galiza","status":"publish","type":"post","link":"https:\/\/www.anovapeneira.gal\/index.php\/2021\/11\/25\/entre-crises-conxuntura-da-esquerda-en-galiza\/","title":{"rendered":"Entre crises. Conxuntura da esquerda en Galiza"},"content":{"rendered":"\n<figure class=\"wp-block-image size-large is-resized\"><img loading=\"lazy\" decoding=\"async\" src=\"https:\/\/www.anovapeneira.gal\/wp-content\/uploads\/2019\/07\/moncho_lareu_a_nova_peneira_bn.jpg\" alt=\"\" class=\"wp-image-751\" width=\"95\" height=\"111\"\/><figcaption>Moncho Lareu. Militante independista<\/figcaption><\/figure>\n\n\n\n<p>A\u00ednda non saimos da crise pand\u00e9mica e xa estamos a entrar nunha sist\u00e9mica. F\u00e1lase de desabastecemento, de apag\u00f3n e doutras milongas que evitan falar de crise do sistema capitalista. Os eternos eufemismos propagand\u00edsticos cos que os medios queren seguir enganando \u00e1 clase traballadora internacional. O caso \u00e9 que non saimos dunha crise e xa entramos noutra e levamos case todo o s\u00e9culo XXI encade\u00e1ndoas. Estas crises levan dende hai anos marcando un mapa pol\u00edtico galego que at\u00e9 hai pouco era moi est\u00e1bel e at\u00e9 an\u00f3dino. Nestas breves notas imos examinar os \u00faltimos movementos neste terreo de xogo \u2013actualmente tan marcado polas crises\u2013 e a s\u00faa traduci\u00f3n no campo da esquerda.<\/p>\n\n\n\n<p><strong>T\u00edo Tom en Galiza<\/strong><\/p>\n\n\n\n<p>1) O 21 de outubro de 2012 ese taboleiro electoral galego xa sufrira un terremoto no campo da esquerda da man dun electorado castigado pola crise comezada en 2007\/08. Fora esa unha resposta madurada, por\u00e9n, o 12 de xullo de 2020 estabamos baixo a falsa \u201cdesescalada\u201d dunha pandemia. O 12 de xullo de 2020 a peste mundial que padeciamos contaxiou tam\u00e9n un sistema auton\u00f3mico galego xa de por si caduco e doente. A dous espazos pol\u00edticos v\u00ed\u00f1alles moi ben votar nese momento e os poderes f\u00e1cticos que os apoian \u2013a un, a perpetuidade, e ao outro, cando conv\u00e9n\u2013 comezaron a mover os f\u00edos para que se votase si ou si.<\/p>\n\n\n\n<p>2) Como era de agardar, a pandemia escitou as posturas pol\u00edticas m\u00e1is temerosas no electorado. Nese 12 de xullo tiraron proveito do medo, da confusi\u00f3n e das conseguintes pulsi\u00f3ns conservadoras e de refluxo as posici\u00f3ns m\u00e1is autonomistas: a dereita que se di tal sendo centralista e espa\u00f1olista (PP) cunha nova maior\u00eda que ti\u00f1a practicamente perdida antes da pandemia, e a \u201cesquerda\u201d tam\u00e9n autonomista que se di \u201csoberanista\u201d (BNG) recuperando ese estatus pol\u00edtico-electoral co que se conforma de xeito gatopardista con tal de seguir mantendo chiringuitos e liberaci\u00f3ns.<\/p>\n\n\n\n<p>3) Que unha forza intrinsecamente \u201csipaia\u201d e ancilar sexa rescatada polos poderes f\u00e1cticos (prensa, banca&#8230;) \u00e9 algo habitual nos contextos coloniais coma o noso. A recente XVIII Asemblea Nacional \u201c\u00e1 b\u00falgara\u201d do BNG confirmou o que xa afirmaramos hai tempo os que denunciabamos a farsa do \u201cxiro independentista\u201d [sic] da noutrora \u201cfronte patri\u00f3tica\u201d. A autocrise controlada do pontonismo, o \u201cnovo quintanismo\u201d de xinia upegalla, reforzou os posicionamentos cada vez m\u00e1is electoralistas da formaci\u00f3n. \u201cImos a polo electorado galeguista do PP\u201d, afirma sen lacha ese slogan con pernas chamado Ana Pont\u00f3n.<\/p>\n\n\n\n<p>4) A traves\u00eda no deserto fora dura, pero dende anos antes, os que realmente gobernan nesta vella naci\u00f3n sen estado non pod\u00edan permitir que esmorecera o BNG e que o seu lugar fora ocupado por un espazo pol\u00edtico-social que, malia se atopar en fase embrionaria, daba por superado o r\u00e9xime auton\u00f3mico apostando por avanzar cara a soberan\u00eda nacional e popular dende coordenadas inequivocamente republicanas e anticapitalistas, como de feito estaba a acontecer dende a irrupci\u00f3n, primeiro de AGE, e despois dun municipalismo de base con vontade de se constitu\u00edr en suxeito nacional de ruptura.<\/p>\n\n\n\n<p><strong>A esquerda real a velas vir<\/strong><\/p>\n\n\n\n<p>1) Fixeron falla 40 anos de agresi\u00f3ns, enganos e traiz\u00f3ns \u2013cun colof\u00f3n de tres folgas xerais, un 15M e unhas Marchas da Dignidade\u2013 para que o pobo traballador, castigado e subalterno decidiramos darlle as costas ao bipartidismo en Espa\u00f1a (PP-PSOE) e ao tripartidismo en Galiza (PP-BNG-PSOE) e comezaramos a votar por novas opci\u00f3ns: Anova, AGE, mareas&#8230; Por\u00e9n, abondaron tan s\u00f3 4 ou 5 anos para que, cautivos das mentiras e manipulaci\u00f3ns dos poderes f\u00e1cticos e escravos de erros propios, volveramos a sucumbir \u00e1 S\u00edndrome de Estocolmo pol\u00edtica e electoral caendo de novo nos brazos dos seus partidos sist\u00e9micos e dando por esgotadas, sen se poderen consolidar, as novas opci\u00f3ns emancipadoras.<\/p>\n\n\n\n<p>2) Tras os nefastos resultados do 12 de xullo tanto, pepeiros coma bloqueiros coincidiron en afirmar que \u201cO tempo pon a cada quen no seu sitio\u201d refer\u00edndose aos 50 mil votos insuficientes para que a coalici\u00f3n de unidade popular acadase representaci\u00f3n no Parlamenti\u00f1o. Al\u00e9n do tempo \u2013breve, por certo\u2013, foi tam\u00e9n a barreira do 5% que impuxo o PP nos inicios do fraguismo para rematar cos restos da dereita galeguista e que o BNG, xunto do PSOE de Touri\u00f1o, non quixo eliminar durante a xeira do bipartito (2005-2009) pech\u00e1ndolle o paso ao espazo situado \u00e1 s\u00faa esquerda \u2013independentismo galego, federalismo estatal\u2013 e marxinaliz\u00e1ndoo eternamente.<\/p>\n\n\n\n<p>3) A afirmaci\u00f3n \u201cO tempo pon a cada quen no seu sitio\u201d posta en boca das dirixencias e bases blocallas, dese nacionalismo homeop\u00e1tico e azacotado polos poderes f\u00e1cticos, significa a aceptaci\u00f3n por parde dese \u201cmundo-Bloque\u201d dun estado das cousas predeterminado para cada espazo pol\u00edtico en Galiza. Significa, en definitiva, que o BNG acepta que o PP sempre ga\u00f1e, que eles e o PSOE se vaian turnando na oposici\u00f3n e que o resto de opci\u00f3ns pol\u00edtico-ideol\u00f3xicas (dereita nacionalista, federalismo, esquerda independentista, ecoloxismo&#8230;) non existan, que non te\u00f1an espazo. Pura reacci\u00f3n subconsciente disfrazada de \u201cesquerda\u201d e falso \u201csoberanismo\u201d.<\/p>\n\n\n\n<p>4) A sucursal galega do PSOE, ao que non podemos chamar esquerda pero con cuxo espazo pol\u00edtico hai que contar para rematar coa hexemon\u00eda do PP, vive nunha eterna transici\u00f3n. O espazo federalista de Galicia en Com\u00fan xa hai tempo que decidiu desprezar ao municipalismo galego, rachar co independentismo e ser sucursalista con Unidas Podemos. As mareas ou candidaturas municipalista movidas polo \u201cs\u00e1lvese quen poida\u201d apostan por resistir en cadanseu \u00e1mbito sen intentar unha coordinaci\u00f3n nacional. E a esquerda independentista caeu nun colapso tras a ca\u00edda en picado dunha Anova que nunca se deu consolidado e a disoluci\u00f3n organizativa das comunistas: Xeira e FPG.<\/p>\n\n\n\n<p><strong>Que facermos?<\/strong><\/p>\n\n\n\n<p>Como acabamos de ver nestas notas, o panorama \u00e9 desolador. A d\u00e9cada dos \u00b410 foi unha monta\u00f1a rusa para a esquerda galega na que primeiro se viviu unha fase politicamente ilusionante pero organizativamente inmadura e despois unha precipitaci\u00f3n incontrolada que significou unha trituradora de carne para novas militancias, novos liderados e novas alternativas. Na nova d\u00e9cada c\u00f3mpre, logo, mudar a fracasada guerra relampo pola guerra de guerrillas, reconstru\u00edr organizativamente o comunismo galego de praxe independentisata e dotalo dunha nova expresi\u00f3n partidaria, volver traballar no sindicalismo de clase e nos movmentos sociais, e crear novas alianzas para constru\u00edr dende a base a necesaria Fronte Ampla.<\/p>\n","protected":false},"excerpt":{"rendered":"<div class=\"mh-excerpt\"><p>A\u00ednda non saimos da crise pand\u00e9mica e xa estamos a entrar nunha sist\u00e9mica. F\u00e1lase de desabastecemento, de apag\u00f3n e doutras milongas que evitan falar de crise do sistema capitalista. Os eternos eufemismos propagand\u00edsticos cos que <a class=\"mh-excerpt-more\" href=\"https:\/\/www.anovapeneira.gal\/index.php\/2021\/11\/25\/entre-crises-conxuntura-da-esquerda-en-galiza\/\" title=\"Entre crises. Conxuntura da esquerda en Galiza\">[&#8230;]<\/a><\/p>\n<\/div>","protected":false},"author":20,"featured_media":584,"comment_status":"open","ping_status":"open","sticky":false,"template":"","format":"standard","meta":{"_exactmetrics_skip_tracking":false,"_exactmetrics_sitenote_active":false,"_exactmetrics_sitenote_note":"","_exactmetrics_sitenote_category":0,"footnotes":""},"categories":[7],"tags":[],"class_list":{"0":"post-6486","1":"post","2":"type-post","3":"status-publish","4":"format-standard","5":"has-post-thumbnail","7":"category-artigos-de-opinion"},"yoast_head":"<!-- This site is optimized with the Yoast SEO plugin v27.4 - https:\/\/yoast.com\/product\/yoast-seo-wordpress\/ -->\n<title>Entre crises. Conxuntura da esquerda en Galiza -<\/title>\n<meta name=\"description\" content=\"A\u00ednda non saimos da crise pand\u00e9mica e xa estamos a entrar nunha sist\u00e9mica. F\u00e1lase de desabastecemento, de apag\u00f3n e doutras milongas que evitan falar de crise do sistema capitalista. Os eternos eufemismos propagand\u00edsticos cos que os medios queren seguir enganando \u00e1 clase traballadora internacional\" \/>\n<meta name=\"robots\" content=\"index, follow, max-snippet:-1, max-image-preview:large, max-video-preview:-1\" \/>\n<link rel=\"canonical\" href=\"https:\/\/www.anovapeneira.gal\/index.php\/2021\/11\/25\/entre-crises-conxuntura-da-esquerda-en-galiza\/\" \/>\n<meta property=\"og:locale\" content=\"gl_ES\" \/>\n<meta property=\"og:type\" content=\"article\" \/>\n<meta property=\"og:title\" content=\"Entre crises. Conxuntura da esquerda en Galiza -\" \/>\n<meta property=\"og:description\" content=\"A\u00ednda non saimos da crise pand\u00e9mica e xa estamos a entrar nunha sist\u00e9mica. F\u00e1lase de desabastecemento, de apag\u00f3n e doutras milongas que evitan falar de crise do sistema capitalista. Os eternos eufemismos propagand\u00edsticos cos que os medios queren seguir enganando \u00e1 clase traballadora internacional\" \/>\n<meta property=\"og:url\" content=\"https:\/\/www.anovapeneira.gal\/index.php\/2021\/11\/25\/entre-crises-conxuntura-da-esquerda-en-galiza\/\" \/>\n<meta property=\"article:publisher\" content=\"https:\/\/www.facebook.com\/anovapeneira\" \/>\n<meta property=\"article:published_time\" content=\"2021-11-25T11:00:06+00:00\" \/>\n<meta property=\"article:modified_time\" content=\"2021-11-29T18:36:36+00:00\" \/>\n<meta property=\"og:image\" content=\"https:\/\/www.anovapeneira.gal\/wp-content\/uploads\/2019\/07\/ARTIGO_DE_OPINION_A_NOVA_PENEIRA.jpg\" \/>\n\t<meta property=\"og:image:width\" content=\"720\" \/>\n\t<meta property=\"og:image:height\" content=\"473\" \/>\n\t<meta property=\"og:image:type\" content=\"image\/jpeg\" \/>\n<meta name=\"author\" content=\"Moncho Lareu\" \/>\n<meta name=\"twitter:card\" content=\"summary_large_image\" \/>\n<meta name=\"twitter:image\" content=\"https:\/\/www.anovapeneira.gal\/wp-content\/uploads\/2019\/07\/ARTIGO_DE_OPINION_A_NOVA_PENEIRA.jpg\" \/>\n<meta name=\"twitter:creator\" content=\"@APeneira\" \/>\n<meta name=\"twitter:site\" content=\"@APeneira\" \/>\n<meta name=\"twitter:label1\" content=\"Escrito por\" \/>\n\t<meta name=\"twitter:data1\" content=\"Moncho Lareu\" \/>\n\t<meta name=\"twitter:label2\" content=\"Tempo de lectura\" \/>\n\t<meta name=\"twitter:data2\" content=\"5 minutos\" \/>\n<script type=\"application\/ld+json\" class=\"yoast-schema-graph\">{\"@context\":\"https:\\\/\\\/schema.org\",\"@graph\":[{\"@type\":\"Article\",\"@id\":\"https:\\\/\\\/www.anovapeneira.gal\\\/index.php\\\/2021\\\/11\\\/25\\\/entre-crises-conxuntura-da-esquerda-en-galiza\\\/#article\",\"isPartOf\":{\"@id\":\"https:\\\/\\\/www.anovapeneira.gal\\\/index.php\\\/2021\\\/11\\\/25\\\/entre-crises-conxuntura-da-esquerda-en-galiza\\\/\"},\"author\":{\"name\":\"Moncho Lareu\",\"@id\":\"https:\\\/\\\/www.anovapeneira.gal\\\/#\\\/schema\\\/person\\\/3df7d3e1f38ddcee2ddb9d0bee1a0628\"},\"headline\":\"Entre crises. Conxuntura da esquerda en Galiza\",\"datePublished\":\"2021-11-25T11:00:06+00:00\",\"dateModified\":\"2021-11-29T18:36:36+00:00\",\"mainEntityOfPage\":{\"@id\":\"https:\\\/\\\/www.anovapeneira.gal\\\/index.php\\\/2021\\\/11\\\/25\\\/entre-crises-conxuntura-da-esquerda-en-galiza\\\/\"},\"wordCount\":1101,\"commentCount\":0,\"publisher\":{\"@id\":\"https:\\\/\\\/www.anovapeneira.gal\\\/#organization\"},\"image\":{\"@id\":\"https:\\\/\\\/www.anovapeneira.gal\\\/index.php\\\/2021\\\/11\\\/25\\\/entre-crises-conxuntura-da-esquerda-en-galiza\\\/#primaryimage\"},\"thumbnailUrl\":\"https:\\\/\\\/www.anovapeneira.gal\\\/wp-content\\\/uploads\\\/2019\\\/07\\\/ARTIGO_DE_OPINION_A_NOVA_PENEIRA.jpg\",\"articleSection\":[\"Artigos de opini\u00f3n\"],\"inLanguage\":\"gl-ES\",\"potentialAction\":[{\"@type\":\"CommentAction\",\"name\":\"Comment\",\"target\":[\"https:\\\/\\\/www.anovapeneira.gal\\\/index.php\\\/2021\\\/11\\\/25\\\/entre-crises-conxuntura-da-esquerda-en-galiza\\\/#respond\"]}]},{\"@type\":\"WebPage\",\"@id\":\"https:\\\/\\\/www.anovapeneira.gal\\\/index.php\\\/2021\\\/11\\\/25\\\/entre-crises-conxuntura-da-esquerda-en-galiza\\\/\",\"url\":\"https:\\\/\\\/www.anovapeneira.gal\\\/index.php\\\/2021\\\/11\\\/25\\\/entre-crises-conxuntura-da-esquerda-en-galiza\\\/\",\"name\":\"Entre crises. Conxuntura da esquerda en Galiza -\",\"isPartOf\":{\"@id\":\"https:\\\/\\\/www.anovapeneira.gal\\\/#website\"},\"primaryImageOfPage\":{\"@id\":\"https:\\\/\\\/www.anovapeneira.gal\\\/index.php\\\/2021\\\/11\\\/25\\\/entre-crises-conxuntura-da-esquerda-en-galiza\\\/#primaryimage\"},\"image\":{\"@id\":\"https:\\\/\\\/www.anovapeneira.gal\\\/index.php\\\/2021\\\/11\\\/25\\\/entre-crises-conxuntura-da-esquerda-en-galiza\\\/#primaryimage\"},\"thumbnailUrl\":\"https:\\\/\\\/www.anovapeneira.gal\\\/wp-content\\\/uploads\\\/2019\\\/07\\\/ARTIGO_DE_OPINION_A_NOVA_PENEIRA.jpg\",\"datePublished\":\"2021-11-25T11:00:06+00:00\",\"dateModified\":\"2021-11-29T18:36:36+00:00\",\"description\":\"A\u00ednda non saimos da crise pand\u00e9mica e xa estamos a entrar nunha sist\u00e9mica. F\u00e1lase de desabastecemento, de apag\u00f3n e doutras milongas que evitan falar de crise do sistema capitalista. Os eternos eufemismos propagand\u00edsticos cos que os medios queren seguir enganando \u00e1 clase traballadora internacional\",\"breadcrumb\":{\"@id\":\"https:\\\/\\\/www.anovapeneira.gal\\\/index.php\\\/2021\\\/11\\\/25\\\/entre-crises-conxuntura-da-esquerda-en-galiza\\\/#breadcrumb\"},\"inLanguage\":\"gl-ES\",\"potentialAction\":[{\"@type\":\"ReadAction\",\"target\":[\"https:\\\/\\\/www.anovapeneira.gal\\\/index.php\\\/2021\\\/11\\\/25\\\/entre-crises-conxuntura-da-esquerda-en-galiza\\\/\"]}]},{\"@type\":\"ImageObject\",\"inLanguage\":\"gl-ES\",\"@id\":\"https:\\\/\\\/www.anovapeneira.gal\\\/index.php\\\/2021\\\/11\\\/25\\\/entre-crises-conxuntura-da-esquerda-en-galiza\\\/#primaryimage\",\"url\":\"https:\\\/\\\/www.anovapeneira.gal\\\/wp-content\\\/uploads\\\/2019\\\/07\\\/ARTIGO_DE_OPINION_A_NOVA_PENEIRA.jpg\",\"contentUrl\":\"https:\\\/\\\/www.anovapeneira.gal\\\/wp-content\\\/uploads\\\/2019\\\/07\\\/ARTIGO_DE_OPINION_A_NOVA_PENEIRA.jpg\",\"width\":720,\"height\":473,\"caption\":\"Artigo de opini\u00f3n A Nova Peneira\"},{\"@type\":\"BreadcrumbList\",\"@id\":\"https:\\\/\\\/www.anovapeneira.gal\\\/index.php\\\/2021\\\/11\\\/25\\\/entre-crises-conxuntura-da-esquerda-en-galiza\\\/#breadcrumb\",\"itemListElement\":[{\"@type\":\"ListItem\",\"position\":1,\"name\":\"Portada\",\"item\":\"https:\\\/\\\/www.anovapeneira.gal\\\/\"},{\"@type\":\"ListItem\",\"position\":2,\"name\":\"Entre crises. Conxuntura da esquerda en Galiza\"}]},{\"@type\":\"WebSite\",\"@id\":\"https:\\\/\\\/www.anovapeneira.gal\\\/#website\",\"url\":\"https:\\\/\\\/www.anovapeneira.gal\\\/\",\"name\":\"\",\"description\":\"Xornal galego de informaci\u00f3n xeral Publicaci\u00f3n mensual de novas de Galicia e en especial dos Concellos da sur da provincia de Pontevedra.\",\"publisher\":{\"@id\":\"https:\\\/\\\/www.anovapeneira.gal\\\/#organization\"},\"potentialAction\":[{\"@type\":\"SearchAction\",\"target\":{\"@type\":\"EntryPoint\",\"urlTemplate\":\"https:\\\/\\\/www.anovapeneira.gal\\\/?s={search_term_string}\"},\"query-input\":{\"@type\":\"PropertyValueSpecification\",\"valueRequired\":true,\"valueName\":\"search_term_string\"}}],\"inLanguage\":\"gl-ES\"},{\"@type\":\"Organization\",\"@id\":\"https:\\\/\\\/www.anovapeneira.gal\\\/#organization\",\"name\":\"A Nova Peneira\",\"url\":\"https:\\\/\\\/www.anovapeneira.gal\\\/\",\"logo\":{\"@type\":\"ImageObject\",\"inLanguage\":\"gl-ES\",\"@id\":\"https:\\\/\\\/www.anovapeneira.gal\\\/#\\\/schema\\\/logo\\\/image\\\/\",\"url\":\"http:\\\/\\\/www.anovapeneira.gal\\\/wp-content\\\/uploads\\\/2019\\\/06\\\/logo_a_nova_peneira_portal_web.png\",\"contentUrl\":\"http:\\\/\\\/www.anovapeneira.gal\\\/wp-content\\\/uploads\\\/2019\\\/06\\\/logo_a_nova_peneira_portal_web.png\",\"width\":300,\"height\":100,\"caption\":\"A Nova Peneira\"},\"image\":{\"@id\":\"https:\\\/\\\/www.anovapeneira.gal\\\/#\\\/schema\\\/logo\\\/image\\\/\"},\"sameAs\":[\"https:\\\/\\\/www.facebook.com\\\/anovapeneira\",\"https:\\\/\\\/x.com\\\/APeneira\"]},{\"@type\":\"Person\",\"@id\":\"https:\\\/\\\/www.anovapeneira.gal\\\/#\\\/schema\\\/person\\\/3df7d3e1f38ddcee2ddb9d0bee1a0628\",\"name\":\"Moncho Lareu\",\"image\":{\"@type\":\"ImageObject\",\"inLanguage\":\"gl-ES\",\"@id\":\"https:\\\/\\\/secure.gravatar.com\\\/avatar\\\/47b1711433a3b83d9747992d63c05708f734f76ad2d588ae93638a06737a5471?s=96&d=mm&r=g\",\"url\":\"https:\\\/\\\/secure.gravatar.com\\\/avatar\\\/47b1711433a3b83d9747992d63c05708f734f76ad2d588ae93638a06737a5471?s=96&d=mm&r=g\",\"contentUrl\":\"https:\\\/\\\/secure.gravatar.com\\\/avatar\\\/47b1711433a3b83d9747992d63c05708f734f76ad2d588ae93638a06737a5471?s=96&d=mm&r=g\",\"caption\":\"Moncho Lareu\"},\"sameAs\":[\"http:\\\/\\\/www.anovapeneira.gal\\\/\"],\"url\":\"https:\\\/\\\/www.anovapeneira.gal\\\/index.php\\\/author\\\/moncho-lareu\\\/\"}]}<\/script>\n<!-- \/ Yoast SEO plugin. -->","yoast_head_json":{"title":"Entre crises. Conxuntura da esquerda en Galiza -","description":"A\u00ednda non saimos da crise pand\u00e9mica e xa estamos a entrar nunha sist\u00e9mica. F\u00e1lase de desabastecemento, de apag\u00f3n e doutras milongas que evitan falar de crise do sistema capitalista. Os eternos eufemismos propagand\u00edsticos cos que os medios queren seguir enganando \u00e1 clase traballadora internacional","robots":{"index":"index","follow":"follow","max-snippet":"max-snippet:-1","max-image-preview":"max-image-preview:large","max-video-preview":"max-video-preview:-1"},"canonical":"https:\/\/www.anovapeneira.gal\/index.php\/2021\/11\/25\/entre-crises-conxuntura-da-esquerda-en-galiza\/","og_locale":"gl_ES","og_type":"article","og_title":"Entre crises. Conxuntura da esquerda en Galiza -","og_description":"A\u00ednda non saimos da crise pand\u00e9mica e xa estamos a entrar nunha sist\u00e9mica. F\u00e1lase de desabastecemento, de apag\u00f3n e doutras milongas que evitan falar de crise do sistema capitalista. Os eternos eufemismos propagand\u00edsticos cos que os medios queren seguir enganando \u00e1 clase traballadora internacional","og_url":"https:\/\/www.anovapeneira.gal\/index.php\/2021\/11\/25\/entre-crises-conxuntura-da-esquerda-en-galiza\/","article_publisher":"https:\/\/www.facebook.com\/anovapeneira","article_published_time":"2021-11-25T11:00:06+00:00","article_modified_time":"2021-11-29T18:36:36+00:00","og_image":[{"width":720,"height":473,"url":"https:\/\/www.anovapeneira.gal\/wp-content\/uploads\/2019\/07\/ARTIGO_DE_OPINION_A_NOVA_PENEIRA.jpg","type":"image\/jpeg"}],"author":"Moncho Lareu","twitter_card":"summary_large_image","twitter_image":"https:\/\/www.anovapeneira.gal\/wp-content\/uploads\/2019\/07\/ARTIGO_DE_OPINION_A_NOVA_PENEIRA.jpg","twitter_creator":"@APeneira","twitter_site":"@APeneira","twitter_misc":{"Escrito por":"Moncho Lareu","Tempo de lectura":"5 minutos"},"schema":{"@context":"https:\/\/schema.org","@graph":[{"@type":"Article","@id":"https:\/\/www.anovapeneira.gal\/index.php\/2021\/11\/25\/entre-crises-conxuntura-da-esquerda-en-galiza\/#article","isPartOf":{"@id":"https:\/\/www.anovapeneira.gal\/index.php\/2021\/11\/25\/entre-crises-conxuntura-da-esquerda-en-galiza\/"},"author":{"name":"Moncho Lareu","@id":"https:\/\/www.anovapeneira.gal\/#\/schema\/person\/3df7d3e1f38ddcee2ddb9d0bee1a0628"},"headline":"Entre crises. Conxuntura da esquerda en Galiza","datePublished":"2021-11-25T11:00:06+00:00","dateModified":"2021-11-29T18:36:36+00:00","mainEntityOfPage":{"@id":"https:\/\/www.anovapeneira.gal\/index.php\/2021\/11\/25\/entre-crises-conxuntura-da-esquerda-en-galiza\/"},"wordCount":1101,"commentCount":0,"publisher":{"@id":"https:\/\/www.anovapeneira.gal\/#organization"},"image":{"@id":"https:\/\/www.anovapeneira.gal\/index.php\/2021\/11\/25\/entre-crises-conxuntura-da-esquerda-en-galiza\/#primaryimage"},"thumbnailUrl":"https:\/\/www.anovapeneira.gal\/wp-content\/uploads\/2019\/07\/ARTIGO_DE_OPINION_A_NOVA_PENEIRA.jpg","articleSection":["Artigos de opini\u00f3n"],"inLanguage":"gl-ES","potentialAction":[{"@type":"CommentAction","name":"Comment","target":["https:\/\/www.anovapeneira.gal\/index.php\/2021\/11\/25\/entre-crises-conxuntura-da-esquerda-en-galiza\/#respond"]}]},{"@type":"WebPage","@id":"https:\/\/www.anovapeneira.gal\/index.php\/2021\/11\/25\/entre-crises-conxuntura-da-esquerda-en-galiza\/","url":"https:\/\/www.anovapeneira.gal\/index.php\/2021\/11\/25\/entre-crises-conxuntura-da-esquerda-en-galiza\/","name":"Entre crises. Conxuntura da esquerda en Galiza -","isPartOf":{"@id":"https:\/\/www.anovapeneira.gal\/#website"},"primaryImageOfPage":{"@id":"https:\/\/www.anovapeneira.gal\/index.php\/2021\/11\/25\/entre-crises-conxuntura-da-esquerda-en-galiza\/#primaryimage"},"image":{"@id":"https:\/\/www.anovapeneira.gal\/index.php\/2021\/11\/25\/entre-crises-conxuntura-da-esquerda-en-galiza\/#primaryimage"},"thumbnailUrl":"https:\/\/www.anovapeneira.gal\/wp-content\/uploads\/2019\/07\/ARTIGO_DE_OPINION_A_NOVA_PENEIRA.jpg","datePublished":"2021-11-25T11:00:06+00:00","dateModified":"2021-11-29T18:36:36+00:00","description":"A\u00ednda non saimos da crise pand\u00e9mica e xa estamos a entrar nunha sist\u00e9mica. F\u00e1lase de desabastecemento, de apag\u00f3n e doutras milongas que evitan falar de crise do sistema capitalista. Os eternos eufemismos propagand\u00edsticos cos que os medios queren seguir enganando \u00e1 clase traballadora internacional","breadcrumb":{"@id":"https:\/\/www.anovapeneira.gal\/index.php\/2021\/11\/25\/entre-crises-conxuntura-da-esquerda-en-galiza\/#breadcrumb"},"inLanguage":"gl-ES","potentialAction":[{"@type":"ReadAction","target":["https:\/\/www.anovapeneira.gal\/index.php\/2021\/11\/25\/entre-crises-conxuntura-da-esquerda-en-galiza\/"]}]},{"@type":"ImageObject","inLanguage":"gl-ES","@id":"https:\/\/www.anovapeneira.gal\/index.php\/2021\/11\/25\/entre-crises-conxuntura-da-esquerda-en-galiza\/#primaryimage","url":"https:\/\/www.anovapeneira.gal\/wp-content\/uploads\/2019\/07\/ARTIGO_DE_OPINION_A_NOVA_PENEIRA.jpg","contentUrl":"https:\/\/www.anovapeneira.gal\/wp-content\/uploads\/2019\/07\/ARTIGO_DE_OPINION_A_NOVA_PENEIRA.jpg","width":720,"height":473,"caption":"Artigo de opini\u00f3n A Nova Peneira"},{"@type":"BreadcrumbList","@id":"https:\/\/www.anovapeneira.gal\/index.php\/2021\/11\/25\/entre-crises-conxuntura-da-esquerda-en-galiza\/#breadcrumb","itemListElement":[{"@type":"ListItem","position":1,"name":"Portada","item":"https:\/\/www.anovapeneira.gal\/"},{"@type":"ListItem","position":2,"name":"Entre crises. Conxuntura da esquerda en Galiza"}]},{"@type":"WebSite","@id":"https:\/\/www.anovapeneira.gal\/#website","url":"https:\/\/www.anovapeneira.gal\/","name":"","description":"Xornal galego de informaci\u00f3n xeral Publicaci\u00f3n mensual de novas de Galicia e en especial dos Concellos da sur da provincia de Pontevedra.","publisher":{"@id":"https:\/\/www.anovapeneira.gal\/#organization"},"potentialAction":[{"@type":"SearchAction","target":{"@type":"EntryPoint","urlTemplate":"https:\/\/www.anovapeneira.gal\/?s={search_term_string}"},"query-input":{"@type":"PropertyValueSpecification","valueRequired":true,"valueName":"search_term_string"}}],"inLanguage":"gl-ES"},{"@type":"Organization","@id":"https:\/\/www.anovapeneira.gal\/#organization","name":"A Nova Peneira","url":"https:\/\/www.anovapeneira.gal\/","logo":{"@type":"ImageObject","inLanguage":"gl-ES","@id":"https:\/\/www.anovapeneira.gal\/#\/schema\/logo\/image\/","url":"http:\/\/www.anovapeneira.gal\/wp-content\/uploads\/2019\/06\/logo_a_nova_peneira_portal_web.png","contentUrl":"http:\/\/www.anovapeneira.gal\/wp-content\/uploads\/2019\/06\/logo_a_nova_peneira_portal_web.png","width":300,"height":100,"caption":"A Nova Peneira"},"image":{"@id":"https:\/\/www.anovapeneira.gal\/#\/schema\/logo\/image\/"},"sameAs":["https:\/\/www.facebook.com\/anovapeneira","https:\/\/x.com\/APeneira"]},{"@type":"Person","@id":"https:\/\/www.anovapeneira.gal\/#\/schema\/person\/3df7d3e1f38ddcee2ddb9d0bee1a0628","name":"Moncho Lareu","image":{"@type":"ImageObject","inLanguage":"gl-ES","@id":"https:\/\/secure.gravatar.com\/avatar\/47b1711433a3b83d9747992d63c05708f734f76ad2d588ae93638a06737a5471?s=96&d=mm&r=g","url":"https:\/\/secure.gravatar.com\/avatar\/47b1711433a3b83d9747992d63c05708f734f76ad2d588ae93638a06737a5471?s=96&d=mm&r=g","contentUrl":"https:\/\/secure.gravatar.com\/avatar\/47b1711433a3b83d9747992d63c05708f734f76ad2d588ae93638a06737a5471?s=96&d=mm&r=g","caption":"Moncho Lareu"},"sameAs":["http:\/\/www.anovapeneira.gal\/"],"url":"https:\/\/www.anovapeneira.gal\/index.php\/author\/moncho-lareu\/"}]}},"jetpack_featured_media_url":"https:\/\/www.anovapeneira.gal\/wp-content\/uploads\/2019\/07\/ARTIGO_DE_OPINION_A_NOVA_PENEIRA.jpg","_links":{"self":[{"href":"https:\/\/www.anovapeneira.gal\/index.php\/wp-json\/wp\/v2\/posts\/6486","targetHints":{"allow":["GET"]}}],"collection":[{"href":"https:\/\/www.anovapeneira.gal\/index.php\/wp-json\/wp\/v2\/posts"}],"about":[{"href":"https:\/\/www.anovapeneira.gal\/index.php\/wp-json\/wp\/v2\/types\/post"}],"author":[{"embeddable":true,"href":"https:\/\/www.anovapeneira.gal\/index.php\/wp-json\/wp\/v2\/users\/20"}],"replies":[{"embeddable":true,"href":"https:\/\/www.anovapeneira.gal\/index.php\/wp-json\/wp\/v2\/comments?post=6486"}],"version-history":[{"count":2,"href":"https:\/\/www.anovapeneira.gal\/index.php\/wp-json\/wp\/v2\/posts\/6486\/revisions"}],"predecessor-version":[{"id":6513,"href":"https:\/\/www.anovapeneira.gal\/index.php\/wp-json\/wp\/v2\/posts\/6486\/revisions\/6513"}],"wp:featuredmedia":[{"embeddable":true,"href":"https:\/\/www.anovapeneira.gal\/index.php\/wp-json\/wp\/v2\/media\/584"}],"wp:attachment":[{"href":"https:\/\/www.anovapeneira.gal\/index.php\/wp-json\/wp\/v2\/media?parent=6486"}],"wp:term":[{"taxonomy":"category","embeddable":true,"href":"https:\/\/www.anovapeneira.gal\/index.php\/wp-json\/wp\/v2\/categories?post=6486"},{"taxonomy":"post_tag","embeddable":true,"href":"https:\/\/www.anovapeneira.gal\/index.php\/wp-json\/wp\/v2\/tags?post=6486"}],"curies":[{"name":"wp","href":"https:\/\/api.w.org\/{rel}","templated":true}]}}