{"id":6488,"date":"2021-11-26T10:00:32","date_gmt":"2021-11-26T09:00:32","guid":{"rendered":"https:\/\/www.anovapeneira.gal\/?p=6488"},"modified":"2021-11-12T09:26:25","modified_gmt":"2021-11-12T08:26:25","slug":"xose-manuel-rodriguez-alcalde-de-as-neves-2","status":"publish","type":"post","link":"https:\/\/www.anovapeneira.gal\/index.php\/2021\/11\/26\/xose-manuel-rodriguez-alcalde-de-as-neves-2\/","title":{"rendered":"Xos\u00e9 Manuel Rodr\u00edguez, alcalde de As Neves"},"content":{"rendered":"\n<h2 class=\"wp-block-heading\"><strong>Xose \u00e9 un tipo brillante, c\u00e1lido e cordial, que ten un compromiso emocional absoluto co seu pobo, e que estou seguro que, como Pepe Represas en Ponteareas, pasar\u00e1 a historia como o mellor alcalde de todos os que tiveron a honra de ostentar a m\u00e1xima representaci\u00f3n na pol\u00edtica local. Unha vez m\u00e1is foi un pracer para min conversar con el<\/strong><\/h2>\n\n\n\n<p>\u201c<strong>A maior satisfacci\u00f3n que esta etapa como alcalde me pode dar \u00e9 que as persoas das Neves estean moi orgullosas do noso pobo, e que a xente de f\u00f3ra, que nos co\u00f1eza, sinta desexos de compartir o seu cami\u00f1o con N\u00f3s\u201d<\/strong><\/p>\n\n\n\n<p><strong>Hai tempo que non ti\u00f1amos ocasi\u00f3n de falar alcalde. Como vas as cousas polas Neves?<\/strong><\/p>\n\n\n\n<blockquote class=\"wp-block-quote is-layout-flow wp-block-quote-is-layout-flow\"><p>Eu dir\u00eda que moi ben. Estamos nun momento pol\u00edtico cunha gran estabilidade, isto infl\u00fae en que poidas tomar decisi\u00f3n con tranquilidade, decisi\u00f3n e perspectiva.<\/p><\/blockquote>\n\n\n\n<p><strong>A \u00faltima vez que falaramos as t\u00faas relaci\u00f3ns co PSOE, o teu socio de goberno, a eran excelentes. Sigue sendo as\u00ed?<\/strong><\/p>\n\n\n\n<blockquote class=\"wp-block-quote is-layout-flow wp-block-quote-is-layout-flow\"><p>Seguen sendo as\u00ed. Eu s\u00f3 te\u00f1o palabras de agradecemento para o traballo, lealdade e, incluso o afecto que se lle pon \u00e1s cousas. Non hai nin un s\u00f3 aspecto que non foramos capaces de resolver cunha conversaci\u00f3n seren\u00edsima. Temos un nivel de acordo que eu dir\u00eda espectacular ao respecto de como debe ser o modelo de goberno.<\/p><\/blockquote>\n\n\n\n<p><strong>Xa , pero iso, no mandato anterior non foi as\u00ed. O antigo portavoz do PSOE segue na corporaci\u00f3n non?<\/strong><\/p>\n\n\n\n<blockquote class=\"wp-block-quote is-layout-flow wp-block-quote-is-layout-flow\"><p>Si, Eduardo Mari\u00f1o segue, pero fixo unha especie de transfuguismo pol\u00edtico, presentouse no n\u00famero dous pola lista do PSOE, foise do PSOE pero non devolveu a acta de concelleiro. E est\u00e1 como concelleiro non adscrito.<\/p><\/blockquote>\n\n\n\n<p><strong>Fai alg\u00fan tipo de oposici\u00f3n?<\/strong><\/p>\n\n\n\n<blockquote class=\"wp-block-quote is-layout-flow wp-block-quote-is-layout-flow\"><p>Si, fai unha oposici\u00f3n decidida ao goberno, e nada construtiva.<\/p><\/blockquote>\n\n\n\n<p><strong>Tam\u00e9n lle fai oposici\u00f3n aos seus antigos compa\u00f1eiros de partido nas \u00e1reas que leven eles?<\/strong><\/p>\n\n\n\n<blockquote class=\"wp-block-quote is-layout-flow wp-block-quote-is-layout-flow\"><p>Radical.<\/p><\/blockquote>\n\n\n\n<p><strong>E as relaci\u00f3ns co PP como as tedes?<\/strong><\/p>\n\n\n\n<blockquote class=\"wp-block-quote is-layout-flow wp-block-quote-is-layout-flow\"><p>Son de respecto institucional, non temos ningunha fricci\u00f3n m\u00e1is al\u00e1 das derivadas do exercicio e da actividade de goberno que se evidencia nun pleno ou nalgunha petici\u00f3n que se poida facer. Nada que destacar.<\/p><\/blockquote>\n\n\n\n<p><strong>O abandono do rural por parte da mocidade, que carece de alternativas, e o conseguinte envellecemento da poboaci\u00f3n \u00e9 un problema enorme que sofre o pa\u00eds galego. P\u00f3dese facer algo desde os concellos? Fai algo para tratar de mitigalo o goberno de As Neves?<\/strong><\/p>\n\n\n\n<blockquote class=\"wp-block-quote is-layout-flow wp-block-quote-is-layout-flow\"><p>Eu dir\u00eda que isto \u00e9 o gran problema deste pa\u00eds. Eu creo que na actualidade hai un percepci\u00f3n social m\u00e1is positiva do mundo rural despois deste episodio tan dram\u00e1tico da pandemia, interes\u00e1ndose polo rural como un espazo onde poder vivir. A administraci\u00f3n municipal ten pouca marxe para abordar un problema desa dimensi\u00f3n. Pero todo o que haxa imos tratar de aproveitalo desde logo<\/p><\/blockquote>\n\n\n\n<blockquote class=\"wp-block-quote is-layout-flow wp-block-quote-is-layout-flow\"><p>Creamos un programa desde o concello que \u00e9 <strong>\u201cVive nas Neves\u201d<\/strong> que pretende, en esencia, que as xentes que somos das Neves esteamos moi orgullosos e orgullosas de selo, valoremos moi ben o que temos e o que somos, e para a xente que non \u00e9 das Neves, te\u00f1a o desexo de vir a vivir As Neves.<\/p><\/blockquote>\n\n\n\n<p><strong>Como se pode facer isto?<\/strong><\/p>\n\n\n\n<blockquote class=\"wp-block-quote is-layout-flow wp-block-quote-is-layout-flow\"><p>Cunha li\u00f1a informativa que conta o que somos y o que temos. Temos o ciclo formativo completo desde garder\u00eda, infantil, primaria, instituto ata o bacharelato e formaci\u00f3n profesional. Levamos feito unha inversi\u00f3n alt\u00edsima desde o goberno municipal mellorando as instalaci\u00f3ns educativas para que isto sexa de calidade.<\/p><\/blockquote>\n\n\n\n<blockquote class=\"wp-block-quote is-layout-flow wp-block-quote-is-layout-flow\"><p>Todo isto conforma unha gran oportunidade para poder mellorar a nosa transmisi\u00f3n da idea do que somos polo mundo a trav\u00e9s dos ollos desa xente que nos visita e nos co\u00f1ece. Isto tam\u00e9n \u00e9 unha oportunidade econ\u00f3mica importante porque xera alugueres, ventas\u2026<\/p><\/blockquote>\n\n\n\n<p><strong>Hai nicho de mercado para mercar ou alugar casa se se quere vir vivir aqu\u00ed?<\/strong><\/p>\n\n\n\n<blockquote class=\"wp-block-quote is-layout-flow wp-block-quote-is-layout-flow\"><p>Si, acabamos de crear este ano un portal inmobiliario p\u00fablico informativo e po\u00f1emos as ferramentas para que a xente co\u00f1eza a oferta de vivenda que hai no concello, tam\u00e9n para que a xente que est\u00e1 demandando unha vivenda poida anunciarse neste portal.<\/p><\/blockquote>\n\n\n\n<p><strong>Como se chama?<\/strong><\/p>\n\n\n\n<blockquote class=\"wp-block-quote is-layout-flow wp-block-quote-is-layout-flow\"><p>Portal inmobiliario de As Neves.<\/p><\/blockquote>\n\n\n\n<blockquote class=\"wp-block-quote is-layout-flow wp-block-quote-is-layout-flow\"><p>Ademais deste porta tam\u00e9n queremos facer respectar o patrimonio inmobiliario que existe, intentar estimular as propietarias ou propietarios deste patrimonio para que se restaure e se volva po\u00f1er outra vez en circulaci\u00f3n. Hai moitas vivendas abandonadas no casco urbano. Este casco \u00e9 moi bonito con moitas vivendas de calidade e non ten moita ocupaci\u00f3n, ten vivendas valeiras todo o ano e creemos que en lugar de facer novas construci\u00f3ns, hai que apoiar a recuperaci\u00f3n deste patrimonio.<\/p><\/blockquote>\n\n\n\n<p><strong>Al\u00e9n de ter unha educaci\u00f3n competa e de calidade, posibilidade de adquirir vivenda bonita a moi bo prezo, tam\u00e9n temos que ter servizos, sobre todo servizos sanitarios. Recentemente estabas nunha protesta en defensa da sanidade p\u00fablica de As Neves, como est\u00e1 esta situaci\u00f3n sanitaria no pobo?<\/strong><\/p>\n\n\n\n<blockquote class=\"wp-block-quote is-layout-flow wp-block-quote-is-layout-flow\"><p>Temos un problema de dotaci\u00f3n efectiva de medios para a sanidade p\u00fablica por parte da Xunta de Galiza que \u00e9 notablemente mellorable. Estamos negociando co Sergas para que se faga cargo do mantemento do Centro de sa\u00fade do concello. O mantemento e limpeza corre a cargo do concello e isto non ten sentido.<\/p><\/blockquote>\n\n\n\n<p><strong>Creo que debedes de ser o \u00fanico concello que se encarga disto.<\/strong><\/p>\n\n\n\n<blockquote class=\"wp-block-quote is-layout-flow wp-block-quote-is-layout-flow\"><p>Hai alg\u00fan m\u00e1is por a\u00ed, pero moi poucos. O Sergas di que como o edificio \u00e9 noso, temos que encargarnos do mantemento. Isto \u00e9 competencia da Xunta e est\u00e1moslle quitando recursos ao concello para outros asuntos.<\/p><\/blockquote>\n\n\n\n<p><strong>Os medios humanos e t\u00e9cnicos que ten o centro de sa\u00fade son os suficientes?<\/strong><\/p>\n\n\n\n<blockquote class=\"wp-block-quote is-layout-flow wp-block-quote-is-layout-flow\"><p>Se houbera as necesarias substituci\u00f3ns nas baixas, vacaci\u00f3ns ou permisos do persoal sanitario non estar\u00eda mal. Hai tres consultas m\u00e9dicas, enfermer\u00eda, pediatr\u00eda, pero non hai vontade ningunha de que estean ao 100% e isto si que \u00e9 un problema, cando hai falta de persoal hai deficiencia nos servizos e retrasos nos mesmos.<\/p><\/blockquote>\n\n\n\n<blockquote class=\"wp-block-quote is-layout-flow wp-block-quote-is-layout-flow\"><p>Logo, os medios t\u00e9cnicos e a infraestrutura hai que mellorala, por iso estamos negociando con eles, queremos facer a transferencia ao Sergas para que fagan unha inversi\u00f3n importante.<\/p><\/blockquote>\n\n\n\n<p><strong>Outros alcaldes e alcaldesas com\u00e9ntanos que a pandemia provocou que moitas familias precisen axuda dos servizos sociais do concellos para atender as s\u00faas necesidades m\u00e1is b\u00e1sicas. Nas Neves tam\u00e9n notastes este fen\u00f3meno?<\/strong><\/p>\n\n\n\n<blockquote class=\"wp-block-quote is-layout-flow wp-block-quote-is-layout-flow\"><p>Si, sen d\u00fabida. Xa no incendio do 2017 adiantamos esta percepci\u00f3n. Este incendio provocou, a maiores do desastre ecol\u00f3xico e econ\u00f3mico, unha percepci\u00f3n sobre as necesidades da xente. Decat\u00e1monos do abandono que pasa unha persoa maior pola cantidade de horas que pasa soa. Tam\u00e9n no lo reflexan as traballadores do fogar ou as de dependencia, que estas persoas o que m\u00e1is agradecen \u00e9 a compa\u00f1\u00eda. Por isto fixemos un programa con Avela\u00ed\u00f1a co que temos pensado seguir que \u00e9 o acompa\u00f1amento e actividades.<\/p><\/blockquote>\n\n\n\n<p><\/p>\n\n\n\n<p><strong>As condici\u00f3ns que posibilitaron a terrible vaga de lumes do 2.017 desapareceron ou hai posibilidades de que os lumes se repitan si se dan as condici\u00f3ns ?<\/strong><\/p>\n\n\n\n<blockquote class=\"wp-block-quote is-layout-flow wp-block-quote-is-layout-flow\"><p>Esta resposta non me gusta nada, pero \u00e9 que si pode volver pasar. No noso concello, a xesti\u00f3n do que ten que ver coa propiedade forestal privada que estivo afectada polo incendio non obtivo ningunha axuda. Non existe ningunha li\u00f1a de axudas para que o propietario do terreo arrasado polo lume se poida ver estimulado a recuperar esas terras cun uso diferente, substitu\u00edr a proliferaci\u00f3n natural e autom\u00e1tica de eucalipto por outro tipo de cultivo ordenado. Na Xunta non nos fixeron ning\u00fan caso para que puxeran ao concello de As neves como oportunidade para mostrar o modelo de xesti\u00f3n forestal, que quer\u00eda aplicar neste pa\u00eds, pois ti\u00f1amos o 90% do terreo calcinado.<\/p><\/blockquote>\n\n\n\n<blockquote class=\"wp-block-quote is-layout-flow wp-block-quote-is-layout-flow\"><p>O que si quero destacar \u00e9 o papel das comunidades de montes que traballaron arreo e moi ben para reverter a proliferaci\u00f3n masiva do eucalipto e darlle un xiro a como se quere traballar a parte forestal e de ordenar este uso.<\/p><\/blockquote>\n\n\n\n<p><strong>Un pregunta cuxa resposta tampouco che vai gustar. O Outro d\u00eda estaba tomando algo no bar ao car\u00f3n do instituto \u00e1 hora da sa\u00edda e observei que ning\u00fan mozo e moza falaba galego nas Neves, isto \u00e9 unha desgraza.<\/strong><\/p>\n\n\n\n<blockquote class=\"wp-block-quote is-layout-flow wp-block-quote-is-layout-flow\"><p>Comendo o outro d\u00eda na Coru\u00f1a cuns amigos comentabamos isto. Todos temos fillos que abranguen diferentes tipos de idade e chegamos todos a mesma conclusi\u00f3n, cando estes rapaces e rapazas entran no ciclo formativo, cambian o seu idioma de relaci\u00f3n. Eu engader\u00eda a maiores de que os medios a trav\u00e9s dos cales socializan como as redes sociais ou a televisi\u00f3n, transm\u00edtense basicamente en espa\u00f1ol, aprenden que as cousas que lles gustan se comunican nese idioma e establ\u00e9ceno como idioma de relaci\u00f3n. Pero a situaci\u00f3n do idioma galego \u00e9 moi dif\u00edcil, abof\u00e9 que si<\/p><\/blockquote>\n\n\n\n<p><strong>Fainos unha s\u00edntese das principais actividades para dinamizar o tecido cultural do pobo que tes feito neste mandato.<\/strong><\/p>\n\n\n\n<blockquote class=\"wp-block-quote is-layout-flow wp-block-quote-is-layout-flow\"><p>Desde o inicio de todo temos un programa aberto que se chama \u201cAs Neves estaci\u00f3n cultural\u201d non que incorporamos unha estrutura das actividades culturais. Exemplo: o outono, o teatro; a primavera, a m\u00fasica; o inverno de cinema. As\u00ed est\u00e1n inclu\u00eddas todas as disciplinas art\u00edsticas das actividades culturais que desenrola o concello. Tam\u00e9n temos especial sensibilidade \u00e1 hora de programar festas como a do requeixo, a do vi\u00f1o, as festas patronais, ou eventos que te\u00f1en que ver coa oportunidade de ofrecer produto de consumo cultural, o uso da lingua, a cultura m\u00e1is popular. Queremos destacar o que somos, e a cultura en gran medida, representa o que somo como sociedade.<\/p><\/blockquote>\n\n\n\n<p><strong>Que tal estivo a Festa do Vi\u00f1o este ano?<\/strong><\/p>\n\n\n\n<blockquote class=\"wp-block-quote is-layout-flow wp-block-quote-is-layout-flow\"><p>Xenial, creo que o mellor ano de todos con diferencia tanto en participaci\u00f3n de xente coma nas das adegas. Quedamos moi contentos.<\/p><\/blockquote>\n\n\n\n<p><strong>O problema da variante de Setados est\u00e1 arranxado xa?<\/strong><\/p>\n\n\n\n<blockquote class=\"wp-block-quote is-layout-flow wp-block-quote-is-layout-flow\"><p>Non, en absoluto, nin creo que haxa intenci\u00f3n pol\u00edtica da Xunta de arranxalo.<\/p><\/blockquote>\n\n\n\n<p><strong>Pero algo fixo a conseller\u00eda?<\/strong><\/p>\n\n\n\n<blockquote class=\"wp-block-quote is-layout-flow wp-block-quote-is-layout-flow\"><p>Si, cambiaron a pintura, unha soluci\u00f3n de tr\u00e1nsito que serviu para darlle un pouco m\u00e1is de seguridade pero aqu\u00ed neces\u00edtase outra cousa, neces\u00edtase un cruce de verdade. Hai cruces e accesos ao concello no que hai moitos accidentes e casas moi pegadas \u00e1 calzada con risco. A conseller\u00eda non abordou ningunha das propostas de seguridade viaria que lle levamos proposto desde o ano 2015.<\/p><\/blockquote>\n\n\n\n<p><strong>E coa DEP que tal?<\/strong><\/p>\n\n\n\n<blockquote class=\"wp-block-quote is-layout-flow wp-block-quote-is-layout-flow\"><p>Temos 400.000\u20ac de financiamento da Deputaci\u00f3n para facer a urbanizaci\u00f3n do entorno do colexio , que diferencia coa Xunta da que non temos nada\u00a1\u00a1<\/p><\/blockquote>\n\n\n\n<p><strong>Cando imos comezar a operar na contorna do colexio?<\/strong><\/p>\n\n\n\n<blockquote class=\"wp-block-quote is-layout-flow wp-block-quote-is-layout-flow\"><p>En canto nos chegue a concesi\u00f3n licitaremos a obra e xa.<\/p><\/blockquote>\n\n\n\n<p><strong>Rematamos Xose, como est\u00e1s de \u00e1nimo, de ilusi\u00f3ns forzas e ga\u00f1as?<\/strong><\/p>\n\n\n\n<blockquote class=\"wp-block-quote is-layout-flow wp-block-quote-is-layout-flow\"><p>Te\u00f1o de todo iso m\u00e1is que antes. Aqu\u00ed chegas con moita intenci\u00f3n e certa dose de impulso na que che falta algo de control. Agora te\u00f1o este impulso con moito m\u00e1is control.<\/p><\/blockquote>\n","protected":false},"excerpt":{"rendered":"<div class=\"mh-excerpt\"><p>Xose \u00e9 un tipo brillante, c\u00e1lido e cordial, que ten un compromiso emocional absoluto co seu pobo, e que estou seguro que, como Pepe Represas en Ponteareas, pasar\u00e1 a historia como o mellor alcalde de todos os que tiveron a honra de ostentar a m\u00e1xima representaci\u00f3n na pol\u00edtica local. Unha vez m\u00e1is foi un pracer para min conversar con el <a class=\"mh-excerpt-more\" href=\"https:\/\/www.anovapeneira.gal\/index.php\/2021\/11\/26\/xose-manuel-rodriguez-alcalde-de-as-neves-2\/\" title=\"Xos\u00e9 Manuel Rodr\u00edguez, alcalde de As Neves\">[&#8230;]<\/a><\/p>\n<\/div>","protected":false},"author":3,"featured_media":6489,"comment_status":"open","ping_status":"open","sticky":false,"template":"","format":"standard","meta":{"_exactmetrics_skip_tracking":false,"_exactmetrics_sitenote_active":false,"_exactmetrics_sitenote_note":"","_exactmetrics_sitenote_category":0,"footnotes":""},"categories":[25],"tags":[423],"class_list":{"0":"post-6488","1":"post","2":"type-post","3":"status-publish","4":"format-standard","5":"has-post-thumbnail","7":"category-condado","8":"tag-concello-de-as-neves"},"yoast_head":"<!-- This site is optimized with the Yoast SEO plugin v27.5 - https:\/\/yoast.com\/product\/yoast-seo-wordpress\/ -->\n<title>Xos\u00e9 Manuel Rodr\u00edguez, alcalde de As Neves -<\/title>\n<meta name=\"description\" content=\"Xose \u00e9 un tipo brillante, c\u00e1lido e cordial, que ten un compromiso emocional absoluto co seu pobo, e que estou seguro que, como Pepe Represas en Ponteareas, pasar\u00e1 a historia como o mellor alcalde de todos os que tiveron a honra de ostentar a m\u00e1xima representaci\u00f3n na pol\u00edtica local. Unha vez m\u00e1is foi un pracer para min conversar con el\" \/>\n<meta name=\"robots\" content=\"index, follow, max-snippet:-1, max-image-preview:large, max-video-preview:-1\" \/>\n<link rel=\"canonical\" href=\"https:\/\/www.anovapeneira.gal\/index.php\/2021\/11\/26\/xose-manuel-rodriguez-alcalde-de-as-neves-2\/\" \/>\n<meta property=\"og:locale\" content=\"gl_ES\" \/>\n<meta property=\"og:type\" content=\"article\" \/>\n<meta property=\"og:title\" content=\"Xos\u00e9 Manuel Rodr\u00edguez, alcalde de As Neves -\" \/>\n<meta property=\"og:description\" content=\"Xose \u00e9 un tipo brillante, c\u00e1lido e cordial, que ten un compromiso emocional absoluto co seu pobo, e que estou seguro que, como Pepe Represas en Ponteareas, pasar\u00e1 a historia como o mellor alcalde de todos os que tiveron a honra de ostentar a m\u00e1xima representaci\u00f3n na pol\u00edtica local. Unha vez m\u00e1is foi un pracer para min conversar con el\" \/>\n<meta property=\"og:url\" content=\"https:\/\/www.anovapeneira.gal\/index.php\/2021\/11\/26\/xose-manuel-rodriguez-alcalde-de-as-neves-2\/\" \/>\n<meta property=\"article:publisher\" content=\"https:\/\/www.facebook.com\/anovapeneira\" \/>\n<meta property=\"article:published_time\" content=\"2021-11-26T09:00:32+00:00\" \/>\n<meta property=\"og:image\" content=\"https:\/\/www.anovapeneira.gal\/wp-content\/uploads\/2021\/11\/alcalde_as_neves.jpg\" \/>\n\t<meta property=\"og:image:width\" content=\"720\" \/>\n\t<meta property=\"og:image:height\" content=\"432\" \/>\n\t<meta property=\"og:image:type\" content=\"image\/jpeg\" \/>\n<meta name=\"author\" content=\"Redacci\u00f3n A Nova Peneira\" \/>\n<meta name=\"twitter:card\" content=\"summary_large_image\" \/>\n<meta name=\"twitter:creator\" content=\"@APeneira\" \/>\n<meta name=\"twitter:site\" content=\"@APeneira\" \/>\n<meta name=\"twitter:label1\" content=\"Escrito por\" \/>\n\t<meta name=\"twitter:data1\" content=\"Redacci\u00f3n A Nova Peneira\" \/>\n\t<meta name=\"twitter:label2\" content=\"Tempo de lectura\" \/>\n\t<meta name=\"twitter:data2\" content=\"8 minutos\" \/>\n<script type=\"application\/ld+json\" class=\"yoast-schema-graph\">{\"@context\":\"https:\\\/\\\/schema.org\",\"@graph\":[{\"@type\":\"Article\",\"@id\":\"https:\\\/\\\/www.anovapeneira.gal\\\/index.php\\\/2021\\\/11\\\/26\\\/xose-manuel-rodriguez-alcalde-de-as-neves-2\\\/#article\",\"isPartOf\":{\"@id\":\"https:\\\/\\\/www.anovapeneira.gal\\\/index.php\\\/2021\\\/11\\\/26\\\/xose-manuel-rodriguez-alcalde-de-as-neves-2\\\/\"},\"author\":{\"name\":\"Redacci\u00f3n A Nova Peneira\",\"@id\":\"https:\\\/\\\/www.anovapeneira.gal\\\/#\\\/schema\\\/person\\\/b93e3f8932e3f8da96334607eb6ac6aa\"},\"headline\":\"Xos\u00e9 Manuel Rodr\u00edguez, alcalde de As Neves\",\"datePublished\":\"2021-11-26T09:00:32+00:00\",\"mainEntityOfPage\":{\"@id\":\"https:\\\/\\\/www.anovapeneira.gal\\\/index.php\\\/2021\\\/11\\\/26\\\/xose-manuel-rodriguez-alcalde-de-as-neves-2\\\/\"},\"wordCount\":1902,\"commentCount\":0,\"publisher\":{\"@id\":\"https:\\\/\\\/www.anovapeneira.gal\\\/#organization\"},\"image\":{\"@id\":\"https:\\\/\\\/www.anovapeneira.gal\\\/index.php\\\/2021\\\/11\\\/26\\\/xose-manuel-rodriguez-alcalde-de-as-neves-2\\\/#primaryimage\"},\"thumbnailUrl\":\"https:\\\/\\\/www.anovapeneira.gal\\\/wp-content\\\/uploads\\\/2021\\\/11\\\/alcalde_as_neves.jpg\",\"keywords\":[\"Concello de As Neves\"],\"articleSection\":[\"Condado\"],\"inLanguage\":\"gl-ES\",\"potentialAction\":[{\"@type\":\"CommentAction\",\"name\":\"Comment\",\"target\":[\"https:\\\/\\\/www.anovapeneira.gal\\\/index.php\\\/2021\\\/11\\\/26\\\/xose-manuel-rodriguez-alcalde-de-as-neves-2\\\/#respond\"]}]},{\"@type\":\"WebPage\",\"@id\":\"https:\\\/\\\/www.anovapeneira.gal\\\/index.php\\\/2021\\\/11\\\/26\\\/xose-manuel-rodriguez-alcalde-de-as-neves-2\\\/\",\"url\":\"https:\\\/\\\/www.anovapeneira.gal\\\/index.php\\\/2021\\\/11\\\/26\\\/xose-manuel-rodriguez-alcalde-de-as-neves-2\\\/\",\"name\":\"Xos\u00e9 Manuel Rodr\u00edguez, alcalde de As Neves -\",\"isPartOf\":{\"@id\":\"https:\\\/\\\/www.anovapeneira.gal\\\/#website\"},\"primaryImageOfPage\":{\"@id\":\"https:\\\/\\\/www.anovapeneira.gal\\\/index.php\\\/2021\\\/11\\\/26\\\/xose-manuel-rodriguez-alcalde-de-as-neves-2\\\/#primaryimage\"},\"image\":{\"@id\":\"https:\\\/\\\/www.anovapeneira.gal\\\/index.php\\\/2021\\\/11\\\/26\\\/xose-manuel-rodriguez-alcalde-de-as-neves-2\\\/#primaryimage\"},\"thumbnailUrl\":\"https:\\\/\\\/www.anovapeneira.gal\\\/wp-content\\\/uploads\\\/2021\\\/11\\\/alcalde_as_neves.jpg\",\"datePublished\":\"2021-11-26T09:00:32+00:00\",\"description\":\"Xose \u00e9 un tipo brillante, c\u00e1lido e cordial, que ten un compromiso emocional absoluto co seu pobo, e que estou seguro que, como Pepe Represas en Ponteareas, pasar\u00e1 a historia como o mellor alcalde de todos os que tiveron a honra de ostentar a m\u00e1xima representaci\u00f3n na pol\u00edtica local. Unha vez m\u00e1is foi un pracer para min conversar con el\",\"breadcrumb\":{\"@id\":\"https:\\\/\\\/www.anovapeneira.gal\\\/index.php\\\/2021\\\/11\\\/26\\\/xose-manuel-rodriguez-alcalde-de-as-neves-2\\\/#breadcrumb\"},\"inLanguage\":\"gl-ES\",\"potentialAction\":[{\"@type\":\"ReadAction\",\"target\":[\"https:\\\/\\\/www.anovapeneira.gal\\\/index.php\\\/2021\\\/11\\\/26\\\/xose-manuel-rodriguez-alcalde-de-as-neves-2\\\/\"]}]},{\"@type\":\"ImageObject\",\"inLanguage\":\"gl-ES\",\"@id\":\"https:\\\/\\\/www.anovapeneira.gal\\\/index.php\\\/2021\\\/11\\\/26\\\/xose-manuel-rodriguez-alcalde-de-as-neves-2\\\/#primaryimage\",\"url\":\"https:\\\/\\\/www.anovapeneira.gal\\\/wp-content\\\/uploads\\\/2021\\\/11\\\/alcalde_as_neves.jpg\",\"contentUrl\":\"https:\\\/\\\/www.anovapeneira.gal\\\/wp-content\\\/uploads\\\/2021\\\/11\\\/alcalde_as_neves.jpg\",\"width\":720,\"height\":432,\"caption\":\"Alcade de As Neves\"},{\"@type\":\"BreadcrumbList\",\"@id\":\"https:\\\/\\\/www.anovapeneira.gal\\\/index.php\\\/2021\\\/11\\\/26\\\/xose-manuel-rodriguez-alcalde-de-as-neves-2\\\/#breadcrumb\",\"itemListElement\":[{\"@type\":\"ListItem\",\"position\":1,\"name\":\"Portada\",\"item\":\"https:\\\/\\\/www.anovapeneira.gal\\\/\"},{\"@type\":\"ListItem\",\"position\":2,\"name\":\"Xos\u00e9 Manuel Rodr\u00edguez, alcalde de As Neves\"}]},{\"@type\":\"WebSite\",\"@id\":\"https:\\\/\\\/www.anovapeneira.gal\\\/#website\",\"url\":\"https:\\\/\\\/www.anovapeneira.gal\\\/\",\"name\":\"\",\"description\":\"Xornal galego de informaci\u00f3n xeral Publicaci\u00f3n mensual de novas de Galicia e en especial dos Concellos da sur da provincia de Pontevedra.\",\"publisher\":{\"@id\":\"https:\\\/\\\/www.anovapeneira.gal\\\/#organization\"},\"potentialAction\":[{\"@type\":\"SearchAction\",\"target\":{\"@type\":\"EntryPoint\",\"urlTemplate\":\"https:\\\/\\\/www.anovapeneira.gal\\\/?s={search_term_string}\"},\"query-input\":{\"@type\":\"PropertyValueSpecification\",\"valueRequired\":true,\"valueName\":\"search_term_string\"}}],\"inLanguage\":\"gl-ES\"},{\"@type\":\"Organization\",\"@id\":\"https:\\\/\\\/www.anovapeneira.gal\\\/#organization\",\"name\":\"A Nova Peneira\",\"url\":\"https:\\\/\\\/www.anovapeneira.gal\\\/\",\"logo\":{\"@type\":\"ImageObject\",\"inLanguage\":\"gl-ES\",\"@id\":\"https:\\\/\\\/www.anovapeneira.gal\\\/#\\\/schema\\\/logo\\\/image\\\/\",\"url\":\"http:\\\/\\\/www.anovapeneira.gal\\\/wp-content\\\/uploads\\\/2019\\\/06\\\/logo_a_nova_peneira_portal_web.png\",\"contentUrl\":\"http:\\\/\\\/www.anovapeneira.gal\\\/wp-content\\\/uploads\\\/2019\\\/06\\\/logo_a_nova_peneira_portal_web.png\",\"width\":300,\"height\":100,\"caption\":\"A Nova Peneira\"},\"image\":{\"@id\":\"https:\\\/\\\/www.anovapeneira.gal\\\/#\\\/schema\\\/logo\\\/image\\\/\"},\"sameAs\":[\"https:\\\/\\\/www.facebook.com\\\/anovapeneira\",\"https:\\\/\\\/x.com\\\/APeneira\"]},{\"@type\":\"Person\",\"@id\":\"https:\\\/\\\/www.anovapeneira.gal\\\/#\\\/schema\\\/person\\\/b93e3f8932e3f8da96334607eb6ac6aa\",\"name\":\"Redacci\u00f3n A Nova Peneira\",\"image\":{\"@type\":\"ImageObject\",\"inLanguage\":\"gl-ES\",\"@id\":\"https:\\\/\\\/secure.gravatar.com\\\/avatar\\\/c052a2551a06e23fac63626232eaa90abd78dbcf1700fc46a2b2c89fd27b735f?s=96&d=mm&r=g\",\"url\":\"https:\\\/\\\/secure.gravatar.com\\\/avatar\\\/c052a2551a06e23fac63626232eaa90abd78dbcf1700fc46a2b2c89fd27b735f?s=96&d=mm&r=g\",\"contentUrl\":\"https:\\\/\\\/secure.gravatar.com\\\/avatar\\\/c052a2551a06e23fac63626232eaa90abd78dbcf1700fc46a2b2c89fd27b735f?s=96&d=mm&r=g\",\"caption\":\"Redacci\u00f3n A Nova Peneira\"},\"sameAs\":[\"http:\\\/\\\/www.anovapeneira.gal\\\/\"],\"url\":\"https:\\\/\\\/www.anovapeneira.gal\\\/index.php\\\/author\\\/redactor\\\/\"}]}<\/script>\n<!-- \/ Yoast SEO plugin. -->","yoast_head_json":{"title":"Xos\u00e9 Manuel Rodr\u00edguez, alcalde de As Neves -","description":"Xose \u00e9 un tipo brillante, c\u00e1lido e cordial, que ten un compromiso emocional absoluto co seu pobo, e que estou seguro que, como Pepe Represas en Ponteareas, pasar\u00e1 a historia como o mellor alcalde de todos os que tiveron a honra de ostentar a m\u00e1xima representaci\u00f3n na pol\u00edtica local. Unha vez m\u00e1is foi un pracer para min conversar con el","robots":{"index":"index","follow":"follow","max-snippet":"max-snippet:-1","max-image-preview":"max-image-preview:large","max-video-preview":"max-video-preview:-1"},"canonical":"https:\/\/www.anovapeneira.gal\/index.php\/2021\/11\/26\/xose-manuel-rodriguez-alcalde-de-as-neves-2\/","og_locale":"gl_ES","og_type":"article","og_title":"Xos\u00e9 Manuel Rodr\u00edguez, alcalde de As Neves -","og_description":"Xose \u00e9 un tipo brillante, c\u00e1lido e cordial, que ten un compromiso emocional absoluto co seu pobo, e que estou seguro que, como Pepe Represas en Ponteareas, pasar\u00e1 a historia como o mellor alcalde de todos os que tiveron a honra de ostentar a m\u00e1xima representaci\u00f3n na pol\u00edtica local. Unha vez m\u00e1is foi un pracer para min conversar con el","og_url":"https:\/\/www.anovapeneira.gal\/index.php\/2021\/11\/26\/xose-manuel-rodriguez-alcalde-de-as-neves-2\/","article_publisher":"https:\/\/www.facebook.com\/anovapeneira","article_published_time":"2021-11-26T09:00:32+00:00","og_image":[{"width":720,"height":432,"url":"https:\/\/www.anovapeneira.gal\/wp-content\/uploads\/2021\/11\/alcalde_as_neves.jpg","type":"image\/jpeg"}],"author":"Redacci\u00f3n A Nova Peneira","twitter_card":"summary_large_image","twitter_creator":"@APeneira","twitter_site":"@APeneira","twitter_misc":{"Escrito por":"Redacci\u00f3n A Nova Peneira","Tempo de lectura":"8 minutos"},"schema":{"@context":"https:\/\/schema.org","@graph":[{"@type":"Article","@id":"https:\/\/www.anovapeneira.gal\/index.php\/2021\/11\/26\/xose-manuel-rodriguez-alcalde-de-as-neves-2\/#article","isPartOf":{"@id":"https:\/\/www.anovapeneira.gal\/index.php\/2021\/11\/26\/xose-manuel-rodriguez-alcalde-de-as-neves-2\/"},"author":{"name":"Redacci\u00f3n A Nova Peneira","@id":"https:\/\/www.anovapeneira.gal\/#\/schema\/person\/b93e3f8932e3f8da96334607eb6ac6aa"},"headline":"Xos\u00e9 Manuel Rodr\u00edguez, alcalde de As Neves","datePublished":"2021-11-26T09:00:32+00:00","mainEntityOfPage":{"@id":"https:\/\/www.anovapeneira.gal\/index.php\/2021\/11\/26\/xose-manuel-rodriguez-alcalde-de-as-neves-2\/"},"wordCount":1902,"commentCount":0,"publisher":{"@id":"https:\/\/www.anovapeneira.gal\/#organization"},"image":{"@id":"https:\/\/www.anovapeneira.gal\/index.php\/2021\/11\/26\/xose-manuel-rodriguez-alcalde-de-as-neves-2\/#primaryimage"},"thumbnailUrl":"https:\/\/www.anovapeneira.gal\/wp-content\/uploads\/2021\/11\/alcalde_as_neves.jpg","keywords":["Concello de As Neves"],"articleSection":["Condado"],"inLanguage":"gl-ES","potentialAction":[{"@type":"CommentAction","name":"Comment","target":["https:\/\/www.anovapeneira.gal\/index.php\/2021\/11\/26\/xose-manuel-rodriguez-alcalde-de-as-neves-2\/#respond"]}]},{"@type":"WebPage","@id":"https:\/\/www.anovapeneira.gal\/index.php\/2021\/11\/26\/xose-manuel-rodriguez-alcalde-de-as-neves-2\/","url":"https:\/\/www.anovapeneira.gal\/index.php\/2021\/11\/26\/xose-manuel-rodriguez-alcalde-de-as-neves-2\/","name":"Xos\u00e9 Manuel Rodr\u00edguez, alcalde de As Neves -","isPartOf":{"@id":"https:\/\/www.anovapeneira.gal\/#website"},"primaryImageOfPage":{"@id":"https:\/\/www.anovapeneira.gal\/index.php\/2021\/11\/26\/xose-manuel-rodriguez-alcalde-de-as-neves-2\/#primaryimage"},"image":{"@id":"https:\/\/www.anovapeneira.gal\/index.php\/2021\/11\/26\/xose-manuel-rodriguez-alcalde-de-as-neves-2\/#primaryimage"},"thumbnailUrl":"https:\/\/www.anovapeneira.gal\/wp-content\/uploads\/2021\/11\/alcalde_as_neves.jpg","datePublished":"2021-11-26T09:00:32+00:00","description":"Xose \u00e9 un tipo brillante, c\u00e1lido e cordial, que ten un compromiso emocional absoluto co seu pobo, e que estou seguro que, como Pepe Represas en Ponteareas, pasar\u00e1 a historia como o mellor alcalde de todos os que tiveron a honra de ostentar a m\u00e1xima representaci\u00f3n na pol\u00edtica local. Unha vez m\u00e1is foi un pracer para min conversar con el","breadcrumb":{"@id":"https:\/\/www.anovapeneira.gal\/index.php\/2021\/11\/26\/xose-manuel-rodriguez-alcalde-de-as-neves-2\/#breadcrumb"},"inLanguage":"gl-ES","potentialAction":[{"@type":"ReadAction","target":["https:\/\/www.anovapeneira.gal\/index.php\/2021\/11\/26\/xose-manuel-rodriguez-alcalde-de-as-neves-2\/"]}]},{"@type":"ImageObject","inLanguage":"gl-ES","@id":"https:\/\/www.anovapeneira.gal\/index.php\/2021\/11\/26\/xose-manuel-rodriguez-alcalde-de-as-neves-2\/#primaryimage","url":"https:\/\/www.anovapeneira.gal\/wp-content\/uploads\/2021\/11\/alcalde_as_neves.jpg","contentUrl":"https:\/\/www.anovapeneira.gal\/wp-content\/uploads\/2021\/11\/alcalde_as_neves.jpg","width":720,"height":432,"caption":"Alcade de As Neves"},{"@type":"BreadcrumbList","@id":"https:\/\/www.anovapeneira.gal\/index.php\/2021\/11\/26\/xose-manuel-rodriguez-alcalde-de-as-neves-2\/#breadcrumb","itemListElement":[{"@type":"ListItem","position":1,"name":"Portada","item":"https:\/\/www.anovapeneira.gal\/"},{"@type":"ListItem","position":2,"name":"Xos\u00e9 Manuel Rodr\u00edguez, alcalde de As Neves"}]},{"@type":"WebSite","@id":"https:\/\/www.anovapeneira.gal\/#website","url":"https:\/\/www.anovapeneira.gal\/","name":"","description":"Xornal galego de informaci\u00f3n xeral Publicaci\u00f3n mensual de novas de Galicia e en especial dos Concellos da sur da provincia de Pontevedra.","publisher":{"@id":"https:\/\/www.anovapeneira.gal\/#organization"},"potentialAction":[{"@type":"SearchAction","target":{"@type":"EntryPoint","urlTemplate":"https:\/\/www.anovapeneira.gal\/?s={search_term_string}"},"query-input":{"@type":"PropertyValueSpecification","valueRequired":true,"valueName":"search_term_string"}}],"inLanguage":"gl-ES"},{"@type":"Organization","@id":"https:\/\/www.anovapeneira.gal\/#organization","name":"A Nova Peneira","url":"https:\/\/www.anovapeneira.gal\/","logo":{"@type":"ImageObject","inLanguage":"gl-ES","@id":"https:\/\/www.anovapeneira.gal\/#\/schema\/logo\/image\/","url":"http:\/\/www.anovapeneira.gal\/wp-content\/uploads\/2019\/06\/logo_a_nova_peneira_portal_web.png","contentUrl":"http:\/\/www.anovapeneira.gal\/wp-content\/uploads\/2019\/06\/logo_a_nova_peneira_portal_web.png","width":300,"height":100,"caption":"A Nova Peneira"},"image":{"@id":"https:\/\/www.anovapeneira.gal\/#\/schema\/logo\/image\/"},"sameAs":["https:\/\/www.facebook.com\/anovapeneira","https:\/\/x.com\/APeneira"]},{"@type":"Person","@id":"https:\/\/www.anovapeneira.gal\/#\/schema\/person\/b93e3f8932e3f8da96334607eb6ac6aa","name":"Redacci\u00f3n A Nova Peneira","image":{"@type":"ImageObject","inLanguage":"gl-ES","@id":"https:\/\/secure.gravatar.com\/avatar\/c052a2551a06e23fac63626232eaa90abd78dbcf1700fc46a2b2c89fd27b735f?s=96&d=mm&r=g","url":"https:\/\/secure.gravatar.com\/avatar\/c052a2551a06e23fac63626232eaa90abd78dbcf1700fc46a2b2c89fd27b735f?s=96&d=mm&r=g","contentUrl":"https:\/\/secure.gravatar.com\/avatar\/c052a2551a06e23fac63626232eaa90abd78dbcf1700fc46a2b2c89fd27b735f?s=96&d=mm&r=g","caption":"Redacci\u00f3n A Nova Peneira"},"sameAs":["http:\/\/www.anovapeneira.gal\/"],"url":"https:\/\/www.anovapeneira.gal\/index.php\/author\/redactor\/"}]}},"jetpack_featured_media_url":"https:\/\/www.anovapeneira.gal\/wp-content\/uploads\/2021\/11\/alcalde_as_neves.jpg","_links":{"self":[{"href":"https:\/\/www.anovapeneira.gal\/index.php\/wp-json\/wp\/v2\/posts\/6488","targetHints":{"allow":["GET"]}}],"collection":[{"href":"https:\/\/www.anovapeneira.gal\/index.php\/wp-json\/wp\/v2\/posts"}],"about":[{"href":"https:\/\/www.anovapeneira.gal\/index.php\/wp-json\/wp\/v2\/types\/post"}],"author":[{"embeddable":true,"href":"https:\/\/www.anovapeneira.gal\/index.php\/wp-json\/wp\/v2\/users\/3"}],"replies":[{"embeddable":true,"href":"https:\/\/www.anovapeneira.gal\/index.php\/wp-json\/wp\/v2\/comments?post=6488"}],"version-history":[{"count":1,"href":"https:\/\/www.anovapeneira.gal\/index.php\/wp-json\/wp\/v2\/posts\/6488\/revisions"}],"predecessor-version":[{"id":6490,"href":"https:\/\/www.anovapeneira.gal\/index.php\/wp-json\/wp\/v2\/posts\/6488\/revisions\/6490"}],"wp:featuredmedia":[{"embeddable":true,"href":"https:\/\/www.anovapeneira.gal\/index.php\/wp-json\/wp\/v2\/media\/6489"}],"wp:attachment":[{"href":"https:\/\/www.anovapeneira.gal\/index.php\/wp-json\/wp\/v2\/media?parent=6488"}],"wp:term":[{"taxonomy":"category","embeddable":true,"href":"https:\/\/www.anovapeneira.gal\/index.php\/wp-json\/wp\/v2\/categories?post=6488"},{"taxonomy":"post_tag","embeddable":true,"href":"https:\/\/www.anovapeneira.gal\/index.php\/wp-json\/wp\/v2\/tags?post=6488"}],"curies":[{"name":"wp","href":"https:\/\/api.w.org\/{rel}","templated":true}]}}