{"id":6491,"date":"2021-11-26T12:00:16","date_gmt":"2021-11-26T11:00:16","guid":{"rendered":"https:\/\/www.anovapeneira.gal\/?p=6491"},"modified":"2021-11-24T15:51:36","modified_gmt":"2021-11-24T14:51:36","slug":"victoria-portas-alcaldesa-de-cangas-2","status":"publish","type":"post","link":"https:\/\/www.anovapeneira.gal\/index.php\/2021\/11\/26\/victoria-portas-alcaldesa-de-cangas-2\/","title":{"rendered":"Victoria Portas Alcaldesa de Cangas"},"content":{"rendered":"\n<p><strong>Por moi complicada que pareza unha situaci\u00f3n sempre, pero sempre sen excepci\u00f3n, podemos atopar unha sa\u00edda ou polo menos unha resposta nos cl\u00e1sicos. E a situaci\u00f3n pol\u00edtica da esquerda de Cangas non \u00e9 que sexa complicada \u00e9 que roza o delirium tremens resultante dunha situaci\u00f3n kafkiana, xa que con 14 actas da esquerda fronte a 7 que ten a dereita non se pode desbotar, nin moito menos, que o PP do nefasto Jose Enrique Sotelo recupere a confianza maioritaria da cidadan\u00eda canguesa nas vindeiras municipais. E vou recorrer a un cl\u00e1sico entre os cl\u00e1sicos, en concreto a Cicer\u00f3n e \u00e1s s\u00faas Catilinarias para preguntarlle a Victoria, a Mariano, a Aurora, a Avante e ao BNG : \u201c Quosque tandem abutere patientia\u201d? Ata cando ides abusar da paciencia das e dos votantes de esquerda? Ata cando ides permitir que os intereses de parte impidan gobernar aplicando pol\u00edticas en beneficio das maior\u00edas que vos votaron?. Seguro que a situaci\u00f3n econ\u00f3mica na que se encontra o concello \u00e9 responsabilidade dos gobernos do PP ,non me cabe d\u00fabida que \u00e9 as\u00ed. Promalar, Aqualia, o edificio Noria&#8230; son problemas grav\u00edsimos que ve\u00f1en da infausta xesti\u00f3n do p\u00e9simo goberno de Sotelo. Pero da situaci\u00f3n pol\u00edtica do concello non se pode facer responsable \u00e1 dereita, pois que con 14 asentos da esquerda( 4 concelleir@s de ACE, 4 do PSOE , 3 de AVANTE e 3 do BNG) a estas alturas do mandato o goberno sexa s\u00f3 dos 4 de ACE, coas relaci\u00f3ns entre as d\u00faas forzas que formaron a coalici\u00f3n probablemente rotas, \u00e9 unha grave neglixencia pol\u00edtica que xa queda moi pouco tempo para tratar de ama\u00f1ar .Despois dun intento de recompo\u00f1er relaci\u00f3ns co PSOE, que acabou mal, n\u00f3s conversamos coa alcaldesa.<\/strong><\/p>\n\n\n\n<p>\u201c<strong>Cangas est\u00e1 nunha situaci\u00f3n econ\u00f3mica moi complicada, responsabilidade dos gobernos do PP de Jose Enrique Sotelo\u201d<\/strong><\/p>\n\n\n\n<p><strong>Que pasou que non hai maneira de reconducir a situaci\u00f3n co PSOE e volvelos integrar no goberno ?<\/strong><\/p>\n\n\n\n<blockquote class=\"wp-block-quote is-layout-flow wp-block-quote-is-layout-flow\"><p>Ben, o primeiro que hai que deixar claro \u00e9 que desde un punto de vista cuantitativo a suma das actas de ACE e as do PSOE non chegar\u00edan para termos unha maior\u00eda<\/p><\/blockquote>\n\n\n\n<p><strong>Xa, pero era o goberno que ti\u00f1ades antes do falecemento de Pazos e antes da ruptura co PSOE?<\/strong><\/p>\n\n\n\n<blockquote class=\"wp-block-quote is-layout-flow wp-block-quote-is-layout-flow\"><p>\u00c9 certo, pero volvo dicir o mesmo para ter maior\u00eda precisariamos 11 votos e non 8 que \u00e9 a suma que dan as nosas actas m\u00e1is as do PSOE.O motivo de non chegarmos a acordos xorde de que as posturas non se queren mover un mil\u00edmetro e desa maneira non se pode chegar a ning\u00fan tipo de pacto.<\/p><\/blockquote>\n\n\n\n<p><strong>Cando dis que non se moven as posici\u00f3ns a quen te refires?<\/strong><\/p>\n\n\n\n<blockquote class=\"wp-block-quote is-layout-flow wp-block-quote-is-layout-flow\"><p>Ao PSOE<\/p><\/blockquote>\n\n\n\n<p><strong>Est\u00e1n rotas as negociaci\u00f3ns?<\/strong><\/p>\n\n\n\n<blockquote class=\"wp-block-quote is-layout-flow wp-block-quote-is-layout-flow\"><p>Pola mi\u00f1a banda non. Eu estou totalmente aberta a falar calquera cousa en calquera momento. Pero tanto co PSOE como cos outros dous grupos de esquerda<\/p><\/blockquote>\n\n\n\n<p><strong>Un goberno de 4 sobre 21, non digo que sexa inviable pero si terriblemente dif\u00edcil. Hai algunha posibilidade de que se poida reverter a situaci\u00f3n antes da fin do mandato?<\/strong><\/p>\n\n\n\n<blockquote class=\"wp-block-quote is-layout-flow wp-block-quote-is-layout-flow\"><p>Eu non podo falar polos demais. S\u00f3 reiterar o que che dixen antes, que estou disposta a falar de todo sempre. Tam\u00e9n che quero dicir que queda pouco , ano e pico, para as elecci\u00f3ns e te\u00f1o claro que hai organizaci\u00f3ns que xa est\u00e1n en pre campa\u00f1a. E reco\u00f1ezo que \u00e9 unha situaci\u00f3n que me d\u00e1 rabia porque \u00e9 moito m\u00e1is o que nos une o que nos separa.<\/p><\/blockquote>\n\n\n\n<p><strong>O goberno de Cangas \u00e9 un goberno de 4 ou un goberno de 3?<\/strong><\/p>\n\n\n\n<blockquote class=\"wp-block-quote is-layout-flow wp-block-quote-is-layout-flow\"><p>De 4<\/p><\/blockquote>\n\n\n\n<p><strong>Aurora, a concelleira de Esquerda Unida forma parte, non digo teoricamente que xa sei que si sen\u00f3n na realidade, do goberno?<\/strong><\/p>\n\n\n\n<blockquote class=\"wp-block-quote is-layout-flow wp-block-quote-is-layout-flow\"><p>Ela forma parte do goberno exactamente igual que os demais. Se non fose as\u00ed non estar\u00eda nel.<\/p><\/blockquote>\n\n\n\n<p><strong>O concello de Cangas est\u00e1 en Bancarrota?<\/strong><\/p>\n\n\n\n<blockquote class=\"wp-block-quote is-layout-flow wp-block-quote-is-layout-flow\"><p>Cangas est\u00e1 nunha situaci\u00f3n econ\u00f3mica moi complexa. Estamos cun plan de axuste que a\u00ednda non rematamos e que nos sup\u00f3n moitas dificultades para acometer diversas actuaci\u00f3ns necesarias. E xa as\u00ed era dif\u00edcil coa sentenza de Promalar as cousas ponse complicad\u00edsimas. Parec\u00eda que estabamos a ver a luz ao final do t\u00fanel e esta sentenza caeu como un xerro de auga fr\u00eda<\/p><\/blockquote>\n\n\n\n<p><strong>Que cantidade lle pode supor ao Concello est\u00e1 sentenza?<\/strong><\/p>\n\n\n\n<blockquote class=\"wp-block-quote is-layout-flow wp-block-quote-is-layout-flow\"><p>Pode chegar a 6 mill\u00f3ns de \u20ac<\/p><\/blockquote>\n\n\n\n<p><strong>Que barbaridade\u00a1\u00a1<\/strong><\/p>\n\n\n\n<blockquote class=\"wp-block-quote is-layout-flow wp-block-quote-is-layout-flow\"><p>E tanto que si. Non \u00e9 ningunha broma<\/p><\/blockquote>\n\n\n\n<p><strong>Na nota de prensa que mandaches ao respecto deste asunto atribu\u00edaslle a responsabilidade ao goberno de Sotelo. Toda a responsabilidade tena o PP?<\/strong><\/p>\n\n\n\n<blockquote class=\"wp-block-quote is-layout-flow wp-block-quote-is-layout-flow\"><p>Ese convenio est\u00e1 asinado no seu mandato. Igual que a sentenza do edificio Noria, un edificio ilegal, que est\u00e1 tam\u00e9n a punto de caer e que tam\u00e9n pode ser moi dura para o Concello. Necesitamos sa\u00edr desta situaci\u00f3n para pode p\u00f3r a Cangas no lugar que se merece<\/p><\/blockquote>\n\n\n\n<p><strong>Falando de cuesti\u00f3ns econ\u00f3micas algo que tampouco axuda \u00e9 a importante reduci\u00f3n na achega monetaria da Xunta para o mantemento da unidade de drogodependecia?<\/strong><\/p>\n\n\n\n<blockquote class=\"wp-block-quote is-layout-flow wp-block-quote-is-layout-flow\"><p>Pois si, \u00e9 que \u00e9 un c\u00famulo de situaci\u00f3ns que fai todo moi dif\u00edcil. Esta Unidade atende tam\u00e9n a Bueu e a Moa\u00f1a que non po\u00f1en nada. O custe da unidade est\u00e1 en torno aos 400.000\u20ac ano dos que este ano a Xunta sachega s\u00f3 200.000 co que n\u00f3s teremos que cubrir o outro 50%.E claro n\u00f3s non podemos deixar sen atender aos usuarios e usuarias da unidade .Xa trasladamos a necesidade de que sexa o SERGAS quen vaia asumindo as competencias de xesti\u00f3n da Unidade, por exemplo fac\u00e9ndose cargo das novas contrataci\u00f3ns derivadas das substituci\u00f3ns de persoas que se van xubilando<\/p><\/blockquote>\n\n\n\n<p><strong>E que v\u00f3s responde a Xunta?<\/strong><\/p>\n\n\n\n<blockquote class=\"wp-block-quote is-layout-flow wp-block-quote-is-layout-flow\"><p>Silencio total e absoluto. Pero como che dixen son moitas cousas, por exemplo o auditorio tam\u00e9n nos sup\u00f3n un gasto por encima das nosas posibilidades<\/p><\/blockquote>\n\n\n\n<p><strong>C\u00f3ntanos as caracter\u00edsticas do museo do videoxogo?<\/strong><\/p>\n\n\n\n<blockquote class=\"wp-block-quote is-layout-flow wp-block-quote-is-layout-flow\"><p>Ben pois \u00e9 un proxecto excelente duns marabillosos rapaces de Cangas que cando nolo presentaron tanto a Aurora, concelleira de Cultura, coma a min encantounos. E en todo o que lle puidemos axudar, axud\u00e1moslle. Est\u00e1 na r\u00faa Andaluc\u00eda, unha das que sobe do auditorio, e eu agardo que funcione moi ben. Polo de agora van abrir todos os s\u00e1bados e para a excursi\u00f3ns de coles e petici\u00f3ns que poida haber.<\/p><\/blockquote>\n\n\n\n<p><strong>Levas 9 meses de alcaldesa Victoria, cal \u00e9 a valoraci\u00f3n que fas dese tempo?, e cales os teus obxectivos ata o final do teu mandato?<\/strong><\/p>\n\n\n\n<blockquote class=\"wp-block-quote is-layout-flow wp-block-quote-is-layout-flow\"><p>Pois case poder\u00eda dicir que foron 9 meses tipo parto<\/p><\/blockquote>\n\n\n\n<p><strong>Pero un parto f\u00e1cil?<\/strong><\/p>\n\n\n\n<blockquote class=\"wp-block-quote is-layout-flow wp-block-quote-is-layout-flow\"><p>Non, un parto complicado. Pero sigo insistindo en que mentres me deixen vou traballar con todo o entusiasmo e ilusi\u00f3n. Malia a situaci\u00f3n, complexa, creo firmemente que Cangas pode ser outra cousa<\/p><\/blockquote>\n\n\n\n<p><strong>Rematamos. Podemos preguntarche polas t\u00faas previsi\u00f3ns sobre como se pode articular o complicad\u00edsimo xerogl\u00edfico que \u00e9 a esquerda pol\u00edtica canguesa?<\/strong><\/p>\n\n\n\n<blockquote class=\"wp-block-quote is-layout-flow wp-block-quote-is-layout-flow\"><p>\u00c9 moi pronto para poder responder con rigor a esa pregunta.<\/p><\/blockquote>\n","protected":false},"excerpt":{"rendered":"<div class=\"mh-excerpt\"><p>Por moi complicada que pareza unha situaci\u00f3n sempre, pero sempre sen excepci\u00f3n, podemos atopar unha sa\u00edda ou polo menos unha resposta nos cl\u00e1sicos <a class=\"mh-excerpt-more\" href=\"https:\/\/www.anovapeneira.gal\/index.php\/2021\/11\/26\/victoria-portas-alcaldesa-de-cangas-2\/\" title=\"Victoria Portas Alcaldesa de Cangas\">[&#8230;]<\/a><\/p>\n<\/div>","protected":false},"author":3,"featured_media":5030,"comment_status":"open","ping_status":"open","sticky":false,"template":"","format":"standard","meta":{"_exactmetrics_skip_tracking":false,"_exactmetrics_sitenote_active":false,"_exactmetrics_sitenote_note":"","_exactmetrics_sitenote_category":0,"footnotes":""},"categories":[268],"tags":[681],"class_list":{"0":"post-6491","1":"post","2":"type-post","3":"status-publish","4":"format-standard","5":"has-post-thumbnail","7":"category-morrazo-entrevistas","8":"tag-concello-de-cangas-do-morrazo"},"yoast_head":"<!-- This site is optimized with the Yoast SEO plugin v27.4 - https:\/\/yoast.com\/product\/yoast-seo-wordpress\/ -->\n<title>Victoria Portas Alcaldesa de Cangas -<\/title>\n<meta name=\"description\" content=\"Por moi complicada que pareza unha situaci\u00f3n sempre, pero sempre sen excepci\u00f3n, podemos atopar unha sa\u00edda ou polo menos unha resposta nos cl\u00e1sicos\" \/>\n<meta name=\"robots\" content=\"index, follow, max-snippet:-1, max-image-preview:large, max-video-preview:-1\" \/>\n<link rel=\"canonical\" href=\"https:\/\/www.anovapeneira.gal\/index.php\/2021\/11\/26\/victoria-portas-alcaldesa-de-cangas-2\/\" \/>\n<meta property=\"og:locale\" content=\"gl_ES\" \/>\n<meta property=\"og:type\" content=\"article\" \/>\n<meta property=\"og:title\" content=\"Victoria Portas Alcaldesa de Cangas -\" \/>\n<meta property=\"og:description\" content=\"Por moi complicada que pareza unha situaci\u00f3n sempre, pero sempre sen excepci\u00f3n, podemos atopar unha sa\u00edda ou polo menos unha resposta nos cl\u00e1sicos\" \/>\n<meta property=\"og:url\" content=\"https:\/\/www.anovapeneira.gal\/index.php\/2021\/11\/26\/victoria-portas-alcaldesa-de-cangas-2\/\" \/>\n<meta property=\"article:publisher\" content=\"https:\/\/www.facebook.com\/anovapeneira\" \/>\n<meta property=\"article:published_time\" content=\"2021-11-26T11:00:16+00:00\" \/>\n<meta property=\"og:image\" content=\"https:\/\/www.anovapeneira.gal\/wp-content\/uploads\/2021\/03\/victoria_portas_alcaldesa_de_cangas-scaled.jpg\" \/>\n\t<meta property=\"og:image:width\" content=\"2560\" \/>\n\t<meta property=\"og:image:height\" content=\"1920\" \/>\n\t<meta property=\"og:image:type\" content=\"image\/jpeg\" \/>\n<meta name=\"author\" content=\"Redacci\u00f3n A Nova Peneira\" \/>\n<meta name=\"twitter:card\" content=\"summary_large_image\" \/>\n<meta name=\"twitter:creator\" content=\"@APeneira\" \/>\n<meta name=\"twitter:site\" content=\"@APeneira\" \/>\n<meta name=\"twitter:label1\" content=\"Escrito por\" \/>\n\t<meta name=\"twitter:data1\" content=\"Redacci\u00f3n A Nova Peneira\" \/>\n\t<meta name=\"twitter:label2\" content=\"Tempo de lectura\" \/>\n\t<meta name=\"twitter:data2\" content=\"5 minutos\" \/>\n<script type=\"application\/ld+json\" class=\"yoast-schema-graph\">{\"@context\":\"https:\\\/\\\/schema.org\",\"@graph\":[{\"@type\":\"Article\",\"@id\":\"https:\\\/\\\/www.anovapeneira.gal\\\/index.php\\\/2021\\\/11\\\/26\\\/victoria-portas-alcaldesa-de-cangas-2\\\/#article\",\"isPartOf\":{\"@id\":\"https:\\\/\\\/www.anovapeneira.gal\\\/index.php\\\/2021\\\/11\\\/26\\\/victoria-portas-alcaldesa-de-cangas-2\\\/\"},\"author\":{\"name\":\"Redacci\u00f3n A Nova Peneira\",\"@id\":\"https:\\\/\\\/www.anovapeneira.gal\\\/#\\\/schema\\\/person\\\/b93e3f8932e3f8da96334607eb6ac6aa\"},\"headline\":\"Victoria Portas Alcaldesa de Cangas\",\"datePublished\":\"2021-11-26T11:00:16+00:00\",\"mainEntityOfPage\":{\"@id\":\"https:\\\/\\\/www.anovapeneira.gal\\\/index.php\\\/2021\\\/11\\\/26\\\/victoria-portas-alcaldesa-de-cangas-2\\\/\"},\"wordCount\":1197,\"commentCount\":0,\"publisher\":{\"@id\":\"https:\\\/\\\/www.anovapeneira.gal\\\/#organization\"},\"image\":{\"@id\":\"https:\\\/\\\/www.anovapeneira.gal\\\/index.php\\\/2021\\\/11\\\/26\\\/victoria-portas-alcaldesa-de-cangas-2\\\/#primaryimage\"},\"thumbnailUrl\":\"https:\\\/\\\/www.anovapeneira.gal\\\/wp-content\\\/uploads\\\/2021\\\/03\\\/victoria_portas_alcaldesa_de_cangas-scaled.jpg\",\"keywords\":[\"Concello de Cangas do Morrazo\"],\"articleSection\":[\"Morrazo\"],\"inLanguage\":\"gl-ES\",\"potentialAction\":[{\"@type\":\"CommentAction\",\"name\":\"Comment\",\"target\":[\"https:\\\/\\\/www.anovapeneira.gal\\\/index.php\\\/2021\\\/11\\\/26\\\/victoria-portas-alcaldesa-de-cangas-2\\\/#respond\"]}]},{\"@type\":\"WebPage\",\"@id\":\"https:\\\/\\\/www.anovapeneira.gal\\\/index.php\\\/2021\\\/11\\\/26\\\/victoria-portas-alcaldesa-de-cangas-2\\\/\",\"url\":\"https:\\\/\\\/www.anovapeneira.gal\\\/index.php\\\/2021\\\/11\\\/26\\\/victoria-portas-alcaldesa-de-cangas-2\\\/\",\"name\":\"Victoria Portas Alcaldesa de Cangas -\",\"isPartOf\":{\"@id\":\"https:\\\/\\\/www.anovapeneira.gal\\\/#website\"},\"primaryImageOfPage\":{\"@id\":\"https:\\\/\\\/www.anovapeneira.gal\\\/index.php\\\/2021\\\/11\\\/26\\\/victoria-portas-alcaldesa-de-cangas-2\\\/#primaryimage\"},\"image\":{\"@id\":\"https:\\\/\\\/www.anovapeneira.gal\\\/index.php\\\/2021\\\/11\\\/26\\\/victoria-portas-alcaldesa-de-cangas-2\\\/#primaryimage\"},\"thumbnailUrl\":\"https:\\\/\\\/www.anovapeneira.gal\\\/wp-content\\\/uploads\\\/2021\\\/03\\\/victoria_portas_alcaldesa_de_cangas-scaled.jpg\",\"datePublished\":\"2021-11-26T11:00:16+00:00\",\"description\":\"Por moi complicada que pareza unha situaci\u00f3n sempre, pero sempre sen excepci\u00f3n, podemos atopar unha sa\u00edda ou polo menos unha resposta nos cl\u00e1sicos\",\"breadcrumb\":{\"@id\":\"https:\\\/\\\/www.anovapeneira.gal\\\/index.php\\\/2021\\\/11\\\/26\\\/victoria-portas-alcaldesa-de-cangas-2\\\/#breadcrumb\"},\"inLanguage\":\"gl-ES\",\"potentialAction\":[{\"@type\":\"ReadAction\",\"target\":[\"https:\\\/\\\/www.anovapeneira.gal\\\/index.php\\\/2021\\\/11\\\/26\\\/victoria-portas-alcaldesa-de-cangas-2\\\/\"]}]},{\"@type\":\"ImageObject\",\"inLanguage\":\"gl-ES\",\"@id\":\"https:\\\/\\\/www.anovapeneira.gal\\\/index.php\\\/2021\\\/11\\\/26\\\/victoria-portas-alcaldesa-de-cangas-2\\\/#primaryimage\",\"url\":\"https:\\\/\\\/www.anovapeneira.gal\\\/wp-content\\\/uploads\\\/2021\\\/03\\\/victoria_portas_alcaldesa_de_cangas-scaled.jpg\",\"contentUrl\":\"https:\\\/\\\/www.anovapeneira.gal\\\/wp-content\\\/uploads\\\/2021\\\/03\\\/victoria_portas_alcaldesa_de_cangas-scaled.jpg\",\"width\":2560,\"height\":1920,\"caption\":\"Victoria Portas Alcaldesa de Cangas\"},{\"@type\":\"BreadcrumbList\",\"@id\":\"https:\\\/\\\/www.anovapeneira.gal\\\/index.php\\\/2021\\\/11\\\/26\\\/victoria-portas-alcaldesa-de-cangas-2\\\/#breadcrumb\",\"itemListElement\":[{\"@type\":\"ListItem\",\"position\":1,\"name\":\"Portada\",\"item\":\"https:\\\/\\\/www.anovapeneira.gal\\\/\"},{\"@type\":\"ListItem\",\"position\":2,\"name\":\"Victoria Portas Alcaldesa de Cangas\"}]},{\"@type\":\"WebSite\",\"@id\":\"https:\\\/\\\/www.anovapeneira.gal\\\/#website\",\"url\":\"https:\\\/\\\/www.anovapeneira.gal\\\/\",\"name\":\"\",\"description\":\"Xornal galego de informaci\u00f3n xeral Publicaci\u00f3n mensual de novas de Galicia e en especial dos Concellos da sur da provincia de Pontevedra.\",\"publisher\":{\"@id\":\"https:\\\/\\\/www.anovapeneira.gal\\\/#organization\"},\"potentialAction\":[{\"@type\":\"SearchAction\",\"target\":{\"@type\":\"EntryPoint\",\"urlTemplate\":\"https:\\\/\\\/www.anovapeneira.gal\\\/?s={search_term_string}\"},\"query-input\":{\"@type\":\"PropertyValueSpecification\",\"valueRequired\":true,\"valueName\":\"search_term_string\"}}],\"inLanguage\":\"gl-ES\"},{\"@type\":\"Organization\",\"@id\":\"https:\\\/\\\/www.anovapeneira.gal\\\/#organization\",\"name\":\"A Nova Peneira\",\"url\":\"https:\\\/\\\/www.anovapeneira.gal\\\/\",\"logo\":{\"@type\":\"ImageObject\",\"inLanguage\":\"gl-ES\",\"@id\":\"https:\\\/\\\/www.anovapeneira.gal\\\/#\\\/schema\\\/logo\\\/image\\\/\",\"url\":\"http:\\\/\\\/www.anovapeneira.gal\\\/wp-content\\\/uploads\\\/2019\\\/06\\\/logo_a_nova_peneira_portal_web.png\",\"contentUrl\":\"http:\\\/\\\/www.anovapeneira.gal\\\/wp-content\\\/uploads\\\/2019\\\/06\\\/logo_a_nova_peneira_portal_web.png\",\"width\":300,\"height\":100,\"caption\":\"A Nova Peneira\"},\"image\":{\"@id\":\"https:\\\/\\\/www.anovapeneira.gal\\\/#\\\/schema\\\/logo\\\/image\\\/\"},\"sameAs\":[\"https:\\\/\\\/www.facebook.com\\\/anovapeneira\",\"https:\\\/\\\/x.com\\\/APeneira\"]},{\"@type\":\"Person\",\"@id\":\"https:\\\/\\\/www.anovapeneira.gal\\\/#\\\/schema\\\/person\\\/b93e3f8932e3f8da96334607eb6ac6aa\",\"name\":\"Redacci\u00f3n A Nova Peneira\",\"image\":{\"@type\":\"ImageObject\",\"inLanguage\":\"gl-ES\",\"@id\":\"https:\\\/\\\/secure.gravatar.com\\\/avatar\\\/c052a2551a06e23fac63626232eaa90abd78dbcf1700fc46a2b2c89fd27b735f?s=96&d=mm&r=g\",\"url\":\"https:\\\/\\\/secure.gravatar.com\\\/avatar\\\/c052a2551a06e23fac63626232eaa90abd78dbcf1700fc46a2b2c89fd27b735f?s=96&d=mm&r=g\",\"contentUrl\":\"https:\\\/\\\/secure.gravatar.com\\\/avatar\\\/c052a2551a06e23fac63626232eaa90abd78dbcf1700fc46a2b2c89fd27b735f?s=96&d=mm&r=g\",\"caption\":\"Redacci\u00f3n A Nova Peneira\"},\"sameAs\":[\"http:\\\/\\\/www.anovapeneira.gal\\\/\"],\"url\":\"https:\\\/\\\/www.anovapeneira.gal\\\/index.php\\\/author\\\/redactor\\\/\"}]}<\/script>\n<!-- \/ Yoast SEO plugin. -->","yoast_head_json":{"title":"Victoria Portas Alcaldesa de Cangas -","description":"Por moi complicada que pareza unha situaci\u00f3n sempre, pero sempre sen excepci\u00f3n, podemos atopar unha sa\u00edda ou polo menos unha resposta nos cl\u00e1sicos","robots":{"index":"index","follow":"follow","max-snippet":"max-snippet:-1","max-image-preview":"max-image-preview:large","max-video-preview":"max-video-preview:-1"},"canonical":"https:\/\/www.anovapeneira.gal\/index.php\/2021\/11\/26\/victoria-portas-alcaldesa-de-cangas-2\/","og_locale":"gl_ES","og_type":"article","og_title":"Victoria Portas Alcaldesa de Cangas -","og_description":"Por moi complicada que pareza unha situaci\u00f3n sempre, pero sempre sen excepci\u00f3n, podemos atopar unha sa\u00edda ou polo menos unha resposta nos cl\u00e1sicos","og_url":"https:\/\/www.anovapeneira.gal\/index.php\/2021\/11\/26\/victoria-portas-alcaldesa-de-cangas-2\/","article_publisher":"https:\/\/www.facebook.com\/anovapeneira","article_published_time":"2021-11-26T11:00:16+00:00","og_image":[{"width":2560,"height":1920,"url":"https:\/\/www.anovapeneira.gal\/wp-content\/uploads\/2021\/03\/victoria_portas_alcaldesa_de_cangas-scaled.jpg","type":"image\/jpeg"}],"author":"Redacci\u00f3n A Nova Peneira","twitter_card":"summary_large_image","twitter_creator":"@APeneira","twitter_site":"@APeneira","twitter_misc":{"Escrito por":"Redacci\u00f3n A Nova Peneira","Tempo de lectura":"5 minutos"},"schema":{"@context":"https:\/\/schema.org","@graph":[{"@type":"Article","@id":"https:\/\/www.anovapeneira.gal\/index.php\/2021\/11\/26\/victoria-portas-alcaldesa-de-cangas-2\/#article","isPartOf":{"@id":"https:\/\/www.anovapeneira.gal\/index.php\/2021\/11\/26\/victoria-portas-alcaldesa-de-cangas-2\/"},"author":{"name":"Redacci\u00f3n A Nova Peneira","@id":"https:\/\/www.anovapeneira.gal\/#\/schema\/person\/b93e3f8932e3f8da96334607eb6ac6aa"},"headline":"Victoria Portas Alcaldesa de Cangas","datePublished":"2021-11-26T11:00:16+00:00","mainEntityOfPage":{"@id":"https:\/\/www.anovapeneira.gal\/index.php\/2021\/11\/26\/victoria-portas-alcaldesa-de-cangas-2\/"},"wordCount":1197,"commentCount":0,"publisher":{"@id":"https:\/\/www.anovapeneira.gal\/#organization"},"image":{"@id":"https:\/\/www.anovapeneira.gal\/index.php\/2021\/11\/26\/victoria-portas-alcaldesa-de-cangas-2\/#primaryimage"},"thumbnailUrl":"https:\/\/www.anovapeneira.gal\/wp-content\/uploads\/2021\/03\/victoria_portas_alcaldesa_de_cangas-scaled.jpg","keywords":["Concello de Cangas do Morrazo"],"articleSection":["Morrazo"],"inLanguage":"gl-ES","potentialAction":[{"@type":"CommentAction","name":"Comment","target":["https:\/\/www.anovapeneira.gal\/index.php\/2021\/11\/26\/victoria-portas-alcaldesa-de-cangas-2\/#respond"]}]},{"@type":"WebPage","@id":"https:\/\/www.anovapeneira.gal\/index.php\/2021\/11\/26\/victoria-portas-alcaldesa-de-cangas-2\/","url":"https:\/\/www.anovapeneira.gal\/index.php\/2021\/11\/26\/victoria-portas-alcaldesa-de-cangas-2\/","name":"Victoria Portas Alcaldesa de Cangas -","isPartOf":{"@id":"https:\/\/www.anovapeneira.gal\/#website"},"primaryImageOfPage":{"@id":"https:\/\/www.anovapeneira.gal\/index.php\/2021\/11\/26\/victoria-portas-alcaldesa-de-cangas-2\/#primaryimage"},"image":{"@id":"https:\/\/www.anovapeneira.gal\/index.php\/2021\/11\/26\/victoria-portas-alcaldesa-de-cangas-2\/#primaryimage"},"thumbnailUrl":"https:\/\/www.anovapeneira.gal\/wp-content\/uploads\/2021\/03\/victoria_portas_alcaldesa_de_cangas-scaled.jpg","datePublished":"2021-11-26T11:00:16+00:00","description":"Por moi complicada que pareza unha situaci\u00f3n sempre, pero sempre sen excepci\u00f3n, podemos atopar unha sa\u00edda ou polo menos unha resposta nos cl\u00e1sicos","breadcrumb":{"@id":"https:\/\/www.anovapeneira.gal\/index.php\/2021\/11\/26\/victoria-portas-alcaldesa-de-cangas-2\/#breadcrumb"},"inLanguage":"gl-ES","potentialAction":[{"@type":"ReadAction","target":["https:\/\/www.anovapeneira.gal\/index.php\/2021\/11\/26\/victoria-portas-alcaldesa-de-cangas-2\/"]}]},{"@type":"ImageObject","inLanguage":"gl-ES","@id":"https:\/\/www.anovapeneira.gal\/index.php\/2021\/11\/26\/victoria-portas-alcaldesa-de-cangas-2\/#primaryimage","url":"https:\/\/www.anovapeneira.gal\/wp-content\/uploads\/2021\/03\/victoria_portas_alcaldesa_de_cangas-scaled.jpg","contentUrl":"https:\/\/www.anovapeneira.gal\/wp-content\/uploads\/2021\/03\/victoria_portas_alcaldesa_de_cangas-scaled.jpg","width":2560,"height":1920,"caption":"Victoria Portas Alcaldesa de Cangas"},{"@type":"BreadcrumbList","@id":"https:\/\/www.anovapeneira.gal\/index.php\/2021\/11\/26\/victoria-portas-alcaldesa-de-cangas-2\/#breadcrumb","itemListElement":[{"@type":"ListItem","position":1,"name":"Portada","item":"https:\/\/www.anovapeneira.gal\/"},{"@type":"ListItem","position":2,"name":"Victoria Portas Alcaldesa de Cangas"}]},{"@type":"WebSite","@id":"https:\/\/www.anovapeneira.gal\/#website","url":"https:\/\/www.anovapeneira.gal\/","name":"","description":"Xornal galego de informaci\u00f3n xeral Publicaci\u00f3n mensual de novas de Galicia e en especial dos Concellos da sur da provincia de Pontevedra.","publisher":{"@id":"https:\/\/www.anovapeneira.gal\/#organization"},"potentialAction":[{"@type":"SearchAction","target":{"@type":"EntryPoint","urlTemplate":"https:\/\/www.anovapeneira.gal\/?s={search_term_string}"},"query-input":{"@type":"PropertyValueSpecification","valueRequired":true,"valueName":"search_term_string"}}],"inLanguage":"gl-ES"},{"@type":"Organization","@id":"https:\/\/www.anovapeneira.gal\/#organization","name":"A Nova Peneira","url":"https:\/\/www.anovapeneira.gal\/","logo":{"@type":"ImageObject","inLanguage":"gl-ES","@id":"https:\/\/www.anovapeneira.gal\/#\/schema\/logo\/image\/","url":"http:\/\/www.anovapeneira.gal\/wp-content\/uploads\/2019\/06\/logo_a_nova_peneira_portal_web.png","contentUrl":"http:\/\/www.anovapeneira.gal\/wp-content\/uploads\/2019\/06\/logo_a_nova_peneira_portal_web.png","width":300,"height":100,"caption":"A Nova Peneira"},"image":{"@id":"https:\/\/www.anovapeneira.gal\/#\/schema\/logo\/image\/"},"sameAs":["https:\/\/www.facebook.com\/anovapeneira","https:\/\/x.com\/APeneira"]},{"@type":"Person","@id":"https:\/\/www.anovapeneira.gal\/#\/schema\/person\/b93e3f8932e3f8da96334607eb6ac6aa","name":"Redacci\u00f3n A Nova Peneira","image":{"@type":"ImageObject","inLanguage":"gl-ES","@id":"https:\/\/secure.gravatar.com\/avatar\/c052a2551a06e23fac63626232eaa90abd78dbcf1700fc46a2b2c89fd27b735f?s=96&d=mm&r=g","url":"https:\/\/secure.gravatar.com\/avatar\/c052a2551a06e23fac63626232eaa90abd78dbcf1700fc46a2b2c89fd27b735f?s=96&d=mm&r=g","contentUrl":"https:\/\/secure.gravatar.com\/avatar\/c052a2551a06e23fac63626232eaa90abd78dbcf1700fc46a2b2c89fd27b735f?s=96&d=mm&r=g","caption":"Redacci\u00f3n A Nova Peneira"},"sameAs":["http:\/\/www.anovapeneira.gal\/"],"url":"https:\/\/www.anovapeneira.gal\/index.php\/author\/redactor\/"}]}},"jetpack_featured_media_url":"https:\/\/www.anovapeneira.gal\/wp-content\/uploads\/2021\/03\/victoria_portas_alcaldesa_de_cangas-scaled.jpg","_links":{"self":[{"href":"https:\/\/www.anovapeneira.gal\/index.php\/wp-json\/wp\/v2\/posts\/6491","targetHints":{"allow":["GET"]}}],"collection":[{"href":"https:\/\/www.anovapeneira.gal\/index.php\/wp-json\/wp\/v2\/posts"}],"about":[{"href":"https:\/\/www.anovapeneira.gal\/index.php\/wp-json\/wp\/v2\/types\/post"}],"author":[{"embeddable":true,"href":"https:\/\/www.anovapeneira.gal\/index.php\/wp-json\/wp\/v2\/users\/3"}],"replies":[{"embeddable":true,"href":"https:\/\/www.anovapeneira.gal\/index.php\/wp-json\/wp\/v2\/comments?post=6491"}],"version-history":[{"count":1,"href":"https:\/\/www.anovapeneira.gal\/index.php\/wp-json\/wp\/v2\/posts\/6491\/revisions"}],"predecessor-version":[{"id":6492,"href":"https:\/\/www.anovapeneira.gal\/index.php\/wp-json\/wp\/v2\/posts\/6491\/revisions\/6492"}],"wp:featuredmedia":[{"embeddable":true,"href":"https:\/\/www.anovapeneira.gal\/index.php\/wp-json\/wp\/v2\/media\/5030"}],"wp:attachment":[{"href":"https:\/\/www.anovapeneira.gal\/index.php\/wp-json\/wp\/v2\/media?parent=6491"}],"wp:term":[{"taxonomy":"category","embeddable":true,"href":"https:\/\/www.anovapeneira.gal\/index.php\/wp-json\/wp\/v2\/categories?post=6491"},{"taxonomy":"post_tag","embeddable":true,"href":"https:\/\/www.anovapeneira.gal\/index.php\/wp-json\/wp\/v2\/tags?post=6491"}],"curies":[{"name":"wp","href":"https:\/\/api.w.org\/{rel}","templated":true}]}}