{"id":6499,"date":"2021-11-30T10:00:56","date_gmt":"2021-11-30T09:00:56","guid":{"rendered":"https:\/\/www.anovapeneira.gal\/?p=6499"},"modified":"2021-11-26T14:18:19","modified_gmt":"2021-11-26T13:18:19","slug":"ignacio-vilar-director-de-cinema","status":"publish","type":"post","link":"https:\/\/www.anovapeneira.gal\/index.php\/2021\/11\/30\/ignacio-vilar-director-de-cinema\/","title":{"rendered":"Ignacio Vilar director de cinema"},"content":{"rendered":"\n<p><strong>Ignacio \u00e9 desas persoas que semella que naceu para facer o que fai .Ese tipo de seres humanos que est\u00e1n emocionalmente tan vencellados \u00e1 s\u00faa profesi\u00f3n, que resulta imposible distinguir o que \u00e9 paix\u00f3n do que \u00e9 traballo. Se se dedicase ao f\u00fatbol non dubido que os comentaristas deportivos utilizar\u00edan, para describilo, alg\u00fan tipo de s\u00edmil hiperb\u00f3lico tipo \u201c a besta\u201d \u201c matador\u201d&#8230;.ou calquera outro tan abundantes no universo futbol\u00edstico .Naceu nunha aldea de Ourense na que iniciou o seu amor por contar historias afirma que o seu idioma, o noso idioma, \u00e9 un dos alicerces da s\u00faa construci\u00f3n individual como ser humano.<\/strong><\/p>\n\n\n\n<p><strong>Ignacio ven de concretar unha experiencia innovadora; a edici\u00f3n en forma de libro do que ser\u00e1 o gui\u00f3n da s\u00faa pr\u00f3xima pel\u00edcula \u201c Aura 1.964\u201d.E n\u00f3s conversamos con el sobre este proxecto e sobre a fant\u00e1stica \u201cMar\u00eda Soli\u00f1a\u201d da que quere destacar a contribuci\u00f3n xenerosa do falecido Xos\u00e9 Manuel Pazos , \u00e1 que nos sumamos con moito gusto pois Pazos si que foi un dos bos e xenerosos pero de verdade. Vela\u00ed vai o que deu de si a nosa conversa<\/strong><\/p>\n\n\n\n<p>\u201c<strong>Agardo ilusionado un apoio masivo dos galegos e galegas a AURA 1.964\u201d<\/strong><\/p>\n\n\n\n<p><strong>Como valoras a experiencia dos pases itinerantes de \u201cMar\u00eda Soli\u00f1a\u201d?<\/strong><\/p>\n\n\n\n<blockquote class=\"wp-block-quote is-layout-flow wp-block-quote-is-layout-flow\"><p>Creo que de maneira moi positiva. Temos m\u00e1is espectadores e recadamos m\u00e1is que nos cinemas. Estivemos en 172 concellos<\/p><\/blockquote>\n\n\n\n<p><strong>Caramba, en canto tempo?<\/strong><\/p>\n\n\n\n<blockquote class=\"wp-block-quote is-layout-flow wp-block-quote-is-layout-flow\"><p>Nun ano e catro meses percorrendo Galicia. Fixemos 40 auto cinemas. Eu fun a todas as presentaci\u00f3ns e coloquios. En verdade que me recordou \u00e1 grande marcha de Mao<\/p><\/blockquote>\n\n\n\n<p><strong>Ha ha ha. Eu creo que levar o cinema , por empregar un concepto tan de moda, \u00e1 Galicia profunda debeu de ser unha experiencia moi agradable?<\/strong><\/p>\n\n\n\n<blockquote class=\"wp-block-quote is-layout-flow wp-block-quote-is-layout-flow\"><p>Foi das que m\u00e1is impacto me causaron na mi\u00f1a vida como director. Tivemos , despois das proxecci\u00f3ns, coloquios interesant\u00edsimos de m\u00e1is de d\u00faas horas .E al\u00ed comprend\u00edn o importante que \u00e9 introducir ao p\u00fablico no proceso creativa da pel\u00edcula.<\/p><\/blockquote>\n\n\n\n<p><strong>De a\u00ed veu a \u00eddea de publicar \u201cAura 1.964\u201d?<\/strong><\/p>\n\n\n\n<blockquote class=\"wp-block-quote is-layout-flow wp-block-quote-is-layout-flow\"><p>Efectivamente, a idea de publicar o gui\u00f3n antes de facer a pel\u00edcula veu de al\u00ed, si. Iso ensin\u00e1ronmo, como che dixen, os espectadores dos coloquios de Mar\u00eda Soli\u00f1a. \u00c9 unha innovaci\u00f3n moi importante no noso mundo<\/p><\/blockquote>\n\n\n\n<p><strong>A min, como espectador de Mar\u00eda Soli\u00f1a, \u00e1s veces cust\u00e1bame situarme no contexto temporal?<\/strong><\/p>\n\n\n\n<blockquote class=\"wp-block-quote is-layout-flow wp-block-quote-is-layout-flow\"><p>\u00c9 que esa \u00e9 a chave Marcos. A violencia que sufriu Mar\u00eda Soli\u00f1a no seu d\u00eda ti cres que \u00e9 moi diferente da que poden padecer as mulleres hoxe?. Eu creo que non. E o que pretendiamos \u00e9 que o espectador percibise que ese \u00e9 un fen\u00f3meno que transcende un contexto temporal concreto.<\/p><\/blockquote>\n\n\n\n<p><strong>Algunha an\u00e9cdota que queiras destacar das presentaci\u00f3ns en ruta?<\/strong><\/p>\n\n\n\n<blockquote class=\"wp-block-quote is-layout-flow wp-block-quote-is-layout-flow\"><p>Pois se cadra que no Concello da Porqueira, no coloquio, unha nena de 12 anos tivo unha intervenci\u00f3n brillante que a min deixoume impresionado.<\/p><\/blockquote>\n\n\n\n<p><strong>Nos 172 concellos fuches \u00e1s estreas vestido de gala?<\/strong><\/p>\n\n\n\n<blockquote class=\"wp-block-quote is-layout-flow wp-block-quote-is-layout-flow\"><p>En todos e cada un, por suposto. Eu entend\u00eda cada estrea como unha estrea universal.<\/p><\/blockquote>\n\n\n\n<p><strong>E agora por fin chega \u201cMar\u00eda Soli\u00f1a\u201d \u00e1s salas?<\/strong><\/p>\n\n\n\n<blockquote class=\"wp-block-quote is-layout-flow wp-block-quote-is-layout-flow\"><p>Si, eu vexo os valados que anuncian a pel\u00edcula como por exemplo o que xa est\u00e1 en Cangas e s\u00edntome terriblemente orgulloso. A\u00ednda que como che comentei antes o percorrido ata chegar aqu\u00ed foi enorme.<\/p><\/blockquote>\n\n\n\n<p><strong>E a experiencia que, por mor da pandemia, fixestes de levar o cinema, insisto, pola Galicia profunda non pode supor un punto de inflexi\u00f3n na maneira de concibir as estreas dos filmes?<\/strong><\/p>\n\n\n\n<blockquote class=\"wp-block-quote is-layout-flow wp-block-quote-is-layout-flow\"><p>Totalmente. Eu creo que vai supor un cambio notable. As salas van ser unha proxecci\u00f3n m\u00e1is, pero para n\u00f3s o importante vai ser tratar de levar o cinema a onde non hai sala. De feito n\u00f3s estreamos nas salas o d\u00eda 26, pero imos seguir cos auto cinemas, tanto \u00e9 as\u00ed que o d\u00eda 25 temos un en Ourense.<\/p><\/blockquote>\n\n\n\n<p><strong>Cando se faga \u201cAura\u201d vai ser a primeira pel\u00edcula na que os espectadores te\u00f1an interactuado con ela a priori?<\/strong><\/p>\n\n\n\n<blockquote class=\"wp-block-quote is-layout-flow wp-block-quote-is-layout-flow\"><p>Iso \u00e9 o que persigo eu. De feito fixen unha presentaci\u00f3n no vello c\u00e1rcere de Lugo, esta pel\u00edcula ten moi que ver coa memoria, e foron \u00e1 presentaci\u00f3n profesoras de instituto que levaban alumnos e alumnas que me fixeron preguntas pois xa leran o libro. E aseg\u00faroche Marcos que as s\u00faas propostas enriquecer\u00e1n o gui\u00f3n, que probablemente mudar\u00e1 como resultado das propostas que nos acheguen<\/p><\/blockquote>\n\n\n\n<p><strong>V\u00e9xoche moi ilusionado con Aura Ignacio?<\/strong><\/p>\n\n\n\n<blockquote class=\"wp-block-quote is-layout-flow wp-block-quote-is-layout-flow\"><p>M\u00e1is que ilusionado, estou emocionado.<\/p><\/blockquote>\n\n\n\n<p><strong>Este gui\u00f3n ten unha axuda europea non?<\/strong><\/p>\n\n\n\n<blockquote class=\"wp-block-quote is-layout-flow wp-block-quote-is-layout-flow\"><p>Si, dun programa que se chama \u201c creative media Europe\u201d que xa ten 40 anos e \u00e9 para promocionar o cine europeo. Presentamos o proxecto hai 3 anos e competimos contra m\u00e1is de 300 proxectos. S\u00f3 colleron 75 entre eles o noso , o primeiro proxecto galego que apoian. D\u00e9ronnos unha cantidade de cartos que nos serviu para preparar o proxecto.<\/p><\/blockquote>\n\n\n\n<p><strong>De actores e actrices podes anticiparnos algo?<\/strong><\/p>\n\n\n\n<blockquote class=\"wp-block-quote is-layout-flow wp-block-quote-is-layout-flow\"><p>Os tres protagonistas son adolescentes que a\u00ednda non os co\u00f1ece ningu\u00e9n. En relaci\u00f3n aos secundarios imos ter a Karra Elejalde, Morris, Miguel De Lira, Melania Cruz, Clara Lago, Itziar Itu\u00f1o. Son papeis non protagonistas pero importantes. Eu se podo sempre trato de traballar co mesmo equipo t\u00e9cnico e art\u00edstico pois facilita moito as cousas.<\/p><\/blockquote>\n\n\n\n<p><strong>Todos van falar en galego?<\/strong><\/p>\n\n\n\n<blockquote class=\"wp-block-quote is-layout-flow wp-block-quote-is-layout-flow\"><p>Absolutamente. E para min \u00e9 moi importante que grandes actores e actrices que non son galegos falen no noso idioma.<\/p><\/blockquote>\n\n\n\n<p><strong>Que resultado agardas deste proxecto?<\/strong><\/p>\n\n\n\n<blockquote class=\"wp-block-quote is-layout-flow wp-block-quote-is-layout-flow\"><p>Pois encantar\u00edame sentir un apoio masivo dos galegos e das galegas. Ser\u00eda unha axuda emocionalmente impagable e profesionalmente moi relevante tanto para este proxecto como para os futuros.<\/p><\/blockquote>\n\n\n\n<p><strong>O protagonista de Aura nace nunha aldea de Ourense , como ti, e vai estudar \u00e1 capital como ti. A obra ten algo de auto biogr\u00e1fico?<\/strong><\/p>\n\n\n\n<blockquote class=\"wp-block-quote is-layout-flow wp-block-quote-is-layout-flow\"><p>Si, ten que ver comigo en efecto.<\/p><\/blockquote>\n\n\n\n<p><strong>Se queremos mercar o libro onde podemos atopalo?<\/strong><\/p>\n\n\n\n<blockquote class=\"wp-block-quote is-layout-flow wp-block-quote-is-layout-flow\"><p>En todas as librar\u00edas. Est\u00e1 editado por Galaxia e non deber\u00eda haber problema.<\/p><\/blockquote>\n","protected":false},"excerpt":{"rendered":"<div class=\"mh-excerpt\"><p>Ignacio \u00e9 desas persoas que semella que naceu para facer o que fai .Ese tipo de seres humanos que est\u00e1n emocionalmente tan vencellados \u00e1 s\u00faa profesi\u00f3n, que resulta imposible distinguir o que \u00e9 paix\u00f3n do que \u00e9 traballo.  <a class=\"mh-excerpt-more\" href=\"https:\/\/www.anovapeneira.gal\/index.php\/2021\/11\/30\/ignacio-vilar-director-de-cinema\/\" title=\"Ignacio Vilar director de cinema\">[&#8230;]<\/a><\/p>\n<\/div>","protected":false},"author":6,"featured_media":6500,"comment_status":"open","ping_status":"open","sticky":false,"template":"","format":"standard","meta":{"_exactmetrics_skip_tracking":false,"_exactmetrics_sitenote_active":false,"_exactmetrics_sitenote_note":"","_exactmetrics_sitenote_category":0,"footnotes":""},"categories":[22,24],"tags":[681,171],"class_list":{"0":"post-6499","1":"post","2":"type-post","3":"status-publish","4":"format-standard","5":"has-post-thumbnail","7":"category-morrazo","8":"category-redondela","9":"tag-concello-de-cangas-do-morrazo","10":"tag-concello-de-redondela"},"yoast_head":"<!-- This site is optimized with the Yoast SEO plugin v27.4 - https:\/\/yoast.com\/product\/yoast-seo-wordpress\/ -->\n<title>Ignacio Vilar director de cinema -<\/title>\n<meta name=\"description\" content=\"Ignacio \u00e9 desas persoas que semella que naceu para facer o que fai .Ese tipo de seres humanos que est\u00e1n emocionalmente tan vencellados \u00e1 s\u00faa profesi\u00f3n, que resulta imposible distinguir o que \u00e9 paix\u00f3n do que \u00e9 traballo.\" \/>\n<meta name=\"robots\" content=\"index, follow, max-snippet:-1, max-image-preview:large, max-video-preview:-1\" \/>\n<link rel=\"canonical\" href=\"https:\/\/www.anovapeneira.gal\/index.php\/2021\/11\/30\/ignacio-vilar-director-de-cinema\/\" \/>\n<meta property=\"og:locale\" content=\"gl_ES\" \/>\n<meta property=\"og:type\" content=\"article\" \/>\n<meta property=\"og:title\" content=\"Ignacio Vilar director de cinema -\" \/>\n<meta property=\"og:description\" content=\"Ignacio \u00e9 desas persoas que semella que naceu para facer o que fai .Ese tipo de seres humanos que est\u00e1n emocionalmente tan vencellados \u00e1 s\u00faa profesi\u00f3n, que resulta imposible distinguir o que \u00e9 paix\u00f3n do que \u00e9 traballo.\" \/>\n<meta property=\"og:url\" content=\"https:\/\/www.anovapeneira.gal\/index.php\/2021\/11\/30\/ignacio-vilar-director-de-cinema\/\" \/>\n<meta property=\"article:publisher\" content=\"https:\/\/www.facebook.com\/anovapeneira\" \/>\n<meta property=\"article:published_time\" content=\"2021-11-30T09:00:56+00:00\" \/>\n<meta property=\"og:image\" content=\"https:\/\/www.anovapeneira.gal\/wp-content\/uploads\/2021\/11\/ignacio_vilar.jpg\" \/>\n\t<meta property=\"og:image:width\" content=\"720\" \/>\n\t<meta property=\"og:image:height\" content=\"432\" \/>\n\t<meta property=\"og:image:type\" content=\"image\/jpeg\" \/>\n<meta name=\"author\" content=\"Marcos Santos\" \/>\n<meta name=\"twitter:card\" content=\"summary_large_image\" \/>\n<meta name=\"twitter:creator\" content=\"@APeneira\" \/>\n<meta name=\"twitter:site\" content=\"@APeneira\" \/>\n<meta name=\"twitter:label1\" content=\"Escrito por\" \/>\n\t<meta name=\"twitter:data1\" content=\"Marcos Santos\" \/>\n\t<meta name=\"twitter:label2\" content=\"Tempo de lectura\" \/>\n\t<meta name=\"twitter:data2\" content=\"5 minutos\" \/>\n<script type=\"application\/ld+json\" class=\"yoast-schema-graph\">{\"@context\":\"https:\\\/\\\/schema.org\",\"@graph\":[{\"@type\":\"Article\",\"@id\":\"https:\\\/\\\/www.anovapeneira.gal\\\/index.php\\\/2021\\\/11\\\/30\\\/ignacio-vilar-director-de-cinema\\\/#article\",\"isPartOf\":{\"@id\":\"https:\\\/\\\/www.anovapeneira.gal\\\/index.php\\\/2021\\\/11\\\/30\\\/ignacio-vilar-director-de-cinema\\\/\"},\"author\":{\"name\":\"Marcos Santos\",\"@id\":\"https:\\\/\\\/www.anovapeneira.gal\\\/#\\\/schema\\\/person\\\/d9d84823564720e7593293bab054e52d\"},\"headline\":\"Ignacio Vilar director de cinema\",\"datePublished\":\"2021-11-30T09:00:56+00:00\",\"mainEntityOfPage\":{\"@id\":\"https:\\\/\\\/www.anovapeneira.gal\\\/index.php\\\/2021\\\/11\\\/30\\\/ignacio-vilar-director-de-cinema\\\/\"},\"wordCount\":1020,\"commentCount\":0,\"publisher\":{\"@id\":\"https:\\\/\\\/www.anovapeneira.gal\\\/#organization\"},\"image\":{\"@id\":\"https:\\\/\\\/www.anovapeneira.gal\\\/index.php\\\/2021\\\/11\\\/30\\\/ignacio-vilar-director-de-cinema\\\/#primaryimage\"},\"thumbnailUrl\":\"https:\\\/\\\/www.anovapeneira.gal\\\/wp-content\\\/uploads\\\/2021\\\/11\\\/ignacio_vilar.jpg\",\"keywords\":[\"Concello de Cangas do Morrazo\",\"Concello de Redondela\"],\"articleSection\":[\"Morrazo\",\"Redondela\"],\"inLanguage\":\"gl-ES\",\"potentialAction\":[{\"@type\":\"CommentAction\",\"name\":\"Comment\",\"target\":[\"https:\\\/\\\/www.anovapeneira.gal\\\/index.php\\\/2021\\\/11\\\/30\\\/ignacio-vilar-director-de-cinema\\\/#respond\"]}]},{\"@type\":\"WebPage\",\"@id\":\"https:\\\/\\\/www.anovapeneira.gal\\\/index.php\\\/2021\\\/11\\\/30\\\/ignacio-vilar-director-de-cinema\\\/\",\"url\":\"https:\\\/\\\/www.anovapeneira.gal\\\/index.php\\\/2021\\\/11\\\/30\\\/ignacio-vilar-director-de-cinema\\\/\",\"name\":\"Ignacio Vilar director de cinema -\",\"isPartOf\":{\"@id\":\"https:\\\/\\\/www.anovapeneira.gal\\\/#website\"},\"primaryImageOfPage\":{\"@id\":\"https:\\\/\\\/www.anovapeneira.gal\\\/index.php\\\/2021\\\/11\\\/30\\\/ignacio-vilar-director-de-cinema\\\/#primaryimage\"},\"image\":{\"@id\":\"https:\\\/\\\/www.anovapeneira.gal\\\/index.php\\\/2021\\\/11\\\/30\\\/ignacio-vilar-director-de-cinema\\\/#primaryimage\"},\"thumbnailUrl\":\"https:\\\/\\\/www.anovapeneira.gal\\\/wp-content\\\/uploads\\\/2021\\\/11\\\/ignacio_vilar.jpg\",\"datePublished\":\"2021-11-30T09:00:56+00:00\",\"description\":\"Ignacio \u00e9 desas persoas que semella que naceu para facer o que fai .Ese tipo de seres humanos que est\u00e1n emocionalmente tan vencellados \u00e1 s\u00faa profesi\u00f3n, que resulta imposible distinguir o que \u00e9 paix\u00f3n do que \u00e9 traballo.\",\"breadcrumb\":{\"@id\":\"https:\\\/\\\/www.anovapeneira.gal\\\/index.php\\\/2021\\\/11\\\/30\\\/ignacio-vilar-director-de-cinema\\\/#breadcrumb\"},\"inLanguage\":\"gl-ES\",\"potentialAction\":[{\"@type\":\"ReadAction\",\"target\":[\"https:\\\/\\\/www.anovapeneira.gal\\\/index.php\\\/2021\\\/11\\\/30\\\/ignacio-vilar-director-de-cinema\\\/\"]}]},{\"@type\":\"ImageObject\",\"inLanguage\":\"gl-ES\",\"@id\":\"https:\\\/\\\/www.anovapeneira.gal\\\/index.php\\\/2021\\\/11\\\/30\\\/ignacio-vilar-director-de-cinema\\\/#primaryimage\",\"url\":\"https:\\\/\\\/www.anovapeneira.gal\\\/wp-content\\\/uploads\\\/2021\\\/11\\\/ignacio_vilar.jpg\",\"contentUrl\":\"https:\\\/\\\/www.anovapeneira.gal\\\/wp-content\\\/uploads\\\/2021\\\/11\\\/ignacio_vilar.jpg\",\"width\":720,\"height\":432,\"caption\":\"Ignacio Vilar\"},{\"@type\":\"BreadcrumbList\",\"@id\":\"https:\\\/\\\/www.anovapeneira.gal\\\/index.php\\\/2021\\\/11\\\/30\\\/ignacio-vilar-director-de-cinema\\\/#breadcrumb\",\"itemListElement\":[{\"@type\":\"ListItem\",\"position\":1,\"name\":\"Portada\",\"item\":\"https:\\\/\\\/www.anovapeneira.gal\\\/\"},{\"@type\":\"ListItem\",\"position\":2,\"name\":\"Ignacio Vilar director de cinema\"}]},{\"@type\":\"WebSite\",\"@id\":\"https:\\\/\\\/www.anovapeneira.gal\\\/#website\",\"url\":\"https:\\\/\\\/www.anovapeneira.gal\\\/\",\"name\":\"\",\"description\":\"Xornal galego de informaci\u00f3n xeral Publicaci\u00f3n mensual de novas de Galicia e en especial dos Concellos da sur da provincia de Pontevedra.\",\"publisher\":{\"@id\":\"https:\\\/\\\/www.anovapeneira.gal\\\/#organization\"},\"potentialAction\":[{\"@type\":\"SearchAction\",\"target\":{\"@type\":\"EntryPoint\",\"urlTemplate\":\"https:\\\/\\\/www.anovapeneira.gal\\\/?s={search_term_string}\"},\"query-input\":{\"@type\":\"PropertyValueSpecification\",\"valueRequired\":true,\"valueName\":\"search_term_string\"}}],\"inLanguage\":\"gl-ES\"},{\"@type\":\"Organization\",\"@id\":\"https:\\\/\\\/www.anovapeneira.gal\\\/#organization\",\"name\":\"A Nova Peneira\",\"url\":\"https:\\\/\\\/www.anovapeneira.gal\\\/\",\"logo\":{\"@type\":\"ImageObject\",\"inLanguage\":\"gl-ES\",\"@id\":\"https:\\\/\\\/www.anovapeneira.gal\\\/#\\\/schema\\\/logo\\\/image\\\/\",\"url\":\"http:\\\/\\\/www.anovapeneira.gal\\\/wp-content\\\/uploads\\\/2019\\\/06\\\/logo_a_nova_peneira_portal_web.png\",\"contentUrl\":\"http:\\\/\\\/www.anovapeneira.gal\\\/wp-content\\\/uploads\\\/2019\\\/06\\\/logo_a_nova_peneira_portal_web.png\",\"width\":300,\"height\":100,\"caption\":\"A Nova Peneira\"},\"image\":{\"@id\":\"https:\\\/\\\/www.anovapeneira.gal\\\/#\\\/schema\\\/logo\\\/image\\\/\"},\"sameAs\":[\"https:\\\/\\\/www.facebook.com\\\/anovapeneira\",\"https:\\\/\\\/x.com\\\/APeneira\"]},{\"@type\":\"Person\",\"@id\":\"https:\\\/\\\/www.anovapeneira.gal\\\/#\\\/schema\\\/person\\\/d9d84823564720e7593293bab054e52d\",\"name\":\"Marcos Santos\",\"image\":{\"@type\":\"ImageObject\",\"inLanguage\":\"gl-ES\",\"@id\":\"https:\\\/\\\/secure.gravatar.com\\\/avatar\\\/0e8017099a7a47c0a9d2275e865fe326484561eb3d70649069e4b8e61a8d2e8c?s=96&d=mm&r=g\",\"url\":\"https:\\\/\\\/secure.gravatar.com\\\/avatar\\\/0e8017099a7a47c0a9d2275e865fe326484561eb3d70649069e4b8e61a8d2e8c?s=96&d=mm&r=g\",\"contentUrl\":\"https:\\\/\\\/secure.gravatar.com\\\/avatar\\\/0e8017099a7a47c0a9d2275e865fe326484561eb3d70649069e4b8e61a8d2e8c?s=96&d=mm&r=g\",\"caption\":\"Marcos Santos\"},\"sameAs\":[\"http:\\\/\\\/anovapeneira.gal\"],\"url\":\"https:\\\/\\\/www.anovapeneira.gal\\\/index.php\\\/author\\\/marcos-santos\\\/\"}]}<\/script>\n<!-- \/ Yoast SEO plugin. -->","yoast_head_json":{"title":"Ignacio Vilar director de cinema -","description":"Ignacio \u00e9 desas persoas que semella que naceu para facer o que fai .Ese tipo de seres humanos que est\u00e1n emocionalmente tan vencellados \u00e1 s\u00faa profesi\u00f3n, que resulta imposible distinguir o que \u00e9 paix\u00f3n do que \u00e9 traballo.","robots":{"index":"index","follow":"follow","max-snippet":"max-snippet:-1","max-image-preview":"max-image-preview:large","max-video-preview":"max-video-preview:-1"},"canonical":"https:\/\/www.anovapeneira.gal\/index.php\/2021\/11\/30\/ignacio-vilar-director-de-cinema\/","og_locale":"gl_ES","og_type":"article","og_title":"Ignacio Vilar director de cinema -","og_description":"Ignacio \u00e9 desas persoas que semella que naceu para facer o que fai .Ese tipo de seres humanos que est\u00e1n emocionalmente tan vencellados \u00e1 s\u00faa profesi\u00f3n, que resulta imposible distinguir o que \u00e9 paix\u00f3n do que \u00e9 traballo.","og_url":"https:\/\/www.anovapeneira.gal\/index.php\/2021\/11\/30\/ignacio-vilar-director-de-cinema\/","article_publisher":"https:\/\/www.facebook.com\/anovapeneira","article_published_time":"2021-11-30T09:00:56+00:00","og_image":[{"width":720,"height":432,"url":"https:\/\/www.anovapeneira.gal\/wp-content\/uploads\/2021\/11\/ignacio_vilar.jpg","type":"image\/jpeg"}],"author":"Marcos Santos","twitter_card":"summary_large_image","twitter_creator":"@APeneira","twitter_site":"@APeneira","twitter_misc":{"Escrito por":"Marcos Santos","Tempo de lectura":"5 minutos"},"schema":{"@context":"https:\/\/schema.org","@graph":[{"@type":"Article","@id":"https:\/\/www.anovapeneira.gal\/index.php\/2021\/11\/30\/ignacio-vilar-director-de-cinema\/#article","isPartOf":{"@id":"https:\/\/www.anovapeneira.gal\/index.php\/2021\/11\/30\/ignacio-vilar-director-de-cinema\/"},"author":{"name":"Marcos Santos","@id":"https:\/\/www.anovapeneira.gal\/#\/schema\/person\/d9d84823564720e7593293bab054e52d"},"headline":"Ignacio Vilar director de cinema","datePublished":"2021-11-30T09:00:56+00:00","mainEntityOfPage":{"@id":"https:\/\/www.anovapeneira.gal\/index.php\/2021\/11\/30\/ignacio-vilar-director-de-cinema\/"},"wordCount":1020,"commentCount":0,"publisher":{"@id":"https:\/\/www.anovapeneira.gal\/#organization"},"image":{"@id":"https:\/\/www.anovapeneira.gal\/index.php\/2021\/11\/30\/ignacio-vilar-director-de-cinema\/#primaryimage"},"thumbnailUrl":"https:\/\/www.anovapeneira.gal\/wp-content\/uploads\/2021\/11\/ignacio_vilar.jpg","keywords":["Concello de Cangas do Morrazo","Concello de Redondela"],"articleSection":["Morrazo","Redondela"],"inLanguage":"gl-ES","potentialAction":[{"@type":"CommentAction","name":"Comment","target":["https:\/\/www.anovapeneira.gal\/index.php\/2021\/11\/30\/ignacio-vilar-director-de-cinema\/#respond"]}]},{"@type":"WebPage","@id":"https:\/\/www.anovapeneira.gal\/index.php\/2021\/11\/30\/ignacio-vilar-director-de-cinema\/","url":"https:\/\/www.anovapeneira.gal\/index.php\/2021\/11\/30\/ignacio-vilar-director-de-cinema\/","name":"Ignacio Vilar director de cinema -","isPartOf":{"@id":"https:\/\/www.anovapeneira.gal\/#website"},"primaryImageOfPage":{"@id":"https:\/\/www.anovapeneira.gal\/index.php\/2021\/11\/30\/ignacio-vilar-director-de-cinema\/#primaryimage"},"image":{"@id":"https:\/\/www.anovapeneira.gal\/index.php\/2021\/11\/30\/ignacio-vilar-director-de-cinema\/#primaryimage"},"thumbnailUrl":"https:\/\/www.anovapeneira.gal\/wp-content\/uploads\/2021\/11\/ignacio_vilar.jpg","datePublished":"2021-11-30T09:00:56+00:00","description":"Ignacio \u00e9 desas persoas que semella que naceu para facer o que fai .Ese tipo de seres humanos que est\u00e1n emocionalmente tan vencellados \u00e1 s\u00faa profesi\u00f3n, que resulta imposible distinguir o que \u00e9 paix\u00f3n do que \u00e9 traballo.","breadcrumb":{"@id":"https:\/\/www.anovapeneira.gal\/index.php\/2021\/11\/30\/ignacio-vilar-director-de-cinema\/#breadcrumb"},"inLanguage":"gl-ES","potentialAction":[{"@type":"ReadAction","target":["https:\/\/www.anovapeneira.gal\/index.php\/2021\/11\/30\/ignacio-vilar-director-de-cinema\/"]}]},{"@type":"ImageObject","inLanguage":"gl-ES","@id":"https:\/\/www.anovapeneira.gal\/index.php\/2021\/11\/30\/ignacio-vilar-director-de-cinema\/#primaryimage","url":"https:\/\/www.anovapeneira.gal\/wp-content\/uploads\/2021\/11\/ignacio_vilar.jpg","contentUrl":"https:\/\/www.anovapeneira.gal\/wp-content\/uploads\/2021\/11\/ignacio_vilar.jpg","width":720,"height":432,"caption":"Ignacio Vilar"},{"@type":"BreadcrumbList","@id":"https:\/\/www.anovapeneira.gal\/index.php\/2021\/11\/30\/ignacio-vilar-director-de-cinema\/#breadcrumb","itemListElement":[{"@type":"ListItem","position":1,"name":"Portada","item":"https:\/\/www.anovapeneira.gal\/"},{"@type":"ListItem","position":2,"name":"Ignacio Vilar director de cinema"}]},{"@type":"WebSite","@id":"https:\/\/www.anovapeneira.gal\/#website","url":"https:\/\/www.anovapeneira.gal\/","name":"","description":"Xornal galego de informaci\u00f3n xeral Publicaci\u00f3n mensual de novas de Galicia e en especial dos Concellos da sur da provincia de Pontevedra.","publisher":{"@id":"https:\/\/www.anovapeneira.gal\/#organization"},"potentialAction":[{"@type":"SearchAction","target":{"@type":"EntryPoint","urlTemplate":"https:\/\/www.anovapeneira.gal\/?s={search_term_string}"},"query-input":{"@type":"PropertyValueSpecification","valueRequired":true,"valueName":"search_term_string"}}],"inLanguage":"gl-ES"},{"@type":"Organization","@id":"https:\/\/www.anovapeneira.gal\/#organization","name":"A Nova Peneira","url":"https:\/\/www.anovapeneira.gal\/","logo":{"@type":"ImageObject","inLanguage":"gl-ES","@id":"https:\/\/www.anovapeneira.gal\/#\/schema\/logo\/image\/","url":"http:\/\/www.anovapeneira.gal\/wp-content\/uploads\/2019\/06\/logo_a_nova_peneira_portal_web.png","contentUrl":"http:\/\/www.anovapeneira.gal\/wp-content\/uploads\/2019\/06\/logo_a_nova_peneira_portal_web.png","width":300,"height":100,"caption":"A Nova Peneira"},"image":{"@id":"https:\/\/www.anovapeneira.gal\/#\/schema\/logo\/image\/"},"sameAs":["https:\/\/www.facebook.com\/anovapeneira","https:\/\/x.com\/APeneira"]},{"@type":"Person","@id":"https:\/\/www.anovapeneira.gal\/#\/schema\/person\/d9d84823564720e7593293bab054e52d","name":"Marcos Santos","image":{"@type":"ImageObject","inLanguage":"gl-ES","@id":"https:\/\/secure.gravatar.com\/avatar\/0e8017099a7a47c0a9d2275e865fe326484561eb3d70649069e4b8e61a8d2e8c?s=96&d=mm&r=g","url":"https:\/\/secure.gravatar.com\/avatar\/0e8017099a7a47c0a9d2275e865fe326484561eb3d70649069e4b8e61a8d2e8c?s=96&d=mm&r=g","contentUrl":"https:\/\/secure.gravatar.com\/avatar\/0e8017099a7a47c0a9d2275e865fe326484561eb3d70649069e4b8e61a8d2e8c?s=96&d=mm&r=g","caption":"Marcos Santos"},"sameAs":["http:\/\/anovapeneira.gal"],"url":"https:\/\/www.anovapeneira.gal\/index.php\/author\/marcos-santos\/"}]}},"jetpack_featured_media_url":"https:\/\/www.anovapeneira.gal\/wp-content\/uploads\/2021\/11\/ignacio_vilar.jpg","_links":{"self":[{"href":"https:\/\/www.anovapeneira.gal\/index.php\/wp-json\/wp\/v2\/posts\/6499","targetHints":{"allow":["GET"]}}],"collection":[{"href":"https:\/\/www.anovapeneira.gal\/index.php\/wp-json\/wp\/v2\/posts"}],"about":[{"href":"https:\/\/www.anovapeneira.gal\/index.php\/wp-json\/wp\/v2\/types\/post"}],"author":[{"embeddable":true,"href":"https:\/\/www.anovapeneira.gal\/index.php\/wp-json\/wp\/v2\/users\/6"}],"replies":[{"embeddable":true,"href":"https:\/\/www.anovapeneira.gal\/index.php\/wp-json\/wp\/v2\/comments?post=6499"}],"version-history":[{"count":1,"href":"https:\/\/www.anovapeneira.gal\/index.php\/wp-json\/wp\/v2\/posts\/6499\/revisions"}],"predecessor-version":[{"id":6501,"href":"https:\/\/www.anovapeneira.gal\/index.php\/wp-json\/wp\/v2\/posts\/6499\/revisions\/6501"}],"wp:featuredmedia":[{"embeddable":true,"href":"https:\/\/www.anovapeneira.gal\/index.php\/wp-json\/wp\/v2\/media\/6500"}],"wp:attachment":[{"href":"https:\/\/www.anovapeneira.gal\/index.php\/wp-json\/wp\/v2\/media?parent=6499"}],"wp:term":[{"taxonomy":"category","embeddable":true,"href":"https:\/\/www.anovapeneira.gal\/index.php\/wp-json\/wp\/v2\/categories?post=6499"},{"taxonomy":"post_tag","embeddable":true,"href":"https:\/\/www.anovapeneira.gal\/index.php\/wp-json\/wp\/v2\/tags?post=6499"}],"curies":[{"name":"wp","href":"https:\/\/api.w.org\/{rel}","templated":true}]}}