{"id":6505,"date":"2021-12-01T10:00:34","date_gmt":"2021-12-01T09:00:34","guid":{"rendered":"https:\/\/www.anovapeneira.gal\/?p=6505"},"modified":"2021-11-26T14:25:58","modified_gmt":"2021-11-26T13:25:58","slug":"o-materialismo-historico","status":"publish","type":"post","link":"https:\/\/www.anovapeneira.gal\/index.php\/2021\/12\/01\/o-materialismo-historico\/","title":{"rendered":"O materialismo hist\u00f3rico"},"content":{"rendered":"\n<pre class=\"wp-block-verse\">Manuel Alfonso Est\u00e9vez<\/pre>\n\n\n\n<p>O<strong>&nbsp;materialismo hist\u00f3rico<\/strong>&nbsp;<strong>marxista da historia pasada<\/strong>, \u00e9 unha interpretaci\u00f3n a trav\u00e9s da materia, e polo tanto significa que o que condiciona a historia humana son as relaci\u00f3ns econ\u00f3micas de produci\u00f3n, que nada ten que ver coa Santa Nai Igrexa, xa que o modo de produci\u00f3n da vida material condiciona s\u00f3 o proceso da vida social e pol\u00edtica.<\/p>\n\n\n\n<p><strong>O materialismo hist\u00f3rico afirmaba<\/strong>, que a producci\u00f3n de bens materiais, o sistema de producci\u00f3n concreto, e o que condiciona toda a Historia da Humanidade, para producir medios con que satisfacer as necesidades. As\u00ed o concib\u00eda Marx, pero tam\u00e9n Marx, afirmaba o mesmo de Hegel, que concib\u00eda a historia animada pola presencia da contradici\u00f3n na s\u00faa realidade. E dicir:<strong>&nbsp;Da materia, do econ\u00f3mico,&nbsp;<\/strong>nunca do espiritual.<\/p>\n\n\n\n<p>As condici\u00f3ns hist\u00f3ricas foron as que tiveron lugar no nivel da estrutura econ\u00f3mica:<strong>&nbsp;Das relaci\u00f3ns entre propietarios dos medios de produci\u00f3n e as forzas produtivas, naceu a loita de clases, e as contradici\u00f3ns a nivel humano foron producidas pola distinta posici\u00f3n de uns e outros no proceso produtivo<\/strong>.<\/p>\n\n\n\n<p>Coa loita de clases se pasou a unha sociedade de clases.<\/p>\n\n\n\n<p>Lembrando a Marx, cando consideraba a dial\u00e9ctica como \u00fanico m\u00e9todo de explicar a materia, do seu estudo en constante desenrolo, consideraba a dial\u00e9ctica na s\u00faa base todo o contrario a metaf\u00edsica, porque para el no mundo non exist\u00edan fen\u00f3menos illados; todos estaban vinculados entre si. E, sobre a &#8220;relixi\u00f3n&#8221; expresaba que as &#8220;aportaci\u00f3ns&#8221; eran sensaci\u00f3ns ficticias ou imaxinaci\u00f3ns que desviaban o esforzo por encontrar sensaci\u00f3ns reais.<\/p>\n\n\n\n<p>Eu dentro do Pensamento Socialista, observei como se conxugaba a tese intelectual coa actitude emocional, e os intentos de cambiar a sociedade en bases igualitarias que \u00e9 dif\u00edcil definir, dada a variedade que vai dende o socialismo ut\u00f3pico a os pa\u00edses dominados polo marxismo.<\/p>\n\n\n\n<p><strong>O socialismo na concepci\u00f3n do home e da vida establece a prioridade da sociedade sobre o individuo<\/strong>.<\/p>\n\n\n\n<p>Eu na obra&nbsp;<strong>Fundamentos de Pedagox\u00eda socialista<\/strong>, estou en o que di:<strong>&nbsp;E unha ideolox\u00eda creadora dun mundo novo, e homes novos.<\/strong>&nbsp;E me parece interesante introducilo nestes conceptos que por ser novos, as veces non perduran no tempo. Por iso hai que ir de vagar,pois a\u00ednda existen seres humanos que confunden o trigo cos feix\u00f3ns.<\/p>\n","protected":false},"excerpt":{"rendered":"<div class=\"mh-excerpt\"><p>O\u00a0materialismo hist\u00f3rico\u00a0marxista da historia pasada, \u00e9 unha interpretaci\u00f3n a trav\u00e9s da materia, e polo tanto significa que o que condiciona a historia humana son as relaci\u00f3ns econ\u00f3micas de produci\u00f3n, que nada ten que ver coa Santa Nai Igrexa, xa que o modo de produci\u00f3n da vida material condiciona s\u00f3 o proceso da vida social e pol\u00edtica. <a class=\"mh-excerpt-more\" href=\"https:\/\/www.anovapeneira.gal\/index.php\/2021\/12\/01\/o-materialismo-historico\/\" title=\"O materialismo hist\u00f3rico\">[&#8230;]<\/a><\/p>\n<\/div>","protected":false},"author":12,"featured_media":5108,"comment_status":"open","ping_status":"open","sticky":false,"template":"","format":"standard","meta":{"_exactmetrics_skip_tracking":false,"_exactmetrics_sitenote_active":false,"_exactmetrics_sitenote_note":"","_exactmetrics_sitenote_category":0,"footnotes":""},"categories":[7],"tags":[1257],"class_list":{"0":"post-6505","1":"post","2":"type-post","3":"status-publish","4":"format-standard","5":"has-post-thumbnail","7":"category-artigos-de-opinion","8":"tag-manuel-alfonso-estevez"},"yoast_head":"<!-- This site is optimized with the Yoast SEO plugin v27.4 - https:\/\/yoast.com\/product\/yoast-seo-wordpress\/ -->\n<title>O materialismo hist\u00f3rico -<\/title>\n<meta name=\"description\" content=\"O\u00a0materialismo hist\u00f3rico\u00a0marxista da historia pasada, \u00e9 unha interpretaci\u00f3n a trav\u00e9s da materia, e polo tanto significa que o que condiciona a historia humana son as relaci\u00f3ns econ\u00f3micas de produci\u00f3n, que nada ten que ver coa Santa Nai Igrexa, xa que o modo de produci\u00f3n da vida material condiciona s\u00f3 o proceso da vida social e pol\u00edtica.\" \/>\n<meta name=\"robots\" content=\"index, follow, max-snippet:-1, max-image-preview:large, max-video-preview:-1\" \/>\n<link rel=\"canonical\" href=\"https:\/\/www.anovapeneira.gal\/index.php\/2021\/12\/01\/o-materialismo-historico\/\" \/>\n<meta property=\"og:locale\" content=\"gl_ES\" \/>\n<meta property=\"og:type\" content=\"article\" \/>\n<meta property=\"og:title\" content=\"O materialismo hist\u00f3rico -\" \/>\n<meta property=\"og:description\" content=\"O\u00a0materialismo hist\u00f3rico\u00a0marxista da historia pasada, \u00e9 unha interpretaci\u00f3n a trav\u00e9s da materia, e polo tanto significa que o que condiciona a historia humana son as relaci\u00f3ns econ\u00f3micas de produci\u00f3n, que nada ten que ver coa Santa Nai Igrexa, xa que o modo de produci\u00f3n da vida material condiciona s\u00f3 o proceso da vida social e pol\u00edtica.\" \/>\n<meta property=\"og:url\" content=\"https:\/\/www.anovapeneira.gal\/index.php\/2021\/12\/01\/o-materialismo-historico\/\" \/>\n<meta property=\"article:publisher\" content=\"https:\/\/www.facebook.com\/anovapeneira\" \/>\n<meta property=\"article:published_time\" content=\"2021-12-01T09:00:34+00:00\" \/>\n<meta property=\"og:image\" content=\"https:\/\/www.anovapeneira.gal\/wp-content\/uploads\/2021\/03\/manuel_alfonso_estevez.jpg\" \/>\n\t<meta property=\"og:image:width\" content=\"720\" \/>\n\t<meta property=\"og:image:height\" content=\"432\" \/>\n\t<meta property=\"og:image:type\" content=\"image\/jpeg\" \/>\n<meta name=\"author\" content=\"Artigos Opini\u00f3n\" \/>\n<meta name=\"twitter:card\" content=\"summary_large_image\" \/>\n<meta name=\"twitter:creator\" content=\"@APeneira\" \/>\n<meta name=\"twitter:site\" content=\"@APeneira\" \/>\n<meta name=\"twitter:label1\" content=\"Escrito por\" \/>\n\t<meta name=\"twitter:data1\" content=\"Artigos Opini\u00f3n\" \/>\n\t<meta name=\"twitter:label2\" content=\"Tempo de lectura\" \/>\n\t<meta name=\"twitter:data2\" content=\"2 minutos\" \/>\n<script type=\"application\/ld+json\" class=\"yoast-schema-graph\">{\"@context\":\"https:\\\/\\\/schema.org\",\"@graph\":[{\"@type\":\"Article\",\"@id\":\"https:\\\/\\\/www.anovapeneira.gal\\\/index.php\\\/2021\\\/12\\\/01\\\/o-materialismo-historico\\\/#article\",\"isPartOf\":{\"@id\":\"https:\\\/\\\/www.anovapeneira.gal\\\/index.php\\\/2021\\\/12\\\/01\\\/o-materialismo-historico\\\/\"},\"author\":{\"name\":\"Artigos Opini\u00f3n\",\"@id\":\"https:\\\/\\\/www.anovapeneira.gal\\\/#\\\/schema\\\/person\\\/f18a4feb302e8f20bcef4490b5b60bb3\"},\"headline\":\"O materialismo hist\u00f3rico\",\"datePublished\":\"2021-12-01T09:00:34+00:00\",\"mainEntityOfPage\":{\"@id\":\"https:\\\/\\\/www.anovapeneira.gal\\\/index.php\\\/2021\\\/12\\\/01\\\/o-materialismo-historico\\\/\"},\"wordCount\":420,\"commentCount\":0,\"publisher\":{\"@id\":\"https:\\\/\\\/www.anovapeneira.gal\\\/#organization\"},\"image\":{\"@id\":\"https:\\\/\\\/www.anovapeneira.gal\\\/index.php\\\/2021\\\/12\\\/01\\\/o-materialismo-historico\\\/#primaryimage\"},\"thumbnailUrl\":\"https:\\\/\\\/www.anovapeneira.gal\\\/wp-content\\\/uploads\\\/2021\\\/03\\\/manuel_alfonso_estevez.jpg\",\"keywords\":[\"Manuel Alfonso Est\u00e9vez\"],\"articleSection\":[\"Artigos de opini\u00f3n\"],\"inLanguage\":\"gl-ES\",\"potentialAction\":[{\"@type\":\"CommentAction\",\"name\":\"Comment\",\"target\":[\"https:\\\/\\\/www.anovapeneira.gal\\\/index.php\\\/2021\\\/12\\\/01\\\/o-materialismo-historico\\\/#respond\"]}]},{\"@type\":\"WebPage\",\"@id\":\"https:\\\/\\\/www.anovapeneira.gal\\\/index.php\\\/2021\\\/12\\\/01\\\/o-materialismo-historico\\\/\",\"url\":\"https:\\\/\\\/www.anovapeneira.gal\\\/index.php\\\/2021\\\/12\\\/01\\\/o-materialismo-historico\\\/\",\"name\":\"O materialismo hist\u00f3rico -\",\"isPartOf\":{\"@id\":\"https:\\\/\\\/www.anovapeneira.gal\\\/#website\"},\"primaryImageOfPage\":{\"@id\":\"https:\\\/\\\/www.anovapeneira.gal\\\/index.php\\\/2021\\\/12\\\/01\\\/o-materialismo-historico\\\/#primaryimage\"},\"image\":{\"@id\":\"https:\\\/\\\/www.anovapeneira.gal\\\/index.php\\\/2021\\\/12\\\/01\\\/o-materialismo-historico\\\/#primaryimage\"},\"thumbnailUrl\":\"https:\\\/\\\/www.anovapeneira.gal\\\/wp-content\\\/uploads\\\/2021\\\/03\\\/manuel_alfonso_estevez.jpg\",\"datePublished\":\"2021-12-01T09:00:34+00:00\",\"description\":\"O\u00a0materialismo hist\u00f3rico\u00a0marxista da historia pasada, \u00e9 unha interpretaci\u00f3n a trav\u00e9s da materia, e polo tanto significa que o que condiciona a historia humana son as relaci\u00f3ns econ\u00f3micas de produci\u00f3n, que nada ten que ver coa Santa Nai Igrexa, xa que o modo de produci\u00f3n da vida material condiciona s\u00f3 o proceso da vida social e pol\u00edtica.\",\"breadcrumb\":{\"@id\":\"https:\\\/\\\/www.anovapeneira.gal\\\/index.php\\\/2021\\\/12\\\/01\\\/o-materialismo-historico\\\/#breadcrumb\"},\"inLanguage\":\"gl-ES\",\"potentialAction\":[{\"@type\":\"ReadAction\",\"target\":[\"https:\\\/\\\/www.anovapeneira.gal\\\/index.php\\\/2021\\\/12\\\/01\\\/o-materialismo-historico\\\/\"]}]},{\"@type\":\"ImageObject\",\"inLanguage\":\"gl-ES\",\"@id\":\"https:\\\/\\\/www.anovapeneira.gal\\\/index.php\\\/2021\\\/12\\\/01\\\/o-materialismo-historico\\\/#primaryimage\",\"url\":\"https:\\\/\\\/www.anovapeneira.gal\\\/wp-content\\\/uploads\\\/2021\\\/03\\\/manuel_alfonso_estevez.jpg\",\"contentUrl\":\"https:\\\/\\\/www.anovapeneira.gal\\\/wp-content\\\/uploads\\\/2021\\\/03\\\/manuel_alfonso_estevez.jpg\",\"width\":720,\"height\":432,\"caption\":\"Manuel Alfonso Est\u00e9vez. Historia viva de Fornelos da Ribeira\"},{\"@type\":\"BreadcrumbList\",\"@id\":\"https:\\\/\\\/www.anovapeneira.gal\\\/index.php\\\/2021\\\/12\\\/01\\\/o-materialismo-historico\\\/#breadcrumb\",\"itemListElement\":[{\"@type\":\"ListItem\",\"position\":1,\"name\":\"Portada\",\"item\":\"https:\\\/\\\/www.anovapeneira.gal\\\/\"},{\"@type\":\"ListItem\",\"position\":2,\"name\":\"O materialismo hist\u00f3rico\"}]},{\"@type\":\"WebSite\",\"@id\":\"https:\\\/\\\/www.anovapeneira.gal\\\/#website\",\"url\":\"https:\\\/\\\/www.anovapeneira.gal\\\/\",\"name\":\"\",\"description\":\"Xornal galego de informaci\u00f3n xeral Publicaci\u00f3n mensual de novas de Galicia e en especial dos Concellos da sur da provincia de Pontevedra.\",\"publisher\":{\"@id\":\"https:\\\/\\\/www.anovapeneira.gal\\\/#organization\"},\"potentialAction\":[{\"@type\":\"SearchAction\",\"target\":{\"@type\":\"EntryPoint\",\"urlTemplate\":\"https:\\\/\\\/www.anovapeneira.gal\\\/?s={search_term_string}\"},\"query-input\":{\"@type\":\"PropertyValueSpecification\",\"valueRequired\":true,\"valueName\":\"search_term_string\"}}],\"inLanguage\":\"gl-ES\"},{\"@type\":\"Organization\",\"@id\":\"https:\\\/\\\/www.anovapeneira.gal\\\/#organization\",\"name\":\"A Nova Peneira\",\"url\":\"https:\\\/\\\/www.anovapeneira.gal\\\/\",\"logo\":{\"@type\":\"ImageObject\",\"inLanguage\":\"gl-ES\",\"@id\":\"https:\\\/\\\/www.anovapeneira.gal\\\/#\\\/schema\\\/logo\\\/image\\\/\",\"url\":\"http:\\\/\\\/www.anovapeneira.gal\\\/wp-content\\\/uploads\\\/2019\\\/06\\\/logo_a_nova_peneira_portal_web.png\",\"contentUrl\":\"http:\\\/\\\/www.anovapeneira.gal\\\/wp-content\\\/uploads\\\/2019\\\/06\\\/logo_a_nova_peneira_portal_web.png\",\"width\":300,\"height\":100,\"caption\":\"A Nova Peneira\"},\"image\":{\"@id\":\"https:\\\/\\\/www.anovapeneira.gal\\\/#\\\/schema\\\/logo\\\/image\\\/\"},\"sameAs\":[\"https:\\\/\\\/www.facebook.com\\\/anovapeneira\",\"https:\\\/\\\/x.com\\\/APeneira\"]},{\"@type\":\"Person\",\"@id\":\"https:\\\/\\\/www.anovapeneira.gal\\\/#\\\/schema\\\/person\\\/f18a4feb302e8f20bcef4490b5b60bb3\",\"name\":\"Artigos Opini\u00f3n\",\"image\":{\"@type\":\"ImageObject\",\"inLanguage\":\"gl-ES\",\"@id\":\"https:\\\/\\\/secure.gravatar.com\\\/avatar\\\/072844300f4881150aee2da4278f7a65d16eefdf8262eb67085f1e702de2b959?s=96&d=mm&r=g\",\"url\":\"https:\\\/\\\/secure.gravatar.com\\\/avatar\\\/072844300f4881150aee2da4278f7a65d16eefdf8262eb67085f1e702de2b959?s=96&d=mm&r=g\",\"contentUrl\":\"https:\\\/\\\/secure.gravatar.com\\\/avatar\\\/072844300f4881150aee2da4278f7a65d16eefdf8262eb67085f1e702de2b959?s=96&d=mm&r=g\",\"caption\":\"Artigos Opini\u00f3n\"},\"sameAs\":[\"http:\\\/\\\/anovapeneira.gal\"],\"url\":\"https:\\\/\\\/www.anovapeneira.gal\\\/index.php\\\/author\\\/artigosopinion\\\/\"}]}<\/script>\n<!-- \/ Yoast SEO plugin. -->","yoast_head_json":{"title":"O materialismo hist\u00f3rico -","description":"O\u00a0materialismo hist\u00f3rico\u00a0marxista da historia pasada, \u00e9 unha interpretaci\u00f3n a trav\u00e9s da materia, e polo tanto significa que o que condiciona a historia humana son as relaci\u00f3ns econ\u00f3micas de produci\u00f3n, que nada ten que ver coa Santa Nai Igrexa, xa que o modo de produci\u00f3n da vida material condiciona s\u00f3 o proceso da vida social e pol\u00edtica.","robots":{"index":"index","follow":"follow","max-snippet":"max-snippet:-1","max-image-preview":"max-image-preview:large","max-video-preview":"max-video-preview:-1"},"canonical":"https:\/\/www.anovapeneira.gal\/index.php\/2021\/12\/01\/o-materialismo-historico\/","og_locale":"gl_ES","og_type":"article","og_title":"O materialismo hist\u00f3rico -","og_description":"O\u00a0materialismo hist\u00f3rico\u00a0marxista da historia pasada, \u00e9 unha interpretaci\u00f3n a trav\u00e9s da materia, e polo tanto significa que o que condiciona a historia humana son as relaci\u00f3ns econ\u00f3micas de produci\u00f3n, que nada ten que ver coa Santa Nai Igrexa, xa que o modo de produci\u00f3n da vida material condiciona s\u00f3 o proceso da vida social e pol\u00edtica.","og_url":"https:\/\/www.anovapeneira.gal\/index.php\/2021\/12\/01\/o-materialismo-historico\/","article_publisher":"https:\/\/www.facebook.com\/anovapeneira","article_published_time":"2021-12-01T09:00:34+00:00","og_image":[{"width":720,"height":432,"url":"https:\/\/www.anovapeneira.gal\/wp-content\/uploads\/2021\/03\/manuel_alfonso_estevez.jpg","type":"image\/jpeg"}],"author":"Artigos Opini\u00f3n","twitter_card":"summary_large_image","twitter_creator":"@APeneira","twitter_site":"@APeneira","twitter_misc":{"Escrito por":"Artigos Opini\u00f3n","Tempo de lectura":"2 minutos"},"schema":{"@context":"https:\/\/schema.org","@graph":[{"@type":"Article","@id":"https:\/\/www.anovapeneira.gal\/index.php\/2021\/12\/01\/o-materialismo-historico\/#article","isPartOf":{"@id":"https:\/\/www.anovapeneira.gal\/index.php\/2021\/12\/01\/o-materialismo-historico\/"},"author":{"name":"Artigos Opini\u00f3n","@id":"https:\/\/www.anovapeneira.gal\/#\/schema\/person\/f18a4feb302e8f20bcef4490b5b60bb3"},"headline":"O materialismo hist\u00f3rico","datePublished":"2021-12-01T09:00:34+00:00","mainEntityOfPage":{"@id":"https:\/\/www.anovapeneira.gal\/index.php\/2021\/12\/01\/o-materialismo-historico\/"},"wordCount":420,"commentCount":0,"publisher":{"@id":"https:\/\/www.anovapeneira.gal\/#organization"},"image":{"@id":"https:\/\/www.anovapeneira.gal\/index.php\/2021\/12\/01\/o-materialismo-historico\/#primaryimage"},"thumbnailUrl":"https:\/\/www.anovapeneira.gal\/wp-content\/uploads\/2021\/03\/manuel_alfonso_estevez.jpg","keywords":["Manuel Alfonso Est\u00e9vez"],"articleSection":["Artigos de opini\u00f3n"],"inLanguage":"gl-ES","potentialAction":[{"@type":"CommentAction","name":"Comment","target":["https:\/\/www.anovapeneira.gal\/index.php\/2021\/12\/01\/o-materialismo-historico\/#respond"]}]},{"@type":"WebPage","@id":"https:\/\/www.anovapeneira.gal\/index.php\/2021\/12\/01\/o-materialismo-historico\/","url":"https:\/\/www.anovapeneira.gal\/index.php\/2021\/12\/01\/o-materialismo-historico\/","name":"O materialismo hist\u00f3rico -","isPartOf":{"@id":"https:\/\/www.anovapeneira.gal\/#website"},"primaryImageOfPage":{"@id":"https:\/\/www.anovapeneira.gal\/index.php\/2021\/12\/01\/o-materialismo-historico\/#primaryimage"},"image":{"@id":"https:\/\/www.anovapeneira.gal\/index.php\/2021\/12\/01\/o-materialismo-historico\/#primaryimage"},"thumbnailUrl":"https:\/\/www.anovapeneira.gal\/wp-content\/uploads\/2021\/03\/manuel_alfonso_estevez.jpg","datePublished":"2021-12-01T09:00:34+00:00","description":"O\u00a0materialismo hist\u00f3rico\u00a0marxista da historia pasada, \u00e9 unha interpretaci\u00f3n a trav\u00e9s da materia, e polo tanto significa que o que condiciona a historia humana son as relaci\u00f3ns econ\u00f3micas de produci\u00f3n, que nada ten que ver coa Santa Nai Igrexa, xa que o modo de produci\u00f3n da vida material condiciona s\u00f3 o proceso da vida social e pol\u00edtica.","breadcrumb":{"@id":"https:\/\/www.anovapeneira.gal\/index.php\/2021\/12\/01\/o-materialismo-historico\/#breadcrumb"},"inLanguage":"gl-ES","potentialAction":[{"@type":"ReadAction","target":["https:\/\/www.anovapeneira.gal\/index.php\/2021\/12\/01\/o-materialismo-historico\/"]}]},{"@type":"ImageObject","inLanguage":"gl-ES","@id":"https:\/\/www.anovapeneira.gal\/index.php\/2021\/12\/01\/o-materialismo-historico\/#primaryimage","url":"https:\/\/www.anovapeneira.gal\/wp-content\/uploads\/2021\/03\/manuel_alfonso_estevez.jpg","contentUrl":"https:\/\/www.anovapeneira.gal\/wp-content\/uploads\/2021\/03\/manuel_alfonso_estevez.jpg","width":720,"height":432,"caption":"Manuel Alfonso Est\u00e9vez. Historia viva de Fornelos da Ribeira"},{"@type":"BreadcrumbList","@id":"https:\/\/www.anovapeneira.gal\/index.php\/2021\/12\/01\/o-materialismo-historico\/#breadcrumb","itemListElement":[{"@type":"ListItem","position":1,"name":"Portada","item":"https:\/\/www.anovapeneira.gal\/"},{"@type":"ListItem","position":2,"name":"O materialismo hist\u00f3rico"}]},{"@type":"WebSite","@id":"https:\/\/www.anovapeneira.gal\/#website","url":"https:\/\/www.anovapeneira.gal\/","name":"","description":"Xornal galego de informaci\u00f3n xeral Publicaci\u00f3n mensual de novas de Galicia e en especial dos Concellos da sur da provincia de Pontevedra.","publisher":{"@id":"https:\/\/www.anovapeneira.gal\/#organization"},"potentialAction":[{"@type":"SearchAction","target":{"@type":"EntryPoint","urlTemplate":"https:\/\/www.anovapeneira.gal\/?s={search_term_string}"},"query-input":{"@type":"PropertyValueSpecification","valueRequired":true,"valueName":"search_term_string"}}],"inLanguage":"gl-ES"},{"@type":"Organization","@id":"https:\/\/www.anovapeneira.gal\/#organization","name":"A Nova Peneira","url":"https:\/\/www.anovapeneira.gal\/","logo":{"@type":"ImageObject","inLanguage":"gl-ES","@id":"https:\/\/www.anovapeneira.gal\/#\/schema\/logo\/image\/","url":"http:\/\/www.anovapeneira.gal\/wp-content\/uploads\/2019\/06\/logo_a_nova_peneira_portal_web.png","contentUrl":"http:\/\/www.anovapeneira.gal\/wp-content\/uploads\/2019\/06\/logo_a_nova_peneira_portal_web.png","width":300,"height":100,"caption":"A Nova Peneira"},"image":{"@id":"https:\/\/www.anovapeneira.gal\/#\/schema\/logo\/image\/"},"sameAs":["https:\/\/www.facebook.com\/anovapeneira","https:\/\/x.com\/APeneira"]},{"@type":"Person","@id":"https:\/\/www.anovapeneira.gal\/#\/schema\/person\/f18a4feb302e8f20bcef4490b5b60bb3","name":"Artigos Opini\u00f3n","image":{"@type":"ImageObject","inLanguage":"gl-ES","@id":"https:\/\/secure.gravatar.com\/avatar\/072844300f4881150aee2da4278f7a65d16eefdf8262eb67085f1e702de2b959?s=96&d=mm&r=g","url":"https:\/\/secure.gravatar.com\/avatar\/072844300f4881150aee2da4278f7a65d16eefdf8262eb67085f1e702de2b959?s=96&d=mm&r=g","contentUrl":"https:\/\/secure.gravatar.com\/avatar\/072844300f4881150aee2da4278f7a65d16eefdf8262eb67085f1e702de2b959?s=96&d=mm&r=g","caption":"Artigos Opini\u00f3n"},"sameAs":["http:\/\/anovapeneira.gal"],"url":"https:\/\/www.anovapeneira.gal\/index.php\/author\/artigosopinion\/"}]}},"jetpack_featured_media_url":"https:\/\/www.anovapeneira.gal\/wp-content\/uploads\/2021\/03\/manuel_alfonso_estevez.jpg","_links":{"self":[{"href":"https:\/\/www.anovapeneira.gal\/index.php\/wp-json\/wp\/v2\/posts\/6505","targetHints":{"allow":["GET"]}}],"collection":[{"href":"https:\/\/www.anovapeneira.gal\/index.php\/wp-json\/wp\/v2\/posts"}],"about":[{"href":"https:\/\/www.anovapeneira.gal\/index.php\/wp-json\/wp\/v2\/types\/post"}],"author":[{"embeddable":true,"href":"https:\/\/www.anovapeneira.gal\/index.php\/wp-json\/wp\/v2\/users\/12"}],"replies":[{"embeddable":true,"href":"https:\/\/www.anovapeneira.gal\/index.php\/wp-json\/wp\/v2\/comments?post=6505"}],"version-history":[{"count":1,"href":"https:\/\/www.anovapeneira.gal\/index.php\/wp-json\/wp\/v2\/posts\/6505\/revisions"}],"predecessor-version":[{"id":6506,"href":"https:\/\/www.anovapeneira.gal\/index.php\/wp-json\/wp\/v2\/posts\/6505\/revisions\/6506"}],"wp:featuredmedia":[{"embeddable":true,"href":"https:\/\/www.anovapeneira.gal\/index.php\/wp-json\/wp\/v2\/media\/5108"}],"wp:attachment":[{"href":"https:\/\/www.anovapeneira.gal\/index.php\/wp-json\/wp\/v2\/media?parent=6505"}],"wp:term":[{"taxonomy":"category","embeddable":true,"href":"https:\/\/www.anovapeneira.gal\/index.php\/wp-json\/wp\/v2\/categories?post=6505"},{"taxonomy":"post_tag","embeddable":true,"href":"https:\/\/www.anovapeneira.gal\/index.php\/wp-json\/wp\/v2\/tags?post=6505"}],"curies":[{"name":"wp","href":"https:\/\/api.w.org\/{rel}","templated":true}]}}