{"id":6523,"date":"2021-12-03T12:00:51","date_gmt":"2021-12-03T11:00:51","guid":{"rendered":"https:\/\/www.anovapeneira.gal\/?p=6523"},"modified":"2021-12-03T13:05:35","modified_gmt":"2021-12-03T12:05:35","slug":"o-pp-de-mos-minte-durante-un-pleno-para-tratar-de-ocultar-as-subvencions-da-deputacion-para-o-festival-o-son-do-pazo","status":"publish","type":"post","link":"https:\/\/www.anovapeneira.gal\/index.php\/2021\/12\/03\/o-pp-de-mos-minte-durante-un-pleno-para-tratar-de-ocultar-as-subvencions-da-deputacion-para-o-festival-o-son-do-pazo\/","title":{"rendered":"Segundo o PSOE Mos: o PP de Mos minte durante un pleno para tratar de ocultar as subvenci\u00f3ns da Deputaci\u00f3n para o festival \u201cO Son Do Pazo\u201d"},"content":{"rendered":"\n<p>O Goberno local de Mos cruzou un novo l\u00edmite \u00e9tico ao mentir abertamente \u00e1 veci\u00f1anza durante o \u00faltimo Pleno municipal, no que chegou a negar a existencia dunha subvenci\u00f3n nesta \u00faltima edici\u00f3n de case 6.000 euros a trav\u00e9s do programa de apoio aos festivais de m\u00fasica e de artes esc\u00e9nicas da provincia para o colectivo organizador do Festival O Son do Pazo. A colaboraci\u00f3n da Deputaci\u00f3n inclu\u00edu tam\u00e9n a participaci\u00f3n de grupos de m\u00fasica tradicional con cargo provincial Pontegal e, finalmente, a impresi\u00f3n da \u201ccarteler\u00eda\u201d. Dita subvenci\u00f3n tam\u00e9n foi solicitada e concedida durante os anos anteriores.<\/p>\n\n\n\n<p>A voceira municipal do PSdeG-PSOE, Victoria Alonso, explica que o tenente de alcalde, Camilo Augusto, non dubidou en mentir na sesi\u00f3n plenaria. Unha sesi\u00f3n que est\u00e1 gravada e, por tanto, \u00e9 accesible para quen queira comprobalo. As falsidades produc\u00edronse durante o debate dunha moci\u00f3n presentada polo grupo socialistas sobre unha serie de propostas a ter en conta nos vindeiros orzamentos municipais. Victoria Alonso, que tam\u00e9n \u00e9 deputada provincial das \u00e1reas de Cultura e Igualdade, insistiu en reclamar ao PP que retirara as falsidades, cuesti\u00f3n que a alcaldesa, Nidia Ar\u00e9valo, non s\u00f3 non atendeu, sen\u00f3n que mesmo ratificou cunha actitude pueril, incomprensible e indigna.<\/p>\n\n\n\n<p>Explica a responsable municipal socialista que esta li\u00f1a de subvenci\u00f3ns para festivais de m\u00fasica e de artes esc\u00e9nicas foi creada hai 6 anos polo actual Goberno da Deputaci\u00f3n e dela benef\u00edcianse decenas de eventos da pr\u00e1ctica totalidade de concellos da provincia. Engade que con anterioridade a 2015, cando o PP presid\u00eda a Deputaci\u00f3n, as asociaci\u00f3ns de Mos non puideron concorrer a esta li\u00f1a, simplemente porque non exist\u00eda. \u201cA Deputaci\u00f3n carec\u00eda de subvenci\u00f3ns transparentes e abertas \u00e1s asociaci\u00f3ns organizadoras de festivais, porque os cartos repart\u00edanse dunha maneira opaca, sen convocatorias abertas\u201d, recalca Alonso, quen concl\u00fae aclarando que consta que a asociaci\u00f3n organizadora do Festival O Son do Pazo recibe apoio estable da Deputaci\u00f3n dende o ano 2016.<\/p>\n\n\n\n<p>Dende a bancada socialista denuncian o constante engano e a actitude coa que o PP terxiversa a realidade para ocultar o apoio que os diferentes colectivos e o propio Concello reciben da Deputaci\u00f3n. \u201cTratar de ocultar os cartos que Mos recibe da Deputaci\u00f3n produce vergo\u00f1a allea, simplemente, porque ao igual que o resto dos concellos da provincia, a Mos te\u00f1en chegado nos \u00faltimos 6 anos varios mill\u00f3ns de euros en financiamento regrado de case t\u00f3dolos servizos provinciais, inclu\u00eddo o de Cultura. Unha colaboraci\u00f3n institucional que fa posible a inmensa maior\u00eda das obras e unha parte significativa das actividades que se celebran no municipio\u201d. \u201cO que molesta ao PP e \u00e1 alcaldesa \u00e9 que tr\u00e1tase de colaboraci\u00f3n regrada que os colectivos, como \u00e9 este caso, poden solicitar directamente e, por tanto, non \u00e9 necesario pedir \u201cnin o favor, nin a intermediaci\u00f3n caciquil\u201d da Alcald\u00eda\u201d.<\/p>\n","protected":false},"excerpt":{"rendered":"<div class=\"mh-excerpt\"><p>O Goberno local de Mos cruzou un novo l\u00edmite \u00e9tico ao mentir abertamente \u00e1 veci\u00f1anza durante o \u00faltimo Pleno municipal, no que chegou a negar a existencia dunha subvenci\u00f3n nesta \u00faltima edici\u00f3n de case 6.000 euros a trav\u00e9s do programa de apoio aos festivais de m\u00fasica e de artes esc\u00e9nicas da provincia para o colectivo organizador do Festival O Son do Pazo. A colaboraci\u00f3n da Deputaci\u00f3n inclu\u00edu tam\u00e9n a participaci\u00f3n de grupos de m\u00fasica tradicional con cargo provincial Pontegal e, finalmente, a impresi\u00f3n da \u201ccarteler\u00eda\u201d. Dita subvenci\u00f3n tam\u00e9n foi solicitada e concedida durante os anos anteriores. <a class=\"mh-excerpt-more\" href=\"https:\/\/www.anovapeneira.gal\/index.php\/2021\/12\/03\/o-pp-de-mos-minte-durante-un-pleno-para-tratar-de-ocultar-as-subvencions-da-deputacion-para-o-festival-o-son-do-pazo\/\" title=\"Segundo o PSOE Mos: o PP de Mos minte durante un pleno para tratar de ocultar as subvenci\u00f3ns da Deputaci\u00f3n para o festival \u201cO Son Do Pazo\u201d\">[&#8230;]<\/a><\/p>\n<\/div>","protected":false},"author":3,"featured_media":6524,"comment_status":"open","ping_status":"open","sticky":false,"template":"","format":"standard","meta":{"_exactmetrics_skip_tracking":false,"_exactmetrics_sitenote_active":false,"_exactmetrics_sitenote_note":"","_exactmetrics_sitenote_category":0,"footnotes":""},"categories":[23],"tags":[218],"class_list":{"0":"post-6523","1":"post","2":"type-post","3":"status-publish","4":"format-standard","5":"has-post-thumbnail","7":"category-a-lourina","8":"tag-concello-de-mos"},"yoast_head":"<!-- This site is optimized with the Yoast SEO plugin v27.5 - https:\/\/yoast.com\/product\/yoast-seo-wordpress\/ -->\n<title>Segundo o PSOE Mos: o PP de Mos minte durante un pleno para tratar de ocultar as subvenci\u00f3ns da Deputaci\u00f3n para o festival \u201cO Son Do Pazo\u201d -<\/title>\n<meta name=\"description\" content=\"O Goberno local de Mos cruzou un novo l\u00edmite \u00e9tico ao mentir abertamente \u00e1 veci\u00f1anza durante o \u00faltimo Pleno municipal, no que chegou a negar a existencia dunha subvenci\u00f3n nesta \u00faltima edici\u00f3n de case 6.000 euros a trav\u00e9s do programa de apoio aos festivais de m\u00fasica e de artes esc\u00e9nicas da provincia para o colectivo organizador do Festival O Son do Pazo. A colaboraci\u00f3n da Deputaci\u00f3n inclu\u00edu tam\u00e9n a participaci\u00f3n de grupos de m\u00fasica tradicional con cargo provincial Pontegal e, finalmente, a impresi\u00f3n da \u201ccarteler\u00eda\u201d. Dita subvenci\u00f3n tam\u00e9n foi solicitada e concedida durante os anos anteriores\" \/>\n<meta name=\"robots\" content=\"index, follow, max-snippet:-1, max-image-preview:large, max-video-preview:-1\" \/>\n<link rel=\"canonical\" href=\"https:\/\/www.anovapeneira.gal\/index.php\/2021\/12\/03\/o-pp-de-mos-minte-durante-un-pleno-para-tratar-de-ocultar-as-subvencions-da-deputacion-para-o-festival-o-son-do-pazo\/\" \/>\n<meta property=\"og:locale\" content=\"gl_ES\" \/>\n<meta property=\"og:type\" content=\"article\" \/>\n<meta property=\"og:title\" content=\"Segundo o PSOE Mos: o PP de Mos minte durante un pleno para tratar de ocultar as subvenci\u00f3ns da Deputaci\u00f3n para o festival \u201cO Son Do Pazo\u201d -\" \/>\n<meta property=\"og:description\" content=\"O Goberno local de Mos cruzou un novo l\u00edmite \u00e9tico ao mentir abertamente \u00e1 veci\u00f1anza durante o \u00faltimo Pleno municipal, no que chegou a negar a existencia dunha subvenci\u00f3n nesta \u00faltima edici\u00f3n de case 6.000 euros a trav\u00e9s do programa de apoio aos festivais de m\u00fasica e de artes esc\u00e9nicas da provincia para o colectivo organizador do Festival O Son do Pazo. A colaboraci\u00f3n da Deputaci\u00f3n inclu\u00edu tam\u00e9n a participaci\u00f3n de grupos de m\u00fasica tradicional con cargo provincial Pontegal e, finalmente, a impresi\u00f3n da \u201ccarteler\u00eda\u201d. Dita subvenci\u00f3n tam\u00e9n foi solicitada e concedida durante os anos anteriores\" \/>\n<meta property=\"og:url\" content=\"https:\/\/www.anovapeneira.gal\/index.php\/2021\/12\/03\/o-pp-de-mos-minte-durante-un-pleno-para-tratar-de-ocultar-as-subvencions-da-deputacion-para-o-festival-o-son-do-pazo\/\" \/>\n<meta property=\"article:publisher\" content=\"https:\/\/www.facebook.com\/anovapeneira\" \/>\n<meta property=\"article:published_time\" content=\"2021-12-03T11:00:51+00:00\" \/>\n<meta property=\"article:modified_time\" content=\"2021-12-03T12:05:35+00:00\" \/>\n<meta property=\"og:image\" content=\"https:\/\/www.anovapeneira.gal\/wp-content\/uploads\/2021\/11\/o_son_do_pazo.jpg\" \/>\n\t<meta property=\"og:image:width\" content=\"720\" \/>\n\t<meta property=\"og:image:height\" content=\"432\" \/>\n\t<meta property=\"og:image:type\" content=\"image\/jpeg\" \/>\n<meta name=\"author\" content=\"Redacci\u00f3n A Nova Peneira\" \/>\n<meta name=\"twitter:card\" content=\"summary_large_image\" \/>\n<meta name=\"twitter:creator\" content=\"@APeneira\" \/>\n<meta name=\"twitter:site\" content=\"@APeneira\" \/>\n<meta name=\"twitter:label1\" content=\"Escrito por\" \/>\n\t<meta name=\"twitter:data1\" content=\"Redacci\u00f3n A Nova Peneira\" \/>\n\t<meta name=\"twitter:label2\" content=\"Tempo de lectura\" \/>\n\t<meta name=\"twitter:data2\" content=\"3 minutos\" \/>\n<script type=\"application\/ld+json\" class=\"yoast-schema-graph\">{\"@context\":\"https:\\\/\\\/schema.org\",\"@graph\":[{\"@type\":\"Article\",\"@id\":\"https:\\\/\\\/www.anovapeneira.gal\\\/index.php\\\/2021\\\/12\\\/03\\\/o-pp-de-mos-minte-durante-un-pleno-para-tratar-de-ocultar-as-subvencions-da-deputacion-para-o-festival-o-son-do-pazo\\\/#article\",\"isPartOf\":{\"@id\":\"https:\\\/\\\/www.anovapeneira.gal\\\/index.php\\\/2021\\\/12\\\/03\\\/o-pp-de-mos-minte-durante-un-pleno-para-tratar-de-ocultar-as-subvencions-da-deputacion-para-o-festival-o-son-do-pazo\\\/\"},\"author\":{\"name\":\"Redacci\u00f3n A Nova Peneira\",\"@id\":\"https:\\\/\\\/www.anovapeneira.gal\\\/#\\\/schema\\\/person\\\/b93e3f8932e3f8da96334607eb6ac6aa\"},\"headline\":\"Segundo o PSOE Mos: o PP de Mos minte durante un pleno para tratar de ocultar as subvenci\u00f3ns da Deputaci\u00f3n para o festival \u201cO Son Do Pazo\u201d\",\"datePublished\":\"2021-12-03T11:00:51+00:00\",\"dateModified\":\"2021-12-03T12:05:35+00:00\",\"mainEntityOfPage\":{\"@id\":\"https:\\\/\\\/www.anovapeneira.gal\\\/index.php\\\/2021\\\/12\\\/03\\\/o-pp-de-mos-minte-durante-un-pleno-para-tratar-de-ocultar-as-subvencions-da-deputacion-para-o-festival-o-son-do-pazo\\\/\"},\"wordCount\":533,\"commentCount\":0,\"publisher\":{\"@id\":\"https:\\\/\\\/www.anovapeneira.gal\\\/#organization\"},\"image\":{\"@id\":\"https:\\\/\\\/www.anovapeneira.gal\\\/index.php\\\/2021\\\/12\\\/03\\\/o-pp-de-mos-minte-durante-un-pleno-para-tratar-de-ocultar-as-subvencions-da-deputacion-para-o-festival-o-son-do-pazo\\\/#primaryimage\"},\"thumbnailUrl\":\"https:\\\/\\\/www.anovapeneira.gal\\\/wp-content\\\/uploads\\\/2021\\\/11\\\/o_son_do_pazo.jpg\",\"keywords\":[\"Concello de Mos\"],\"articleSection\":[\"A Louri\u00f1a\"],\"inLanguage\":\"gl-ES\",\"potentialAction\":[{\"@type\":\"CommentAction\",\"name\":\"Comment\",\"target\":[\"https:\\\/\\\/www.anovapeneira.gal\\\/index.php\\\/2021\\\/12\\\/03\\\/o-pp-de-mos-minte-durante-un-pleno-para-tratar-de-ocultar-as-subvencions-da-deputacion-para-o-festival-o-son-do-pazo\\\/#respond\"]}]},{\"@type\":\"WebPage\",\"@id\":\"https:\\\/\\\/www.anovapeneira.gal\\\/index.php\\\/2021\\\/12\\\/03\\\/o-pp-de-mos-minte-durante-un-pleno-para-tratar-de-ocultar-as-subvencions-da-deputacion-para-o-festival-o-son-do-pazo\\\/\",\"url\":\"https:\\\/\\\/www.anovapeneira.gal\\\/index.php\\\/2021\\\/12\\\/03\\\/o-pp-de-mos-minte-durante-un-pleno-para-tratar-de-ocultar-as-subvencions-da-deputacion-para-o-festival-o-son-do-pazo\\\/\",\"name\":\"Segundo o PSOE Mos: o PP de Mos minte durante un pleno para tratar de ocultar as subvenci\u00f3ns da Deputaci\u00f3n para o festival \u201cO Son Do Pazo\u201d -\",\"isPartOf\":{\"@id\":\"https:\\\/\\\/www.anovapeneira.gal\\\/#website\"},\"primaryImageOfPage\":{\"@id\":\"https:\\\/\\\/www.anovapeneira.gal\\\/index.php\\\/2021\\\/12\\\/03\\\/o-pp-de-mos-minte-durante-un-pleno-para-tratar-de-ocultar-as-subvencions-da-deputacion-para-o-festival-o-son-do-pazo\\\/#primaryimage\"},\"image\":{\"@id\":\"https:\\\/\\\/www.anovapeneira.gal\\\/index.php\\\/2021\\\/12\\\/03\\\/o-pp-de-mos-minte-durante-un-pleno-para-tratar-de-ocultar-as-subvencions-da-deputacion-para-o-festival-o-son-do-pazo\\\/#primaryimage\"},\"thumbnailUrl\":\"https:\\\/\\\/www.anovapeneira.gal\\\/wp-content\\\/uploads\\\/2021\\\/11\\\/o_son_do_pazo.jpg\",\"datePublished\":\"2021-12-03T11:00:51+00:00\",\"dateModified\":\"2021-12-03T12:05:35+00:00\",\"description\":\"O Goberno local de Mos cruzou un novo l\u00edmite \u00e9tico ao mentir abertamente \u00e1 veci\u00f1anza durante o \u00faltimo Pleno municipal, no que chegou a negar a existencia dunha subvenci\u00f3n nesta \u00faltima edici\u00f3n de case 6.000 euros a trav\u00e9s do programa de apoio aos festivais de m\u00fasica e de artes esc\u00e9nicas da provincia para o colectivo organizador do Festival O Son do Pazo. A colaboraci\u00f3n da Deputaci\u00f3n inclu\u00edu tam\u00e9n a participaci\u00f3n de grupos de m\u00fasica tradicional con cargo provincial Pontegal e, finalmente, a impresi\u00f3n da \u201ccarteler\u00eda\u201d. Dita subvenci\u00f3n tam\u00e9n foi solicitada e concedida durante os anos anteriores\",\"breadcrumb\":{\"@id\":\"https:\\\/\\\/www.anovapeneira.gal\\\/index.php\\\/2021\\\/12\\\/03\\\/o-pp-de-mos-minte-durante-un-pleno-para-tratar-de-ocultar-as-subvencions-da-deputacion-para-o-festival-o-son-do-pazo\\\/#breadcrumb\"},\"inLanguage\":\"gl-ES\",\"potentialAction\":[{\"@type\":\"ReadAction\",\"target\":[\"https:\\\/\\\/www.anovapeneira.gal\\\/index.php\\\/2021\\\/12\\\/03\\\/o-pp-de-mos-minte-durante-un-pleno-para-tratar-de-ocultar-as-subvencions-da-deputacion-para-o-festival-o-son-do-pazo\\\/\"]}]},{\"@type\":\"ImageObject\",\"inLanguage\":\"gl-ES\",\"@id\":\"https:\\\/\\\/www.anovapeneira.gal\\\/index.php\\\/2021\\\/12\\\/03\\\/o-pp-de-mos-minte-durante-un-pleno-para-tratar-de-ocultar-as-subvencions-da-deputacion-para-o-festival-o-son-do-pazo\\\/#primaryimage\",\"url\":\"https:\\\/\\\/www.anovapeneira.gal\\\/wp-content\\\/uploads\\\/2021\\\/11\\\/o_son_do_pazo.jpg\",\"contentUrl\":\"https:\\\/\\\/www.anovapeneira.gal\\\/wp-content\\\/uploads\\\/2021\\\/11\\\/o_son_do_pazo.jpg\",\"width\":720,\"height\":432,\"caption\":\"O son do Pazo\"},{\"@type\":\"BreadcrumbList\",\"@id\":\"https:\\\/\\\/www.anovapeneira.gal\\\/index.php\\\/2021\\\/12\\\/03\\\/o-pp-de-mos-minte-durante-un-pleno-para-tratar-de-ocultar-as-subvencions-da-deputacion-para-o-festival-o-son-do-pazo\\\/#breadcrumb\",\"itemListElement\":[{\"@type\":\"ListItem\",\"position\":1,\"name\":\"Portada\",\"item\":\"https:\\\/\\\/www.anovapeneira.gal\\\/\"},{\"@type\":\"ListItem\",\"position\":2,\"name\":\"Segundo o PSOE Mos: o PP de Mos minte durante un pleno para tratar de ocultar as subvenci\u00f3ns da Deputaci\u00f3n para o festival \u201cO Son Do Pazo\u201d\"}]},{\"@type\":\"WebSite\",\"@id\":\"https:\\\/\\\/www.anovapeneira.gal\\\/#website\",\"url\":\"https:\\\/\\\/www.anovapeneira.gal\\\/\",\"name\":\"\",\"description\":\"Xornal galego de informaci\u00f3n xeral Publicaci\u00f3n mensual de novas de Galicia e en especial dos Concellos da sur da provincia de Pontevedra.\",\"publisher\":{\"@id\":\"https:\\\/\\\/www.anovapeneira.gal\\\/#organization\"},\"potentialAction\":[{\"@type\":\"SearchAction\",\"target\":{\"@type\":\"EntryPoint\",\"urlTemplate\":\"https:\\\/\\\/www.anovapeneira.gal\\\/?s={search_term_string}\"},\"query-input\":{\"@type\":\"PropertyValueSpecification\",\"valueRequired\":true,\"valueName\":\"search_term_string\"}}],\"inLanguage\":\"gl-ES\"},{\"@type\":\"Organization\",\"@id\":\"https:\\\/\\\/www.anovapeneira.gal\\\/#organization\",\"name\":\"A Nova Peneira\",\"url\":\"https:\\\/\\\/www.anovapeneira.gal\\\/\",\"logo\":{\"@type\":\"ImageObject\",\"inLanguage\":\"gl-ES\",\"@id\":\"https:\\\/\\\/www.anovapeneira.gal\\\/#\\\/schema\\\/logo\\\/image\\\/\",\"url\":\"http:\\\/\\\/www.anovapeneira.gal\\\/wp-content\\\/uploads\\\/2019\\\/06\\\/logo_a_nova_peneira_portal_web.png\",\"contentUrl\":\"http:\\\/\\\/www.anovapeneira.gal\\\/wp-content\\\/uploads\\\/2019\\\/06\\\/logo_a_nova_peneira_portal_web.png\",\"width\":300,\"height\":100,\"caption\":\"A Nova Peneira\"},\"image\":{\"@id\":\"https:\\\/\\\/www.anovapeneira.gal\\\/#\\\/schema\\\/logo\\\/image\\\/\"},\"sameAs\":[\"https:\\\/\\\/www.facebook.com\\\/anovapeneira\",\"https:\\\/\\\/x.com\\\/APeneira\"]},{\"@type\":\"Person\",\"@id\":\"https:\\\/\\\/www.anovapeneira.gal\\\/#\\\/schema\\\/person\\\/b93e3f8932e3f8da96334607eb6ac6aa\",\"name\":\"Redacci\u00f3n A Nova Peneira\",\"image\":{\"@type\":\"ImageObject\",\"inLanguage\":\"gl-ES\",\"@id\":\"https:\\\/\\\/secure.gravatar.com\\\/avatar\\\/c052a2551a06e23fac63626232eaa90abd78dbcf1700fc46a2b2c89fd27b735f?s=96&d=mm&r=g\",\"url\":\"https:\\\/\\\/secure.gravatar.com\\\/avatar\\\/c052a2551a06e23fac63626232eaa90abd78dbcf1700fc46a2b2c89fd27b735f?s=96&d=mm&r=g\",\"contentUrl\":\"https:\\\/\\\/secure.gravatar.com\\\/avatar\\\/c052a2551a06e23fac63626232eaa90abd78dbcf1700fc46a2b2c89fd27b735f?s=96&d=mm&r=g\",\"caption\":\"Redacci\u00f3n A Nova Peneira\"},\"sameAs\":[\"http:\\\/\\\/www.anovapeneira.gal\\\/\"],\"url\":\"https:\\\/\\\/www.anovapeneira.gal\\\/index.php\\\/author\\\/redactor\\\/\"}]}<\/script>\n<!-- \/ Yoast SEO plugin. -->","yoast_head_json":{"title":"Segundo o PSOE Mos: o PP de Mos minte durante un pleno para tratar de ocultar as subvenci\u00f3ns da Deputaci\u00f3n para o festival \u201cO Son Do Pazo\u201d -","description":"O Goberno local de Mos cruzou un novo l\u00edmite \u00e9tico ao mentir abertamente \u00e1 veci\u00f1anza durante o \u00faltimo Pleno municipal, no que chegou a negar a existencia dunha subvenci\u00f3n nesta \u00faltima edici\u00f3n de case 6.000 euros a trav\u00e9s do programa de apoio aos festivais de m\u00fasica e de artes esc\u00e9nicas da provincia para o colectivo organizador do Festival O Son do Pazo. A colaboraci\u00f3n da Deputaci\u00f3n inclu\u00edu tam\u00e9n a participaci\u00f3n de grupos de m\u00fasica tradicional con cargo provincial Pontegal e, finalmente, a impresi\u00f3n da \u201ccarteler\u00eda\u201d. Dita subvenci\u00f3n tam\u00e9n foi solicitada e concedida durante os anos anteriores","robots":{"index":"index","follow":"follow","max-snippet":"max-snippet:-1","max-image-preview":"max-image-preview:large","max-video-preview":"max-video-preview:-1"},"canonical":"https:\/\/www.anovapeneira.gal\/index.php\/2021\/12\/03\/o-pp-de-mos-minte-durante-un-pleno-para-tratar-de-ocultar-as-subvencions-da-deputacion-para-o-festival-o-son-do-pazo\/","og_locale":"gl_ES","og_type":"article","og_title":"Segundo o PSOE Mos: o PP de Mos minte durante un pleno para tratar de ocultar as subvenci\u00f3ns da Deputaci\u00f3n para o festival \u201cO Son Do Pazo\u201d -","og_description":"O Goberno local de Mos cruzou un novo l\u00edmite \u00e9tico ao mentir abertamente \u00e1 veci\u00f1anza durante o \u00faltimo Pleno municipal, no que chegou a negar a existencia dunha subvenci\u00f3n nesta \u00faltima edici\u00f3n de case 6.000 euros a trav\u00e9s do programa de apoio aos festivais de m\u00fasica e de artes esc\u00e9nicas da provincia para o colectivo organizador do Festival O Son do Pazo. A colaboraci\u00f3n da Deputaci\u00f3n inclu\u00edu tam\u00e9n a participaci\u00f3n de grupos de m\u00fasica tradicional con cargo provincial Pontegal e, finalmente, a impresi\u00f3n da \u201ccarteler\u00eda\u201d. Dita subvenci\u00f3n tam\u00e9n foi solicitada e concedida durante os anos anteriores","og_url":"https:\/\/www.anovapeneira.gal\/index.php\/2021\/12\/03\/o-pp-de-mos-minte-durante-un-pleno-para-tratar-de-ocultar-as-subvencions-da-deputacion-para-o-festival-o-son-do-pazo\/","article_publisher":"https:\/\/www.facebook.com\/anovapeneira","article_published_time":"2021-12-03T11:00:51+00:00","article_modified_time":"2021-12-03T12:05:35+00:00","og_image":[{"width":720,"height":432,"url":"https:\/\/www.anovapeneira.gal\/wp-content\/uploads\/2021\/11\/o_son_do_pazo.jpg","type":"image\/jpeg"}],"author":"Redacci\u00f3n A Nova Peneira","twitter_card":"summary_large_image","twitter_creator":"@APeneira","twitter_site":"@APeneira","twitter_misc":{"Escrito por":"Redacci\u00f3n A Nova Peneira","Tempo de lectura":"3 minutos"},"schema":{"@context":"https:\/\/schema.org","@graph":[{"@type":"Article","@id":"https:\/\/www.anovapeneira.gal\/index.php\/2021\/12\/03\/o-pp-de-mos-minte-durante-un-pleno-para-tratar-de-ocultar-as-subvencions-da-deputacion-para-o-festival-o-son-do-pazo\/#article","isPartOf":{"@id":"https:\/\/www.anovapeneira.gal\/index.php\/2021\/12\/03\/o-pp-de-mos-minte-durante-un-pleno-para-tratar-de-ocultar-as-subvencions-da-deputacion-para-o-festival-o-son-do-pazo\/"},"author":{"name":"Redacci\u00f3n A Nova Peneira","@id":"https:\/\/www.anovapeneira.gal\/#\/schema\/person\/b93e3f8932e3f8da96334607eb6ac6aa"},"headline":"Segundo o PSOE Mos: o PP de Mos minte durante un pleno para tratar de ocultar as subvenci\u00f3ns da Deputaci\u00f3n para o festival \u201cO Son Do Pazo\u201d","datePublished":"2021-12-03T11:00:51+00:00","dateModified":"2021-12-03T12:05:35+00:00","mainEntityOfPage":{"@id":"https:\/\/www.anovapeneira.gal\/index.php\/2021\/12\/03\/o-pp-de-mos-minte-durante-un-pleno-para-tratar-de-ocultar-as-subvencions-da-deputacion-para-o-festival-o-son-do-pazo\/"},"wordCount":533,"commentCount":0,"publisher":{"@id":"https:\/\/www.anovapeneira.gal\/#organization"},"image":{"@id":"https:\/\/www.anovapeneira.gal\/index.php\/2021\/12\/03\/o-pp-de-mos-minte-durante-un-pleno-para-tratar-de-ocultar-as-subvencions-da-deputacion-para-o-festival-o-son-do-pazo\/#primaryimage"},"thumbnailUrl":"https:\/\/www.anovapeneira.gal\/wp-content\/uploads\/2021\/11\/o_son_do_pazo.jpg","keywords":["Concello de Mos"],"articleSection":["A Louri\u00f1a"],"inLanguage":"gl-ES","potentialAction":[{"@type":"CommentAction","name":"Comment","target":["https:\/\/www.anovapeneira.gal\/index.php\/2021\/12\/03\/o-pp-de-mos-minte-durante-un-pleno-para-tratar-de-ocultar-as-subvencions-da-deputacion-para-o-festival-o-son-do-pazo\/#respond"]}]},{"@type":"WebPage","@id":"https:\/\/www.anovapeneira.gal\/index.php\/2021\/12\/03\/o-pp-de-mos-minte-durante-un-pleno-para-tratar-de-ocultar-as-subvencions-da-deputacion-para-o-festival-o-son-do-pazo\/","url":"https:\/\/www.anovapeneira.gal\/index.php\/2021\/12\/03\/o-pp-de-mos-minte-durante-un-pleno-para-tratar-de-ocultar-as-subvencions-da-deputacion-para-o-festival-o-son-do-pazo\/","name":"Segundo o PSOE Mos: o PP de Mos minte durante un pleno para tratar de ocultar as subvenci\u00f3ns da Deputaci\u00f3n para o festival \u201cO Son Do Pazo\u201d -","isPartOf":{"@id":"https:\/\/www.anovapeneira.gal\/#website"},"primaryImageOfPage":{"@id":"https:\/\/www.anovapeneira.gal\/index.php\/2021\/12\/03\/o-pp-de-mos-minte-durante-un-pleno-para-tratar-de-ocultar-as-subvencions-da-deputacion-para-o-festival-o-son-do-pazo\/#primaryimage"},"image":{"@id":"https:\/\/www.anovapeneira.gal\/index.php\/2021\/12\/03\/o-pp-de-mos-minte-durante-un-pleno-para-tratar-de-ocultar-as-subvencions-da-deputacion-para-o-festival-o-son-do-pazo\/#primaryimage"},"thumbnailUrl":"https:\/\/www.anovapeneira.gal\/wp-content\/uploads\/2021\/11\/o_son_do_pazo.jpg","datePublished":"2021-12-03T11:00:51+00:00","dateModified":"2021-12-03T12:05:35+00:00","description":"O Goberno local de Mos cruzou un novo l\u00edmite \u00e9tico ao mentir abertamente \u00e1 veci\u00f1anza durante o \u00faltimo Pleno municipal, no que chegou a negar a existencia dunha subvenci\u00f3n nesta \u00faltima edici\u00f3n de case 6.000 euros a trav\u00e9s do programa de apoio aos festivais de m\u00fasica e de artes esc\u00e9nicas da provincia para o colectivo organizador do Festival O Son do Pazo. A colaboraci\u00f3n da Deputaci\u00f3n inclu\u00edu tam\u00e9n a participaci\u00f3n de grupos de m\u00fasica tradicional con cargo provincial Pontegal e, finalmente, a impresi\u00f3n da \u201ccarteler\u00eda\u201d. Dita subvenci\u00f3n tam\u00e9n foi solicitada e concedida durante os anos anteriores","breadcrumb":{"@id":"https:\/\/www.anovapeneira.gal\/index.php\/2021\/12\/03\/o-pp-de-mos-minte-durante-un-pleno-para-tratar-de-ocultar-as-subvencions-da-deputacion-para-o-festival-o-son-do-pazo\/#breadcrumb"},"inLanguage":"gl-ES","potentialAction":[{"@type":"ReadAction","target":["https:\/\/www.anovapeneira.gal\/index.php\/2021\/12\/03\/o-pp-de-mos-minte-durante-un-pleno-para-tratar-de-ocultar-as-subvencions-da-deputacion-para-o-festival-o-son-do-pazo\/"]}]},{"@type":"ImageObject","inLanguage":"gl-ES","@id":"https:\/\/www.anovapeneira.gal\/index.php\/2021\/12\/03\/o-pp-de-mos-minte-durante-un-pleno-para-tratar-de-ocultar-as-subvencions-da-deputacion-para-o-festival-o-son-do-pazo\/#primaryimage","url":"https:\/\/www.anovapeneira.gal\/wp-content\/uploads\/2021\/11\/o_son_do_pazo.jpg","contentUrl":"https:\/\/www.anovapeneira.gal\/wp-content\/uploads\/2021\/11\/o_son_do_pazo.jpg","width":720,"height":432,"caption":"O son do Pazo"},{"@type":"BreadcrumbList","@id":"https:\/\/www.anovapeneira.gal\/index.php\/2021\/12\/03\/o-pp-de-mos-minte-durante-un-pleno-para-tratar-de-ocultar-as-subvencions-da-deputacion-para-o-festival-o-son-do-pazo\/#breadcrumb","itemListElement":[{"@type":"ListItem","position":1,"name":"Portada","item":"https:\/\/www.anovapeneira.gal\/"},{"@type":"ListItem","position":2,"name":"Segundo o PSOE Mos: o PP de Mos minte durante un pleno para tratar de ocultar as subvenci\u00f3ns da Deputaci\u00f3n para o festival \u201cO Son Do Pazo\u201d"}]},{"@type":"WebSite","@id":"https:\/\/www.anovapeneira.gal\/#website","url":"https:\/\/www.anovapeneira.gal\/","name":"","description":"Xornal galego de informaci\u00f3n xeral Publicaci\u00f3n mensual de novas de Galicia e en especial dos Concellos da sur da provincia de Pontevedra.","publisher":{"@id":"https:\/\/www.anovapeneira.gal\/#organization"},"potentialAction":[{"@type":"SearchAction","target":{"@type":"EntryPoint","urlTemplate":"https:\/\/www.anovapeneira.gal\/?s={search_term_string}"},"query-input":{"@type":"PropertyValueSpecification","valueRequired":true,"valueName":"search_term_string"}}],"inLanguage":"gl-ES"},{"@type":"Organization","@id":"https:\/\/www.anovapeneira.gal\/#organization","name":"A Nova Peneira","url":"https:\/\/www.anovapeneira.gal\/","logo":{"@type":"ImageObject","inLanguage":"gl-ES","@id":"https:\/\/www.anovapeneira.gal\/#\/schema\/logo\/image\/","url":"http:\/\/www.anovapeneira.gal\/wp-content\/uploads\/2019\/06\/logo_a_nova_peneira_portal_web.png","contentUrl":"http:\/\/www.anovapeneira.gal\/wp-content\/uploads\/2019\/06\/logo_a_nova_peneira_portal_web.png","width":300,"height":100,"caption":"A Nova Peneira"},"image":{"@id":"https:\/\/www.anovapeneira.gal\/#\/schema\/logo\/image\/"},"sameAs":["https:\/\/www.facebook.com\/anovapeneira","https:\/\/x.com\/APeneira"]},{"@type":"Person","@id":"https:\/\/www.anovapeneira.gal\/#\/schema\/person\/b93e3f8932e3f8da96334607eb6ac6aa","name":"Redacci\u00f3n A Nova Peneira","image":{"@type":"ImageObject","inLanguage":"gl-ES","@id":"https:\/\/secure.gravatar.com\/avatar\/c052a2551a06e23fac63626232eaa90abd78dbcf1700fc46a2b2c89fd27b735f?s=96&d=mm&r=g","url":"https:\/\/secure.gravatar.com\/avatar\/c052a2551a06e23fac63626232eaa90abd78dbcf1700fc46a2b2c89fd27b735f?s=96&d=mm&r=g","contentUrl":"https:\/\/secure.gravatar.com\/avatar\/c052a2551a06e23fac63626232eaa90abd78dbcf1700fc46a2b2c89fd27b735f?s=96&d=mm&r=g","caption":"Redacci\u00f3n A Nova Peneira"},"sameAs":["http:\/\/www.anovapeneira.gal\/"],"url":"https:\/\/www.anovapeneira.gal\/index.php\/author\/redactor\/"}]}},"jetpack_featured_media_url":"https:\/\/www.anovapeneira.gal\/wp-content\/uploads\/2021\/11\/o_son_do_pazo.jpg","_links":{"self":[{"href":"https:\/\/www.anovapeneira.gal\/index.php\/wp-json\/wp\/v2\/posts\/6523","targetHints":{"allow":["GET"]}}],"collection":[{"href":"https:\/\/www.anovapeneira.gal\/index.php\/wp-json\/wp\/v2\/posts"}],"about":[{"href":"https:\/\/www.anovapeneira.gal\/index.php\/wp-json\/wp\/v2\/types\/post"}],"author":[{"embeddable":true,"href":"https:\/\/www.anovapeneira.gal\/index.php\/wp-json\/wp\/v2\/users\/3"}],"replies":[{"embeddable":true,"href":"https:\/\/www.anovapeneira.gal\/index.php\/wp-json\/wp\/v2\/comments?post=6523"}],"version-history":[{"count":3,"href":"https:\/\/www.anovapeneira.gal\/index.php\/wp-json\/wp\/v2\/posts\/6523\/revisions"}],"predecessor-version":[{"id":6549,"href":"https:\/\/www.anovapeneira.gal\/index.php\/wp-json\/wp\/v2\/posts\/6523\/revisions\/6549"}],"wp:featuredmedia":[{"embeddable":true,"href":"https:\/\/www.anovapeneira.gal\/index.php\/wp-json\/wp\/v2\/media\/6524"}],"wp:attachment":[{"href":"https:\/\/www.anovapeneira.gal\/index.php\/wp-json\/wp\/v2\/media?parent=6523"}],"wp:term":[{"taxonomy":"category","embeddable":true,"href":"https:\/\/www.anovapeneira.gal\/index.php\/wp-json\/wp\/v2\/categories?post=6523"},{"taxonomy":"post_tag","embeddable":true,"href":"https:\/\/www.anovapeneira.gal\/index.php\/wp-json\/wp\/v2\/tags?post=6523"}],"curies":[{"name":"wp","href":"https:\/\/api.w.org\/{rel}","templated":true}]}}