{"id":6526,"date":"2021-12-01T13:08:35","date_gmt":"2021-12-01T12:08:35","guid":{"rendered":"https:\/\/www.anovapeneira.gal\/?p=6526"},"modified":"2021-12-01T13:08:35","modified_gmt":"2021-12-01T12:08:35","slug":"mila-casal-blanco-bng-fornelos-de-montes","status":"publish","type":"post","link":"https:\/\/www.anovapeneira.gal\/index.php\/2021\/12\/01\/mila-casal-blanco-bng-fornelos-de-montes\/","title":{"rendered":"Mila Casal Blanco, BNG Fornelos de Montes"},"content":{"rendered":"\n<h2 class=\"wp-block-heading\"><strong>E despois das numeras entrevistas que temos feito ao alcalde de Fornelas xa \u00eda sendo hora de falarmos coa oposici\u00f3n, coa \u00fanica oposici\u00f3n que ten o goberno municipal pois o traballo pol\u00edtico dos representantes do PP lim\u00edtase a facer acto de presencia nos plenos. Falamos con Mila, a cara visible do nacionalismo en Fornelos de Montes. Ela \u00e9 unha muller de Traspielas moi concienciada desde moza coa defensa dos sinais de identidade do pa\u00eds galego. Vela\u00ed vai o que deu de si a nosa conversa<\/strong><\/h2>\n\n\n\n<p>\u201c<strong>O traballo do goberno municipal \u00e9 insuficiente, carece de pol\u00edtica social\u201d<\/strong><\/p>\n\n\n\n<p><strong>Cando empezaches a militar ou traballar activamente en pol\u00edtica?<\/strong><\/p>\n\n\n\n<blockquote class=\"wp-block-quote is-layout-flow wp-block-quote-is-layout-flow\"><p>Haber\u00e1 uns doce anos que comecei a ir nas listas do BNG de Fornelos.<\/p><\/blockquote>\n\n\n\n<p><strong>Fuches nas listas que comandaba Pedro, logo Jos\u00e9 Antonio, e nas elecci\u00f3ns do 2019 xa candidata \u00e1 alcald\u00eda. Por que decidiches facer pol\u00edtica no BNG?<\/strong><\/p>\n\n\n\n<blockquote class=\"wp-block-quote is-layout-flow wp-block-quote-is-layout-flow\"><p>Porque \u00e9 o partido que m\u00e1is se achega \u00e1 mi\u00f1a consideraci\u00f3n de como debe de ser a pr\u00e1ctica pol\u00edtica na defensa do pa\u00eds, sobre todo na defensa da nosa lingua e da nosa cultura.<\/p><\/blockquote>\n\n\n\n<p><strong>Ti es dunha parroquia de Fornelos, Traspielas. Na zona onde ti vives, a xente m\u00e1is moza en que idioma fala?<\/strong><\/p>\n\n\n\n<blockquote class=\"wp-block-quote is-layout-flow wp-block-quote-is-layout-flow\"><p>O meu fillo de once anos fala castel\u00e1n e n\u00f3s na casa falamos galego. E o caso do meu fillo \u00e9 como o sa maior\u00eda. \u00c9 o colexio e os medios de socializaci\u00f3n que utilizan os nenos e as nenas os que fan que cambien o idioma. \u00c9 terrible a situaci\u00f3n do noso idioma<\/p><\/blockquote>\n\n\n\n<p><strong>En Fornelos, desde a transici\u00f3n, foi o PSOE o que ga\u00f1ou sempre as elecci\u00f3ns con maior\u00eda absoluta. \u00c9 porque o fan moi ben, ou por alg\u00fan outro motivo?<\/strong><\/p>\n\n\n\n<blockquote class=\"wp-block-quote is-layout-flow wp-block-quote-is-layout-flow\"><p>Eu creo que a xente aqu\u00ed non vota ao PSOE porque sexa dese partido nin porque o fagan ben, desde logo porque o fan ben non, nin moito menos. O PSOE ga\u00f1a aqu\u00ed por maior\u00edas absolut\u00edsimas pola mesma raz\u00f3n que pode ga\u00f1ar o PP en calquera concello de Galicia. O funcionamento \u00e9 semellante<\/p><\/blockquote>\n\n\n\n<p><strong>Ao teu xu\u00edzo houbo algunha diferencia de cando era Seraf\u00edn alcalde a agora que \u00e9 Emiliano Lage?<\/strong><\/p>\n\n\n\n<blockquote class=\"wp-block-quote is-layout-flow wp-block-quote-is-layout-flow\"><p>Non, para min \u00e9 o mesmo modus operandi.<\/p><\/blockquote>\n\n\n\n<p><strong>Faime unha valoraci\u00f3n da acci\u00f3n de goberno do partido socialista, de Emiliano, en Fornelos.<\/strong><\/p>\n\n\n\n<blockquote class=\"wp-block-quote is-layout-flow wp-block-quote-is-layout-flow\"><p>Para min \u00e9 moi precaria, s\u00f3 arranxan alg\u00fan cami\u00f1o, estrada ou po\u00f1en algo bonito pero fora de a\u00ed non fan anda m\u00e1is. Non fan nada en educaci\u00f3n social, por exemplo, aqu\u00ed non hai actividades extraescolares para a educaci\u00f3n dos nosos rapaces e rapazas, e cando o reclamamos o concello di que \u00e9 cousa da Anpa e a Anpa di que quen ten que pedilo \u00e9 o concello. Te\u00f1en as parroquias abandonadas e soamente ve\u00f1en a limpar unha vez ao ano. A casa do concello que temos aqu\u00ed foi feita polos veci\u00f1os, o parque tam\u00e9n esta feito polos veci\u00f1os hai m\u00e1is de vinte anos. A acci\u00f3n pol\u00edtica do goberno municipal \u00e9 claramente insuficiente<\/p><\/blockquote>\n\n\n\n<p><strong>Agora define sinteticamente a acci\u00f3n pol\u00edtica do BNG.<\/strong><\/p>\n\n\n\n<blockquote class=\"wp-block-quote is-layout-flow wp-block-quote-is-layout-flow\"><p>Intento levar propostas a t\u00f3dolos plenos de aqu\u00ed do concello e a nivel nacional pero non lles interesa, a\u00ednda que estean de acordo votan en contra.<\/p><\/blockquote>\n\n\n\n<p><strong>Votan en contra por sistema?<\/strong><\/p>\n\n\n\n<blockquote class=\"wp-block-quote is-layout-flow wp-block-quote-is-layout-flow\"><p>Si, todos, o PP tam\u00e9n.<\/p><\/blockquote>\n\n\n\n<p><strong>O BNG leva bastante tempo tendo un concelleiro ou concelleira, chegastes a ter dous non?<\/strong><\/p>\n\n\n\n<blockquote class=\"wp-block-quote is-layout-flow wp-block-quote-is-layout-flow\"><p>Si, exactamente non me lembro cando pero creo que hai doce anos.<\/p><\/blockquote>\n\n\n\n<p><strong>Agora levades bastante tempo s\u00f3 con un, hai cancha para que o nacionalismo volva crecer en Fornelos ou \u00e9 algo imposible de afrontar?<\/strong><\/p>\n\n\n\n<blockquote class=\"wp-block-quote is-layout-flow wp-block-quote-is-layout-flow\"><p>Creo que si, pero \u00e9 complicado. A xente nova de Fornelos non sei si \u00e9 que se desentende o vai da man do que vota a familia. O que estamos facendo agora e que se dean a co\u00f1ecer as propostas que leva o BNG, sempre se levaron moitas pero nunca se deron a co\u00f1ecer e se non se fai e como se non fixeramos nada. Desde este \u00faltimo mandato estamos publicando na p\u00e1xina do facebook ata as actas para que a xente se decate e se vaia concienciando, fixemos manifestaci\u00f3ns como a de sanidade cando nos quitaron \u00e1 pediatra. Somos os \u00fanicos que estamos reclamando isto agora mesmo, levamos ao concello as moci\u00f3ns para que o reclame e a\u00ed se queda. Intentamos que se vexa o que facemos.<\/p><\/blockquote>\n","protected":false},"excerpt":{"rendered":"<div class=\"mh-excerpt\"><p>E despois das numeras entrevistas que temos feito ao alcalde de Fornelas xa \u00eda sendo hora de falarmos coa oposici\u00f3n, coa \u00fanica oposici\u00f3n que ten o goberno municipal pois o traballo pol\u00edtico dos representantes do PP lim\u00edtase a facer acto de presencia nos plenos <a class=\"mh-excerpt-more\" href=\"https:\/\/www.anovapeneira.gal\/index.php\/2021\/12\/01\/mila-casal-blanco-bng-fornelos-de-montes\/\" title=\"Mila Casal Blanco, BNG Fornelos de Montes\">[&#8230;]<\/a><\/p>\n<\/div>","protected":false},"author":3,"featured_media":6531,"comment_status":"open","ping_status":"open","sticky":false,"template":"","format":"standard","meta":{"_exactmetrics_skip_tracking":false,"_exactmetrics_sitenote_active":false,"_exactmetrics_sitenote_note":"","_exactmetrics_sitenote_category":0,"footnotes":""},"categories":[270],"tags":[452],"class_list":{"0":"post-6526","1":"post","2":"type-post","3":"status-publish","4":"format-standard","5":"has-post-thumbnail","7":"category-redondela-entrevistas","8":"tag-concello-de-fornelos-de-montes"},"yoast_head":"<!-- This site is optimized with the Yoast SEO plugin v27.4 - https:\/\/yoast.com\/product\/yoast-seo-wordpress\/ -->\n<title>Mila Casal Blanco, BNG Fornelos de Montes -<\/title>\n<meta name=\"description\" content=\"E despois das numeras entrevistas que temos feito ao alcalde de Fornelas xa \u00eda sendo hora de falarmos coa oposici\u00f3n, coa \u00fanica oposici\u00f3n que ten o goberno municipal pois o traballo pol\u00edtico dos representantes do PP lim\u00edtase a facer acto de presencia nos plenos\" \/>\n<meta name=\"robots\" content=\"index, follow, max-snippet:-1, max-image-preview:large, max-video-preview:-1\" \/>\n<link rel=\"canonical\" href=\"https:\/\/www.anovapeneira.gal\/index.php\/2021\/12\/01\/mila-casal-blanco-bng-fornelos-de-montes\/\" \/>\n<meta property=\"og:locale\" content=\"gl_ES\" \/>\n<meta property=\"og:type\" content=\"article\" \/>\n<meta property=\"og:title\" content=\"Mila Casal Blanco, BNG Fornelos de Montes -\" \/>\n<meta property=\"og:description\" content=\"E despois das numeras entrevistas que temos feito ao alcalde de Fornelas xa \u00eda sendo hora de falarmos coa oposici\u00f3n, coa \u00fanica oposici\u00f3n que ten o goberno municipal pois o traballo pol\u00edtico dos representantes do PP lim\u00edtase a facer acto de presencia nos plenos\" \/>\n<meta property=\"og:url\" content=\"https:\/\/www.anovapeneira.gal\/index.php\/2021\/12\/01\/mila-casal-blanco-bng-fornelos-de-montes\/\" \/>\n<meta property=\"article:publisher\" content=\"https:\/\/www.facebook.com\/anovapeneira\" \/>\n<meta property=\"article:published_time\" content=\"2021-12-01T12:08:35+00:00\" \/>\n<meta property=\"og:image\" content=\"https:\/\/www.anovapeneira.gal\/wp-content\/uploads\/2021\/12\/mila_casal_blanco_bng_fornelos.jpg\" \/>\n\t<meta property=\"og:image:width\" content=\"720\" \/>\n\t<meta property=\"og:image:height\" content=\"432\" \/>\n\t<meta property=\"og:image:type\" content=\"image\/jpeg\" \/>\n<meta name=\"author\" content=\"Redacci\u00f3n A Nova Peneira\" \/>\n<meta name=\"twitter:card\" content=\"summary_large_image\" \/>\n<meta name=\"twitter:creator\" content=\"@APeneira\" \/>\n<meta name=\"twitter:site\" content=\"@APeneira\" \/>\n<meta name=\"twitter:label1\" content=\"Escrito por\" \/>\n\t<meta name=\"twitter:data1\" content=\"Redacci\u00f3n A Nova Peneira\" \/>\n\t<meta name=\"twitter:label2\" content=\"Tempo de lectura\" \/>\n\t<meta name=\"twitter:data2\" content=\"4 minutos\" \/>\n<script type=\"application\/ld+json\" class=\"yoast-schema-graph\">{\"@context\":\"https:\\\/\\\/schema.org\",\"@graph\":[{\"@type\":\"Article\",\"@id\":\"https:\\\/\\\/www.anovapeneira.gal\\\/index.php\\\/2021\\\/12\\\/01\\\/mila-casal-blanco-bng-fornelos-de-montes\\\/#article\",\"isPartOf\":{\"@id\":\"https:\\\/\\\/www.anovapeneira.gal\\\/index.php\\\/2021\\\/12\\\/01\\\/mila-casal-blanco-bng-fornelos-de-montes\\\/\"},\"author\":{\"name\":\"Redacci\u00f3n A Nova Peneira\",\"@id\":\"https:\\\/\\\/www.anovapeneira.gal\\\/#\\\/schema\\\/person\\\/b93e3f8932e3f8da96334607eb6ac6aa\"},\"headline\":\"Mila Casal Blanco, BNG Fornelos de Montes\",\"datePublished\":\"2021-12-01T12:08:35+00:00\",\"mainEntityOfPage\":{\"@id\":\"https:\\\/\\\/www.anovapeneira.gal\\\/index.php\\\/2021\\\/12\\\/01\\\/mila-casal-blanco-bng-fornelos-de-montes\\\/\"},\"wordCount\":752,\"commentCount\":0,\"publisher\":{\"@id\":\"https:\\\/\\\/www.anovapeneira.gal\\\/#organization\"},\"image\":{\"@id\":\"https:\\\/\\\/www.anovapeneira.gal\\\/index.php\\\/2021\\\/12\\\/01\\\/mila-casal-blanco-bng-fornelos-de-montes\\\/#primaryimage\"},\"thumbnailUrl\":\"https:\\\/\\\/www.anovapeneira.gal\\\/wp-content\\\/uploads\\\/2021\\\/12\\\/mila_casal_blanco_bng_fornelos.jpg\",\"keywords\":[\"Concello de Fornelos de Montes\"],\"articleSection\":[\"Redondela\"],\"inLanguage\":\"gl-ES\",\"potentialAction\":[{\"@type\":\"CommentAction\",\"name\":\"Comment\",\"target\":[\"https:\\\/\\\/www.anovapeneira.gal\\\/index.php\\\/2021\\\/12\\\/01\\\/mila-casal-blanco-bng-fornelos-de-montes\\\/#respond\"]}]},{\"@type\":\"WebPage\",\"@id\":\"https:\\\/\\\/www.anovapeneira.gal\\\/index.php\\\/2021\\\/12\\\/01\\\/mila-casal-blanco-bng-fornelos-de-montes\\\/\",\"url\":\"https:\\\/\\\/www.anovapeneira.gal\\\/index.php\\\/2021\\\/12\\\/01\\\/mila-casal-blanco-bng-fornelos-de-montes\\\/\",\"name\":\"Mila Casal Blanco, BNG Fornelos de Montes -\",\"isPartOf\":{\"@id\":\"https:\\\/\\\/www.anovapeneira.gal\\\/#website\"},\"primaryImageOfPage\":{\"@id\":\"https:\\\/\\\/www.anovapeneira.gal\\\/index.php\\\/2021\\\/12\\\/01\\\/mila-casal-blanco-bng-fornelos-de-montes\\\/#primaryimage\"},\"image\":{\"@id\":\"https:\\\/\\\/www.anovapeneira.gal\\\/index.php\\\/2021\\\/12\\\/01\\\/mila-casal-blanco-bng-fornelos-de-montes\\\/#primaryimage\"},\"thumbnailUrl\":\"https:\\\/\\\/www.anovapeneira.gal\\\/wp-content\\\/uploads\\\/2021\\\/12\\\/mila_casal_blanco_bng_fornelos.jpg\",\"datePublished\":\"2021-12-01T12:08:35+00:00\",\"description\":\"E despois das numeras entrevistas que temos feito ao alcalde de Fornelas xa \u00eda sendo hora de falarmos coa oposici\u00f3n, coa \u00fanica oposici\u00f3n que ten o goberno municipal pois o traballo pol\u00edtico dos representantes do PP lim\u00edtase a facer acto de presencia nos plenos\",\"breadcrumb\":{\"@id\":\"https:\\\/\\\/www.anovapeneira.gal\\\/index.php\\\/2021\\\/12\\\/01\\\/mila-casal-blanco-bng-fornelos-de-montes\\\/#breadcrumb\"},\"inLanguage\":\"gl-ES\",\"potentialAction\":[{\"@type\":\"ReadAction\",\"target\":[\"https:\\\/\\\/www.anovapeneira.gal\\\/index.php\\\/2021\\\/12\\\/01\\\/mila-casal-blanco-bng-fornelos-de-montes\\\/\"]}]},{\"@type\":\"ImageObject\",\"inLanguage\":\"gl-ES\",\"@id\":\"https:\\\/\\\/www.anovapeneira.gal\\\/index.php\\\/2021\\\/12\\\/01\\\/mila-casal-blanco-bng-fornelos-de-montes\\\/#primaryimage\",\"url\":\"https:\\\/\\\/www.anovapeneira.gal\\\/wp-content\\\/uploads\\\/2021\\\/12\\\/mila_casal_blanco_bng_fornelos.jpg\",\"contentUrl\":\"https:\\\/\\\/www.anovapeneira.gal\\\/wp-content\\\/uploads\\\/2021\\\/12\\\/mila_casal_blanco_bng_fornelos.jpg\",\"width\":720,\"height\":432},{\"@type\":\"BreadcrumbList\",\"@id\":\"https:\\\/\\\/www.anovapeneira.gal\\\/index.php\\\/2021\\\/12\\\/01\\\/mila-casal-blanco-bng-fornelos-de-montes\\\/#breadcrumb\",\"itemListElement\":[{\"@type\":\"ListItem\",\"position\":1,\"name\":\"Portada\",\"item\":\"https:\\\/\\\/www.anovapeneira.gal\\\/\"},{\"@type\":\"ListItem\",\"position\":2,\"name\":\"Mila Casal Blanco, BNG Fornelos de Montes\"}]},{\"@type\":\"WebSite\",\"@id\":\"https:\\\/\\\/www.anovapeneira.gal\\\/#website\",\"url\":\"https:\\\/\\\/www.anovapeneira.gal\\\/\",\"name\":\"\",\"description\":\"Xornal galego de informaci\u00f3n xeral Publicaci\u00f3n mensual de novas de Galicia e en especial dos Concellos da sur da provincia de Pontevedra.\",\"publisher\":{\"@id\":\"https:\\\/\\\/www.anovapeneira.gal\\\/#organization\"},\"potentialAction\":[{\"@type\":\"SearchAction\",\"target\":{\"@type\":\"EntryPoint\",\"urlTemplate\":\"https:\\\/\\\/www.anovapeneira.gal\\\/?s={search_term_string}\"},\"query-input\":{\"@type\":\"PropertyValueSpecification\",\"valueRequired\":true,\"valueName\":\"search_term_string\"}}],\"inLanguage\":\"gl-ES\"},{\"@type\":\"Organization\",\"@id\":\"https:\\\/\\\/www.anovapeneira.gal\\\/#organization\",\"name\":\"A Nova Peneira\",\"url\":\"https:\\\/\\\/www.anovapeneira.gal\\\/\",\"logo\":{\"@type\":\"ImageObject\",\"inLanguage\":\"gl-ES\",\"@id\":\"https:\\\/\\\/www.anovapeneira.gal\\\/#\\\/schema\\\/logo\\\/image\\\/\",\"url\":\"http:\\\/\\\/www.anovapeneira.gal\\\/wp-content\\\/uploads\\\/2019\\\/06\\\/logo_a_nova_peneira_portal_web.png\",\"contentUrl\":\"http:\\\/\\\/www.anovapeneira.gal\\\/wp-content\\\/uploads\\\/2019\\\/06\\\/logo_a_nova_peneira_portal_web.png\",\"width\":300,\"height\":100,\"caption\":\"A Nova Peneira\"},\"image\":{\"@id\":\"https:\\\/\\\/www.anovapeneira.gal\\\/#\\\/schema\\\/logo\\\/image\\\/\"},\"sameAs\":[\"https:\\\/\\\/www.facebook.com\\\/anovapeneira\",\"https:\\\/\\\/x.com\\\/APeneira\"]},{\"@type\":\"Person\",\"@id\":\"https:\\\/\\\/www.anovapeneira.gal\\\/#\\\/schema\\\/person\\\/b93e3f8932e3f8da96334607eb6ac6aa\",\"name\":\"Redacci\u00f3n A Nova Peneira\",\"image\":{\"@type\":\"ImageObject\",\"inLanguage\":\"gl-ES\",\"@id\":\"https:\\\/\\\/secure.gravatar.com\\\/avatar\\\/c052a2551a06e23fac63626232eaa90abd78dbcf1700fc46a2b2c89fd27b735f?s=96&d=mm&r=g\",\"url\":\"https:\\\/\\\/secure.gravatar.com\\\/avatar\\\/c052a2551a06e23fac63626232eaa90abd78dbcf1700fc46a2b2c89fd27b735f?s=96&d=mm&r=g\",\"contentUrl\":\"https:\\\/\\\/secure.gravatar.com\\\/avatar\\\/c052a2551a06e23fac63626232eaa90abd78dbcf1700fc46a2b2c89fd27b735f?s=96&d=mm&r=g\",\"caption\":\"Redacci\u00f3n A Nova Peneira\"},\"sameAs\":[\"http:\\\/\\\/www.anovapeneira.gal\\\/\"],\"url\":\"https:\\\/\\\/www.anovapeneira.gal\\\/index.php\\\/author\\\/redactor\\\/\"}]}<\/script>\n<!-- \/ Yoast SEO plugin. -->","yoast_head_json":{"title":"Mila Casal Blanco, BNG Fornelos de Montes -","description":"E despois das numeras entrevistas que temos feito ao alcalde de Fornelas xa \u00eda sendo hora de falarmos coa oposici\u00f3n, coa \u00fanica oposici\u00f3n que ten o goberno municipal pois o traballo pol\u00edtico dos representantes do PP lim\u00edtase a facer acto de presencia nos plenos","robots":{"index":"index","follow":"follow","max-snippet":"max-snippet:-1","max-image-preview":"max-image-preview:large","max-video-preview":"max-video-preview:-1"},"canonical":"https:\/\/www.anovapeneira.gal\/index.php\/2021\/12\/01\/mila-casal-blanco-bng-fornelos-de-montes\/","og_locale":"gl_ES","og_type":"article","og_title":"Mila Casal Blanco, BNG Fornelos de Montes -","og_description":"E despois das numeras entrevistas que temos feito ao alcalde de Fornelas xa \u00eda sendo hora de falarmos coa oposici\u00f3n, coa \u00fanica oposici\u00f3n que ten o goberno municipal pois o traballo pol\u00edtico dos representantes do PP lim\u00edtase a facer acto de presencia nos plenos","og_url":"https:\/\/www.anovapeneira.gal\/index.php\/2021\/12\/01\/mila-casal-blanco-bng-fornelos-de-montes\/","article_publisher":"https:\/\/www.facebook.com\/anovapeneira","article_published_time":"2021-12-01T12:08:35+00:00","og_image":[{"width":720,"height":432,"url":"https:\/\/www.anovapeneira.gal\/wp-content\/uploads\/2021\/12\/mila_casal_blanco_bng_fornelos.jpg","type":"image\/jpeg"}],"author":"Redacci\u00f3n A Nova Peneira","twitter_card":"summary_large_image","twitter_creator":"@APeneira","twitter_site":"@APeneira","twitter_misc":{"Escrito por":"Redacci\u00f3n A Nova Peneira","Tempo de lectura":"4 minutos"},"schema":{"@context":"https:\/\/schema.org","@graph":[{"@type":"Article","@id":"https:\/\/www.anovapeneira.gal\/index.php\/2021\/12\/01\/mila-casal-blanco-bng-fornelos-de-montes\/#article","isPartOf":{"@id":"https:\/\/www.anovapeneira.gal\/index.php\/2021\/12\/01\/mila-casal-blanco-bng-fornelos-de-montes\/"},"author":{"name":"Redacci\u00f3n A Nova Peneira","@id":"https:\/\/www.anovapeneira.gal\/#\/schema\/person\/b93e3f8932e3f8da96334607eb6ac6aa"},"headline":"Mila Casal Blanco, BNG Fornelos de Montes","datePublished":"2021-12-01T12:08:35+00:00","mainEntityOfPage":{"@id":"https:\/\/www.anovapeneira.gal\/index.php\/2021\/12\/01\/mila-casal-blanco-bng-fornelos-de-montes\/"},"wordCount":752,"commentCount":0,"publisher":{"@id":"https:\/\/www.anovapeneira.gal\/#organization"},"image":{"@id":"https:\/\/www.anovapeneira.gal\/index.php\/2021\/12\/01\/mila-casal-blanco-bng-fornelos-de-montes\/#primaryimage"},"thumbnailUrl":"https:\/\/www.anovapeneira.gal\/wp-content\/uploads\/2021\/12\/mila_casal_blanco_bng_fornelos.jpg","keywords":["Concello de Fornelos de Montes"],"articleSection":["Redondela"],"inLanguage":"gl-ES","potentialAction":[{"@type":"CommentAction","name":"Comment","target":["https:\/\/www.anovapeneira.gal\/index.php\/2021\/12\/01\/mila-casal-blanco-bng-fornelos-de-montes\/#respond"]}]},{"@type":"WebPage","@id":"https:\/\/www.anovapeneira.gal\/index.php\/2021\/12\/01\/mila-casal-blanco-bng-fornelos-de-montes\/","url":"https:\/\/www.anovapeneira.gal\/index.php\/2021\/12\/01\/mila-casal-blanco-bng-fornelos-de-montes\/","name":"Mila Casal Blanco, BNG Fornelos de Montes -","isPartOf":{"@id":"https:\/\/www.anovapeneira.gal\/#website"},"primaryImageOfPage":{"@id":"https:\/\/www.anovapeneira.gal\/index.php\/2021\/12\/01\/mila-casal-blanco-bng-fornelos-de-montes\/#primaryimage"},"image":{"@id":"https:\/\/www.anovapeneira.gal\/index.php\/2021\/12\/01\/mila-casal-blanco-bng-fornelos-de-montes\/#primaryimage"},"thumbnailUrl":"https:\/\/www.anovapeneira.gal\/wp-content\/uploads\/2021\/12\/mila_casal_blanco_bng_fornelos.jpg","datePublished":"2021-12-01T12:08:35+00:00","description":"E despois das numeras entrevistas que temos feito ao alcalde de Fornelas xa \u00eda sendo hora de falarmos coa oposici\u00f3n, coa \u00fanica oposici\u00f3n que ten o goberno municipal pois o traballo pol\u00edtico dos representantes do PP lim\u00edtase a facer acto de presencia nos plenos","breadcrumb":{"@id":"https:\/\/www.anovapeneira.gal\/index.php\/2021\/12\/01\/mila-casal-blanco-bng-fornelos-de-montes\/#breadcrumb"},"inLanguage":"gl-ES","potentialAction":[{"@type":"ReadAction","target":["https:\/\/www.anovapeneira.gal\/index.php\/2021\/12\/01\/mila-casal-blanco-bng-fornelos-de-montes\/"]}]},{"@type":"ImageObject","inLanguage":"gl-ES","@id":"https:\/\/www.anovapeneira.gal\/index.php\/2021\/12\/01\/mila-casal-blanco-bng-fornelos-de-montes\/#primaryimage","url":"https:\/\/www.anovapeneira.gal\/wp-content\/uploads\/2021\/12\/mila_casal_blanco_bng_fornelos.jpg","contentUrl":"https:\/\/www.anovapeneira.gal\/wp-content\/uploads\/2021\/12\/mila_casal_blanco_bng_fornelos.jpg","width":720,"height":432},{"@type":"BreadcrumbList","@id":"https:\/\/www.anovapeneira.gal\/index.php\/2021\/12\/01\/mila-casal-blanco-bng-fornelos-de-montes\/#breadcrumb","itemListElement":[{"@type":"ListItem","position":1,"name":"Portada","item":"https:\/\/www.anovapeneira.gal\/"},{"@type":"ListItem","position":2,"name":"Mila Casal Blanco, BNG Fornelos de Montes"}]},{"@type":"WebSite","@id":"https:\/\/www.anovapeneira.gal\/#website","url":"https:\/\/www.anovapeneira.gal\/","name":"","description":"Xornal galego de informaci\u00f3n xeral Publicaci\u00f3n mensual de novas de Galicia e en especial dos Concellos da sur da provincia de Pontevedra.","publisher":{"@id":"https:\/\/www.anovapeneira.gal\/#organization"},"potentialAction":[{"@type":"SearchAction","target":{"@type":"EntryPoint","urlTemplate":"https:\/\/www.anovapeneira.gal\/?s={search_term_string}"},"query-input":{"@type":"PropertyValueSpecification","valueRequired":true,"valueName":"search_term_string"}}],"inLanguage":"gl-ES"},{"@type":"Organization","@id":"https:\/\/www.anovapeneira.gal\/#organization","name":"A Nova Peneira","url":"https:\/\/www.anovapeneira.gal\/","logo":{"@type":"ImageObject","inLanguage":"gl-ES","@id":"https:\/\/www.anovapeneira.gal\/#\/schema\/logo\/image\/","url":"http:\/\/www.anovapeneira.gal\/wp-content\/uploads\/2019\/06\/logo_a_nova_peneira_portal_web.png","contentUrl":"http:\/\/www.anovapeneira.gal\/wp-content\/uploads\/2019\/06\/logo_a_nova_peneira_portal_web.png","width":300,"height":100,"caption":"A Nova Peneira"},"image":{"@id":"https:\/\/www.anovapeneira.gal\/#\/schema\/logo\/image\/"},"sameAs":["https:\/\/www.facebook.com\/anovapeneira","https:\/\/x.com\/APeneira"]},{"@type":"Person","@id":"https:\/\/www.anovapeneira.gal\/#\/schema\/person\/b93e3f8932e3f8da96334607eb6ac6aa","name":"Redacci\u00f3n A Nova Peneira","image":{"@type":"ImageObject","inLanguage":"gl-ES","@id":"https:\/\/secure.gravatar.com\/avatar\/c052a2551a06e23fac63626232eaa90abd78dbcf1700fc46a2b2c89fd27b735f?s=96&d=mm&r=g","url":"https:\/\/secure.gravatar.com\/avatar\/c052a2551a06e23fac63626232eaa90abd78dbcf1700fc46a2b2c89fd27b735f?s=96&d=mm&r=g","contentUrl":"https:\/\/secure.gravatar.com\/avatar\/c052a2551a06e23fac63626232eaa90abd78dbcf1700fc46a2b2c89fd27b735f?s=96&d=mm&r=g","caption":"Redacci\u00f3n A Nova Peneira"},"sameAs":["http:\/\/www.anovapeneira.gal\/"],"url":"https:\/\/www.anovapeneira.gal\/index.php\/author\/redactor\/"}]}},"jetpack_featured_media_url":"https:\/\/www.anovapeneira.gal\/wp-content\/uploads\/2021\/12\/mila_casal_blanco_bng_fornelos.jpg","_links":{"self":[{"href":"https:\/\/www.anovapeneira.gal\/index.php\/wp-json\/wp\/v2\/posts\/6526","targetHints":{"allow":["GET"]}}],"collection":[{"href":"https:\/\/www.anovapeneira.gal\/index.php\/wp-json\/wp\/v2\/posts"}],"about":[{"href":"https:\/\/www.anovapeneira.gal\/index.php\/wp-json\/wp\/v2\/types\/post"}],"author":[{"embeddable":true,"href":"https:\/\/www.anovapeneira.gal\/index.php\/wp-json\/wp\/v2\/users\/3"}],"replies":[{"embeddable":true,"href":"https:\/\/www.anovapeneira.gal\/index.php\/wp-json\/wp\/v2\/comments?post=6526"}],"version-history":[{"count":1,"href":"https:\/\/www.anovapeneira.gal\/index.php\/wp-json\/wp\/v2\/posts\/6526\/revisions"}],"predecessor-version":[{"id":6527,"href":"https:\/\/www.anovapeneira.gal\/index.php\/wp-json\/wp\/v2\/posts\/6526\/revisions\/6527"}],"wp:featuredmedia":[{"embeddable":true,"href":"https:\/\/www.anovapeneira.gal\/index.php\/wp-json\/wp\/v2\/media\/6531"}],"wp:attachment":[{"href":"https:\/\/www.anovapeneira.gal\/index.php\/wp-json\/wp\/v2\/media?parent=6526"}],"wp:term":[{"taxonomy":"category","embeddable":true,"href":"https:\/\/www.anovapeneira.gal\/index.php\/wp-json\/wp\/v2\/categories?post=6526"},{"taxonomy":"post_tag","embeddable":true,"href":"https:\/\/www.anovapeneira.gal\/index.php\/wp-json\/wp\/v2\/tags?post=6526"}],"curies":[{"name":"wp","href":"https:\/\/api.w.org\/{rel}","templated":true}]}}