{"id":6533,"date":"2021-12-06T12:00:11","date_gmt":"2021-12-06T11:00:11","guid":{"rendered":"https:\/\/www.anovapeneira.gal\/?p=6533"},"modified":"2021-12-01T13:16:37","modified_gmt":"2021-12-01T12:16:37","slug":"goian-estrea-rua-no-barrio-de-tollo-co-nome-de-xoan-pineiro-un-dos-seus-grandes-escultores","status":"publish","type":"post","link":"https:\/\/www.anovapeneira.gal\/index.php\/2021\/12\/06\/goian-estrea-rua-no-barrio-de-tollo-co-nome-de-xoan-pineiro-un-dos-seus-grandes-escultores\/","title":{"rendered":"Goi\u00e1n estrea r\u00faa no barrio de Tollo co nome de Xo\u00e1n Pi\u00f1eiro, un dos seus grandes escultores"},"content":{"rendered":"\n<h2 class=\"wp-block-heading\"><strong>Antes da inauguraci\u00f3n do vial, tivo lugar no sal\u00f3n do Centro Goian\u00e9s a presentaci\u00f3n do libro \u201cXo\u00e1n Pi\u00f1eiro\u201d, publicado pola Fundaci\u00f3n do mesmo nome, con apoio do Concello de Tomi\u00f1o<\/strong><\/h2>\n\n\n\n<p><strong>Tomi\u00f1o, 30 de novembro de 2021<\/strong><\/p>\n\n\n\n<p>Goi\u00e1n conta cunha r\u00faa bautizada como &#8220;R\u00faa Xo\u00e1n Pi\u00f1eiro&#8221;. A placa foi descuberta durante un emotivo acto organizado pola Fundaci\u00f3n Xo\u00e1n Pi\u00f1eiro, co benepl\u00e1cito do Concello. Na placa, de bronce, pode verse ademais do nome da r\u00faa, o rostro do escultor, inmortalizado na mesma con gran fidelidade, polo escultor Carlos Fern\u00e1ndez.<\/p>\n\n\n\n<p>O acto inscr\u00edbese na celebraci\u00f3n do centenario do se nacemento do artista, nado en Nerga (parroquia de H\u00edo, concello de Cangas) e afincado en Goi\u00e1n, de onde era a s\u00faa dona (Carmen \u00c1lvarez), residindo antes en Madrid e outras cidades. A r\u00faa (situada no barrio goian\u00e9s de Tollo), \u00e9 xusto sobre a que estaba o estudo do escultor e a s\u00faa casa, polo que ao Concello pareceulle moi atinada a proposta da fundaci\u00f3n de bautizala co nome do artista. \u201cPareceunos moi interesante a suxesti\u00f3n da fundaci\u00f3n, xa que \u00e9 unha forma de agradecer e reco\u00f1ecer o legado deste grande artista\u201d, comenta a alcaldesa.<\/p>\n\n\n\n<p>Antes da inauguraci\u00f3n do vial, tivo lugar no sal\u00f3n do Centro Goian\u00e9s a presentaci\u00f3n do libro \u201cXo\u00e1n Pi\u00f1eiro\u201d, publicado pola Fundaci\u00f3n do mesmo nome, co apoio do Concello de Tomi\u00f1o, entre outros, tivo que adiarse un ano por mor da pandemia.<\/p>\n\n\n\n<p>Presidiron o acto Gustavo Hervella (historiador), Cuqui Pi\u00f1eiro (filla do escultor), Xes\u00fas V\u00e1zquez (presidente da Fundaci\u00f3n) e Sandra Gonz\u00e1lez (alcaldesa de Tomi\u00f1o). O volume, no que se relata vida e obra do artista, inaugura a colecci\u00f3n \u201cNerga\u201d, unha serie de monogr\u00e1ficos pensados \u201cpara combater o abandono do pensamento escult\u00f3rico\u201d. Un primeiro libro dunha serie que estudar\u00e1 aos escultores galegos, reflexionando sobre a s\u00faa obra e o seu tempo. Entre os autores figuran Chus Mart\u00ednez Dom\u00ednguez (coordinadora); Gustavo Hervella Garc\u00eda, Miriam Elena Cort\u00e9s L\u00f3pez e Carla Fern\u00e1ndez Mart\u00ednez.<\/p>\n\n\n\n<p>A Fundaci\u00f3n Xo\u00e1n Pi\u00f1eiro (nada 1998 co fin de divulgar, protexer, e defender a obra de Pi\u00f1eiro) presentou primeiramente o volume en Cangas, a terra do escultor, para iniciar logo en Goi\u00e1n unha xira por varios puntos relacionados coa vida do artista. O domicilio da entidade est\u00e1 xustamente no lugar de Tollo e o desexo da familia e restantes membros do patronato \u00e9 seguir a filosof\u00eda do escultor \u201c que promoveu desde a xenerosidade a actividade escult\u00f3rica\u201d.<\/p>\n","protected":false},"excerpt":{"rendered":"<div class=\"mh-excerpt\"><p>Antes da inauguraci\u00f3n do vial, tivo lugar no sal\u00f3n do Centro Goian\u00e9s a presentaci\u00f3n do libro \u201cXo\u00e1n Pi\u00f1eiro\u201d, publicado pola Fundaci\u00f3n do mesmo nome, con apoio do Concello de Tomi\u00f1o <a class=\"mh-excerpt-more\" href=\"https:\/\/www.anovapeneira.gal\/index.php\/2021\/12\/06\/goian-estrea-rua-no-barrio-de-tollo-co-nome-de-xoan-pineiro-un-dos-seus-grandes-escultores\/\" title=\"Goi\u00e1n estrea r\u00faa no barrio de Tollo co nome de Xo\u00e1n Pi\u00f1eiro, un dos seus grandes escultores\">[&#8230;]<\/a><\/p>\n<\/div>","protected":false},"author":3,"featured_media":6534,"comment_status":"open","ping_status":"open","sticky":false,"template":"","format":"standard","meta":{"_exactmetrics_skip_tracking":false,"_exactmetrics_sitenote_active":false,"_exactmetrics_sitenote_note":"","_exactmetrics_sitenote_category":0,"footnotes":""},"categories":[21],"tags":[81],"class_list":{"0":"post-6533","1":"post","2":"type-post","3":"status-publish","4":"format-standard","5":"has-post-thumbnail","7":"category-baixo-mino","8":"tag-concello-de-tomino"},"yoast_head":"<!-- This site is optimized with the Yoast SEO plugin v27.4 - https:\/\/yoast.com\/product\/yoast-seo-wordpress\/ -->\n<title>Goi\u00e1n estrea r\u00faa no barrio de Tollo co nome de Xo\u00e1n Pi\u00f1eiro, un dos seus grandes escultores -<\/title>\n<meta name=\"description\" content=\"Antes da inauguraci\u00f3n do vial, tivo lugar no sal\u00f3n do Centro Goian\u00e9s a presentaci\u00f3n do libro \u201cXo\u00e1n Pi\u00f1eiro\u201d, publicado pola Fundaci\u00f3n do mesmo nome, con apoio do Concello de Tomi\u00f1o\" \/>\n<meta name=\"robots\" content=\"index, follow, max-snippet:-1, max-image-preview:large, max-video-preview:-1\" \/>\n<link rel=\"canonical\" href=\"https:\/\/www.anovapeneira.gal\/index.php\/2021\/12\/06\/goian-estrea-rua-no-barrio-de-tollo-co-nome-de-xoan-pineiro-un-dos-seus-grandes-escultores\/\" \/>\n<meta property=\"og:locale\" content=\"gl_ES\" \/>\n<meta property=\"og:type\" content=\"article\" \/>\n<meta property=\"og:title\" content=\"Goi\u00e1n estrea r\u00faa no barrio de Tollo co nome de Xo\u00e1n Pi\u00f1eiro, un dos seus grandes escultores -\" \/>\n<meta property=\"og:description\" content=\"Antes da inauguraci\u00f3n do vial, tivo lugar no sal\u00f3n do Centro Goian\u00e9s a presentaci\u00f3n do libro \u201cXo\u00e1n Pi\u00f1eiro\u201d, publicado pola Fundaci\u00f3n do mesmo nome, con apoio do Concello de Tomi\u00f1o\" \/>\n<meta property=\"og:url\" content=\"https:\/\/www.anovapeneira.gal\/index.php\/2021\/12\/06\/goian-estrea-rua-no-barrio-de-tollo-co-nome-de-xoan-pineiro-un-dos-seus-grandes-escultores\/\" \/>\n<meta property=\"article:publisher\" content=\"https:\/\/www.facebook.com\/anovapeneira\" \/>\n<meta property=\"article:published_time\" content=\"2021-12-06T11:00:11+00:00\" \/>\n<meta property=\"og:image\" content=\"https:\/\/www.anovapeneira.gal\/wp-content\/uploads\/2021\/12\/xoan_pineiro_goian.jpg\" \/>\n\t<meta property=\"og:image:width\" content=\"720\" \/>\n\t<meta property=\"og:image:height\" content=\"432\" \/>\n\t<meta property=\"og:image:type\" content=\"image\/jpeg\" \/>\n<meta name=\"author\" content=\"Redacci\u00f3n A Nova Peneira\" \/>\n<meta name=\"twitter:card\" content=\"summary_large_image\" \/>\n<meta name=\"twitter:creator\" content=\"@APeneira\" \/>\n<meta name=\"twitter:site\" content=\"@APeneira\" \/>\n<meta name=\"twitter:label1\" content=\"Escrito por\" \/>\n\t<meta name=\"twitter:data1\" content=\"Redacci\u00f3n A Nova Peneira\" \/>\n\t<meta name=\"twitter:label2\" content=\"Tempo de lectura\" \/>\n\t<meta name=\"twitter:data2\" content=\"2 minutos\" \/>\n<script type=\"application\/ld+json\" class=\"yoast-schema-graph\">{\"@context\":\"https:\\\/\\\/schema.org\",\"@graph\":[{\"@type\":\"Article\",\"@id\":\"https:\\\/\\\/www.anovapeneira.gal\\\/index.php\\\/2021\\\/12\\\/06\\\/goian-estrea-rua-no-barrio-de-tollo-co-nome-de-xoan-pineiro-un-dos-seus-grandes-escultores\\\/#article\",\"isPartOf\":{\"@id\":\"https:\\\/\\\/www.anovapeneira.gal\\\/index.php\\\/2021\\\/12\\\/06\\\/goian-estrea-rua-no-barrio-de-tollo-co-nome-de-xoan-pineiro-un-dos-seus-grandes-escultores\\\/\"},\"author\":{\"name\":\"Redacci\u00f3n A Nova Peneira\",\"@id\":\"https:\\\/\\\/www.anovapeneira.gal\\\/#\\\/schema\\\/person\\\/b93e3f8932e3f8da96334607eb6ac6aa\"},\"headline\":\"Goi\u00e1n estrea r\u00faa no barrio de Tollo co nome de Xo\u00e1n Pi\u00f1eiro, un dos seus grandes escultores\",\"datePublished\":\"2021-12-06T11:00:11+00:00\",\"mainEntityOfPage\":{\"@id\":\"https:\\\/\\\/www.anovapeneira.gal\\\/index.php\\\/2021\\\/12\\\/06\\\/goian-estrea-rua-no-barrio-de-tollo-co-nome-de-xoan-pineiro-un-dos-seus-grandes-escultores\\\/\"},\"wordCount\":473,\"commentCount\":0,\"publisher\":{\"@id\":\"https:\\\/\\\/www.anovapeneira.gal\\\/#organization\"},\"image\":{\"@id\":\"https:\\\/\\\/www.anovapeneira.gal\\\/index.php\\\/2021\\\/12\\\/06\\\/goian-estrea-rua-no-barrio-de-tollo-co-nome-de-xoan-pineiro-un-dos-seus-grandes-escultores\\\/#primaryimage\"},\"thumbnailUrl\":\"https:\\\/\\\/www.anovapeneira.gal\\\/wp-content\\\/uploads\\\/2021\\\/12\\\/xoan_pineiro_goian.jpg\",\"keywords\":[\"Concello de Tomi\u00f1o\"],\"articleSection\":[\"Baixo Mi\u00f1o\"],\"inLanguage\":\"gl-ES\",\"potentialAction\":[{\"@type\":\"CommentAction\",\"name\":\"Comment\",\"target\":[\"https:\\\/\\\/www.anovapeneira.gal\\\/index.php\\\/2021\\\/12\\\/06\\\/goian-estrea-rua-no-barrio-de-tollo-co-nome-de-xoan-pineiro-un-dos-seus-grandes-escultores\\\/#respond\"]}]},{\"@type\":\"WebPage\",\"@id\":\"https:\\\/\\\/www.anovapeneira.gal\\\/index.php\\\/2021\\\/12\\\/06\\\/goian-estrea-rua-no-barrio-de-tollo-co-nome-de-xoan-pineiro-un-dos-seus-grandes-escultores\\\/\",\"url\":\"https:\\\/\\\/www.anovapeneira.gal\\\/index.php\\\/2021\\\/12\\\/06\\\/goian-estrea-rua-no-barrio-de-tollo-co-nome-de-xoan-pineiro-un-dos-seus-grandes-escultores\\\/\",\"name\":\"Goi\u00e1n estrea r\u00faa no barrio de Tollo co nome de Xo\u00e1n Pi\u00f1eiro, un dos seus grandes escultores -\",\"isPartOf\":{\"@id\":\"https:\\\/\\\/www.anovapeneira.gal\\\/#website\"},\"primaryImageOfPage\":{\"@id\":\"https:\\\/\\\/www.anovapeneira.gal\\\/index.php\\\/2021\\\/12\\\/06\\\/goian-estrea-rua-no-barrio-de-tollo-co-nome-de-xoan-pineiro-un-dos-seus-grandes-escultores\\\/#primaryimage\"},\"image\":{\"@id\":\"https:\\\/\\\/www.anovapeneira.gal\\\/index.php\\\/2021\\\/12\\\/06\\\/goian-estrea-rua-no-barrio-de-tollo-co-nome-de-xoan-pineiro-un-dos-seus-grandes-escultores\\\/#primaryimage\"},\"thumbnailUrl\":\"https:\\\/\\\/www.anovapeneira.gal\\\/wp-content\\\/uploads\\\/2021\\\/12\\\/xoan_pineiro_goian.jpg\",\"datePublished\":\"2021-12-06T11:00:11+00:00\",\"description\":\"Antes da inauguraci\u00f3n do vial, tivo lugar no sal\u00f3n do Centro Goian\u00e9s a presentaci\u00f3n do libro \u201cXo\u00e1n Pi\u00f1eiro\u201d, publicado pola Fundaci\u00f3n do mesmo nome, con apoio do Concello de Tomi\u00f1o\",\"breadcrumb\":{\"@id\":\"https:\\\/\\\/www.anovapeneira.gal\\\/index.php\\\/2021\\\/12\\\/06\\\/goian-estrea-rua-no-barrio-de-tollo-co-nome-de-xoan-pineiro-un-dos-seus-grandes-escultores\\\/#breadcrumb\"},\"inLanguage\":\"gl-ES\",\"potentialAction\":[{\"@type\":\"ReadAction\",\"target\":[\"https:\\\/\\\/www.anovapeneira.gal\\\/index.php\\\/2021\\\/12\\\/06\\\/goian-estrea-rua-no-barrio-de-tollo-co-nome-de-xoan-pineiro-un-dos-seus-grandes-escultores\\\/\"]}]},{\"@type\":\"ImageObject\",\"inLanguage\":\"gl-ES\",\"@id\":\"https:\\\/\\\/www.anovapeneira.gal\\\/index.php\\\/2021\\\/12\\\/06\\\/goian-estrea-rua-no-barrio-de-tollo-co-nome-de-xoan-pineiro-un-dos-seus-grandes-escultores\\\/#primaryimage\",\"url\":\"https:\\\/\\\/www.anovapeneira.gal\\\/wp-content\\\/uploads\\\/2021\\\/12\\\/xoan_pineiro_goian.jpg\",\"contentUrl\":\"https:\\\/\\\/www.anovapeneira.gal\\\/wp-content\\\/uploads\\\/2021\\\/12\\\/xoan_pineiro_goian.jpg\",\"width\":720,\"height\":432,\"caption\":\"Goi\u00e1n estrea r\u00faa no barrio de Tollo co nome de Xo\u00e1n Pi\u00f1eiro, un dos seus grandes escultores\"},{\"@type\":\"BreadcrumbList\",\"@id\":\"https:\\\/\\\/www.anovapeneira.gal\\\/index.php\\\/2021\\\/12\\\/06\\\/goian-estrea-rua-no-barrio-de-tollo-co-nome-de-xoan-pineiro-un-dos-seus-grandes-escultores\\\/#breadcrumb\",\"itemListElement\":[{\"@type\":\"ListItem\",\"position\":1,\"name\":\"Portada\",\"item\":\"https:\\\/\\\/www.anovapeneira.gal\\\/\"},{\"@type\":\"ListItem\",\"position\":2,\"name\":\"Goi\u00e1n estrea r\u00faa no barrio de Tollo co nome de Xo\u00e1n Pi\u00f1eiro, un dos seus grandes escultores\"}]},{\"@type\":\"WebSite\",\"@id\":\"https:\\\/\\\/www.anovapeneira.gal\\\/#website\",\"url\":\"https:\\\/\\\/www.anovapeneira.gal\\\/\",\"name\":\"\",\"description\":\"Xornal galego de informaci\u00f3n xeral Publicaci\u00f3n mensual de novas de Galicia e en especial dos Concellos da sur da provincia de Pontevedra.\",\"publisher\":{\"@id\":\"https:\\\/\\\/www.anovapeneira.gal\\\/#organization\"},\"potentialAction\":[{\"@type\":\"SearchAction\",\"target\":{\"@type\":\"EntryPoint\",\"urlTemplate\":\"https:\\\/\\\/www.anovapeneira.gal\\\/?s={search_term_string}\"},\"query-input\":{\"@type\":\"PropertyValueSpecification\",\"valueRequired\":true,\"valueName\":\"search_term_string\"}}],\"inLanguage\":\"gl-ES\"},{\"@type\":\"Organization\",\"@id\":\"https:\\\/\\\/www.anovapeneira.gal\\\/#organization\",\"name\":\"A Nova Peneira\",\"url\":\"https:\\\/\\\/www.anovapeneira.gal\\\/\",\"logo\":{\"@type\":\"ImageObject\",\"inLanguage\":\"gl-ES\",\"@id\":\"https:\\\/\\\/www.anovapeneira.gal\\\/#\\\/schema\\\/logo\\\/image\\\/\",\"url\":\"http:\\\/\\\/www.anovapeneira.gal\\\/wp-content\\\/uploads\\\/2019\\\/06\\\/logo_a_nova_peneira_portal_web.png\",\"contentUrl\":\"http:\\\/\\\/www.anovapeneira.gal\\\/wp-content\\\/uploads\\\/2019\\\/06\\\/logo_a_nova_peneira_portal_web.png\",\"width\":300,\"height\":100,\"caption\":\"A Nova Peneira\"},\"image\":{\"@id\":\"https:\\\/\\\/www.anovapeneira.gal\\\/#\\\/schema\\\/logo\\\/image\\\/\"},\"sameAs\":[\"https:\\\/\\\/www.facebook.com\\\/anovapeneira\",\"https:\\\/\\\/x.com\\\/APeneira\"]},{\"@type\":\"Person\",\"@id\":\"https:\\\/\\\/www.anovapeneira.gal\\\/#\\\/schema\\\/person\\\/b93e3f8932e3f8da96334607eb6ac6aa\",\"name\":\"Redacci\u00f3n A Nova Peneira\",\"image\":{\"@type\":\"ImageObject\",\"inLanguage\":\"gl-ES\",\"@id\":\"https:\\\/\\\/secure.gravatar.com\\\/avatar\\\/c052a2551a06e23fac63626232eaa90abd78dbcf1700fc46a2b2c89fd27b735f?s=96&d=mm&r=g\",\"url\":\"https:\\\/\\\/secure.gravatar.com\\\/avatar\\\/c052a2551a06e23fac63626232eaa90abd78dbcf1700fc46a2b2c89fd27b735f?s=96&d=mm&r=g\",\"contentUrl\":\"https:\\\/\\\/secure.gravatar.com\\\/avatar\\\/c052a2551a06e23fac63626232eaa90abd78dbcf1700fc46a2b2c89fd27b735f?s=96&d=mm&r=g\",\"caption\":\"Redacci\u00f3n A Nova Peneira\"},\"sameAs\":[\"http:\\\/\\\/www.anovapeneira.gal\\\/\"],\"url\":\"https:\\\/\\\/www.anovapeneira.gal\\\/index.php\\\/author\\\/redactor\\\/\"}]}<\/script>\n<!-- \/ Yoast SEO plugin. -->","yoast_head_json":{"title":"Goi\u00e1n estrea r\u00faa no barrio de Tollo co nome de Xo\u00e1n Pi\u00f1eiro, un dos seus grandes escultores -","description":"Antes da inauguraci\u00f3n do vial, tivo lugar no sal\u00f3n do Centro Goian\u00e9s a presentaci\u00f3n do libro \u201cXo\u00e1n Pi\u00f1eiro\u201d, publicado pola Fundaci\u00f3n do mesmo nome, con apoio do Concello de Tomi\u00f1o","robots":{"index":"index","follow":"follow","max-snippet":"max-snippet:-1","max-image-preview":"max-image-preview:large","max-video-preview":"max-video-preview:-1"},"canonical":"https:\/\/www.anovapeneira.gal\/index.php\/2021\/12\/06\/goian-estrea-rua-no-barrio-de-tollo-co-nome-de-xoan-pineiro-un-dos-seus-grandes-escultores\/","og_locale":"gl_ES","og_type":"article","og_title":"Goi\u00e1n estrea r\u00faa no barrio de Tollo co nome de Xo\u00e1n Pi\u00f1eiro, un dos seus grandes escultores -","og_description":"Antes da inauguraci\u00f3n do vial, tivo lugar no sal\u00f3n do Centro Goian\u00e9s a presentaci\u00f3n do libro \u201cXo\u00e1n Pi\u00f1eiro\u201d, publicado pola Fundaci\u00f3n do mesmo nome, con apoio do Concello de Tomi\u00f1o","og_url":"https:\/\/www.anovapeneira.gal\/index.php\/2021\/12\/06\/goian-estrea-rua-no-barrio-de-tollo-co-nome-de-xoan-pineiro-un-dos-seus-grandes-escultores\/","article_publisher":"https:\/\/www.facebook.com\/anovapeneira","article_published_time":"2021-12-06T11:00:11+00:00","og_image":[{"width":720,"height":432,"url":"https:\/\/www.anovapeneira.gal\/wp-content\/uploads\/2021\/12\/xoan_pineiro_goian.jpg","type":"image\/jpeg"}],"author":"Redacci\u00f3n A Nova Peneira","twitter_card":"summary_large_image","twitter_creator":"@APeneira","twitter_site":"@APeneira","twitter_misc":{"Escrito por":"Redacci\u00f3n A Nova Peneira","Tempo de lectura":"2 minutos"},"schema":{"@context":"https:\/\/schema.org","@graph":[{"@type":"Article","@id":"https:\/\/www.anovapeneira.gal\/index.php\/2021\/12\/06\/goian-estrea-rua-no-barrio-de-tollo-co-nome-de-xoan-pineiro-un-dos-seus-grandes-escultores\/#article","isPartOf":{"@id":"https:\/\/www.anovapeneira.gal\/index.php\/2021\/12\/06\/goian-estrea-rua-no-barrio-de-tollo-co-nome-de-xoan-pineiro-un-dos-seus-grandes-escultores\/"},"author":{"name":"Redacci\u00f3n A Nova Peneira","@id":"https:\/\/www.anovapeneira.gal\/#\/schema\/person\/b93e3f8932e3f8da96334607eb6ac6aa"},"headline":"Goi\u00e1n estrea r\u00faa no barrio de Tollo co nome de Xo\u00e1n Pi\u00f1eiro, un dos seus grandes escultores","datePublished":"2021-12-06T11:00:11+00:00","mainEntityOfPage":{"@id":"https:\/\/www.anovapeneira.gal\/index.php\/2021\/12\/06\/goian-estrea-rua-no-barrio-de-tollo-co-nome-de-xoan-pineiro-un-dos-seus-grandes-escultores\/"},"wordCount":473,"commentCount":0,"publisher":{"@id":"https:\/\/www.anovapeneira.gal\/#organization"},"image":{"@id":"https:\/\/www.anovapeneira.gal\/index.php\/2021\/12\/06\/goian-estrea-rua-no-barrio-de-tollo-co-nome-de-xoan-pineiro-un-dos-seus-grandes-escultores\/#primaryimage"},"thumbnailUrl":"https:\/\/www.anovapeneira.gal\/wp-content\/uploads\/2021\/12\/xoan_pineiro_goian.jpg","keywords":["Concello de Tomi\u00f1o"],"articleSection":["Baixo Mi\u00f1o"],"inLanguage":"gl-ES","potentialAction":[{"@type":"CommentAction","name":"Comment","target":["https:\/\/www.anovapeneira.gal\/index.php\/2021\/12\/06\/goian-estrea-rua-no-barrio-de-tollo-co-nome-de-xoan-pineiro-un-dos-seus-grandes-escultores\/#respond"]}]},{"@type":"WebPage","@id":"https:\/\/www.anovapeneira.gal\/index.php\/2021\/12\/06\/goian-estrea-rua-no-barrio-de-tollo-co-nome-de-xoan-pineiro-un-dos-seus-grandes-escultores\/","url":"https:\/\/www.anovapeneira.gal\/index.php\/2021\/12\/06\/goian-estrea-rua-no-barrio-de-tollo-co-nome-de-xoan-pineiro-un-dos-seus-grandes-escultores\/","name":"Goi\u00e1n estrea r\u00faa no barrio de Tollo co nome de Xo\u00e1n Pi\u00f1eiro, un dos seus grandes escultores -","isPartOf":{"@id":"https:\/\/www.anovapeneira.gal\/#website"},"primaryImageOfPage":{"@id":"https:\/\/www.anovapeneira.gal\/index.php\/2021\/12\/06\/goian-estrea-rua-no-barrio-de-tollo-co-nome-de-xoan-pineiro-un-dos-seus-grandes-escultores\/#primaryimage"},"image":{"@id":"https:\/\/www.anovapeneira.gal\/index.php\/2021\/12\/06\/goian-estrea-rua-no-barrio-de-tollo-co-nome-de-xoan-pineiro-un-dos-seus-grandes-escultores\/#primaryimage"},"thumbnailUrl":"https:\/\/www.anovapeneira.gal\/wp-content\/uploads\/2021\/12\/xoan_pineiro_goian.jpg","datePublished":"2021-12-06T11:00:11+00:00","description":"Antes da inauguraci\u00f3n do vial, tivo lugar no sal\u00f3n do Centro Goian\u00e9s a presentaci\u00f3n do libro \u201cXo\u00e1n Pi\u00f1eiro\u201d, publicado pola Fundaci\u00f3n do mesmo nome, con apoio do Concello de Tomi\u00f1o","breadcrumb":{"@id":"https:\/\/www.anovapeneira.gal\/index.php\/2021\/12\/06\/goian-estrea-rua-no-barrio-de-tollo-co-nome-de-xoan-pineiro-un-dos-seus-grandes-escultores\/#breadcrumb"},"inLanguage":"gl-ES","potentialAction":[{"@type":"ReadAction","target":["https:\/\/www.anovapeneira.gal\/index.php\/2021\/12\/06\/goian-estrea-rua-no-barrio-de-tollo-co-nome-de-xoan-pineiro-un-dos-seus-grandes-escultores\/"]}]},{"@type":"ImageObject","inLanguage":"gl-ES","@id":"https:\/\/www.anovapeneira.gal\/index.php\/2021\/12\/06\/goian-estrea-rua-no-barrio-de-tollo-co-nome-de-xoan-pineiro-un-dos-seus-grandes-escultores\/#primaryimage","url":"https:\/\/www.anovapeneira.gal\/wp-content\/uploads\/2021\/12\/xoan_pineiro_goian.jpg","contentUrl":"https:\/\/www.anovapeneira.gal\/wp-content\/uploads\/2021\/12\/xoan_pineiro_goian.jpg","width":720,"height":432,"caption":"Goi\u00e1n estrea r\u00faa no barrio de Tollo co nome de Xo\u00e1n Pi\u00f1eiro, un dos seus grandes escultores"},{"@type":"BreadcrumbList","@id":"https:\/\/www.anovapeneira.gal\/index.php\/2021\/12\/06\/goian-estrea-rua-no-barrio-de-tollo-co-nome-de-xoan-pineiro-un-dos-seus-grandes-escultores\/#breadcrumb","itemListElement":[{"@type":"ListItem","position":1,"name":"Portada","item":"https:\/\/www.anovapeneira.gal\/"},{"@type":"ListItem","position":2,"name":"Goi\u00e1n estrea r\u00faa no barrio de Tollo co nome de Xo\u00e1n Pi\u00f1eiro, un dos seus grandes escultores"}]},{"@type":"WebSite","@id":"https:\/\/www.anovapeneira.gal\/#website","url":"https:\/\/www.anovapeneira.gal\/","name":"","description":"Xornal galego de informaci\u00f3n xeral Publicaci\u00f3n mensual de novas de Galicia e en especial dos Concellos da sur da provincia de Pontevedra.","publisher":{"@id":"https:\/\/www.anovapeneira.gal\/#organization"},"potentialAction":[{"@type":"SearchAction","target":{"@type":"EntryPoint","urlTemplate":"https:\/\/www.anovapeneira.gal\/?s={search_term_string}"},"query-input":{"@type":"PropertyValueSpecification","valueRequired":true,"valueName":"search_term_string"}}],"inLanguage":"gl-ES"},{"@type":"Organization","@id":"https:\/\/www.anovapeneira.gal\/#organization","name":"A Nova Peneira","url":"https:\/\/www.anovapeneira.gal\/","logo":{"@type":"ImageObject","inLanguage":"gl-ES","@id":"https:\/\/www.anovapeneira.gal\/#\/schema\/logo\/image\/","url":"http:\/\/www.anovapeneira.gal\/wp-content\/uploads\/2019\/06\/logo_a_nova_peneira_portal_web.png","contentUrl":"http:\/\/www.anovapeneira.gal\/wp-content\/uploads\/2019\/06\/logo_a_nova_peneira_portal_web.png","width":300,"height":100,"caption":"A Nova Peneira"},"image":{"@id":"https:\/\/www.anovapeneira.gal\/#\/schema\/logo\/image\/"},"sameAs":["https:\/\/www.facebook.com\/anovapeneira","https:\/\/x.com\/APeneira"]},{"@type":"Person","@id":"https:\/\/www.anovapeneira.gal\/#\/schema\/person\/b93e3f8932e3f8da96334607eb6ac6aa","name":"Redacci\u00f3n A Nova Peneira","image":{"@type":"ImageObject","inLanguage":"gl-ES","@id":"https:\/\/secure.gravatar.com\/avatar\/c052a2551a06e23fac63626232eaa90abd78dbcf1700fc46a2b2c89fd27b735f?s=96&d=mm&r=g","url":"https:\/\/secure.gravatar.com\/avatar\/c052a2551a06e23fac63626232eaa90abd78dbcf1700fc46a2b2c89fd27b735f?s=96&d=mm&r=g","contentUrl":"https:\/\/secure.gravatar.com\/avatar\/c052a2551a06e23fac63626232eaa90abd78dbcf1700fc46a2b2c89fd27b735f?s=96&d=mm&r=g","caption":"Redacci\u00f3n A Nova Peneira"},"sameAs":["http:\/\/www.anovapeneira.gal\/"],"url":"https:\/\/www.anovapeneira.gal\/index.php\/author\/redactor\/"}]}},"jetpack_featured_media_url":"https:\/\/www.anovapeneira.gal\/wp-content\/uploads\/2021\/12\/xoan_pineiro_goian.jpg","_links":{"self":[{"href":"https:\/\/www.anovapeneira.gal\/index.php\/wp-json\/wp\/v2\/posts\/6533","targetHints":{"allow":["GET"]}}],"collection":[{"href":"https:\/\/www.anovapeneira.gal\/index.php\/wp-json\/wp\/v2\/posts"}],"about":[{"href":"https:\/\/www.anovapeneira.gal\/index.php\/wp-json\/wp\/v2\/types\/post"}],"author":[{"embeddable":true,"href":"https:\/\/www.anovapeneira.gal\/index.php\/wp-json\/wp\/v2\/users\/3"}],"replies":[{"embeddable":true,"href":"https:\/\/www.anovapeneira.gal\/index.php\/wp-json\/wp\/v2\/comments?post=6533"}],"version-history":[{"count":1,"href":"https:\/\/www.anovapeneira.gal\/index.php\/wp-json\/wp\/v2\/posts\/6533\/revisions"}],"predecessor-version":[{"id":6535,"href":"https:\/\/www.anovapeneira.gal\/index.php\/wp-json\/wp\/v2\/posts\/6533\/revisions\/6535"}],"wp:featuredmedia":[{"embeddable":true,"href":"https:\/\/www.anovapeneira.gal\/index.php\/wp-json\/wp\/v2\/media\/6534"}],"wp:attachment":[{"href":"https:\/\/www.anovapeneira.gal\/index.php\/wp-json\/wp\/v2\/media?parent=6533"}],"wp:term":[{"taxonomy":"category","embeddable":true,"href":"https:\/\/www.anovapeneira.gal\/index.php\/wp-json\/wp\/v2\/categories?post=6533"},{"taxonomy":"post_tag","embeddable":true,"href":"https:\/\/www.anovapeneira.gal\/index.php\/wp-json\/wp\/v2\/tags?post=6533"}],"curies":[{"name":"wp","href":"https:\/\/api.w.org\/{rel}","templated":true}]}}