{"id":6536,"date":"2021-12-07T10:00:24","date_gmt":"2021-12-07T09:00:24","guid":{"rendered":"https:\/\/www.anovapeneira.gal\/?p=6536"},"modified":"2021-12-01T13:21:53","modified_gmt":"2021-12-01T12:21:53","slug":"a-mesa-lamenta-que-a-nova-lei-do-audiovisual-do-estado-non-recolla-a-demanda-unanime-do-parlamento-galego","status":"publish","type":"post","link":"https:\/\/www.anovapeneira.gal\/index.php\/2021\/12\/07\/a-mesa-lamenta-que-a-nova-lei-do-audiovisual-do-estado-non-recolla-a-demanda-unanime-do-parlamento-galego\/","title":{"rendered":"A Mesa lamenta que a nova Lei do audiovisual do Estado non recolla a demanda un\u00e1nime do Parlamento Galego"},"content":{"rendered":"\n<h2 class=\"wp-block-heading\"><strong>A entidade de defensa da lingua anuncia acci\u00f3ns con outras plataformas do Estado para mellorar a Lei aprobada hoxe no Parlamento espa\u00f1ol<\/strong><\/h2>\n\n\n\n<p><strong>Compostela, 30 de novembro de 2021<\/strong><\/p>\n\n\n\n<p>A Mesa pola Normalizaci\u00f3n Ling\u00fc\u00edstica lamentou que o acordo acadado no Estado en relaci\u00f3n \u00e1 presenza das linguas oficiais na nova Lei do audiovisual non recolla a petici\u00f3n un\u00e1nime de &#8220;equidade&#8221; expresada en m\u00faltiples ocasi\u00f3ns polas forzas pol\u00edticas galegas e afirmando que &#8220;ning\u00fan acordo en Madrid sobre o audiovisual ser\u00e1 suficiente, se non se chega ao solicitado en maio polo Parlamento galego&#8221;.<\/p>\n\n\n\n<p>&#8220;Fronte ao actual 0,1% de produci\u00f3ns en galego nos cat\u00e1logos das grandes plataformas audiovisuais baixo demanda&#8221;, reco\u00f1ece o presidente da Mesa, Marcos Maceira, &#8220;calquera pos\u00edbel inclusi\u00f3n do galego nas cotas de emisi\u00f3n, a\u00ednda que sexa dilu\u00eddo no conxunto m\u00e1is amplo das denominadas&nbsp;<em>linguas cooficiais diferentes do castel\u00e1n<\/em>, \u00e9 un avance&#8221;. &#8220;Por\u00e9n&#8221;, matiza, &#8220;\u00e9 preciso lembrar como se foi reducindo desde 1985 (data de creaci\u00f3n da CRTVG) a porcentaxe global de contidos de televisi\u00f3n en galego&#8221;. Pasamos do 33% de 1985, ao 20% de 1992 ao 0,05% de 2021, se temos en conta a irrupci\u00f3n das plataformas que ademais aumentan e actualizan continuamente o seu cat\u00e1logo.<br><br>&#8220;Co 6% de cota fixada para galego, \u00e9uscaro e catal\u00e1n&#8221;, advirte Maceira, &#8220;a equidade no tratamento das linguas ficar\u00eda moi lonxe e mesmo pode ficar en nada se non garantiren condici\u00f3ns equitativas de acceso ao financiamento, polo momento s\u00f3 garantido para as produci\u00f3ns en castel\u00e1n&#8221;. &#8220;Existe ademais&#8221;, explica, &#8220;o perigo de pretender encher ese 6% exclusivamente con contidos xa producidos, o que engadido ao anterior, limitar\u00eda o acceso \u00e1 cota fixada a novas produci\u00f3ns&#8221;. &#8220;Se non se introducir nengunha modificaci\u00f3n que garanta o financiamento anticipado para as linguas diferentes do espa\u00f1ol a trav\u00e9s dos artigos 115, 116 e 117 do Anteproxecto de Lei \u00e9 a opci\u00f3n m\u00e1is prob\u00e1bel&#8221;, concl\u00fae. Outra das reivindicaci\u00f3ns da Mesa \u00e9 a necesidade de incorporar a dobraxe e da lexendaxe en galego, de xeito inmediato, \u00e1s novas produci\u00f3ns.<\/p>\n\n\n\n<p>En maio de 2021, o Parlamento de Galiza aprobou por unanimidade a&nbsp;<strong>Iniciativa Popular Xabar\u00edn<\/strong>&nbsp;impulsada pola Mesa pola Normalizaci\u00f3n Ling\u00fc\u00edstica e avalada por m\u00e1is de 33.000 sinaturas. Esta iniciativa xa solicitaba &#8220;que a nova Lei Xeral do Audiovisual reco\u00f1eza a pluralidade ling\u00fc\u00edstica como principio b\u00e1sico,&nbsp;igualando&nbsp;contidos e porcentaxes m\u00ednimas en galego e castel\u00e1n na dobraxe, lexendaxe e audiodescrici\u00f3ns, as\u00ed como no financiamento anticipado de produci\u00f3ns audiovisuais nas canles e plataformas de televisi\u00f3n lineais ou baixo demanda&#8221;. Tam\u00e9n reclamaba da Corporaci\u00f3n de Radio Televisi\u00f3n Espa\u00f1ola &#8220;que emita todos os seus contidos con opci\u00f3n dobrada ao galego&#8221;, nomeadamente na programaci\u00f3n da canle espec\u00edfica infantil e xuvenil e nos contidos da s\u00faa App.<br><br>Ademais, nas alegaci\u00f3ns presentadas pola Mesa ao Anteproxecto de Lei do Audiovisual sinal\u00e1base a necesidade de &#8220;garantir a recepci\u00f3n mutua entre Galiza e Portugal&#8221;, segundo o contemplado na Carta Europea das Linguas e o aprobado polo Congreso o febreiro pasado como punto da PNL pola igualdade promovida pola Mesa e outras entidades de defensa das linguas do Estado.<\/p>\n","protected":false},"excerpt":{"rendered":"<div class=\"mh-excerpt\"><p>A entidade de defensa da lingua anuncia acci\u00f3ns con outras plataformas do Estado para mellorar a Lei aprobada hoxe no Parlamento espa\u00f1ol <a class=\"mh-excerpt-more\" href=\"https:\/\/www.anovapeneira.gal\/index.php\/2021\/12\/07\/a-mesa-lamenta-que-a-nova-lei-do-audiovisual-do-estado-non-recolla-a-demanda-unanime-do-parlamento-galego\/\" title=\"A Mesa lamenta que a nova Lei do audiovisual do Estado non recolla a demanda un\u00e1nime do Parlamento Galego\">[&#8230;]<\/a><\/p>\n<\/div>","protected":false},"author":3,"featured_media":6539,"comment_status":"open","ping_status":"open","sticky":false,"template":"","format":"standard","meta":{"_exactmetrics_skip_tracking":false,"_exactmetrics_sitenote_active":false,"_exactmetrics_sitenote_note":"","_exactmetrics_sitenote_category":0,"footnotes":""},"categories":[263],"tags":[684],"class_list":{"0":"post-6536","1":"post","2":"type-post","3":"status-publish","4":"format-standard","5":"has-post-thumbnail","7":"category-novas","8":"tag-mesa-pola-normalizacion-linguistica-para-galicia"},"yoast_head":"<!-- This site is optimized with the Yoast SEO plugin v27.4 - https:\/\/yoast.com\/product\/yoast-seo-wordpress\/ -->\n<title>A Mesa lamenta que a nova Lei do audiovisual do Estado non recolla a demanda un\u00e1nime do Parlamento Galego -<\/title>\n<meta name=\"description\" content=\"A entidade de defensa da lingua anuncia acci\u00f3ns con outras plataformas do Estado para mellorar a Lei aprobada hoxe no Parlamento espa\u00f1ol\" \/>\n<meta name=\"robots\" content=\"index, follow, max-snippet:-1, max-image-preview:large, max-video-preview:-1\" \/>\n<link rel=\"canonical\" href=\"https:\/\/www.anovapeneira.gal\/index.php\/2021\/12\/07\/a-mesa-lamenta-que-a-nova-lei-do-audiovisual-do-estado-non-recolla-a-demanda-unanime-do-parlamento-galego\/\" \/>\n<meta property=\"og:locale\" content=\"gl_ES\" \/>\n<meta property=\"og:type\" content=\"article\" \/>\n<meta property=\"og:title\" content=\"A Mesa lamenta que a nova Lei do audiovisual do Estado non recolla a demanda un\u00e1nime do Parlamento Galego -\" \/>\n<meta property=\"og:description\" content=\"A entidade de defensa da lingua anuncia acci\u00f3ns con outras plataformas do Estado para mellorar a Lei aprobada hoxe no Parlamento espa\u00f1ol\" \/>\n<meta property=\"og:url\" content=\"https:\/\/www.anovapeneira.gal\/index.php\/2021\/12\/07\/a-mesa-lamenta-que-a-nova-lei-do-audiovisual-do-estado-non-recolla-a-demanda-unanime-do-parlamento-galego\/\" \/>\n<meta property=\"article:publisher\" content=\"https:\/\/www.facebook.com\/anovapeneira\" \/>\n<meta property=\"article:published_time\" content=\"2021-12-07T09:00:24+00:00\" \/>\n<meta property=\"og:image\" content=\"https:\/\/www.anovapeneira.gal\/wp-content\/uploads\/2021\/12\/lei_audiovisual_Estado.jpg\" \/>\n\t<meta property=\"og:image:width\" content=\"720\" \/>\n\t<meta property=\"og:image:height\" content=\"432\" \/>\n\t<meta property=\"og:image:type\" content=\"image\/jpeg\" \/>\n<meta name=\"author\" content=\"Redacci\u00f3n A Nova Peneira\" \/>\n<meta name=\"twitter:card\" content=\"summary_large_image\" \/>\n<meta name=\"twitter:creator\" content=\"@APeneira\" \/>\n<meta name=\"twitter:site\" content=\"@APeneira\" \/>\n<meta name=\"twitter:label1\" content=\"Escrito por\" \/>\n\t<meta name=\"twitter:data1\" content=\"Redacci\u00f3n A Nova Peneira\" \/>\n\t<meta name=\"twitter:label2\" content=\"Tempo de lectura\" \/>\n\t<meta name=\"twitter:data2\" content=\"3 minutos\" \/>\n<script type=\"application\/ld+json\" class=\"yoast-schema-graph\">{\"@context\":\"https:\\\/\\\/schema.org\",\"@graph\":[{\"@type\":\"Article\",\"@id\":\"https:\\\/\\\/www.anovapeneira.gal\\\/index.php\\\/2021\\\/12\\\/07\\\/a-mesa-lamenta-que-a-nova-lei-do-audiovisual-do-estado-non-recolla-a-demanda-unanime-do-parlamento-galego\\\/#article\",\"isPartOf\":{\"@id\":\"https:\\\/\\\/www.anovapeneira.gal\\\/index.php\\\/2021\\\/12\\\/07\\\/a-mesa-lamenta-que-a-nova-lei-do-audiovisual-do-estado-non-recolla-a-demanda-unanime-do-parlamento-galego\\\/\"},\"author\":{\"name\":\"Redacci\u00f3n A Nova Peneira\",\"@id\":\"https:\\\/\\\/www.anovapeneira.gal\\\/#\\\/schema\\\/person\\\/b93e3f8932e3f8da96334607eb6ac6aa\"},\"headline\":\"A Mesa lamenta que a nova Lei do audiovisual do Estado non recolla a demanda un\u00e1nime do Parlamento Galego\",\"datePublished\":\"2021-12-07T09:00:24+00:00\",\"mainEntityOfPage\":{\"@id\":\"https:\\\/\\\/www.anovapeneira.gal\\\/index.php\\\/2021\\\/12\\\/07\\\/a-mesa-lamenta-que-a-nova-lei-do-audiovisual-do-estado-non-recolla-a-demanda-unanime-do-parlamento-galego\\\/\"},\"wordCount\":564,\"commentCount\":0,\"publisher\":{\"@id\":\"https:\\\/\\\/www.anovapeneira.gal\\\/#organization\"},\"image\":{\"@id\":\"https:\\\/\\\/www.anovapeneira.gal\\\/index.php\\\/2021\\\/12\\\/07\\\/a-mesa-lamenta-que-a-nova-lei-do-audiovisual-do-estado-non-recolla-a-demanda-unanime-do-parlamento-galego\\\/#primaryimage\"},\"thumbnailUrl\":\"https:\\\/\\\/www.anovapeneira.gal\\\/wp-content\\\/uploads\\\/2021\\\/12\\\/lei_audiovisual_Estado.jpg\",\"keywords\":[\"Mesa pola normalizaci\u00f3n ling\u00fc\u00edstica para Galicia\"],\"articleSection\":[\"Novas\"],\"inLanguage\":\"gl-ES\",\"potentialAction\":[{\"@type\":\"CommentAction\",\"name\":\"Comment\",\"target\":[\"https:\\\/\\\/www.anovapeneira.gal\\\/index.php\\\/2021\\\/12\\\/07\\\/a-mesa-lamenta-que-a-nova-lei-do-audiovisual-do-estado-non-recolla-a-demanda-unanime-do-parlamento-galego\\\/#respond\"]}]},{\"@type\":\"WebPage\",\"@id\":\"https:\\\/\\\/www.anovapeneira.gal\\\/index.php\\\/2021\\\/12\\\/07\\\/a-mesa-lamenta-que-a-nova-lei-do-audiovisual-do-estado-non-recolla-a-demanda-unanime-do-parlamento-galego\\\/\",\"url\":\"https:\\\/\\\/www.anovapeneira.gal\\\/index.php\\\/2021\\\/12\\\/07\\\/a-mesa-lamenta-que-a-nova-lei-do-audiovisual-do-estado-non-recolla-a-demanda-unanime-do-parlamento-galego\\\/\",\"name\":\"A Mesa lamenta que a nova Lei do audiovisual do Estado non recolla a demanda un\u00e1nime do Parlamento Galego -\",\"isPartOf\":{\"@id\":\"https:\\\/\\\/www.anovapeneira.gal\\\/#website\"},\"primaryImageOfPage\":{\"@id\":\"https:\\\/\\\/www.anovapeneira.gal\\\/index.php\\\/2021\\\/12\\\/07\\\/a-mesa-lamenta-que-a-nova-lei-do-audiovisual-do-estado-non-recolla-a-demanda-unanime-do-parlamento-galego\\\/#primaryimage\"},\"image\":{\"@id\":\"https:\\\/\\\/www.anovapeneira.gal\\\/index.php\\\/2021\\\/12\\\/07\\\/a-mesa-lamenta-que-a-nova-lei-do-audiovisual-do-estado-non-recolla-a-demanda-unanime-do-parlamento-galego\\\/#primaryimage\"},\"thumbnailUrl\":\"https:\\\/\\\/www.anovapeneira.gal\\\/wp-content\\\/uploads\\\/2021\\\/12\\\/lei_audiovisual_Estado.jpg\",\"datePublished\":\"2021-12-07T09:00:24+00:00\",\"description\":\"A entidade de defensa da lingua anuncia acci\u00f3ns con outras plataformas do Estado para mellorar a Lei aprobada hoxe no Parlamento espa\u00f1ol\",\"breadcrumb\":{\"@id\":\"https:\\\/\\\/www.anovapeneira.gal\\\/index.php\\\/2021\\\/12\\\/07\\\/a-mesa-lamenta-que-a-nova-lei-do-audiovisual-do-estado-non-recolla-a-demanda-unanime-do-parlamento-galego\\\/#breadcrumb\"},\"inLanguage\":\"gl-ES\",\"potentialAction\":[{\"@type\":\"ReadAction\",\"target\":[\"https:\\\/\\\/www.anovapeneira.gal\\\/index.php\\\/2021\\\/12\\\/07\\\/a-mesa-lamenta-que-a-nova-lei-do-audiovisual-do-estado-non-recolla-a-demanda-unanime-do-parlamento-galego\\\/\"]}]},{\"@type\":\"ImageObject\",\"inLanguage\":\"gl-ES\",\"@id\":\"https:\\\/\\\/www.anovapeneira.gal\\\/index.php\\\/2021\\\/12\\\/07\\\/a-mesa-lamenta-que-a-nova-lei-do-audiovisual-do-estado-non-recolla-a-demanda-unanime-do-parlamento-galego\\\/#primaryimage\",\"url\":\"https:\\\/\\\/www.anovapeneira.gal\\\/wp-content\\\/uploads\\\/2021\\\/12\\\/lei_audiovisual_Estado.jpg\",\"contentUrl\":\"https:\\\/\\\/www.anovapeneira.gal\\\/wp-content\\\/uploads\\\/2021\\\/12\\\/lei_audiovisual_Estado.jpg\",\"width\":720,\"height\":432,\"caption\":\"A Mesa lamenta que a nova Lei do audiovisual do Estado non recolla a demanda un\u00e1nime do Parlamento Galego\"},{\"@type\":\"BreadcrumbList\",\"@id\":\"https:\\\/\\\/www.anovapeneira.gal\\\/index.php\\\/2021\\\/12\\\/07\\\/a-mesa-lamenta-que-a-nova-lei-do-audiovisual-do-estado-non-recolla-a-demanda-unanime-do-parlamento-galego\\\/#breadcrumb\",\"itemListElement\":[{\"@type\":\"ListItem\",\"position\":1,\"name\":\"Portada\",\"item\":\"https:\\\/\\\/www.anovapeneira.gal\\\/\"},{\"@type\":\"ListItem\",\"position\":2,\"name\":\"A Mesa lamenta que a nova Lei do audiovisual do Estado non recolla a demanda un\u00e1nime do Parlamento Galego\"}]},{\"@type\":\"WebSite\",\"@id\":\"https:\\\/\\\/www.anovapeneira.gal\\\/#website\",\"url\":\"https:\\\/\\\/www.anovapeneira.gal\\\/\",\"name\":\"\",\"description\":\"Xornal galego de informaci\u00f3n xeral Publicaci\u00f3n mensual de novas de Galicia e en especial dos Concellos da sur da provincia de Pontevedra.\",\"publisher\":{\"@id\":\"https:\\\/\\\/www.anovapeneira.gal\\\/#organization\"},\"potentialAction\":[{\"@type\":\"SearchAction\",\"target\":{\"@type\":\"EntryPoint\",\"urlTemplate\":\"https:\\\/\\\/www.anovapeneira.gal\\\/?s={search_term_string}\"},\"query-input\":{\"@type\":\"PropertyValueSpecification\",\"valueRequired\":true,\"valueName\":\"search_term_string\"}}],\"inLanguage\":\"gl-ES\"},{\"@type\":\"Organization\",\"@id\":\"https:\\\/\\\/www.anovapeneira.gal\\\/#organization\",\"name\":\"A Nova Peneira\",\"url\":\"https:\\\/\\\/www.anovapeneira.gal\\\/\",\"logo\":{\"@type\":\"ImageObject\",\"inLanguage\":\"gl-ES\",\"@id\":\"https:\\\/\\\/www.anovapeneira.gal\\\/#\\\/schema\\\/logo\\\/image\\\/\",\"url\":\"http:\\\/\\\/www.anovapeneira.gal\\\/wp-content\\\/uploads\\\/2019\\\/06\\\/logo_a_nova_peneira_portal_web.png\",\"contentUrl\":\"http:\\\/\\\/www.anovapeneira.gal\\\/wp-content\\\/uploads\\\/2019\\\/06\\\/logo_a_nova_peneira_portal_web.png\",\"width\":300,\"height\":100,\"caption\":\"A Nova Peneira\"},\"image\":{\"@id\":\"https:\\\/\\\/www.anovapeneira.gal\\\/#\\\/schema\\\/logo\\\/image\\\/\"},\"sameAs\":[\"https:\\\/\\\/www.facebook.com\\\/anovapeneira\",\"https:\\\/\\\/x.com\\\/APeneira\"]},{\"@type\":\"Person\",\"@id\":\"https:\\\/\\\/www.anovapeneira.gal\\\/#\\\/schema\\\/person\\\/b93e3f8932e3f8da96334607eb6ac6aa\",\"name\":\"Redacci\u00f3n A Nova Peneira\",\"image\":{\"@type\":\"ImageObject\",\"inLanguage\":\"gl-ES\",\"@id\":\"https:\\\/\\\/secure.gravatar.com\\\/avatar\\\/c052a2551a06e23fac63626232eaa90abd78dbcf1700fc46a2b2c89fd27b735f?s=96&d=mm&r=g\",\"url\":\"https:\\\/\\\/secure.gravatar.com\\\/avatar\\\/c052a2551a06e23fac63626232eaa90abd78dbcf1700fc46a2b2c89fd27b735f?s=96&d=mm&r=g\",\"contentUrl\":\"https:\\\/\\\/secure.gravatar.com\\\/avatar\\\/c052a2551a06e23fac63626232eaa90abd78dbcf1700fc46a2b2c89fd27b735f?s=96&d=mm&r=g\",\"caption\":\"Redacci\u00f3n A Nova Peneira\"},\"sameAs\":[\"http:\\\/\\\/www.anovapeneira.gal\\\/\"],\"url\":\"https:\\\/\\\/www.anovapeneira.gal\\\/index.php\\\/author\\\/redactor\\\/\"}]}<\/script>\n<!-- \/ Yoast SEO plugin. -->","yoast_head_json":{"title":"A Mesa lamenta que a nova Lei do audiovisual do Estado non recolla a demanda un\u00e1nime do Parlamento Galego -","description":"A entidade de defensa da lingua anuncia acci\u00f3ns con outras plataformas do Estado para mellorar a Lei aprobada hoxe no Parlamento espa\u00f1ol","robots":{"index":"index","follow":"follow","max-snippet":"max-snippet:-1","max-image-preview":"max-image-preview:large","max-video-preview":"max-video-preview:-1"},"canonical":"https:\/\/www.anovapeneira.gal\/index.php\/2021\/12\/07\/a-mesa-lamenta-que-a-nova-lei-do-audiovisual-do-estado-non-recolla-a-demanda-unanime-do-parlamento-galego\/","og_locale":"gl_ES","og_type":"article","og_title":"A Mesa lamenta que a nova Lei do audiovisual do Estado non recolla a demanda un\u00e1nime do Parlamento Galego -","og_description":"A entidade de defensa da lingua anuncia acci\u00f3ns con outras plataformas do Estado para mellorar a Lei aprobada hoxe no Parlamento espa\u00f1ol","og_url":"https:\/\/www.anovapeneira.gal\/index.php\/2021\/12\/07\/a-mesa-lamenta-que-a-nova-lei-do-audiovisual-do-estado-non-recolla-a-demanda-unanime-do-parlamento-galego\/","article_publisher":"https:\/\/www.facebook.com\/anovapeneira","article_published_time":"2021-12-07T09:00:24+00:00","og_image":[{"width":720,"height":432,"url":"https:\/\/www.anovapeneira.gal\/wp-content\/uploads\/2021\/12\/lei_audiovisual_Estado.jpg","type":"image\/jpeg"}],"author":"Redacci\u00f3n A Nova Peneira","twitter_card":"summary_large_image","twitter_creator":"@APeneira","twitter_site":"@APeneira","twitter_misc":{"Escrito por":"Redacci\u00f3n A Nova Peneira","Tempo de lectura":"3 minutos"},"schema":{"@context":"https:\/\/schema.org","@graph":[{"@type":"Article","@id":"https:\/\/www.anovapeneira.gal\/index.php\/2021\/12\/07\/a-mesa-lamenta-que-a-nova-lei-do-audiovisual-do-estado-non-recolla-a-demanda-unanime-do-parlamento-galego\/#article","isPartOf":{"@id":"https:\/\/www.anovapeneira.gal\/index.php\/2021\/12\/07\/a-mesa-lamenta-que-a-nova-lei-do-audiovisual-do-estado-non-recolla-a-demanda-unanime-do-parlamento-galego\/"},"author":{"name":"Redacci\u00f3n A Nova Peneira","@id":"https:\/\/www.anovapeneira.gal\/#\/schema\/person\/b93e3f8932e3f8da96334607eb6ac6aa"},"headline":"A Mesa lamenta que a nova Lei do audiovisual do Estado non recolla a demanda un\u00e1nime do Parlamento Galego","datePublished":"2021-12-07T09:00:24+00:00","mainEntityOfPage":{"@id":"https:\/\/www.anovapeneira.gal\/index.php\/2021\/12\/07\/a-mesa-lamenta-que-a-nova-lei-do-audiovisual-do-estado-non-recolla-a-demanda-unanime-do-parlamento-galego\/"},"wordCount":564,"commentCount":0,"publisher":{"@id":"https:\/\/www.anovapeneira.gal\/#organization"},"image":{"@id":"https:\/\/www.anovapeneira.gal\/index.php\/2021\/12\/07\/a-mesa-lamenta-que-a-nova-lei-do-audiovisual-do-estado-non-recolla-a-demanda-unanime-do-parlamento-galego\/#primaryimage"},"thumbnailUrl":"https:\/\/www.anovapeneira.gal\/wp-content\/uploads\/2021\/12\/lei_audiovisual_Estado.jpg","keywords":["Mesa pola normalizaci\u00f3n ling\u00fc\u00edstica para Galicia"],"articleSection":["Novas"],"inLanguage":"gl-ES","potentialAction":[{"@type":"CommentAction","name":"Comment","target":["https:\/\/www.anovapeneira.gal\/index.php\/2021\/12\/07\/a-mesa-lamenta-que-a-nova-lei-do-audiovisual-do-estado-non-recolla-a-demanda-unanime-do-parlamento-galego\/#respond"]}]},{"@type":"WebPage","@id":"https:\/\/www.anovapeneira.gal\/index.php\/2021\/12\/07\/a-mesa-lamenta-que-a-nova-lei-do-audiovisual-do-estado-non-recolla-a-demanda-unanime-do-parlamento-galego\/","url":"https:\/\/www.anovapeneira.gal\/index.php\/2021\/12\/07\/a-mesa-lamenta-que-a-nova-lei-do-audiovisual-do-estado-non-recolla-a-demanda-unanime-do-parlamento-galego\/","name":"A Mesa lamenta que a nova Lei do audiovisual do Estado non recolla a demanda un\u00e1nime do Parlamento Galego -","isPartOf":{"@id":"https:\/\/www.anovapeneira.gal\/#website"},"primaryImageOfPage":{"@id":"https:\/\/www.anovapeneira.gal\/index.php\/2021\/12\/07\/a-mesa-lamenta-que-a-nova-lei-do-audiovisual-do-estado-non-recolla-a-demanda-unanime-do-parlamento-galego\/#primaryimage"},"image":{"@id":"https:\/\/www.anovapeneira.gal\/index.php\/2021\/12\/07\/a-mesa-lamenta-que-a-nova-lei-do-audiovisual-do-estado-non-recolla-a-demanda-unanime-do-parlamento-galego\/#primaryimage"},"thumbnailUrl":"https:\/\/www.anovapeneira.gal\/wp-content\/uploads\/2021\/12\/lei_audiovisual_Estado.jpg","datePublished":"2021-12-07T09:00:24+00:00","description":"A entidade de defensa da lingua anuncia acci\u00f3ns con outras plataformas do Estado para mellorar a Lei aprobada hoxe no Parlamento espa\u00f1ol","breadcrumb":{"@id":"https:\/\/www.anovapeneira.gal\/index.php\/2021\/12\/07\/a-mesa-lamenta-que-a-nova-lei-do-audiovisual-do-estado-non-recolla-a-demanda-unanime-do-parlamento-galego\/#breadcrumb"},"inLanguage":"gl-ES","potentialAction":[{"@type":"ReadAction","target":["https:\/\/www.anovapeneira.gal\/index.php\/2021\/12\/07\/a-mesa-lamenta-que-a-nova-lei-do-audiovisual-do-estado-non-recolla-a-demanda-unanime-do-parlamento-galego\/"]}]},{"@type":"ImageObject","inLanguage":"gl-ES","@id":"https:\/\/www.anovapeneira.gal\/index.php\/2021\/12\/07\/a-mesa-lamenta-que-a-nova-lei-do-audiovisual-do-estado-non-recolla-a-demanda-unanime-do-parlamento-galego\/#primaryimage","url":"https:\/\/www.anovapeneira.gal\/wp-content\/uploads\/2021\/12\/lei_audiovisual_Estado.jpg","contentUrl":"https:\/\/www.anovapeneira.gal\/wp-content\/uploads\/2021\/12\/lei_audiovisual_Estado.jpg","width":720,"height":432,"caption":"A Mesa lamenta que a nova Lei do audiovisual do Estado non recolla a demanda un\u00e1nime do Parlamento Galego"},{"@type":"BreadcrumbList","@id":"https:\/\/www.anovapeneira.gal\/index.php\/2021\/12\/07\/a-mesa-lamenta-que-a-nova-lei-do-audiovisual-do-estado-non-recolla-a-demanda-unanime-do-parlamento-galego\/#breadcrumb","itemListElement":[{"@type":"ListItem","position":1,"name":"Portada","item":"https:\/\/www.anovapeneira.gal\/"},{"@type":"ListItem","position":2,"name":"A Mesa lamenta que a nova Lei do audiovisual do Estado non recolla a demanda un\u00e1nime do Parlamento Galego"}]},{"@type":"WebSite","@id":"https:\/\/www.anovapeneira.gal\/#website","url":"https:\/\/www.anovapeneira.gal\/","name":"","description":"Xornal galego de informaci\u00f3n xeral Publicaci\u00f3n mensual de novas de Galicia e en especial dos Concellos da sur da provincia de Pontevedra.","publisher":{"@id":"https:\/\/www.anovapeneira.gal\/#organization"},"potentialAction":[{"@type":"SearchAction","target":{"@type":"EntryPoint","urlTemplate":"https:\/\/www.anovapeneira.gal\/?s={search_term_string}"},"query-input":{"@type":"PropertyValueSpecification","valueRequired":true,"valueName":"search_term_string"}}],"inLanguage":"gl-ES"},{"@type":"Organization","@id":"https:\/\/www.anovapeneira.gal\/#organization","name":"A Nova Peneira","url":"https:\/\/www.anovapeneira.gal\/","logo":{"@type":"ImageObject","inLanguage":"gl-ES","@id":"https:\/\/www.anovapeneira.gal\/#\/schema\/logo\/image\/","url":"http:\/\/www.anovapeneira.gal\/wp-content\/uploads\/2019\/06\/logo_a_nova_peneira_portal_web.png","contentUrl":"http:\/\/www.anovapeneira.gal\/wp-content\/uploads\/2019\/06\/logo_a_nova_peneira_portal_web.png","width":300,"height":100,"caption":"A Nova Peneira"},"image":{"@id":"https:\/\/www.anovapeneira.gal\/#\/schema\/logo\/image\/"},"sameAs":["https:\/\/www.facebook.com\/anovapeneira","https:\/\/x.com\/APeneira"]},{"@type":"Person","@id":"https:\/\/www.anovapeneira.gal\/#\/schema\/person\/b93e3f8932e3f8da96334607eb6ac6aa","name":"Redacci\u00f3n A Nova Peneira","image":{"@type":"ImageObject","inLanguage":"gl-ES","@id":"https:\/\/secure.gravatar.com\/avatar\/c052a2551a06e23fac63626232eaa90abd78dbcf1700fc46a2b2c89fd27b735f?s=96&d=mm&r=g","url":"https:\/\/secure.gravatar.com\/avatar\/c052a2551a06e23fac63626232eaa90abd78dbcf1700fc46a2b2c89fd27b735f?s=96&d=mm&r=g","contentUrl":"https:\/\/secure.gravatar.com\/avatar\/c052a2551a06e23fac63626232eaa90abd78dbcf1700fc46a2b2c89fd27b735f?s=96&d=mm&r=g","caption":"Redacci\u00f3n A Nova Peneira"},"sameAs":["http:\/\/www.anovapeneira.gal\/"],"url":"https:\/\/www.anovapeneira.gal\/index.php\/author\/redactor\/"}]}},"jetpack_featured_media_url":"https:\/\/www.anovapeneira.gal\/wp-content\/uploads\/2021\/12\/lei_audiovisual_Estado.jpg","_links":{"self":[{"href":"https:\/\/www.anovapeneira.gal\/index.php\/wp-json\/wp\/v2\/posts\/6536","targetHints":{"allow":["GET"]}}],"collection":[{"href":"https:\/\/www.anovapeneira.gal\/index.php\/wp-json\/wp\/v2\/posts"}],"about":[{"href":"https:\/\/www.anovapeneira.gal\/index.php\/wp-json\/wp\/v2\/types\/post"}],"author":[{"embeddable":true,"href":"https:\/\/www.anovapeneira.gal\/index.php\/wp-json\/wp\/v2\/users\/3"}],"replies":[{"embeddable":true,"href":"https:\/\/www.anovapeneira.gal\/index.php\/wp-json\/wp\/v2\/comments?post=6536"}],"version-history":[{"count":2,"href":"https:\/\/www.anovapeneira.gal\/index.php\/wp-json\/wp\/v2\/posts\/6536\/revisions"}],"predecessor-version":[{"id":6538,"href":"https:\/\/www.anovapeneira.gal\/index.php\/wp-json\/wp\/v2\/posts\/6536\/revisions\/6538"}],"wp:featuredmedia":[{"embeddable":true,"href":"https:\/\/www.anovapeneira.gal\/index.php\/wp-json\/wp\/v2\/media\/6539"}],"wp:attachment":[{"href":"https:\/\/www.anovapeneira.gal\/index.php\/wp-json\/wp\/v2\/media?parent=6536"}],"wp:term":[{"taxonomy":"category","embeddable":true,"href":"https:\/\/www.anovapeneira.gal\/index.php\/wp-json\/wp\/v2\/categories?post=6536"},{"taxonomy":"post_tag","embeddable":true,"href":"https:\/\/www.anovapeneira.gal\/index.php\/wp-json\/wp\/v2\/tags?post=6536"}],"curies":[{"name":"wp","href":"https:\/\/api.w.org\/{rel}","templated":true}]}}