{"id":6540,"date":"2021-12-08T10:00:12","date_gmt":"2021-12-08T09:00:12","guid":{"rendered":"https:\/\/www.anovapeneira.gal\/?p=6540"},"modified":"2021-12-02T13:46:28","modified_gmt":"2021-12-02T12:46:28","slug":"gondomar-fibra-xa-presenta-en-movistar-preto-de-1-800-sinaturas-de-protesta-polo-deficiente-servizo-de-internet-no-concello","status":"publish","type":"post","link":"https:\/\/www.anovapeneira.gal\/index.php\/2021\/12\/08\/gondomar-fibra-xa-presenta-en-movistar-preto-de-1-800-sinaturas-de-protesta-polo-deficiente-servizo-de-internet-no-concello\/","title":{"rendered":"Gondomar Fibra Xa! presenta en Movistar preto de 1.800 sinaturas de protesta polo deficiente servizo de internet no concello"},"content":{"rendered":"\n<h2 class=\"wp-block-heading\"><strong>A Plataforma esixe que a empresa cumpra o contrato de implantaci\u00f3n da fibra \u00f3ptica\u00a0que ten como data de finalizaci\u00f3n decembro deste ano<\/strong><\/h2>\n\n\n\n<p><strong>Gondomar, 25 de novembro de 2021<\/strong><\/p>\n\n\n\n<p> A Plataforma Gondomar, Fibra Xa! ven de presentar en Movistar (marca comercial de Telef\u00f3nica de Espa\u00f1a, S.A.), preto de 1.800 sinaturas de protesta polo deficiente servizo de internet no concello. Parte delas son reclamaci\u00f3ns ante o incumprimento das condici\u00f3ns do contrato, e que ser\u00e1n presentadas diante do Servizo Galego de Consumo, onde as persoas usuarias denuncian que est\u00e1n a pagar por un servizo que non reciben, como demostran en documentos aportados.<\/p>\n\n\n\n<p>Ademais, esixen que a empresa cumpra o contrato de implantaci\u00f3n da fibra \u00f3ptica que ten como data de finalizaci\u00f3n decembro deste ano. Recentemente a Plafaforma tivo acceso a unha resposta do goberno do Estado, de 28 de outubro, en que di que&nbsp;<strong>o proxecto TSI-061000-2019-108, executado polo operador TELEF\u00d3NICA DE ESPA\u00d1A, S.A.<\/strong>, que ten como obxectivo proporcionar cobertura de servizos de velocidade superiores a 100 Mbps, e que no caso de Gondomar contempla 55 zonas brancas,&nbsp;<strong>ten como data de finalizaci\u00f3n prevista<\/strong>&nbsp;<strong>decembro de 2021<\/strong>, t\u00e9rmino que tam\u00e9n anunciou a propia empresa no mes de maio,&nbsp;<strong>e que non se lle concedeu ningunha pr\u00f3rroga<\/strong>. &#8220;M\u00e1is o certo \u00e9 que estamos a rematar novembro e non semella que se vaia materializar en prazo&#8221;, afirman desde a Plataforma.<\/p>\n\n\n\n<p>Nas reclamaci\u00f3ns recollidas, as persoas usuarias denuncian que os servizos de acceso a internet no concello de Gondomar son lamentables: disfuncionais, saturados e obsoletos. Esta situaci\u00f3n impide o uso normal da conexi\u00f3n, fai inviable traballar ou estudar a distancia con normalidade, e vulnera o dereito da veci\u00f1anza de Gondomar a competir en igualdade de condici\u00f3ns que outras zonas, constitu\u00edndo unha verdadeira fenda dixital.<\/p>\n\n\n\n<p>Tam\u00e9n denuncian que est\u00e1n a pagar por un servizo que non reciben da empresa coa que o te\u00f1en contratado. Na maior\u00eda dos casos a empresa ofrece unha prestaci\u00f3n que, de maneira sistem\u00e1tica, incumpre, mais iso non se traduce nun desconto ou abaratamento no recibo mensual. Nalg\u00fans casos acompa\u00f1an as reclamaci\u00f3ns con imaxes de medici\u00f3ns das velocidades de subida e baixada de datos nos seus domicilios, con resultados que demostran esa denuncia. E por iso que nas reclamaci\u00f3ns recollen que Movistar proceda a subministrar un servizo de calidade, e que, mentres non poida garantilo, proceda a reducir o custe do mesmo en funci\u00f3n do que realmente pode prestar, aplicando un desconto na facturaci\u00f3n mensual.&nbsp;<\/p>\n","protected":false},"excerpt":{"rendered":"<div class=\"mh-excerpt\"><p>A plataforma esixe que a empresa cumpra o contrato de implantaci\u00f3n da fibra \u00f3ptica\u00a0que ten como data de finalizaci\u00f3n decembro deste ano <a class=\"mh-excerpt-more\" href=\"https:\/\/www.anovapeneira.gal\/index.php\/2021\/12\/08\/gondomar-fibra-xa-presenta-en-movistar-preto-de-1-800-sinaturas-de-protesta-polo-deficiente-servizo-de-internet-no-concello\/\" title=\"Gondomar Fibra Xa! presenta en Movistar preto de 1.800 sinaturas de protesta polo deficiente servizo de internet no concello\">[&#8230;]<\/a><\/p>\n<\/div>","protected":false},"author":3,"featured_media":3901,"comment_status":"open","ping_status":"open","sticky":false,"template":"","format":"standard","meta":{"_exactmetrics_skip_tracking":false,"_exactmetrics_sitenote_active":false,"_exactmetrics_sitenote_note":"","_exactmetrics_sitenote_category":0,"footnotes":""},"categories":[20],"tags":[149],"class_list":{"0":"post-6540","1":"post","2":"type-post","3":"status-publish","4":"format-standard","5":"has-post-thumbnail","7":"category-val-minor","8":"tag-concello-de-gondomar"},"yoast_head":"<!-- This site is optimized with the Yoast SEO plugin v27.4 - https:\/\/yoast.com\/product\/yoast-seo-wordpress\/ -->\n<title>Gondomar Fibra Xa! presenta en Movistar preto de 1.800 sinaturas de protesta polo deficiente servizo de internet no concello -<\/title>\n<meta name=\"description\" content=\"A plataforma esixe que a empresa cumpra o contrato de implantaci\u00f3n da fibra \u00f3ptica\u00a0que ten como data de finalizaci\u00f3n decembro deste ano\" \/>\n<meta name=\"robots\" content=\"index, follow, max-snippet:-1, max-image-preview:large, max-video-preview:-1\" \/>\n<link rel=\"canonical\" href=\"https:\/\/www.anovapeneira.gal\/index.php\/2021\/12\/08\/gondomar-fibra-xa-presenta-en-movistar-preto-de-1-800-sinaturas-de-protesta-polo-deficiente-servizo-de-internet-no-concello\/\" \/>\n<meta property=\"og:locale\" content=\"gl_ES\" \/>\n<meta property=\"og:type\" content=\"article\" \/>\n<meta property=\"og:title\" content=\"Gondomar Fibra Xa! presenta en Movistar preto de 1.800 sinaturas de protesta polo deficiente servizo de internet no concello -\" \/>\n<meta property=\"og:description\" content=\"A plataforma esixe que a empresa cumpra o contrato de implantaci\u00f3n da fibra \u00f3ptica\u00a0que ten como data de finalizaci\u00f3n decembro deste ano\" \/>\n<meta property=\"og:url\" content=\"https:\/\/www.anovapeneira.gal\/index.php\/2021\/12\/08\/gondomar-fibra-xa-presenta-en-movistar-preto-de-1-800-sinaturas-de-protesta-polo-deficiente-servizo-de-internet-no-concello\/\" \/>\n<meta property=\"article:publisher\" content=\"https:\/\/www.facebook.com\/anovapeneira\" \/>\n<meta property=\"article:published_time\" content=\"2021-12-08T09:00:12+00:00\" \/>\n<meta property=\"og:image\" content=\"https:\/\/www.anovapeneira.gal\/wp-content\/uploads\/2020\/09\/concello_gondomar.jpg\" \/>\n\t<meta property=\"og:image:width\" content=\"720\" \/>\n\t<meta property=\"og:image:height\" content=\"432\" \/>\n\t<meta property=\"og:image:type\" content=\"image\/jpeg\" \/>\n<meta name=\"author\" content=\"Redacci\u00f3n A Nova Peneira\" \/>\n<meta name=\"twitter:card\" content=\"summary_large_image\" \/>\n<meta name=\"twitter:creator\" content=\"@APeneira\" \/>\n<meta name=\"twitter:site\" content=\"@APeneira\" \/>\n<meta name=\"twitter:label1\" content=\"Escrito por\" \/>\n\t<meta name=\"twitter:data1\" content=\"Redacci\u00f3n A Nova Peneira\" \/>\n\t<meta name=\"twitter:label2\" content=\"Tempo de lectura\" \/>\n\t<meta name=\"twitter:data2\" content=\"2 minutos\" \/>\n<script type=\"application\/ld+json\" class=\"yoast-schema-graph\">{\"@context\":\"https:\\\/\\\/schema.org\",\"@graph\":[{\"@type\":\"Article\",\"@id\":\"https:\\\/\\\/www.anovapeneira.gal\\\/index.php\\\/2021\\\/12\\\/08\\\/gondomar-fibra-xa-presenta-en-movistar-preto-de-1-800-sinaturas-de-protesta-polo-deficiente-servizo-de-internet-no-concello\\\/#article\",\"isPartOf\":{\"@id\":\"https:\\\/\\\/www.anovapeneira.gal\\\/index.php\\\/2021\\\/12\\\/08\\\/gondomar-fibra-xa-presenta-en-movistar-preto-de-1-800-sinaturas-de-protesta-polo-deficiente-servizo-de-internet-no-concello\\\/\"},\"author\":{\"name\":\"Redacci\u00f3n A Nova Peneira\",\"@id\":\"https:\\\/\\\/www.anovapeneira.gal\\\/#\\\/schema\\\/person\\\/b93e3f8932e3f8da96334607eb6ac6aa\"},\"headline\":\"Gondomar Fibra Xa! presenta en Movistar preto de 1.800 sinaturas de protesta polo deficiente servizo de internet no concello\",\"datePublished\":\"2021-12-08T09:00:12+00:00\",\"mainEntityOfPage\":{\"@id\":\"https:\\\/\\\/www.anovapeneira.gal\\\/index.php\\\/2021\\\/12\\\/08\\\/gondomar-fibra-xa-presenta-en-movistar-preto-de-1-800-sinaturas-de-protesta-polo-deficiente-servizo-de-internet-no-concello\\\/\"},\"wordCount\":457,\"commentCount\":0,\"publisher\":{\"@id\":\"https:\\\/\\\/www.anovapeneira.gal\\\/#organization\"},\"image\":{\"@id\":\"https:\\\/\\\/www.anovapeneira.gal\\\/index.php\\\/2021\\\/12\\\/08\\\/gondomar-fibra-xa-presenta-en-movistar-preto-de-1-800-sinaturas-de-protesta-polo-deficiente-servizo-de-internet-no-concello\\\/#primaryimage\"},\"thumbnailUrl\":\"https:\\\/\\\/www.anovapeneira.gal\\\/wp-content\\\/uploads\\\/2020\\\/09\\\/concello_gondomar.jpg\",\"keywords\":[\"Concello de Gondomar\"],\"articleSection\":[\"Val Mi\u00f1or\"],\"inLanguage\":\"gl-ES\",\"potentialAction\":[{\"@type\":\"CommentAction\",\"name\":\"Comment\",\"target\":[\"https:\\\/\\\/www.anovapeneira.gal\\\/index.php\\\/2021\\\/12\\\/08\\\/gondomar-fibra-xa-presenta-en-movistar-preto-de-1-800-sinaturas-de-protesta-polo-deficiente-servizo-de-internet-no-concello\\\/#respond\"]}]},{\"@type\":\"WebPage\",\"@id\":\"https:\\\/\\\/www.anovapeneira.gal\\\/index.php\\\/2021\\\/12\\\/08\\\/gondomar-fibra-xa-presenta-en-movistar-preto-de-1-800-sinaturas-de-protesta-polo-deficiente-servizo-de-internet-no-concello\\\/\",\"url\":\"https:\\\/\\\/www.anovapeneira.gal\\\/index.php\\\/2021\\\/12\\\/08\\\/gondomar-fibra-xa-presenta-en-movistar-preto-de-1-800-sinaturas-de-protesta-polo-deficiente-servizo-de-internet-no-concello\\\/\",\"name\":\"Gondomar Fibra Xa! presenta en Movistar preto de 1.800 sinaturas de protesta polo deficiente servizo de internet no concello -\",\"isPartOf\":{\"@id\":\"https:\\\/\\\/www.anovapeneira.gal\\\/#website\"},\"primaryImageOfPage\":{\"@id\":\"https:\\\/\\\/www.anovapeneira.gal\\\/index.php\\\/2021\\\/12\\\/08\\\/gondomar-fibra-xa-presenta-en-movistar-preto-de-1-800-sinaturas-de-protesta-polo-deficiente-servizo-de-internet-no-concello\\\/#primaryimage\"},\"image\":{\"@id\":\"https:\\\/\\\/www.anovapeneira.gal\\\/index.php\\\/2021\\\/12\\\/08\\\/gondomar-fibra-xa-presenta-en-movistar-preto-de-1-800-sinaturas-de-protesta-polo-deficiente-servizo-de-internet-no-concello\\\/#primaryimage\"},\"thumbnailUrl\":\"https:\\\/\\\/www.anovapeneira.gal\\\/wp-content\\\/uploads\\\/2020\\\/09\\\/concello_gondomar.jpg\",\"datePublished\":\"2021-12-08T09:00:12+00:00\",\"description\":\"A plataforma esixe que a empresa cumpra o contrato de implantaci\u00f3n da fibra \u00f3ptica\u00a0que ten como data de finalizaci\u00f3n decembro deste ano\",\"breadcrumb\":{\"@id\":\"https:\\\/\\\/www.anovapeneira.gal\\\/index.php\\\/2021\\\/12\\\/08\\\/gondomar-fibra-xa-presenta-en-movistar-preto-de-1-800-sinaturas-de-protesta-polo-deficiente-servizo-de-internet-no-concello\\\/#breadcrumb\"},\"inLanguage\":\"gl-ES\",\"potentialAction\":[{\"@type\":\"ReadAction\",\"target\":[\"https:\\\/\\\/www.anovapeneira.gal\\\/index.php\\\/2021\\\/12\\\/08\\\/gondomar-fibra-xa-presenta-en-movistar-preto-de-1-800-sinaturas-de-protesta-polo-deficiente-servizo-de-internet-no-concello\\\/\"]}]},{\"@type\":\"ImageObject\",\"inLanguage\":\"gl-ES\",\"@id\":\"https:\\\/\\\/www.anovapeneira.gal\\\/index.php\\\/2021\\\/12\\\/08\\\/gondomar-fibra-xa-presenta-en-movistar-preto-de-1-800-sinaturas-de-protesta-polo-deficiente-servizo-de-internet-no-concello\\\/#primaryimage\",\"url\":\"https:\\\/\\\/www.anovapeneira.gal\\\/wp-content\\\/uploads\\\/2020\\\/09\\\/concello_gondomar.jpg\",\"contentUrl\":\"https:\\\/\\\/www.anovapeneira.gal\\\/wp-content\\\/uploads\\\/2020\\\/09\\\/concello_gondomar.jpg\",\"width\":720,\"height\":432,\"caption\":\"Concello de Gondomar\"},{\"@type\":\"BreadcrumbList\",\"@id\":\"https:\\\/\\\/www.anovapeneira.gal\\\/index.php\\\/2021\\\/12\\\/08\\\/gondomar-fibra-xa-presenta-en-movistar-preto-de-1-800-sinaturas-de-protesta-polo-deficiente-servizo-de-internet-no-concello\\\/#breadcrumb\",\"itemListElement\":[{\"@type\":\"ListItem\",\"position\":1,\"name\":\"Portada\",\"item\":\"https:\\\/\\\/www.anovapeneira.gal\\\/\"},{\"@type\":\"ListItem\",\"position\":2,\"name\":\"Gondomar Fibra Xa! presenta en Movistar preto de 1.800 sinaturas de protesta polo deficiente servizo de internet no concello\"}]},{\"@type\":\"WebSite\",\"@id\":\"https:\\\/\\\/www.anovapeneira.gal\\\/#website\",\"url\":\"https:\\\/\\\/www.anovapeneira.gal\\\/\",\"name\":\"\",\"description\":\"Xornal galego de informaci\u00f3n xeral Publicaci\u00f3n mensual de novas de Galicia e en especial dos Concellos da sur da provincia de Pontevedra.\",\"publisher\":{\"@id\":\"https:\\\/\\\/www.anovapeneira.gal\\\/#organization\"},\"potentialAction\":[{\"@type\":\"SearchAction\",\"target\":{\"@type\":\"EntryPoint\",\"urlTemplate\":\"https:\\\/\\\/www.anovapeneira.gal\\\/?s={search_term_string}\"},\"query-input\":{\"@type\":\"PropertyValueSpecification\",\"valueRequired\":true,\"valueName\":\"search_term_string\"}}],\"inLanguage\":\"gl-ES\"},{\"@type\":\"Organization\",\"@id\":\"https:\\\/\\\/www.anovapeneira.gal\\\/#organization\",\"name\":\"A Nova Peneira\",\"url\":\"https:\\\/\\\/www.anovapeneira.gal\\\/\",\"logo\":{\"@type\":\"ImageObject\",\"inLanguage\":\"gl-ES\",\"@id\":\"https:\\\/\\\/www.anovapeneira.gal\\\/#\\\/schema\\\/logo\\\/image\\\/\",\"url\":\"http:\\\/\\\/www.anovapeneira.gal\\\/wp-content\\\/uploads\\\/2019\\\/06\\\/logo_a_nova_peneira_portal_web.png\",\"contentUrl\":\"http:\\\/\\\/www.anovapeneira.gal\\\/wp-content\\\/uploads\\\/2019\\\/06\\\/logo_a_nova_peneira_portal_web.png\",\"width\":300,\"height\":100,\"caption\":\"A Nova Peneira\"},\"image\":{\"@id\":\"https:\\\/\\\/www.anovapeneira.gal\\\/#\\\/schema\\\/logo\\\/image\\\/\"},\"sameAs\":[\"https:\\\/\\\/www.facebook.com\\\/anovapeneira\",\"https:\\\/\\\/x.com\\\/APeneira\"]},{\"@type\":\"Person\",\"@id\":\"https:\\\/\\\/www.anovapeneira.gal\\\/#\\\/schema\\\/person\\\/b93e3f8932e3f8da96334607eb6ac6aa\",\"name\":\"Redacci\u00f3n A Nova Peneira\",\"image\":{\"@type\":\"ImageObject\",\"inLanguage\":\"gl-ES\",\"@id\":\"https:\\\/\\\/secure.gravatar.com\\\/avatar\\\/c052a2551a06e23fac63626232eaa90abd78dbcf1700fc46a2b2c89fd27b735f?s=96&d=mm&r=g\",\"url\":\"https:\\\/\\\/secure.gravatar.com\\\/avatar\\\/c052a2551a06e23fac63626232eaa90abd78dbcf1700fc46a2b2c89fd27b735f?s=96&d=mm&r=g\",\"contentUrl\":\"https:\\\/\\\/secure.gravatar.com\\\/avatar\\\/c052a2551a06e23fac63626232eaa90abd78dbcf1700fc46a2b2c89fd27b735f?s=96&d=mm&r=g\",\"caption\":\"Redacci\u00f3n A Nova Peneira\"},\"sameAs\":[\"http:\\\/\\\/www.anovapeneira.gal\\\/\"],\"url\":\"https:\\\/\\\/www.anovapeneira.gal\\\/index.php\\\/author\\\/redactor\\\/\"}]}<\/script>\n<!-- \/ Yoast SEO plugin. -->","yoast_head_json":{"title":"Gondomar Fibra Xa! presenta en Movistar preto de 1.800 sinaturas de protesta polo deficiente servizo de internet no concello -","description":"A plataforma esixe que a empresa cumpra o contrato de implantaci\u00f3n da fibra \u00f3ptica\u00a0que ten como data de finalizaci\u00f3n decembro deste ano","robots":{"index":"index","follow":"follow","max-snippet":"max-snippet:-1","max-image-preview":"max-image-preview:large","max-video-preview":"max-video-preview:-1"},"canonical":"https:\/\/www.anovapeneira.gal\/index.php\/2021\/12\/08\/gondomar-fibra-xa-presenta-en-movistar-preto-de-1-800-sinaturas-de-protesta-polo-deficiente-servizo-de-internet-no-concello\/","og_locale":"gl_ES","og_type":"article","og_title":"Gondomar Fibra Xa! presenta en Movistar preto de 1.800 sinaturas de protesta polo deficiente servizo de internet no concello -","og_description":"A plataforma esixe que a empresa cumpra o contrato de implantaci\u00f3n da fibra \u00f3ptica\u00a0que ten como data de finalizaci\u00f3n decembro deste ano","og_url":"https:\/\/www.anovapeneira.gal\/index.php\/2021\/12\/08\/gondomar-fibra-xa-presenta-en-movistar-preto-de-1-800-sinaturas-de-protesta-polo-deficiente-servizo-de-internet-no-concello\/","article_publisher":"https:\/\/www.facebook.com\/anovapeneira","article_published_time":"2021-12-08T09:00:12+00:00","og_image":[{"width":720,"height":432,"url":"https:\/\/www.anovapeneira.gal\/wp-content\/uploads\/2020\/09\/concello_gondomar.jpg","type":"image\/jpeg"}],"author":"Redacci\u00f3n A Nova Peneira","twitter_card":"summary_large_image","twitter_creator":"@APeneira","twitter_site":"@APeneira","twitter_misc":{"Escrito por":"Redacci\u00f3n A Nova Peneira","Tempo de lectura":"2 minutos"},"schema":{"@context":"https:\/\/schema.org","@graph":[{"@type":"Article","@id":"https:\/\/www.anovapeneira.gal\/index.php\/2021\/12\/08\/gondomar-fibra-xa-presenta-en-movistar-preto-de-1-800-sinaturas-de-protesta-polo-deficiente-servizo-de-internet-no-concello\/#article","isPartOf":{"@id":"https:\/\/www.anovapeneira.gal\/index.php\/2021\/12\/08\/gondomar-fibra-xa-presenta-en-movistar-preto-de-1-800-sinaturas-de-protesta-polo-deficiente-servizo-de-internet-no-concello\/"},"author":{"name":"Redacci\u00f3n A Nova Peneira","@id":"https:\/\/www.anovapeneira.gal\/#\/schema\/person\/b93e3f8932e3f8da96334607eb6ac6aa"},"headline":"Gondomar Fibra Xa! presenta en Movistar preto de 1.800 sinaturas de protesta polo deficiente servizo de internet no concello","datePublished":"2021-12-08T09:00:12+00:00","mainEntityOfPage":{"@id":"https:\/\/www.anovapeneira.gal\/index.php\/2021\/12\/08\/gondomar-fibra-xa-presenta-en-movistar-preto-de-1-800-sinaturas-de-protesta-polo-deficiente-servizo-de-internet-no-concello\/"},"wordCount":457,"commentCount":0,"publisher":{"@id":"https:\/\/www.anovapeneira.gal\/#organization"},"image":{"@id":"https:\/\/www.anovapeneira.gal\/index.php\/2021\/12\/08\/gondomar-fibra-xa-presenta-en-movistar-preto-de-1-800-sinaturas-de-protesta-polo-deficiente-servizo-de-internet-no-concello\/#primaryimage"},"thumbnailUrl":"https:\/\/www.anovapeneira.gal\/wp-content\/uploads\/2020\/09\/concello_gondomar.jpg","keywords":["Concello de Gondomar"],"articleSection":["Val Mi\u00f1or"],"inLanguage":"gl-ES","potentialAction":[{"@type":"CommentAction","name":"Comment","target":["https:\/\/www.anovapeneira.gal\/index.php\/2021\/12\/08\/gondomar-fibra-xa-presenta-en-movistar-preto-de-1-800-sinaturas-de-protesta-polo-deficiente-servizo-de-internet-no-concello\/#respond"]}]},{"@type":"WebPage","@id":"https:\/\/www.anovapeneira.gal\/index.php\/2021\/12\/08\/gondomar-fibra-xa-presenta-en-movistar-preto-de-1-800-sinaturas-de-protesta-polo-deficiente-servizo-de-internet-no-concello\/","url":"https:\/\/www.anovapeneira.gal\/index.php\/2021\/12\/08\/gondomar-fibra-xa-presenta-en-movistar-preto-de-1-800-sinaturas-de-protesta-polo-deficiente-servizo-de-internet-no-concello\/","name":"Gondomar Fibra Xa! presenta en Movistar preto de 1.800 sinaturas de protesta polo deficiente servizo de internet no concello -","isPartOf":{"@id":"https:\/\/www.anovapeneira.gal\/#website"},"primaryImageOfPage":{"@id":"https:\/\/www.anovapeneira.gal\/index.php\/2021\/12\/08\/gondomar-fibra-xa-presenta-en-movistar-preto-de-1-800-sinaturas-de-protesta-polo-deficiente-servizo-de-internet-no-concello\/#primaryimage"},"image":{"@id":"https:\/\/www.anovapeneira.gal\/index.php\/2021\/12\/08\/gondomar-fibra-xa-presenta-en-movistar-preto-de-1-800-sinaturas-de-protesta-polo-deficiente-servizo-de-internet-no-concello\/#primaryimage"},"thumbnailUrl":"https:\/\/www.anovapeneira.gal\/wp-content\/uploads\/2020\/09\/concello_gondomar.jpg","datePublished":"2021-12-08T09:00:12+00:00","description":"A plataforma esixe que a empresa cumpra o contrato de implantaci\u00f3n da fibra \u00f3ptica\u00a0que ten como data de finalizaci\u00f3n decembro deste ano","breadcrumb":{"@id":"https:\/\/www.anovapeneira.gal\/index.php\/2021\/12\/08\/gondomar-fibra-xa-presenta-en-movistar-preto-de-1-800-sinaturas-de-protesta-polo-deficiente-servizo-de-internet-no-concello\/#breadcrumb"},"inLanguage":"gl-ES","potentialAction":[{"@type":"ReadAction","target":["https:\/\/www.anovapeneira.gal\/index.php\/2021\/12\/08\/gondomar-fibra-xa-presenta-en-movistar-preto-de-1-800-sinaturas-de-protesta-polo-deficiente-servizo-de-internet-no-concello\/"]}]},{"@type":"ImageObject","inLanguage":"gl-ES","@id":"https:\/\/www.anovapeneira.gal\/index.php\/2021\/12\/08\/gondomar-fibra-xa-presenta-en-movistar-preto-de-1-800-sinaturas-de-protesta-polo-deficiente-servizo-de-internet-no-concello\/#primaryimage","url":"https:\/\/www.anovapeneira.gal\/wp-content\/uploads\/2020\/09\/concello_gondomar.jpg","contentUrl":"https:\/\/www.anovapeneira.gal\/wp-content\/uploads\/2020\/09\/concello_gondomar.jpg","width":720,"height":432,"caption":"Concello de Gondomar"},{"@type":"BreadcrumbList","@id":"https:\/\/www.anovapeneira.gal\/index.php\/2021\/12\/08\/gondomar-fibra-xa-presenta-en-movistar-preto-de-1-800-sinaturas-de-protesta-polo-deficiente-servizo-de-internet-no-concello\/#breadcrumb","itemListElement":[{"@type":"ListItem","position":1,"name":"Portada","item":"https:\/\/www.anovapeneira.gal\/"},{"@type":"ListItem","position":2,"name":"Gondomar Fibra Xa! presenta en Movistar preto de 1.800 sinaturas de protesta polo deficiente servizo de internet no concello"}]},{"@type":"WebSite","@id":"https:\/\/www.anovapeneira.gal\/#website","url":"https:\/\/www.anovapeneira.gal\/","name":"","description":"Xornal galego de informaci\u00f3n xeral Publicaci\u00f3n mensual de novas de Galicia e en especial dos Concellos da sur da provincia de Pontevedra.","publisher":{"@id":"https:\/\/www.anovapeneira.gal\/#organization"},"potentialAction":[{"@type":"SearchAction","target":{"@type":"EntryPoint","urlTemplate":"https:\/\/www.anovapeneira.gal\/?s={search_term_string}"},"query-input":{"@type":"PropertyValueSpecification","valueRequired":true,"valueName":"search_term_string"}}],"inLanguage":"gl-ES"},{"@type":"Organization","@id":"https:\/\/www.anovapeneira.gal\/#organization","name":"A Nova Peneira","url":"https:\/\/www.anovapeneira.gal\/","logo":{"@type":"ImageObject","inLanguage":"gl-ES","@id":"https:\/\/www.anovapeneira.gal\/#\/schema\/logo\/image\/","url":"http:\/\/www.anovapeneira.gal\/wp-content\/uploads\/2019\/06\/logo_a_nova_peneira_portal_web.png","contentUrl":"http:\/\/www.anovapeneira.gal\/wp-content\/uploads\/2019\/06\/logo_a_nova_peneira_portal_web.png","width":300,"height":100,"caption":"A Nova Peneira"},"image":{"@id":"https:\/\/www.anovapeneira.gal\/#\/schema\/logo\/image\/"},"sameAs":["https:\/\/www.facebook.com\/anovapeneira","https:\/\/x.com\/APeneira"]},{"@type":"Person","@id":"https:\/\/www.anovapeneira.gal\/#\/schema\/person\/b93e3f8932e3f8da96334607eb6ac6aa","name":"Redacci\u00f3n A Nova Peneira","image":{"@type":"ImageObject","inLanguage":"gl-ES","@id":"https:\/\/secure.gravatar.com\/avatar\/c052a2551a06e23fac63626232eaa90abd78dbcf1700fc46a2b2c89fd27b735f?s=96&d=mm&r=g","url":"https:\/\/secure.gravatar.com\/avatar\/c052a2551a06e23fac63626232eaa90abd78dbcf1700fc46a2b2c89fd27b735f?s=96&d=mm&r=g","contentUrl":"https:\/\/secure.gravatar.com\/avatar\/c052a2551a06e23fac63626232eaa90abd78dbcf1700fc46a2b2c89fd27b735f?s=96&d=mm&r=g","caption":"Redacci\u00f3n A Nova Peneira"},"sameAs":["http:\/\/www.anovapeneira.gal\/"],"url":"https:\/\/www.anovapeneira.gal\/index.php\/author\/redactor\/"}]}},"jetpack_featured_media_url":"https:\/\/www.anovapeneira.gal\/wp-content\/uploads\/2020\/09\/concello_gondomar.jpg","_links":{"self":[{"href":"https:\/\/www.anovapeneira.gal\/index.php\/wp-json\/wp\/v2\/posts\/6540","targetHints":{"allow":["GET"]}}],"collection":[{"href":"https:\/\/www.anovapeneira.gal\/index.php\/wp-json\/wp\/v2\/posts"}],"about":[{"href":"https:\/\/www.anovapeneira.gal\/index.php\/wp-json\/wp\/v2\/types\/post"}],"author":[{"embeddable":true,"href":"https:\/\/www.anovapeneira.gal\/index.php\/wp-json\/wp\/v2\/users\/3"}],"replies":[{"embeddable":true,"href":"https:\/\/www.anovapeneira.gal\/index.php\/wp-json\/wp\/v2\/comments?post=6540"}],"version-history":[{"count":1,"href":"https:\/\/www.anovapeneira.gal\/index.php\/wp-json\/wp\/v2\/posts\/6540\/revisions"}],"predecessor-version":[{"id":6541,"href":"https:\/\/www.anovapeneira.gal\/index.php\/wp-json\/wp\/v2\/posts\/6540\/revisions\/6541"}],"wp:featuredmedia":[{"embeddable":true,"href":"https:\/\/www.anovapeneira.gal\/index.php\/wp-json\/wp\/v2\/media\/3901"}],"wp:attachment":[{"href":"https:\/\/www.anovapeneira.gal\/index.php\/wp-json\/wp\/v2\/media?parent=6540"}],"wp:term":[{"taxonomy":"category","embeddable":true,"href":"https:\/\/www.anovapeneira.gal\/index.php\/wp-json\/wp\/v2\/categories?post=6540"},{"taxonomy":"post_tag","embeddable":true,"href":"https:\/\/www.anovapeneira.gal\/index.php\/wp-json\/wp\/v2\/tags?post=6540"}],"curies":[{"name":"wp","href":"https:\/\/api.w.org\/{rel}","templated":true}]}}