{"id":6542,"date":"2021-12-07T12:00:09","date_gmt":"2021-12-07T11:00:09","guid":{"rendered":"https:\/\/www.anovapeneira.gal\/?p=6542"},"modified":"2021-12-09T20:10:35","modified_gmt":"2021-12-09T19:10:35","slug":"a-loita-de-giovanni-pola-sua-identidade","status":"publish","type":"post","link":"https:\/\/www.anovapeneira.gal\/index.php\/2021\/12\/07\/a-loita-de-giovanni-pola-sua-identidade\/","title":{"rendered":"A loita de Giovanni pola s\u00faa identidade"},"content":{"rendered":"\n<p>Giovanni Peixoto \u00e9 un rapaz brasileiro de 33 anos de idade e de profesi\u00f3n actor. El naceu en S\u00e3o Paulo froito dunha agresi\u00f3n sexual que sufriu a s\u00faa nai, cando ti\u00f1a 17 anos, a mans dun home de 26 . Estivo a piques de ser abortado e unha vez nacido moi cerca de ser entregado en adopci\u00f3n, pero cando viu a luz, a s\u00faa nai , o seu av\u00f3 e a s\u00faa avoa conmovidos, decidiron que nunca se apartara das s\u00faas vidas. A Giovanni nunca lle explicaron as circunstancias da s\u00faa concepci\u00f3n e el sempre tivo o so\u00f1o de co\u00f1ecer ao seu pai. El \u00e9 de temperamento sensible e so\u00f1ador e ti\u00f1a idealizado o momento do encontro como un acontecemento especialmente emotivo pero por desgraza non foi as\u00ed. Cando estudaba o bacharelato Giovanni comezou facer pr\u00e1cticas nun xulgado e al\u00ed, por casualidade, co\u00f1eceu un procedemento xudicial que lle levou \u00e1 s\u00faa avoa paterna. A familia de Giovanni \u00e9 de clase baixa, pola contra a familia do home que puxo o seme na s\u00faa nai \u00e9 de nivel econ\u00f3mico elevado. Eles son de procedencia portuguesa foron moi novos para O Brasil e al\u00ed fixeron fortuna. Despois de numerosas vicisitudes Giovanni co\u00f1eceu ao seu pai, pero non foi como el esperaba xa que foi nun laboratorio mentres se somet\u00eda a unha proba de ADN \u00e1 que lles obrigou a xustiza brasileira pois a familia do seu pai negoulle en principio o reco\u00f1ecemento ao que non lles quedou m\u00e1is remedio que acceder, cando foron obrigados por sentenza xudicial. Giovanni ten unha irm\u00e1 que tampouco ten contacto co seu pai. O violador casou tempo despois con outra muller e tivo unha nena \u00e1 que deixou abandonada con tres anos nun taxi e tal episodio propiciou que a nai da nena decidira separarse do seu home. A infatigable labor de pescuda desenvolvida por Giovanni levoulle a localizar \u00e1 s\u00faa irm\u00e1, coa que ten unha relaci\u00f3n moi bonita. Ela reco\u00f1ecida como filla polo seu pai desde o momento o seu nacemento e non vai ter ning\u00fan problema para obter a nacionalidade portuguesa, a do seu pai. Pero Giovanni non. E as\u00ed chegamos \u00e1 cerna da cuesti\u00f3n, pois Giovanni leva catro anos vivindo na UE. Estivo en Lugo, en Alema\u00f1a e na actualidade reside coa s\u00faa parella na parroquia de Lougares do concello de Mondariz. El desexa ter a nacionalidade portuguesa e malia tela solicitado obtivo a negativa por resposta pois o artigo 14 da Lei de Nacionalidade portuguesa establece que os fillos e fillas de portugueses nacidos fora do pa\u00eds s\u00f3 poder\u00e1n acceder \u00e1 nacionalidade cando sexan reco\u00f1ecidos antes dos 18 anos de idade. Cando a xustiza brasileira obrigou ao pai de Giovanni a reco\u00f1ecelo el xa ti\u00f1a 27, e a\u00ednda que o ADN determina que Giovanni e a s\u00faa irm\u00e1 son fillos do mesmo pai, ela si poder\u00e1 acceder \u00e1 nacionalidade portuguesa, pois cando naceu o seu pai estaba casado coa s\u00faa nai, pero a el deneg\u00e1ronlla. Por\u00e9n o noso protagonista non se rende e contin\u00faa dando a batalla xur\u00eddica para reverter unha situaci\u00f3n manifestamente inxusta \u201d coa xuda do avogado brasileiro Julian Henrique Dias Rodrigues e da avogada portuguesa Alexandra Rodrigues Sousa\u201d ao que quere agradecer o seu esforzo e a s\u00faa implicaci\u00f3n<br>Giovanni ten un marido portugu\u00e9s e poder\u00eda acadar \u00e1 nacionalidade por esa v\u00eda, pero non quere , entende que esa disposici\u00f3n legal \u00e9 unha absoluta inxustiza e unha discriminaci\u00f3n flagrante. Giovanni, inasequible ao desalento e incansable loitador comezou a moverse e xunto con outro medio cento de persoas, en situaci\u00f3n an\u00e1loga \u00e1 s\u00faa, iniciaron os contactos con distintos deputados e deputadas do parlamento portugu\u00e9s, al\u00e9n de abrir unha intensa campa\u00f1a de recollida de sinaturas para poder levar ao parlamento do pa\u00eds irm\u00e1n a revogaci\u00f3n do artigo que lles pon nunha situaci\u00f3n manifestamente inxusta. Desde A NOVA PENEIRA unimos a nosa voz \u00e1 s\u00faa e berramos canda eles<\/p>\n\n\n\n<p><br>REVOGA\u00c7AO DO ART 14 DA LN<\/p>\n","protected":false},"excerpt":{"rendered":"<div class=\"mh-excerpt\"><p>Giovanni Peixoto \u00e9 un rapaz brasileiro de 33 anos de idade e de profesi\u00f3n actor. El naceu en Sao Paulo froito dunha agresi\u00f3n sexual que sufriu a s\u00faa nai, cando ti\u00f1a 17 anos, a mans dun home de 25. Estivo a piques de ser abortado e unha vez nacido moi cerca de ser entregado en adopci\u00f3n, pero cando viu a luz, a s\u00faa nai e a s\u00faa avoa conmovidas, decidiron que nunca se apartara das s\u00faas vidas <a class=\"mh-excerpt-more\" href=\"https:\/\/www.anovapeneira.gal\/index.php\/2021\/12\/07\/a-loita-de-giovanni-pola-sua-identidade\/\" title=\"A loita de Giovanni pola s\u00faa identidade\">[&#8230;]<\/a><\/p>\n<\/div>","protected":false},"author":3,"featured_media":6544,"comment_status":"open","ping_status":"open","sticky":false,"template":"","format":"standard","meta":{"_exactmetrics_skip_tracking":false,"_exactmetrics_sitenote_active":false,"_exactmetrics_sitenote_note":"","_exactmetrics_sitenote_category":0,"footnotes":""},"categories":[25],"tags":[405],"class_list":{"0":"post-6542","1":"post","2":"type-post","3":"status-publish","4":"format-standard","5":"has-post-thumbnail","7":"category-condado","8":"tag-concello-de-mondariz"},"yoast_head":"<!-- This site is optimized with the Yoast SEO plugin v27.4 - https:\/\/yoast.com\/product\/yoast-seo-wordpress\/ -->\n<title>A loita de Giovanni pola s\u00faa identidade -<\/title>\n<meta name=\"description\" content=\"Giovanni Peixoto \u00e9 un rapaz brasileiro de 33 anos de idade e de profesi\u00f3n actor. El naceu en Sao Paulo froito dunha agresi\u00f3n sexual que sufriu a s\u00faa nai, cando ti\u00f1a 17 anos, a mans dun home de 25. Estivo a piques de ser abortado e unha vez nacido moi cerca de ser entregado en adopci\u00f3n, pero cando viu a luz, a s\u00faa nai e a s\u00faa avoa conmovidas, decidiron que nunca se apartara das s\u00faas vidas\" \/>\n<meta name=\"robots\" content=\"index, follow, max-snippet:-1, max-image-preview:large, max-video-preview:-1\" \/>\n<link rel=\"canonical\" href=\"https:\/\/www.anovapeneira.gal\/index.php\/2021\/12\/07\/a-loita-de-giovanni-pola-sua-identidade\/\" \/>\n<meta property=\"og:locale\" content=\"gl_ES\" \/>\n<meta property=\"og:type\" content=\"article\" \/>\n<meta property=\"og:title\" content=\"A loita de Giovanni pola s\u00faa identidade -\" \/>\n<meta property=\"og:description\" content=\"Giovanni Peixoto \u00e9 un rapaz brasileiro de 33 anos de idade e de profesi\u00f3n actor. El naceu en Sao Paulo froito dunha agresi\u00f3n sexual que sufriu a s\u00faa nai, cando ti\u00f1a 17 anos, a mans dun home de 25. Estivo a piques de ser abortado e unha vez nacido moi cerca de ser entregado en adopci\u00f3n, pero cando viu a luz, a s\u00faa nai e a s\u00faa avoa conmovidas, decidiron que nunca se apartara das s\u00faas vidas\" \/>\n<meta property=\"og:url\" content=\"https:\/\/www.anovapeneira.gal\/index.php\/2021\/12\/07\/a-loita-de-giovanni-pola-sua-identidade\/\" \/>\n<meta property=\"article:publisher\" content=\"https:\/\/www.facebook.com\/anovapeneira\" \/>\n<meta property=\"article:published_time\" content=\"2021-12-07T11:00:09+00:00\" \/>\n<meta property=\"article:modified_time\" content=\"2021-12-09T19:10:35+00:00\" \/>\n<meta property=\"og:image\" content=\"https:\/\/www.anovapeneira.gal\/wp-content\/uploads\/2021\/12\/giovanni-peixoto.jpg\" \/>\n\t<meta property=\"og:image:width\" content=\"1590\" \/>\n\t<meta property=\"og:image:height\" content=\"832\" \/>\n\t<meta property=\"og:image:type\" content=\"image\/jpeg\" \/>\n<meta name=\"author\" content=\"Redacci\u00f3n A Nova Peneira\" \/>\n<meta name=\"twitter:card\" content=\"summary_large_image\" \/>\n<meta name=\"twitter:creator\" content=\"@APeneira\" \/>\n<meta name=\"twitter:site\" content=\"@APeneira\" \/>\n<meta name=\"twitter:label1\" content=\"Escrito por\" \/>\n\t<meta name=\"twitter:data1\" content=\"Redacci\u00f3n A Nova Peneira\" \/>\n\t<meta name=\"twitter:label2\" content=\"Tempo de lectura\" \/>\n\t<meta name=\"twitter:data2\" content=\"3 minutos\" \/>\n<script type=\"application\/ld+json\" class=\"yoast-schema-graph\">{\"@context\":\"https:\\\/\\\/schema.org\",\"@graph\":[{\"@type\":\"Article\",\"@id\":\"https:\\\/\\\/www.anovapeneira.gal\\\/index.php\\\/2021\\\/12\\\/07\\\/a-loita-de-giovanni-pola-sua-identidade\\\/#article\",\"isPartOf\":{\"@id\":\"https:\\\/\\\/www.anovapeneira.gal\\\/index.php\\\/2021\\\/12\\\/07\\\/a-loita-de-giovanni-pola-sua-identidade\\\/\"},\"author\":{\"name\":\"Redacci\u00f3n A Nova Peneira\",\"@id\":\"https:\\\/\\\/www.anovapeneira.gal\\\/#\\\/schema\\\/person\\\/b93e3f8932e3f8da96334607eb6ac6aa\"},\"headline\":\"A loita de Giovanni pola s\u00faa identidade\",\"datePublished\":\"2021-12-07T11:00:09+00:00\",\"dateModified\":\"2021-12-09T19:10:35+00:00\",\"mainEntityOfPage\":{\"@id\":\"https:\\\/\\\/www.anovapeneira.gal\\\/index.php\\\/2021\\\/12\\\/07\\\/a-loita-de-giovanni-pola-sua-identidade\\\/\"},\"wordCount\":696,\"commentCount\":0,\"publisher\":{\"@id\":\"https:\\\/\\\/www.anovapeneira.gal\\\/#organization\"},\"image\":{\"@id\":\"https:\\\/\\\/www.anovapeneira.gal\\\/index.php\\\/2021\\\/12\\\/07\\\/a-loita-de-giovanni-pola-sua-identidade\\\/#primaryimage\"},\"thumbnailUrl\":\"https:\\\/\\\/www.anovapeneira.gal\\\/wp-content\\\/uploads\\\/2021\\\/12\\\/giovanni-peixoto.jpg\",\"keywords\":[\"Concello de Mondariz\"],\"articleSection\":[\"Condado\"],\"inLanguage\":\"gl-ES\",\"potentialAction\":[{\"@type\":\"CommentAction\",\"name\":\"Comment\",\"target\":[\"https:\\\/\\\/www.anovapeneira.gal\\\/index.php\\\/2021\\\/12\\\/07\\\/a-loita-de-giovanni-pola-sua-identidade\\\/#respond\"]}]},{\"@type\":\"WebPage\",\"@id\":\"https:\\\/\\\/www.anovapeneira.gal\\\/index.php\\\/2021\\\/12\\\/07\\\/a-loita-de-giovanni-pola-sua-identidade\\\/\",\"url\":\"https:\\\/\\\/www.anovapeneira.gal\\\/index.php\\\/2021\\\/12\\\/07\\\/a-loita-de-giovanni-pola-sua-identidade\\\/\",\"name\":\"A loita de Giovanni pola s\u00faa identidade -\",\"isPartOf\":{\"@id\":\"https:\\\/\\\/www.anovapeneira.gal\\\/#website\"},\"primaryImageOfPage\":{\"@id\":\"https:\\\/\\\/www.anovapeneira.gal\\\/index.php\\\/2021\\\/12\\\/07\\\/a-loita-de-giovanni-pola-sua-identidade\\\/#primaryimage\"},\"image\":{\"@id\":\"https:\\\/\\\/www.anovapeneira.gal\\\/index.php\\\/2021\\\/12\\\/07\\\/a-loita-de-giovanni-pola-sua-identidade\\\/#primaryimage\"},\"thumbnailUrl\":\"https:\\\/\\\/www.anovapeneira.gal\\\/wp-content\\\/uploads\\\/2021\\\/12\\\/giovanni-peixoto.jpg\",\"datePublished\":\"2021-12-07T11:00:09+00:00\",\"dateModified\":\"2021-12-09T19:10:35+00:00\",\"description\":\"Giovanni Peixoto \u00e9 un rapaz brasileiro de 33 anos de idade e de profesi\u00f3n actor. El naceu en Sao Paulo froito dunha agresi\u00f3n sexual que sufriu a s\u00faa nai, cando ti\u00f1a 17 anos, a mans dun home de 25. Estivo a piques de ser abortado e unha vez nacido moi cerca de ser entregado en adopci\u00f3n, pero cando viu a luz, a s\u00faa nai e a s\u00faa avoa conmovidas, decidiron que nunca se apartara das s\u00faas vidas\",\"breadcrumb\":{\"@id\":\"https:\\\/\\\/www.anovapeneira.gal\\\/index.php\\\/2021\\\/12\\\/07\\\/a-loita-de-giovanni-pola-sua-identidade\\\/#breadcrumb\"},\"inLanguage\":\"gl-ES\",\"potentialAction\":[{\"@type\":\"ReadAction\",\"target\":[\"https:\\\/\\\/www.anovapeneira.gal\\\/index.php\\\/2021\\\/12\\\/07\\\/a-loita-de-giovanni-pola-sua-identidade\\\/\"]}]},{\"@type\":\"ImageObject\",\"inLanguage\":\"gl-ES\",\"@id\":\"https:\\\/\\\/www.anovapeneira.gal\\\/index.php\\\/2021\\\/12\\\/07\\\/a-loita-de-giovanni-pola-sua-identidade\\\/#primaryimage\",\"url\":\"https:\\\/\\\/www.anovapeneira.gal\\\/wp-content\\\/uploads\\\/2021\\\/12\\\/giovanni-peixoto.jpg\",\"contentUrl\":\"https:\\\/\\\/www.anovapeneira.gal\\\/wp-content\\\/uploads\\\/2021\\\/12\\\/giovanni-peixoto.jpg\",\"width\":1590,\"height\":832,\"caption\":\"Giovanni Peixoto\"},{\"@type\":\"BreadcrumbList\",\"@id\":\"https:\\\/\\\/www.anovapeneira.gal\\\/index.php\\\/2021\\\/12\\\/07\\\/a-loita-de-giovanni-pola-sua-identidade\\\/#breadcrumb\",\"itemListElement\":[{\"@type\":\"ListItem\",\"position\":1,\"name\":\"Portada\",\"item\":\"https:\\\/\\\/www.anovapeneira.gal\\\/\"},{\"@type\":\"ListItem\",\"position\":2,\"name\":\"A loita de Giovanni pola s\u00faa identidade\"}]},{\"@type\":\"WebSite\",\"@id\":\"https:\\\/\\\/www.anovapeneira.gal\\\/#website\",\"url\":\"https:\\\/\\\/www.anovapeneira.gal\\\/\",\"name\":\"\",\"description\":\"Xornal galego de informaci\u00f3n xeral Publicaci\u00f3n mensual de novas de Galicia e en especial dos Concellos da sur da provincia de Pontevedra.\",\"publisher\":{\"@id\":\"https:\\\/\\\/www.anovapeneira.gal\\\/#organization\"},\"potentialAction\":[{\"@type\":\"SearchAction\",\"target\":{\"@type\":\"EntryPoint\",\"urlTemplate\":\"https:\\\/\\\/www.anovapeneira.gal\\\/?s={search_term_string}\"},\"query-input\":{\"@type\":\"PropertyValueSpecification\",\"valueRequired\":true,\"valueName\":\"search_term_string\"}}],\"inLanguage\":\"gl-ES\"},{\"@type\":\"Organization\",\"@id\":\"https:\\\/\\\/www.anovapeneira.gal\\\/#organization\",\"name\":\"A Nova Peneira\",\"url\":\"https:\\\/\\\/www.anovapeneira.gal\\\/\",\"logo\":{\"@type\":\"ImageObject\",\"inLanguage\":\"gl-ES\",\"@id\":\"https:\\\/\\\/www.anovapeneira.gal\\\/#\\\/schema\\\/logo\\\/image\\\/\",\"url\":\"http:\\\/\\\/www.anovapeneira.gal\\\/wp-content\\\/uploads\\\/2019\\\/06\\\/logo_a_nova_peneira_portal_web.png\",\"contentUrl\":\"http:\\\/\\\/www.anovapeneira.gal\\\/wp-content\\\/uploads\\\/2019\\\/06\\\/logo_a_nova_peneira_portal_web.png\",\"width\":300,\"height\":100,\"caption\":\"A Nova Peneira\"},\"image\":{\"@id\":\"https:\\\/\\\/www.anovapeneira.gal\\\/#\\\/schema\\\/logo\\\/image\\\/\"},\"sameAs\":[\"https:\\\/\\\/www.facebook.com\\\/anovapeneira\",\"https:\\\/\\\/x.com\\\/APeneira\"]},{\"@type\":\"Person\",\"@id\":\"https:\\\/\\\/www.anovapeneira.gal\\\/#\\\/schema\\\/person\\\/b93e3f8932e3f8da96334607eb6ac6aa\",\"name\":\"Redacci\u00f3n A Nova Peneira\",\"image\":{\"@type\":\"ImageObject\",\"inLanguage\":\"gl-ES\",\"@id\":\"https:\\\/\\\/secure.gravatar.com\\\/avatar\\\/c052a2551a06e23fac63626232eaa90abd78dbcf1700fc46a2b2c89fd27b735f?s=96&d=mm&r=g\",\"url\":\"https:\\\/\\\/secure.gravatar.com\\\/avatar\\\/c052a2551a06e23fac63626232eaa90abd78dbcf1700fc46a2b2c89fd27b735f?s=96&d=mm&r=g\",\"contentUrl\":\"https:\\\/\\\/secure.gravatar.com\\\/avatar\\\/c052a2551a06e23fac63626232eaa90abd78dbcf1700fc46a2b2c89fd27b735f?s=96&d=mm&r=g\",\"caption\":\"Redacci\u00f3n A Nova Peneira\"},\"sameAs\":[\"http:\\\/\\\/www.anovapeneira.gal\\\/\"],\"url\":\"https:\\\/\\\/www.anovapeneira.gal\\\/index.php\\\/author\\\/redactor\\\/\"}]}<\/script>\n<!-- \/ Yoast SEO plugin. -->","yoast_head_json":{"title":"A loita de Giovanni pola s\u00faa identidade -","description":"Giovanni Peixoto \u00e9 un rapaz brasileiro de 33 anos de idade e de profesi\u00f3n actor. El naceu en Sao Paulo froito dunha agresi\u00f3n sexual que sufriu a s\u00faa nai, cando ti\u00f1a 17 anos, a mans dun home de 25. Estivo a piques de ser abortado e unha vez nacido moi cerca de ser entregado en adopci\u00f3n, pero cando viu a luz, a s\u00faa nai e a s\u00faa avoa conmovidas, decidiron que nunca se apartara das s\u00faas vidas","robots":{"index":"index","follow":"follow","max-snippet":"max-snippet:-1","max-image-preview":"max-image-preview:large","max-video-preview":"max-video-preview:-1"},"canonical":"https:\/\/www.anovapeneira.gal\/index.php\/2021\/12\/07\/a-loita-de-giovanni-pola-sua-identidade\/","og_locale":"gl_ES","og_type":"article","og_title":"A loita de Giovanni pola s\u00faa identidade -","og_description":"Giovanni Peixoto \u00e9 un rapaz brasileiro de 33 anos de idade e de profesi\u00f3n actor. El naceu en Sao Paulo froito dunha agresi\u00f3n sexual que sufriu a s\u00faa nai, cando ti\u00f1a 17 anos, a mans dun home de 25. Estivo a piques de ser abortado e unha vez nacido moi cerca de ser entregado en adopci\u00f3n, pero cando viu a luz, a s\u00faa nai e a s\u00faa avoa conmovidas, decidiron que nunca se apartara das s\u00faas vidas","og_url":"https:\/\/www.anovapeneira.gal\/index.php\/2021\/12\/07\/a-loita-de-giovanni-pola-sua-identidade\/","article_publisher":"https:\/\/www.facebook.com\/anovapeneira","article_published_time":"2021-12-07T11:00:09+00:00","article_modified_time":"2021-12-09T19:10:35+00:00","og_image":[{"width":1590,"height":832,"url":"https:\/\/www.anovapeneira.gal\/wp-content\/uploads\/2021\/12\/giovanni-peixoto.jpg","type":"image\/jpeg"}],"author":"Redacci\u00f3n A Nova Peneira","twitter_card":"summary_large_image","twitter_creator":"@APeneira","twitter_site":"@APeneira","twitter_misc":{"Escrito por":"Redacci\u00f3n A Nova Peneira","Tempo de lectura":"3 minutos"},"schema":{"@context":"https:\/\/schema.org","@graph":[{"@type":"Article","@id":"https:\/\/www.anovapeneira.gal\/index.php\/2021\/12\/07\/a-loita-de-giovanni-pola-sua-identidade\/#article","isPartOf":{"@id":"https:\/\/www.anovapeneira.gal\/index.php\/2021\/12\/07\/a-loita-de-giovanni-pola-sua-identidade\/"},"author":{"name":"Redacci\u00f3n A Nova Peneira","@id":"https:\/\/www.anovapeneira.gal\/#\/schema\/person\/b93e3f8932e3f8da96334607eb6ac6aa"},"headline":"A loita de Giovanni pola s\u00faa identidade","datePublished":"2021-12-07T11:00:09+00:00","dateModified":"2021-12-09T19:10:35+00:00","mainEntityOfPage":{"@id":"https:\/\/www.anovapeneira.gal\/index.php\/2021\/12\/07\/a-loita-de-giovanni-pola-sua-identidade\/"},"wordCount":696,"commentCount":0,"publisher":{"@id":"https:\/\/www.anovapeneira.gal\/#organization"},"image":{"@id":"https:\/\/www.anovapeneira.gal\/index.php\/2021\/12\/07\/a-loita-de-giovanni-pola-sua-identidade\/#primaryimage"},"thumbnailUrl":"https:\/\/www.anovapeneira.gal\/wp-content\/uploads\/2021\/12\/giovanni-peixoto.jpg","keywords":["Concello de Mondariz"],"articleSection":["Condado"],"inLanguage":"gl-ES","potentialAction":[{"@type":"CommentAction","name":"Comment","target":["https:\/\/www.anovapeneira.gal\/index.php\/2021\/12\/07\/a-loita-de-giovanni-pola-sua-identidade\/#respond"]}]},{"@type":"WebPage","@id":"https:\/\/www.anovapeneira.gal\/index.php\/2021\/12\/07\/a-loita-de-giovanni-pola-sua-identidade\/","url":"https:\/\/www.anovapeneira.gal\/index.php\/2021\/12\/07\/a-loita-de-giovanni-pola-sua-identidade\/","name":"A loita de Giovanni pola s\u00faa identidade -","isPartOf":{"@id":"https:\/\/www.anovapeneira.gal\/#website"},"primaryImageOfPage":{"@id":"https:\/\/www.anovapeneira.gal\/index.php\/2021\/12\/07\/a-loita-de-giovanni-pola-sua-identidade\/#primaryimage"},"image":{"@id":"https:\/\/www.anovapeneira.gal\/index.php\/2021\/12\/07\/a-loita-de-giovanni-pola-sua-identidade\/#primaryimage"},"thumbnailUrl":"https:\/\/www.anovapeneira.gal\/wp-content\/uploads\/2021\/12\/giovanni-peixoto.jpg","datePublished":"2021-12-07T11:00:09+00:00","dateModified":"2021-12-09T19:10:35+00:00","description":"Giovanni Peixoto \u00e9 un rapaz brasileiro de 33 anos de idade e de profesi\u00f3n actor. El naceu en Sao Paulo froito dunha agresi\u00f3n sexual que sufriu a s\u00faa nai, cando ti\u00f1a 17 anos, a mans dun home de 25. Estivo a piques de ser abortado e unha vez nacido moi cerca de ser entregado en adopci\u00f3n, pero cando viu a luz, a s\u00faa nai e a s\u00faa avoa conmovidas, decidiron que nunca se apartara das s\u00faas vidas","breadcrumb":{"@id":"https:\/\/www.anovapeneira.gal\/index.php\/2021\/12\/07\/a-loita-de-giovanni-pola-sua-identidade\/#breadcrumb"},"inLanguage":"gl-ES","potentialAction":[{"@type":"ReadAction","target":["https:\/\/www.anovapeneira.gal\/index.php\/2021\/12\/07\/a-loita-de-giovanni-pola-sua-identidade\/"]}]},{"@type":"ImageObject","inLanguage":"gl-ES","@id":"https:\/\/www.anovapeneira.gal\/index.php\/2021\/12\/07\/a-loita-de-giovanni-pola-sua-identidade\/#primaryimage","url":"https:\/\/www.anovapeneira.gal\/wp-content\/uploads\/2021\/12\/giovanni-peixoto.jpg","contentUrl":"https:\/\/www.anovapeneira.gal\/wp-content\/uploads\/2021\/12\/giovanni-peixoto.jpg","width":1590,"height":832,"caption":"Giovanni Peixoto"},{"@type":"BreadcrumbList","@id":"https:\/\/www.anovapeneira.gal\/index.php\/2021\/12\/07\/a-loita-de-giovanni-pola-sua-identidade\/#breadcrumb","itemListElement":[{"@type":"ListItem","position":1,"name":"Portada","item":"https:\/\/www.anovapeneira.gal\/"},{"@type":"ListItem","position":2,"name":"A loita de Giovanni pola s\u00faa identidade"}]},{"@type":"WebSite","@id":"https:\/\/www.anovapeneira.gal\/#website","url":"https:\/\/www.anovapeneira.gal\/","name":"","description":"Xornal galego de informaci\u00f3n xeral Publicaci\u00f3n mensual de novas de Galicia e en especial dos Concellos da sur da provincia de Pontevedra.","publisher":{"@id":"https:\/\/www.anovapeneira.gal\/#organization"},"potentialAction":[{"@type":"SearchAction","target":{"@type":"EntryPoint","urlTemplate":"https:\/\/www.anovapeneira.gal\/?s={search_term_string}"},"query-input":{"@type":"PropertyValueSpecification","valueRequired":true,"valueName":"search_term_string"}}],"inLanguage":"gl-ES"},{"@type":"Organization","@id":"https:\/\/www.anovapeneira.gal\/#organization","name":"A Nova Peneira","url":"https:\/\/www.anovapeneira.gal\/","logo":{"@type":"ImageObject","inLanguage":"gl-ES","@id":"https:\/\/www.anovapeneira.gal\/#\/schema\/logo\/image\/","url":"http:\/\/www.anovapeneira.gal\/wp-content\/uploads\/2019\/06\/logo_a_nova_peneira_portal_web.png","contentUrl":"http:\/\/www.anovapeneira.gal\/wp-content\/uploads\/2019\/06\/logo_a_nova_peneira_portal_web.png","width":300,"height":100,"caption":"A Nova Peneira"},"image":{"@id":"https:\/\/www.anovapeneira.gal\/#\/schema\/logo\/image\/"},"sameAs":["https:\/\/www.facebook.com\/anovapeneira","https:\/\/x.com\/APeneira"]},{"@type":"Person","@id":"https:\/\/www.anovapeneira.gal\/#\/schema\/person\/b93e3f8932e3f8da96334607eb6ac6aa","name":"Redacci\u00f3n A Nova Peneira","image":{"@type":"ImageObject","inLanguage":"gl-ES","@id":"https:\/\/secure.gravatar.com\/avatar\/c052a2551a06e23fac63626232eaa90abd78dbcf1700fc46a2b2c89fd27b735f?s=96&d=mm&r=g","url":"https:\/\/secure.gravatar.com\/avatar\/c052a2551a06e23fac63626232eaa90abd78dbcf1700fc46a2b2c89fd27b735f?s=96&d=mm&r=g","contentUrl":"https:\/\/secure.gravatar.com\/avatar\/c052a2551a06e23fac63626232eaa90abd78dbcf1700fc46a2b2c89fd27b735f?s=96&d=mm&r=g","caption":"Redacci\u00f3n A Nova Peneira"},"sameAs":["http:\/\/www.anovapeneira.gal\/"],"url":"https:\/\/www.anovapeneira.gal\/index.php\/author\/redactor\/"}]}},"jetpack_featured_media_url":"https:\/\/www.anovapeneira.gal\/wp-content\/uploads\/2021\/12\/giovanni-peixoto.jpg","_links":{"self":[{"href":"https:\/\/www.anovapeneira.gal\/index.php\/wp-json\/wp\/v2\/posts\/6542","targetHints":{"allow":["GET"]}}],"collection":[{"href":"https:\/\/www.anovapeneira.gal\/index.php\/wp-json\/wp\/v2\/posts"}],"about":[{"href":"https:\/\/www.anovapeneira.gal\/index.php\/wp-json\/wp\/v2\/types\/post"}],"author":[{"embeddable":true,"href":"https:\/\/www.anovapeneira.gal\/index.php\/wp-json\/wp\/v2\/users\/3"}],"replies":[{"embeddable":true,"href":"https:\/\/www.anovapeneira.gal\/index.php\/wp-json\/wp\/v2\/comments?post=6542"}],"version-history":[{"count":4,"href":"https:\/\/www.anovapeneira.gal\/index.php\/wp-json\/wp\/v2\/posts\/6542\/revisions"}],"predecessor-version":[{"id":6583,"href":"https:\/\/www.anovapeneira.gal\/index.php\/wp-json\/wp\/v2\/posts\/6542\/revisions\/6583"}],"wp:featuredmedia":[{"embeddable":true,"href":"https:\/\/www.anovapeneira.gal\/index.php\/wp-json\/wp\/v2\/media\/6544"}],"wp:attachment":[{"href":"https:\/\/www.anovapeneira.gal\/index.php\/wp-json\/wp\/v2\/media?parent=6542"}],"wp:term":[{"taxonomy":"category","embeddable":true,"href":"https:\/\/www.anovapeneira.gal\/index.php\/wp-json\/wp\/v2\/categories?post=6542"},{"taxonomy":"post_tag","embeddable":true,"href":"https:\/\/www.anovapeneira.gal\/index.php\/wp-json\/wp\/v2\/tags?post=6542"}],"curies":[{"name":"wp","href":"https:\/\/api.w.org\/{rel}","templated":true}]}}