{"id":6552,"date":"2021-12-09T10:00:14","date_gmt":"2021-12-09T09:00:14","guid":{"rendered":"https:\/\/www.anovapeneira.gal\/?p=6552"},"modified":"2021-12-06T12:22:42","modified_gmt":"2021-12-06T11:22:42","slug":"cristina-gonzalez-vecina-de-salvaterra-afectada-polo-proxecto-dunha-nova-rua","status":"publish","type":"post","link":"https:\/\/www.anovapeneira.gal\/index.php\/2021\/12\/09\/cristina-gonzalez-vecina-de-salvaterra-afectada-polo-proxecto-dunha-nova-rua\/","title":{"rendered":"Cristina Gonz\u00e1lez veci\u00f1a  de Salvaterra afectada polo proxecto dunha nova r\u00faa"},"content":{"rendered":"\n<p>Cristina \u00e9 unha muller de Salvaterra cuxa propiedade, no casco urbano da vila, est\u00e1 seriamente afectada polo proxecto dunha r\u00faa. Esta est\u00e1 xa formulada desde 1.997 pero despois de tanto tempo semella que vai ser agora cando se vai executar. Se se mant\u00e9n o trazado tal cal est\u00e1, Cristina perder\u00eda boa parte da s\u00faa finca .Ela non se op\u00f3n \u00e1 apertura desa r\u00faa, \u00e9 m\u00e1is ent\u00e9ndea como un proxecto razoable, pero si pide encarecidamente unha pequena modificaci\u00f3n do trazado que, sen prexudicar a ningu\u00e9n, salvar\u00eda boa parte da s\u00faa finca. N\u00f3s falamos con ela<\/p>\n\n\n\n<h2 class=\"wp-block-heading\"><br>\u201cNon me opo\u00f1o \u00e1 apertura da r\u00faa, pero si pido unha pequena modificaci\u00f3n do seu trazado para que non me leve todo o terreo. E no concello non hai vontade de solucionalo\u201d<\/h2>\n\n\n\n<p><br><strong>Nesta casa onde estamos agora \u00e9 onde naciches?<\/strong><\/p>\n\n\n\n<blockquote class=\"wp-block-quote is-layout-flow wp-block-quote-is-layout-flow\"><p><br>Si, aqu\u00ed nac\u00edn e aqu\u00ed vivo. Estiven uns anos en Vigo pero esta \u00e9 a mi\u00f1a casa familiar e o meu fogar.<br>Esta finca era dos meus av\u00f3s maternos e logo constru\u00edron esta casa hai uns 57 anos.<br>Expl\u00edcanos o problema que tes con esta casa.<br>Desde o ano 97 est\u00e1 exposta unha r\u00faa no Concello que, xa lles afectaba cando viv\u00edan aqu\u00ed os meus pais e xa comezaron \u00e1 loita para que a r\u00faa levara unha traxectoria m\u00e1is recta e non afectara s\u00f3 a nosa casa.<\/p><\/blockquote>\n\n\n\n<p><strong><br>Como \u00e9 a traxectoria desta r\u00faa?<\/strong><\/p>\n\n\n\n<blockquote class=\"wp-block-quote is-layout-flow wp-block-quote-is-layout-flow\"><p><br>Ven desde o centro de sa\u00fade ata o Concello. O problema \u00e9 que a s\u00faa traxectoria non \u00e9 recta e afecta moit\u00edsimo m\u00e1is a mi\u00f1a finca que \u00e1 finca lindeira.<br>Daquela o fillo dos propietarios desa finca era un traballador do concello man dereita de Arturo Grandal, agora mesmo ser\u00e1n os seus fillos os herdeiros, supo\u00f1o.<\/p><\/blockquote>\n\n\n\n<p>Crees que isto \u00e9 un acto voluntario, que o trazado desa r\u00faa foi para non prexudicar a esta familia e en consecuencia prexudicarte a ti?<\/p>\n\n\n\n<blockquote class=\"wp-block-quote is-layout-flow wp-block-quote-is-layout-flow\"><p><br>Si. De feito podo ensinarche escritos que fac\u00eda meu pai onde queda reflexado que Arturo ti\u00f1a un odio persoal contra el.<\/p><\/blockquote>\n\n\n\n<p><br>P<strong>ero o teu pai ti\u00f1a inimizade con Arturo?<\/strong><\/p>\n\n\n\n<blockquote class=\"wp-block-quote is-layout-flow wp-block-quote-is-layout-flow\"><p><br>O meu pai era dos que se che ti\u00f1a que dicir algo fac\u00edao, non se casaba con ningu\u00e9n.<br>El era veterinario. Non lle deb\u00eda nada a ning\u00fan partido pol\u00edtico e se ti\u00f1a que po\u00f1er panfletos no seu coche fac\u00edao sen miramentos.<\/p><\/blockquote>\n\n\n\n<p><br>E<strong>nt\u00f3n o proxecto est\u00e1 desde finais dos anos 90. Por que nunca se executou?<\/strong><\/p>\n\n\n\n<p><br>Non hai plan xeral, temos normativas subsidiarias desde o ano 93 e non sei porqu\u00e9 nunca se levou a cabo.<\/p>\n\n\n\n<p><strong><br>E tendo maior\u00edas absolutas o PP, como nunca se probou un plan xeral?<\/strong><\/p>\n\n\n\n<blockquote class=\"wp-block-quote is-layout-flow wp-block-quote-is-layout-flow\"><p><strong><br>A<\/strong>rturo sempre dic\u00eda que era contraproducente porque se ver\u00edan prexudicadas moitas propiedades.<br>Desde o ano 97 non houbo ning\u00fan tipo de indicio que puidera levar a sospeitar que \u00eda pasar algo?<br>Non. O proxecto deixouno Arturo feito, Marta estao executando.<\/p><\/blockquote>\n\n\n\n<p><strong><br>E como te decatas de que agora si se vai levar a cabo?<\/strong><\/p>\n\n\n\n<blockquote class=\"wp-block-quote is-layout-flow wp-block-quote-is-layout-flow\"><p>Todo por rumores. Estaba unha tarde na casa da Cultura, a finais do ano 19, e se me acerca a alcaldesa para dicirme que quere ter unha cita comigo. Te\u00f1o unha xuntanza con ela no concello e me traslada que van abrir \u00e1 r\u00faa e que me van a dar 45.000\u20ac, que o concello se fai cargo de facer o muro de contenci\u00f3n e eu te\u00f1o que pechar \u00e1 finca. Non lle rebat\u00edn nada, pois fun a al\u00ed a escoitar o que me ti\u00f1a que dicir e cando sa\u00edn da reuni\u00f3n comecei a buscar avogado.<\/p><\/blockquote>\n\n\n\n<p><br><strong>Aqu\u00ed en Salvaterra?<\/strong><\/p>\n\n\n\n<blockquote class=\"wp-block-quote is-layout-flow wp-block-quote-is-layout-flow\"><p><br>Non, busqueino en Vigo. Estou nunha situaci\u00f3n na que non sei por onde tirar e non quero a ningu\u00e9n de Salvaterra que poida estar influenciado, quero algu\u00e9n alleo ao pobo.<\/p><\/blockquote>\n\n\n\n<p><br>E <strong>o avogado que pasos che di que ides a seguir?<\/strong><\/p>\n\n\n\n<blockquote class=\"wp-block-quote is-layout-flow wp-block-quote-is-layout-flow\"><p><br>Tiven que facer unha peritaxe, esquemas e medici\u00f3ns da r\u00faa para entregarlle e estudar a caso.<br>Despois puxemos a primeira demanda administrativa contra o concello presentando un recurso de reposici\u00f3n que xa sabiamos que non \u00eda sa\u00edr adiante pero que \u00e9 un primeiro tr\u00e1mite imprescindible.<\/p><\/blockquote>\n\n\n\n<p><br><strong>Cantas propiedades pode haber afectadas polo trazado desta r\u00faa?<\/strong><\/p>\n\n\n\n<blockquote class=\"wp-block-quote is-layout-flow wp-block-quote-is-layout-flow\"><p><br>Exactamente non o sei, pero son todas con conformidade, a \u00fanica que est\u00e1 en desconformidade son eu, estou soa nisto. Os outros s\u00f3 son fincas, son a \u00fanica que ten unha vivenda constru\u00edda, a min l\u00e9vame o pulm\u00f3n desta finca, quedo sen finca, sen garaxe e se me anula unha entrada \u00e1 vivenda.<\/p><\/blockquote>\n\n\n\n<p><br>Des<strong>pois de presentar o recurso de reposici\u00f3n cal \u00e9 o seguinte paso que das?<\/strong><\/p>\n\n\n\n<blockquote class=\"wp-block-quote is-layout-flow wp-block-quote-is-layout-flow\"><p><br>Este presentouse en novembro. O problema \u00e9 que estando no contencioso con medidas cautelares, a alcaldesa fai un pleno extraordinario onde un dos puntos da orde do d\u00eda \u00e9 aprobar a r\u00faa. Din que fan este pleno sen ter nova do contencioso pero non \u00e9 certo porque o meu avogado transmitiullo.<br><\/p><\/blockquote>\n\n\n\n<p>E<strong> no pleno extraordinario que sa\u00edu? porque se hai medidas cautelares postas por un xulgado hai que acatalas mentres non estea a resoluci\u00f3n.<\/strong><\/p>\n\n\n\n<blockquote class=\"wp-block-quote is-layout-flow wp-block-quote-is-layout-flow\"><p><br>Pois o grave \u00e9 que sa\u00edu aprobada a r\u00faa, cada vez que a alcaldesa da un paso as\u00ed a min s\u00e1eme caro e te\u00f1o que investir m\u00e1is cartos neste proceso.<\/p><\/blockquote>\n\n\n\n<p><br><strong>Pero se hai medidas cautelares a resoluci\u00f3n do pleno non \u00e9 v\u00e1lida non?<\/strong><\/p>\n\n\n\n<blockquote class=\"wp-block-quote is-layout-flow wp-block-quote-is-layout-flow\"><p><br>Non, haber\u00eda que anulala.<\/p><\/blockquote>\n\n\n\n<p><br><strong>Eu non lle estou dicindo ao concello que non faga \u00e1 r\u00faa, sen\u00f3n que non me leve tanta finca<br>\u00c9 necesario facer esta r\u00faa?<\/strong><\/p>\n\n\n\n<blockquote class=\"wp-block-quote is-layout-flow wp-block-quote-is-layout-flow\"><p><br>Non \u00e9 un proxecto dos peores, se cadra si sexa necesaria. Pero insisto, eu non me opo\u00f1o \u00e1 r\u00faa. S\u00f3 pido que impere o sentido com\u00fan para que se faga unha pequena modificaci\u00f3n do trazado e non me leven toda a finca.<\/p><\/blockquote>\n\n\n\n<p><br><strong>Que \u00e9 o que pides exactamente no contencioso?<\/strong><\/p>\n\n\n\n<blockquote class=\"wp-block-quote is-layout-flow wp-block-quote-is-layout-flow\"><p><br>Unha pequena variaci\u00f3n no proxecto para que eu non sexa tan afectada e me respecten a entrada da casa afectada. Vontade de movelo e de solucionalo non te\u00f1en.<\/p><\/blockquote>\n\n\n\n<p><br>A \u00fanica vontade de solucionalo \u00e9 que un xulgado che dea a raz\u00f3n?<\/p>\n\n\n\n<blockquote class=\"wp-block-quote is-layout-flow wp-block-quote-is-layout-flow\"><p><br>Si.<\/p><\/blockquote>\n\n\n\n<p><br><strong>E po\u00f1\u00e9ndonos no peor dos casos e que un xu\u00edz ou xu\u00edza non che dea a raz\u00f3n, cales ser\u00eda os prexu\u00edzos m\u00e1is graves que ter\u00edas?<\/strong><\/p>\n\n\n\n<blockquote class=\"wp-block-quote is-layout-flow wp-block-quote-is-layout-flow\"><p><br>Quedar\u00edame toda a parte de abaixo da casa inutilizada e ter\u00eda que abrir outro acceso diferente, ter\u00eda a r\u00faa pegada a mi\u00f1a casa, ter\u00eda que reformular o pouco que me queda de finca para meter o coche dentro e tirar cos froiteiros.<\/p><\/blockquote>\n","protected":false},"excerpt":{"rendered":"<div class=\"mh-excerpt\"><p>Cristina \u00e9 unha muller de Salvaterra cuxa propiedade, no casco urbano da vila, est\u00e1 seriamente afectada polo proxecto dunha r\u00faa. Esta est\u00e1 xa formulada desde 1.997 pero despois de tanto tempo semella que vai ser agora cando se vai executar. <a class=\"mh-excerpt-more\" href=\"https:\/\/www.anovapeneira.gal\/index.php\/2021\/12\/09\/cristina-gonzalez-vecina-de-salvaterra-afectada-polo-proxecto-dunha-nova-rua\/\" title=\"Cristina Gonz\u00e1lez veci\u00f1a  de Salvaterra afectada polo proxecto dunha nova r\u00faa\">[&#8230;]<\/a><\/p>\n<\/div>","protected":false},"author":3,"featured_media":6553,"comment_status":"open","ping_status":"open","sticky":false,"template":"","format":"standard","meta":{"_exactmetrics_skip_tracking":false,"_exactmetrics_sitenote_active":false,"_exactmetrics_sitenote_note":"","_exactmetrics_sitenote_category":0,"footnotes":""},"categories":[267],"tags":[186],"class_list":{"0":"post-6552","1":"post","2":"type-post","3":"status-publish","4":"format-standard","5":"has-post-thumbnail","7":"category-condado-entrevistas","8":"tag-concello-de-salvaterra-do-mino"},"yoast_head":"<!-- This site is optimized with the Yoast SEO plugin v27.4 - https:\/\/yoast.com\/product\/yoast-seo-wordpress\/ -->\n<title>Cristina Gonz\u00e1lez veci\u00f1a de Salvaterra afectada polo proxecto dunha nova r\u00faa -<\/title>\n<meta name=\"description\" content=\"Cristina \u00e9 unha muller de Salvaterra cuxa propiedade, no casco urbano da vila, est\u00e1 seriamente afectada polo proxecto dunha r\u00faa. Esta est\u00e1 xa formulada desde 1.997 pero despois de tanto tempo semella que vai ser agora cando se vai executar.\" \/>\n<meta name=\"robots\" content=\"index, follow, max-snippet:-1, max-image-preview:large, max-video-preview:-1\" \/>\n<link rel=\"canonical\" href=\"https:\/\/www.anovapeneira.gal\/index.php\/2021\/12\/09\/cristina-gonzalez-vecina-de-salvaterra-afectada-polo-proxecto-dunha-nova-rua\/\" \/>\n<meta property=\"og:locale\" content=\"gl_ES\" \/>\n<meta property=\"og:type\" content=\"article\" \/>\n<meta property=\"og:title\" content=\"Cristina Gonz\u00e1lez veci\u00f1a de Salvaterra afectada polo proxecto dunha nova r\u00faa -\" \/>\n<meta property=\"og:description\" content=\"Cristina \u00e9 unha muller de Salvaterra cuxa propiedade, no casco urbano da vila, est\u00e1 seriamente afectada polo proxecto dunha r\u00faa. Esta est\u00e1 xa formulada desde 1.997 pero despois de tanto tempo semella que vai ser agora cando se vai executar.\" \/>\n<meta property=\"og:url\" content=\"https:\/\/www.anovapeneira.gal\/index.php\/2021\/12\/09\/cristina-gonzalez-vecina-de-salvaterra-afectada-polo-proxecto-dunha-nova-rua\/\" \/>\n<meta property=\"article:publisher\" content=\"https:\/\/www.facebook.com\/anovapeneira\" \/>\n<meta property=\"article:published_time\" content=\"2021-12-09T09:00:14+00:00\" \/>\n<meta property=\"og:image\" content=\"https:\/\/www.anovapeneira.gal\/wp-content\/uploads\/2021\/12\/cristina_salvaterra.jpg\" \/>\n\t<meta property=\"og:image:width\" content=\"720\" \/>\n\t<meta property=\"og:image:height\" content=\"432\" \/>\n\t<meta property=\"og:image:type\" content=\"image\/jpeg\" \/>\n<meta name=\"author\" content=\"Redacci\u00f3n A Nova Peneira\" \/>\n<meta name=\"twitter:card\" content=\"summary_large_image\" \/>\n<meta name=\"twitter:creator\" content=\"@APeneira\" \/>\n<meta name=\"twitter:site\" content=\"@APeneira\" \/>\n<meta name=\"twitter:label1\" content=\"Escrito por\" \/>\n\t<meta name=\"twitter:data1\" content=\"Redacci\u00f3n A Nova Peneira\" \/>\n\t<meta name=\"twitter:label2\" content=\"Tempo de lectura\" \/>\n\t<meta name=\"twitter:data2\" content=\"5 minutos\" \/>\n<script type=\"application\/ld+json\" class=\"yoast-schema-graph\">{\"@context\":\"https:\\\/\\\/schema.org\",\"@graph\":[{\"@type\":\"Article\",\"@id\":\"https:\\\/\\\/www.anovapeneira.gal\\\/index.php\\\/2021\\\/12\\\/09\\\/cristina-gonzalez-vecina-de-salvaterra-afectada-polo-proxecto-dunha-nova-rua\\\/#article\",\"isPartOf\":{\"@id\":\"https:\\\/\\\/www.anovapeneira.gal\\\/index.php\\\/2021\\\/12\\\/09\\\/cristina-gonzalez-vecina-de-salvaterra-afectada-polo-proxecto-dunha-nova-rua\\\/\"},\"author\":{\"name\":\"Redacci\u00f3n A Nova Peneira\",\"@id\":\"https:\\\/\\\/www.anovapeneira.gal\\\/#\\\/schema\\\/person\\\/b93e3f8932e3f8da96334607eb6ac6aa\"},\"headline\":\"Cristina Gonz\u00e1lez veci\u00f1a de Salvaterra afectada polo proxecto dunha nova r\u00faa\",\"datePublished\":\"2021-12-09T09:00:14+00:00\",\"mainEntityOfPage\":{\"@id\":\"https:\\\/\\\/www.anovapeneira.gal\\\/index.php\\\/2021\\\/12\\\/09\\\/cristina-gonzalez-vecina-de-salvaterra-afectada-polo-proxecto-dunha-nova-rua\\\/\"},\"wordCount\":1128,\"commentCount\":0,\"publisher\":{\"@id\":\"https:\\\/\\\/www.anovapeneira.gal\\\/#organization\"},\"image\":{\"@id\":\"https:\\\/\\\/www.anovapeneira.gal\\\/index.php\\\/2021\\\/12\\\/09\\\/cristina-gonzalez-vecina-de-salvaterra-afectada-polo-proxecto-dunha-nova-rua\\\/#primaryimage\"},\"thumbnailUrl\":\"https:\\\/\\\/www.anovapeneira.gal\\\/wp-content\\\/uploads\\\/2021\\\/12\\\/cristina_salvaterra.jpg\",\"keywords\":[\"Concello de Salvaterra do Mi\u00f1o\"],\"articleSection\":[\"Condado\"],\"inLanguage\":\"gl-ES\",\"potentialAction\":[{\"@type\":\"CommentAction\",\"name\":\"Comment\",\"target\":[\"https:\\\/\\\/www.anovapeneira.gal\\\/index.php\\\/2021\\\/12\\\/09\\\/cristina-gonzalez-vecina-de-salvaterra-afectada-polo-proxecto-dunha-nova-rua\\\/#respond\"]}]},{\"@type\":\"WebPage\",\"@id\":\"https:\\\/\\\/www.anovapeneira.gal\\\/index.php\\\/2021\\\/12\\\/09\\\/cristina-gonzalez-vecina-de-salvaterra-afectada-polo-proxecto-dunha-nova-rua\\\/\",\"url\":\"https:\\\/\\\/www.anovapeneira.gal\\\/index.php\\\/2021\\\/12\\\/09\\\/cristina-gonzalez-vecina-de-salvaterra-afectada-polo-proxecto-dunha-nova-rua\\\/\",\"name\":\"Cristina Gonz\u00e1lez veci\u00f1a de Salvaterra afectada polo proxecto dunha nova r\u00faa -\",\"isPartOf\":{\"@id\":\"https:\\\/\\\/www.anovapeneira.gal\\\/#website\"},\"primaryImageOfPage\":{\"@id\":\"https:\\\/\\\/www.anovapeneira.gal\\\/index.php\\\/2021\\\/12\\\/09\\\/cristina-gonzalez-vecina-de-salvaterra-afectada-polo-proxecto-dunha-nova-rua\\\/#primaryimage\"},\"image\":{\"@id\":\"https:\\\/\\\/www.anovapeneira.gal\\\/index.php\\\/2021\\\/12\\\/09\\\/cristina-gonzalez-vecina-de-salvaterra-afectada-polo-proxecto-dunha-nova-rua\\\/#primaryimage\"},\"thumbnailUrl\":\"https:\\\/\\\/www.anovapeneira.gal\\\/wp-content\\\/uploads\\\/2021\\\/12\\\/cristina_salvaterra.jpg\",\"datePublished\":\"2021-12-09T09:00:14+00:00\",\"description\":\"Cristina \u00e9 unha muller de Salvaterra cuxa propiedade, no casco urbano da vila, est\u00e1 seriamente afectada polo proxecto dunha r\u00faa. Esta est\u00e1 xa formulada desde 1.997 pero despois de tanto tempo semella que vai ser agora cando se vai executar.\",\"breadcrumb\":{\"@id\":\"https:\\\/\\\/www.anovapeneira.gal\\\/index.php\\\/2021\\\/12\\\/09\\\/cristina-gonzalez-vecina-de-salvaterra-afectada-polo-proxecto-dunha-nova-rua\\\/#breadcrumb\"},\"inLanguage\":\"gl-ES\",\"potentialAction\":[{\"@type\":\"ReadAction\",\"target\":[\"https:\\\/\\\/www.anovapeneira.gal\\\/index.php\\\/2021\\\/12\\\/09\\\/cristina-gonzalez-vecina-de-salvaterra-afectada-polo-proxecto-dunha-nova-rua\\\/\"]}]},{\"@type\":\"ImageObject\",\"inLanguage\":\"gl-ES\",\"@id\":\"https:\\\/\\\/www.anovapeneira.gal\\\/index.php\\\/2021\\\/12\\\/09\\\/cristina-gonzalez-vecina-de-salvaterra-afectada-polo-proxecto-dunha-nova-rua\\\/#primaryimage\",\"url\":\"https:\\\/\\\/www.anovapeneira.gal\\\/wp-content\\\/uploads\\\/2021\\\/12\\\/cristina_salvaterra.jpg\",\"contentUrl\":\"https:\\\/\\\/www.anovapeneira.gal\\\/wp-content\\\/uploads\\\/2021\\\/12\\\/cristina_salvaterra.jpg\",\"width\":720,\"height\":432,\"caption\":\"CRISTINA GONZ\u00c1LEZ VECI\u00d1A DE SALVATERRA AFECTADA POLO PROXECTO DUNHA NOVA R\u00daA\"},{\"@type\":\"BreadcrumbList\",\"@id\":\"https:\\\/\\\/www.anovapeneira.gal\\\/index.php\\\/2021\\\/12\\\/09\\\/cristina-gonzalez-vecina-de-salvaterra-afectada-polo-proxecto-dunha-nova-rua\\\/#breadcrumb\",\"itemListElement\":[{\"@type\":\"ListItem\",\"position\":1,\"name\":\"Portada\",\"item\":\"https:\\\/\\\/www.anovapeneira.gal\\\/\"},{\"@type\":\"ListItem\",\"position\":2,\"name\":\"Cristina Gonz\u00e1lez veci\u00f1a de Salvaterra afectada polo proxecto dunha nova r\u00faa\"}]},{\"@type\":\"WebSite\",\"@id\":\"https:\\\/\\\/www.anovapeneira.gal\\\/#website\",\"url\":\"https:\\\/\\\/www.anovapeneira.gal\\\/\",\"name\":\"\",\"description\":\"Xornal galego de informaci\u00f3n xeral Publicaci\u00f3n mensual de novas de Galicia e en especial dos Concellos da sur da provincia de Pontevedra.\",\"publisher\":{\"@id\":\"https:\\\/\\\/www.anovapeneira.gal\\\/#organization\"},\"potentialAction\":[{\"@type\":\"SearchAction\",\"target\":{\"@type\":\"EntryPoint\",\"urlTemplate\":\"https:\\\/\\\/www.anovapeneira.gal\\\/?s={search_term_string}\"},\"query-input\":{\"@type\":\"PropertyValueSpecification\",\"valueRequired\":true,\"valueName\":\"search_term_string\"}}],\"inLanguage\":\"gl-ES\"},{\"@type\":\"Organization\",\"@id\":\"https:\\\/\\\/www.anovapeneira.gal\\\/#organization\",\"name\":\"A Nova Peneira\",\"url\":\"https:\\\/\\\/www.anovapeneira.gal\\\/\",\"logo\":{\"@type\":\"ImageObject\",\"inLanguage\":\"gl-ES\",\"@id\":\"https:\\\/\\\/www.anovapeneira.gal\\\/#\\\/schema\\\/logo\\\/image\\\/\",\"url\":\"http:\\\/\\\/www.anovapeneira.gal\\\/wp-content\\\/uploads\\\/2019\\\/06\\\/logo_a_nova_peneira_portal_web.png\",\"contentUrl\":\"http:\\\/\\\/www.anovapeneira.gal\\\/wp-content\\\/uploads\\\/2019\\\/06\\\/logo_a_nova_peneira_portal_web.png\",\"width\":300,\"height\":100,\"caption\":\"A Nova Peneira\"},\"image\":{\"@id\":\"https:\\\/\\\/www.anovapeneira.gal\\\/#\\\/schema\\\/logo\\\/image\\\/\"},\"sameAs\":[\"https:\\\/\\\/www.facebook.com\\\/anovapeneira\",\"https:\\\/\\\/x.com\\\/APeneira\"]},{\"@type\":\"Person\",\"@id\":\"https:\\\/\\\/www.anovapeneira.gal\\\/#\\\/schema\\\/person\\\/b93e3f8932e3f8da96334607eb6ac6aa\",\"name\":\"Redacci\u00f3n A Nova Peneira\",\"image\":{\"@type\":\"ImageObject\",\"inLanguage\":\"gl-ES\",\"@id\":\"https:\\\/\\\/secure.gravatar.com\\\/avatar\\\/c052a2551a06e23fac63626232eaa90abd78dbcf1700fc46a2b2c89fd27b735f?s=96&d=mm&r=g\",\"url\":\"https:\\\/\\\/secure.gravatar.com\\\/avatar\\\/c052a2551a06e23fac63626232eaa90abd78dbcf1700fc46a2b2c89fd27b735f?s=96&d=mm&r=g\",\"contentUrl\":\"https:\\\/\\\/secure.gravatar.com\\\/avatar\\\/c052a2551a06e23fac63626232eaa90abd78dbcf1700fc46a2b2c89fd27b735f?s=96&d=mm&r=g\",\"caption\":\"Redacci\u00f3n A Nova Peneira\"},\"sameAs\":[\"http:\\\/\\\/www.anovapeneira.gal\\\/\"],\"url\":\"https:\\\/\\\/www.anovapeneira.gal\\\/index.php\\\/author\\\/redactor\\\/\"}]}<\/script>\n<!-- \/ Yoast SEO plugin. -->","yoast_head_json":{"title":"Cristina Gonz\u00e1lez veci\u00f1a de Salvaterra afectada polo proxecto dunha nova r\u00faa -","description":"Cristina \u00e9 unha muller de Salvaterra cuxa propiedade, no casco urbano da vila, est\u00e1 seriamente afectada polo proxecto dunha r\u00faa. Esta est\u00e1 xa formulada desde 1.997 pero despois de tanto tempo semella que vai ser agora cando se vai executar.","robots":{"index":"index","follow":"follow","max-snippet":"max-snippet:-1","max-image-preview":"max-image-preview:large","max-video-preview":"max-video-preview:-1"},"canonical":"https:\/\/www.anovapeneira.gal\/index.php\/2021\/12\/09\/cristina-gonzalez-vecina-de-salvaterra-afectada-polo-proxecto-dunha-nova-rua\/","og_locale":"gl_ES","og_type":"article","og_title":"Cristina Gonz\u00e1lez veci\u00f1a de Salvaterra afectada polo proxecto dunha nova r\u00faa -","og_description":"Cristina \u00e9 unha muller de Salvaterra cuxa propiedade, no casco urbano da vila, est\u00e1 seriamente afectada polo proxecto dunha r\u00faa. Esta est\u00e1 xa formulada desde 1.997 pero despois de tanto tempo semella que vai ser agora cando se vai executar.","og_url":"https:\/\/www.anovapeneira.gal\/index.php\/2021\/12\/09\/cristina-gonzalez-vecina-de-salvaterra-afectada-polo-proxecto-dunha-nova-rua\/","article_publisher":"https:\/\/www.facebook.com\/anovapeneira","article_published_time":"2021-12-09T09:00:14+00:00","og_image":[{"width":720,"height":432,"url":"https:\/\/www.anovapeneira.gal\/wp-content\/uploads\/2021\/12\/cristina_salvaterra.jpg","type":"image\/jpeg"}],"author":"Redacci\u00f3n A Nova Peneira","twitter_card":"summary_large_image","twitter_creator":"@APeneira","twitter_site":"@APeneira","twitter_misc":{"Escrito por":"Redacci\u00f3n A Nova Peneira","Tempo de lectura":"5 minutos"},"schema":{"@context":"https:\/\/schema.org","@graph":[{"@type":"Article","@id":"https:\/\/www.anovapeneira.gal\/index.php\/2021\/12\/09\/cristina-gonzalez-vecina-de-salvaterra-afectada-polo-proxecto-dunha-nova-rua\/#article","isPartOf":{"@id":"https:\/\/www.anovapeneira.gal\/index.php\/2021\/12\/09\/cristina-gonzalez-vecina-de-salvaterra-afectada-polo-proxecto-dunha-nova-rua\/"},"author":{"name":"Redacci\u00f3n A Nova Peneira","@id":"https:\/\/www.anovapeneira.gal\/#\/schema\/person\/b93e3f8932e3f8da96334607eb6ac6aa"},"headline":"Cristina Gonz\u00e1lez veci\u00f1a de Salvaterra afectada polo proxecto dunha nova r\u00faa","datePublished":"2021-12-09T09:00:14+00:00","mainEntityOfPage":{"@id":"https:\/\/www.anovapeneira.gal\/index.php\/2021\/12\/09\/cristina-gonzalez-vecina-de-salvaterra-afectada-polo-proxecto-dunha-nova-rua\/"},"wordCount":1128,"commentCount":0,"publisher":{"@id":"https:\/\/www.anovapeneira.gal\/#organization"},"image":{"@id":"https:\/\/www.anovapeneira.gal\/index.php\/2021\/12\/09\/cristina-gonzalez-vecina-de-salvaterra-afectada-polo-proxecto-dunha-nova-rua\/#primaryimage"},"thumbnailUrl":"https:\/\/www.anovapeneira.gal\/wp-content\/uploads\/2021\/12\/cristina_salvaterra.jpg","keywords":["Concello de Salvaterra do Mi\u00f1o"],"articleSection":["Condado"],"inLanguage":"gl-ES","potentialAction":[{"@type":"CommentAction","name":"Comment","target":["https:\/\/www.anovapeneira.gal\/index.php\/2021\/12\/09\/cristina-gonzalez-vecina-de-salvaterra-afectada-polo-proxecto-dunha-nova-rua\/#respond"]}]},{"@type":"WebPage","@id":"https:\/\/www.anovapeneira.gal\/index.php\/2021\/12\/09\/cristina-gonzalez-vecina-de-salvaterra-afectada-polo-proxecto-dunha-nova-rua\/","url":"https:\/\/www.anovapeneira.gal\/index.php\/2021\/12\/09\/cristina-gonzalez-vecina-de-salvaterra-afectada-polo-proxecto-dunha-nova-rua\/","name":"Cristina Gonz\u00e1lez veci\u00f1a de Salvaterra afectada polo proxecto dunha nova r\u00faa -","isPartOf":{"@id":"https:\/\/www.anovapeneira.gal\/#website"},"primaryImageOfPage":{"@id":"https:\/\/www.anovapeneira.gal\/index.php\/2021\/12\/09\/cristina-gonzalez-vecina-de-salvaterra-afectada-polo-proxecto-dunha-nova-rua\/#primaryimage"},"image":{"@id":"https:\/\/www.anovapeneira.gal\/index.php\/2021\/12\/09\/cristina-gonzalez-vecina-de-salvaterra-afectada-polo-proxecto-dunha-nova-rua\/#primaryimage"},"thumbnailUrl":"https:\/\/www.anovapeneira.gal\/wp-content\/uploads\/2021\/12\/cristina_salvaterra.jpg","datePublished":"2021-12-09T09:00:14+00:00","description":"Cristina \u00e9 unha muller de Salvaterra cuxa propiedade, no casco urbano da vila, est\u00e1 seriamente afectada polo proxecto dunha r\u00faa. Esta est\u00e1 xa formulada desde 1.997 pero despois de tanto tempo semella que vai ser agora cando se vai executar.","breadcrumb":{"@id":"https:\/\/www.anovapeneira.gal\/index.php\/2021\/12\/09\/cristina-gonzalez-vecina-de-salvaterra-afectada-polo-proxecto-dunha-nova-rua\/#breadcrumb"},"inLanguage":"gl-ES","potentialAction":[{"@type":"ReadAction","target":["https:\/\/www.anovapeneira.gal\/index.php\/2021\/12\/09\/cristina-gonzalez-vecina-de-salvaterra-afectada-polo-proxecto-dunha-nova-rua\/"]}]},{"@type":"ImageObject","inLanguage":"gl-ES","@id":"https:\/\/www.anovapeneira.gal\/index.php\/2021\/12\/09\/cristina-gonzalez-vecina-de-salvaterra-afectada-polo-proxecto-dunha-nova-rua\/#primaryimage","url":"https:\/\/www.anovapeneira.gal\/wp-content\/uploads\/2021\/12\/cristina_salvaterra.jpg","contentUrl":"https:\/\/www.anovapeneira.gal\/wp-content\/uploads\/2021\/12\/cristina_salvaterra.jpg","width":720,"height":432,"caption":"CRISTINA GONZ\u00c1LEZ VECI\u00d1A DE SALVATERRA AFECTADA POLO PROXECTO DUNHA NOVA R\u00daA"},{"@type":"BreadcrumbList","@id":"https:\/\/www.anovapeneira.gal\/index.php\/2021\/12\/09\/cristina-gonzalez-vecina-de-salvaterra-afectada-polo-proxecto-dunha-nova-rua\/#breadcrumb","itemListElement":[{"@type":"ListItem","position":1,"name":"Portada","item":"https:\/\/www.anovapeneira.gal\/"},{"@type":"ListItem","position":2,"name":"Cristina Gonz\u00e1lez veci\u00f1a de Salvaterra afectada polo proxecto dunha nova r\u00faa"}]},{"@type":"WebSite","@id":"https:\/\/www.anovapeneira.gal\/#website","url":"https:\/\/www.anovapeneira.gal\/","name":"","description":"Xornal galego de informaci\u00f3n xeral Publicaci\u00f3n mensual de novas de Galicia e en especial dos Concellos da sur da provincia de Pontevedra.","publisher":{"@id":"https:\/\/www.anovapeneira.gal\/#organization"},"potentialAction":[{"@type":"SearchAction","target":{"@type":"EntryPoint","urlTemplate":"https:\/\/www.anovapeneira.gal\/?s={search_term_string}"},"query-input":{"@type":"PropertyValueSpecification","valueRequired":true,"valueName":"search_term_string"}}],"inLanguage":"gl-ES"},{"@type":"Organization","@id":"https:\/\/www.anovapeneira.gal\/#organization","name":"A Nova Peneira","url":"https:\/\/www.anovapeneira.gal\/","logo":{"@type":"ImageObject","inLanguage":"gl-ES","@id":"https:\/\/www.anovapeneira.gal\/#\/schema\/logo\/image\/","url":"http:\/\/www.anovapeneira.gal\/wp-content\/uploads\/2019\/06\/logo_a_nova_peneira_portal_web.png","contentUrl":"http:\/\/www.anovapeneira.gal\/wp-content\/uploads\/2019\/06\/logo_a_nova_peneira_portal_web.png","width":300,"height":100,"caption":"A Nova Peneira"},"image":{"@id":"https:\/\/www.anovapeneira.gal\/#\/schema\/logo\/image\/"},"sameAs":["https:\/\/www.facebook.com\/anovapeneira","https:\/\/x.com\/APeneira"]},{"@type":"Person","@id":"https:\/\/www.anovapeneira.gal\/#\/schema\/person\/b93e3f8932e3f8da96334607eb6ac6aa","name":"Redacci\u00f3n A Nova Peneira","image":{"@type":"ImageObject","inLanguage":"gl-ES","@id":"https:\/\/secure.gravatar.com\/avatar\/c052a2551a06e23fac63626232eaa90abd78dbcf1700fc46a2b2c89fd27b735f?s=96&d=mm&r=g","url":"https:\/\/secure.gravatar.com\/avatar\/c052a2551a06e23fac63626232eaa90abd78dbcf1700fc46a2b2c89fd27b735f?s=96&d=mm&r=g","contentUrl":"https:\/\/secure.gravatar.com\/avatar\/c052a2551a06e23fac63626232eaa90abd78dbcf1700fc46a2b2c89fd27b735f?s=96&d=mm&r=g","caption":"Redacci\u00f3n A Nova Peneira"},"sameAs":["http:\/\/www.anovapeneira.gal\/"],"url":"https:\/\/www.anovapeneira.gal\/index.php\/author\/redactor\/"}]}},"jetpack_featured_media_url":"https:\/\/www.anovapeneira.gal\/wp-content\/uploads\/2021\/12\/cristina_salvaterra.jpg","_links":{"self":[{"href":"https:\/\/www.anovapeneira.gal\/index.php\/wp-json\/wp\/v2\/posts\/6552","targetHints":{"allow":["GET"]}}],"collection":[{"href":"https:\/\/www.anovapeneira.gal\/index.php\/wp-json\/wp\/v2\/posts"}],"about":[{"href":"https:\/\/www.anovapeneira.gal\/index.php\/wp-json\/wp\/v2\/types\/post"}],"author":[{"embeddable":true,"href":"https:\/\/www.anovapeneira.gal\/index.php\/wp-json\/wp\/v2\/users\/3"}],"replies":[{"embeddable":true,"href":"https:\/\/www.anovapeneira.gal\/index.php\/wp-json\/wp\/v2\/comments?post=6552"}],"version-history":[{"count":1,"href":"https:\/\/www.anovapeneira.gal\/index.php\/wp-json\/wp\/v2\/posts\/6552\/revisions"}],"predecessor-version":[{"id":6554,"href":"https:\/\/www.anovapeneira.gal\/index.php\/wp-json\/wp\/v2\/posts\/6552\/revisions\/6554"}],"wp:featuredmedia":[{"embeddable":true,"href":"https:\/\/www.anovapeneira.gal\/index.php\/wp-json\/wp\/v2\/media\/6553"}],"wp:attachment":[{"href":"https:\/\/www.anovapeneira.gal\/index.php\/wp-json\/wp\/v2\/media?parent=6552"}],"wp:term":[{"taxonomy":"category","embeddable":true,"href":"https:\/\/www.anovapeneira.gal\/index.php\/wp-json\/wp\/v2\/categories?post=6552"},{"taxonomy":"post_tag","embeddable":true,"href":"https:\/\/www.anovapeneira.gal\/index.php\/wp-json\/wp\/v2\/tags?post=6552"}],"curies":[{"name":"wp","href":"https:\/\/api.w.org\/{rel}","templated":true}]}}