{"id":6558,"date":"2021-12-10T10:00:15","date_gmt":"2021-12-10T09:00:15","guid":{"rendered":"https:\/\/www.anovapeneira.gal\/?p=6558"},"modified":"2021-12-09T18:41:43","modified_gmt":"2021-12-09T17:41:43","slug":"a-ong-da-man","status":"publish","type":"post","link":"https:\/\/www.anovapeneira.gal\/index.php\/2021\/12\/10\/a-ong-da-man\/","title":{"rendered":"A ONG Da Man"},"content":{"rendered":"\n<p>\u201c <strong>DA MAN\u201d \u00e9 unha ONG de Redondela que colabora dando asistencia de todo tipo aos habitantes dunha rexi\u00f3n do centro de Senegal. N\u00f3s falamos con 4 mulleres da organizaci\u00f3n: Pilar Mart\u00ednez m\u00e9dica pediatra xubilada e responsable da ONG, Teresa Alfaya dentista e responsable da \u00e1rea de odontolox\u00eda, Rosa Mart\u00ednez oftalm\u00f3loga e responsable da \u00e1rea e oftalmolox\u00eda, e Dori, colaboradora e responsable do local .E en palabras das s\u00faas tres compa\u00f1eiras unha das mulleres que m\u00e1is traballa e cuxo labor \u00e9 imprescindible para o colectivo.<\/strong><\/p>\n\n\n\n<p>\u201c<strong>A solidariedade fainos mellor como seres humanos e como sociedade\u201d<\/strong><\/p>\n\n\n\n<p>\u201c<strong>Cando tanta xente sae nunha patera arriscando as s\u00faas vidas a as dos seus fillos non \u00e9 por capricho, \u00e9 por necesidade\u201d<\/strong><\/p>\n\n\n\n<p><strong>Tedes local f\u00edsico en Redondela, onde est\u00e1 situado?<\/strong><\/p>\n\n\n\n<blockquote class=\"wp-block-quote is-layout-flow wp-block-quote-is-layout-flow\"><p>Na casa dos mestres<\/p><\/blockquote>\n\n\n\n<p><strong>Describ\u00eddeme en que consiste DA MAN?<\/strong><\/p>\n\n\n\n<blockquote class=\"wp-block-quote is-layout-flow wp-block-quote-is-layout-flow\"><p>Somos unha ONG que nos dedicamos \u00e1 colaboraci\u00f3n internacional en zonas que precisan axuda para o seu desenvolvemento.<\/p><\/blockquote>\n\n\n\n<p><strong>Pero a vosa principal \u00e1rea de actuaci\u00f3n \u00e9 Senegal, non?<\/strong><\/p>\n\n\n\n<blockquote class=\"wp-block-quote is-layout-flow wp-block-quote-is-layout-flow\"><p>Si, n\u00f3s nacemos no ano 2.011 despois de que unha serie de persoas levaramos dous anos indo ao Senegal. Antes traballabamos preto de Mali e agora estamos noutra zona m\u00e1is pr\u00f3xima ao centro do pa\u00eds.<\/p><\/blockquote>\n\n\n\n<p><strong>Como \u00e9 esa zona?<\/strong><\/p>\n\n\n\n<blockquote class=\"wp-block-quote is-layout-flow wp-block-quote-is-layout-flow\"><p>\u00c9 case des\u00e9rtica. Al\u00ed vive unha etnia que son gandeiros n\u00f3mades. N\u00f3s traballamos moito e xa fixemos bastantes cousas, como por exemplo a escola, e como resultado comeza a producirse un proceso de asentamento de persoas<\/p><\/blockquote>\n\n\n\n<p><strong>Caramba que ben, \u00e9 para sentirvos moi orgullosas?<\/strong><\/p>\n\n\n\n<blockquote class=\"wp-block-quote is-layout-flow wp-block-quote-is-layout-flow\"><p>A verdade \u00e9 que si, de feito cada ano que vamos vemos como aumentan os asentamentos. Como te\u00f1en servicios que doutro modo non ter\u00edan; a escola o centro de sa\u00fade, auga&#8230; a tendencia natural \u00e9 cara ao asentamento.<\/p><\/blockquote>\n\n\n\n<p><strong>E de cara a fixar poboaci\u00f3n existe a produci\u00f3n agr\u00edcola?<\/strong><\/p>\n\n\n\n<blockquote class=\"wp-block-quote is-layout-flow wp-block-quote-is-layout-flow\"><p>\u00c9 moi escasa. Al\u00e9n de cacahuetes , algo de millo ou unhas fabas moi pequenas t\u00edpicas da zona hai moi pouca cousa. Intentamos plantar froiteiras pero non resultou. Onde estamos \u00e9 a cola do S\u00e1hara , unha zona des\u00e9rtica e moi complicada para a produci\u00f3n de alimentos. Eles viven fundamentalmente do gando<\/p><\/blockquote>\n\n\n\n<p><strong>V\u00f3s comida f\u00edsica non levades, non?<\/strong><\/p>\n\n\n\n<blockquote class=\"wp-block-quote is-layout-flow wp-block-quote-is-layout-flow\"><p>Non, n\u00f3s levamos cartos e mercamos al\u00ed para darlla a algunhas familias que est\u00e1n especialmente necesitadas. Iso non \u00e9 algo que fagamos habitualmente, s\u00f3 en casos excepcionais cando nos informan que hai algunha familia en situaci\u00f3n de especial necesidade.<\/p><\/blockquote>\n\n\n\n<p><strong>Cando estades sobre o terreo as consultas m\u00e9dicas son de balde claro?<\/strong><\/p>\n\n\n\n<blockquote class=\"wp-block-quote is-layout-flow wp-block-quote-is-layout-flow\"><p>Si, claro<\/p><\/blockquote>\n\n\n\n<p><strong>E o material que levades de onde sae?<\/strong><\/p>\n\n\n\n<blockquote class=\"wp-block-quote is-layout-flow wp-block-quote-is-layout-flow\"><p>Das doaz\u00f3ns que recibimos de hospitais e centros m\u00e9dicos e logo tam\u00e9n facemos eventos nos que recadamos cartos. O concello de Redondela sempre nos bota unha man tam\u00e9n, de maneira ininterrompida desde o ano 2.011.Por outra parte tam\u00e9n hai empresas que colaboran economicamente de maneira moi xenerosa. E todo iso \u00e9 imprescindible porque a cooperaci\u00f3n sen cartos non existe.<\/p><\/blockquote>\n\n\n\n<p><strong>Tanto traballo a cambio de nada compensa?<\/strong><\/p>\n\n\n\n<blockquote class=\"wp-block-quote is-layout-flow wp-block-quote-is-layout-flow\"><p>Si, sen d\u00fabida. \u00c9 moi duro, esgotador, pero tam\u00e9n moi gratificante. A sensaci\u00f3n que provoca ver a expresi\u00f3n de agradecemento de algu\u00e9n ao que lle quitas unhas cataratas e pasa de non ver a ver non ten prezo<\/p><\/blockquote>\n\n\n\n<p><strong>As condici\u00f3ns de traballo como son?<\/strong><\/p>\n\n\n\n<blockquote class=\"wp-block-quote is-layout-flow wp-block-quote-is-layout-flow\"><p>Moi rudimentarias. Eles non te\u00f1en case nada ent\u00f3n unha pequena cousa que lles poidas achegar, para eles \u00e9 inmensa<\/p><\/blockquote>\n\n\n\n<p><strong>As catro estivestes al\u00ed?<\/strong><\/p>\n\n\n\n<blockquote class=\"wp-block-quote is-layout-flow wp-block-quote-is-layout-flow\"><p>Si, todas.<\/p><\/blockquote>\n\n\n\n<p><strong>E todas coincidides en valorar moi positivamente a experiencia?<\/strong><\/p>\n\n\n\n<blockquote class=\"wp-block-quote is-layout-flow wp-block-quote-is-layout-flow\"><p>Si, absolutamente<\/p><\/blockquote>\n\n\n\n<p><strong>Se alg\u00fan lector ou lectora quixese colaborar con v\u00f3s que ter\u00eda que facer?<\/strong><\/p>\n\n\n\n<blockquote class=\"wp-block-quote is-layout-flow wp-block-quote-is-layout-flow\"><p>Fac\u00e9ndose socio. Para elo te\u00f1en que entrar na nosa web daman.org. Quixeramos deixar claro que cada \u20ac que recibamos da xenerosidade dos demais vai para axudar \u00e1s persoas de Senegal que atendemos. Todos os gastos resultantes dos nosos desprazamentos e estancia en Senegal corren dos nosos petos. N\u00f3s somos unha ONG de cooperaci\u00f3n formamos \u00e1 poboaci\u00f3n local para que aprenda. Se algunha persoa quere colaborar con n\u00f3s al\u00e9n de achegar algunha cantidade econ\u00f3mica ou doaz\u00f3n de material, ten que ser aqu\u00ed. N\u00f3s sempre imos segundo necesidade concreta e sempre con persoas da ONG<\/p><\/blockquote>\n\n\n\n<p><strong>E recibides moitas solicitudes de colaboraci\u00f3n?<\/strong><\/p>\n\n\n\n<blockquote class=\"wp-block-quote is-layout-flow wp-block-quote-is-layout-flow\"><p>Si, arredor de 150 cada ano.<\/p><\/blockquote>\n\n\n\n<p><strong>Canto custa ser socio de Da Man?<\/strong><\/p>\n\n\n\n<blockquote class=\"wp-block-quote is-layout-flow wp-block-quote-is-layout-flow\"><p>5\u20ac ao mes. \u00c9 unha cantidade pequena que serve para moito. Temos que deixar claro que o facerse socio no garante a viaxe a Senegal. As viaxes artell\u00e1molas en funci\u00f3n das necesidades. N\u00f3s traballamos moit\u00edsimo \u00e9 un traballo moi duro e escollemos as e os compa\u00f1eiros de viaxe en funci\u00f3n da adecuaci\u00f3n dos seus perf\u00eds \u00e1s necesidades que puidesen existir no momento concreto da viaxe.<\/p><\/blockquote>\n\n\n\n<p><strong>Rematamos ; a modo de s\u00edntese cal ser\u00eda a raz\u00f3n m\u00e1is importante que vos motiva ao voso traballo na ONG?<\/strong><\/p>\n\n\n\n<blockquote class=\"wp-block-quote is-layout-flow wp-block-quote-is-layout-flow\"><p>A solidariedade, dar parte de n\u00f3s en beneficio dos que menos te\u00f1en e m\u00e1is necesitan, fainos mellor tanto como seres humanos como sociedade. Cando tanta xente sae de \u00c1frica nunha patera , arriscando as s\u00faas vidas e as das s\u00faas familias, non \u00e9 por capricho \u00e9 por necesidade. E \u00e1s veces sendo os galegos un pobo emigrante parece que non temos memoria. O problema por desgraza \u00e9 que o fascismo est\u00e1 presente en moita mais xente do que parece.<\/p><\/blockquote>\n","protected":false},"excerpt":{"rendered":"<div class=\"mh-excerpt\"><p>\u201c DA MAN\u201d \u00e9 unha ONG de Redondela que colabora dando asistencia de todo tipo aos habitantes dunha rexi\u00f3n do centro de Senegal. N\u00f3s falamos con 4 mulleres da organizaci\u00f3n: Pilar Mart\u00ednez m\u00e9dica pediatra xubilada e responsable da ONG, Teresa Alfaya dentista e responsable da \u00e1rea de odontolox\u00eda, Rosa Mart\u00ednez oftalm\u00f3loga e responsable da \u00e1rea e oftalmolox\u00eda, e Dori, colaboradora e responsable do local .E en palabras das s\u00faas tres compa\u00f1eiras unha das mulleres que m\u00e1is traballa e cuxo labor \u00e9 imprescindible para o colectivo. <a class=\"mh-excerpt-more\" href=\"https:\/\/www.anovapeneira.gal\/index.php\/2021\/12\/10\/a-ong-da-man\/\" title=\"A ONG Da Man\">[&#8230;]<\/a><\/p>\n<\/div>","protected":false},"author":3,"featured_media":6561,"comment_status":"open","ping_status":"open","sticky":false,"template":"","format":"standard","meta":{"_exactmetrics_skip_tracking":false,"_exactmetrics_sitenote_active":false,"_exactmetrics_sitenote_note":"","_exactmetrics_sitenote_category":0,"footnotes":""},"categories":[270],"tags":[171],"class_list":{"0":"post-6558","1":"post","2":"type-post","3":"status-publish","4":"format-standard","5":"has-post-thumbnail","7":"category-redondela-entrevistas","8":"tag-concello-de-redondela"},"yoast_head":"<!-- This site is optimized with the Yoast SEO plugin v27.4 - https:\/\/yoast.com\/product\/yoast-seo-wordpress\/ -->\n<title>A ONG Da Man -<\/title>\n<meta name=\"description\" content=\"\u201c DA MAN\u201d \u00e9 unha ONG de Redondela que colabora dando asistencia de todo tipo aos habitantes dunha rexi\u00f3n do centro de Senegal. N\u00f3s falamos con 4 mulleres da organizaci\u00f3n: Pilar Mart\u00ednez m\u00e9dica pediatra xubilada e responsable da ONG, Teresa Alfaya dentista e responsable da \u00e1rea de odontolox\u00eda, Rosa Mart\u00ednez oftalm\u00f3loga e responsable da \u00e1rea e oftalmolox\u00eda, e Dori, colaboradora e responsable do local .E en palabras das s\u00faas tres compa\u00f1eiras unha das mulleres que m\u00e1is traballa e cuxo labor \u00e9 imprescindible para o colectivo.\" \/>\n<meta name=\"robots\" content=\"index, follow, max-snippet:-1, max-image-preview:large, max-video-preview:-1\" \/>\n<link rel=\"canonical\" href=\"https:\/\/www.anovapeneira.gal\/index.php\/2021\/12\/10\/a-ong-da-man\/\" \/>\n<meta property=\"og:locale\" content=\"gl_ES\" \/>\n<meta property=\"og:type\" content=\"article\" \/>\n<meta property=\"og:title\" content=\"A ONG Da Man -\" \/>\n<meta property=\"og:description\" content=\"\u201c DA MAN\u201d \u00e9 unha ONG de Redondela que colabora dando asistencia de todo tipo aos habitantes dunha rexi\u00f3n do centro de Senegal. N\u00f3s falamos con 4 mulleres da organizaci\u00f3n: Pilar Mart\u00ednez m\u00e9dica pediatra xubilada e responsable da ONG, Teresa Alfaya dentista e responsable da \u00e1rea de odontolox\u00eda, Rosa Mart\u00ednez oftalm\u00f3loga e responsable da \u00e1rea e oftalmolox\u00eda, e Dori, colaboradora e responsable do local .E en palabras das s\u00faas tres compa\u00f1eiras unha das mulleres que m\u00e1is traballa e cuxo labor \u00e9 imprescindible para o colectivo.\" \/>\n<meta property=\"og:url\" content=\"https:\/\/www.anovapeneira.gal\/index.php\/2021\/12\/10\/a-ong-da-man\/\" \/>\n<meta property=\"article:publisher\" content=\"https:\/\/www.facebook.com\/anovapeneira\" \/>\n<meta property=\"article:published_time\" content=\"2021-12-10T09:00:15+00:00\" \/>\n<meta property=\"og:image\" content=\"https:\/\/www.anovapeneira.gal\/wp-content\/uploads\/2021\/12\/ong_da_man_redondela.jpg\" \/>\n\t<meta property=\"og:image:width\" content=\"1590\" \/>\n\t<meta property=\"og:image:height\" content=\"832\" \/>\n\t<meta property=\"og:image:type\" content=\"image\/jpeg\" \/>\n<meta name=\"author\" content=\"Redacci\u00f3n A Nova Peneira\" \/>\n<meta name=\"twitter:card\" content=\"summary_large_image\" \/>\n<meta name=\"twitter:creator\" content=\"@APeneira\" \/>\n<meta name=\"twitter:site\" content=\"@APeneira\" \/>\n<meta name=\"twitter:label1\" content=\"Escrito por\" \/>\n\t<meta name=\"twitter:data1\" content=\"Redacci\u00f3n A Nova Peneira\" \/>\n\t<meta name=\"twitter:label2\" content=\"Tempo de lectura\" \/>\n\t<meta name=\"twitter:data2\" content=\"4 minutos\" \/>\n<script type=\"application\/ld+json\" class=\"yoast-schema-graph\">{\"@context\":\"https:\\\/\\\/schema.org\",\"@graph\":[{\"@type\":\"Article\",\"@id\":\"https:\\\/\\\/www.anovapeneira.gal\\\/index.php\\\/2021\\\/12\\\/10\\\/a-ong-da-man\\\/#article\",\"isPartOf\":{\"@id\":\"https:\\\/\\\/www.anovapeneira.gal\\\/index.php\\\/2021\\\/12\\\/10\\\/a-ong-da-man\\\/\"},\"author\":{\"name\":\"Redacci\u00f3n A Nova Peneira\",\"@id\":\"https:\\\/\\\/www.anovapeneira.gal\\\/#\\\/schema\\\/person\\\/b93e3f8932e3f8da96334607eb6ac6aa\"},\"headline\":\"A ONG Da Man\",\"datePublished\":\"2021-12-10T09:00:15+00:00\",\"mainEntityOfPage\":{\"@id\":\"https:\\\/\\\/www.anovapeneira.gal\\\/index.php\\\/2021\\\/12\\\/10\\\/a-ong-da-man\\\/\"},\"wordCount\":906,\"commentCount\":0,\"publisher\":{\"@id\":\"https:\\\/\\\/www.anovapeneira.gal\\\/#organization\"},\"image\":{\"@id\":\"https:\\\/\\\/www.anovapeneira.gal\\\/index.php\\\/2021\\\/12\\\/10\\\/a-ong-da-man\\\/#primaryimage\"},\"thumbnailUrl\":\"https:\\\/\\\/www.anovapeneira.gal\\\/wp-content\\\/uploads\\\/2021\\\/12\\\/ong_da_man_redondela.jpg\",\"keywords\":[\"Concello de Redondela\"],\"articleSection\":[\"Redondela\"],\"inLanguage\":\"gl-ES\",\"potentialAction\":[{\"@type\":\"CommentAction\",\"name\":\"Comment\",\"target\":[\"https:\\\/\\\/www.anovapeneira.gal\\\/index.php\\\/2021\\\/12\\\/10\\\/a-ong-da-man\\\/#respond\"]}]},{\"@type\":\"WebPage\",\"@id\":\"https:\\\/\\\/www.anovapeneira.gal\\\/index.php\\\/2021\\\/12\\\/10\\\/a-ong-da-man\\\/\",\"url\":\"https:\\\/\\\/www.anovapeneira.gal\\\/index.php\\\/2021\\\/12\\\/10\\\/a-ong-da-man\\\/\",\"name\":\"A ONG Da Man -\",\"isPartOf\":{\"@id\":\"https:\\\/\\\/www.anovapeneira.gal\\\/#website\"},\"primaryImageOfPage\":{\"@id\":\"https:\\\/\\\/www.anovapeneira.gal\\\/index.php\\\/2021\\\/12\\\/10\\\/a-ong-da-man\\\/#primaryimage\"},\"image\":{\"@id\":\"https:\\\/\\\/www.anovapeneira.gal\\\/index.php\\\/2021\\\/12\\\/10\\\/a-ong-da-man\\\/#primaryimage\"},\"thumbnailUrl\":\"https:\\\/\\\/www.anovapeneira.gal\\\/wp-content\\\/uploads\\\/2021\\\/12\\\/ong_da_man_redondela.jpg\",\"datePublished\":\"2021-12-10T09:00:15+00:00\",\"description\":\"\u201c DA MAN\u201d \u00e9 unha ONG de Redondela que colabora dando asistencia de todo tipo aos habitantes dunha rexi\u00f3n do centro de Senegal. N\u00f3s falamos con 4 mulleres da organizaci\u00f3n: Pilar Mart\u00ednez m\u00e9dica pediatra xubilada e responsable da ONG, Teresa Alfaya dentista e responsable da \u00e1rea de odontolox\u00eda, Rosa Mart\u00ednez oftalm\u00f3loga e responsable da \u00e1rea e oftalmolox\u00eda, e Dori, colaboradora e responsable do local .E en palabras das s\u00faas tres compa\u00f1eiras unha das mulleres que m\u00e1is traballa e cuxo labor \u00e9 imprescindible para o colectivo.\",\"breadcrumb\":{\"@id\":\"https:\\\/\\\/www.anovapeneira.gal\\\/index.php\\\/2021\\\/12\\\/10\\\/a-ong-da-man\\\/#breadcrumb\"},\"inLanguage\":\"gl-ES\",\"potentialAction\":[{\"@type\":\"ReadAction\",\"target\":[\"https:\\\/\\\/www.anovapeneira.gal\\\/index.php\\\/2021\\\/12\\\/10\\\/a-ong-da-man\\\/\"]}]},{\"@type\":\"ImageObject\",\"inLanguage\":\"gl-ES\",\"@id\":\"https:\\\/\\\/www.anovapeneira.gal\\\/index.php\\\/2021\\\/12\\\/10\\\/a-ong-da-man\\\/#primaryimage\",\"url\":\"https:\\\/\\\/www.anovapeneira.gal\\\/wp-content\\\/uploads\\\/2021\\\/12\\\/ong_da_man_redondela.jpg\",\"contentUrl\":\"https:\\\/\\\/www.anovapeneira.gal\\\/wp-content\\\/uploads\\\/2021\\\/12\\\/ong_da_man_redondela.jpg\",\"width\":1590,\"height\":832,\"caption\":\"ONG da Man\"},{\"@type\":\"BreadcrumbList\",\"@id\":\"https:\\\/\\\/www.anovapeneira.gal\\\/index.php\\\/2021\\\/12\\\/10\\\/a-ong-da-man\\\/#breadcrumb\",\"itemListElement\":[{\"@type\":\"ListItem\",\"position\":1,\"name\":\"Portada\",\"item\":\"https:\\\/\\\/www.anovapeneira.gal\\\/\"},{\"@type\":\"ListItem\",\"position\":2,\"name\":\"A ONG Da Man\"}]},{\"@type\":\"WebSite\",\"@id\":\"https:\\\/\\\/www.anovapeneira.gal\\\/#website\",\"url\":\"https:\\\/\\\/www.anovapeneira.gal\\\/\",\"name\":\"\",\"description\":\"Xornal galego de informaci\u00f3n xeral Publicaci\u00f3n mensual de novas de Galicia e en especial dos Concellos da sur da provincia de Pontevedra.\",\"publisher\":{\"@id\":\"https:\\\/\\\/www.anovapeneira.gal\\\/#organization\"},\"potentialAction\":[{\"@type\":\"SearchAction\",\"target\":{\"@type\":\"EntryPoint\",\"urlTemplate\":\"https:\\\/\\\/www.anovapeneira.gal\\\/?s={search_term_string}\"},\"query-input\":{\"@type\":\"PropertyValueSpecification\",\"valueRequired\":true,\"valueName\":\"search_term_string\"}}],\"inLanguage\":\"gl-ES\"},{\"@type\":\"Organization\",\"@id\":\"https:\\\/\\\/www.anovapeneira.gal\\\/#organization\",\"name\":\"A Nova Peneira\",\"url\":\"https:\\\/\\\/www.anovapeneira.gal\\\/\",\"logo\":{\"@type\":\"ImageObject\",\"inLanguage\":\"gl-ES\",\"@id\":\"https:\\\/\\\/www.anovapeneira.gal\\\/#\\\/schema\\\/logo\\\/image\\\/\",\"url\":\"http:\\\/\\\/www.anovapeneira.gal\\\/wp-content\\\/uploads\\\/2019\\\/06\\\/logo_a_nova_peneira_portal_web.png\",\"contentUrl\":\"http:\\\/\\\/www.anovapeneira.gal\\\/wp-content\\\/uploads\\\/2019\\\/06\\\/logo_a_nova_peneira_portal_web.png\",\"width\":300,\"height\":100,\"caption\":\"A Nova Peneira\"},\"image\":{\"@id\":\"https:\\\/\\\/www.anovapeneira.gal\\\/#\\\/schema\\\/logo\\\/image\\\/\"},\"sameAs\":[\"https:\\\/\\\/www.facebook.com\\\/anovapeneira\",\"https:\\\/\\\/x.com\\\/APeneira\"]},{\"@type\":\"Person\",\"@id\":\"https:\\\/\\\/www.anovapeneira.gal\\\/#\\\/schema\\\/person\\\/b93e3f8932e3f8da96334607eb6ac6aa\",\"name\":\"Redacci\u00f3n A Nova Peneira\",\"image\":{\"@type\":\"ImageObject\",\"inLanguage\":\"gl-ES\",\"@id\":\"https:\\\/\\\/secure.gravatar.com\\\/avatar\\\/c052a2551a06e23fac63626232eaa90abd78dbcf1700fc46a2b2c89fd27b735f?s=96&d=mm&r=g\",\"url\":\"https:\\\/\\\/secure.gravatar.com\\\/avatar\\\/c052a2551a06e23fac63626232eaa90abd78dbcf1700fc46a2b2c89fd27b735f?s=96&d=mm&r=g\",\"contentUrl\":\"https:\\\/\\\/secure.gravatar.com\\\/avatar\\\/c052a2551a06e23fac63626232eaa90abd78dbcf1700fc46a2b2c89fd27b735f?s=96&d=mm&r=g\",\"caption\":\"Redacci\u00f3n A Nova Peneira\"},\"sameAs\":[\"http:\\\/\\\/www.anovapeneira.gal\\\/\"],\"url\":\"https:\\\/\\\/www.anovapeneira.gal\\\/index.php\\\/author\\\/redactor\\\/\"}]}<\/script>\n<!-- \/ Yoast SEO plugin. -->","yoast_head_json":{"title":"A ONG Da Man -","description":"\u201c DA MAN\u201d \u00e9 unha ONG de Redondela que colabora dando asistencia de todo tipo aos habitantes dunha rexi\u00f3n do centro de Senegal. N\u00f3s falamos con 4 mulleres da organizaci\u00f3n: Pilar Mart\u00ednez m\u00e9dica pediatra xubilada e responsable da ONG, Teresa Alfaya dentista e responsable da \u00e1rea de odontolox\u00eda, Rosa Mart\u00ednez oftalm\u00f3loga e responsable da \u00e1rea e oftalmolox\u00eda, e Dori, colaboradora e responsable do local .E en palabras das s\u00faas tres compa\u00f1eiras unha das mulleres que m\u00e1is traballa e cuxo labor \u00e9 imprescindible para o colectivo.","robots":{"index":"index","follow":"follow","max-snippet":"max-snippet:-1","max-image-preview":"max-image-preview:large","max-video-preview":"max-video-preview:-1"},"canonical":"https:\/\/www.anovapeneira.gal\/index.php\/2021\/12\/10\/a-ong-da-man\/","og_locale":"gl_ES","og_type":"article","og_title":"A ONG Da Man -","og_description":"\u201c DA MAN\u201d \u00e9 unha ONG de Redondela que colabora dando asistencia de todo tipo aos habitantes dunha rexi\u00f3n do centro de Senegal. N\u00f3s falamos con 4 mulleres da organizaci\u00f3n: Pilar Mart\u00ednez m\u00e9dica pediatra xubilada e responsable da ONG, Teresa Alfaya dentista e responsable da \u00e1rea de odontolox\u00eda, Rosa Mart\u00ednez oftalm\u00f3loga e responsable da \u00e1rea e oftalmolox\u00eda, e Dori, colaboradora e responsable do local .E en palabras das s\u00faas tres compa\u00f1eiras unha das mulleres que m\u00e1is traballa e cuxo labor \u00e9 imprescindible para o colectivo.","og_url":"https:\/\/www.anovapeneira.gal\/index.php\/2021\/12\/10\/a-ong-da-man\/","article_publisher":"https:\/\/www.facebook.com\/anovapeneira","article_published_time":"2021-12-10T09:00:15+00:00","og_image":[{"width":1590,"height":832,"url":"https:\/\/www.anovapeneira.gal\/wp-content\/uploads\/2021\/12\/ong_da_man_redondela.jpg","type":"image\/jpeg"}],"author":"Redacci\u00f3n A Nova Peneira","twitter_card":"summary_large_image","twitter_creator":"@APeneira","twitter_site":"@APeneira","twitter_misc":{"Escrito por":"Redacci\u00f3n A Nova Peneira","Tempo de lectura":"4 minutos"},"schema":{"@context":"https:\/\/schema.org","@graph":[{"@type":"Article","@id":"https:\/\/www.anovapeneira.gal\/index.php\/2021\/12\/10\/a-ong-da-man\/#article","isPartOf":{"@id":"https:\/\/www.anovapeneira.gal\/index.php\/2021\/12\/10\/a-ong-da-man\/"},"author":{"name":"Redacci\u00f3n A Nova Peneira","@id":"https:\/\/www.anovapeneira.gal\/#\/schema\/person\/b93e3f8932e3f8da96334607eb6ac6aa"},"headline":"A ONG Da Man","datePublished":"2021-12-10T09:00:15+00:00","mainEntityOfPage":{"@id":"https:\/\/www.anovapeneira.gal\/index.php\/2021\/12\/10\/a-ong-da-man\/"},"wordCount":906,"commentCount":0,"publisher":{"@id":"https:\/\/www.anovapeneira.gal\/#organization"},"image":{"@id":"https:\/\/www.anovapeneira.gal\/index.php\/2021\/12\/10\/a-ong-da-man\/#primaryimage"},"thumbnailUrl":"https:\/\/www.anovapeneira.gal\/wp-content\/uploads\/2021\/12\/ong_da_man_redondela.jpg","keywords":["Concello de Redondela"],"articleSection":["Redondela"],"inLanguage":"gl-ES","potentialAction":[{"@type":"CommentAction","name":"Comment","target":["https:\/\/www.anovapeneira.gal\/index.php\/2021\/12\/10\/a-ong-da-man\/#respond"]}]},{"@type":"WebPage","@id":"https:\/\/www.anovapeneira.gal\/index.php\/2021\/12\/10\/a-ong-da-man\/","url":"https:\/\/www.anovapeneira.gal\/index.php\/2021\/12\/10\/a-ong-da-man\/","name":"A ONG Da Man -","isPartOf":{"@id":"https:\/\/www.anovapeneira.gal\/#website"},"primaryImageOfPage":{"@id":"https:\/\/www.anovapeneira.gal\/index.php\/2021\/12\/10\/a-ong-da-man\/#primaryimage"},"image":{"@id":"https:\/\/www.anovapeneira.gal\/index.php\/2021\/12\/10\/a-ong-da-man\/#primaryimage"},"thumbnailUrl":"https:\/\/www.anovapeneira.gal\/wp-content\/uploads\/2021\/12\/ong_da_man_redondela.jpg","datePublished":"2021-12-10T09:00:15+00:00","description":"\u201c DA MAN\u201d \u00e9 unha ONG de Redondela que colabora dando asistencia de todo tipo aos habitantes dunha rexi\u00f3n do centro de Senegal. N\u00f3s falamos con 4 mulleres da organizaci\u00f3n: Pilar Mart\u00ednez m\u00e9dica pediatra xubilada e responsable da ONG, Teresa Alfaya dentista e responsable da \u00e1rea de odontolox\u00eda, Rosa Mart\u00ednez oftalm\u00f3loga e responsable da \u00e1rea e oftalmolox\u00eda, e Dori, colaboradora e responsable do local .E en palabras das s\u00faas tres compa\u00f1eiras unha das mulleres que m\u00e1is traballa e cuxo labor \u00e9 imprescindible para o colectivo.","breadcrumb":{"@id":"https:\/\/www.anovapeneira.gal\/index.php\/2021\/12\/10\/a-ong-da-man\/#breadcrumb"},"inLanguage":"gl-ES","potentialAction":[{"@type":"ReadAction","target":["https:\/\/www.anovapeneira.gal\/index.php\/2021\/12\/10\/a-ong-da-man\/"]}]},{"@type":"ImageObject","inLanguage":"gl-ES","@id":"https:\/\/www.anovapeneira.gal\/index.php\/2021\/12\/10\/a-ong-da-man\/#primaryimage","url":"https:\/\/www.anovapeneira.gal\/wp-content\/uploads\/2021\/12\/ong_da_man_redondela.jpg","contentUrl":"https:\/\/www.anovapeneira.gal\/wp-content\/uploads\/2021\/12\/ong_da_man_redondela.jpg","width":1590,"height":832,"caption":"ONG da Man"},{"@type":"BreadcrumbList","@id":"https:\/\/www.anovapeneira.gal\/index.php\/2021\/12\/10\/a-ong-da-man\/#breadcrumb","itemListElement":[{"@type":"ListItem","position":1,"name":"Portada","item":"https:\/\/www.anovapeneira.gal\/"},{"@type":"ListItem","position":2,"name":"A ONG Da Man"}]},{"@type":"WebSite","@id":"https:\/\/www.anovapeneira.gal\/#website","url":"https:\/\/www.anovapeneira.gal\/","name":"","description":"Xornal galego de informaci\u00f3n xeral Publicaci\u00f3n mensual de novas de Galicia e en especial dos Concellos da sur da provincia de Pontevedra.","publisher":{"@id":"https:\/\/www.anovapeneira.gal\/#organization"},"potentialAction":[{"@type":"SearchAction","target":{"@type":"EntryPoint","urlTemplate":"https:\/\/www.anovapeneira.gal\/?s={search_term_string}"},"query-input":{"@type":"PropertyValueSpecification","valueRequired":true,"valueName":"search_term_string"}}],"inLanguage":"gl-ES"},{"@type":"Organization","@id":"https:\/\/www.anovapeneira.gal\/#organization","name":"A Nova Peneira","url":"https:\/\/www.anovapeneira.gal\/","logo":{"@type":"ImageObject","inLanguage":"gl-ES","@id":"https:\/\/www.anovapeneira.gal\/#\/schema\/logo\/image\/","url":"http:\/\/www.anovapeneira.gal\/wp-content\/uploads\/2019\/06\/logo_a_nova_peneira_portal_web.png","contentUrl":"http:\/\/www.anovapeneira.gal\/wp-content\/uploads\/2019\/06\/logo_a_nova_peneira_portal_web.png","width":300,"height":100,"caption":"A Nova Peneira"},"image":{"@id":"https:\/\/www.anovapeneira.gal\/#\/schema\/logo\/image\/"},"sameAs":["https:\/\/www.facebook.com\/anovapeneira","https:\/\/x.com\/APeneira"]},{"@type":"Person","@id":"https:\/\/www.anovapeneira.gal\/#\/schema\/person\/b93e3f8932e3f8da96334607eb6ac6aa","name":"Redacci\u00f3n A Nova Peneira","image":{"@type":"ImageObject","inLanguage":"gl-ES","@id":"https:\/\/secure.gravatar.com\/avatar\/c052a2551a06e23fac63626232eaa90abd78dbcf1700fc46a2b2c89fd27b735f?s=96&d=mm&r=g","url":"https:\/\/secure.gravatar.com\/avatar\/c052a2551a06e23fac63626232eaa90abd78dbcf1700fc46a2b2c89fd27b735f?s=96&d=mm&r=g","contentUrl":"https:\/\/secure.gravatar.com\/avatar\/c052a2551a06e23fac63626232eaa90abd78dbcf1700fc46a2b2c89fd27b735f?s=96&d=mm&r=g","caption":"Redacci\u00f3n A Nova Peneira"},"sameAs":["http:\/\/www.anovapeneira.gal\/"],"url":"https:\/\/www.anovapeneira.gal\/index.php\/author\/redactor\/"}]}},"jetpack_featured_media_url":"https:\/\/www.anovapeneira.gal\/wp-content\/uploads\/2021\/12\/ong_da_man_redondela.jpg","_links":{"self":[{"href":"https:\/\/www.anovapeneira.gal\/index.php\/wp-json\/wp\/v2\/posts\/6558","targetHints":{"allow":["GET"]}}],"collection":[{"href":"https:\/\/www.anovapeneira.gal\/index.php\/wp-json\/wp\/v2\/posts"}],"about":[{"href":"https:\/\/www.anovapeneira.gal\/index.php\/wp-json\/wp\/v2\/types\/post"}],"author":[{"embeddable":true,"href":"https:\/\/www.anovapeneira.gal\/index.php\/wp-json\/wp\/v2\/users\/3"}],"replies":[{"embeddable":true,"href":"https:\/\/www.anovapeneira.gal\/index.php\/wp-json\/wp\/v2\/comments?post=6558"}],"version-history":[{"count":2,"href":"https:\/\/www.anovapeneira.gal\/index.php\/wp-json\/wp\/v2\/posts\/6558\/revisions"}],"predecessor-version":[{"id":6560,"href":"https:\/\/www.anovapeneira.gal\/index.php\/wp-json\/wp\/v2\/posts\/6558\/revisions\/6560"}],"wp:featuredmedia":[{"embeddable":true,"href":"https:\/\/www.anovapeneira.gal\/index.php\/wp-json\/wp\/v2\/media\/6561"}],"wp:attachment":[{"href":"https:\/\/www.anovapeneira.gal\/index.php\/wp-json\/wp\/v2\/media?parent=6558"}],"wp:term":[{"taxonomy":"category","embeddable":true,"href":"https:\/\/www.anovapeneira.gal\/index.php\/wp-json\/wp\/v2\/categories?post=6558"},{"taxonomy":"post_tag","embeddable":true,"href":"https:\/\/www.anovapeneira.gal\/index.php\/wp-json\/wp\/v2\/tags?post=6558"}],"curies":[{"name":"wp","href":"https:\/\/api.w.org\/{rel}","templated":true}]}}