{"id":6567,"date":"2021-12-13T10:00:36","date_gmt":"2021-12-13T09:00:36","guid":{"rendered":"https:\/\/www.anovapeneira.gal\/?p=6567"},"modified":"2021-12-09T18:47:07","modified_gmt":"2021-12-09T17:47:07","slug":"sobre-a-politica-a-antipolitica-e-os-privilexios-de-clase","status":"publish","type":"post","link":"https:\/\/www.anovapeneira.gal\/index.php\/2021\/12\/13\/sobre-a-politica-a-antipolitica-e-os-privilexios-de-clase\/","title":{"rendered":"Sobre a pol\u00edtica, a antipol\u00edtica e os privilexios de clase"},"content":{"rendered":"\n<figure class=\"wp-block-image size-full is-resized\"><img loading=\"lazy\" decoding=\"async\" src=\"https:\/\/www.anovapeneira.gal\/wp-content\/uploads\/2019\/05\/tino_lago_director_a_nova_peneira.jpg\" alt=\"Tino Lago director a Nova Peneira\" class=\"wp-image-189\" width=\"95\" height=\"111\"\/><figcaption>Tino Lago director a Nova Peneira<\/figcaption><\/figure>\n\n\n\n<p>No artigo editorial do pasado mes falaba da dificultade hist\u00f3rica que ten o nacionalismo pol\u00edtico, para chegar a un segmento importante da poboaci\u00f3n cuantitativamente m\u00e1is grande c\u00f3 que si \u00e9 capaz de acceder. E no deste mes quixera incidir nun perfil tipo de persoas \u00e1s que non s\u00f3 o soberanismo non pode acceder, sen\u00f3n que calquera proposta pol\u00edtica innovadora, diferente que supo\u00f1a cuestionar , a\u00ednda que sexa minimamente, os alicerces sobre os que se constr\u00fae o r\u00e9xime mon\u00e1rquico espa\u00f1ol ten practicamente imposible chegar. Si amigos e amigas, seguro que xa acertastes, son os da antipol\u00edtica os de: <strong>\u201c a min a pol\u00edtica non me interesa\u201d, \u201c eu non son nin de esquerdas nin de dereitas\u201d,\u201d nin machista nin feminista\u201d, \u201cnon se pode facer nada\u201d, \u201ctodos son iguais\u201d, <\/strong><em><strong>\u201c eu son cidad\u00e1n do mundo<\/strong><\/em><strong>\u201d,\u201d os outros tam\u00e9n rouban\u201d, \u201d E ti m\u00e1is\u201d&#8230;..<\/strong><\/p>\n\n\n\n<p>Te\u00f1o a certeza de que todas as persoas que tivestes a amabilidade de chegardes ata aqu\u00ed co\u00f1ecedes nos vosos c\u00edrculos \u00edntimos a moitos e moitas que as\u00ed sentencian, ano tras ano, por exemplo nas sobremesas oce\u00e1nicas que, nas datas que se achegan, viviremos ao redor dos nosos e ao redor dos que non nos queda m\u00e1is remedio. Este tipo de persoas sempre me suscitaron un enorme interese intelectual ,pois result\u00e1bame asombroso como algu\u00e9n pode rexeitar participar na toma colectiva de decisi\u00f3ns sobre a organizaci\u00f3n social da comunidade pol\u00edtica da que forma parte, como se as decisi\u00f3ns tomadas non lles afectasen, como se foran unha especie de Robinson Crusoe que habitaran nunha illa deserta e, xa que logo, fose a vontade propia o \u00fanico par\u00e1metro que determine as decisi\u00f3ns vitais.<\/p>\n\n\n\n<p>O paso dos anos, e o co\u00f1ecemento de moitas persoas que as\u00ed se manifestan levoume a conclu\u00edr que existen dous tipos diferentes que se din antipol\u00edticos ; 1) aqueles que sofren un proceso de alienaci\u00f3n en sentido marxista do termo. 2)aqueles que manifestando posici\u00f3ns antipol\u00edticas o que est\u00e1n a facer, en realidade, \u00e9 defendendo privilexios de clase.<\/p>\n\n\n\n<p>No que respecta a estes \u00faltimos son un grupo ao que \u00e9 imposible acceder desde calquera proposta que postule unha organizaci\u00f3n social decente, \u00e9 dicir que non haxa seres humanos que vivan por baixo dos l\u00edmites da dignidade. Este perfil de persoas son das que te\u00f1en d\u00faas casas, dos que poden mandar aos seus fillos e fillas a universidades privadas, das que poden contratar caterings para as s\u00faas celebraci\u00f3ns e eventos, das que poden ir de viaxe cando queren e a onde queren&#8230;E si, si que lles interesa a pol\u00edtica , pero afirmar o contrario \u00e9 a forma c\u00f3moda de evitar que a s\u00faas conciencias sa\u00edan da zona de confort que sup\u00f3n obviar que os nosos actos si te\u00f1en influencia nas vidas de outros e outras. Non son antipol\u00edticos son de dereitas. Son en aparencia amables, educados, supostamente sensibles ao sufrimento alleo ,ata pode que colaboren con algunha ONG , pero todo iso muda cando os cami\u00f1os espirais da historia atravesan por alg\u00fan meandro no que o contexto poida supor alg\u00fan tipo de ameaza aos seus privilexios de clase, si de clase. Nese instante a s\u00faa verdadeira faciana de bestas sen coraz\u00f3n ver\u00e1 a luz. \u00c9 nese momento cando Pablo Iglesias \u00e9 unha \u201crata\u201d, cando o presidente do goberno \u00e9 \u201cPerro S\u00e1nchez\u201d, cando os nacionalistas perif\u00e9ricos somos \u201cuns racistas , golpistas &#8230;&#8230;&#8230;\u201dEste perfil de persoas son o substrato que alimenta ao fascismo, son a \u201cderechita covarde\u201d da que se alimenta \u00e1 ultra dereita expl\u00edcita, que nunca, si nunca, poder\u00eda existir sen ese substrato que os nutre. Tratar de acceder a eles \u00e9 bater en ferro fr\u00edo. Non son permeables aos argumentos e s\u00f3 lles importa que non se cuestione a s\u00faa forma de vida, os seus privilexios de clase, si de clase.<\/p>\n\n\n\n<p>E por \u00faltimo est\u00e1n aqueles que encaixan na explicaci\u00f3n marxista ao concepto de alienaci\u00f3n. Para Marx a alienaci\u00f3n consist\u00eda en separar ao traballador do obxecto que produce e que ambos fosen tratados como realidades diferentes. E un antipol\u00edtico funciona como se o contexto no que vive non fose con el, como se a sociedade e o individuo funcionasen de maneira aut\u00f3noma. Son obreiros, persoas \u00e1s que lles custa ferro e fari\u00f1a chegar a fin de mes e que alienados polo sistema dirixen as s\u00faas emoci\u00f3ns m\u00e1is \u00edntimas a factores alienantes como o f\u00fatbol, ou as lotar\u00edas( a proliferaci\u00f3n de casas de apostas non xorde por casualidade).\u00c9 a ese perfil ao que o soberanismo galego debe dirixirse, entendo eu, para facer m\u00e1is grande a s\u00faa base, porque en realidade; a quen non lle pode parecer ben que os seus propios recursos se utilicen para o benestar colectivo da comunidade da que forma parte?<\/p>\n","protected":false},"excerpt":{"rendered":"<div class=\"mh-excerpt\"><p>No artigo editorial do pasado mes falaba da dificultade hist\u00f3rica que ten o nacionalismo pol\u00edtico, para chegar a un segmento importante da poboaci\u00f3n cuantitativamente m\u00e1is grande c\u00f3 que si \u00e9 capaz de acceder <a class=\"mh-excerpt-more\" href=\"https:\/\/www.anovapeneira.gal\/index.php\/2021\/12\/13\/sobre-a-politica-a-antipolitica-e-os-privilexios-de-clase\/\" title=\"Sobre a pol\u00edtica, a antipol\u00edtica e os privilexios de clase\">[&#8230;]<\/a><\/p>\n<\/div>","protected":false},"author":2,"featured_media":6568,"comment_status":"open","ping_status":"open","sticky":false,"template":"","format":"standard","meta":{"_exactmetrics_skip_tracking":false,"_exactmetrics_sitenote_active":false,"_exactmetrics_sitenote_note":"","_exactmetrics_sitenote_category":0,"footnotes":""},"categories":[61],"tags":[],"class_list":{"0":"post-6567","1":"post","2":"type-post","3":"status-publish","4":"format-standard","5":"has-post-thumbnail","7":"category-artigo-editorial"},"yoast_head":"<!-- This site is optimized with the Yoast SEO plugin v27.5 - https:\/\/yoast.com\/product\/yoast-seo-wordpress\/ -->\n<title>Sobre a pol\u00edtica, a antipol\u00edtica e os privilexios de clase -<\/title>\n<meta name=\"description\" content=\"No artigo editorial do pasado mes falaba da dificultade hist\u00f3rica que ten o nacionalismo pol\u00edtico, para chegar a un segmento importante da poboaci\u00f3n cuantitativamente m\u00e1is grande c\u00f3 que si \u00e9 capaz de acceder\" \/>\n<meta name=\"robots\" content=\"index, follow, max-snippet:-1, max-image-preview:large, max-video-preview:-1\" \/>\n<link rel=\"canonical\" href=\"https:\/\/www.anovapeneira.gal\/index.php\/2021\/12\/13\/sobre-a-politica-a-antipolitica-e-os-privilexios-de-clase\/\" \/>\n<meta property=\"og:locale\" content=\"gl_ES\" \/>\n<meta property=\"og:type\" content=\"article\" \/>\n<meta property=\"og:title\" content=\"Sobre a pol\u00edtica, a antipol\u00edtica e os privilexios de clase -\" \/>\n<meta property=\"og:description\" content=\"No artigo editorial do pasado mes falaba da dificultade hist\u00f3rica que ten o nacionalismo pol\u00edtico, para chegar a un segmento importante da poboaci\u00f3n cuantitativamente m\u00e1is grande c\u00f3 que si \u00e9 capaz de acceder\" \/>\n<meta property=\"og:url\" content=\"https:\/\/www.anovapeneira.gal\/index.php\/2021\/12\/13\/sobre-a-politica-a-antipolitica-e-os-privilexios-de-clase\/\" \/>\n<meta property=\"article:publisher\" content=\"https:\/\/www.facebook.com\/anovapeneira\" \/>\n<meta property=\"article:published_time\" content=\"2021-12-13T09:00:36+00:00\" \/>\n<meta property=\"og:image\" content=\"https:\/\/www.anovapeneira.gal\/wp-content\/uploads\/2021\/12\/anti-politico.jpg\" \/>\n\t<meta property=\"og:image:width\" content=\"1590\" \/>\n\t<meta property=\"og:image:height\" content=\"832\" \/>\n\t<meta property=\"og:image:type\" content=\"image\/jpeg\" \/>\n<meta name=\"author\" content=\"Tino Lago\" \/>\n<meta name=\"twitter:card\" content=\"summary_large_image\" \/>\n<meta name=\"twitter:image\" content=\"https:\/\/www.anovapeneira.gal\/wp-content\/uploads\/2021\/12\/anti-politico.jpg\" \/>\n<meta name=\"twitter:creator\" content=\"@APeneira\" \/>\n<meta name=\"twitter:site\" content=\"@APeneira\" \/>\n<meta name=\"twitter:label1\" content=\"Escrito por\" \/>\n\t<meta name=\"twitter:data1\" content=\"Tino Lago\" \/>\n\t<meta name=\"twitter:label2\" content=\"Tempo de lectura\" \/>\n\t<meta name=\"twitter:data2\" content=\"4 minutos\" \/>\n<script type=\"application\/ld+json\" class=\"yoast-schema-graph\">{\"@context\":\"https:\\\/\\\/schema.org\",\"@graph\":[{\"@type\":\"Article\",\"@id\":\"https:\\\/\\\/www.anovapeneira.gal\\\/index.php\\\/2021\\\/12\\\/13\\\/sobre-a-politica-a-antipolitica-e-os-privilexios-de-clase\\\/#article\",\"isPartOf\":{\"@id\":\"https:\\\/\\\/www.anovapeneira.gal\\\/index.php\\\/2021\\\/12\\\/13\\\/sobre-a-politica-a-antipolitica-e-os-privilexios-de-clase\\\/\"},\"author\":{\"name\":\"Tino Lago\",\"@id\":\"https:\\\/\\\/www.anovapeneira.gal\\\/#\\\/schema\\\/person\\\/424dfe65e3070fd8a44d22d2c088762a\"},\"headline\":\"Sobre a pol\u00edtica, a antipol\u00edtica e os privilexios de clase\",\"datePublished\":\"2021-12-13T09:00:36+00:00\",\"mainEntityOfPage\":{\"@id\":\"https:\\\/\\\/www.anovapeneira.gal\\\/index.php\\\/2021\\\/12\\\/13\\\/sobre-a-politica-a-antipolitica-e-os-privilexios-de-clase\\\/\"},\"wordCount\":847,\"commentCount\":0,\"publisher\":{\"@id\":\"https:\\\/\\\/www.anovapeneira.gal\\\/#organization\"},\"image\":{\"@id\":\"https:\\\/\\\/www.anovapeneira.gal\\\/index.php\\\/2021\\\/12\\\/13\\\/sobre-a-politica-a-antipolitica-e-os-privilexios-de-clase\\\/#primaryimage\"},\"thumbnailUrl\":\"https:\\\/\\\/www.anovapeneira.gal\\\/wp-content\\\/uploads\\\/2021\\\/12\\\/anti-politico.jpg\",\"articleSection\":[\"Artigo editorial\"],\"inLanguage\":\"gl-ES\",\"potentialAction\":[{\"@type\":\"CommentAction\",\"name\":\"Comment\",\"target\":[\"https:\\\/\\\/www.anovapeneira.gal\\\/index.php\\\/2021\\\/12\\\/13\\\/sobre-a-politica-a-antipolitica-e-os-privilexios-de-clase\\\/#respond\"]}]},{\"@type\":\"WebPage\",\"@id\":\"https:\\\/\\\/www.anovapeneira.gal\\\/index.php\\\/2021\\\/12\\\/13\\\/sobre-a-politica-a-antipolitica-e-os-privilexios-de-clase\\\/\",\"url\":\"https:\\\/\\\/www.anovapeneira.gal\\\/index.php\\\/2021\\\/12\\\/13\\\/sobre-a-politica-a-antipolitica-e-os-privilexios-de-clase\\\/\",\"name\":\"Sobre a pol\u00edtica, a antipol\u00edtica e os privilexios de clase -\",\"isPartOf\":{\"@id\":\"https:\\\/\\\/www.anovapeneira.gal\\\/#website\"},\"primaryImageOfPage\":{\"@id\":\"https:\\\/\\\/www.anovapeneira.gal\\\/index.php\\\/2021\\\/12\\\/13\\\/sobre-a-politica-a-antipolitica-e-os-privilexios-de-clase\\\/#primaryimage\"},\"image\":{\"@id\":\"https:\\\/\\\/www.anovapeneira.gal\\\/index.php\\\/2021\\\/12\\\/13\\\/sobre-a-politica-a-antipolitica-e-os-privilexios-de-clase\\\/#primaryimage\"},\"thumbnailUrl\":\"https:\\\/\\\/www.anovapeneira.gal\\\/wp-content\\\/uploads\\\/2021\\\/12\\\/anti-politico.jpg\",\"datePublished\":\"2021-12-13T09:00:36+00:00\",\"description\":\"No artigo editorial do pasado mes falaba da dificultade hist\u00f3rica que ten o nacionalismo pol\u00edtico, para chegar a un segmento importante da poboaci\u00f3n cuantitativamente m\u00e1is grande c\u00f3 que si \u00e9 capaz de acceder\",\"breadcrumb\":{\"@id\":\"https:\\\/\\\/www.anovapeneira.gal\\\/index.php\\\/2021\\\/12\\\/13\\\/sobre-a-politica-a-antipolitica-e-os-privilexios-de-clase\\\/#breadcrumb\"},\"inLanguage\":\"gl-ES\",\"potentialAction\":[{\"@type\":\"ReadAction\",\"target\":[\"https:\\\/\\\/www.anovapeneira.gal\\\/index.php\\\/2021\\\/12\\\/13\\\/sobre-a-politica-a-antipolitica-e-os-privilexios-de-clase\\\/\"]}]},{\"@type\":\"ImageObject\",\"inLanguage\":\"gl-ES\",\"@id\":\"https:\\\/\\\/www.anovapeneira.gal\\\/index.php\\\/2021\\\/12\\\/13\\\/sobre-a-politica-a-antipolitica-e-os-privilexios-de-clase\\\/#primaryimage\",\"url\":\"https:\\\/\\\/www.anovapeneira.gal\\\/wp-content\\\/uploads\\\/2021\\\/12\\\/anti-politico.jpg\",\"contentUrl\":\"https:\\\/\\\/www.anovapeneira.gal\\\/wp-content\\\/uploads\\\/2021\\\/12\\\/anti-politico.jpg\",\"width\":1590,\"height\":832,\"caption\":\"anti-pol\u00edtico\"},{\"@type\":\"BreadcrumbList\",\"@id\":\"https:\\\/\\\/www.anovapeneira.gal\\\/index.php\\\/2021\\\/12\\\/13\\\/sobre-a-politica-a-antipolitica-e-os-privilexios-de-clase\\\/#breadcrumb\",\"itemListElement\":[{\"@type\":\"ListItem\",\"position\":1,\"name\":\"Portada\",\"item\":\"https:\\\/\\\/www.anovapeneira.gal\\\/\"},{\"@type\":\"ListItem\",\"position\":2,\"name\":\"Sobre a pol\u00edtica, a antipol\u00edtica e os privilexios de clase\"}]},{\"@type\":\"WebSite\",\"@id\":\"https:\\\/\\\/www.anovapeneira.gal\\\/#website\",\"url\":\"https:\\\/\\\/www.anovapeneira.gal\\\/\",\"name\":\"\",\"description\":\"Xornal galego de informaci\u00f3n xeral Publicaci\u00f3n mensual de novas de Galicia e en especial dos Concellos da sur da provincia de Pontevedra.\",\"publisher\":{\"@id\":\"https:\\\/\\\/www.anovapeneira.gal\\\/#organization\"},\"potentialAction\":[{\"@type\":\"SearchAction\",\"target\":{\"@type\":\"EntryPoint\",\"urlTemplate\":\"https:\\\/\\\/www.anovapeneira.gal\\\/?s={search_term_string}\"},\"query-input\":{\"@type\":\"PropertyValueSpecification\",\"valueRequired\":true,\"valueName\":\"search_term_string\"}}],\"inLanguage\":\"gl-ES\"},{\"@type\":\"Organization\",\"@id\":\"https:\\\/\\\/www.anovapeneira.gal\\\/#organization\",\"name\":\"A Nova Peneira\",\"url\":\"https:\\\/\\\/www.anovapeneira.gal\\\/\",\"logo\":{\"@type\":\"ImageObject\",\"inLanguage\":\"gl-ES\",\"@id\":\"https:\\\/\\\/www.anovapeneira.gal\\\/#\\\/schema\\\/logo\\\/image\\\/\",\"url\":\"http:\\\/\\\/www.anovapeneira.gal\\\/wp-content\\\/uploads\\\/2019\\\/06\\\/logo_a_nova_peneira_portal_web.png\",\"contentUrl\":\"http:\\\/\\\/www.anovapeneira.gal\\\/wp-content\\\/uploads\\\/2019\\\/06\\\/logo_a_nova_peneira_portal_web.png\",\"width\":300,\"height\":100,\"caption\":\"A Nova Peneira\"},\"image\":{\"@id\":\"https:\\\/\\\/www.anovapeneira.gal\\\/#\\\/schema\\\/logo\\\/image\\\/\"},\"sameAs\":[\"https:\\\/\\\/www.facebook.com\\\/anovapeneira\",\"https:\\\/\\\/x.com\\\/APeneira\"]},{\"@type\":\"Person\",\"@id\":\"https:\\\/\\\/www.anovapeneira.gal\\\/#\\\/schema\\\/person\\\/424dfe65e3070fd8a44d22d2c088762a\",\"name\":\"Tino Lago\",\"image\":{\"@type\":\"ImageObject\",\"inLanguage\":\"gl-ES\",\"@id\":\"https:\\\/\\\/secure.gravatar.com\\\/avatar\\\/b3df6a06e44bab3111583b90f0f33a0379ee5e3d22cbadd232d39f21c30c62be?s=96&d=mm&r=g\",\"url\":\"https:\\\/\\\/secure.gravatar.com\\\/avatar\\\/b3df6a06e44bab3111583b90f0f33a0379ee5e3d22cbadd232d39f21c30c62be?s=96&d=mm&r=g\",\"contentUrl\":\"https:\\\/\\\/secure.gravatar.com\\\/avatar\\\/b3df6a06e44bab3111583b90f0f33a0379ee5e3d22cbadd232d39f21c30c62be?s=96&d=mm&r=g\",\"caption\":\"Tino Lago\"},\"sameAs\":[\"http:\\\/\\\/www.anovapeneira.gal\"],\"url\":\"https:\\\/\\\/www.anovapeneira.gal\\\/index.php\\\/author\\\/director\\\/\"}]}<\/script>\n<!-- \/ Yoast SEO plugin. -->","yoast_head_json":{"title":"Sobre a pol\u00edtica, a antipol\u00edtica e os privilexios de clase -","description":"No artigo editorial do pasado mes falaba da dificultade hist\u00f3rica que ten o nacionalismo pol\u00edtico, para chegar a un segmento importante da poboaci\u00f3n cuantitativamente m\u00e1is grande c\u00f3 que si \u00e9 capaz de acceder","robots":{"index":"index","follow":"follow","max-snippet":"max-snippet:-1","max-image-preview":"max-image-preview:large","max-video-preview":"max-video-preview:-1"},"canonical":"https:\/\/www.anovapeneira.gal\/index.php\/2021\/12\/13\/sobre-a-politica-a-antipolitica-e-os-privilexios-de-clase\/","og_locale":"gl_ES","og_type":"article","og_title":"Sobre a pol\u00edtica, a antipol\u00edtica e os privilexios de clase -","og_description":"No artigo editorial do pasado mes falaba da dificultade hist\u00f3rica que ten o nacionalismo pol\u00edtico, para chegar a un segmento importante da poboaci\u00f3n cuantitativamente m\u00e1is grande c\u00f3 que si \u00e9 capaz de acceder","og_url":"https:\/\/www.anovapeneira.gal\/index.php\/2021\/12\/13\/sobre-a-politica-a-antipolitica-e-os-privilexios-de-clase\/","article_publisher":"https:\/\/www.facebook.com\/anovapeneira","article_published_time":"2021-12-13T09:00:36+00:00","og_image":[{"width":1590,"height":832,"url":"https:\/\/www.anovapeneira.gal\/wp-content\/uploads\/2021\/12\/anti-politico.jpg","type":"image\/jpeg"}],"author":"Tino Lago","twitter_card":"summary_large_image","twitter_image":"https:\/\/www.anovapeneira.gal\/wp-content\/uploads\/2021\/12\/anti-politico.jpg","twitter_creator":"@APeneira","twitter_site":"@APeneira","twitter_misc":{"Escrito por":"Tino Lago","Tempo de lectura":"4 minutos"},"schema":{"@context":"https:\/\/schema.org","@graph":[{"@type":"Article","@id":"https:\/\/www.anovapeneira.gal\/index.php\/2021\/12\/13\/sobre-a-politica-a-antipolitica-e-os-privilexios-de-clase\/#article","isPartOf":{"@id":"https:\/\/www.anovapeneira.gal\/index.php\/2021\/12\/13\/sobre-a-politica-a-antipolitica-e-os-privilexios-de-clase\/"},"author":{"name":"Tino Lago","@id":"https:\/\/www.anovapeneira.gal\/#\/schema\/person\/424dfe65e3070fd8a44d22d2c088762a"},"headline":"Sobre a pol\u00edtica, a antipol\u00edtica e os privilexios de clase","datePublished":"2021-12-13T09:00:36+00:00","mainEntityOfPage":{"@id":"https:\/\/www.anovapeneira.gal\/index.php\/2021\/12\/13\/sobre-a-politica-a-antipolitica-e-os-privilexios-de-clase\/"},"wordCount":847,"commentCount":0,"publisher":{"@id":"https:\/\/www.anovapeneira.gal\/#organization"},"image":{"@id":"https:\/\/www.anovapeneira.gal\/index.php\/2021\/12\/13\/sobre-a-politica-a-antipolitica-e-os-privilexios-de-clase\/#primaryimage"},"thumbnailUrl":"https:\/\/www.anovapeneira.gal\/wp-content\/uploads\/2021\/12\/anti-politico.jpg","articleSection":["Artigo editorial"],"inLanguage":"gl-ES","potentialAction":[{"@type":"CommentAction","name":"Comment","target":["https:\/\/www.anovapeneira.gal\/index.php\/2021\/12\/13\/sobre-a-politica-a-antipolitica-e-os-privilexios-de-clase\/#respond"]}]},{"@type":"WebPage","@id":"https:\/\/www.anovapeneira.gal\/index.php\/2021\/12\/13\/sobre-a-politica-a-antipolitica-e-os-privilexios-de-clase\/","url":"https:\/\/www.anovapeneira.gal\/index.php\/2021\/12\/13\/sobre-a-politica-a-antipolitica-e-os-privilexios-de-clase\/","name":"Sobre a pol\u00edtica, a antipol\u00edtica e os privilexios de clase -","isPartOf":{"@id":"https:\/\/www.anovapeneira.gal\/#website"},"primaryImageOfPage":{"@id":"https:\/\/www.anovapeneira.gal\/index.php\/2021\/12\/13\/sobre-a-politica-a-antipolitica-e-os-privilexios-de-clase\/#primaryimage"},"image":{"@id":"https:\/\/www.anovapeneira.gal\/index.php\/2021\/12\/13\/sobre-a-politica-a-antipolitica-e-os-privilexios-de-clase\/#primaryimage"},"thumbnailUrl":"https:\/\/www.anovapeneira.gal\/wp-content\/uploads\/2021\/12\/anti-politico.jpg","datePublished":"2021-12-13T09:00:36+00:00","description":"No artigo editorial do pasado mes falaba da dificultade hist\u00f3rica que ten o nacionalismo pol\u00edtico, para chegar a un segmento importante da poboaci\u00f3n cuantitativamente m\u00e1is grande c\u00f3 que si \u00e9 capaz de acceder","breadcrumb":{"@id":"https:\/\/www.anovapeneira.gal\/index.php\/2021\/12\/13\/sobre-a-politica-a-antipolitica-e-os-privilexios-de-clase\/#breadcrumb"},"inLanguage":"gl-ES","potentialAction":[{"@type":"ReadAction","target":["https:\/\/www.anovapeneira.gal\/index.php\/2021\/12\/13\/sobre-a-politica-a-antipolitica-e-os-privilexios-de-clase\/"]}]},{"@type":"ImageObject","inLanguage":"gl-ES","@id":"https:\/\/www.anovapeneira.gal\/index.php\/2021\/12\/13\/sobre-a-politica-a-antipolitica-e-os-privilexios-de-clase\/#primaryimage","url":"https:\/\/www.anovapeneira.gal\/wp-content\/uploads\/2021\/12\/anti-politico.jpg","contentUrl":"https:\/\/www.anovapeneira.gal\/wp-content\/uploads\/2021\/12\/anti-politico.jpg","width":1590,"height":832,"caption":"anti-pol\u00edtico"},{"@type":"BreadcrumbList","@id":"https:\/\/www.anovapeneira.gal\/index.php\/2021\/12\/13\/sobre-a-politica-a-antipolitica-e-os-privilexios-de-clase\/#breadcrumb","itemListElement":[{"@type":"ListItem","position":1,"name":"Portada","item":"https:\/\/www.anovapeneira.gal\/"},{"@type":"ListItem","position":2,"name":"Sobre a pol\u00edtica, a antipol\u00edtica e os privilexios de clase"}]},{"@type":"WebSite","@id":"https:\/\/www.anovapeneira.gal\/#website","url":"https:\/\/www.anovapeneira.gal\/","name":"","description":"Xornal galego de informaci\u00f3n xeral Publicaci\u00f3n mensual de novas de Galicia e en especial dos Concellos da sur da provincia de Pontevedra.","publisher":{"@id":"https:\/\/www.anovapeneira.gal\/#organization"},"potentialAction":[{"@type":"SearchAction","target":{"@type":"EntryPoint","urlTemplate":"https:\/\/www.anovapeneira.gal\/?s={search_term_string}"},"query-input":{"@type":"PropertyValueSpecification","valueRequired":true,"valueName":"search_term_string"}}],"inLanguage":"gl-ES"},{"@type":"Organization","@id":"https:\/\/www.anovapeneira.gal\/#organization","name":"A Nova Peneira","url":"https:\/\/www.anovapeneira.gal\/","logo":{"@type":"ImageObject","inLanguage":"gl-ES","@id":"https:\/\/www.anovapeneira.gal\/#\/schema\/logo\/image\/","url":"http:\/\/www.anovapeneira.gal\/wp-content\/uploads\/2019\/06\/logo_a_nova_peneira_portal_web.png","contentUrl":"http:\/\/www.anovapeneira.gal\/wp-content\/uploads\/2019\/06\/logo_a_nova_peneira_portal_web.png","width":300,"height":100,"caption":"A Nova Peneira"},"image":{"@id":"https:\/\/www.anovapeneira.gal\/#\/schema\/logo\/image\/"},"sameAs":["https:\/\/www.facebook.com\/anovapeneira","https:\/\/x.com\/APeneira"]},{"@type":"Person","@id":"https:\/\/www.anovapeneira.gal\/#\/schema\/person\/424dfe65e3070fd8a44d22d2c088762a","name":"Tino Lago","image":{"@type":"ImageObject","inLanguage":"gl-ES","@id":"https:\/\/secure.gravatar.com\/avatar\/b3df6a06e44bab3111583b90f0f33a0379ee5e3d22cbadd232d39f21c30c62be?s=96&d=mm&r=g","url":"https:\/\/secure.gravatar.com\/avatar\/b3df6a06e44bab3111583b90f0f33a0379ee5e3d22cbadd232d39f21c30c62be?s=96&d=mm&r=g","contentUrl":"https:\/\/secure.gravatar.com\/avatar\/b3df6a06e44bab3111583b90f0f33a0379ee5e3d22cbadd232d39f21c30c62be?s=96&d=mm&r=g","caption":"Tino Lago"},"sameAs":["http:\/\/www.anovapeneira.gal"],"url":"https:\/\/www.anovapeneira.gal\/index.php\/author\/director\/"}]}},"jetpack_featured_media_url":"https:\/\/www.anovapeneira.gal\/wp-content\/uploads\/2021\/12\/anti-politico.jpg","_links":{"self":[{"href":"https:\/\/www.anovapeneira.gal\/index.php\/wp-json\/wp\/v2\/posts\/6567","targetHints":{"allow":["GET"]}}],"collection":[{"href":"https:\/\/www.anovapeneira.gal\/index.php\/wp-json\/wp\/v2\/posts"}],"about":[{"href":"https:\/\/www.anovapeneira.gal\/index.php\/wp-json\/wp\/v2\/types\/post"}],"author":[{"embeddable":true,"href":"https:\/\/www.anovapeneira.gal\/index.php\/wp-json\/wp\/v2\/users\/2"}],"replies":[{"embeddable":true,"href":"https:\/\/www.anovapeneira.gal\/index.php\/wp-json\/wp\/v2\/comments?post=6567"}],"version-history":[{"count":1,"href":"https:\/\/www.anovapeneira.gal\/index.php\/wp-json\/wp\/v2\/posts\/6567\/revisions"}],"predecessor-version":[{"id":6569,"href":"https:\/\/www.anovapeneira.gal\/index.php\/wp-json\/wp\/v2\/posts\/6567\/revisions\/6569"}],"wp:featuredmedia":[{"embeddable":true,"href":"https:\/\/www.anovapeneira.gal\/index.php\/wp-json\/wp\/v2\/media\/6568"}],"wp:attachment":[{"href":"https:\/\/www.anovapeneira.gal\/index.php\/wp-json\/wp\/v2\/media?parent=6567"}],"wp:term":[{"taxonomy":"category","embeddable":true,"href":"https:\/\/www.anovapeneira.gal\/index.php\/wp-json\/wp\/v2\/categories?post=6567"},{"taxonomy":"post_tag","embeddable":true,"href":"https:\/\/www.anovapeneira.gal\/index.php\/wp-json\/wp\/v2\/tags?post=6567"}],"curies":[{"name":"wp","href":"https:\/\/api.w.org\/{rel}","templated":true}]}}