{"id":6577,"date":"2021-12-15T10:00:36","date_gmt":"2021-12-15T09:00:36","guid":{"rendered":"https:\/\/www.anovapeneira.gal\/?p=6577"},"modified":"2021-12-09T19:21:03","modified_gmt":"2021-12-09T18:21:03","slug":"bombeiros-forestais-en-loita","status":"publish","type":"post","link":"https:\/\/www.anovapeneira.gal\/index.php\/2021\/12\/15\/bombeiros-forestais-en-loita\/","title":{"rendered":"Bombeiros forestais en loita"},"content":{"rendered":"\n<p><strong>O servizo de bombeiros forestais da Xunta est\u00e1 composto por unha serie de homes e mulleres con capacidade para a \u201cmaxia\u201d, pois lamentablemente o goberno galego s\u00f3 lles permite traballar 6 meses ao ano, este ano fix\u00e9rono de maio a novembro, e os outros 6 te\u00f1en que vivir do aire. O pasado 9 de novembro remataban os seus contratos e un d\u00eda despois os bombeiros do distrito Vigo-Baixo Mi\u00f1o concentr\u00e1banse no Porri\u00f1o, na s\u00faa sede central, demandando estabilidade laboral e unha pol\u00edtica forestal diferente orientada non tanto \u00e1 extinci\u00f3n sen\u00f3n \u00e1 prevenci\u00f3n. E a prevenci\u00f3n ten que ser permanente, \u00e9 de sentido com\u00fan que non se pode facer s\u00f3 a metade do ano, pois no caso contrario nada impide que a estarrecedora vaga de lumes do ano 2.017 poida volver a acontecer en calquera momento. N\u00f3s falamos cun dos participantes na devandita concentraci\u00f3n, Xan Lois Cabreira un bombeiro forestal de Nigr\u00e1n<\/strong><\/p>\n\n\n\n<p><strong>Xan Lois Cabreira<\/strong><\/p>\n\n\n\n<p>\u201c <strong>A pol\u00edtica forestal adecuada non \u00e9 traballar s\u00f3 medio ano na extinci\u00f3n, sen\u00f3n o ano enteiro na prevenci\u00f3n\u201d<\/strong><\/p>\n\n\n\n<p><strong>Ti e eu co\u00f1ec\u00e9monos desde hai moitos anos e sei que pasaches por moitas vicisitudes vitais que nada te\u00f1en que ver con este mundo. Como \u00e9 que os cami\u00f1os da vida te levaron a apagar lumes?<\/strong><\/p>\n\n\n\n<blockquote class=\"wp-block-quote is-layout-flow wp-block-quote-is-layout-flow\"><p>A verdade un nunca sabe as voltas que pode dar a vida. Eu estivera un tempo en EEUU e ao volver ao pa\u00eds estiven dous anos en Ponteareas estudando o ciclo superior de xesti\u00f3n forestal e conservaci\u00f3n do medio. Nese momento coincidiu coa terrible vaga de lumes do ano 2.017.E al\u00ed comecei a comprender que o monte non arde porqu\u00e9 si, sen\u00f3n que hai unha serie de motivaci\u00f3ns detr\u00e1s.<\/p><\/blockquote>\n\n\n\n<p><strong>E unha vez rematado o ciclo buscas traballo claro?<\/strong><\/p>\n\n\n\n<blockquote class=\"wp-block-quote is-layout-flow wp-block-quote-is-layout-flow\"><p>Si, e no ano 2.019 supero un proceso de selecci\u00f3n da Xunta que, nunha convocatoria aberta , crea unha serie de prazas cun compromiso de contrataci\u00f3n de tres anos a modo de fixos descontinuos , d\u00e1ndonos traballo 5 meses no ano 19 e 6 nos anos 20 e 21.<\/p><\/blockquote>\n\n\n\n<p><strong>A que distrito est\u00e1s adscrito ti?<\/strong><\/p>\n\n\n\n<blockquote class=\"wp-block-quote is-layout-flow wp-block-quote-is-layout-flow\"><p>Ao de Vigo-Baixo Mi\u00f1o. Comprende todos os concellos das comarcas de Redondela, Val Mi\u00f1or , Baixo Mi\u00f1o, A Louri\u00f1a e o concello de Vigo claro. A sede central do distrito est\u00e1 no Porri\u00f1o. E logo hai distintas bases, pero \u00e9 algo pouco estable. Por exemplo eu o primeiro ano estiven en Mougas e os dous \u00faltimos en Goi\u00e1n.<\/p><\/blockquote>\n\n\n\n<p><strong>Que vai pasar con v\u00f3s no 2.022?<\/strong><\/p>\n\n\n\n<blockquote class=\"wp-block-quote is-layout-flow wp-block-quote-is-layout-flow\"><p>Non o sabemos. Por conversas informais e polos ruxe ruxes que nos chegan cremos que imos poder contar con outros 6 meses de traballo. Pero non cho podo dicir, pois non temos constataci\u00f3n algunha nin de que sexa as\u00ed, nin do contrario.<\/p><\/blockquote>\n\n\n\n<p><strong>Este \u00faltimo ano en que per\u00edodo traballastes?<\/strong><\/p>\n\n\n\n<blockquote class=\"wp-block-quote is-layout-flow wp-block-quote-is-layout-flow\"><p>Desde o 9 de maio ata o 9 de novembro<\/p><\/blockquote>\n\n\n\n<p><strong>En que condici\u00f3ns traballastes nese \u00bd ano?<\/strong><\/p>\n\n\n\n<blockquote class=\"wp-block-quote is-layout-flow wp-block-quote-is-layout-flow\"><p>Nas mesmas tipificadas para un bombeiro forestal da Xunta. A ese nivel estamos en igualdade de condici\u00f3ns<\/p><\/blockquote>\n\n\n\n<p><strong>Ti\u00f1ades medios suficientes e adecuados para desenvolver o voso traballo?<\/strong><\/p>\n\n\n\n<blockquote class=\"wp-block-quote is-layout-flow wp-block-quote-is-layout-flow\"><p>Si, a verdade \u00e9 que nese tema melloramos moito<\/p><\/blockquote>\n\n\n\n<p><strong>E no que respecta aos medios humanos tam\u00e9n ti\u00f1ades os suficientes e adecuados?<\/strong><\/p>\n\n\n\n<blockquote class=\"wp-block-quote is-layout-flow wp-block-quote-is-layout-flow\"><p>Non, nese caso non. Por exemplo as prazas vacantes non se cubr\u00edan. As\u00ed pois a nosa brigada estivo formada todo o ver\u00e1n por 3 persoas, cando deberiamos ser 4<\/p><\/blockquote>\n\n\n\n<p><strong>Por que?<\/strong><\/p>\n\n\n\n<blockquote class=\"wp-block-quote is-layout-flow wp-block-quote-is-layout-flow\"><p>Pois porque un home tivo que deixalo temporalmente e o seu posto non se substitu\u00edu<\/p><\/blockquote>\n\n\n\n<p><strong>Nalgunha ocasi\u00f3n atop\u00e1cheste con algunha situaci\u00f3n de risco para a t\u00faa integridade persoal por non existir o n\u00famero adecuado de efectivos humanos para desenvolver o voso traballo?<\/strong><\/p>\n\n\n\n<blockquote class=\"wp-block-quote is-layout-flow wp-block-quote-is-layout-flow\"><p>Eu s\u00f3 levo tres anos neste mundo. E na mi\u00f1a experiencia propia tocoume convivir con ver\u00e1ns anormalmente mornos, incluso con m\u00e1is d\u00edas chuviosos do habitual. E os lumes cos que me tiven que enfrontar eran escasos e facilmente manexables.<\/p><\/blockquote>\n\n\n\n<p><strong>Como \u00e9 a vosa din\u00e1mica de traballo?<\/strong><\/p>\n\n\n\n<blockquote class=\"wp-block-quote is-layout-flow wp-block-quote-is-layout-flow\"><p>N\u00f3s temos meses que denominamos de alto e de baixo risco en funci\u00f3n das probabilidades de que haxa lumes. Cando estamos en alto risco traballamos 8 horas e cando o risco \u00e9 , en aparencia, baixo facemos prevenci\u00f3n e estamos 7.Temos tres quendas de traballo. Cando comezo vou \u00e1 mi\u00f1a base de Goi\u00e1n e al\u00ed nos sit\u00faan a todas as cuadrillas dispo\u00f1ibles por distintos espazos f\u00edsicos en funci\u00f3n do risco de incendio que puidese existir<\/p><\/blockquote>\n\n\n\n<p><strong>Cantas persoas ten cada cuadrilla?<\/strong><\/p>\n\n\n\n<blockquote class=\"wp-block-quote is-layout-flow wp-block-quote-is-layout-flow\"><p>En teor\u00eda somos 4.Un xefe de brigada, 2 pe\u00f3ns e 1 pe\u00f3n condutor.<\/p><\/blockquote>\n\n\n\n<p><strong>Todos homes?<\/strong><\/p>\n\n\n\n<blockquote class=\"wp-block-quote is-layout-flow wp-block-quote-is-layout-flow\"><p>Hai algunha muller, en concreto na mi\u00f1a cuadrilla hai 1, pero moi poucas. Este segue a ser un sector profundamente masculinizado<\/p><\/blockquote>\n\n\n\n<p><strong>V\u00f3s cando acabades os 6 meses de traballo pasades ao desemprego pero non cobrades prestaci\u00f3n, non?<\/strong><\/p>\n\n\n\n<blockquote class=\"wp-block-quote is-layout-flow wp-block-quote-is-layout-flow\"><p>Un ano si e outro non<\/p><\/blockquote>\n\n\n\n<p><strong>Como \u00e9 iso?<\/strong><\/p>\n\n\n\n<blockquote class=\"wp-block-quote is-layout-flow wp-block-quote-is-layout-flow\"><p>Pois despois de dous anos naturais nos que s\u00f3 traballamos un, seis meses de cada ano, xuntas o ano natural traballado e cobras 4 meses de prestaci\u00f3n<\/p><\/blockquote>\n\n\n\n<p><strong>\u00c9 dicir, v\u00f3s nun ano cobrades 6 meses e os outros 6 vivides do aire, e no seguinte cobrades 10 meses, 6 do traballo e 4 do desemprego e os outros 2 vivides do aire?<\/strong><\/p>\n\n\n\n<blockquote class=\"wp-block-quote is-layout-flow wp-block-quote-is-layout-flow\"><p>Efectivamente , as\u00ed \u00e9. Cada dous anos cobramos 16 meses e estamos 8 a velas vir. A situaci\u00f3n \u00e9 moi delicada. Este ano a modo excepcional o goberno do estado vainos dar 3 meses de prestaci\u00f3n. Benvidos sexan claro, pero \u00e9 algo claramente insuficiente e que ven do goberno do estado porque a sensibilidade da Xunta \u00e9 inexistente. Todos temos facturas que atender todo o ano, non a metade do ano, gastos , hipotecas, familias&#8230; e a verdade a metade do ano que non nos deixan traballar a situaci\u00f3n \u00e9 dificil\u00edsima.<\/p><\/blockquote>\n\n\n\n<p><strong>Ao final deste per\u00edodo de traballo fixestes unha serie de acci\u00f3ns de protesta. C\u00f3ntasnolas?<\/strong><\/p>\n\n\n\n<blockquote class=\"wp-block-quote is-layout-flow wp-block-quote-is-layout-flow\"><p>Xa o ano pasado fixemos unha recollida de sinaturas no corpo de bombeiros de todo o pa\u00eds galego na que pediamos ampliar o noso traballo ao ano enteiro.<\/p><\/blockquote>\n\n\n\n<p><strong>Que tal foi a resposta dos compa\u00f1eiros?<\/strong><\/p>\n\n\n\n<blockquote class=\"wp-block-quote is-layout-flow wp-block-quote-is-layout-flow\"><p>Asinaron ao redor do 40% .Tendo en conta que as petici\u00f3ns foron na s\u00faa maior parte telem\u00e1ticas polo contexto COVID non estivo tan mal. Mandamos as sinaturas \u00e1 Xunta e pedimos unha xuntanza co conselleiro do medio rural<\/p><\/blockquote>\n\n\n\n<p><strong>Que vos respondeu?<\/strong><\/p>\n\n\n\n<blockquote class=\"wp-block-quote is-layout-flow wp-block-quote-is-layout-flow\"><p>Non nos fixo caso.<\/p><\/blockquote>\n\n\n\n<p><strong>E non vos destes por vencidos verdade?<\/strong><\/p>\n\n\n\n<blockquote class=\"wp-block-quote is-layout-flow wp-block-quote-is-layout-flow\"><p>Pois non, fixemos un manifesto redactado en base a dous eixos; un de reivindicaci\u00f3n laboral e outro na que pediamos unha pol\u00edtica medioambiental diferente. Nese manifesto pedimos a sinatura de xente socialmente relevante como Manuel Rivas, Ses, Milladoiro, Salustiano Mato ex futbolistas do Celta, como Otero ou Nacho&#8230;.Case un cento de personalidades .A verdade o manifesto tivo bastante repercusi\u00f3n e este ano decid\u00edmonos a dar un paso m\u00e1is<\/p><\/blockquote>\n\n\n\n<p><strong>Cal foi?<\/strong><\/p>\n\n\n\n<blockquote class=\"wp-block-quote is-layout-flow wp-block-quote-is-layout-flow\"><p>Organizamos unha concentraci\u00f3n fronte a sede do distrito forestal no Porri\u00f1o e al\u00ed limos un comunicado no que reclamamos estabilidade laboral e un cambio nas pol\u00edticas forestais do servizo de extinci\u00f3n. O d\u00eda 9 de novembro bot\u00e1ronnos f\u00f3ra do servizo e a concentraci\u00f3n fix\u00e9mola o d\u00eda 10. A acci\u00f3n foi de todo o distrito<\/p><\/blockquote>\n\n\n\n<p><strong>Que repercusi\u00f3n tivo a convocatoria nos teus compa\u00f1eiros e compa\u00f1eiras?<\/strong><\/p>\n\n\n\n<blockquote class=\"wp-block-quote is-layout-flow wp-block-quote-is-layout-flow\"><p>Moi alta. Quixera agradecer a Ses a s\u00faa axuda, pois nun concerto ,que fixo en Baiona uns d\u00edas antes, expresou a s\u00faa solidariedade con n\u00f3s .E \u00e9 destas cousas que deixan pegada<\/p><\/blockquote>\n\n\n\n<p><strong>Recibistes algunha resposta da Xunta?<\/strong><\/p>\n\n\n\n<blockquote class=\"wp-block-quote is-layout-flow wp-block-quote-is-layout-flow\"><p>Non<\/p><\/blockquote>\n\n\n\n<p><strong>Na Peneira de Novembro falaba co alcalde de As Neves ao respecto da terrible vaga de lumes do 2.017, que foi especialmente cruenta no seu pobo, e coment\u00e1bame que as condici\u00f3ns que propiciaron unha situaci\u00f3n tan terrible en modo alg\u00fan desapareceron. E que non hai nada que impida que un suceso tan horrible poida volver a acontecer. Ti opinas o mesmo?<\/strong><\/p>\n\n\n\n<blockquote class=\"wp-block-quote is-layout-flow wp-block-quote-is-layout-flow\"><p>Por desgraza non me queda m\u00e1is remedio que darlle a raz\u00f3n a ese alcalde. Ademais te\u00f1o que dicir que a situaci\u00f3n est\u00e1 peor que nese momento. Hai m\u00e1is m\u00e1is biomasa ca nunca e se ven unha vaga de lumes como a daquel ano a situaci\u00f3n vaise repetir. E que se non se fai unha pol\u00edtica de prevenci\u00f3n seria cambiando a fisionom\u00eda de moitos espazos a car\u00f3n das aldeas, e unha tolemia que a 300 metros dun grupo de casas haxa un eucaliptal, tardar\u00e1 m\u00e1is ou menos , non o sei, pero volveremos a vivir episodios an\u00e1logos ao do 2.017.O adecuado non \u00e9 a existencia dun servizo de extinci\u00f3n a metade do ano, deber\u00eda de ser traballar todo o ano para previr na medida do posible que no ver\u00e1n ve\u00f1an os lumes.<\/p><\/blockquote>\n","protected":false},"excerpt":{"rendered":"<div class=\"mh-excerpt\"><p>O servizo de bombeiros forestais da Xunta est\u00e1 composto por unha serie de homes e mulleres con capacidade para a \u201cmaxia\u201d, pois lamentablemente o goberno galego s\u00f3 lles permite traballar 6 meses ao ano, este ano fix\u00e9rono de maio a novembro, e os outros 6 te\u00f1en que vivir do aire <a class=\"mh-excerpt-more\" href=\"https:\/\/www.anovapeneira.gal\/index.php\/2021\/12\/15\/bombeiros-forestais-en-loita\/\" title=\"Bombeiros forestais en loita\">[&#8230;]<\/a><\/p>\n<\/div>","protected":false},"author":3,"featured_media":6578,"comment_status":"open","ping_status":"open","sticky":false,"template":"","format":"standard","meta":{"_exactmetrics_skip_tracking":false,"_exactmetrics_sitenote_active":false,"_exactmetrics_sitenote_note":"","_exactmetrics_sitenote_category":0,"footnotes":""},"categories":[264],"tags":[946],"class_list":{"0":"post-6577","1":"post","2":"type-post","3":"status-publish","4":"format-standard","5":"has-post-thumbnail","7":"category-entrevistas-galicia","8":"tag-bombeiros"},"yoast_head":"<!-- This site is optimized with the Yoast SEO plugin v27.4 - https:\/\/yoast.com\/product\/yoast-seo-wordpress\/ -->\n<title>Bombeiros forestais en loita -<\/title>\n<meta name=\"description\" content=\"O servizo de bombeiros forestais da Xunta est\u00e1 composto por unha serie de homes e mulleres con capacidade para a \u201cmaxia\u201d, pois lamentablemente o goberno galego s\u00f3 lles permite traballar 6 meses ao ano, este ano fix\u00e9rono de maio a novembro, e os outros 6 te\u00f1en que vivir do aire\" \/>\n<meta name=\"robots\" content=\"index, follow, max-snippet:-1, max-image-preview:large, max-video-preview:-1\" \/>\n<link rel=\"canonical\" href=\"https:\/\/www.anovapeneira.gal\/index.php\/2021\/12\/15\/bombeiros-forestais-en-loita\/\" \/>\n<meta property=\"og:locale\" content=\"gl_ES\" \/>\n<meta property=\"og:type\" content=\"article\" \/>\n<meta property=\"og:title\" content=\"Bombeiros forestais en loita -\" \/>\n<meta property=\"og:description\" content=\"O servizo de bombeiros forestais da Xunta est\u00e1 composto por unha serie de homes e mulleres con capacidade para a \u201cmaxia\u201d, pois lamentablemente o goberno galego s\u00f3 lles permite traballar 6 meses ao ano, este ano fix\u00e9rono de maio a novembro, e os outros 6 te\u00f1en que vivir do aire\" \/>\n<meta property=\"og:url\" content=\"https:\/\/www.anovapeneira.gal\/index.php\/2021\/12\/15\/bombeiros-forestais-en-loita\/\" \/>\n<meta property=\"article:publisher\" content=\"https:\/\/www.facebook.com\/anovapeneira\" \/>\n<meta property=\"article:published_time\" content=\"2021-12-15T09:00:36+00:00\" \/>\n<meta property=\"og:image\" content=\"https:\/\/www.anovapeneira.gal\/wp-content\/uploads\/2021\/12\/xan_lois_bombeiro.jpg\" \/>\n\t<meta property=\"og:image:width\" content=\"720\" \/>\n\t<meta property=\"og:image:height\" content=\"432\" \/>\n\t<meta property=\"og:image:type\" content=\"image\/jpeg\" \/>\n<meta name=\"author\" content=\"Redacci\u00f3n A Nova Peneira\" \/>\n<meta name=\"twitter:card\" content=\"summary_large_image\" \/>\n<meta name=\"twitter:creator\" content=\"@APeneira\" \/>\n<meta name=\"twitter:site\" content=\"@APeneira\" \/>\n<meta name=\"twitter:label1\" content=\"Escrito por\" \/>\n\t<meta name=\"twitter:data1\" content=\"Redacci\u00f3n A Nova Peneira\" \/>\n\t<meta name=\"twitter:label2\" content=\"Tempo de lectura\" \/>\n\t<meta name=\"twitter:data2\" content=\"7 minutos\" \/>\n<script type=\"application\/ld+json\" class=\"yoast-schema-graph\">{\"@context\":\"https:\\\/\\\/schema.org\",\"@graph\":[{\"@type\":\"Article\",\"@id\":\"https:\\\/\\\/www.anovapeneira.gal\\\/index.php\\\/2021\\\/12\\\/15\\\/bombeiros-forestais-en-loita\\\/#article\",\"isPartOf\":{\"@id\":\"https:\\\/\\\/www.anovapeneira.gal\\\/index.php\\\/2021\\\/12\\\/15\\\/bombeiros-forestais-en-loita\\\/\"},\"author\":{\"name\":\"Redacci\u00f3n A Nova Peneira\",\"@id\":\"https:\\\/\\\/www.anovapeneira.gal\\\/#\\\/schema\\\/person\\\/b93e3f8932e3f8da96334607eb6ac6aa\"},\"headline\":\"Bombeiros forestais en loita\",\"datePublished\":\"2021-12-15T09:00:36+00:00\",\"mainEntityOfPage\":{\"@id\":\"https:\\\/\\\/www.anovapeneira.gal\\\/index.php\\\/2021\\\/12\\\/15\\\/bombeiros-forestais-en-loita\\\/\"},\"wordCount\":1474,\"commentCount\":0,\"publisher\":{\"@id\":\"https:\\\/\\\/www.anovapeneira.gal\\\/#organization\"},\"image\":{\"@id\":\"https:\\\/\\\/www.anovapeneira.gal\\\/index.php\\\/2021\\\/12\\\/15\\\/bombeiros-forestais-en-loita\\\/#primaryimage\"},\"thumbnailUrl\":\"https:\\\/\\\/www.anovapeneira.gal\\\/wp-content\\\/uploads\\\/2021\\\/12\\\/xan_lois_bombeiro.jpg\",\"keywords\":[\"Bombeiros\"],\"articleSection\":[\"Entrevistas\"],\"inLanguage\":\"gl-ES\",\"potentialAction\":[{\"@type\":\"CommentAction\",\"name\":\"Comment\",\"target\":[\"https:\\\/\\\/www.anovapeneira.gal\\\/index.php\\\/2021\\\/12\\\/15\\\/bombeiros-forestais-en-loita\\\/#respond\"]}]},{\"@type\":\"WebPage\",\"@id\":\"https:\\\/\\\/www.anovapeneira.gal\\\/index.php\\\/2021\\\/12\\\/15\\\/bombeiros-forestais-en-loita\\\/\",\"url\":\"https:\\\/\\\/www.anovapeneira.gal\\\/index.php\\\/2021\\\/12\\\/15\\\/bombeiros-forestais-en-loita\\\/\",\"name\":\"Bombeiros forestais en loita -\",\"isPartOf\":{\"@id\":\"https:\\\/\\\/www.anovapeneira.gal\\\/#website\"},\"primaryImageOfPage\":{\"@id\":\"https:\\\/\\\/www.anovapeneira.gal\\\/index.php\\\/2021\\\/12\\\/15\\\/bombeiros-forestais-en-loita\\\/#primaryimage\"},\"image\":{\"@id\":\"https:\\\/\\\/www.anovapeneira.gal\\\/index.php\\\/2021\\\/12\\\/15\\\/bombeiros-forestais-en-loita\\\/#primaryimage\"},\"thumbnailUrl\":\"https:\\\/\\\/www.anovapeneira.gal\\\/wp-content\\\/uploads\\\/2021\\\/12\\\/xan_lois_bombeiro.jpg\",\"datePublished\":\"2021-12-15T09:00:36+00:00\",\"description\":\"O servizo de bombeiros forestais da Xunta est\u00e1 composto por unha serie de homes e mulleres con capacidade para a \u201cmaxia\u201d, pois lamentablemente o goberno galego s\u00f3 lles permite traballar 6 meses ao ano, este ano fix\u00e9rono de maio a novembro, e os outros 6 te\u00f1en que vivir do aire\",\"breadcrumb\":{\"@id\":\"https:\\\/\\\/www.anovapeneira.gal\\\/index.php\\\/2021\\\/12\\\/15\\\/bombeiros-forestais-en-loita\\\/#breadcrumb\"},\"inLanguage\":\"gl-ES\",\"potentialAction\":[{\"@type\":\"ReadAction\",\"target\":[\"https:\\\/\\\/www.anovapeneira.gal\\\/index.php\\\/2021\\\/12\\\/15\\\/bombeiros-forestais-en-loita\\\/\"]}]},{\"@type\":\"ImageObject\",\"inLanguage\":\"gl-ES\",\"@id\":\"https:\\\/\\\/www.anovapeneira.gal\\\/index.php\\\/2021\\\/12\\\/15\\\/bombeiros-forestais-en-loita\\\/#primaryimage\",\"url\":\"https:\\\/\\\/www.anovapeneira.gal\\\/wp-content\\\/uploads\\\/2021\\\/12\\\/xan_lois_bombeiro.jpg\",\"contentUrl\":\"https:\\\/\\\/www.anovapeneira.gal\\\/wp-content\\\/uploads\\\/2021\\\/12\\\/xan_lois_bombeiro.jpg\",\"width\":720,\"height\":432,\"caption\":\"Bombeiros forestais Xo\u00e1n Lois Carreira\"},{\"@type\":\"BreadcrumbList\",\"@id\":\"https:\\\/\\\/www.anovapeneira.gal\\\/index.php\\\/2021\\\/12\\\/15\\\/bombeiros-forestais-en-loita\\\/#breadcrumb\",\"itemListElement\":[{\"@type\":\"ListItem\",\"position\":1,\"name\":\"Portada\",\"item\":\"https:\\\/\\\/www.anovapeneira.gal\\\/\"},{\"@type\":\"ListItem\",\"position\":2,\"name\":\"Bombeiros forestais en loita\"}]},{\"@type\":\"WebSite\",\"@id\":\"https:\\\/\\\/www.anovapeneira.gal\\\/#website\",\"url\":\"https:\\\/\\\/www.anovapeneira.gal\\\/\",\"name\":\"\",\"description\":\"Xornal galego de informaci\u00f3n xeral Publicaci\u00f3n mensual de novas de Galicia e en especial dos Concellos da sur da provincia de Pontevedra.\",\"publisher\":{\"@id\":\"https:\\\/\\\/www.anovapeneira.gal\\\/#organization\"},\"potentialAction\":[{\"@type\":\"SearchAction\",\"target\":{\"@type\":\"EntryPoint\",\"urlTemplate\":\"https:\\\/\\\/www.anovapeneira.gal\\\/?s={search_term_string}\"},\"query-input\":{\"@type\":\"PropertyValueSpecification\",\"valueRequired\":true,\"valueName\":\"search_term_string\"}}],\"inLanguage\":\"gl-ES\"},{\"@type\":\"Organization\",\"@id\":\"https:\\\/\\\/www.anovapeneira.gal\\\/#organization\",\"name\":\"A Nova Peneira\",\"url\":\"https:\\\/\\\/www.anovapeneira.gal\\\/\",\"logo\":{\"@type\":\"ImageObject\",\"inLanguage\":\"gl-ES\",\"@id\":\"https:\\\/\\\/www.anovapeneira.gal\\\/#\\\/schema\\\/logo\\\/image\\\/\",\"url\":\"http:\\\/\\\/www.anovapeneira.gal\\\/wp-content\\\/uploads\\\/2019\\\/06\\\/logo_a_nova_peneira_portal_web.png\",\"contentUrl\":\"http:\\\/\\\/www.anovapeneira.gal\\\/wp-content\\\/uploads\\\/2019\\\/06\\\/logo_a_nova_peneira_portal_web.png\",\"width\":300,\"height\":100,\"caption\":\"A Nova Peneira\"},\"image\":{\"@id\":\"https:\\\/\\\/www.anovapeneira.gal\\\/#\\\/schema\\\/logo\\\/image\\\/\"},\"sameAs\":[\"https:\\\/\\\/www.facebook.com\\\/anovapeneira\",\"https:\\\/\\\/x.com\\\/APeneira\"]},{\"@type\":\"Person\",\"@id\":\"https:\\\/\\\/www.anovapeneira.gal\\\/#\\\/schema\\\/person\\\/b93e3f8932e3f8da96334607eb6ac6aa\",\"name\":\"Redacci\u00f3n A Nova Peneira\",\"image\":{\"@type\":\"ImageObject\",\"inLanguage\":\"gl-ES\",\"@id\":\"https:\\\/\\\/secure.gravatar.com\\\/avatar\\\/c052a2551a06e23fac63626232eaa90abd78dbcf1700fc46a2b2c89fd27b735f?s=96&d=mm&r=g\",\"url\":\"https:\\\/\\\/secure.gravatar.com\\\/avatar\\\/c052a2551a06e23fac63626232eaa90abd78dbcf1700fc46a2b2c89fd27b735f?s=96&d=mm&r=g\",\"contentUrl\":\"https:\\\/\\\/secure.gravatar.com\\\/avatar\\\/c052a2551a06e23fac63626232eaa90abd78dbcf1700fc46a2b2c89fd27b735f?s=96&d=mm&r=g\",\"caption\":\"Redacci\u00f3n A Nova Peneira\"},\"sameAs\":[\"http:\\\/\\\/www.anovapeneira.gal\\\/\"],\"url\":\"https:\\\/\\\/www.anovapeneira.gal\\\/index.php\\\/author\\\/redactor\\\/\"}]}<\/script>\n<!-- \/ Yoast SEO plugin. -->","yoast_head_json":{"title":"Bombeiros forestais en loita -","description":"O servizo de bombeiros forestais da Xunta est\u00e1 composto por unha serie de homes e mulleres con capacidade para a \u201cmaxia\u201d, pois lamentablemente o goberno galego s\u00f3 lles permite traballar 6 meses ao ano, este ano fix\u00e9rono de maio a novembro, e os outros 6 te\u00f1en que vivir do aire","robots":{"index":"index","follow":"follow","max-snippet":"max-snippet:-1","max-image-preview":"max-image-preview:large","max-video-preview":"max-video-preview:-1"},"canonical":"https:\/\/www.anovapeneira.gal\/index.php\/2021\/12\/15\/bombeiros-forestais-en-loita\/","og_locale":"gl_ES","og_type":"article","og_title":"Bombeiros forestais en loita -","og_description":"O servizo de bombeiros forestais da Xunta est\u00e1 composto por unha serie de homes e mulleres con capacidade para a \u201cmaxia\u201d, pois lamentablemente o goberno galego s\u00f3 lles permite traballar 6 meses ao ano, este ano fix\u00e9rono de maio a novembro, e os outros 6 te\u00f1en que vivir do aire","og_url":"https:\/\/www.anovapeneira.gal\/index.php\/2021\/12\/15\/bombeiros-forestais-en-loita\/","article_publisher":"https:\/\/www.facebook.com\/anovapeneira","article_published_time":"2021-12-15T09:00:36+00:00","og_image":[{"width":720,"height":432,"url":"https:\/\/www.anovapeneira.gal\/wp-content\/uploads\/2021\/12\/xan_lois_bombeiro.jpg","type":"image\/jpeg"}],"author":"Redacci\u00f3n A Nova Peneira","twitter_card":"summary_large_image","twitter_creator":"@APeneira","twitter_site":"@APeneira","twitter_misc":{"Escrito por":"Redacci\u00f3n A Nova Peneira","Tempo de lectura":"7 minutos"},"schema":{"@context":"https:\/\/schema.org","@graph":[{"@type":"Article","@id":"https:\/\/www.anovapeneira.gal\/index.php\/2021\/12\/15\/bombeiros-forestais-en-loita\/#article","isPartOf":{"@id":"https:\/\/www.anovapeneira.gal\/index.php\/2021\/12\/15\/bombeiros-forestais-en-loita\/"},"author":{"name":"Redacci\u00f3n A Nova Peneira","@id":"https:\/\/www.anovapeneira.gal\/#\/schema\/person\/b93e3f8932e3f8da96334607eb6ac6aa"},"headline":"Bombeiros forestais en loita","datePublished":"2021-12-15T09:00:36+00:00","mainEntityOfPage":{"@id":"https:\/\/www.anovapeneira.gal\/index.php\/2021\/12\/15\/bombeiros-forestais-en-loita\/"},"wordCount":1474,"commentCount":0,"publisher":{"@id":"https:\/\/www.anovapeneira.gal\/#organization"},"image":{"@id":"https:\/\/www.anovapeneira.gal\/index.php\/2021\/12\/15\/bombeiros-forestais-en-loita\/#primaryimage"},"thumbnailUrl":"https:\/\/www.anovapeneira.gal\/wp-content\/uploads\/2021\/12\/xan_lois_bombeiro.jpg","keywords":["Bombeiros"],"articleSection":["Entrevistas"],"inLanguage":"gl-ES","potentialAction":[{"@type":"CommentAction","name":"Comment","target":["https:\/\/www.anovapeneira.gal\/index.php\/2021\/12\/15\/bombeiros-forestais-en-loita\/#respond"]}]},{"@type":"WebPage","@id":"https:\/\/www.anovapeneira.gal\/index.php\/2021\/12\/15\/bombeiros-forestais-en-loita\/","url":"https:\/\/www.anovapeneira.gal\/index.php\/2021\/12\/15\/bombeiros-forestais-en-loita\/","name":"Bombeiros forestais en loita -","isPartOf":{"@id":"https:\/\/www.anovapeneira.gal\/#website"},"primaryImageOfPage":{"@id":"https:\/\/www.anovapeneira.gal\/index.php\/2021\/12\/15\/bombeiros-forestais-en-loita\/#primaryimage"},"image":{"@id":"https:\/\/www.anovapeneira.gal\/index.php\/2021\/12\/15\/bombeiros-forestais-en-loita\/#primaryimage"},"thumbnailUrl":"https:\/\/www.anovapeneira.gal\/wp-content\/uploads\/2021\/12\/xan_lois_bombeiro.jpg","datePublished":"2021-12-15T09:00:36+00:00","description":"O servizo de bombeiros forestais da Xunta est\u00e1 composto por unha serie de homes e mulleres con capacidade para a \u201cmaxia\u201d, pois lamentablemente o goberno galego s\u00f3 lles permite traballar 6 meses ao ano, este ano fix\u00e9rono de maio a novembro, e os outros 6 te\u00f1en que vivir do aire","breadcrumb":{"@id":"https:\/\/www.anovapeneira.gal\/index.php\/2021\/12\/15\/bombeiros-forestais-en-loita\/#breadcrumb"},"inLanguage":"gl-ES","potentialAction":[{"@type":"ReadAction","target":["https:\/\/www.anovapeneira.gal\/index.php\/2021\/12\/15\/bombeiros-forestais-en-loita\/"]}]},{"@type":"ImageObject","inLanguage":"gl-ES","@id":"https:\/\/www.anovapeneira.gal\/index.php\/2021\/12\/15\/bombeiros-forestais-en-loita\/#primaryimage","url":"https:\/\/www.anovapeneira.gal\/wp-content\/uploads\/2021\/12\/xan_lois_bombeiro.jpg","contentUrl":"https:\/\/www.anovapeneira.gal\/wp-content\/uploads\/2021\/12\/xan_lois_bombeiro.jpg","width":720,"height":432,"caption":"Bombeiros forestais Xo\u00e1n Lois Carreira"},{"@type":"BreadcrumbList","@id":"https:\/\/www.anovapeneira.gal\/index.php\/2021\/12\/15\/bombeiros-forestais-en-loita\/#breadcrumb","itemListElement":[{"@type":"ListItem","position":1,"name":"Portada","item":"https:\/\/www.anovapeneira.gal\/"},{"@type":"ListItem","position":2,"name":"Bombeiros forestais en loita"}]},{"@type":"WebSite","@id":"https:\/\/www.anovapeneira.gal\/#website","url":"https:\/\/www.anovapeneira.gal\/","name":"","description":"Xornal galego de informaci\u00f3n xeral Publicaci\u00f3n mensual de novas de Galicia e en especial dos Concellos da sur da provincia de Pontevedra.","publisher":{"@id":"https:\/\/www.anovapeneira.gal\/#organization"},"potentialAction":[{"@type":"SearchAction","target":{"@type":"EntryPoint","urlTemplate":"https:\/\/www.anovapeneira.gal\/?s={search_term_string}"},"query-input":{"@type":"PropertyValueSpecification","valueRequired":true,"valueName":"search_term_string"}}],"inLanguage":"gl-ES"},{"@type":"Organization","@id":"https:\/\/www.anovapeneira.gal\/#organization","name":"A Nova Peneira","url":"https:\/\/www.anovapeneira.gal\/","logo":{"@type":"ImageObject","inLanguage":"gl-ES","@id":"https:\/\/www.anovapeneira.gal\/#\/schema\/logo\/image\/","url":"http:\/\/www.anovapeneira.gal\/wp-content\/uploads\/2019\/06\/logo_a_nova_peneira_portal_web.png","contentUrl":"http:\/\/www.anovapeneira.gal\/wp-content\/uploads\/2019\/06\/logo_a_nova_peneira_portal_web.png","width":300,"height":100,"caption":"A Nova Peneira"},"image":{"@id":"https:\/\/www.anovapeneira.gal\/#\/schema\/logo\/image\/"},"sameAs":["https:\/\/www.facebook.com\/anovapeneira","https:\/\/x.com\/APeneira"]},{"@type":"Person","@id":"https:\/\/www.anovapeneira.gal\/#\/schema\/person\/b93e3f8932e3f8da96334607eb6ac6aa","name":"Redacci\u00f3n A Nova Peneira","image":{"@type":"ImageObject","inLanguage":"gl-ES","@id":"https:\/\/secure.gravatar.com\/avatar\/c052a2551a06e23fac63626232eaa90abd78dbcf1700fc46a2b2c89fd27b735f?s=96&d=mm&r=g","url":"https:\/\/secure.gravatar.com\/avatar\/c052a2551a06e23fac63626232eaa90abd78dbcf1700fc46a2b2c89fd27b735f?s=96&d=mm&r=g","contentUrl":"https:\/\/secure.gravatar.com\/avatar\/c052a2551a06e23fac63626232eaa90abd78dbcf1700fc46a2b2c89fd27b735f?s=96&d=mm&r=g","caption":"Redacci\u00f3n A Nova Peneira"},"sameAs":["http:\/\/www.anovapeneira.gal\/"],"url":"https:\/\/www.anovapeneira.gal\/index.php\/author\/redactor\/"}]}},"jetpack_featured_media_url":"https:\/\/www.anovapeneira.gal\/wp-content\/uploads\/2021\/12\/xan_lois_bombeiro.jpg","_links":{"self":[{"href":"https:\/\/www.anovapeneira.gal\/index.php\/wp-json\/wp\/v2\/posts\/6577","targetHints":{"allow":["GET"]}}],"collection":[{"href":"https:\/\/www.anovapeneira.gal\/index.php\/wp-json\/wp\/v2\/posts"}],"about":[{"href":"https:\/\/www.anovapeneira.gal\/index.php\/wp-json\/wp\/v2\/types\/post"}],"author":[{"embeddable":true,"href":"https:\/\/www.anovapeneira.gal\/index.php\/wp-json\/wp\/v2\/users\/3"}],"replies":[{"embeddable":true,"href":"https:\/\/www.anovapeneira.gal\/index.php\/wp-json\/wp\/v2\/comments?post=6577"}],"version-history":[{"count":1,"href":"https:\/\/www.anovapeneira.gal\/index.php\/wp-json\/wp\/v2\/posts\/6577\/revisions"}],"predecessor-version":[{"id":6579,"href":"https:\/\/www.anovapeneira.gal\/index.php\/wp-json\/wp\/v2\/posts\/6577\/revisions\/6579"}],"wp:featuredmedia":[{"embeddable":true,"href":"https:\/\/www.anovapeneira.gal\/index.php\/wp-json\/wp\/v2\/media\/6578"}],"wp:attachment":[{"href":"https:\/\/www.anovapeneira.gal\/index.php\/wp-json\/wp\/v2\/media?parent=6577"}],"wp:term":[{"taxonomy":"category","embeddable":true,"href":"https:\/\/www.anovapeneira.gal\/index.php\/wp-json\/wp\/v2\/categories?post=6577"},{"taxonomy":"post_tag","embeddable":true,"href":"https:\/\/www.anovapeneira.gal\/index.php\/wp-json\/wp\/v2\/tags?post=6577"}],"curies":[{"name":"wp","href":"https:\/\/api.w.org\/{rel}","templated":true}]}}