{"id":6580,"date":"2021-12-15T12:00:24","date_gmt":"2021-12-15T11:00:24","guid":{"rendered":"https:\/\/www.anovapeneira.gal\/?p=6580"},"modified":"2021-12-12T20:49:09","modified_gmt":"2021-12-12T19:49:09","slug":"o-bng-denuncia-o-ataque-a-sua-sede","status":"publish","type":"post","link":"https:\/\/www.anovapeneira.gal\/index.php\/2021\/12\/15\/o-bng-denuncia-o-ataque-a-sua-sede\/","title":{"rendered":"O BNG denuncia o ataque a s\u00faa sede"},"content":{"rendered":"\n<h2 class=\"wp-block-heading\"><em>Luc\u00eda Santos <\/em><em>afirma que <\/em><em>\u201cao contrario de quen pretenden calarnos, de xeito covarde, continuaremos traballando d\u00eda a d\u00eda, na r\u00faa e nas instituci\u00f3ns, e sempre, sempre dando a cara, de fronte e coa cabeza ben alta\u201d<\/em><\/h2>\n\n\n\n<p><strong>Mar\u00edn, 9 de decembro do 2021<\/strong><\/p>\n\n\n\n<p>Entre a noite do pasado domingo e a ma\u00f1\u00e1 deste m\u00e9rcores a sede do BNG de Mar\u00edn sufriu un ataque no que foi arrincada tanto a placa co logo do BNG e os carteis existentes na entrada do local, como a bandeira galega e os carteis colgados no balc\u00f3n e vent\u00e1s do primeiro andar. Os autores ou autoras tiveron que escalar pola fachada do edificio para acceder ao balc\u00f3n.<\/p>\n\n\n\n<p>A Portavoz municipal do BNG de Mar\u00edn, Luc\u00eda Santos, afirma que o ataque limitouse ao exterior da sede, mais \u201cnon foi un acto improvisado, sen\u00f3n unha acci\u00f3n planificada para roubar e ocultar a mensaxe do BNG, un intento de limitar a nosa acci\u00f3n pol\u00edtica e tentar infundir medo entre a militancia.\u201d<\/p>\n\n\n\n<p>O BNG de Mar\u00edn xa fixo a correspondente denuncia deste ataque contra a sede da organizaci\u00f3n local. C\u00f3mpre lembrar que este non \u00e9 o primeiro ataque que sofre a sede do BNG de Mar\u00edn, se ben \u00e9 certo que hab\u00eda moito tempo que non acontec\u00eda, e tampouco \u00e9 un ataque aillado, pois nos \u00faltimos tempos o BNG foi obxecto de varios ataques nas s\u00faas sedes e en vivendas de compa\u00f1eiros e compa\u00f1eiras, dirixidos a tratar de amedentrar a nosa militancia.<\/p>\n\n\n\n<p>Desco\u00f1ecemos a identidade dos autores ou das autoras deste ataque, mais todo parece indicar que se trata dun ataque procedente de elementos da dereita m\u00e1is rancia e espa\u00f1olista, tan envalentonada nos \u00faltimos tempos.<\/p>\n\n\n\n<p>Luc\u00eda Santos declara que \u201cas persoas respons\u00e1beis desta acci\u00f3n deben saber que non nos van facer calar. Este tipo de actuaci\u00f3ns antidemocr\u00e1ticas o \u00fanico que fan \u00e9 autoafirmarnos, m\u00e1is a\u00ednda se cadra, nos nosos principios e na nosa determinaci\u00f3n para continuar co noso traballo a prol dos e das marinenses e da nosa Terra.\u201d<\/p>\n\n\n\n<p>\u201cAo contrario de quen pretenden calarnos, de xeito covarde, continuaremos traballando d\u00eda a d\u00eda, na r\u00faa e nas instituci\u00f3ns, e sempre, sempre dando a cara, de fronte e coa cabeza ben alta\u201d, remata a Portavoz municipal do BNG de Mar\u00edn.<\/p>\n\n\n\n<p>Luc\u00eda Santos Omil<\/p>\n\n\n\n<p>Portavoz Municipal do BNG<\/p>\n","protected":false},"excerpt":{"rendered":"<div class=\"mh-excerpt\"><p>instituci\u00f3ns, e sempre, sempre dando a cara, de fronte e coa cabeza ben alta\u201d <a class=\"mh-excerpt-more\" href=\"https:\/\/www.anovapeneira.gal\/index.php\/2021\/12\/15\/o-bng-denuncia-o-ataque-a-sua-sede\/\" title=\"O BNG denuncia o ataque a s\u00faa sede\">[&#8230;]<\/a><\/p>\n<\/div>","protected":false},"author":3,"featured_media":6581,"comment_status":"open","ping_status":"open","sticky":false,"template":"","format":"standard","meta":{"_exactmetrics_skip_tracking":false,"_exactmetrics_sitenote_active":false,"_exactmetrics_sitenote_note":"","_exactmetrics_sitenote_category":0,"footnotes":""},"categories":[22],"tags":[144],"class_list":{"0":"post-6580","1":"post","2":"type-post","3":"status-publish","4":"format-standard","5":"has-post-thumbnail","7":"category-morrazo","8":"tag-concello-de-marin"},"yoast_head":"<!-- This site is optimized with the Yoast SEO plugin v27.4 - https:\/\/yoast.com\/product\/yoast-seo-wordpress\/ -->\n<title>O BNG denuncia o ataque a s\u00faa sede -<\/title>\n<meta name=\"description\" content=\"instituci\u00f3ns, e sempre, sempre dando a cara, de fronte e coa cabeza ben alta\u201d\" \/>\n<meta name=\"robots\" content=\"index, follow, max-snippet:-1, max-image-preview:large, max-video-preview:-1\" \/>\n<link rel=\"canonical\" href=\"https:\/\/www.anovapeneira.gal\/index.php\/2021\/12\/15\/o-bng-denuncia-o-ataque-a-sua-sede\/\" \/>\n<meta property=\"og:locale\" content=\"gl_ES\" \/>\n<meta property=\"og:type\" content=\"article\" \/>\n<meta property=\"og:title\" content=\"O BNG denuncia o ataque a s\u00faa sede -\" \/>\n<meta property=\"og:description\" content=\"instituci\u00f3ns, e sempre, sempre dando a cara, de fronte e coa cabeza ben alta\u201d\" \/>\n<meta property=\"og:url\" content=\"https:\/\/www.anovapeneira.gal\/index.php\/2021\/12\/15\/o-bng-denuncia-o-ataque-a-sua-sede\/\" \/>\n<meta property=\"article:publisher\" content=\"https:\/\/www.facebook.com\/anovapeneira\" \/>\n<meta property=\"article:published_time\" content=\"2021-12-15T11:00:24+00:00\" \/>\n<meta property=\"og:image\" content=\"https:\/\/www.anovapeneira.gal\/wp-content\/uploads\/2021\/12\/veiguina_marin_Bng.jpg\" \/>\n\t<meta property=\"og:image:width\" content=\"720\" \/>\n\t<meta property=\"og:image:height\" content=\"432\" \/>\n\t<meta property=\"og:image:type\" content=\"image\/jpeg\" \/>\n<meta name=\"author\" content=\"Redacci\u00f3n A Nova Peneira\" \/>\n<meta name=\"twitter:card\" content=\"summary_large_image\" \/>\n<meta name=\"twitter:creator\" content=\"@APeneira\" \/>\n<meta name=\"twitter:site\" content=\"@APeneira\" \/>\n<meta name=\"twitter:label1\" content=\"Escrito por\" \/>\n\t<meta name=\"twitter:data1\" content=\"Redacci\u00f3n A Nova Peneira\" \/>\n\t<meta name=\"twitter:label2\" content=\"Tempo de lectura\" \/>\n\t<meta name=\"twitter:data2\" content=\"2 minutos\" \/>\n<script type=\"application\/ld+json\" class=\"yoast-schema-graph\">{\"@context\":\"https:\\\/\\\/schema.org\",\"@graph\":[{\"@type\":\"Article\",\"@id\":\"https:\\\/\\\/www.anovapeneira.gal\\\/index.php\\\/2021\\\/12\\\/15\\\/o-bng-denuncia-o-ataque-a-sua-sede\\\/#article\",\"isPartOf\":{\"@id\":\"https:\\\/\\\/www.anovapeneira.gal\\\/index.php\\\/2021\\\/12\\\/15\\\/o-bng-denuncia-o-ataque-a-sua-sede\\\/\"},\"author\":{\"name\":\"Redacci\u00f3n A Nova Peneira\",\"@id\":\"https:\\\/\\\/www.anovapeneira.gal\\\/#\\\/schema\\\/person\\\/b93e3f8932e3f8da96334607eb6ac6aa\"},\"headline\":\"O BNG denuncia o ataque a s\u00faa sede\",\"datePublished\":\"2021-12-15T11:00:24+00:00\",\"mainEntityOfPage\":{\"@id\":\"https:\\\/\\\/www.anovapeneira.gal\\\/index.php\\\/2021\\\/12\\\/15\\\/o-bng-denuncia-o-ataque-a-sua-sede\\\/\"},\"wordCount\":422,\"commentCount\":0,\"publisher\":{\"@id\":\"https:\\\/\\\/www.anovapeneira.gal\\\/#organization\"},\"image\":{\"@id\":\"https:\\\/\\\/www.anovapeneira.gal\\\/index.php\\\/2021\\\/12\\\/15\\\/o-bng-denuncia-o-ataque-a-sua-sede\\\/#primaryimage\"},\"thumbnailUrl\":\"https:\\\/\\\/www.anovapeneira.gal\\\/wp-content\\\/uploads\\\/2021\\\/12\\\/veiguina_marin_Bng.jpg\",\"keywords\":[\"Concello de Mar\u00edn\"],\"articleSection\":[\"Morrazo\"],\"inLanguage\":\"gl-ES\",\"potentialAction\":[{\"@type\":\"CommentAction\",\"name\":\"Comment\",\"target\":[\"https:\\\/\\\/www.anovapeneira.gal\\\/index.php\\\/2021\\\/12\\\/15\\\/o-bng-denuncia-o-ataque-a-sua-sede\\\/#respond\"]}]},{\"@type\":\"WebPage\",\"@id\":\"https:\\\/\\\/www.anovapeneira.gal\\\/index.php\\\/2021\\\/12\\\/15\\\/o-bng-denuncia-o-ataque-a-sua-sede\\\/\",\"url\":\"https:\\\/\\\/www.anovapeneira.gal\\\/index.php\\\/2021\\\/12\\\/15\\\/o-bng-denuncia-o-ataque-a-sua-sede\\\/\",\"name\":\"O BNG denuncia o ataque a s\u00faa sede -\",\"isPartOf\":{\"@id\":\"https:\\\/\\\/www.anovapeneira.gal\\\/#website\"},\"primaryImageOfPage\":{\"@id\":\"https:\\\/\\\/www.anovapeneira.gal\\\/index.php\\\/2021\\\/12\\\/15\\\/o-bng-denuncia-o-ataque-a-sua-sede\\\/#primaryimage\"},\"image\":{\"@id\":\"https:\\\/\\\/www.anovapeneira.gal\\\/index.php\\\/2021\\\/12\\\/15\\\/o-bng-denuncia-o-ataque-a-sua-sede\\\/#primaryimage\"},\"thumbnailUrl\":\"https:\\\/\\\/www.anovapeneira.gal\\\/wp-content\\\/uploads\\\/2021\\\/12\\\/veiguina_marin_Bng.jpg\",\"datePublished\":\"2021-12-15T11:00:24+00:00\",\"description\":\"instituci\u00f3ns, e sempre, sempre dando a cara, de fronte e coa cabeza ben alta\u201d\",\"breadcrumb\":{\"@id\":\"https:\\\/\\\/www.anovapeneira.gal\\\/index.php\\\/2021\\\/12\\\/15\\\/o-bng-denuncia-o-ataque-a-sua-sede\\\/#breadcrumb\"},\"inLanguage\":\"gl-ES\",\"potentialAction\":[{\"@type\":\"ReadAction\",\"target\":[\"https:\\\/\\\/www.anovapeneira.gal\\\/index.php\\\/2021\\\/12\\\/15\\\/o-bng-denuncia-o-ataque-a-sua-sede\\\/\"]}]},{\"@type\":\"ImageObject\",\"inLanguage\":\"gl-ES\",\"@id\":\"https:\\\/\\\/www.anovapeneira.gal\\\/index.php\\\/2021\\\/12\\\/15\\\/o-bng-denuncia-o-ataque-a-sua-sede\\\/#primaryimage\",\"url\":\"https:\\\/\\\/www.anovapeneira.gal\\\/wp-content\\\/uploads\\\/2021\\\/12\\\/veiguina_marin_Bng.jpg\",\"contentUrl\":\"https:\\\/\\\/www.anovapeneira.gal\\\/wp-content\\\/uploads\\\/2021\\\/12\\\/veiguina_marin_Bng.jpg\",\"width\":720,\"height\":432,\"caption\":\"O BNG denuncia o ataque a s\u00faa sede\"},{\"@type\":\"BreadcrumbList\",\"@id\":\"https:\\\/\\\/www.anovapeneira.gal\\\/index.php\\\/2021\\\/12\\\/15\\\/o-bng-denuncia-o-ataque-a-sua-sede\\\/#breadcrumb\",\"itemListElement\":[{\"@type\":\"ListItem\",\"position\":1,\"name\":\"Portada\",\"item\":\"https:\\\/\\\/www.anovapeneira.gal\\\/\"},{\"@type\":\"ListItem\",\"position\":2,\"name\":\"O BNG denuncia o ataque a s\u00faa sede\"}]},{\"@type\":\"WebSite\",\"@id\":\"https:\\\/\\\/www.anovapeneira.gal\\\/#website\",\"url\":\"https:\\\/\\\/www.anovapeneira.gal\\\/\",\"name\":\"\",\"description\":\"Xornal galego de informaci\u00f3n xeral Publicaci\u00f3n mensual de novas de Galicia e en especial dos Concellos da sur da provincia de Pontevedra.\",\"publisher\":{\"@id\":\"https:\\\/\\\/www.anovapeneira.gal\\\/#organization\"},\"potentialAction\":[{\"@type\":\"SearchAction\",\"target\":{\"@type\":\"EntryPoint\",\"urlTemplate\":\"https:\\\/\\\/www.anovapeneira.gal\\\/?s={search_term_string}\"},\"query-input\":{\"@type\":\"PropertyValueSpecification\",\"valueRequired\":true,\"valueName\":\"search_term_string\"}}],\"inLanguage\":\"gl-ES\"},{\"@type\":\"Organization\",\"@id\":\"https:\\\/\\\/www.anovapeneira.gal\\\/#organization\",\"name\":\"A Nova Peneira\",\"url\":\"https:\\\/\\\/www.anovapeneira.gal\\\/\",\"logo\":{\"@type\":\"ImageObject\",\"inLanguage\":\"gl-ES\",\"@id\":\"https:\\\/\\\/www.anovapeneira.gal\\\/#\\\/schema\\\/logo\\\/image\\\/\",\"url\":\"http:\\\/\\\/www.anovapeneira.gal\\\/wp-content\\\/uploads\\\/2019\\\/06\\\/logo_a_nova_peneira_portal_web.png\",\"contentUrl\":\"http:\\\/\\\/www.anovapeneira.gal\\\/wp-content\\\/uploads\\\/2019\\\/06\\\/logo_a_nova_peneira_portal_web.png\",\"width\":300,\"height\":100,\"caption\":\"A Nova Peneira\"},\"image\":{\"@id\":\"https:\\\/\\\/www.anovapeneira.gal\\\/#\\\/schema\\\/logo\\\/image\\\/\"},\"sameAs\":[\"https:\\\/\\\/www.facebook.com\\\/anovapeneira\",\"https:\\\/\\\/x.com\\\/APeneira\"]},{\"@type\":\"Person\",\"@id\":\"https:\\\/\\\/www.anovapeneira.gal\\\/#\\\/schema\\\/person\\\/b93e3f8932e3f8da96334607eb6ac6aa\",\"name\":\"Redacci\u00f3n A Nova Peneira\",\"image\":{\"@type\":\"ImageObject\",\"inLanguage\":\"gl-ES\",\"@id\":\"https:\\\/\\\/secure.gravatar.com\\\/avatar\\\/c052a2551a06e23fac63626232eaa90abd78dbcf1700fc46a2b2c89fd27b735f?s=96&d=mm&r=g\",\"url\":\"https:\\\/\\\/secure.gravatar.com\\\/avatar\\\/c052a2551a06e23fac63626232eaa90abd78dbcf1700fc46a2b2c89fd27b735f?s=96&d=mm&r=g\",\"contentUrl\":\"https:\\\/\\\/secure.gravatar.com\\\/avatar\\\/c052a2551a06e23fac63626232eaa90abd78dbcf1700fc46a2b2c89fd27b735f?s=96&d=mm&r=g\",\"caption\":\"Redacci\u00f3n A Nova Peneira\"},\"sameAs\":[\"http:\\\/\\\/www.anovapeneira.gal\\\/\"],\"url\":\"https:\\\/\\\/www.anovapeneira.gal\\\/index.php\\\/author\\\/redactor\\\/\"}]}<\/script>\n<!-- \/ Yoast SEO plugin. -->","yoast_head_json":{"title":"O BNG denuncia o ataque a s\u00faa sede -","description":"instituci\u00f3ns, e sempre, sempre dando a cara, de fronte e coa cabeza ben alta\u201d","robots":{"index":"index","follow":"follow","max-snippet":"max-snippet:-1","max-image-preview":"max-image-preview:large","max-video-preview":"max-video-preview:-1"},"canonical":"https:\/\/www.anovapeneira.gal\/index.php\/2021\/12\/15\/o-bng-denuncia-o-ataque-a-sua-sede\/","og_locale":"gl_ES","og_type":"article","og_title":"O BNG denuncia o ataque a s\u00faa sede -","og_description":"instituci\u00f3ns, e sempre, sempre dando a cara, de fronte e coa cabeza ben alta\u201d","og_url":"https:\/\/www.anovapeneira.gal\/index.php\/2021\/12\/15\/o-bng-denuncia-o-ataque-a-sua-sede\/","article_publisher":"https:\/\/www.facebook.com\/anovapeneira","article_published_time":"2021-12-15T11:00:24+00:00","og_image":[{"width":720,"height":432,"url":"https:\/\/www.anovapeneira.gal\/wp-content\/uploads\/2021\/12\/veiguina_marin_Bng.jpg","type":"image\/jpeg"}],"author":"Redacci\u00f3n A Nova Peneira","twitter_card":"summary_large_image","twitter_creator":"@APeneira","twitter_site":"@APeneira","twitter_misc":{"Escrito por":"Redacci\u00f3n A Nova Peneira","Tempo de lectura":"2 minutos"},"schema":{"@context":"https:\/\/schema.org","@graph":[{"@type":"Article","@id":"https:\/\/www.anovapeneira.gal\/index.php\/2021\/12\/15\/o-bng-denuncia-o-ataque-a-sua-sede\/#article","isPartOf":{"@id":"https:\/\/www.anovapeneira.gal\/index.php\/2021\/12\/15\/o-bng-denuncia-o-ataque-a-sua-sede\/"},"author":{"name":"Redacci\u00f3n A Nova Peneira","@id":"https:\/\/www.anovapeneira.gal\/#\/schema\/person\/b93e3f8932e3f8da96334607eb6ac6aa"},"headline":"O BNG denuncia o ataque a s\u00faa sede","datePublished":"2021-12-15T11:00:24+00:00","mainEntityOfPage":{"@id":"https:\/\/www.anovapeneira.gal\/index.php\/2021\/12\/15\/o-bng-denuncia-o-ataque-a-sua-sede\/"},"wordCount":422,"commentCount":0,"publisher":{"@id":"https:\/\/www.anovapeneira.gal\/#organization"},"image":{"@id":"https:\/\/www.anovapeneira.gal\/index.php\/2021\/12\/15\/o-bng-denuncia-o-ataque-a-sua-sede\/#primaryimage"},"thumbnailUrl":"https:\/\/www.anovapeneira.gal\/wp-content\/uploads\/2021\/12\/veiguina_marin_Bng.jpg","keywords":["Concello de Mar\u00edn"],"articleSection":["Morrazo"],"inLanguage":"gl-ES","potentialAction":[{"@type":"CommentAction","name":"Comment","target":["https:\/\/www.anovapeneira.gal\/index.php\/2021\/12\/15\/o-bng-denuncia-o-ataque-a-sua-sede\/#respond"]}]},{"@type":"WebPage","@id":"https:\/\/www.anovapeneira.gal\/index.php\/2021\/12\/15\/o-bng-denuncia-o-ataque-a-sua-sede\/","url":"https:\/\/www.anovapeneira.gal\/index.php\/2021\/12\/15\/o-bng-denuncia-o-ataque-a-sua-sede\/","name":"O BNG denuncia o ataque a s\u00faa sede -","isPartOf":{"@id":"https:\/\/www.anovapeneira.gal\/#website"},"primaryImageOfPage":{"@id":"https:\/\/www.anovapeneira.gal\/index.php\/2021\/12\/15\/o-bng-denuncia-o-ataque-a-sua-sede\/#primaryimage"},"image":{"@id":"https:\/\/www.anovapeneira.gal\/index.php\/2021\/12\/15\/o-bng-denuncia-o-ataque-a-sua-sede\/#primaryimage"},"thumbnailUrl":"https:\/\/www.anovapeneira.gal\/wp-content\/uploads\/2021\/12\/veiguina_marin_Bng.jpg","datePublished":"2021-12-15T11:00:24+00:00","description":"instituci\u00f3ns, e sempre, sempre dando a cara, de fronte e coa cabeza ben alta\u201d","breadcrumb":{"@id":"https:\/\/www.anovapeneira.gal\/index.php\/2021\/12\/15\/o-bng-denuncia-o-ataque-a-sua-sede\/#breadcrumb"},"inLanguage":"gl-ES","potentialAction":[{"@type":"ReadAction","target":["https:\/\/www.anovapeneira.gal\/index.php\/2021\/12\/15\/o-bng-denuncia-o-ataque-a-sua-sede\/"]}]},{"@type":"ImageObject","inLanguage":"gl-ES","@id":"https:\/\/www.anovapeneira.gal\/index.php\/2021\/12\/15\/o-bng-denuncia-o-ataque-a-sua-sede\/#primaryimage","url":"https:\/\/www.anovapeneira.gal\/wp-content\/uploads\/2021\/12\/veiguina_marin_Bng.jpg","contentUrl":"https:\/\/www.anovapeneira.gal\/wp-content\/uploads\/2021\/12\/veiguina_marin_Bng.jpg","width":720,"height":432,"caption":"O BNG denuncia o ataque a s\u00faa sede"},{"@type":"BreadcrumbList","@id":"https:\/\/www.anovapeneira.gal\/index.php\/2021\/12\/15\/o-bng-denuncia-o-ataque-a-sua-sede\/#breadcrumb","itemListElement":[{"@type":"ListItem","position":1,"name":"Portada","item":"https:\/\/www.anovapeneira.gal\/"},{"@type":"ListItem","position":2,"name":"O BNG denuncia o ataque a s\u00faa sede"}]},{"@type":"WebSite","@id":"https:\/\/www.anovapeneira.gal\/#website","url":"https:\/\/www.anovapeneira.gal\/","name":"","description":"Xornal galego de informaci\u00f3n xeral Publicaci\u00f3n mensual de novas de Galicia e en especial dos Concellos da sur da provincia de Pontevedra.","publisher":{"@id":"https:\/\/www.anovapeneira.gal\/#organization"},"potentialAction":[{"@type":"SearchAction","target":{"@type":"EntryPoint","urlTemplate":"https:\/\/www.anovapeneira.gal\/?s={search_term_string}"},"query-input":{"@type":"PropertyValueSpecification","valueRequired":true,"valueName":"search_term_string"}}],"inLanguage":"gl-ES"},{"@type":"Organization","@id":"https:\/\/www.anovapeneira.gal\/#organization","name":"A Nova Peneira","url":"https:\/\/www.anovapeneira.gal\/","logo":{"@type":"ImageObject","inLanguage":"gl-ES","@id":"https:\/\/www.anovapeneira.gal\/#\/schema\/logo\/image\/","url":"http:\/\/www.anovapeneira.gal\/wp-content\/uploads\/2019\/06\/logo_a_nova_peneira_portal_web.png","contentUrl":"http:\/\/www.anovapeneira.gal\/wp-content\/uploads\/2019\/06\/logo_a_nova_peneira_portal_web.png","width":300,"height":100,"caption":"A Nova Peneira"},"image":{"@id":"https:\/\/www.anovapeneira.gal\/#\/schema\/logo\/image\/"},"sameAs":["https:\/\/www.facebook.com\/anovapeneira","https:\/\/x.com\/APeneira"]},{"@type":"Person","@id":"https:\/\/www.anovapeneira.gal\/#\/schema\/person\/b93e3f8932e3f8da96334607eb6ac6aa","name":"Redacci\u00f3n A Nova Peneira","image":{"@type":"ImageObject","inLanguage":"gl-ES","@id":"https:\/\/secure.gravatar.com\/avatar\/c052a2551a06e23fac63626232eaa90abd78dbcf1700fc46a2b2c89fd27b735f?s=96&d=mm&r=g","url":"https:\/\/secure.gravatar.com\/avatar\/c052a2551a06e23fac63626232eaa90abd78dbcf1700fc46a2b2c89fd27b735f?s=96&d=mm&r=g","contentUrl":"https:\/\/secure.gravatar.com\/avatar\/c052a2551a06e23fac63626232eaa90abd78dbcf1700fc46a2b2c89fd27b735f?s=96&d=mm&r=g","caption":"Redacci\u00f3n A Nova Peneira"},"sameAs":["http:\/\/www.anovapeneira.gal\/"],"url":"https:\/\/www.anovapeneira.gal\/index.php\/author\/redactor\/"}]}},"jetpack_featured_media_url":"https:\/\/www.anovapeneira.gal\/wp-content\/uploads\/2021\/12\/veiguina_marin_Bng.jpg","_links":{"self":[{"href":"https:\/\/www.anovapeneira.gal\/index.php\/wp-json\/wp\/v2\/posts\/6580","targetHints":{"allow":["GET"]}}],"collection":[{"href":"https:\/\/www.anovapeneira.gal\/index.php\/wp-json\/wp\/v2\/posts"}],"about":[{"href":"https:\/\/www.anovapeneira.gal\/index.php\/wp-json\/wp\/v2\/types\/post"}],"author":[{"embeddable":true,"href":"https:\/\/www.anovapeneira.gal\/index.php\/wp-json\/wp\/v2\/users\/3"}],"replies":[{"embeddable":true,"href":"https:\/\/www.anovapeneira.gal\/index.php\/wp-json\/wp\/v2\/comments?post=6580"}],"version-history":[{"count":1,"href":"https:\/\/www.anovapeneira.gal\/index.php\/wp-json\/wp\/v2\/posts\/6580\/revisions"}],"predecessor-version":[{"id":6582,"href":"https:\/\/www.anovapeneira.gal\/index.php\/wp-json\/wp\/v2\/posts\/6580\/revisions\/6582"}],"wp:featuredmedia":[{"embeddable":true,"href":"https:\/\/www.anovapeneira.gal\/index.php\/wp-json\/wp\/v2\/media\/6581"}],"wp:attachment":[{"href":"https:\/\/www.anovapeneira.gal\/index.php\/wp-json\/wp\/v2\/media?parent=6580"}],"wp:term":[{"taxonomy":"category","embeddable":true,"href":"https:\/\/www.anovapeneira.gal\/index.php\/wp-json\/wp\/v2\/categories?post=6580"},{"taxonomy":"post_tag","embeddable":true,"href":"https:\/\/www.anovapeneira.gal\/index.php\/wp-json\/wp\/v2\/tags?post=6580"}],"curies":[{"name":"wp","href":"https:\/\/api.w.org\/{rel}","templated":true}]}}