{"id":6586,"date":"2021-12-14T12:00:54","date_gmt":"2021-12-14T11:00:54","guid":{"rendered":"https:\/\/www.anovapeneira.gal\/?p=6586"},"modified":"2021-12-12T20:54:33","modified_gmt":"2021-12-12T19:54:33","slug":"continuan-as-protestas-semanais-para-esixir-a-readmision-do-delegado-da-cig-no-comite-de-barreras","status":"publish","type":"post","link":"https:\/\/www.anovapeneira.gal\/index.php\/2021\/12\/14\/continuan-as-protestas-semanais-para-esixir-a-readmision-do-delegado-da-cig-no-comite-de-barreras\/","title":{"rendered":"Contin\u00faan as protestas semanais para esixir a readmisi\u00f3n do delegado da CIG no comit\u00e9 de Barreras"},"content":{"rendered":"\n<h2 class=\"wp-block-heading\">Un grupo de traballadores\/as desenvolveu hoxe unha nova concentraci\u00f3n diante do estaleiro vigu\u00e9s<\/h2>\n\n\n\n<p><strong>Vigo, 9 de decembro de 2021<\/strong><\/p>\n\n\n\n<p>Esta ma\u00f1\u00e1 continuaron as protestas que cada xoves desenvolve o persoal de Barreras diante das instalaci\u00f3ns do estaleiro vigu\u00e9s para reclamar unha soluci\u00f3n \u00e1 grave crise que atravesa a empresa, demandar carga da traballo que garanta s\u00faa continuidade e esixir a readmisi\u00f3n do delegado da CIG nocomit\u00e9, Rafa P\u00e9rez.<\/p>\n\n\n\n<p>Est\u00e1 previsto que as concentraci\u00f3ns se celebren de xeito indefinido cada semana at\u00e9 que o representante sindical volva ao seu posto de traballo. A CIG cualificou no seu momento de \u201cmafiosa\u201d a forma de actuar da direcci\u00f3n en todo o que tivo que ver cun despido que se produciu despois dunha ocupaci\u00f3n simb\u00f3lica das instalaci\u00f3ns de Barreras por parte da central para reclamar a intervenci\u00f3n p\u00fablica do estaleiro.<\/p>\n\n\n\n<p>Porque a CIG aposta por reverter a privatizaci\u00f3n da compa\u00f1\u00eda levada a cabo polo Goberno espa\u00f1ol deAznar nos anos 90, o que permitir\u00eda contar cun estaleiro p\u00fablico ou semip\u00fablico na r\u00eda de Vigo.<\/p>\n\n\n\n<p>En canto ao despedimento de P\u00e9rez, a central sindical cualifica de \u201cmafiosa\u201d a forma de actuar da direcci\u00f3n en todo o que tivo que ver coa s\u00faa sa\u00edda da empresa, que se produciu despois dunha ocupaci\u00f3n simb\u00f3lica das instalaci\u00f3ns de Barreras por parte da CIG para reclamar precisamente unha intervenci\u00f3n p\u00fablica do estaleiro ante a grave crise que atravesa.<\/p>\n\n\n\n<p>O propio secretario xeral da CIG, Paulo Carril, denunciara publicamente o despido \u201cinxusto, violento e mafioso\u201d do compa\u00f1eiro, nun intento da direcci\u00f3n de Barreras de \u201catemorizarnos e amedrentarnos na loita que levamos na defensa do sector naval no seu conxunto e en particular nesta empresa\u201d.<\/p>\n\n\n\n<p>Por iso lanzoulle unha mensaxe aos respons\u00e1beis do estaleiro: \u201cQue non pensen que con este despedimento van amedrentar os traballadores\/as do estaleiro ou van intimidar a CIG; non temos medo, por iso imos continuar coas mobilizaci\u00f3ns para esixir a readmisi\u00f3n do compa\u00f1eiro e demandar soluci\u00f3ns que garantan o futuro do sector\u201d.<\/p>\n\n\n\n<p>Nulidade do despido<\/p>\n\n\n\n<p>Pola s\u00faa banda, o secretario comarcal da CIG-Vigo, Alberto Gon\u00e7alves, fixo fincap\u00e9 no que feito de que co despido de P\u00e9rez \u201cpensaban que atacaban a parte m\u00e1is d\u00e9bil e que iamos achantar, pero equivoc\u00e1ronse; imos seguir at\u00e9 rematar con esta situaci\u00f3n inxusta, at\u00e9 lograr a s\u00faa readmisi\u00f3n, porqueRafa somos todos e todas\u201d.<\/p>\n\n\n\n<p>Neste tempo a central desenvolveu numerosas protestas en apoio do compa\u00f1eiro, incluso durante o pasado mes de agosto, coincidindo co acto de conciliaci\u00f3n no SMAC, que rematou sen acordo porqueBarreras non aceptou a s\u00faa readmisi\u00f3n. En consecuencia, o xu\u00edzo no que a CIG reclamar\u00e1 a nulidade dun despido \u201cinxusto e arbitrario\u201d ter\u00e1 lugar no mes de xaneiro.<\/p>\n","protected":false},"excerpt":{"rendered":"<div class=\"mh-excerpt\"><p>Esta ma\u00f1\u00e1 continuaron as protestas que cada xoves desenvolve o persoal de Barreras diante das instalaci\u00f3ns do estaleiro vigu\u00e9s para reclamar unha soluci\u00f3n \u00e1 grave crise que atravesa a empresa, demandar carga da traballo que garanta s\u00faa continuidade e esixir a readmisi\u00f3n do delegado da CIG nocomit\u00e9, Rafa P\u00e9rez. <a class=\"mh-excerpt-more\" href=\"https:\/\/www.anovapeneira.gal\/index.php\/2021\/12\/14\/continuan-as-protestas-semanais-para-esixir-a-readmision-do-delegado-da-cig-no-comite-de-barreras\/\" title=\"Contin\u00faan as protestas semanais para esixir a readmisi\u00f3n do delegado da CIG no comit\u00e9 de Barreras\">[&#8230;]<\/a><\/p>\n<\/div>","protected":false},"author":3,"featured_media":6587,"comment_status":"open","ping_status":"open","sticky":false,"template":"","format":"standard","meta":{"_exactmetrics_skip_tracking":false,"_exactmetrics_sitenote_active":false,"_exactmetrics_sitenote_note":"","_exactmetrics_sitenote_category":0,"footnotes":""},"categories":[19],"tags":[227],"class_list":{"0":"post-6586","1":"post","2":"type-post","3":"status-publish","4":"format-standard","5":"has-post-thumbnail","7":"category-vigo","8":"tag-concello-de-vigo"},"yoast_head":"<!-- This site is optimized with the Yoast SEO plugin v27.4 - https:\/\/yoast.com\/product\/yoast-seo-wordpress\/ -->\n<title>Contin\u00faan as protestas semanais para esixir a readmisi\u00f3n do delegado da CIG no comit\u00e9 de Barreras -<\/title>\n<meta name=\"description\" content=\"Esta ma\u00f1\u00e1 continuaron as protestas que cada xoves desenvolve o persoal de Barreras diante das instalaci\u00f3ns do estaleiro vigu\u00e9s para reclamar unha soluci\u00f3n \u00e1 grave crise que atravesa a empresa, demandar carga da traballo que garanta s\u00faa continuidade e esixir a readmisi\u00f3n do delegado da CIG nocomit\u00e9, Rafa P\u00e9rez.\" \/>\n<meta name=\"robots\" content=\"index, follow, max-snippet:-1, max-image-preview:large, max-video-preview:-1\" \/>\n<link rel=\"canonical\" href=\"https:\/\/www.anovapeneira.gal\/index.php\/2021\/12\/14\/continuan-as-protestas-semanais-para-esixir-a-readmision-do-delegado-da-cig-no-comite-de-barreras\/\" \/>\n<meta property=\"og:locale\" content=\"gl_ES\" \/>\n<meta property=\"og:type\" content=\"article\" \/>\n<meta property=\"og:title\" content=\"Contin\u00faan as protestas semanais para esixir a readmisi\u00f3n do delegado da CIG no comit\u00e9 de Barreras -\" \/>\n<meta property=\"og:description\" content=\"Esta ma\u00f1\u00e1 continuaron as protestas que cada xoves desenvolve o persoal de Barreras diante das instalaci\u00f3ns do estaleiro vigu\u00e9s para reclamar unha soluci\u00f3n \u00e1 grave crise que atravesa a empresa, demandar carga da traballo que garanta s\u00faa continuidade e esixir a readmisi\u00f3n do delegado da CIG nocomit\u00e9, Rafa P\u00e9rez.\" \/>\n<meta property=\"og:url\" content=\"https:\/\/www.anovapeneira.gal\/index.php\/2021\/12\/14\/continuan-as-protestas-semanais-para-esixir-a-readmision-do-delegado-da-cig-no-comite-de-barreras\/\" \/>\n<meta property=\"article:publisher\" content=\"https:\/\/www.facebook.com\/anovapeneira\" \/>\n<meta property=\"article:published_time\" content=\"2021-12-14T11:00:54+00:00\" \/>\n<meta property=\"og:image\" content=\"https:\/\/www.anovapeneira.gal\/wp-content\/uploads\/2021\/12\/21-12-09_Protesta_Despido_Barreras_04.jpg\" \/>\n\t<meta property=\"og:image:width\" content=\"720\" \/>\n\t<meta property=\"og:image:height\" content=\"432\" \/>\n\t<meta property=\"og:image:type\" content=\"image\/jpeg\" \/>\n<meta name=\"author\" content=\"Redacci\u00f3n A Nova Peneira\" \/>\n<meta name=\"twitter:card\" content=\"summary_large_image\" \/>\n<meta name=\"twitter:creator\" content=\"@APeneira\" \/>\n<meta name=\"twitter:site\" content=\"@APeneira\" \/>\n<meta name=\"twitter:label1\" content=\"Escrito por\" \/>\n\t<meta name=\"twitter:data1\" content=\"Redacci\u00f3n A Nova Peneira\" \/>\n\t<meta name=\"twitter:label2\" content=\"Tempo de lectura\" \/>\n\t<meta name=\"twitter:data2\" content=\"2 minutos\" \/>\n<script type=\"application\/ld+json\" class=\"yoast-schema-graph\">{\"@context\":\"https:\\\/\\\/schema.org\",\"@graph\":[{\"@type\":\"Article\",\"@id\":\"https:\\\/\\\/www.anovapeneira.gal\\\/index.php\\\/2021\\\/12\\\/14\\\/continuan-as-protestas-semanais-para-esixir-a-readmision-do-delegado-da-cig-no-comite-de-barreras\\\/#article\",\"isPartOf\":{\"@id\":\"https:\\\/\\\/www.anovapeneira.gal\\\/index.php\\\/2021\\\/12\\\/14\\\/continuan-as-protestas-semanais-para-esixir-a-readmision-do-delegado-da-cig-no-comite-de-barreras\\\/\"},\"author\":{\"name\":\"Redacci\u00f3n A Nova Peneira\",\"@id\":\"https:\\\/\\\/www.anovapeneira.gal\\\/#\\\/schema\\\/person\\\/b93e3f8932e3f8da96334607eb6ac6aa\"},\"headline\":\"Contin\u00faan as protestas semanais para esixir a readmisi\u00f3n do delegado da CIG no comit\u00e9 de Barreras\",\"datePublished\":\"2021-12-14T11:00:54+00:00\",\"mainEntityOfPage\":{\"@id\":\"https:\\\/\\\/www.anovapeneira.gal\\\/index.php\\\/2021\\\/12\\\/14\\\/continuan-as-protestas-semanais-para-esixir-a-readmision-do-delegado-da-cig-no-comite-de-barreras\\\/\"},\"wordCount\":504,\"commentCount\":0,\"publisher\":{\"@id\":\"https:\\\/\\\/www.anovapeneira.gal\\\/#organization\"},\"image\":{\"@id\":\"https:\\\/\\\/www.anovapeneira.gal\\\/index.php\\\/2021\\\/12\\\/14\\\/continuan-as-protestas-semanais-para-esixir-a-readmision-do-delegado-da-cig-no-comite-de-barreras\\\/#primaryimage\"},\"thumbnailUrl\":\"https:\\\/\\\/www.anovapeneira.gal\\\/wp-content\\\/uploads\\\/2021\\\/12\\\/21-12-09_Protesta_Despido_Barreras_04.jpg\",\"keywords\":[\"Concello de Vigo\"],\"articleSection\":[\"Vigo\"],\"inLanguage\":\"gl-ES\",\"potentialAction\":[{\"@type\":\"CommentAction\",\"name\":\"Comment\",\"target\":[\"https:\\\/\\\/www.anovapeneira.gal\\\/index.php\\\/2021\\\/12\\\/14\\\/continuan-as-protestas-semanais-para-esixir-a-readmision-do-delegado-da-cig-no-comite-de-barreras\\\/#respond\"]}]},{\"@type\":\"WebPage\",\"@id\":\"https:\\\/\\\/www.anovapeneira.gal\\\/index.php\\\/2021\\\/12\\\/14\\\/continuan-as-protestas-semanais-para-esixir-a-readmision-do-delegado-da-cig-no-comite-de-barreras\\\/\",\"url\":\"https:\\\/\\\/www.anovapeneira.gal\\\/index.php\\\/2021\\\/12\\\/14\\\/continuan-as-protestas-semanais-para-esixir-a-readmision-do-delegado-da-cig-no-comite-de-barreras\\\/\",\"name\":\"Contin\u00faan as protestas semanais para esixir a readmisi\u00f3n do delegado da CIG no comit\u00e9 de Barreras -\",\"isPartOf\":{\"@id\":\"https:\\\/\\\/www.anovapeneira.gal\\\/#website\"},\"primaryImageOfPage\":{\"@id\":\"https:\\\/\\\/www.anovapeneira.gal\\\/index.php\\\/2021\\\/12\\\/14\\\/continuan-as-protestas-semanais-para-esixir-a-readmision-do-delegado-da-cig-no-comite-de-barreras\\\/#primaryimage\"},\"image\":{\"@id\":\"https:\\\/\\\/www.anovapeneira.gal\\\/index.php\\\/2021\\\/12\\\/14\\\/continuan-as-protestas-semanais-para-esixir-a-readmision-do-delegado-da-cig-no-comite-de-barreras\\\/#primaryimage\"},\"thumbnailUrl\":\"https:\\\/\\\/www.anovapeneira.gal\\\/wp-content\\\/uploads\\\/2021\\\/12\\\/21-12-09_Protesta_Despido_Barreras_04.jpg\",\"datePublished\":\"2021-12-14T11:00:54+00:00\",\"description\":\"Esta ma\u00f1\u00e1 continuaron as protestas que cada xoves desenvolve o persoal de Barreras diante das instalaci\u00f3ns do estaleiro vigu\u00e9s para reclamar unha soluci\u00f3n \u00e1 grave crise que atravesa a empresa, demandar carga da traballo que garanta s\u00faa continuidade e esixir a readmisi\u00f3n do delegado da CIG nocomit\u00e9, Rafa P\u00e9rez.\",\"breadcrumb\":{\"@id\":\"https:\\\/\\\/www.anovapeneira.gal\\\/index.php\\\/2021\\\/12\\\/14\\\/continuan-as-protestas-semanais-para-esixir-a-readmision-do-delegado-da-cig-no-comite-de-barreras\\\/#breadcrumb\"},\"inLanguage\":\"gl-ES\",\"potentialAction\":[{\"@type\":\"ReadAction\",\"target\":[\"https:\\\/\\\/www.anovapeneira.gal\\\/index.php\\\/2021\\\/12\\\/14\\\/continuan-as-protestas-semanais-para-esixir-a-readmision-do-delegado-da-cig-no-comite-de-barreras\\\/\"]}]},{\"@type\":\"ImageObject\",\"inLanguage\":\"gl-ES\",\"@id\":\"https:\\\/\\\/www.anovapeneira.gal\\\/index.php\\\/2021\\\/12\\\/14\\\/continuan-as-protestas-semanais-para-esixir-a-readmision-do-delegado-da-cig-no-comite-de-barreras\\\/#primaryimage\",\"url\":\"https:\\\/\\\/www.anovapeneira.gal\\\/wp-content\\\/uploads\\\/2021\\\/12\\\/21-12-09_Protesta_Despido_Barreras_04.jpg\",\"contentUrl\":\"https:\\\/\\\/www.anovapeneira.gal\\\/wp-content\\\/uploads\\\/2021\\\/12\\\/21-12-09_Protesta_Despido_Barreras_04.jpg\",\"width\":720,\"height\":432,\"caption\":\"Protesta Despido Barreras\"},{\"@type\":\"BreadcrumbList\",\"@id\":\"https:\\\/\\\/www.anovapeneira.gal\\\/index.php\\\/2021\\\/12\\\/14\\\/continuan-as-protestas-semanais-para-esixir-a-readmision-do-delegado-da-cig-no-comite-de-barreras\\\/#breadcrumb\",\"itemListElement\":[{\"@type\":\"ListItem\",\"position\":1,\"name\":\"Portada\",\"item\":\"https:\\\/\\\/www.anovapeneira.gal\\\/\"},{\"@type\":\"ListItem\",\"position\":2,\"name\":\"Contin\u00faan as protestas semanais para esixir a readmisi\u00f3n do delegado da CIG no comit\u00e9 de Barreras\"}]},{\"@type\":\"WebSite\",\"@id\":\"https:\\\/\\\/www.anovapeneira.gal\\\/#website\",\"url\":\"https:\\\/\\\/www.anovapeneira.gal\\\/\",\"name\":\"\",\"description\":\"Xornal galego de informaci\u00f3n xeral Publicaci\u00f3n mensual de novas de Galicia e en especial dos Concellos da sur da provincia de Pontevedra.\",\"publisher\":{\"@id\":\"https:\\\/\\\/www.anovapeneira.gal\\\/#organization\"},\"potentialAction\":[{\"@type\":\"SearchAction\",\"target\":{\"@type\":\"EntryPoint\",\"urlTemplate\":\"https:\\\/\\\/www.anovapeneira.gal\\\/?s={search_term_string}\"},\"query-input\":{\"@type\":\"PropertyValueSpecification\",\"valueRequired\":true,\"valueName\":\"search_term_string\"}}],\"inLanguage\":\"gl-ES\"},{\"@type\":\"Organization\",\"@id\":\"https:\\\/\\\/www.anovapeneira.gal\\\/#organization\",\"name\":\"A Nova Peneira\",\"url\":\"https:\\\/\\\/www.anovapeneira.gal\\\/\",\"logo\":{\"@type\":\"ImageObject\",\"inLanguage\":\"gl-ES\",\"@id\":\"https:\\\/\\\/www.anovapeneira.gal\\\/#\\\/schema\\\/logo\\\/image\\\/\",\"url\":\"http:\\\/\\\/www.anovapeneira.gal\\\/wp-content\\\/uploads\\\/2019\\\/06\\\/logo_a_nova_peneira_portal_web.png\",\"contentUrl\":\"http:\\\/\\\/www.anovapeneira.gal\\\/wp-content\\\/uploads\\\/2019\\\/06\\\/logo_a_nova_peneira_portal_web.png\",\"width\":300,\"height\":100,\"caption\":\"A Nova Peneira\"},\"image\":{\"@id\":\"https:\\\/\\\/www.anovapeneira.gal\\\/#\\\/schema\\\/logo\\\/image\\\/\"},\"sameAs\":[\"https:\\\/\\\/www.facebook.com\\\/anovapeneira\",\"https:\\\/\\\/x.com\\\/APeneira\"]},{\"@type\":\"Person\",\"@id\":\"https:\\\/\\\/www.anovapeneira.gal\\\/#\\\/schema\\\/person\\\/b93e3f8932e3f8da96334607eb6ac6aa\",\"name\":\"Redacci\u00f3n A Nova Peneira\",\"image\":{\"@type\":\"ImageObject\",\"inLanguage\":\"gl-ES\",\"@id\":\"https:\\\/\\\/secure.gravatar.com\\\/avatar\\\/c052a2551a06e23fac63626232eaa90abd78dbcf1700fc46a2b2c89fd27b735f?s=96&d=mm&r=g\",\"url\":\"https:\\\/\\\/secure.gravatar.com\\\/avatar\\\/c052a2551a06e23fac63626232eaa90abd78dbcf1700fc46a2b2c89fd27b735f?s=96&d=mm&r=g\",\"contentUrl\":\"https:\\\/\\\/secure.gravatar.com\\\/avatar\\\/c052a2551a06e23fac63626232eaa90abd78dbcf1700fc46a2b2c89fd27b735f?s=96&d=mm&r=g\",\"caption\":\"Redacci\u00f3n A Nova Peneira\"},\"sameAs\":[\"http:\\\/\\\/www.anovapeneira.gal\\\/\"],\"url\":\"https:\\\/\\\/www.anovapeneira.gal\\\/index.php\\\/author\\\/redactor\\\/\"}]}<\/script>\n<!-- \/ Yoast SEO plugin. -->","yoast_head_json":{"title":"Contin\u00faan as protestas semanais para esixir a readmisi\u00f3n do delegado da CIG no comit\u00e9 de Barreras -","description":"Esta ma\u00f1\u00e1 continuaron as protestas que cada xoves desenvolve o persoal de Barreras diante das instalaci\u00f3ns do estaleiro vigu\u00e9s para reclamar unha soluci\u00f3n \u00e1 grave crise que atravesa a empresa, demandar carga da traballo que garanta s\u00faa continuidade e esixir a readmisi\u00f3n do delegado da CIG nocomit\u00e9, Rafa P\u00e9rez.","robots":{"index":"index","follow":"follow","max-snippet":"max-snippet:-1","max-image-preview":"max-image-preview:large","max-video-preview":"max-video-preview:-1"},"canonical":"https:\/\/www.anovapeneira.gal\/index.php\/2021\/12\/14\/continuan-as-protestas-semanais-para-esixir-a-readmision-do-delegado-da-cig-no-comite-de-barreras\/","og_locale":"gl_ES","og_type":"article","og_title":"Contin\u00faan as protestas semanais para esixir a readmisi\u00f3n do delegado da CIG no comit\u00e9 de Barreras -","og_description":"Esta ma\u00f1\u00e1 continuaron as protestas que cada xoves desenvolve o persoal de Barreras diante das instalaci\u00f3ns do estaleiro vigu\u00e9s para reclamar unha soluci\u00f3n \u00e1 grave crise que atravesa a empresa, demandar carga da traballo que garanta s\u00faa continuidade e esixir a readmisi\u00f3n do delegado da CIG nocomit\u00e9, Rafa P\u00e9rez.","og_url":"https:\/\/www.anovapeneira.gal\/index.php\/2021\/12\/14\/continuan-as-protestas-semanais-para-esixir-a-readmision-do-delegado-da-cig-no-comite-de-barreras\/","article_publisher":"https:\/\/www.facebook.com\/anovapeneira","article_published_time":"2021-12-14T11:00:54+00:00","og_image":[{"width":720,"height":432,"url":"https:\/\/www.anovapeneira.gal\/wp-content\/uploads\/2021\/12\/21-12-09_Protesta_Despido_Barreras_04.jpg","type":"image\/jpeg"}],"author":"Redacci\u00f3n A Nova Peneira","twitter_card":"summary_large_image","twitter_creator":"@APeneira","twitter_site":"@APeneira","twitter_misc":{"Escrito por":"Redacci\u00f3n A Nova Peneira","Tempo de lectura":"2 minutos"},"schema":{"@context":"https:\/\/schema.org","@graph":[{"@type":"Article","@id":"https:\/\/www.anovapeneira.gal\/index.php\/2021\/12\/14\/continuan-as-protestas-semanais-para-esixir-a-readmision-do-delegado-da-cig-no-comite-de-barreras\/#article","isPartOf":{"@id":"https:\/\/www.anovapeneira.gal\/index.php\/2021\/12\/14\/continuan-as-protestas-semanais-para-esixir-a-readmision-do-delegado-da-cig-no-comite-de-barreras\/"},"author":{"name":"Redacci\u00f3n A Nova Peneira","@id":"https:\/\/www.anovapeneira.gal\/#\/schema\/person\/b93e3f8932e3f8da96334607eb6ac6aa"},"headline":"Contin\u00faan as protestas semanais para esixir a readmisi\u00f3n do delegado da CIG no comit\u00e9 de Barreras","datePublished":"2021-12-14T11:00:54+00:00","mainEntityOfPage":{"@id":"https:\/\/www.anovapeneira.gal\/index.php\/2021\/12\/14\/continuan-as-protestas-semanais-para-esixir-a-readmision-do-delegado-da-cig-no-comite-de-barreras\/"},"wordCount":504,"commentCount":0,"publisher":{"@id":"https:\/\/www.anovapeneira.gal\/#organization"},"image":{"@id":"https:\/\/www.anovapeneira.gal\/index.php\/2021\/12\/14\/continuan-as-protestas-semanais-para-esixir-a-readmision-do-delegado-da-cig-no-comite-de-barreras\/#primaryimage"},"thumbnailUrl":"https:\/\/www.anovapeneira.gal\/wp-content\/uploads\/2021\/12\/21-12-09_Protesta_Despido_Barreras_04.jpg","keywords":["Concello de Vigo"],"articleSection":["Vigo"],"inLanguage":"gl-ES","potentialAction":[{"@type":"CommentAction","name":"Comment","target":["https:\/\/www.anovapeneira.gal\/index.php\/2021\/12\/14\/continuan-as-protestas-semanais-para-esixir-a-readmision-do-delegado-da-cig-no-comite-de-barreras\/#respond"]}]},{"@type":"WebPage","@id":"https:\/\/www.anovapeneira.gal\/index.php\/2021\/12\/14\/continuan-as-protestas-semanais-para-esixir-a-readmision-do-delegado-da-cig-no-comite-de-barreras\/","url":"https:\/\/www.anovapeneira.gal\/index.php\/2021\/12\/14\/continuan-as-protestas-semanais-para-esixir-a-readmision-do-delegado-da-cig-no-comite-de-barreras\/","name":"Contin\u00faan as protestas semanais para esixir a readmisi\u00f3n do delegado da CIG no comit\u00e9 de Barreras -","isPartOf":{"@id":"https:\/\/www.anovapeneira.gal\/#website"},"primaryImageOfPage":{"@id":"https:\/\/www.anovapeneira.gal\/index.php\/2021\/12\/14\/continuan-as-protestas-semanais-para-esixir-a-readmision-do-delegado-da-cig-no-comite-de-barreras\/#primaryimage"},"image":{"@id":"https:\/\/www.anovapeneira.gal\/index.php\/2021\/12\/14\/continuan-as-protestas-semanais-para-esixir-a-readmision-do-delegado-da-cig-no-comite-de-barreras\/#primaryimage"},"thumbnailUrl":"https:\/\/www.anovapeneira.gal\/wp-content\/uploads\/2021\/12\/21-12-09_Protesta_Despido_Barreras_04.jpg","datePublished":"2021-12-14T11:00:54+00:00","description":"Esta ma\u00f1\u00e1 continuaron as protestas que cada xoves desenvolve o persoal de Barreras diante das instalaci\u00f3ns do estaleiro vigu\u00e9s para reclamar unha soluci\u00f3n \u00e1 grave crise que atravesa a empresa, demandar carga da traballo que garanta s\u00faa continuidade e esixir a readmisi\u00f3n do delegado da CIG nocomit\u00e9, Rafa P\u00e9rez.","breadcrumb":{"@id":"https:\/\/www.anovapeneira.gal\/index.php\/2021\/12\/14\/continuan-as-protestas-semanais-para-esixir-a-readmision-do-delegado-da-cig-no-comite-de-barreras\/#breadcrumb"},"inLanguage":"gl-ES","potentialAction":[{"@type":"ReadAction","target":["https:\/\/www.anovapeneira.gal\/index.php\/2021\/12\/14\/continuan-as-protestas-semanais-para-esixir-a-readmision-do-delegado-da-cig-no-comite-de-barreras\/"]}]},{"@type":"ImageObject","inLanguage":"gl-ES","@id":"https:\/\/www.anovapeneira.gal\/index.php\/2021\/12\/14\/continuan-as-protestas-semanais-para-esixir-a-readmision-do-delegado-da-cig-no-comite-de-barreras\/#primaryimage","url":"https:\/\/www.anovapeneira.gal\/wp-content\/uploads\/2021\/12\/21-12-09_Protesta_Despido_Barreras_04.jpg","contentUrl":"https:\/\/www.anovapeneira.gal\/wp-content\/uploads\/2021\/12\/21-12-09_Protesta_Despido_Barreras_04.jpg","width":720,"height":432,"caption":"Protesta Despido Barreras"},{"@type":"BreadcrumbList","@id":"https:\/\/www.anovapeneira.gal\/index.php\/2021\/12\/14\/continuan-as-protestas-semanais-para-esixir-a-readmision-do-delegado-da-cig-no-comite-de-barreras\/#breadcrumb","itemListElement":[{"@type":"ListItem","position":1,"name":"Portada","item":"https:\/\/www.anovapeneira.gal\/"},{"@type":"ListItem","position":2,"name":"Contin\u00faan as protestas semanais para esixir a readmisi\u00f3n do delegado da CIG no comit\u00e9 de Barreras"}]},{"@type":"WebSite","@id":"https:\/\/www.anovapeneira.gal\/#website","url":"https:\/\/www.anovapeneira.gal\/","name":"","description":"Xornal galego de informaci\u00f3n xeral Publicaci\u00f3n mensual de novas de Galicia e en especial dos Concellos da sur da provincia de Pontevedra.","publisher":{"@id":"https:\/\/www.anovapeneira.gal\/#organization"},"potentialAction":[{"@type":"SearchAction","target":{"@type":"EntryPoint","urlTemplate":"https:\/\/www.anovapeneira.gal\/?s={search_term_string}"},"query-input":{"@type":"PropertyValueSpecification","valueRequired":true,"valueName":"search_term_string"}}],"inLanguage":"gl-ES"},{"@type":"Organization","@id":"https:\/\/www.anovapeneira.gal\/#organization","name":"A Nova Peneira","url":"https:\/\/www.anovapeneira.gal\/","logo":{"@type":"ImageObject","inLanguage":"gl-ES","@id":"https:\/\/www.anovapeneira.gal\/#\/schema\/logo\/image\/","url":"http:\/\/www.anovapeneira.gal\/wp-content\/uploads\/2019\/06\/logo_a_nova_peneira_portal_web.png","contentUrl":"http:\/\/www.anovapeneira.gal\/wp-content\/uploads\/2019\/06\/logo_a_nova_peneira_portal_web.png","width":300,"height":100,"caption":"A Nova Peneira"},"image":{"@id":"https:\/\/www.anovapeneira.gal\/#\/schema\/logo\/image\/"},"sameAs":["https:\/\/www.facebook.com\/anovapeneira","https:\/\/x.com\/APeneira"]},{"@type":"Person","@id":"https:\/\/www.anovapeneira.gal\/#\/schema\/person\/b93e3f8932e3f8da96334607eb6ac6aa","name":"Redacci\u00f3n A Nova Peneira","image":{"@type":"ImageObject","inLanguage":"gl-ES","@id":"https:\/\/secure.gravatar.com\/avatar\/c052a2551a06e23fac63626232eaa90abd78dbcf1700fc46a2b2c89fd27b735f?s=96&d=mm&r=g","url":"https:\/\/secure.gravatar.com\/avatar\/c052a2551a06e23fac63626232eaa90abd78dbcf1700fc46a2b2c89fd27b735f?s=96&d=mm&r=g","contentUrl":"https:\/\/secure.gravatar.com\/avatar\/c052a2551a06e23fac63626232eaa90abd78dbcf1700fc46a2b2c89fd27b735f?s=96&d=mm&r=g","caption":"Redacci\u00f3n A Nova Peneira"},"sameAs":["http:\/\/www.anovapeneira.gal\/"],"url":"https:\/\/www.anovapeneira.gal\/index.php\/author\/redactor\/"}]}},"jetpack_featured_media_url":"https:\/\/www.anovapeneira.gal\/wp-content\/uploads\/2021\/12\/21-12-09_Protesta_Despido_Barreras_04.jpg","_links":{"self":[{"href":"https:\/\/www.anovapeneira.gal\/index.php\/wp-json\/wp\/v2\/posts\/6586","targetHints":{"allow":["GET"]}}],"collection":[{"href":"https:\/\/www.anovapeneira.gal\/index.php\/wp-json\/wp\/v2\/posts"}],"about":[{"href":"https:\/\/www.anovapeneira.gal\/index.php\/wp-json\/wp\/v2\/types\/post"}],"author":[{"embeddable":true,"href":"https:\/\/www.anovapeneira.gal\/index.php\/wp-json\/wp\/v2\/users\/3"}],"replies":[{"embeddable":true,"href":"https:\/\/www.anovapeneira.gal\/index.php\/wp-json\/wp\/v2\/comments?post=6586"}],"version-history":[{"count":1,"href":"https:\/\/www.anovapeneira.gal\/index.php\/wp-json\/wp\/v2\/posts\/6586\/revisions"}],"predecessor-version":[{"id":6588,"href":"https:\/\/www.anovapeneira.gal\/index.php\/wp-json\/wp\/v2\/posts\/6586\/revisions\/6588"}],"wp:featuredmedia":[{"embeddable":true,"href":"https:\/\/www.anovapeneira.gal\/index.php\/wp-json\/wp\/v2\/media\/6587"}],"wp:attachment":[{"href":"https:\/\/www.anovapeneira.gal\/index.php\/wp-json\/wp\/v2\/media?parent=6586"}],"wp:term":[{"taxonomy":"category","embeddable":true,"href":"https:\/\/www.anovapeneira.gal\/index.php\/wp-json\/wp\/v2\/categories?post=6586"},{"taxonomy":"post_tag","embeddable":true,"href":"https:\/\/www.anovapeneira.gal\/index.php\/wp-json\/wp\/v2\/tags?post=6586"}],"curies":[{"name":"wp","href":"https:\/\/api.w.org\/{rel}","templated":true}]}}