{"id":659,"date":"2019-07-23T21:13:40","date_gmt":"2019-07-23T19:13:40","guid":{"rendered":"http:\/\/www.anovapeneira.gal\/?p=659"},"modified":"2019-07-24T08:28:38","modified_gmt":"2019-07-24T06:28:38","slug":"o-certame-de-pintura-ao-aire-libre-antonio-fernandez-faise-transfronteirizo-coa-eurocidade","status":"publish","type":"post","link":"https:\/\/www.anovapeneira.gal\/index.php\/2019\/07\/23\/o-certame-de-pintura-ao-aire-libre-antonio-fernandez-faise-transfronteirizo-coa-eurocidade\/","title":{"rendered":"O Certame de pintura ao aire libre Antonio Fern\u00e1ndez faise transfronteirizo coa Eurocidade"},"content":{"rendered":"\n<h2 class=\"wp-block-heading\"><strong>Por\nprimeira vez todas as persoas participantes poder\u00e1n crear as s\u00faas\nobras nas d\u00faas beiras do r\u00edo Mi\u00f1o, en Tomi\u00f1o e Portugal <\/strong>\n<\/h2>\n\n\n\n<h2 class=\"wp-block-heading\"><strong>Cel\u00e9brase o 18 de agosto e conta coa colaboraci\u00f3n do Concello de Tomi\u00f1o, da Comunidade de Montes de Goi\u00e1n e da Funda\u00e7\u00e3o Bienal de Arte de Cerveira<\/strong><\/h2>\n\n\n\n<p><strong>Tomi\u00f1o, 17 de xullo de 2019<\/strong><\/p>\n\n\n\n<p>O\nCertame de pintura ao aire libre Antonio Fern\u00e1ndez cruza o r\u00edo Mi\u00f1o\nda man da Eurocidade. Por primeira vez, todas as persoas\nparticipantes poder\u00e1n crear as s\u00faas obras durante o certame nos\nespazos situados na contorna de Tomi\u00f1o e Cerveira e que ser\u00e1n\nestablecidos pola organizaci\u00f3n e comunicados aos participantes o\nmesmo d\u00eda do concurso. O certame chega \u00e1 s\u00faa s\u00e9tima edici\u00f3n o\nvindeiro 18 de agosto  e todas as persoas interesadas en participar\npoden facer xa a s\u00faa inscrici\u00f3n de balde a trav\u00e9s do seguinte\nenlace\n<a href=\"https:\/\/eurocidadecerveiratomino.eu\/formulario-vii-certame-de-pintura-ao-aire-libre-antonio-fernandez\/\">https:\/\/eurocidadecerveiratomino.eu\/formulario-vii-certame-de-pintura-ao-aire-libre-antonio-fernandez\/<\/a>\nou de forma presencial o mesmo d\u00eda do certame de 09.30 a 11.30 h\n(hora galega) na Aula Museo Antonio Fern\u00e1ndez de Goi\u00e1n.<\/p>\n\n\n\n<p>Como\ncada ano, este certame de pintura reunir\u00e1 a unha gran variedade de\nartistas e afeccionados \u00e1 pintura nas inmediaci\u00f3ns do R\u00edo Mi\u00f1o. O\ncertame comezar\u00e1 entre as 09.30 e as 11.30 h  na Aula Museo Antonio\nFern\u00e1ndez, onde a organizaci\u00f3n selar\u00e1 e numerar\u00e1 os soportes das\nobras e dar\u00e1 as directrices precisas a todas as persoas\nparticipantes.<\/p>\n\n\n\n<p>As\nobras deber\u00e1n realizarse en soporte r\u00edxido como lenzo, taboleiro&#8230;\nde 1 cm de espesor como m\u00ednimo, en branco, sen textura e sen ning\u00fan\ntipo de marco. As persoas participantes ter\u00e1n o d\u00eda dispo\u00f1ible\npara rematar as s\u00faas creaci\u00f3ns, que deber\u00e1n entregar sen asinar e\nxunto co cabalete ese mesmo d\u00eda entre as 17.00 e as 18.00h no Espazo\nFortaleza de Goi\u00e1n.<\/p>\n","protected":false},"excerpt":{"rendered":"<div class=\"mh-excerpt\"><p>\ufeffPor primeira vez todas as persoas participantes poder\u00e1n crear as s\u00faas obras nas d\u00faas beiras do r\u00edo Mi\u00f1o, en Tomi\u00f1o e Portugal <a class=\"mh-excerpt-more\" href=\"https:\/\/www.anovapeneira.gal\/index.php\/2019\/07\/23\/o-certame-de-pintura-ao-aire-libre-antonio-fernandez-faise-transfronteirizo-coa-eurocidade\/\" title=\"O Certame de pintura ao aire libre Antonio Fern\u00e1ndez faise transfronteirizo coa Eurocidade\">[&#8230;]<\/a><\/p>\n<\/div>","protected":false},"author":3,"featured_media":641,"comment_status":"open","ping_status":"open","sticky":false,"template":"","format":"standard","meta":{"_exactmetrics_skip_tracking":false,"_exactmetrics_sitenote_active":false,"_exactmetrics_sitenote_note":"","_exactmetrics_sitenote_category":0,"footnotes":""},"categories":[21],"tags":[293,81,33,292],"class_list":{"0":"post-659","1":"post","2":"type-post","3":"status-publish","4":"format-standard","5":"has-post-thumbnail","7":"category-baixo-mino","8":"tag-certame-de-pintura","9":"tag-concello-de-tomino","10":"tag-cultura","11":"tag-pintura"},"yoast_head":"<!-- This site is optimized with the Yoast SEO plugin v27.4 - https:\/\/yoast.com\/product\/yoast-seo-wordpress\/ -->\n<title>O Certame de pintura ao aire libre Antonio Fern\u00e1ndez faise transfronteirizo coa Eurocidade -<\/title>\n<meta name=\"robots\" content=\"index, follow, max-snippet:-1, max-image-preview:large, max-video-preview:-1\" \/>\n<link rel=\"canonical\" href=\"https:\/\/www.anovapeneira.gal\/index.php\/2019\/07\/23\/o-certame-de-pintura-ao-aire-libre-antonio-fernandez-faise-transfronteirizo-coa-eurocidade\/\" \/>\n<meta property=\"og:locale\" content=\"gl_ES\" \/>\n<meta property=\"og:type\" content=\"article\" \/>\n<meta property=\"og:title\" content=\"O Certame de pintura ao aire libre Antonio Fern\u00e1ndez faise transfronteirizo coa Eurocidade -\" \/>\n<meta property=\"og:description\" content=\"\ufeffPor primeira vez todas as persoas participantes poder\u00e1n crear as s\u00faas obras nas d\u00faas beiras do r\u00edo Mi\u00f1o, en Tomi\u00f1o e Portugal [...]\" \/>\n<meta property=\"og:url\" content=\"https:\/\/www.anovapeneira.gal\/index.php\/2019\/07\/23\/o-certame-de-pintura-ao-aire-libre-antonio-fernandez-faise-transfronteirizo-coa-eurocidade\/\" \/>\n<meta property=\"article:publisher\" content=\"https:\/\/www.facebook.com\/anovapeneira\" \/>\n<meta property=\"article:published_time\" content=\"2019-07-23T19:13:40+00:00\" \/>\n<meta property=\"article:modified_time\" content=\"2019-07-24T06:28:38+00:00\" \/>\n<meta property=\"og:image\" content=\"https:\/\/www.anovapeneira.gal\/wp-content\/uploads\/2019\/07\/certame_pintura_o_aire_libre.jpg\" \/>\n\t<meta property=\"og:image:width\" content=\"720\" \/>\n\t<meta property=\"og:image:height\" content=\"473\" \/>\n\t<meta property=\"og:image:type\" content=\"image\/jpeg\" \/>\n<meta name=\"author\" content=\"Redacci\u00f3n A Nova Peneira\" \/>\n<meta name=\"twitter:card\" content=\"summary_large_image\" \/>\n<meta name=\"twitter:creator\" content=\"@APeneira\" \/>\n<meta name=\"twitter:site\" content=\"@APeneira\" \/>\n<meta name=\"twitter:label1\" content=\"Escrito por\" \/>\n\t<meta name=\"twitter:data1\" content=\"Redacci\u00f3n A Nova Peneira\" \/>\n\t<meta name=\"twitter:label2\" content=\"Tempo de lectura\" \/>\n\t<meta name=\"twitter:data2\" content=\"2 minutos\" \/>\n<script type=\"application\/ld+json\" class=\"yoast-schema-graph\">{\"@context\":\"https:\\\/\\\/schema.org\",\"@graph\":[{\"@type\":\"Article\",\"@id\":\"https:\\\/\\\/www.anovapeneira.gal\\\/index.php\\\/2019\\\/07\\\/23\\\/o-certame-de-pintura-ao-aire-libre-antonio-fernandez-faise-transfronteirizo-coa-eurocidade\\\/#article\",\"isPartOf\":{\"@id\":\"https:\\\/\\\/www.anovapeneira.gal\\\/index.php\\\/2019\\\/07\\\/23\\\/o-certame-de-pintura-ao-aire-libre-antonio-fernandez-faise-transfronteirizo-coa-eurocidade\\\/\"},\"author\":{\"name\":\"Redacci\u00f3n A Nova Peneira\",\"@id\":\"https:\\\/\\\/www.anovapeneira.gal\\\/#\\\/schema\\\/person\\\/b93e3f8932e3f8da96334607eb6ac6aa\"},\"headline\":\"O Certame de pintura ao aire libre Antonio Fern\u00e1ndez faise transfronteirizo coa Eurocidade\",\"datePublished\":\"2019-07-23T19:13:40+00:00\",\"dateModified\":\"2019-07-24T06:28:38+00:00\",\"mainEntityOfPage\":{\"@id\":\"https:\\\/\\\/www.anovapeneira.gal\\\/index.php\\\/2019\\\/07\\\/23\\\/o-certame-de-pintura-ao-aire-libre-antonio-fernandez-faise-transfronteirizo-coa-eurocidade\\\/\"},\"wordCount\":339,\"commentCount\":0,\"publisher\":{\"@id\":\"https:\\\/\\\/www.anovapeneira.gal\\\/#organization\"},\"image\":{\"@id\":\"https:\\\/\\\/www.anovapeneira.gal\\\/index.php\\\/2019\\\/07\\\/23\\\/o-certame-de-pintura-ao-aire-libre-antonio-fernandez-faise-transfronteirizo-coa-eurocidade\\\/#primaryimage\"},\"thumbnailUrl\":\"https:\\\/\\\/www.anovapeneira.gal\\\/wp-content\\\/uploads\\\/2019\\\/07\\\/certame_pintura_o_aire_libre.jpg\",\"keywords\":[\"Certame de pintura\",\"Concello de Tomi\u00f1o\",\"Cultura\",\"Pintura\"],\"articleSection\":[\"Baixo Mi\u00f1o\"],\"inLanguage\":\"gl-ES\",\"potentialAction\":[{\"@type\":\"CommentAction\",\"name\":\"Comment\",\"target\":[\"https:\\\/\\\/www.anovapeneira.gal\\\/index.php\\\/2019\\\/07\\\/23\\\/o-certame-de-pintura-ao-aire-libre-antonio-fernandez-faise-transfronteirizo-coa-eurocidade\\\/#respond\"]}]},{\"@type\":\"WebPage\",\"@id\":\"https:\\\/\\\/www.anovapeneira.gal\\\/index.php\\\/2019\\\/07\\\/23\\\/o-certame-de-pintura-ao-aire-libre-antonio-fernandez-faise-transfronteirizo-coa-eurocidade\\\/\",\"url\":\"https:\\\/\\\/www.anovapeneira.gal\\\/index.php\\\/2019\\\/07\\\/23\\\/o-certame-de-pintura-ao-aire-libre-antonio-fernandez-faise-transfronteirizo-coa-eurocidade\\\/\",\"name\":\"O Certame de pintura ao aire libre Antonio Fern\u00e1ndez faise transfronteirizo coa Eurocidade -\",\"isPartOf\":{\"@id\":\"https:\\\/\\\/www.anovapeneira.gal\\\/#website\"},\"primaryImageOfPage\":{\"@id\":\"https:\\\/\\\/www.anovapeneira.gal\\\/index.php\\\/2019\\\/07\\\/23\\\/o-certame-de-pintura-ao-aire-libre-antonio-fernandez-faise-transfronteirizo-coa-eurocidade\\\/#primaryimage\"},\"image\":{\"@id\":\"https:\\\/\\\/www.anovapeneira.gal\\\/index.php\\\/2019\\\/07\\\/23\\\/o-certame-de-pintura-ao-aire-libre-antonio-fernandez-faise-transfronteirizo-coa-eurocidade\\\/#primaryimage\"},\"thumbnailUrl\":\"https:\\\/\\\/www.anovapeneira.gal\\\/wp-content\\\/uploads\\\/2019\\\/07\\\/certame_pintura_o_aire_libre.jpg\",\"datePublished\":\"2019-07-23T19:13:40+00:00\",\"dateModified\":\"2019-07-24T06:28:38+00:00\",\"breadcrumb\":{\"@id\":\"https:\\\/\\\/www.anovapeneira.gal\\\/index.php\\\/2019\\\/07\\\/23\\\/o-certame-de-pintura-ao-aire-libre-antonio-fernandez-faise-transfronteirizo-coa-eurocidade\\\/#breadcrumb\"},\"inLanguage\":\"gl-ES\",\"potentialAction\":[{\"@type\":\"ReadAction\",\"target\":[\"https:\\\/\\\/www.anovapeneira.gal\\\/index.php\\\/2019\\\/07\\\/23\\\/o-certame-de-pintura-ao-aire-libre-antonio-fernandez-faise-transfronteirizo-coa-eurocidade\\\/\"]}]},{\"@type\":\"ImageObject\",\"inLanguage\":\"gl-ES\",\"@id\":\"https:\\\/\\\/www.anovapeneira.gal\\\/index.php\\\/2019\\\/07\\\/23\\\/o-certame-de-pintura-ao-aire-libre-antonio-fernandez-faise-transfronteirizo-coa-eurocidade\\\/#primaryimage\",\"url\":\"https:\\\/\\\/www.anovapeneira.gal\\\/wp-content\\\/uploads\\\/2019\\\/07\\\/certame_pintura_o_aire_libre.jpg\",\"contentUrl\":\"https:\\\/\\\/www.anovapeneira.gal\\\/wp-content\\\/uploads\\\/2019\\\/07\\\/certame_pintura_o_aire_libre.jpg\",\"width\":720,\"height\":473,\"caption\":\"Certama pintura ao aire libre Antonio Fern\u00e1ndez A Nova Peneira\"},{\"@type\":\"BreadcrumbList\",\"@id\":\"https:\\\/\\\/www.anovapeneira.gal\\\/index.php\\\/2019\\\/07\\\/23\\\/o-certame-de-pintura-ao-aire-libre-antonio-fernandez-faise-transfronteirizo-coa-eurocidade\\\/#breadcrumb\",\"itemListElement\":[{\"@type\":\"ListItem\",\"position\":1,\"name\":\"Portada\",\"item\":\"https:\\\/\\\/www.anovapeneira.gal\\\/\"},{\"@type\":\"ListItem\",\"position\":2,\"name\":\"O Certame de pintura ao aire libre Antonio Fern\u00e1ndez faise transfronteirizo coa Eurocidade\"}]},{\"@type\":\"WebSite\",\"@id\":\"https:\\\/\\\/www.anovapeneira.gal\\\/#website\",\"url\":\"https:\\\/\\\/www.anovapeneira.gal\\\/\",\"name\":\"\",\"description\":\"Xornal galego de informaci\u00f3n xeral Publicaci\u00f3n mensual de novas de Galicia e en especial dos Concellos da sur da provincia de Pontevedra.\",\"publisher\":{\"@id\":\"https:\\\/\\\/www.anovapeneira.gal\\\/#organization\"},\"potentialAction\":[{\"@type\":\"SearchAction\",\"target\":{\"@type\":\"EntryPoint\",\"urlTemplate\":\"https:\\\/\\\/www.anovapeneira.gal\\\/?s={search_term_string}\"},\"query-input\":{\"@type\":\"PropertyValueSpecification\",\"valueRequired\":true,\"valueName\":\"search_term_string\"}}],\"inLanguage\":\"gl-ES\"},{\"@type\":\"Organization\",\"@id\":\"https:\\\/\\\/www.anovapeneira.gal\\\/#organization\",\"name\":\"A Nova Peneira\",\"url\":\"https:\\\/\\\/www.anovapeneira.gal\\\/\",\"logo\":{\"@type\":\"ImageObject\",\"inLanguage\":\"gl-ES\",\"@id\":\"https:\\\/\\\/www.anovapeneira.gal\\\/#\\\/schema\\\/logo\\\/image\\\/\",\"url\":\"http:\\\/\\\/www.anovapeneira.gal\\\/wp-content\\\/uploads\\\/2019\\\/06\\\/logo_a_nova_peneira_portal_web.png\",\"contentUrl\":\"http:\\\/\\\/www.anovapeneira.gal\\\/wp-content\\\/uploads\\\/2019\\\/06\\\/logo_a_nova_peneira_portal_web.png\",\"width\":300,\"height\":100,\"caption\":\"A Nova Peneira\"},\"image\":{\"@id\":\"https:\\\/\\\/www.anovapeneira.gal\\\/#\\\/schema\\\/logo\\\/image\\\/\"},\"sameAs\":[\"https:\\\/\\\/www.facebook.com\\\/anovapeneira\",\"https:\\\/\\\/x.com\\\/APeneira\"]},{\"@type\":\"Person\",\"@id\":\"https:\\\/\\\/www.anovapeneira.gal\\\/#\\\/schema\\\/person\\\/b93e3f8932e3f8da96334607eb6ac6aa\",\"name\":\"Redacci\u00f3n A Nova Peneira\",\"image\":{\"@type\":\"ImageObject\",\"inLanguage\":\"gl-ES\",\"@id\":\"https:\\\/\\\/secure.gravatar.com\\\/avatar\\\/c052a2551a06e23fac63626232eaa90abd78dbcf1700fc46a2b2c89fd27b735f?s=96&d=mm&r=g\",\"url\":\"https:\\\/\\\/secure.gravatar.com\\\/avatar\\\/c052a2551a06e23fac63626232eaa90abd78dbcf1700fc46a2b2c89fd27b735f?s=96&d=mm&r=g\",\"contentUrl\":\"https:\\\/\\\/secure.gravatar.com\\\/avatar\\\/c052a2551a06e23fac63626232eaa90abd78dbcf1700fc46a2b2c89fd27b735f?s=96&d=mm&r=g\",\"caption\":\"Redacci\u00f3n A Nova Peneira\"},\"sameAs\":[\"http:\\\/\\\/www.anovapeneira.gal\\\/\"],\"url\":\"https:\\\/\\\/www.anovapeneira.gal\\\/index.php\\\/author\\\/redactor\\\/\"}]}<\/script>\n<!-- \/ Yoast SEO plugin. -->","yoast_head_json":{"title":"O Certame de pintura ao aire libre Antonio Fern\u00e1ndez faise transfronteirizo coa Eurocidade -","robots":{"index":"index","follow":"follow","max-snippet":"max-snippet:-1","max-image-preview":"max-image-preview:large","max-video-preview":"max-video-preview:-1"},"canonical":"https:\/\/www.anovapeneira.gal\/index.php\/2019\/07\/23\/o-certame-de-pintura-ao-aire-libre-antonio-fernandez-faise-transfronteirizo-coa-eurocidade\/","og_locale":"gl_ES","og_type":"article","og_title":"O Certame de pintura ao aire libre Antonio Fern\u00e1ndez faise transfronteirizo coa Eurocidade -","og_description":"\ufeffPor primeira vez todas as persoas participantes poder\u00e1n crear as s\u00faas obras nas d\u00faas beiras do r\u00edo Mi\u00f1o, en Tomi\u00f1o e Portugal [...]","og_url":"https:\/\/www.anovapeneira.gal\/index.php\/2019\/07\/23\/o-certame-de-pintura-ao-aire-libre-antonio-fernandez-faise-transfronteirizo-coa-eurocidade\/","article_publisher":"https:\/\/www.facebook.com\/anovapeneira","article_published_time":"2019-07-23T19:13:40+00:00","article_modified_time":"2019-07-24T06:28:38+00:00","og_image":[{"width":720,"height":473,"url":"https:\/\/www.anovapeneira.gal\/wp-content\/uploads\/2019\/07\/certame_pintura_o_aire_libre.jpg","type":"image\/jpeg"}],"author":"Redacci\u00f3n A Nova Peneira","twitter_card":"summary_large_image","twitter_creator":"@APeneira","twitter_site":"@APeneira","twitter_misc":{"Escrito por":"Redacci\u00f3n A Nova Peneira","Tempo de lectura":"2 minutos"},"schema":{"@context":"https:\/\/schema.org","@graph":[{"@type":"Article","@id":"https:\/\/www.anovapeneira.gal\/index.php\/2019\/07\/23\/o-certame-de-pintura-ao-aire-libre-antonio-fernandez-faise-transfronteirizo-coa-eurocidade\/#article","isPartOf":{"@id":"https:\/\/www.anovapeneira.gal\/index.php\/2019\/07\/23\/o-certame-de-pintura-ao-aire-libre-antonio-fernandez-faise-transfronteirizo-coa-eurocidade\/"},"author":{"name":"Redacci\u00f3n A Nova Peneira","@id":"https:\/\/www.anovapeneira.gal\/#\/schema\/person\/b93e3f8932e3f8da96334607eb6ac6aa"},"headline":"O Certame de pintura ao aire libre Antonio Fern\u00e1ndez faise transfronteirizo coa Eurocidade","datePublished":"2019-07-23T19:13:40+00:00","dateModified":"2019-07-24T06:28:38+00:00","mainEntityOfPage":{"@id":"https:\/\/www.anovapeneira.gal\/index.php\/2019\/07\/23\/o-certame-de-pintura-ao-aire-libre-antonio-fernandez-faise-transfronteirizo-coa-eurocidade\/"},"wordCount":339,"commentCount":0,"publisher":{"@id":"https:\/\/www.anovapeneira.gal\/#organization"},"image":{"@id":"https:\/\/www.anovapeneira.gal\/index.php\/2019\/07\/23\/o-certame-de-pintura-ao-aire-libre-antonio-fernandez-faise-transfronteirizo-coa-eurocidade\/#primaryimage"},"thumbnailUrl":"https:\/\/www.anovapeneira.gal\/wp-content\/uploads\/2019\/07\/certame_pintura_o_aire_libre.jpg","keywords":["Certame de pintura","Concello de Tomi\u00f1o","Cultura","Pintura"],"articleSection":["Baixo Mi\u00f1o"],"inLanguage":"gl-ES","potentialAction":[{"@type":"CommentAction","name":"Comment","target":["https:\/\/www.anovapeneira.gal\/index.php\/2019\/07\/23\/o-certame-de-pintura-ao-aire-libre-antonio-fernandez-faise-transfronteirizo-coa-eurocidade\/#respond"]}]},{"@type":"WebPage","@id":"https:\/\/www.anovapeneira.gal\/index.php\/2019\/07\/23\/o-certame-de-pintura-ao-aire-libre-antonio-fernandez-faise-transfronteirizo-coa-eurocidade\/","url":"https:\/\/www.anovapeneira.gal\/index.php\/2019\/07\/23\/o-certame-de-pintura-ao-aire-libre-antonio-fernandez-faise-transfronteirizo-coa-eurocidade\/","name":"O Certame de pintura ao aire libre Antonio Fern\u00e1ndez faise transfronteirizo coa Eurocidade -","isPartOf":{"@id":"https:\/\/www.anovapeneira.gal\/#website"},"primaryImageOfPage":{"@id":"https:\/\/www.anovapeneira.gal\/index.php\/2019\/07\/23\/o-certame-de-pintura-ao-aire-libre-antonio-fernandez-faise-transfronteirizo-coa-eurocidade\/#primaryimage"},"image":{"@id":"https:\/\/www.anovapeneira.gal\/index.php\/2019\/07\/23\/o-certame-de-pintura-ao-aire-libre-antonio-fernandez-faise-transfronteirizo-coa-eurocidade\/#primaryimage"},"thumbnailUrl":"https:\/\/www.anovapeneira.gal\/wp-content\/uploads\/2019\/07\/certame_pintura_o_aire_libre.jpg","datePublished":"2019-07-23T19:13:40+00:00","dateModified":"2019-07-24T06:28:38+00:00","breadcrumb":{"@id":"https:\/\/www.anovapeneira.gal\/index.php\/2019\/07\/23\/o-certame-de-pintura-ao-aire-libre-antonio-fernandez-faise-transfronteirizo-coa-eurocidade\/#breadcrumb"},"inLanguage":"gl-ES","potentialAction":[{"@type":"ReadAction","target":["https:\/\/www.anovapeneira.gal\/index.php\/2019\/07\/23\/o-certame-de-pintura-ao-aire-libre-antonio-fernandez-faise-transfronteirizo-coa-eurocidade\/"]}]},{"@type":"ImageObject","inLanguage":"gl-ES","@id":"https:\/\/www.anovapeneira.gal\/index.php\/2019\/07\/23\/o-certame-de-pintura-ao-aire-libre-antonio-fernandez-faise-transfronteirizo-coa-eurocidade\/#primaryimage","url":"https:\/\/www.anovapeneira.gal\/wp-content\/uploads\/2019\/07\/certame_pintura_o_aire_libre.jpg","contentUrl":"https:\/\/www.anovapeneira.gal\/wp-content\/uploads\/2019\/07\/certame_pintura_o_aire_libre.jpg","width":720,"height":473,"caption":"Certama pintura ao aire libre Antonio Fern\u00e1ndez A Nova Peneira"},{"@type":"BreadcrumbList","@id":"https:\/\/www.anovapeneira.gal\/index.php\/2019\/07\/23\/o-certame-de-pintura-ao-aire-libre-antonio-fernandez-faise-transfronteirizo-coa-eurocidade\/#breadcrumb","itemListElement":[{"@type":"ListItem","position":1,"name":"Portada","item":"https:\/\/www.anovapeneira.gal\/"},{"@type":"ListItem","position":2,"name":"O Certame de pintura ao aire libre Antonio Fern\u00e1ndez faise transfronteirizo coa Eurocidade"}]},{"@type":"WebSite","@id":"https:\/\/www.anovapeneira.gal\/#website","url":"https:\/\/www.anovapeneira.gal\/","name":"","description":"Xornal galego de informaci\u00f3n xeral Publicaci\u00f3n mensual de novas de Galicia e en especial dos Concellos da sur da provincia de Pontevedra.","publisher":{"@id":"https:\/\/www.anovapeneira.gal\/#organization"},"potentialAction":[{"@type":"SearchAction","target":{"@type":"EntryPoint","urlTemplate":"https:\/\/www.anovapeneira.gal\/?s={search_term_string}"},"query-input":{"@type":"PropertyValueSpecification","valueRequired":true,"valueName":"search_term_string"}}],"inLanguage":"gl-ES"},{"@type":"Organization","@id":"https:\/\/www.anovapeneira.gal\/#organization","name":"A Nova Peneira","url":"https:\/\/www.anovapeneira.gal\/","logo":{"@type":"ImageObject","inLanguage":"gl-ES","@id":"https:\/\/www.anovapeneira.gal\/#\/schema\/logo\/image\/","url":"http:\/\/www.anovapeneira.gal\/wp-content\/uploads\/2019\/06\/logo_a_nova_peneira_portal_web.png","contentUrl":"http:\/\/www.anovapeneira.gal\/wp-content\/uploads\/2019\/06\/logo_a_nova_peneira_portal_web.png","width":300,"height":100,"caption":"A Nova Peneira"},"image":{"@id":"https:\/\/www.anovapeneira.gal\/#\/schema\/logo\/image\/"},"sameAs":["https:\/\/www.facebook.com\/anovapeneira","https:\/\/x.com\/APeneira"]},{"@type":"Person","@id":"https:\/\/www.anovapeneira.gal\/#\/schema\/person\/b93e3f8932e3f8da96334607eb6ac6aa","name":"Redacci\u00f3n A Nova Peneira","image":{"@type":"ImageObject","inLanguage":"gl-ES","@id":"https:\/\/secure.gravatar.com\/avatar\/c052a2551a06e23fac63626232eaa90abd78dbcf1700fc46a2b2c89fd27b735f?s=96&d=mm&r=g","url":"https:\/\/secure.gravatar.com\/avatar\/c052a2551a06e23fac63626232eaa90abd78dbcf1700fc46a2b2c89fd27b735f?s=96&d=mm&r=g","contentUrl":"https:\/\/secure.gravatar.com\/avatar\/c052a2551a06e23fac63626232eaa90abd78dbcf1700fc46a2b2c89fd27b735f?s=96&d=mm&r=g","caption":"Redacci\u00f3n A Nova Peneira"},"sameAs":["http:\/\/www.anovapeneira.gal\/"],"url":"https:\/\/www.anovapeneira.gal\/index.php\/author\/redactor\/"}]}},"jetpack_featured_media_url":"https:\/\/www.anovapeneira.gal\/wp-content\/uploads\/2019\/07\/certame_pintura_o_aire_libre.jpg","_links":{"self":[{"href":"https:\/\/www.anovapeneira.gal\/index.php\/wp-json\/wp\/v2\/posts\/659","targetHints":{"allow":["GET"]}}],"collection":[{"href":"https:\/\/www.anovapeneira.gal\/index.php\/wp-json\/wp\/v2\/posts"}],"about":[{"href":"https:\/\/www.anovapeneira.gal\/index.php\/wp-json\/wp\/v2\/types\/post"}],"author":[{"embeddable":true,"href":"https:\/\/www.anovapeneira.gal\/index.php\/wp-json\/wp\/v2\/users\/3"}],"replies":[{"embeddable":true,"href":"https:\/\/www.anovapeneira.gal\/index.php\/wp-json\/wp\/v2\/comments?post=659"}],"version-history":[{"count":1,"href":"https:\/\/www.anovapeneira.gal\/index.php\/wp-json\/wp\/v2\/posts\/659\/revisions"}],"predecessor-version":[{"id":660,"href":"https:\/\/www.anovapeneira.gal\/index.php\/wp-json\/wp\/v2\/posts\/659\/revisions\/660"}],"wp:featuredmedia":[{"embeddable":true,"href":"https:\/\/www.anovapeneira.gal\/index.php\/wp-json\/wp\/v2\/media\/641"}],"wp:attachment":[{"href":"https:\/\/www.anovapeneira.gal\/index.php\/wp-json\/wp\/v2\/media?parent=659"}],"wp:term":[{"taxonomy":"category","embeddable":true,"href":"https:\/\/www.anovapeneira.gal\/index.php\/wp-json\/wp\/v2\/categories?post=659"},{"taxonomy":"post_tag","embeddable":true,"href":"https:\/\/www.anovapeneira.gal\/index.php\/wp-json\/wp\/v2\/tags?post=659"}],"curies":[{"name":"wp","href":"https:\/\/api.w.org\/{rel}","templated":true}]}}