{"id":6602,"date":"2021-12-17T10:00:05","date_gmt":"2021-12-17T09:00:05","guid":{"rendered":"https:\/\/www.anovapeneira.gal\/?p=6602"},"modified":"2021-12-14T13:27:21","modified_gmt":"2021-12-14T12:27:21","slug":"bng-reclama-ao-goberno-do-estado-o-uso-do-galego-nas-campanas-institucionais","status":"publish","type":"post","link":"https:\/\/www.anovapeneira.gal\/index.php\/2021\/12\/17\/bng-reclama-ao-goberno-do-estado-o-uso-do-galego-nas-campanas-institucionais\/","title":{"rendered":"BNG reclama ao Goberno do Estado o uso do galego nas campa\u00f1as institucionais"},"content":{"rendered":"\n<h2 class=\"wp-block-heading\"><strong>Rego urxe a cumprir a Carta Europea das Linguas e favorecer a normalizaci\u00f3n ling\u00fc\u00edstica das linguas oficiais<\/strong><\/h2>\n\n\n\n<h3 class=\"wp-block-heading\"><strong>A organizaci\u00f3n nacionalista demanda inclu\u00edr e priorizar a inserci\u00f3n de publicidade institucional en medios de comunicaci\u00f3n escritos en galego<\/strong><\/h3>\n\n\n\n<p><strong>Madrid, 10 de decembro de 2021.<\/strong> <\/p>\n\n\n\n<p>O BNG v\u00e9n de rexistrar na c\u00e1mara baixa unha iniciativa para reclamar que o Goberno do Estado realice as campa\u00f1as institucionais e de concienciaci\u00f3n social en galego cando esa publicidade se inserir en medios de comunicaci\u00f3n ou xornais da Galiza. A organizaci\u00f3n frentista demanda tam\u00e9n que sexan tomados en conta tam\u00e9n medios publicados en galego, medida que favorecer\u00eda a normalizaci\u00f3n ling\u00fc\u00edstica e dar\u00eda cumprimento \u00e1 Carta Europea das Linguas.<\/p>\n\n\n\n<p>Neste momento, estase a desenvolver, por exemplo, a campa\u00f1a de concienciaci\u00f3n social elaborada pola Delegaci\u00f3n do Goberno contra a Violencia de X\u00e9nero (DGVG) do Ministerio de Igualdade sob o lema &#8220;<em>Practica los Buenos Tratos: Por una vida libre de violencias machistas<\/em>&#8220;, a campa\u00f1a est\u00e1 composta por tres dese\u00f1os diferentes adaptada a distintos formatos para prensa escrita, medios dixitais e a s\u00faa colocaci\u00f3n no mobiliario urbano.<\/p>\n\n\n\n<p>&#8220;Previuse que a campa\u00f1a estea dispo\u00f1\u00edbel nas distintas linguas oficiais do Estado e mesmo en ingl\u00e9s mais o Ministerio s\u00f3 est\u00e1 a empregar a versi\u00f3n en espa\u00f1ol nos anuncios inseridos nos medios de comunicaci\u00f3n galegos&#8221; recrimina o deputado do BNG, N\u00e9stor Rego. &#8220;A Administraci\u00f3n estatal, como anunciante, ten o deber de controlar o contido que fai p\u00fablico as\u00ed como os medios que se elixen para a inserci\u00f3n dos anuncios e ten tam\u00e9n a obriga de favorecer con esa publicidade institucional a normalizaci\u00f3n ling\u00fc\u00edstica do galego&#8221; explica Rego.<\/p>\n\n\n\n<p>A organizaci\u00f3n nacionalista entende que, na Galiza, e en todos aqueles territorios con linguas oficiais distintas do espa\u00f1ol, deber\u00edan de ser realizadas as campa\u00f1as de concienciaci\u00f3n social nas linguas propias, de maneira que a iniciativa cumpra unha dupla funci\u00f3n, de normalizaci\u00f3n da lingua galega e de promoci\u00f3n do contido da campa\u00f1a en cuesti\u00f3n. &#8220;No caso da Galiza, os Ministerios deber\u00edan incorporar e priorizar na selecci\u00f3n de medios de comunicaci\u00f3n e de prensa escrita en que inserir a publicidade institucional, aqueles que m\u00e1is utilizan o galego ou son publicados nesa lingua&#8221; subli\u00f1a Rego. Con este criterio de selecci\u00f3n, contribuir\u00edase \u00e1 promoci\u00f3n e normalizaci\u00f3n das linguas oficiais distintas do espa\u00f1ol e dos medios que utilizan esas linguas de forma exclusiva.<\/p>\n\n\n\n<p>&#8220;A Carta Europea das Linguas estabelece que os Estados parte -e o Estado espa\u00f1ol asinouna- se comprometen a velar polo uso das linguas oficiais de cada territorio&#8221; enfatiza o deputado nacionalista. As\u00ed mesmo, a Carta estabelece o deber de favorecer e promocionar os medios de comunicaci\u00f3n que empreguen linguas distintas do espa\u00f1ol, en consonancia co obxectivo xeral do acordo de eliminar toda exclusi\u00f3n ou restrici\u00f3n que po\u00f1a en risco o mantemento ou o desenvolvemento das distintas linguas oficiais que conviven no Estado espa\u00f1ol.<\/p>\n","protected":false},"excerpt":{"rendered":"<div class=\"mh-excerpt\"><p>O BNG v\u00e9n de rexistrar na c\u00e1mara baixa unha iniciativa para reclamar que o Goberno do Estado realice as campa\u00f1as institucionais e de concienciaci\u00f3n social en galego cando esa publicidade se inserir en medios de comunicaci\u00f3n ou xornais da Galiza. A organizaci\u00f3n frentista demanda tam\u00e9n que sexan tomados en conta tam\u00e9n medios publicados en galego, medida que favorecer\u00eda a normalizaci\u00f3n ling\u00fc\u00edstica e dar\u00eda cumprimento \u00e1 Carta Europea das Linguas <a class=\"mh-excerpt-more\" href=\"https:\/\/www.anovapeneira.gal\/index.php\/2021\/12\/17\/bng-reclama-ao-goberno-do-estado-o-uso-do-galego-nas-campanas-institucionais\/\" title=\"BNG reclama ao Goberno do Estado o uso do galego nas campa\u00f1as institucionais\">[&#8230;]<\/a><\/p>\n<\/div>","protected":false},"author":3,"featured_media":6605,"comment_status":"open","ping_status":"open","sticky":false,"template":"","format":"standard","meta":{"_exactmetrics_skip_tracking":false,"_exactmetrics_sitenote_active":false,"_exactmetrics_sitenote_note":"","_exactmetrics_sitenote_category":0,"footnotes":""},"categories":[263],"tags":[781,631],"class_list":{"0":"post-6602","1":"post","2":"type-post","3":"status-publish","4":"format-standard","5":"has-post-thumbnail","7":"category-novas","8":"tag-congreso-dos-diputados","9":"tag-nestor-rego"},"yoast_head":"<!-- This site is optimized with the Yoast SEO plugin v27.4 - https:\/\/yoast.com\/product\/yoast-seo-wordpress\/ -->\n<title>BNG reclama ao Goberno do Estado o uso do galego nas campa\u00f1as institucionais -<\/title>\n<meta name=\"description\" content=\"O BNG v\u00e9n de rexistrar na c\u00e1mara baixa unha iniciativa para reclamar que o Goberno do Estado realice as campa\u00f1as institucionais e de concienciaci\u00f3n social en galego cando esa publicidade se inserir en medios de comunicaci\u00f3n ou xornais da Galiza. A organizaci\u00f3n frentista demanda tam\u00e9n que sexan tomados en conta tam\u00e9n medios publicados en galego, medida que favorecer\u00eda a normalizaci\u00f3n ling\u00fc\u00edstica e dar\u00eda cumprimento \u00e1 Carta Europea das Linguas\" \/>\n<meta name=\"robots\" content=\"index, follow, max-snippet:-1, max-image-preview:large, max-video-preview:-1\" \/>\n<link rel=\"canonical\" href=\"https:\/\/www.anovapeneira.gal\/index.php\/2021\/12\/17\/bng-reclama-ao-goberno-do-estado-o-uso-do-galego-nas-campanas-institucionais\/\" \/>\n<meta property=\"og:locale\" content=\"gl_ES\" \/>\n<meta property=\"og:type\" content=\"article\" \/>\n<meta property=\"og:title\" content=\"BNG reclama ao Goberno do Estado o uso do galego nas campa\u00f1as institucionais -\" \/>\n<meta property=\"og:description\" content=\"O BNG v\u00e9n de rexistrar na c\u00e1mara baixa unha iniciativa para reclamar que o Goberno do Estado realice as campa\u00f1as institucionais e de concienciaci\u00f3n social en galego cando esa publicidade se inserir en medios de comunicaci\u00f3n ou xornais da Galiza. A organizaci\u00f3n frentista demanda tam\u00e9n que sexan tomados en conta tam\u00e9n medios publicados en galego, medida que favorecer\u00eda a normalizaci\u00f3n ling\u00fc\u00edstica e dar\u00eda cumprimento \u00e1 Carta Europea das Linguas\" \/>\n<meta property=\"og:url\" content=\"https:\/\/www.anovapeneira.gal\/index.php\/2021\/12\/17\/bng-reclama-ao-goberno-do-estado-o-uso-do-galego-nas-campanas-institucionais\/\" \/>\n<meta property=\"article:publisher\" content=\"https:\/\/www.facebook.com\/anovapeneira\" \/>\n<meta property=\"article:published_time\" content=\"2021-12-17T09:00:05+00:00\" \/>\n<meta property=\"og:image\" content=\"https:\/\/www.anovapeneira.gal\/wp-content\/uploads\/2021\/12\/nestor_rego_congreso.jpg\" \/>\n\t<meta property=\"og:image:width\" content=\"720\" \/>\n\t<meta property=\"og:image:height\" content=\"432\" \/>\n\t<meta property=\"og:image:type\" content=\"image\/jpeg\" \/>\n<meta name=\"author\" content=\"Redacci\u00f3n A Nova Peneira\" \/>\n<meta name=\"twitter:card\" content=\"summary_large_image\" \/>\n<meta name=\"twitter:creator\" content=\"@APeneira\" \/>\n<meta name=\"twitter:site\" content=\"@APeneira\" \/>\n<meta name=\"twitter:label1\" content=\"Escrito por\" \/>\n\t<meta name=\"twitter:data1\" content=\"Redacci\u00f3n A Nova Peneira\" \/>\n\t<meta name=\"twitter:label2\" content=\"Tempo de lectura\" \/>\n\t<meta name=\"twitter:data2\" content=\"3 minutos\" \/>\n<script type=\"application\/ld+json\" class=\"yoast-schema-graph\">{\"@context\":\"https:\\\/\\\/schema.org\",\"@graph\":[{\"@type\":\"Article\",\"@id\":\"https:\\\/\\\/www.anovapeneira.gal\\\/index.php\\\/2021\\\/12\\\/17\\\/bng-reclama-ao-goberno-do-estado-o-uso-do-galego-nas-campanas-institucionais\\\/#article\",\"isPartOf\":{\"@id\":\"https:\\\/\\\/www.anovapeneira.gal\\\/index.php\\\/2021\\\/12\\\/17\\\/bng-reclama-ao-goberno-do-estado-o-uso-do-galego-nas-campanas-institucionais\\\/\"},\"author\":{\"name\":\"Redacci\u00f3n A Nova Peneira\",\"@id\":\"https:\\\/\\\/www.anovapeneira.gal\\\/#\\\/schema\\\/person\\\/b93e3f8932e3f8da96334607eb6ac6aa\"},\"headline\":\"BNG reclama ao Goberno do Estado o uso do galego nas campa\u00f1as institucionais\",\"datePublished\":\"2021-12-17T09:00:05+00:00\",\"mainEntityOfPage\":{\"@id\":\"https:\\\/\\\/www.anovapeneira.gal\\\/index.php\\\/2021\\\/12\\\/17\\\/bng-reclama-ao-goberno-do-estado-o-uso-do-galego-nas-campanas-institucionais\\\/\"},\"wordCount\":540,\"commentCount\":0,\"publisher\":{\"@id\":\"https:\\\/\\\/www.anovapeneira.gal\\\/#organization\"},\"image\":{\"@id\":\"https:\\\/\\\/www.anovapeneira.gal\\\/index.php\\\/2021\\\/12\\\/17\\\/bng-reclama-ao-goberno-do-estado-o-uso-do-galego-nas-campanas-institucionais\\\/#primaryimage\"},\"thumbnailUrl\":\"https:\\\/\\\/www.anovapeneira.gal\\\/wp-content\\\/uploads\\\/2021\\\/12\\\/nestor_rego_congreso.jpg\",\"keywords\":[\"Congreso dos diputados\",\"N\u00e9stor Rego\"],\"articleSection\":[\"Novas\"],\"inLanguage\":\"gl-ES\",\"potentialAction\":[{\"@type\":\"CommentAction\",\"name\":\"Comment\",\"target\":[\"https:\\\/\\\/www.anovapeneira.gal\\\/index.php\\\/2021\\\/12\\\/17\\\/bng-reclama-ao-goberno-do-estado-o-uso-do-galego-nas-campanas-institucionais\\\/#respond\"]}]},{\"@type\":\"WebPage\",\"@id\":\"https:\\\/\\\/www.anovapeneira.gal\\\/index.php\\\/2021\\\/12\\\/17\\\/bng-reclama-ao-goberno-do-estado-o-uso-do-galego-nas-campanas-institucionais\\\/\",\"url\":\"https:\\\/\\\/www.anovapeneira.gal\\\/index.php\\\/2021\\\/12\\\/17\\\/bng-reclama-ao-goberno-do-estado-o-uso-do-galego-nas-campanas-institucionais\\\/\",\"name\":\"BNG reclama ao Goberno do Estado o uso do galego nas campa\u00f1as institucionais -\",\"isPartOf\":{\"@id\":\"https:\\\/\\\/www.anovapeneira.gal\\\/#website\"},\"primaryImageOfPage\":{\"@id\":\"https:\\\/\\\/www.anovapeneira.gal\\\/index.php\\\/2021\\\/12\\\/17\\\/bng-reclama-ao-goberno-do-estado-o-uso-do-galego-nas-campanas-institucionais\\\/#primaryimage\"},\"image\":{\"@id\":\"https:\\\/\\\/www.anovapeneira.gal\\\/index.php\\\/2021\\\/12\\\/17\\\/bng-reclama-ao-goberno-do-estado-o-uso-do-galego-nas-campanas-institucionais\\\/#primaryimage\"},\"thumbnailUrl\":\"https:\\\/\\\/www.anovapeneira.gal\\\/wp-content\\\/uploads\\\/2021\\\/12\\\/nestor_rego_congreso.jpg\",\"datePublished\":\"2021-12-17T09:00:05+00:00\",\"description\":\"O BNG v\u00e9n de rexistrar na c\u00e1mara baixa unha iniciativa para reclamar que o Goberno do Estado realice as campa\u00f1as institucionais e de concienciaci\u00f3n social en galego cando esa publicidade se inserir en medios de comunicaci\u00f3n ou xornais da Galiza. A organizaci\u00f3n frentista demanda tam\u00e9n que sexan tomados en conta tam\u00e9n medios publicados en galego, medida que favorecer\u00eda a normalizaci\u00f3n ling\u00fc\u00edstica e dar\u00eda cumprimento \u00e1 Carta Europea das Linguas\",\"breadcrumb\":{\"@id\":\"https:\\\/\\\/www.anovapeneira.gal\\\/index.php\\\/2021\\\/12\\\/17\\\/bng-reclama-ao-goberno-do-estado-o-uso-do-galego-nas-campanas-institucionais\\\/#breadcrumb\"},\"inLanguage\":\"gl-ES\",\"potentialAction\":[{\"@type\":\"ReadAction\",\"target\":[\"https:\\\/\\\/www.anovapeneira.gal\\\/index.php\\\/2021\\\/12\\\/17\\\/bng-reclama-ao-goberno-do-estado-o-uso-do-galego-nas-campanas-institucionais\\\/\"]}]},{\"@type\":\"ImageObject\",\"inLanguage\":\"gl-ES\",\"@id\":\"https:\\\/\\\/www.anovapeneira.gal\\\/index.php\\\/2021\\\/12\\\/17\\\/bng-reclama-ao-goberno-do-estado-o-uso-do-galego-nas-campanas-institucionais\\\/#primaryimage\",\"url\":\"https:\\\/\\\/www.anovapeneira.gal\\\/wp-content\\\/uploads\\\/2021\\\/12\\\/nestor_rego_congreso.jpg\",\"contentUrl\":\"https:\\\/\\\/www.anovapeneira.gal\\\/wp-content\\\/uploads\\\/2021\\\/12\\\/nestor_rego_congreso.jpg\",\"width\":720,\"height\":432,\"caption\":\"Nestor rego\"},{\"@type\":\"BreadcrumbList\",\"@id\":\"https:\\\/\\\/www.anovapeneira.gal\\\/index.php\\\/2021\\\/12\\\/17\\\/bng-reclama-ao-goberno-do-estado-o-uso-do-galego-nas-campanas-institucionais\\\/#breadcrumb\",\"itemListElement\":[{\"@type\":\"ListItem\",\"position\":1,\"name\":\"Portada\",\"item\":\"https:\\\/\\\/www.anovapeneira.gal\\\/\"},{\"@type\":\"ListItem\",\"position\":2,\"name\":\"BNG reclama ao Goberno do Estado o uso do galego nas campa\u00f1as institucionais\"}]},{\"@type\":\"WebSite\",\"@id\":\"https:\\\/\\\/www.anovapeneira.gal\\\/#website\",\"url\":\"https:\\\/\\\/www.anovapeneira.gal\\\/\",\"name\":\"\",\"description\":\"Xornal galego de informaci\u00f3n xeral Publicaci\u00f3n mensual de novas de Galicia e en especial dos Concellos da sur da provincia de Pontevedra.\",\"publisher\":{\"@id\":\"https:\\\/\\\/www.anovapeneira.gal\\\/#organization\"},\"potentialAction\":[{\"@type\":\"SearchAction\",\"target\":{\"@type\":\"EntryPoint\",\"urlTemplate\":\"https:\\\/\\\/www.anovapeneira.gal\\\/?s={search_term_string}\"},\"query-input\":{\"@type\":\"PropertyValueSpecification\",\"valueRequired\":true,\"valueName\":\"search_term_string\"}}],\"inLanguage\":\"gl-ES\"},{\"@type\":\"Organization\",\"@id\":\"https:\\\/\\\/www.anovapeneira.gal\\\/#organization\",\"name\":\"A Nova Peneira\",\"url\":\"https:\\\/\\\/www.anovapeneira.gal\\\/\",\"logo\":{\"@type\":\"ImageObject\",\"inLanguage\":\"gl-ES\",\"@id\":\"https:\\\/\\\/www.anovapeneira.gal\\\/#\\\/schema\\\/logo\\\/image\\\/\",\"url\":\"http:\\\/\\\/www.anovapeneira.gal\\\/wp-content\\\/uploads\\\/2019\\\/06\\\/logo_a_nova_peneira_portal_web.png\",\"contentUrl\":\"http:\\\/\\\/www.anovapeneira.gal\\\/wp-content\\\/uploads\\\/2019\\\/06\\\/logo_a_nova_peneira_portal_web.png\",\"width\":300,\"height\":100,\"caption\":\"A Nova Peneira\"},\"image\":{\"@id\":\"https:\\\/\\\/www.anovapeneira.gal\\\/#\\\/schema\\\/logo\\\/image\\\/\"},\"sameAs\":[\"https:\\\/\\\/www.facebook.com\\\/anovapeneira\",\"https:\\\/\\\/x.com\\\/APeneira\"]},{\"@type\":\"Person\",\"@id\":\"https:\\\/\\\/www.anovapeneira.gal\\\/#\\\/schema\\\/person\\\/b93e3f8932e3f8da96334607eb6ac6aa\",\"name\":\"Redacci\u00f3n A Nova Peneira\",\"image\":{\"@type\":\"ImageObject\",\"inLanguage\":\"gl-ES\",\"@id\":\"https:\\\/\\\/secure.gravatar.com\\\/avatar\\\/c052a2551a06e23fac63626232eaa90abd78dbcf1700fc46a2b2c89fd27b735f?s=96&d=mm&r=g\",\"url\":\"https:\\\/\\\/secure.gravatar.com\\\/avatar\\\/c052a2551a06e23fac63626232eaa90abd78dbcf1700fc46a2b2c89fd27b735f?s=96&d=mm&r=g\",\"contentUrl\":\"https:\\\/\\\/secure.gravatar.com\\\/avatar\\\/c052a2551a06e23fac63626232eaa90abd78dbcf1700fc46a2b2c89fd27b735f?s=96&d=mm&r=g\",\"caption\":\"Redacci\u00f3n A Nova Peneira\"},\"sameAs\":[\"http:\\\/\\\/www.anovapeneira.gal\\\/\"],\"url\":\"https:\\\/\\\/www.anovapeneira.gal\\\/index.php\\\/author\\\/redactor\\\/\"}]}<\/script>\n<!-- \/ Yoast SEO plugin. -->","yoast_head_json":{"title":"BNG reclama ao Goberno do Estado o uso do galego nas campa\u00f1as institucionais -","description":"O BNG v\u00e9n de rexistrar na c\u00e1mara baixa unha iniciativa para reclamar que o Goberno do Estado realice as campa\u00f1as institucionais e de concienciaci\u00f3n social en galego cando esa publicidade se inserir en medios de comunicaci\u00f3n ou xornais da Galiza. A organizaci\u00f3n frentista demanda tam\u00e9n que sexan tomados en conta tam\u00e9n medios publicados en galego, medida que favorecer\u00eda a normalizaci\u00f3n ling\u00fc\u00edstica e dar\u00eda cumprimento \u00e1 Carta Europea das Linguas","robots":{"index":"index","follow":"follow","max-snippet":"max-snippet:-1","max-image-preview":"max-image-preview:large","max-video-preview":"max-video-preview:-1"},"canonical":"https:\/\/www.anovapeneira.gal\/index.php\/2021\/12\/17\/bng-reclama-ao-goberno-do-estado-o-uso-do-galego-nas-campanas-institucionais\/","og_locale":"gl_ES","og_type":"article","og_title":"BNG reclama ao Goberno do Estado o uso do galego nas campa\u00f1as institucionais -","og_description":"O BNG v\u00e9n de rexistrar na c\u00e1mara baixa unha iniciativa para reclamar que o Goberno do Estado realice as campa\u00f1as institucionais e de concienciaci\u00f3n social en galego cando esa publicidade se inserir en medios de comunicaci\u00f3n ou xornais da Galiza. A organizaci\u00f3n frentista demanda tam\u00e9n que sexan tomados en conta tam\u00e9n medios publicados en galego, medida que favorecer\u00eda a normalizaci\u00f3n ling\u00fc\u00edstica e dar\u00eda cumprimento \u00e1 Carta Europea das Linguas","og_url":"https:\/\/www.anovapeneira.gal\/index.php\/2021\/12\/17\/bng-reclama-ao-goberno-do-estado-o-uso-do-galego-nas-campanas-institucionais\/","article_publisher":"https:\/\/www.facebook.com\/anovapeneira","article_published_time":"2021-12-17T09:00:05+00:00","og_image":[{"width":720,"height":432,"url":"https:\/\/www.anovapeneira.gal\/wp-content\/uploads\/2021\/12\/nestor_rego_congreso.jpg","type":"image\/jpeg"}],"author":"Redacci\u00f3n A Nova Peneira","twitter_card":"summary_large_image","twitter_creator":"@APeneira","twitter_site":"@APeneira","twitter_misc":{"Escrito por":"Redacci\u00f3n A Nova Peneira","Tempo de lectura":"3 minutos"},"schema":{"@context":"https:\/\/schema.org","@graph":[{"@type":"Article","@id":"https:\/\/www.anovapeneira.gal\/index.php\/2021\/12\/17\/bng-reclama-ao-goberno-do-estado-o-uso-do-galego-nas-campanas-institucionais\/#article","isPartOf":{"@id":"https:\/\/www.anovapeneira.gal\/index.php\/2021\/12\/17\/bng-reclama-ao-goberno-do-estado-o-uso-do-galego-nas-campanas-institucionais\/"},"author":{"name":"Redacci\u00f3n A Nova Peneira","@id":"https:\/\/www.anovapeneira.gal\/#\/schema\/person\/b93e3f8932e3f8da96334607eb6ac6aa"},"headline":"BNG reclama ao Goberno do Estado o uso do galego nas campa\u00f1as institucionais","datePublished":"2021-12-17T09:00:05+00:00","mainEntityOfPage":{"@id":"https:\/\/www.anovapeneira.gal\/index.php\/2021\/12\/17\/bng-reclama-ao-goberno-do-estado-o-uso-do-galego-nas-campanas-institucionais\/"},"wordCount":540,"commentCount":0,"publisher":{"@id":"https:\/\/www.anovapeneira.gal\/#organization"},"image":{"@id":"https:\/\/www.anovapeneira.gal\/index.php\/2021\/12\/17\/bng-reclama-ao-goberno-do-estado-o-uso-do-galego-nas-campanas-institucionais\/#primaryimage"},"thumbnailUrl":"https:\/\/www.anovapeneira.gal\/wp-content\/uploads\/2021\/12\/nestor_rego_congreso.jpg","keywords":["Congreso dos diputados","N\u00e9stor Rego"],"articleSection":["Novas"],"inLanguage":"gl-ES","potentialAction":[{"@type":"CommentAction","name":"Comment","target":["https:\/\/www.anovapeneira.gal\/index.php\/2021\/12\/17\/bng-reclama-ao-goberno-do-estado-o-uso-do-galego-nas-campanas-institucionais\/#respond"]}]},{"@type":"WebPage","@id":"https:\/\/www.anovapeneira.gal\/index.php\/2021\/12\/17\/bng-reclama-ao-goberno-do-estado-o-uso-do-galego-nas-campanas-institucionais\/","url":"https:\/\/www.anovapeneira.gal\/index.php\/2021\/12\/17\/bng-reclama-ao-goberno-do-estado-o-uso-do-galego-nas-campanas-institucionais\/","name":"BNG reclama ao Goberno do Estado o uso do galego nas campa\u00f1as institucionais -","isPartOf":{"@id":"https:\/\/www.anovapeneira.gal\/#website"},"primaryImageOfPage":{"@id":"https:\/\/www.anovapeneira.gal\/index.php\/2021\/12\/17\/bng-reclama-ao-goberno-do-estado-o-uso-do-galego-nas-campanas-institucionais\/#primaryimage"},"image":{"@id":"https:\/\/www.anovapeneira.gal\/index.php\/2021\/12\/17\/bng-reclama-ao-goberno-do-estado-o-uso-do-galego-nas-campanas-institucionais\/#primaryimage"},"thumbnailUrl":"https:\/\/www.anovapeneira.gal\/wp-content\/uploads\/2021\/12\/nestor_rego_congreso.jpg","datePublished":"2021-12-17T09:00:05+00:00","description":"O BNG v\u00e9n de rexistrar na c\u00e1mara baixa unha iniciativa para reclamar que o Goberno do Estado realice as campa\u00f1as institucionais e de concienciaci\u00f3n social en galego cando esa publicidade se inserir en medios de comunicaci\u00f3n ou xornais da Galiza. A organizaci\u00f3n frentista demanda tam\u00e9n que sexan tomados en conta tam\u00e9n medios publicados en galego, medida que favorecer\u00eda a normalizaci\u00f3n ling\u00fc\u00edstica e dar\u00eda cumprimento \u00e1 Carta Europea das Linguas","breadcrumb":{"@id":"https:\/\/www.anovapeneira.gal\/index.php\/2021\/12\/17\/bng-reclama-ao-goberno-do-estado-o-uso-do-galego-nas-campanas-institucionais\/#breadcrumb"},"inLanguage":"gl-ES","potentialAction":[{"@type":"ReadAction","target":["https:\/\/www.anovapeneira.gal\/index.php\/2021\/12\/17\/bng-reclama-ao-goberno-do-estado-o-uso-do-galego-nas-campanas-institucionais\/"]}]},{"@type":"ImageObject","inLanguage":"gl-ES","@id":"https:\/\/www.anovapeneira.gal\/index.php\/2021\/12\/17\/bng-reclama-ao-goberno-do-estado-o-uso-do-galego-nas-campanas-institucionais\/#primaryimage","url":"https:\/\/www.anovapeneira.gal\/wp-content\/uploads\/2021\/12\/nestor_rego_congreso.jpg","contentUrl":"https:\/\/www.anovapeneira.gal\/wp-content\/uploads\/2021\/12\/nestor_rego_congreso.jpg","width":720,"height":432,"caption":"Nestor rego"},{"@type":"BreadcrumbList","@id":"https:\/\/www.anovapeneira.gal\/index.php\/2021\/12\/17\/bng-reclama-ao-goberno-do-estado-o-uso-do-galego-nas-campanas-institucionais\/#breadcrumb","itemListElement":[{"@type":"ListItem","position":1,"name":"Portada","item":"https:\/\/www.anovapeneira.gal\/"},{"@type":"ListItem","position":2,"name":"BNG reclama ao Goberno do Estado o uso do galego nas campa\u00f1as institucionais"}]},{"@type":"WebSite","@id":"https:\/\/www.anovapeneira.gal\/#website","url":"https:\/\/www.anovapeneira.gal\/","name":"","description":"Xornal galego de informaci\u00f3n xeral Publicaci\u00f3n mensual de novas de Galicia e en especial dos Concellos da sur da provincia de Pontevedra.","publisher":{"@id":"https:\/\/www.anovapeneira.gal\/#organization"},"potentialAction":[{"@type":"SearchAction","target":{"@type":"EntryPoint","urlTemplate":"https:\/\/www.anovapeneira.gal\/?s={search_term_string}"},"query-input":{"@type":"PropertyValueSpecification","valueRequired":true,"valueName":"search_term_string"}}],"inLanguage":"gl-ES"},{"@type":"Organization","@id":"https:\/\/www.anovapeneira.gal\/#organization","name":"A Nova Peneira","url":"https:\/\/www.anovapeneira.gal\/","logo":{"@type":"ImageObject","inLanguage":"gl-ES","@id":"https:\/\/www.anovapeneira.gal\/#\/schema\/logo\/image\/","url":"http:\/\/www.anovapeneira.gal\/wp-content\/uploads\/2019\/06\/logo_a_nova_peneira_portal_web.png","contentUrl":"http:\/\/www.anovapeneira.gal\/wp-content\/uploads\/2019\/06\/logo_a_nova_peneira_portal_web.png","width":300,"height":100,"caption":"A Nova Peneira"},"image":{"@id":"https:\/\/www.anovapeneira.gal\/#\/schema\/logo\/image\/"},"sameAs":["https:\/\/www.facebook.com\/anovapeneira","https:\/\/x.com\/APeneira"]},{"@type":"Person","@id":"https:\/\/www.anovapeneira.gal\/#\/schema\/person\/b93e3f8932e3f8da96334607eb6ac6aa","name":"Redacci\u00f3n A Nova Peneira","image":{"@type":"ImageObject","inLanguage":"gl-ES","@id":"https:\/\/secure.gravatar.com\/avatar\/c052a2551a06e23fac63626232eaa90abd78dbcf1700fc46a2b2c89fd27b735f?s=96&d=mm&r=g","url":"https:\/\/secure.gravatar.com\/avatar\/c052a2551a06e23fac63626232eaa90abd78dbcf1700fc46a2b2c89fd27b735f?s=96&d=mm&r=g","contentUrl":"https:\/\/secure.gravatar.com\/avatar\/c052a2551a06e23fac63626232eaa90abd78dbcf1700fc46a2b2c89fd27b735f?s=96&d=mm&r=g","caption":"Redacci\u00f3n A Nova Peneira"},"sameAs":["http:\/\/www.anovapeneira.gal\/"],"url":"https:\/\/www.anovapeneira.gal\/index.php\/author\/redactor\/"}]}},"jetpack_featured_media_url":"https:\/\/www.anovapeneira.gal\/wp-content\/uploads\/2021\/12\/nestor_rego_congreso.jpg","_links":{"self":[{"href":"https:\/\/www.anovapeneira.gal\/index.php\/wp-json\/wp\/v2\/posts\/6602","targetHints":{"allow":["GET"]}}],"collection":[{"href":"https:\/\/www.anovapeneira.gal\/index.php\/wp-json\/wp\/v2\/posts"}],"about":[{"href":"https:\/\/www.anovapeneira.gal\/index.php\/wp-json\/wp\/v2\/types\/post"}],"author":[{"embeddable":true,"href":"https:\/\/www.anovapeneira.gal\/index.php\/wp-json\/wp\/v2\/users\/3"}],"replies":[{"embeddable":true,"href":"https:\/\/www.anovapeneira.gal\/index.php\/wp-json\/wp\/v2\/comments?post=6602"}],"version-history":[{"count":2,"href":"https:\/\/www.anovapeneira.gal\/index.php\/wp-json\/wp\/v2\/posts\/6602\/revisions"}],"predecessor-version":[{"id":6604,"href":"https:\/\/www.anovapeneira.gal\/index.php\/wp-json\/wp\/v2\/posts\/6602\/revisions\/6604"}],"wp:featuredmedia":[{"embeddable":true,"href":"https:\/\/www.anovapeneira.gal\/index.php\/wp-json\/wp\/v2\/media\/6605"}],"wp:attachment":[{"href":"https:\/\/www.anovapeneira.gal\/index.php\/wp-json\/wp\/v2\/media?parent=6602"}],"wp:term":[{"taxonomy":"category","embeddable":true,"href":"https:\/\/www.anovapeneira.gal\/index.php\/wp-json\/wp\/v2\/categories?post=6602"},{"taxonomy":"post_tag","embeddable":true,"href":"https:\/\/www.anovapeneira.gal\/index.php\/wp-json\/wp\/v2\/tags?post=6602"}],"curies":[{"name":"wp","href":"https:\/\/api.w.org\/{rel}","templated":true}]}}