{"id":6606,"date":"2021-12-17T12:00:17","date_gmt":"2021-12-17T11:00:17","guid":{"rendered":"https:\/\/www.anovapeneira.gal\/?p=6606"},"modified":"2021-12-17T17:23:43","modified_gmt":"2021-12-17T16:23:43","slug":"carmela-gonzalez-deputada-do-bng","status":"publish","type":"post","link":"https:\/\/www.anovapeneira.gal\/index.php\/2021\/12\/17\/carmela-gonzalez-deputada-do-bng\/","title":{"rendered":"Carmela Gonz\u00e1lez, deputada do BNG"},"content":{"rendered":"\n<p><strong>Carmela \u00e9 unha experimentada activista no asociacionismo veci\u00f1al vigu\u00e9s que ven de estrear responsabilidade org\u00e1nica, pois nas auton\u00f3micas do 2.020 foi elixida deputada nas listas do BNG. Ela \u00e9 de Sai\u00e1ns, a parroquia de Vigo que fai fronteira co Concello de Nigr\u00e1n. E sendo eu da parroquia veci\u00f1a, de Oia, non pod\u00eda quedar sen co\u00f1ecela en profundidade. Vela\u00ed vai o que deu de si a nosa conversa<\/strong><\/p>\n\n\n\n<h2 class=\"wp-block-heading\">\u201c<strong>A responsabilidade pol\u00edtica do enchufe \u00e1 cu\u00f1ada de Carmela Silva non remata no funcionario condenado\u201d<\/strong><\/h2>\n\n\n\n<h2 class=\"wp-block-heading\">\u201c<strong>O BNG est\u00e1 m\u00e1is unido, cohesivo e ilusionado que nunca\u201d<\/strong><\/h2>\n\n\n\n<p><strong>Carmela seguro que coincides comigo na percepci\u00f3n de que o noso \u00e9 un pa\u00eds que socioloxicamente art\u00e9llase por parroquias e non tanto por concellos. Pero en Vigo non te\u00f1o tan claro que sexa as\u00ed. Ti es de Vigo, natural de Sai\u00e1ns, s\u00e9nteste de Sai\u00e1ns ou de Vigo?<\/strong><\/p>\n\n\n\n<blockquote class=\"wp-block-quote is-layout-flow wp-block-quote-is-layout-flow\"><p>P\u00f3doche dicir que en Sai\u00e1ns imos a Vigo cando vamos ao centro da cidade.<\/p><\/blockquote>\n\n\n\n<p><strong>E unha veci\u00f1a de Sai\u00e1ns, como ti, ten que ir con moita frecuencia a Vigo para poder facer a vida ou na t\u00faa parroquia existen os servizos necesarios para poder desenvolver unha vida normal?<\/strong><\/p>\n\n\n\n<blockquote class=\"wp-block-quote is-layout-flow wp-block-quote-is-layout-flow\"><p>Non, non existen. O desmantelamento do tecido comercial nas parroquias e tremendo. Eu son portavoz de comercio polo BNG no parlamento e isto e algo contra o que estamos intentando pelexar. Ao carecermos de servizos a socializaci\u00f3n veci\u00f1al \u00e9 cada vez m\u00e1is dif\u00edcil.<\/p><\/blockquote>\n\n\n\n<p><strong>Eu que viv\u00edn 30 anos en Oia, a parroquia veci\u00f1a \u00e1 t\u00faa, observo que o proceso de degradaci\u00f3n da Galicia rural \u00e9 tremendo. Cando era neno case se pod\u00eda facer a vida na propia parroquia e agora \u00e9 absolutamente imposible.<\/strong><\/p>\n\n\n\n<blockquote class=\"wp-block-quote is-layout-flow wp-block-quote-is-layout-flow\"><p>Si, e Oia a\u00ednda segue tendo unha tenda pequena, pero aquelas tendas t\u00edpicas de parroquia que eran como pequenos s\u00faper nos que atopas de todo; peixe, carne, xa non existen.<\/p><\/blockquote>\n\n\n\n<p><strong>Sempre que falo con algu\u00e9n das moitas parroquias que ten Vigo dime o mesmo, que a atenci\u00f3n do goberno municipal coas parroquias dista kil\u00f3metros da que poida ter o centro de Vigo, est\u00e1s de acordo con isto?<\/strong><\/p>\n\n\n\n<blockquote class=\"wp-block-quote is-layout-flow wp-block-quote-is-layout-flow\"><p>Incluso dir\u00eda que esta xente que defende ao alcalde Abel Caballero porque\u201d ten Vigo moi bonito\u201d, non se atreven a dicir que te\u00f1en igual de atendidas \u00e1s parroquias. Non lembro ningunha inversi\u00f3n importante nas parroquias m\u00e1is desde hai moitos anos. O m\u00e1ximo que se consegue \u00e9 que limpen as beirarr\u00faas e parcheen alg\u00fan buraco na r\u00faa, pero isto xa pasa cando \u00e9 moi escandaloso. A parroquias est\u00e1n totalmente abandonadas tanto polo concello como pola Xunta de Galicia.<\/p><\/blockquote>\n\n\n\n<blockquote class=\"wp-block-quote is-layout-flow wp-block-quote-is-layout-flow\"><p>Temos o exemplo da antiga estaci\u00f3n do tranv\u00eda de Canido, isto \u00e9 unha aut\u00e9ntica vergonza. Un edificio catalogado como hist\u00f3rico est\u00e1 derrub\u00e1ndose.<\/p><\/blockquote>\n\n\n\n<p><strong>Recentemente co\u00f1ecemos a confirmaci\u00f3n polo Tribunal Supremo da sentenza que condena a cinco anos de c\u00e1rcere a un funcionario xubilado do Concello de Vigo que vai ter que ingresar na cadea. Curiosamente a seguinte rolda de prensa do alcalde suspendeuse por unha misteriosa afon\u00eda que si que lle permitiu ir pola noite \u00e1 inauguraci\u00f3n dun evento. Cres que a responsabilidade pol\u00edtica dese \u201cenchufe\u201d dun familiar directo da presidenta da Deputaci\u00f3n remata nese funcionario condenado?<\/strong><\/p>\n\n\n\n<blockquote class=\"wp-block-quote is-layout-flow wp-block-quote-is-layout-flow\"><p>Non, claro que non.<\/p><\/blockquote>\n\n\n\n<blockquote class=\"wp-block-quote is-layout-flow wp-block-quote-is-layout-flow\"><p>O que me parece terrible \u00e9 como se est\u00e1 normalizando a corrupci\u00f3n e o enchufismo na clase pol\u00edtica. Para os que decidimos dedicarnos \u00e1 pol\u00edtica que calquera persoa che diga que todos os pol\u00edticos son iguais \u00e9 trist\u00edsimo e doloros\u00edsimo.<\/p><\/blockquote>\n\n\n\n<p><strong>Cando e por que iniciaches a t\u00faa relaci\u00f3n coa pol\u00edtica?<\/strong><\/p>\n\n\n\n<blockquote class=\"wp-block-quote is-layout-flow wp-block-quote-is-layout-flow\"><p>Eu comecei no movemento veci\u00f1al polo ano 93, na Asociaci\u00f3n Veci\u00f1al San Xurxo. Comecei a traballar con Ana Gand\u00f3n no movemento feminista. Ana levaba a conceller\u00eda da muller fixo un traballo brutal en t\u00f3dolos movementos veci\u00f1ais e conseguiu reactivar a t\u00f3dalas mulleres de Vigo. Aqu\u00ed iniciei o meu contacto coa pol\u00edtica e pasei formar parte da Federaci\u00f3n Veci\u00f1al de Vigo Eduardo Chao cando Lois P\u00e9rez Castrillo era alcalde. No momento no que deixei \u00e1 Federaci\u00f3n Veci\u00f1al afilieime ao BNG.<\/p><\/blockquote>\n\n\n\n<p><strong>Lois P\u00e9rez Castrillo foi o mellor alcalde de Vigo para ti?<\/strong><\/p>\n\n\n\n<blockquote class=\"wp-block-quote is-layout-flow wp-block-quote-is-layout-flow\"><p>Creo que foi un moi bo alcalde e moi pouco reco\u00f1ecido. No pouco tempo que estivo comezou cambios hist\u00f3ricos na cidade dos que logo se apropiaron outros. Lembro a humanizaci\u00f3n na Praza da Independencia, O Calvario, a recuperaci\u00f3n do Casco vello. Seguramente se cometeu alg\u00fan erro tam\u00e9n.<\/p><\/blockquote>\n\n\n\n<p><strong>Por exemplo?<\/strong><\/p>\n\n\n\n<blockquote class=\"wp-block-quote is-layout-flow wp-block-quote-is-layout-flow\"><p>Sempre cometemos o erro de centrarnos tanto en traballar que nos esquecemos de transmitir o que facemos e a xente, ao final, non o aprecia.<\/p><\/blockquote>\n\n\n\n<p><strong>E en que ano te afilias ao BNG?<\/strong><\/p>\n\n\n\n<blockquote class=\"wp-block-quote is-layout-flow wp-block-quote-is-layout-flow\"><p>Pois debeu ser a finais dos anos 90.<\/p><\/blockquote>\n\n\n\n<p><strong>Despois destes anos de traballo a p\u00e9 de r\u00faa esta \u00e9 a primeira responsabilidade org\u00e1nica que tes non?<\/strong><\/p>\n\n\n\n<blockquote class=\"wp-block-quote is-layout-flow wp-block-quote-is-layout-flow\"><p>Si, tiven unha \u00e9poca na que minorei a marcha na pol\u00edtica, tiven tres fillos e entre os fillos e o traballo ti\u00f1a menos tempo para a pol\u00edtica.<\/p><\/blockquote>\n\n\n\n<p><strong>Cal \u00e9 a t\u00faa profesi\u00f3n?<\/strong><\/p>\n\n\n\n<blockquote class=\"wp-block-quote is-layout-flow wp-block-quote-is-layout-flow\"><p>Son funcionaria da Xunta de Galicia, auxiliar administrativa e levo 33 anos na administraci\u00f3n. Agora mesmo estou en servizos especiais no traballo e estou na escola de Arte Dram\u00e1tico.<\/p><\/blockquote>\n\n\n\n<p><strong>Que bonito, g\u00fastache o teatro ?<\/strong><\/p>\n\n\n\n<blockquote class=\"wp-block-quote is-layout-flow wp-block-quote-is-layout-flow\"><p>G\u00fastame moito<\/p><\/blockquote>\n\n\n\n<p><strong>Ent\u00f3n non necesitas \u00e1 pol\u00edtica para vivir?<\/strong><\/p>\n\n\n\n<blockquote class=\"wp-block-quote is-layout-flow wp-block-quote-is-layout-flow\"><p>Non, claro que non.<\/p><\/blockquote>\n\n\n\n<p><strong>Ti \u00edas de n\u00famero 5 na lista das auton\u00f3micas por Pontevedra e finalmente acadastes 6 actas. Cal foi a t\u00faa reacci\u00f3n canto confirmaches que \u00edas ser deputada?<\/strong><\/p>\n\n\n\n<blockquote class=\"wp-block-quote is-layout-flow wp-block-quote-is-layout-flow\"><p>As enquisas d\u00e1bannos entre catro e cinco e o meu posto andaba bailando. A noite electoral reun\u00edmonos en Coia e cando se confirmou que sa\u00edn deputada tiven unha sensaci\u00f3n de responsabilidade suprema, sensaci\u00f3n que dura meses. \u00c9 algo grande que ten a militancia do BNG, a responsabilidade que tes en falar en nome de miles de persoas e que non podes fallar.<\/p><\/blockquote>\n\n\n\n<p><strong>Como xestiona no parlamento o PP a s\u00faa maior\u00eda absoluta, esmaga \u00e1 oposici\u00f3n ou ten vontade de consenso?<\/strong><\/p>\n\n\n\n<blockquote class=\"wp-block-quote is-layout-flow wp-block-quote-is-layout-flow\"><p>Non ten vontade de consenso, ten maior\u00eda esmagadora. A n\u00f3s non nos aceptaron ningunha soa emenda no debate de Estado de Naci\u00f3n.<\/p><\/blockquote>\n\n\n\n<p><strong>As do PSOE tam\u00e9n as rexeitaron todas?<\/strong><\/p>\n\n\n\n<blockquote class=\"wp-block-quote is-layout-flow wp-block-quote-is-layout-flow\"><p>Non, a eles acept\u00e1ronlle algunha.<\/p><\/blockquote>\n\n\n\n<p><strong>Ent\u00f3n a vontade de consenso que presume Feij\u00f3o e puramente est\u00e9tica?<\/strong><\/p>\n\n\n\n<blockquote class=\"wp-block-quote is-layout-flow wp-block-quote-is-layout-flow\"><p>Puramente anuncios e propaganda que \u00e9 o que mellor fai.<\/p><\/blockquote>\n\n\n\n<p><strong>Que atopaches ao chegar ao parlamento, o que esperabas ou foi algo diferente?<\/strong><\/p>\n\n\n\n<blockquote class=\"wp-block-quote is-layout-flow wp-block-quote-is-layout-flow\"><p>Atopei o que me esperaba. Cando estiven en Eduardo Chao estabamos moi activas na pol\u00edtica e ti\u00f1amos contacto directo con grupos pol\u00edticos do Concello e coa experiencia adquirida desta \u00e9poca non houbo grandes cambios da idea que eu levaba.<\/p><\/blockquote>\n\n\n\n<blockquote class=\"wp-block-quote is-layout-flow wp-block-quote-is-layout-flow\"><p>Coa maior\u00eda do PP non se poden cambiar nada, s\u00f3 traballar, traballar e traballar.<\/p><\/blockquote>\n\n\n\n<p><strong>Vigo ten un problema enorme de perda de capacidade industrial. \u00c9 especialmente grave no que atinxe ao sector naval que est\u00e1 catat\u00f3nico. Hai algunha posibilidade de reverter a situaci\u00f3n de Vulcano e de Barreras?<\/strong><\/p>\n\n\n\n<blockquote class=\"wp-block-quote is-layout-flow wp-block-quote-is-layout-flow\"><p>N\u00f3s creemos que si, neste ano e medio sempre levamos a mesma proposta. A Xunta de Galicia e o goberno do Estado te\u00f1en que entrar con participaci\u00f3n p\u00fablica no estaleiro de Barreras, vai ser a \u00fanica forma de darlle estabilidade e que sexa viable. O Estado pode perder 400 mill\u00f3ns de euros se Ritz Carlton desaparece.<\/p><\/blockquote>\n\n\n\n<blockquote class=\"wp-block-quote is-layout-flow wp-block-quote-is-layout-flow\"><p>En Vulcano basta con que o porto deixe de po\u00f1er paos nas rodas.<\/p><\/blockquote>\n\n\n\n<p><strong>E por que os pon?<\/strong><\/p>\n\n\n\n<blockquote class=\"wp-block-quote is-layout-flow wp-block-quote-is-layout-flow\"><p>N\u00f3s creemos que ten un proxecto de futuro moi claro e non vai pola construci\u00f3n naval, queren ampliar a zona de lox\u00edstica de contedores.<\/p><\/blockquote>\n\n\n\n<blockquote class=\"wp-block-quote is-layout-flow wp-block-quote-is-layout-flow\"><p>Agora mesmo al\u00ed hai unha empresa con seis traballadores, San Enrique. Esta empresa ti\u00f1a carga de traballo e tivo que deixalo porque non lle permiten usar a l\u00e1mina de auga de maneira temporal. Eu levei en xullo unha iniciativa ao parlamento para que lles permitisen utilizar a l\u00e1mina de auga de maneira temporal ata que se resolva o concurso de concesi\u00f3n definitiva, para que axilicen estes prazos e que sexa para construci\u00f3n naval. Todos votaron a favor, o presidente do porto dixo que a concesi\u00f3n \u00eda ser prioritaria e que non haber\u00eda problemas. A esta alturas a\u00ednda non as concederon, vemos que hai un aut\u00e9ntico atranco e a nosa sensaci\u00f3n \u00e9 que parece que non hai moito interese.<\/p><\/blockquote>\n\n\n\n<p><strong>Na crise do naval vigu\u00e9s o alcalde de Vigo mira cara outro lado?<\/strong><\/p>\n\n\n\n<blockquote class=\"wp-block-quote is-layout-flow wp-block-quote-is-layout-flow\"><p>O PP ten responsabilidade directa pero o PSOE non ten intenci\u00f3n ningunha de resolvelo cando poden. Agora mesmo est\u00e1n coa tramitaci\u00f3n dos orzamentos 2022 no Estado. O BNG meteu emendas tanto no Estado como na Xunta para apuntalar o sector naval e crear un plan estrat\u00e9xico para o sector vigu\u00e9s e foron votados abaixo tanto no parlamento galego polo PP, como no Estado polo PSOE.<\/p><\/blockquote>\n\n\n\n<p><strong>Unha cousa que me chama moit\u00edsimo a atenci\u00f3n e que o PSOE no debate dos orzamentos do estado aceptou emendas de absolutamente todos os partidos que os apoiaron na investidura menos as do BNG, isto para min non pode ser casual. Que valoraci\u00f3n fas ?<\/strong><\/p>\n\n\n\n<blockquote class=\"wp-block-quote is-layout-flow wp-block-quote-is-layout-flow\"><p>N\u00e9stor explicouno moi ben. \u00c9 certo que non aprobaron ningunha das emendas deste ano, pero que a posici\u00f3n do BNG o ano pasado nos orzamentos f\u00edxolles recapacitar e a cont\u00eda mellorou nunha boa cantidade, non o suficiente. Necesitamos m\u00e1is deputados e deputadas do BNG no congreso porque ao PSOE non lles importa os problemas dos galegos e das galegas, imp\u00f3rtalles poder seguir gobernando.<\/p><\/blockquote>\n\n\n\n<p><strong>Rematamos Carmela. Cando Ana Pont\u00f3n manifestou a s\u00faa vontade de reflexionar, sobre o seu papel no BNG, distintos medios de comunicaci\u00f3n falaron de problemas internos no bloque, que hai diso?<\/strong><\/p>\n\n\n\n<blockquote class=\"wp-block-quote is-layout-flow wp-block-quote-is-layout-flow\"><p>Nada, nada en absoluto. Eu o que percibo \u00e9 m\u00e1is uni\u00f3n, cohesi\u00f3n e ilusi\u00f3n que nunca.<\/p><\/blockquote>\n","protected":false},"excerpt":{"rendered":"<div class=\"mh-excerpt\"><p>Carmela \u00e9 unha experimentada activista no asociacionismo veci\u00f1al vigu\u00e9s que ven de estrear responsabilidade org\u00e1nica, pois nas auton\u00f3micas do 2.020 foi elixida deputada nas listas do BNG. Ela \u00e9 de Sai\u00e1ns, a parroquia de Vigo que fai fronteira co Concello de Nigr\u00e1n. E sendo eu da parroquia veci\u00f1a, de Oia, non pod\u00eda quedar sen co\u00f1ecela en profundidade. Vela\u00ed vai o que deu de si a nosa conversa <a class=\"mh-excerpt-more\" href=\"https:\/\/www.anovapeneira.gal\/index.php\/2021\/12\/17\/carmela-gonzalez-deputada-do-bng\/\" title=\"Carmela Gonz\u00e1lez, deputada do BNG\">[&#8230;]<\/a><\/p>\n<\/div>","protected":false},"author":2,"featured_media":6608,"comment_status":"open","ping_status":"open","sticky":false,"template":"","format":"standard","meta":{"_exactmetrics_skip_tracking":false,"_exactmetrics_sitenote_active":false,"_exactmetrics_sitenote_note":"","_exactmetrics_sitenote_category":0,"footnotes":""},"categories":[272],"tags":[],"class_list":{"0":"post-6606","1":"post","2":"type-post","3":"status-publish","4":"format-standard","5":"has-post-thumbnail","7":"category-vigo-entrevistas"},"yoast_head":"<!-- This site is optimized with the Yoast SEO plugin v27.4 - https:\/\/yoast.com\/product\/yoast-seo-wordpress\/ -->\n<title>Carmela Gonz\u00e1lez, deputada do BNG -<\/title>\n<meta name=\"description\" content=\"Carmela \u00e9 unha experimentada activista no asociacionismo veci\u00f1al vigu\u00e9s que ven de estrear responsabilidade org\u00e1nica, pois nas auton\u00f3micas do 2.020 foi elixida deputada nas listas do BNG. Ela \u00e9 de Sai\u00e1ns, a parroquia de Vigo que fai fronteira co Concello de Nigr\u00e1n. E sendo eu da parroquia veci\u00f1a, de Oia, non pod\u00eda quedar sen co\u00f1ecela en profundidade. Vela\u00ed vai o que deu de si a nosa conversa\" \/>\n<meta name=\"robots\" content=\"index, follow, max-snippet:-1, max-image-preview:large, max-video-preview:-1\" \/>\n<link rel=\"canonical\" href=\"https:\/\/www.anovapeneira.gal\/index.php\/2021\/12\/17\/carmela-gonzalez-deputada-do-bng\/\" \/>\n<meta property=\"og:locale\" content=\"gl_ES\" \/>\n<meta property=\"og:type\" content=\"article\" \/>\n<meta property=\"og:title\" content=\"Carmela Gonz\u00e1lez, deputada do BNG -\" \/>\n<meta property=\"og:description\" content=\"Carmela \u00e9 unha experimentada activista no asociacionismo veci\u00f1al vigu\u00e9s que ven de estrear responsabilidade org\u00e1nica, pois nas auton\u00f3micas do 2.020 foi elixida deputada nas listas do BNG. Ela \u00e9 de Sai\u00e1ns, a parroquia de Vigo que fai fronteira co Concello de Nigr\u00e1n. E sendo eu da parroquia veci\u00f1a, de Oia, non pod\u00eda quedar sen co\u00f1ecela en profundidade. Vela\u00ed vai o que deu de si a nosa conversa\" \/>\n<meta property=\"og:url\" content=\"https:\/\/www.anovapeneira.gal\/index.php\/2021\/12\/17\/carmela-gonzalez-deputada-do-bng\/\" \/>\n<meta property=\"article:publisher\" content=\"https:\/\/www.facebook.com\/anovapeneira\" \/>\n<meta property=\"article:published_time\" content=\"2021-12-17T11:00:17+00:00\" \/>\n<meta property=\"article:modified_time\" content=\"2021-12-17T16:23:43+00:00\" \/>\n<meta property=\"og:image\" content=\"https:\/\/www.anovapeneira.gal\/wp-content\/uploads\/2021\/12\/carmela_gonzalez_vigo.jpg\" \/>\n\t<meta property=\"og:image:width\" content=\"720\" \/>\n\t<meta property=\"og:image:height\" content=\"432\" \/>\n\t<meta property=\"og:image:type\" content=\"image\/jpeg\" \/>\n<meta name=\"author\" content=\"Tino Lago\" \/>\n<meta name=\"twitter:card\" content=\"summary_large_image\" \/>\n<meta name=\"twitter:creator\" content=\"@APeneira\" \/>\n<meta name=\"twitter:site\" content=\"@APeneira\" \/>\n<meta name=\"twitter:label1\" content=\"Escrito por\" \/>\n\t<meta name=\"twitter:data1\" content=\"Tino Lago\" \/>\n\t<meta name=\"twitter:label2\" content=\"Tempo de lectura\" \/>\n\t<meta name=\"twitter:data2\" content=\"7 minutos\" \/>\n<script type=\"application\/ld+json\" class=\"yoast-schema-graph\">{\"@context\":\"https:\\\/\\\/schema.org\",\"@graph\":[{\"@type\":\"Article\",\"@id\":\"https:\\\/\\\/www.anovapeneira.gal\\\/index.php\\\/2021\\\/12\\\/17\\\/carmela-gonzalez-deputada-do-bng\\\/#article\",\"isPartOf\":{\"@id\":\"https:\\\/\\\/www.anovapeneira.gal\\\/index.php\\\/2021\\\/12\\\/17\\\/carmela-gonzalez-deputada-do-bng\\\/\"},\"author\":{\"name\":\"Tino Lago\",\"@id\":\"https:\\\/\\\/www.anovapeneira.gal\\\/#\\\/schema\\\/person\\\/424dfe65e3070fd8a44d22d2c088762a\"},\"headline\":\"Carmela Gonz\u00e1lez, deputada do BNG\",\"datePublished\":\"2021-12-17T11:00:17+00:00\",\"dateModified\":\"2021-12-17T16:23:43+00:00\",\"mainEntityOfPage\":{\"@id\":\"https:\\\/\\\/www.anovapeneira.gal\\\/index.php\\\/2021\\\/12\\\/17\\\/carmela-gonzalez-deputada-do-bng\\\/\"},\"wordCount\":1692,\"commentCount\":0,\"publisher\":{\"@id\":\"https:\\\/\\\/www.anovapeneira.gal\\\/#organization\"},\"image\":{\"@id\":\"https:\\\/\\\/www.anovapeneira.gal\\\/index.php\\\/2021\\\/12\\\/17\\\/carmela-gonzalez-deputada-do-bng\\\/#primaryimage\"},\"thumbnailUrl\":\"https:\\\/\\\/www.anovapeneira.gal\\\/wp-content\\\/uploads\\\/2021\\\/12\\\/carmela_gonzalez_vigo.jpg\",\"articleSection\":[\"Vigo\"],\"inLanguage\":\"gl-ES\",\"potentialAction\":[{\"@type\":\"CommentAction\",\"name\":\"Comment\",\"target\":[\"https:\\\/\\\/www.anovapeneira.gal\\\/index.php\\\/2021\\\/12\\\/17\\\/carmela-gonzalez-deputada-do-bng\\\/#respond\"]}]},{\"@type\":\"WebPage\",\"@id\":\"https:\\\/\\\/www.anovapeneira.gal\\\/index.php\\\/2021\\\/12\\\/17\\\/carmela-gonzalez-deputada-do-bng\\\/\",\"url\":\"https:\\\/\\\/www.anovapeneira.gal\\\/index.php\\\/2021\\\/12\\\/17\\\/carmela-gonzalez-deputada-do-bng\\\/\",\"name\":\"Carmela Gonz\u00e1lez, deputada do BNG -\",\"isPartOf\":{\"@id\":\"https:\\\/\\\/www.anovapeneira.gal\\\/#website\"},\"primaryImageOfPage\":{\"@id\":\"https:\\\/\\\/www.anovapeneira.gal\\\/index.php\\\/2021\\\/12\\\/17\\\/carmela-gonzalez-deputada-do-bng\\\/#primaryimage\"},\"image\":{\"@id\":\"https:\\\/\\\/www.anovapeneira.gal\\\/index.php\\\/2021\\\/12\\\/17\\\/carmela-gonzalez-deputada-do-bng\\\/#primaryimage\"},\"thumbnailUrl\":\"https:\\\/\\\/www.anovapeneira.gal\\\/wp-content\\\/uploads\\\/2021\\\/12\\\/carmela_gonzalez_vigo.jpg\",\"datePublished\":\"2021-12-17T11:00:17+00:00\",\"dateModified\":\"2021-12-17T16:23:43+00:00\",\"description\":\"Carmela \u00e9 unha experimentada activista no asociacionismo veci\u00f1al vigu\u00e9s que ven de estrear responsabilidade org\u00e1nica, pois nas auton\u00f3micas do 2.020 foi elixida deputada nas listas do BNG. Ela \u00e9 de Sai\u00e1ns, a parroquia de Vigo que fai fronteira co Concello de Nigr\u00e1n. E sendo eu da parroquia veci\u00f1a, de Oia, non pod\u00eda quedar sen co\u00f1ecela en profundidade. Vela\u00ed vai o que deu de si a nosa conversa\",\"breadcrumb\":{\"@id\":\"https:\\\/\\\/www.anovapeneira.gal\\\/index.php\\\/2021\\\/12\\\/17\\\/carmela-gonzalez-deputada-do-bng\\\/#breadcrumb\"},\"inLanguage\":\"gl-ES\",\"potentialAction\":[{\"@type\":\"ReadAction\",\"target\":[\"https:\\\/\\\/www.anovapeneira.gal\\\/index.php\\\/2021\\\/12\\\/17\\\/carmela-gonzalez-deputada-do-bng\\\/\"]}]},{\"@type\":\"ImageObject\",\"inLanguage\":\"gl-ES\",\"@id\":\"https:\\\/\\\/www.anovapeneira.gal\\\/index.php\\\/2021\\\/12\\\/17\\\/carmela-gonzalez-deputada-do-bng\\\/#primaryimage\",\"url\":\"https:\\\/\\\/www.anovapeneira.gal\\\/wp-content\\\/uploads\\\/2021\\\/12\\\/carmela_gonzalez_vigo.jpg\",\"contentUrl\":\"https:\\\/\\\/www.anovapeneira.gal\\\/wp-content\\\/uploads\\\/2021\\\/12\\\/carmela_gonzalez_vigo.jpg\",\"width\":720,\"height\":432,\"caption\":\"Carmela Gonz\u00e1lez BNG\"},{\"@type\":\"BreadcrumbList\",\"@id\":\"https:\\\/\\\/www.anovapeneira.gal\\\/index.php\\\/2021\\\/12\\\/17\\\/carmela-gonzalez-deputada-do-bng\\\/#breadcrumb\",\"itemListElement\":[{\"@type\":\"ListItem\",\"position\":1,\"name\":\"Portada\",\"item\":\"https:\\\/\\\/www.anovapeneira.gal\\\/\"},{\"@type\":\"ListItem\",\"position\":2,\"name\":\"Carmela Gonz\u00e1lez, deputada do BNG\"}]},{\"@type\":\"WebSite\",\"@id\":\"https:\\\/\\\/www.anovapeneira.gal\\\/#website\",\"url\":\"https:\\\/\\\/www.anovapeneira.gal\\\/\",\"name\":\"\",\"description\":\"Xornal galego de informaci\u00f3n xeral Publicaci\u00f3n mensual de novas de Galicia e en especial dos Concellos da sur da provincia de Pontevedra.\",\"publisher\":{\"@id\":\"https:\\\/\\\/www.anovapeneira.gal\\\/#organization\"},\"potentialAction\":[{\"@type\":\"SearchAction\",\"target\":{\"@type\":\"EntryPoint\",\"urlTemplate\":\"https:\\\/\\\/www.anovapeneira.gal\\\/?s={search_term_string}\"},\"query-input\":{\"@type\":\"PropertyValueSpecification\",\"valueRequired\":true,\"valueName\":\"search_term_string\"}}],\"inLanguage\":\"gl-ES\"},{\"@type\":\"Organization\",\"@id\":\"https:\\\/\\\/www.anovapeneira.gal\\\/#organization\",\"name\":\"A Nova Peneira\",\"url\":\"https:\\\/\\\/www.anovapeneira.gal\\\/\",\"logo\":{\"@type\":\"ImageObject\",\"inLanguage\":\"gl-ES\",\"@id\":\"https:\\\/\\\/www.anovapeneira.gal\\\/#\\\/schema\\\/logo\\\/image\\\/\",\"url\":\"http:\\\/\\\/www.anovapeneira.gal\\\/wp-content\\\/uploads\\\/2019\\\/06\\\/logo_a_nova_peneira_portal_web.png\",\"contentUrl\":\"http:\\\/\\\/www.anovapeneira.gal\\\/wp-content\\\/uploads\\\/2019\\\/06\\\/logo_a_nova_peneira_portal_web.png\",\"width\":300,\"height\":100,\"caption\":\"A Nova Peneira\"},\"image\":{\"@id\":\"https:\\\/\\\/www.anovapeneira.gal\\\/#\\\/schema\\\/logo\\\/image\\\/\"},\"sameAs\":[\"https:\\\/\\\/www.facebook.com\\\/anovapeneira\",\"https:\\\/\\\/x.com\\\/APeneira\"]},{\"@type\":\"Person\",\"@id\":\"https:\\\/\\\/www.anovapeneira.gal\\\/#\\\/schema\\\/person\\\/424dfe65e3070fd8a44d22d2c088762a\",\"name\":\"Tino Lago\",\"image\":{\"@type\":\"ImageObject\",\"inLanguage\":\"gl-ES\",\"@id\":\"https:\\\/\\\/secure.gravatar.com\\\/avatar\\\/b3df6a06e44bab3111583b90f0f33a0379ee5e3d22cbadd232d39f21c30c62be?s=96&d=mm&r=g\",\"url\":\"https:\\\/\\\/secure.gravatar.com\\\/avatar\\\/b3df6a06e44bab3111583b90f0f33a0379ee5e3d22cbadd232d39f21c30c62be?s=96&d=mm&r=g\",\"contentUrl\":\"https:\\\/\\\/secure.gravatar.com\\\/avatar\\\/b3df6a06e44bab3111583b90f0f33a0379ee5e3d22cbadd232d39f21c30c62be?s=96&d=mm&r=g\",\"caption\":\"Tino Lago\"},\"sameAs\":[\"http:\\\/\\\/www.anovapeneira.gal\"],\"url\":\"https:\\\/\\\/www.anovapeneira.gal\\\/index.php\\\/author\\\/director\\\/\"}]}<\/script>\n<!-- \/ Yoast SEO plugin. -->","yoast_head_json":{"title":"Carmela Gonz\u00e1lez, deputada do BNG -","description":"Carmela \u00e9 unha experimentada activista no asociacionismo veci\u00f1al vigu\u00e9s que ven de estrear responsabilidade org\u00e1nica, pois nas auton\u00f3micas do 2.020 foi elixida deputada nas listas do BNG. Ela \u00e9 de Sai\u00e1ns, a parroquia de Vigo que fai fronteira co Concello de Nigr\u00e1n. E sendo eu da parroquia veci\u00f1a, de Oia, non pod\u00eda quedar sen co\u00f1ecela en profundidade. Vela\u00ed vai o que deu de si a nosa conversa","robots":{"index":"index","follow":"follow","max-snippet":"max-snippet:-1","max-image-preview":"max-image-preview:large","max-video-preview":"max-video-preview:-1"},"canonical":"https:\/\/www.anovapeneira.gal\/index.php\/2021\/12\/17\/carmela-gonzalez-deputada-do-bng\/","og_locale":"gl_ES","og_type":"article","og_title":"Carmela Gonz\u00e1lez, deputada do BNG -","og_description":"Carmela \u00e9 unha experimentada activista no asociacionismo veci\u00f1al vigu\u00e9s que ven de estrear responsabilidade org\u00e1nica, pois nas auton\u00f3micas do 2.020 foi elixida deputada nas listas do BNG. Ela \u00e9 de Sai\u00e1ns, a parroquia de Vigo que fai fronteira co Concello de Nigr\u00e1n. E sendo eu da parroquia veci\u00f1a, de Oia, non pod\u00eda quedar sen co\u00f1ecela en profundidade. Vela\u00ed vai o que deu de si a nosa conversa","og_url":"https:\/\/www.anovapeneira.gal\/index.php\/2021\/12\/17\/carmela-gonzalez-deputada-do-bng\/","article_publisher":"https:\/\/www.facebook.com\/anovapeneira","article_published_time":"2021-12-17T11:00:17+00:00","article_modified_time":"2021-12-17T16:23:43+00:00","og_image":[{"width":720,"height":432,"url":"https:\/\/www.anovapeneira.gal\/wp-content\/uploads\/2021\/12\/carmela_gonzalez_vigo.jpg","type":"image\/jpeg"}],"author":"Tino Lago","twitter_card":"summary_large_image","twitter_creator":"@APeneira","twitter_site":"@APeneira","twitter_misc":{"Escrito por":"Tino Lago","Tempo de lectura":"7 minutos"},"schema":{"@context":"https:\/\/schema.org","@graph":[{"@type":"Article","@id":"https:\/\/www.anovapeneira.gal\/index.php\/2021\/12\/17\/carmela-gonzalez-deputada-do-bng\/#article","isPartOf":{"@id":"https:\/\/www.anovapeneira.gal\/index.php\/2021\/12\/17\/carmela-gonzalez-deputada-do-bng\/"},"author":{"name":"Tino Lago","@id":"https:\/\/www.anovapeneira.gal\/#\/schema\/person\/424dfe65e3070fd8a44d22d2c088762a"},"headline":"Carmela Gonz\u00e1lez, deputada do BNG","datePublished":"2021-12-17T11:00:17+00:00","dateModified":"2021-12-17T16:23:43+00:00","mainEntityOfPage":{"@id":"https:\/\/www.anovapeneira.gal\/index.php\/2021\/12\/17\/carmela-gonzalez-deputada-do-bng\/"},"wordCount":1692,"commentCount":0,"publisher":{"@id":"https:\/\/www.anovapeneira.gal\/#organization"},"image":{"@id":"https:\/\/www.anovapeneira.gal\/index.php\/2021\/12\/17\/carmela-gonzalez-deputada-do-bng\/#primaryimage"},"thumbnailUrl":"https:\/\/www.anovapeneira.gal\/wp-content\/uploads\/2021\/12\/carmela_gonzalez_vigo.jpg","articleSection":["Vigo"],"inLanguage":"gl-ES","potentialAction":[{"@type":"CommentAction","name":"Comment","target":["https:\/\/www.anovapeneira.gal\/index.php\/2021\/12\/17\/carmela-gonzalez-deputada-do-bng\/#respond"]}]},{"@type":"WebPage","@id":"https:\/\/www.anovapeneira.gal\/index.php\/2021\/12\/17\/carmela-gonzalez-deputada-do-bng\/","url":"https:\/\/www.anovapeneira.gal\/index.php\/2021\/12\/17\/carmela-gonzalez-deputada-do-bng\/","name":"Carmela Gonz\u00e1lez, deputada do BNG -","isPartOf":{"@id":"https:\/\/www.anovapeneira.gal\/#website"},"primaryImageOfPage":{"@id":"https:\/\/www.anovapeneira.gal\/index.php\/2021\/12\/17\/carmela-gonzalez-deputada-do-bng\/#primaryimage"},"image":{"@id":"https:\/\/www.anovapeneira.gal\/index.php\/2021\/12\/17\/carmela-gonzalez-deputada-do-bng\/#primaryimage"},"thumbnailUrl":"https:\/\/www.anovapeneira.gal\/wp-content\/uploads\/2021\/12\/carmela_gonzalez_vigo.jpg","datePublished":"2021-12-17T11:00:17+00:00","dateModified":"2021-12-17T16:23:43+00:00","description":"Carmela \u00e9 unha experimentada activista no asociacionismo veci\u00f1al vigu\u00e9s que ven de estrear responsabilidade org\u00e1nica, pois nas auton\u00f3micas do 2.020 foi elixida deputada nas listas do BNG. Ela \u00e9 de Sai\u00e1ns, a parroquia de Vigo que fai fronteira co Concello de Nigr\u00e1n. E sendo eu da parroquia veci\u00f1a, de Oia, non pod\u00eda quedar sen co\u00f1ecela en profundidade. Vela\u00ed vai o que deu de si a nosa conversa","breadcrumb":{"@id":"https:\/\/www.anovapeneira.gal\/index.php\/2021\/12\/17\/carmela-gonzalez-deputada-do-bng\/#breadcrumb"},"inLanguage":"gl-ES","potentialAction":[{"@type":"ReadAction","target":["https:\/\/www.anovapeneira.gal\/index.php\/2021\/12\/17\/carmela-gonzalez-deputada-do-bng\/"]}]},{"@type":"ImageObject","inLanguage":"gl-ES","@id":"https:\/\/www.anovapeneira.gal\/index.php\/2021\/12\/17\/carmela-gonzalez-deputada-do-bng\/#primaryimage","url":"https:\/\/www.anovapeneira.gal\/wp-content\/uploads\/2021\/12\/carmela_gonzalez_vigo.jpg","contentUrl":"https:\/\/www.anovapeneira.gal\/wp-content\/uploads\/2021\/12\/carmela_gonzalez_vigo.jpg","width":720,"height":432,"caption":"Carmela Gonz\u00e1lez BNG"},{"@type":"BreadcrumbList","@id":"https:\/\/www.anovapeneira.gal\/index.php\/2021\/12\/17\/carmela-gonzalez-deputada-do-bng\/#breadcrumb","itemListElement":[{"@type":"ListItem","position":1,"name":"Portada","item":"https:\/\/www.anovapeneira.gal\/"},{"@type":"ListItem","position":2,"name":"Carmela Gonz\u00e1lez, deputada do BNG"}]},{"@type":"WebSite","@id":"https:\/\/www.anovapeneira.gal\/#website","url":"https:\/\/www.anovapeneira.gal\/","name":"","description":"Xornal galego de informaci\u00f3n xeral Publicaci\u00f3n mensual de novas de Galicia e en especial dos Concellos da sur da provincia de Pontevedra.","publisher":{"@id":"https:\/\/www.anovapeneira.gal\/#organization"},"potentialAction":[{"@type":"SearchAction","target":{"@type":"EntryPoint","urlTemplate":"https:\/\/www.anovapeneira.gal\/?s={search_term_string}"},"query-input":{"@type":"PropertyValueSpecification","valueRequired":true,"valueName":"search_term_string"}}],"inLanguage":"gl-ES"},{"@type":"Organization","@id":"https:\/\/www.anovapeneira.gal\/#organization","name":"A Nova Peneira","url":"https:\/\/www.anovapeneira.gal\/","logo":{"@type":"ImageObject","inLanguage":"gl-ES","@id":"https:\/\/www.anovapeneira.gal\/#\/schema\/logo\/image\/","url":"http:\/\/www.anovapeneira.gal\/wp-content\/uploads\/2019\/06\/logo_a_nova_peneira_portal_web.png","contentUrl":"http:\/\/www.anovapeneira.gal\/wp-content\/uploads\/2019\/06\/logo_a_nova_peneira_portal_web.png","width":300,"height":100,"caption":"A Nova Peneira"},"image":{"@id":"https:\/\/www.anovapeneira.gal\/#\/schema\/logo\/image\/"},"sameAs":["https:\/\/www.facebook.com\/anovapeneira","https:\/\/x.com\/APeneira"]},{"@type":"Person","@id":"https:\/\/www.anovapeneira.gal\/#\/schema\/person\/424dfe65e3070fd8a44d22d2c088762a","name":"Tino Lago","image":{"@type":"ImageObject","inLanguage":"gl-ES","@id":"https:\/\/secure.gravatar.com\/avatar\/b3df6a06e44bab3111583b90f0f33a0379ee5e3d22cbadd232d39f21c30c62be?s=96&d=mm&r=g","url":"https:\/\/secure.gravatar.com\/avatar\/b3df6a06e44bab3111583b90f0f33a0379ee5e3d22cbadd232d39f21c30c62be?s=96&d=mm&r=g","contentUrl":"https:\/\/secure.gravatar.com\/avatar\/b3df6a06e44bab3111583b90f0f33a0379ee5e3d22cbadd232d39f21c30c62be?s=96&d=mm&r=g","caption":"Tino Lago"},"sameAs":["http:\/\/www.anovapeneira.gal"],"url":"https:\/\/www.anovapeneira.gal\/index.php\/author\/director\/"}]}},"jetpack_featured_media_url":"https:\/\/www.anovapeneira.gal\/wp-content\/uploads\/2021\/12\/carmela_gonzalez_vigo.jpg","_links":{"self":[{"href":"https:\/\/www.anovapeneira.gal\/index.php\/wp-json\/wp\/v2\/posts\/6606","targetHints":{"allow":["GET"]}}],"collection":[{"href":"https:\/\/www.anovapeneira.gal\/index.php\/wp-json\/wp\/v2\/posts"}],"about":[{"href":"https:\/\/www.anovapeneira.gal\/index.php\/wp-json\/wp\/v2\/types\/post"}],"author":[{"embeddable":true,"href":"https:\/\/www.anovapeneira.gal\/index.php\/wp-json\/wp\/v2\/users\/2"}],"replies":[{"embeddable":true,"href":"https:\/\/www.anovapeneira.gal\/index.php\/wp-json\/wp\/v2\/comments?post=6606"}],"version-history":[{"count":3,"href":"https:\/\/www.anovapeneira.gal\/index.php\/wp-json\/wp\/v2\/posts\/6606\/revisions"}],"predecessor-version":[{"id":6655,"href":"https:\/\/www.anovapeneira.gal\/index.php\/wp-json\/wp\/v2\/posts\/6606\/revisions\/6655"}],"wp:featuredmedia":[{"embeddable":true,"href":"https:\/\/www.anovapeneira.gal\/index.php\/wp-json\/wp\/v2\/media\/6608"}],"wp:attachment":[{"href":"https:\/\/www.anovapeneira.gal\/index.php\/wp-json\/wp\/v2\/media?parent=6606"}],"wp:term":[{"taxonomy":"category","embeddable":true,"href":"https:\/\/www.anovapeneira.gal\/index.php\/wp-json\/wp\/v2\/categories?post=6606"},{"taxonomy":"post_tag","embeddable":true,"href":"https:\/\/www.anovapeneira.gal\/index.php\/wp-json\/wp\/v2\/tags?post=6606"}],"curies":[{"name":"wp","href":"https:\/\/api.w.org\/{rel}","templated":true}]}}