{"id":661,"date":"2019-07-23T23:22:47","date_gmt":"2019-07-23T21:22:47","guid":{"rendered":"http:\/\/www.anovapeneira.gal\/?p=661"},"modified":"2019-07-24T08:26:58","modified_gmt":"2019-07-24T06:26:58","slug":"unha-nova-volta-de-porca-no-desmantelamento-do-rural-galego","status":"publish","type":"post","link":"https:\/\/www.anovapeneira.gal\/index.php\/2019\/07\/23\/unha-nova-volta-de-porca-no-desmantelamento-do-rural-galego\/","title":{"rendered":"Unha nova volta de porca no desmantelamento do rural galego"},"content":{"rendered":"\n<h2 class=\"wp-block-heading\"> <strong>A Xunta pecha a EEI da parroquia viguesa de Zam\u00e1ns<\/strong><\/h2>\n\n\n\n<p>As distintas administraci\u00f3ns te\u00f1en a obriga  de dotar a todas  as zonas que administran de servizos suficientes e dignos para que as persoas poidan desenvolver, se as\u00ed o desexan, un proxecto vital persoal al\u00ed onde son naturais. Galicia \u00e9 un pa\u00eds que historicamente  leva padecido a peste da emigraci\u00f3n desde a noite dos tempos. Ao longo da historia, xeraci\u00f3ns de mulleres e homes tiveron que marcharse do lugar onde naceron, no que experimentaron as s\u00faas primeiras experiencias vitais, no que riron, choraron, sufriron e amaron por primeira vez, non porque sexamos un pobo especialmente viaxeiro, sen\u00f3n porque decisi\u00f3ns pol\u00edticas que toman outros fan que a moitas mozas e mozos non lles quede outra que emigrar para poder sobrevivir. Cando Rosal\u00eda cantaba aquelo de \u201c Adi\u00f3s r\u00edos adi\u00f3s fontes, Adi\u00f3s regatos pequenos, Adi\u00f3s vista dos meus ollos, non sei cando nos veremos\u201d non foi porque tivera un momento de especial intensidade intimista relacionado cunha despedida, foi porque estaba describindo a triste realidade deste pa\u00eds; sendo potencialmente ricos como somos, en moitas ocasi\u00f3ns non queda outro remedio que marchar porque non temos servizos suficientemente dignos ao noso car\u00f3n. O rural galego \u00e9 un paradigma especialmente grave desta situaci\u00f3n e a nefasta pol\u00edtica educativa da Xunta que, cal moderno Atila, pecha colexios ao longo e ancho de toda a xeograf\u00eda de Galicia non fai m\u00e1is que dificultar que as mulleres e homes que queiran vivir no rural poidan facelo.  Dic\u00eda o presidente Feijoo, a comezos desta lexislatura, que esta ser\u00eda a do rural, se cadra esqueceu dicir que ser\u00eda a do desmantelamento do rural.<\/p>\n\n\n\n<p>Non\nsei exactamente cantos anos de vida ten a escola de Zam\u00e1ns, pero\ndemos unha volta pola parroquia  e preguntamos a distintas persoas\nque andan polas 8 d\u00e9cadas, e as versi\u00f3ns son coincidentes en\natribu\u00edrlle entre 65-70 anos de vida. Seica todo comezou hai arredor\nde 70 anos, cun incendio que destru\u00edu por completo o antigo colexio,\nsituado nos baixos do que \u00e9 o actual centro cultural. O concello\nmercou ent\u00f3n o que era unha vivenda familiar particular, e desde\naquela, de maneira ininterrompida ata hoxe, foi a escola da\nparroquia. Tres xeraci\u00f3ns pasaron xa polas s\u00faas aulas; av\u00f3s fillos\ne netos de Zam\u00e1ns aprenderon as s\u00faas primeiras letras e\nexperimentaron os seus primeiros xogos colectivos no interior das\nvellas pedras da unitaria hoxe pechada. Foi escola de educaci\u00f3n\ninfantil e primaria, chegou a dar acubillo a ducias e ducias de nenas\ne nenos, non hai moito tempo 19 crianzas eran alumnas e alumnos desa\nescola, e nos \u00faltimos anos unha media de 9 alumnos e alumnas\nestudaban al\u00ed. De feito no curso 2.018-2.019 atendeu a esta\ncantidade de nenas e nenos, s\u00f3 no curso que comezar\u00e1 no vindeiro\nmes de setembro baixar\u00edan as e os matriculados do n\u00famero m\u00ednimo de\n6 que esixe a norma para manter unha unitaria aberta, pois son 5 os\nmatriculados. A Xunta, de maneira inmediata comunicou o seu peche sen\ndar segundas oportunidades, e por aforrar unha cantidade \u00ednfima de\narredor de 1.000\u20ac de dotaci\u00f3n de material que \u00e9 o gasto que lle\nd\u00e1 esa escola \u00e1 administraci\u00f3n auton\u00f3mica, pecha a escola. No\nmomento presente s\u00f3 unha profesora presta os seus servizos na\nunitaria de Zam\u00e1ns, ao ser un centro de ensino p\u00fablico, supomos que\nser\u00e1 funcionaria xa que logo a Conseller\u00eda ter\u00e1 que\nproporcionarlle un novo destino, e considerando que o edificio \u00e9 de\npropiedade municipal e o seu mantemento corre pola conta do concello,\ns\u00f3 o aforro da rid\u00edcula cantidade de dotaci\u00f3n que achega a Xunta\nfai que 70 anos de historia colectiva, de lembranzas e sentimentos de\ntres xeraci\u00f3ns de vigueses e viguesas de Zam\u00e1ns sexan guindados \u00e1\npapeleira, como un vulgar obxecto de usar e tirar pola Xunta de\nGalicia.<\/p>\n","protected":false},"excerpt":{"rendered":"<div class=\"mh-excerpt\"><p>As distintas administraci\u00f3ns te\u00f1en a obriga  de dotar a todas  as zonas que administran de servizos suficientes e dignos para que as persoas poidan desenvolver, se as\u00ed o desexan, un proxecto vital persoal al\u00ed onde son naturais <a class=\"mh-excerpt-more\" href=\"https:\/\/www.anovapeneira.gal\/index.php\/2019\/07\/23\/unha-nova-volta-de-porca-no-desmantelamento-do-rural-galego\/\" title=\"Unha nova volta de porca no desmantelamento do rural galego\">[&#8230;]<\/a><\/p>\n<\/div>","protected":false},"author":3,"featured_media":651,"comment_status":"open","ping_status":"open","sticky":false,"template":"","format":"standard","meta":{"_exactmetrics_skip_tracking":false,"_exactmetrics_sitenote_active":false,"_exactmetrics_sitenote_note":"","_exactmetrics_sitenote_category":0,"footnotes":""},"categories":[19],"tags":[227,97,295,294],"class_list":{"0":"post-661","1":"post","2":"type-post","3":"status-publish","4":"format-standard","5":"has-post-thumbnail","7":"category-vigo","8":"tag-concello-de-vigo","9":"tag-educacion","10":"tag-rural","11":"tag-zamans"},"yoast_head":"<!-- This site is optimized with the Yoast SEO plugin v27.4 - https:\/\/yoast.com\/product\/yoast-seo-wordpress\/ -->\n<title>Unha nova volta de porca no desmantelamento do rural galego -<\/title>\n<meta name=\"robots\" content=\"index, follow, max-snippet:-1, max-image-preview:large, max-video-preview:-1\" \/>\n<link rel=\"canonical\" href=\"https:\/\/www.anovapeneira.gal\/index.php\/2019\/07\/23\/unha-nova-volta-de-porca-no-desmantelamento-do-rural-galego\/\" \/>\n<meta property=\"og:locale\" content=\"gl_ES\" \/>\n<meta property=\"og:type\" content=\"article\" \/>\n<meta property=\"og:title\" content=\"Unha nova volta de porca no desmantelamento do rural galego -\" \/>\n<meta property=\"og:description\" content=\"As distintas administraci\u00f3ns te\u00f1en a obriga de dotar a todas as zonas que administran de servizos suficientes e dignos para que as persoas poidan desenvolver, se as\u00ed o desexan, un proxecto vital persoal al\u00ed onde son naturais [...]\" \/>\n<meta property=\"og:url\" content=\"https:\/\/www.anovapeneira.gal\/index.php\/2019\/07\/23\/unha-nova-volta-de-porca-no-desmantelamento-do-rural-galego\/\" \/>\n<meta property=\"article:publisher\" content=\"https:\/\/www.facebook.com\/anovapeneira\" \/>\n<meta property=\"article:published_time\" content=\"2019-07-23T21:22:47+00:00\" \/>\n<meta property=\"article:modified_time\" content=\"2019-07-24T06:26:58+00:00\" \/>\n<meta property=\"og:image\" content=\"https:\/\/www.anovapeneira.gal\/wp-content\/uploads\/2019\/07\/EEI_zamans_a_nova_peneira.jpg\" \/>\n\t<meta property=\"og:image:width\" content=\"720\" \/>\n\t<meta property=\"og:image:height\" content=\"473\" \/>\n\t<meta property=\"og:image:type\" content=\"image\/jpeg\" \/>\n<meta name=\"author\" content=\"Redacci\u00f3n A Nova Peneira\" \/>\n<meta name=\"twitter:card\" content=\"summary_large_image\" \/>\n<meta name=\"twitter:creator\" content=\"@APeneira\" \/>\n<meta name=\"twitter:site\" content=\"@APeneira\" \/>\n<meta name=\"twitter:label1\" content=\"Escrito por\" \/>\n\t<meta name=\"twitter:data1\" content=\"Redacci\u00f3n A Nova Peneira\" \/>\n\t<meta name=\"twitter:label2\" content=\"Tempo de lectura\" \/>\n\t<meta name=\"twitter:data2\" content=\"3 minutos\" \/>\n<script type=\"application\/ld+json\" class=\"yoast-schema-graph\">{\"@context\":\"https:\\\/\\\/schema.org\",\"@graph\":[{\"@type\":\"Article\",\"@id\":\"https:\\\/\\\/www.anovapeneira.gal\\\/index.php\\\/2019\\\/07\\\/23\\\/unha-nova-volta-de-porca-no-desmantelamento-do-rural-galego\\\/#article\",\"isPartOf\":{\"@id\":\"https:\\\/\\\/www.anovapeneira.gal\\\/index.php\\\/2019\\\/07\\\/23\\\/unha-nova-volta-de-porca-no-desmantelamento-do-rural-galego\\\/\"},\"author\":{\"name\":\"Redacci\u00f3n A Nova Peneira\",\"@id\":\"https:\\\/\\\/www.anovapeneira.gal\\\/#\\\/schema\\\/person\\\/b93e3f8932e3f8da96334607eb6ac6aa\"},\"headline\":\"Unha nova volta de porca no desmantelamento do rural galego\",\"datePublished\":\"2019-07-23T21:22:47+00:00\",\"dateModified\":\"2019-07-24T06:26:58+00:00\",\"mainEntityOfPage\":{\"@id\":\"https:\\\/\\\/www.anovapeneira.gal\\\/index.php\\\/2019\\\/07\\\/23\\\/unha-nova-volta-de-porca-no-desmantelamento-do-rural-galego\\\/\"},\"wordCount\":676,\"commentCount\":0,\"publisher\":{\"@id\":\"https:\\\/\\\/www.anovapeneira.gal\\\/#organization\"},\"image\":{\"@id\":\"https:\\\/\\\/www.anovapeneira.gal\\\/index.php\\\/2019\\\/07\\\/23\\\/unha-nova-volta-de-porca-no-desmantelamento-do-rural-galego\\\/#primaryimage\"},\"thumbnailUrl\":\"https:\\\/\\\/www.anovapeneira.gal\\\/wp-content\\\/uploads\\\/2019\\\/07\\\/EEI_zamans_a_nova_peneira.jpg\",\"keywords\":[\"Concello de Vigo\",\"Educaci\u00f3n\",\"Rural\",\"Zam\u00e1ns\"],\"articleSection\":[\"Vigo\"],\"inLanguage\":\"gl-ES\",\"potentialAction\":[{\"@type\":\"CommentAction\",\"name\":\"Comment\",\"target\":[\"https:\\\/\\\/www.anovapeneira.gal\\\/index.php\\\/2019\\\/07\\\/23\\\/unha-nova-volta-de-porca-no-desmantelamento-do-rural-galego\\\/#respond\"]}]},{\"@type\":\"WebPage\",\"@id\":\"https:\\\/\\\/www.anovapeneira.gal\\\/index.php\\\/2019\\\/07\\\/23\\\/unha-nova-volta-de-porca-no-desmantelamento-do-rural-galego\\\/\",\"url\":\"https:\\\/\\\/www.anovapeneira.gal\\\/index.php\\\/2019\\\/07\\\/23\\\/unha-nova-volta-de-porca-no-desmantelamento-do-rural-galego\\\/\",\"name\":\"Unha nova volta de porca no desmantelamento do rural galego -\",\"isPartOf\":{\"@id\":\"https:\\\/\\\/www.anovapeneira.gal\\\/#website\"},\"primaryImageOfPage\":{\"@id\":\"https:\\\/\\\/www.anovapeneira.gal\\\/index.php\\\/2019\\\/07\\\/23\\\/unha-nova-volta-de-porca-no-desmantelamento-do-rural-galego\\\/#primaryimage\"},\"image\":{\"@id\":\"https:\\\/\\\/www.anovapeneira.gal\\\/index.php\\\/2019\\\/07\\\/23\\\/unha-nova-volta-de-porca-no-desmantelamento-do-rural-galego\\\/#primaryimage\"},\"thumbnailUrl\":\"https:\\\/\\\/www.anovapeneira.gal\\\/wp-content\\\/uploads\\\/2019\\\/07\\\/EEI_zamans_a_nova_peneira.jpg\",\"datePublished\":\"2019-07-23T21:22:47+00:00\",\"dateModified\":\"2019-07-24T06:26:58+00:00\",\"breadcrumb\":{\"@id\":\"https:\\\/\\\/www.anovapeneira.gal\\\/index.php\\\/2019\\\/07\\\/23\\\/unha-nova-volta-de-porca-no-desmantelamento-do-rural-galego\\\/#breadcrumb\"},\"inLanguage\":\"gl-ES\",\"potentialAction\":[{\"@type\":\"ReadAction\",\"target\":[\"https:\\\/\\\/www.anovapeneira.gal\\\/index.php\\\/2019\\\/07\\\/23\\\/unha-nova-volta-de-porca-no-desmantelamento-do-rural-galego\\\/\"]}]},{\"@type\":\"ImageObject\",\"inLanguage\":\"gl-ES\",\"@id\":\"https:\\\/\\\/www.anovapeneira.gal\\\/index.php\\\/2019\\\/07\\\/23\\\/unha-nova-volta-de-porca-no-desmantelamento-do-rural-galego\\\/#primaryimage\",\"url\":\"https:\\\/\\\/www.anovapeneira.gal\\\/wp-content\\\/uploads\\\/2019\\\/07\\\/EEI_zamans_a_nova_peneira.jpg\",\"contentUrl\":\"https:\\\/\\\/www.anovapeneira.gal\\\/wp-content\\\/uploads\\\/2019\\\/07\\\/EEI_zamans_a_nova_peneira.jpg\",\"width\":720,\"height\":473,\"caption\":\"EEI Zam\u00e1ns A Nova Peneira\"},{\"@type\":\"BreadcrumbList\",\"@id\":\"https:\\\/\\\/www.anovapeneira.gal\\\/index.php\\\/2019\\\/07\\\/23\\\/unha-nova-volta-de-porca-no-desmantelamento-do-rural-galego\\\/#breadcrumb\",\"itemListElement\":[{\"@type\":\"ListItem\",\"position\":1,\"name\":\"Portada\",\"item\":\"https:\\\/\\\/www.anovapeneira.gal\\\/\"},{\"@type\":\"ListItem\",\"position\":2,\"name\":\"Unha nova volta de porca no desmantelamento do rural galego\"}]},{\"@type\":\"WebSite\",\"@id\":\"https:\\\/\\\/www.anovapeneira.gal\\\/#website\",\"url\":\"https:\\\/\\\/www.anovapeneira.gal\\\/\",\"name\":\"\",\"description\":\"Xornal galego de informaci\u00f3n xeral Publicaci\u00f3n mensual de novas de Galicia e en especial dos Concellos da sur da provincia de Pontevedra.\",\"publisher\":{\"@id\":\"https:\\\/\\\/www.anovapeneira.gal\\\/#organization\"},\"potentialAction\":[{\"@type\":\"SearchAction\",\"target\":{\"@type\":\"EntryPoint\",\"urlTemplate\":\"https:\\\/\\\/www.anovapeneira.gal\\\/?s={search_term_string}\"},\"query-input\":{\"@type\":\"PropertyValueSpecification\",\"valueRequired\":true,\"valueName\":\"search_term_string\"}}],\"inLanguage\":\"gl-ES\"},{\"@type\":\"Organization\",\"@id\":\"https:\\\/\\\/www.anovapeneira.gal\\\/#organization\",\"name\":\"A Nova Peneira\",\"url\":\"https:\\\/\\\/www.anovapeneira.gal\\\/\",\"logo\":{\"@type\":\"ImageObject\",\"inLanguage\":\"gl-ES\",\"@id\":\"https:\\\/\\\/www.anovapeneira.gal\\\/#\\\/schema\\\/logo\\\/image\\\/\",\"url\":\"http:\\\/\\\/www.anovapeneira.gal\\\/wp-content\\\/uploads\\\/2019\\\/06\\\/logo_a_nova_peneira_portal_web.png\",\"contentUrl\":\"http:\\\/\\\/www.anovapeneira.gal\\\/wp-content\\\/uploads\\\/2019\\\/06\\\/logo_a_nova_peneira_portal_web.png\",\"width\":300,\"height\":100,\"caption\":\"A Nova Peneira\"},\"image\":{\"@id\":\"https:\\\/\\\/www.anovapeneira.gal\\\/#\\\/schema\\\/logo\\\/image\\\/\"},\"sameAs\":[\"https:\\\/\\\/www.facebook.com\\\/anovapeneira\",\"https:\\\/\\\/x.com\\\/APeneira\"]},{\"@type\":\"Person\",\"@id\":\"https:\\\/\\\/www.anovapeneira.gal\\\/#\\\/schema\\\/person\\\/b93e3f8932e3f8da96334607eb6ac6aa\",\"name\":\"Redacci\u00f3n A Nova Peneira\",\"image\":{\"@type\":\"ImageObject\",\"inLanguage\":\"gl-ES\",\"@id\":\"https:\\\/\\\/secure.gravatar.com\\\/avatar\\\/c052a2551a06e23fac63626232eaa90abd78dbcf1700fc46a2b2c89fd27b735f?s=96&d=mm&r=g\",\"url\":\"https:\\\/\\\/secure.gravatar.com\\\/avatar\\\/c052a2551a06e23fac63626232eaa90abd78dbcf1700fc46a2b2c89fd27b735f?s=96&d=mm&r=g\",\"contentUrl\":\"https:\\\/\\\/secure.gravatar.com\\\/avatar\\\/c052a2551a06e23fac63626232eaa90abd78dbcf1700fc46a2b2c89fd27b735f?s=96&d=mm&r=g\",\"caption\":\"Redacci\u00f3n A Nova Peneira\"},\"sameAs\":[\"http:\\\/\\\/www.anovapeneira.gal\\\/\"],\"url\":\"https:\\\/\\\/www.anovapeneira.gal\\\/index.php\\\/author\\\/redactor\\\/\"}]}<\/script>\n<!-- \/ Yoast SEO plugin. -->","yoast_head_json":{"title":"Unha nova volta de porca no desmantelamento do rural galego -","robots":{"index":"index","follow":"follow","max-snippet":"max-snippet:-1","max-image-preview":"max-image-preview:large","max-video-preview":"max-video-preview:-1"},"canonical":"https:\/\/www.anovapeneira.gal\/index.php\/2019\/07\/23\/unha-nova-volta-de-porca-no-desmantelamento-do-rural-galego\/","og_locale":"gl_ES","og_type":"article","og_title":"Unha nova volta de porca no desmantelamento do rural galego -","og_description":"As distintas administraci\u00f3ns te\u00f1en a obriga de dotar a todas as zonas que administran de servizos suficientes e dignos para que as persoas poidan desenvolver, se as\u00ed o desexan, un proxecto vital persoal al\u00ed onde son naturais [...]","og_url":"https:\/\/www.anovapeneira.gal\/index.php\/2019\/07\/23\/unha-nova-volta-de-porca-no-desmantelamento-do-rural-galego\/","article_publisher":"https:\/\/www.facebook.com\/anovapeneira","article_published_time":"2019-07-23T21:22:47+00:00","article_modified_time":"2019-07-24T06:26:58+00:00","og_image":[{"width":720,"height":473,"url":"https:\/\/www.anovapeneira.gal\/wp-content\/uploads\/2019\/07\/EEI_zamans_a_nova_peneira.jpg","type":"image\/jpeg"}],"author":"Redacci\u00f3n A Nova Peneira","twitter_card":"summary_large_image","twitter_creator":"@APeneira","twitter_site":"@APeneira","twitter_misc":{"Escrito por":"Redacci\u00f3n A Nova Peneira","Tempo de lectura":"3 minutos"},"schema":{"@context":"https:\/\/schema.org","@graph":[{"@type":"Article","@id":"https:\/\/www.anovapeneira.gal\/index.php\/2019\/07\/23\/unha-nova-volta-de-porca-no-desmantelamento-do-rural-galego\/#article","isPartOf":{"@id":"https:\/\/www.anovapeneira.gal\/index.php\/2019\/07\/23\/unha-nova-volta-de-porca-no-desmantelamento-do-rural-galego\/"},"author":{"name":"Redacci\u00f3n A Nova Peneira","@id":"https:\/\/www.anovapeneira.gal\/#\/schema\/person\/b93e3f8932e3f8da96334607eb6ac6aa"},"headline":"Unha nova volta de porca no desmantelamento do rural galego","datePublished":"2019-07-23T21:22:47+00:00","dateModified":"2019-07-24T06:26:58+00:00","mainEntityOfPage":{"@id":"https:\/\/www.anovapeneira.gal\/index.php\/2019\/07\/23\/unha-nova-volta-de-porca-no-desmantelamento-do-rural-galego\/"},"wordCount":676,"commentCount":0,"publisher":{"@id":"https:\/\/www.anovapeneira.gal\/#organization"},"image":{"@id":"https:\/\/www.anovapeneira.gal\/index.php\/2019\/07\/23\/unha-nova-volta-de-porca-no-desmantelamento-do-rural-galego\/#primaryimage"},"thumbnailUrl":"https:\/\/www.anovapeneira.gal\/wp-content\/uploads\/2019\/07\/EEI_zamans_a_nova_peneira.jpg","keywords":["Concello de Vigo","Educaci\u00f3n","Rural","Zam\u00e1ns"],"articleSection":["Vigo"],"inLanguage":"gl-ES","potentialAction":[{"@type":"CommentAction","name":"Comment","target":["https:\/\/www.anovapeneira.gal\/index.php\/2019\/07\/23\/unha-nova-volta-de-porca-no-desmantelamento-do-rural-galego\/#respond"]}]},{"@type":"WebPage","@id":"https:\/\/www.anovapeneira.gal\/index.php\/2019\/07\/23\/unha-nova-volta-de-porca-no-desmantelamento-do-rural-galego\/","url":"https:\/\/www.anovapeneira.gal\/index.php\/2019\/07\/23\/unha-nova-volta-de-porca-no-desmantelamento-do-rural-galego\/","name":"Unha nova volta de porca no desmantelamento do rural galego -","isPartOf":{"@id":"https:\/\/www.anovapeneira.gal\/#website"},"primaryImageOfPage":{"@id":"https:\/\/www.anovapeneira.gal\/index.php\/2019\/07\/23\/unha-nova-volta-de-porca-no-desmantelamento-do-rural-galego\/#primaryimage"},"image":{"@id":"https:\/\/www.anovapeneira.gal\/index.php\/2019\/07\/23\/unha-nova-volta-de-porca-no-desmantelamento-do-rural-galego\/#primaryimage"},"thumbnailUrl":"https:\/\/www.anovapeneira.gal\/wp-content\/uploads\/2019\/07\/EEI_zamans_a_nova_peneira.jpg","datePublished":"2019-07-23T21:22:47+00:00","dateModified":"2019-07-24T06:26:58+00:00","breadcrumb":{"@id":"https:\/\/www.anovapeneira.gal\/index.php\/2019\/07\/23\/unha-nova-volta-de-porca-no-desmantelamento-do-rural-galego\/#breadcrumb"},"inLanguage":"gl-ES","potentialAction":[{"@type":"ReadAction","target":["https:\/\/www.anovapeneira.gal\/index.php\/2019\/07\/23\/unha-nova-volta-de-porca-no-desmantelamento-do-rural-galego\/"]}]},{"@type":"ImageObject","inLanguage":"gl-ES","@id":"https:\/\/www.anovapeneira.gal\/index.php\/2019\/07\/23\/unha-nova-volta-de-porca-no-desmantelamento-do-rural-galego\/#primaryimage","url":"https:\/\/www.anovapeneira.gal\/wp-content\/uploads\/2019\/07\/EEI_zamans_a_nova_peneira.jpg","contentUrl":"https:\/\/www.anovapeneira.gal\/wp-content\/uploads\/2019\/07\/EEI_zamans_a_nova_peneira.jpg","width":720,"height":473,"caption":"EEI Zam\u00e1ns A Nova Peneira"},{"@type":"BreadcrumbList","@id":"https:\/\/www.anovapeneira.gal\/index.php\/2019\/07\/23\/unha-nova-volta-de-porca-no-desmantelamento-do-rural-galego\/#breadcrumb","itemListElement":[{"@type":"ListItem","position":1,"name":"Portada","item":"https:\/\/www.anovapeneira.gal\/"},{"@type":"ListItem","position":2,"name":"Unha nova volta de porca no desmantelamento do rural galego"}]},{"@type":"WebSite","@id":"https:\/\/www.anovapeneira.gal\/#website","url":"https:\/\/www.anovapeneira.gal\/","name":"","description":"Xornal galego de informaci\u00f3n xeral Publicaci\u00f3n mensual de novas de Galicia e en especial dos Concellos da sur da provincia de Pontevedra.","publisher":{"@id":"https:\/\/www.anovapeneira.gal\/#organization"},"potentialAction":[{"@type":"SearchAction","target":{"@type":"EntryPoint","urlTemplate":"https:\/\/www.anovapeneira.gal\/?s={search_term_string}"},"query-input":{"@type":"PropertyValueSpecification","valueRequired":true,"valueName":"search_term_string"}}],"inLanguage":"gl-ES"},{"@type":"Organization","@id":"https:\/\/www.anovapeneira.gal\/#organization","name":"A Nova Peneira","url":"https:\/\/www.anovapeneira.gal\/","logo":{"@type":"ImageObject","inLanguage":"gl-ES","@id":"https:\/\/www.anovapeneira.gal\/#\/schema\/logo\/image\/","url":"http:\/\/www.anovapeneira.gal\/wp-content\/uploads\/2019\/06\/logo_a_nova_peneira_portal_web.png","contentUrl":"http:\/\/www.anovapeneira.gal\/wp-content\/uploads\/2019\/06\/logo_a_nova_peneira_portal_web.png","width":300,"height":100,"caption":"A Nova Peneira"},"image":{"@id":"https:\/\/www.anovapeneira.gal\/#\/schema\/logo\/image\/"},"sameAs":["https:\/\/www.facebook.com\/anovapeneira","https:\/\/x.com\/APeneira"]},{"@type":"Person","@id":"https:\/\/www.anovapeneira.gal\/#\/schema\/person\/b93e3f8932e3f8da96334607eb6ac6aa","name":"Redacci\u00f3n A Nova Peneira","image":{"@type":"ImageObject","inLanguage":"gl-ES","@id":"https:\/\/secure.gravatar.com\/avatar\/c052a2551a06e23fac63626232eaa90abd78dbcf1700fc46a2b2c89fd27b735f?s=96&d=mm&r=g","url":"https:\/\/secure.gravatar.com\/avatar\/c052a2551a06e23fac63626232eaa90abd78dbcf1700fc46a2b2c89fd27b735f?s=96&d=mm&r=g","contentUrl":"https:\/\/secure.gravatar.com\/avatar\/c052a2551a06e23fac63626232eaa90abd78dbcf1700fc46a2b2c89fd27b735f?s=96&d=mm&r=g","caption":"Redacci\u00f3n A Nova Peneira"},"sameAs":["http:\/\/www.anovapeneira.gal\/"],"url":"https:\/\/www.anovapeneira.gal\/index.php\/author\/redactor\/"}]}},"jetpack_featured_media_url":"https:\/\/www.anovapeneira.gal\/wp-content\/uploads\/2019\/07\/EEI_zamans_a_nova_peneira.jpg","_links":{"self":[{"href":"https:\/\/www.anovapeneira.gal\/index.php\/wp-json\/wp\/v2\/posts\/661","targetHints":{"allow":["GET"]}}],"collection":[{"href":"https:\/\/www.anovapeneira.gal\/index.php\/wp-json\/wp\/v2\/posts"}],"about":[{"href":"https:\/\/www.anovapeneira.gal\/index.php\/wp-json\/wp\/v2\/types\/post"}],"author":[{"embeddable":true,"href":"https:\/\/www.anovapeneira.gal\/index.php\/wp-json\/wp\/v2\/users\/3"}],"replies":[{"embeddable":true,"href":"https:\/\/www.anovapeneira.gal\/index.php\/wp-json\/wp\/v2\/comments?post=661"}],"version-history":[{"count":2,"href":"https:\/\/www.anovapeneira.gal\/index.php\/wp-json\/wp\/v2\/posts\/661\/revisions"}],"predecessor-version":[{"id":663,"href":"https:\/\/www.anovapeneira.gal\/index.php\/wp-json\/wp\/v2\/posts\/661\/revisions\/663"}],"wp:featuredmedia":[{"embeddable":true,"href":"https:\/\/www.anovapeneira.gal\/index.php\/wp-json\/wp\/v2\/media\/651"}],"wp:attachment":[{"href":"https:\/\/www.anovapeneira.gal\/index.php\/wp-json\/wp\/v2\/media?parent=661"}],"wp:term":[{"taxonomy":"category","embeddable":true,"href":"https:\/\/www.anovapeneira.gal\/index.php\/wp-json\/wp\/v2\/categories?post=661"},{"taxonomy":"post_tag","embeddable":true,"href":"https:\/\/www.anovapeneira.gal\/index.php\/wp-json\/wp\/v2\/tags?post=661"}],"curies":[{"name":"wp","href":"https:\/\/api.w.org\/{rel}","templated":true}]}}