{"id":6617,"date":"2021-12-16T14:00:48","date_gmt":"2021-12-16T13:00:48","guid":{"rendered":"https:\/\/www.anovapeneira.gal\/?p=6617"},"modified":"2021-12-15T13:43:23","modified_gmt":"2021-12-15T12:43:23","slug":"nestor-rego-reclama-desbloquear-a-transferencia-da-ap-9-e-liberala-de-peaxes","status":"publish","type":"post","link":"https:\/\/www.anovapeneira.gal\/index.php\/2021\/12\/16\/nestor-rego-reclama-desbloquear-a-transferencia-da-ap-9-e-liberala-de-peaxes\/","title":{"rendered":"N\u00e9stor Rego reclama desbloquear a transferencia da AP-9 e liberala de peaxes"},"content":{"rendered":"\n<h2 class=\"wp-block-heading\"><strong>Sinala PSOE e PP como respons\u00e1beis das concesi\u00f3ns ilegais e do atraso da tramitaci\u00f3n para a transferencia da infraestrutura ao noso Pa\u00eds.<\/strong><\/h2>\n\n\n\n<blockquote class=\"wp-block-quote is-layout-flow wp-block-quote-is-layout-flow\"><p><strong>Rego: &#8220;O que corresponde \u00e9 transferir a autoestrada libre de cargas para a Administraci\u00f3n galega e para todos os galegos e galegas&#8221;<\/strong><\/p><\/blockquote>\n\n\n\n<h2 class=\"wp-block-heading\"><strong>O BNG aposta pola modernizaci\u00f3n da rede ferroviaria interna para conectar as principais vilas e cidades do Pa\u00eds e ofrecer unha alternativa ao veh\u00edculo particular<\/strong><\/h2>\n\n\n\n<p><strong>Madrid, 14 de decembro de 2021.<\/strong>\u00a0<\/p>\n\n\n\n<p>O deputado do BNG no Congreso, N\u00e9stor Rego, reclama a PSOE e PPP desbloquear a transferencia da AP-9 -paralizada desde que a 21 de setembro foi constitu\u00edda a ponencia da lei-, e suprimir a concesi\u00f3n ilegal para que sexa unha autoestrada &#8220;galega e libre de peaxes&#8221;. A formaci\u00f3n tam\u00e9n demanda bonificaci\u00f3ns para as usuarias e usuarios da AP-53, unha das m\u00e1is caras do Estado, e urxe a modernizaci\u00f3n da rede ferroviaria interna da Galiza como alternativa de transporte p\u00fablico !eficaz e sustent\u00e1bel.<\/p>\n\n\n\n<p>O deputado nacionalista lembra que, desde que no mes de febreiro foi defendida e acordada no Congreso a admisi\u00f3n a tr\u00e1mite da Proposici\u00f3n de Lei do Parlamento da Galiza para a transferencia da AP-9, a tramitaci\u00f3n desta lei sofre continuos bloqueos, primeiro coa pr\u00f3rroga inxustificada durante 14 semanas dos prazos de emendas e agora coa non convocatoria da ponencia, que foi constitu\u00edda a 21 de setembro, hai case 3 meses.<\/p>\n\n\n\n<p>N\u00e9stor Rego denuncia a actitude obstrucionista do Partido socialista e a actitude conivente do Partido Popular. &#8220;Fica claro que nin PSOE nin PP te\u00f1en interese en completar unha tramitaci\u00f3n legal que debe conclu\u00edr coa transferencia da infraestrutura \u00e1 Administraci\u00f3n galega. De facto, o PSOE presentou emendas para que a transferencia se limitase \u00e1 xesti\u00f3n. Non hai raz\u00f3n para continuar demorando esta tramitaci\u00f3n e para verificar a transferencia.<\/p>\n\n\n\n<p>Por isto, Rego reclama ao PSOE, que pos\u00fae a presidencia da Comisi\u00f3n, que convoque de maneira urxente a ponencia para tramitar a Lei de Transferencia da AP-9. Ao mesmo tempo exixe ao Goberno que po\u00f1a fin \u00e1 concesi\u00f3n, unha vez que no mes de setembro a Uni\u00f3n Europea estabeleceu que as pr\u00f3rrogas&nbsp; de 10 e 25 anos foran ilegais.&nbsp; &#8220;Primeiro o PSOE e despois o Partido Popular prorrogaron de forma ilegal unha concesi\u00f3n que ti\u00f1a que ter finalizado no ano 2013, que pagamos todos os galegos e galegas e que lastra o noso desenvolvemento social e econ\u00f3mico.&#8221; enfatiza Rego, que destaca ademais que no proxecto de Lei aparece recollido que o Estado debe asumir todas as responsabilidades econ\u00f3micas &nbsp;que corresponderen en funci\u00f3n da s\u00faa propia actuaci\u00f3n en relaci\u00f3n coa autoestrada. &#8220;O que corresponde \u00e9 transferir a autoestrada libre de cargas para a Administraci\u00f3n galega e para todos os galegos e galegas&#8221; apunta.<\/p>\n\n\n\n<p>N\u00e9stor Rego lembra que grazas \u00e1 mobilizaci\u00f3n da cidadan\u00eda e \u00e1 persistencia do BNG, que o incorporou ao Acordo de Investidura, hoxe est\u00e1n en vigor rebaixas e descontos nas portaxes, que alivian en parte a carga que sup\u00f3n para moitos usuarios e usuarias. No entanto, dada a decisi\u00f3n da UE, a obriga agora do Estado \u00e9 p\u00f3r definitivamente fin \u00e1 concesi\u00f3n. &#8220;\u00c9 m\u00e1is, entendemos que a concesionaria deber\u00eda devolver todas as peaxes cobradas ilegalmente durante estes oito anos, desdce 2013 at\u00e9 hoxe&#8221;&#8221; reclama o deputado nacionalista.<\/p>\n\n\n\n<p>Ali\u00e1s, o deputado nacionalista reclama aplicar bonificaci\u00f3ns e descontos nas portaxes da AP-53, a m\u00e1is cara por quil\u00f3metro do Estado. &#8220;Cremos que tampouco \u00e9 razo\u00e1bel que a AP-53 non conte con ning\u00fan tipo de bonificaci\u00f3n, algo que os usuarios e usuarias, ademais do BNG, ve\u00f1en reclamando&#8221; explica o deputado no Congreso. As\u00ed mesmo, apuntou que a posici\u00f3n da organizaci\u00f3n frentista \u00e9 clara ante a ameaza de implantar peaxes nas autov\u00edas. &#8220;Estamos en contra porque non existen alternativas de transporte p\u00fablico que permitan disuadir do uso do veh\u00edculo particular. Por iso estamos reclamando m\u00e1is investimento do Estado para modernizar a nosa rede ferroviaria interna.&#8221; engade Rego.<\/p>\n\n\n\n<p><strong>Aposta pola modernizaci\u00f3n das infraestruturas ferroviarias<\/strong><\/p>\n\n\n\n<p>Onte mesmo produc\u00edase un incendio na li\u00f1a do FEVE en Nar\u00f3n, &#8220;un exemplo m\u00e1is de moitos episodios de fallos nunha li\u00f1a que precisa unha urxente actuaci\u00f3n&#8221;. De feito, no \u00faltimo Proxecto de Orzamentos para 2022, a formaci\u00f3n nacionalista puxo o foco na modernizaci\u00f3n da rede ferroviaria interna da Galiza para solucionar estes problemas e o illamento de cidade como Lugo ou Ferrol &nbsp;no que ten a ver coas conexi\u00f3ns co resto do Pa\u00eds.<\/p>\n\n\n\n<p>Ademais, o BNG reclama a implantaci\u00f3n das cercan\u00edas e a mellora dos servizos existentes en frecuencia, horarios e prezos. &#8220;Co comezo, o d\u00eda 21 de decembro, do funcionamento AVE no tramo Madrid-Ourense, a mudanza de horarios proposta por Renfe vai prexudicar os usuarios e usuarias da li\u00f1a Ourense-Santiago-A Coru\u00f1a&#8221; explica o deputado do BNG. Rego adianta que os horarios propostos non son compat\u00edbeis cos horarios laborais e, polo tanto, empeorar\u00e1n a calidade do servizo estabelecido. &#8220;Hai que recuperar as frecuencias eliminadas por mor da pandemia e mesmo aumentalas, as\u00ed como baixar os prezos -o tramo Ourense-Santiago pos\u00fae os prezos m\u00e1is caros do Estado cando non \u00e9 unha li\u00f1a de alta velocidade- para facilitar un maior uso&#8221; sinala.<\/p>\n","protected":false},"excerpt":{"rendered":"<div class=\"mh-excerpt\"><p>Sinala PSOE e PP como respons\u00e1beis das concesi\u00f3ns ilegais e do atraso da tramitaci\u00f3n para a transferencia da infraestrutura ao noso Pa\u00eds <a class=\"mh-excerpt-more\" href=\"https:\/\/www.anovapeneira.gal\/index.php\/2021\/12\/16\/nestor-rego-reclama-desbloquear-a-transferencia-da-ap-9-e-liberala-de-peaxes\/\" title=\"N\u00e9stor Rego reclama desbloquear a transferencia da AP-9 e liberala de peaxes\">[&#8230;]<\/a><\/p>\n<\/div>","protected":false},"author":3,"featured_media":5882,"comment_status":"open","ping_status":"open","sticky":false,"template":"","format":"standard","meta":{"_exactmetrics_skip_tracking":false,"_exactmetrics_sitenote_active":false,"_exactmetrics_sitenote_note":"","_exactmetrics_sitenote_category":0,"footnotes":""},"categories":[264],"tags":[1278,781,631],"class_list":{"0":"post-6617","1":"post","2":"type-post","3":"status-publish","4":"format-standard","5":"has-post-thumbnail","7":"category-entrevistas-galicia","8":"tag-ap-9","9":"tag-congreso-dos-diputados","10":"tag-nestor-rego"},"yoast_head":"<!-- This site is optimized with the Yoast SEO plugin v27.4 - https:\/\/yoast.com\/product\/yoast-seo-wordpress\/ -->\n<title>N\u00e9stor Rego reclama desbloquear a transferencia da AP-9 e liberala de peaxes -<\/title>\n<meta name=\"description\" content=\"Sinala PSOE e PP como respons\u00e1beis das concesi\u00f3ns ilegais e do atraso da tramitaci\u00f3n para a transferencia da infraestrutura ao noso Pa\u00eds\" \/>\n<meta name=\"robots\" content=\"index, follow, max-snippet:-1, max-image-preview:large, max-video-preview:-1\" \/>\n<link rel=\"canonical\" href=\"https:\/\/www.anovapeneira.gal\/index.php\/2021\/12\/16\/nestor-rego-reclama-desbloquear-a-transferencia-da-ap-9-e-liberala-de-peaxes\/\" \/>\n<meta property=\"og:locale\" content=\"gl_ES\" \/>\n<meta property=\"og:type\" content=\"article\" \/>\n<meta property=\"og:title\" content=\"N\u00e9stor Rego reclama desbloquear a transferencia da AP-9 e liberala de peaxes -\" \/>\n<meta property=\"og:description\" content=\"Sinala PSOE e PP como respons\u00e1beis das concesi\u00f3ns ilegais e do atraso da tramitaci\u00f3n para a transferencia da infraestrutura ao noso Pa\u00eds\" \/>\n<meta property=\"og:url\" content=\"https:\/\/www.anovapeneira.gal\/index.php\/2021\/12\/16\/nestor-rego-reclama-desbloquear-a-transferencia-da-ap-9-e-liberala-de-peaxes\/\" \/>\n<meta property=\"article:publisher\" content=\"https:\/\/www.facebook.com\/anovapeneira\" \/>\n<meta property=\"article:published_time\" content=\"2021-12-16T13:00:48+00:00\" \/>\n<meta property=\"og:image\" content=\"https:\/\/www.anovapeneira.gal\/wp-content\/uploads\/2021\/08\/nestor_rego_congreso.jpg\" \/>\n\t<meta property=\"og:image:width\" content=\"720\" \/>\n\t<meta property=\"og:image:height\" content=\"432\" \/>\n\t<meta property=\"og:image:type\" content=\"image\/jpeg\" \/>\n<meta name=\"author\" content=\"Redacci\u00f3n A Nova Peneira\" \/>\n<meta name=\"twitter:card\" content=\"summary_large_image\" \/>\n<meta name=\"twitter:creator\" content=\"@APeneira\" \/>\n<meta name=\"twitter:site\" content=\"@APeneira\" \/>\n<meta name=\"twitter:label1\" content=\"Escrito por\" \/>\n\t<meta name=\"twitter:data1\" content=\"Redacci\u00f3n A Nova Peneira\" \/>\n\t<meta name=\"twitter:label2\" content=\"Tempo de lectura\" \/>\n\t<meta name=\"twitter:data2\" content=\"4 minutos\" \/>\n<script type=\"application\/ld+json\" class=\"yoast-schema-graph\">{\"@context\":\"https:\\\/\\\/schema.org\",\"@graph\":[{\"@type\":\"Article\",\"@id\":\"https:\\\/\\\/www.anovapeneira.gal\\\/index.php\\\/2021\\\/12\\\/16\\\/nestor-rego-reclama-desbloquear-a-transferencia-da-ap-9-e-liberala-de-peaxes\\\/#article\",\"isPartOf\":{\"@id\":\"https:\\\/\\\/www.anovapeneira.gal\\\/index.php\\\/2021\\\/12\\\/16\\\/nestor-rego-reclama-desbloquear-a-transferencia-da-ap-9-e-liberala-de-peaxes\\\/\"},\"author\":{\"name\":\"Redacci\u00f3n A Nova Peneira\",\"@id\":\"https:\\\/\\\/www.anovapeneira.gal\\\/#\\\/schema\\\/person\\\/b93e3f8932e3f8da96334607eb6ac6aa\"},\"headline\":\"N\u00e9stor Rego reclama desbloquear a transferencia da AP-9 e liberala de peaxes\",\"datePublished\":\"2021-12-16T13:00:48+00:00\",\"mainEntityOfPage\":{\"@id\":\"https:\\\/\\\/www.anovapeneira.gal\\\/index.php\\\/2021\\\/12\\\/16\\\/nestor-rego-reclama-desbloquear-a-transferencia-da-ap-9-e-liberala-de-peaxes\\\/\"},\"wordCount\":917,\"commentCount\":0,\"publisher\":{\"@id\":\"https:\\\/\\\/www.anovapeneira.gal\\\/#organization\"},\"image\":{\"@id\":\"https:\\\/\\\/www.anovapeneira.gal\\\/index.php\\\/2021\\\/12\\\/16\\\/nestor-rego-reclama-desbloquear-a-transferencia-da-ap-9-e-liberala-de-peaxes\\\/#primaryimage\"},\"thumbnailUrl\":\"https:\\\/\\\/www.anovapeneira.gal\\\/wp-content\\\/uploads\\\/2021\\\/08\\\/nestor_rego_congreso.jpg\",\"keywords\":[\"AP-9\",\"Congreso dos diputados\",\"N\u00e9stor Rego\"],\"articleSection\":[\"Entrevistas\"],\"inLanguage\":\"gl-ES\",\"potentialAction\":[{\"@type\":\"CommentAction\",\"name\":\"Comment\",\"target\":[\"https:\\\/\\\/www.anovapeneira.gal\\\/index.php\\\/2021\\\/12\\\/16\\\/nestor-rego-reclama-desbloquear-a-transferencia-da-ap-9-e-liberala-de-peaxes\\\/#respond\"]}]},{\"@type\":\"WebPage\",\"@id\":\"https:\\\/\\\/www.anovapeneira.gal\\\/index.php\\\/2021\\\/12\\\/16\\\/nestor-rego-reclama-desbloquear-a-transferencia-da-ap-9-e-liberala-de-peaxes\\\/\",\"url\":\"https:\\\/\\\/www.anovapeneira.gal\\\/index.php\\\/2021\\\/12\\\/16\\\/nestor-rego-reclama-desbloquear-a-transferencia-da-ap-9-e-liberala-de-peaxes\\\/\",\"name\":\"N\u00e9stor Rego reclama desbloquear a transferencia da AP-9 e liberala de peaxes -\",\"isPartOf\":{\"@id\":\"https:\\\/\\\/www.anovapeneira.gal\\\/#website\"},\"primaryImageOfPage\":{\"@id\":\"https:\\\/\\\/www.anovapeneira.gal\\\/index.php\\\/2021\\\/12\\\/16\\\/nestor-rego-reclama-desbloquear-a-transferencia-da-ap-9-e-liberala-de-peaxes\\\/#primaryimage\"},\"image\":{\"@id\":\"https:\\\/\\\/www.anovapeneira.gal\\\/index.php\\\/2021\\\/12\\\/16\\\/nestor-rego-reclama-desbloquear-a-transferencia-da-ap-9-e-liberala-de-peaxes\\\/#primaryimage\"},\"thumbnailUrl\":\"https:\\\/\\\/www.anovapeneira.gal\\\/wp-content\\\/uploads\\\/2021\\\/08\\\/nestor_rego_congreso.jpg\",\"datePublished\":\"2021-12-16T13:00:48+00:00\",\"description\":\"Sinala PSOE e PP como respons\u00e1beis das concesi\u00f3ns ilegais e do atraso da tramitaci\u00f3n para a transferencia da infraestrutura ao noso Pa\u00eds\",\"breadcrumb\":{\"@id\":\"https:\\\/\\\/www.anovapeneira.gal\\\/index.php\\\/2021\\\/12\\\/16\\\/nestor-rego-reclama-desbloquear-a-transferencia-da-ap-9-e-liberala-de-peaxes\\\/#breadcrumb\"},\"inLanguage\":\"gl-ES\",\"potentialAction\":[{\"@type\":\"ReadAction\",\"target\":[\"https:\\\/\\\/www.anovapeneira.gal\\\/index.php\\\/2021\\\/12\\\/16\\\/nestor-rego-reclama-desbloquear-a-transferencia-da-ap-9-e-liberala-de-peaxes\\\/\"]}]},{\"@type\":\"ImageObject\",\"inLanguage\":\"gl-ES\",\"@id\":\"https:\\\/\\\/www.anovapeneira.gal\\\/index.php\\\/2021\\\/12\\\/16\\\/nestor-rego-reclama-desbloquear-a-transferencia-da-ap-9-e-liberala-de-peaxes\\\/#primaryimage\",\"url\":\"https:\\\/\\\/www.anovapeneira.gal\\\/wp-content\\\/uploads\\\/2021\\\/08\\\/nestor_rego_congreso.jpg\",\"contentUrl\":\"https:\\\/\\\/www.anovapeneira.gal\\\/wp-content\\\/uploads\\\/2021\\\/08\\\/nestor_rego_congreso.jpg\",\"width\":720,\"height\":432,\"caption\":\"Congreso dos Diputados\"},{\"@type\":\"BreadcrumbList\",\"@id\":\"https:\\\/\\\/www.anovapeneira.gal\\\/index.php\\\/2021\\\/12\\\/16\\\/nestor-rego-reclama-desbloquear-a-transferencia-da-ap-9-e-liberala-de-peaxes\\\/#breadcrumb\",\"itemListElement\":[{\"@type\":\"ListItem\",\"position\":1,\"name\":\"Portada\",\"item\":\"https:\\\/\\\/www.anovapeneira.gal\\\/\"},{\"@type\":\"ListItem\",\"position\":2,\"name\":\"N\u00e9stor Rego reclama desbloquear a transferencia da AP-9 e liberala de peaxes\"}]},{\"@type\":\"WebSite\",\"@id\":\"https:\\\/\\\/www.anovapeneira.gal\\\/#website\",\"url\":\"https:\\\/\\\/www.anovapeneira.gal\\\/\",\"name\":\"\",\"description\":\"Xornal galego de informaci\u00f3n xeral Publicaci\u00f3n mensual de novas de Galicia e en especial dos Concellos da sur da provincia de Pontevedra.\",\"publisher\":{\"@id\":\"https:\\\/\\\/www.anovapeneira.gal\\\/#organization\"},\"potentialAction\":[{\"@type\":\"SearchAction\",\"target\":{\"@type\":\"EntryPoint\",\"urlTemplate\":\"https:\\\/\\\/www.anovapeneira.gal\\\/?s={search_term_string}\"},\"query-input\":{\"@type\":\"PropertyValueSpecification\",\"valueRequired\":true,\"valueName\":\"search_term_string\"}}],\"inLanguage\":\"gl-ES\"},{\"@type\":\"Organization\",\"@id\":\"https:\\\/\\\/www.anovapeneira.gal\\\/#organization\",\"name\":\"A Nova Peneira\",\"url\":\"https:\\\/\\\/www.anovapeneira.gal\\\/\",\"logo\":{\"@type\":\"ImageObject\",\"inLanguage\":\"gl-ES\",\"@id\":\"https:\\\/\\\/www.anovapeneira.gal\\\/#\\\/schema\\\/logo\\\/image\\\/\",\"url\":\"http:\\\/\\\/www.anovapeneira.gal\\\/wp-content\\\/uploads\\\/2019\\\/06\\\/logo_a_nova_peneira_portal_web.png\",\"contentUrl\":\"http:\\\/\\\/www.anovapeneira.gal\\\/wp-content\\\/uploads\\\/2019\\\/06\\\/logo_a_nova_peneira_portal_web.png\",\"width\":300,\"height\":100,\"caption\":\"A Nova Peneira\"},\"image\":{\"@id\":\"https:\\\/\\\/www.anovapeneira.gal\\\/#\\\/schema\\\/logo\\\/image\\\/\"},\"sameAs\":[\"https:\\\/\\\/www.facebook.com\\\/anovapeneira\",\"https:\\\/\\\/x.com\\\/APeneira\"]},{\"@type\":\"Person\",\"@id\":\"https:\\\/\\\/www.anovapeneira.gal\\\/#\\\/schema\\\/person\\\/b93e3f8932e3f8da96334607eb6ac6aa\",\"name\":\"Redacci\u00f3n A Nova Peneira\",\"image\":{\"@type\":\"ImageObject\",\"inLanguage\":\"gl-ES\",\"@id\":\"https:\\\/\\\/secure.gravatar.com\\\/avatar\\\/c052a2551a06e23fac63626232eaa90abd78dbcf1700fc46a2b2c89fd27b735f?s=96&d=mm&r=g\",\"url\":\"https:\\\/\\\/secure.gravatar.com\\\/avatar\\\/c052a2551a06e23fac63626232eaa90abd78dbcf1700fc46a2b2c89fd27b735f?s=96&d=mm&r=g\",\"contentUrl\":\"https:\\\/\\\/secure.gravatar.com\\\/avatar\\\/c052a2551a06e23fac63626232eaa90abd78dbcf1700fc46a2b2c89fd27b735f?s=96&d=mm&r=g\",\"caption\":\"Redacci\u00f3n A Nova Peneira\"},\"sameAs\":[\"http:\\\/\\\/www.anovapeneira.gal\\\/\"],\"url\":\"https:\\\/\\\/www.anovapeneira.gal\\\/index.php\\\/author\\\/redactor\\\/\"}]}<\/script>\n<!-- \/ Yoast SEO plugin. -->","yoast_head_json":{"title":"N\u00e9stor Rego reclama desbloquear a transferencia da AP-9 e liberala de peaxes -","description":"Sinala PSOE e PP como respons\u00e1beis das concesi\u00f3ns ilegais e do atraso da tramitaci\u00f3n para a transferencia da infraestrutura ao noso Pa\u00eds","robots":{"index":"index","follow":"follow","max-snippet":"max-snippet:-1","max-image-preview":"max-image-preview:large","max-video-preview":"max-video-preview:-1"},"canonical":"https:\/\/www.anovapeneira.gal\/index.php\/2021\/12\/16\/nestor-rego-reclama-desbloquear-a-transferencia-da-ap-9-e-liberala-de-peaxes\/","og_locale":"gl_ES","og_type":"article","og_title":"N\u00e9stor Rego reclama desbloquear a transferencia da AP-9 e liberala de peaxes -","og_description":"Sinala PSOE e PP como respons\u00e1beis das concesi\u00f3ns ilegais e do atraso da tramitaci\u00f3n para a transferencia da infraestrutura ao noso Pa\u00eds","og_url":"https:\/\/www.anovapeneira.gal\/index.php\/2021\/12\/16\/nestor-rego-reclama-desbloquear-a-transferencia-da-ap-9-e-liberala-de-peaxes\/","article_publisher":"https:\/\/www.facebook.com\/anovapeneira","article_published_time":"2021-12-16T13:00:48+00:00","og_image":[{"width":720,"height":432,"url":"https:\/\/www.anovapeneira.gal\/wp-content\/uploads\/2021\/08\/nestor_rego_congreso.jpg","type":"image\/jpeg"}],"author":"Redacci\u00f3n A Nova Peneira","twitter_card":"summary_large_image","twitter_creator":"@APeneira","twitter_site":"@APeneira","twitter_misc":{"Escrito por":"Redacci\u00f3n A Nova Peneira","Tempo de lectura":"4 minutos"},"schema":{"@context":"https:\/\/schema.org","@graph":[{"@type":"Article","@id":"https:\/\/www.anovapeneira.gal\/index.php\/2021\/12\/16\/nestor-rego-reclama-desbloquear-a-transferencia-da-ap-9-e-liberala-de-peaxes\/#article","isPartOf":{"@id":"https:\/\/www.anovapeneira.gal\/index.php\/2021\/12\/16\/nestor-rego-reclama-desbloquear-a-transferencia-da-ap-9-e-liberala-de-peaxes\/"},"author":{"name":"Redacci\u00f3n A Nova Peneira","@id":"https:\/\/www.anovapeneira.gal\/#\/schema\/person\/b93e3f8932e3f8da96334607eb6ac6aa"},"headline":"N\u00e9stor Rego reclama desbloquear a transferencia da AP-9 e liberala de peaxes","datePublished":"2021-12-16T13:00:48+00:00","mainEntityOfPage":{"@id":"https:\/\/www.anovapeneira.gal\/index.php\/2021\/12\/16\/nestor-rego-reclama-desbloquear-a-transferencia-da-ap-9-e-liberala-de-peaxes\/"},"wordCount":917,"commentCount":0,"publisher":{"@id":"https:\/\/www.anovapeneira.gal\/#organization"},"image":{"@id":"https:\/\/www.anovapeneira.gal\/index.php\/2021\/12\/16\/nestor-rego-reclama-desbloquear-a-transferencia-da-ap-9-e-liberala-de-peaxes\/#primaryimage"},"thumbnailUrl":"https:\/\/www.anovapeneira.gal\/wp-content\/uploads\/2021\/08\/nestor_rego_congreso.jpg","keywords":["AP-9","Congreso dos diputados","N\u00e9stor Rego"],"articleSection":["Entrevistas"],"inLanguage":"gl-ES","potentialAction":[{"@type":"CommentAction","name":"Comment","target":["https:\/\/www.anovapeneira.gal\/index.php\/2021\/12\/16\/nestor-rego-reclama-desbloquear-a-transferencia-da-ap-9-e-liberala-de-peaxes\/#respond"]}]},{"@type":"WebPage","@id":"https:\/\/www.anovapeneira.gal\/index.php\/2021\/12\/16\/nestor-rego-reclama-desbloquear-a-transferencia-da-ap-9-e-liberala-de-peaxes\/","url":"https:\/\/www.anovapeneira.gal\/index.php\/2021\/12\/16\/nestor-rego-reclama-desbloquear-a-transferencia-da-ap-9-e-liberala-de-peaxes\/","name":"N\u00e9stor Rego reclama desbloquear a transferencia da AP-9 e liberala de peaxes -","isPartOf":{"@id":"https:\/\/www.anovapeneira.gal\/#website"},"primaryImageOfPage":{"@id":"https:\/\/www.anovapeneira.gal\/index.php\/2021\/12\/16\/nestor-rego-reclama-desbloquear-a-transferencia-da-ap-9-e-liberala-de-peaxes\/#primaryimage"},"image":{"@id":"https:\/\/www.anovapeneira.gal\/index.php\/2021\/12\/16\/nestor-rego-reclama-desbloquear-a-transferencia-da-ap-9-e-liberala-de-peaxes\/#primaryimage"},"thumbnailUrl":"https:\/\/www.anovapeneira.gal\/wp-content\/uploads\/2021\/08\/nestor_rego_congreso.jpg","datePublished":"2021-12-16T13:00:48+00:00","description":"Sinala PSOE e PP como respons\u00e1beis das concesi\u00f3ns ilegais e do atraso da tramitaci\u00f3n para a transferencia da infraestrutura ao noso Pa\u00eds","breadcrumb":{"@id":"https:\/\/www.anovapeneira.gal\/index.php\/2021\/12\/16\/nestor-rego-reclama-desbloquear-a-transferencia-da-ap-9-e-liberala-de-peaxes\/#breadcrumb"},"inLanguage":"gl-ES","potentialAction":[{"@type":"ReadAction","target":["https:\/\/www.anovapeneira.gal\/index.php\/2021\/12\/16\/nestor-rego-reclama-desbloquear-a-transferencia-da-ap-9-e-liberala-de-peaxes\/"]}]},{"@type":"ImageObject","inLanguage":"gl-ES","@id":"https:\/\/www.anovapeneira.gal\/index.php\/2021\/12\/16\/nestor-rego-reclama-desbloquear-a-transferencia-da-ap-9-e-liberala-de-peaxes\/#primaryimage","url":"https:\/\/www.anovapeneira.gal\/wp-content\/uploads\/2021\/08\/nestor_rego_congreso.jpg","contentUrl":"https:\/\/www.anovapeneira.gal\/wp-content\/uploads\/2021\/08\/nestor_rego_congreso.jpg","width":720,"height":432,"caption":"Congreso dos Diputados"},{"@type":"BreadcrumbList","@id":"https:\/\/www.anovapeneira.gal\/index.php\/2021\/12\/16\/nestor-rego-reclama-desbloquear-a-transferencia-da-ap-9-e-liberala-de-peaxes\/#breadcrumb","itemListElement":[{"@type":"ListItem","position":1,"name":"Portada","item":"https:\/\/www.anovapeneira.gal\/"},{"@type":"ListItem","position":2,"name":"N\u00e9stor Rego reclama desbloquear a transferencia da AP-9 e liberala de peaxes"}]},{"@type":"WebSite","@id":"https:\/\/www.anovapeneira.gal\/#website","url":"https:\/\/www.anovapeneira.gal\/","name":"","description":"Xornal galego de informaci\u00f3n xeral Publicaci\u00f3n mensual de novas de Galicia e en especial dos Concellos da sur da provincia de Pontevedra.","publisher":{"@id":"https:\/\/www.anovapeneira.gal\/#organization"},"potentialAction":[{"@type":"SearchAction","target":{"@type":"EntryPoint","urlTemplate":"https:\/\/www.anovapeneira.gal\/?s={search_term_string}"},"query-input":{"@type":"PropertyValueSpecification","valueRequired":true,"valueName":"search_term_string"}}],"inLanguage":"gl-ES"},{"@type":"Organization","@id":"https:\/\/www.anovapeneira.gal\/#organization","name":"A Nova Peneira","url":"https:\/\/www.anovapeneira.gal\/","logo":{"@type":"ImageObject","inLanguage":"gl-ES","@id":"https:\/\/www.anovapeneira.gal\/#\/schema\/logo\/image\/","url":"http:\/\/www.anovapeneira.gal\/wp-content\/uploads\/2019\/06\/logo_a_nova_peneira_portal_web.png","contentUrl":"http:\/\/www.anovapeneira.gal\/wp-content\/uploads\/2019\/06\/logo_a_nova_peneira_portal_web.png","width":300,"height":100,"caption":"A Nova Peneira"},"image":{"@id":"https:\/\/www.anovapeneira.gal\/#\/schema\/logo\/image\/"},"sameAs":["https:\/\/www.facebook.com\/anovapeneira","https:\/\/x.com\/APeneira"]},{"@type":"Person","@id":"https:\/\/www.anovapeneira.gal\/#\/schema\/person\/b93e3f8932e3f8da96334607eb6ac6aa","name":"Redacci\u00f3n A Nova Peneira","image":{"@type":"ImageObject","inLanguage":"gl-ES","@id":"https:\/\/secure.gravatar.com\/avatar\/c052a2551a06e23fac63626232eaa90abd78dbcf1700fc46a2b2c89fd27b735f?s=96&d=mm&r=g","url":"https:\/\/secure.gravatar.com\/avatar\/c052a2551a06e23fac63626232eaa90abd78dbcf1700fc46a2b2c89fd27b735f?s=96&d=mm&r=g","contentUrl":"https:\/\/secure.gravatar.com\/avatar\/c052a2551a06e23fac63626232eaa90abd78dbcf1700fc46a2b2c89fd27b735f?s=96&d=mm&r=g","caption":"Redacci\u00f3n A Nova Peneira"},"sameAs":["http:\/\/www.anovapeneira.gal\/"],"url":"https:\/\/www.anovapeneira.gal\/index.php\/author\/redactor\/"}]}},"jetpack_featured_media_url":"https:\/\/www.anovapeneira.gal\/wp-content\/uploads\/2021\/08\/nestor_rego_congreso.jpg","_links":{"self":[{"href":"https:\/\/www.anovapeneira.gal\/index.php\/wp-json\/wp\/v2\/posts\/6617","targetHints":{"allow":["GET"]}}],"collection":[{"href":"https:\/\/www.anovapeneira.gal\/index.php\/wp-json\/wp\/v2\/posts"}],"about":[{"href":"https:\/\/www.anovapeneira.gal\/index.php\/wp-json\/wp\/v2\/types\/post"}],"author":[{"embeddable":true,"href":"https:\/\/www.anovapeneira.gal\/index.php\/wp-json\/wp\/v2\/users\/3"}],"replies":[{"embeddable":true,"href":"https:\/\/www.anovapeneira.gal\/index.php\/wp-json\/wp\/v2\/comments?post=6617"}],"version-history":[{"count":1,"href":"https:\/\/www.anovapeneira.gal\/index.php\/wp-json\/wp\/v2\/posts\/6617\/revisions"}],"predecessor-version":[{"id":6618,"href":"https:\/\/www.anovapeneira.gal\/index.php\/wp-json\/wp\/v2\/posts\/6617\/revisions\/6618"}],"wp:featuredmedia":[{"embeddable":true,"href":"https:\/\/www.anovapeneira.gal\/index.php\/wp-json\/wp\/v2\/media\/5882"}],"wp:attachment":[{"href":"https:\/\/www.anovapeneira.gal\/index.php\/wp-json\/wp\/v2\/media?parent=6617"}],"wp:term":[{"taxonomy":"category","embeddable":true,"href":"https:\/\/www.anovapeneira.gal\/index.php\/wp-json\/wp\/v2\/categories?post=6617"},{"taxonomy":"post_tag","embeddable":true,"href":"https:\/\/www.anovapeneira.gal\/index.php\/wp-json\/wp\/v2\/tags?post=6617"}],"curies":[{"name":"wp","href":"https:\/\/api.w.org\/{rel}","templated":true}]}}