{"id":6619,"date":"2021-12-20T10:00:16","date_gmt":"2021-12-20T09:00:16","guid":{"rendered":"https:\/\/www.anovapeneira.gal\/?p=6619"},"modified":"2021-12-15T13:49:29","modified_gmt":"2021-12-15T12:49:29","slug":"o-camioneiro-basilio-aragon","status":"publish","type":"post","link":"https:\/\/www.anovapeneira.gal\/index.php\/2021\/12\/20\/o-camioneiro-basilio-aragon\/","title":{"rendered":"O camioneiro Basilio Arag\u00f3n"},"content":{"rendered":"\n<p><strong>Basillio \u00e9 un camioneiro vigu\u00e9s da parroquia de Teis, que se fixo enormemente famoso polos seus v\u00eddeos pendurados nas redes sociais nos que comenta a actualidade pol\u00edtica desde unha \u00f3ptica de esquerdas. Milleiros de seguidores ach\u00e9ganse \u00e1s redes de Basilio a co\u00f1ecer as s\u00faas impresi\u00f3ns sobre os distintos fen\u00f3menos da actualidade e n\u00f3s non podiamos deixar de co\u00f1ecelo a el. Vela\u00ed vai o que deu de si a nosa conversa<\/strong><\/p>\n\n\n\n<h2 class=\"wp-block-heading\">\u201c<strong>Que un home que cobre 1.000\u20ac vote \u00e1 dereita raia o esperpento\u201d<\/strong><\/h2>\n\n\n\n<p><strong>Ti es camioneiro Basilio , un camioneiro moi politizado e comprometido coa esquerda, cal \u00e9 a t\u00faa posici\u00f3n ao respecto da folga do voso sector?<\/strong><\/p>\n\n\n\n<blockquote class=\"wp-block-quote is-layout-flow wp-block-quote-is-layout-flow\"><p>Estou en contra pois esta folga \u00e9 unha folga patronal. E nin sequera de aut\u00f3nomos ou pequenos empresarios sen\u00f3n da patronal grande.<\/p><\/blockquote>\n\n\n\n<p><strong>Ent\u00f3n esta folga non representa a quen de verdade traballa no sector?<\/strong><\/p>\n\n\n\n<blockquote class=\"wp-block-quote is-layout-flow wp-block-quote-is-layout-flow\"><p>Esta folga non representa de ning\u00fan modo aos traballadores. Esta folga \u00e9 de transportistas, que son os que te\u00f1en unha licencia ministerial para facer transportes, pero iso non quere dicir que te\u00f1an cami\u00f3ns e moito menos que percorran as estradas de punta a punta para ga\u00f1ar o pan. En gran medida eles son o problema do sector<\/p><\/blockquote>\n\n\n\n<p><strong>Por que?<\/strong><\/p>\n\n\n\n<blockquote class=\"wp-block-quote is-layout-flow wp-block-quote-is-layout-flow\"><p>Compran e venden viaxes. F\u00edxate a mi\u00f1a parella traballou nunha axencia de transportes e o seu traballo era estar nunha computadora diante dunha pantalla comprando e vendendo viaxes. Que sexas transportista non implica necesariamente que sexas camioneiro. Eles, os transportistas, mercan unha viaxe nunha bolsa de internet e logo v\u00f3lveno a vender<\/p><\/blockquote>\n\n\n\n<p><strong>Quitando un beneficio do traballo de outros entendo?<\/strong><\/p>\n\n\n\n<blockquote class=\"wp-block-quote is-layout-flow wp-block-quote-is-layout-flow\"><p>Si, claro. E as\u00ed non hai forma, pois o cliente paga m\u00e1is, o que fai o traballo cobra menos, e o que est\u00e1 no medio f\u00f3rrase pola cara. O sistema \u00e9 o problema, e os convocantes da folga def\u00e9ndeno porque eles benef\u00edcianse desta flagrante inxustiza. Por outra parte a lexislaci\u00f3n non cambiou desde os tempos de Aznar, polo tanto por que agora \u00e9 necesario ir a unha folga?<\/p><\/blockquote>\n\n\n\n<p><strong>Recentemente escoitei nun medio a un representante dunha asociaci\u00f3n de transportistas dicindo que eles se sumaban \u00e1 folga porque os choferes eran obrigados a facer as cargas e descargas?<\/strong><\/p>\n\n\n\n<blockquote class=\"wp-block-quote is-layout-flow wp-block-quote-is-layout-flow\"><p>Imos ver, a lei \u00e9 moi clara neste asunto: a carga e a descarga de mercador\u00eda tena que realizar o emisor, o cargador ou o receptor da mesma non o chofer. Se un o fai \u00e9 porque quere, pero obrigado non est\u00e1. O que acontece \u00e9 que no noso sector, como na sociedade en xeral creo eu, estamos sempre co mesmo:\u201d \u00e9 que se non o fago eu vaino facer outro\u201d. E con esa actitude non hai maneira de progresar na construci\u00f3n dunhas relaci\u00f3ns laborais ou comerciais xustas. Igual que se po\u00f1en de acordo para facer unha folga que se po\u00f1an tam\u00e9n para non aceptar ese tipo de condici\u00f3ns nas viaxes<\/p><\/blockquote>\n\n\n\n<p><strong>E se \u00e9 o chofer o que fai carga tam\u00e9n perder\u00e1 moito tempo supo\u00f1o?<\/strong><\/p>\n\n\n\n<blockquote class=\"wp-block-quote is-layout-flow wp-block-quote-is-layout-flow\"><p>Si desde logo, pero a lei tam\u00e9n contempla este suposto e di claramente que a partir de d\u00faas horas p\u00f3dese cobrar paralizaci\u00f3ns. E preg\u00fantome eu: por que non se cobran?, \u00e9 que o goberno obr\u00edgache a non cobralas?.<\/p><\/blockquote>\n\n\n\n<p><strong>Despois das preguntas, t\u00f3cache as respostas<\/strong><\/p>\n\n\n\n<blockquote class=\"wp-block-quote is-layout-flow wp-block-quote-is-layout-flow\"><p>Non se cobran por insolidariedade manifesta no sector e o responsable non \u00e9 o goberno claro, sen\u00f3n o propio transportista que se as cobra ten medo a que ve\u00f1a outro por detr\u00e1s e non as cobre, como che dixen antes se todos se uniran para non aceptar viaxes con condici\u00f3ns inaceptables o sector estar\u00eda infinitamente mellor<\/p><\/blockquote>\n\n\n\n<p><strong>Ent\u00e9ndoche e comparto o que dis, pero supo\u00f1o que \u00e1s veces para un xefe iso de non aceptar a un cliente debe de ser moi dif\u00edcil non?<\/strong><\/p>\n\n\n\n<blockquote class=\"wp-block-quote is-layout-flow wp-block-quote-is-layout-flow\"><p>Se o xefe \u00e9 un xefe adecuado non ten porqu\u00e9 selo. Unha an\u00e9cdota que che conto ao respecto disto<\/p><\/blockquote>\n\n\n\n<p><strong>Si, por favor?<\/strong><\/p>\n\n\n\n<blockquote class=\"wp-block-quote is-layout-flow wp-block-quote-is-layout-flow\"><p>Hai anos traballaba nunha empresa e estaba na dun cliente cargando un cami\u00f3n de 40 toneladas. O operador de carretilla do cliente estaba fac\u00e9ndoo mal e eu indiqueille a forma correcta de distribu\u00edr a carga para que fose equilibrada, o contrario \u00e9 moi perigoso, e o cliente achegouse a min berroume e faloume dunha maneira absolutamente despectiva. Chamei ao que daquela era o meu xefe e el d\u00edxome que mandara \u00e1 merda ao cliente que pechara o cami\u00f3n e que me fora para casa<\/p><\/blockquote>\n\n\n\n<p><strong>Cobrades horas extras?<\/strong><\/p>\n\n\n\n<blockquote class=\"wp-block-quote is-layout-flow wp-block-quote-is-layout-flow\"><p>Case ningu\u00e9n. Ag\u00e1s algunha empresa con convenio propio que si o contempla as horas extras non se cobran. Logo temos outro problema que se d\u00e1 sobre todo especialmente no transporte internacional xa que no canto de pagar dietas por noite como especifica o convenio fano por quil\u00f3metros o que d\u00e1 lugar a trampas varias<\/p><\/blockquote>\n\n\n\n<p><strong>Pero o tac\u00f3grafo marca todo non?<\/strong><\/p>\n\n\n\n<blockquote class=\"wp-block-quote is-layout-flow wp-block-quote-is-layout-flow\"><p>O tac\u00f3grafo p\u00f3dese manipular con algo tan sinxelo como un im\u00e1n.<\/p><\/blockquote>\n\n\n\n<p><strong>E nos novos tam\u00e9n?<\/strong><\/p>\n\n\n\n<blockquote class=\"wp-block-quote is-layout-flow wp-block-quote-is-layout-flow\"><p>Non, neses non, pero nese p\u00f3dese facer cun software. A\u00ednda hai pouco no levante a garda civil fixo, afortunadamente, unha importante limpeza dese tipo de piratas. E hai outro problema a maiores<\/p><\/blockquote>\n\n\n\n<p><strong>Cal?<\/strong><\/p>\n\n\n\n<blockquote class=\"wp-block-quote is-layout-flow wp-block-quote-is-layout-flow\"><p>Pois que neste tipo de viaxes internacionais poden enviarche s\u00f3 coa de ida, e pode darse o caso que te\u00f1as que gardar 3 ou 4 d\u00edas en calquera pa\u00eds co cami\u00f3n baleiro ata conseguir carga para poder volver<strong>.<\/strong><\/p><\/blockquote>\n\n\n\n<p><strong>Canto tempo levas enriba do cami\u00f3n?<\/strong><\/p>\n\n\n\n<blockquote class=\"wp-block-quote is-layout-flow wp-block-quote-is-layout-flow\"><p>Levo 24 anos.<\/p><\/blockquote>\n\n\n\n<p><strong>Fixeches rutas f\u00f3ra do estado?<\/strong><\/p>\n\n\n\n<blockquote class=\"wp-block-quote is-layout-flow wp-block-quote-is-layout-flow\"><p>Si, te\u00f1o feito algunhas a Francia e a Gales<\/p><\/blockquote>\n\n\n\n<p><strong>Ben, falemos agora da t\u00faa faceta medi\u00e1tica. Como se che deu por facer os primeiros v\u00eddeos?<\/strong><\/p>\n\n\n\n<blockquote class=\"wp-block-quote is-layout-flow wp-block-quote-is-layout-flow\"><p>Eu ti\u00f1a a mi\u00f1a p\u00e1xina de facebook e met\u00eda algunha cousa de cando en vez pero esa rede bloqu\u00e9ame con moita frecuencia ata que un d\u00eda farteime e decid\u00edn abrir o meu canle de youtoube e logo uns amigos anim\u00e1ronme a meterme no twitter<\/p><\/blockquote>\n\n\n\n<p><strong>O teu twitter \u00e9 unha pasada, ten 60.000 seguidores\u00a1\u00a1<\/strong><\/p>\n\n\n\n<blockquote class=\"wp-block-quote is-layout-flow wp-block-quote-is-layout-flow\"><p>Si, a verdade \u00e9 que estou moi agradecido e honrado pola confianza<\/p><\/blockquote>\n\n\n\n<p><strong>Por que o fas?<\/strong><\/p>\n\n\n\n<blockquote class=\"wp-block-quote is-layout-flow wp-block-quote-is-layout-flow\"><p>\u00c9 unha forma de desafogo contra a constante choiva de casos de corrupci\u00f3n, inxustizas e de abusos que hai en Espa\u00f1a. \u00c9 a mi\u00f1a humilde forma de contribu\u00edr a que a xente abra os ollos. Non te\u00f1o interese en ga\u00f1ar cartos con iso, \u00e9 que non quero, quero que as mensaxes cheguen, e cantos m\u00e1is emisores sexamos moito mellor.<\/p><\/blockquote>\n\n\n\n<p><strong>Agardabas ter a repercusi\u00f3n que tes?<\/strong><\/p>\n\n\n\n<blockquote class=\"wp-block-quote is-layout-flow wp-block-quote-is-layout-flow\"><p>Non, nin de lonxe. Cando fixen o primeiro v\u00eddeo de you toube alucinei<\/p><\/blockquote>\n\n\n\n<p><strong>E cando comezaches a sa\u00edr nas plataformas dixitais m\u00e1is progresistas que pensaches?<\/strong><\/p>\n\n\n\n<blockquote class=\"wp-block-quote is-layout-flow wp-block-quote-is-layout-flow\"><p>Pois a mi\u00f1a sorpresa elevouse ao nivel superlativo. Cando se puxeron en contacto comigo os de \u201cSpanish revolution\u201d fiquei abraiado<\/p><\/blockquote>\n\n\n\n<p><strong>\u00c9 que iso xa son palabras maiores, est\u00e1s creando conciencia Basilio\u00a1\u00a1<\/strong><\/p>\n\n\n\n<blockquote class=\"wp-block-quote is-layout-flow wp-block-quote-is-layout-flow\"><p>Buff, non o sei .A min o que me importa non \u00e9 que a xente pense coma min, sen\u00f3n contribu\u00edr a que te\u00f1an os datos suficientes para poder constru\u00edr un criterio propio en liberdade, e en consecuencia non ser v\u00edtimas da manipulaci\u00f3n informativa das oligarqu\u00edas econ\u00f3micas, porque non pode ser que un home que cobre 1.000\u20ac vote \u00e1 dereita s\u00f3 ten sentido desde a m\u00e1is absoluta falta de informaci\u00f3n e raia o esperpento.<\/p><\/blockquote>\n\n\n\n<p><strong>Nunha das t\u00faas publicaci\u00f3ns manifestaches quen nunca che \u00edas afiliar a ning\u00fan partido, por que?<\/strong><\/p>\n\n\n\n<blockquote class=\"wp-block-quote is-layout-flow wp-block-quote-is-layout-flow\"><p>Pola mi\u00f1a forma de ser sei que eu non ser\u00eda capaz de asumir unha posici\u00f3n coa que non concorde. E en todos os partidos por moito que se parezan \u00e1 mi\u00f1a forma de entender a realidade vai haber cousas coas que non coincida. Por outra parte eu non son pol\u00edtico, son camioneiro.<\/p><\/blockquote>\n\n\n\n<p><strong>Antes falabas dos votos, ti cres que a soluci\u00f3n para a clase obreira \u00e9 votar?<\/strong><\/p>\n\n\n\n<blockquote class=\"wp-block-quote is-layout-flow wp-block-quote-is-layout-flow\"><p>Si, votar, dar o poder a quen defenda de verdade os seus intereses e logo estar nas r\u00faas para que o que se di que se vai facer se faga<\/p><\/blockquote>\n\n\n\n<p><strong>Que che pasou na sexta?<\/strong><\/p>\n\n\n\n<blockquote class=\"wp-block-quote is-layout-flow wp-block-quote-is-layout-flow\"><p>Ben, que me fixeron d\u00faas entrevistas. Da primeira, moi longa, meteron 12 segundos escasos e a segunda eu creo que nin se emitiu, polo menos eu non a vin e non me avisou ningu\u00e9n da s\u00faa emisi\u00f3n.<\/p><\/blockquote>\n","protected":false},"excerpt":{"rendered":"<div class=\"mh-excerpt\"><p>pendurados nas redes sociais nos que comenta a actualidade pol\u00edtica desde unha \u00f3ptica de esquerdas. Milleiros de seguidores ach\u00e9ganse \u00e1s redes de Basilio a co\u00f1ecer as s\u00faas impresi\u00f3ns sobre os distintos fen\u00f3menos da actualidade e n\u00f3s non podiamos deixar de co\u00f1ecelo a el. Vela\u00ed vai o que deu de si a nosa conversa <a class=\"mh-excerpt-more\" href=\"https:\/\/www.anovapeneira.gal\/index.php\/2021\/12\/20\/o-camioneiro-basilio-aragon\/\" title=\"O camioneiro Basilio Arag\u00f3n\">[&#8230;]<\/a><\/p>\n<\/div>","protected":false},"author":6,"featured_media":6622,"comment_status":"open","ping_status":"open","sticky":false,"template":"","format":"standard","meta":{"_exactmetrics_skip_tracking":false,"_exactmetrics_sitenote_active":false,"_exactmetrics_sitenote_note":"","_exactmetrics_sitenote_category":0,"footnotes":""},"categories":[272],"tags":[227],"class_list":{"0":"post-6619","1":"post","2":"type-post","3":"status-publish","4":"format-standard","5":"has-post-thumbnail","7":"category-vigo-entrevistas","8":"tag-concello-de-vigo"},"yoast_head":"<!-- This site is optimized with the Yoast SEO plugin v27.4 - https:\/\/yoast.com\/product\/yoast-seo-wordpress\/ -->\n<title>O camioneiro Basilio Arag\u00f3n -<\/title>\n<meta name=\"description\" content=\"pendurados nas redes sociais nos que comenta a actualidade pol\u00edtica desde unha \u00f3ptica de esquerdas. Milleiros de seguidores ach\u00e9ganse \u00e1s redes de Basilio a co\u00f1ecer as s\u00faas impresi\u00f3ns sobre os distintos fen\u00f3menos da actualidade e n\u00f3s non podiamos deixar de co\u00f1ecelo a el. Vela\u00ed vai o que deu de si a nosa conversa\" \/>\n<meta name=\"robots\" content=\"index, follow, max-snippet:-1, max-image-preview:large, max-video-preview:-1\" \/>\n<link rel=\"canonical\" href=\"https:\/\/www.anovapeneira.gal\/index.php\/2021\/12\/20\/o-camioneiro-basilio-aragon\/\" \/>\n<meta property=\"og:locale\" content=\"gl_ES\" \/>\n<meta property=\"og:type\" content=\"article\" \/>\n<meta property=\"og:title\" content=\"O camioneiro Basilio Arag\u00f3n -\" \/>\n<meta property=\"og:description\" content=\"pendurados nas redes sociais nos que comenta a actualidade pol\u00edtica desde unha \u00f3ptica de esquerdas. Milleiros de seguidores ach\u00e9ganse \u00e1s redes de Basilio a co\u00f1ecer as s\u00faas impresi\u00f3ns sobre os distintos fen\u00f3menos da actualidade e n\u00f3s non podiamos deixar de co\u00f1ecelo a el. Vela\u00ed vai o que deu de si a nosa conversa\" \/>\n<meta property=\"og:url\" content=\"https:\/\/www.anovapeneira.gal\/index.php\/2021\/12\/20\/o-camioneiro-basilio-aragon\/\" \/>\n<meta property=\"article:publisher\" content=\"https:\/\/www.facebook.com\/anovapeneira\" \/>\n<meta property=\"article:published_time\" content=\"2021-12-20T09:00:16+00:00\" \/>\n<meta property=\"og:image\" content=\"https:\/\/www.anovapeneira.gal\/wp-content\/uploads\/2021\/12\/basilio_aragon.jpg\" \/>\n\t<meta property=\"og:image:width\" content=\"720\" \/>\n\t<meta property=\"og:image:height\" content=\"432\" \/>\n\t<meta property=\"og:image:type\" content=\"image\/jpeg\" \/>\n<meta name=\"author\" content=\"Marcos Santos\" \/>\n<meta name=\"twitter:card\" content=\"summary_large_image\" \/>\n<meta name=\"twitter:creator\" content=\"@APeneira\" \/>\n<meta name=\"twitter:site\" content=\"@APeneira\" \/>\n<meta name=\"twitter:label1\" content=\"Escrito por\" \/>\n\t<meta name=\"twitter:data1\" content=\"Marcos Santos\" \/>\n\t<meta name=\"twitter:label2\" content=\"Tempo de lectura\" \/>\n\t<meta name=\"twitter:data2\" content=\"6 minutos\" \/>\n<script type=\"application\/ld+json\" class=\"yoast-schema-graph\">{\"@context\":\"https:\\\/\\\/schema.org\",\"@graph\":[{\"@type\":\"Article\",\"@id\":\"https:\\\/\\\/www.anovapeneira.gal\\\/index.php\\\/2021\\\/12\\\/20\\\/o-camioneiro-basilio-aragon\\\/#article\",\"isPartOf\":{\"@id\":\"https:\\\/\\\/www.anovapeneira.gal\\\/index.php\\\/2021\\\/12\\\/20\\\/o-camioneiro-basilio-aragon\\\/\"},\"author\":{\"name\":\"Marcos Santos\",\"@id\":\"https:\\\/\\\/www.anovapeneira.gal\\\/#\\\/schema\\\/person\\\/d9d84823564720e7593293bab054e52d\"},\"headline\":\"O camioneiro Basilio Arag\u00f3n\",\"datePublished\":\"2021-12-20T09:00:16+00:00\",\"mainEntityOfPage\":{\"@id\":\"https:\\\/\\\/www.anovapeneira.gal\\\/index.php\\\/2021\\\/12\\\/20\\\/o-camioneiro-basilio-aragon\\\/\"},\"wordCount\":1412,\"commentCount\":0,\"publisher\":{\"@id\":\"https:\\\/\\\/www.anovapeneira.gal\\\/#organization\"},\"image\":{\"@id\":\"https:\\\/\\\/www.anovapeneira.gal\\\/index.php\\\/2021\\\/12\\\/20\\\/o-camioneiro-basilio-aragon\\\/#primaryimage\"},\"thumbnailUrl\":\"https:\\\/\\\/www.anovapeneira.gal\\\/wp-content\\\/uploads\\\/2021\\\/12\\\/basilio_aragon.jpg\",\"keywords\":[\"Concello de Vigo\"],\"articleSection\":[\"Vigo\"],\"inLanguage\":\"gl-ES\",\"potentialAction\":[{\"@type\":\"CommentAction\",\"name\":\"Comment\",\"target\":[\"https:\\\/\\\/www.anovapeneira.gal\\\/index.php\\\/2021\\\/12\\\/20\\\/o-camioneiro-basilio-aragon\\\/#respond\"]}]},{\"@type\":\"WebPage\",\"@id\":\"https:\\\/\\\/www.anovapeneira.gal\\\/index.php\\\/2021\\\/12\\\/20\\\/o-camioneiro-basilio-aragon\\\/\",\"url\":\"https:\\\/\\\/www.anovapeneira.gal\\\/index.php\\\/2021\\\/12\\\/20\\\/o-camioneiro-basilio-aragon\\\/\",\"name\":\"O camioneiro Basilio Arag\u00f3n -\",\"isPartOf\":{\"@id\":\"https:\\\/\\\/www.anovapeneira.gal\\\/#website\"},\"primaryImageOfPage\":{\"@id\":\"https:\\\/\\\/www.anovapeneira.gal\\\/index.php\\\/2021\\\/12\\\/20\\\/o-camioneiro-basilio-aragon\\\/#primaryimage\"},\"image\":{\"@id\":\"https:\\\/\\\/www.anovapeneira.gal\\\/index.php\\\/2021\\\/12\\\/20\\\/o-camioneiro-basilio-aragon\\\/#primaryimage\"},\"thumbnailUrl\":\"https:\\\/\\\/www.anovapeneira.gal\\\/wp-content\\\/uploads\\\/2021\\\/12\\\/basilio_aragon.jpg\",\"datePublished\":\"2021-12-20T09:00:16+00:00\",\"description\":\"pendurados nas redes sociais nos que comenta a actualidade pol\u00edtica desde unha \u00f3ptica de esquerdas. Milleiros de seguidores ach\u00e9ganse \u00e1s redes de Basilio a co\u00f1ecer as s\u00faas impresi\u00f3ns sobre os distintos fen\u00f3menos da actualidade e n\u00f3s non podiamos deixar de co\u00f1ecelo a el. Vela\u00ed vai o que deu de si a nosa conversa\",\"breadcrumb\":{\"@id\":\"https:\\\/\\\/www.anovapeneira.gal\\\/index.php\\\/2021\\\/12\\\/20\\\/o-camioneiro-basilio-aragon\\\/#breadcrumb\"},\"inLanguage\":\"gl-ES\",\"potentialAction\":[{\"@type\":\"ReadAction\",\"target\":[\"https:\\\/\\\/www.anovapeneira.gal\\\/index.php\\\/2021\\\/12\\\/20\\\/o-camioneiro-basilio-aragon\\\/\"]}]},{\"@type\":\"ImageObject\",\"inLanguage\":\"gl-ES\",\"@id\":\"https:\\\/\\\/www.anovapeneira.gal\\\/index.php\\\/2021\\\/12\\\/20\\\/o-camioneiro-basilio-aragon\\\/#primaryimage\",\"url\":\"https:\\\/\\\/www.anovapeneira.gal\\\/wp-content\\\/uploads\\\/2021\\\/12\\\/basilio_aragon.jpg\",\"contentUrl\":\"https:\\\/\\\/www.anovapeneira.gal\\\/wp-content\\\/uploads\\\/2021\\\/12\\\/basilio_aragon.jpg\",\"width\":720,\"height\":432,\"caption\":\"Basilio Arag\u00f3n\"},{\"@type\":\"BreadcrumbList\",\"@id\":\"https:\\\/\\\/www.anovapeneira.gal\\\/index.php\\\/2021\\\/12\\\/20\\\/o-camioneiro-basilio-aragon\\\/#breadcrumb\",\"itemListElement\":[{\"@type\":\"ListItem\",\"position\":1,\"name\":\"Portada\",\"item\":\"https:\\\/\\\/www.anovapeneira.gal\\\/\"},{\"@type\":\"ListItem\",\"position\":2,\"name\":\"O camioneiro Basilio Arag\u00f3n\"}]},{\"@type\":\"WebSite\",\"@id\":\"https:\\\/\\\/www.anovapeneira.gal\\\/#website\",\"url\":\"https:\\\/\\\/www.anovapeneira.gal\\\/\",\"name\":\"\",\"description\":\"Xornal galego de informaci\u00f3n xeral Publicaci\u00f3n mensual de novas de Galicia e en especial dos Concellos da sur da provincia de Pontevedra.\",\"publisher\":{\"@id\":\"https:\\\/\\\/www.anovapeneira.gal\\\/#organization\"},\"potentialAction\":[{\"@type\":\"SearchAction\",\"target\":{\"@type\":\"EntryPoint\",\"urlTemplate\":\"https:\\\/\\\/www.anovapeneira.gal\\\/?s={search_term_string}\"},\"query-input\":{\"@type\":\"PropertyValueSpecification\",\"valueRequired\":true,\"valueName\":\"search_term_string\"}}],\"inLanguage\":\"gl-ES\"},{\"@type\":\"Organization\",\"@id\":\"https:\\\/\\\/www.anovapeneira.gal\\\/#organization\",\"name\":\"A Nova Peneira\",\"url\":\"https:\\\/\\\/www.anovapeneira.gal\\\/\",\"logo\":{\"@type\":\"ImageObject\",\"inLanguage\":\"gl-ES\",\"@id\":\"https:\\\/\\\/www.anovapeneira.gal\\\/#\\\/schema\\\/logo\\\/image\\\/\",\"url\":\"http:\\\/\\\/www.anovapeneira.gal\\\/wp-content\\\/uploads\\\/2019\\\/06\\\/logo_a_nova_peneira_portal_web.png\",\"contentUrl\":\"http:\\\/\\\/www.anovapeneira.gal\\\/wp-content\\\/uploads\\\/2019\\\/06\\\/logo_a_nova_peneira_portal_web.png\",\"width\":300,\"height\":100,\"caption\":\"A Nova Peneira\"},\"image\":{\"@id\":\"https:\\\/\\\/www.anovapeneira.gal\\\/#\\\/schema\\\/logo\\\/image\\\/\"},\"sameAs\":[\"https:\\\/\\\/www.facebook.com\\\/anovapeneira\",\"https:\\\/\\\/x.com\\\/APeneira\"]},{\"@type\":\"Person\",\"@id\":\"https:\\\/\\\/www.anovapeneira.gal\\\/#\\\/schema\\\/person\\\/d9d84823564720e7593293bab054e52d\",\"name\":\"Marcos Santos\",\"image\":{\"@type\":\"ImageObject\",\"inLanguage\":\"gl-ES\",\"@id\":\"https:\\\/\\\/secure.gravatar.com\\\/avatar\\\/0e8017099a7a47c0a9d2275e865fe326484561eb3d70649069e4b8e61a8d2e8c?s=96&d=mm&r=g\",\"url\":\"https:\\\/\\\/secure.gravatar.com\\\/avatar\\\/0e8017099a7a47c0a9d2275e865fe326484561eb3d70649069e4b8e61a8d2e8c?s=96&d=mm&r=g\",\"contentUrl\":\"https:\\\/\\\/secure.gravatar.com\\\/avatar\\\/0e8017099a7a47c0a9d2275e865fe326484561eb3d70649069e4b8e61a8d2e8c?s=96&d=mm&r=g\",\"caption\":\"Marcos Santos\"},\"sameAs\":[\"http:\\\/\\\/anovapeneira.gal\"],\"url\":\"https:\\\/\\\/www.anovapeneira.gal\\\/index.php\\\/author\\\/marcos-santos\\\/\"}]}<\/script>\n<!-- \/ Yoast SEO plugin. -->","yoast_head_json":{"title":"O camioneiro Basilio Arag\u00f3n -","description":"pendurados nas redes sociais nos que comenta a actualidade pol\u00edtica desde unha \u00f3ptica de esquerdas. Milleiros de seguidores ach\u00e9ganse \u00e1s redes de Basilio a co\u00f1ecer as s\u00faas impresi\u00f3ns sobre os distintos fen\u00f3menos da actualidade e n\u00f3s non podiamos deixar de co\u00f1ecelo a el. Vela\u00ed vai o que deu de si a nosa conversa","robots":{"index":"index","follow":"follow","max-snippet":"max-snippet:-1","max-image-preview":"max-image-preview:large","max-video-preview":"max-video-preview:-1"},"canonical":"https:\/\/www.anovapeneira.gal\/index.php\/2021\/12\/20\/o-camioneiro-basilio-aragon\/","og_locale":"gl_ES","og_type":"article","og_title":"O camioneiro Basilio Arag\u00f3n -","og_description":"pendurados nas redes sociais nos que comenta a actualidade pol\u00edtica desde unha \u00f3ptica de esquerdas. Milleiros de seguidores ach\u00e9ganse \u00e1s redes de Basilio a co\u00f1ecer as s\u00faas impresi\u00f3ns sobre os distintos fen\u00f3menos da actualidade e n\u00f3s non podiamos deixar de co\u00f1ecelo a el. Vela\u00ed vai o que deu de si a nosa conversa","og_url":"https:\/\/www.anovapeneira.gal\/index.php\/2021\/12\/20\/o-camioneiro-basilio-aragon\/","article_publisher":"https:\/\/www.facebook.com\/anovapeneira","article_published_time":"2021-12-20T09:00:16+00:00","og_image":[{"width":720,"height":432,"url":"https:\/\/www.anovapeneira.gal\/wp-content\/uploads\/2021\/12\/basilio_aragon.jpg","type":"image\/jpeg"}],"author":"Marcos Santos","twitter_card":"summary_large_image","twitter_creator":"@APeneira","twitter_site":"@APeneira","twitter_misc":{"Escrito por":"Marcos Santos","Tempo de lectura":"6 minutos"},"schema":{"@context":"https:\/\/schema.org","@graph":[{"@type":"Article","@id":"https:\/\/www.anovapeneira.gal\/index.php\/2021\/12\/20\/o-camioneiro-basilio-aragon\/#article","isPartOf":{"@id":"https:\/\/www.anovapeneira.gal\/index.php\/2021\/12\/20\/o-camioneiro-basilio-aragon\/"},"author":{"name":"Marcos Santos","@id":"https:\/\/www.anovapeneira.gal\/#\/schema\/person\/d9d84823564720e7593293bab054e52d"},"headline":"O camioneiro Basilio Arag\u00f3n","datePublished":"2021-12-20T09:00:16+00:00","mainEntityOfPage":{"@id":"https:\/\/www.anovapeneira.gal\/index.php\/2021\/12\/20\/o-camioneiro-basilio-aragon\/"},"wordCount":1412,"commentCount":0,"publisher":{"@id":"https:\/\/www.anovapeneira.gal\/#organization"},"image":{"@id":"https:\/\/www.anovapeneira.gal\/index.php\/2021\/12\/20\/o-camioneiro-basilio-aragon\/#primaryimage"},"thumbnailUrl":"https:\/\/www.anovapeneira.gal\/wp-content\/uploads\/2021\/12\/basilio_aragon.jpg","keywords":["Concello de Vigo"],"articleSection":["Vigo"],"inLanguage":"gl-ES","potentialAction":[{"@type":"CommentAction","name":"Comment","target":["https:\/\/www.anovapeneira.gal\/index.php\/2021\/12\/20\/o-camioneiro-basilio-aragon\/#respond"]}]},{"@type":"WebPage","@id":"https:\/\/www.anovapeneira.gal\/index.php\/2021\/12\/20\/o-camioneiro-basilio-aragon\/","url":"https:\/\/www.anovapeneira.gal\/index.php\/2021\/12\/20\/o-camioneiro-basilio-aragon\/","name":"O camioneiro Basilio Arag\u00f3n -","isPartOf":{"@id":"https:\/\/www.anovapeneira.gal\/#website"},"primaryImageOfPage":{"@id":"https:\/\/www.anovapeneira.gal\/index.php\/2021\/12\/20\/o-camioneiro-basilio-aragon\/#primaryimage"},"image":{"@id":"https:\/\/www.anovapeneira.gal\/index.php\/2021\/12\/20\/o-camioneiro-basilio-aragon\/#primaryimage"},"thumbnailUrl":"https:\/\/www.anovapeneira.gal\/wp-content\/uploads\/2021\/12\/basilio_aragon.jpg","datePublished":"2021-12-20T09:00:16+00:00","description":"pendurados nas redes sociais nos que comenta a actualidade pol\u00edtica desde unha \u00f3ptica de esquerdas. Milleiros de seguidores ach\u00e9ganse \u00e1s redes de Basilio a co\u00f1ecer as s\u00faas impresi\u00f3ns sobre os distintos fen\u00f3menos da actualidade e n\u00f3s non podiamos deixar de co\u00f1ecelo a el. Vela\u00ed vai o que deu de si a nosa conversa","breadcrumb":{"@id":"https:\/\/www.anovapeneira.gal\/index.php\/2021\/12\/20\/o-camioneiro-basilio-aragon\/#breadcrumb"},"inLanguage":"gl-ES","potentialAction":[{"@type":"ReadAction","target":["https:\/\/www.anovapeneira.gal\/index.php\/2021\/12\/20\/o-camioneiro-basilio-aragon\/"]}]},{"@type":"ImageObject","inLanguage":"gl-ES","@id":"https:\/\/www.anovapeneira.gal\/index.php\/2021\/12\/20\/o-camioneiro-basilio-aragon\/#primaryimage","url":"https:\/\/www.anovapeneira.gal\/wp-content\/uploads\/2021\/12\/basilio_aragon.jpg","contentUrl":"https:\/\/www.anovapeneira.gal\/wp-content\/uploads\/2021\/12\/basilio_aragon.jpg","width":720,"height":432,"caption":"Basilio Arag\u00f3n"},{"@type":"BreadcrumbList","@id":"https:\/\/www.anovapeneira.gal\/index.php\/2021\/12\/20\/o-camioneiro-basilio-aragon\/#breadcrumb","itemListElement":[{"@type":"ListItem","position":1,"name":"Portada","item":"https:\/\/www.anovapeneira.gal\/"},{"@type":"ListItem","position":2,"name":"O camioneiro Basilio Arag\u00f3n"}]},{"@type":"WebSite","@id":"https:\/\/www.anovapeneira.gal\/#website","url":"https:\/\/www.anovapeneira.gal\/","name":"","description":"Xornal galego de informaci\u00f3n xeral Publicaci\u00f3n mensual de novas de Galicia e en especial dos Concellos da sur da provincia de Pontevedra.","publisher":{"@id":"https:\/\/www.anovapeneira.gal\/#organization"},"potentialAction":[{"@type":"SearchAction","target":{"@type":"EntryPoint","urlTemplate":"https:\/\/www.anovapeneira.gal\/?s={search_term_string}"},"query-input":{"@type":"PropertyValueSpecification","valueRequired":true,"valueName":"search_term_string"}}],"inLanguage":"gl-ES"},{"@type":"Organization","@id":"https:\/\/www.anovapeneira.gal\/#organization","name":"A Nova Peneira","url":"https:\/\/www.anovapeneira.gal\/","logo":{"@type":"ImageObject","inLanguage":"gl-ES","@id":"https:\/\/www.anovapeneira.gal\/#\/schema\/logo\/image\/","url":"http:\/\/www.anovapeneira.gal\/wp-content\/uploads\/2019\/06\/logo_a_nova_peneira_portal_web.png","contentUrl":"http:\/\/www.anovapeneira.gal\/wp-content\/uploads\/2019\/06\/logo_a_nova_peneira_portal_web.png","width":300,"height":100,"caption":"A Nova Peneira"},"image":{"@id":"https:\/\/www.anovapeneira.gal\/#\/schema\/logo\/image\/"},"sameAs":["https:\/\/www.facebook.com\/anovapeneira","https:\/\/x.com\/APeneira"]},{"@type":"Person","@id":"https:\/\/www.anovapeneira.gal\/#\/schema\/person\/d9d84823564720e7593293bab054e52d","name":"Marcos Santos","image":{"@type":"ImageObject","inLanguage":"gl-ES","@id":"https:\/\/secure.gravatar.com\/avatar\/0e8017099a7a47c0a9d2275e865fe326484561eb3d70649069e4b8e61a8d2e8c?s=96&d=mm&r=g","url":"https:\/\/secure.gravatar.com\/avatar\/0e8017099a7a47c0a9d2275e865fe326484561eb3d70649069e4b8e61a8d2e8c?s=96&d=mm&r=g","contentUrl":"https:\/\/secure.gravatar.com\/avatar\/0e8017099a7a47c0a9d2275e865fe326484561eb3d70649069e4b8e61a8d2e8c?s=96&d=mm&r=g","caption":"Marcos Santos"},"sameAs":["http:\/\/anovapeneira.gal"],"url":"https:\/\/www.anovapeneira.gal\/index.php\/author\/marcos-santos\/"}]}},"jetpack_featured_media_url":"https:\/\/www.anovapeneira.gal\/wp-content\/uploads\/2021\/12\/basilio_aragon.jpg","_links":{"self":[{"href":"https:\/\/www.anovapeneira.gal\/index.php\/wp-json\/wp\/v2\/posts\/6619","targetHints":{"allow":["GET"]}}],"collection":[{"href":"https:\/\/www.anovapeneira.gal\/index.php\/wp-json\/wp\/v2\/posts"}],"about":[{"href":"https:\/\/www.anovapeneira.gal\/index.php\/wp-json\/wp\/v2\/types\/post"}],"author":[{"embeddable":true,"href":"https:\/\/www.anovapeneira.gal\/index.php\/wp-json\/wp\/v2\/users\/6"}],"replies":[{"embeddable":true,"href":"https:\/\/www.anovapeneira.gal\/index.php\/wp-json\/wp\/v2\/comments?post=6619"}],"version-history":[{"count":2,"href":"https:\/\/www.anovapeneira.gal\/index.php\/wp-json\/wp\/v2\/posts\/6619\/revisions"}],"predecessor-version":[{"id":6623,"href":"https:\/\/www.anovapeneira.gal\/index.php\/wp-json\/wp\/v2\/posts\/6619\/revisions\/6623"}],"wp:featuredmedia":[{"embeddable":true,"href":"https:\/\/www.anovapeneira.gal\/index.php\/wp-json\/wp\/v2\/media\/6622"}],"wp:attachment":[{"href":"https:\/\/www.anovapeneira.gal\/index.php\/wp-json\/wp\/v2\/media?parent=6619"}],"wp:term":[{"taxonomy":"category","embeddable":true,"href":"https:\/\/www.anovapeneira.gal\/index.php\/wp-json\/wp\/v2\/categories?post=6619"},{"taxonomy":"post_tag","embeddable":true,"href":"https:\/\/www.anovapeneira.gal\/index.php\/wp-json\/wp\/v2\/tags?post=6619"}],"curies":[{"name":"wp","href":"https:\/\/api.w.org\/{rel}","templated":true}]}}